{"id":27224,"date":"2023-01-03T15:55:03","date_gmt":"2023-01-03T14:55:03","guid":{"rendered":"https:\/\/marekkuchcinski.pl\/?p=27224"},"modified":"2023-01-09T18:48:54","modified_gmt":"2023-01-09T17:48:54","slug":"nuncjatura-apostolska-marek-kuchcinski-zegna-papieza-benedykta-xvi","status":"publish","type":"post","link":"https:\/\/marekkuchcinski.pl\/sk\/wydarzenia\/nuncjatura-apostolska-marek-kuchcinski-zegna-papieza-benedykta-xvi\/","title":{"rendered":"Apo\u0161tolsk\u00e1 nunciat\u00fara. Marek Kuchci\u0144ski sa l\u00fa\u010di s p\u00e1pe\u017eom Benediktom XVI"},"content":{"rendered":"<p>S ve\u013ek\u00fdm z\u00e1rmutkom sme prijali spr\u00e1vu o \u00famrt\u00ed p\u00e1pe\u017ea seniora Benedikta XVI. Radi by sme vyjadrili \u00faprimn\u00fa s\u00fastras\u0165. L\u00fa\u010dime sa s ve\u013ek\u00fdm \u010dlovekom, vynikaj\u00facim teol\u00f3gom, ktor\u00e9ho my\u0161lienka in\u0161pirovala a st\u00e1le in\u0161piruje \u013eud\u00ed na celom svete.<\/p>\n\n\n\n<p>Z\u00e1rove\u0148 si pripom\u00edname, \u017ee kardin\u00e1l Joseph Ratzinger bol jedn\u00fdm z najbli\u017e\u0161\u00edch spolupracovn\u00edkov sv. J\u00e1n Pavol II. a ve\u013ek\u00fd priate\u013e Po\u013eska aj v \u0165a\u017ek\u00fdch \u010dasoch pre na\u0161u krajinu. S hlbokou v\u010fa\u010dnos\u0165ou na to spom\u00edname ako mn\u00edchovsk\u00fd arcibiskup<br>a Freisingu, po zaveden\u00ed stann\u00e9ho pr\u00e1va v Po\u013esku komunistick\u00fdm re\u017eimom, 21. decembra 1981 kr\u00e1\u010dal ulicami Mn\u00edchova na \u010dele mnohotis\u00edcov\u00e9ho sprievodu solid\u00e1rnej s Po\u013eskom.<\/p>\n\n\n\n<p>Na\u0161u krajinu nav\u0161t\u00edvil mnohokr\u00e1t ako kardin\u00e1l a v roku 2006 pri\u0161iel ako p\u00e1pe\u017e Benedikt XVI. a Poliaci ho prijali s nad\u0161en\u00edm. Nezabudneme, \u017ee v\u010faka jeho rozhodnutiu \u0161es\u0165 rokov po jeho smrti, 1. m\u00e1ja 2011, do\u0161lo k blahore\u010deniu p\u00e1pe\u017ea J\u00e1na Pavla II.<\/p>\n\n\n\n<p>P\u00e1pe\u017e Benedikt XVI. zostane v na\u0161ej pam\u00e4ti ako \u010dlovek hlbokej viery, oddan\u00fd syn Cirkvi, ve\u013ek\u00fd pre svoju skromnos\u0165 a pokoru.<\/p>\n\n\n\n<p>Na\u0161e my\u0161lienky a modlitby s\u00fa so spolo\u010denstvom univerz\u00e1lnej cirkvi.<\/p>\n\n\n\n<p>Prijmite, pros\u00edm, na\u0161u \u00faprimn\u00fa s\u00fastras\u0165.<\/p>\n\n\n\n<p><\/p>\n\n\n\n<p>foto: Marta Olejnik\/KPRM<\/p>\n\n\n\n<figure class=\"wp-block-image size-large\"><a href=\"https:\/\/marekkuchcinski.pl\/wp-content\/uploads\/2023\/01\/IMG_9938.jpg\"><img fetchpriority=\"high\" decoding=\"async\" width=\"1024\" height=\"683\" src=\"https:\/\/marekkuchcinski.pl\/wp-content\/uploads\/2023\/01\/IMG_9938-1024x683.jpg\" alt=\"\" class=\"wp-image-27225\" srcset=\"https:\/\/marekkuchcinski.pl\/wp-content\/uploads\/2023\/01\/IMG_9938-1024x683.jpg 1024w, https:\/\/marekkuchcinski.pl\/wp-content\/uploads\/2023\/01\/IMG_9938-300x200.jpg 300w, https:\/\/marekkuchcinski.pl\/wp-content\/uploads\/2023\/01\/IMG_9938-768x512.jpg 768w, https:\/\/marekkuchcinski.pl\/wp-content\/uploads\/2023\/01\/IMG_9938-1536x1024.jpg 1536w, https:\/\/marekkuchcinski.pl\/wp-content\/uploads\/2023\/01\/IMG_9938-18x12.jpg 18w, https:\/\/marekkuchcinski.pl\/wp-content\/uploads\/2023\/01\/IMG_9938.jpg 1600w\" sizes=\"(max-width: 1024px) 100vw, 1024px\" \/><\/a><\/figure>\n\n\n\n<figure class=\"wp-block-image size-large\"><a href=\"https:\/\/marekkuchcinski.pl\/wp-content\/uploads\/2023\/01\/IMG_9950.jpg\"><img decoding=\"async\" width=\"1024\" height=\"683\" src=\"https:\/\/marekkuchcinski.pl\/wp-content\/uploads\/2023\/01\/IMG_9950-1024x683.jpg\" alt=\"\" class=\"wp-image-27232\" srcset=\"https:\/\/marekkuchcinski.pl\/wp-content\/uploads\/2023\/01\/IMG_9950-1024x683.jpg 1024w, https:\/\/marekkuchcinski.pl\/wp-content\/uploads\/2023\/01\/IMG_9950-300x200.jpg 300w, https:\/\/marekkuchcinski.pl\/wp-content\/uploads\/2023\/01\/IMG_9950-768x512.jpg 768w, https:\/\/marekkuchcinski.pl\/wp-content\/uploads\/2023\/01\/IMG_9950-1536x1024.jpg 1536w, https:\/\/marekkuchcinski.pl\/wp-content\/uploads\/2023\/01\/IMG_9950-18x12.jpg 18w, https:\/\/marekkuchcinski.pl\/wp-content\/uploads\/2023\/01\/IMG_9950.jpg 1600w\" sizes=\"(max-width: 1024px) 100vw, 1024px\" \/><\/a><\/figure>\n\n\n\n<figure class=\"wp-block-image size-large\"><a href=\"https:\/\/marekkuchcinski.pl\/wp-content\/uploads\/2023\/01\/IMG_0047.jpg\"><img decoding=\"async\" width=\"1024\" height=\"657\" src=\"https:\/\/marekkuchcinski.pl\/wp-content\/uploads\/2023\/01\/IMG_0047-1024x657.jpg\" alt=\"\" class=\"wp-image-27226\" srcset=\"https:\/\/marekkuchcinski.pl\/wp-content\/uploads\/2023\/01\/IMG_0047-1024x657.jpg 1024w, https:\/\/marekkuchcinski.pl\/wp-content\/uploads\/2023\/01\/IMG_0047-300x193.jpg 300w, https:\/\/marekkuchcinski.pl\/wp-content\/uploads\/2023\/01\/IMG_0047-768x493.jpg 768w, https:\/\/marekkuchcinski.pl\/wp-content\/uploads\/2023\/01\/IMG_0047-1536x986.jpg 1536w, https:\/\/marekkuchcinski.pl\/wp-content\/uploads\/2023\/01\/IMG_0047-18x12.jpg 18w, https:\/\/marekkuchcinski.pl\/wp-content\/uploads\/2023\/01\/IMG_0047.jpg 1600w\" sizes=\"(max-width: 1024px) 100vw, 1024px\" \/><\/a><\/figure>\n\n\n\n<figure class=\"wp-block-image size-large\"><a href=\"https:\/\/marekkuchcinski.pl\/wp-content\/uploads\/2023\/01\/IMG_0106.jpg\"><img loading=\"lazy\" decoding=\"async\" width=\"1024\" height=\"683\" src=\"https:\/\/marekkuchcinski.pl\/wp-content\/uploads\/2023\/01\/IMG_0106-1024x683.jpg\" alt=\"\" class=\"wp-image-27227\" srcset=\"https:\/\/marekkuchcinski.pl\/wp-content\/uploads\/2023\/01\/IMG_0106-1024x683.jpg 1024w, https:\/\/marekkuchcinski.pl\/wp-content\/uploads\/2023\/01\/IMG_0106-300x200.jpg 300w, https:\/\/marekkuchcinski.pl\/wp-content\/uploads\/2023\/01\/IMG_0106-768x512.jpg 768w, https:\/\/marekkuchcinski.pl\/wp-content\/uploads\/2023\/01\/IMG_0106-1536x1024.jpg 1536w, https:\/\/marekkuchcinski.pl\/wp-content\/uploads\/2023\/01\/IMG_0106-18x12.jpg 18w, https:\/\/marekkuchcinski.pl\/wp-content\/uploads\/2023\/01\/IMG_0106.jpg 1600w\" sizes=\"(max-width: 1024px) 100vw, 1024px\" \/><\/a><\/figure>\n\n\n\n<figure class=\"wp-block-image size-large\"><a href=\"https:\/\/marekkuchcinski.pl\/wp-content\/uploads\/2023\/01\/IMG_0122.jpg\"><img loading=\"lazy\" decoding=\"async\" width=\"1024\" height=\"683\" src=\"https:\/\/marekkuchcinski.pl\/wp-content\/uploads\/2023\/01\/IMG_0122-1024x683.jpg\" alt=\"\" class=\"wp-image-27228\" srcset=\"https:\/\/marekkuchcinski.pl\/wp-content\/uploads\/2023\/01\/IMG_0122-1024x683.jpg 1024w, https:\/\/marekkuchcinski.pl\/wp-content\/uploads\/2023\/01\/IMG_0122-300x200.jpg 300w, https:\/\/marekkuchcinski.pl\/wp-content\/uploads\/2023\/01\/IMG_0122-768x512.jpg 768w, https:\/\/marekkuchcinski.pl\/wp-content\/uploads\/2023\/01\/IMG_0122-1536x1024.jpg 1536w, https:\/\/marekkuchcinski.pl\/wp-content\/uploads\/2023\/01\/IMG_0122-18x12.jpg 18w, https:\/\/marekkuchcinski.pl\/wp-content\/uploads\/2023\/01\/IMG_0122.jpg 1600w\" sizes=\"(max-width: 1024px) 100vw, 1024px\" \/><\/a><\/figure>\n\n\n\n<figure class=\"wp-block-image size-large\"><a href=\"https:\/\/marekkuchcinski.pl\/wp-content\/uploads\/2023\/01\/IMG_0015.jpg\"><img loading=\"lazy\" decoding=\"async\" width=\"1024\" height=\"683\" src=\"https:\/\/marekkuchcinski.pl\/wp-content\/uploads\/2023\/01\/IMG_0015-1024x683.jpg\" alt=\"\" class=\"wp-image-27229\" srcset=\"https:\/\/marekkuchcinski.pl\/wp-content\/uploads\/2023\/01\/IMG_0015-1024x683.jpg 1024w, https:\/\/marekkuchcinski.pl\/wp-content\/uploads\/2023\/01\/IMG_0015-300x200.jpg 300w, https:\/\/marekkuchcinski.pl\/wp-content\/uploads\/2023\/01\/IMG_0015-768x512.jpg 768w, https:\/\/marekkuchcinski.pl\/wp-content\/uploads\/2023\/01\/IMG_0015-1536x1024.jpg 1536w, https:\/\/marekkuchcinski.pl\/wp-content\/uploads\/2023\/01\/IMG_0015-18x12.jpg 18w, https:\/\/marekkuchcinski.pl\/wp-content\/uploads\/2023\/01\/IMG_0015.jpg 1600w\" sizes=\"(max-width: 1024px) 100vw, 1024px\" \/><\/a><\/figure>\n\n\n\n<figure class=\"wp-block-image size-large\"><a href=\"https:\/\/marekkuchcinski.pl\/wp-content\/uploads\/2023\/01\/IMG_0087.jpg\"><img loading=\"lazy\" decoding=\"async\" width=\"1024\" height=\"682\" src=\"https:\/\/marekkuchcinski.pl\/wp-content\/uploads\/2023\/01\/IMG_0087-1024x682.jpg\" alt=\"\" class=\"wp-image-27230\" srcset=\"https:\/\/marekkuchcinski.pl\/wp-content\/uploads\/2023\/01\/IMG_0087-1024x682.jpg 1024w, https:\/\/marekkuchcinski.pl\/wp-content\/uploads\/2023\/01\/IMG_0087-300x200.jpg 300w, https:\/\/marekkuchcinski.pl\/wp-content\/uploads\/2023\/01\/IMG_0087-768x512.jpg 768w, https:\/\/marekkuchcinski.pl\/wp-content\/uploads\/2023\/01\/IMG_0087-1536x1023.jpg 1536w, https:\/\/marekkuchcinski.pl\/wp-content\/uploads\/2023\/01\/IMG_0087-18x12.jpg 18w, https:\/\/marekkuchcinski.pl\/wp-content\/uploads\/2023\/01\/IMG_0087.jpg 1600w\" sizes=\"(max-width: 1024px) 100vw, 1024px\" \/><\/a><\/figure>\n\n\n\n<figure class=\"wp-block-image size-large\"><a href=\"https:\/\/marekkuchcinski.pl\/wp-content\/uploads\/2023\/01\/IMG_9998.jpg\"><img loading=\"lazy\" decoding=\"async\" width=\"1024\" height=\"683\" src=\"https:\/\/marekkuchcinski.pl\/wp-content\/uploads\/2023\/01\/IMG_9998-1024x683.jpg\" alt=\"\" class=\"wp-image-27231\" srcset=\"https:\/\/marekkuchcinski.pl\/wp-content\/uploads\/2023\/01\/IMG_9998-1024x683.jpg 1024w, https:\/\/marekkuchcinski.pl\/wp-content\/uploads\/2023\/01\/IMG_9998-300x200.jpg 300w, https:\/\/marekkuchcinski.pl\/wp-content\/uploads\/2023\/01\/IMG_9998-768x512.jpg 768w, https:\/\/marekkuchcinski.pl\/wp-content\/uploads\/2023\/01\/IMG_9998-1536x1024.jpg 1536w, https:\/\/marekkuchcinski.pl\/wp-content\/uploads\/2023\/01\/IMG_9998-18x12.jpg 18w, https:\/\/marekkuchcinski.pl\/wp-content\/uploads\/2023\/01\/IMG_9998.jpg 1600w\" sizes=\"(max-width: 1024px) 100vw, 1024px\" \/><\/a><\/figure>\n\n\n\n<figure class=\"wp-block-image size-large\"><a href=\"https:\/\/marekkuchcinski.pl\/wp-content\/uploads\/2023\/01\/IMG_9994.jpg\"><img loading=\"lazy\" decoding=\"async\" width=\"1024\" height=\"683\" src=\"https:\/\/marekkuchcinski.pl\/wp-content\/uploads\/2023\/01\/IMG_9994-1024x683.jpg\" alt=\"\" class=\"wp-image-27233\" srcset=\"https:\/\/marekkuchcinski.pl\/wp-content\/uploads\/2023\/01\/IMG_9994-1024x683.jpg 1024w, https:\/\/marekkuchcinski.pl\/wp-content\/uploads\/2023\/01\/IMG_9994-300x200.jpg 300w, https:\/\/marekkuchcinski.pl\/wp-content\/uploads\/2023\/01\/IMG_9994-768x512.jpg 768w, https:\/\/marekkuchcinski.pl\/wp-content\/uploads\/2023\/01\/IMG_9994-1536x1024.jpg 1536w, https:\/\/marekkuchcinski.pl\/wp-content\/uploads\/2023\/01\/IMG_9994-18x12.jpg 18w, https:\/\/marekkuchcinski.pl\/wp-content\/uploads\/2023\/01\/IMG_9994.jpg 1600w\" sizes=\"(max-width: 1024px) 100vw, 1024px\" \/><\/a><\/figure>\n\n\n\n<figure class=\"wp-block-image size-large\"><a href=\"https:\/\/marekkuchcinski.pl\/wp-content\/uploads\/2023\/01\/IMG_9968.jpg\"><img loading=\"lazy\" decoding=\"async\" width=\"1024\" height=\"655\" src=\"https:\/\/marekkuchcinski.pl\/wp-content\/uploads\/2023\/01\/IMG_9968-1024x655.jpg\" alt=\"\" class=\"wp-image-27234\" srcset=\"https:\/\/marekkuchcinski.pl\/wp-content\/uploads\/2023\/01\/IMG_9968-1024x655.jpg 1024w, https:\/\/marekkuchcinski.pl\/wp-content\/uploads\/2023\/01\/IMG_9968-300x192.jpg 300w, https:\/\/marekkuchcinski.pl\/wp-content\/uploads\/2023\/01\/IMG_9968-768x492.jpg 768w, https:\/\/marekkuchcinski.pl\/wp-content\/uploads\/2023\/01\/IMG_9968-1536x983.jpg 1536w, https:\/\/marekkuchcinski.pl\/wp-content\/uploads\/2023\/01\/IMG_9968-18x12.jpg 18w, https:\/\/marekkuchcinski.pl\/wp-content\/uploads\/2023\/01\/IMG_9968.jpg 1600w\" sizes=\"(max-width: 1024px) 100vw, 1024px\" \/><\/a><\/figure>\n\n\n\n<figure class=\"wp-block-image size-large\"><a href=\"https:\/\/marekkuchcinski.pl\/wp-content\/uploads\/2023\/01\/IMG_9966.jpg\"><img loading=\"lazy\" decoding=\"async\" width=\"1024\" height=\"683\" src=\"https:\/\/marekkuchcinski.pl\/wp-content\/uploads\/2023\/01\/IMG_9966-1024x683.jpg\" alt=\"\" class=\"wp-image-27235\" srcset=\"https:\/\/marekkuchcinski.pl\/wp-content\/uploads\/2023\/01\/IMG_9966-1024x683.jpg 1024w, https:\/\/marekkuchcinski.pl\/wp-content\/uploads\/2023\/01\/IMG_9966-300x200.jpg 300w, https:\/\/marekkuchcinski.pl\/wp-content\/uploads\/2023\/01\/IMG_9966-768x512.jpg 768w, https:\/\/marekkuchcinski.pl\/wp-content\/uploads\/2023\/01\/IMG_9966-1536x1024.jpg 1536w, https:\/\/marekkuchcinski.pl\/wp-content\/uploads\/2023\/01\/IMG_9966-18x12.jpg 18w, https:\/\/marekkuchcinski.pl\/wp-content\/uploads\/2023\/01\/IMG_9966.jpg 1600w\" sizes=\"(max-width: 1024px) 100vw, 1024px\" \/><\/a><\/figure>\n\n\n\n<figure class=\"wp-block-image size-large\"><a href=\"https:\/\/marekkuchcinski.pl\/wp-content\/uploads\/2023\/01\/IMG_0010.jpg\"><img loading=\"lazy\" decoding=\"async\" width=\"1024\" height=\"683\" src=\"https:\/\/marekkuchcinski.pl\/wp-content\/uploads\/2023\/01\/IMG_0010-1024x683.jpg\" alt=\"\" class=\"wp-image-27236\" srcset=\"https:\/\/marekkuchcinski.pl\/wp-content\/uploads\/2023\/01\/IMG_0010-1024x683.jpg 1024w, https:\/\/marekkuchcinski.pl\/wp-content\/uploads\/2023\/01\/IMG_0010-300x200.jpg 300w, https:\/\/marekkuchcinski.pl\/wp-content\/uploads\/2023\/01\/IMG_0010-768x512.jpg 768w, https:\/\/marekkuchcinski.pl\/wp-content\/uploads\/2023\/01\/IMG_0010-1536x1024.jpg 1536w, https:\/\/marekkuchcinski.pl\/wp-content\/uploads\/2023\/01\/IMG_0010-18x12.jpg 18w, https:\/\/marekkuchcinski.pl\/wp-content\/uploads\/2023\/01\/IMG_0010.jpg 1600w\" sizes=\"(max-width: 1024px) 100vw, 1024px\" \/><\/a><\/figure>\n\n\n\n<figure class=\"wp-block-image size-large\"><a href=\"https:\/\/marekkuchcinski.pl\/wp-content\/uploads\/2023\/01\/IMG_0038.jpg\"><img loading=\"lazy\" decoding=\"async\" width=\"1024\" height=\"686\" src=\"https:\/\/marekkuchcinski.pl\/wp-content\/uploads\/2023\/01\/IMG_0038-1024x686.jpg\" alt=\"\" class=\"wp-image-27237\" srcset=\"https:\/\/marekkuchcinski.pl\/wp-content\/uploads\/2023\/01\/IMG_0038-1024x686.jpg 1024w, https:\/\/marekkuchcinski.pl\/wp-content\/uploads\/2023\/01\/IMG_0038-300x201.jpg 300w, https:\/\/marekkuchcinski.pl\/wp-content\/uploads\/2023\/01\/IMG_0038-768x515.jpg 768w, https:\/\/marekkuchcinski.pl\/wp-content\/uploads\/2023\/01\/IMG_0038-1536x1029.jpg 1536w, https:\/\/marekkuchcinski.pl\/wp-content\/uploads\/2023\/01\/IMG_0038-18x12.jpg 18w, https:\/\/marekkuchcinski.pl\/wp-content\/uploads\/2023\/01\/IMG_0038.jpg 1600w\" sizes=\"(max-width: 1024px) 100vw, 1024px\" \/><\/a><\/figure>","protected":false},"excerpt":{"rendered":"<p>Z wielkim smutkiem przyj\u0119li\u015bmy wiadomo\u015b\u0107 o \u015bmierci Papie\u017ca Seniora Benedykta XVI. Pragniemy wyrazi\u0107 najszczersze kondolencje. \u017begnamy wielkiego cz\u0142owieka, &nbsp;wybitnego teologa, kt\u00f3rego my\u015bl inspirowa\u0142a i wci\u0105\u017c inspiruje ludzi na ca\u0142ym \u015bwiecie. Pami\u0119tamy jednocze\u015bnie, \u017ce Kardyna\u0142 Joseph Ratzinger by\u0142 jednym z najbli\u017cszych wsp\u00f3\u0142pracownik\u00f3w \u015bw. Jana Paw\u0142a II i wielkim przyjacielem Polski, tak\u017ce w trudnych dla naszego kraju [&hellip;]<\/p>","protected":false},"author":21,"featured_media":27238,"comment_status":"open","ping_status":"open","sticky":false,"template":"","format":"standard","meta":{"ngg_post_thumbnail":0,"footnotes":""},"categories":[3],"tags":[],"class_list":["post-27224","post","type-post","status-publish","format-standard","has-post-thumbnail","hentry","category-wydarzenia"],"yoast_head":"<!-- This site is optimized with the Yoast SEO plugin v24.7 - https:\/\/yoast.com\/wordpress\/plugins\/seo\/ -->\n<title>Nuncjatura Apostolska. Marek Kuchci\u0144ski \u017cegna papie\u017ca Benedykta XVI &#8211; Marek Kuchci\u0144ski<\/title>\n<meta name=\"robots\" content=\"index, follow, max-snippet:-1, max-image-preview:large, max-video-preview:-1\" \/>\n<link rel=\"canonical\" href=\"https:\/\/marekkuchcinski.pl\/sk\/wydarzenia\/nuncjatura-apostolska-marek-kuchcinski-zegna-papieza-benedykta-xvi\/\" \/>\n<meta property=\"og:locale\" content=\"sk_SK\" \/>\n<meta property=\"og:type\" content=\"article\" \/>\n<meta property=\"og:title\" content=\"Nuncjatura Apostolska. Marek Kuchci\u0144ski \u017cegna papie\u017ca Benedykta XVI &#8211; Marek Kuchci\u0144ski\" \/>\n<meta property=\"og:description\" content=\"Z wielkim smutkiem przyj\u0119li\u015bmy wiadomo\u015b\u0107 o \u015bmierci Papie\u017ca Seniora Benedykta XVI. Pragniemy wyrazi\u0107 najszczersze kondolencje. \u017begnamy wielkiego cz\u0142owieka, &nbsp;wybitnego teologa, kt\u00f3rego my\u015bl inspirowa\u0142a i wci\u0105\u017c inspiruje ludzi na ca\u0142ym \u015bwiecie. Pami\u0119tamy jednocze\u015bnie, \u017ce Kardyna\u0142 Joseph Ratzinger by\u0142 jednym z najbli\u017cszych wsp\u00f3\u0142pracownik\u00f3w \u015bw. Jana Paw\u0142a II i wielkim przyjacielem Polski, tak\u017ce w trudnych dla naszego kraju [&hellip;]\" \/>\n<meta property=\"og:url\" content=\"https:\/\/marekkuchcinski.pl\/sk\/wydarzenia\/nuncjatura-apostolska-marek-kuchcinski-zegna-papieza-benedykta-xvi\/\" \/>\n<meta property=\"og:site_name\" content=\"Marek Kuchci\u0144ski\" \/>\n<meta property=\"article:published_time\" content=\"2023-01-03T14:55:03+00:00\" \/>\n<meta property=\"article:modified_time\" content=\"2023-01-09T17:48:54+00:00\" \/>\n<meta property=\"og:image\" content=\"https:\/\/marekkuchcinski.pl\/wp-content\/uploads\/2023\/01\/IMG_0106-1.jpg\" \/>\n\t<meta property=\"og:image:width\" content=\"1600\" \/>\n\t<meta property=\"og:image:height\" content=\"1067\" \/>\n\t<meta property=\"og:image:type\" content=\"image\/jpeg\" \/>\n<meta name=\"author\" content=\"Marta Olejnik\" \/>\n<meta name=\"twitter:card\" content=\"summary_large_image\" \/>\n<meta name=\"twitter:label1\" content=\"Autor\" \/>\n\t<meta name=\"twitter:data1\" content=\"Marta Olejnik\" \/>\n\t<meta name=\"twitter:label2\" content=\"Predpokladan\u00fd \u010das \u010d\u00edtania\" \/>\n\t<meta name=\"twitter:data2\" content=\"1 min\u00fata\" \/>\n<script type=\"application\/ld+json\" class=\"yoast-schema-graph\">{\"@context\":\"https:\/\/schema.org\",\"@graph\":[{\"@type\":\"Article\",\"@id\":\"https:\/\/marekkuchcinski.pl\/wydarzenia\/nuncjatura-apostolska-marek-kuchcinski-zegna-papieza-benedykta-xvi\/#article\",\"isPartOf\":{\"@id\":\"https:\/\/marekkuchcinski.pl\/wydarzenia\/nuncjatura-apostolska-marek-kuchcinski-zegna-papieza-benedykta-xvi\/\"},\"author\":{\"name\":\"Marta Olejnik\",\"@id\":\"https:\/\/marekkuchcinski.pl\/#\/schema\/person\/51d5d4ee3b5317b8e4dd2b48af359229\"},\"headline\":\"Nuncjatura Apostolska. Marek Kuchci\u0144ski \u017cegna papie\u017ca Benedykta XVI\",\"datePublished\":\"2023-01-03T14:55:03+00:00\",\"dateModified\":\"2023-01-09T17:48:54+00:00\",\"mainEntityOfPage\":{\"@id\":\"https:\/\/marekkuchcinski.pl\/wydarzenia\/nuncjatura-apostolska-marek-kuchcinski-zegna-papieza-benedykta-xvi\/\"},\"wordCount\":218,\"commentCount\":0,\"publisher\":{\"@id\":\"https:\/\/marekkuchcinski.pl\/#organization\"},\"image\":{\"@id\":\"https:\/\/marekkuchcinski.pl\/wydarzenia\/nuncjatura-apostolska-marek-kuchcinski-zegna-papieza-benedykta-xvi\/#primaryimage\"},\"thumbnailUrl\":\"https:\/\/marekkuchcinski.pl\/wp-content\/uploads\/2023\/01\/IMG_0106-1.jpg\",\"articleSection\":[\"Wydarzenia\"],\"inLanguage\":\"sk-SK\",\"potentialAction\":[{\"@type\":\"CommentAction\",\"name\":\"Comment\",\"target\":[\"https:\/\/marekkuchcinski.pl\/wydarzenia\/nuncjatura-apostolska-marek-kuchcinski-zegna-papieza-benedykta-xvi\/#respond\"]}]},{\"@type\":\"WebPage\",\"@id\":\"https:\/\/marekkuchcinski.pl\/wydarzenia\/nuncjatura-apostolska-marek-kuchcinski-zegna-papieza-benedykta-xvi\/\",\"url\":\"https:\/\/marekkuchcinski.pl\/wydarzenia\/nuncjatura-apostolska-marek-kuchcinski-zegna-papieza-benedykta-xvi\/\",\"name\":\"Nuncjatura Apostolska. Marek Kuchci\u0144ski \u017cegna papie\u017ca Benedykta XVI &#8211; Marek Kuchci\u0144ski\",\"isPartOf\":{\"@id\":\"https:\/\/marekkuchcinski.pl\/#website\"},\"primaryImageOfPage\":{\"@id\":\"https:\/\/marekkuchcinski.pl\/wydarzenia\/nuncjatura-apostolska-marek-kuchcinski-zegna-papieza-benedykta-xvi\/#primaryimage\"},\"image\":{\"@id\":\"https:\/\/marekkuchcinski.pl\/wydarzenia\/nuncjatura-apostolska-marek-kuchcinski-zegna-papieza-benedykta-xvi\/#primaryimage\"},\"thumbnailUrl\":\"https:\/\/marekkuchcinski.pl\/wp-content\/uploads\/2023\/01\/IMG_0106-1.jpg\",\"datePublished\":\"2023-01-03T14:55:03+00:00\",\"dateModified\":\"2023-01-09T17:48:54+00:00\",\"breadcrumb\":{\"@id\":\"https:\/\/marekkuchcinski.pl\/wydarzenia\/nuncjatura-apostolska-marek-kuchcinski-zegna-papieza-benedykta-xvi\/#breadcrumb\"},\"inLanguage\":\"sk-SK\",\"potentialAction\":[{\"@type\":\"ReadAction\",\"target\":[\"https:\/\/marekkuchcinski.pl\/wydarzenia\/nuncjatura-apostolska-marek-kuchcinski-zegna-papieza-benedykta-xvi\/\"]}]},{\"@type\":\"ImageObject\",\"inLanguage\":\"sk-SK\",\"@id\":\"https:\/\/marekkuchcinski.pl\/wydarzenia\/nuncjatura-apostolska-marek-kuchcinski-zegna-papieza-benedykta-xvi\/#primaryimage\",\"url\":\"https:\/\/marekkuchcinski.pl\/wp-content\/uploads\/2023\/01\/IMG_0106-1.jpg\",\"contentUrl\":\"https:\/\/marekkuchcinski.pl\/wp-content\/uploads\/2023\/01\/IMG_0106-1.jpg\",\"width\":1600,\"height\":1067},{\"@type\":\"BreadcrumbList\",\"@id\":\"https:\/\/marekkuchcinski.pl\/wydarzenia\/nuncjatura-apostolska-marek-kuchcinski-zegna-papieza-benedykta-xvi\/#breadcrumb\",\"itemListElement\":[{\"@type\":\"ListItem\",\"position\":1,\"name\":\"Strona g\u0142\u00f3wna\",\"item\":\"https:\/\/marekkuchcinski.pl\/\"},{\"@type\":\"ListItem\",\"position\":2,\"name\":\"Nuncjatura Apostolska. Marek Kuchci\u0144ski \u017cegna papie\u017ca Benedykta XVI\"}]},{\"@type\":\"WebSite\",\"@id\":\"https:\/\/marekkuchcinski.pl\/#website\",\"url\":\"https:\/\/marekkuchcinski.pl\/\",\"name\":\"Marek Kuchci\u0144ski\",\"description\":\"Pose\u0142 na sejm RP &ndash; okr\u0119g nr 22\",\"publisher\":{\"@id\":\"https:\/\/marekkuchcinski.pl\/#organization\"},\"potentialAction\":[{\"@type\":\"SearchAction\",\"target\":{\"@type\":\"EntryPoint\",\"urlTemplate\":\"https:\/\/marekkuchcinski.pl\/?s={search_term_string}\"},\"query-input\":{\"@type\":\"PropertyValueSpecification\",\"valueRequired\":true,\"valueName\":\"search_term_string\"}}],\"inLanguage\":\"sk-SK\"},{\"@type\":\"Organization\",\"@id\":\"https:\/\/marekkuchcinski.pl\/#organization\",\"name\":\"Marek Kuchci\u0144ski\",\"url\":\"https:\/\/marekkuchcinski.pl\/\",\"logo\":{\"@type\":\"ImageObject\",\"inLanguage\":\"sk-SK\",\"@id\":\"https:\/\/marekkuchcinski.pl\/#\/schema\/logo\/image\/\",\"url\":\"https:\/\/marekkuchcinski.pl\/wp-content\/uploads\/2022\/09\/Marek.jpg\",\"contentUrl\":\"https:\/\/marekkuchcinski.pl\/wp-content\/uploads\/2022\/09\/Marek.jpg\",\"width\":1600,\"height\":971,\"caption\":\"Marek Kuchci\u0144ski\"},\"image\":{\"@id\":\"https:\/\/marekkuchcinski.pl\/#\/schema\/logo\/image\/\"}},{\"@type\":\"Person\",\"@id\":\"https:\/\/marekkuchcinski.pl\/#\/schema\/person\/51d5d4ee3b5317b8e4dd2b48af359229\",\"name\":\"Marta Olejnik\",\"image\":{\"@type\":\"ImageObject\",\"inLanguage\":\"sk-SK\",\"@id\":\"https:\/\/marekkuchcinski.pl\/#\/schema\/person\/image\/\",\"url\":\"https:\/\/secure.gravatar.com\/avatar\/e39914b2aa6a48959e24d475b5dc9793?s=96&d=mm&r=g\",\"contentUrl\":\"https:\/\/secure.gravatar.com\/avatar\/e39914b2aa6a48959e24d475b5dc9793?s=96&d=mm&r=g\",\"caption\":\"Marta Olejnik\"},\"url\":\"https:\/\/marekkuchcinski.pl\/sk\/author\/marta\/\"}]}<\/script>\n<!-- \/ Yoast SEO plugin. -->","yoast_head_json":{"title":"Nuncjatura Apostolska. Marek Kuchci\u0144ski \u017cegna papie\u017ca Benedykta XVI &#8211; Marek Kuchci\u0144ski","robots":{"index":"index","follow":"follow","max-snippet":"max-snippet:-1","max-image-preview":"max-image-preview:large","max-video-preview":"max-video-preview:-1"},"canonical":"https:\/\/marekkuchcinski.pl\/sk\/wydarzenia\/nuncjatura-apostolska-marek-kuchcinski-zegna-papieza-benedykta-xvi\/","og_locale":"sk_SK","og_type":"article","og_title":"Nuncjatura Apostolska. Marek Kuchci\u0144ski \u017cegna papie\u017ca Benedykta XVI &#8211; Marek Kuchci\u0144ski","og_description":"Z wielkim smutkiem przyj\u0119li\u015bmy wiadomo\u015b\u0107 o \u015bmierci Papie\u017ca Seniora Benedykta XVI. Pragniemy wyrazi\u0107 najszczersze kondolencje. \u017begnamy wielkiego cz\u0142owieka, &nbsp;wybitnego teologa, kt\u00f3rego my\u015bl inspirowa\u0142a i wci\u0105\u017c inspiruje ludzi na ca\u0142ym \u015bwiecie. Pami\u0119tamy jednocze\u015bnie, \u017ce Kardyna\u0142 Joseph Ratzinger by\u0142 jednym z najbli\u017cszych wsp\u00f3\u0142pracownik\u00f3w \u015bw. Jana Paw\u0142a II i wielkim przyjacielem Polski, tak\u017ce w trudnych dla naszego kraju [&hellip;]","og_url":"https:\/\/marekkuchcinski.pl\/sk\/wydarzenia\/nuncjatura-apostolska-marek-kuchcinski-zegna-papieza-benedykta-xvi\/","og_site_name":"Marek Kuchci\u0144ski","article_published_time":"2023-01-03T14:55:03+00:00","article_modified_time":"2023-01-09T17:48:54+00:00","og_image":[{"width":1600,"height":1067,"url":"https:\/\/marekkuchcinski.pl\/wp-content\/uploads\/2023\/01\/IMG_0106-1.jpg","type":"image\/jpeg"}],"author":"Marta Olejnik","twitter_card":"summary_large_image","twitter_misc":{"Autor":"Marta Olejnik","Predpokladan\u00fd \u010das \u010d\u00edtania":"1 min\u00fata"},"schema":{"@context":"https:\/\/schema.org","@graph":[{"@type":"Article","@id":"https:\/\/marekkuchcinski.pl\/wydarzenia\/nuncjatura-apostolska-marek-kuchcinski-zegna-papieza-benedykta-xvi\/#article","isPartOf":{"@id":"https:\/\/marekkuchcinski.pl\/wydarzenia\/nuncjatura-apostolska-marek-kuchcinski-zegna-papieza-benedykta-xvi\/"},"author":{"name":"Marta Olejnik","@id":"https:\/\/marekkuchcinski.pl\/#\/schema\/person\/51d5d4ee3b5317b8e4dd2b48af359229"},"headline":"Nuncjatura Apostolska. Marek Kuchci\u0144ski \u017cegna papie\u017ca Benedykta XVI","datePublished":"2023-01-03T14:55:03+00:00","dateModified":"2023-01-09T17:48:54+00:00","mainEntityOfPage":{"@id":"https:\/\/marekkuchcinski.pl\/wydarzenia\/nuncjatura-apostolska-marek-kuchcinski-zegna-papieza-benedykta-xvi\/"},"wordCount":218,"commentCount":0,"publisher":{"@id":"https:\/\/marekkuchcinski.pl\/#organization"},"image":{"@id":"https:\/\/marekkuchcinski.pl\/wydarzenia\/nuncjatura-apostolska-marek-kuchcinski-zegna-papieza-benedykta-xvi\/#primaryimage"},"thumbnailUrl":"https:\/\/marekkuchcinski.pl\/wp-content\/uploads\/2023\/01\/IMG_0106-1.jpg","articleSection":["Wydarzenia"],"inLanguage":"sk-SK","potentialAction":[{"@type":"CommentAction","name":"Comment","target":["https:\/\/marekkuchcinski.pl\/wydarzenia\/nuncjatura-apostolska-marek-kuchcinski-zegna-papieza-benedykta-xvi\/#respond"]}]},{"@type":"WebPage","@id":"https:\/\/marekkuchcinski.pl\/wydarzenia\/nuncjatura-apostolska-marek-kuchcinski-zegna-papieza-benedykta-xvi\/","url":"https:\/\/marekkuchcinski.pl\/wydarzenia\/nuncjatura-apostolska-marek-kuchcinski-zegna-papieza-benedykta-xvi\/","name":"Nuncjatura Apostolska. Marek Kuchci\u0144ski \u017cegna papie\u017ca Benedykta XVI &#8211; Marek Kuchci\u0144ski","isPartOf":{"@id":"https:\/\/marekkuchcinski.pl\/#website"},"primaryImageOfPage":{"@id":"https:\/\/marekkuchcinski.pl\/wydarzenia\/nuncjatura-apostolska-marek-kuchcinski-zegna-papieza-benedykta-xvi\/#primaryimage"},"image":{"@id":"https:\/\/marekkuchcinski.pl\/wydarzenia\/nuncjatura-apostolska-marek-kuchcinski-zegna-papieza-benedykta-xvi\/#primaryimage"},"thumbnailUrl":"https:\/\/marekkuchcinski.pl\/wp-content\/uploads\/2023\/01\/IMG_0106-1.jpg","datePublished":"2023-01-03T14:55:03+00:00","dateModified":"2023-01-09T17:48:54+00:00","breadcrumb":{"@id":"https:\/\/marekkuchcinski.pl\/wydarzenia\/nuncjatura-apostolska-marek-kuchcinski-zegna-papieza-benedykta-xvi\/#breadcrumb"},"inLanguage":"sk-SK","potentialAction":[{"@type":"ReadAction","target":["https:\/\/marekkuchcinski.pl\/wydarzenia\/nuncjatura-apostolska-marek-kuchcinski-zegna-papieza-benedykta-xvi\/"]}]},{"@type":"ImageObject","inLanguage":"sk-SK","@id":"https:\/\/marekkuchcinski.pl\/wydarzenia\/nuncjatura-apostolska-marek-kuchcinski-zegna-papieza-benedykta-xvi\/#primaryimage","url":"https:\/\/marekkuchcinski.pl\/wp-content\/uploads\/2023\/01\/IMG_0106-1.jpg","contentUrl":"https:\/\/marekkuchcinski.pl\/wp-content\/uploads\/2023\/01\/IMG_0106-1.jpg","width":1600,"height":1067},{"@type":"BreadcrumbList","@id":"https:\/\/marekkuchcinski.pl\/wydarzenia\/nuncjatura-apostolska-marek-kuchcinski-zegna-papieza-benedykta-xvi\/#breadcrumb","itemListElement":[{"@type":"ListItem","position":1,"name":"Strona g\u0142\u00f3wna","item":"https:\/\/marekkuchcinski.pl\/"},{"@type":"ListItem","position":2,"name":"Nuncjatura Apostolska. Marek Kuchci\u0144ski \u017cegna papie\u017ca Benedykta XVI"}]},{"@type":"WebSite","@id":"https:\/\/marekkuchcinski.pl\/#website","url":"https:\/\/marekkuchcinski.pl\/","name":"Marek Kuchci\u0144ski","description":"Pose\u0142 na sejm RP &ndash; okr\u0119g nr 22","publisher":{"@id":"https:\/\/marekkuchcinski.pl\/#organization"},"potentialAction":[{"@type":"SearchAction","target":{"@type":"EntryPoint","urlTemplate":"https:\/\/marekkuchcinski.pl\/?s={search_term_string}"},"query-input":{"@type":"PropertyValueSpecification","valueRequired":true,"valueName":"search_term_string"}}],"inLanguage":"sk-SK"},{"@type":"Organization","@id":"https:\/\/marekkuchcinski.pl\/#organization","name":"Marek Kuchci\u0144ski","url":"https:\/\/marekkuchcinski.pl\/","logo":{"@type":"ImageObject","inLanguage":"sk-SK","@id":"https:\/\/marekkuchcinski.pl\/#\/schema\/logo\/image\/","url":"https:\/\/marekkuchcinski.pl\/wp-content\/uploads\/2022\/09\/Marek.jpg","contentUrl":"https:\/\/marekkuchcinski.pl\/wp-content\/uploads\/2022\/09\/Marek.jpg","width":1600,"height":971,"caption":"Marek Kuchci\u0144ski"},"image":{"@id":"https:\/\/marekkuchcinski.pl\/#\/schema\/logo\/image\/"}},{"@type":"Person","@id":"https:\/\/marekkuchcinski.pl\/#\/schema\/person\/51d5d4ee3b5317b8e4dd2b48af359229","name":"Marta Olejnik","image":{"@type":"ImageObject","inLanguage":"sk-SK","@id":"https:\/\/marekkuchcinski.pl\/#\/schema\/person\/image\/","url":"https:\/\/secure.gravatar.com\/avatar\/e39914b2aa6a48959e24d475b5dc9793?s=96&d=mm&r=g","contentUrl":"https:\/\/secure.gravatar.com\/avatar\/e39914b2aa6a48959e24d475b5dc9793?s=96&d=mm&r=g","caption":"Marta Olejnik"},"url":"https:\/\/marekkuchcinski.pl\/sk\/author\/marta\/"}]}},"_links":{"self":[{"href":"https:\/\/marekkuchcinski.pl\/sk\/wp-json\/wp\/v2\/posts\/27224","targetHints":{"allow":["GET"]}}],"collection":[{"href":"https:\/\/marekkuchcinski.pl\/sk\/wp-json\/wp\/v2\/posts"}],"about":[{"href":"https:\/\/marekkuchcinski.pl\/sk\/wp-json\/wp\/v2\/types\/post"}],"author":[{"embeddable":true,"href":"https:\/\/marekkuchcinski.pl\/sk\/wp-json\/wp\/v2\/users\/21"}],"replies":[{"embeddable":true,"href":"https:\/\/marekkuchcinski.pl\/sk\/wp-json\/wp\/v2\/comments?post=27224"}],"version-history":[{"count":3,"href":"https:\/\/marekkuchcinski.pl\/sk\/wp-json\/wp\/v2\/posts\/27224\/revisions"}],"predecessor-version":[{"id":27246,"href":"https:\/\/marekkuchcinski.pl\/sk\/wp-json\/wp\/v2\/posts\/27224\/revisions\/27246"}],"wp:featuredmedia":[{"embeddable":true,"href":"https:\/\/marekkuchcinski.pl\/sk\/wp-json\/wp\/v2\/media\/27238"}],"wp:attachment":[{"href":"https:\/\/marekkuchcinski.pl\/sk\/wp-json\/wp\/v2\/media?parent=27224"}],"wp:term":[{"taxonomy":"category","embeddable":true,"href":"https:\/\/marekkuchcinski.pl\/sk\/wp-json\/wp\/v2\/categories?post=27224"},{"taxonomy":"post_tag","embeddable":true,"href":"https:\/\/marekkuchcinski.pl\/sk\/wp-json\/wp\/v2\/tags?post=27224"}],"curies":[{"name":"wp","href":"https:\/\/api.w.org\/{rel}","templated":true}]}}