{"id":27133,"date":"2022-12-20T21:37:00","date_gmt":"2022-12-20T20:37:00","guid":{"rendered":"https:\/\/marekkuchcinski.pl\/?p=27133"},"modified":"2022-12-21T21:44:18","modified_gmt":"2022-12-21T20:44:18","slug":"rzad-dialogu-spotkanie-ministrow-z-przedstawicielami-solidarnosci","status":"publish","type":"post","link":"https:\/\/marekkuchcinski.pl\/sk\/wydarzenia\/rzad-dialogu-spotkanie-ministrow-z-przedstawicielami-solidarnosci\/","title":{"rendered":"Vl\u00e1da dial\u00f3gu \u2013 stretnutie ministrov s predstavite\u013emi Solidarity"},"content":{"rendered":"<p class=\"wp-block-paragraph\"><strong>D\u0148a 19. decembra sa uskuto\u010dnilo pracovn\u00e9 stretnutie T\u00edmu pre vypracovanie dohody medzi vl\u00e1dou Po\u013eskej republiky a N\u00e1rodnou komisiou NSZZ \u201eSolidarita\u201c pod predsedn\u00edctvom ved\u00faceho Kancel\u00e1rie predsedu vl\u00e1dy SR Mareka Kuchci\u0144sk\u00e9ho. .<\/strong><\/p>\n\n\n\n<p class=\"wp-block-paragraph\"><strong>Hlavn\u00fdmi t\u00e9mami rokovan\u00ed boli:<\/strong><\/p>\n\n\n\n<p class=\"wp-block-paragraph\">a) podpora energeticky n\u00e1ro\u010dn\u00fdch podnikov;<\/p>\n\n\n\n<p class=\"wp-block-paragraph\">b) zmeny v energetickej politike krajiny;<\/p>\n\n\n\n<p class=\"wp-block-paragraph\">c) odme\u0148ovanie v oblasti verejn\u00fdch financi\u00ed vr\u00e1tane zmien t\u00fdkaj\u00facich sa odme\u0148ovania v<\/p>\n\n\n\n<p class=\"wp-block-paragraph\">rozpo\u010dtov\u00e1 oblas\u0165 s osobitn\u00fdm d\u00f4razom na vzdel\u00e1vanie;<\/p>\n\n\n\n<p class=\"wp-block-paragraph\">d) pr\u00edspevok do podnikov\u00e9ho fondu soci\u00e1lnych d\u00e1vok;<\/p>\n\n\n\n<p class=\"wp-block-paragraph\">e) vyl\u00fa\u010denie z minim\u00e1lnej mzdy pr\u00edspevku za pr\u00e1cu v zdraviu \u0161kodliv\u00fdch podmienkach,<\/p>\n\n\n\n<p class=\"wp-block-paragraph\">obzvl\u00e1\u0161\u0165 nam\u00e1hav\u00e9 alebo nebezpe\u010dn\u00e9;<\/p>\n\n\n\n<p class=\"wp-block-paragraph\">f) zmeny vo fungovan\u00ed a financovan\u00ed domovov d\u00f4chodcov;<\/p>\n\n\n\n<p class=\"wp-block-paragraph\">g) osobitn\u00e1 ochrana pre ur\u010dit\u00e9 kateg\u00f3rie pracovn\u00edkov vr\u00e1tane odbor\u00e1rov;<\/p>\n\n\n\n<p class=\"wp-block-paragraph\">h) novely z\u00e1kona o starobn\u00fdch a invalidn\u00fdch d\u00f4chodkoch z Fondu soci\u00e1lneho poistenia vr\u00e1tane<\/p>\n\n\n\n<p class=\"wp-block-paragraph\">u\u010d\u0148ovsk\u00e9 d\u00f4chodky.<\/p>\n\n\n\n<p class=\"wp-block-paragraph\"><strong>2. Spolupredsedovia sa dohodli vymenova\u0165:<\/strong><\/p>\n\n\n\n<p class=\"wp-block-paragraph\">I. Pracovn\u00e1 skupina pre energetick\u00fa politiku;<\/p>\n\n\n\n<p class=\"wp-block-paragraph\">II. Pracovn\u00e1 skupina pre odme\u0148ovanie vo verejn\u00fdch financi\u00e1ch vr\u00e1tane zmien<\/p>\n\n\n\n<p class=\"wp-block-paragraph\">o platoch v rozpo\u010dtovej sf\u00e9re s osobitn\u00fdm d\u00f4razom na vzdelanie (odkaz<\/p>\n\n\n\n<p class=\"wp-block-paragraph\">vzdel\u00e1vacia podskupina). Taktie\u017e vyl\u00fa\u010denie z minim\u00e1lnej mzdy pr\u00edspevku za pr\u00e1cu v<\/p>\n\n\n\n<p class=\"wp-block-paragraph\">zdraviu \u0161kodliv\u00e9, obzvl\u00e1\u0161\u0165 za\u0165a\u017euj\u00face alebo nebezpe\u010dn\u00e9;<\/p>\n\n\n\n<p class=\"wp-block-paragraph\">III. Pracovn\u00e1 skupina pre d\u00f4chodky a invalidn\u00e9 d\u00f4chodky vr\u00e1tane st\u00e1\u017e\u00ed.<\/p>\n\n\n\n<p class=\"wp-block-paragraph\"><strong>3. Zo strany vl\u00e1dy vy\u0161\u0161ie uveden\u00e9 pracovn\u00e9 skupiny bud\u00fa zah\u0155\u0148a\u0165:<\/strong><\/p>\n\n\n\n<p class=\"wp-block-paragraph\">I. Pracovn\u00e1 skupina pre energetick\u00fa politiku: \u010dlenovia t\u00edmu menovan\u00ed:<\/p>\n\n\n\n<p class=\"wp-block-paragraph\">Minister pre \u0161t\u00e1tne akt\u00edva, minister pre kl\u00edmu a \u017eivotn\u00e9 prostredie a minister rozvoja i<\/p>\n\n\n\n<p class=\"wp-block-paragraph\">technol\u00f3gie;<\/p>\n\n\n\n<p class=\"wp-block-paragraph\">II. Pracovn\u00e1 skupina pre odme\u0148ovanie: \u010dlenovia t\u00edmu menovan\u00ed: ministrom<\/p>\n\n\n\n<p class=\"wp-block-paragraph\">Financie (ved\u00faca \u00faloha), minister \u0161kolstva a vedy, minister kult\u00fary a dedi\u010dstva<\/p>\n\n\n\n<p class=\"wp-block-paragraph\">N\u00e1rodn\u00e9ho \u00fastavu, ministra rodiny a soci\u00e1lnej politiky a ministra zdravotn\u00edctva;<\/p>\n\n\n\n<p class=\"wp-block-paragraph\">III. Pracovn\u00e1 skupina pre d\u00f4chodky a invalidn\u00e9 d\u00f4chodky: \u010dlen t\u00edmu menovan\u00fd ministrom<\/p>\n\n\n\n<p class=\"wp-block-paragraph\">Rodinn\u00e1 a soci\u00e1lna politika.<\/p>\n\n\n\n<p class=\"wp-block-paragraph\">4. Spolupredsedovia t\u00edmu m\u00f4\u017eu po konzult\u00e1cii pozva\u0165 \u013eud\u00ed, aby sa z\u00fa\u010dastnili na pr\u00e1ci skup\u00edn<\/p>\n\n\n\n<p class=\"wp-block-paragraph\">in\u00fdch pracovn\u00fdch z\u00e1stupcov org\u00e1nov \u0161t\u00e1tnej spr\u00e1vy ako t\u00fdch, ktor\u00ed s\u00fa uveden\u00ed v bode 3,<\/p>\n\n\n\n<p class=\"wp-block-paragraph\">in\u0161tit\u00faci\u00ed alebo organiz\u00e1ci\u00ed, ako aj \u0161pecialistov a odborn\u00edkov, ktor\u00fdch znalosti a sk\u00fasenosti<\/p>\n\n\n\n<p class=\"wp-block-paragraph\">m\u00f4\u017eu vyu\u017ei\u0165 pri plnen\u00ed svojich \u00faloh.<\/p>\n\n\n\n<p class=\"wp-block-paragraph\">5. Bolo tie\u017e dohodnut\u00e9 vytvorenie pracovnej skupiny alebo zvolanie \u0161pecializovanej konferencie<\/p>\n\n\n\n<p class=\"wp-block-paragraph\">demografick\u00e9 v\u00fdzvy v perspekt\u00edve 20-30 rokov. Jeho koncepciu navrhne poslanec<\/p>\n\n\n\n<p class=\"wp-block-paragraph\">T\u00edm menovan\u00fd ministrom rodiny a soci\u00e1lnej politiky.<\/p>\n\n\n\n<p class=\"wp-block-paragraph\">6. \u010clen t\u00edmu menovan\u00fd ministrom financi\u00ed analyzuje ot\u00e1zku odpisu<\/p>\n\n\n\n<p class=\"wp-block-paragraph\">Fond soci\u00e1lnych d\u00e1vok.<\/p>\n\n\n\n<p class=\"wp-block-paragraph\">7. \u010clen t\u00edmu menovan\u00fd ministrom rozvoja a technol\u00f3gie analyzuje problematiku<\/p>\n\n\n\n<p class=\"wp-block-paragraph\">osobitn\u00fa ochranu pre ur\u010dit\u00e9 kateg\u00f3rie pracovn\u00edkov vr\u00e1tane odborov\u00fdch aktivistov.<\/p>\n\n\n\n<p class=\"wp-block-paragraph\">8. Spolupredseda Dru\u017estva za N\u00e1rodn\u00fa komisiu NSZZ &quot;Solidarita&quot; informoval<\/p>\n\n\n\n<p class=\"wp-block-paragraph\">o prebiehaj\u00facich rozhovoroch o zmen\u00e1ch vo fungovan\u00ed a financovan\u00ed snemovne<\/p>\n\n\n\n<p class=\"wp-block-paragraph\">Soci\u00e1lna pomoc.<\/p>\n\n\n\n<p class=\"wp-block-paragraph\">9. T\u00edm ur\u010dil dohodou 15. janu\u00e1r 2023 ako term\u00edn preverenia zisten\u00ed z r.<\/p>\n\n\n\n<p class=\"wp-block-paragraph\">stretnutie, ktor\u00e9 sa uskuto\u010dn\u00ed 19.12.2022.<\/p>\n\n\n\n<figure class=\"wp-block-image size-large\"><a href=\"https:\/\/marekkuchcinski.pl\/wp-content\/uploads\/2022\/12\/es-1.jpg\"><img fetchpriority=\"high\" decoding=\"async\" width=\"1024\" height=\"683\" src=\"https:\/\/marekkuchcinski.pl\/wp-content\/uploads\/2022\/12\/es-1-1024x683.jpg\" alt=\"\" class=\"wp-image-27135\" srcset=\"https:\/\/marekkuchcinski.pl\/wp-content\/uploads\/2022\/12\/es-1-1024x683.jpg 1024w, https:\/\/marekkuchcinski.pl\/wp-content\/uploads\/2022\/12\/es-1-300x200.jpg 300w, https:\/\/marekkuchcinski.pl\/wp-content\/uploads\/2022\/12\/es-1-768x512.jpg 768w, https:\/\/marekkuchcinski.pl\/wp-content\/uploads\/2022\/12\/es-1-1536x1024.jpg 1536w, https:\/\/marekkuchcinski.pl\/wp-content\/uploads\/2022\/12\/es-1-18x12.jpg 18w, https:\/\/marekkuchcinski.pl\/wp-content\/uploads\/2022\/12\/es-1.jpg 1600w\" sizes=\"(max-width: 1024px) 100vw, 1024px\" \/><\/a><\/figure>\n\n\n\n<figure class=\"wp-block-image size-large\"><a href=\"https:\/\/marekkuchcinski.pl\/wp-content\/uploads\/2022\/12\/es2.jpg\"><img decoding=\"async\" width=\"1024\" height=\"683\" src=\"https:\/\/marekkuchcinski.pl\/wp-content\/uploads\/2022\/12\/es2-1024x683.jpg\" alt=\"\" class=\"wp-image-27136\" srcset=\"https:\/\/marekkuchcinski.pl\/wp-content\/uploads\/2022\/12\/es2-1024x683.jpg 1024w, https:\/\/marekkuchcinski.pl\/wp-content\/uploads\/2022\/12\/es2-300x200.jpg 300w, https:\/\/marekkuchcinski.pl\/wp-content\/uploads\/2022\/12\/es2-768x512.jpg 768w, https:\/\/marekkuchcinski.pl\/wp-content\/uploads\/2022\/12\/es2-1536x1024.jpg 1536w, https:\/\/marekkuchcinski.pl\/wp-content\/uploads\/2022\/12\/es2-18x12.jpg 18w, https:\/\/marekkuchcinski.pl\/wp-content\/uploads\/2022\/12\/es2.jpg 1600w\" sizes=\"(max-width: 1024px) 100vw, 1024px\" \/><\/a><\/figure>\n\n\n\n<figure class=\"wp-block-image size-large\"><a href=\"https:\/\/marekkuchcinski.pl\/wp-content\/uploads\/2022\/12\/es3.jpg\"><img decoding=\"async\" width=\"1024\" height=\"683\" src=\"https:\/\/marekkuchcinski.pl\/wp-content\/uploads\/2022\/12\/es3-1024x683.jpg\" alt=\"\" class=\"wp-image-27137\" srcset=\"https:\/\/marekkuchcinski.pl\/wp-content\/uploads\/2022\/12\/es3-1024x683.jpg 1024w, https:\/\/marekkuchcinski.pl\/wp-content\/uploads\/2022\/12\/es3-300x200.jpg 300w, https:\/\/marekkuchcinski.pl\/wp-content\/uploads\/2022\/12\/es3-768x512.jpg 768w, https:\/\/marekkuchcinski.pl\/wp-content\/uploads\/2022\/12\/es3-1536x1024.jpg 1536w, https:\/\/marekkuchcinski.pl\/wp-content\/uploads\/2022\/12\/es3-18x12.jpg 18w, https:\/\/marekkuchcinski.pl\/wp-content\/uploads\/2022\/12\/es3.jpg 1600w\" sizes=\"(max-width: 1024px) 100vw, 1024px\" \/><\/a><\/figure>\n\n\n\n<figure class=\"wp-block-image size-large\"><a href=\"https:\/\/marekkuchcinski.pl\/wp-content\/uploads\/2022\/12\/es4.jpg\"><img loading=\"lazy\" decoding=\"async\" width=\"1024\" height=\"683\" src=\"https:\/\/marekkuchcinski.pl\/wp-content\/uploads\/2022\/12\/es4-1024x683.jpg\" alt=\"\" class=\"wp-image-27138\" srcset=\"https:\/\/marekkuchcinski.pl\/wp-content\/uploads\/2022\/12\/es4-1024x683.jpg 1024w, https:\/\/marekkuchcinski.pl\/wp-content\/uploads\/2022\/12\/es4-300x200.jpg 300w, https:\/\/marekkuchcinski.pl\/wp-content\/uploads\/2022\/12\/es4-768x512.jpg 768w, https:\/\/marekkuchcinski.pl\/wp-content\/uploads\/2022\/12\/es4-1536x1024.jpg 1536w, https:\/\/marekkuchcinski.pl\/wp-content\/uploads\/2022\/12\/es4-18x12.jpg 18w, https:\/\/marekkuchcinski.pl\/wp-content\/uploads\/2022\/12\/es4.jpg 1600w\" sizes=\"(max-width: 1024px) 100vw, 1024px\" \/><\/a><\/figure>","protected":false},"excerpt":{"rendered":"<p>19 grudnia odby\u0142o si\u0119 posiedzenie roboczego Zespo\u0142u do spraw wypracowania porozumienia mi\u0119dzy Rz\u0105dem RP a Komisj\u0105 Krajow\u0105 NSZZ \u201eSolidarno\u015b\u0107\u201d pod przewodnictwem szefa KPRM Marka Kuchci\u0144skiego. G\u0142\u00f3wnymi tematami negocjacji by\u0142y: a) wsparcie przedsi\u0119biorstw energoch\u0142onnych; b) zmiany w polityce energetycznej kraju; c) wynagrodzenia w sferze finans\u00f3w publicznych, w tym zmiany dotycz\u0105ce wynagrodze\u0144 w sferze bud\u017cetowej z wyszczeg\u00f3lnieniem [&hellip;]<\/p>\n","protected":false},"author":21,"featured_media":27136,"comment_status":"open","ping_status":"open","sticky":false,"template":"","format":"standard","meta":{"ngg_post_thumbnail":0,"footnotes":""},"categories":[3],"tags":[],"class_list":["post-27133","post","type-post","status-publish","format-standard","has-post-thumbnail","hentry","category-wydarzenia"],"_links":{"self":[{"href":"https:\/\/marekkuchcinski.pl\/sk\/wp-json\/wp\/v2\/posts\/27133","targetHints":{"allow":["GET"]}}],"collection":[{"href":"https:\/\/marekkuchcinski.pl\/sk\/wp-json\/wp\/v2\/posts"}],"about":[{"href":"https:\/\/marekkuchcinski.pl\/sk\/wp-json\/wp\/v2\/types\/post"}],"author":[{"embeddable":true,"href":"https:\/\/marekkuchcinski.pl\/sk\/wp-json\/wp\/v2\/users\/21"}],"replies":[{"embeddable":true,"href":"https:\/\/marekkuchcinski.pl\/sk\/wp-json\/wp\/v2\/comments?post=27133"}],"version-history":[{"count":1,"href":"https:\/\/marekkuchcinski.pl\/sk\/wp-json\/wp\/v2\/posts\/27133\/revisions"}],"predecessor-version":[{"id":27139,"href":"https:\/\/marekkuchcinski.pl\/sk\/wp-json\/wp\/v2\/posts\/27133\/revisions\/27139"}],"wp:featuredmedia":[{"embeddable":true,"href":"https:\/\/marekkuchcinski.pl\/sk\/wp-json\/wp\/v2\/media\/27136"}],"wp:attachment":[{"href":"https:\/\/marekkuchcinski.pl\/sk\/wp-json\/wp\/v2\/media?parent=27133"}],"wp:term":[{"taxonomy":"category","embeddable":true,"href":"https:\/\/marekkuchcinski.pl\/sk\/wp-json\/wp\/v2\/categories?post=27133"},{"taxonomy":"post_tag","embeddable":true,"href":"https:\/\/marekkuchcinski.pl\/sk\/wp-json\/wp\/v2\/tags?post=27133"}],"curies":[{"name":"wp","href":"https:\/\/api.w.org\/{rel}","templated":true}]}}