{"id":27062,"date":"2022-12-06T17:10:49","date_gmt":"2022-12-06T16:10:49","guid":{"rendered":"https:\/\/marekkuchcinski.pl\/?p=27062"},"modified":"2022-12-06T17:10:50","modified_gmt":"2022-12-06T16:10:50","slug":"oddech-rosji-na-plecach-cenzura-szantaz-i-polska-kuchcinski-dla-niezalezna-pl-archiwizujemy-wspomnienia","status":"publish","type":"post","link":"https:\/\/marekkuchcinski.pl\/sk\/wydarzenia\/oddech-rosji-na-plecach-cenzura-szantaz-i-polska-kuchcinski-dla-niezalezna-pl-archiwizujemy-wspomnienia\/","title":{"rendered":"Dych Ruska po chrbte, cenz\u00fara, vydieranie a... Po\u013esko. Kuchci\u0144ski pre Niezalezna.pl: Archivujeme spomienky"},"content":{"rendered":"<p>Fotografie, filmy, spomienky, arch\u00edvne materi\u00e1ly \u0160tB, profily r\u00f4znych \u013eud\u00ed spojen\u00fdch s opozi\u010dn\u00fdmi a ob\u010dianskymi aktivitami v Przemy\u015bli v rokoch 1967-1997 - to v\u0161etko n\u00e1jdete na str\u00e1nke Arch\u00edv slobody, ktor\u00e1 vznikla v\u010faka financovanie Po\u013esk\u00e9ho historick\u00e9ho m\u00fazea vo Var\u0161ave zajtra v r\u00e1mci s\u00fa\u0165a\u017ee \u201eVlastenectvo\u201c.<\/p>\n\n\n\n<p>Cie\u013eom projektu je predstavi\u0165 hist\u00f3riu \u013eud\u00ed a udalost\u00ed v regi\u00f3ne juhov\u00fdchodn\u00e9ho Po\u013eska, ktor\u00ed sa priamo i nepriamo podie\u013eali na procese budovania slobody v \u010dasoch komunistick\u00e9ho zotro\u010denia, v krajine izolovanej v tom \u010dase od kontaktov. a vplyvy slobodn\u00e9ho sveta.<\/p>\n\n\n\n<hr class=\"wp-block-separator has-alpha-channel-opacity\"\/>\n\n\n\n<p><strong>D\u00e1 sa sloboda archivova\u0165?<\/strong><\/p>\n\n\n\n<p>Marek Kuchci\u0144ski: M\u00f4\u017eete archivova\u0165 spomienky a za\u010dali sme to robi\u0165 na port\u00e1li <a href=\"https:\/\/archiwumwolnosci.pl\/\">Archivum wolno\u015bci - ZIEMIA PRZEMYSKA I REGION 1967-1997 (archiwumwolnosci.pl)<\/a> S\u00fa tu najm\u00e4 pr\u00edbehy \u013eud\u00ed, ktor\u00ed svojimi \u010dinmi pomohli Po\u013esku z\u00edska\u0165 t\u00fato slobodu sp\u00e4\u0165. \u010co si mlad\u0161ia gener\u00e1cia nie v\u017edy uvedomuje je, \u017ee sme \u017eili v krajine, kde bolo treba v\u00e1\u017ei\u0165 ka\u017ed\u00e9 slovo, kde takmer ka\u017ed\u00e9ho sledovali, sledovali, \u010dasto vydierali a n\u00fatili informova\u0165 o vlastn\u00fdch priate\u013eoch a dokonca aj o rodine, v krajine, kde na chrbte ste c\u00edtili \u013eadov\u00fd dych sovietskeho Ruska a cenz\u00faru jeho vern\u00fdch \u017eiakov.\u00a0<\/p>\n\n\n\n<p><strong>V \u010dom spo\u010d\u00edva inov\u00e1cia tohto projektu?<\/strong><\/p>\n\n\n\n<p>Rozhodli sme sa zozbiera\u0165 spomienky \u00fa\u010dastn\u00edkov podujat\u00ed z t\u00fdch rokov, ich hodnotenia z dne\u0161n\u00e9ho poh\u013eadu, no poskytnut\u00e9 od nich bez skr\u00fdvania em\u00f3ci\u00ed a to je ve\u013ek\u00e1 hodnota port\u00e1lu. Samozrejme, existuj\u00fa materi\u00e1ly IPN, historick\u00e9 \u0161t\u00fadie, no my chceme t\u00fa realitu pripomen\u00fa\u0165 o\u010dami jej tvorcov ve\u013emi osobn\u00fdm, mierne sentiment\u00e1lnym sp\u00f4sobom. Uk\u00e1za\u0165 bohatstvo \u017eivota v Po\u013esku na pr\u00edklade malej komunity.<\/p>\n\n\n\n<p>Tu je posolstvo priame, je to ak\u00e1si pam\u00e4\u0165ov\u00e1 z\u00e1klad\u0148a. Zbierame viacgenera\u010dn\u00e9 spomienky, po\u010d\u00edtame s nasaden\u00edm. Chceli by sme, aby port\u00e1l \u017eil, zdie\u013eal z\u00e1\u017eitky a fotografie. Pri \u010d\u00edtan\u00ed u\u017e publikovan\u00fdch spomienok si s\u00e1m spom\u00ednam na mnoh\u00e9 udalosti a m\u00e1m chu\u0165 to komentova\u0165, nie\u010do doda\u0165. Srde\u010dne v\u00e1s povzbudzujem.&nbsp;<\/p>\n\n\n\n<p><strong>V Przemy\u015bli ste ned\u00e1vno reaktivovali kult\u00farnu spolo\u010dnos\u0165\u2026<\/strong><\/p>\n\n\n\n<p>\u00c1no, spolu s priate\u013emi z t\u00fdch rokov a port\u00e1l je jednou z jeho iniciat\u00edv. Ke\u010f sme v 80. rokoch organizovali stretnutia nez\u00e1visl\u00e9ho prostredia, nesk\u00f4r naz\u00fdvan\u00e9ho kult\u00farne podkrovie, okrem politikov sa na nich z\u00fa\u010dast\u0148ovali najm\u00e4 \u013eudia kult\u00fary \u2013 b\u00e1snici, maliari, hudobn\u00edci... Umenie vtedy d\u00e1valo pocit slobody, mo\u017enos\u0165 zhlboka sa nad\u00fdchnu\u0165 a porozpr\u00e1va\u0165 sa s nie\u010d\u00edm kr\u00e1snym, \u010do bola t\u00e1to siv\u00e1 realita mimoriadne d\u00f4le\u017eit\u00e1.&nbsp;<\/p>\n\n\n\n<p><strong>Mysl\u00edte si, \u017ee sa tie my\u0161lienky daj\u00fa prenies\u0165 aj na dne\u0161n\u00fa p\u00f4du?<\/strong><\/p>\n\n\n\n<p>Wtedy one by\u0142y niepopularne, a zrozumienie porz\u0105dku cywilizacyjnego z perspektywy lokalnej by\u0142o jednak mocno skomplikowane i celnie opisa\u0142 to. Krzysztof Dybciak: \u201e\u2026wymagaj\u0105ce cywilnej odwagi. Na przyk\u0142ad wyrywaj\u0105c si\u0119 z bloku komunistycznego idealizowali\u015bmy Zach\u00f3d. Oczywi\u015bcie, nie by\u0142a to Europa tak dekadencka jak obecnie, ale nie by\u0142a te\u017c rzeczywisto\u015bci\u0105 bez skaz, a tak\u0105 chcieli\u015bmy j\u0105 widzie\u0107 i tak\u0105 g\u0142osili\u015bmy w sporach ze zwolennikami ustroju komunistycznego. Dlatego chyba tylko w przemyskim \u015brodowisku i w &#8222;Strychu Kulturalnym\u201d mog\u0142y si\u0119 pojawia\u0107 tyrady Rogera Scrutona przeciw polityce zachodniej lewicy i demaskuj\u0105ce s\u0142abo\u015bci idei socjalistycznych. A jakim szokiem dla wielu, \u0142\u0105cznie ze mn\u0105, by\u0142a teza angielskiego konserwatysty (w 1988 roku!) stanowi\u0105ca tytu\u0142 jego rozmowy z Janem Musia\u0142em: \u201eZjednoczenie Europy to mrzonka ze\u015bwiecczonych biurokrat\u00f3w\u201d . A dalej wyja\u015bnia\u0142 o co chodzi: \u201eDwa powa\u017cne niebezpiecze\u0144stwa dla Europy w\u0142a\u015bnie: erozja lojalno\u015bci narodowej oraz wy\u0142onienie si\u0119 nowej ekonomicznej supersi\u0142y, kt\u00f3rej braknie woli, przezorno\u015bci i \u015brodk\u00f3w do obrony samej siebie\u201d.<\/p>\n\n\n\n<p><a href=\"https:\/\/niezalezna.pl\/466848-oddech-rosji-na-plecach-cenzura-szantaz-i-polska-kuchcinski-dla-niezaleznapl-archiwizujemy-wspomnienia-zdjecia?fbclid=IwAR2ekQUf2psqaqQ7PI0B01VER_qmjvVnvwj47S2DTWSQ_U-_TA6c4SFxqd8\">Rusk\u00fd dych na chrb\u00e1t, cenz\u00fara, vydieranie a... Po\u013esko. Kuchci\u0144ski pre Niezalezna.pl: Archivujeme spomienky [FOTKY] \u2013 Nez\u00e1visl\u00e9<\/a><\/p>\n\n\n\n<figure class=\"wp-block-image size-large\"><a href=\"https:\/\/marekkuchcinski.pl\/wp-content\/uploads\/2022\/12\/jmmk.jpg\"><img fetchpriority=\"high\" decoding=\"async\" width=\"1024\" height=\"512\" src=\"https:\/\/marekkuchcinski.pl\/wp-content\/uploads\/2022\/12\/jmmk-1024x512.jpg\" alt=\"\" class=\"wp-image-27065\" srcset=\"https:\/\/marekkuchcinski.pl\/wp-content\/uploads\/2022\/12\/jmmk-1024x512.jpg 1024w, https:\/\/marekkuchcinski.pl\/wp-content\/uploads\/2022\/12\/jmmk-300x150.jpg 300w, https:\/\/marekkuchcinski.pl\/wp-content\/uploads\/2022\/12\/jmmk-768x384.jpg 768w, https:\/\/marekkuchcinski.pl\/wp-content\/uploads\/2022\/12\/jmmk-18x9.jpg 18w, https:\/\/marekkuchcinski.pl\/wp-content\/uploads\/2022\/12\/jmmk.jpg 1200w\" sizes=\"(max-width: 1024px) 100vw, 1024px\" \/><\/a><\/figure>","protected":false},"excerpt":{"rendered":"<p>Zdj\u0119cia, filmy, wspomnienia, materia\u0142y archiwalne S\u0142u\u017cby Bezpiecze\u0144stwa, sylwetki r\u00f3\u017cnych os\u00f3b zwi\u0105zanych w Przemy\u015blu z dzia\u0142alno\u015bci\u0105 opozycyjn\u0105 i obywatelsk\u0105 w latach 1967-1997 &#8211; to wszystko znajdziemy na portalu&nbsp;Archiwum Wolno\u015bci, jaki powsta\u0142&nbsp;dzi\u0119ki dofinansowaniu Muzeum Historii Polski w Warszawie w ramach konkursu \u201ePatriotyzm Jutra\u201d. Celem projektu jest&nbsp;przedstawienie historii ludzi i wydarze\u0144 regionu po\u0142udniowo-wschodniej Polski, kt\u00f3rzy brali bezpo\u015bredni oraz [&hellip;]<\/p>","protected":false},"author":21,"featured_media":27065,"comment_status":"open","ping_status":"open","sticky":false,"template":"","format":"standard","meta":{"ngg_post_thumbnail":0,"footnotes":""},"categories":[34,3],"tags":[],"class_list":["post-27062","post","type-post","status-publish","format-standard","has-post-thumbnail","hentry","category-w-mediach","category-wydarzenia"],"yoast_head":"<!-- This site is optimized with the Yoast SEO plugin v24.7 - https:\/\/yoast.com\/wordpress\/plugins\/seo\/ -->\n<title>Oddech Rosji na plecach, cenzura, szanta\u017c i... Polska. Kuchci\u0144ski dla Niezalezna.pl: Archiwizujemy wspomnienia &#8211; Marek Kuchci\u0144ski<\/title>\n<meta name=\"robots\" content=\"index, follow, max-snippet:-1, max-image-preview:large, max-video-preview:-1\" \/>\n<link rel=\"canonical\" href=\"https:\/\/marekkuchcinski.pl\/sk\/wydarzenia\/oddech-rosji-na-plecach-cenzura-szantaz-i-polska-kuchcinski-dla-niezalezna-pl-archiwizujemy-wspomnienia\/\" \/>\n<meta property=\"og:locale\" content=\"sk_SK\" \/>\n<meta property=\"og:type\" content=\"article\" \/>\n<meta property=\"og:title\" content=\"Oddech Rosji na plecach, cenzura, szanta\u017c i... Polska. Kuchci\u0144ski dla Niezalezna.pl: Archiwizujemy wspomnienia &#8211; Marek Kuchci\u0144ski\" \/>\n<meta property=\"og:description\" content=\"Zdj\u0119cia, filmy, wspomnienia, materia\u0142y archiwalne S\u0142u\u017cby Bezpiecze\u0144stwa, sylwetki r\u00f3\u017cnych os\u00f3b zwi\u0105zanych w Przemy\u015blu z dzia\u0142alno\u015bci\u0105 opozycyjn\u0105 i obywatelsk\u0105 w latach 1967-1997 &#8211; to wszystko znajdziemy na portalu&nbsp;Archiwum Wolno\u015bci, jaki powsta\u0142&nbsp;dzi\u0119ki dofinansowaniu Muzeum Historii Polski w Warszawie w ramach konkursu \u201ePatriotyzm Jutra\u201d. Celem projektu jest&nbsp;przedstawienie historii ludzi i wydarze\u0144 regionu po\u0142udniowo-wschodniej Polski, kt\u00f3rzy brali bezpo\u015bredni oraz [&hellip;]\" \/>\n<meta property=\"og:url\" content=\"https:\/\/marekkuchcinski.pl\/sk\/wydarzenia\/oddech-rosji-na-plecach-cenzura-szantaz-i-polska-kuchcinski-dla-niezalezna-pl-archiwizujemy-wspomnienia\/\" \/>\n<meta property=\"og:site_name\" content=\"Marek Kuchci\u0144ski\" \/>\n<meta property=\"article:published_time\" content=\"2022-12-06T16:10:49+00:00\" \/>\n<meta property=\"article:modified_time\" content=\"2022-12-06T16:10:50+00:00\" \/>\n<meta property=\"og:image\" content=\"https:\/\/marekkuchcinski.pl\/wp-content\/uploads\/2022\/12\/jmmk.jpg\" \/>\n\t<meta property=\"og:image:width\" content=\"1200\" \/>\n\t<meta property=\"og:image:height\" content=\"600\" \/>\n\t<meta property=\"og:image:type\" content=\"image\/jpeg\" \/>\n<meta name=\"author\" content=\"Marta Olejnik\" \/>\n<meta name=\"twitter:card\" content=\"summary_large_image\" \/>\n<meta name=\"twitter:label1\" content=\"Autor\" \/>\n\t<meta name=\"twitter:data1\" content=\"Marta Olejnik\" \/>\n\t<meta name=\"twitter:label2\" content=\"Predpokladan\u00fd \u010das \u010d\u00edtania\" \/>\n\t<meta name=\"twitter:data2\" content=\"3 min\u00faty\" \/>\n<script type=\"application\/ld+json\" class=\"yoast-schema-graph\">{\"@context\":\"https:\/\/schema.org\",\"@graph\":[{\"@type\":\"Article\",\"@id\":\"https:\/\/marekkuchcinski.pl\/wydarzenia\/oddech-rosji-na-plecach-cenzura-szantaz-i-polska-kuchcinski-dla-niezalezna-pl-archiwizujemy-wspomnienia\/#article\",\"isPartOf\":{\"@id\":\"https:\/\/marekkuchcinski.pl\/wydarzenia\/oddech-rosji-na-plecach-cenzura-szantaz-i-polska-kuchcinski-dla-niezalezna-pl-archiwizujemy-wspomnienia\/\"},\"author\":{\"name\":\"Marta Olejnik\",\"@id\":\"https:\/\/marekkuchcinski.pl\/#\/schema\/person\/51d5d4ee3b5317b8e4dd2b48af359229\"},\"headline\":\"Oddech Rosji na plecach, cenzura, szanta\u017c i&#8230; Polska. Kuchci\u0144ski dla Niezalezna.pl: Archiwizujemy wspomnienia\",\"datePublished\":\"2022-12-06T16:10:49+00:00\",\"dateModified\":\"2022-12-06T16:10:50+00:00\",\"mainEntityOfPage\":{\"@id\":\"https:\/\/marekkuchcinski.pl\/wydarzenia\/oddech-rosji-na-plecach-cenzura-szantaz-i-polska-kuchcinski-dla-niezalezna-pl-archiwizujemy-wspomnienia\/\"},\"wordCount\":665,\"commentCount\":0,\"publisher\":{\"@id\":\"https:\/\/marekkuchcinski.pl\/#organization\"},\"image\":{\"@id\":\"https:\/\/marekkuchcinski.pl\/wydarzenia\/oddech-rosji-na-plecach-cenzura-szantaz-i-polska-kuchcinski-dla-niezalezna-pl-archiwizujemy-wspomnienia\/#primaryimage\"},\"thumbnailUrl\":\"https:\/\/marekkuchcinski.pl\/wp-content\/uploads\/2022\/12\/jmmk.jpg\",\"articleSection\":[\"W mediach\",\"Wydarzenia\"],\"inLanguage\":\"sk-SK\",\"potentialAction\":[{\"@type\":\"CommentAction\",\"name\":\"Comment\",\"target\":[\"https:\/\/marekkuchcinski.pl\/wydarzenia\/oddech-rosji-na-plecach-cenzura-szantaz-i-polska-kuchcinski-dla-niezalezna-pl-archiwizujemy-wspomnienia\/#respond\"]}]},{\"@type\":\"WebPage\",\"@id\":\"https:\/\/marekkuchcinski.pl\/wydarzenia\/oddech-rosji-na-plecach-cenzura-szantaz-i-polska-kuchcinski-dla-niezalezna-pl-archiwizujemy-wspomnienia\/\",\"url\":\"https:\/\/marekkuchcinski.pl\/wydarzenia\/oddech-rosji-na-plecach-cenzura-szantaz-i-polska-kuchcinski-dla-niezalezna-pl-archiwizujemy-wspomnienia\/\",\"name\":\"Oddech Rosji na plecach, cenzura, szanta\u017c i... Polska. Kuchci\u0144ski dla Niezalezna.pl: Archiwizujemy wspomnienia &#8211; Marek Kuchci\u0144ski\",\"isPartOf\":{\"@id\":\"https:\/\/marekkuchcinski.pl\/#website\"},\"primaryImageOfPage\":{\"@id\":\"https:\/\/marekkuchcinski.pl\/wydarzenia\/oddech-rosji-na-plecach-cenzura-szantaz-i-polska-kuchcinski-dla-niezalezna-pl-archiwizujemy-wspomnienia\/#primaryimage\"},\"image\":{\"@id\":\"https:\/\/marekkuchcinski.pl\/wydarzenia\/oddech-rosji-na-plecach-cenzura-szantaz-i-polska-kuchcinski-dla-niezalezna-pl-archiwizujemy-wspomnienia\/#primaryimage\"},\"thumbnailUrl\":\"https:\/\/marekkuchcinski.pl\/wp-content\/uploads\/2022\/12\/jmmk.jpg\",\"datePublished\":\"2022-12-06T16:10:49+00:00\",\"dateModified\":\"2022-12-06T16:10:50+00:00\",\"breadcrumb\":{\"@id\":\"https:\/\/marekkuchcinski.pl\/wydarzenia\/oddech-rosji-na-plecach-cenzura-szantaz-i-polska-kuchcinski-dla-niezalezna-pl-archiwizujemy-wspomnienia\/#breadcrumb\"},\"inLanguage\":\"sk-SK\",\"potentialAction\":[{\"@type\":\"ReadAction\",\"target\":[\"https:\/\/marekkuchcinski.pl\/wydarzenia\/oddech-rosji-na-plecach-cenzura-szantaz-i-polska-kuchcinski-dla-niezalezna-pl-archiwizujemy-wspomnienia\/\"]}]},{\"@type\":\"ImageObject\",\"inLanguage\":\"sk-SK\",\"@id\":\"https:\/\/marekkuchcinski.pl\/wydarzenia\/oddech-rosji-na-plecach-cenzura-szantaz-i-polska-kuchcinski-dla-niezalezna-pl-archiwizujemy-wspomnienia\/#primaryimage\",\"url\":\"https:\/\/marekkuchcinski.pl\/wp-content\/uploads\/2022\/12\/jmmk.jpg\",\"contentUrl\":\"https:\/\/marekkuchcinski.pl\/wp-content\/uploads\/2022\/12\/jmmk.jpg\",\"width\":1200,\"height\":600},{\"@type\":\"BreadcrumbList\",\"@id\":\"https:\/\/marekkuchcinski.pl\/wydarzenia\/oddech-rosji-na-plecach-cenzura-szantaz-i-polska-kuchcinski-dla-niezalezna-pl-archiwizujemy-wspomnienia\/#breadcrumb\",\"itemListElement\":[{\"@type\":\"ListItem\",\"position\":1,\"name\":\"Strona g\u0142\u00f3wna\",\"item\":\"https:\/\/marekkuchcinski.pl\/\"},{\"@type\":\"ListItem\",\"position\":2,\"name\":\"Oddech Rosji na plecach, cenzura, szanta\u017c i&#8230; Polska. Kuchci\u0144ski dla Niezalezna.pl: Archiwizujemy wspomnienia\"}]},{\"@type\":\"WebSite\",\"@id\":\"https:\/\/marekkuchcinski.pl\/#website\",\"url\":\"https:\/\/marekkuchcinski.pl\/\",\"name\":\"Marek Kuchci\u0144ski\",\"description\":\"Pose\u0142 na sejm RP &ndash; okr\u0119g nr 22\",\"publisher\":{\"@id\":\"https:\/\/marekkuchcinski.pl\/#organization\"},\"potentialAction\":[{\"@type\":\"SearchAction\",\"target\":{\"@type\":\"EntryPoint\",\"urlTemplate\":\"https:\/\/marekkuchcinski.pl\/?s={search_term_string}\"},\"query-input\":{\"@type\":\"PropertyValueSpecification\",\"valueRequired\":true,\"valueName\":\"search_term_string\"}}],\"inLanguage\":\"sk-SK\"},{\"@type\":\"Organization\",\"@id\":\"https:\/\/marekkuchcinski.pl\/#organization\",\"name\":\"Marek Kuchci\u0144ski\",\"url\":\"https:\/\/marekkuchcinski.pl\/\",\"logo\":{\"@type\":\"ImageObject\",\"inLanguage\":\"sk-SK\",\"@id\":\"https:\/\/marekkuchcinski.pl\/#\/schema\/logo\/image\/\",\"url\":\"https:\/\/marekkuchcinski.pl\/wp-content\/uploads\/2022\/09\/Marek.jpg\",\"contentUrl\":\"https:\/\/marekkuchcinski.pl\/wp-content\/uploads\/2022\/09\/Marek.jpg\",\"width\":1600,\"height\":971,\"caption\":\"Marek Kuchci\u0144ski\"},\"image\":{\"@id\":\"https:\/\/marekkuchcinski.pl\/#\/schema\/logo\/image\/\"}},{\"@type\":\"Person\",\"@id\":\"https:\/\/marekkuchcinski.pl\/#\/schema\/person\/51d5d4ee3b5317b8e4dd2b48af359229\",\"name\":\"Marta Olejnik\",\"image\":{\"@type\":\"ImageObject\",\"inLanguage\":\"sk-SK\",\"@id\":\"https:\/\/marekkuchcinski.pl\/#\/schema\/person\/image\/\",\"url\":\"https:\/\/secure.gravatar.com\/avatar\/e39914b2aa6a48959e24d475b5dc9793?s=96&d=mm&r=g\",\"contentUrl\":\"https:\/\/secure.gravatar.com\/avatar\/e39914b2aa6a48959e24d475b5dc9793?s=96&d=mm&r=g\",\"caption\":\"Marta Olejnik\"},\"url\":\"https:\/\/marekkuchcinski.pl\/sk\/author\/marta\/\"}]}<\/script>\n<!-- \/ Yoast SEO plugin. -->","yoast_head_json":{"title":"Oddech Rosji na plecach, cenzura, szanta\u017c i... Polska. Kuchci\u0144ski dla Niezalezna.pl: Archiwizujemy wspomnienia &#8211; Marek Kuchci\u0144ski","robots":{"index":"index","follow":"follow","max-snippet":"max-snippet:-1","max-image-preview":"max-image-preview:large","max-video-preview":"max-video-preview:-1"},"canonical":"https:\/\/marekkuchcinski.pl\/sk\/wydarzenia\/oddech-rosji-na-plecach-cenzura-szantaz-i-polska-kuchcinski-dla-niezalezna-pl-archiwizujemy-wspomnienia\/","og_locale":"sk_SK","og_type":"article","og_title":"Oddech Rosji na plecach, cenzura, szanta\u017c i... Polska. Kuchci\u0144ski dla Niezalezna.pl: Archiwizujemy wspomnienia &#8211; Marek Kuchci\u0144ski","og_description":"Zdj\u0119cia, filmy, wspomnienia, materia\u0142y archiwalne S\u0142u\u017cby Bezpiecze\u0144stwa, sylwetki r\u00f3\u017cnych os\u00f3b zwi\u0105zanych w Przemy\u015blu z dzia\u0142alno\u015bci\u0105 opozycyjn\u0105 i obywatelsk\u0105 w latach 1967-1997 &#8211; to wszystko znajdziemy na portalu&nbsp;Archiwum Wolno\u015bci, jaki powsta\u0142&nbsp;dzi\u0119ki dofinansowaniu Muzeum Historii Polski w Warszawie w ramach konkursu \u201ePatriotyzm Jutra\u201d. Celem projektu jest&nbsp;przedstawienie historii ludzi i wydarze\u0144 regionu po\u0142udniowo-wschodniej Polski, kt\u00f3rzy brali bezpo\u015bredni oraz [&hellip;]","og_url":"https:\/\/marekkuchcinski.pl\/sk\/wydarzenia\/oddech-rosji-na-plecach-cenzura-szantaz-i-polska-kuchcinski-dla-niezalezna-pl-archiwizujemy-wspomnienia\/","og_site_name":"Marek Kuchci\u0144ski","article_published_time":"2022-12-06T16:10:49+00:00","article_modified_time":"2022-12-06T16:10:50+00:00","og_image":[{"width":1200,"height":600,"url":"https:\/\/marekkuchcinski.pl\/wp-content\/uploads\/2022\/12\/jmmk.jpg","type":"image\/jpeg"}],"author":"Marta Olejnik","twitter_card":"summary_large_image","twitter_misc":{"Autor":"Marta Olejnik","Predpokladan\u00fd \u010das \u010d\u00edtania":"3 min\u00faty"},"schema":{"@context":"https:\/\/schema.org","@graph":[{"@type":"Article","@id":"https:\/\/marekkuchcinski.pl\/wydarzenia\/oddech-rosji-na-plecach-cenzura-szantaz-i-polska-kuchcinski-dla-niezalezna-pl-archiwizujemy-wspomnienia\/#article","isPartOf":{"@id":"https:\/\/marekkuchcinski.pl\/wydarzenia\/oddech-rosji-na-plecach-cenzura-szantaz-i-polska-kuchcinski-dla-niezalezna-pl-archiwizujemy-wspomnienia\/"},"author":{"name":"Marta Olejnik","@id":"https:\/\/marekkuchcinski.pl\/#\/schema\/person\/51d5d4ee3b5317b8e4dd2b48af359229"},"headline":"Oddech Rosji na plecach, cenzura, szanta\u017c i&#8230; Polska. Kuchci\u0144ski dla Niezalezna.pl: Archiwizujemy wspomnienia","datePublished":"2022-12-06T16:10:49+00:00","dateModified":"2022-12-06T16:10:50+00:00","mainEntityOfPage":{"@id":"https:\/\/marekkuchcinski.pl\/wydarzenia\/oddech-rosji-na-plecach-cenzura-szantaz-i-polska-kuchcinski-dla-niezalezna-pl-archiwizujemy-wspomnienia\/"},"wordCount":665,"commentCount":0,"publisher":{"@id":"https:\/\/marekkuchcinski.pl\/#organization"},"image":{"@id":"https:\/\/marekkuchcinski.pl\/wydarzenia\/oddech-rosji-na-plecach-cenzura-szantaz-i-polska-kuchcinski-dla-niezalezna-pl-archiwizujemy-wspomnienia\/#primaryimage"},"thumbnailUrl":"https:\/\/marekkuchcinski.pl\/wp-content\/uploads\/2022\/12\/jmmk.jpg","articleSection":["W mediach","Wydarzenia"],"inLanguage":"sk-SK","potentialAction":[{"@type":"CommentAction","name":"Comment","target":["https:\/\/marekkuchcinski.pl\/wydarzenia\/oddech-rosji-na-plecach-cenzura-szantaz-i-polska-kuchcinski-dla-niezalezna-pl-archiwizujemy-wspomnienia\/#respond"]}]},{"@type":"WebPage","@id":"https:\/\/marekkuchcinski.pl\/wydarzenia\/oddech-rosji-na-plecach-cenzura-szantaz-i-polska-kuchcinski-dla-niezalezna-pl-archiwizujemy-wspomnienia\/","url":"https:\/\/marekkuchcinski.pl\/wydarzenia\/oddech-rosji-na-plecach-cenzura-szantaz-i-polska-kuchcinski-dla-niezalezna-pl-archiwizujemy-wspomnienia\/","name":"Oddech Rosji na plecach, cenzura, szanta\u017c i... Polska. Kuchci\u0144ski dla Niezalezna.pl: Archiwizujemy wspomnienia &#8211; Marek Kuchci\u0144ski","isPartOf":{"@id":"https:\/\/marekkuchcinski.pl\/#website"},"primaryImageOfPage":{"@id":"https:\/\/marekkuchcinski.pl\/wydarzenia\/oddech-rosji-na-plecach-cenzura-szantaz-i-polska-kuchcinski-dla-niezalezna-pl-archiwizujemy-wspomnienia\/#primaryimage"},"image":{"@id":"https:\/\/marekkuchcinski.pl\/wydarzenia\/oddech-rosji-na-plecach-cenzura-szantaz-i-polska-kuchcinski-dla-niezalezna-pl-archiwizujemy-wspomnienia\/#primaryimage"},"thumbnailUrl":"https:\/\/marekkuchcinski.pl\/wp-content\/uploads\/2022\/12\/jmmk.jpg","datePublished":"2022-12-06T16:10:49+00:00","dateModified":"2022-12-06T16:10:50+00:00","breadcrumb":{"@id":"https:\/\/marekkuchcinski.pl\/wydarzenia\/oddech-rosji-na-plecach-cenzura-szantaz-i-polska-kuchcinski-dla-niezalezna-pl-archiwizujemy-wspomnienia\/#breadcrumb"},"inLanguage":"sk-SK","potentialAction":[{"@type":"ReadAction","target":["https:\/\/marekkuchcinski.pl\/wydarzenia\/oddech-rosji-na-plecach-cenzura-szantaz-i-polska-kuchcinski-dla-niezalezna-pl-archiwizujemy-wspomnienia\/"]}]},{"@type":"ImageObject","inLanguage":"sk-SK","@id":"https:\/\/marekkuchcinski.pl\/wydarzenia\/oddech-rosji-na-plecach-cenzura-szantaz-i-polska-kuchcinski-dla-niezalezna-pl-archiwizujemy-wspomnienia\/#primaryimage","url":"https:\/\/marekkuchcinski.pl\/wp-content\/uploads\/2022\/12\/jmmk.jpg","contentUrl":"https:\/\/marekkuchcinski.pl\/wp-content\/uploads\/2022\/12\/jmmk.jpg","width":1200,"height":600},{"@type":"BreadcrumbList","@id":"https:\/\/marekkuchcinski.pl\/wydarzenia\/oddech-rosji-na-plecach-cenzura-szantaz-i-polska-kuchcinski-dla-niezalezna-pl-archiwizujemy-wspomnienia\/#breadcrumb","itemListElement":[{"@type":"ListItem","position":1,"name":"Strona g\u0142\u00f3wna","item":"https:\/\/marekkuchcinski.pl\/"},{"@type":"ListItem","position":2,"name":"Oddech Rosji na plecach, cenzura, szanta\u017c i&#8230; Polska. Kuchci\u0144ski dla Niezalezna.pl: Archiwizujemy wspomnienia"}]},{"@type":"WebSite","@id":"https:\/\/marekkuchcinski.pl\/#website","url":"https:\/\/marekkuchcinski.pl\/","name":"Marek Kuchci\u0144ski","description":"Pose\u0142 na sejm RP &ndash; okr\u0119g nr 22","publisher":{"@id":"https:\/\/marekkuchcinski.pl\/#organization"},"potentialAction":[{"@type":"SearchAction","target":{"@type":"EntryPoint","urlTemplate":"https:\/\/marekkuchcinski.pl\/?s={search_term_string}"},"query-input":{"@type":"PropertyValueSpecification","valueRequired":true,"valueName":"search_term_string"}}],"inLanguage":"sk-SK"},{"@type":"Organization","@id":"https:\/\/marekkuchcinski.pl\/#organization","name":"Marek Kuchci\u0144ski","url":"https:\/\/marekkuchcinski.pl\/","logo":{"@type":"ImageObject","inLanguage":"sk-SK","@id":"https:\/\/marekkuchcinski.pl\/#\/schema\/logo\/image\/","url":"https:\/\/marekkuchcinski.pl\/wp-content\/uploads\/2022\/09\/Marek.jpg","contentUrl":"https:\/\/marekkuchcinski.pl\/wp-content\/uploads\/2022\/09\/Marek.jpg","width":1600,"height":971,"caption":"Marek Kuchci\u0144ski"},"image":{"@id":"https:\/\/marekkuchcinski.pl\/#\/schema\/logo\/image\/"}},{"@type":"Person","@id":"https:\/\/marekkuchcinski.pl\/#\/schema\/person\/51d5d4ee3b5317b8e4dd2b48af359229","name":"Marta Olejnik","image":{"@type":"ImageObject","inLanguage":"sk-SK","@id":"https:\/\/marekkuchcinski.pl\/#\/schema\/person\/image\/","url":"https:\/\/secure.gravatar.com\/avatar\/e39914b2aa6a48959e24d475b5dc9793?s=96&d=mm&r=g","contentUrl":"https:\/\/secure.gravatar.com\/avatar\/e39914b2aa6a48959e24d475b5dc9793?s=96&d=mm&r=g","caption":"Marta Olejnik"},"url":"https:\/\/marekkuchcinski.pl\/sk\/author\/marta\/"}]}},"_links":{"self":[{"href":"https:\/\/marekkuchcinski.pl\/sk\/wp-json\/wp\/v2\/posts\/27062","targetHints":{"allow":["GET"]}}],"collection":[{"href":"https:\/\/marekkuchcinski.pl\/sk\/wp-json\/wp\/v2\/posts"}],"about":[{"href":"https:\/\/marekkuchcinski.pl\/sk\/wp-json\/wp\/v2\/types\/post"}],"author":[{"embeddable":true,"href":"https:\/\/marekkuchcinski.pl\/sk\/wp-json\/wp\/v2\/users\/21"}],"replies":[{"embeddable":true,"href":"https:\/\/marekkuchcinski.pl\/sk\/wp-json\/wp\/v2\/comments?post=27062"}],"version-history":[{"count":3,"href":"https:\/\/marekkuchcinski.pl\/sk\/wp-json\/wp\/v2\/posts\/27062\/revisions"}],"predecessor-version":[{"id":27066,"href":"https:\/\/marekkuchcinski.pl\/sk\/wp-json\/wp\/v2\/posts\/27062\/revisions\/27066"}],"wp:featuredmedia":[{"embeddable":true,"href":"https:\/\/marekkuchcinski.pl\/sk\/wp-json\/wp\/v2\/media\/27065"}],"wp:attachment":[{"href":"https:\/\/marekkuchcinski.pl\/sk\/wp-json\/wp\/v2\/media?parent=27062"}],"wp:term":[{"taxonomy":"category","embeddable":true,"href":"https:\/\/marekkuchcinski.pl\/sk\/wp-json\/wp\/v2\/categories?post=27062"},{"taxonomy":"post_tag","embeddable":true,"href":"https:\/\/marekkuchcinski.pl\/sk\/wp-json\/wp\/v2\/tags?post=27062"}],"curies":[{"name":"wp","href":"https:\/\/api.w.org\/{rel}","templated":true}]}}