{"id":26939,"date":"2022-11-18T12:07:01","date_gmt":"2022-11-18T11:07:01","guid":{"rendered":"https:\/\/marekkuchcinski.pl\/?p=26939"},"modified":"2022-11-18T12:07:03","modified_gmt":"2022-11-18T11:07:03","slug":"marek-kuchcinski-szefem-zespolu-ds-dialogu-miedzy-rzadem-a-solidarnoscia","status":"publish","type":"post","link":"https:\/\/marekkuchcinski.pl\/sk\/wydarzenia\/marek-kuchcinski-szefem-zespolu-ds-dialogu-miedzy-rzadem-a-solidarnoscia\/","title":{"rendered":"Marek Kuchci\u0144ski ved\u00faci t\u00edmu pre dial\u00f3g medzi vl\u00e1dou a Solidaritou"},"content":{"rendered":"<p class=\"wp-block-paragraph\">Na stretnut\u00ed predsedu vl\u00e1dy s predstavite\u013emi Solidarity sa z\u00fa\u010dastnil ved\u00faci kancel\u00e1rie predsedu vl\u00e1dy Marek Kuchci\u0144ski. V z\u00e1ujme lep\u0161ej komunik\u00e1cie o probl\u00e9moch a dial\u00f3gu medzi vl\u00e1dou a \u00faniou bude menovan\u00fd t\u00edm na \u010dele s ved\u00facim kancel\u00e1rie predsedu vl\u00e1dy a Henrykom Nakoniecznym v mene \u00fanie.<\/p>\n\n\n\n<p class=\"wp-block-paragraph\">Marek Kuchci\u0144ski poznamenal, \u017ee na stretnut\u00ed rezonuje staros\u0165 o \u013eud\u00ed a zodpovednos\u0165 za vlas\u0165, najm\u00e4 v situ\u00e1cii, ke\u010f sa na bezpe\u010dnos\u0165 na\u0161ej krajiny vy\u010dle\u0148uj\u00fa zna\u010dn\u00e9 prostriedky zo \u0161t\u00e1tneho rozpo\u010dtu.<\/p>\n\n\n\n<p class=\"wp-block-paragraph\">Predseda vl\u00e1dy uviedol, \u017ee sa vedie dial\u00f3g s odbormi, podnikate\u013emi a soci\u00e1lnou stranou, aby sa zos\u00faladili z\u00e1ujmy v\u0161etk\u00fdch. Hovorca vl\u00e1dy Piotr Muller zd\u00f4raznil, \u017ee vy\u0161\u0161ia minim\u00e1lna mzda vo v\u00fd\u0161ke 3 600 PLN v hrubom od j\u00fala 2023 je tie\u017e v\u00fdsledkom predch\u00e1dzaj\u00faceho dial\u00f3gu.<\/p>\n\n\n\n<p class=\"wp-block-paragraph\">T\u00edm by mal vznikn\u00fa\u0165 do konca novembra.<\/p>\n\n\n\n<figure class=\"wp-block-image size-large\"><a href=\"https:\/\/marekkuchcinski.pl\/wp-content\/uploads\/2022\/11\/IMG_7686.jpg\"><img fetchpriority=\"high\" decoding=\"async\" width=\"1024\" height=\"692\" src=\"https:\/\/marekkuchcinski.pl\/wp-content\/uploads\/2022\/11\/IMG_7686-1024x692.jpg\" alt=\"\" class=\"wp-image-26942\" srcset=\"https:\/\/marekkuchcinski.pl\/wp-content\/uploads\/2022\/11\/IMG_7686-1024x692.jpg 1024w, https:\/\/marekkuchcinski.pl\/wp-content\/uploads\/2022\/11\/IMG_7686-300x203.jpg 300w, https:\/\/marekkuchcinski.pl\/wp-content\/uploads\/2022\/11\/IMG_7686-768x519.jpg 768w, https:\/\/marekkuchcinski.pl\/wp-content\/uploads\/2022\/11\/IMG_7686-1536x1039.jpg 1536w, https:\/\/marekkuchcinski.pl\/wp-content\/uploads\/2022\/11\/IMG_7686-18x12.jpg 18w, https:\/\/marekkuchcinski.pl\/wp-content\/uploads\/2022\/11\/IMG_7686.jpg 1600w\" sizes=\"(max-width: 1024px) 100vw, 1024px\" \/><\/a><\/figure>\n\n\n\n<figure class=\"wp-block-image size-large\"><a href=\"https:\/\/marekkuchcinski.pl\/wp-content\/uploads\/2022\/11\/IMG_7714.jpg\"><img decoding=\"async\" width=\"1024\" height=\"632\" src=\"https:\/\/marekkuchcinski.pl\/wp-content\/uploads\/2022\/11\/IMG_7714-1024x632.jpg\" alt=\"\" class=\"wp-image-26943\" srcset=\"https:\/\/marekkuchcinski.pl\/wp-content\/uploads\/2022\/11\/IMG_7714-1024x632.jpg 1024w, https:\/\/marekkuchcinski.pl\/wp-content\/uploads\/2022\/11\/IMG_7714-300x185.jpg 300w, https:\/\/marekkuchcinski.pl\/wp-content\/uploads\/2022\/11\/IMG_7714-768x474.jpg 768w, https:\/\/marekkuchcinski.pl\/wp-content\/uploads\/2022\/11\/IMG_7714-1536x948.jpg 1536w, https:\/\/marekkuchcinski.pl\/wp-content\/uploads\/2022\/11\/IMG_7714-18x12.jpg 18w, https:\/\/marekkuchcinski.pl\/wp-content\/uploads\/2022\/11\/IMG_7714.jpg 1600w\" sizes=\"(max-width: 1024px) 100vw, 1024px\" \/><\/a><\/figure>\n\n\n\n<figure class=\"wp-block-image size-large\"><a href=\"https:\/\/marekkuchcinski.pl\/wp-content\/uploads\/2022\/11\/IMG_7699-1.jpg\"><img decoding=\"async\" width=\"1024\" height=\"680\" src=\"https:\/\/marekkuchcinski.pl\/wp-content\/uploads\/2022\/11\/IMG_7699-1-1024x680.jpg\" alt=\"\" class=\"wp-image-26944\" srcset=\"https:\/\/marekkuchcinski.pl\/wp-content\/uploads\/2022\/11\/IMG_7699-1-1024x680.jpg 1024w, https:\/\/marekkuchcinski.pl\/wp-content\/uploads\/2022\/11\/IMG_7699-1-300x199.jpg 300w, https:\/\/marekkuchcinski.pl\/wp-content\/uploads\/2022\/11\/IMG_7699-1-768x510.jpg 768w, https:\/\/marekkuchcinski.pl\/wp-content\/uploads\/2022\/11\/IMG_7699-1-1536x1020.jpg 1536w, https:\/\/marekkuchcinski.pl\/wp-content\/uploads\/2022\/11\/IMG_7699-1-18x12.jpg 18w, https:\/\/marekkuchcinski.pl\/wp-content\/uploads\/2022\/11\/IMG_7699-1.jpg 1600w\" sizes=\"(max-width: 1024px) 100vw, 1024px\" \/><\/a><\/figure>\n\n\n\n<figure class=\"wp-block-image size-large\"><a href=\"https:\/\/marekkuchcinski.pl\/wp-content\/uploads\/2022\/11\/IMG_7730.jpg\"><img loading=\"lazy\" decoding=\"async\" width=\"1024\" height=\"675\" src=\"https:\/\/marekkuchcinski.pl\/wp-content\/uploads\/2022\/11\/IMG_7730-1024x675.jpg\" alt=\"\" class=\"wp-image-26945\" srcset=\"https:\/\/marekkuchcinski.pl\/wp-content\/uploads\/2022\/11\/IMG_7730-1024x675.jpg 1024w, https:\/\/marekkuchcinski.pl\/wp-content\/uploads\/2022\/11\/IMG_7730-300x198.jpg 300w, https:\/\/marekkuchcinski.pl\/wp-content\/uploads\/2022\/11\/IMG_7730-768x506.jpg 768w, https:\/\/marekkuchcinski.pl\/wp-content\/uploads\/2022\/11\/IMG_7730-1536x1013.jpg 1536w, https:\/\/marekkuchcinski.pl\/wp-content\/uploads\/2022\/11\/IMG_7730-18x12.jpg 18w, https:\/\/marekkuchcinski.pl\/wp-content\/uploads\/2022\/11\/IMG_7730.jpg 1600w\" sizes=\"(max-width: 1024px) 100vw, 1024px\" \/><\/a><\/figure>\n\n\n\n<figure class=\"wp-block-image size-large\"><a href=\"https:\/\/marekkuchcinski.pl\/wp-content\/uploads\/2022\/11\/IMG_7739.jpg\"><img loading=\"lazy\" decoding=\"async\" width=\"1024\" height=\"683\" src=\"https:\/\/marekkuchcinski.pl\/wp-content\/uploads\/2022\/11\/IMG_7739-1024x683.jpg\" alt=\"\" class=\"wp-image-26946\" srcset=\"https:\/\/marekkuchcinski.pl\/wp-content\/uploads\/2022\/11\/IMG_7739-1024x683.jpg 1024w, https:\/\/marekkuchcinski.pl\/wp-content\/uploads\/2022\/11\/IMG_7739-300x200.jpg 300w, https:\/\/marekkuchcinski.pl\/wp-content\/uploads\/2022\/11\/IMG_7739-768x512.jpg 768w, https:\/\/marekkuchcinski.pl\/wp-content\/uploads\/2022\/11\/IMG_7739-1536x1024.jpg 1536w, https:\/\/marekkuchcinski.pl\/wp-content\/uploads\/2022\/11\/IMG_7739-18x12.jpg 18w, https:\/\/marekkuchcinski.pl\/wp-content\/uploads\/2022\/11\/IMG_7739.jpg 1600w\" sizes=\"(max-width: 1024px) 100vw, 1024px\" \/><\/a><\/figure>\n\n\n\n<figure class=\"wp-block-image size-large\"><a href=\"https:\/\/marekkuchcinski.pl\/wp-content\/uploads\/2022\/11\/IMG_7747-2.jpg\"><img loading=\"lazy\" decoding=\"async\" width=\"1024\" height=\"687\" src=\"https:\/\/marekkuchcinski.pl\/wp-content\/uploads\/2022\/11\/IMG_7747-2-1024x687.jpg\" alt=\"\" class=\"wp-image-26948\" srcset=\"https:\/\/marekkuchcinski.pl\/wp-content\/uploads\/2022\/11\/IMG_7747-2-1024x687.jpg 1024w, https:\/\/marekkuchcinski.pl\/wp-content\/uploads\/2022\/11\/IMG_7747-2-300x201.jpg 300w, https:\/\/marekkuchcinski.pl\/wp-content\/uploads\/2022\/11\/IMG_7747-2-768x515.jpg 768w, https:\/\/marekkuchcinski.pl\/wp-content\/uploads\/2022\/11\/IMG_7747-2-1536x1030.jpg 1536w, https:\/\/marekkuchcinski.pl\/wp-content\/uploads\/2022\/11\/IMG_7747-2-18x12.jpg 18w, https:\/\/marekkuchcinski.pl\/wp-content\/uploads\/2022\/11\/IMG_7747-2.jpg 1600w\" sizes=\"(max-width: 1024px) 100vw, 1024px\" \/><\/a><\/figure>","protected":false},"excerpt":{"rendered":"<p>Szef Kancelarii Prezesa Rady Ministr\u00f3w Marek Kuchci\u0144ski wzi\u0105\u0142 udzia\u0142 w spotkaniu premiera z przedstawicielami Solidarno\u015bci. W celu lepszego komunikowania problem\u00f3w i dialogu pomi\u0119dzy rz\u0105dem a Zwi\u0105zkiem powo\u0142any zostanie zesp\u00f3\u0142, na czele kt\u00f3rego stanie szef KPRM, a ze strony Zwi\u0105zku przewodnicz\u0105cy Henryk Nakonieczny. Marek Kuchci\u0144ski zaznaczy\u0142, \u017ce ze spotkania wybrzmiewa troska o cz\u0142owieka i odpowiedzialno\u015b\u0107 za [&hellip;]<\/p>\n","protected":false},"author":21,"featured_media":26941,"comment_status":"open","ping_status":"open","sticky":false,"template":"","format":"standard","meta":{"ngg_post_thumbnail":0,"footnotes":""},"categories":[3],"tags":[],"class_list":["post-26939","post","type-post","status-publish","format-standard","has-post-thumbnail","hentry","category-wydarzenia"],"_links":{"self":[{"href":"https:\/\/marekkuchcinski.pl\/sk\/wp-json\/wp\/v2\/posts\/26939","targetHints":{"allow":["GET"]}}],"collection":[{"href":"https:\/\/marekkuchcinski.pl\/sk\/wp-json\/wp\/v2\/posts"}],"about":[{"href":"https:\/\/marekkuchcinski.pl\/sk\/wp-json\/wp\/v2\/types\/post"}],"author":[{"embeddable":true,"href":"https:\/\/marekkuchcinski.pl\/sk\/wp-json\/wp\/v2\/users\/21"}],"replies":[{"embeddable":true,"href":"https:\/\/marekkuchcinski.pl\/sk\/wp-json\/wp\/v2\/comments?post=26939"}],"version-history":[{"count":3,"href":"https:\/\/marekkuchcinski.pl\/sk\/wp-json\/wp\/v2\/posts\/26939\/revisions"}],"predecessor-version":[{"id":26949,"href":"https:\/\/marekkuchcinski.pl\/sk\/wp-json\/wp\/v2\/posts\/26939\/revisions\/26949"}],"wp:featuredmedia":[{"embeddable":true,"href":"https:\/\/marekkuchcinski.pl\/sk\/wp-json\/wp\/v2\/media\/26941"}],"wp:attachment":[{"href":"https:\/\/marekkuchcinski.pl\/sk\/wp-json\/wp\/v2\/media?parent=26939"}],"wp:term":[{"taxonomy":"category","embeddable":true,"href":"https:\/\/marekkuchcinski.pl\/sk\/wp-json\/wp\/v2\/categories?post=26939"},{"taxonomy":"post_tag","embeddable":true,"href":"https:\/\/marekkuchcinski.pl\/sk\/wp-json\/wp\/v2\/tags?post=26939"}],"curies":[{"name":"wp","href":"https:\/\/api.w.org\/{rel}","templated":true}]}}