{"id":26629,"date":"2022-10-13T14:48:36","date_gmt":"2022-10-13T12:48:36","guid":{"rendered":"https:\/\/marekkuchcinski.pl\/?p=26629"},"modified":"2022-10-18T19:57:38","modified_gmt":"2022-10-18T17:57:38","slug":"marek-kuchcinski-zostal-szefem-kancelarii-rady-ministrow","status":"publish","type":"post","link":"https:\/\/marekkuchcinski.pl\/sk\/wydarzenia\/marek-kuchcinski-zostal-szefem-kancelarii-rady-ministrow\/","title":{"rendered":"Marek Kuchci\u0144ski zosta\u0142 szefem Kancelarii Rady Ministr\u00f3w"},"content":{"rendered":"<p class=\"wp-block-paragraph\"><strong>Obejmuj\u0105c urz\u0105d ministra cz\u0142onka Rady Ministr\u00f3w, uroczy\u015bcie przysi\u0119gam, \u017ce dochowam wierno\u015bci postanowieniom Konstytucji i innym prawom Rzeczypospolitej Polskiej, a dobro Ojczyzny i pomy\u015blno\u015b\u0107 obywateli b\u0119d\u0105 dla mnie zawsze najwy\u017cszym nakazem. Tak mi dopom\u00f3\u017c B\u00f3g <\/strong>&#8211; s\u0142owa przysi\u0119gi wyg\u0142osi\u0142 Marek Kuchci\u0144ski.<\/p>\n\n\n\n<p class=\"wp-block-paragraph\">Dzi\u0119kuj\u0119 za podj\u0119cie si\u0119 tego nowego zadania w trudnym czasie, kiedy jest tak wiele trudnych decyzji, kt\u00f3re trzeba podejmowa\u0107 w ramach Rady Ministr\u00f3w; kiedy jest tak wiele niepokoju&nbsp;&#8211; powiedzia\u0142 prezydent Andrzej Duda, powo\u0142uj\u0105c  Marka Kuchci\u0144skiego na urz\u0105d cz\u0142onka Rady Ministr\u00f3w i szefa KPRM.<\/p>\n\n\n\n<p class=\"wp-block-paragraph\">Panie ministrze, w trudnym czasie, kiedy tak samo, jak i reszta Europy, reszta \u015bwiata borykamy si\u0119 z ca\u0142ym szeregiem problem\u00f3w gospodarczych, przede wszystkim wywo\u0142anych napa\u015bci\u0105 rosyjsk\u0105 na Ukrain\u0119, kiedy jest tak wiele niepokoju, kiedy jest tak wiele trudnych decyzji, kt\u00f3re trzeba podejmowa\u0107 w ramach Rady Ministr\u00f3w, kiedy trzeba podejmowa\u0107 r\u00f3wnie\u017c wiele decyzji niepopularnych, kt\u00f3re zawsze s\u0105 decyzjami nie\u0142atwymi dla polityk\u00f3w, zw\u0142aszcza w standardach demokratycznych, kiedy wszyscy podlegamy wyborom. Bardzo dzi\u0119kuj\u0119 za to. Pokazuje to, nie tylko determinacj\u0119 i gotowo\u015b\u0107 pracy dla Rzeczypospolitej, ale to pokazuje tak\u017ce odwag\u0119 i g\u0142\u0119bokie poczucie misji &#8211; m\u00f3wi\u0142 prezydent.<\/p>\n\n\n\n<figure class=\"wp-block-image size-large\"><a href=\"https:\/\/marekkuchcinski.pl\/wp-content\/uploads\/2022\/10\/os.jpg\"><img fetchpriority=\"high\" decoding=\"async\" width=\"804\" height=\"1024\" src=\"https:\/\/marekkuchcinski.pl\/wp-content\/uploads\/2022\/10\/os-804x1024.jpg\" alt=\"\" class=\"wp-image-26713\" srcset=\"https:\/\/marekkuchcinski.pl\/wp-content\/uploads\/2022\/10\/os-804x1024.jpg 804w, https:\/\/marekkuchcinski.pl\/wp-content\/uploads\/2022\/10\/os-236x300.jpg 236w, https:\/\/marekkuchcinski.pl\/wp-content\/uploads\/2022\/10\/os-768x978.jpg 768w, https:\/\/marekkuchcinski.pl\/wp-content\/uploads\/2022\/10\/os-1206x1536.jpg 1206w, https:\/\/marekkuchcinski.pl\/wp-content\/uploads\/2022\/10\/os-9x12.jpg 9w, https:\/\/marekkuchcinski.pl\/wp-content\/uploads\/2022\/10\/os.jpg 1256w\" sizes=\"(max-width: 804px) 100vw, 804px\" \/><\/a><\/figure>\n\n\n\n<figure class=\"wp-block-image size-large is-resized\"><a href=\"https:\/\/marekkuchcinski.pl\/wp-content\/uploads\/2022\/10\/mmmmm.jpg\"><img decoding=\"async\" src=\"https:\/\/marekkuchcinski.pl\/wp-content\/uploads\/2022\/10\/mmmmm-768x1024.jpg\" alt=\"\" class=\"wp-image-26744\" width=\"838\" height=\"1117\" srcset=\"https:\/\/marekkuchcinski.pl\/wp-content\/uploads\/2022\/10\/mmmmm-768x1024.jpg 768w, https:\/\/marekkuchcinski.pl\/wp-content\/uploads\/2022\/10\/mmmmm-225x300.jpg 225w, https:\/\/marekkuchcinski.pl\/wp-content\/uploads\/2022\/10\/mmmmm-1152x1536.jpg 1152w, https:\/\/marekkuchcinski.pl\/wp-content\/uploads\/2022\/10\/mmmmm-9x12.jpg 9w, https:\/\/marekkuchcinski.pl\/wp-content\/uploads\/2022\/10\/mmmmm.jpg 1200w\" sizes=\"(max-width: 838px) 100vw, 838px\" \/><\/a><\/figure>\n\n\n\n<figure class=\"wp-block-image size-large\"><a href=\"https:\/\/marekkuchcinski.pl\/wp-content\/uploads\/2022\/10\/1-1.jpg\"><img decoding=\"async\" width=\"1024\" height=\"664\" src=\"https:\/\/marekkuchcinski.pl\/wp-content\/uploads\/2022\/10\/1-1-1024x664.jpg\" alt=\"\" class=\"wp-image-26630\" srcset=\"https:\/\/marekkuchcinski.pl\/wp-content\/uploads\/2022\/10\/1-1-1024x664.jpg 1024w, https:\/\/marekkuchcinski.pl\/wp-content\/uploads\/2022\/10\/1-1-300x195.jpg 300w, https:\/\/marekkuchcinski.pl\/wp-content\/uploads\/2022\/10\/1-1-768x498.jpg 768w, https:\/\/marekkuchcinski.pl\/wp-content\/uploads\/2022\/10\/1-1-1536x996.jpg 1536w, https:\/\/marekkuchcinski.pl\/wp-content\/uploads\/2022\/10\/1-1-18x12.jpg 18w, https:\/\/marekkuchcinski.pl\/wp-content\/uploads\/2022\/10\/1-1.jpg 1600w\" sizes=\"(max-width: 1024px) 100vw, 1024px\" \/><\/a><\/figure>\n\n\n\n<figure class=\"wp-block-image size-large\"><a href=\"https:\/\/marekkuchcinski.pl\/wp-content\/uploads\/2022\/10\/2-1.jpg\"><img loading=\"lazy\" decoding=\"async\" width=\"1024\" height=\"682\" src=\"https:\/\/marekkuchcinski.pl\/wp-content\/uploads\/2022\/10\/2-1-1024x682.jpg\" alt=\"\" class=\"wp-image-26631\" srcset=\"https:\/\/marekkuchcinski.pl\/wp-content\/uploads\/2022\/10\/2-1-1024x682.jpg 1024w, https:\/\/marekkuchcinski.pl\/wp-content\/uploads\/2022\/10\/2-1-300x200.jpg 300w, https:\/\/marekkuchcinski.pl\/wp-content\/uploads\/2022\/10\/2-1-768x512.jpg 768w, https:\/\/marekkuchcinski.pl\/wp-content\/uploads\/2022\/10\/2-1-1536x1023.jpg 1536w, https:\/\/marekkuchcinski.pl\/wp-content\/uploads\/2022\/10\/2-1-18x12.jpg 18w, https:\/\/marekkuchcinski.pl\/wp-content\/uploads\/2022\/10\/2-1.jpg 1600w\" sizes=\"(max-width: 1024px) 100vw, 1024px\" \/><\/a><\/figure>\n\n\n\n<figure class=\"wp-block-image size-large\"><a href=\"https:\/\/marekkuchcinski.pl\/wp-content\/uploads\/2022\/10\/5.jpg\"><img loading=\"lazy\" decoding=\"async\" width=\"1024\" height=\"683\" src=\"https:\/\/marekkuchcinski.pl\/wp-content\/uploads\/2022\/10\/5-1024x683.jpg\" alt=\"\" class=\"wp-image-26632\" srcset=\"https:\/\/marekkuchcinski.pl\/wp-content\/uploads\/2022\/10\/5-1024x683.jpg 1024w, https:\/\/marekkuchcinski.pl\/wp-content\/uploads\/2022\/10\/5-300x200.jpg 300w, https:\/\/marekkuchcinski.pl\/wp-content\/uploads\/2022\/10\/5-768x512.jpg 768w, https:\/\/marekkuchcinski.pl\/wp-content\/uploads\/2022\/10\/5-1536x1024.jpg 1536w, https:\/\/marekkuchcinski.pl\/wp-content\/uploads\/2022\/10\/5-18x12.jpg 18w, https:\/\/marekkuchcinski.pl\/wp-content\/uploads\/2022\/10\/5.jpg 1600w\" sizes=\"(max-width: 1024px) 100vw, 1024px\" \/><\/a><\/figure>\n\n\n\n<figure class=\"wp-block-image size-large\"><a href=\"https:\/\/marekkuchcinski.pl\/wp-content\/uploads\/2022\/10\/14_edited.jpg\"><img loading=\"lazy\" decoding=\"async\" width=\"1024\" height=\"683\" src=\"https:\/\/marekkuchcinski.pl\/wp-content\/uploads\/2022\/10\/14_edited-1024x683.jpg\" alt=\"\" class=\"wp-image-26661\" srcset=\"https:\/\/marekkuchcinski.pl\/wp-content\/uploads\/2022\/10\/14_edited-1024x683.jpg 1024w, https:\/\/marekkuchcinski.pl\/wp-content\/uploads\/2022\/10\/14_edited-300x200.jpg 300w, https:\/\/marekkuchcinski.pl\/wp-content\/uploads\/2022\/10\/14_edited-768x512.jpg 768w, https:\/\/marekkuchcinski.pl\/wp-content\/uploads\/2022\/10\/14_edited-1536x1024.jpg 1536w, https:\/\/marekkuchcinski.pl\/wp-content\/uploads\/2022\/10\/14_edited-18x12.jpg 18w, https:\/\/marekkuchcinski.pl\/wp-content\/uploads\/2022\/10\/14_edited.jpg 1600w\" sizes=\"(max-width: 1024px) 100vw, 1024px\" \/><\/a><\/figure>\n\n\n\n<figure class=\"wp-block-image size-large\"><a href=\"https:\/\/marekkuchcinski.pl\/wp-content\/uploads\/2022\/10\/6.jpg\"><img loading=\"lazy\" decoding=\"async\" width=\"1024\" height=\"683\" src=\"https:\/\/marekkuchcinski.pl\/wp-content\/uploads\/2022\/10\/6-1024x683.jpg\" alt=\"\" class=\"wp-image-26634\" srcset=\"https:\/\/marekkuchcinski.pl\/wp-content\/uploads\/2022\/10\/6-1024x683.jpg 1024w, https:\/\/marekkuchcinski.pl\/wp-content\/uploads\/2022\/10\/6-300x200.jpg 300w, https:\/\/marekkuchcinski.pl\/wp-content\/uploads\/2022\/10\/6-768x512.jpg 768w, https:\/\/marekkuchcinski.pl\/wp-content\/uploads\/2022\/10\/6-1536x1024.jpg 1536w, https:\/\/marekkuchcinski.pl\/wp-content\/uploads\/2022\/10\/6-18x12.jpg 18w, https:\/\/marekkuchcinski.pl\/wp-content\/uploads\/2022\/10\/6.jpg 1600w\" sizes=\"(max-width: 1024px) 100vw, 1024px\" \/><\/a><\/figure>\n\n\n\n<figure class=\"wp-block-image size-large\"><a href=\"https:\/\/marekkuchcinski.pl\/wp-content\/uploads\/2022\/10\/3-1.jpg\"><img loading=\"lazy\" decoding=\"async\" width=\"1024\" height=\"688\" src=\"https:\/\/marekkuchcinski.pl\/wp-content\/uploads\/2022\/10\/3-1-1024x688.jpg\" alt=\"\" class=\"wp-image-26645\" srcset=\"https:\/\/marekkuchcinski.pl\/wp-content\/uploads\/2022\/10\/3-1-1024x688.jpg 1024w, https:\/\/marekkuchcinski.pl\/wp-content\/uploads\/2022\/10\/3-1-300x202.jpg 300w, https:\/\/marekkuchcinski.pl\/wp-content\/uploads\/2022\/10\/3-1-768x516.jpg 768w, https:\/\/marekkuchcinski.pl\/wp-content\/uploads\/2022\/10\/3-1-1536x1032.jpg 1536w, https:\/\/marekkuchcinski.pl\/wp-content\/uploads\/2022\/10\/3-1-18x12.jpg 18w, https:\/\/marekkuchcinski.pl\/wp-content\/uploads\/2022\/10\/3-1.jpg 1600w\" sizes=\"(max-width: 1024px) 100vw, 1024px\" \/><\/a><\/figure>\n\n\n\n<figure class=\"wp-block-image size-large\"><a href=\"https:\/\/marekkuchcinski.pl\/wp-content\/uploads\/2022\/10\/9.jpg\"><img loading=\"lazy\" decoding=\"async\" width=\"1024\" height=\"683\" src=\"https:\/\/marekkuchcinski.pl\/wp-content\/uploads\/2022\/10\/9-1024x683.jpg\" alt=\"\" class=\"wp-image-26649\" srcset=\"https:\/\/marekkuchcinski.pl\/wp-content\/uploads\/2022\/10\/9-1024x683.jpg 1024w, https:\/\/marekkuchcinski.pl\/wp-content\/uploads\/2022\/10\/9-300x200.jpg 300w, https:\/\/marekkuchcinski.pl\/wp-content\/uploads\/2022\/10\/9-768x512.jpg 768w, https:\/\/marekkuchcinski.pl\/wp-content\/uploads\/2022\/10\/9-1536x1024.jpg 1536w, https:\/\/marekkuchcinski.pl\/wp-content\/uploads\/2022\/10\/9-18x12.jpg 18w, https:\/\/marekkuchcinski.pl\/wp-content\/uploads\/2022\/10\/9.jpg 1600w\" sizes=\"(max-width: 1024px) 100vw, 1024px\" \/><\/a><\/figure>\n\n\n\n<figure class=\"wp-block-image size-large\"><a href=\"https:\/\/marekkuchcinski.pl\/wp-content\/uploads\/2022\/10\/10.jpg\"><img loading=\"lazy\" decoding=\"async\" width=\"1024\" height=\"683\" src=\"https:\/\/marekkuchcinski.pl\/wp-content\/uploads\/2022\/10\/10-1024x683.jpg\" alt=\"\" class=\"wp-image-26652\" srcset=\"https:\/\/marekkuchcinski.pl\/wp-content\/uploads\/2022\/10\/10-1024x683.jpg 1024w, https:\/\/marekkuchcinski.pl\/wp-content\/uploads\/2022\/10\/10-300x200.jpg 300w, https:\/\/marekkuchcinski.pl\/wp-content\/uploads\/2022\/10\/10-768x512.jpg 768w, https:\/\/marekkuchcinski.pl\/wp-content\/uploads\/2022\/10\/10-1536x1024.jpg 1536w, https:\/\/marekkuchcinski.pl\/wp-content\/uploads\/2022\/10\/10-18x12.jpg 18w, https:\/\/marekkuchcinski.pl\/wp-content\/uploads\/2022\/10\/10.jpg 1600w\" sizes=\"(max-width: 1024px) 100vw, 1024px\" \/><\/a><\/figure>\n\n\n\n<figure class=\"wp-block-image size-large\"><a href=\"https:\/\/marekkuchcinski.pl\/wp-content\/uploads\/2022\/10\/11.jpg\"><img loading=\"lazy\" decoding=\"async\" width=\"1024\" height=\"683\" src=\"https:\/\/marekkuchcinski.pl\/wp-content\/uploads\/2022\/10\/11-1024x683.jpg\" alt=\"\" class=\"wp-image-26655\" srcset=\"https:\/\/marekkuchcinski.pl\/wp-content\/uploads\/2022\/10\/11-1024x683.jpg 1024w, https:\/\/marekkuchcinski.pl\/wp-content\/uploads\/2022\/10\/11-300x200.jpg 300w, https:\/\/marekkuchcinski.pl\/wp-content\/uploads\/2022\/10\/11-768x512.jpg 768w, https:\/\/marekkuchcinski.pl\/wp-content\/uploads\/2022\/10\/11-1536x1024.jpg 1536w, https:\/\/marekkuchcinski.pl\/wp-content\/uploads\/2022\/10\/11-18x12.jpg 18w, https:\/\/marekkuchcinski.pl\/wp-content\/uploads\/2022\/10\/11.jpg 1600w\" sizes=\"(max-width: 1024px) 100vw, 1024px\" \/><\/a><\/figure>\n\n\n\n<figure class=\"wp-block-image size-large\"><a href=\"https:\/\/marekkuchcinski.pl\/wp-content\/uploads\/2022\/10\/Fe3_aOgXkAE1R5j.jpeg\"><img loading=\"lazy\" decoding=\"async\" width=\"1024\" height=\"682\" src=\"https:\/\/marekkuchcinski.pl\/wp-content\/uploads\/2022\/10\/Fe3_aOgXkAE1R5j-1024x682.jpeg\" alt=\"\" class=\"wp-image-26647\" srcset=\"https:\/\/marekkuchcinski.pl\/wp-content\/uploads\/2022\/10\/Fe3_aOgXkAE1R5j-1024x682.jpeg 1024w, https:\/\/marekkuchcinski.pl\/wp-content\/uploads\/2022\/10\/Fe3_aOgXkAE1R5j-300x200.jpeg 300w, https:\/\/marekkuchcinski.pl\/wp-content\/uploads\/2022\/10\/Fe3_aOgXkAE1R5j-768x512.jpeg 768w, https:\/\/marekkuchcinski.pl\/wp-content\/uploads\/2022\/10\/Fe3_aOgXkAE1R5j-1536x1023.jpeg 1536w, https:\/\/marekkuchcinski.pl\/wp-content\/uploads\/2022\/10\/Fe3_aOgXkAE1R5j-18x12.jpeg 18w, https:\/\/marekkuchcinski.pl\/wp-content\/uploads\/2022\/10\/Fe3_aOgXkAE1R5j.jpeg 1600w\" sizes=\"(max-width: 1024px) 100vw, 1024px\" \/><\/a><\/figure>\n\n\n\n<figure class=\"wp-block-image size-large\"><a href=\"https:\/\/marekkuchcinski.pl\/wp-content\/uploads\/2022\/10\/d.jpg\"><img loading=\"lazy\" decoding=\"async\" width=\"1024\" height=\"683\" src=\"https:\/\/marekkuchcinski.pl\/wp-content\/uploads\/2022\/10\/d-1024x683.jpg\" alt=\"\" class=\"wp-image-26658\" srcset=\"https:\/\/marekkuchcinski.pl\/wp-content\/uploads\/2022\/10\/d-1024x683.jpg 1024w, https:\/\/marekkuchcinski.pl\/wp-content\/uploads\/2022\/10\/d-300x200.jpg 300w, https:\/\/marekkuchcinski.pl\/wp-content\/uploads\/2022\/10\/d-768x512.jpg 768w, https:\/\/marekkuchcinski.pl\/wp-content\/uploads\/2022\/10\/d-1536x1024.jpg 1536w, https:\/\/marekkuchcinski.pl\/wp-content\/uploads\/2022\/10\/d-18x12.jpg 18w, https:\/\/marekkuchcinski.pl\/wp-content\/uploads\/2022\/10\/d.jpg 1600w\" sizes=\"(max-width: 1024px) 100vw, 1024px\" \/><\/a><\/figure>\n\n\n\n<figure class=\"wp-block-image size-full\"><a href=\"https:\/\/marekkuchcinski.pl\/wp-content\/uploads\/2022\/10\/Fe7yoxBWIAEiyqD.jpeg\"><img loading=\"lazy\" decoding=\"async\" width=\"1024\" height=\"683\" src=\"https:\/\/marekkuchcinski.pl\/wp-content\/uploads\/2022\/10\/Fe7yoxBWIAEiyqD.jpeg\" alt=\"\" class=\"wp-image-26664\" srcset=\"https:\/\/marekkuchcinski.pl\/wp-content\/uploads\/2022\/10\/Fe7yoxBWIAEiyqD.jpeg 1024w, https:\/\/marekkuchcinski.pl\/wp-content\/uploads\/2022\/10\/Fe7yoxBWIAEiyqD-300x200.jpeg 300w, https:\/\/marekkuchcinski.pl\/wp-content\/uploads\/2022\/10\/Fe7yoxBWIAEiyqD-768x512.jpeg 768w, https:\/\/marekkuchcinski.pl\/wp-content\/uploads\/2022\/10\/Fe7yoxBWIAEiyqD-18x12.jpeg 18w\" sizes=\"(max-width: 1024px) 100vw, 1024px\" \/><\/a><\/figure>\n\n\n\n<figure class=\"wp-block-image size-large\"><a href=\"https:\/\/marekkuchcinski.pl\/wp-content\/uploads\/2022\/10\/p4.jpeg\"><img loading=\"lazy\" decoding=\"async\" width=\"1024\" height=\"683\" src=\"https:\/\/marekkuchcinski.pl\/wp-content\/uploads\/2022\/10\/p4-1024x683.jpeg\" alt=\"\" class=\"wp-image-26665\" srcset=\"https:\/\/marekkuchcinski.pl\/wp-content\/uploads\/2022\/10\/p4-1024x683.jpeg 1024w, https:\/\/marekkuchcinski.pl\/wp-content\/uploads\/2022\/10\/p4-300x200.jpeg 300w, https:\/\/marekkuchcinski.pl\/wp-content\/uploads\/2022\/10\/p4-768x512.jpeg 768w, https:\/\/marekkuchcinski.pl\/wp-content\/uploads\/2022\/10\/p4-1536x1024.jpeg 1536w, https:\/\/marekkuchcinski.pl\/wp-content\/uploads\/2022\/10\/p4-18x12.jpeg 18w, https:\/\/marekkuchcinski.pl\/wp-content\/uploads\/2022\/10\/p4.jpeg 1600w\" sizes=\"(max-width: 1024px) 100vw, 1024px\" \/><\/a><\/figure>\n\n\n\n<figure class=\"wp-block-image size-large\"><a href=\"https:\/\/marekkuchcinski.pl\/wp-content\/uploads\/2022\/10\/p3.jpeg\"><img loading=\"lazy\" decoding=\"async\" width=\"1024\" height=\"683\" src=\"https:\/\/marekkuchcinski.pl\/wp-content\/uploads\/2022\/10\/p3-1024x683.jpeg\" alt=\"\" class=\"wp-image-26666\" srcset=\"https:\/\/marekkuchcinski.pl\/wp-content\/uploads\/2022\/10\/p3-1024x683.jpeg 1024w, https:\/\/marekkuchcinski.pl\/wp-content\/uploads\/2022\/10\/p3-300x200.jpeg 300w, https:\/\/marekkuchcinski.pl\/wp-content\/uploads\/2022\/10\/p3-768x512.jpeg 768w, https:\/\/marekkuchcinski.pl\/wp-content\/uploads\/2022\/10\/p3-1536x1024.jpeg 1536w, https:\/\/marekkuchcinski.pl\/wp-content\/uploads\/2022\/10\/p3-18x12.jpeg 18w, https:\/\/marekkuchcinski.pl\/wp-content\/uploads\/2022\/10\/p3.jpeg 1600w\" sizes=\"(max-width: 1024px) 100vw, 1024px\" \/><\/a><\/figure>\n\n\n\n<figure class=\"wp-block-image size-large\"><a href=\"https:\/\/marekkuchcinski.pl\/wp-content\/uploads\/2022\/10\/p2.jpeg\"><img loading=\"lazy\" decoding=\"async\" width=\"1024\" height=\"683\" src=\"https:\/\/marekkuchcinski.pl\/wp-content\/uploads\/2022\/10\/p2-1024x683.jpeg\" alt=\"\" class=\"wp-image-26667\" srcset=\"https:\/\/marekkuchcinski.pl\/wp-content\/uploads\/2022\/10\/p2-1024x683.jpeg 1024w, https:\/\/marekkuchcinski.pl\/wp-content\/uploads\/2022\/10\/p2-300x200.jpeg 300w, https:\/\/marekkuchcinski.pl\/wp-content\/uploads\/2022\/10\/p2-768x512.jpeg 768w, https:\/\/marekkuchcinski.pl\/wp-content\/uploads\/2022\/10\/p2-1536x1024.jpeg 1536w, https:\/\/marekkuchcinski.pl\/wp-content\/uploads\/2022\/10\/p2-18x12.jpeg 18w, https:\/\/marekkuchcinski.pl\/wp-content\/uploads\/2022\/10\/p2.jpeg 1600w\" sizes=\"(max-width: 1024px) 100vw, 1024px\" \/><\/a><\/figure>\n\n\n\n<figure class=\"wp-block-image size-large\"><a href=\"https:\/\/marekkuchcinski.pl\/wp-content\/uploads\/2022\/10\/p.jpeg\"><img loading=\"lazy\" decoding=\"async\" width=\"1024\" height=\"683\" src=\"https:\/\/marekkuchcinski.pl\/wp-content\/uploads\/2022\/10\/p-1024x683.jpeg\" alt=\"\" class=\"wp-image-26668\" srcset=\"https:\/\/marekkuchcinski.pl\/wp-content\/uploads\/2022\/10\/p-1024x683.jpeg 1024w, https:\/\/marekkuchcinski.pl\/wp-content\/uploads\/2022\/10\/p-300x200.jpeg 300w, https:\/\/marekkuchcinski.pl\/wp-content\/uploads\/2022\/10\/p-768x512.jpeg 768w, https:\/\/marekkuchcinski.pl\/wp-content\/uploads\/2022\/10\/p-1536x1024.jpeg 1536w, https:\/\/marekkuchcinski.pl\/wp-content\/uploads\/2022\/10\/p-18x12.jpeg 18w, https:\/\/marekkuchcinski.pl\/wp-content\/uploads\/2022\/10\/p.jpeg 1600w\" sizes=\"(max-width: 1024px) 100vw, 1024px\" \/><\/a><\/figure>","protected":false},"excerpt":{"rendered":"<p>Obejmuj\u0105c urz\u0105d ministra cz\u0142onka Rady Ministr\u00f3w, uroczy\u015bcie przysi\u0119gam, \u017ce dochowam wierno\u015bci postanowieniom Konstytucji i innym prawom Rzeczypospolitej Polskiej, a dobro Ojczyzny i pomy\u015blno\u015b\u0107 obywateli b\u0119d\u0105 dla mnie zawsze najwy\u017cszym nakazem. Tak mi dopom\u00f3\u017c B\u00f3g &#8211; s\u0142owa przysi\u0119gi wyg\u0142osi\u0142 Marek Kuchci\u0144ski. Dzi\u0119kuj\u0119 za podj\u0119cie si\u0119 tego nowego zadania w trudnym czasie, kiedy jest tak wiele trudnych [&hellip;]<\/p>\n","protected":false},"author":3,"featured_media":26631,"comment_status":"open","ping_status":"open","sticky":false,"template":"","format":"standard","meta":{"ngg_post_thumbnail":0,"footnotes":""},"categories":[3],"tags":[],"class_list":["post-26629","post","type-post","status-publish","format-standard","has-post-thumbnail","hentry","category-wydarzenia"],"yoast_head":"<!-- This site is optimized with the Yoast SEO plugin v28.4 - https:\/\/yoast.com\/product\/yoast-seo-wordpress\/ -->\n<title>Marek Kuchci\u0144ski zosta\u0142 szefem Kancelarii Rady Ministr\u00f3w &#8211; Marek Kuchci\u0144ski<\/title>\n<meta name=\"robots\" content=\"index, follow, max-snippet:-1, max-image-preview:large, max-video-preview:-1\" \/>\n<link rel=\"canonical\" href=\"https:\/\/marekkuchcinski.pl\/sk\/wydarzenia\/marek-kuchcinski-zostal-szefem-kancelarii-rady-ministrow\/\" \/>\n<meta property=\"og:locale\" content=\"sk_SK\" \/>\n<meta property=\"og:type\" content=\"article\" \/>\n<meta property=\"og:title\" content=\"Marek Kuchci\u0144ski zosta\u0142 szefem Kancelarii Rady Ministr\u00f3w &#8211; Marek Kuchci\u0144ski\" \/>\n<meta property=\"og:description\" content=\"Obejmuj\u0105c urz\u0105d ministra cz\u0142onka Rady Ministr\u00f3w, uroczy\u015bcie przysi\u0119gam, \u017ce dochowam wierno\u015bci postanowieniom Konstytucji i innym prawom Rzeczypospolitej Polskiej, a dobro Ojczyzny i pomy\u015blno\u015b\u0107 obywateli b\u0119d\u0105 dla mnie zawsze najwy\u017cszym nakazem. Tak mi dopom\u00f3\u017c B\u00f3g &#8211; s\u0142owa przysi\u0119gi wyg\u0142osi\u0142 Marek Kuchci\u0144ski. Dzi\u0119kuj\u0119 za podj\u0119cie si\u0119 tego nowego zadania w trudnym czasie, kiedy jest tak wiele trudnych [&hellip;]\" \/>\n<meta property=\"og:url\" content=\"https:\/\/marekkuchcinski.pl\/sk\/wydarzenia\/marek-kuchcinski-zostal-szefem-kancelarii-rady-ministrow\/\" \/>\n<meta property=\"og:site_name\" content=\"Marek Kuchci\u0144ski\" \/>\n<meta property=\"article:published_time\" content=\"2022-10-13T12:48:36+00:00\" \/>\n<meta property=\"article:modified_time\" content=\"2022-10-18T17:57:38+00:00\" \/>\n<meta property=\"og:image\" content=\"https:\/\/marekkuchcinski.pl\/wp-content\/uploads\/2022\/10\/2-1.jpg\" \/>\n\t<meta property=\"og:image:width\" content=\"1600\" \/>\n\t<meta property=\"og:image:height\" content=\"1066\" \/>\n\t<meta property=\"og:image:type\" content=\"image\/jpeg\" \/>\n<meta name=\"author\" content=\"Marta Olejnik\" \/>\n<meta name=\"twitter:card\" content=\"summary_large_image\" \/>\n<meta name=\"twitter:label1\" content=\"Written by\" \/>\n\t<meta name=\"twitter:data1\" content=\"Marta Olejnik\" \/>\n\t<meta name=\"twitter:label2\" content=\"Est. reading time\" \/>\n\t<meta name=\"twitter:data2\" content=\"5 minutes\" \/>\n<script type=\"application\/ld+json\" class=\"yoast-schema-graph\">{\"@context\":\"https:\\\/\\\/schema.org\",\"@graph\":[{\"@type\":\"Article\",\"@id\":\"https:\\\/\\\/marekkuchcinski.pl\\\/wydarzenia\\\/marek-kuchcinski-zostal-szefem-kancelarii-rady-ministrow\\\/#article\",\"isPartOf\":{\"@id\":\"https:\\\/\\\/marekkuchcinski.pl\\\/wydarzenia\\\/marek-kuchcinski-zostal-szefem-kancelarii-rady-ministrow\\\/\"},\"author\":{\"name\":\"Marta Olejnik\",\"@id\":\"https:\\\/\\\/marekkuchcinski.pl\\\/#\\\/schema\\\/person\\\/bd3f15dee67fee76e83c8350d0154101\"},\"headline\":\"Marek Kuchci\u0144ski zosta\u0142 szefem Kancelarii Rady Ministr\u00f3w\",\"datePublished\":\"2022-10-13T12:48:36+00:00\",\"dateModified\":\"2022-10-18T17:57:38+00:00\",\"mainEntityOfPage\":{\"@id\":\"https:\\\/\\\/marekkuchcinski.pl\\\/wydarzenia\\\/marek-kuchcinski-zostal-szefem-kancelarii-rady-ministrow\\\/\"},\"wordCount\":228,\"commentCount\":0,\"publisher\":{\"@id\":\"https:\\\/\\\/marekkuchcinski.pl\\\/#organization\"},\"image\":{\"@id\":\"https:\\\/\\\/marekkuchcinski.pl\\\/wydarzenia\\\/marek-kuchcinski-zostal-szefem-kancelarii-rady-ministrow\\\/#primaryimage\"},\"thumbnailUrl\":\"https:\\\/\\\/marekkuchcinski.pl\\\/wp-content\\\/uploads\\\/2022\\\/10\\\/2-1.jpg\",\"articleSection\":[\"Wydarzenia\"],\"inLanguage\":\"sk-SK\",\"potentialAction\":[{\"@type\":\"CommentAction\",\"name\":\"Comment\",\"target\":[\"https:\\\/\\\/marekkuchcinski.pl\\\/wydarzenia\\\/marek-kuchcinski-zostal-szefem-kancelarii-rady-ministrow\\\/#respond\"]}]},{\"@type\":\"WebPage\",\"@id\":\"https:\\\/\\\/marekkuchcinski.pl\\\/wydarzenia\\\/marek-kuchcinski-zostal-szefem-kancelarii-rady-ministrow\\\/\",\"url\":\"https:\\\/\\\/marekkuchcinski.pl\\\/wydarzenia\\\/marek-kuchcinski-zostal-szefem-kancelarii-rady-ministrow\\\/\",\"name\":\"Marek Kuchci\u0144ski zosta\u0142 szefem Kancelarii Rady Ministr\u00f3w &#8211; Marek Kuchci\u0144ski\",\"isPartOf\":{\"@id\":\"https:\\\/\\\/marekkuchcinski.pl\\\/#website\"},\"primaryImageOfPage\":{\"@id\":\"https:\\\/\\\/marekkuchcinski.pl\\\/wydarzenia\\\/marek-kuchcinski-zostal-szefem-kancelarii-rady-ministrow\\\/#primaryimage\"},\"image\":{\"@id\":\"https:\\\/\\\/marekkuchcinski.pl\\\/wydarzenia\\\/marek-kuchcinski-zostal-szefem-kancelarii-rady-ministrow\\\/#primaryimage\"},\"thumbnailUrl\":\"https:\\\/\\\/marekkuchcinski.pl\\\/wp-content\\\/uploads\\\/2022\\\/10\\\/2-1.jpg\",\"datePublished\":\"2022-10-13T12:48:36+00:00\",\"dateModified\":\"2022-10-18T17:57:38+00:00\",\"breadcrumb\":{\"@id\":\"https:\\\/\\\/marekkuchcinski.pl\\\/wydarzenia\\\/marek-kuchcinski-zostal-szefem-kancelarii-rady-ministrow\\\/#breadcrumb\"},\"inLanguage\":\"sk-SK\",\"potentialAction\":[{\"@type\":\"ReadAction\",\"target\":[\"https:\\\/\\\/marekkuchcinski.pl\\\/wydarzenia\\\/marek-kuchcinski-zostal-szefem-kancelarii-rady-ministrow\\\/\"]}]},{\"@type\":\"ImageObject\",\"inLanguage\":\"sk-SK\",\"@id\":\"https:\\\/\\\/marekkuchcinski.pl\\\/wydarzenia\\\/marek-kuchcinski-zostal-szefem-kancelarii-rady-ministrow\\\/#primaryimage\",\"url\":\"https:\\\/\\\/marekkuchcinski.pl\\\/wp-content\\\/uploads\\\/2022\\\/10\\\/2-1.jpg\",\"contentUrl\":\"https:\\\/\\\/marekkuchcinski.pl\\\/wp-content\\\/uploads\\\/2022\\\/10\\\/2-1.jpg\",\"width\":1600,\"height\":1066},{\"@type\":\"BreadcrumbList\",\"@id\":\"https:\\\/\\\/marekkuchcinski.pl\\\/wydarzenia\\\/marek-kuchcinski-zostal-szefem-kancelarii-rady-ministrow\\\/#breadcrumb\",\"itemListElement\":[{\"@type\":\"ListItem\",\"position\":1,\"name\":\"Strona g\u0142\u00f3wna\",\"item\":\"https:\\\/\\\/marekkuchcinski.pl\\\/\"},{\"@type\":\"ListItem\",\"position\":2,\"name\":\"Marek Kuchci\u0144ski zosta\u0142 szefem Kancelarii Rady Ministr\u00f3w\"}]},{\"@type\":\"WebSite\",\"@id\":\"https:\\\/\\\/marekkuchcinski.pl\\\/#website\",\"url\":\"https:\\\/\\\/marekkuchcinski.pl\\\/\",\"name\":\"Marek Kuchci\u0144ski\",\"description\":\"Marek Kuchci\u0144ski \",\"publisher\":{\"@id\":\"https:\\\/\\\/marekkuchcinski.pl\\\/#organization\"},\"potentialAction\":[{\"@type\":\"SearchAction\",\"target\":{\"@type\":\"EntryPoint\",\"urlTemplate\":\"https:\\\/\\\/marekkuchcinski.pl\\\/?s={search_term_string}\"},\"query-input\":{\"@type\":\"PropertyValueSpecification\",\"valueRequired\":true,\"valueName\":\"search_term_string\"}}],\"inLanguage\":\"sk-SK\"},{\"@type\":\"Organization\",\"@id\":\"https:\\\/\\\/marekkuchcinski.pl\\\/#organization\",\"name\":\"Marek Kuchci\u0144ski\",\"url\":\"https:\\\/\\\/marekkuchcinski.pl\\\/\",\"logo\":{\"@type\":\"ImageObject\",\"inLanguage\":\"sk-SK\",\"@id\":\"https:\\\/\\\/marekkuchcinski.pl\\\/#\\\/schema\\\/logo\\\/image\\\/\",\"url\":\"https:\\\/\\\/marekkuchcinski.pl\\\/wp-content\\\/uploads\\\/2022\\\/09\\\/Marek.jpg\",\"contentUrl\":\"https:\\\/\\\/marekkuchcinski.pl\\\/wp-content\\\/uploads\\\/2022\\\/09\\\/Marek.jpg\",\"width\":1600,\"height\":971,\"caption\":\"Marek Kuchci\u0144ski\"},\"image\":{\"@id\":\"https:\\\/\\\/marekkuchcinski.pl\\\/#\\\/schema\\\/logo\\\/image\\\/\"}},{\"@type\":\"Person\",\"@id\":\"https:\\\/\\\/marekkuchcinski.pl\\\/#\\\/schema\\\/person\\\/bd3f15dee67fee76e83c8350d0154101\",\"name\":\"Marta Olejnik\",\"image\":{\"@type\":\"ImageObject\",\"inLanguage\":\"sk-SK\",\"@id\":\"https:\\\/\\\/secure.gravatar.com\\\/avatar\\\/24754edd6080383402e292374b406b553027d572e97d60e7aa89a6940e88659a?s=96&d=mm&r=g\",\"url\":\"https:\\\/\\\/secure.gravatar.com\\\/avatar\\\/24754edd6080383402e292374b406b553027d572e97d60e7aa89a6940e88659a?s=96&d=mm&r=g\",\"contentUrl\":\"https:\\\/\\\/secure.gravatar.com\\\/avatar\\\/24754edd6080383402e292374b406b553027d572e97d60e7aa89a6940e88659a?s=96&d=mm&r=g\",\"caption\":\"Marta Olejnik\"},\"url\":\"https:\\\/\\\/marekkuchcinski.pl\\\/sk\\\/author\\\/marta\\\/\"}]}<\/script>\n<!-- \/ Yoast SEO plugin. -->","yoast_head_json":{"title":"Marek Kuchci\u0144ski zosta\u0142 szefem Kancelarii Rady Ministr\u00f3w &#8211; Marek Kuchci\u0144ski","robots":{"index":"index","follow":"follow","max-snippet":"max-snippet:-1","max-image-preview":"max-image-preview:large","max-video-preview":"max-video-preview:-1"},"canonical":"https:\/\/marekkuchcinski.pl\/sk\/wydarzenia\/marek-kuchcinski-zostal-szefem-kancelarii-rady-ministrow\/","og_locale":"sk_SK","og_type":"article","og_title":"Marek Kuchci\u0144ski zosta\u0142 szefem Kancelarii Rady Ministr\u00f3w &#8211; Marek Kuchci\u0144ski","og_description":"Obejmuj\u0105c urz\u0105d ministra cz\u0142onka Rady Ministr\u00f3w, uroczy\u015bcie przysi\u0119gam, \u017ce dochowam wierno\u015bci postanowieniom Konstytucji i innym prawom Rzeczypospolitej Polskiej, a dobro Ojczyzny i pomy\u015blno\u015b\u0107 obywateli b\u0119d\u0105 dla mnie zawsze najwy\u017cszym nakazem. Tak mi dopom\u00f3\u017c B\u00f3g &#8211; s\u0142owa przysi\u0119gi wyg\u0142osi\u0142 Marek Kuchci\u0144ski. Dzi\u0119kuj\u0119 za podj\u0119cie si\u0119 tego nowego zadania w trudnym czasie, kiedy jest tak wiele trudnych [&hellip;]","og_url":"https:\/\/marekkuchcinski.pl\/sk\/wydarzenia\/marek-kuchcinski-zostal-szefem-kancelarii-rady-ministrow\/","og_site_name":"Marek Kuchci\u0144ski","article_published_time":"2022-10-13T12:48:36+00:00","article_modified_time":"2022-10-18T17:57:38+00:00","og_image":[{"width":1600,"height":1066,"url":"https:\/\/marekkuchcinski.pl\/wp-content\/uploads\/2022\/10\/2-1.jpg","type":"image\/jpeg"}],"author":"Marta Olejnik","twitter_card":"summary_large_image","twitter_misc":{"Written by":"Marta Olejnik","Est. reading time":"5 minutes"},"schema":{"@context":"https:\/\/schema.org","@graph":[{"@type":"Article","@id":"https:\/\/marekkuchcinski.pl\/wydarzenia\/marek-kuchcinski-zostal-szefem-kancelarii-rady-ministrow\/#article","isPartOf":{"@id":"https:\/\/marekkuchcinski.pl\/wydarzenia\/marek-kuchcinski-zostal-szefem-kancelarii-rady-ministrow\/"},"author":{"name":"Marta Olejnik","@id":"https:\/\/marekkuchcinski.pl\/#\/schema\/person\/bd3f15dee67fee76e83c8350d0154101"},"headline":"Marek Kuchci\u0144ski zosta\u0142 szefem Kancelarii Rady Ministr\u00f3w","datePublished":"2022-10-13T12:48:36+00:00","dateModified":"2022-10-18T17:57:38+00:00","mainEntityOfPage":{"@id":"https:\/\/marekkuchcinski.pl\/wydarzenia\/marek-kuchcinski-zostal-szefem-kancelarii-rady-ministrow\/"},"wordCount":228,"commentCount":0,"publisher":{"@id":"https:\/\/marekkuchcinski.pl\/#organization"},"image":{"@id":"https:\/\/marekkuchcinski.pl\/wydarzenia\/marek-kuchcinski-zostal-szefem-kancelarii-rady-ministrow\/#primaryimage"},"thumbnailUrl":"https:\/\/marekkuchcinski.pl\/wp-content\/uploads\/2022\/10\/2-1.jpg","articleSection":["Wydarzenia"],"inLanguage":"sk-SK","potentialAction":[{"@type":"CommentAction","name":"Comment","target":["https:\/\/marekkuchcinski.pl\/wydarzenia\/marek-kuchcinski-zostal-szefem-kancelarii-rady-ministrow\/#respond"]}]},{"@type":"WebPage","@id":"https:\/\/marekkuchcinski.pl\/wydarzenia\/marek-kuchcinski-zostal-szefem-kancelarii-rady-ministrow\/","url":"https:\/\/marekkuchcinski.pl\/wydarzenia\/marek-kuchcinski-zostal-szefem-kancelarii-rady-ministrow\/","name":"Marek Kuchci\u0144ski zosta\u0142 szefem Kancelarii Rady Ministr\u00f3w &#8211; Marek Kuchci\u0144ski","isPartOf":{"@id":"https:\/\/marekkuchcinski.pl\/#website"},"primaryImageOfPage":{"@id":"https:\/\/marekkuchcinski.pl\/wydarzenia\/marek-kuchcinski-zostal-szefem-kancelarii-rady-ministrow\/#primaryimage"},"image":{"@id":"https:\/\/marekkuchcinski.pl\/wydarzenia\/marek-kuchcinski-zostal-szefem-kancelarii-rady-ministrow\/#primaryimage"},"thumbnailUrl":"https:\/\/marekkuchcinski.pl\/wp-content\/uploads\/2022\/10\/2-1.jpg","datePublished":"2022-10-13T12:48:36+00:00","dateModified":"2022-10-18T17:57:38+00:00","breadcrumb":{"@id":"https:\/\/marekkuchcinski.pl\/wydarzenia\/marek-kuchcinski-zostal-szefem-kancelarii-rady-ministrow\/#breadcrumb"},"inLanguage":"sk-SK","potentialAction":[{"@type":"ReadAction","target":["https:\/\/marekkuchcinski.pl\/wydarzenia\/marek-kuchcinski-zostal-szefem-kancelarii-rady-ministrow\/"]}]},{"@type":"ImageObject","inLanguage":"sk-SK","@id":"https:\/\/marekkuchcinski.pl\/wydarzenia\/marek-kuchcinski-zostal-szefem-kancelarii-rady-ministrow\/#primaryimage","url":"https:\/\/marekkuchcinski.pl\/wp-content\/uploads\/2022\/10\/2-1.jpg","contentUrl":"https:\/\/marekkuchcinski.pl\/wp-content\/uploads\/2022\/10\/2-1.jpg","width":1600,"height":1066},{"@type":"BreadcrumbList","@id":"https:\/\/marekkuchcinski.pl\/wydarzenia\/marek-kuchcinski-zostal-szefem-kancelarii-rady-ministrow\/#breadcrumb","itemListElement":[{"@type":"ListItem","position":1,"name":"Strona g\u0142\u00f3wna","item":"https:\/\/marekkuchcinski.pl\/"},{"@type":"ListItem","position":2,"name":"Marek Kuchci\u0144ski zosta\u0142 szefem Kancelarii Rady Ministr\u00f3w"}]},{"@type":"WebSite","@id":"https:\/\/marekkuchcinski.pl\/#website","url":"https:\/\/marekkuchcinski.pl\/","name":"Marek Kuchci\u0144ski","description":"Marek Kuchci\u0144ski","publisher":{"@id":"https:\/\/marekkuchcinski.pl\/#organization"},"potentialAction":[{"@type":"SearchAction","target":{"@type":"EntryPoint","urlTemplate":"https:\/\/marekkuchcinski.pl\/?s={search_term_string}"},"query-input":{"@type":"PropertyValueSpecification","valueRequired":true,"valueName":"search_term_string"}}],"inLanguage":"sk-SK"},{"@type":"Organization","@id":"https:\/\/marekkuchcinski.pl\/#organization","name":"Marek Kuchci\u0144ski","url":"https:\/\/marekkuchcinski.pl\/","logo":{"@type":"ImageObject","inLanguage":"sk-SK","@id":"https:\/\/marekkuchcinski.pl\/#\/schema\/logo\/image\/","url":"https:\/\/marekkuchcinski.pl\/wp-content\/uploads\/2022\/09\/Marek.jpg","contentUrl":"https:\/\/marekkuchcinski.pl\/wp-content\/uploads\/2022\/09\/Marek.jpg","width":1600,"height":971,"caption":"Marek Kuchci\u0144ski"},"image":{"@id":"https:\/\/marekkuchcinski.pl\/#\/schema\/logo\/image\/"}},{"@type":"Person","@id":"https:\/\/marekkuchcinski.pl\/#\/schema\/person\/bd3f15dee67fee76e83c8350d0154101","name":"Marta Olejnik","image":{"@type":"ImageObject","inLanguage":"sk-SK","@id":"https:\/\/secure.gravatar.com\/avatar\/24754edd6080383402e292374b406b553027d572e97d60e7aa89a6940e88659a?s=96&d=mm&r=g","url":"https:\/\/secure.gravatar.com\/avatar\/24754edd6080383402e292374b406b553027d572e97d60e7aa89a6940e88659a?s=96&d=mm&r=g","contentUrl":"https:\/\/secure.gravatar.com\/avatar\/24754edd6080383402e292374b406b553027d572e97d60e7aa89a6940e88659a?s=96&d=mm&r=g","caption":"Marta Olejnik"},"url":"https:\/\/marekkuchcinski.pl\/sk\/author\/marta\/"}]}},"_links":{"self":[{"href":"https:\/\/marekkuchcinski.pl\/sk\/wp-json\/wp\/v2\/posts\/26629","targetHints":{"allow":["GET"]}}],"collection":[{"href":"https:\/\/marekkuchcinski.pl\/sk\/wp-json\/wp\/v2\/posts"}],"about":[{"href":"https:\/\/marekkuchcinski.pl\/sk\/wp-json\/wp\/v2\/types\/post"}],"author":[{"embeddable":true,"href":"https:\/\/marekkuchcinski.pl\/sk\/wp-json\/wp\/v2\/users\/3"}],"replies":[{"embeddable":true,"href":"https:\/\/marekkuchcinski.pl\/sk\/wp-json\/wp\/v2\/comments?post=26629"}],"version-history":[{"count":19,"href":"https:\/\/marekkuchcinski.pl\/sk\/wp-json\/wp\/v2\/posts\/26629\/revisions"}],"predecessor-version":[{"id":26745,"href":"https:\/\/marekkuchcinski.pl\/sk\/wp-json\/wp\/v2\/posts\/26629\/revisions\/26745"}],"wp:featuredmedia":[{"embeddable":true,"href":"https:\/\/marekkuchcinski.pl\/sk\/wp-json\/wp\/v2\/media\/26631"}],"wp:attachment":[{"href":"https:\/\/marekkuchcinski.pl\/sk\/wp-json\/wp\/v2\/media?parent=26629"}],"wp:term":[{"taxonomy":"category","embeddable":true,"href":"https:\/\/marekkuchcinski.pl\/sk\/wp-json\/wp\/v2\/categories?post=26629"},{"taxonomy":"post_tag","embeddable":true,"href":"https:\/\/marekkuchcinski.pl\/sk\/wp-json\/wp\/v2\/tags?post=26629"}],"curies":[{"name":"wp","href":"https:\/\/api.w.org\/{rel}","templated":true}]}}