{"id":26584,"date":"2022-09-29T20:34:03","date_gmt":"2022-09-29T18:34:03","guid":{"rendered":"https:\/\/marekkuchcinski.pl\/?p=26584"},"modified":"2022-09-29T22:42:15","modified_gmt":"2022-09-29T20:42:15","slug":"sejm-przeciwko-nielegalnym-referendom-na-ukrainie-oraz-wydawaniu-wiz-obywatelom-rosji","status":"publish","type":"post","link":"https:\/\/marekkuchcinski.pl\/sk\/wydarzenia\/sejm-przeciwko-nielegalnym-referendom-na-ukrainie-oraz-wydawaniu-wiz-obywatelom-rosji\/","title":{"rendered":"Snem proti nez\u00e1konn\u00fdm referend\u00e1m na Ukrajine a vyd\u00e1vaniu v\u00edz rusk\u00fdm ob\u010danom"},"content":{"rendered":"<p>Spolo\u010dn\u00e9 v\u00fdbory pre zahrani\u010dn\u00e9 veci a z\u00e1le\u017eitosti Eur\u00f3pskej \u00fanie prijali n\u00e1vrh uznesenia \"o ods\u00faden\u00ed nez\u00e1konn\u00fdch referend, ktor\u00e9 uskuto\u010dnili rusk\u00e9 org\u00e1ny na okupovan\u00fdch \u00fazemiach Ukrajiny, a o prijat\u00ed opatren\u00ed na zastavenie vyd\u00e1vania v\u00edz ob\u010danom Ruskej feder\u00e1cie\". Seimas neuzn\u00e1va v\u00fdsledky nez\u00e1konn\u00fdch referend, ktor\u00e9 uskuto\u010dnili kolaborantsk\u00e9 administrat\u00edvy okupovan\u00fdch regi\u00f3nov Ukrajiny kontrolovan\u00e9 Ruskou feder\u00e1ciou.<\/p>\n\n\n\n<p>Uskuto\u010dnili sa v atmosf\u00e9re teroru, poru\u0161uj\u00fa v\u0161etky normy medzin\u00e1rodn\u00e9ho pr\u00e1va a zasl\u00fa\u017eia si jednozna\u010dn\u00e9 ods\u00fadenie medzin\u00e1rodn\u00e9ho spolo\u010denstva. Sejm Po\u013eskej republiky podporuje Ukrajinu v jej \u00fasil\u00ed o op\u00e4tovn\u00e9 z\u00edskanie plnej kontroly nad cel\u00fdm jej \u00fazem\u00edm v s\u00falade s medzin\u00e1rodne uznan\u00fdm pr\u00e1vnym \u0161tat\u00fatom. Sejm Po\u013eskej republiky d\u00f4razne odsudzuje n\u00fatenie obyvate\u013eov \u00fazem\u00ed okupovan\u00fdch Ruskou feder\u00e1ciou sl\u00fa\u017ei\u0165 v rusk\u00fdch ozbrojen\u00fdch, pomocn\u00fdch a kolaborantsk\u00fdch sil\u00e1ch.<\/p>\n\n\n\n<p><br>Rusk\u00e1 feder\u00e1cia uskuto\u010dnila ozbrojen\u00fa agresiu vo\u010di Ukrajine. Rusk\u00fd \u0161t\u00e1t a jemu podriaden\u00e9 \u0161trukt\u00fary p\u00e1chaj\u00fa na Ukrajine vojnov\u00e9 zlo\u010diny vr\u00e1tane genoc\u00eddy a drviv\u00e1 v\u00e4\u010d\u0161ina ob\u010danov Ruskej feder\u00e1cie t\u00fato vojnu podporuje. Z\u00e1rove\u0148, ako okrem in\u00e9ho uv\u00e1dzaj\u00fa slu\u017eby kraj\u00edn Eur\u00f3pskej \u00fanie, Rusko vykon\u00e1va intenz\u00edvne spravodajsk\u00e9 a sabot\u00e1\u017ene aktivity v celej Eur\u00f3pskej \u00fanii.<\/p>\n\n\n\n<p><br>Je mor\u00e1lne neprijate\u013en\u00e9, aby sa ob\u010dania krajiny, ktor\u00e1 vedie brut\u00e1lnu agres\u00edvnu vojnu a p\u00e1cha akty \u0161t\u00e1tneho terorizmu, mohli vo\u013ene pohybova\u0165 po Eur\u00f3pe. Mo\u017enos\u0165 vstupu do Eur\u00f3pskej \u00fanie vyu\u017e\u00edvaj\u00fa Rusi na \"demon\u0161tr\u00e1ciu podpory vojny a zlo\u010dineck\u00fdch akci\u00ed Ruskej feder\u00e1cie a u\u013eah\u010duj\u00fa spravodajsk\u00e9 a sabot\u00e1\u017ene oper\u00e1cie rusk\u00fdch slu\u017eieb v Eur\u00f3pskej \u00fanii\".<\/p>\n\n\n\n<p><br>Sejm Po\u013eskej republiky podporuje kroky po\u013eskej vl\u00e1dy na medzin\u00e1rodnej sc\u00e9ne zameran\u00e9 na zastavenie vyd\u00e1vania v\u00edz ob\u010danom Ruskej feder\u00e1cie. Krajiny Eur\u00f3pskej \u00fanie a in\u0161tit\u00facie E\u00da by mali by\u0165 solid\u00e1rne na strane napadnut\u00fdch a proti \u00fato\u010dn\u00edkom. Sejm Po\u013eskej republiky vyz\u00fdva predsedu vl\u00e1dy na \u010fal\u0161ie kroky v tejto ot\u00e1zke a v\u0161etky politick\u00e9 sily v Po\u013esku na podporu \u00fasilia po\u013eskej vl\u00e1dy.<\/p>\n\n\n\n<p>Foto: Rafa\u0142 Zambrzycki\/Sejm<\/p>\n\n\n\n<figure class=\"wp-block-image size-large\"><a href=\"https:\/\/marekkuchcinski.pl\/wp-content\/uploads\/2022\/09\/kom-1.jpeg\"><img fetchpriority=\"high\" decoding=\"async\" width=\"1024\" height=\"683\" src=\"https:\/\/marekkuchcinski.pl\/wp-content\/uploads\/2022\/09\/kom-1-1024x683.jpeg\" alt=\"\" class=\"wp-image-26586\" srcset=\"https:\/\/marekkuchcinski.pl\/wp-content\/uploads\/2022\/09\/kom-1-1024x683.jpeg 1024w, https:\/\/marekkuchcinski.pl\/wp-content\/uploads\/2022\/09\/kom-1-300x200.jpeg 300w, https:\/\/marekkuchcinski.pl\/wp-content\/uploads\/2022\/09\/kom-1-768x512.jpeg 768w, https:\/\/marekkuchcinski.pl\/wp-content\/uploads\/2022\/09\/kom-1-1536x1024.jpeg 1536w, https:\/\/marekkuchcinski.pl\/wp-content\/uploads\/2022\/09\/kom-1-18x12.jpeg 18w, https:\/\/marekkuchcinski.pl\/wp-content\/uploads\/2022\/09\/kom-1.jpeg 1600w\" sizes=\"(max-width: 1024px) 100vw, 1024px\" \/><\/a><\/figure>","protected":false},"excerpt":{"rendered":"<p>Spolo\u010dn\u00e9 v\u00fdbory pre zahrani\u010dn\u00e9 veci a z\u00e1le\u017eitosti Eur\u00f3pskej \u00fanie prijali n\u00e1vrh uznesenia \"o ods\u00faden\u00ed nez\u00e1konn\u00fdch referend, ktor\u00e9 uskuto\u010dnili rusk\u00e9 org\u00e1ny na okupovan\u00fdch \u00fazemiach Ukrajiny, a o prijat\u00ed opatren\u00ed na zastavenie vyd\u00e1vania v\u00edz ob\u010danom Ruskej feder\u00e1cie\". Seimas neuzn\u00e1va v\u00fdsledky nez\u00e1konn\u00fdch referend, ktor\u00e9 uskuto\u010dnili kolaborantsk\u00e9 spr\u00e1vy okupovan\u00fdch regi\u00f3nov Ukrajiny kontrolovan\u00e9 Ruskou feder\u00e1ciou. Prebieha v atmosf\u00e9re [...]<\/p>","protected":false},"author":21,"featured_media":26594,"comment_status":"open","ping_status":"open","sticky":false,"template":"","format":"standard","meta":{"ngg_post_thumbnail":0,"footnotes":""},"categories":[3],"tags":[],"class_list":["post-26584","post","type-post","status-publish","format-standard","has-post-thumbnail","hentry","category-wydarzenia"],"yoast_head":"<!-- This site is optimized with the Yoast SEO plugin v24.7 - https:\/\/yoast.com\/wordpress\/plugins\/seo\/ -->\n<title>Sejm przeciwko nielegalnym referendom na Ukrainie oraz wydawaniu wiz obywatelom Rosji &#8211; Marek Kuchci\u0144ski<\/title>\n<meta name=\"robots\" content=\"index, follow, max-snippet:-1, max-image-preview:large, max-video-preview:-1\" \/>\n<link rel=\"canonical\" href=\"https:\/\/marekkuchcinski.pl\/sk\/wydarzenia\/sejm-przeciwko-nielegalnym-referendom-na-ukrainie-oraz-wydawaniu-wiz-obywatelom-rosji\/\" \/>\n<meta property=\"og:locale\" content=\"sk_SK\" \/>\n<meta property=\"og:type\" content=\"article\" \/>\n<meta property=\"og:title\" content=\"Sejm przeciwko nielegalnym referendom na Ukrainie oraz wydawaniu wiz obywatelom Rosji &#8211; Marek Kuchci\u0144ski\" \/>\n<meta property=\"og:description\" content=\"Po\u0142\u0105czone Komisje: Spraw Zagranicznych i ds. Unii Europejskiej przyj\u0119\u0142y projekt uchwa\u0142\u0119 &#8222;w sprawie pot\u0119pienia nielegalnych referend\u00f3w przeprowadzonych przez w\u0142adze rosyjskie na okupowanych terenach Ukrainy oraz podj\u0119cia dzia\u0142a\u0144 zmierzaj\u0105cych do zaprzestania wydawania wiz obywatelom Federacji Rosyjskiej&#8221;. Sejm nie uznaje wynik\u00f3w nielegalnych referend\u00f3w dokonanych przez kontrolowane przez Federacj\u0119 Rosyjsk\u0105 kolaboracyjne administracje okupowanych obwod\u00f3w Ukrainy. Przeprowadzone w atmosferze [&hellip;]\" \/>\n<meta property=\"og:url\" content=\"https:\/\/marekkuchcinski.pl\/sk\/wydarzenia\/sejm-przeciwko-nielegalnym-referendom-na-ukrainie-oraz-wydawaniu-wiz-obywatelom-rosji\/\" \/>\n<meta property=\"og:site_name\" content=\"Marek Kuchci\u0144ski\" \/>\n<meta property=\"article:published_time\" content=\"2022-09-29T18:34:03+00:00\" \/>\n<meta property=\"article:modified_time\" content=\"2022-09-29T20:42:15+00:00\" \/>\n<meta property=\"og:image\" content=\"https:\/\/marekkuchcinski.pl\/wp-content\/uploads\/2022\/09\/kom_edited.jpg\" \/>\n\t<meta property=\"og:image:width\" content=\"1600\" \/>\n\t<meta property=\"og:image:height\" content=\"1066\" \/>\n\t<meta property=\"og:image:type\" content=\"image\/jpeg\" \/>\n<meta name=\"author\" content=\"Marta Olejnik\" \/>\n<meta name=\"twitter:card\" content=\"summary_large_image\" \/>\n<meta name=\"twitter:label1\" content=\"Autor\" \/>\n\t<meta name=\"twitter:data1\" content=\"Marta Olejnik\" \/>\n\t<meta name=\"twitter:label2\" content=\"Predpokladan\u00fd \u010das \u010d\u00edtania\" \/>\n\t<meta name=\"twitter:data2\" content=\"2 min\u00faty\" \/>\n<script type=\"application\/ld+json\" class=\"yoast-schema-graph\">{\"@context\":\"https:\/\/schema.org\",\"@graph\":[{\"@type\":\"Article\",\"@id\":\"https:\/\/marekkuchcinski.pl\/uk\/wydarzenia\/sejm-przeciwko-nielegalnym-referendom-na-ukrainie-oraz-wydawaniu-wiz-obywatelom-rosji\/#article\",\"isPartOf\":{\"@id\":\"https:\/\/marekkuchcinski.pl\/uk\/wydarzenia\/sejm-przeciwko-nielegalnym-referendom-na-ukrainie-oraz-wydawaniu-wiz-obywatelom-rosji\/\"},\"author\":{\"name\":\"Marta Olejnik\",\"@id\":\"https:\/\/marekkuchcinski.pl\/#\/schema\/person\/51d5d4ee3b5317b8e4dd2b48af359229\"},\"headline\":\"Sejm przeciwko nielegalnym referendom na Ukrainie oraz wydawaniu wiz obywatelom Rosji\",\"datePublished\":\"2022-09-29T18:34:03+00:00\",\"dateModified\":\"2022-09-29T20:42:15+00:00\",\"mainEntityOfPage\":{\"@id\":\"https:\/\/marekkuchcinski.pl\/uk\/wydarzenia\/sejm-przeciwko-nielegalnym-referendom-na-ukrainie-oraz-wydawaniu-wiz-obywatelom-rosji\/\"},\"wordCount\":355,\"commentCount\":0,\"publisher\":{\"@id\":\"https:\/\/marekkuchcinski.pl\/#organization\"},\"image\":{\"@id\":\"https:\/\/marekkuchcinski.pl\/uk\/wydarzenia\/sejm-przeciwko-nielegalnym-referendom-na-ukrainie-oraz-wydawaniu-wiz-obywatelom-rosji\/#primaryimage\"},\"thumbnailUrl\":\"https:\/\/marekkuchcinski.pl\/wp-content\/uploads\/2022\/09\/kom_edited.jpg\",\"articleSection\":[\"Wydarzenia\"],\"inLanguage\":\"sk-SK\",\"potentialAction\":[{\"@type\":\"CommentAction\",\"name\":\"Comment\",\"target\":[\"https:\/\/marekkuchcinski.pl\/uk\/wydarzenia\/sejm-przeciwko-nielegalnym-referendom-na-ukrainie-oraz-wydawaniu-wiz-obywatelom-rosji\/#respond\"]}]},{\"@type\":\"WebPage\",\"@id\":\"https:\/\/marekkuchcinski.pl\/uk\/wydarzenia\/sejm-przeciwko-nielegalnym-referendom-na-ukrainie-oraz-wydawaniu-wiz-obywatelom-rosji\/\",\"url\":\"https:\/\/marekkuchcinski.pl\/uk\/wydarzenia\/sejm-przeciwko-nielegalnym-referendom-na-ukrainie-oraz-wydawaniu-wiz-obywatelom-rosji\/\",\"name\":\"Sejm przeciwko nielegalnym referendom na Ukrainie oraz wydawaniu wiz obywatelom Rosji &#8211; Marek Kuchci\u0144ski\",\"isPartOf\":{\"@id\":\"https:\/\/marekkuchcinski.pl\/#website\"},\"primaryImageOfPage\":{\"@id\":\"https:\/\/marekkuchcinski.pl\/uk\/wydarzenia\/sejm-przeciwko-nielegalnym-referendom-na-ukrainie-oraz-wydawaniu-wiz-obywatelom-rosji\/#primaryimage\"},\"image\":{\"@id\":\"https:\/\/marekkuchcinski.pl\/uk\/wydarzenia\/sejm-przeciwko-nielegalnym-referendom-na-ukrainie-oraz-wydawaniu-wiz-obywatelom-rosji\/#primaryimage\"},\"thumbnailUrl\":\"https:\/\/marekkuchcinski.pl\/wp-content\/uploads\/2022\/09\/kom_edited.jpg\",\"datePublished\":\"2022-09-29T18:34:03+00:00\",\"dateModified\":\"2022-09-29T20:42:15+00:00\",\"breadcrumb\":{\"@id\":\"https:\/\/marekkuchcinski.pl\/uk\/wydarzenia\/sejm-przeciwko-nielegalnym-referendom-na-ukrainie-oraz-wydawaniu-wiz-obywatelom-rosji\/#breadcrumb\"},\"inLanguage\":\"sk-SK\",\"potentialAction\":[{\"@type\":\"ReadAction\",\"target\":[\"https:\/\/marekkuchcinski.pl\/uk\/wydarzenia\/sejm-przeciwko-nielegalnym-referendom-na-ukrainie-oraz-wydawaniu-wiz-obywatelom-rosji\/\"]}]},{\"@type\":\"ImageObject\",\"inLanguage\":\"sk-SK\",\"@id\":\"https:\/\/marekkuchcinski.pl\/uk\/wydarzenia\/sejm-przeciwko-nielegalnym-referendom-na-ukrainie-oraz-wydawaniu-wiz-obywatelom-rosji\/#primaryimage\",\"url\":\"https:\/\/marekkuchcinski.pl\/wp-content\/uploads\/2022\/09\/kom_edited.jpg\",\"contentUrl\":\"https:\/\/marekkuchcinski.pl\/wp-content\/uploads\/2022\/09\/kom_edited.jpg\",\"width\":1600,\"height\":1066},{\"@type\":\"BreadcrumbList\",\"@id\":\"https:\/\/marekkuchcinski.pl\/uk\/wydarzenia\/sejm-przeciwko-nielegalnym-referendom-na-ukrainie-oraz-wydawaniu-wiz-obywatelom-rosji\/#breadcrumb\",\"itemListElement\":[{\"@type\":\"ListItem\",\"position\":1,\"name\":\"Strona g\u0142\u00f3wna\",\"item\":\"https:\/\/marekkuchcinski.pl\/\"},{\"@type\":\"ListItem\",\"position\":2,\"name\":\"Sejm przeciwko nielegalnym referendom na Ukrainie oraz wydawaniu wiz obywatelom Rosji\"}]},{\"@type\":\"WebSite\",\"@id\":\"https:\/\/marekkuchcinski.pl\/#website\",\"url\":\"https:\/\/marekkuchcinski.pl\/\",\"name\":\"Marek Kuchci\u0144ski\",\"description\":\"Pose\u0142 na sejm RP &ndash; okr\u0119g nr 22\",\"publisher\":{\"@id\":\"https:\/\/marekkuchcinski.pl\/#organization\"},\"potentialAction\":[{\"@type\":\"SearchAction\",\"target\":{\"@type\":\"EntryPoint\",\"urlTemplate\":\"https:\/\/marekkuchcinski.pl\/?s={search_term_string}\"},\"query-input\":{\"@type\":\"PropertyValueSpecification\",\"valueRequired\":true,\"valueName\":\"search_term_string\"}}],\"inLanguage\":\"sk-SK\"},{\"@type\":\"Organization\",\"@id\":\"https:\/\/marekkuchcinski.pl\/#organization\",\"name\":\"Marek Kuchci\u0144ski\",\"url\":\"https:\/\/marekkuchcinski.pl\/\",\"logo\":{\"@type\":\"ImageObject\",\"inLanguage\":\"sk-SK\",\"@id\":\"https:\/\/marekkuchcinski.pl\/#\/schema\/logo\/image\/\",\"url\":\"https:\/\/marekkuchcinski.pl\/wp-content\/uploads\/2022\/09\/Marek.jpg\",\"contentUrl\":\"https:\/\/marekkuchcinski.pl\/wp-content\/uploads\/2022\/09\/Marek.jpg\",\"width\":1600,\"height\":971,\"caption\":\"Marek Kuchci\u0144ski\"},\"image\":{\"@id\":\"https:\/\/marekkuchcinski.pl\/#\/schema\/logo\/image\/\"}},{\"@type\":\"Person\",\"@id\":\"https:\/\/marekkuchcinski.pl\/#\/schema\/person\/51d5d4ee3b5317b8e4dd2b48af359229\",\"name\":\"Marta Olejnik\",\"image\":{\"@type\":\"ImageObject\",\"inLanguage\":\"sk-SK\",\"@id\":\"https:\/\/marekkuchcinski.pl\/#\/schema\/person\/image\/\",\"url\":\"https:\/\/secure.gravatar.com\/avatar\/e39914b2aa6a48959e24d475b5dc9793?s=96&d=mm&r=g\",\"contentUrl\":\"https:\/\/secure.gravatar.com\/avatar\/e39914b2aa6a48959e24d475b5dc9793?s=96&d=mm&r=g\",\"caption\":\"Marta Olejnik\"},\"url\":\"https:\/\/marekkuchcinski.pl\/sk\/author\/marta\/\"}]}<\/script>\n<!-- \/ Yoast SEO plugin. -->","yoast_head_json":{"title":"Sejm przeciwko nielegalnym referendom na Ukrainie oraz wydawaniu wiz obywatelom Rosji &#8211; Marek Kuchci\u0144ski","robots":{"index":"index","follow":"follow","max-snippet":"max-snippet:-1","max-image-preview":"max-image-preview:large","max-video-preview":"max-video-preview:-1"},"canonical":"https:\/\/marekkuchcinski.pl\/sk\/wydarzenia\/sejm-przeciwko-nielegalnym-referendom-na-ukrainie-oraz-wydawaniu-wiz-obywatelom-rosji\/","og_locale":"sk_SK","og_type":"article","og_title":"Sejm przeciwko nielegalnym referendom na Ukrainie oraz wydawaniu wiz obywatelom Rosji &#8211; Marek Kuchci\u0144ski","og_description":"Po\u0142\u0105czone Komisje: Spraw Zagranicznych i ds. Unii Europejskiej przyj\u0119\u0142y projekt uchwa\u0142\u0119 &#8222;w sprawie pot\u0119pienia nielegalnych referend\u00f3w przeprowadzonych przez w\u0142adze rosyjskie na okupowanych terenach Ukrainy oraz podj\u0119cia dzia\u0142a\u0144 zmierzaj\u0105cych do zaprzestania wydawania wiz obywatelom Federacji Rosyjskiej&#8221;. Sejm nie uznaje wynik\u00f3w nielegalnych referend\u00f3w dokonanych przez kontrolowane przez Federacj\u0119 Rosyjsk\u0105 kolaboracyjne administracje okupowanych obwod\u00f3w Ukrainy. Przeprowadzone w atmosferze [&hellip;]","og_url":"https:\/\/marekkuchcinski.pl\/sk\/wydarzenia\/sejm-przeciwko-nielegalnym-referendom-na-ukrainie-oraz-wydawaniu-wiz-obywatelom-rosji\/","og_site_name":"Marek Kuchci\u0144ski","article_published_time":"2022-09-29T18:34:03+00:00","article_modified_time":"2022-09-29T20:42:15+00:00","og_image":[{"width":1600,"height":1066,"url":"https:\/\/marekkuchcinski.pl\/wp-content\/uploads\/2022\/09\/kom_edited.jpg","type":"image\/jpeg"}],"author":"Marta Olejnik","twitter_card":"summary_large_image","twitter_misc":{"Autor":"Marta Olejnik","Predpokladan\u00fd \u010das \u010d\u00edtania":"2 min\u00faty"},"schema":{"@context":"https:\/\/schema.org","@graph":[{"@type":"Article","@id":"https:\/\/marekkuchcinski.pl\/uk\/wydarzenia\/sejm-przeciwko-nielegalnym-referendom-na-ukrainie-oraz-wydawaniu-wiz-obywatelom-rosji\/#article","isPartOf":{"@id":"https:\/\/marekkuchcinski.pl\/uk\/wydarzenia\/sejm-przeciwko-nielegalnym-referendom-na-ukrainie-oraz-wydawaniu-wiz-obywatelom-rosji\/"},"author":{"name":"Marta Olejnik","@id":"https:\/\/marekkuchcinski.pl\/#\/schema\/person\/51d5d4ee3b5317b8e4dd2b48af359229"},"headline":"Sejm przeciwko nielegalnym referendom na Ukrainie oraz wydawaniu wiz obywatelom Rosji","datePublished":"2022-09-29T18:34:03+00:00","dateModified":"2022-09-29T20:42:15+00:00","mainEntityOfPage":{"@id":"https:\/\/marekkuchcinski.pl\/uk\/wydarzenia\/sejm-przeciwko-nielegalnym-referendom-na-ukrainie-oraz-wydawaniu-wiz-obywatelom-rosji\/"},"wordCount":355,"commentCount":0,"publisher":{"@id":"https:\/\/marekkuchcinski.pl\/#organization"},"image":{"@id":"https:\/\/marekkuchcinski.pl\/uk\/wydarzenia\/sejm-przeciwko-nielegalnym-referendom-na-ukrainie-oraz-wydawaniu-wiz-obywatelom-rosji\/#primaryimage"},"thumbnailUrl":"https:\/\/marekkuchcinski.pl\/wp-content\/uploads\/2022\/09\/kom_edited.jpg","articleSection":["Wydarzenia"],"inLanguage":"sk-SK","potentialAction":[{"@type":"CommentAction","name":"Comment","target":["https:\/\/marekkuchcinski.pl\/uk\/wydarzenia\/sejm-przeciwko-nielegalnym-referendom-na-ukrainie-oraz-wydawaniu-wiz-obywatelom-rosji\/#respond"]}]},{"@type":"WebPage","@id":"https:\/\/marekkuchcinski.pl\/uk\/wydarzenia\/sejm-przeciwko-nielegalnym-referendom-na-ukrainie-oraz-wydawaniu-wiz-obywatelom-rosji\/","url":"https:\/\/marekkuchcinski.pl\/uk\/wydarzenia\/sejm-przeciwko-nielegalnym-referendom-na-ukrainie-oraz-wydawaniu-wiz-obywatelom-rosji\/","name":"Sejm przeciwko nielegalnym referendom na Ukrainie oraz wydawaniu wiz obywatelom Rosji &#8211; Marek Kuchci\u0144ski","isPartOf":{"@id":"https:\/\/marekkuchcinski.pl\/#website"},"primaryImageOfPage":{"@id":"https:\/\/marekkuchcinski.pl\/uk\/wydarzenia\/sejm-przeciwko-nielegalnym-referendom-na-ukrainie-oraz-wydawaniu-wiz-obywatelom-rosji\/#primaryimage"},"image":{"@id":"https:\/\/marekkuchcinski.pl\/uk\/wydarzenia\/sejm-przeciwko-nielegalnym-referendom-na-ukrainie-oraz-wydawaniu-wiz-obywatelom-rosji\/#primaryimage"},"thumbnailUrl":"https:\/\/marekkuchcinski.pl\/wp-content\/uploads\/2022\/09\/kom_edited.jpg","datePublished":"2022-09-29T18:34:03+00:00","dateModified":"2022-09-29T20:42:15+00:00","breadcrumb":{"@id":"https:\/\/marekkuchcinski.pl\/uk\/wydarzenia\/sejm-przeciwko-nielegalnym-referendom-na-ukrainie-oraz-wydawaniu-wiz-obywatelom-rosji\/#breadcrumb"},"inLanguage":"sk-SK","potentialAction":[{"@type":"ReadAction","target":["https:\/\/marekkuchcinski.pl\/uk\/wydarzenia\/sejm-przeciwko-nielegalnym-referendom-na-ukrainie-oraz-wydawaniu-wiz-obywatelom-rosji\/"]}]},{"@type":"ImageObject","inLanguage":"sk-SK","@id":"https:\/\/marekkuchcinski.pl\/uk\/wydarzenia\/sejm-przeciwko-nielegalnym-referendom-na-ukrainie-oraz-wydawaniu-wiz-obywatelom-rosji\/#primaryimage","url":"https:\/\/marekkuchcinski.pl\/wp-content\/uploads\/2022\/09\/kom_edited.jpg","contentUrl":"https:\/\/marekkuchcinski.pl\/wp-content\/uploads\/2022\/09\/kom_edited.jpg","width":1600,"height":1066},{"@type":"BreadcrumbList","@id":"https:\/\/marekkuchcinski.pl\/uk\/wydarzenia\/sejm-przeciwko-nielegalnym-referendom-na-ukrainie-oraz-wydawaniu-wiz-obywatelom-rosji\/#breadcrumb","itemListElement":[{"@type":"ListItem","position":1,"name":"Strona g\u0142\u00f3wna","item":"https:\/\/marekkuchcinski.pl\/"},{"@type":"ListItem","position":2,"name":"Sejm przeciwko nielegalnym referendom na Ukrainie oraz wydawaniu wiz obywatelom Rosji"}]},{"@type":"WebSite","@id":"https:\/\/marekkuchcinski.pl\/#website","url":"https:\/\/marekkuchcinski.pl\/","name":"Marek Kuchci\u0144ski","description":"Pose\u0142 na sejm RP &ndash; okr\u0119g nr 22","publisher":{"@id":"https:\/\/marekkuchcinski.pl\/#organization"},"potentialAction":[{"@type":"SearchAction","target":{"@type":"EntryPoint","urlTemplate":"https:\/\/marekkuchcinski.pl\/?s={search_term_string}"},"query-input":{"@type":"PropertyValueSpecification","valueRequired":true,"valueName":"search_term_string"}}],"inLanguage":"sk-SK"},{"@type":"Organization","@id":"https:\/\/marekkuchcinski.pl\/#organization","name":"Marek Kuchci\u0144ski","url":"https:\/\/marekkuchcinski.pl\/","logo":{"@type":"ImageObject","inLanguage":"sk-SK","@id":"https:\/\/marekkuchcinski.pl\/#\/schema\/logo\/image\/","url":"https:\/\/marekkuchcinski.pl\/wp-content\/uploads\/2022\/09\/Marek.jpg","contentUrl":"https:\/\/marekkuchcinski.pl\/wp-content\/uploads\/2022\/09\/Marek.jpg","width":1600,"height":971,"caption":"Marek Kuchci\u0144ski"},"image":{"@id":"https:\/\/marekkuchcinski.pl\/#\/schema\/logo\/image\/"}},{"@type":"Person","@id":"https:\/\/marekkuchcinski.pl\/#\/schema\/person\/51d5d4ee3b5317b8e4dd2b48af359229","name":"Marta Olejnik","image":{"@type":"ImageObject","inLanguage":"sk-SK","@id":"https:\/\/marekkuchcinski.pl\/#\/schema\/person\/image\/","url":"https:\/\/secure.gravatar.com\/avatar\/e39914b2aa6a48959e24d475b5dc9793?s=96&d=mm&r=g","contentUrl":"https:\/\/secure.gravatar.com\/avatar\/e39914b2aa6a48959e24d475b5dc9793?s=96&d=mm&r=g","caption":"Marta Olejnik"},"url":"https:\/\/marekkuchcinski.pl\/sk\/author\/marta\/"}]}},"_links":{"self":[{"href":"https:\/\/marekkuchcinski.pl\/sk\/wp-json\/wp\/v2\/posts\/26584","targetHints":{"allow":["GET"]}}],"collection":[{"href":"https:\/\/marekkuchcinski.pl\/sk\/wp-json\/wp\/v2\/posts"}],"about":[{"href":"https:\/\/marekkuchcinski.pl\/sk\/wp-json\/wp\/v2\/types\/post"}],"author":[{"embeddable":true,"href":"https:\/\/marekkuchcinski.pl\/sk\/wp-json\/wp\/v2\/users\/21"}],"replies":[{"embeddable":true,"href":"https:\/\/marekkuchcinski.pl\/sk\/wp-json\/wp\/v2\/comments?post=26584"}],"version-history":[{"count":1,"href":"https:\/\/marekkuchcinski.pl\/sk\/wp-json\/wp\/v2\/posts\/26584\/revisions"}],"predecessor-version":[{"id":26587,"href":"https:\/\/marekkuchcinski.pl\/sk\/wp-json\/wp\/v2\/posts\/26584\/revisions\/26587"}],"wp:featuredmedia":[{"embeddable":true,"href":"https:\/\/marekkuchcinski.pl\/sk\/wp-json\/wp\/v2\/media\/26594"}],"wp:attachment":[{"href":"https:\/\/marekkuchcinski.pl\/sk\/wp-json\/wp\/v2\/media?parent=26584"}],"wp:term":[{"taxonomy":"category","embeddable":true,"href":"https:\/\/marekkuchcinski.pl\/sk\/wp-json\/wp\/v2\/categories?post=26584"},{"taxonomy":"post_tag","embeddable":true,"href":"https:\/\/marekkuchcinski.pl\/sk\/wp-json\/wp\/v2\/tags?post=26584"}],"curies":[{"name":"wp","href":"https:\/\/api.w.org\/{rel}","templated":true}]}}