{"id":26560,"date":"2022-09-26T17:50:02","date_gmt":"2022-09-26T15:50:02","guid":{"rendered":"https:\/\/marekkuchcinski.pl\/?p=26560"},"modified":"2022-09-26T17:50:04","modified_gmt":"2022-09-26T15:50:04","slug":"tarcza-solidarnosciowa-ochrona-wszystkich-polakow-wsparcie-dla-firm-i-przedsiebiorcow","status":"publish","type":"post","link":"https:\/\/marekkuchcinski.pl\/sk\/wydarzenia\/tarcza-solidarnosciowa-ochrona-wszystkich-polakow-wsparcie-dla-firm-i-przedsiebiorcow\/","title":{"rendered":"\u0160t\u00edt solidarity: ochrana v\u0161etk\u00fdch Poliakov, podpora podnikov a podnikate\u013eov \u00a0"},"content":{"rendered":"<p>Vojna na Ukrajine sp\u00f4sobila tri ve\u013ek\u00e9 kr\u00edzy: energetick\u00fa, hospod\u00e1rsku a bezpe\u010dnostn\u00fa. \u0160t\u00edt solidarity ochr\u00e1ni Poliakov pred prudk\u00fdm, troj- a\u017e \u0161tvorn\u00e1sobn\u00fdm zv\u00fd\u0161en\u00edm cien. Tak\u00e9muto zvy\u0161ovaniu cien u\u017e \u010delia ob\u010dania v\u0161etk\u00fdch<strong>v\u0161etk\u00fdch kraj\u00edn Eur\u00f3pskej \u00fanie.<\/strong><\/p>\n\n\n\n<p><strong>Po\u013esk\u00fd \u0161t\u00e1t p\u00f4sob\u00ed v dvoch hlavn\u00fdch oblastiach:<\/strong><\/p>\n\n\n\n<p><strong>1. chr\u00e1ni\u0165 rodiny, ob\u010danov, v\u0161etk\u00fdch Poliakov<\/strong><\/p>\n\n\n\n<p><strong>2. ochrana a podpora podnikov a podnikate\u013eov \u00a0<\/strong><\/p>\n\n\n\n<figure class=\"wp-block-table\"><table><tbody><tr><td><strong>Pevn\u00e1 cena na s\u00fa\u010dasnej \u00farovni do 2 000 kWh ro\u010dnej spotreby. Pribli\u017ene 8 mili\u00f3nov dom\u00e1cnost\u00ed zv\u00fd\u0161enie cien v\u00f4bec nepoc\u00edti! <\/strong><br><br>Rodiny s viacer\u00fdmi de\u0165mi (s kartou pre ve\u013ek\u00fa rodinu), zdravotne postihnut\u00ed a po\u013enohospod\u00e1ri bud\u00fa plati\u0165 za energiu za s\u00fa\u010dasn\u00fa cenu pri spotrebe do 2 600 kWh ro\u010dne. Za \u010fal\u0161ie zn\u00ed\u017eenie spotreby energie v rodin\u00e1ch bude k dispoz\u00edcii z\u013eava. Zn\u00ed\u017eenie spotreby o viac ako 10% v porovnan\u00ed s t\u00fdmto rokom zn\u00ed\u017ei n\u00e1klady na energiu o 10%. Rodiny z\u00edskaj\u00fa dodato\u010dn\u00e9 krytie - pr\u00edspevok na energie bude 1 000 GBP. \u0160t\u00e1tne a miestne org\u00e1ny bud\u00fa musie\u0165 zn\u00ed\u017ei\u0165 spotrebu energie o min. 10 %. Ka\u017ed\u00e1 verejn\u00e1 in\u0161tit\u00facia bude musie\u0165 optimalizova\u0165 spotrebu elektrickej energie a zn\u00ed\u017ei\u0165 n\u00e1klady. Vl\u00e1da uvo\u013en\u00ed \u010fal\u0161ie finan\u010dn\u00e9 prostriedky na miestne invest\u00edcie do energeticky \u00fa\u010dinn\u00e9ho pouli\u010dn\u00e9ho osvetlenia, aby pomohla miestnym samospr\u00e1vam zn\u00ed\u017ei\u0165 v\u00fddavky na energiu. <br><br><strong>\u00a0 \u00a0 \u0160T\u00cdT PRE FIRMY A ZELEN\u00c1 ENERGIA PRE PRIEMYSEL (OZE)<\/strong><br><br>\u0160t\u00edt pre energeticky n\u00e1ro\u010dn\u00e9 podniky sa bude vz\u0165ahova\u0165 na spolo\u010dnosti v odvetviach, ako je metalurgia, keramika, skl\u00e1rstvo a v\u00fdroba hnoj\u00edv. Pom\u00f4\u017ee im to zn\u00ed\u017ei\u0165 deficit sp\u00f4soben\u00fd energetick\u00fdm vydieran\u00edm zo strany Ruska. Vy\u010dlen\u00edme 5 mili\u00e1rd PLN na dot\u00e1cie na n\u00e1kup energie a plynu pre priemyseln\u00e9 odvetvia s nad\u0161tandardn\u00fdmi n\u00e1kladmi na energiu. V roku 2023 bud\u00fa m\u00f4c\u0165 ve\u013ek\u00e9 priemyseln\u00e9 podniky vybudova\u0165 pripojenie ekologick\u00fdch v\u00fdrobn\u00fdch zdrojov k zariadeniam intern\u00fdch spotrebite\u013eov energie. Ve\u013ekoodberatelia si bud\u00fa m\u00f4c\u0165 sami vybudova\u0165 nov\u00e9 zariadenia na vyu\u017e\u00edvanie OZE a vyu\u017e\u00edva\u0165 ich pre svoje potreby. V\u010faka tomu bud\u00fa ma\u0165 lacnej\u0161iu energiu, ni\u017e\u0161ie n\u00e1klady na v\u00fdrobu a mo\u017enos\u0165 pon\u00faka\u0165 ni\u017e\u0161ie ceny. \u0160t\u00e1t ide pr\u00edkladom. V roku 2022 sa v podnikoch \u0161t\u00e1tnej pokladnice a miestnej samospr\u00e1vy nebud\u00fa vypl\u00e1ca\u0165 \u017eiadne odmeny.       UDALOSTI: Po\u013esk\u00e1 vl\u00e1da prij\u00edma viacero opatren\u00ed na podporu po\u013esk\u00fdch podnikate\u013eov po\u010das glob\u00e1lnej kr\u00edzy. Solid\u00e1rny \u0161t\u00edt je motiva\u010dn\u00fdm rie\u0161en\u00edm - odme\u0148uje t\u00fdch, ktor\u00ed sporia. Dom\u00e1cnosti maj\u00fa garantovan\u00fa cenu energie a\u017e do v\u00fd\u0161ky 2 000 kWh ro\u010dne. Pre dom\u00e1cnosti so zdravotne postihnut\u00fdmi osobami, rodiny s tromi a viac de\u0165mi a po\u013enohospod\u00e1rske dom\u00e1cnosti to bude 2600 kWh. To znamen\u00e1, \u017ee dom\u00e1cnosti bud\u00fa plati\u0165 vy\u0161\u0161iu cenu elektriny len za prebytok - nad 2 000 alebo 2 600 kWh.  Okrem toho na strane ob\u010danov nie je \u017eiadna byrokracia, alebo je obmedzen\u00e1 na minimum. Dod\u00e1vate\u013e energie vyhodnot\u00ed spotrebu a automaticky zn\u00ed\u017ei cenu. V pr\u00edpade po\u013enohospod\u00e1rov sta\u010d\u00ed potvrdenie z da\u0148ov\u00e9ho \u00faradu o zaplaten\u00ed po\u013enohospod\u00e1rskej dane. V pr\u00edpade rod\u00edn s tromi alebo viacer\u00fdmi de\u0165mi je potrebn\u00fd len preukaz ve\u013ekej rodiny a v pr\u00edpade osoby so zdravotn\u00fdm postihnut\u00edm jeden podporn\u00fd doklad. Po\u010das siedmich rokov po\u013esk\u00e1 vl\u00e1da d\u00f4sledne plnila svoje predch\u00e1dzaj\u00face z\u00e1v\u00e4zky t\u00fdkaj\u00face sa zv\u00fd\u0161enia vyu\u017e\u00edvania obnovite\u013en\u00fdch zdrojov energie a ur\u00fdchlenia transform\u00e1cie energetick\u00e9ho sektora krajiny. Najm\u00e4 v posledn\u00fdch dvoch rokoch do\u0161lo na po\u013eskom trhu s energiou k v\u00fdznamn\u00fdm zmen\u00e1m a zv\u00fd\u0161il sa podiel energie z obnovite\u013en\u00fdch zdrojov. S ka\u017ed\u00fdm \u010fal\u0161\u00edm rokom dosahujeme ciele, ktor\u00e9 boli e\u0161te ned\u00e1vno nere\u00e1lne, alebo ich niektor\u00ed dokonca pova\u017eovali za nedosiahnute\u013en\u00e9 - napr\u00edklad dosiahnutie 15 % cie\u013ea v oblasti obnovite\u013en\u00fdch zdrojov energie do roku 2020. Pod\u013ea \u00fadajov \u00dastredn\u00e9ho \u0161tatistick\u00e9ho \u00faradu podiel obnovite\u013en\u00fdch zdrojov energie na hrubej kone\u010dnej spotrebe energie predstavoval 16,1 %. Z\u00e1rove\u0148 pracujeme na v\u00fdstavbe jadrovej elektr\u00e1rne v Po\u013esku, ktor\u00e1 je strategickou invest\u00edciou pre udr\u017eate\u013en\u00fd rozvoj celej krajiny. Jadrov\u00e1 energia je stabiln\u00fdm zdrojom elektrickej energie a mo\u017enos\u0165 dlhodob\u00e9ho skladovania jadrov\u00e9ho paliva zvy\u0161uje energetick\u00fa nez\u00e1vislos\u0165 krajiny. \u00a0 \u00a0 \u00a0<\/td><\/tr><\/tbody><\/table><\/figure>\n\n\n\n<figure class=\"wp-block-image size-large\"><a href=\"https:\/\/marekkuchcinski.pl\/wp-content\/uploads\/2022\/09\/Fcs2LhTWIAA7Eae.jpeg\"><img fetchpriority=\"high\" decoding=\"async\" width=\"1024\" height=\"576\" src=\"https:\/\/marekkuchcinski.pl\/wp-content\/uploads\/2022\/09\/Fcs2LhTWIAA7Eae-1024x576.jpeg\" alt=\"\" class=\"wp-image-26563\" srcset=\"https:\/\/marekkuchcinski.pl\/wp-content\/uploads\/2022\/09\/Fcs2LhTWIAA7Eae-1024x576.jpeg 1024w, https:\/\/marekkuchcinski.pl\/wp-content\/uploads\/2022\/09\/Fcs2LhTWIAA7Eae-300x169.jpeg 300w, https:\/\/marekkuchcinski.pl\/wp-content\/uploads\/2022\/09\/Fcs2LhTWIAA7Eae-768x432.jpeg 768w, https:\/\/marekkuchcinski.pl\/wp-content\/uploads\/2022\/09\/Fcs2LhTWIAA7Eae-1536x864.jpeg 1536w, https:\/\/marekkuchcinski.pl\/wp-content\/uploads\/2022\/09\/Fcs2LhTWIAA7Eae-18x10.jpeg 18w, https:\/\/marekkuchcinski.pl\/wp-content\/uploads\/2022\/09\/Fcs2LhTWIAA7Eae.jpeg 1600w\" sizes=\"(max-width: 1024px) 100vw, 1024px\" \/><\/a><\/figure>","protected":false},"excerpt":{"rendered":"<p>Vojna na Ukrajine sp\u00f4sobila tri ve\u013ek\u00e9 kr\u00edzy: energetick\u00fa, hospod\u00e1rsku a bezpe\u010dnostn\u00fa. \u0160t\u00edt solidarity ochr\u00e1ni Poliakov pred prudk\u00fdm, troj- a\u017e \u0161tvorn\u00e1sobn\u00fdm zv\u00fd\u0161en\u00edm cien. Tak\u00e9muto zvy\u0161ovaniu cien u\u017e \u010delia ob\u010dania v\u0161etk\u00fdch kraj\u00edn Eur\u00f3pskej \u00fanie. Po\u013esk\u00fd \u0161t\u00e1t p\u00f4sob\u00ed v dvoch z\u00e1kladn\u00fdch oblastiach: 1. ochrana rod\u00edn, ob\u010danov, v\u0161etk\u00fdch Poliakov 2. ochrana a podpora podnikov a [...]<\/p>","protected":false},"author":21,"featured_media":26563,"comment_status":"open","ping_status":"open","sticky":false,"template":"","format":"standard","meta":{"ngg_post_thumbnail":0,"footnotes":""},"categories":[3],"tags":[],"class_list":["post-26560","post","type-post","status-publish","format-standard","has-post-thumbnail","hentry","category-wydarzenia"],"yoast_head":"<!-- This site is optimized with the Yoast SEO plugin v24.7 - https:\/\/yoast.com\/wordpress\/plugins\/seo\/ -->\n<title>Tarcza Solidarno\u015bciowa: ochrona wszystkich Polak\u00f3w, wsparcie dla firm i przedsi\u0119biorc\u00f3w \u00a0 &#8211; Marek Kuchci\u0144ski<\/title>\n<meta name=\"robots\" content=\"index, follow, max-snippet:-1, max-image-preview:large, max-video-preview:-1\" \/>\n<link rel=\"canonical\" href=\"https:\/\/marekkuchcinski.pl\/sk\/wydarzenia\/tarcza-solidarnosciowa-ochrona-wszystkich-polakow-wsparcie-dla-firm-i-przedsiebiorcow\/\" \/>\n<meta property=\"og:locale\" content=\"sk_SK\" \/>\n<meta property=\"og:type\" content=\"article\" \/>\n<meta property=\"og:title\" content=\"Tarcza Solidarno\u015bciowa: ochrona wszystkich Polak\u00f3w, wsparcie dla firm i przedsi\u0119biorc\u00f3w \u00a0 &#8211; Marek Kuchci\u0144ski\" \/>\n<meta property=\"og:description\" content=\"Wojna na Ukrainie wywo\u0142a\u0142a 3 wielkie kryzysy: energetyczny, gospodarczy i bezpiecze\u0144stwa. Tarcza Solidarno\u015bciowa b\u0119dzie chroni\u0107 Polak\u00f3w przed gwa\u0142townymi, trzy-, czterokrotnymi wzrostami cen. Z takimi wzrostami cen ju\u017c dzi\u015b mierz\u0105 si\u0119 obywatele wszystkich pa\u0144stw Unii Europejskiej. Pa\u0144stwo polskie dzia\u0142a w dw\u00f3ch podstawowych obszarach: 1. ochrona rodzin, obywateli, wszystkich Polak\u00f3w 2. ochrona i wsparcie dla firm i [&hellip;]\" \/>\n<meta property=\"og:url\" content=\"https:\/\/marekkuchcinski.pl\/sk\/wydarzenia\/tarcza-solidarnosciowa-ochrona-wszystkich-polakow-wsparcie-dla-firm-i-przedsiebiorcow\/\" \/>\n<meta property=\"og:site_name\" content=\"Marek Kuchci\u0144ski\" \/>\n<meta property=\"article:published_time\" content=\"2022-09-26T15:50:02+00:00\" \/>\n<meta property=\"article:modified_time\" content=\"2022-09-26T15:50:04+00:00\" \/>\n<meta property=\"og:image\" content=\"https:\/\/marekkuchcinski.pl\/wp-content\/uploads\/2022\/09\/Fcs2LhTWIAA7Eae.jpeg\" \/>\n\t<meta property=\"og:image:width\" content=\"1600\" \/>\n\t<meta property=\"og:image:height\" content=\"900\" \/>\n\t<meta property=\"og:image:type\" content=\"image\/jpeg\" \/>\n<meta name=\"author\" content=\"Marta Olejnik\" \/>\n<meta name=\"twitter:card\" content=\"summary_large_image\" \/>\n<meta name=\"twitter:label1\" content=\"Autor\" \/>\n\t<meta name=\"twitter:data1\" content=\"Marta Olejnik\" \/>\n\t<meta name=\"twitter:label2\" content=\"Predpokladan\u00fd \u010das \u010d\u00edtania\" \/>\n\t<meta name=\"twitter:data2\" content=\"3 min\u00faty\" \/>\n<script type=\"application\/ld+json\" class=\"yoast-schema-graph\">{\"@context\":\"https:\/\/schema.org\",\"@graph\":[{\"@type\":\"Article\",\"@id\":\"https:\/\/marekkuchcinski.pl\/wydarzenia\/tarcza-solidarnosciowa-ochrona-wszystkich-polakow-wsparcie-dla-firm-i-przedsiebiorcow\/#article\",\"isPartOf\":{\"@id\":\"https:\/\/marekkuchcinski.pl\/wydarzenia\/tarcza-solidarnosciowa-ochrona-wszystkich-polakow-wsparcie-dla-firm-i-przedsiebiorcow\/\"},\"author\":{\"name\":\"Marta Olejnik\",\"@id\":\"https:\/\/marekkuchcinski.pl\/#\/schema\/person\/51d5d4ee3b5317b8e4dd2b48af359229\"},\"headline\":\"Tarcza Solidarno\u015bciowa: ochrona wszystkich Polak\u00f3w, wsparcie dla firm i przedsi\u0119biorc\u00f3w \u00a0\",\"datePublished\":\"2022-09-26T15:50:02+00:00\",\"dateModified\":\"2022-09-26T15:50:04+00:00\",\"mainEntityOfPage\":{\"@id\":\"https:\/\/marekkuchcinski.pl\/wydarzenia\/tarcza-solidarnosciowa-ochrona-wszystkich-polakow-wsparcie-dla-firm-i-przedsiebiorcow\/\"},\"wordCount\":708,\"commentCount\":0,\"publisher\":{\"@id\":\"https:\/\/marekkuchcinski.pl\/#organization\"},\"image\":{\"@id\":\"https:\/\/marekkuchcinski.pl\/wydarzenia\/tarcza-solidarnosciowa-ochrona-wszystkich-polakow-wsparcie-dla-firm-i-przedsiebiorcow\/#primaryimage\"},\"thumbnailUrl\":\"https:\/\/marekkuchcinski.pl\/wp-content\/uploads\/2022\/09\/Fcs2LhTWIAA7Eae.jpeg\",\"articleSection\":[\"Wydarzenia\"],\"inLanguage\":\"sk-SK\",\"potentialAction\":[{\"@type\":\"CommentAction\",\"name\":\"Comment\",\"target\":[\"https:\/\/marekkuchcinski.pl\/wydarzenia\/tarcza-solidarnosciowa-ochrona-wszystkich-polakow-wsparcie-dla-firm-i-przedsiebiorcow\/#respond\"]}]},{\"@type\":\"WebPage\",\"@id\":\"https:\/\/marekkuchcinski.pl\/wydarzenia\/tarcza-solidarnosciowa-ochrona-wszystkich-polakow-wsparcie-dla-firm-i-przedsiebiorcow\/\",\"url\":\"https:\/\/marekkuchcinski.pl\/wydarzenia\/tarcza-solidarnosciowa-ochrona-wszystkich-polakow-wsparcie-dla-firm-i-przedsiebiorcow\/\",\"name\":\"Tarcza Solidarno\u015bciowa: ochrona wszystkich Polak\u00f3w, wsparcie dla firm i przedsi\u0119biorc\u00f3w \u00a0 &#8211; Marek Kuchci\u0144ski\",\"isPartOf\":{\"@id\":\"https:\/\/marekkuchcinski.pl\/#website\"},\"primaryImageOfPage\":{\"@id\":\"https:\/\/marekkuchcinski.pl\/wydarzenia\/tarcza-solidarnosciowa-ochrona-wszystkich-polakow-wsparcie-dla-firm-i-przedsiebiorcow\/#primaryimage\"},\"image\":{\"@id\":\"https:\/\/marekkuchcinski.pl\/wydarzenia\/tarcza-solidarnosciowa-ochrona-wszystkich-polakow-wsparcie-dla-firm-i-przedsiebiorcow\/#primaryimage\"},\"thumbnailUrl\":\"https:\/\/marekkuchcinski.pl\/wp-content\/uploads\/2022\/09\/Fcs2LhTWIAA7Eae.jpeg\",\"datePublished\":\"2022-09-26T15:50:02+00:00\",\"dateModified\":\"2022-09-26T15:50:04+00:00\",\"breadcrumb\":{\"@id\":\"https:\/\/marekkuchcinski.pl\/wydarzenia\/tarcza-solidarnosciowa-ochrona-wszystkich-polakow-wsparcie-dla-firm-i-przedsiebiorcow\/#breadcrumb\"},\"inLanguage\":\"sk-SK\",\"potentialAction\":[{\"@type\":\"ReadAction\",\"target\":[\"https:\/\/marekkuchcinski.pl\/wydarzenia\/tarcza-solidarnosciowa-ochrona-wszystkich-polakow-wsparcie-dla-firm-i-przedsiebiorcow\/\"]}]},{\"@type\":\"ImageObject\",\"inLanguage\":\"sk-SK\",\"@id\":\"https:\/\/marekkuchcinski.pl\/wydarzenia\/tarcza-solidarnosciowa-ochrona-wszystkich-polakow-wsparcie-dla-firm-i-przedsiebiorcow\/#primaryimage\",\"url\":\"https:\/\/marekkuchcinski.pl\/wp-content\/uploads\/2022\/09\/Fcs2LhTWIAA7Eae.jpeg\",\"contentUrl\":\"https:\/\/marekkuchcinski.pl\/wp-content\/uploads\/2022\/09\/Fcs2LhTWIAA7Eae.jpeg\",\"width\":1600,\"height\":900},{\"@type\":\"BreadcrumbList\",\"@id\":\"https:\/\/marekkuchcinski.pl\/wydarzenia\/tarcza-solidarnosciowa-ochrona-wszystkich-polakow-wsparcie-dla-firm-i-przedsiebiorcow\/#breadcrumb\",\"itemListElement\":[{\"@type\":\"ListItem\",\"position\":1,\"name\":\"Strona g\u0142\u00f3wna\",\"item\":\"https:\/\/marekkuchcinski.pl\/\"},{\"@type\":\"ListItem\",\"position\":2,\"name\":\"Tarcza Solidarno\u015bciowa: ochrona wszystkich Polak\u00f3w, wsparcie dla firm i przedsi\u0119biorc\u00f3w \u00a0\"}]},{\"@type\":\"WebSite\",\"@id\":\"https:\/\/marekkuchcinski.pl\/#website\",\"url\":\"https:\/\/marekkuchcinski.pl\/\",\"name\":\"Marek Kuchci\u0144ski\",\"description\":\"Pose\u0142 na sejm RP &ndash; okr\u0119g nr 22\",\"publisher\":{\"@id\":\"https:\/\/marekkuchcinski.pl\/#organization\"},\"potentialAction\":[{\"@type\":\"SearchAction\",\"target\":{\"@type\":\"EntryPoint\",\"urlTemplate\":\"https:\/\/marekkuchcinski.pl\/?s={search_term_string}\"},\"query-input\":{\"@type\":\"PropertyValueSpecification\",\"valueRequired\":true,\"valueName\":\"search_term_string\"}}],\"inLanguage\":\"sk-SK\"},{\"@type\":\"Organization\",\"@id\":\"https:\/\/marekkuchcinski.pl\/#organization\",\"name\":\"Marek Kuchci\u0144ski\",\"url\":\"https:\/\/marekkuchcinski.pl\/\",\"logo\":{\"@type\":\"ImageObject\",\"inLanguage\":\"sk-SK\",\"@id\":\"https:\/\/marekkuchcinski.pl\/#\/schema\/logo\/image\/\",\"url\":\"https:\/\/marekkuchcinski.pl\/wp-content\/uploads\/2022\/09\/Marek.jpg\",\"contentUrl\":\"https:\/\/marekkuchcinski.pl\/wp-content\/uploads\/2022\/09\/Marek.jpg\",\"width\":1600,\"height\":971,\"caption\":\"Marek Kuchci\u0144ski\"},\"image\":{\"@id\":\"https:\/\/marekkuchcinski.pl\/#\/schema\/logo\/image\/\"}},{\"@type\":\"Person\",\"@id\":\"https:\/\/marekkuchcinski.pl\/#\/schema\/person\/51d5d4ee3b5317b8e4dd2b48af359229\",\"name\":\"Marta Olejnik\",\"image\":{\"@type\":\"ImageObject\",\"inLanguage\":\"sk-SK\",\"@id\":\"https:\/\/marekkuchcinski.pl\/#\/schema\/person\/image\/\",\"url\":\"https:\/\/secure.gravatar.com\/avatar\/e39914b2aa6a48959e24d475b5dc9793?s=96&d=mm&r=g\",\"contentUrl\":\"https:\/\/secure.gravatar.com\/avatar\/e39914b2aa6a48959e24d475b5dc9793?s=96&d=mm&r=g\",\"caption\":\"Marta Olejnik\"},\"url\":\"https:\/\/marekkuchcinski.pl\/sk\/author\/marta\/\"}]}<\/script>\n<!-- \/ Yoast SEO plugin. -->","yoast_head_json":{"title":"Tarcza Solidarno\u015bciowa: ochrona wszystkich Polak\u00f3w, wsparcie dla firm i przedsi\u0119biorc\u00f3w \u00a0 &#8211; Marek Kuchci\u0144ski","robots":{"index":"index","follow":"follow","max-snippet":"max-snippet:-1","max-image-preview":"max-image-preview:large","max-video-preview":"max-video-preview:-1"},"canonical":"https:\/\/marekkuchcinski.pl\/sk\/wydarzenia\/tarcza-solidarnosciowa-ochrona-wszystkich-polakow-wsparcie-dla-firm-i-przedsiebiorcow\/","og_locale":"sk_SK","og_type":"article","og_title":"Tarcza Solidarno\u015bciowa: ochrona wszystkich Polak\u00f3w, wsparcie dla firm i przedsi\u0119biorc\u00f3w \u00a0 &#8211; Marek Kuchci\u0144ski","og_description":"Wojna na Ukrainie wywo\u0142a\u0142a 3 wielkie kryzysy: energetyczny, gospodarczy i bezpiecze\u0144stwa. Tarcza Solidarno\u015bciowa b\u0119dzie chroni\u0107 Polak\u00f3w przed gwa\u0142townymi, trzy-, czterokrotnymi wzrostami cen. Z takimi wzrostami cen ju\u017c dzi\u015b mierz\u0105 si\u0119 obywatele wszystkich pa\u0144stw Unii Europejskiej. Pa\u0144stwo polskie dzia\u0142a w dw\u00f3ch podstawowych obszarach: 1. ochrona rodzin, obywateli, wszystkich Polak\u00f3w 2. ochrona i wsparcie dla firm i [&hellip;]","og_url":"https:\/\/marekkuchcinski.pl\/sk\/wydarzenia\/tarcza-solidarnosciowa-ochrona-wszystkich-polakow-wsparcie-dla-firm-i-przedsiebiorcow\/","og_site_name":"Marek Kuchci\u0144ski","article_published_time":"2022-09-26T15:50:02+00:00","article_modified_time":"2022-09-26T15:50:04+00:00","og_image":[{"width":1600,"height":900,"url":"https:\/\/marekkuchcinski.pl\/wp-content\/uploads\/2022\/09\/Fcs2LhTWIAA7Eae.jpeg","type":"image\/jpeg"}],"author":"Marta Olejnik","twitter_card":"summary_large_image","twitter_misc":{"Autor":"Marta Olejnik","Predpokladan\u00fd \u010das \u010d\u00edtania":"3 min\u00faty"},"schema":{"@context":"https:\/\/schema.org","@graph":[{"@type":"Article","@id":"https:\/\/marekkuchcinski.pl\/wydarzenia\/tarcza-solidarnosciowa-ochrona-wszystkich-polakow-wsparcie-dla-firm-i-przedsiebiorcow\/#article","isPartOf":{"@id":"https:\/\/marekkuchcinski.pl\/wydarzenia\/tarcza-solidarnosciowa-ochrona-wszystkich-polakow-wsparcie-dla-firm-i-przedsiebiorcow\/"},"author":{"name":"Marta Olejnik","@id":"https:\/\/marekkuchcinski.pl\/#\/schema\/person\/51d5d4ee3b5317b8e4dd2b48af359229"},"headline":"Tarcza Solidarno\u015bciowa: ochrona wszystkich Polak\u00f3w, wsparcie dla firm i przedsi\u0119biorc\u00f3w \u00a0","datePublished":"2022-09-26T15:50:02+00:00","dateModified":"2022-09-26T15:50:04+00:00","mainEntityOfPage":{"@id":"https:\/\/marekkuchcinski.pl\/wydarzenia\/tarcza-solidarnosciowa-ochrona-wszystkich-polakow-wsparcie-dla-firm-i-przedsiebiorcow\/"},"wordCount":708,"commentCount":0,"publisher":{"@id":"https:\/\/marekkuchcinski.pl\/#organization"},"image":{"@id":"https:\/\/marekkuchcinski.pl\/wydarzenia\/tarcza-solidarnosciowa-ochrona-wszystkich-polakow-wsparcie-dla-firm-i-przedsiebiorcow\/#primaryimage"},"thumbnailUrl":"https:\/\/marekkuchcinski.pl\/wp-content\/uploads\/2022\/09\/Fcs2LhTWIAA7Eae.jpeg","articleSection":["Wydarzenia"],"inLanguage":"sk-SK","potentialAction":[{"@type":"CommentAction","name":"Comment","target":["https:\/\/marekkuchcinski.pl\/wydarzenia\/tarcza-solidarnosciowa-ochrona-wszystkich-polakow-wsparcie-dla-firm-i-przedsiebiorcow\/#respond"]}]},{"@type":"WebPage","@id":"https:\/\/marekkuchcinski.pl\/wydarzenia\/tarcza-solidarnosciowa-ochrona-wszystkich-polakow-wsparcie-dla-firm-i-przedsiebiorcow\/","url":"https:\/\/marekkuchcinski.pl\/wydarzenia\/tarcza-solidarnosciowa-ochrona-wszystkich-polakow-wsparcie-dla-firm-i-przedsiebiorcow\/","name":"Tarcza Solidarno\u015bciowa: ochrona wszystkich Polak\u00f3w, wsparcie dla firm i przedsi\u0119biorc\u00f3w \u00a0 &#8211; Marek Kuchci\u0144ski","isPartOf":{"@id":"https:\/\/marekkuchcinski.pl\/#website"},"primaryImageOfPage":{"@id":"https:\/\/marekkuchcinski.pl\/wydarzenia\/tarcza-solidarnosciowa-ochrona-wszystkich-polakow-wsparcie-dla-firm-i-przedsiebiorcow\/#primaryimage"},"image":{"@id":"https:\/\/marekkuchcinski.pl\/wydarzenia\/tarcza-solidarnosciowa-ochrona-wszystkich-polakow-wsparcie-dla-firm-i-przedsiebiorcow\/#primaryimage"},"thumbnailUrl":"https:\/\/marekkuchcinski.pl\/wp-content\/uploads\/2022\/09\/Fcs2LhTWIAA7Eae.jpeg","datePublished":"2022-09-26T15:50:02+00:00","dateModified":"2022-09-26T15:50:04+00:00","breadcrumb":{"@id":"https:\/\/marekkuchcinski.pl\/wydarzenia\/tarcza-solidarnosciowa-ochrona-wszystkich-polakow-wsparcie-dla-firm-i-przedsiebiorcow\/#breadcrumb"},"inLanguage":"sk-SK","potentialAction":[{"@type":"ReadAction","target":["https:\/\/marekkuchcinski.pl\/wydarzenia\/tarcza-solidarnosciowa-ochrona-wszystkich-polakow-wsparcie-dla-firm-i-przedsiebiorcow\/"]}]},{"@type":"ImageObject","inLanguage":"sk-SK","@id":"https:\/\/marekkuchcinski.pl\/wydarzenia\/tarcza-solidarnosciowa-ochrona-wszystkich-polakow-wsparcie-dla-firm-i-przedsiebiorcow\/#primaryimage","url":"https:\/\/marekkuchcinski.pl\/wp-content\/uploads\/2022\/09\/Fcs2LhTWIAA7Eae.jpeg","contentUrl":"https:\/\/marekkuchcinski.pl\/wp-content\/uploads\/2022\/09\/Fcs2LhTWIAA7Eae.jpeg","width":1600,"height":900},{"@type":"BreadcrumbList","@id":"https:\/\/marekkuchcinski.pl\/wydarzenia\/tarcza-solidarnosciowa-ochrona-wszystkich-polakow-wsparcie-dla-firm-i-przedsiebiorcow\/#breadcrumb","itemListElement":[{"@type":"ListItem","position":1,"name":"Strona g\u0142\u00f3wna","item":"https:\/\/marekkuchcinski.pl\/"},{"@type":"ListItem","position":2,"name":"Tarcza Solidarno\u015bciowa: ochrona wszystkich Polak\u00f3w, wsparcie dla firm i przedsi\u0119biorc\u00f3w \u00a0"}]},{"@type":"WebSite","@id":"https:\/\/marekkuchcinski.pl\/#website","url":"https:\/\/marekkuchcinski.pl\/","name":"Marek Kuchci\u0144ski","description":"Pose\u0142 na sejm RP &ndash; okr\u0119g nr 22","publisher":{"@id":"https:\/\/marekkuchcinski.pl\/#organization"},"potentialAction":[{"@type":"SearchAction","target":{"@type":"EntryPoint","urlTemplate":"https:\/\/marekkuchcinski.pl\/?s={search_term_string}"},"query-input":{"@type":"PropertyValueSpecification","valueRequired":true,"valueName":"search_term_string"}}],"inLanguage":"sk-SK"},{"@type":"Organization","@id":"https:\/\/marekkuchcinski.pl\/#organization","name":"Marek Kuchci\u0144ski","url":"https:\/\/marekkuchcinski.pl\/","logo":{"@type":"ImageObject","inLanguage":"sk-SK","@id":"https:\/\/marekkuchcinski.pl\/#\/schema\/logo\/image\/","url":"https:\/\/marekkuchcinski.pl\/wp-content\/uploads\/2022\/09\/Marek.jpg","contentUrl":"https:\/\/marekkuchcinski.pl\/wp-content\/uploads\/2022\/09\/Marek.jpg","width":1600,"height":971,"caption":"Marek Kuchci\u0144ski"},"image":{"@id":"https:\/\/marekkuchcinski.pl\/#\/schema\/logo\/image\/"}},{"@type":"Person","@id":"https:\/\/marekkuchcinski.pl\/#\/schema\/person\/51d5d4ee3b5317b8e4dd2b48af359229","name":"Marta Olejnik","image":{"@type":"ImageObject","inLanguage":"sk-SK","@id":"https:\/\/marekkuchcinski.pl\/#\/schema\/person\/image\/","url":"https:\/\/secure.gravatar.com\/avatar\/e39914b2aa6a48959e24d475b5dc9793?s=96&d=mm&r=g","contentUrl":"https:\/\/secure.gravatar.com\/avatar\/e39914b2aa6a48959e24d475b5dc9793?s=96&d=mm&r=g","caption":"Marta Olejnik"},"url":"https:\/\/marekkuchcinski.pl\/sk\/author\/marta\/"}]}},"_links":{"self":[{"href":"https:\/\/marekkuchcinski.pl\/sk\/wp-json\/wp\/v2\/posts\/26560","targetHints":{"allow":["GET"]}}],"collection":[{"href":"https:\/\/marekkuchcinski.pl\/sk\/wp-json\/wp\/v2\/posts"}],"about":[{"href":"https:\/\/marekkuchcinski.pl\/sk\/wp-json\/wp\/v2\/types\/post"}],"author":[{"embeddable":true,"href":"https:\/\/marekkuchcinski.pl\/sk\/wp-json\/wp\/v2\/users\/21"}],"replies":[{"embeddable":true,"href":"https:\/\/marekkuchcinski.pl\/sk\/wp-json\/wp\/v2\/comments?post=26560"}],"version-history":[{"count":3,"href":"https:\/\/marekkuchcinski.pl\/sk\/wp-json\/wp\/v2\/posts\/26560\/revisions"}],"predecessor-version":[{"id":26564,"href":"https:\/\/marekkuchcinski.pl\/sk\/wp-json\/wp\/v2\/posts\/26560\/revisions\/26564"}],"wp:featuredmedia":[{"embeddable":true,"href":"https:\/\/marekkuchcinski.pl\/sk\/wp-json\/wp\/v2\/media\/26563"}],"wp:attachment":[{"href":"https:\/\/marekkuchcinski.pl\/sk\/wp-json\/wp\/v2\/media?parent=26560"}],"wp:term":[{"taxonomy":"category","embeddable":true,"href":"https:\/\/marekkuchcinski.pl\/sk\/wp-json\/wp\/v2\/categories?post=26560"},{"taxonomy":"post_tag","embeddable":true,"href":"https:\/\/marekkuchcinski.pl\/sk\/wp-json\/wp\/v2\/tags?post=26560"}],"curies":[{"name":"wp","href":"https:\/\/api.w.org\/{rel}","templated":true}]}}