{"id":26519,"date":"2022-09-24T12:41:37","date_gmt":"2022-09-24T10:41:37","guid":{"rendered":"https:\/\/marekkuchcinski.pl\/?p=26519"},"modified":"2022-09-29T22:40:03","modified_gmt":"2022-09-29T20:40:03","slug":"bieszczady-maja-nowa-chatke-puchatka","status":"publish","type":"post","link":"https:\/\/marekkuchcinski.pl\/sk\/wydarzenia\/bieszczady-maja-nowa-chatke-puchatka\/","title":{"rendered":"Bieszczady maj\u00fa nov\u00fa chatu P\u00fa"},"content":{"rendered":"<p>Od dne\u0161n\u00e9ho d\u0148a je na Po\u0142onine Wetli\u0144skej otvoren\u00e1 nov\u00e1 \u00fatul\u0148a, najvy\u0161\u0161ie polo\u017een\u00e1 v Bieszczadoch (1 228 m n. m.), ktor\u00e1 bude z\u00e1rove\u0148 s\u00eddlom z\u00e1chran\u00e1rov GOPR, N\u00e1rodnej zdravotn\u00edckej z\u00e1chrannej slu\u017eby a ved\u013ea \u00fatulne bude p\u00f4sobi\u0165 meteorologick\u00e1 stanica IMiGW.<\/p>\n\n\n\n<p>- Ide pravdepodobne o jedin\u00fd hostel svojho druhu v Po\u013esku. Je to trochu \u0161koda, \u017ee tieto atmosf\u00e9ry. Modern\u00fd hostel bude in\u00e1 doba... v tomto oh\u013eade som za \"zachovanie\" toho, \u010do tam je. Trad\u00edcia. legenda miesta, \u013eudia, podmienky horsk\u00e9ho \"trapera\"... - povedal Marek Kuchci\u0144ski, b\u00fdval\u00fd mar\u0161al Sejmu, predseda zahrani\u010dn\u00e9ho v\u00fdboru, ale aj ved\u00faci parlamentn\u00e9ho t\u00edmu horskej z\u00e1chrany, ke\u010f sa za\u010dali rekon\u0161truk\u010dn\u00e9 pr\u00e1ce.<\/p>\n\n\n\n<p>Marek Kuchci\u0144ski dnes tie\u017e zd\u00f4raz\u0148uje jedine\u010dnos\u0165 tohto miesta:  - Je ikonou pre mnoh\u00e9 gener\u00e1cie turistov a bieszczadsk\u00fdch turistov. Aj kv\u00f4li predch\u00e1dzaj\u00facemu hostite\u013eovi chaty Lutkovi Pinczukovi. Chata je tie\u017e s\u00fa\u010das\u0165ou rozsiahleho a prebiehaj\u00faceho projektu na rozvoj spolupr\u00e1ce v oblasti cestovn\u00e9ho ruchu v cel\u00fdch Karpatoch, od \u017dywieckych Besk\u00fdd a\u017e po rumunsk\u00e9 Karpaty. A st\u00e1va sa d\u00f4le\u017eit\u00fdm miestom pre turistov, podobne ako Biely slon, observat\u00f3rium Jozefa Pi\u0142sudsk\u00e9ho na Popa Ivana v \u010ciernej Hore,\" uzavrel mar\u0161al.<\/p>\n\n\n\n<p>Zmeny si vyn\u00fatila nevyhnutnos\u0165, po\u017eiadavky turistov a bezpe\u010dnos\u0165. Atmosf\u00e9ra starej chaty P\u00fa v\u0161ak st\u00e1le pretrv\u00e1va. Koniec koncov, postavili ho \u013eudia. Lutekov n\u00e1stupca Julian stoj\u00ed pred ve\u013ekou v\u00fdzvou. Prajeme mu ve\u013ea \u0161\u0165astia!<\/p>\n\n\n\n<figure class=\"wp-block-image size-large\"><a href=\"https:\/\/marekkuchcinski.pl\/wp-content\/uploads\/2022\/09\/IMG_1797.jpg\"><img fetchpriority=\"high\" decoding=\"async\" width=\"1024\" height=\"768\" src=\"https:\/\/marekkuchcinski.pl\/wp-content\/uploads\/2022\/09\/IMG_1797-1024x768.jpg\" alt=\"\" class=\"wp-image-26529\" srcset=\"https:\/\/marekkuchcinski.pl\/wp-content\/uploads\/2022\/09\/IMG_1797-1024x768.jpg 1024w, https:\/\/marekkuchcinski.pl\/wp-content\/uploads\/2022\/09\/IMG_1797-300x225.jpg 300w, https:\/\/marekkuchcinski.pl\/wp-content\/uploads\/2022\/09\/IMG_1797-768x576.jpg 768w, https:\/\/marekkuchcinski.pl\/wp-content\/uploads\/2022\/09\/IMG_1797-1536x1152.jpg 1536w, https:\/\/marekkuchcinski.pl\/wp-content\/uploads\/2022\/09\/IMG_1797-16x12.jpg 16w, https:\/\/marekkuchcinski.pl\/wp-content\/uploads\/2022\/09\/IMG_1797.jpg 1600w\" sizes=\"(max-width: 1024px) 100vw, 1024px\" \/><\/a><\/figure>\n\n\n\n<figure class=\"wp-block-image size-full\"><a href=\"https:\/\/marekkuchcinski.pl\/wp-content\/uploads\/2022\/09\/308137364_1244714713030758_5573972521425639831_n-1.jpg\"><img decoding=\"async\" width=\"960\" height=\"582\" src=\"https:\/\/marekkuchcinski.pl\/wp-content\/uploads\/2022\/09\/308137364_1244714713030758_5573972521425639831_n-1.jpg\" alt=\"\" class=\"wp-image-26589\" srcset=\"https:\/\/marekkuchcinski.pl\/wp-content\/uploads\/2022\/09\/308137364_1244714713030758_5573972521425639831_n-1.jpg 960w, https:\/\/marekkuchcinski.pl\/wp-content\/uploads\/2022\/09\/308137364_1244714713030758_5573972521425639831_n-1-300x182.jpg 300w, https:\/\/marekkuchcinski.pl\/wp-content\/uploads\/2022\/09\/308137364_1244714713030758_5573972521425639831_n-1-768x466.jpg 768w, https:\/\/marekkuchcinski.pl\/wp-content\/uploads\/2022\/09\/308137364_1244714713030758_5573972521425639831_n-1-18x12.jpg 18w\" sizes=\"(max-width: 960px) 100vw, 960px\" \/><\/a><\/figure>\n\n\n\n<figure class=\"wp-block-image size-large\"><a href=\"https:\/\/marekkuchcinski.pl\/wp-content\/uploads\/2022\/09\/307883597_1244737909695105_2426419886636149967_n.jpg\"><img decoding=\"async\" width=\"1024\" height=\"576\" src=\"https:\/\/marekkuchcinski.pl\/wp-content\/uploads\/2022\/09\/307883597_1244737909695105_2426419886636149967_n-1024x576.jpg\" alt=\"\" class=\"wp-image-26590\" srcset=\"https:\/\/marekkuchcinski.pl\/wp-content\/uploads\/2022\/09\/307883597_1244737909695105_2426419886636149967_n-1024x576.jpg 1024w, https:\/\/marekkuchcinski.pl\/wp-content\/uploads\/2022\/09\/307883597_1244737909695105_2426419886636149967_n-300x169.jpg 300w, https:\/\/marekkuchcinski.pl\/wp-content\/uploads\/2022\/09\/307883597_1244737909695105_2426419886636149967_n-768x432.jpg 768w, https:\/\/marekkuchcinski.pl\/wp-content\/uploads\/2022\/09\/307883597_1244737909695105_2426419886636149967_n-1536x864.jpg 1536w, https:\/\/marekkuchcinski.pl\/wp-content\/uploads\/2022\/09\/307883597_1244737909695105_2426419886636149967_n-18x10.jpg 18w, https:\/\/marekkuchcinski.pl\/wp-content\/uploads\/2022\/09\/307883597_1244737909695105_2426419886636149967_n.jpg 1600w\" sizes=\"(max-width: 1024px) 100vw, 1024px\" \/><\/a><\/figure>\n\n\n\n<figure class=\"wp-block-image size-full\"><a href=\"https:\/\/marekkuchcinski.pl\/wp-content\/uploads\/2022\/09\/308420603_1244714983030731_1716992879395661138_n.jpg\"><img loading=\"lazy\" decoding=\"async\" width=\"960\" height=\"720\" src=\"https:\/\/marekkuchcinski.pl\/wp-content\/uploads\/2022\/09\/308420603_1244714983030731_1716992879395661138_n.jpg\" alt=\"\" class=\"wp-image-26591\" srcset=\"https:\/\/marekkuchcinski.pl\/wp-content\/uploads\/2022\/09\/308420603_1244714983030731_1716992879395661138_n.jpg 960w, https:\/\/marekkuchcinski.pl\/wp-content\/uploads\/2022\/09\/308420603_1244714983030731_1716992879395661138_n-300x225.jpg 300w, https:\/\/marekkuchcinski.pl\/wp-content\/uploads\/2022\/09\/308420603_1244714983030731_1716992879395661138_n-768x576.jpg 768w, https:\/\/marekkuchcinski.pl\/wp-content\/uploads\/2022\/09\/308420603_1244714983030731_1716992879395661138_n-16x12.jpg 16w\" sizes=\"(max-width: 960px) 100vw, 960px\" \/><\/a><\/figure>\n\n\n\n<figure class=\"wp-block-image size-large is-resized\"><a href=\"https:\/\/marekkuchcinski.pl\/wp-content\/uploads\/2022\/09\/IMG_1799.jpg\"><img loading=\"lazy\" decoding=\"async\" src=\"https:\/\/marekkuchcinski.pl\/wp-content\/uploads\/2022\/09\/IMG_1799-768x1024.jpg\" alt=\"\" class=\"wp-image-26522\" width=\"840\" height=\"1119\" srcset=\"https:\/\/marekkuchcinski.pl\/wp-content\/uploads\/2022\/09\/IMG_1799-768x1024.jpg 768w, https:\/\/marekkuchcinski.pl\/wp-content\/uploads\/2022\/09\/IMG_1799-225x300.jpg 225w, https:\/\/marekkuchcinski.pl\/wp-content\/uploads\/2022\/09\/IMG_1799-1152x1536.jpg 1152w, https:\/\/marekkuchcinski.pl\/wp-content\/uploads\/2022\/09\/IMG_1799-9x12.jpg 9w, https:\/\/marekkuchcinski.pl\/wp-content\/uploads\/2022\/09\/IMG_1799.jpg 1200w\" sizes=\"(max-width: 840px) 100vw, 840px\" \/><\/a><\/figure>\n\n\n\n<figure class=\"wp-block-image size-large\"><a href=\"https:\/\/marekkuchcinski.pl\/wp-content\/uploads\/2022\/09\/IMG_1808.jpg\"><img loading=\"lazy\" decoding=\"async\" width=\"1024\" height=\"768\" src=\"https:\/\/marekkuchcinski.pl\/wp-content\/uploads\/2022\/09\/IMG_1808-1024x768.jpg\" alt=\"\" class=\"wp-image-26523\" srcset=\"https:\/\/marekkuchcinski.pl\/wp-content\/uploads\/2022\/09\/IMG_1808-1024x768.jpg 1024w, https:\/\/marekkuchcinski.pl\/wp-content\/uploads\/2022\/09\/IMG_1808-300x225.jpg 300w, https:\/\/marekkuchcinski.pl\/wp-content\/uploads\/2022\/09\/IMG_1808-768x576.jpg 768w, https:\/\/marekkuchcinski.pl\/wp-content\/uploads\/2022\/09\/IMG_1808-1536x1152.jpg 1536w, https:\/\/marekkuchcinski.pl\/wp-content\/uploads\/2022\/09\/IMG_1808-16x12.jpg 16w, https:\/\/marekkuchcinski.pl\/wp-content\/uploads\/2022\/09\/IMG_1808.jpg 1600w\" sizes=\"(max-width: 1024px) 100vw, 1024px\" \/><\/a><\/figure>\n\n\n\n<figure class=\"wp-block-image size-large\"><a href=\"https:\/\/marekkuchcinski.pl\/wp-content\/uploads\/2022\/09\/IMG_1789.jpg\"><img loading=\"lazy\" decoding=\"async\" width=\"1024\" height=\"768\" src=\"https:\/\/marekkuchcinski.pl\/wp-content\/uploads\/2022\/09\/IMG_1789-1024x768.jpg\" alt=\"\" class=\"wp-image-26524\" srcset=\"https:\/\/marekkuchcinski.pl\/wp-content\/uploads\/2022\/09\/IMG_1789-1024x768.jpg 1024w, https:\/\/marekkuchcinski.pl\/wp-content\/uploads\/2022\/09\/IMG_1789-300x225.jpg 300w, https:\/\/marekkuchcinski.pl\/wp-content\/uploads\/2022\/09\/IMG_1789-768x576.jpg 768w, https:\/\/marekkuchcinski.pl\/wp-content\/uploads\/2022\/09\/IMG_1789-1536x1152.jpg 1536w, https:\/\/marekkuchcinski.pl\/wp-content\/uploads\/2022\/09\/IMG_1789-16x12.jpg 16w, https:\/\/marekkuchcinski.pl\/wp-content\/uploads\/2022\/09\/IMG_1789.jpg 1600w\" sizes=\"(max-width: 1024px) 100vw, 1024px\" \/><\/a><\/figure>\n\n\n\n<figure class=\"wp-block-image size-large\"><a href=\"https:\/\/marekkuchcinski.pl\/wp-content\/uploads\/2022\/09\/IMG_1795.jpg\"><img loading=\"lazy\" decoding=\"async\" width=\"1024\" height=\"768\" src=\"https:\/\/marekkuchcinski.pl\/wp-content\/uploads\/2022\/09\/IMG_1795-1024x768.jpg\" alt=\"\" class=\"wp-image-26525\" srcset=\"https:\/\/marekkuchcinski.pl\/wp-content\/uploads\/2022\/09\/IMG_1795-1024x768.jpg 1024w, https:\/\/marekkuchcinski.pl\/wp-content\/uploads\/2022\/09\/IMG_1795-300x225.jpg 300w, https:\/\/marekkuchcinski.pl\/wp-content\/uploads\/2022\/09\/IMG_1795-768x576.jpg 768w, https:\/\/marekkuchcinski.pl\/wp-content\/uploads\/2022\/09\/IMG_1795-1536x1152.jpg 1536w, https:\/\/marekkuchcinski.pl\/wp-content\/uploads\/2022\/09\/IMG_1795-16x12.jpg 16w, https:\/\/marekkuchcinski.pl\/wp-content\/uploads\/2022\/09\/IMG_1795.jpg 1600w\" sizes=\"(max-width: 1024px) 100vw, 1024px\" \/><\/a><\/figure>\n\n\n\n<figure class=\"wp-block-image size-large\"><a href=\"https:\/\/marekkuchcinski.pl\/wp-content\/uploads\/2022\/09\/IMG_1788.jpg\"><img loading=\"lazy\" decoding=\"async\" width=\"1024\" height=\"768\" src=\"https:\/\/marekkuchcinski.pl\/wp-content\/uploads\/2022\/09\/IMG_1788-1024x768.jpg\" alt=\"\" class=\"wp-image-26526\" srcset=\"https:\/\/marekkuchcinski.pl\/wp-content\/uploads\/2022\/09\/IMG_1788-1024x768.jpg 1024w, https:\/\/marekkuchcinski.pl\/wp-content\/uploads\/2022\/09\/IMG_1788-300x225.jpg 300w, https:\/\/marekkuchcinski.pl\/wp-content\/uploads\/2022\/09\/IMG_1788-768x576.jpg 768w, https:\/\/marekkuchcinski.pl\/wp-content\/uploads\/2022\/09\/IMG_1788-1536x1152.jpg 1536w, https:\/\/marekkuchcinski.pl\/wp-content\/uploads\/2022\/09\/IMG_1788-16x12.jpg 16w, https:\/\/marekkuchcinski.pl\/wp-content\/uploads\/2022\/09\/IMG_1788.jpg 1600w\" sizes=\"(max-width: 1024px) 100vw, 1024px\" \/><\/a><\/figure>","protected":false},"excerpt":{"rendered":"<p>Od dne\u0161n\u00e9ho d\u0148a je na Po\u0142onine Wetli\u0144skej otvoren\u00e1 nov\u00e1 horsk\u00e1 ubytov\u0148a, najvy\u0161\u0161ie polo\u017een\u00e1 v Bieszczadoch (1 228 m n. m.), ktor\u00e1 bude z\u00e1rove\u0148 s\u00eddlom z\u00e1chran\u00e1rov GOPR, N\u00e1rodnej zdravotn\u00edckej z\u00e1chrannej slu\u017eby a pri ubytovni bude fungova\u0165 Meteorologick\u00e1 stanica IMiGW. - Je to pravdepodobne jedin\u00fd hostel svojho druhu v Po\u013esku. Je to trochu \u0161koda, pokia\u013e ide o tieto klimatick\u00e9 podmienky. Modern\u00fd hostel bude in\u00e1 \u00e9ra... pod t\u00fdmto [...]<\/p>","protected":false},"author":21,"featured_media":26593,"comment_status":"open","ping_status":"open","sticky":false,"template":"","format":"standard","meta":{"ngg_post_thumbnail":0,"footnotes":""},"categories":[3],"tags":[],"class_list":["post-26519","post","type-post","status-publish","format-standard","has-post-thumbnail","hentry","category-wydarzenia"],"yoast_head":"<!-- This site is optimized with the Yoast SEO plugin v24.7 - https:\/\/yoast.com\/wordpress\/plugins\/seo\/ -->\n<title>Bieszczady maj\u0105 now\u0105 Chatk\u0119 Puchatka &#8211; Marek Kuchci\u0144ski<\/title>\n<meta name=\"robots\" content=\"index, follow, max-snippet:-1, max-image-preview:large, max-video-preview:-1\" \/>\n<link rel=\"canonical\" href=\"https:\/\/marekkuchcinski.pl\/sk\/wydarzenia\/bieszczady-maja-nowa-chatke-puchatka\/\" \/>\n<meta property=\"og:locale\" content=\"sk_SK\" \/>\n<meta property=\"og:type\" content=\"article\" \/>\n<meta property=\"og:title\" content=\"Bieszczady maj\u0105 now\u0105 Chatk\u0119 Puchatka &#8211; Marek Kuchci\u0144ski\" \/>\n<meta property=\"og:description\" content=\"Od dzi\u015b na Po\u0142oninie Wetli\u0144skiej otwarte jest nowe, najwy\u017cej po\u0142o\u017cone w Bieszczadach (1228 m. n.p.m.), schronisko, kt\u00f3re b\u0119dzie r\u00f3wnie\u017c siedzib\u0105 ratownik\u00f3w GOPR, Pa\u0144stwowego Ratownictwa Medycznego, a przy schronisku b\u0119dzie dzia\u0142a\u0142 Posterunek Meteorologiczny IMiGW. \u2013 To chyba jedyne tego rodzaju schronisko w Polsce. Troch\u0119 szkoda tych klimat\u00f3w. Nowoczesne schronisko to ju\u017c b\u0119dzie inna epoka&#8230; pod tym [&hellip;]\" \/>\n<meta property=\"og:url\" content=\"https:\/\/marekkuchcinski.pl\/sk\/wydarzenia\/bieszczady-maja-nowa-chatke-puchatka\/\" \/>\n<meta property=\"og:site_name\" content=\"Marek Kuchci\u0144ski\" \/>\n<meta property=\"article:published_time\" content=\"2022-09-24T10:41:37+00:00\" \/>\n<meta property=\"article:modified_time\" content=\"2022-09-29T20:40:03+00:00\" \/>\n<meta property=\"og:image\" content=\"https:\/\/marekkuchcinski.pl\/wp-content\/uploads\/2022\/09\/p.jpg\" \/>\n\t<meta property=\"og:image:width\" content=\"744\" \/>\n\t<meta property=\"og:image:height\" content=\"498\" \/>\n\t<meta property=\"og:image:type\" content=\"image\/jpeg\" \/>\n<meta name=\"author\" content=\"Marta Olejnik\" \/>\n<meta name=\"twitter:card\" content=\"summary_large_image\" \/>\n<meta name=\"twitter:label1\" content=\"Autor\" \/>\n\t<meta name=\"twitter:data1\" content=\"Marta Olejnik\" \/>\n\t<meta name=\"twitter:label2\" content=\"Predpokladan\u00fd \u010das \u010d\u00edtania\" \/>\n\t<meta name=\"twitter:data2\" content=\"3 min\u00faty\" \/>\n<script type=\"application\/ld+json\" class=\"yoast-schema-graph\">{\"@context\":\"https:\/\/schema.org\",\"@graph\":[{\"@type\":\"Article\",\"@id\":\"https:\/\/marekkuchcinski.pl\/wydarzenia\/bieszczady-maja-nowa-chatke-puchatka\/#article\",\"isPartOf\":{\"@id\":\"https:\/\/marekkuchcinski.pl\/wydarzenia\/bieszczady-maja-nowa-chatke-puchatka\/\"},\"author\":{\"name\":\"Marta Olejnik\",\"@id\":\"https:\/\/marekkuchcinski.pl\/#\/schema\/person\/51d5d4ee3b5317b8e4dd2b48af359229\"},\"headline\":\"Bieszczady maj\u0105 now\u0105 Chatk\u0119 Puchatka\",\"datePublished\":\"2022-09-24T10:41:37+00:00\",\"dateModified\":\"2022-09-29T20:40:03+00:00\",\"mainEntityOfPage\":{\"@id\":\"https:\/\/marekkuchcinski.pl\/wydarzenia\/bieszczady-maja-nowa-chatke-puchatka\/\"},\"wordCount\":248,\"commentCount\":0,\"publisher\":{\"@id\":\"https:\/\/marekkuchcinski.pl\/#organization\"},\"image\":{\"@id\":\"https:\/\/marekkuchcinski.pl\/wydarzenia\/bieszczady-maja-nowa-chatke-puchatka\/#primaryimage\"},\"thumbnailUrl\":\"https:\/\/marekkuchcinski.pl\/wp-content\/uploads\/2022\/09\/p.jpg\",\"articleSection\":[\"Wydarzenia\"],\"inLanguage\":\"sk-SK\",\"potentialAction\":[{\"@type\":\"CommentAction\",\"name\":\"Comment\",\"target\":[\"https:\/\/marekkuchcinski.pl\/wydarzenia\/bieszczady-maja-nowa-chatke-puchatka\/#respond\"]}]},{\"@type\":\"WebPage\",\"@id\":\"https:\/\/marekkuchcinski.pl\/wydarzenia\/bieszczady-maja-nowa-chatke-puchatka\/\",\"url\":\"https:\/\/marekkuchcinski.pl\/wydarzenia\/bieszczady-maja-nowa-chatke-puchatka\/\",\"name\":\"Bieszczady maj\u0105 now\u0105 Chatk\u0119 Puchatka &#8211; Marek Kuchci\u0144ski\",\"isPartOf\":{\"@id\":\"https:\/\/marekkuchcinski.pl\/#website\"},\"primaryImageOfPage\":{\"@id\":\"https:\/\/marekkuchcinski.pl\/wydarzenia\/bieszczady-maja-nowa-chatke-puchatka\/#primaryimage\"},\"image\":{\"@id\":\"https:\/\/marekkuchcinski.pl\/wydarzenia\/bieszczady-maja-nowa-chatke-puchatka\/#primaryimage\"},\"thumbnailUrl\":\"https:\/\/marekkuchcinski.pl\/wp-content\/uploads\/2022\/09\/p.jpg\",\"datePublished\":\"2022-09-24T10:41:37+00:00\",\"dateModified\":\"2022-09-29T20:40:03+00:00\",\"breadcrumb\":{\"@id\":\"https:\/\/marekkuchcinski.pl\/wydarzenia\/bieszczady-maja-nowa-chatke-puchatka\/#breadcrumb\"},\"inLanguage\":\"sk-SK\",\"potentialAction\":[{\"@type\":\"ReadAction\",\"target\":[\"https:\/\/marekkuchcinski.pl\/wydarzenia\/bieszczady-maja-nowa-chatke-puchatka\/\"]}]},{\"@type\":\"ImageObject\",\"inLanguage\":\"sk-SK\",\"@id\":\"https:\/\/marekkuchcinski.pl\/wydarzenia\/bieszczady-maja-nowa-chatke-puchatka\/#primaryimage\",\"url\":\"https:\/\/marekkuchcinski.pl\/wp-content\/uploads\/2022\/09\/p.jpg\",\"contentUrl\":\"https:\/\/marekkuchcinski.pl\/wp-content\/uploads\/2022\/09\/p.jpg\",\"width\":744,\"height\":498},{\"@type\":\"BreadcrumbList\",\"@id\":\"https:\/\/marekkuchcinski.pl\/wydarzenia\/bieszczady-maja-nowa-chatke-puchatka\/#breadcrumb\",\"itemListElement\":[{\"@type\":\"ListItem\",\"position\":1,\"name\":\"Strona g\u0142\u00f3wna\",\"item\":\"https:\/\/marekkuchcinski.pl\/\"},{\"@type\":\"ListItem\",\"position\":2,\"name\":\"Bieszczady maj\u0105 now\u0105 Chatk\u0119 Puchatka\"}]},{\"@type\":\"WebSite\",\"@id\":\"https:\/\/marekkuchcinski.pl\/#website\",\"url\":\"https:\/\/marekkuchcinski.pl\/\",\"name\":\"Marek Kuchci\u0144ski\",\"description\":\"Pose\u0142 na sejm RP &ndash; okr\u0119g nr 22\",\"publisher\":{\"@id\":\"https:\/\/marekkuchcinski.pl\/#organization\"},\"potentialAction\":[{\"@type\":\"SearchAction\",\"target\":{\"@type\":\"EntryPoint\",\"urlTemplate\":\"https:\/\/marekkuchcinski.pl\/?s={search_term_string}\"},\"query-input\":{\"@type\":\"PropertyValueSpecification\",\"valueRequired\":true,\"valueName\":\"search_term_string\"}}],\"inLanguage\":\"sk-SK\"},{\"@type\":\"Organization\",\"@id\":\"https:\/\/marekkuchcinski.pl\/#organization\",\"name\":\"Marek Kuchci\u0144ski\",\"url\":\"https:\/\/marekkuchcinski.pl\/\",\"logo\":{\"@type\":\"ImageObject\",\"inLanguage\":\"sk-SK\",\"@id\":\"https:\/\/marekkuchcinski.pl\/#\/schema\/logo\/image\/\",\"url\":\"https:\/\/marekkuchcinski.pl\/wp-content\/uploads\/2022\/09\/Marek.jpg\",\"contentUrl\":\"https:\/\/marekkuchcinski.pl\/wp-content\/uploads\/2022\/09\/Marek.jpg\",\"width\":1600,\"height\":971,\"caption\":\"Marek Kuchci\u0144ski\"},\"image\":{\"@id\":\"https:\/\/marekkuchcinski.pl\/#\/schema\/logo\/image\/\"}},{\"@type\":\"Person\",\"@id\":\"https:\/\/marekkuchcinski.pl\/#\/schema\/person\/51d5d4ee3b5317b8e4dd2b48af359229\",\"name\":\"Marta Olejnik\",\"image\":{\"@type\":\"ImageObject\",\"inLanguage\":\"sk-SK\",\"@id\":\"https:\/\/marekkuchcinski.pl\/#\/schema\/person\/image\/\",\"url\":\"https:\/\/secure.gravatar.com\/avatar\/e39914b2aa6a48959e24d475b5dc9793?s=96&d=mm&r=g\",\"contentUrl\":\"https:\/\/secure.gravatar.com\/avatar\/e39914b2aa6a48959e24d475b5dc9793?s=96&d=mm&r=g\",\"caption\":\"Marta Olejnik\"},\"url\":\"https:\/\/marekkuchcinski.pl\/sk\/author\/marta\/\"}]}<\/script>\n<!-- \/ Yoast SEO plugin. -->","yoast_head_json":{"title":"Bieszczady maj\u0105 now\u0105 Chatk\u0119 Puchatka &#8211; Marek Kuchci\u0144ski","robots":{"index":"index","follow":"follow","max-snippet":"max-snippet:-1","max-image-preview":"max-image-preview:large","max-video-preview":"max-video-preview:-1"},"canonical":"https:\/\/marekkuchcinski.pl\/sk\/wydarzenia\/bieszczady-maja-nowa-chatke-puchatka\/","og_locale":"sk_SK","og_type":"article","og_title":"Bieszczady maj\u0105 now\u0105 Chatk\u0119 Puchatka &#8211; Marek Kuchci\u0144ski","og_description":"Od dzi\u015b na Po\u0142oninie Wetli\u0144skiej otwarte jest nowe, najwy\u017cej po\u0142o\u017cone w Bieszczadach (1228 m. n.p.m.), schronisko, kt\u00f3re b\u0119dzie r\u00f3wnie\u017c siedzib\u0105 ratownik\u00f3w GOPR, Pa\u0144stwowego Ratownictwa Medycznego, a przy schronisku b\u0119dzie dzia\u0142a\u0142 Posterunek Meteorologiczny IMiGW. \u2013 To chyba jedyne tego rodzaju schronisko w Polsce. Troch\u0119 szkoda tych klimat\u00f3w. Nowoczesne schronisko to ju\u017c b\u0119dzie inna epoka&#8230; pod tym [&hellip;]","og_url":"https:\/\/marekkuchcinski.pl\/sk\/wydarzenia\/bieszczady-maja-nowa-chatke-puchatka\/","og_site_name":"Marek Kuchci\u0144ski","article_published_time":"2022-09-24T10:41:37+00:00","article_modified_time":"2022-09-29T20:40:03+00:00","og_image":[{"width":744,"height":498,"url":"https:\/\/marekkuchcinski.pl\/wp-content\/uploads\/2022\/09\/p.jpg","type":"image\/jpeg"}],"author":"Marta Olejnik","twitter_card":"summary_large_image","twitter_misc":{"Autor":"Marta Olejnik","Predpokladan\u00fd \u010das \u010d\u00edtania":"3 min\u00faty"},"schema":{"@context":"https:\/\/schema.org","@graph":[{"@type":"Article","@id":"https:\/\/marekkuchcinski.pl\/wydarzenia\/bieszczady-maja-nowa-chatke-puchatka\/#article","isPartOf":{"@id":"https:\/\/marekkuchcinski.pl\/wydarzenia\/bieszczady-maja-nowa-chatke-puchatka\/"},"author":{"name":"Marta Olejnik","@id":"https:\/\/marekkuchcinski.pl\/#\/schema\/person\/51d5d4ee3b5317b8e4dd2b48af359229"},"headline":"Bieszczady maj\u0105 now\u0105 Chatk\u0119 Puchatka","datePublished":"2022-09-24T10:41:37+00:00","dateModified":"2022-09-29T20:40:03+00:00","mainEntityOfPage":{"@id":"https:\/\/marekkuchcinski.pl\/wydarzenia\/bieszczady-maja-nowa-chatke-puchatka\/"},"wordCount":248,"commentCount":0,"publisher":{"@id":"https:\/\/marekkuchcinski.pl\/#organization"},"image":{"@id":"https:\/\/marekkuchcinski.pl\/wydarzenia\/bieszczady-maja-nowa-chatke-puchatka\/#primaryimage"},"thumbnailUrl":"https:\/\/marekkuchcinski.pl\/wp-content\/uploads\/2022\/09\/p.jpg","articleSection":["Wydarzenia"],"inLanguage":"sk-SK","potentialAction":[{"@type":"CommentAction","name":"Comment","target":["https:\/\/marekkuchcinski.pl\/wydarzenia\/bieszczady-maja-nowa-chatke-puchatka\/#respond"]}]},{"@type":"WebPage","@id":"https:\/\/marekkuchcinski.pl\/wydarzenia\/bieszczady-maja-nowa-chatke-puchatka\/","url":"https:\/\/marekkuchcinski.pl\/wydarzenia\/bieszczady-maja-nowa-chatke-puchatka\/","name":"Bieszczady maj\u0105 now\u0105 Chatk\u0119 Puchatka &#8211; Marek Kuchci\u0144ski","isPartOf":{"@id":"https:\/\/marekkuchcinski.pl\/#website"},"primaryImageOfPage":{"@id":"https:\/\/marekkuchcinski.pl\/wydarzenia\/bieszczady-maja-nowa-chatke-puchatka\/#primaryimage"},"image":{"@id":"https:\/\/marekkuchcinski.pl\/wydarzenia\/bieszczady-maja-nowa-chatke-puchatka\/#primaryimage"},"thumbnailUrl":"https:\/\/marekkuchcinski.pl\/wp-content\/uploads\/2022\/09\/p.jpg","datePublished":"2022-09-24T10:41:37+00:00","dateModified":"2022-09-29T20:40:03+00:00","breadcrumb":{"@id":"https:\/\/marekkuchcinski.pl\/wydarzenia\/bieszczady-maja-nowa-chatke-puchatka\/#breadcrumb"},"inLanguage":"sk-SK","potentialAction":[{"@type":"ReadAction","target":["https:\/\/marekkuchcinski.pl\/wydarzenia\/bieszczady-maja-nowa-chatke-puchatka\/"]}]},{"@type":"ImageObject","inLanguage":"sk-SK","@id":"https:\/\/marekkuchcinski.pl\/wydarzenia\/bieszczady-maja-nowa-chatke-puchatka\/#primaryimage","url":"https:\/\/marekkuchcinski.pl\/wp-content\/uploads\/2022\/09\/p.jpg","contentUrl":"https:\/\/marekkuchcinski.pl\/wp-content\/uploads\/2022\/09\/p.jpg","width":744,"height":498},{"@type":"BreadcrumbList","@id":"https:\/\/marekkuchcinski.pl\/wydarzenia\/bieszczady-maja-nowa-chatke-puchatka\/#breadcrumb","itemListElement":[{"@type":"ListItem","position":1,"name":"Strona g\u0142\u00f3wna","item":"https:\/\/marekkuchcinski.pl\/"},{"@type":"ListItem","position":2,"name":"Bieszczady maj\u0105 now\u0105 Chatk\u0119 Puchatka"}]},{"@type":"WebSite","@id":"https:\/\/marekkuchcinski.pl\/#website","url":"https:\/\/marekkuchcinski.pl\/","name":"Marek Kuchci\u0144ski","description":"Pose\u0142 na sejm RP &ndash; okr\u0119g nr 22","publisher":{"@id":"https:\/\/marekkuchcinski.pl\/#organization"},"potentialAction":[{"@type":"SearchAction","target":{"@type":"EntryPoint","urlTemplate":"https:\/\/marekkuchcinski.pl\/?s={search_term_string}"},"query-input":{"@type":"PropertyValueSpecification","valueRequired":true,"valueName":"search_term_string"}}],"inLanguage":"sk-SK"},{"@type":"Organization","@id":"https:\/\/marekkuchcinski.pl\/#organization","name":"Marek Kuchci\u0144ski","url":"https:\/\/marekkuchcinski.pl\/","logo":{"@type":"ImageObject","inLanguage":"sk-SK","@id":"https:\/\/marekkuchcinski.pl\/#\/schema\/logo\/image\/","url":"https:\/\/marekkuchcinski.pl\/wp-content\/uploads\/2022\/09\/Marek.jpg","contentUrl":"https:\/\/marekkuchcinski.pl\/wp-content\/uploads\/2022\/09\/Marek.jpg","width":1600,"height":971,"caption":"Marek Kuchci\u0144ski"},"image":{"@id":"https:\/\/marekkuchcinski.pl\/#\/schema\/logo\/image\/"}},{"@type":"Person","@id":"https:\/\/marekkuchcinski.pl\/#\/schema\/person\/51d5d4ee3b5317b8e4dd2b48af359229","name":"Marta Olejnik","image":{"@type":"ImageObject","inLanguage":"sk-SK","@id":"https:\/\/marekkuchcinski.pl\/#\/schema\/person\/image\/","url":"https:\/\/secure.gravatar.com\/avatar\/e39914b2aa6a48959e24d475b5dc9793?s=96&d=mm&r=g","contentUrl":"https:\/\/secure.gravatar.com\/avatar\/e39914b2aa6a48959e24d475b5dc9793?s=96&d=mm&r=g","caption":"Marta Olejnik"},"url":"https:\/\/marekkuchcinski.pl\/sk\/author\/marta\/"}]}},"_links":{"self":[{"href":"https:\/\/marekkuchcinski.pl\/sk\/wp-json\/wp\/v2\/posts\/26519","targetHints":{"allow":["GET"]}}],"collection":[{"href":"https:\/\/marekkuchcinski.pl\/sk\/wp-json\/wp\/v2\/posts"}],"about":[{"href":"https:\/\/marekkuchcinski.pl\/sk\/wp-json\/wp\/v2\/types\/post"}],"author":[{"embeddable":true,"href":"https:\/\/marekkuchcinski.pl\/sk\/wp-json\/wp\/v2\/users\/21"}],"replies":[{"embeddable":true,"href":"https:\/\/marekkuchcinski.pl\/sk\/wp-json\/wp\/v2\/comments?post=26519"}],"version-history":[{"count":12,"href":"https:\/\/marekkuchcinski.pl\/sk\/wp-json\/wp\/v2\/posts\/26519\/revisions"}],"predecessor-version":[{"id":26592,"href":"https:\/\/marekkuchcinski.pl\/sk\/wp-json\/wp\/v2\/posts\/26519\/revisions\/26592"}],"wp:featuredmedia":[{"embeddable":true,"href":"https:\/\/marekkuchcinski.pl\/sk\/wp-json\/wp\/v2\/media\/26593"}],"wp:attachment":[{"href":"https:\/\/marekkuchcinski.pl\/sk\/wp-json\/wp\/v2\/media?parent=26519"}],"wp:term":[{"taxonomy":"category","embeddable":true,"href":"https:\/\/marekkuchcinski.pl\/sk\/wp-json\/wp\/v2\/categories?post=26519"},{"taxonomy":"post_tag","embeddable":true,"href":"https:\/\/marekkuchcinski.pl\/sk\/wp-json\/wp\/v2\/tags?post=26519"}],"curies":[{"name":"wp","href":"https:\/\/api.w.org\/{rel}","templated":true}]}}