{"id":265,"date":"2012-11-08T11:24:15","date_gmt":"2012-11-08T10:24:15","guid":{"rendered":"https:\/\/marekkuchcinski.pl\/?p=265"},"modified":"2016-08-25T16:59:52","modified_gmt":"2016-08-25T14:59:52","slug":"koncert-niepodleglosci-i-nagrody-zeby-polska-byla-polska","status":"publish","type":"post","link":"https:\/\/marekkuchcinski.pl\/sk\/wydarzenia\/koncert-niepodleglosci-i-nagrody-zeby-polska-byla-polska\/","title":{"rendered":"Koncert a ude\u013eovanie cien nez\u00e1vislosti \"To be Poland\""},"content":{"rendered":"<div style=\"text-align: justify;\">Z\u00e1stupca mar\u0161ala Marek Kuchci\u0144ski sa 5. novembra z\u00fa\u010dastnil na Koncerte nez\u00e1vislosti spojenom s odovzd\u00e1van\u00edm ocenen\u00ed Vlasteneck\u00e9ho zdru\u017eenia \"Aby Po\u013esko bolo po\u013esk\u00e9\". Hlavn\u00fa cenu z\u00edskal Antoni Krauze. Ocenen\u00e9 boli aj: Ewa Stankiewicz a Lech Makowiecki. Koncert sa konal v s\u00e1le Palladium vo Var\u0161ave a organizovali ho organiz\u00e1cie \"Tygodnik Solidarno\u015b\u0107\" a \"Towarzystwo Patriotyczne\". Na p\u00f3diu ako ,,Formation Wywrotowy Element\" vyst\u00fapili okrem in\u00fdch: Andrzej Nowak, Lech Makowiecki, Ryszard Makowski, Jan Pietrzak, Pawe\u0142 Piekarczyk a Andrzej Rosiewicz. V publiku sedeli: ,,Wataha Polski Niepodleg\u0142o\u015bci\".<\/div>\n<p> <!--more--> <\/p>\n<div class=\"title\">\n<p style=\"text-align: justify;\">Nad\u00e1cia Vlasteneck\u00e9 zdru\u017eenie J\u00e1na Pietrzaka bola zalo\u017een\u00e1 s cie\u013eom propagova\u0165 hodnoty<span id=\"cke_bm_103S\" style=\"display: none;\">&nbsp;<\/span><span style=\"display: none;\">&nbsp;<\/span>vlasteneck\u00e9 hodnoty vo verejnom \u017eivote, najm\u00e4 v kult\u00farnej oblasti. Kr\u00e9do spolo\u010dnosti: <em>Je smutn\u00e9, \u017ee v Po\u013esku oslobodenom od komunizmu existuj\u00fa mocn\u00e9 medi\u00e1lne a politick\u00e9 sily, ktor\u00e9 tvrdo bojuj\u00fa proti po\u013eskej identite. Nen\u00e1vidia na\u0161ich hrdinov a pam\u00e4tn\u00edky, odstra\u0148uj\u00fa po\u013esk\u00e9 dejiny zo \u0161k\u00f4l, propaguj\u00fa protin\u00e1rodn\u00fa literat\u00faru a nihilistick\u00e9 umenie. Za\u0161lo to tak \u010faleko, \u017ee n\u00e1m br\u00e1ni beztrestne oslavova\u0165 De\u0148 nez\u00e1vislosti a organizuje podl\u00e9 provok\u00e1cie. Po\u013eskos\u0165 je pre nich abnormalita. Viera na\u0161ich otcov je pre nich nepriate\u013eom. Nechc\u00fa, aby \"Po\u013esko bolo Po\u013eskom\", a ka\u017ed\u00fd de\u0148 pracuj\u00fa na tom, aby v Po\u013esku bolo \u010do najmenej Po\u013eska.<\/em><\/p>\n<\/div>\n<p style=\"text-align: justify;\">Vlasteneck\u00fd spolok chce podporova\u0165 diela, \u013eud\u00ed a postoje sl\u00fa\u017eiace Po\u013esku.<\/p>\n<div class=\"signature\">\n<p style=\"text-align: justify;\"><span style=\"display: none;\">&nbsp;<\/span><span id=\"cke_bm_103E\" style=\"display: none;\"> <\/span>Spr\u00e1vnu radu spolo\u010dnosti tvoria: predsedn\u00ed\u010dka Katarzyna Pietrzak. Podpredsedovia: Janusz \u015aniadek a Rafa\u0142 Ziemkiewicz.<\/p>\n<\/div>","protected":false},"excerpt":{"rendered":"<p>Wicemarsza\u0142ek Marek Kuchci\u0144ski wzi\u0105\u0142 udzia\u0142 5 listopada w Koncercie Niepodleg\u0142o\u015bci, po\u0142\u0105czonym z wr\u0119czeniem nagr\u00f3d Towarzystwa Patriotycznego ,,\u017beby Polska by\u0142a Polsk\u0105&#8221;. Nagrod\u0119 g\u0142\u00f3wn\u0105 otrzyma\u0142 Antoni Krauze. Nagrodzeni zostali tak\u017ce: Ewa Stankiewicz i Lech Makowiecki. Koncert odby\u0142 si\u0119 w Sali Palladium w Warszawie, zorganizowany zosta\u0142 przez ,,Tygodnik Solidarno\u015b\u0107&#8221; i ,,Towarzystwo Patriotyczne&#8221;. Na scenie jako ,,Formacja Wywrotowy Element&#8221; [&hellip;]<\/p>","protected":false},"author":6,"featured_media":0,"comment_status":"open","ping_status":"open","sticky":false,"template":"","format":"standard","meta":{"ngg_post_thumbnail":0,"footnotes":""},"categories":[3],"tags":[],"class_list":["post-265","post","type-post","status-publish","format-standard","hentry","category-wydarzenia"],"yoast_head":"<!-- This site is optimized with the Yoast SEO plugin v24.7 - https:\/\/yoast.com\/wordpress\/plugins\/seo\/ -->\n<title>Koncert Niepodleg\u0142o\u015bci i nagrody ,,\u017beby Polska byla Polsk\u0105&quot; &#8211; Marek Kuchci\u0144ski<\/title>\n<meta name=\"robots\" content=\"index, follow, max-snippet:-1, max-image-preview:large, max-video-preview:-1\" \/>\n<link rel=\"canonical\" href=\"https:\/\/marekkuchcinski.pl\/sk\/wydarzenia\/koncert-niepodleglosci-i-nagrody-zeby-polska-byla-polska\/\" \/>\n<meta property=\"og:locale\" content=\"sk_SK\" \/>\n<meta property=\"og:type\" content=\"article\" \/>\n<meta property=\"og:title\" content=\"Koncert Niepodleg\u0142o\u015bci i nagrody ,,\u017beby Polska byla Polsk\u0105&quot; &#8211; Marek Kuchci\u0144ski\" \/>\n<meta property=\"og:description\" content=\"Wicemarsza\u0142ek Marek Kuchci\u0144ski wzi\u0105\u0142 udzia\u0142 5 listopada w Koncercie Niepodleg\u0142o\u015bci, po\u0142\u0105czonym z wr\u0119czeniem nagr\u00f3d Towarzystwa Patriotycznego ,,\u017beby Polska by\u0142a Polsk\u0105&#8221;. Nagrod\u0119 g\u0142\u00f3wn\u0105 otrzyma\u0142 Antoni Krauze. Nagrodzeni zostali tak\u017ce: Ewa Stankiewicz i Lech Makowiecki. Koncert odby\u0142 si\u0119 w Sali Palladium w Warszawie, zorganizowany zosta\u0142 przez ,,Tygodnik Solidarno\u015b\u0107&#8221; i ,,Towarzystwo Patriotyczne&#8221;. Na scenie jako ,,Formacja Wywrotowy Element&#8221; [&hellip;]\" \/>\n<meta property=\"og:url\" content=\"https:\/\/marekkuchcinski.pl\/sk\/wydarzenia\/koncert-niepodleglosci-i-nagrody-zeby-polska-byla-polska\/\" \/>\n<meta property=\"og:site_name\" content=\"Marek Kuchci\u0144ski\" \/>\n<meta property=\"article:published_time\" content=\"2012-11-08T10:24:15+00:00\" \/>\n<meta property=\"article:modified_time\" content=\"2016-08-25T14:59:52+00:00\" \/>\n<meta property=\"og:image\" content=\"https:\/\/marekkuchcinski.pl\/wp-content\/uploads\/2022\/09\/Marek.jpg\" \/>\n\t<meta property=\"og:image:width\" content=\"1600\" \/>\n\t<meta property=\"og:image:height\" content=\"971\" \/>\n\t<meta property=\"og:image:type\" content=\"image\/jpeg\" \/>\n<meta name=\"author\" content=\"admin\" \/>\n<meta name=\"twitter:card\" content=\"summary_large_image\" \/>\n<meta name=\"twitter:label1\" content=\"Autor\" \/>\n\t<meta name=\"twitter:data1\" content=\"admin\" \/>\n\t<meta name=\"twitter:label2\" content=\"Predpokladan\u00fd \u010das \u010d\u00edtania\" \/>\n\t<meta name=\"twitter:data2\" content=\"1 min\u00fata\" \/>\n<script type=\"application\/ld+json\" class=\"yoast-schema-graph\">{\"@context\":\"https:\/\/schema.org\",\"@graph\":[{\"@type\":\"Article\",\"@id\":\"https:\/\/marekkuchcinski.pl\/cs\/wydarzenia\/koncert-niepodleglosci-i-nagrody-zeby-polska-byla-polska\/#article\",\"isPartOf\":{\"@id\":\"https:\/\/marekkuchcinski.pl\/cs\/wydarzenia\/koncert-niepodleglosci-i-nagrody-zeby-polska-byla-polska\/\"},\"author\":{\"name\":\"admin\",\"@id\":\"https:\/\/marekkuchcinski.pl\/#\/schema\/person\/6f62700996b4d950b6ea2d1183b6c6be\"},\"headline\":\"Koncert Niepodleg\u0142o\u015bci i nagrody ,,\u017beby Polska byla Polsk\u0105&#8221;\",\"datePublished\":\"2012-11-08T10:24:15+00:00\",\"dateModified\":\"2016-08-25T14:59:52+00:00\",\"mainEntityOfPage\":{\"@id\":\"https:\/\/marekkuchcinski.pl\/cs\/wydarzenia\/koncert-niepodleglosci-i-nagrody-zeby-polska-byla-polska\/\"},\"wordCount\":251,\"commentCount\":0,\"publisher\":{\"@id\":\"https:\/\/marekkuchcinski.pl\/#organization\"},\"articleSection\":[\"Wydarzenia\"],\"inLanguage\":\"sk-SK\",\"potentialAction\":[{\"@type\":\"CommentAction\",\"name\":\"Comment\",\"target\":[\"https:\/\/marekkuchcinski.pl\/cs\/wydarzenia\/koncert-niepodleglosci-i-nagrody-zeby-polska-byla-polska\/#respond\"]}]},{\"@type\":\"WebPage\",\"@id\":\"https:\/\/marekkuchcinski.pl\/cs\/wydarzenia\/koncert-niepodleglosci-i-nagrody-zeby-polska-byla-polska\/\",\"url\":\"https:\/\/marekkuchcinski.pl\/cs\/wydarzenia\/koncert-niepodleglosci-i-nagrody-zeby-polska-byla-polska\/\",\"name\":\"Koncert Niepodleg\u0142o\u015bci i nagrody ,,\u017beby Polska byla Polsk\u0105\\\" &#8211; Marek Kuchci\u0144ski\",\"isPartOf\":{\"@id\":\"https:\/\/marekkuchcinski.pl\/#website\"},\"datePublished\":\"2012-11-08T10:24:15+00:00\",\"dateModified\":\"2016-08-25T14:59:52+00:00\",\"breadcrumb\":{\"@id\":\"https:\/\/marekkuchcinski.pl\/cs\/wydarzenia\/koncert-niepodleglosci-i-nagrody-zeby-polska-byla-polska\/#breadcrumb\"},\"inLanguage\":\"sk-SK\",\"potentialAction\":[{\"@type\":\"ReadAction\",\"target\":[\"https:\/\/marekkuchcinski.pl\/cs\/wydarzenia\/koncert-niepodleglosci-i-nagrody-zeby-polska-byla-polska\/\"]}]},{\"@type\":\"BreadcrumbList\",\"@id\":\"https:\/\/marekkuchcinski.pl\/cs\/wydarzenia\/koncert-niepodleglosci-i-nagrody-zeby-polska-byla-polska\/#breadcrumb\",\"itemListElement\":[{\"@type\":\"ListItem\",\"position\":1,\"name\":\"Strona g\u0142\u00f3wna\",\"item\":\"https:\/\/marekkuchcinski.pl\/\"},{\"@type\":\"ListItem\",\"position\":2,\"name\":\"Koncert Niepodleg\u0142o\u015bci i nagrody ,,\u017beby Polska byla Polsk\u0105&#8221;\"}]},{\"@type\":\"WebSite\",\"@id\":\"https:\/\/marekkuchcinski.pl\/#website\",\"url\":\"https:\/\/marekkuchcinski.pl\/\",\"name\":\"Marek Kuchci\u0144ski\",\"description\":\"Pose\u0142 na sejm RP &ndash; okr\u0119g nr 22\",\"publisher\":{\"@id\":\"https:\/\/marekkuchcinski.pl\/#organization\"},\"potentialAction\":[{\"@type\":\"SearchAction\",\"target\":{\"@type\":\"EntryPoint\",\"urlTemplate\":\"https:\/\/marekkuchcinski.pl\/?s={search_term_string}\"},\"query-input\":{\"@type\":\"PropertyValueSpecification\",\"valueRequired\":true,\"valueName\":\"search_term_string\"}}],\"inLanguage\":\"sk-SK\"},{\"@type\":\"Organization\",\"@id\":\"https:\/\/marekkuchcinski.pl\/#organization\",\"name\":\"Marek Kuchci\u0144ski\",\"url\":\"https:\/\/marekkuchcinski.pl\/\",\"logo\":{\"@type\":\"ImageObject\",\"inLanguage\":\"sk-SK\",\"@id\":\"https:\/\/marekkuchcinski.pl\/#\/schema\/logo\/image\/\",\"url\":\"https:\/\/marekkuchcinski.pl\/wp-content\/uploads\/2022\/09\/Marek.jpg\",\"contentUrl\":\"https:\/\/marekkuchcinski.pl\/wp-content\/uploads\/2022\/09\/Marek.jpg\",\"width\":1600,\"height\":971,\"caption\":\"Marek Kuchci\u0144ski\"},\"image\":{\"@id\":\"https:\/\/marekkuchcinski.pl\/#\/schema\/logo\/image\/\"}},{\"@type\":\"Person\",\"@id\":\"https:\/\/marekkuchcinski.pl\/#\/schema\/person\/6f62700996b4d950b6ea2d1183b6c6be\",\"name\":\"admin\",\"image\":{\"@type\":\"ImageObject\",\"inLanguage\":\"sk-SK\",\"@id\":\"https:\/\/marekkuchcinski.pl\/#\/schema\/person\/image\/\",\"url\":\"https:\/\/secure.gravatar.com\/avatar\/4bab693b9d55c3d6b52c0296a8765085?s=96&d=mm&r=g\",\"contentUrl\":\"https:\/\/secure.gravatar.com\/avatar\/4bab693b9d55c3d6b52c0296a8765085?s=96&d=mm&r=g\",\"caption\":\"admin\"},\"url\":\"https:\/\/marekkuchcinski.pl\/sk\/author\/marta-olejnik\/\"}]}<\/script>\n<!-- \/ Yoast SEO plugin. -->","yoast_head_json":{"title":"Koncert Niepodleg\u0142o\u015bci i nagrody ,,\u017beby Polska byla Polsk\u0105\" &#8211; Marek Kuchci\u0144ski","robots":{"index":"index","follow":"follow","max-snippet":"max-snippet:-1","max-image-preview":"max-image-preview:large","max-video-preview":"max-video-preview:-1"},"canonical":"https:\/\/marekkuchcinski.pl\/sk\/wydarzenia\/koncert-niepodleglosci-i-nagrody-zeby-polska-byla-polska\/","og_locale":"sk_SK","og_type":"article","og_title":"Koncert Niepodleg\u0142o\u015bci i nagrody ,,\u017beby Polska byla Polsk\u0105\" &#8211; Marek Kuchci\u0144ski","og_description":"Wicemarsza\u0142ek Marek Kuchci\u0144ski wzi\u0105\u0142 udzia\u0142 5 listopada w Koncercie Niepodleg\u0142o\u015bci, po\u0142\u0105czonym z wr\u0119czeniem nagr\u00f3d Towarzystwa Patriotycznego ,,\u017beby Polska by\u0142a Polsk\u0105&#8221;. Nagrod\u0119 g\u0142\u00f3wn\u0105 otrzyma\u0142 Antoni Krauze. Nagrodzeni zostali tak\u017ce: Ewa Stankiewicz i Lech Makowiecki. Koncert odby\u0142 si\u0119 w Sali Palladium w Warszawie, zorganizowany zosta\u0142 przez ,,Tygodnik Solidarno\u015b\u0107&#8221; i ,,Towarzystwo Patriotyczne&#8221;. Na scenie jako ,,Formacja Wywrotowy Element&#8221; [&hellip;]","og_url":"https:\/\/marekkuchcinski.pl\/sk\/wydarzenia\/koncert-niepodleglosci-i-nagrody-zeby-polska-byla-polska\/","og_site_name":"Marek Kuchci\u0144ski","article_published_time":"2012-11-08T10:24:15+00:00","article_modified_time":"2016-08-25T14:59:52+00:00","og_image":[{"width":1600,"height":971,"url":"https:\/\/marekkuchcinski.pl\/wp-content\/uploads\/2022\/09\/Marek.jpg","type":"image\/jpeg"}],"author":"admin","twitter_card":"summary_large_image","twitter_misc":{"Autor":"admin","Predpokladan\u00fd \u010das \u010d\u00edtania":"1 min\u00fata"},"schema":{"@context":"https:\/\/schema.org","@graph":[{"@type":"Article","@id":"https:\/\/marekkuchcinski.pl\/cs\/wydarzenia\/koncert-niepodleglosci-i-nagrody-zeby-polska-byla-polska\/#article","isPartOf":{"@id":"https:\/\/marekkuchcinski.pl\/cs\/wydarzenia\/koncert-niepodleglosci-i-nagrody-zeby-polska-byla-polska\/"},"author":{"name":"admin","@id":"https:\/\/marekkuchcinski.pl\/#\/schema\/person\/6f62700996b4d950b6ea2d1183b6c6be"},"headline":"Koncert Niepodleg\u0142o\u015bci i nagrody ,,\u017beby Polska byla Polsk\u0105&#8221;","datePublished":"2012-11-08T10:24:15+00:00","dateModified":"2016-08-25T14:59:52+00:00","mainEntityOfPage":{"@id":"https:\/\/marekkuchcinski.pl\/cs\/wydarzenia\/koncert-niepodleglosci-i-nagrody-zeby-polska-byla-polska\/"},"wordCount":251,"commentCount":0,"publisher":{"@id":"https:\/\/marekkuchcinski.pl\/#organization"},"articleSection":["Wydarzenia"],"inLanguage":"sk-SK","potentialAction":[{"@type":"CommentAction","name":"Comment","target":["https:\/\/marekkuchcinski.pl\/cs\/wydarzenia\/koncert-niepodleglosci-i-nagrody-zeby-polska-byla-polska\/#respond"]}]},{"@type":"WebPage","@id":"https:\/\/marekkuchcinski.pl\/cs\/wydarzenia\/koncert-niepodleglosci-i-nagrody-zeby-polska-byla-polska\/","url":"https:\/\/marekkuchcinski.pl\/cs\/wydarzenia\/koncert-niepodleglosci-i-nagrody-zeby-polska-byla-polska\/","name":"Koncert Niepodleg\u0142o\u015bci i nagrody ,,\u017beby Polska byla Polsk\u0105\" &#8211; Marek Kuchci\u0144ski","isPartOf":{"@id":"https:\/\/marekkuchcinski.pl\/#website"},"datePublished":"2012-11-08T10:24:15+00:00","dateModified":"2016-08-25T14:59:52+00:00","breadcrumb":{"@id":"https:\/\/marekkuchcinski.pl\/cs\/wydarzenia\/koncert-niepodleglosci-i-nagrody-zeby-polska-byla-polska\/#breadcrumb"},"inLanguage":"sk-SK","potentialAction":[{"@type":"ReadAction","target":["https:\/\/marekkuchcinski.pl\/cs\/wydarzenia\/koncert-niepodleglosci-i-nagrody-zeby-polska-byla-polska\/"]}]},{"@type":"BreadcrumbList","@id":"https:\/\/marekkuchcinski.pl\/cs\/wydarzenia\/koncert-niepodleglosci-i-nagrody-zeby-polska-byla-polska\/#breadcrumb","itemListElement":[{"@type":"ListItem","position":1,"name":"Strona g\u0142\u00f3wna","item":"https:\/\/marekkuchcinski.pl\/"},{"@type":"ListItem","position":2,"name":"Koncert Niepodleg\u0142o\u015bci i nagrody ,,\u017beby Polska byla Polsk\u0105&#8221;"}]},{"@type":"WebSite","@id":"https:\/\/marekkuchcinski.pl\/#website","url":"https:\/\/marekkuchcinski.pl\/","name":"Marek Kuchci\u0144ski","description":"Pose\u0142 na sejm RP &ndash; okr\u0119g nr 22","publisher":{"@id":"https:\/\/marekkuchcinski.pl\/#organization"},"potentialAction":[{"@type":"SearchAction","target":{"@type":"EntryPoint","urlTemplate":"https:\/\/marekkuchcinski.pl\/?s={search_term_string}"},"query-input":{"@type":"PropertyValueSpecification","valueRequired":true,"valueName":"search_term_string"}}],"inLanguage":"sk-SK"},{"@type":"Organization","@id":"https:\/\/marekkuchcinski.pl\/#organization","name":"Marek Kuchci\u0144ski","url":"https:\/\/marekkuchcinski.pl\/","logo":{"@type":"ImageObject","inLanguage":"sk-SK","@id":"https:\/\/marekkuchcinski.pl\/#\/schema\/logo\/image\/","url":"https:\/\/marekkuchcinski.pl\/wp-content\/uploads\/2022\/09\/Marek.jpg","contentUrl":"https:\/\/marekkuchcinski.pl\/wp-content\/uploads\/2022\/09\/Marek.jpg","width":1600,"height":971,"caption":"Marek Kuchci\u0144ski"},"image":{"@id":"https:\/\/marekkuchcinski.pl\/#\/schema\/logo\/image\/"}},{"@type":"Person","@id":"https:\/\/marekkuchcinski.pl\/#\/schema\/person\/6f62700996b4d950b6ea2d1183b6c6be","name":"admin","image":{"@type":"ImageObject","inLanguage":"sk-SK","@id":"https:\/\/marekkuchcinski.pl\/#\/schema\/person\/image\/","url":"https:\/\/secure.gravatar.com\/avatar\/4bab693b9d55c3d6b52c0296a8765085?s=96&d=mm&r=g","contentUrl":"https:\/\/secure.gravatar.com\/avatar\/4bab693b9d55c3d6b52c0296a8765085?s=96&d=mm&r=g","caption":"admin"},"url":"https:\/\/marekkuchcinski.pl\/sk\/author\/marta-olejnik\/"}]}},"_links":{"self":[{"href":"https:\/\/marekkuchcinski.pl\/sk\/wp-json\/wp\/v2\/posts\/265","targetHints":{"allow":["GET"]}}],"collection":[{"href":"https:\/\/marekkuchcinski.pl\/sk\/wp-json\/wp\/v2\/posts"}],"about":[{"href":"https:\/\/marekkuchcinski.pl\/sk\/wp-json\/wp\/v2\/types\/post"}],"author":[{"embeddable":true,"href":"https:\/\/marekkuchcinski.pl\/sk\/wp-json\/wp\/v2\/users\/6"}],"replies":[{"embeddable":true,"href":"https:\/\/marekkuchcinski.pl\/sk\/wp-json\/wp\/v2\/comments?post=265"}],"version-history":[{"count":1,"href":"https:\/\/marekkuchcinski.pl\/sk\/wp-json\/wp\/v2\/posts\/265\/revisions"}],"predecessor-version":[{"id":1268,"href":"https:\/\/marekkuchcinski.pl\/sk\/wp-json\/wp\/v2\/posts\/265\/revisions\/1268"}],"wp:attachment":[{"href":"https:\/\/marekkuchcinski.pl\/sk\/wp-json\/wp\/v2\/media?parent=265"}],"wp:term":[{"taxonomy":"category","embeddable":true,"href":"https:\/\/marekkuchcinski.pl\/sk\/wp-json\/wp\/v2\/categories?post=265"},{"taxonomy":"post_tag","embeddable":true,"href":"https:\/\/marekkuchcinski.pl\/sk\/wp-json\/wp\/v2\/tags?post=265"}],"curies":[{"name":"wp","href":"https:\/\/api.w.org\/{rel}","templated":true}]}}