{"id":26355,"date":"2022-09-12T21:28:09","date_gmt":"2022-09-12T19:28:09","guid":{"rendered":"https:\/\/marekkuchcinski.pl\/?p=26355"},"modified":"2022-09-12T21:28:11","modified_gmt":"2022-09-12T19:28:11","slug":"cyfrowa-europa-karpat","status":"publish","type":"post","link":"https:\/\/marekkuchcinski.pl\/sk\/wydarzenia\/cyfrowa-europa-karpat\/","title":{"rendered":"Digit\u00e1lna Eur\u00f3pa Karp\u00e1t"},"content":{"rendered":"<p>V r\u00e1mci medzin\u00e1rodnej spolupr\u00e1ce v oblasti Karpatskej Eur\u00f3py bol 7. - 9. septembra 2021 predstaven\u00fd projekt digit\u00e1lneho rozvoja regi\u00f3nu. Ide o opatrenia na zvidite\u013enenie a zatrakt\u00edvnenie karpatsk\u00fdch oblast\u00ed. Projekt Digit\u00e1lna Karpatsk\u00e1 Eur\u00f3pa, ktor\u00fd navrhla po\u013esk\u00e1 administrat\u00edva, pozost\u00e1va z iniciat\u00edv venovan\u00fdch miestnym komunit\u00e1m. Aktivity bud\u00fa zameran\u00e9 na jednotliv\u00fdch obyvate\u013eov aj na priemyseln\u00e9 odvetvia p\u00f4sobiace v regi\u00f3ne.<\/p>\n\n\n\n<p>- Prostredn\u00edctvom modern\u00fdch technol\u00f3gi\u00ed rozv\u00edjame logick\u00e9 myslenie, kreativitu, ale budujeme aj historick\u00e9 povedomie,\" hovor\u00ed Marek Kuchci\u0144ski, predseda zahrani\u010dn\u00e9ho v\u00fdboru a patr\u00f3n konferencie Eur\u00f3pa Karp\u00e1t.<\/p>\n\n\n\n<p>&nbsp;V roku 2021 z\u00edskali miestne org\u00e1ny, ktor\u00e9 riadia pribli\u017ene 12 000 z\u00e1kladn\u00fdch \u0161k\u00f4l v celej krajine, finan\u010dn\u00e9 prostriedky na n\u00e1kup modern\u00fdch n\u00e1strojov na podporu objavovania talentov a rozvoja bud\u00facich kompetenci\u00ed, ako je spolupr\u00e1ca, interdisciplinarita, tvorivos\u0165 a rie\u0161enie probl\u00e9mov.&nbsp;<\/p>\n\n\n\n<p>V r\u00e1mci programu Future Labs vl\u00e1da financuje 3D tla\u010diarne, mikrokontrol\u00e9ry, roboty, z\u00e1znamov\u00e9 zariadenia a \u010fal\u0161ie najmodernej\u0161ie zariadenia [program realizuje jednu z po\u017eiadaviek po\u013esk\u00e9ho nariadenia, z Fondu protiopatren\u00ed COVID-19].<\/p>\n\n\n\n<p>Vl\u00e1da vy\u010dlen\u00ed celkovo viac ako 1 miliardu PLN na podporu \u0161k\u00f4l - najprv pre \u0161koly riaden\u00e9 miestnymi org\u00e1nmi a potom aj pre ne\u0161t\u00e1tne \u0161koly.&nbsp;&nbsp;<\/p>\n\n\n\n<p><strong>Podpora pre viac ako 3 mili\u00f3ny \u0161tudentov!&nbsp;&nbsp;<\/strong><\/p>\n\n\n\n<p>&nbsp;Podpora sa bude pride\u013eova\u0165 pod\u013ea ve\u013ekosti \u0161k\u00f4l - ich riadiace org\u00e1ny m\u00f4\u017eu z\u00edska\u0165 a\u017e:&nbsp;<\/p>\n\n\n\n<p>a.       30 000 PLN - v pr\u00edpade \u0161k\u00f4l s po\u010dtom \u017eiakov do 100 (tak\u00fdchto \u0161k\u00f4l je 5168 a maj\u00fa 292 457 \u017eiakov)&nbsp;<\/p>\n\n\n\n<p>b.       60 000 PLN - v pr\u00edpade \u0161k\u00f4l so 101 a\u017e 200 \u017eiakmi (je ich 3492 a maj\u00fa 495 017 \u017eiakov)&nbsp;<\/p>\n\n\n\n<p>c.       70 000 PLN - pre \u0161koly s 201 a\u017e 234 \u017eiakmi (v SR je 659 \u0161k\u00f4l a 142 467 \u017eiakov)&nbsp;<\/p>\n\n\n\n<p>d.      300 PLN na \u017eiaka - v pr\u00edpade \u0161k\u00f4l s 235 a viac \u017eiakmi (4 678 \u0161k\u00f4l a 2 131 451 \u017eiakov).<\/p>\n\n\n\n<p><strong>Rekordn\u00e9 invest\u00edcie do vzdel\u00e1vania v rokoch 2020-2021<\/strong><\/p>\n\n\n\n<p>Dot\u00e1cia na vzdel\u00e1vanie - 53,4 miliardy PLN (2022) alebo o 32% viac (2023 - predpokladan\u00e1 v\u00fd\u0161ka viac ako 61 mili\u00e1rd PLN)<\/p>\n\n\n\n<p>Celkov\u00e9 v\u00fddavky na modern\u00e9 vzdel\u00e1vanie predstavuj\u00fa takmer 5 mili\u00e1rd PLN (a\u017e 11,2 miliardy PLN, ak sa zapo\u010d\u00edta aj v\u00fdstavba \u0161irokop\u00e1smovej siete):<\/p>\n\n\n\n<p>Laborat\u00f3ri\u00e1 bud\u00facnosti - 1 miliarda PLN<\/p>\n\n\n\n<p>Vl\u00e1dny fond \"Po\u013esk\u00fd poriadok\" - Strategick\u00fd investi\u010dn\u00fd program (invest\u00edcie do vzdel\u00e1vania) - 1,1 miliardy PLN<\/p>\n\n\n\n<p>N\u00e1rodn\u00e1 vzdel\u00e1vacia sie\u0165 - 539 mili\u00f3nov PLN<\/p>\n\n\n\n<p>Program Akt\u00edvna tabu\u013ea - 271 mili\u00f3nov PLN<\/p>\n\n\n\n<p>Projekty vzdialen\u00fdch \u0161k\u00f4l - 367 mili\u00f3nov PLN<\/p>\n\n\n\n<p>Vzdel\u00e1vacie e-materi\u00e1ly - 300 mili\u00f3nov PLN<\/p>\n\n\n\n<p>V\u00fdstavba \u0161irokop\u00e1smovej siete - 6,665 miliardy PLN (ko\u013eko vr\u00e1tane \u0161k\u00f4l?)<\/p>\n\n\n\n<p>Vzdel\u00e1vanie u\u010dite\u013eov - 100 mili\u00f3nov PLN<\/p>\n\n\n\n<p>Program \"Digit\u00e1lna obec\" - 1 miliarda PLN<\/p>\n\n\n\n<p><\/p>\n\n\n\n<p>Foto: Marta Olejnik<\/p>\n\n\n\n<p>N\u00e1v\u0161teva Z\u00e1kladnej \u0161koly v Karpaczi - Marek Kuchci\u0144ski a ministerka Justyna Or\u0142owska<\/p>\n\n\n\n<figure class=\"wp-block-image size-large\"><a href=\"https:\/\/marekkuchcinski.pl\/wp-content\/uploads\/2022\/09\/fb6.jpg\"><img fetchpriority=\"high\" decoding=\"async\" width=\"1024\" height=\"692\" src=\"https:\/\/marekkuchcinski.pl\/wp-content\/uploads\/2022\/09\/fb6-1024x692.jpg\" alt=\"\" class=\"wp-image-26357\" srcset=\"https:\/\/marekkuchcinski.pl\/wp-content\/uploads\/2022\/09\/fb6-1024x692.jpg 1024w, https:\/\/marekkuchcinski.pl\/wp-content\/uploads\/2022\/09\/fb6-300x203.jpg 300w, https:\/\/marekkuchcinski.pl\/wp-content\/uploads\/2022\/09\/fb6-768x519.jpg 768w, https:\/\/marekkuchcinski.pl\/wp-content\/uploads\/2022\/09\/fb6-1536x1038.jpg 1536w, https:\/\/marekkuchcinski.pl\/wp-content\/uploads\/2022\/09\/fb6-18x12.jpg 18w, https:\/\/marekkuchcinski.pl\/wp-content\/uploads\/2022\/09\/fb6.jpg 1600w\" sizes=\"(max-width: 1024px) 100vw, 1024px\" \/><\/a><\/figure>\n\n\n\n<figure class=\"wp-block-image size-large\"><a href=\"https:\/\/marekkuchcinski.pl\/wp-content\/uploads\/2022\/09\/tt2-2.jpg\"><img decoding=\"async\" width=\"1024\" height=\"682\" src=\"https:\/\/marekkuchcinski.pl\/wp-content\/uploads\/2022\/09\/tt2-2-1024x682.jpg\" alt=\"\" class=\"wp-image-26358\" srcset=\"https:\/\/marekkuchcinski.pl\/wp-content\/uploads\/2022\/09\/tt2-2-1024x682.jpg 1024w, https:\/\/marekkuchcinski.pl\/wp-content\/uploads\/2022\/09\/tt2-2-300x200.jpg 300w, https:\/\/marekkuchcinski.pl\/wp-content\/uploads\/2022\/09\/tt2-2-768x512.jpg 768w, https:\/\/marekkuchcinski.pl\/wp-content\/uploads\/2022\/09\/tt2-2-1536x1023.jpg 1536w, https:\/\/marekkuchcinski.pl\/wp-content\/uploads\/2022\/09\/tt2-2-18x12.jpg 18w, https:\/\/marekkuchcinski.pl\/wp-content\/uploads\/2022\/09\/tt2-2.jpg 1600w\" sizes=\"(max-width: 1024px) 100vw, 1024px\" \/><\/a><\/figure>\n\n\n\n<figure class=\"wp-block-image size-large\"><a href=\"https:\/\/marekkuchcinski.pl\/wp-content\/uploads\/2022\/09\/t1-3.jpg\"><img decoding=\"async\" width=\"1024\" height=\"683\" src=\"https:\/\/marekkuchcinski.pl\/wp-content\/uploads\/2022\/09\/t1-3-1024x683.jpg\" alt=\"\" class=\"wp-image-26359\" srcset=\"https:\/\/marekkuchcinski.pl\/wp-content\/uploads\/2022\/09\/t1-3-1024x683.jpg 1024w, https:\/\/marekkuchcinski.pl\/wp-content\/uploads\/2022\/09\/t1-3-300x200.jpg 300w, https:\/\/marekkuchcinski.pl\/wp-content\/uploads\/2022\/09\/t1-3-768x512.jpg 768w, https:\/\/marekkuchcinski.pl\/wp-content\/uploads\/2022\/09\/t1-3-1536x1024.jpg 1536w, https:\/\/marekkuchcinski.pl\/wp-content\/uploads\/2022\/09\/t1-3-18x12.jpg 18w, https:\/\/marekkuchcinski.pl\/wp-content\/uploads\/2022\/09\/t1-3.jpg 1600w\" sizes=\"(max-width: 1024px) 100vw, 1024px\" \/><\/a><\/figure>\n\n\n\n<figure class=\"wp-block-image size-large\"><a href=\"https:\/\/marekkuchcinski.pl\/wp-content\/uploads\/2022\/09\/fb2-1.jpg\"><img loading=\"lazy\" decoding=\"async\" width=\"1024\" height=\"682\" src=\"https:\/\/marekkuchcinski.pl\/wp-content\/uploads\/2022\/09\/fb2-1-1024x682.jpg\" alt=\"\" class=\"wp-image-26360\" srcset=\"https:\/\/marekkuchcinski.pl\/wp-content\/uploads\/2022\/09\/fb2-1-1024x682.jpg 1024w, https:\/\/marekkuchcinski.pl\/wp-content\/uploads\/2022\/09\/fb2-1-300x200.jpg 300w, https:\/\/marekkuchcinski.pl\/wp-content\/uploads\/2022\/09\/fb2-1-768x512.jpg 768w, https:\/\/marekkuchcinski.pl\/wp-content\/uploads\/2022\/09\/fb2-1-1536x1023.jpg 1536w, https:\/\/marekkuchcinski.pl\/wp-content\/uploads\/2022\/09\/fb2-1-18x12.jpg 18w, https:\/\/marekkuchcinski.pl\/wp-content\/uploads\/2022\/09\/fb2-1.jpg 1600w\" sizes=\"(max-width: 1024px) 100vw, 1024px\" \/><\/a><\/figure>\n\n\n\n<figure class=\"wp-block-image size-large\"><a href=\"https:\/\/marekkuchcinski.pl\/wp-content\/uploads\/2022\/09\/fb3-1.jpg\"><img loading=\"lazy\" decoding=\"async\" width=\"1024\" height=\"692\" src=\"https:\/\/marekkuchcinski.pl\/wp-content\/uploads\/2022\/09\/fb3-1-1024x692.jpg\" alt=\"\" class=\"wp-image-26361\" srcset=\"https:\/\/marekkuchcinski.pl\/wp-content\/uploads\/2022\/09\/fb3-1-1024x692.jpg 1024w, https:\/\/marekkuchcinski.pl\/wp-content\/uploads\/2022\/09\/fb3-1-300x203.jpg 300w, https:\/\/marekkuchcinski.pl\/wp-content\/uploads\/2022\/09\/fb3-1-768x519.jpg 768w, https:\/\/marekkuchcinski.pl\/wp-content\/uploads\/2022\/09\/fb3-1-1536x1039.jpg 1536w, https:\/\/marekkuchcinski.pl\/wp-content\/uploads\/2022\/09\/fb3-1-18x12.jpg 18w, https:\/\/marekkuchcinski.pl\/wp-content\/uploads\/2022\/09\/fb3-1.jpg 1600w\" sizes=\"(max-width: 1024px) 100vw, 1024px\" \/><\/a><\/figure>\n\n\n\n<figure class=\"wp-block-gallery columns-3 is-cropped wp-block-gallery-1 is-layout-flex wp-block-gallery-is-layout-flex\"><ul class=\"blocks-gallery-grid\"><li class=\"blocks-gallery-item\"><figure><a href=\"https:\/\/marekkuchcinski.pl\/wp-content\/uploads\/2022\/09\/fb4.jpg\"><img loading=\"lazy\" decoding=\"async\" width=\"1024\" height=\"682\" src=\"https:\/\/marekkuchcinski.pl\/wp-content\/uploads\/2022\/09\/fb4-1024x682.jpg\" alt=\"\" data-id=\"26362\" data-full-url=\"https:\/\/marekkuchcinski.pl\/wp-content\/uploads\/2022\/09\/fb4.jpg\" data-link=\"https:\/\/marekkuchcinski.pl\/?attachment_id=26362\" class=\"wp-image-26362\" srcset=\"https:\/\/marekkuchcinski.pl\/wp-content\/uploads\/2022\/09\/fb4-1024x682.jpg 1024w, https:\/\/marekkuchcinski.pl\/wp-content\/uploads\/2022\/09\/fb4-300x200.jpg 300w, https:\/\/marekkuchcinski.pl\/wp-content\/uploads\/2022\/09\/fb4-768x512.jpg 768w, https:\/\/marekkuchcinski.pl\/wp-content\/uploads\/2022\/09\/fb4-1536x1023.jpg 1536w, https:\/\/marekkuchcinski.pl\/wp-content\/uploads\/2022\/09\/fb4-18x12.jpg 18w, https:\/\/marekkuchcinski.pl\/wp-content\/uploads\/2022\/09\/fb4.jpg 1600w\" sizes=\"(max-width: 1024px) 100vw, 1024px\" \/><\/a><\/figure><\/li><li class=\"blocks-gallery-item\"><figure><a href=\"https:\/\/marekkuchcinski.pl\/wp-content\/uploads\/2022\/09\/fb5.jpg\"><img loading=\"lazy\" decoding=\"async\" width=\"1024\" height=\"671\" src=\"https:\/\/marekkuchcinski.pl\/wp-content\/uploads\/2022\/09\/fb5-1024x671.jpg\" alt=\"\" data-id=\"26363\" data-full-url=\"https:\/\/marekkuchcinski.pl\/wp-content\/uploads\/2022\/09\/fb5.jpg\" data-link=\"https:\/\/marekkuchcinski.pl\/?attachment_id=26363\" class=\"wp-image-26363\" srcset=\"https:\/\/marekkuchcinski.pl\/wp-content\/uploads\/2022\/09\/fb5-1024x671.jpg 1024w, https:\/\/marekkuchcinski.pl\/wp-content\/uploads\/2022\/09\/fb5-300x197.jpg 300w, https:\/\/marekkuchcinski.pl\/wp-content\/uploads\/2022\/09\/fb5-768x503.jpg 768w, https:\/\/marekkuchcinski.pl\/wp-content\/uploads\/2022\/09\/fb5-1536x1006.jpg 1536w, https:\/\/marekkuchcinski.pl\/wp-content\/uploads\/2022\/09\/fb5-18x12.jpg 18w, https:\/\/marekkuchcinski.pl\/wp-content\/uploads\/2022\/09\/fb5.jpg 1600w\" sizes=\"(max-width: 1024px) 100vw, 1024px\" \/><\/a><\/figure><\/li><li class=\"blocks-gallery-item\"><figure><a href=\"https:\/\/marekkuchcinski.pl\/wp-content\/uploads\/2022\/09\/tt3-3.jpg\"><img loading=\"lazy\" decoding=\"async\" width=\"1024\" height=\"684\" src=\"https:\/\/marekkuchcinski.pl\/wp-content\/uploads\/2022\/09\/tt3-3-1024x684.jpg\" alt=\"\" data-id=\"26364\" data-full-url=\"https:\/\/marekkuchcinski.pl\/wp-content\/uploads\/2022\/09\/tt3-3.jpg\" data-link=\"https:\/\/marekkuchcinski.pl\/?attachment_id=26364\" class=\"wp-image-26364\" srcset=\"https:\/\/marekkuchcinski.pl\/wp-content\/uploads\/2022\/09\/tt3-3-1024x684.jpg 1024w, https:\/\/marekkuchcinski.pl\/wp-content\/uploads\/2022\/09\/tt3-3-300x200.jpg 300w, https:\/\/marekkuchcinski.pl\/wp-content\/uploads\/2022\/09\/tt3-3-768x513.jpg 768w, https:\/\/marekkuchcinski.pl\/wp-content\/uploads\/2022\/09\/tt3-3-1536x1025.jpg 1536w, https:\/\/marekkuchcinski.pl\/wp-content\/uploads\/2022\/09\/tt3-3-18x12.jpg 18w, https:\/\/marekkuchcinski.pl\/wp-content\/uploads\/2022\/09\/tt3-3.jpg 1600w\" sizes=\"(max-width: 1024px) 100vw, 1024px\" \/><\/a><\/figure><\/li><li class=\"blocks-gallery-item\"><figure><a href=\"https:\/\/marekkuchcinski.pl\/wp-content\/uploads\/2022\/09\/tt5-1.jpg\"><img loading=\"lazy\" decoding=\"async\" width=\"1024\" height=\"683\" src=\"https:\/\/marekkuchcinski.pl\/wp-content\/uploads\/2022\/09\/tt5-1-1024x683.jpg\" alt=\"\" data-id=\"26365\" data-full-url=\"https:\/\/marekkuchcinski.pl\/wp-content\/uploads\/2022\/09\/tt5-1.jpg\" data-link=\"https:\/\/marekkuchcinski.pl\/?attachment_id=26365\" class=\"wp-image-26365\" srcset=\"https:\/\/marekkuchcinski.pl\/wp-content\/uploads\/2022\/09\/tt5-1-1024x683.jpg 1024w, https:\/\/marekkuchcinski.pl\/wp-content\/uploads\/2022\/09\/tt5-1-300x200.jpg 300w, https:\/\/marekkuchcinski.pl\/wp-content\/uploads\/2022\/09\/tt5-1-768x512.jpg 768w, https:\/\/marekkuchcinski.pl\/wp-content\/uploads\/2022\/09\/tt5-1-1536x1024.jpg 1536w, https:\/\/marekkuchcinski.pl\/wp-content\/uploads\/2022\/09\/tt5-1-18x12.jpg 18w, https:\/\/marekkuchcinski.pl\/wp-content\/uploads\/2022\/09\/tt5-1.jpg 1600w\" sizes=\"(max-width: 1024px) 100vw, 1024px\" \/><\/a><\/figure><\/li><\/ul><\/figure>","protected":false},"excerpt":{"rendered":"<p>V r\u00e1mci medzin\u00e1rodnej spolupr\u00e1ce v oblasti Karpatskej Eur\u00f3py bol 7. - 9. septembra 2021 predstaven\u00fd projekt digit\u00e1lneho rozvoja regi\u00f3nu. Ide o opatrenia na zvidite\u013enenie a zatrakt\u00edvnenie karpatsk\u00fdch oblast\u00ed. Projekt Digit\u00e1lna Karpatsk\u00e1 Eur\u00f3pa, ktor\u00fd navrhla po\u013esk\u00e1 administrat\u00edva, pozost\u00e1va z iniciat\u00edv venovan\u00fdch miestnym komunit\u00e1m. Aktivity bud\u00fa zameran\u00e9 na jednotliv\u00fdch obyvate\u013eov aj na [...]<\/p>","protected":false},"author":21,"featured_media":26357,"comment_status":"open","ping_status":"open","sticky":false,"template":"","format":"standard","meta":{"ngg_post_thumbnail":0,"footnotes":""},"categories":[78,50,3],"tags":[],"class_list":["post-26355","post","type-post","status-publish","format-standard","has-post-thumbnail","hentry","category-europa-karpat","category-wspolpraca-miedzynarodowa","category-wydarzenia"],"yoast_head":"<!-- This site is optimized with the Yoast SEO plugin v24.7 - https:\/\/yoast.com\/wordpress\/plugins\/seo\/ -->\n<title>Cyfrowa Europa Karpat &#8211; Marek Kuchci\u0144ski<\/title>\n<meta name=\"robots\" content=\"index, follow, max-snippet:-1, max-image-preview:large, max-video-preview:-1\" \/>\n<link rel=\"canonical\" href=\"https:\/\/marekkuchcinski.pl\/sk\/wydarzenia\/cyfrowa-europa-karpat\/\" \/>\n<meta property=\"og:locale\" content=\"sk_SK\" \/>\n<meta property=\"og:type\" content=\"article\" \/>\n<meta property=\"og:title\" content=\"Cyfrowa Europa Karpat &#8211; Marek Kuchci\u0144ski\" \/>\n<meta property=\"og:description\" content=\"W ramach wsp\u00f3\u0142pracy mi\u0119dzynarodowej w obszarze Europy Karpat, w dniach 7 \u2013 9 wrze\u015bnia 2021 roku zaprezentowano projekt rozwoju cyfrowego regionu. S\u0105 to dzia\u0142ania na rzecz zwi\u0119kszenia rozpoznawalno\u015bci i atrakcyjno\u015bci obszar\u00f3w karpackich. Projekt Cyfrowej Europy Karpat proponowany przez polsk\u0105 administracj\u0119 z\u0142o\u017cony z inicjatyw dedykowanych lokalnym spo\u0142eczno\u015bciom. Dzia\u0142ania skierowane b\u0119d\u0105 zar\u00f3wno do indywidualnych mieszka\u0144c\u00f3w, jak i [&hellip;]\" \/>\n<meta property=\"og:url\" content=\"https:\/\/marekkuchcinski.pl\/sk\/wydarzenia\/cyfrowa-europa-karpat\/\" \/>\n<meta property=\"og:site_name\" content=\"Marek Kuchci\u0144ski\" \/>\n<meta property=\"article:published_time\" content=\"2022-09-12T19:28:09+00:00\" \/>\n<meta property=\"article:modified_time\" content=\"2022-09-12T19:28:11+00:00\" \/>\n<meta property=\"og:image\" content=\"https:\/\/marekkuchcinski.pl\/wp-content\/uploads\/2022\/09\/fb6.jpg\" \/>\n\t<meta property=\"og:image:width\" content=\"1600\" \/>\n\t<meta property=\"og:image:height\" content=\"1081\" \/>\n\t<meta property=\"og:image:type\" content=\"image\/jpeg\" \/>\n<meta name=\"author\" content=\"Marta Olejnik\" \/>\n<meta name=\"twitter:card\" content=\"summary_large_image\" \/>\n<meta name=\"twitter:label1\" content=\"Autor\" \/>\n\t<meta name=\"twitter:data1\" content=\"Marta Olejnik\" \/>\n\t<meta name=\"twitter:label2\" content=\"Predpokladan\u00fd \u010das \u010d\u00edtania\" \/>\n\t<meta name=\"twitter:data2\" content=\"4 min\u00faty\" \/>\n<script type=\"application\/ld+json\" class=\"yoast-schema-graph\">{\"@context\":\"https:\/\/schema.org\",\"@graph\":[{\"@type\":\"Article\",\"@id\":\"https:\/\/marekkuchcinski.pl\/wydarzenia\/cyfrowa-europa-karpat\/#article\",\"isPartOf\":{\"@id\":\"https:\/\/marekkuchcinski.pl\/wydarzenia\/cyfrowa-europa-karpat\/\"},\"author\":{\"name\":\"Marta Olejnik\",\"@id\":\"https:\/\/marekkuchcinski.pl\/#\/schema\/person\/51d5d4ee3b5317b8e4dd2b48af359229\"},\"headline\":\"Cyfrowa Europa Karpat\",\"datePublished\":\"2022-09-12T19:28:09+00:00\",\"dateModified\":\"2022-09-12T19:28:11+00:00\",\"mainEntityOfPage\":{\"@id\":\"https:\/\/marekkuchcinski.pl\/wydarzenia\/cyfrowa-europa-karpat\/\"},\"wordCount\":522,\"commentCount\":0,\"publisher\":{\"@id\":\"https:\/\/marekkuchcinski.pl\/#organization\"},\"image\":{\"@id\":\"https:\/\/marekkuchcinski.pl\/wydarzenia\/cyfrowa-europa-karpat\/#primaryimage\"},\"thumbnailUrl\":\"https:\/\/marekkuchcinski.pl\/wp-content\/uploads\/2022\/09\/fb6.jpg\",\"articleSection\":[\"Europa Karpat\",\"Wsp\u00f3\u0142praca mi\u0119dzynarodowa\",\"Wydarzenia\"],\"inLanguage\":\"sk-SK\",\"potentialAction\":[{\"@type\":\"CommentAction\",\"name\":\"Comment\",\"target\":[\"https:\/\/marekkuchcinski.pl\/wydarzenia\/cyfrowa-europa-karpat\/#respond\"]}]},{\"@type\":\"WebPage\",\"@id\":\"https:\/\/marekkuchcinski.pl\/wydarzenia\/cyfrowa-europa-karpat\/\",\"url\":\"https:\/\/marekkuchcinski.pl\/wydarzenia\/cyfrowa-europa-karpat\/\",\"name\":\"Cyfrowa Europa Karpat &#8211; Marek Kuchci\u0144ski\",\"isPartOf\":{\"@id\":\"https:\/\/marekkuchcinski.pl\/#website\"},\"primaryImageOfPage\":{\"@id\":\"https:\/\/marekkuchcinski.pl\/wydarzenia\/cyfrowa-europa-karpat\/#primaryimage\"},\"image\":{\"@id\":\"https:\/\/marekkuchcinski.pl\/wydarzenia\/cyfrowa-europa-karpat\/#primaryimage\"},\"thumbnailUrl\":\"https:\/\/marekkuchcinski.pl\/wp-content\/uploads\/2022\/09\/fb6.jpg\",\"datePublished\":\"2022-09-12T19:28:09+00:00\",\"dateModified\":\"2022-09-12T19:28:11+00:00\",\"breadcrumb\":{\"@id\":\"https:\/\/marekkuchcinski.pl\/wydarzenia\/cyfrowa-europa-karpat\/#breadcrumb\"},\"inLanguage\":\"sk-SK\",\"potentialAction\":[{\"@type\":\"ReadAction\",\"target\":[\"https:\/\/marekkuchcinski.pl\/wydarzenia\/cyfrowa-europa-karpat\/\"]}]},{\"@type\":\"ImageObject\",\"inLanguage\":\"sk-SK\",\"@id\":\"https:\/\/marekkuchcinski.pl\/wydarzenia\/cyfrowa-europa-karpat\/#primaryimage\",\"url\":\"https:\/\/marekkuchcinski.pl\/wp-content\/uploads\/2022\/09\/fb6.jpg\",\"contentUrl\":\"https:\/\/marekkuchcinski.pl\/wp-content\/uploads\/2022\/09\/fb6.jpg\",\"width\":1600,\"height\":1081},{\"@type\":\"BreadcrumbList\",\"@id\":\"https:\/\/marekkuchcinski.pl\/wydarzenia\/cyfrowa-europa-karpat\/#breadcrumb\",\"itemListElement\":[{\"@type\":\"ListItem\",\"position\":1,\"name\":\"Strona g\u0142\u00f3wna\",\"item\":\"https:\/\/marekkuchcinski.pl\/\"},{\"@type\":\"ListItem\",\"position\":2,\"name\":\"Cyfrowa Europa Karpat\"}]},{\"@type\":\"WebSite\",\"@id\":\"https:\/\/marekkuchcinski.pl\/#website\",\"url\":\"https:\/\/marekkuchcinski.pl\/\",\"name\":\"Marek Kuchci\u0144ski\",\"description\":\"Pose\u0142 na sejm RP &ndash; okr\u0119g nr 22\",\"publisher\":{\"@id\":\"https:\/\/marekkuchcinski.pl\/#organization\"},\"potentialAction\":[{\"@type\":\"SearchAction\",\"target\":{\"@type\":\"EntryPoint\",\"urlTemplate\":\"https:\/\/marekkuchcinski.pl\/?s={search_term_string}\"},\"query-input\":{\"@type\":\"PropertyValueSpecification\",\"valueRequired\":true,\"valueName\":\"search_term_string\"}}],\"inLanguage\":\"sk-SK\"},{\"@type\":\"Organization\",\"@id\":\"https:\/\/marekkuchcinski.pl\/#organization\",\"name\":\"Marek Kuchci\u0144ski\",\"url\":\"https:\/\/marekkuchcinski.pl\/\",\"logo\":{\"@type\":\"ImageObject\",\"inLanguage\":\"sk-SK\",\"@id\":\"https:\/\/marekkuchcinski.pl\/#\/schema\/logo\/image\/\",\"url\":\"https:\/\/marekkuchcinski.pl\/wp-content\/uploads\/2022\/09\/Marek.jpg\",\"contentUrl\":\"https:\/\/marekkuchcinski.pl\/wp-content\/uploads\/2022\/09\/Marek.jpg\",\"width\":1600,\"height\":971,\"caption\":\"Marek Kuchci\u0144ski\"},\"image\":{\"@id\":\"https:\/\/marekkuchcinski.pl\/#\/schema\/logo\/image\/\"}},{\"@type\":\"Person\",\"@id\":\"https:\/\/marekkuchcinski.pl\/#\/schema\/person\/51d5d4ee3b5317b8e4dd2b48af359229\",\"name\":\"Marta Olejnik\",\"image\":{\"@type\":\"ImageObject\",\"inLanguage\":\"sk-SK\",\"@id\":\"https:\/\/marekkuchcinski.pl\/#\/schema\/person\/image\/\",\"url\":\"https:\/\/secure.gravatar.com\/avatar\/e39914b2aa6a48959e24d475b5dc9793?s=96&d=mm&r=g\",\"contentUrl\":\"https:\/\/secure.gravatar.com\/avatar\/e39914b2aa6a48959e24d475b5dc9793?s=96&d=mm&r=g\",\"caption\":\"Marta Olejnik\"},\"url\":\"https:\/\/marekkuchcinski.pl\/sk\/author\/marta\/\"}]}<\/script>\n<!-- \/ Yoast SEO plugin. -->","yoast_head_json":{"title":"Cyfrowa Europa Karpat &#8211; Marek Kuchci\u0144ski","robots":{"index":"index","follow":"follow","max-snippet":"max-snippet:-1","max-image-preview":"max-image-preview:large","max-video-preview":"max-video-preview:-1"},"canonical":"https:\/\/marekkuchcinski.pl\/sk\/wydarzenia\/cyfrowa-europa-karpat\/","og_locale":"sk_SK","og_type":"article","og_title":"Cyfrowa Europa Karpat &#8211; Marek Kuchci\u0144ski","og_description":"W ramach wsp\u00f3\u0142pracy mi\u0119dzynarodowej w obszarze Europy Karpat, w dniach 7 \u2013 9 wrze\u015bnia 2021 roku zaprezentowano projekt rozwoju cyfrowego regionu. S\u0105 to dzia\u0142ania na rzecz zwi\u0119kszenia rozpoznawalno\u015bci i atrakcyjno\u015bci obszar\u00f3w karpackich. Projekt Cyfrowej Europy Karpat proponowany przez polsk\u0105 administracj\u0119 z\u0142o\u017cony z inicjatyw dedykowanych lokalnym spo\u0142eczno\u015bciom. Dzia\u0142ania skierowane b\u0119d\u0105 zar\u00f3wno do indywidualnych mieszka\u0144c\u00f3w, jak i [&hellip;]","og_url":"https:\/\/marekkuchcinski.pl\/sk\/wydarzenia\/cyfrowa-europa-karpat\/","og_site_name":"Marek Kuchci\u0144ski","article_published_time":"2022-09-12T19:28:09+00:00","article_modified_time":"2022-09-12T19:28:11+00:00","og_image":[{"width":1600,"height":1081,"url":"https:\/\/marekkuchcinski.pl\/wp-content\/uploads\/2022\/09\/fb6.jpg","type":"image\/jpeg"}],"author":"Marta Olejnik","twitter_card":"summary_large_image","twitter_misc":{"Autor":"Marta Olejnik","Predpokladan\u00fd \u010das \u010d\u00edtania":"4 min\u00faty"},"schema":{"@context":"https:\/\/schema.org","@graph":[{"@type":"Article","@id":"https:\/\/marekkuchcinski.pl\/wydarzenia\/cyfrowa-europa-karpat\/#article","isPartOf":{"@id":"https:\/\/marekkuchcinski.pl\/wydarzenia\/cyfrowa-europa-karpat\/"},"author":{"name":"Marta Olejnik","@id":"https:\/\/marekkuchcinski.pl\/#\/schema\/person\/51d5d4ee3b5317b8e4dd2b48af359229"},"headline":"Cyfrowa Europa Karpat","datePublished":"2022-09-12T19:28:09+00:00","dateModified":"2022-09-12T19:28:11+00:00","mainEntityOfPage":{"@id":"https:\/\/marekkuchcinski.pl\/wydarzenia\/cyfrowa-europa-karpat\/"},"wordCount":522,"commentCount":0,"publisher":{"@id":"https:\/\/marekkuchcinski.pl\/#organization"},"image":{"@id":"https:\/\/marekkuchcinski.pl\/wydarzenia\/cyfrowa-europa-karpat\/#primaryimage"},"thumbnailUrl":"https:\/\/marekkuchcinski.pl\/wp-content\/uploads\/2022\/09\/fb6.jpg","articleSection":["Europa Karpat","Wsp\u00f3\u0142praca mi\u0119dzynarodowa","Wydarzenia"],"inLanguage":"sk-SK","potentialAction":[{"@type":"CommentAction","name":"Comment","target":["https:\/\/marekkuchcinski.pl\/wydarzenia\/cyfrowa-europa-karpat\/#respond"]}]},{"@type":"WebPage","@id":"https:\/\/marekkuchcinski.pl\/wydarzenia\/cyfrowa-europa-karpat\/","url":"https:\/\/marekkuchcinski.pl\/wydarzenia\/cyfrowa-europa-karpat\/","name":"Cyfrowa Europa Karpat &#8211; Marek Kuchci\u0144ski","isPartOf":{"@id":"https:\/\/marekkuchcinski.pl\/#website"},"primaryImageOfPage":{"@id":"https:\/\/marekkuchcinski.pl\/wydarzenia\/cyfrowa-europa-karpat\/#primaryimage"},"image":{"@id":"https:\/\/marekkuchcinski.pl\/wydarzenia\/cyfrowa-europa-karpat\/#primaryimage"},"thumbnailUrl":"https:\/\/marekkuchcinski.pl\/wp-content\/uploads\/2022\/09\/fb6.jpg","datePublished":"2022-09-12T19:28:09+00:00","dateModified":"2022-09-12T19:28:11+00:00","breadcrumb":{"@id":"https:\/\/marekkuchcinski.pl\/wydarzenia\/cyfrowa-europa-karpat\/#breadcrumb"},"inLanguage":"sk-SK","potentialAction":[{"@type":"ReadAction","target":["https:\/\/marekkuchcinski.pl\/wydarzenia\/cyfrowa-europa-karpat\/"]}]},{"@type":"ImageObject","inLanguage":"sk-SK","@id":"https:\/\/marekkuchcinski.pl\/wydarzenia\/cyfrowa-europa-karpat\/#primaryimage","url":"https:\/\/marekkuchcinski.pl\/wp-content\/uploads\/2022\/09\/fb6.jpg","contentUrl":"https:\/\/marekkuchcinski.pl\/wp-content\/uploads\/2022\/09\/fb6.jpg","width":1600,"height":1081},{"@type":"BreadcrumbList","@id":"https:\/\/marekkuchcinski.pl\/wydarzenia\/cyfrowa-europa-karpat\/#breadcrumb","itemListElement":[{"@type":"ListItem","position":1,"name":"Strona g\u0142\u00f3wna","item":"https:\/\/marekkuchcinski.pl\/"},{"@type":"ListItem","position":2,"name":"Cyfrowa Europa Karpat"}]},{"@type":"WebSite","@id":"https:\/\/marekkuchcinski.pl\/#website","url":"https:\/\/marekkuchcinski.pl\/","name":"Marek Kuchci\u0144ski","description":"Pose\u0142 na sejm RP &ndash; okr\u0119g nr 22","publisher":{"@id":"https:\/\/marekkuchcinski.pl\/#organization"},"potentialAction":[{"@type":"SearchAction","target":{"@type":"EntryPoint","urlTemplate":"https:\/\/marekkuchcinski.pl\/?s={search_term_string}"},"query-input":{"@type":"PropertyValueSpecification","valueRequired":true,"valueName":"search_term_string"}}],"inLanguage":"sk-SK"},{"@type":"Organization","@id":"https:\/\/marekkuchcinski.pl\/#organization","name":"Marek Kuchci\u0144ski","url":"https:\/\/marekkuchcinski.pl\/","logo":{"@type":"ImageObject","inLanguage":"sk-SK","@id":"https:\/\/marekkuchcinski.pl\/#\/schema\/logo\/image\/","url":"https:\/\/marekkuchcinski.pl\/wp-content\/uploads\/2022\/09\/Marek.jpg","contentUrl":"https:\/\/marekkuchcinski.pl\/wp-content\/uploads\/2022\/09\/Marek.jpg","width":1600,"height":971,"caption":"Marek Kuchci\u0144ski"},"image":{"@id":"https:\/\/marekkuchcinski.pl\/#\/schema\/logo\/image\/"}},{"@type":"Person","@id":"https:\/\/marekkuchcinski.pl\/#\/schema\/person\/51d5d4ee3b5317b8e4dd2b48af359229","name":"Marta Olejnik","image":{"@type":"ImageObject","inLanguage":"sk-SK","@id":"https:\/\/marekkuchcinski.pl\/#\/schema\/person\/image\/","url":"https:\/\/secure.gravatar.com\/avatar\/e39914b2aa6a48959e24d475b5dc9793?s=96&d=mm&r=g","contentUrl":"https:\/\/secure.gravatar.com\/avatar\/e39914b2aa6a48959e24d475b5dc9793?s=96&d=mm&r=g","caption":"Marta Olejnik"},"url":"https:\/\/marekkuchcinski.pl\/sk\/author\/marta\/"}]}},"_links":{"self":[{"href":"https:\/\/marekkuchcinski.pl\/sk\/wp-json\/wp\/v2\/posts\/26355","targetHints":{"allow":["GET"]}}],"collection":[{"href":"https:\/\/marekkuchcinski.pl\/sk\/wp-json\/wp\/v2\/posts"}],"about":[{"href":"https:\/\/marekkuchcinski.pl\/sk\/wp-json\/wp\/v2\/types\/post"}],"author":[{"embeddable":true,"href":"https:\/\/marekkuchcinski.pl\/sk\/wp-json\/wp\/v2\/users\/21"}],"replies":[{"embeddable":true,"href":"https:\/\/marekkuchcinski.pl\/sk\/wp-json\/wp\/v2\/comments?post=26355"}],"version-history":[{"count":2,"href":"https:\/\/marekkuchcinski.pl\/sk\/wp-json\/wp\/v2\/posts\/26355\/revisions"}],"predecessor-version":[{"id":26366,"href":"https:\/\/marekkuchcinski.pl\/sk\/wp-json\/wp\/v2\/posts\/26355\/revisions\/26366"}],"wp:featuredmedia":[{"embeddable":true,"href":"https:\/\/marekkuchcinski.pl\/sk\/wp-json\/wp\/v2\/media\/26357"}],"wp:attachment":[{"href":"https:\/\/marekkuchcinski.pl\/sk\/wp-json\/wp\/v2\/media?parent=26355"}],"wp:term":[{"taxonomy":"category","embeddable":true,"href":"https:\/\/marekkuchcinski.pl\/sk\/wp-json\/wp\/v2\/categories?post=26355"},{"taxonomy":"post_tag","embeddable":true,"href":"https:\/\/marekkuchcinski.pl\/sk\/wp-json\/wp\/v2\/tags?post=26355"}],"curies":[{"name":"wp","href":"https:\/\/api.w.org\/{rel}","templated":true}]}}