{"id":26137,"date":"2022-09-08T20:54:38","date_gmt":"2022-09-08T18:54:38","guid":{"rendered":"https:\/\/marekkuchcinski.pl\/?p=26137"},"modified":"2022-09-14T13:23:54","modified_gmt":"2022-09-14T11:23:54","slug":"przeslanie-rady-programowej-klubow-europy-karpat-do-ludzi-nauki-kultury-polityki-i-innych-srodowisk-opiniotworczych-europy-srodkowej-6-wrzesnia-2022-karpacz","status":"publish","type":"post","link":"https:\/\/marekkuchcinski.pl\/sk\/bez-kategorii\/przeslanie-rady-programowej-klubow-europy-karpat-do-ludzi-nauki-kultury-polityki-i-innych-srodowisk-opiniotworczych-europy-srodkowej-6-wrzesnia-2022-karpacz\/","title":{"rendered":"Przes\u0142anie Rady Programowej Klub\u00f3w Europy Karpat do ludzi nauki, kultury, polityki i innych \u015brodowisk opiniotw\u00f3rczych Europy \u015arodkowej 8 wrze\u015bnia 2022, Karpacz"},"content":{"rendered":"<p class=\"wp-block-paragraph\"><\/p>\n\n\n\n<p class=\"wp-block-paragraph\"><\/p>\n\n\n\n<p class=\"has-medium-font-size wp-block-paragraph\">Zako\u0144czy\u0142a si\u0119 34. edycja mi\u0119dzynarodowej konferencji Europa Karpat, kt\u00f3r\u0105 podsumowali\u015bmy Przes\u0142aniem Rady Programowej Klub\u00f3w Europy Karpat do ludzi nauki, kultury, polityki i innych \u015brodowisk opiniotw\u00f3rczych Europy \u015arodkowej.<\/p>\n\n\n\n<figure class=\"wp-block-image size-large\"><a href=\"https:\/\/marekkuchcinski.pl\/wp-content\/uploads\/2022\/09\/11.jpg\"><img fetchpriority=\"high\" decoding=\"async\" width=\"1024\" height=\"724\" src=\"https:\/\/marekkuchcinski.pl\/wp-content\/uploads\/2022\/09\/11-1024x724.jpg\" alt=\"\" class=\"wp-image-26167\" srcset=\"https:\/\/marekkuchcinski.pl\/wp-content\/uploads\/2022\/09\/11-1024x724.jpg 1024w, https:\/\/marekkuchcinski.pl\/wp-content\/uploads\/2022\/09\/11-300x212.jpg 300w, https:\/\/marekkuchcinski.pl\/wp-content\/uploads\/2022\/09\/11-768x543.jpg 768w, https:\/\/marekkuchcinski.pl\/wp-content\/uploads\/2022\/09\/11-1536x1086.jpg 1536w, https:\/\/marekkuchcinski.pl\/wp-content\/uploads\/2022\/09\/11-18x12.jpg 18w, https:\/\/marekkuchcinski.pl\/wp-content\/uploads\/2022\/09\/11.jpg 1600w\" sizes=\"(max-width: 1024px) 100vw, 1024px\" \/><\/a><\/figure>\n\n\n\n<div class=\"wp-block-file aligncenter\"><a href=\"https:\/\/marekkuchcinski.pl\/wp-content\/uploads\/2022\/09\/PRZESLANIE-RADY-PROGRAMOWEJ-PL.pdf\">PRZESLANIE-RADY-PROGRAMOWEJ-PL<\/a><a href=\"https:\/\/marekkuchcinski.pl\/wp-content\/uploads\/2022\/09\/PRZESLANIE-RADY-PROGRAMOWEJ-PL.pdf\" class=\"wp-block-file__button\" download>Pobierz<\/a><\/div>\n\n\n\n<figure class=\"wp-block-image size-large\"><a href=\"https:\/\/marekkuchcinski.pl\/wp-content\/uploads\/2022\/09\/2-1.jpg\"><img decoding=\"async\" width=\"1024\" height=\"724\" src=\"https:\/\/marekkuchcinski.pl\/wp-content\/uploads\/2022\/09\/2-1-1024x724.jpg\" alt=\"\" class=\"wp-image-26168\" srcset=\"https:\/\/marekkuchcinski.pl\/wp-content\/uploads\/2022\/09\/2-1-1024x724.jpg 1024w, https:\/\/marekkuchcinski.pl\/wp-content\/uploads\/2022\/09\/2-1-300x212.jpg 300w, https:\/\/marekkuchcinski.pl\/wp-content\/uploads\/2022\/09\/2-1-768x543.jpg 768w, https:\/\/marekkuchcinski.pl\/wp-content\/uploads\/2022\/09\/2-1-1536x1087.jpg 1536w, https:\/\/marekkuchcinski.pl\/wp-content\/uploads\/2022\/09\/2-1-18x12.jpg 18w, https:\/\/marekkuchcinski.pl\/wp-content\/uploads\/2022\/09\/2-1.jpg 1600w\" sizes=\"(max-width: 1024px) 100vw, 1024px\" \/><\/a><\/figure>\n\n\n\n<div class=\"wp-block-file aligncenter\"><a href=\"https:\/\/marekkuchcinski.pl\/wp-content\/uploads\/2022\/09\/PRZESLANIE-RADY-PROGRAMOWEJ-EN.pdf\">PRZESLANIE-RADY-PROGRAMOWEJ-EN<\/a><a href=\"https:\/\/marekkuchcinski.pl\/wp-content\/uploads\/2022\/09\/PRZESLANIE-RADY-PROGRAMOWEJ-EN.pdf\" class=\"wp-block-file__button\" download>Pobierz<\/a><\/div>\n\n\n\n<p class=\"has-text-align-center wp-block-paragraph\"><strong>SYGNATARIUSZE<\/strong><\/p>\n\n\n\n<p class=\"has-text-align-center has-medium-font-size wp-block-paragraph\">Przes\u0142ania Rady Programowej Klub\u00f3w Europy Karpat<br>do ludzi nauki, kultury, polityki i innych \u015brodowisk opiniotw\u00f3rczych Europy \u015arodkowej<br>8 wrze\u015bnia 2022, Karpacz<\/p>\n\n\n\n<p class=\"has-text-align-center wp-block-paragraph\"> <strong>BIA\u0141ORU\u015a:<\/strong> <\/p>\n\n\n\n<p class=\"has-text-align-center wp-block-paragraph\">Aleksandr Milinkiewicz<\/p>\n\n\n\n<p class=\"wp-block-paragraph\"><\/p>\n\n\n\n<p class=\"has-text-align-center wp-block-paragraph\"><strong>BO\u015aNIA i HERCEGOWINA:<\/strong><br>Franjo Topi\u0107<\/p>\n\n\n\n<p class=\"has-text-align-center wp-block-paragraph\"><br><strong>CZECHY:<\/strong><br>Maty\u00e1\u0161 Zrno, Alexandr Vondra<\/p>\n\n\n\n<p class=\"has-text-align-center wp-block-paragraph\"><br><strong>LITWA:<\/strong><br>Emanuelis Zingeris<\/p>\n\n\n\n<p class=\"has-text-align-center wp-block-paragraph\"><br><strong>POLSKA:<\/strong><\/p>\n\n\n\n<p class=\"has-text-align-center wp-block-paragraph\">Marek Kuchci\u0144ski, Ryszard Terlecki, Zdzis\u0142aw Krasnod\u0119bski, Maciej Szymanowski, Krzysztof Szczerski, Jan Malicki, <br>Marek P\u0119k, Jerzy Kwieci\u0144ski,<br>Bronis\u0142aw Wildstein, Antoni Macierewicz, Piotr Naimski, W\u0142adys\u0142aw Teofil Bartoszewski,<br>Tomasz G. Grosse, Ma\u0142gorzata Jarosi\u0144ska-Jedynak, Barbara Bartu\u015b, Jan Draus, <br>W\u0142adys\u0142aw Ortyl, Piotr Pilch, Piotr Gli\u0144ski, <\/p>\n\n\n\n<p class=\"has-text-align-center wp-block-paragraph\"><br><strong>ROSJA:<\/strong><br>W\u0142adimir Ponomariew<\/p>\n\n\n\n<p class=\"has-text-align-center wp-block-paragraph\"><br><strong>S\u0141OWACJA:<\/strong><br>Pavol Ma\u010dala, J\u00e1n Hudack\u00fd, Martin Fronc, Marian \u0160uplata<\/p>\n\n\n\n<p class=\"has-text-align-center wp-block-paragraph\"><br><strong>UKRAINA:<\/strong><br><\/p>\n\n\n\n<p class=\"has-text-align-center wp-block-paragraph\">Oleksandr Merezhko, Mykhaylo Kharyi, Taras Stetskiv, Markijan Malskyy, <br>Kulyk Rus\u0142an, Myko\u0142a&nbsp;Kniazhytskyi<\/p>\n\n\n\n<p class=\"has-text-align-center wp-block-paragraph\"><br><strong>W\u0118GRY:<\/strong><br>Zsolt N\u00e9meth, D\u00e9nes Andr\u00e1s Nagy<\/p>","protected":false},"excerpt":{"rendered":"<p>Zako\u0144czy\u0142a si\u0119 34. edycja mi\u0119dzynarodowej konferencji Europa Karpat, kt\u00f3r\u0105 podsumowali\u015bmy Przes\u0142aniem Rady Programowej Klub\u00f3w Europy Karpat do ludzi nauki, kultury, polityki i innych \u015brodowisk opiniotw\u00f3rczych Europy \u015arodkowej. SYGNATARIUSZE Przes\u0142ania Rady Programowej Klub\u00f3w Europy Karpatdo ludzi nauki, kultury, polityki i innych \u015brodowisk opiniotw\u00f3rczych Europy \u015arodkowej8 wrze\u015bnia 2022, Karpacz BIA\u0141ORU\u015a: Aleksandr Milinkiewicz BO\u015aNIA i HERCEGOWINA:Franjo Topi\u0107 CZECHY:Maty\u00e1\u0161 [&hellip;]<\/p>\n","protected":false},"author":2,"featured_media":26140,"comment_status":"open","ping_status":"open","sticky":false,"template":"","format":"standard","meta":{"ngg_post_thumbnail":0,"footnotes":""},"categories":[1,78,3],"tags":[],"class_list":["post-26137","post","type-post","status-publish","format-standard","has-post-thumbnail","hentry","category-bez-kategorii","category-europa-karpat","category-wydarzenia"],"yoast_head":"<!-- This site is optimized with the Yoast SEO plugin v28.4 - https:\/\/yoast.com\/product\/yoast-seo-wordpress\/ -->\n<title>Przes\u0142anie Rady Programowej Klub\u00f3w Europy Karpat do ludzi nauki, kultury, polityki i innych \u015brodowisk opiniotw\u00f3rczych Europy \u015arodkowej 8 wrze\u015bnia 2022, Karpacz &#8211; Marek Kuchci\u0144ski<\/title>\n<meta name=\"robots\" content=\"index, follow, max-snippet:-1, max-image-preview:large, max-video-preview:-1\" \/>\n<link rel=\"canonical\" href=\"https:\/\/marekkuchcinski.pl\/sk\/bez-kategorii\/przeslanie-rady-programowej-klubow-europy-karpat-do-ludzi-nauki-kultury-polityki-i-innych-srodowisk-opiniotworczych-europy-srodkowej-6-wrzesnia-2022-karpacz\/\" \/>\n<meta property=\"og:locale\" content=\"sk_SK\" \/>\n<meta property=\"og:type\" content=\"article\" \/>\n<meta property=\"og:title\" content=\"Przes\u0142anie Rady Programowej Klub\u00f3w Europy Karpat do ludzi nauki, kultury, polityki i innych \u015brodowisk opiniotw\u00f3rczych Europy \u015arodkowej 8 wrze\u015bnia 2022, Karpacz &#8211; Marek Kuchci\u0144ski\" \/>\n<meta property=\"og:description\" content=\"Zako\u0144czy\u0142a si\u0119 34. edycja mi\u0119dzynarodowej konferencji Europa Karpat, kt\u00f3r\u0105 podsumowali\u015bmy Przes\u0142aniem Rady Programowej Klub\u00f3w Europy Karpat do ludzi nauki, kultury, polityki i innych \u015brodowisk opiniotw\u00f3rczych Europy \u015arodkowej. SYGNATARIUSZE Przes\u0142ania Rady Programowej Klub\u00f3w Europy Karpatdo ludzi nauki, kultury, polityki i innych \u015brodowisk opiniotw\u00f3rczych Europy \u015arodkowej8 wrze\u015bnia 2022, Karpacz BIA\u0141ORU\u015a: Aleksandr Milinkiewicz BO\u015aNIA i HERCEGOWINA:Franjo Topi\u0107 CZECHY:Maty\u00e1\u0161 [&hellip;]\" \/>\n<meta property=\"og:url\" content=\"https:\/\/marekkuchcinski.pl\/sk\/bez-kategorii\/przeslanie-rady-programowej-klubow-europy-karpat-do-ludzi-nauki-kultury-polityki-i-innych-srodowisk-opiniotworczych-europy-srodkowej-6-wrzesnia-2022-karpacz\/\" \/>\n<meta property=\"og:site_name\" content=\"Marek Kuchci\u0144ski\" \/>\n<meta property=\"article:published_time\" content=\"2022-09-08T18:54:38+00:00\" \/>\n<meta property=\"article:modified_time\" content=\"2022-09-14T11:23:54+00:00\" \/>\n<meta property=\"og:image\" content=\"https:\/\/marekkuchcinski.pl\/wp-content\/uploads\/2022\/09\/mz.jpg\" \/>\n\t<meta property=\"og:image:width\" content=\"1600\" \/>\n\t<meta property=\"og:image:height\" content=\"1047\" \/>\n\t<meta property=\"og:image:type\" content=\"image\/jpeg\" \/>\n<meta name=\"author\" content=\"Tomasz \u0141acina\" \/>\n<meta name=\"twitter:card\" content=\"summary_large_image\" \/>\n<meta name=\"twitter:label1\" content=\"Written by\" \/>\n\t<meta name=\"twitter:data1\" content=\"Tomasz \u0141acina\" \/>\n\t<meta name=\"twitter:label2\" content=\"Est. reading time\" \/>\n\t<meta name=\"twitter:data2\" content=\"2 minutes\" \/>\n<script type=\"application\/ld+json\" class=\"yoast-schema-graph\">{\"@context\":\"https:\\\/\\\/schema.org\",\"@graph\":[{\"@type\":\"Article\",\"@id\":\"https:\\\/\\\/marekkuchcinski.pl\\\/bez-kategorii\\\/przeslanie-rady-programowej-klubow-europy-karpat-do-ludzi-nauki-kultury-polityki-i-innych-srodowisk-opiniotworczych-europy-srodkowej-6-wrzesnia-2022-karpacz\\\/#article\",\"isPartOf\":{\"@id\":\"https:\\\/\\\/marekkuchcinski.pl\\\/bez-kategorii\\\/przeslanie-rady-programowej-klubow-europy-karpat-do-ludzi-nauki-kultury-polityki-i-innych-srodowisk-opiniotworczych-europy-srodkowej-6-wrzesnia-2022-karpacz\\\/\"},\"author\":{\"name\":\"Tomasz \u0141acina\",\"@id\":\"https:\\\/\\\/marekkuchcinski.pl\\\/#\\\/schema\\\/person\\\/aba1fe8aef473b9a6959c5931c34a69d\"},\"headline\":\"Przes\u0142anie Rady Programowej Klub\u00f3w Europy Karpat do ludzi nauki, kultury, polityki i innych \u015brodowisk opiniotw\u00f3rczych Europy \u015arodkowej 8 wrze\u015bnia 2022, Karpacz\",\"datePublished\":\"2022-09-08T18:54:38+00:00\",\"dateModified\":\"2022-09-14T11:23:54+00:00\",\"mainEntityOfPage\":{\"@id\":\"https:\\\/\\\/marekkuchcinski.pl\\\/bez-kategorii\\\/przeslanie-rady-programowej-klubow-europy-karpat-do-ludzi-nauki-kultury-polityki-i-innych-srodowisk-opiniotworczych-europy-srodkowej-6-wrzesnia-2022-karpacz\\\/\"},\"wordCount\":198,\"commentCount\":0,\"publisher\":{\"@id\":\"https:\\\/\\\/marekkuchcinski.pl\\\/#organization\"},\"image\":{\"@id\":\"https:\\\/\\\/marekkuchcinski.pl\\\/bez-kategorii\\\/przeslanie-rady-programowej-klubow-europy-karpat-do-ludzi-nauki-kultury-polityki-i-innych-srodowisk-opiniotworczych-europy-srodkowej-6-wrzesnia-2022-karpacz\\\/#primaryimage\"},\"thumbnailUrl\":\"https:\\\/\\\/marekkuchcinski.pl\\\/wp-content\\\/uploads\\\/2022\\\/09\\\/mz.jpg\",\"articleSection\":[\"Bez kategorii\",\"Europa Karpat\",\"Wydarzenia\"],\"inLanguage\":\"sk-SK\",\"potentialAction\":[{\"@type\":\"CommentAction\",\"name\":\"Comment\",\"target\":[\"https:\\\/\\\/marekkuchcinski.pl\\\/bez-kategorii\\\/przeslanie-rady-programowej-klubow-europy-karpat-do-ludzi-nauki-kultury-polityki-i-innych-srodowisk-opiniotworczych-europy-srodkowej-6-wrzesnia-2022-karpacz\\\/#respond\"]}]},{\"@type\":\"WebPage\",\"@id\":\"https:\\\/\\\/marekkuchcinski.pl\\\/bez-kategorii\\\/przeslanie-rady-programowej-klubow-europy-karpat-do-ludzi-nauki-kultury-polityki-i-innych-srodowisk-opiniotworczych-europy-srodkowej-6-wrzesnia-2022-karpacz\\\/\",\"url\":\"https:\\\/\\\/marekkuchcinski.pl\\\/bez-kategorii\\\/przeslanie-rady-programowej-klubow-europy-karpat-do-ludzi-nauki-kultury-polityki-i-innych-srodowisk-opiniotworczych-europy-srodkowej-6-wrzesnia-2022-karpacz\\\/\",\"name\":\"Przes\u0142anie Rady Programowej Klub\u00f3w Europy Karpat do ludzi nauki, kultury, polityki i innych \u015brodowisk opiniotw\u00f3rczych Europy \u015arodkowej 8 wrze\u015bnia 2022, Karpacz &#8211; Marek Kuchci\u0144ski\",\"isPartOf\":{\"@id\":\"https:\\\/\\\/marekkuchcinski.pl\\\/#website\"},\"primaryImageOfPage\":{\"@id\":\"https:\\\/\\\/marekkuchcinski.pl\\\/bez-kategorii\\\/przeslanie-rady-programowej-klubow-europy-karpat-do-ludzi-nauki-kultury-polityki-i-innych-srodowisk-opiniotworczych-europy-srodkowej-6-wrzesnia-2022-karpacz\\\/#primaryimage\"},\"image\":{\"@id\":\"https:\\\/\\\/marekkuchcinski.pl\\\/bez-kategorii\\\/przeslanie-rady-programowej-klubow-europy-karpat-do-ludzi-nauki-kultury-polityki-i-innych-srodowisk-opiniotworczych-europy-srodkowej-6-wrzesnia-2022-karpacz\\\/#primaryimage\"},\"thumbnailUrl\":\"https:\\\/\\\/marekkuchcinski.pl\\\/wp-content\\\/uploads\\\/2022\\\/09\\\/mz.jpg\",\"datePublished\":\"2022-09-08T18:54:38+00:00\",\"dateModified\":\"2022-09-14T11:23:54+00:00\",\"breadcrumb\":{\"@id\":\"https:\\\/\\\/marekkuchcinski.pl\\\/bez-kategorii\\\/przeslanie-rady-programowej-klubow-europy-karpat-do-ludzi-nauki-kultury-polityki-i-innych-srodowisk-opiniotworczych-europy-srodkowej-6-wrzesnia-2022-karpacz\\\/#breadcrumb\"},\"inLanguage\":\"sk-SK\",\"potentialAction\":[{\"@type\":\"ReadAction\",\"target\":[\"https:\\\/\\\/marekkuchcinski.pl\\\/bez-kategorii\\\/przeslanie-rady-programowej-klubow-europy-karpat-do-ludzi-nauki-kultury-polityki-i-innych-srodowisk-opiniotworczych-europy-srodkowej-6-wrzesnia-2022-karpacz\\\/\"]}]},{\"@type\":\"ImageObject\",\"inLanguage\":\"sk-SK\",\"@id\":\"https:\\\/\\\/marekkuchcinski.pl\\\/bez-kategorii\\\/przeslanie-rady-programowej-klubow-europy-karpat-do-ludzi-nauki-kultury-polityki-i-innych-srodowisk-opiniotworczych-europy-srodkowej-6-wrzesnia-2022-karpacz\\\/#primaryimage\",\"url\":\"https:\\\/\\\/marekkuchcinski.pl\\\/wp-content\\\/uploads\\\/2022\\\/09\\\/mz.jpg\",\"contentUrl\":\"https:\\\/\\\/marekkuchcinski.pl\\\/wp-content\\\/uploads\\\/2022\\\/09\\\/mz.jpg\",\"width\":1600,\"height\":1047},{\"@type\":\"BreadcrumbList\",\"@id\":\"https:\\\/\\\/marekkuchcinski.pl\\\/bez-kategorii\\\/przeslanie-rady-programowej-klubow-europy-karpat-do-ludzi-nauki-kultury-polityki-i-innych-srodowisk-opiniotworczych-europy-srodkowej-6-wrzesnia-2022-karpacz\\\/#breadcrumb\",\"itemListElement\":[{\"@type\":\"ListItem\",\"position\":1,\"name\":\"Strona g\u0142\u00f3wna\",\"item\":\"https:\\\/\\\/marekkuchcinski.pl\\\/\"},{\"@type\":\"ListItem\",\"position\":2,\"name\":\"Przes\u0142anie Rady Programowej Klub\u00f3w Europy Karpat do ludzi nauki, kultury, polityki i innych \u015brodowisk opiniotw\u00f3rczych Europy \u015arodkowej 8 wrze\u015bnia 2022, Karpacz\"}]},{\"@type\":\"WebSite\",\"@id\":\"https:\\\/\\\/marekkuchcinski.pl\\\/#website\",\"url\":\"https:\\\/\\\/marekkuchcinski.pl\\\/\",\"name\":\"Marek Kuchci\u0144ski\",\"description\":\"Marek Kuchci\u0144ski \",\"publisher\":{\"@id\":\"https:\\\/\\\/marekkuchcinski.pl\\\/#organization\"},\"potentialAction\":[{\"@type\":\"SearchAction\",\"target\":{\"@type\":\"EntryPoint\",\"urlTemplate\":\"https:\\\/\\\/marekkuchcinski.pl\\\/?s={search_term_string}\"},\"query-input\":{\"@type\":\"PropertyValueSpecification\",\"valueRequired\":true,\"valueName\":\"search_term_string\"}}],\"inLanguage\":\"sk-SK\"},{\"@type\":\"Organization\",\"@id\":\"https:\\\/\\\/marekkuchcinski.pl\\\/#organization\",\"name\":\"Marek Kuchci\u0144ski\",\"url\":\"https:\\\/\\\/marekkuchcinski.pl\\\/\",\"logo\":{\"@type\":\"ImageObject\",\"inLanguage\":\"sk-SK\",\"@id\":\"https:\\\/\\\/marekkuchcinski.pl\\\/#\\\/schema\\\/logo\\\/image\\\/\",\"url\":\"https:\\\/\\\/marekkuchcinski.pl\\\/wp-content\\\/uploads\\\/2022\\\/09\\\/Marek.jpg\",\"contentUrl\":\"https:\\\/\\\/marekkuchcinski.pl\\\/wp-content\\\/uploads\\\/2022\\\/09\\\/Marek.jpg\",\"width\":1600,\"height\":971,\"caption\":\"Marek Kuchci\u0144ski\"},\"image\":{\"@id\":\"https:\\\/\\\/marekkuchcinski.pl\\\/#\\\/schema\\\/logo\\\/image\\\/\"}},{\"@type\":\"Person\",\"@id\":\"https:\\\/\\\/marekkuchcinski.pl\\\/#\\\/schema\\\/person\\\/aba1fe8aef473b9a6959c5931c34a69d\",\"name\":\"Tomasz \u0141acina\",\"image\":{\"@type\":\"ImageObject\",\"inLanguage\":\"sk-SK\",\"@id\":\"https:\\\/\\\/secure.gravatar.com\\\/avatar\\\/fd39e6ddb0386ca8ff9cf0a0732afdeb33a6c2f19978b6d60dfd33e5c2258908?s=96&d=mm&r=g\",\"url\":\"https:\\\/\\\/secure.gravatar.com\\\/avatar\\\/fd39e6ddb0386ca8ff9cf0a0732afdeb33a6c2f19978b6d60dfd33e5c2258908?s=96&d=mm&r=g\",\"contentUrl\":\"https:\\\/\\\/secure.gravatar.com\\\/avatar\\\/fd39e6ddb0386ca8ff9cf0a0732afdeb33a6c2f19978b6d60dfd33e5c2258908?s=96&d=mm&r=g\",\"caption\":\"Tomasz \u0141acina\"},\"url\":\"https:\\\/\\\/marekkuchcinski.pl\\\/sk\\\/author\\\/tomek-lacina\\\/\"}]}<\/script>\n<!-- \/ Yoast SEO plugin. -->","yoast_head_json":{"title":"Przes\u0142anie Rady Programowej Klub\u00f3w Europy Karpat do ludzi nauki, kultury, polityki i innych \u015brodowisk opiniotw\u00f3rczych Europy \u015arodkowej 8 wrze\u015bnia 2022, Karpacz &#8211; Marek Kuchci\u0144ski","robots":{"index":"index","follow":"follow","max-snippet":"max-snippet:-1","max-image-preview":"max-image-preview:large","max-video-preview":"max-video-preview:-1"},"canonical":"https:\/\/marekkuchcinski.pl\/sk\/bez-kategorii\/przeslanie-rady-programowej-klubow-europy-karpat-do-ludzi-nauki-kultury-polityki-i-innych-srodowisk-opiniotworczych-europy-srodkowej-6-wrzesnia-2022-karpacz\/","og_locale":"sk_SK","og_type":"article","og_title":"Przes\u0142anie Rady Programowej Klub\u00f3w Europy Karpat do ludzi nauki, kultury, polityki i innych \u015brodowisk opiniotw\u00f3rczych Europy \u015arodkowej 8 wrze\u015bnia 2022, Karpacz &#8211; Marek Kuchci\u0144ski","og_description":"Zako\u0144czy\u0142a si\u0119 34. edycja mi\u0119dzynarodowej konferencji Europa Karpat, kt\u00f3r\u0105 podsumowali\u015bmy Przes\u0142aniem Rady Programowej Klub\u00f3w Europy Karpat do ludzi nauki, kultury, polityki i innych \u015brodowisk opiniotw\u00f3rczych Europy \u015arodkowej. SYGNATARIUSZE Przes\u0142ania Rady Programowej Klub\u00f3w Europy Karpatdo ludzi nauki, kultury, polityki i innych \u015brodowisk opiniotw\u00f3rczych Europy \u015arodkowej8 wrze\u015bnia 2022, Karpacz BIA\u0141ORU\u015a: Aleksandr Milinkiewicz BO\u015aNIA i HERCEGOWINA:Franjo Topi\u0107 CZECHY:Maty\u00e1\u0161 [&hellip;]","og_url":"https:\/\/marekkuchcinski.pl\/sk\/bez-kategorii\/przeslanie-rady-programowej-klubow-europy-karpat-do-ludzi-nauki-kultury-polityki-i-innych-srodowisk-opiniotworczych-europy-srodkowej-6-wrzesnia-2022-karpacz\/","og_site_name":"Marek Kuchci\u0144ski","article_published_time":"2022-09-08T18:54:38+00:00","article_modified_time":"2022-09-14T11:23:54+00:00","og_image":[{"width":1600,"height":1047,"url":"https:\/\/marekkuchcinski.pl\/wp-content\/uploads\/2022\/09\/mz.jpg","type":"image\/jpeg"}],"author":"Tomasz \u0141acina","twitter_card":"summary_large_image","twitter_misc":{"Written by":"Tomasz \u0141acina","Est. reading time":"2 minutes"},"schema":{"@context":"https:\/\/schema.org","@graph":[{"@type":"Article","@id":"https:\/\/marekkuchcinski.pl\/bez-kategorii\/przeslanie-rady-programowej-klubow-europy-karpat-do-ludzi-nauki-kultury-polityki-i-innych-srodowisk-opiniotworczych-europy-srodkowej-6-wrzesnia-2022-karpacz\/#article","isPartOf":{"@id":"https:\/\/marekkuchcinski.pl\/bez-kategorii\/przeslanie-rady-programowej-klubow-europy-karpat-do-ludzi-nauki-kultury-polityki-i-innych-srodowisk-opiniotworczych-europy-srodkowej-6-wrzesnia-2022-karpacz\/"},"author":{"name":"Tomasz \u0141acina","@id":"https:\/\/marekkuchcinski.pl\/#\/schema\/person\/aba1fe8aef473b9a6959c5931c34a69d"},"headline":"Przes\u0142anie Rady Programowej Klub\u00f3w Europy Karpat do ludzi nauki, kultury, polityki i innych \u015brodowisk opiniotw\u00f3rczych Europy \u015arodkowej 8 wrze\u015bnia 2022, Karpacz","datePublished":"2022-09-08T18:54:38+00:00","dateModified":"2022-09-14T11:23:54+00:00","mainEntityOfPage":{"@id":"https:\/\/marekkuchcinski.pl\/bez-kategorii\/przeslanie-rady-programowej-klubow-europy-karpat-do-ludzi-nauki-kultury-polityki-i-innych-srodowisk-opiniotworczych-europy-srodkowej-6-wrzesnia-2022-karpacz\/"},"wordCount":198,"commentCount":0,"publisher":{"@id":"https:\/\/marekkuchcinski.pl\/#organization"},"image":{"@id":"https:\/\/marekkuchcinski.pl\/bez-kategorii\/przeslanie-rady-programowej-klubow-europy-karpat-do-ludzi-nauki-kultury-polityki-i-innych-srodowisk-opiniotworczych-europy-srodkowej-6-wrzesnia-2022-karpacz\/#primaryimage"},"thumbnailUrl":"https:\/\/marekkuchcinski.pl\/wp-content\/uploads\/2022\/09\/mz.jpg","articleSection":["Bez kategorii","Europa Karpat","Wydarzenia"],"inLanguage":"sk-SK","potentialAction":[{"@type":"CommentAction","name":"Comment","target":["https:\/\/marekkuchcinski.pl\/bez-kategorii\/przeslanie-rady-programowej-klubow-europy-karpat-do-ludzi-nauki-kultury-polityki-i-innych-srodowisk-opiniotworczych-europy-srodkowej-6-wrzesnia-2022-karpacz\/#respond"]}]},{"@type":"WebPage","@id":"https:\/\/marekkuchcinski.pl\/bez-kategorii\/przeslanie-rady-programowej-klubow-europy-karpat-do-ludzi-nauki-kultury-polityki-i-innych-srodowisk-opiniotworczych-europy-srodkowej-6-wrzesnia-2022-karpacz\/","url":"https:\/\/marekkuchcinski.pl\/bez-kategorii\/przeslanie-rady-programowej-klubow-europy-karpat-do-ludzi-nauki-kultury-polityki-i-innych-srodowisk-opiniotworczych-europy-srodkowej-6-wrzesnia-2022-karpacz\/","name":"Przes\u0142anie Rady Programowej Klub\u00f3w Europy Karpat do ludzi nauki, kultury, polityki i innych \u015brodowisk opiniotw\u00f3rczych Europy \u015arodkowej 8 wrze\u015bnia 2022, Karpacz &#8211; Marek Kuchci\u0144ski","isPartOf":{"@id":"https:\/\/marekkuchcinski.pl\/#website"},"primaryImageOfPage":{"@id":"https:\/\/marekkuchcinski.pl\/bez-kategorii\/przeslanie-rady-programowej-klubow-europy-karpat-do-ludzi-nauki-kultury-polityki-i-innych-srodowisk-opiniotworczych-europy-srodkowej-6-wrzesnia-2022-karpacz\/#primaryimage"},"image":{"@id":"https:\/\/marekkuchcinski.pl\/bez-kategorii\/przeslanie-rady-programowej-klubow-europy-karpat-do-ludzi-nauki-kultury-polityki-i-innych-srodowisk-opiniotworczych-europy-srodkowej-6-wrzesnia-2022-karpacz\/#primaryimage"},"thumbnailUrl":"https:\/\/marekkuchcinski.pl\/wp-content\/uploads\/2022\/09\/mz.jpg","datePublished":"2022-09-08T18:54:38+00:00","dateModified":"2022-09-14T11:23:54+00:00","breadcrumb":{"@id":"https:\/\/marekkuchcinski.pl\/bez-kategorii\/przeslanie-rady-programowej-klubow-europy-karpat-do-ludzi-nauki-kultury-polityki-i-innych-srodowisk-opiniotworczych-europy-srodkowej-6-wrzesnia-2022-karpacz\/#breadcrumb"},"inLanguage":"sk-SK","potentialAction":[{"@type":"ReadAction","target":["https:\/\/marekkuchcinski.pl\/bez-kategorii\/przeslanie-rady-programowej-klubow-europy-karpat-do-ludzi-nauki-kultury-polityki-i-innych-srodowisk-opiniotworczych-europy-srodkowej-6-wrzesnia-2022-karpacz\/"]}]},{"@type":"ImageObject","inLanguage":"sk-SK","@id":"https:\/\/marekkuchcinski.pl\/bez-kategorii\/przeslanie-rady-programowej-klubow-europy-karpat-do-ludzi-nauki-kultury-polityki-i-innych-srodowisk-opiniotworczych-europy-srodkowej-6-wrzesnia-2022-karpacz\/#primaryimage","url":"https:\/\/marekkuchcinski.pl\/wp-content\/uploads\/2022\/09\/mz.jpg","contentUrl":"https:\/\/marekkuchcinski.pl\/wp-content\/uploads\/2022\/09\/mz.jpg","width":1600,"height":1047},{"@type":"BreadcrumbList","@id":"https:\/\/marekkuchcinski.pl\/bez-kategorii\/przeslanie-rady-programowej-klubow-europy-karpat-do-ludzi-nauki-kultury-polityki-i-innych-srodowisk-opiniotworczych-europy-srodkowej-6-wrzesnia-2022-karpacz\/#breadcrumb","itemListElement":[{"@type":"ListItem","position":1,"name":"Strona g\u0142\u00f3wna","item":"https:\/\/marekkuchcinski.pl\/"},{"@type":"ListItem","position":2,"name":"Przes\u0142anie Rady Programowej Klub\u00f3w Europy Karpat do ludzi nauki, kultury, polityki i innych \u015brodowisk opiniotw\u00f3rczych Europy \u015arodkowej 8 wrze\u015bnia 2022, Karpacz"}]},{"@type":"WebSite","@id":"https:\/\/marekkuchcinski.pl\/#website","url":"https:\/\/marekkuchcinski.pl\/","name":"Marek Kuchci\u0144ski","description":"Marek Kuchci\u0144ski","publisher":{"@id":"https:\/\/marekkuchcinski.pl\/#organization"},"potentialAction":[{"@type":"SearchAction","target":{"@type":"EntryPoint","urlTemplate":"https:\/\/marekkuchcinski.pl\/?s={search_term_string}"},"query-input":{"@type":"PropertyValueSpecification","valueRequired":true,"valueName":"search_term_string"}}],"inLanguage":"sk-SK"},{"@type":"Organization","@id":"https:\/\/marekkuchcinski.pl\/#organization","name":"Marek Kuchci\u0144ski","url":"https:\/\/marekkuchcinski.pl\/","logo":{"@type":"ImageObject","inLanguage":"sk-SK","@id":"https:\/\/marekkuchcinski.pl\/#\/schema\/logo\/image\/","url":"https:\/\/marekkuchcinski.pl\/wp-content\/uploads\/2022\/09\/Marek.jpg","contentUrl":"https:\/\/marekkuchcinski.pl\/wp-content\/uploads\/2022\/09\/Marek.jpg","width":1600,"height":971,"caption":"Marek Kuchci\u0144ski"},"image":{"@id":"https:\/\/marekkuchcinski.pl\/#\/schema\/logo\/image\/"}},{"@type":"Person","@id":"https:\/\/marekkuchcinski.pl\/#\/schema\/person\/aba1fe8aef473b9a6959c5931c34a69d","name":"Tomasz \u0141acina","image":{"@type":"ImageObject","inLanguage":"sk-SK","@id":"https:\/\/secure.gravatar.com\/avatar\/fd39e6ddb0386ca8ff9cf0a0732afdeb33a6c2f19978b6d60dfd33e5c2258908?s=96&d=mm&r=g","url":"https:\/\/secure.gravatar.com\/avatar\/fd39e6ddb0386ca8ff9cf0a0732afdeb33a6c2f19978b6d60dfd33e5c2258908?s=96&d=mm&r=g","contentUrl":"https:\/\/secure.gravatar.com\/avatar\/fd39e6ddb0386ca8ff9cf0a0732afdeb33a6c2f19978b6d60dfd33e5c2258908?s=96&d=mm&r=g","caption":"Tomasz \u0141acina"},"url":"https:\/\/marekkuchcinski.pl\/sk\/author\/tomek-lacina\/"}]}},"_links":{"self":[{"href":"https:\/\/marekkuchcinski.pl\/sk\/wp-json\/wp\/v2\/posts\/26137","targetHints":{"allow":["GET"]}}],"collection":[{"href":"https:\/\/marekkuchcinski.pl\/sk\/wp-json\/wp\/v2\/posts"}],"about":[{"href":"https:\/\/marekkuchcinski.pl\/sk\/wp-json\/wp\/v2\/types\/post"}],"author":[{"embeddable":true,"href":"https:\/\/marekkuchcinski.pl\/sk\/wp-json\/wp\/v2\/users\/2"}],"replies":[{"embeddable":true,"href":"https:\/\/marekkuchcinski.pl\/sk\/wp-json\/wp\/v2\/comments?post=26137"}],"version-history":[{"count":24,"href":"https:\/\/marekkuchcinski.pl\/sk\/wp-json\/wp\/v2\/posts\/26137\/revisions"}],"predecessor-version":[{"id":26406,"href":"https:\/\/marekkuchcinski.pl\/sk\/wp-json\/wp\/v2\/posts\/26137\/revisions\/26406"}],"wp:featuredmedia":[{"embeddable":true,"href":"https:\/\/marekkuchcinski.pl\/sk\/wp-json\/wp\/v2\/media\/26140"}],"wp:attachment":[{"href":"https:\/\/marekkuchcinski.pl\/sk\/wp-json\/wp\/v2\/media?parent=26137"}],"wp:term":[{"taxonomy":"category","embeddable":true,"href":"https:\/\/marekkuchcinski.pl\/sk\/wp-json\/wp\/v2\/categories?post=26137"},{"taxonomy":"post_tag","embeddable":true,"href":"https:\/\/marekkuchcinski.pl\/sk\/wp-json\/wp\/v2\/tags?post=26137"}],"curies":[{"name":"wp","href":"https:\/\/api.w.org\/{rel}","templated":true}]}}