{"id":26062,"date":"2022-09-02T15:26:55","date_gmt":"2022-09-02T13:26:55","guid":{"rendered":"https:\/\/marekkuchcinski.pl\/?p=26062"},"modified":"2022-09-02T15:26:57","modified_gmt":"2022-09-02T13:26:57","slug":"forum-ekonomiczne-karpacz-tozsamosc-europy-srodkowej-atrybuty-i-symbole","status":"publish","type":"post","link":"https:\/\/marekkuchcinski.pl\/sk\/media\/forum-ekonomiczne-karpacz-tozsamosc-europy-srodkowej-atrybuty-i-symbole\/","title":{"rendered":"Forum Ekonomiczne Karpacz. &#8222;To\u017csamo\u015b\u0107 Europy \u015arodkowej. Atrybuty i symbole&#8221;"},"content":{"rendered":"<figure class=\"wp-block-embed\"><div class=\"wp-block-embed__wrapper\">\nhttps:\/\/www.polsatnews.pl\/wiadomosc\/2022-09-01\/forum-ekonomiczne-karpacz-tozsamosc-europy-srodkowej-atrybuty-i-symbole\/\n<\/div><\/figure>\n\n\n\n<p class=\"wp-block-paragraph\"><a href=\"https:\/\/www.polsatnews.pl\/wiadomosc\/2022-09-01\/forum-ekonomiczne-karpacz-tozsamosc-europy-srodkowej-atrybuty-i-symbole\/\">Forum Ekonomiczne Karpacz. &#8222;To\u017csamo\u015b\u0107 Europy \u015arodkowej. Atrybuty i symbole&#8221; &#8211; Polsat News<\/a><\/p>","protected":false},"excerpt":{"rendered":"<p>Forum Ekonomiczne Karpacz. &#8222;To\u017csamo\u015b\u0107 Europy \u015arodkowej. Atrybuty i symbole&#8221; &#8211; Polsat News<\/p>","protected":false},"author":3,"featured_media":0,"comment_status":"open","ping_status":"open","sticky":false,"template":"","format":"standard","meta":{"ngg_post_thumbnail":0,"footnotes":""},"categories":[197],"tags":[],"class_list":["post-26062","post","type-post","status-publish","format-standard","hentry","category-media"],"yoast_head":"<!-- This site is optimized with the Yoast SEO plugin v28.4 - https:\/\/yoast.com\/product\/yoast-seo-wordpress\/ -->\n<title>Forum Ekonomiczne Karpacz. &quot;To\u017csamo\u015b\u0107 Europy \u015arodkowej. Atrybuty i symbole&quot; &#8211; Marek Kuchci\u0144ski<\/title>\n<meta name=\"robots\" content=\"index, follow, max-snippet:-1, max-image-preview:large, max-video-preview:-1\" \/>\n<link rel=\"canonical\" href=\"https:\/\/marekkuchcinski.pl\/sk\/media\/forum-ekonomiczne-karpacz-tozsamosc-europy-srodkowej-atrybuty-i-symbole\/\" \/>\n<meta property=\"og:locale\" content=\"sk_SK\" \/>\n<meta property=\"og:type\" content=\"article\" \/>\n<meta property=\"og:title\" content=\"Forum Ekonomiczne Karpacz. &quot;To\u017csamo\u015b\u0107 Europy \u015arodkowej. Atrybuty i symbole&quot; &#8211; Marek Kuchci\u0144ski\" \/>\n<meta property=\"og:description\" content=\"Forum Ekonomiczne Karpacz. &#8222;To\u017csamo\u015b\u0107 Europy \u015arodkowej. Atrybuty i symbole&#8221; &#8211; Polsat News\" \/>\n<meta property=\"og:url\" content=\"https:\/\/marekkuchcinski.pl\/sk\/media\/forum-ekonomiczne-karpacz-tozsamosc-europy-srodkowej-atrybuty-i-symbole\/\" \/>\n<meta property=\"og:site_name\" content=\"Marek Kuchci\u0144ski\" \/>\n<meta property=\"article:published_time\" content=\"2022-09-02T13:26:55+00:00\" \/>\n<meta property=\"article:modified_time\" content=\"2022-09-02T13:26:57+00:00\" \/>\n<meta property=\"og:image\" content=\"https:\/\/marekkuchcinski.pl\/wp-content\/uploads\/2022\/09\/Marek.jpg\" \/>\n\t<meta property=\"og:image:width\" content=\"1600\" \/>\n\t<meta property=\"og:image:height\" content=\"971\" \/>\n\t<meta property=\"og:image:type\" content=\"image\/jpeg\" \/>\n<meta name=\"author\" content=\"Marta Olejnik\" \/>\n<meta name=\"twitter:card\" content=\"summary_large_image\" \/>\n<meta name=\"twitter:label1\" content=\"Written by\" \/>\n\t<meta name=\"twitter:data1\" content=\"Marta Olejnik\" \/>\n\t<meta name=\"twitter:label2\" content=\"Est. reading time\" \/>\n\t<meta name=\"twitter:data2\" content=\"1 minute\" \/>\n<script type=\"application\/ld+json\" class=\"yoast-schema-graph\">{\"@context\":\"https:\\\/\\\/schema.org\",\"@graph\":[{\"@type\":\"Article\",\"@id\":\"https:\\\/\\\/marekkuchcinski.pl\\\/media\\\/forum-ekonomiczne-karpacz-tozsamosc-europy-srodkowej-atrybuty-i-symbole\\\/#article\",\"isPartOf\":{\"@id\":\"https:\\\/\\\/marekkuchcinski.pl\\\/media\\\/forum-ekonomiczne-karpacz-tozsamosc-europy-srodkowej-atrybuty-i-symbole\\\/\"},\"author\":{\"name\":\"Marta Olejnik\",\"@id\":\"https:\\\/\\\/marekkuchcinski.pl\\\/#\\\/schema\\\/person\\\/bd3f15dee67fee76e83c8350d0154101\"},\"headline\":\"Forum Ekonomiczne Karpacz. &#8222;To\u017csamo\u015b\u0107 Europy \u015arodkowej. Atrybuty i symbole&#8221;\",\"datePublished\":\"2022-09-02T13:26:55+00:00\",\"dateModified\":\"2022-09-02T13:26:57+00:00\",\"mainEntityOfPage\":{\"@id\":\"https:\\\/\\\/marekkuchcinski.pl\\\/media\\\/forum-ekonomiczne-karpacz-tozsamosc-europy-srodkowej-atrybuty-i-symbole\\\/\"},\"wordCount\":31,\"commentCount\":0,\"publisher\":{\"@id\":\"https:\\\/\\\/marekkuchcinski.pl\\\/#organization\"},\"articleSection\":[\"media\"],\"inLanguage\":\"sk-SK\",\"potentialAction\":[{\"@type\":\"CommentAction\",\"name\":\"Comment\",\"target\":[\"https:\\\/\\\/marekkuchcinski.pl\\\/media\\\/forum-ekonomiczne-karpacz-tozsamosc-europy-srodkowej-atrybuty-i-symbole\\\/#respond\"]}]},{\"@type\":\"WebPage\",\"@id\":\"https:\\\/\\\/marekkuchcinski.pl\\\/media\\\/forum-ekonomiczne-karpacz-tozsamosc-europy-srodkowej-atrybuty-i-symbole\\\/\",\"url\":\"https:\\\/\\\/marekkuchcinski.pl\\\/media\\\/forum-ekonomiczne-karpacz-tozsamosc-europy-srodkowej-atrybuty-i-symbole\\\/\",\"name\":\"Forum Ekonomiczne Karpacz. \\\"To\u017csamo\u015b\u0107 Europy \u015arodkowej. Atrybuty i symbole\\\" &#8211; Marek Kuchci\u0144ski\",\"isPartOf\":{\"@id\":\"https:\\\/\\\/marekkuchcinski.pl\\\/#website\"},\"datePublished\":\"2022-09-02T13:26:55+00:00\",\"dateModified\":\"2022-09-02T13:26:57+00:00\",\"breadcrumb\":{\"@id\":\"https:\\\/\\\/marekkuchcinski.pl\\\/media\\\/forum-ekonomiczne-karpacz-tozsamosc-europy-srodkowej-atrybuty-i-symbole\\\/#breadcrumb\"},\"inLanguage\":\"sk-SK\",\"potentialAction\":[{\"@type\":\"ReadAction\",\"target\":[\"https:\\\/\\\/marekkuchcinski.pl\\\/media\\\/forum-ekonomiczne-karpacz-tozsamosc-europy-srodkowej-atrybuty-i-symbole\\\/\"]}]},{\"@type\":\"BreadcrumbList\",\"@id\":\"https:\\\/\\\/marekkuchcinski.pl\\\/media\\\/forum-ekonomiczne-karpacz-tozsamosc-europy-srodkowej-atrybuty-i-symbole\\\/#breadcrumb\",\"itemListElement\":[{\"@type\":\"ListItem\",\"position\":1,\"name\":\"Strona g\u0142\u00f3wna\",\"item\":\"https:\\\/\\\/marekkuchcinski.pl\\\/\"},{\"@type\":\"ListItem\",\"position\":2,\"name\":\"Forum Ekonomiczne Karpacz. &#8222;To\u017csamo\u015b\u0107 Europy \u015arodkowej. Atrybuty i symbole&#8221;\"}]},{\"@type\":\"WebSite\",\"@id\":\"https:\\\/\\\/marekkuchcinski.pl\\\/#website\",\"url\":\"https:\\\/\\\/marekkuchcinski.pl\\\/\",\"name\":\"Marek Kuchci\u0144ski\",\"description\":\"Marek Kuchci\u0144ski \",\"publisher\":{\"@id\":\"https:\\\/\\\/marekkuchcinski.pl\\\/#organization\"},\"potentialAction\":[{\"@type\":\"SearchAction\",\"target\":{\"@type\":\"EntryPoint\",\"urlTemplate\":\"https:\\\/\\\/marekkuchcinski.pl\\\/?s={search_term_string}\"},\"query-input\":{\"@type\":\"PropertyValueSpecification\",\"valueRequired\":true,\"valueName\":\"search_term_string\"}}],\"inLanguage\":\"sk-SK\"},{\"@type\":\"Organization\",\"@id\":\"https:\\\/\\\/marekkuchcinski.pl\\\/#organization\",\"name\":\"Marek Kuchci\u0144ski\",\"url\":\"https:\\\/\\\/marekkuchcinski.pl\\\/\",\"logo\":{\"@type\":\"ImageObject\",\"inLanguage\":\"sk-SK\",\"@id\":\"https:\\\/\\\/marekkuchcinski.pl\\\/#\\\/schema\\\/logo\\\/image\\\/\",\"url\":\"https:\\\/\\\/marekkuchcinski.pl\\\/wp-content\\\/uploads\\\/2022\\\/09\\\/Marek.jpg\",\"contentUrl\":\"https:\\\/\\\/marekkuchcinski.pl\\\/wp-content\\\/uploads\\\/2022\\\/09\\\/Marek.jpg\",\"width\":1600,\"height\":971,\"caption\":\"Marek Kuchci\u0144ski\"},\"image\":{\"@id\":\"https:\\\/\\\/marekkuchcinski.pl\\\/#\\\/schema\\\/logo\\\/image\\\/\"}},{\"@type\":\"Person\",\"@id\":\"https:\\\/\\\/marekkuchcinski.pl\\\/#\\\/schema\\\/person\\\/bd3f15dee67fee76e83c8350d0154101\",\"name\":\"Marta Olejnik\",\"image\":{\"@type\":\"ImageObject\",\"inLanguage\":\"sk-SK\",\"@id\":\"https:\\\/\\\/secure.gravatar.com\\\/avatar\\\/24754edd6080383402e292374b406b553027d572e97d60e7aa89a6940e88659a?s=96&d=mm&r=g\",\"url\":\"https:\\\/\\\/secure.gravatar.com\\\/avatar\\\/24754edd6080383402e292374b406b553027d572e97d60e7aa89a6940e88659a?s=96&d=mm&r=g\",\"contentUrl\":\"https:\\\/\\\/secure.gravatar.com\\\/avatar\\\/24754edd6080383402e292374b406b553027d572e97d60e7aa89a6940e88659a?s=96&d=mm&r=g\",\"caption\":\"Marta Olejnik\"},\"url\":\"https:\\\/\\\/marekkuchcinski.pl\\\/sk\\\/author\\\/marta\\\/\"}]}<\/script>\n<!-- \/ Yoast SEO plugin. -->","yoast_head_json":{"title":"Forum Ekonomiczne Karpacz. \"To\u017csamo\u015b\u0107 Europy \u015arodkowej. Atrybuty i symbole\" &#8211; Marek Kuchci\u0144ski","robots":{"index":"index","follow":"follow","max-snippet":"max-snippet:-1","max-image-preview":"max-image-preview:large","max-video-preview":"max-video-preview:-1"},"canonical":"https:\/\/marekkuchcinski.pl\/sk\/media\/forum-ekonomiczne-karpacz-tozsamosc-europy-srodkowej-atrybuty-i-symbole\/","og_locale":"sk_SK","og_type":"article","og_title":"Forum Ekonomiczne Karpacz. \"To\u017csamo\u015b\u0107 Europy \u015arodkowej. Atrybuty i symbole\" &#8211; Marek Kuchci\u0144ski","og_description":"Forum Ekonomiczne Karpacz. &#8222;To\u017csamo\u015b\u0107 Europy \u015arodkowej. Atrybuty i symbole&#8221; &#8211; Polsat News","og_url":"https:\/\/marekkuchcinski.pl\/sk\/media\/forum-ekonomiczne-karpacz-tozsamosc-europy-srodkowej-atrybuty-i-symbole\/","og_site_name":"Marek Kuchci\u0144ski","article_published_time":"2022-09-02T13:26:55+00:00","article_modified_time":"2022-09-02T13:26:57+00:00","og_image":[{"width":1600,"height":971,"url":"https:\/\/marekkuchcinski.pl\/wp-content\/uploads\/2022\/09\/Marek.jpg","type":"image\/jpeg"}],"author":"Marta Olejnik","twitter_card":"summary_large_image","twitter_misc":{"Written by":"Marta Olejnik","Est. reading time":"1 minute"},"schema":{"@context":"https:\/\/schema.org","@graph":[{"@type":"Article","@id":"https:\/\/marekkuchcinski.pl\/media\/forum-ekonomiczne-karpacz-tozsamosc-europy-srodkowej-atrybuty-i-symbole\/#article","isPartOf":{"@id":"https:\/\/marekkuchcinski.pl\/media\/forum-ekonomiczne-karpacz-tozsamosc-europy-srodkowej-atrybuty-i-symbole\/"},"author":{"name":"Marta Olejnik","@id":"https:\/\/marekkuchcinski.pl\/#\/schema\/person\/bd3f15dee67fee76e83c8350d0154101"},"headline":"Forum Ekonomiczne Karpacz. &#8222;To\u017csamo\u015b\u0107 Europy \u015arodkowej. Atrybuty i symbole&#8221;","datePublished":"2022-09-02T13:26:55+00:00","dateModified":"2022-09-02T13:26:57+00:00","mainEntityOfPage":{"@id":"https:\/\/marekkuchcinski.pl\/media\/forum-ekonomiczne-karpacz-tozsamosc-europy-srodkowej-atrybuty-i-symbole\/"},"wordCount":31,"commentCount":0,"publisher":{"@id":"https:\/\/marekkuchcinski.pl\/#organization"},"articleSection":["media"],"inLanguage":"sk-SK","potentialAction":[{"@type":"CommentAction","name":"Comment","target":["https:\/\/marekkuchcinski.pl\/media\/forum-ekonomiczne-karpacz-tozsamosc-europy-srodkowej-atrybuty-i-symbole\/#respond"]}]},{"@type":"WebPage","@id":"https:\/\/marekkuchcinski.pl\/media\/forum-ekonomiczne-karpacz-tozsamosc-europy-srodkowej-atrybuty-i-symbole\/","url":"https:\/\/marekkuchcinski.pl\/media\/forum-ekonomiczne-karpacz-tozsamosc-europy-srodkowej-atrybuty-i-symbole\/","name":"Forum Ekonomiczne Karpacz. \"To\u017csamo\u015b\u0107 Europy \u015arodkowej. Atrybuty i symbole\" &#8211; Marek Kuchci\u0144ski","isPartOf":{"@id":"https:\/\/marekkuchcinski.pl\/#website"},"datePublished":"2022-09-02T13:26:55+00:00","dateModified":"2022-09-02T13:26:57+00:00","breadcrumb":{"@id":"https:\/\/marekkuchcinski.pl\/media\/forum-ekonomiczne-karpacz-tozsamosc-europy-srodkowej-atrybuty-i-symbole\/#breadcrumb"},"inLanguage":"sk-SK","potentialAction":[{"@type":"ReadAction","target":["https:\/\/marekkuchcinski.pl\/media\/forum-ekonomiczne-karpacz-tozsamosc-europy-srodkowej-atrybuty-i-symbole\/"]}]},{"@type":"BreadcrumbList","@id":"https:\/\/marekkuchcinski.pl\/media\/forum-ekonomiczne-karpacz-tozsamosc-europy-srodkowej-atrybuty-i-symbole\/#breadcrumb","itemListElement":[{"@type":"ListItem","position":1,"name":"Strona g\u0142\u00f3wna","item":"https:\/\/marekkuchcinski.pl\/"},{"@type":"ListItem","position":2,"name":"Forum Ekonomiczne Karpacz. &#8222;To\u017csamo\u015b\u0107 Europy \u015arodkowej. Atrybuty i symbole&#8221;"}]},{"@type":"WebSite","@id":"https:\/\/marekkuchcinski.pl\/#website","url":"https:\/\/marekkuchcinski.pl\/","name":"Marek Kuchci\u0144ski","description":"Marek Kuchci\u0144ski","publisher":{"@id":"https:\/\/marekkuchcinski.pl\/#organization"},"potentialAction":[{"@type":"SearchAction","target":{"@type":"EntryPoint","urlTemplate":"https:\/\/marekkuchcinski.pl\/?s={search_term_string}"},"query-input":{"@type":"PropertyValueSpecification","valueRequired":true,"valueName":"search_term_string"}}],"inLanguage":"sk-SK"},{"@type":"Organization","@id":"https:\/\/marekkuchcinski.pl\/#organization","name":"Marek Kuchci\u0144ski","url":"https:\/\/marekkuchcinski.pl\/","logo":{"@type":"ImageObject","inLanguage":"sk-SK","@id":"https:\/\/marekkuchcinski.pl\/#\/schema\/logo\/image\/","url":"https:\/\/marekkuchcinski.pl\/wp-content\/uploads\/2022\/09\/Marek.jpg","contentUrl":"https:\/\/marekkuchcinski.pl\/wp-content\/uploads\/2022\/09\/Marek.jpg","width":1600,"height":971,"caption":"Marek Kuchci\u0144ski"},"image":{"@id":"https:\/\/marekkuchcinski.pl\/#\/schema\/logo\/image\/"}},{"@type":"Person","@id":"https:\/\/marekkuchcinski.pl\/#\/schema\/person\/bd3f15dee67fee76e83c8350d0154101","name":"Marta Olejnik","image":{"@type":"ImageObject","inLanguage":"sk-SK","@id":"https:\/\/secure.gravatar.com\/avatar\/24754edd6080383402e292374b406b553027d572e97d60e7aa89a6940e88659a?s=96&d=mm&r=g","url":"https:\/\/secure.gravatar.com\/avatar\/24754edd6080383402e292374b406b553027d572e97d60e7aa89a6940e88659a?s=96&d=mm&r=g","contentUrl":"https:\/\/secure.gravatar.com\/avatar\/24754edd6080383402e292374b406b553027d572e97d60e7aa89a6940e88659a?s=96&d=mm&r=g","caption":"Marta Olejnik"},"url":"https:\/\/marekkuchcinski.pl\/sk\/author\/marta\/"}]}},"_links":{"self":[{"href":"https:\/\/marekkuchcinski.pl\/sk\/wp-json\/wp\/v2\/posts\/26062","targetHints":{"allow":["GET"]}}],"collection":[{"href":"https:\/\/marekkuchcinski.pl\/sk\/wp-json\/wp\/v2\/posts"}],"about":[{"href":"https:\/\/marekkuchcinski.pl\/sk\/wp-json\/wp\/v2\/types\/post"}],"author":[{"embeddable":true,"href":"https:\/\/marekkuchcinski.pl\/sk\/wp-json\/wp\/v2\/users\/3"}],"replies":[{"embeddable":true,"href":"https:\/\/marekkuchcinski.pl\/sk\/wp-json\/wp\/v2\/comments?post=26062"}],"version-history":[{"count":1,"href":"https:\/\/marekkuchcinski.pl\/sk\/wp-json\/wp\/v2\/posts\/26062\/revisions"}],"predecessor-version":[{"id":26063,"href":"https:\/\/marekkuchcinski.pl\/sk\/wp-json\/wp\/v2\/posts\/26062\/revisions\/26063"}],"wp:attachment":[{"href":"https:\/\/marekkuchcinski.pl\/sk\/wp-json\/wp\/v2\/media?parent=26062"}],"wp:term":[{"taxonomy":"category","embeddable":true,"href":"https:\/\/marekkuchcinski.pl\/sk\/wp-json\/wp\/v2\/categories?post=26062"},{"taxonomy":"post_tag","embeddable":true,"href":"https:\/\/marekkuchcinski.pl\/sk\/wp-json\/wp\/v2\/tags?post=26062"}],"curies":[{"name":"wp","href":"https:\/\/api.w.org\/{rel}","templated":true}]}}