{"id":257,"date":"2012-10-22T07:52:29","date_gmt":"2012-10-22T05:52:29","guid":{"rendered":"https:\/\/marekkuchcinski.pl\/?p=257"},"modified":"2016-08-25T17:00:16","modified_gmt":"2016-08-25T15:00:16","slug":"jaroslaw-kaczynski-w-rzeszowie-trzeba-naprawic-panstwo","status":"publish","type":"post","link":"https:\/\/marekkuchcinski.pl\/sk\/wydarzenia\/jaroslaw-kaczynski-w-rzeszowie-trzeba-naprawic-panstwo\/","title":{"rendered":"Jaros\u0142aw Kaczy\u0144ski v Rzeszowe - Mus\u00edme napravi\u0165 \u0161t\u00e1t"},"content":{"rendered":"<p style=\"text-align: justify;\">N\u00e1zov a \u00faryvky textu pod\u013ea: supernowosci24.pl: Program Pr\u00e1va a spravodlivosti \"Alternat\u00edva\" a prezent\u00e1cia s\u00fa\u010dasn\u00e9ho stavu krajiny boli hlavn\u00fdmi t\u00e9mami stretnutia predsedu PiS s obyvate\u013emi Rzeszowa. - \u00dalohou \u010d. 1 je odmietnu\u0165 t\u00fato vl\u00e1du - povedal Jaros\u0142aw Kaczy\u0144ski v sobotu 20. okt\u00f3bra v aule Technickej univerzity v Rzeszowe.<\/p>\n<p style=\"text-align: justify;\">Pod\u013ea \u0161\u00e9fa strany Pr\u00e1vo a spravodlivos\u0165 by sa Po\u013esko malo rozv\u00edja\u0165 o 4 a\u017e 5 percent r\u00fdchlej\u0161ie ako v s\u00fa\u010dasnosti. - Po\u013esku by dnes nemala hrozi\u0165 \u017eiadna kr\u00edza, ale m\u00e1me vl\u00e1du, ktor\u00e1 nie je schopn\u00e1 vies\u0165 politiku zameran\u00fa na soci\u00e1lne ciele. Namiesto rie\u0161enia probl\u00e9mov chc\u00fa t\u00ed, ktor\u00ed s\u00fa pri moci, uk\u00e1za\u0165, \u017ee s\u00fa v pohode, napr\u00edklad hran\u00edm futbalu,\" povedal Kaczy\u0144ski. Pod\u013ea jeho n\u00e1zoru vl\u00e1da PO-PSL vedie transak\u010dn\u00fa politiku, v ktorej s\u00fa najd\u00f4le\u017eitej\u0161ie z\u00e1ujmy ve\u013ek\u00fdch lobistick\u00fdch skup\u00edn.<\/p>\n<p style=\"text-align: justify;\"><a href=\"http:\/\/supernowosci24.pl\/galeria-kaczynski-w-rzeszowie-trzeba-naprawic-panstwo\/\">Pozrite si fotografie.<\/a><\/p>","protected":false},"excerpt":{"rendered":"<p>Tytu\u0142 i fragmenty tekstu za: supernowosci24.pl: Program Prawa i Sprawiedliwo\u015bci ,,Alternatywa&#8221; oraz przedstawienie obecnego stanu pa\u0144stwa to g\u0142\u00f3wna tematyka spotkania prezesa Prawa i Sprawiedliwo\u015bci z mieszka\u0144cami Rzeszowa. \u2013 Zadaniem nr 1 jest odrzucenie tego rz\u0105du \u2013 m\u00f3wi\u0142 w sobot\u0119, 20 pa\u017adziernika, w sali Politechniki Rzeszowskiej Jaros\u0142aw Kaczy\u0144ski. Wed\u0142ug prezesa PiS Polska powinna rozwija\u0107 si\u0119 4-5 [&hellip;]<\/p>","protected":false},"author":6,"featured_media":0,"comment_status":"open","ping_status":"open","sticky":false,"template":"","format":"standard","meta":{"ngg_post_thumbnail":0,"footnotes":""},"categories":[3],"tags":[],"class_list":["post-257","post","type-post","status-publish","format-standard","hentry","category-wydarzenia"],"yoast_head":"<!-- This site is optimized with the Yoast SEO plugin v24.7 - https:\/\/yoast.com\/wordpress\/plugins\/seo\/ -->\n<title>Jaros\u0142aw Kaczy\u0144ski w Rzeszowie - Trzeba naprawi\u0107 pa\u0144stwo &#8211; Marek Kuchci\u0144ski<\/title>\n<meta name=\"robots\" content=\"index, follow, max-snippet:-1, max-image-preview:large, max-video-preview:-1\" \/>\n<link rel=\"canonical\" href=\"https:\/\/marekkuchcinski.pl\/sk\/wydarzenia\/jaroslaw-kaczynski-w-rzeszowie-trzeba-naprawic-panstwo\/\" \/>\n<meta property=\"og:locale\" content=\"sk_SK\" \/>\n<meta property=\"og:type\" content=\"article\" \/>\n<meta property=\"og:title\" content=\"Jaros\u0142aw Kaczy\u0144ski w Rzeszowie - Trzeba naprawi\u0107 pa\u0144stwo &#8211; Marek Kuchci\u0144ski\" \/>\n<meta property=\"og:description\" content=\"Tytu\u0142 i fragmenty tekstu za: supernowosci24.pl: Program Prawa i Sprawiedliwo\u015bci ,,Alternatywa&#8221; oraz przedstawienie obecnego stanu pa\u0144stwa to g\u0142\u00f3wna tematyka spotkania prezesa Prawa i Sprawiedliwo\u015bci z mieszka\u0144cami Rzeszowa. \u2013 Zadaniem nr 1 jest odrzucenie tego rz\u0105du \u2013 m\u00f3wi\u0142 w sobot\u0119, 20 pa\u017adziernika, w sali Politechniki Rzeszowskiej Jaros\u0142aw Kaczy\u0144ski. Wed\u0142ug prezesa PiS Polska powinna rozwija\u0107 si\u0119 4-5 [&hellip;]\" \/>\n<meta property=\"og:url\" content=\"https:\/\/marekkuchcinski.pl\/sk\/wydarzenia\/jaroslaw-kaczynski-w-rzeszowie-trzeba-naprawic-panstwo\/\" \/>\n<meta property=\"og:site_name\" content=\"Marek Kuchci\u0144ski\" \/>\n<meta property=\"article:published_time\" content=\"2012-10-22T05:52:29+00:00\" \/>\n<meta property=\"article:modified_time\" content=\"2016-08-25T15:00:16+00:00\" \/>\n<meta property=\"og:image\" content=\"https:\/\/marekkuchcinski.pl\/wp-content\/uploads\/2022\/09\/Marek.jpg\" \/>\n\t<meta property=\"og:image:width\" content=\"1600\" \/>\n\t<meta property=\"og:image:height\" content=\"971\" \/>\n\t<meta property=\"og:image:type\" content=\"image\/jpeg\" \/>\n<meta name=\"author\" content=\"admin\" \/>\n<meta name=\"twitter:card\" content=\"summary_large_image\" \/>\n<meta name=\"twitter:label1\" content=\"Autor\" \/>\n\t<meta name=\"twitter:data1\" content=\"admin\" \/>\n\t<meta name=\"twitter:label2\" content=\"Predpokladan\u00fd \u010das \u010d\u00edtania\" \/>\n\t<meta name=\"twitter:data2\" content=\"1 min\u00fata\" \/>\n<script type=\"application\/ld+json\" class=\"yoast-schema-graph\">{\"@context\":\"https:\/\/schema.org\",\"@graph\":[{\"@type\":\"Article\",\"@id\":\"https:\/\/marekkuchcinski.pl\/en\/wydarzenia\/jaroslaw-kaczynski-w-rzeszowie-trzeba-naprawic-panstwo\/#article\",\"isPartOf\":{\"@id\":\"https:\/\/marekkuchcinski.pl\/en\/wydarzenia\/jaroslaw-kaczynski-w-rzeszowie-trzeba-naprawic-panstwo\/\"},\"author\":{\"name\":\"admin\",\"@id\":\"https:\/\/marekkuchcinski.pl\/#\/schema\/person\/6f62700996b4d950b6ea2d1183b6c6be\"},\"headline\":\"Jaros\u0142aw Kaczy\u0144ski w Rzeszowie &#8211; Trzeba naprawi\u0107 pa\u0144stwo\",\"datePublished\":\"2012-10-22T05:52:29+00:00\",\"dateModified\":\"2016-08-25T15:00:16+00:00\",\"mainEntityOfPage\":{\"@id\":\"https:\/\/marekkuchcinski.pl\/en\/wydarzenia\/jaroslaw-kaczynski-w-rzeszowie-trzeba-naprawic-panstwo\/\"},\"wordCount\":146,\"commentCount\":0,\"publisher\":{\"@id\":\"https:\/\/marekkuchcinski.pl\/#organization\"},\"articleSection\":[\"Wydarzenia\"],\"inLanguage\":\"sk-SK\",\"potentialAction\":[{\"@type\":\"CommentAction\",\"name\":\"Comment\",\"target\":[\"https:\/\/marekkuchcinski.pl\/en\/wydarzenia\/jaroslaw-kaczynski-w-rzeszowie-trzeba-naprawic-panstwo\/#respond\"]}]},{\"@type\":\"WebPage\",\"@id\":\"https:\/\/marekkuchcinski.pl\/en\/wydarzenia\/jaroslaw-kaczynski-w-rzeszowie-trzeba-naprawic-panstwo\/\",\"url\":\"https:\/\/marekkuchcinski.pl\/en\/wydarzenia\/jaroslaw-kaczynski-w-rzeszowie-trzeba-naprawic-panstwo\/\",\"name\":\"Jaros\u0142aw Kaczy\u0144ski w Rzeszowie - Trzeba naprawi\u0107 pa\u0144stwo &#8211; Marek Kuchci\u0144ski\",\"isPartOf\":{\"@id\":\"https:\/\/marekkuchcinski.pl\/#website\"},\"datePublished\":\"2012-10-22T05:52:29+00:00\",\"dateModified\":\"2016-08-25T15:00:16+00:00\",\"breadcrumb\":{\"@id\":\"https:\/\/marekkuchcinski.pl\/en\/wydarzenia\/jaroslaw-kaczynski-w-rzeszowie-trzeba-naprawic-panstwo\/#breadcrumb\"},\"inLanguage\":\"sk-SK\",\"potentialAction\":[{\"@type\":\"ReadAction\",\"target\":[\"https:\/\/marekkuchcinski.pl\/en\/wydarzenia\/jaroslaw-kaczynski-w-rzeszowie-trzeba-naprawic-panstwo\/\"]}]},{\"@type\":\"BreadcrumbList\",\"@id\":\"https:\/\/marekkuchcinski.pl\/en\/wydarzenia\/jaroslaw-kaczynski-w-rzeszowie-trzeba-naprawic-panstwo\/#breadcrumb\",\"itemListElement\":[{\"@type\":\"ListItem\",\"position\":1,\"name\":\"Strona g\u0142\u00f3wna\",\"item\":\"https:\/\/marekkuchcinski.pl\/\"},{\"@type\":\"ListItem\",\"position\":2,\"name\":\"Jaros\u0142aw Kaczy\u0144ski w Rzeszowie &#8211; Trzeba naprawi\u0107 pa\u0144stwo\"}]},{\"@type\":\"WebSite\",\"@id\":\"https:\/\/marekkuchcinski.pl\/#website\",\"url\":\"https:\/\/marekkuchcinski.pl\/\",\"name\":\"Marek Kuchci\u0144ski\",\"description\":\"Pose\u0142 na sejm RP &ndash; okr\u0119g nr 22\",\"publisher\":{\"@id\":\"https:\/\/marekkuchcinski.pl\/#organization\"},\"potentialAction\":[{\"@type\":\"SearchAction\",\"target\":{\"@type\":\"EntryPoint\",\"urlTemplate\":\"https:\/\/marekkuchcinski.pl\/?s={search_term_string}\"},\"query-input\":{\"@type\":\"PropertyValueSpecification\",\"valueRequired\":true,\"valueName\":\"search_term_string\"}}],\"inLanguage\":\"sk-SK\"},{\"@type\":\"Organization\",\"@id\":\"https:\/\/marekkuchcinski.pl\/#organization\",\"name\":\"Marek Kuchci\u0144ski\",\"url\":\"https:\/\/marekkuchcinski.pl\/\",\"logo\":{\"@type\":\"ImageObject\",\"inLanguage\":\"sk-SK\",\"@id\":\"https:\/\/marekkuchcinski.pl\/#\/schema\/logo\/image\/\",\"url\":\"https:\/\/marekkuchcinski.pl\/wp-content\/uploads\/2022\/09\/Marek.jpg\",\"contentUrl\":\"https:\/\/marekkuchcinski.pl\/wp-content\/uploads\/2022\/09\/Marek.jpg\",\"width\":1600,\"height\":971,\"caption\":\"Marek Kuchci\u0144ski\"},\"image\":{\"@id\":\"https:\/\/marekkuchcinski.pl\/#\/schema\/logo\/image\/\"}},{\"@type\":\"Person\",\"@id\":\"https:\/\/marekkuchcinski.pl\/#\/schema\/person\/6f62700996b4d950b6ea2d1183b6c6be\",\"name\":\"admin\",\"image\":{\"@type\":\"ImageObject\",\"inLanguage\":\"sk-SK\",\"@id\":\"https:\/\/marekkuchcinski.pl\/#\/schema\/person\/image\/\",\"url\":\"https:\/\/secure.gravatar.com\/avatar\/4bab693b9d55c3d6b52c0296a8765085?s=96&d=mm&r=g\",\"contentUrl\":\"https:\/\/secure.gravatar.com\/avatar\/4bab693b9d55c3d6b52c0296a8765085?s=96&d=mm&r=g\",\"caption\":\"admin\"},\"url\":\"https:\/\/marekkuchcinski.pl\/sk\/author\/marta-olejnik\/\"}]}<\/script>\n<!-- \/ Yoast SEO plugin. -->","yoast_head_json":{"title":"Jaros\u0142aw Kaczy\u0144ski w Rzeszowie - Trzeba naprawi\u0107 pa\u0144stwo &#8211; Marek Kuchci\u0144ski","robots":{"index":"index","follow":"follow","max-snippet":"max-snippet:-1","max-image-preview":"max-image-preview:large","max-video-preview":"max-video-preview:-1"},"canonical":"https:\/\/marekkuchcinski.pl\/sk\/wydarzenia\/jaroslaw-kaczynski-w-rzeszowie-trzeba-naprawic-panstwo\/","og_locale":"sk_SK","og_type":"article","og_title":"Jaros\u0142aw Kaczy\u0144ski w Rzeszowie - Trzeba naprawi\u0107 pa\u0144stwo &#8211; Marek Kuchci\u0144ski","og_description":"Tytu\u0142 i fragmenty tekstu za: supernowosci24.pl: Program Prawa i Sprawiedliwo\u015bci ,,Alternatywa&#8221; oraz przedstawienie obecnego stanu pa\u0144stwa to g\u0142\u00f3wna tematyka spotkania prezesa Prawa i Sprawiedliwo\u015bci z mieszka\u0144cami Rzeszowa. \u2013 Zadaniem nr 1 jest odrzucenie tego rz\u0105du \u2013 m\u00f3wi\u0142 w sobot\u0119, 20 pa\u017adziernika, w sali Politechniki Rzeszowskiej Jaros\u0142aw Kaczy\u0144ski. Wed\u0142ug prezesa PiS Polska powinna rozwija\u0107 si\u0119 4-5 [&hellip;]","og_url":"https:\/\/marekkuchcinski.pl\/sk\/wydarzenia\/jaroslaw-kaczynski-w-rzeszowie-trzeba-naprawic-panstwo\/","og_site_name":"Marek Kuchci\u0144ski","article_published_time":"2012-10-22T05:52:29+00:00","article_modified_time":"2016-08-25T15:00:16+00:00","og_image":[{"width":1600,"height":971,"url":"https:\/\/marekkuchcinski.pl\/wp-content\/uploads\/2022\/09\/Marek.jpg","type":"image\/jpeg"}],"author":"admin","twitter_card":"summary_large_image","twitter_misc":{"Autor":"admin","Predpokladan\u00fd \u010das \u010d\u00edtania":"1 min\u00fata"},"schema":{"@context":"https:\/\/schema.org","@graph":[{"@type":"Article","@id":"https:\/\/marekkuchcinski.pl\/en\/wydarzenia\/jaroslaw-kaczynski-w-rzeszowie-trzeba-naprawic-panstwo\/#article","isPartOf":{"@id":"https:\/\/marekkuchcinski.pl\/en\/wydarzenia\/jaroslaw-kaczynski-w-rzeszowie-trzeba-naprawic-panstwo\/"},"author":{"name":"admin","@id":"https:\/\/marekkuchcinski.pl\/#\/schema\/person\/6f62700996b4d950b6ea2d1183b6c6be"},"headline":"Jaros\u0142aw Kaczy\u0144ski w Rzeszowie &#8211; Trzeba naprawi\u0107 pa\u0144stwo","datePublished":"2012-10-22T05:52:29+00:00","dateModified":"2016-08-25T15:00:16+00:00","mainEntityOfPage":{"@id":"https:\/\/marekkuchcinski.pl\/en\/wydarzenia\/jaroslaw-kaczynski-w-rzeszowie-trzeba-naprawic-panstwo\/"},"wordCount":146,"commentCount":0,"publisher":{"@id":"https:\/\/marekkuchcinski.pl\/#organization"},"articleSection":["Wydarzenia"],"inLanguage":"sk-SK","potentialAction":[{"@type":"CommentAction","name":"Comment","target":["https:\/\/marekkuchcinski.pl\/en\/wydarzenia\/jaroslaw-kaczynski-w-rzeszowie-trzeba-naprawic-panstwo\/#respond"]}]},{"@type":"WebPage","@id":"https:\/\/marekkuchcinski.pl\/en\/wydarzenia\/jaroslaw-kaczynski-w-rzeszowie-trzeba-naprawic-panstwo\/","url":"https:\/\/marekkuchcinski.pl\/en\/wydarzenia\/jaroslaw-kaczynski-w-rzeszowie-trzeba-naprawic-panstwo\/","name":"Jaros\u0142aw Kaczy\u0144ski w Rzeszowie - Trzeba naprawi\u0107 pa\u0144stwo &#8211; Marek Kuchci\u0144ski","isPartOf":{"@id":"https:\/\/marekkuchcinski.pl\/#website"},"datePublished":"2012-10-22T05:52:29+00:00","dateModified":"2016-08-25T15:00:16+00:00","breadcrumb":{"@id":"https:\/\/marekkuchcinski.pl\/en\/wydarzenia\/jaroslaw-kaczynski-w-rzeszowie-trzeba-naprawic-panstwo\/#breadcrumb"},"inLanguage":"sk-SK","potentialAction":[{"@type":"ReadAction","target":["https:\/\/marekkuchcinski.pl\/en\/wydarzenia\/jaroslaw-kaczynski-w-rzeszowie-trzeba-naprawic-panstwo\/"]}]},{"@type":"BreadcrumbList","@id":"https:\/\/marekkuchcinski.pl\/en\/wydarzenia\/jaroslaw-kaczynski-w-rzeszowie-trzeba-naprawic-panstwo\/#breadcrumb","itemListElement":[{"@type":"ListItem","position":1,"name":"Strona g\u0142\u00f3wna","item":"https:\/\/marekkuchcinski.pl\/"},{"@type":"ListItem","position":2,"name":"Jaros\u0142aw Kaczy\u0144ski w Rzeszowie &#8211; Trzeba naprawi\u0107 pa\u0144stwo"}]},{"@type":"WebSite","@id":"https:\/\/marekkuchcinski.pl\/#website","url":"https:\/\/marekkuchcinski.pl\/","name":"Marek Kuchci\u0144ski","description":"Pose\u0142 na sejm RP &ndash; okr\u0119g nr 22","publisher":{"@id":"https:\/\/marekkuchcinski.pl\/#organization"},"potentialAction":[{"@type":"SearchAction","target":{"@type":"EntryPoint","urlTemplate":"https:\/\/marekkuchcinski.pl\/?s={search_term_string}"},"query-input":{"@type":"PropertyValueSpecification","valueRequired":true,"valueName":"search_term_string"}}],"inLanguage":"sk-SK"},{"@type":"Organization","@id":"https:\/\/marekkuchcinski.pl\/#organization","name":"Marek Kuchci\u0144ski","url":"https:\/\/marekkuchcinski.pl\/","logo":{"@type":"ImageObject","inLanguage":"sk-SK","@id":"https:\/\/marekkuchcinski.pl\/#\/schema\/logo\/image\/","url":"https:\/\/marekkuchcinski.pl\/wp-content\/uploads\/2022\/09\/Marek.jpg","contentUrl":"https:\/\/marekkuchcinski.pl\/wp-content\/uploads\/2022\/09\/Marek.jpg","width":1600,"height":971,"caption":"Marek Kuchci\u0144ski"},"image":{"@id":"https:\/\/marekkuchcinski.pl\/#\/schema\/logo\/image\/"}},{"@type":"Person","@id":"https:\/\/marekkuchcinski.pl\/#\/schema\/person\/6f62700996b4d950b6ea2d1183b6c6be","name":"admin","image":{"@type":"ImageObject","inLanguage":"sk-SK","@id":"https:\/\/marekkuchcinski.pl\/#\/schema\/person\/image\/","url":"https:\/\/secure.gravatar.com\/avatar\/4bab693b9d55c3d6b52c0296a8765085?s=96&d=mm&r=g","contentUrl":"https:\/\/secure.gravatar.com\/avatar\/4bab693b9d55c3d6b52c0296a8765085?s=96&d=mm&r=g","caption":"admin"},"url":"https:\/\/marekkuchcinski.pl\/sk\/author\/marta-olejnik\/"}]}},"_links":{"self":[{"href":"https:\/\/marekkuchcinski.pl\/sk\/wp-json\/wp\/v2\/posts\/257","targetHints":{"allow":["GET"]}}],"collection":[{"href":"https:\/\/marekkuchcinski.pl\/sk\/wp-json\/wp\/v2\/posts"}],"about":[{"href":"https:\/\/marekkuchcinski.pl\/sk\/wp-json\/wp\/v2\/types\/post"}],"author":[{"embeddable":true,"href":"https:\/\/marekkuchcinski.pl\/sk\/wp-json\/wp\/v2\/users\/6"}],"replies":[{"embeddable":true,"href":"https:\/\/marekkuchcinski.pl\/sk\/wp-json\/wp\/v2\/comments?post=257"}],"version-history":[{"count":1,"href":"https:\/\/marekkuchcinski.pl\/sk\/wp-json\/wp\/v2\/posts\/257\/revisions"}],"predecessor-version":[{"id":1395,"href":"https:\/\/marekkuchcinski.pl\/sk\/wp-json\/wp\/v2\/posts\/257\/revisions\/1395"}],"wp:attachment":[{"href":"https:\/\/marekkuchcinski.pl\/sk\/wp-json\/wp\/v2\/media?parent=257"}],"wp:term":[{"taxonomy":"category","embeddable":true,"href":"https:\/\/marekkuchcinski.pl\/sk\/wp-json\/wp\/v2\/categories?post=257"},{"taxonomy":"post_tag","embeddable":true,"href":"https:\/\/marekkuchcinski.pl\/sk\/wp-json\/wp\/v2\/tags?post=257"}],"curies":[{"name":"wp","href":"https:\/\/api.w.org\/{rel}","templated":true}]}}