{"id":25632,"date":"2022-07-01T22:59:00","date_gmt":"2022-07-01T20:59:00","guid":{"rendered":"https:\/\/marekkuchcinski.pl\/?p=25632"},"modified":"2022-07-05T22:07:58","modified_gmt":"2022-07-05T20:07:58","slug":"konferencja-rosja-i-jej-sojusznicy-w-czasie-agresji-kremla-na-ukraine","status":"publish","type":"post","link":"https:\/\/marekkuchcinski.pl\/sk\/wydarzenia\/konferencja-rosja-i-jej-sojusznicy-w-czasie-agresji-kremla-na-ukraine\/","title":{"rendered":"Konferencia \"Rusko a jeho spojenci po\u010das agresie Krem\u013ea proti Ukrajine\"."},"content":{"rendered":"<p><\/p>\n\n\n\n<p><strong>V piatok sa v Sejme konala konferencia so zahrani\u010dn\u00fdmi hos\u0165ami o krajin\u00e1ch naklonen\u00fdch Krem\u013eu. \u00da\u010dastn\u00edci upozornili najm\u00e4 na mimoriadne akt\u00edvne diplomatick\u00e9 \u00fasilie a \u00fa\u010dinn\u00fa propagandu Ruska. Zd\u00f4raznilo sa, \u017ee demokratick\u00e9 krajiny za\u010d\u00ednaj\u00fa prehr\u00e1va\u0165 boj o srdcia a ich ob\u010dania za\u010d\u00ednaj\u00fa by\u0165 \u013eahostajn\u00ed vo\u010di osudu Ukrajiny a glob\u00e1lnemu vplyvu rusk\u00e9ho re\u017eimu. Je preto v z\u00e1ujme kraj\u00edn, ktor\u00e9 s\u00fa proti rusk\u00fdm krokom, aby z\u00edskali podporu t\u00fdch kraj\u00edn, ktor\u00e9 e\u0161te nezaujali jasn\u00e9 stanovisko alebo sa vyhl\u00e1sili za neutr\u00e1lne. Nesmie sa tie\u017e \u0161\u00edri\u0165 falo\u0161n\u00e1 spr\u00e1va, \u017ee energetick\u00e1 a potravinov\u00e1 kr\u00edza je d\u00f4sledkom z\u00e1padn\u00fdch sankci\u00ed. Pr\u00e1ve Rusko napadlo Ukrajinu a kradne jej potraviny. Rusko chce vyvola\u0165 glob\u00e1lnu kr\u00edzu a sna\u017e\u00ed sa vydiera\u0165 z\u00e1padn\u00e9 krajiny, aby zru\u0161ili sankcie vo\u010di nemu.<\/strong><\/p>\n\n\n\n<p><strong>Predseda V\u00fdboru pre zahrani\u010dn\u00e9 veci Marek Kuchcinski zd\u00f4raznil, \u017ee brutalitu Ruska, ktor\u00e9 postupuje pod\u013ea princ\u00edpu sp\u00e1lenej zeme, podporuj\u00fa peniaze zo slobodn\u00e9ho sveta.<\/strong><\/p>\n\n\n\n<p><strong>- E\u00da zaplatila Rusku za plyn 63 mili\u00e1rd EUR. Rozsiahle aktivity dikt\u00e1torov a re\u017eimov v kombin\u00e1cii s kriminalitou r\u00f4zneho druhu nazna\u010duj\u00fa, \u017ee sa nach\u00e1dzame v kr\u00edze sp\u00f4sobenej kr\u00edzou \u0161t\u00e1tnych a medzin\u00e1rodn\u00fdch in\u0161tit\u00faci\u00ed. Neplnia svoju \u00falohu. Ich miesto zaujali siln\u00ed vodcovia. Vo svete kraj\u00edn bojuj\u00facich za nez\u00e1vislos\u0165 je to tie\u017e vidite\u013en\u00e9,\" tvrd\u00ed Kuchci\u0144ski.  Pouk\u00e1zal tie\u017e na to, \u017ee v Po\u013esku sa ukazuje \u00fa\u010dinnos\u0165 prezidenta Jaroslawa Kaczy\u0144sk\u00e9ho, ktor\u00fd dok\u00e1zal zjednoti\u0165 vlasteneck\u00e9 sily a predpovedal aj to, \u010do verejnej mienke v Po\u013esku unik\u00e1, Putinove kroky pred mnoh\u00fdmi rokmi. Spustil proces vyzbrojovania po\u013eskej arm\u00e1dy.<\/strong><\/p>\n\n\n\n<p><strong>Predseda parlamentu tie\u017e pripomenul n\u00e1vrh premi\u00e9ra Kaczynsk\u00e9ho, ktor\u00fd po\u010das svojej n\u00e1v\u0161tevy Kyjeva navrhol, aby sa do oblast\u00ed, kde nie s\u00fa rusk\u00e9 jednotky, vyslala mierov\u00e1 misia. Potom by sa mnoh\u00e9 zlo\u010diny nestali. Pod\u013ea Mareka Kuchcinsk\u00e9ho je potrebn\u00e9 da\u0165 Ukrajine to\u013eko \u0165a\u017ek\u00fdch zbran\u00ed, ko\u013eko potrebuje, a \u010do najsilnej\u0161ie prenikn\u00fa\u0165 do verejnej mienky a informova\u0165 o rusk\u00fdch zlo\u010dinoch a zverstv\u00e1ch.<\/strong><\/p>\n\n\n\n<p><strong>Po\u013esk\u00fd ve\u013evyslanec pri OSN Krzysztof Szczerski zd\u00f4raznil, \u017ee OSN je objekt\u00edvom svetovej politiky a desiatky kraj\u00edn v nej podporuj\u00fa Rusko, hoci vojna poru\u0161ila v\u0161etky z\u00e1kladn\u00e9 princ\u00edpy tejto organiz\u00e1cie. Tis\u00edce rusk\u00fdch diplomatov na celom svete podporuj\u00fa vojnu. Spolupr\u00e1cu vypovedal iba jeden. Nem\u00e1me ani pozit\u00edvnu v\u00e4\u010d\u0161inu na zvolenie kandid\u00e1ta, ktor\u00fd by konkuroval Rusku v OSN. Szczerski pouk\u00e1zal na prioritu vlastn\u00fdch potrieb pred z\u00e1ujmami jednotliv\u00fdch \u0161t\u00e1tov. Hlasovanie s Ruskom je kalkul\u00e1ciou zisku a straty. Ve\u013evyslanec upozornil, \u017ee st\u00e1le existuje mnoho kraj\u00edn, ktor\u00e9 zast\u00e1vaj\u00fa n\u00e1zor, \u017ee d\u00f4vodom vojny je Z\u00e1pad a jeho pr\u00edstup k hraniciam Ruska. Druh\u00fd n\u00e1zor - na vine je ukrajinsk\u00e1 politika. Vojna nie je vn\u00edman\u00e1 ako vojna Ruska proti slobodn\u00e9mu svetu, ale len ako vojna Z\u00e1padu proti Rusku. Z\u00e1pad bol ned\u00f4sledn\u00fd - uk\u00e1zal svoje pokrytectvo,\" tvrd\u00ed Krzysztof Szczerski.<\/strong><\/p>\n\n\n\n<p><strong>Poslanec Emanuelis Zingeris, ktor\u00fd od roku 1990 zastupuje litovsk\u00fd parlament, pouk\u00e1zal na spolo\u010dn\u00fa hist\u00f3riu na\u0161ich kraj\u00edn. - N\u00e1\u0161 hlas nerezonuje ako hlas radik\u00e1lnej pravice, ale ako hlas \u013eud\u00ed, ktor\u00ed pre\u017eili vojnu, povedal. - V minulosti sme mali siln\u00e9 spojenectv\u00e1 a mus\u00edme by\u0165 spolu aj teraz, pri\u010dom USA nech s\u00fa na\u0161\u00edm tmelom, tvrd\u00ed Zingeris. Litovsk\u00fd poslanec tie\u017e vyzval po\u013esk\u00fd parlament, aby prijal podobn\u00fa rezol\u00faciu ako litovsk\u00fd, v ktorej vyz\u00fdva E\u00da, aby preru\u0161ila dial\u00f3g s Kubou, ktor\u00e1 financuje re\u017eim z prostriedkov E\u00da.<\/strong><\/p>\n\n\n\n<p><strong><span style=\"color:#740c1f\" class=\"has-inline-color\">I panel <\/span><\/strong><br>\u25aa David E. Spencer, Ministerstvo obrany USA, v\u00fdskum<br>obrana a bezpe\u010dnos\u0165 na z\u00e1padnej pologuli (online)<br>\u25aa Martin De Angelis, odborn\u00edk na obchodovanie s drogami a kriminalitu<br>organizovan\u00e9 (TBC)<br>\u25aa Juan Antonio Blanco, v\u00fdkonn\u00fd riadite\u013e, Nad\u00e1cia pre \u013eudsk\u00e9 pr\u00e1va na Kube<br>\u25aa Przemys\u0142aw \u017burawski vel Grajewski, predseda Bezpe\u010dnostnej rady<br>a obrany, N\u00e1rodn\u00e1 rada pre rozvoj<br>\u25aa Roberto M. Benda\u00f1a, medzin\u00e1rodn\u00fd konzultant, b\u00fdval\u00fd n\u00e1mestn\u00edk ministra po\u013enohospod\u00e1rstva<br>a lesn\u00edctvo Nikaraguy (online)<br>\u25aa Miguel Angel Martin Tortabu, venezuelsk\u00fd sudca Najvy\u0161\u0161ieho s\u00fadu v exile<br>(online)<br>\u25aa Wojciech Kono\u0144czuk, z\u00e1stupca riadite\u013ea, Centrum v\u00fdchodn\u00fdch \u0161t\u00fadi\u00ed<br>\u25aa Hugo Acha, riadite\u013e Nad\u00e1cie pre \u013eudsk\u00e9 pr\u00e1va na Kube<\/p>\n\n\n\n<p><strong><span style=\"color:#7c1515\" class=\"has-inline-color\">II panel <\/span><\/strong><br>\u25aa Arkadiusz Mularczyk, predseda po\u013esko-americkej parlamentnej skupiny<br>\u25aa Krzysztof Szczerski, st\u00e1ly predstavite\u013e Po\u013eskej republiky pri OSN<br>(online)<br>\u25aa Oleksandr Mere\u017eko, predseda V\u00fdboru pre zahrani\u010dn\u00fa politiku a spolupr\u00e1cu<br>Medziparlamentn\u00e1 Najvy\u0161\u0161ia rada Ukrajiny<br>\u25aa<span class=\"has-inline-color has-vivid-cyan-blue-color\"> <strong>Marek Kuchci\u0144ski, predseda zahrani\u010dn\u00e9ho v\u00fdboru po\u013esk\u00e9ho Sejmu<\/strong><\/span><br>\u25aa Victoria Spartz, \u010dlenka Snemovne reprezentantov USA (TBC online)<br>\u25aa Emanuelis Zingeris, predseda litovsko-americkej parlamentnej skupiny Seimas<br>Litovsk\u00e1 republika<\/p>\n\n\n\n<figure class=\"wp-block-image size-large\"><a href=\"https:\/\/marekkuchcinski.pl\/wp-content\/uploads\/2022\/07\/IMG_8299_edited.jpg\"><img fetchpriority=\"high\" decoding=\"async\" width=\"1024\" height=\"657\" src=\"https:\/\/marekkuchcinski.pl\/wp-content\/uploads\/2022\/07\/IMG_8299_edited-1024x657.jpg\" alt=\"\" class=\"wp-image-25634\" srcset=\"https:\/\/marekkuchcinski.pl\/wp-content\/uploads\/2022\/07\/IMG_8299_edited-1024x657.jpg 1024w, https:\/\/marekkuchcinski.pl\/wp-content\/uploads\/2022\/07\/IMG_8299_edited-300x192.jpg 300w, https:\/\/marekkuchcinski.pl\/wp-content\/uploads\/2022\/07\/IMG_8299_edited-768x492.jpg 768w, https:\/\/marekkuchcinski.pl\/wp-content\/uploads\/2022\/07\/IMG_8299_edited-1536x985.jpg 1536w, https:\/\/marekkuchcinski.pl\/wp-content\/uploads\/2022\/07\/IMG_8299_edited-18x12.jpg 18w, https:\/\/marekkuchcinski.pl\/wp-content\/uploads\/2022\/07\/IMG_8299_edited.jpg 1600w\" sizes=\"(max-width: 1024px) 100vw, 1024px\" \/><\/a><\/figure>\n\n\n\n<figure class=\"wp-block-image size-large\"><a href=\"https:\/\/marekkuchcinski.pl\/wp-content\/uploads\/2022\/07\/IMG_8284_edited.jpg\"><img decoding=\"async\" width=\"1024\" height=\"676\" src=\"https:\/\/marekkuchcinski.pl\/wp-content\/uploads\/2022\/07\/IMG_8284_edited-1024x676.jpg\" alt=\"\" class=\"wp-image-25646\" srcset=\"https:\/\/marekkuchcinski.pl\/wp-content\/uploads\/2022\/07\/IMG_8284_edited-1024x676.jpg 1024w, https:\/\/marekkuchcinski.pl\/wp-content\/uploads\/2022\/07\/IMG_8284_edited-300x198.jpg 300w, https:\/\/marekkuchcinski.pl\/wp-content\/uploads\/2022\/07\/IMG_8284_edited-768x507.jpg 768w, https:\/\/marekkuchcinski.pl\/wp-content\/uploads\/2022\/07\/IMG_8284_edited-1536x1014.jpg 1536w, https:\/\/marekkuchcinski.pl\/wp-content\/uploads\/2022\/07\/IMG_8284_edited-18x12.jpg 18w, https:\/\/marekkuchcinski.pl\/wp-content\/uploads\/2022\/07\/IMG_8284_edited.jpg 1600w\" sizes=\"(max-width: 1024px) 100vw, 1024px\" \/><\/a><\/figure>\n\n\n\n<figure class=\"wp-block-image size-large\"><a href=\"https:\/\/marekkuchcinski.pl\/wp-content\/uploads\/2022\/07\/IMG_8420_edited.jpg\"><img decoding=\"async\" width=\"1024\" height=\"575\" src=\"https:\/\/marekkuchcinski.pl\/wp-content\/uploads\/2022\/07\/IMG_8420_edited-1024x575.jpg\" alt=\"\" class=\"wp-image-25637\" srcset=\"https:\/\/marekkuchcinski.pl\/wp-content\/uploads\/2022\/07\/IMG_8420_edited-1024x575.jpg 1024w, https:\/\/marekkuchcinski.pl\/wp-content\/uploads\/2022\/07\/IMG_8420_edited-300x168.jpg 300w, https:\/\/marekkuchcinski.pl\/wp-content\/uploads\/2022\/07\/IMG_8420_edited-768x431.jpg 768w, https:\/\/marekkuchcinski.pl\/wp-content\/uploads\/2022\/07\/IMG_8420_edited-1536x862.jpg 1536w, https:\/\/marekkuchcinski.pl\/wp-content\/uploads\/2022\/07\/IMG_8420_edited-18x10.jpg 18w, https:\/\/marekkuchcinski.pl\/wp-content\/uploads\/2022\/07\/IMG_8420_edited.jpg 1600w\" sizes=\"(max-width: 1024px) 100vw, 1024px\" \/><\/a><\/figure>\n\n\n\n<figure class=\"wp-block-image size-large\"><a href=\"https:\/\/marekkuchcinski.pl\/wp-content\/uploads\/2022\/07\/IMG_8361_edited-1.jpg\"><img loading=\"lazy\" decoding=\"async\" width=\"1024\" height=\"639\" src=\"https:\/\/marekkuchcinski.pl\/wp-content\/uploads\/2022\/07\/IMG_8361_edited-1-1024x639.jpg\" alt=\"\" class=\"wp-image-25648\" srcset=\"https:\/\/marekkuchcinski.pl\/wp-content\/uploads\/2022\/07\/IMG_8361_edited-1-1024x639.jpg 1024w, https:\/\/marekkuchcinski.pl\/wp-content\/uploads\/2022\/07\/IMG_8361_edited-1-300x187.jpg 300w, https:\/\/marekkuchcinski.pl\/wp-content\/uploads\/2022\/07\/IMG_8361_edited-1-768x480.jpg 768w, https:\/\/marekkuchcinski.pl\/wp-content\/uploads\/2022\/07\/IMG_8361_edited-1-1536x959.jpg 1536w, https:\/\/marekkuchcinski.pl\/wp-content\/uploads\/2022\/07\/IMG_8361_edited-1-18x12.jpg 18w, https:\/\/marekkuchcinski.pl\/wp-content\/uploads\/2022\/07\/IMG_8361_edited-1.jpg 1600w\" sizes=\"(max-width: 1024px) 100vw, 1024px\" \/><\/a><\/figure>\n\n\n\n<figure class=\"wp-block-image size-large\"><a href=\"https:\/\/marekkuchcinski.pl\/wp-content\/uploads\/2022\/07\/IMG_8433_edited.jpg\"><img loading=\"lazy\" decoding=\"async\" width=\"1024\" height=\"575\" src=\"https:\/\/marekkuchcinski.pl\/wp-content\/uploads\/2022\/07\/IMG_8433_edited-1024x575.jpg\" alt=\"\" class=\"wp-image-25638\" srcset=\"https:\/\/marekkuchcinski.pl\/wp-content\/uploads\/2022\/07\/IMG_8433_edited-1024x575.jpg 1024w, https:\/\/marekkuchcinski.pl\/wp-content\/uploads\/2022\/07\/IMG_8433_edited-300x168.jpg 300w, https:\/\/marekkuchcinski.pl\/wp-content\/uploads\/2022\/07\/IMG_8433_edited-768x431.jpg 768w, https:\/\/marekkuchcinski.pl\/wp-content\/uploads\/2022\/07\/IMG_8433_edited-1536x862.jpg 1536w, https:\/\/marekkuchcinski.pl\/wp-content\/uploads\/2022\/07\/IMG_8433_edited-18x10.jpg 18w, https:\/\/marekkuchcinski.pl\/wp-content\/uploads\/2022\/07\/IMG_8433_edited.jpg 1600w\" sizes=\"(max-width: 1024px) 100vw, 1024px\" \/><\/a><\/figure>\n\n\n\n<figure class=\"wp-block-image size-large\"><a href=\"https:\/\/marekkuchcinski.pl\/wp-content\/uploads\/2022\/07\/IMG_8443_edited.jpg\"><img loading=\"lazy\" decoding=\"async\" width=\"1024\" height=\"605\" src=\"https:\/\/marekkuchcinski.pl\/wp-content\/uploads\/2022\/07\/IMG_8443_edited-1024x605.jpg\" alt=\"\" class=\"wp-image-25639\" srcset=\"https:\/\/marekkuchcinski.pl\/wp-content\/uploads\/2022\/07\/IMG_8443_edited-1024x605.jpg 1024w, https:\/\/marekkuchcinski.pl\/wp-content\/uploads\/2022\/07\/IMG_8443_edited-300x177.jpg 300w, https:\/\/marekkuchcinski.pl\/wp-content\/uploads\/2022\/07\/IMG_8443_edited-768x454.jpg 768w, https:\/\/marekkuchcinski.pl\/wp-content\/uploads\/2022\/07\/IMG_8443_edited-1536x908.jpg 1536w, https:\/\/marekkuchcinski.pl\/wp-content\/uploads\/2022\/07\/IMG_8443_edited-18x12.jpg 18w, https:\/\/marekkuchcinski.pl\/wp-content\/uploads\/2022\/07\/IMG_8443_edited.jpg 1600w\" sizes=\"(max-width: 1024px) 100vw, 1024px\" \/><\/a><\/figure>\n\n\n\n<figure class=\"wp-block-image size-large\"><a href=\"https:\/\/marekkuchcinski.pl\/wp-content\/uploads\/2022\/07\/IMG_8394_edited.jpg\"><img loading=\"lazy\" decoding=\"async\" width=\"1024\" height=\"575\" src=\"https:\/\/marekkuchcinski.pl\/wp-content\/uploads\/2022\/07\/IMG_8394_edited-1024x575.jpg\" alt=\"\" class=\"wp-image-25641\" srcset=\"https:\/\/marekkuchcinski.pl\/wp-content\/uploads\/2022\/07\/IMG_8394_edited-1024x575.jpg 1024w, https:\/\/marekkuchcinski.pl\/wp-content\/uploads\/2022\/07\/IMG_8394_edited-300x169.jpg 300w, https:\/\/marekkuchcinski.pl\/wp-content\/uploads\/2022\/07\/IMG_8394_edited-768x432.jpg 768w, https:\/\/marekkuchcinski.pl\/wp-content\/uploads\/2022\/07\/IMG_8394_edited-1536x863.jpg 1536w, https:\/\/marekkuchcinski.pl\/wp-content\/uploads\/2022\/07\/IMG_8394_edited-18x10.jpg 18w, https:\/\/marekkuchcinski.pl\/wp-content\/uploads\/2022\/07\/IMG_8394_edited.jpg 1600w\" sizes=\"(max-width: 1024px) 100vw, 1024px\" \/><\/a><\/figure>\n\n\n\n<figure class=\"wp-block-image size-large\"><a href=\"https:\/\/marekkuchcinski.pl\/wp-content\/uploads\/2022\/07\/IMG_8348_edited.jpg\"><img loading=\"lazy\" decoding=\"async\" width=\"1024\" height=\"682\" src=\"https:\/\/marekkuchcinski.pl\/wp-content\/uploads\/2022\/07\/IMG_8348_edited-1024x682.jpg\" alt=\"\" class=\"wp-image-25649\" srcset=\"https:\/\/marekkuchcinski.pl\/wp-content\/uploads\/2022\/07\/IMG_8348_edited-1024x682.jpg 1024w, https:\/\/marekkuchcinski.pl\/wp-content\/uploads\/2022\/07\/IMG_8348_edited-300x200.jpg 300w, https:\/\/marekkuchcinski.pl\/wp-content\/uploads\/2022\/07\/IMG_8348_edited-768x512.jpg 768w, https:\/\/marekkuchcinski.pl\/wp-content\/uploads\/2022\/07\/IMG_8348_edited-1536x1023.jpg 1536w, https:\/\/marekkuchcinski.pl\/wp-content\/uploads\/2022\/07\/IMG_8348_edited-18x12.jpg 18w, https:\/\/marekkuchcinski.pl\/wp-content\/uploads\/2022\/07\/IMG_8348_edited.jpg 1600w\" sizes=\"(max-width: 1024px) 100vw, 1024px\" \/><\/a><\/figure>\n\n\n\n<figure class=\"wp-block-image size-large\"><a href=\"https:\/\/marekkuchcinski.pl\/wp-content\/uploads\/2022\/07\/IMG_8343_edited.jpg\"><img loading=\"lazy\" decoding=\"async\" width=\"1024\" height=\"682\" src=\"https:\/\/marekkuchcinski.pl\/wp-content\/uploads\/2022\/07\/IMG_8343_edited-1024x682.jpg\" alt=\"\" class=\"wp-image-25650\" srcset=\"https:\/\/marekkuchcinski.pl\/wp-content\/uploads\/2022\/07\/IMG_8343_edited-1024x682.jpg 1024w, https:\/\/marekkuchcinski.pl\/wp-content\/uploads\/2022\/07\/IMG_8343_edited-300x200.jpg 300w, https:\/\/marekkuchcinski.pl\/wp-content\/uploads\/2022\/07\/IMG_8343_edited-768x512.jpg 768w, https:\/\/marekkuchcinski.pl\/wp-content\/uploads\/2022\/07\/IMG_8343_edited-1536x1023.jpg 1536w, https:\/\/marekkuchcinski.pl\/wp-content\/uploads\/2022\/07\/IMG_8343_edited-18x12.jpg 18w, https:\/\/marekkuchcinski.pl\/wp-content\/uploads\/2022\/07\/IMG_8343_edited.jpg 1600w\" sizes=\"(max-width: 1024px) 100vw, 1024px\" \/><\/a><\/figure>\n\n\n\n<figure class=\"wp-block-image size-large\"><a href=\"https:\/\/marekkuchcinski.pl\/wp-content\/uploads\/2022\/07\/IMG_8390_edited.jpg\"><img loading=\"lazy\" decoding=\"async\" width=\"1024\" height=\"575\" src=\"https:\/\/marekkuchcinski.pl\/wp-content\/uploads\/2022\/07\/IMG_8390_edited-1024x575.jpg\" alt=\"\" class=\"wp-image-25651\" srcset=\"https:\/\/marekkuchcinski.pl\/wp-content\/uploads\/2022\/07\/IMG_8390_edited-1024x575.jpg 1024w, https:\/\/marekkuchcinski.pl\/wp-content\/uploads\/2022\/07\/IMG_8390_edited-300x169.jpg 300w, https:\/\/marekkuchcinski.pl\/wp-content\/uploads\/2022\/07\/IMG_8390_edited-768x432.jpg 768w, https:\/\/marekkuchcinski.pl\/wp-content\/uploads\/2022\/07\/IMG_8390_edited-1536x863.jpg 1536w, https:\/\/marekkuchcinski.pl\/wp-content\/uploads\/2022\/07\/IMG_8390_edited-18x10.jpg 18w, https:\/\/marekkuchcinski.pl\/wp-content\/uploads\/2022\/07\/IMG_8390_edited.jpg 1600w\" sizes=\"(max-width: 1024px) 100vw, 1024px\" \/><\/a><\/figure>\n\n\n\n<figure class=\"wp-block-image size-large\"><a href=\"https:\/\/marekkuchcinski.pl\/wp-content\/uploads\/2022\/07\/IMG_8251_edited.jpg\"><img loading=\"lazy\" decoding=\"async\" width=\"1024\" height=\"682\" src=\"https:\/\/marekkuchcinski.pl\/wp-content\/uploads\/2022\/07\/IMG_8251_edited-1024x682.jpg\" alt=\"\" class=\"wp-image-25652\" srcset=\"https:\/\/marekkuchcinski.pl\/wp-content\/uploads\/2022\/07\/IMG_8251_edited-1024x682.jpg 1024w, https:\/\/marekkuchcinski.pl\/wp-content\/uploads\/2022\/07\/IMG_8251_edited-300x200.jpg 300w, https:\/\/marekkuchcinski.pl\/wp-content\/uploads\/2022\/07\/IMG_8251_edited-768x512.jpg 768w, https:\/\/marekkuchcinski.pl\/wp-content\/uploads\/2022\/07\/IMG_8251_edited-1536x1023.jpg 1536w, https:\/\/marekkuchcinski.pl\/wp-content\/uploads\/2022\/07\/IMG_8251_edited-18x12.jpg 18w, https:\/\/marekkuchcinski.pl\/wp-content\/uploads\/2022\/07\/IMG_8251_edited.jpg 1600w\" sizes=\"(max-width: 1024px) 100vw, 1024px\" \/><\/a><\/figure>\n\n\n\n<figure class=\"wp-block-image size-large\"><a href=\"https:\/\/marekkuchcinski.pl\/wp-content\/uploads\/2022\/07\/IMG_8264_edited.jpg\"><img loading=\"lazy\" decoding=\"async\" width=\"1024\" height=\"666\" src=\"https:\/\/marekkuchcinski.pl\/wp-content\/uploads\/2022\/07\/IMG_8264_edited-1024x666.jpg\" alt=\"\" class=\"wp-image-25653\" srcset=\"https:\/\/marekkuchcinski.pl\/wp-content\/uploads\/2022\/07\/IMG_8264_edited-1024x666.jpg 1024w, https:\/\/marekkuchcinski.pl\/wp-content\/uploads\/2022\/07\/IMG_8264_edited-300x195.jpg 300w, https:\/\/marekkuchcinski.pl\/wp-content\/uploads\/2022\/07\/IMG_8264_edited-768x500.jpg 768w, https:\/\/marekkuchcinski.pl\/wp-content\/uploads\/2022\/07\/IMG_8264_edited-1536x999.jpg 1536w, https:\/\/marekkuchcinski.pl\/wp-content\/uploads\/2022\/07\/IMG_8264_edited-18x12.jpg 18w, https:\/\/marekkuchcinski.pl\/wp-content\/uploads\/2022\/07\/IMG_8264_edited.jpg 1600w\" sizes=\"(max-width: 1024px) 100vw, 1024px\" \/><\/a><\/figure>\n\n\n\n<figure class=\"wp-block-image size-large\"><a href=\"https:\/\/marekkuchcinski.pl\/wp-content\/uploads\/2022\/07\/IMG_8279_edited.jpg\"><img loading=\"lazy\" decoding=\"async\" width=\"1024\" height=\"683\" src=\"https:\/\/marekkuchcinski.pl\/wp-content\/uploads\/2022\/07\/IMG_8279_edited-1024x683.jpg\" alt=\"\" class=\"wp-image-25655\" srcset=\"https:\/\/marekkuchcinski.pl\/wp-content\/uploads\/2022\/07\/IMG_8279_edited-1024x683.jpg 1024w, https:\/\/marekkuchcinski.pl\/wp-content\/uploads\/2022\/07\/IMG_8279_edited-300x200.jpg 300w, https:\/\/marekkuchcinski.pl\/wp-content\/uploads\/2022\/07\/IMG_8279_edited-768x512.jpg 768w, https:\/\/marekkuchcinski.pl\/wp-content\/uploads\/2022\/07\/IMG_8279_edited-1536x1024.jpg 1536w, https:\/\/marekkuchcinski.pl\/wp-content\/uploads\/2022\/07\/IMG_8279_edited-18x12.jpg 18w, https:\/\/marekkuchcinski.pl\/wp-content\/uploads\/2022\/07\/IMG_8279_edited.jpg 1600w\" sizes=\"(max-width: 1024px) 100vw, 1024px\" \/><\/a><\/figure>\n\n\n\n<figure class=\"wp-block-image size-large\"><a href=\"https:\/\/marekkuchcinski.pl\/wp-content\/uploads\/2022\/07\/IMG_8243_edited.jpg\"><img loading=\"lazy\" decoding=\"async\" width=\"1024\" height=\"625\" src=\"https:\/\/marekkuchcinski.pl\/wp-content\/uploads\/2022\/07\/IMG_8243_edited-1024x625.jpg\" alt=\"\" class=\"wp-image-25664\" srcset=\"https:\/\/marekkuchcinski.pl\/wp-content\/uploads\/2022\/07\/IMG_8243_edited-1024x625.jpg 1024w, https:\/\/marekkuchcinski.pl\/wp-content\/uploads\/2022\/07\/IMG_8243_edited-300x183.jpg 300w, https:\/\/marekkuchcinski.pl\/wp-content\/uploads\/2022\/07\/IMG_8243_edited-768x469.jpg 768w, https:\/\/marekkuchcinski.pl\/wp-content\/uploads\/2022\/07\/IMG_8243_edited-1536x938.jpg 1536w, https:\/\/marekkuchcinski.pl\/wp-content\/uploads\/2022\/07\/IMG_8243_edited-18x12.jpg 18w, https:\/\/marekkuchcinski.pl\/wp-content\/uploads\/2022\/07\/IMG_8243_edited.jpg 1600w\" sizes=\"(max-width: 1024px) 100vw, 1024px\" \/><\/a><\/figure>\n\n\n\n<figure class=\"wp-block-image size-large\"><a href=\"https:\/\/marekkuchcinski.pl\/wp-content\/uploads\/2022\/07\/IMG_8469_edited.jpg\"><img loading=\"lazy\" decoding=\"async\" width=\"1024\" height=\"560\" src=\"https:\/\/marekkuchcinski.pl\/wp-content\/uploads\/2022\/07\/IMG_8469_edited-1024x560.jpg\" alt=\"\" class=\"wp-image-25665\" srcset=\"https:\/\/marekkuchcinski.pl\/wp-content\/uploads\/2022\/07\/IMG_8469_edited-1024x560.jpg 1024w, https:\/\/marekkuchcinski.pl\/wp-content\/uploads\/2022\/07\/IMG_8469_edited-300x164.jpg 300w, https:\/\/marekkuchcinski.pl\/wp-content\/uploads\/2022\/07\/IMG_8469_edited-768x420.jpg 768w, https:\/\/marekkuchcinski.pl\/wp-content\/uploads\/2022\/07\/IMG_8469_edited-1536x840.jpg 1536w, https:\/\/marekkuchcinski.pl\/wp-content\/uploads\/2022\/07\/IMG_8469_edited-18x10.jpg 18w, https:\/\/marekkuchcinski.pl\/wp-content\/uploads\/2022\/07\/IMG_8469_edited.jpg 1600w\" sizes=\"(max-width: 1024px) 100vw, 1024px\" \/><\/a><\/figure>","protected":false},"excerpt":{"rendered":"<p>V piatok sa v Sejme konala konferencia so zahrani\u010dn\u00fdmi hos\u0165ami o krajin\u00e1ch naklonen\u00fdch Krem\u013eu. \u00da\u010dastn\u00edci upozornili najm\u00e4 na mimoriadne akt\u00edvne diplomatick\u00e9 \u00fasilie a \u00fa\u010dinn\u00fa propagandu Ruska. Zd\u00f4raznilo sa, \u017ee demokratick\u00e9 krajiny za\u010d\u00ednaj\u00fa prehr\u00e1va\u0165 boj o srdcia a ich ob\u010dania za\u010d\u00ednaj\u00fa by\u0165 \u013eahostajn\u00ed vo\u010di osudu Ukrajiny a glob\u00e1lnemu vplyvu rusk\u00e9ho re\u017eimu. W [...]<\/p>","protected":false},"author":21,"featured_media":25634,"comment_status":"open","ping_status":"open","sticky":false,"template":"","format":"standard","meta":{"ngg_post_thumbnail":0,"footnotes":""},"categories":[50,3],"tags":[],"class_list":["post-25632","post","type-post","status-publish","format-standard","has-post-thumbnail","hentry","category-wspolpraca-miedzynarodowa","category-wydarzenia"],"yoast_head":"<!-- This site is optimized with the Yoast SEO plugin v24.7 - https:\/\/yoast.com\/wordpress\/plugins\/seo\/ -->\n<title>Konferencja \u201eRosja i jej sojusznicy w czasie agresji Kremla na Ukrain\u0119\u201d &#8211; Marek Kuchci\u0144ski<\/title>\n<meta name=\"robots\" content=\"index, follow, max-snippet:-1, max-image-preview:large, max-video-preview:-1\" \/>\n<link rel=\"canonical\" href=\"https:\/\/marekkuchcinski.pl\/sk\/wydarzenia\/konferencja-rosja-i-jej-sojusznicy-w-czasie-agresji-kremla-na-ukraine\/\" \/>\n<meta property=\"og:locale\" content=\"sk_SK\" \/>\n<meta property=\"og:type\" content=\"article\" \/>\n<meta property=\"og:title\" content=\"Konferencja \u201eRosja i jej sojusznicy w czasie agresji Kremla na Ukrain\u0119\u201d &#8211; Marek Kuchci\u0144ski\" \/>\n<meta property=\"og:description\" content=\"W pi\u0119tek w Sejmie odby\u0142a si\u0119 konferencja z udzia\u0142em zagranicznych go\u015bci po\u015bwi\u0119cona krajom sprzyjaj\u0105cym Kremlowi. Uczestnicy zwracali uwag\u0119 przede wszystkim na niezwykle aktywne zabiegi dyplomatyczne Rosji i skuteczn\u0105 propagand\u0119. Kraje demokratyczne \u2013 jak podkre\u015blano \u2013 zaczynaj\u0105 przegrywa\u0107 bitw\u0119 o serca, a ich obywatele staj\u0105 si\u0119 zoboj\u0119tnieni wobec los\u00f3w Ukrainy i \u015bwiatowych wp\u0142yw\u00f3w rosyjskiego re\u017cimu. W [&hellip;]\" \/>\n<meta property=\"og:url\" content=\"https:\/\/marekkuchcinski.pl\/sk\/wydarzenia\/konferencja-rosja-i-jej-sojusznicy-w-czasie-agresji-kremla-na-ukraine\/\" \/>\n<meta property=\"og:site_name\" content=\"Marek Kuchci\u0144ski\" \/>\n<meta property=\"article:published_time\" content=\"2022-07-01T20:59:00+00:00\" \/>\n<meta property=\"article:modified_time\" content=\"2022-07-05T20:07:58+00:00\" \/>\n<meta property=\"og:image\" content=\"https:\/\/marekkuchcinski.pl\/wp-content\/uploads\/2022\/07\/IMG_8299_edited.jpg\" \/>\n\t<meta property=\"og:image:width\" content=\"1600\" \/>\n\t<meta property=\"og:image:height\" content=\"1026\" \/>\n\t<meta property=\"og:image:type\" content=\"image\/jpeg\" \/>\n<meta name=\"author\" content=\"Marta Olejnik\" \/>\n<meta name=\"twitter:card\" content=\"summary_large_image\" \/>\n<meta name=\"twitter:label1\" content=\"Autor\" \/>\n\t<meta name=\"twitter:data1\" content=\"Marta Olejnik\" \/>\n\t<meta name=\"twitter:label2\" content=\"Predpokladan\u00fd \u010das \u010d\u00edtania\" \/>\n\t<meta name=\"twitter:data2\" content=\"6 min\u00fat\" \/>\n<script type=\"application\/ld+json\" class=\"yoast-schema-graph\">{\"@context\":\"https:\/\/schema.org\",\"@graph\":[{\"@type\":\"Article\",\"@id\":\"https:\/\/marekkuchcinski.pl\/hu\/wydarzenia\/konferencja-rosja-i-jej-sojusznicy-w-czasie-agresji-kremla-na-ukraine\/#article\",\"isPartOf\":{\"@id\":\"https:\/\/marekkuchcinski.pl\/hu\/wydarzenia\/konferencja-rosja-i-jej-sojusznicy-w-czasie-agresji-kremla-na-ukraine\/\"},\"author\":{\"name\":\"Marta Olejnik\",\"@id\":\"https:\/\/marekkuchcinski.pl\/#\/schema\/person\/51d5d4ee3b5317b8e4dd2b48af359229\"},\"headline\":\"Konferencja \u201eRosja i jej sojusznicy w czasie agresji Kremla na Ukrain\u0119\u201d\",\"datePublished\":\"2022-07-01T20:59:00+00:00\",\"dateModified\":\"2022-07-05T20:07:58+00:00\",\"mainEntityOfPage\":{\"@id\":\"https:\/\/marekkuchcinski.pl\/hu\/wydarzenia\/konferencja-rosja-i-jej-sojusznicy-w-czasie-agresji-kremla-na-ukraine\/\"},\"wordCount\":817,\"commentCount\":0,\"publisher\":{\"@id\":\"https:\/\/marekkuchcinski.pl\/#organization\"},\"image\":{\"@id\":\"https:\/\/marekkuchcinski.pl\/hu\/wydarzenia\/konferencja-rosja-i-jej-sojusznicy-w-czasie-agresji-kremla-na-ukraine\/#primaryimage\"},\"thumbnailUrl\":\"https:\/\/marekkuchcinski.pl\/wp-content\/uploads\/2022\/07\/IMG_8299_edited.jpg\",\"articleSection\":[\"Wsp\u00f3\u0142praca mi\u0119dzynarodowa\",\"Wydarzenia\"],\"inLanguage\":\"sk-SK\",\"potentialAction\":[{\"@type\":\"CommentAction\",\"name\":\"Comment\",\"target\":[\"https:\/\/marekkuchcinski.pl\/hu\/wydarzenia\/konferencja-rosja-i-jej-sojusznicy-w-czasie-agresji-kremla-na-ukraine\/#respond\"]}]},{\"@type\":\"WebPage\",\"@id\":\"https:\/\/marekkuchcinski.pl\/hu\/wydarzenia\/konferencja-rosja-i-jej-sojusznicy-w-czasie-agresji-kremla-na-ukraine\/\",\"url\":\"https:\/\/marekkuchcinski.pl\/hu\/wydarzenia\/konferencja-rosja-i-jej-sojusznicy-w-czasie-agresji-kremla-na-ukraine\/\",\"name\":\"Konferencja \u201eRosja i jej sojusznicy w czasie agresji Kremla na Ukrain\u0119\u201d &#8211; Marek Kuchci\u0144ski\",\"isPartOf\":{\"@id\":\"https:\/\/marekkuchcinski.pl\/#website\"},\"primaryImageOfPage\":{\"@id\":\"https:\/\/marekkuchcinski.pl\/hu\/wydarzenia\/konferencja-rosja-i-jej-sojusznicy-w-czasie-agresji-kremla-na-ukraine\/#primaryimage\"},\"image\":{\"@id\":\"https:\/\/marekkuchcinski.pl\/hu\/wydarzenia\/konferencja-rosja-i-jej-sojusznicy-w-czasie-agresji-kremla-na-ukraine\/#primaryimage\"},\"thumbnailUrl\":\"https:\/\/marekkuchcinski.pl\/wp-content\/uploads\/2022\/07\/IMG_8299_edited.jpg\",\"datePublished\":\"2022-07-01T20:59:00+00:00\",\"dateModified\":\"2022-07-05T20:07:58+00:00\",\"breadcrumb\":{\"@id\":\"https:\/\/marekkuchcinski.pl\/hu\/wydarzenia\/konferencja-rosja-i-jej-sojusznicy-w-czasie-agresji-kremla-na-ukraine\/#breadcrumb\"},\"inLanguage\":\"sk-SK\",\"potentialAction\":[{\"@type\":\"ReadAction\",\"target\":[\"https:\/\/marekkuchcinski.pl\/hu\/wydarzenia\/konferencja-rosja-i-jej-sojusznicy-w-czasie-agresji-kremla-na-ukraine\/\"]}]},{\"@type\":\"ImageObject\",\"inLanguage\":\"sk-SK\",\"@id\":\"https:\/\/marekkuchcinski.pl\/hu\/wydarzenia\/konferencja-rosja-i-jej-sojusznicy-w-czasie-agresji-kremla-na-ukraine\/#primaryimage\",\"url\":\"https:\/\/marekkuchcinski.pl\/wp-content\/uploads\/2022\/07\/IMG_8299_edited.jpg\",\"contentUrl\":\"https:\/\/marekkuchcinski.pl\/wp-content\/uploads\/2022\/07\/IMG_8299_edited.jpg\",\"width\":1600,\"height\":1026},{\"@type\":\"BreadcrumbList\",\"@id\":\"https:\/\/marekkuchcinski.pl\/hu\/wydarzenia\/konferencja-rosja-i-jej-sojusznicy-w-czasie-agresji-kremla-na-ukraine\/#breadcrumb\",\"itemListElement\":[{\"@type\":\"ListItem\",\"position\":1,\"name\":\"Strona g\u0142\u00f3wna\",\"item\":\"https:\/\/marekkuchcinski.pl\/\"},{\"@type\":\"ListItem\",\"position\":2,\"name\":\"Konferencja \u201eRosja i jej sojusznicy w czasie agresji Kremla na Ukrain\u0119\u201d\"}]},{\"@type\":\"WebSite\",\"@id\":\"https:\/\/marekkuchcinski.pl\/#website\",\"url\":\"https:\/\/marekkuchcinski.pl\/\",\"name\":\"Marek Kuchci\u0144ski\",\"description\":\"Pose\u0142 na sejm RP &ndash; okr\u0119g nr 22\",\"publisher\":{\"@id\":\"https:\/\/marekkuchcinski.pl\/#organization\"},\"potentialAction\":[{\"@type\":\"SearchAction\",\"target\":{\"@type\":\"EntryPoint\",\"urlTemplate\":\"https:\/\/marekkuchcinski.pl\/?s={search_term_string}\"},\"query-input\":{\"@type\":\"PropertyValueSpecification\",\"valueRequired\":true,\"valueName\":\"search_term_string\"}}],\"inLanguage\":\"sk-SK\"},{\"@type\":\"Organization\",\"@id\":\"https:\/\/marekkuchcinski.pl\/#organization\",\"name\":\"Marek Kuchci\u0144ski\",\"url\":\"https:\/\/marekkuchcinski.pl\/\",\"logo\":{\"@type\":\"ImageObject\",\"inLanguage\":\"sk-SK\",\"@id\":\"https:\/\/marekkuchcinski.pl\/#\/schema\/logo\/image\/\",\"url\":\"https:\/\/marekkuchcinski.pl\/wp-content\/uploads\/2022\/09\/Marek.jpg\",\"contentUrl\":\"https:\/\/marekkuchcinski.pl\/wp-content\/uploads\/2022\/09\/Marek.jpg\",\"width\":1600,\"height\":971,\"caption\":\"Marek Kuchci\u0144ski\"},\"image\":{\"@id\":\"https:\/\/marekkuchcinski.pl\/#\/schema\/logo\/image\/\"}},{\"@type\":\"Person\",\"@id\":\"https:\/\/marekkuchcinski.pl\/#\/schema\/person\/51d5d4ee3b5317b8e4dd2b48af359229\",\"name\":\"Marta Olejnik\",\"image\":{\"@type\":\"ImageObject\",\"inLanguage\":\"sk-SK\",\"@id\":\"https:\/\/marekkuchcinski.pl\/#\/schema\/person\/image\/\",\"url\":\"https:\/\/secure.gravatar.com\/avatar\/e39914b2aa6a48959e24d475b5dc9793?s=96&d=mm&r=g\",\"contentUrl\":\"https:\/\/secure.gravatar.com\/avatar\/e39914b2aa6a48959e24d475b5dc9793?s=96&d=mm&r=g\",\"caption\":\"Marta Olejnik\"},\"url\":\"https:\/\/marekkuchcinski.pl\/sk\/author\/marta\/\"}]}<\/script>\n<!-- \/ Yoast SEO plugin. -->","yoast_head_json":{"title":"Konferencja \u201eRosja i jej sojusznicy w czasie agresji Kremla na Ukrain\u0119\u201d &#8211; Marek Kuchci\u0144ski","robots":{"index":"index","follow":"follow","max-snippet":"max-snippet:-1","max-image-preview":"max-image-preview:large","max-video-preview":"max-video-preview:-1"},"canonical":"https:\/\/marekkuchcinski.pl\/sk\/wydarzenia\/konferencja-rosja-i-jej-sojusznicy-w-czasie-agresji-kremla-na-ukraine\/","og_locale":"sk_SK","og_type":"article","og_title":"Konferencja \u201eRosja i jej sojusznicy w czasie agresji Kremla na Ukrain\u0119\u201d &#8211; Marek Kuchci\u0144ski","og_description":"W pi\u0119tek w Sejmie odby\u0142a si\u0119 konferencja z udzia\u0142em zagranicznych go\u015bci po\u015bwi\u0119cona krajom sprzyjaj\u0105cym Kremlowi. Uczestnicy zwracali uwag\u0119 przede wszystkim na niezwykle aktywne zabiegi dyplomatyczne Rosji i skuteczn\u0105 propagand\u0119. Kraje demokratyczne \u2013 jak podkre\u015blano \u2013 zaczynaj\u0105 przegrywa\u0107 bitw\u0119 o serca, a ich obywatele staj\u0105 si\u0119 zoboj\u0119tnieni wobec los\u00f3w Ukrainy i \u015bwiatowych wp\u0142yw\u00f3w rosyjskiego re\u017cimu. W [&hellip;]","og_url":"https:\/\/marekkuchcinski.pl\/sk\/wydarzenia\/konferencja-rosja-i-jej-sojusznicy-w-czasie-agresji-kremla-na-ukraine\/","og_site_name":"Marek Kuchci\u0144ski","article_published_time":"2022-07-01T20:59:00+00:00","article_modified_time":"2022-07-05T20:07:58+00:00","og_image":[{"width":1600,"height":1026,"url":"https:\/\/marekkuchcinski.pl\/wp-content\/uploads\/2022\/07\/IMG_8299_edited.jpg","type":"image\/jpeg"}],"author":"Marta Olejnik","twitter_card":"summary_large_image","twitter_misc":{"Autor":"Marta Olejnik","Predpokladan\u00fd \u010das \u010d\u00edtania":"6 min\u00fat"},"schema":{"@context":"https:\/\/schema.org","@graph":[{"@type":"Article","@id":"https:\/\/marekkuchcinski.pl\/hu\/wydarzenia\/konferencja-rosja-i-jej-sojusznicy-w-czasie-agresji-kremla-na-ukraine\/#article","isPartOf":{"@id":"https:\/\/marekkuchcinski.pl\/hu\/wydarzenia\/konferencja-rosja-i-jej-sojusznicy-w-czasie-agresji-kremla-na-ukraine\/"},"author":{"name":"Marta Olejnik","@id":"https:\/\/marekkuchcinski.pl\/#\/schema\/person\/51d5d4ee3b5317b8e4dd2b48af359229"},"headline":"Konferencja \u201eRosja i jej sojusznicy w czasie agresji Kremla na Ukrain\u0119\u201d","datePublished":"2022-07-01T20:59:00+00:00","dateModified":"2022-07-05T20:07:58+00:00","mainEntityOfPage":{"@id":"https:\/\/marekkuchcinski.pl\/hu\/wydarzenia\/konferencja-rosja-i-jej-sojusznicy-w-czasie-agresji-kremla-na-ukraine\/"},"wordCount":817,"commentCount":0,"publisher":{"@id":"https:\/\/marekkuchcinski.pl\/#organization"},"image":{"@id":"https:\/\/marekkuchcinski.pl\/hu\/wydarzenia\/konferencja-rosja-i-jej-sojusznicy-w-czasie-agresji-kremla-na-ukraine\/#primaryimage"},"thumbnailUrl":"https:\/\/marekkuchcinski.pl\/wp-content\/uploads\/2022\/07\/IMG_8299_edited.jpg","articleSection":["Wsp\u00f3\u0142praca mi\u0119dzynarodowa","Wydarzenia"],"inLanguage":"sk-SK","potentialAction":[{"@type":"CommentAction","name":"Comment","target":["https:\/\/marekkuchcinski.pl\/hu\/wydarzenia\/konferencja-rosja-i-jej-sojusznicy-w-czasie-agresji-kremla-na-ukraine\/#respond"]}]},{"@type":"WebPage","@id":"https:\/\/marekkuchcinski.pl\/hu\/wydarzenia\/konferencja-rosja-i-jej-sojusznicy-w-czasie-agresji-kremla-na-ukraine\/","url":"https:\/\/marekkuchcinski.pl\/hu\/wydarzenia\/konferencja-rosja-i-jej-sojusznicy-w-czasie-agresji-kremla-na-ukraine\/","name":"Konferencja \u201eRosja i jej sojusznicy w czasie agresji Kremla na Ukrain\u0119\u201d &#8211; Marek Kuchci\u0144ski","isPartOf":{"@id":"https:\/\/marekkuchcinski.pl\/#website"},"primaryImageOfPage":{"@id":"https:\/\/marekkuchcinski.pl\/hu\/wydarzenia\/konferencja-rosja-i-jej-sojusznicy-w-czasie-agresji-kremla-na-ukraine\/#primaryimage"},"image":{"@id":"https:\/\/marekkuchcinski.pl\/hu\/wydarzenia\/konferencja-rosja-i-jej-sojusznicy-w-czasie-agresji-kremla-na-ukraine\/#primaryimage"},"thumbnailUrl":"https:\/\/marekkuchcinski.pl\/wp-content\/uploads\/2022\/07\/IMG_8299_edited.jpg","datePublished":"2022-07-01T20:59:00+00:00","dateModified":"2022-07-05T20:07:58+00:00","breadcrumb":{"@id":"https:\/\/marekkuchcinski.pl\/hu\/wydarzenia\/konferencja-rosja-i-jej-sojusznicy-w-czasie-agresji-kremla-na-ukraine\/#breadcrumb"},"inLanguage":"sk-SK","potentialAction":[{"@type":"ReadAction","target":["https:\/\/marekkuchcinski.pl\/hu\/wydarzenia\/konferencja-rosja-i-jej-sojusznicy-w-czasie-agresji-kremla-na-ukraine\/"]}]},{"@type":"ImageObject","inLanguage":"sk-SK","@id":"https:\/\/marekkuchcinski.pl\/hu\/wydarzenia\/konferencja-rosja-i-jej-sojusznicy-w-czasie-agresji-kremla-na-ukraine\/#primaryimage","url":"https:\/\/marekkuchcinski.pl\/wp-content\/uploads\/2022\/07\/IMG_8299_edited.jpg","contentUrl":"https:\/\/marekkuchcinski.pl\/wp-content\/uploads\/2022\/07\/IMG_8299_edited.jpg","width":1600,"height":1026},{"@type":"BreadcrumbList","@id":"https:\/\/marekkuchcinski.pl\/hu\/wydarzenia\/konferencja-rosja-i-jej-sojusznicy-w-czasie-agresji-kremla-na-ukraine\/#breadcrumb","itemListElement":[{"@type":"ListItem","position":1,"name":"Strona g\u0142\u00f3wna","item":"https:\/\/marekkuchcinski.pl\/"},{"@type":"ListItem","position":2,"name":"Konferencja \u201eRosja i jej sojusznicy w czasie agresji Kremla na Ukrain\u0119\u201d"}]},{"@type":"WebSite","@id":"https:\/\/marekkuchcinski.pl\/#website","url":"https:\/\/marekkuchcinski.pl\/","name":"Marek Kuchci\u0144ski","description":"Pose\u0142 na sejm RP &ndash; okr\u0119g nr 22","publisher":{"@id":"https:\/\/marekkuchcinski.pl\/#organization"},"potentialAction":[{"@type":"SearchAction","target":{"@type":"EntryPoint","urlTemplate":"https:\/\/marekkuchcinski.pl\/?s={search_term_string}"},"query-input":{"@type":"PropertyValueSpecification","valueRequired":true,"valueName":"search_term_string"}}],"inLanguage":"sk-SK"},{"@type":"Organization","@id":"https:\/\/marekkuchcinski.pl\/#organization","name":"Marek Kuchci\u0144ski","url":"https:\/\/marekkuchcinski.pl\/","logo":{"@type":"ImageObject","inLanguage":"sk-SK","@id":"https:\/\/marekkuchcinski.pl\/#\/schema\/logo\/image\/","url":"https:\/\/marekkuchcinski.pl\/wp-content\/uploads\/2022\/09\/Marek.jpg","contentUrl":"https:\/\/marekkuchcinski.pl\/wp-content\/uploads\/2022\/09\/Marek.jpg","width":1600,"height":971,"caption":"Marek Kuchci\u0144ski"},"image":{"@id":"https:\/\/marekkuchcinski.pl\/#\/schema\/logo\/image\/"}},{"@type":"Person","@id":"https:\/\/marekkuchcinski.pl\/#\/schema\/person\/51d5d4ee3b5317b8e4dd2b48af359229","name":"Marta Olejnik","image":{"@type":"ImageObject","inLanguage":"sk-SK","@id":"https:\/\/marekkuchcinski.pl\/#\/schema\/person\/image\/","url":"https:\/\/secure.gravatar.com\/avatar\/e39914b2aa6a48959e24d475b5dc9793?s=96&d=mm&r=g","contentUrl":"https:\/\/secure.gravatar.com\/avatar\/e39914b2aa6a48959e24d475b5dc9793?s=96&d=mm&r=g","caption":"Marta Olejnik"},"url":"https:\/\/marekkuchcinski.pl\/sk\/author\/marta\/"}]}},"_links":{"self":[{"href":"https:\/\/marekkuchcinski.pl\/sk\/wp-json\/wp\/v2\/posts\/25632","targetHints":{"allow":["GET"]}}],"collection":[{"href":"https:\/\/marekkuchcinski.pl\/sk\/wp-json\/wp\/v2\/posts"}],"about":[{"href":"https:\/\/marekkuchcinski.pl\/sk\/wp-json\/wp\/v2\/types\/post"}],"author":[{"embeddable":true,"href":"https:\/\/marekkuchcinski.pl\/sk\/wp-json\/wp\/v2\/users\/21"}],"replies":[{"embeddable":true,"href":"https:\/\/marekkuchcinski.pl\/sk\/wp-json\/wp\/v2\/comments?post=25632"}],"version-history":[{"count":13,"href":"https:\/\/marekkuchcinski.pl\/sk\/wp-json\/wp\/v2\/posts\/25632\/revisions"}],"predecessor-version":[{"id":25666,"href":"https:\/\/marekkuchcinski.pl\/sk\/wp-json\/wp\/v2\/posts\/25632\/revisions\/25666"}],"wp:featuredmedia":[{"embeddable":true,"href":"https:\/\/marekkuchcinski.pl\/sk\/wp-json\/wp\/v2\/media\/25634"}],"wp:attachment":[{"href":"https:\/\/marekkuchcinski.pl\/sk\/wp-json\/wp\/v2\/media?parent=25632"}],"wp:term":[{"taxonomy":"category","embeddable":true,"href":"https:\/\/marekkuchcinski.pl\/sk\/wp-json\/wp\/v2\/categories?post=25632"},{"taxonomy":"post_tag","embeddable":true,"href":"https:\/\/marekkuchcinski.pl\/sk\/wp-json\/wp\/v2\/tags?post=25632"}],"curies":[{"name":"wp","href":"https:\/\/api.w.org\/{rel}","templated":true}]}}