{"id":25530,"date":"2022-06-17T17:29:00","date_gmt":"2022-06-17T15:29:00","guid":{"rendered":"https:\/\/marekkuchcinski.pl\/?p=25530"},"modified":"2022-06-17T17:36:46","modified_gmt":"2022-06-17T15:36:46","slug":"krajowy-plan-odbudowy-wzmocni-polska-gospodarke-bezpieczenstwo-i-da-impuls-do-rozwoju","status":"publish","type":"post","link":"https:\/\/marekkuchcinski.pl\/sk\/wydarzenia\/krajowy-plan-odbudowy-wzmocni-polska-gospodarke-bezpieczenstwo-i-da-impuls-do-rozwoju\/","title":{"rendered":"Unia Europejska zatwierdzi\u0142a polski Krajowy Plan Odbudowy (KPO)"},"content":{"rendered":"<p class=\"wp-block-paragraph\"><\/p>\n\n\n\n<p class=\"wp-block-paragraph\">Dzi\u015b pa\u0144stwa cz\u0142onkowskie Unii Europejskiej zatwierdzi\u0142y polski Krajowy Plan Odbudowy (KPO). Decyzja zosta\u0142a podj\u0119ta na posiedzeniu ministr\u00f3w finans\u00f3w pa\u0144stw UE w Luksemburgu.<\/p>\n\n\n\n<p class=\"wp-block-paragraph\">Komisja Europejska (KE) zaakceptowa\u0142a KPO i dzisiejsza decyzja jest fina\u0142em ca\u0142ej procedury. Jak podkre\u015bli\u0142 rzecznik rz\u0105du Piotr M\u00fcller, ju\u017c rozpocz\u0119to finansowanie wszystkich program\u00f3w przewidzianych na najbli\u017csze miesi\u0105ce w ramach procedury prefinansowania krajowego &#8211; rozpoczyna si\u0119 realizacja program\u00f3w, kt\u00f3re s\u0105 w KPO, czyli inwestycji drogowych, kolejowych, program Maluch Plus, kolejna edycja programu Czyste Powietrze.<\/p>\n\n\n\n<p class=\"wp-block-paragraph\"><strong>Krajowy Plan Odbudowy wzmocni polsk\u0105 gospodark\u0119, bezpiecze\u0144stwo i da impuls do rozwoju. KPO sk\u0142ada si\u0119 z 54 inwestycji i 48 reform \u2013 ponad 158,5 mld z\u0142,\u00a0 z czego 106,9 mld z\u0142 to \u015brodki bezzwrotne.<\/strong><\/p>\n\n\n\n<p class=\"wp-block-paragraph\"><strong>KPO koncentruje si\u0119 na 5 szerokich blokach tematycznych:<\/strong><\/p>\n\n\n\n<p class=\"wp-block-paragraph\">ODPORNO\u015a\u0106 I KONKURENCYJNO\u015a\u0106 GOSPODARKI<\/p>\n\n\n\n<p class=\"wp-block-paragraph\">ZIELONA ENERGIA I ZMNIEJSZENIE ENERGOCH\u0141ONNO\u015aCI<\/p>\n\n\n\n<p class=\"wp-block-paragraph\">TRANSFORMACJA CYFROWA<\/p>\n\n\n\n<p class=\"wp-block-paragraph\">EFEKTYWNO\u015a\u0106, DOST\u0118PNO\u015a\u0106 I JAKO\u015a\u0106 SYSTEMU OCHRONY ZDROWIA<\/p>\n\n\n\n<p class=\"wp-block-paragraph\">ZIELONA, INTELIGENTNA MOBILNO\u015a\u0106<\/p>\n\n\n\n<p class=\"wp-block-paragraph\">ODPORNO\u015a\u0106 I KONKURENCYJNO\u015a\u0106 GOSPODARKI<\/p>\n\n\n\n<p class=\"wp-block-paragraph\">zak\u0142ada m.in. przygotowanie kluczowych dla gospodarki inwestycji, wdra\u017canie technologii i innowacji \u015brodowiskowych czy zwi\u0119kszenie liczby miejsc w \u017c\u0142obkach.<\/p>\n\n\n\n<p class=\"wp-block-paragraph\">ZIELONA ENERGIA I ZMNIEJSZENIE ENERGOCH\u0141ONNO\u015aCI<\/p>\n\n\n\n<p class=\"wp-block-paragraph\">zwi\u0119ksz\u0105 efektywno\u015b\u0107 prowadzonych dotychczas dzia\u0142a\u0144 w zakresie poprawy jako\u015bci powietrza w Polsce, zak\u0142ada wymian\u0119 \u017ar\u00f3de\u0142 ciep\u0142a i termomodernizacj\u0119 energetyczn\u0105. Fundamentem polskiej energetyki mog\u0105 sta\u0107 si\u0119 morskie farmy wiatrowe na Ba\u0142tyku. Ponadto 2,5 mln hektar\u00f3w grunt\u00f3w rolnych i le\u015bnych skorzysta z ulepszonej retencji wody.<\/p>\n\n\n\n<p class=\"wp-block-paragraph\">TRANSFORMACJA CYFROWA<\/p>\n\n\n\n<p class=\"wp-block-paragraph\">to m.in. nowe e-us\u0142ugi publiczne, platformy danych, systemy informatyczne. podnoszenie kompetencji cyfrowych obywateli, dost\u0119p do szerokopasmowego internetu, zniwelowanie cyfrowych nier\u00f3wno\u015bci w dost\u0119pie do edukacji.<\/p>\n\n\n\n<p class=\"wp-block-paragraph\">Program przewiduje m.in. 1,2 mln przeno\u015bnych komputer\u00f3w z niezb\u0119dnym oprogramowaniem dostarczonych do szk\u00f3\u0142 do u\u017cytku nauczycieli i uczni\u00f3w.<\/p>\n\n\n\n<p class=\"wp-block-paragraph\">EFEKTYWNO\u015a\u0106, DOST\u0118PNO\u015a\u0106 I JAKO\u015a\u0106 SYSTEMU OCHRONY ZDROWIA<\/p>\n\n\n\n<p class=\"wp-block-paragraph\">to przeprowadzenie przebudowy, rozbudowy i modernizacji m.in. szpitali czy uzdrowisk, to r\u00f3wnie\u017c nowoczesny sprz\u0119t, aparatura medyczna i poprawa jako\u015bci leczenia pacjent\u00f3w, a tak\u017ce finansowe wsparcie 80 projekt\u00f3w badawczych dla jednostek naukowych<br>i przedsi\u0119biorc\u00f3w z sektora biomedycznego.<\/p>\n\n\n\n<p class=\"wp-block-paragraph\">25 400 student\u00f3w z zakresu nauk medycznych otrzyma wsparcie finansowe lub mentorskie<\/p>\n\n\n\n<p class=\"wp-block-paragraph\">ZIELONA, INTELIGENTNA MOBILNO\u015a\u0106<\/p>\n\n\n\n<p class=\"wp-block-paragraph\">ma zwi\u0119kszy\u0107 udzia\u0142 paliw alternatywnych. Nowelizacja ustawy o elektromobilno\u015bci zwi\u0119kszy udzia\u0142 pojazd\u00f3w ekologicznych w zam\u00f3wieniach publicznych, wprowadzi dla miast ustawowy obowi\u0105zek wymiany autobus\u00f3w na elektryczne i wodorowe, polepszy komunikacj\u0119 we wszystkich regionach.<\/p>\n\n\n\n<p class=\"wp-block-paragraph\">Zak\u0142ada r\u00f3wnie\u017c obowi\u0105zek tworzenia stref czystego transportu w miastach o liczbie mieszka\u0144c\u00f3w powy\u017cej 100 tys., zakup ponad 100 nowoczesnych jednostek na potrzeby PKP Intercity oraz regionalnych operator\u00f3w, zwi\u0119kszenie poziomu bezpiecze\u0144stwa ruchu poprzez przebudow\u0119 305 miejsc niebezpiecznych, budow\u0119 90 km drogowych obwodnic oraz instalacj\u0119 128 automatycznych urz\u0105dze\u0144 rejestruj\u0105cych.<\/p>\n\n\n\n<p class=\"wp-block-paragraph\">Poniewa\u017c w przestrzeni medialnej pojawiaj\u0105 si\u0119 nieprawdziwe informacje, zapewniamy, \u017ce:<\/p>\n\n\n\n<p class=\"wp-block-paragraph\">nie prowadzimy prac i nie planujemy obj\u0119cia odcink\u00f3w dr\u00f3g ekspresowych op\u0142atami za przejazd pojazd\u00f3w lekkich (m.in. samochody osobowe, motocykle). Najbli\u017csze rozszerzenie systemu poboru op\u0142at jest planowane wy\u0142\u0105cznie dla pojazd\u00f3w o dopuszczalnej masie ca\u0142kowitej powy\u017cej 3,5 tony oraz autobus\u00f3w.<\/p>\n\n\n\n<p class=\"wp-block-paragraph\">Chcemy, \u017ceby jako\u015b\u0107 dr\u00f3g w Polsce by\u0142a wysoka. Przede wszystkim du\u017ce pojazdy, takie jak tiry, niszcz\u0105 nasze drogi. To naturalne, \u017ce bogate firmy ekspedycyjne, logistyczne i transportowe (w tym mi\u0119dzynarodowe), powinny ponosi\u0107 wi\u0119kszy koszt utrzymania dr\u00f3g.<\/p>\n\n\n\n<p class=\"wp-block-paragraph\">B\u0119dziemy promowa\u0107 korzystanie z aut elektrycznych. Dlatego chcemy wprowadzi\u0107 ni\u017csz\u0105 ni\u017c obecnie op\u0142at\u0119 rejestracyjn\u0105 dla takich pojazd\u00f3w. Nie b\u0119dziemy odg\u00f3rnie narzuca\u0107 samorz\u0105dom ogranicze\u0144 dot. wjazdu samochod\u00f3w spalinowych do miast.<\/p>\n\n\n\n<p class=\"wp-block-paragraph\">Nie ma decyzji o masowym osk\u0142adkowaniu wszystkich um\u00f3w-zlece\u0144 analogiczn\u0105 sk\u0142adk\u0105 spo\u0142eczn\u0105, jak jest przy umowach o prac\u0119.&nbsp; Ponadto nie trwaj\u0105 \u017cadne pracy i \u017cadne plany odno\u015bnie osk\u0142adkowania um\u00f3w o dzie\u0142o.<\/p>\n\n\n\n<p class=\"wp-block-paragraph\">Porozumienie z Komisj\u0105 Europejsk\u0105 ws. Krajowego Planu Odbudowy&nbsp;nie zak\u0142ada podwy\u017cszenia wieku emerytalnego. Chodzi o d\u0142u\u017csz\u0105 aktywno\u015b\u0107 zawodow\u0105 senior\u00f3w.<\/p>\n\n\n\n<p class=\"wp-block-paragraph\">Poprzez podniesienie progu podatkowego dla dochod\u00f3w z przedzia\u0142u&nbsp; 85 528 z\u0142 do 120 000 z\u0142 stawka podatku zosta\u0142a obni\u017cona a\u017c<br>o 20 punkt\u00f3w procentowych (z 32 do 12 proc.). Grupa os\u00f3b z dochodem powy\u017cej 120 tys. zyska\u0142a na obni\u017cce stawki podatku dochodowego.<\/p>\n\n\n\n<p class=\"wp-block-paragraph\">Ponadto wprowadzono r\u00f3wnie\u017c PIT-0 dla pracuj\u0105cych senior\u00f3w. Dzi\u0119ki temu w podatnicy b\u0119d\u0105cy adresatami tej ulgi wejd\u0105 w II pr\u00f3g dochodowy dopiero po przekroczeniu ponad 205 528 z\u0142.<\/p>\n\n\n\n<figure class=\"wp-block-image size-large\"><a href=\"https:\/\/marekkuchcinski.pl\/wp-content\/uploads\/2022\/06\/jk-www.jpg\"><img fetchpriority=\"high\" decoding=\"async\" width=\"1024\" height=\"716\" src=\"https:\/\/marekkuchcinski.pl\/wp-content\/uploads\/2022\/06\/jk-www-1024x716.jpg\" alt=\"\" class=\"wp-image-25532\" srcset=\"https:\/\/marekkuchcinski.pl\/wp-content\/uploads\/2022\/06\/jk-www-1024x716.jpg 1024w, https:\/\/marekkuchcinski.pl\/wp-content\/uploads\/2022\/06\/jk-www-300x210.jpg 300w, https:\/\/marekkuchcinski.pl\/wp-content\/uploads\/2022\/06\/jk-www-768x537.jpg 768w, https:\/\/marekkuchcinski.pl\/wp-content\/uploads\/2022\/06\/jk-www-1536x1073.jpg 1536w, https:\/\/marekkuchcinski.pl\/wp-content\/uploads\/2022\/06\/jk-www-18x12.jpg 18w, https:\/\/marekkuchcinski.pl\/wp-content\/uploads\/2022\/06\/jk-www.jpg 1600w\" sizes=\"(max-width: 1024px) 100vw, 1024px\" \/><\/a><figcaption>Prezes Jaros\u0142aw Kaczy\u0144ski podczas czerwcowej Konwencji PiS\/ fot. Marta Olejnik<\/figcaption><\/figure>","protected":false},"excerpt":{"rendered":"<p>Dzi\u015b pa\u0144stwa cz\u0142onkowskie Unii Europejskiej zatwierdzi\u0142y polski Krajowy Plan Odbudowy (KPO). Decyzja zosta\u0142a podj\u0119ta na posiedzeniu ministr\u00f3w finans\u00f3w pa\u0144stw UE w Luksemburgu. Komisja Europejska (KE) zaakceptowa\u0142a KPO i dzisiejsza decyzja jest fina\u0142em ca\u0142ej procedury. Jak podkre\u015bli\u0142 rzecznik rz\u0105du Piotr M\u00fcller, ju\u017c rozpocz\u0119to finansowanie wszystkich program\u00f3w przewidzianych na najbli\u017csze miesi\u0105ce w ramach procedury prefinansowania krajowego &#8211; [&hellip;]<\/p>\n","protected":false},"author":3,"featured_media":25532,"comment_status":"open","ping_status":"open","sticky":false,"template":"","format":"standard","meta":{"ngg_post_thumbnail":0,"footnotes":""},"categories":[82,3],"tags":[],"class_list":["post-25530","post","type-post","status-publish","format-standard","has-post-thumbnail","hentry","category-prawo-i-sprawiedliwosc","category-wydarzenia"],"yoast_head":"<!-- This site is optimized with the Yoast SEO plugin v28.4 - https:\/\/yoast.com\/product\/yoast-seo-wordpress\/ -->\n<title>Unia Europejska zatwierdzi\u0142a polski Krajowy Plan Odbudowy (KPO) &#8211; Marek Kuchci\u0144ski<\/title>\n<meta name=\"robots\" content=\"index, follow, max-snippet:-1, max-image-preview:large, max-video-preview:-1\" \/>\n<link rel=\"canonical\" href=\"https:\/\/marekkuchcinski.pl\/sk\/wydarzenia\/krajowy-plan-odbudowy-wzmocni-polska-gospodarke-bezpieczenstwo-i-da-impuls-do-rozwoju\/\" \/>\n<meta property=\"og:locale\" content=\"sk_SK\" \/>\n<meta property=\"og:type\" content=\"article\" \/>\n<meta property=\"og:title\" content=\"Unia Europejska zatwierdzi\u0142a polski Krajowy Plan Odbudowy (KPO) &#8211; Marek Kuchci\u0144ski\" \/>\n<meta property=\"og:description\" content=\"Dzi\u015b pa\u0144stwa cz\u0142onkowskie Unii Europejskiej zatwierdzi\u0142y polski Krajowy Plan Odbudowy (KPO). Decyzja zosta\u0142a podj\u0119ta na posiedzeniu ministr\u00f3w finans\u00f3w pa\u0144stw UE w Luksemburgu. Komisja Europejska (KE) zaakceptowa\u0142a KPO i dzisiejsza decyzja jest fina\u0142em ca\u0142ej procedury. Jak podkre\u015bli\u0142 rzecznik rz\u0105du Piotr M\u00fcller, ju\u017c rozpocz\u0119to finansowanie wszystkich program\u00f3w przewidzianych na najbli\u017csze miesi\u0105ce w ramach procedury prefinansowania krajowego &#8211; [&hellip;]\" \/>\n<meta property=\"og:url\" content=\"https:\/\/marekkuchcinski.pl\/sk\/wydarzenia\/krajowy-plan-odbudowy-wzmocni-polska-gospodarke-bezpieczenstwo-i-da-impuls-do-rozwoju\/\" \/>\n<meta property=\"og:site_name\" content=\"Marek Kuchci\u0144ski\" \/>\n<meta property=\"article:published_time\" content=\"2022-06-17T15:29:00+00:00\" \/>\n<meta property=\"article:modified_time\" content=\"2022-06-17T15:36:46+00:00\" \/>\n<meta property=\"og:image\" content=\"https:\/\/marekkuchcinski.pl\/wp-content\/uploads\/2022\/06\/jk-www.jpg\" \/>\n\t<meta property=\"og:image:width\" content=\"1600\" \/>\n\t<meta property=\"og:image:height\" content=\"1118\" \/>\n\t<meta property=\"og:image:type\" content=\"image\/jpeg\" \/>\n<meta name=\"author\" content=\"Marta Olejnik\" \/>\n<meta name=\"twitter:card\" content=\"summary_large_image\" \/>\n<meta name=\"twitter:label1\" content=\"Written by\" \/>\n\t<meta name=\"twitter:data1\" content=\"Marta Olejnik\" \/>\n\t<meta name=\"twitter:label2\" content=\"Est. reading time\" \/>\n\t<meta name=\"twitter:data2\" content=\"3 minutes\" \/>\n<script type=\"application\/ld+json\" class=\"yoast-schema-graph\">{\"@context\":\"https:\\\/\\\/schema.org\",\"@graph\":[{\"@type\":\"Article\",\"@id\":\"https:\\\/\\\/marekkuchcinski.pl\\\/wydarzenia\\\/krajowy-plan-odbudowy-wzmocni-polska-gospodarke-bezpieczenstwo-i-da-impuls-do-rozwoju\\\/#article\",\"isPartOf\":{\"@id\":\"https:\\\/\\\/marekkuchcinski.pl\\\/wydarzenia\\\/krajowy-plan-odbudowy-wzmocni-polska-gospodarke-bezpieczenstwo-i-da-impuls-do-rozwoju\\\/\"},\"author\":{\"name\":\"Marta Olejnik\",\"@id\":\"https:\\\/\\\/marekkuchcinski.pl\\\/#\\\/schema\\\/person\\\/bd3f15dee67fee76e83c8350d0154101\"},\"headline\":\"Unia Europejska zatwierdzi\u0142a polski Krajowy Plan Odbudowy (KPO)\",\"datePublished\":\"2022-06-17T15:29:00+00:00\",\"dateModified\":\"2022-06-17T15:36:46+00:00\",\"mainEntityOfPage\":{\"@id\":\"https:\\\/\\\/marekkuchcinski.pl\\\/wydarzenia\\\/krajowy-plan-odbudowy-wzmocni-polska-gospodarke-bezpieczenstwo-i-da-impuls-do-rozwoju\\\/\"},\"wordCount\":754,\"commentCount\":0,\"publisher\":{\"@id\":\"https:\\\/\\\/marekkuchcinski.pl\\\/#organization\"},\"image\":{\"@id\":\"https:\\\/\\\/marekkuchcinski.pl\\\/wydarzenia\\\/krajowy-plan-odbudowy-wzmocni-polska-gospodarke-bezpieczenstwo-i-da-impuls-do-rozwoju\\\/#primaryimage\"},\"thumbnailUrl\":\"https:\\\/\\\/marekkuchcinski.pl\\\/wp-content\\\/uploads\\\/2022\\\/06\\\/jk-www.jpg\",\"articleSection\":[\"Prawo i Sprawiedliwo\u015b\u0107\",\"Wydarzenia\"],\"inLanguage\":\"sk-SK\",\"potentialAction\":[{\"@type\":\"CommentAction\",\"name\":\"Comment\",\"target\":[\"https:\\\/\\\/marekkuchcinski.pl\\\/wydarzenia\\\/krajowy-plan-odbudowy-wzmocni-polska-gospodarke-bezpieczenstwo-i-da-impuls-do-rozwoju\\\/#respond\"]}]},{\"@type\":\"WebPage\",\"@id\":\"https:\\\/\\\/marekkuchcinski.pl\\\/wydarzenia\\\/krajowy-plan-odbudowy-wzmocni-polska-gospodarke-bezpieczenstwo-i-da-impuls-do-rozwoju\\\/\",\"url\":\"https:\\\/\\\/marekkuchcinski.pl\\\/wydarzenia\\\/krajowy-plan-odbudowy-wzmocni-polska-gospodarke-bezpieczenstwo-i-da-impuls-do-rozwoju\\\/\",\"name\":\"Unia Europejska zatwierdzi\u0142a polski Krajowy Plan Odbudowy (KPO) &#8211; Marek Kuchci\u0144ski\",\"isPartOf\":{\"@id\":\"https:\\\/\\\/marekkuchcinski.pl\\\/#website\"},\"primaryImageOfPage\":{\"@id\":\"https:\\\/\\\/marekkuchcinski.pl\\\/wydarzenia\\\/krajowy-plan-odbudowy-wzmocni-polska-gospodarke-bezpieczenstwo-i-da-impuls-do-rozwoju\\\/#primaryimage\"},\"image\":{\"@id\":\"https:\\\/\\\/marekkuchcinski.pl\\\/wydarzenia\\\/krajowy-plan-odbudowy-wzmocni-polska-gospodarke-bezpieczenstwo-i-da-impuls-do-rozwoju\\\/#primaryimage\"},\"thumbnailUrl\":\"https:\\\/\\\/marekkuchcinski.pl\\\/wp-content\\\/uploads\\\/2022\\\/06\\\/jk-www.jpg\",\"datePublished\":\"2022-06-17T15:29:00+00:00\",\"dateModified\":\"2022-06-17T15:36:46+00:00\",\"breadcrumb\":{\"@id\":\"https:\\\/\\\/marekkuchcinski.pl\\\/wydarzenia\\\/krajowy-plan-odbudowy-wzmocni-polska-gospodarke-bezpieczenstwo-i-da-impuls-do-rozwoju\\\/#breadcrumb\"},\"inLanguage\":\"sk-SK\",\"potentialAction\":[{\"@type\":\"ReadAction\",\"target\":[\"https:\\\/\\\/marekkuchcinski.pl\\\/wydarzenia\\\/krajowy-plan-odbudowy-wzmocni-polska-gospodarke-bezpieczenstwo-i-da-impuls-do-rozwoju\\\/\"]}]},{\"@type\":\"ImageObject\",\"inLanguage\":\"sk-SK\",\"@id\":\"https:\\\/\\\/marekkuchcinski.pl\\\/wydarzenia\\\/krajowy-plan-odbudowy-wzmocni-polska-gospodarke-bezpieczenstwo-i-da-impuls-do-rozwoju\\\/#primaryimage\",\"url\":\"https:\\\/\\\/marekkuchcinski.pl\\\/wp-content\\\/uploads\\\/2022\\\/06\\\/jk-www.jpg\",\"contentUrl\":\"https:\\\/\\\/marekkuchcinski.pl\\\/wp-content\\\/uploads\\\/2022\\\/06\\\/jk-www.jpg\",\"width\":1600,\"height\":1118},{\"@type\":\"BreadcrumbList\",\"@id\":\"https:\\\/\\\/marekkuchcinski.pl\\\/wydarzenia\\\/krajowy-plan-odbudowy-wzmocni-polska-gospodarke-bezpieczenstwo-i-da-impuls-do-rozwoju\\\/#breadcrumb\",\"itemListElement\":[{\"@type\":\"ListItem\",\"position\":1,\"name\":\"Strona g\u0142\u00f3wna\",\"item\":\"https:\\\/\\\/marekkuchcinski.pl\\\/\"},{\"@type\":\"ListItem\",\"position\":2,\"name\":\"Unia Europejska zatwierdzi\u0142a polski Krajowy Plan Odbudowy (KPO)\"}]},{\"@type\":\"WebSite\",\"@id\":\"https:\\\/\\\/marekkuchcinski.pl\\\/#website\",\"url\":\"https:\\\/\\\/marekkuchcinski.pl\\\/\",\"name\":\"Marek Kuchci\u0144ski\",\"description\":\"Marek Kuchci\u0144ski \",\"publisher\":{\"@id\":\"https:\\\/\\\/marekkuchcinski.pl\\\/#organization\"},\"potentialAction\":[{\"@type\":\"SearchAction\",\"target\":{\"@type\":\"EntryPoint\",\"urlTemplate\":\"https:\\\/\\\/marekkuchcinski.pl\\\/?s={search_term_string}\"},\"query-input\":{\"@type\":\"PropertyValueSpecification\",\"valueRequired\":true,\"valueName\":\"search_term_string\"}}],\"inLanguage\":\"sk-SK\"},{\"@type\":\"Organization\",\"@id\":\"https:\\\/\\\/marekkuchcinski.pl\\\/#organization\",\"name\":\"Marek Kuchci\u0144ski\",\"url\":\"https:\\\/\\\/marekkuchcinski.pl\\\/\",\"logo\":{\"@type\":\"ImageObject\",\"inLanguage\":\"sk-SK\",\"@id\":\"https:\\\/\\\/marekkuchcinski.pl\\\/#\\\/schema\\\/logo\\\/image\\\/\",\"url\":\"https:\\\/\\\/marekkuchcinski.pl\\\/wp-content\\\/uploads\\\/2022\\\/09\\\/Marek.jpg\",\"contentUrl\":\"https:\\\/\\\/marekkuchcinski.pl\\\/wp-content\\\/uploads\\\/2022\\\/09\\\/Marek.jpg\",\"width\":1600,\"height\":971,\"caption\":\"Marek Kuchci\u0144ski\"},\"image\":{\"@id\":\"https:\\\/\\\/marekkuchcinski.pl\\\/#\\\/schema\\\/logo\\\/image\\\/\"}},{\"@type\":\"Person\",\"@id\":\"https:\\\/\\\/marekkuchcinski.pl\\\/#\\\/schema\\\/person\\\/bd3f15dee67fee76e83c8350d0154101\",\"name\":\"Marta Olejnik\",\"image\":{\"@type\":\"ImageObject\",\"inLanguage\":\"sk-SK\",\"@id\":\"https:\\\/\\\/secure.gravatar.com\\\/avatar\\\/24754edd6080383402e292374b406b553027d572e97d60e7aa89a6940e88659a?s=96&d=mm&r=g\",\"url\":\"https:\\\/\\\/secure.gravatar.com\\\/avatar\\\/24754edd6080383402e292374b406b553027d572e97d60e7aa89a6940e88659a?s=96&d=mm&r=g\",\"contentUrl\":\"https:\\\/\\\/secure.gravatar.com\\\/avatar\\\/24754edd6080383402e292374b406b553027d572e97d60e7aa89a6940e88659a?s=96&d=mm&r=g\",\"caption\":\"Marta Olejnik\"},\"url\":\"https:\\\/\\\/marekkuchcinski.pl\\\/sk\\\/author\\\/marta\\\/\"}]}<\/script>\n<!-- \/ Yoast SEO plugin. -->","yoast_head_json":{"title":"Unia Europejska zatwierdzi\u0142a polski Krajowy Plan Odbudowy (KPO) &#8211; Marek Kuchci\u0144ski","robots":{"index":"index","follow":"follow","max-snippet":"max-snippet:-1","max-image-preview":"max-image-preview:large","max-video-preview":"max-video-preview:-1"},"canonical":"https:\/\/marekkuchcinski.pl\/sk\/wydarzenia\/krajowy-plan-odbudowy-wzmocni-polska-gospodarke-bezpieczenstwo-i-da-impuls-do-rozwoju\/","og_locale":"sk_SK","og_type":"article","og_title":"Unia Europejska zatwierdzi\u0142a polski Krajowy Plan Odbudowy (KPO) &#8211; Marek Kuchci\u0144ski","og_description":"Dzi\u015b pa\u0144stwa cz\u0142onkowskie Unii Europejskiej zatwierdzi\u0142y polski Krajowy Plan Odbudowy (KPO). Decyzja zosta\u0142a podj\u0119ta na posiedzeniu ministr\u00f3w finans\u00f3w pa\u0144stw UE w Luksemburgu. Komisja Europejska (KE) zaakceptowa\u0142a KPO i dzisiejsza decyzja jest fina\u0142em ca\u0142ej procedury. Jak podkre\u015bli\u0142 rzecznik rz\u0105du Piotr M\u00fcller, ju\u017c rozpocz\u0119to finansowanie wszystkich program\u00f3w przewidzianych na najbli\u017csze miesi\u0105ce w ramach procedury prefinansowania krajowego &#8211; [&hellip;]","og_url":"https:\/\/marekkuchcinski.pl\/sk\/wydarzenia\/krajowy-plan-odbudowy-wzmocni-polska-gospodarke-bezpieczenstwo-i-da-impuls-do-rozwoju\/","og_site_name":"Marek Kuchci\u0144ski","article_published_time":"2022-06-17T15:29:00+00:00","article_modified_time":"2022-06-17T15:36:46+00:00","og_image":[{"width":1600,"height":1118,"url":"https:\/\/marekkuchcinski.pl\/wp-content\/uploads\/2022\/06\/jk-www.jpg","type":"image\/jpeg"}],"author":"Marta Olejnik","twitter_card":"summary_large_image","twitter_misc":{"Written by":"Marta Olejnik","Est. reading time":"3 minutes"},"schema":{"@context":"https:\/\/schema.org","@graph":[{"@type":"Article","@id":"https:\/\/marekkuchcinski.pl\/wydarzenia\/krajowy-plan-odbudowy-wzmocni-polska-gospodarke-bezpieczenstwo-i-da-impuls-do-rozwoju\/#article","isPartOf":{"@id":"https:\/\/marekkuchcinski.pl\/wydarzenia\/krajowy-plan-odbudowy-wzmocni-polska-gospodarke-bezpieczenstwo-i-da-impuls-do-rozwoju\/"},"author":{"name":"Marta Olejnik","@id":"https:\/\/marekkuchcinski.pl\/#\/schema\/person\/bd3f15dee67fee76e83c8350d0154101"},"headline":"Unia Europejska zatwierdzi\u0142a polski Krajowy Plan Odbudowy (KPO)","datePublished":"2022-06-17T15:29:00+00:00","dateModified":"2022-06-17T15:36:46+00:00","mainEntityOfPage":{"@id":"https:\/\/marekkuchcinski.pl\/wydarzenia\/krajowy-plan-odbudowy-wzmocni-polska-gospodarke-bezpieczenstwo-i-da-impuls-do-rozwoju\/"},"wordCount":754,"commentCount":0,"publisher":{"@id":"https:\/\/marekkuchcinski.pl\/#organization"},"image":{"@id":"https:\/\/marekkuchcinski.pl\/wydarzenia\/krajowy-plan-odbudowy-wzmocni-polska-gospodarke-bezpieczenstwo-i-da-impuls-do-rozwoju\/#primaryimage"},"thumbnailUrl":"https:\/\/marekkuchcinski.pl\/wp-content\/uploads\/2022\/06\/jk-www.jpg","articleSection":["Prawo i Sprawiedliwo\u015b\u0107","Wydarzenia"],"inLanguage":"sk-SK","potentialAction":[{"@type":"CommentAction","name":"Comment","target":["https:\/\/marekkuchcinski.pl\/wydarzenia\/krajowy-plan-odbudowy-wzmocni-polska-gospodarke-bezpieczenstwo-i-da-impuls-do-rozwoju\/#respond"]}]},{"@type":"WebPage","@id":"https:\/\/marekkuchcinski.pl\/wydarzenia\/krajowy-plan-odbudowy-wzmocni-polska-gospodarke-bezpieczenstwo-i-da-impuls-do-rozwoju\/","url":"https:\/\/marekkuchcinski.pl\/wydarzenia\/krajowy-plan-odbudowy-wzmocni-polska-gospodarke-bezpieczenstwo-i-da-impuls-do-rozwoju\/","name":"Unia Europejska zatwierdzi\u0142a polski Krajowy Plan Odbudowy (KPO) &#8211; Marek Kuchci\u0144ski","isPartOf":{"@id":"https:\/\/marekkuchcinski.pl\/#website"},"primaryImageOfPage":{"@id":"https:\/\/marekkuchcinski.pl\/wydarzenia\/krajowy-plan-odbudowy-wzmocni-polska-gospodarke-bezpieczenstwo-i-da-impuls-do-rozwoju\/#primaryimage"},"image":{"@id":"https:\/\/marekkuchcinski.pl\/wydarzenia\/krajowy-plan-odbudowy-wzmocni-polska-gospodarke-bezpieczenstwo-i-da-impuls-do-rozwoju\/#primaryimage"},"thumbnailUrl":"https:\/\/marekkuchcinski.pl\/wp-content\/uploads\/2022\/06\/jk-www.jpg","datePublished":"2022-06-17T15:29:00+00:00","dateModified":"2022-06-17T15:36:46+00:00","breadcrumb":{"@id":"https:\/\/marekkuchcinski.pl\/wydarzenia\/krajowy-plan-odbudowy-wzmocni-polska-gospodarke-bezpieczenstwo-i-da-impuls-do-rozwoju\/#breadcrumb"},"inLanguage":"sk-SK","potentialAction":[{"@type":"ReadAction","target":["https:\/\/marekkuchcinski.pl\/wydarzenia\/krajowy-plan-odbudowy-wzmocni-polska-gospodarke-bezpieczenstwo-i-da-impuls-do-rozwoju\/"]}]},{"@type":"ImageObject","inLanguage":"sk-SK","@id":"https:\/\/marekkuchcinski.pl\/wydarzenia\/krajowy-plan-odbudowy-wzmocni-polska-gospodarke-bezpieczenstwo-i-da-impuls-do-rozwoju\/#primaryimage","url":"https:\/\/marekkuchcinski.pl\/wp-content\/uploads\/2022\/06\/jk-www.jpg","contentUrl":"https:\/\/marekkuchcinski.pl\/wp-content\/uploads\/2022\/06\/jk-www.jpg","width":1600,"height":1118},{"@type":"BreadcrumbList","@id":"https:\/\/marekkuchcinski.pl\/wydarzenia\/krajowy-plan-odbudowy-wzmocni-polska-gospodarke-bezpieczenstwo-i-da-impuls-do-rozwoju\/#breadcrumb","itemListElement":[{"@type":"ListItem","position":1,"name":"Strona g\u0142\u00f3wna","item":"https:\/\/marekkuchcinski.pl\/"},{"@type":"ListItem","position":2,"name":"Unia Europejska zatwierdzi\u0142a polski Krajowy Plan Odbudowy (KPO)"}]},{"@type":"WebSite","@id":"https:\/\/marekkuchcinski.pl\/#website","url":"https:\/\/marekkuchcinski.pl\/","name":"Marek Kuchci\u0144ski","description":"Marek Kuchci\u0144ski","publisher":{"@id":"https:\/\/marekkuchcinski.pl\/#organization"},"potentialAction":[{"@type":"SearchAction","target":{"@type":"EntryPoint","urlTemplate":"https:\/\/marekkuchcinski.pl\/?s={search_term_string}"},"query-input":{"@type":"PropertyValueSpecification","valueRequired":true,"valueName":"search_term_string"}}],"inLanguage":"sk-SK"},{"@type":"Organization","@id":"https:\/\/marekkuchcinski.pl\/#organization","name":"Marek Kuchci\u0144ski","url":"https:\/\/marekkuchcinski.pl\/","logo":{"@type":"ImageObject","inLanguage":"sk-SK","@id":"https:\/\/marekkuchcinski.pl\/#\/schema\/logo\/image\/","url":"https:\/\/marekkuchcinski.pl\/wp-content\/uploads\/2022\/09\/Marek.jpg","contentUrl":"https:\/\/marekkuchcinski.pl\/wp-content\/uploads\/2022\/09\/Marek.jpg","width":1600,"height":971,"caption":"Marek Kuchci\u0144ski"},"image":{"@id":"https:\/\/marekkuchcinski.pl\/#\/schema\/logo\/image\/"}},{"@type":"Person","@id":"https:\/\/marekkuchcinski.pl\/#\/schema\/person\/bd3f15dee67fee76e83c8350d0154101","name":"Marta Olejnik","image":{"@type":"ImageObject","inLanguage":"sk-SK","@id":"https:\/\/secure.gravatar.com\/avatar\/24754edd6080383402e292374b406b553027d572e97d60e7aa89a6940e88659a?s=96&d=mm&r=g","url":"https:\/\/secure.gravatar.com\/avatar\/24754edd6080383402e292374b406b553027d572e97d60e7aa89a6940e88659a?s=96&d=mm&r=g","contentUrl":"https:\/\/secure.gravatar.com\/avatar\/24754edd6080383402e292374b406b553027d572e97d60e7aa89a6940e88659a?s=96&d=mm&r=g","caption":"Marta Olejnik"},"url":"https:\/\/marekkuchcinski.pl\/sk\/author\/marta\/"}]}},"_links":{"self":[{"href":"https:\/\/marekkuchcinski.pl\/sk\/wp-json\/wp\/v2\/posts\/25530","targetHints":{"allow":["GET"]}}],"collection":[{"href":"https:\/\/marekkuchcinski.pl\/sk\/wp-json\/wp\/v2\/posts"}],"about":[{"href":"https:\/\/marekkuchcinski.pl\/sk\/wp-json\/wp\/v2\/types\/post"}],"author":[{"embeddable":true,"href":"https:\/\/marekkuchcinski.pl\/sk\/wp-json\/wp\/v2\/users\/3"}],"replies":[{"embeddable":true,"href":"https:\/\/marekkuchcinski.pl\/sk\/wp-json\/wp\/v2\/comments?post=25530"}],"version-history":[{"count":7,"href":"https:\/\/marekkuchcinski.pl\/sk\/wp-json\/wp\/v2\/posts\/25530\/revisions"}],"predecessor-version":[{"id":25561,"href":"https:\/\/marekkuchcinski.pl\/sk\/wp-json\/wp\/v2\/posts\/25530\/revisions\/25561"}],"wp:featuredmedia":[{"embeddable":true,"href":"https:\/\/marekkuchcinski.pl\/sk\/wp-json\/wp\/v2\/media\/25532"}],"wp:attachment":[{"href":"https:\/\/marekkuchcinski.pl\/sk\/wp-json\/wp\/v2\/media?parent=25530"}],"wp:term":[{"taxonomy":"category","embeddable":true,"href":"https:\/\/marekkuchcinski.pl\/sk\/wp-json\/wp\/v2\/categories?post=25530"},{"taxonomy":"post_tag","embeddable":true,"href":"https:\/\/marekkuchcinski.pl\/sk\/wp-json\/wp\/v2\/tags?post=25530"}],"curies":[{"name":"wp","href":"https:\/\/api.w.org\/{rel}","templated":true}]}}