{"id":25500,"date":"2022-06-15T22:44:00","date_gmt":"2022-06-15T20:44:00","guid":{"rendered":"https:\/\/marekkuchcinski.pl\/?p=25500"},"modified":"2022-06-21T21:05:59","modified_gmt":"2022-06-21T19:05:59","slug":"marek-kuchcinski-podczas-forum-slowacja-polska-wzmacnianie-wspolpracy-miedzy-naszymi-panstwami-w-kontekscie-calej-europy-srodkowej-ma-szczegolne-znaczenie-w-dzisiejszym-swiecie-i-w-aktualnej-sytuacji","status":"publish","type":"post","link":"https:\/\/marekkuchcinski.pl\/sk\/wydarzenia\/marek-kuchcinski-podczas-forum-slowacja-polska-wzmacnianie-wspolpracy-miedzy-naszymi-panstwami-w-kontekscie-calej-europy-srodkowej-ma-szczegolne-znaczenie-w-dzisiejszym-swiecie-i-w-aktualnej-sytuacji\/","title":{"rendered":"Marek Kuchci\u0144ski po\u010das slovensko-po\u013esk\u00e9ho f\u00f3ra: Posilnenie spolupr\u00e1ce medzi na\u0161imi krajinami v kontexte celej strednej Eur\u00f3py je v dne\u0161nom svete a v s\u00fa\u010dasnej politickej situ\u00e1cii mimoriadne d\u00f4le\u017eit\u00e9"},"content":{"rendered":"<p>Cie\u013eom 3. slovensko-po\u013esk\u00e9ho f\u00f3ra v Bardejovsk\u00fdch K\u00fape\u013eoch na Slovensku je budovanie dobr\u00fdch vz\u0165ahov a vytv\u00e1ranie mo\u017enost\u00ed spolupr\u00e1ce medzi partnermi zo Slovenska a Po\u013eska. Panely boli venovan\u00e9 v\u00fdsledkom a priorit\u00e1m slovensko-po\u013eskej cezhrani\u010dnej spolupr\u00e1ce, na\u0161ej solidarite tv\u00e1rou v tv\u00e1r nov\u00fdm v\u00fdzvam, posilneniu dopravnej infra\u0161trukt\u00fary v po\u013esko-slovenskom pohrani\u010d\u00ed a perspekt\u00edvam rozvoja po\u013esko-slovensk\u00fdch hospod\u00e1rskych vz\u0165ahov.<\/p>\n\n\n\n<p><strong>Posilnenie spolupr\u00e1ce medzi na\u0161imi \u0161t\u00e1tmi v kontexte celej strednej Eur\u00f3py je v dne\u0161nom svete a v s\u00fa\u010dasnej politickej situ\u00e1cii v Eur\u00f3pe mimoriadne d\u00f4le\u017eit\u00e9. Ve\u013emi zrete\u013ene vid\u00edme, \u017ee prel\u00ednanie ve\u013ek\u00fdch kr\u00edz, ktor\u00e9 sa t\u00fdkaj\u00fa cel\u00e9ho sveta, n\u00e1s podnecuje k tomu, aby sme mysleli viac lok\u00e1lne a udr\u017eiavali tie v\u00e4zby a kontakty, ktor\u00e9 s\u00fa preru\u0161en\u00e9 hospod\u00e1rskymi kr\u00edzami, infl\u00e1ciou, pand\u00e9miami alebo vojnami. Mali by sme zabezpe\u010di\u0165, aby sa t\u00e1to spolupr\u00e1ca rozv\u00edjala s vyu\u017eit\u00edm v\u0161etk\u00fdch s\u00edl verejn\u00fdch org\u00e1nov - parlamentov, vl\u00e1d, miestnych samospr\u00e1v, ale aj in\u00fdch in\u0161tit\u00faci\u00ed. Vyhliadky s\u00fa vynikaj\u00face, ale v\u00fdzvy ve\u013ek\u00e9,\" povedal predseda V\u00fdboru pre zahrani\u010dn\u00e9 veci Marek Kuchci\u0144ski.<\/strong><\/p>\n\n\n\n<p>Pod\u013ea predsedu parlamentu Kuchci\u0144sk\u00e9ho <strong>Po\u013esko-slovensk\u00e1 spolupr\u00e1ca sa rozv\u00edja \u010doraz lep\u0161ie a okrem in\u00e9ho ju ur\u00fdchlila aj vojna, ktor\u00e1 v\u0161ak sp\u00f4sobila hospod\u00e1rsku kr\u00edzu. Ke\u010f sa pozrieme sp\u00e4\u0165 na rok 2004, E\u00da n\u00e1m vytvorila obrovsk\u00e9 pr\u00edle\u017eitosti: \u017eiadne hranice, vo\u013en\u00e9 cestovanie, hospod\u00e1rsky a soci\u00e1lny rozvoj at\u010f. Z politick\u00e9ho h\u013eadiska sa n\u00e1s v\u0161ak niektor\u00e9 kr\u00edzy nedot\u00fdkaj\u00fa v takej miere ako z\u00e1padn\u00fdch spolo\u010dnost\u00ed E\u00da. Napr\u00edklad kr\u00edza hodn\u00f4t. Mus\u00edme si uvedomi\u0165, \u010do to pre n\u00e1s znamen\u00e1. Okrem hospod\u00e1rskej spolupr\u00e1ce je d\u00f4le\u017eit\u00fd aj \u010dlovek, ktor\u00fd je hodnotou. Mus\u00edme sa zamyslie\u0165 nad t\u00fdm, ako tieto hodnoty chr\u00e1ni\u0165, aby posilnili na\u0161e vz\u0165ahy a spolupr\u00e1cu medzi Po\u013eskom a Slovenskom a celou strednou Eur\u00f3pou.<\/strong><\/p>\n\n\n\n<p>Predseda V\u00fdboru pre zahrani\u010dn\u00e9 veci tie\u017e zd\u00f4raznil, \u017ee <strong>Pokia\u013e ide o miestne samospr\u00e1vy, stoj\u00ed za to zv\u00e1\u017ei\u0165, ako pripravi\u0165 bud\u00face projekty (a na tie bud\u00fa obrovsk\u00e9 peniaze - miliardy zlot\u00fdch z N\u00e1rodn\u00e9ho pl\u00e1nu obnovy, po\u013esk\u00e9ho nariadenia a najm\u00e4 z Programu strategick\u00fdch invest\u00edci\u00ed). Ako ich napl\u00e1nova\u0165 tak, aby spolupracovali so slovensk\u00fdmi projektmi. To n\u00e1m prinesie dvojit\u00fd efekt. Budeme rozv\u00edja\u0165 nielen na\u0161e pohrani\u010dn\u00e9 okresy, ale aj na\u0161u spolupr\u00e1cu. D\u00f4le\u017eit\u00e9 je dopravn\u00e9 spojenie, nielen Via Carpatia, dobudovanie dia\u013enice S1 alebo miestnych ciest a \u017eelezn\u00edc, napr. v okol\u00ed Muszyny. Mus\u00edme myslie\u0165 na severoju\u017en\u00fa os a Po\u013esko a Slovensko s\u00fa jej d\u00f4le\u017eitou s\u00fa\u010das\u0165ou. M\u00f4\u017eeme predpoklada\u0165, \u017ee na to bud\u00fa obrovsk\u00e9 peniaze. Ukrajinu opustilo 7 mili\u00f3nov \u013eud\u00ed, z toho 90% utieklo do Po\u013eska, na Slovensko a na Ukrajinu. To n\u00e1s n\u00fati zamyslie\u0165 sa nad t\u00fdm, \u010do s t\u00fdm. Mo\u017eno by st\u00e1lo za to, aby sa na\u0161e parlamenty (PL, SK + pr\u00edpadne \u010fal\u0161ie, najm\u00e4 z karpatsk\u00e9ho regi\u00f3nu Eur\u00f3py) zamysleli nad t\u00fdm, ako zapoji\u0165 na\u0161e samospr\u00e1vy do spolupr\u00e1ce s ukrajinsk\u00fdmi samospr\u00e1vami. U\u017e teraz mus\u00edme pracova\u0165 na tom, ako ju obnovi\u0165, bud\u00fa na to obrovsk\u00e9 finan\u010dn\u00e9 prostriedky, ove\u013ea v\u00e4\u010d\u0161ie ako Marshallov pl\u00e1n. Ukrajina ich bude potrebova\u0165. Ak uva\u017eujeme o zachovan\u00ed spolo\u010denstva E\u00da bez rozpadu, ktor\u00fd n\u00e1m hroz\u00ed, mus\u00edme sa zamyslie\u0165 nad vytvoren\u00edm modelu na\u0161ich hodn\u00f4t. V tom spo\u010d\u00edva na\u0161a sila, preto\u017ee sme si podobn\u00ed, hovor\u00edme podobn\u00fdm jazykom, m\u00e1me podobn\u00fa hist\u00f3riu a sk\u00fasenosti, kult\u00farne \u00faspechy, v\u00fdznamn\u00e9 osobnosti at\u010f. Na\u0161ou hodnotou s\u00fa \u013eudia, Ukrajine pom\u00e1haj\u00fa \u013eudia, nielen \u0161t\u00e1ty. Vyzna\u010dujeme sa ve\u013ekou toleranciou, a to aj alebo najm\u00e4 na miestnej \u00farovni.<\/strong><\/p>\n\n\n\n<figure class=\"wp-block-image size-large\"><a href=\"https:\/\/marekkuchcinski.pl\/wp-content\/uploads\/2022\/06\/1-2.jpg\"><img fetchpriority=\"high\" decoding=\"async\" width=\"1024\" height=\"651\" src=\"https:\/\/marekkuchcinski.pl\/wp-content\/uploads\/2022\/06\/1-2-1024x651.jpg\" alt=\"\" class=\"wp-image-25504\" srcset=\"https:\/\/marekkuchcinski.pl\/wp-content\/uploads\/2022\/06\/1-2-1024x651.jpg 1024w, https:\/\/marekkuchcinski.pl\/wp-content\/uploads\/2022\/06\/1-2-300x191.jpg 300w, https:\/\/marekkuchcinski.pl\/wp-content\/uploads\/2022\/06\/1-2-768x488.jpg 768w, https:\/\/marekkuchcinski.pl\/wp-content\/uploads\/2022\/06\/1-2-1536x976.jpg 1536w, https:\/\/marekkuchcinski.pl\/wp-content\/uploads\/2022\/06\/1-2-18x12.jpg 18w, https:\/\/marekkuchcinski.pl\/wp-content\/uploads\/2022\/06\/1-2.jpg 1600w\" sizes=\"(max-width: 1024px) 100vw, 1024px\" \/><\/a><\/figure>\n\n\n\n<figure class=\"wp-block-gallery columns-3 is-cropped wp-block-gallery-1 is-layout-flex wp-block-gallery-is-layout-flex\"><ul class=\"blocks-gallery-grid\"><li class=\"blocks-gallery-item\"><figure><a href=\"https:\/\/marekkuchcinski.pl\/wp-content\/uploads\/2022\/06\/2-1.jpg\"><img decoding=\"async\" width=\"1024\" height=\"670\" src=\"https:\/\/marekkuchcinski.pl\/wp-content\/uploads\/2022\/06\/2-1-1024x670.jpg\" alt=\"\" data-id=\"25506\" data-full-url=\"https:\/\/marekkuchcinski.pl\/wp-content\/uploads\/2022\/06\/2-1.jpg\" data-link=\"https:\/\/marekkuchcinski.pl\/?attachment_id=25506\" class=\"wp-image-25506\" srcset=\"https:\/\/marekkuchcinski.pl\/wp-content\/uploads\/2022\/06\/2-1-1024x670.jpg 1024w, https:\/\/marekkuchcinski.pl\/wp-content\/uploads\/2022\/06\/2-1-300x196.jpg 300w, https:\/\/marekkuchcinski.pl\/wp-content\/uploads\/2022\/06\/2-1-768x503.jpg 768w, https:\/\/marekkuchcinski.pl\/wp-content\/uploads\/2022\/06\/2-1-1536x1005.jpg 1536w, https:\/\/marekkuchcinski.pl\/wp-content\/uploads\/2022\/06\/2-1-18x12.jpg 18w, https:\/\/marekkuchcinski.pl\/wp-content\/uploads\/2022\/06\/2-1.jpg 1600w\" sizes=\"(max-width: 1024px) 100vw, 1024px\" \/><\/a><\/figure><\/li><li class=\"blocks-gallery-item\"><figure><a href=\"https:\/\/marekkuchcinski.pl\/wp-content\/uploads\/2022\/06\/03.jpg\"><img decoding=\"async\" width=\"1024\" height=\"576\" src=\"https:\/\/marekkuchcinski.pl\/wp-content\/uploads\/2022\/06\/03-1024x576.jpg\" alt=\"\" data-id=\"25507\" data-full-url=\"https:\/\/marekkuchcinski.pl\/wp-content\/uploads\/2022\/06\/03.jpg\" data-link=\"https:\/\/marekkuchcinski.pl\/?attachment_id=25507\" class=\"wp-image-25507\" srcset=\"https:\/\/marekkuchcinski.pl\/wp-content\/uploads\/2022\/06\/03-1024x576.jpg 1024w, https:\/\/marekkuchcinski.pl\/wp-content\/uploads\/2022\/06\/03-300x169.jpg 300w, https:\/\/marekkuchcinski.pl\/wp-content\/uploads\/2022\/06\/03-768x432.jpg 768w, https:\/\/marekkuchcinski.pl\/wp-content\/uploads\/2022\/06\/03-1536x864.jpg 1536w, https:\/\/marekkuchcinski.pl\/wp-content\/uploads\/2022\/06\/03-18x10.jpg 18w, https:\/\/marekkuchcinski.pl\/wp-content\/uploads\/2022\/06\/03.jpg 1600w\" sizes=\"(max-width: 1024px) 100vw, 1024px\" \/><\/a><\/figure><\/li><li class=\"blocks-gallery-item\"><figure><a href=\"https:\/\/marekkuchcinski.pl\/wp-content\/uploads\/2022\/06\/3-1.jpg\"><img loading=\"lazy\" decoding=\"async\" width=\"1024\" height=\"809\" src=\"https:\/\/marekkuchcinski.pl\/wp-content\/uploads\/2022\/06\/3-1-1024x809.jpg\" alt=\"\" data-id=\"25508\" data-full-url=\"https:\/\/marekkuchcinski.pl\/wp-content\/uploads\/2022\/06\/3-1.jpg\" data-link=\"https:\/\/marekkuchcinski.pl\/?attachment_id=25508\" class=\"wp-image-25508\" srcset=\"https:\/\/marekkuchcinski.pl\/wp-content\/uploads\/2022\/06\/3-1-1024x809.jpg 1024w, https:\/\/marekkuchcinski.pl\/wp-content\/uploads\/2022\/06\/3-1-300x237.jpg 300w, https:\/\/marekkuchcinski.pl\/wp-content\/uploads\/2022\/06\/3-1-768x607.jpg 768w, https:\/\/marekkuchcinski.pl\/wp-content\/uploads\/2022\/06\/3-1-1536x1213.jpg 1536w, https:\/\/marekkuchcinski.pl\/wp-content\/uploads\/2022\/06\/3-1-15x12.jpg 15w, https:\/\/marekkuchcinski.pl\/wp-content\/uploads\/2022\/06\/3-1.jpg 1600w\" sizes=\"(max-width: 1024px) 100vw, 1024px\" \/><\/a><\/figure><\/li><li class=\"blocks-gallery-item\"><figure><a href=\"https:\/\/marekkuchcinski.pl\/wp-content\/uploads\/2022\/06\/4.jpg\"><img loading=\"lazy\" decoding=\"async\" width=\"1321\" height=\"1600\" src=\"https:\/\/marekkuchcinski.pl\/wp-content\/uploads\/2022\/06\/4-845x1024.jpg\" alt=\"\" data-id=\"25509\" data-full-url=\"https:\/\/marekkuchcinski.pl\/wp-content\/uploads\/2022\/06\/4.jpg\" data-link=\"https:\/\/marekkuchcinski.pl\/?attachment_id=25509\" class=\"wp-image-25509\" srcset=\"https:\/\/marekkuchcinski.pl\/wp-content\/uploads\/2022\/06\/4-845x1024.jpg 845w, https:\/\/marekkuchcinski.pl\/wp-content\/uploads\/2022\/06\/4-248x300.jpg 248w, https:\/\/marekkuchcinski.pl\/wp-content\/uploads\/2022\/06\/4-768x930.jpg 768w, https:\/\/marekkuchcinski.pl\/wp-content\/uploads\/2022\/06\/4-1268x1536.jpg 1268w, https:\/\/marekkuchcinski.pl\/wp-content\/uploads\/2022\/06\/4-10x12.jpg 10w, https:\/\/marekkuchcinski.pl\/wp-content\/uploads\/2022\/06\/4.jpg 1321w\" sizes=\"(max-width: 1321px) 100vw, 1321px\" \/><\/a><\/figure><\/li><li class=\"blocks-gallery-item\"><figure><a href=\"https:\/\/marekkuchcinski.pl\/wp-content\/uploads\/2022\/06\/5.jpg\"><img loading=\"lazy\" decoding=\"async\" width=\"768\" height=\"1024\" src=\"https:\/\/marekkuchcinski.pl\/wp-content\/uploads\/2022\/06\/5-768x1024.jpg\" alt=\"\" data-id=\"25510\" data-full-url=\"https:\/\/marekkuchcinski.pl\/wp-content\/uploads\/2022\/06\/5.jpg\" data-link=\"https:\/\/marekkuchcinski.pl\/?attachment_id=25510\" class=\"wp-image-25510\" srcset=\"https:\/\/marekkuchcinski.pl\/wp-content\/uploads\/2022\/06\/5-768x1024.jpg 768w, https:\/\/marekkuchcinski.pl\/wp-content\/uploads\/2022\/06\/5-225x300.jpg 225w, https:\/\/marekkuchcinski.pl\/wp-content\/uploads\/2022\/06\/5-1152x1536.jpg 1152w, https:\/\/marekkuchcinski.pl\/wp-content\/uploads\/2022\/06\/5-9x12.jpg 9w, https:\/\/marekkuchcinski.pl\/wp-content\/uploads\/2022\/06\/5.jpg 1200w\" sizes=\"(max-width: 768px) 100vw, 768px\" \/><\/a><\/figure><\/li><li class=\"blocks-gallery-item\"><figure><a href=\"https:\/\/marekkuchcinski.pl\/wp-content\/uploads\/2022\/06\/7-1.jpg\"><img loading=\"lazy\" decoding=\"async\" width=\"1024\" height=\"618\" src=\"https:\/\/marekkuchcinski.pl\/wp-content\/uploads\/2022\/06\/7-1-1024x618.jpg\" alt=\"\" data-id=\"25511\" data-full-url=\"https:\/\/marekkuchcinski.pl\/wp-content\/uploads\/2022\/06\/7-1.jpg\" data-link=\"https:\/\/marekkuchcinski.pl\/?attachment_id=25511\" class=\"wp-image-25511\" srcset=\"https:\/\/marekkuchcinski.pl\/wp-content\/uploads\/2022\/06\/7-1-1024x618.jpg 1024w, https:\/\/marekkuchcinski.pl\/wp-content\/uploads\/2022\/06\/7-1-300x181.jpg 300w, https:\/\/marekkuchcinski.pl\/wp-content\/uploads\/2022\/06\/7-1-768x464.jpg 768w, https:\/\/marekkuchcinski.pl\/wp-content\/uploads\/2022\/06\/7-1-1536x927.jpg 1536w, https:\/\/marekkuchcinski.pl\/wp-content\/uploads\/2022\/06\/7-1-18x12.jpg 18w, https:\/\/marekkuchcinski.pl\/wp-content\/uploads\/2022\/06\/7-1.jpg 1600w\" sizes=\"(max-width: 1024px) 100vw, 1024px\" \/><\/a><\/figure><\/li><\/ul><\/figure>","protected":false},"excerpt":{"rendered":"<p>Cie\u013eom 3. slovensko-po\u013esk\u00e9ho f\u00f3ra v Bardejovsk\u00fdch K\u00fape\u013eoch na Slovensku je budovanie dobr\u00fdch vz\u0165ahov a vytv\u00e1ranie mo\u017enost\u00ed spolupr\u00e1ce medzi partnermi zo Slovenska a Po\u013eska. Panely boli venovan\u00e9 v\u00fdsledkom a priorit\u00e1m slovensko-po\u013eskej cezhrani\u010dnej spolupr\u00e1ce, na\u0161ej solidarite tv\u00e1rou v tv\u00e1r nov\u00fdm v\u00fdzvam, posilneniu dopravnej infra\u0161trukt\u00fary v po\u013esko-slovenskom pohrani\u010d\u00ed a perspekt\u00edvam rozvoja po\u013esko-slovensk\u00fdch hospod\u00e1rskych vz\u0165ahov. Posilnenie spolupr\u00e1ce [...]<\/p>","protected":false},"author":21,"featured_media":25503,"comment_status":"open","ping_status":"open","sticky":false,"template":"","format":"standard","meta":{"ngg_post_thumbnail":0,"footnotes":""},"categories":[78,50,3],"tags":[],"class_list":["post-25500","post","type-post","status-publish","format-standard","has-post-thumbnail","hentry","category-europa-karpat","category-wspolpraca-miedzynarodowa","category-wydarzenia"],"yoast_head":"<!-- This site is optimized with the Yoast SEO plugin v24.7 - https:\/\/yoast.com\/wordpress\/plugins\/seo\/ -->\n<title>Marek Kuchci\u0144ski podczas Forum S\u0142owacja-Polska: Wzmacnianie wsp\u00f3\u0142pracy mi\u0119dzy naszymi pa\u0144stwami w kontek\u015bcie ca\u0142ej Europy \u015arodkowej ma szczeg\u00f3lne znaczenie w dzisiejszym \u015bwiecie i w aktualnej sytuacji politycznej &#8211; Marek Kuchci\u0144ski<\/title>\n<meta name=\"robots\" content=\"index, follow, max-snippet:-1, max-image-preview:large, max-video-preview:-1\" \/>\n<link rel=\"canonical\" href=\"https:\/\/marekkuchcinski.pl\/sk\/wydarzenia\/marek-kuchcinski-podczas-forum-slowacja-polska-wzmacnianie-wspolpracy-miedzy-naszymi-panstwami-w-kontekscie-calej-europy-srodkowej-ma-szczegolne-znaczenie-w-dzisiejszym-swiecie-i-w-aktualnej-sytuacji\/\" \/>\n<meta property=\"og:locale\" content=\"sk_SK\" \/>\n<meta property=\"og:type\" content=\"article\" \/>\n<meta property=\"og:title\" content=\"Marek Kuchci\u0144ski podczas Forum S\u0142owacja-Polska: Wzmacnianie wsp\u00f3\u0142pracy mi\u0119dzy naszymi pa\u0144stwami w kontek\u015bcie ca\u0142ej Europy \u015arodkowej ma szczeg\u00f3lne znaczenie w dzisiejszym \u015bwiecie i w aktualnej sytuacji politycznej &#8211; Marek Kuchci\u0144ski\" \/>\n<meta property=\"og:description\" content=\"III Forum S\u0142owacja-Polska w miejscowo\u015bci Bardejovsk\u00e9 k\u00fapele na S\u0142owacji ma na celu budowanie dobrych relacji oraz stwarzanie mo\u017cliwo\u015bci dla wsp\u00f3\u0142pracy pomi\u0119dzy partnerami ze S\u0142owacji i z Polski. Panele po\u015bwi\u0119cone by\u0142y rezultatom i priorytetom s\u0142owacko-polskiej wsp\u00f3\u0142pracy transgranicznej, naszej solidarno\u015bci wobec nowych wyzwa\u0144, wzmacnianiu infrastruktury transportowej na pograniczu polsko-s\u0142owackim oraz perspektywom rozwoju polsko-s\u0142owackich stosunk\u00f3w gospodarczych. Wzmacnianie wsp\u00f3\u0142pracy [&hellip;]\" \/>\n<meta property=\"og:url\" content=\"https:\/\/marekkuchcinski.pl\/sk\/wydarzenia\/marek-kuchcinski-podczas-forum-slowacja-polska-wzmacnianie-wspolpracy-miedzy-naszymi-panstwami-w-kontekscie-calej-europy-srodkowej-ma-szczegolne-znaczenie-w-dzisiejszym-swiecie-i-w-aktualnej-sytuacji\/\" \/>\n<meta property=\"og:site_name\" content=\"Marek Kuchci\u0144ski\" \/>\n<meta property=\"article:published_time\" content=\"2022-06-15T20:44:00+00:00\" \/>\n<meta property=\"article:modified_time\" content=\"2022-06-21T19:05:59+00:00\" \/>\n<meta property=\"og:image\" content=\"https:\/\/marekkuchcinski.pl\/wp-content\/uploads\/2022\/06\/1-1.jpg\" \/>\n\t<meta property=\"og:image:width\" content=\"1600\" \/>\n\t<meta property=\"og:image:height\" content=\"1017\" \/>\n\t<meta property=\"og:image:type\" content=\"image\/jpeg\" \/>\n<meta name=\"author\" content=\"Marta Olejnik\" \/>\n<meta name=\"twitter:card\" content=\"summary_large_image\" \/>\n<meta name=\"twitter:label1\" content=\"Autor\" \/>\n\t<meta name=\"twitter:data1\" content=\"Marta Olejnik\" \/>\n\t<meta name=\"twitter:label2\" content=\"Predpokladan\u00fd \u010das \u010d\u00edtania\" \/>\n\t<meta name=\"twitter:data2\" content=\"4 min\u00faty\" \/>\n<script type=\"application\/ld+json\" class=\"yoast-schema-graph\">{\"@context\":\"https:\/\/schema.org\",\"@graph\":[{\"@type\":\"Article\",\"@id\":\"https:\/\/marekkuchcinski.pl\/wydarzenia\/marek-kuchcinski-podczas-forum-slowacja-polska-wzmacnianie-wspolpracy-miedzy-naszymi-panstwami-w-kontekscie-calej-europy-srodkowej-ma-szczegolne-znaczenie-w-dzisiejszym-swiecie-i-w-aktualnej-sytuacji\/#article\",\"isPartOf\":{\"@id\":\"https:\/\/marekkuchcinski.pl\/wydarzenia\/marek-kuchcinski-podczas-forum-slowacja-polska-wzmacnianie-wspolpracy-miedzy-naszymi-panstwami-w-kontekscie-calej-europy-srodkowej-ma-szczegolne-znaczenie-w-dzisiejszym-swiecie-i-w-aktualnej-sytuacji\/\"},\"author\":{\"name\":\"Marta Olejnik\",\"@id\":\"https:\/\/marekkuchcinski.pl\/#\/schema\/person\/51d5d4ee3b5317b8e4dd2b48af359229\"},\"headline\":\"Marek Kuchci\u0144ski podczas Forum S\u0142owacja-Polska: Wzmacnianie wsp\u00f3\u0142pracy mi\u0119dzy naszymi pa\u0144stwami w kontek\u015bcie ca\u0142ej Europy \u015arodkowej ma szczeg\u00f3lne znaczenie w dzisiejszym \u015bwiecie i w aktualnej sytuacji politycznej\",\"datePublished\":\"2022-06-15T20:44:00+00:00\",\"dateModified\":\"2022-06-21T19:05:59+00:00\",\"mainEntityOfPage\":{\"@id\":\"https:\/\/marekkuchcinski.pl\/wydarzenia\/marek-kuchcinski-podczas-forum-slowacja-polska-wzmacnianie-wspolpracy-miedzy-naszymi-panstwami-w-kontekscie-calej-europy-srodkowej-ma-szczegolne-znaczenie-w-dzisiejszym-swiecie-i-w-aktualnej-sytuacji\/\"},\"wordCount\":643,\"commentCount\":0,\"publisher\":{\"@id\":\"https:\/\/marekkuchcinski.pl\/#organization\"},\"image\":{\"@id\":\"https:\/\/marekkuchcinski.pl\/wydarzenia\/marek-kuchcinski-podczas-forum-slowacja-polska-wzmacnianie-wspolpracy-miedzy-naszymi-panstwami-w-kontekscie-calej-europy-srodkowej-ma-szczegolne-znaczenie-w-dzisiejszym-swiecie-i-w-aktualnej-sytuacji\/#primaryimage\"},\"thumbnailUrl\":\"https:\/\/marekkuchcinski.pl\/wp-content\/uploads\/2022\/06\/1-1.jpg\",\"articleSection\":[\"Europa Karpat\",\"Wsp\u00f3\u0142praca mi\u0119dzynarodowa\",\"Wydarzenia\"],\"inLanguage\":\"sk-SK\",\"potentialAction\":[{\"@type\":\"CommentAction\",\"name\":\"Comment\",\"target\":[\"https:\/\/marekkuchcinski.pl\/wydarzenia\/marek-kuchcinski-podczas-forum-slowacja-polska-wzmacnianie-wspolpracy-miedzy-naszymi-panstwami-w-kontekscie-calej-europy-srodkowej-ma-szczegolne-znaczenie-w-dzisiejszym-swiecie-i-w-aktualnej-sytuacji\/#respond\"]}]},{\"@type\":\"WebPage\",\"@id\":\"https:\/\/marekkuchcinski.pl\/wydarzenia\/marek-kuchcinski-podczas-forum-slowacja-polska-wzmacnianie-wspolpracy-miedzy-naszymi-panstwami-w-kontekscie-calej-europy-srodkowej-ma-szczegolne-znaczenie-w-dzisiejszym-swiecie-i-w-aktualnej-sytuacji\/\",\"url\":\"https:\/\/marekkuchcinski.pl\/wydarzenia\/marek-kuchcinski-podczas-forum-slowacja-polska-wzmacnianie-wspolpracy-miedzy-naszymi-panstwami-w-kontekscie-calej-europy-srodkowej-ma-szczegolne-znaczenie-w-dzisiejszym-swiecie-i-w-aktualnej-sytuacji\/\",\"name\":\"Marek Kuchci\u0144ski podczas Forum S\u0142owacja-Polska: Wzmacnianie wsp\u00f3\u0142pracy mi\u0119dzy naszymi pa\u0144stwami w kontek\u015bcie ca\u0142ej Europy \u015arodkowej ma szczeg\u00f3lne znaczenie w dzisiejszym \u015bwiecie i w aktualnej sytuacji politycznej &#8211; Marek Kuchci\u0144ski\",\"isPartOf\":{\"@id\":\"https:\/\/marekkuchcinski.pl\/#website\"},\"primaryImageOfPage\":{\"@id\":\"https:\/\/marekkuchcinski.pl\/wydarzenia\/marek-kuchcinski-podczas-forum-slowacja-polska-wzmacnianie-wspolpracy-miedzy-naszymi-panstwami-w-kontekscie-calej-europy-srodkowej-ma-szczegolne-znaczenie-w-dzisiejszym-swiecie-i-w-aktualnej-sytuacji\/#primaryimage\"},\"image\":{\"@id\":\"https:\/\/marekkuchcinski.pl\/wydarzenia\/marek-kuchcinski-podczas-forum-slowacja-polska-wzmacnianie-wspolpracy-miedzy-naszymi-panstwami-w-kontekscie-calej-europy-srodkowej-ma-szczegolne-znaczenie-w-dzisiejszym-swiecie-i-w-aktualnej-sytuacji\/#primaryimage\"},\"thumbnailUrl\":\"https:\/\/marekkuchcinski.pl\/wp-content\/uploads\/2022\/06\/1-1.jpg\",\"datePublished\":\"2022-06-15T20:44:00+00:00\",\"dateModified\":\"2022-06-21T19:05:59+00:00\",\"breadcrumb\":{\"@id\":\"https:\/\/marekkuchcinski.pl\/wydarzenia\/marek-kuchcinski-podczas-forum-slowacja-polska-wzmacnianie-wspolpracy-miedzy-naszymi-panstwami-w-kontekscie-calej-europy-srodkowej-ma-szczegolne-znaczenie-w-dzisiejszym-swiecie-i-w-aktualnej-sytuacji\/#breadcrumb\"},\"inLanguage\":\"sk-SK\",\"potentialAction\":[{\"@type\":\"ReadAction\",\"target\":[\"https:\/\/marekkuchcinski.pl\/wydarzenia\/marek-kuchcinski-podczas-forum-slowacja-polska-wzmacnianie-wspolpracy-miedzy-naszymi-panstwami-w-kontekscie-calej-europy-srodkowej-ma-szczegolne-znaczenie-w-dzisiejszym-swiecie-i-w-aktualnej-sytuacji\/\"]}]},{\"@type\":\"ImageObject\",\"inLanguage\":\"sk-SK\",\"@id\":\"https:\/\/marekkuchcinski.pl\/wydarzenia\/marek-kuchcinski-podczas-forum-slowacja-polska-wzmacnianie-wspolpracy-miedzy-naszymi-panstwami-w-kontekscie-calej-europy-srodkowej-ma-szczegolne-znaczenie-w-dzisiejszym-swiecie-i-w-aktualnej-sytuacji\/#primaryimage\",\"url\":\"https:\/\/marekkuchcinski.pl\/wp-content\/uploads\/2022\/06\/1-1.jpg\",\"contentUrl\":\"https:\/\/marekkuchcinski.pl\/wp-content\/uploads\/2022\/06\/1-1.jpg\",\"width\":1600,\"height\":1017},{\"@type\":\"BreadcrumbList\",\"@id\":\"https:\/\/marekkuchcinski.pl\/wydarzenia\/marek-kuchcinski-podczas-forum-slowacja-polska-wzmacnianie-wspolpracy-miedzy-naszymi-panstwami-w-kontekscie-calej-europy-srodkowej-ma-szczegolne-znaczenie-w-dzisiejszym-swiecie-i-w-aktualnej-sytuacji\/#breadcrumb\",\"itemListElement\":[{\"@type\":\"ListItem\",\"position\":1,\"name\":\"Strona g\u0142\u00f3wna\",\"item\":\"https:\/\/marekkuchcinski.pl\/\"},{\"@type\":\"ListItem\",\"position\":2,\"name\":\"Marek Kuchci\u0144ski podczas Forum S\u0142owacja-Polska: Wzmacnianie wsp\u00f3\u0142pracy mi\u0119dzy naszymi pa\u0144stwami w kontek\u015bcie ca\u0142ej Europy \u015arodkowej ma szczeg\u00f3lne znaczenie w dzisiejszym \u015bwiecie i w aktualnej sytuacji politycznej\"}]},{\"@type\":\"WebSite\",\"@id\":\"https:\/\/marekkuchcinski.pl\/#website\",\"url\":\"https:\/\/marekkuchcinski.pl\/\",\"name\":\"Marek Kuchci\u0144ski\",\"description\":\"Pose\u0142 na sejm RP &ndash; okr\u0119g nr 22\",\"publisher\":{\"@id\":\"https:\/\/marekkuchcinski.pl\/#organization\"},\"potentialAction\":[{\"@type\":\"SearchAction\",\"target\":{\"@type\":\"EntryPoint\",\"urlTemplate\":\"https:\/\/marekkuchcinski.pl\/?s={search_term_string}\"},\"query-input\":{\"@type\":\"PropertyValueSpecification\",\"valueRequired\":true,\"valueName\":\"search_term_string\"}}],\"inLanguage\":\"sk-SK\"},{\"@type\":\"Organization\",\"@id\":\"https:\/\/marekkuchcinski.pl\/#organization\",\"name\":\"Marek Kuchci\u0144ski\",\"url\":\"https:\/\/marekkuchcinski.pl\/\",\"logo\":{\"@type\":\"ImageObject\",\"inLanguage\":\"sk-SK\",\"@id\":\"https:\/\/marekkuchcinski.pl\/#\/schema\/logo\/image\/\",\"url\":\"https:\/\/marekkuchcinski.pl\/wp-content\/uploads\/2022\/09\/Marek.jpg\",\"contentUrl\":\"https:\/\/marekkuchcinski.pl\/wp-content\/uploads\/2022\/09\/Marek.jpg\",\"width\":1600,\"height\":971,\"caption\":\"Marek Kuchci\u0144ski\"},\"image\":{\"@id\":\"https:\/\/marekkuchcinski.pl\/#\/schema\/logo\/image\/\"}},{\"@type\":\"Person\",\"@id\":\"https:\/\/marekkuchcinski.pl\/#\/schema\/person\/51d5d4ee3b5317b8e4dd2b48af359229\",\"name\":\"Marta Olejnik\",\"image\":{\"@type\":\"ImageObject\",\"inLanguage\":\"sk-SK\",\"@id\":\"https:\/\/marekkuchcinski.pl\/#\/schema\/person\/image\/\",\"url\":\"https:\/\/secure.gravatar.com\/avatar\/e39914b2aa6a48959e24d475b5dc9793?s=96&d=mm&r=g\",\"contentUrl\":\"https:\/\/secure.gravatar.com\/avatar\/e39914b2aa6a48959e24d475b5dc9793?s=96&d=mm&r=g\",\"caption\":\"Marta Olejnik\"},\"url\":\"https:\/\/marekkuchcinski.pl\/sk\/author\/marta\/\"}]}<\/script>\n<!-- \/ Yoast SEO plugin. -->","yoast_head_json":{"title":"Marek Kuchci\u0144ski podczas Forum S\u0142owacja-Polska: Wzmacnianie wsp\u00f3\u0142pracy mi\u0119dzy naszymi pa\u0144stwami w kontek\u015bcie ca\u0142ej Europy \u015arodkowej ma szczeg\u00f3lne znaczenie w dzisiejszym \u015bwiecie i w aktualnej sytuacji politycznej &#8211; Marek Kuchci\u0144ski","robots":{"index":"index","follow":"follow","max-snippet":"max-snippet:-1","max-image-preview":"max-image-preview:large","max-video-preview":"max-video-preview:-1"},"canonical":"https:\/\/marekkuchcinski.pl\/sk\/wydarzenia\/marek-kuchcinski-podczas-forum-slowacja-polska-wzmacnianie-wspolpracy-miedzy-naszymi-panstwami-w-kontekscie-calej-europy-srodkowej-ma-szczegolne-znaczenie-w-dzisiejszym-swiecie-i-w-aktualnej-sytuacji\/","og_locale":"sk_SK","og_type":"article","og_title":"Marek Kuchci\u0144ski podczas Forum S\u0142owacja-Polska: Wzmacnianie wsp\u00f3\u0142pracy mi\u0119dzy naszymi pa\u0144stwami w kontek\u015bcie ca\u0142ej Europy \u015arodkowej ma szczeg\u00f3lne znaczenie w dzisiejszym \u015bwiecie i w aktualnej sytuacji politycznej &#8211; Marek Kuchci\u0144ski","og_description":"III Forum S\u0142owacja-Polska w miejscowo\u015bci Bardejovsk\u00e9 k\u00fapele na S\u0142owacji ma na celu budowanie dobrych relacji oraz stwarzanie mo\u017cliwo\u015bci dla wsp\u00f3\u0142pracy pomi\u0119dzy partnerami ze S\u0142owacji i z Polski. Panele po\u015bwi\u0119cone by\u0142y rezultatom i priorytetom s\u0142owacko-polskiej wsp\u00f3\u0142pracy transgranicznej, naszej solidarno\u015bci wobec nowych wyzwa\u0144, wzmacnianiu infrastruktury transportowej na pograniczu polsko-s\u0142owackim oraz perspektywom rozwoju polsko-s\u0142owackich stosunk\u00f3w gospodarczych. Wzmacnianie wsp\u00f3\u0142pracy [&hellip;]","og_url":"https:\/\/marekkuchcinski.pl\/sk\/wydarzenia\/marek-kuchcinski-podczas-forum-slowacja-polska-wzmacnianie-wspolpracy-miedzy-naszymi-panstwami-w-kontekscie-calej-europy-srodkowej-ma-szczegolne-znaczenie-w-dzisiejszym-swiecie-i-w-aktualnej-sytuacji\/","og_site_name":"Marek Kuchci\u0144ski","article_published_time":"2022-06-15T20:44:00+00:00","article_modified_time":"2022-06-21T19:05:59+00:00","og_image":[{"width":1600,"height":1017,"url":"https:\/\/marekkuchcinski.pl\/wp-content\/uploads\/2022\/06\/1-1.jpg","type":"image\/jpeg"}],"author":"Marta Olejnik","twitter_card":"summary_large_image","twitter_misc":{"Autor":"Marta Olejnik","Predpokladan\u00fd \u010das \u010d\u00edtania":"4 min\u00faty"},"schema":{"@context":"https:\/\/schema.org","@graph":[{"@type":"Article","@id":"https:\/\/marekkuchcinski.pl\/wydarzenia\/marek-kuchcinski-podczas-forum-slowacja-polska-wzmacnianie-wspolpracy-miedzy-naszymi-panstwami-w-kontekscie-calej-europy-srodkowej-ma-szczegolne-znaczenie-w-dzisiejszym-swiecie-i-w-aktualnej-sytuacji\/#article","isPartOf":{"@id":"https:\/\/marekkuchcinski.pl\/wydarzenia\/marek-kuchcinski-podczas-forum-slowacja-polska-wzmacnianie-wspolpracy-miedzy-naszymi-panstwami-w-kontekscie-calej-europy-srodkowej-ma-szczegolne-znaczenie-w-dzisiejszym-swiecie-i-w-aktualnej-sytuacji\/"},"author":{"name":"Marta Olejnik","@id":"https:\/\/marekkuchcinski.pl\/#\/schema\/person\/51d5d4ee3b5317b8e4dd2b48af359229"},"headline":"Marek Kuchci\u0144ski podczas Forum S\u0142owacja-Polska: Wzmacnianie wsp\u00f3\u0142pracy mi\u0119dzy naszymi pa\u0144stwami w kontek\u015bcie ca\u0142ej Europy \u015arodkowej ma szczeg\u00f3lne znaczenie w dzisiejszym \u015bwiecie i w aktualnej sytuacji politycznej","datePublished":"2022-06-15T20:44:00+00:00","dateModified":"2022-06-21T19:05:59+00:00","mainEntityOfPage":{"@id":"https:\/\/marekkuchcinski.pl\/wydarzenia\/marek-kuchcinski-podczas-forum-slowacja-polska-wzmacnianie-wspolpracy-miedzy-naszymi-panstwami-w-kontekscie-calej-europy-srodkowej-ma-szczegolne-znaczenie-w-dzisiejszym-swiecie-i-w-aktualnej-sytuacji\/"},"wordCount":643,"commentCount":0,"publisher":{"@id":"https:\/\/marekkuchcinski.pl\/#organization"},"image":{"@id":"https:\/\/marekkuchcinski.pl\/wydarzenia\/marek-kuchcinski-podczas-forum-slowacja-polska-wzmacnianie-wspolpracy-miedzy-naszymi-panstwami-w-kontekscie-calej-europy-srodkowej-ma-szczegolne-znaczenie-w-dzisiejszym-swiecie-i-w-aktualnej-sytuacji\/#primaryimage"},"thumbnailUrl":"https:\/\/marekkuchcinski.pl\/wp-content\/uploads\/2022\/06\/1-1.jpg","articleSection":["Europa Karpat","Wsp\u00f3\u0142praca mi\u0119dzynarodowa","Wydarzenia"],"inLanguage":"sk-SK","potentialAction":[{"@type":"CommentAction","name":"Comment","target":["https:\/\/marekkuchcinski.pl\/wydarzenia\/marek-kuchcinski-podczas-forum-slowacja-polska-wzmacnianie-wspolpracy-miedzy-naszymi-panstwami-w-kontekscie-calej-europy-srodkowej-ma-szczegolne-znaczenie-w-dzisiejszym-swiecie-i-w-aktualnej-sytuacji\/#respond"]}]},{"@type":"WebPage","@id":"https:\/\/marekkuchcinski.pl\/wydarzenia\/marek-kuchcinski-podczas-forum-slowacja-polska-wzmacnianie-wspolpracy-miedzy-naszymi-panstwami-w-kontekscie-calej-europy-srodkowej-ma-szczegolne-znaczenie-w-dzisiejszym-swiecie-i-w-aktualnej-sytuacji\/","url":"https:\/\/marekkuchcinski.pl\/wydarzenia\/marek-kuchcinski-podczas-forum-slowacja-polska-wzmacnianie-wspolpracy-miedzy-naszymi-panstwami-w-kontekscie-calej-europy-srodkowej-ma-szczegolne-znaczenie-w-dzisiejszym-swiecie-i-w-aktualnej-sytuacji\/","name":"Marek Kuchci\u0144ski podczas Forum S\u0142owacja-Polska: Wzmacnianie wsp\u00f3\u0142pracy mi\u0119dzy naszymi pa\u0144stwami w kontek\u015bcie ca\u0142ej Europy \u015arodkowej ma szczeg\u00f3lne znaczenie w dzisiejszym \u015bwiecie i w aktualnej sytuacji politycznej &#8211; Marek Kuchci\u0144ski","isPartOf":{"@id":"https:\/\/marekkuchcinski.pl\/#website"},"primaryImageOfPage":{"@id":"https:\/\/marekkuchcinski.pl\/wydarzenia\/marek-kuchcinski-podczas-forum-slowacja-polska-wzmacnianie-wspolpracy-miedzy-naszymi-panstwami-w-kontekscie-calej-europy-srodkowej-ma-szczegolne-znaczenie-w-dzisiejszym-swiecie-i-w-aktualnej-sytuacji\/#primaryimage"},"image":{"@id":"https:\/\/marekkuchcinski.pl\/wydarzenia\/marek-kuchcinski-podczas-forum-slowacja-polska-wzmacnianie-wspolpracy-miedzy-naszymi-panstwami-w-kontekscie-calej-europy-srodkowej-ma-szczegolne-znaczenie-w-dzisiejszym-swiecie-i-w-aktualnej-sytuacji\/#primaryimage"},"thumbnailUrl":"https:\/\/marekkuchcinski.pl\/wp-content\/uploads\/2022\/06\/1-1.jpg","datePublished":"2022-06-15T20:44:00+00:00","dateModified":"2022-06-21T19:05:59+00:00","breadcrumb":{"@id":"https:\/\/marekkuchcinski.pl\/wydarzenia\/marek-kuchcinski-podczas-forum-slowacja-polska-wzmacnianie-wspolpracy-miedzy-naszymi-panstwami-w-kontekscie-calej-europy-srodkowej-ma-szczegolne-znaczenie-w-dzisiejszym-swiecie-i-w-aktualnej-sytuacji\/#breadcrumb"},"inLanguage":"sk-SK","potentialAction":[{"@type":"ReadAction","target":["https:\/\/marekkuchcinski.pl\/wydarzenia\/marek-kuchcinski-podczas-forum-slowacja-polska-wzmacnianie-wspolpracy-miedzy-naszymi-panstwami-w-kontekscie-calej-europy-srodkowej-ma-szczegolne-znaczenie-w-dzisiejszym-swiecie-i-w-aktualnej-sytuacji\/"]}]},{"@type":"ImageObject","inLanguage":"sk-SK","@id":"https:\/\/marekkuchcinski.pl\/wydarzenia\/marek-kuchcinski-podczas-forum-slowacja-polska-wzmacnianie-wspolpracy-miedzy-naszymi-panstwami-w-kontekscie-calej-europy-srodkowej-ma-szczegolne-znaczenie-w-dzisiejszym-swiecie-i-w-aktualnej-sytuacji\/#primaryimage","url":"https:\/\/marekkuchcinski.pl\/wp-content\/uploads\/2022\/06\/1-1.jpg","contentUrl":"https:\/\/marekkuchcinski.pl\/wp-content\/uploads\/2022\/06\/1-1.jpg","width":1600,"height":1017},{"@type":"BreadcrumbList","@id":"https:\/\/marekkuchcinski.pl\/wydarzenia\/marek-kuchcinski-podczas-forum-slowacja-polska-wzmacnianie-wspolpracy-miedzy-naszymi-panstwami-w-kontekscie-calej-europy-srodkowej-ma-szczegolne-znaczenie-w-dzisiejszym-swiecie-i-w-aktualnej-sytuacji\/#breadcrumb","itemListElement":[{"@type":"ListItem","position":1,"name":"Strona g\u0142\u00f3wna","item":"https:\/\/marekkuchcinski.pl\/"},{"@type":"ListItem","position":2,"name":"Marek Kuchci\u0144ski podczas Forum S\u0142owacja-Polska: Wzmacnianie wsp\u00f3\u0142pracy mi\u0119dzy naszymi pa\u0144stwami w kontek\u015bcie ca\u0142ej Europy \u015arodkowej ma szczeg\u00f3lne znaczenie w dzisiejszym \u015bwiecie i w aktualnej sytuacji politycznej"}]},{"@type":"WebSite","@id":"https:\/\/marekkuchcinski.pl\/#website","url":"https:\/\/marekkuchcinski.pl\/","name":"Marek Kuchci\u0144ski","description":"Pose\u0142 na sejm RP &ndash; okr\u0119g nr 22","publisher":{"@id":"https:\/\/marekkuchcinski.pl\/#organization"},"potentialAction":[{"@type":"SearchAction","target":{"@type":"EntryPoint","urlTemplate":"https:\/\/marekkuchcinski.pl\/?s={search_term_string}"},"query-input":{"@type":"PropertyValueSpecification","valueRequired":true,"valueName":"search_term_string"}}],"inLanguage":"sk-SK"},{"@type":"Organization","@id":"https:\/\/marekkuchcinski.pl\/#organization","name":"Marek Kuchci\u0144ski","url":"https:\/\/marekkuchcinski.pl\/","logo":{"@type":"ImageObject","inLanguage":"sk-SK","@id":"https:\/\/marekkuchcinski.pl\/#\/schema\/logo\/image\/","url":"https:\/\/marekkuchcinski.pl\/wp-content\/uploads\/2022\/09\/Marek.jpg","contentUrl":"https:\/\/marekkuchcinski.pl\/wp-content\/uploads\/2022\/09\/Marek.jpg","width":1600,"height":971,"caption":"Marek Kuchci\u0144ski"},"image":{"@id":"https:\/\/marekkuchcinski.pl\/#\/schema\/logo\/image\/"}},{"@type":"Person","@id":"https:\/\/marekkuchcinski.pl\/#\/schema\/person\/51d5d4ee3b5317b8e4dd2b48af359229","name":"Marta Olejnik","image":{"@type":"ImageObject","inLanguage":"sk-SK","@id":"https:\/\/marekkuchcinski.pl\/#\/schema\/person\/image\/","url":"https:\/\/secure.gravatar.com\/avatar\/e39914b2aa6a48959e24d475b5dc9793?s=96&d=mm&r=g","contentUrl":"https:\/\/secure.gravatar.com\/avatar\/e39914b2aa6a48959e24d475b5dc9793?s=96&d=mm&r=g","caption":"Marta Olejnik"},"url":"https:\/\/marekkuchcinski.pl\/sk\/author\/marta\/"}]}},"_links":{"self":[{"href":"https:\/\/marekkuchcinski.pl\/sk\/wp-json\/wp\/v2\/posts\/25500","targetHints":{"allow":["GET"]}}],"collection":[{"href":"https:\/\/marekkuchcinski.pl\/sk\/wp-json\/wp\/v2\/posts"}],"about":[{"href":"https:\/\/marekkuchcinski.pl\/sk\/wp-json\/wp\/v2\/types\/post"}],"author":[{"embeddable":true,"href":"https:\/\/marekkuchcinski.pl\/sk\/wp-json\/wp\/v2\/users\/21"}],"replies":[{"embeddable":true,"href":"https:\/\/marekkuchcinski.pl\/sk\/wp-json\/wp\/v2\/comments?post=25500"}],"version-history":[{"count":6,"href":"https:\/\/marekkuchcinski.pl\/sk\/wp-json\/wp\/v2\/posts\/25500\/revisions"}],"predecessor-version":[{"id":25576,"href":"https:\/\/marekkuchcinski.pl\/sk\/wp-json\/wp\/v2\/posts\/25500\/revisions\/25576"}],"wp:featuredmedia":[{"embeddable":true,"href":"https:\/\/marekkuchcinski.pl\/sk\/wp-json\/wp\/v2\/media\/25503"}],"wp:attachment":[{"href":"https:\/\/marekkuchcinski.pl\/sk\/wp-json\/wp\/v2\/media?parent=25500"}],"wp:term":[{"taxonomy":"category","embeddable":true,"href":"https:\/\/marekkuchcinski.pl\/sk\/wp-json\/wp\/v2\/categories?post=25500"},{"taxonomy":"post_tag","embeddable":true,"href":"https:\/\/marekkuchcinski.pl\/sk\/wp-json\/wp\/v2\/tags?post=25500"}],"curies":[{"name":"wp","href":"https:\/\/api.w.org\/{rel}","templated":true}]}}