{"id":24708,"date":"2022-04-12T18:01:14","date_gmt":"2022-04-12T16:01:14","guid":{"rendered":"https:\/\/marekkuchcinski.pl\/?p=24708"},"modified":"2022-04-12T20:56:42","modified_gmt":"2022-04-12T18:56:42","slug":"polska-i-niemcy-pokoju-w-europie-bedzie-mozliwy-gdy-ukraina-odeprze-atak-rosji-i-zwyciezy","status":"publish","type":"post","link":"https:\/\/marekkuchcinski.pl\/sk\/wydarzenia\/polska-i-niemcy-pokoju-w-europie-bedzie-mozliwy-gdy-ukraina-odeprze-atak-rosji-i-zwyciezy\/","title":{"rendered":"Po\u013esko a Nemecko: Mier v Eur\u00f3pe bude mo\u017en\u00fd, ke\u010f Ukrajina odraz\u00ed \u00fatok Ruska a vyhr\u00e1"},"content":{"rendered":"<p>Predseda zahrani\u010dn\u00e9ho v\u00fdboru Marek Kuchci\u0144ski sa 12. apr\u00edla 2022 na ministerstve zahrani\u010dn\u00fdch vec\u00ed stretol so svoj\u00edm kolegom z Bundestagu Michaelom Rothom. Na rokovaniach sa z\u00fa\u010dastnili aj predsedovia V\u00fdboru pre n\u00e1rodn\u00fa obranu Micha\u0142 Jach a pre z\u00e1le\u017eitosti Eur\u00f3pskej \u00fanie Anita Czerwi\u0144ska. Stretnutie viedol n\u00e1mestn\u00edk ministra SZ Szymon Szynkowski vel S\u0119k.<\/p>\n\n\n\n<p>I\u0161lo o ve\u013emi \u00faprimn\u00fd rozhovor, ktor\u00fd sa t\u00fdkal najm\u00e4 ruskej agresie - vn\u00edmanej nielen ako \u00fatok na Ukrajinu, ale aj na euroatlantick\u00fa bezpe\u010dnos\u0165 a medzin\u00e1rodn\u00fd poriadok. Rusi p\u00e1chaj\u00fa zlo\u010diny vr\u00e1tane genoc\u00eddy.<\/p>\n\n\n\n<p>\u0160irok\u00e1 verejnos\u0165 o\u010dak\u00e1va, \u017ee sankcie vo\u010di Rusku by sa mali spr\u00edsni\u0165 vr\u00e1tane zastavenia dovozu ropy a plynu, ke\u010f\u017ee Putin tieto peniaze vyu\u017e\u00edva na vyzbrojovanie svojej arm\u00e1dy. Rusk\u00fdm lodiam by mal by\u0165 zak\u00e1zan\u00fd vstup do eur\u00f3pskych pr\u00edstavov a \u010do najv\u00e4\u010d\u0161ia skupina oligarchov financuj\u00facich Putinovu arm\u00e1du by mala by\u0165 sankcionovan\u00e1. Toto s\u00fa len niektor\u00e9 z nevyhnutn\u00fdch opatren\u00ed na zastavenie ruskej agresie vo\u010di nez\u00e1visl\u00e9mu \u0161t\u00e1tu uprostred Eur\u00f3py. \u00daloha Nemecka pri presvied\u010dan\u00ed v\u00e1haj\u00facich \u0161t\u00e1tov E\u00da, aby zaviedli pr\u00edsne sankcie, je k\u013e\u00fa\u010dov\u00e1. Potrebn\u00e1 je aj v\u00e4\u010d\u0161ia humanit\u00e1rna pomoc. Krajiny slobodn\u00e9ho sveta musia \u00fazko spolupracova\u0165, aby sa zabezpe\u010dil \u017eelan\u00fd \u00fa\u010dinok t\u00fdchto opatren\u00ed.<\/p>\n\n\n\n<p>Mier v Eur\u00f3pe bude mo\u017en\u00e9 zabezpe\u010di\u0165 len vtedy, ak Ukrajina odraz\u00ed rusk\u00fd \u00fatok a zv\u00ed\u0165az\u00ed. Krajiny NATO by preto mali poskytn\u00fa\u0165 \u0165a\u017ek\u00e9 zbrane, s ktor\u00fdmi by ukrajinsk\u00e9 jednotky mohli tie\u017e doby\u0165 sp\u00e4\u0165 \u00fazemie.<\/p>\n\n\n\n<p>Eur\u00f3pska \u00fania sa mus\u00ed zjednoti\u0165 pri obrane na\u0161ich hodn\u00f4t vo v\u00fdchodnej Eur\u00f3pe a na z\u00e1padnom Balk\u00e1ne proti ruskej agresii. Napokon mus\u00edme dodr\u017ea\u0165 aj na\u0161e s\u013euby: za\u010da\u0165 pr\u00edstupov\u00e9 rozhovory s Alb\u00e1nskom a Severn\u00fdm Maced\u00f3nskom a ur\u00fdchli\u0165 pr\u00edpravy na vstup Ukrajiny, Moldavska a Gruz\u00ednska. Jednota, odolnos\u0165 a solidarita s\u00fa pre E\u00da k\u013e\u00fa\u010dov\u00e9.<\/p>\n\n\n\n<p>Pod\u013ea \u010dasopisu Der Spiegiel Nemecko dod\u00e1va Ukrajine ove\u013ea viac zbran\u00ed, ako deklaruje. Nesl\u00fdchan\u00fd odpor ukrajinskej arm\u00e1dy, tlak slobodn\u00e9ho sveta a nemeck\u00e1 verejn\u00e1 mienka sp\u00f4sobili, \u017ee Nemecko prehodnotilo svoje priority a zmenilo svoj postoj z \"v\u00f4bec nepo\u0161leme zbrane\" cez \"po\u0161leme nejak\u00e9 prilby\" na \"po\u0161leme zbrane v hodnote desiatok mili\u00f3nov eur\". Zo z\u00e1znamov vypl\u00fdva, \u017ee okrem 1 000 odpa\u013eovac\u00edch zariaden\u00ed a 500 rakiet Stinger, ktor\u00e9 s\u00fa u\u017e zn\u00e1me, Nemecko dodalo Ukrajine aj \u010fal\u0161ie vybavenie.<\/p>\n\n\n\n<p>Temnou str\u00e1nkou vz\u0165ahov medzi Ruskom a E\u00da je st\u00e1le skuto\u010dnos\u0165, \u017ee Putinova vojna sa vedie v\u010faka peniazom, ktor\u00e9 Rusko z\u00edskava z predaja fos\u00edlnych pal\u00edv. A hoci Ukrajina neuverite\u013en\u00fdm sp\u00f4sobom odrazila pokus o obsadenie Kyjeva, d\u00e1 sa bohu\u017eia\u013e predpoklada\u0165, \u017ee Putina sa nepodar\u00ed definit\u00edvne zastavi\u0165, k\u00fdm Eur\u00f3pa neukon\u010d\u00ed svoju energetick\u00fa z\u00e1vislos\u0165.<\/p>\n\n\n\n<p>Nemecko, ktor\u00e9ho politick\u00ed a obchodn\u00ed predstavitelia trvaj\u00fa na tom, \u017ee sa bez rusk\u00e9ho zemn\u00e9ho plynu nezaob\u00eddu, hoci mnoh\u00ed ekon\u00f3movia s t\u00fdm nes\u00fahlasia, sa v skuto\u010dnosti stalo Putinov\u00fdm hlavn\u00fdm pomocn\u00edkom. Ignorovali varovania a nepou\u010dili sa z hist\u00f3rie, \u010do viedlo k 55% z\u00e1vislosti od rusk\u00e9ho plynu.<\/p>\n\n\n\n<p>\"New York Times s odvolan\u00edm sa na \u010dlena Rady ekonomick\u00fdch expertov, ktor\u00e1 m\u00e1 podobn\u00fa \u00falohu ako Rada ekonomick\u00fdch poradcov USA, p\u00ed\u0161e, \u017ee embargo na rusk\u00fd plyn by bolo pre Nemecko \u0165a\u017ek\u00e9, ale \"uskuto\u010dnite\u013en\u00e9\".<\/p>\n\n\n\n<p><em>mo<\/em><\/p>\n\n\n\n<figure class=\"wp-block-image size-large\"><a href=\"https:\/\/marekkuchcinski.pl\/wp-content\/uploads\/2022\/04\/Michael_edited-scaled.jpg\"><img fetchpriority=\"high\" decoding=\"async\" width=\"1024\" height=\"768\" src=\"https:\/\/marekkuchcinski.pl\/wp-content\/uploads\/2022\/04\/Michael_edited-1024x768.jpg\" alt=\"\" class=\"wp-image-24710\" srcset=\"https:\/\/marekkuchcinski.pl\/wp-content\/uploads\/2022\/04\/Michael_edited-1024x768.jpg 1024w, https:\/\/marekkuchcinski.pl\/wp-content\/uploads\/2022\/04\/Michael_edited-300x225.jpg 300w, https:\/\/marekkuchcinski.pl\/wp-content\/uploads\/2022\/04\/Michael_edited-768x576.jpg 768w, https:\/\/marekkuchcinski.pl\/wp-content\/uploads\/2022\/04\/Michael_edited-1536x1152.jpg 1536w, https:\/\/marekkuchcinski.pl\/wp-content\/uploads\/2022\/04\/Michael_edited-scaled.jpg 2048w, https:\/\/marekkuchcinski.pl\/wp-content\/uploads\/2022\/04\/Michael_edited-16x12.jpg 16w\" sizes=\"(max-width: 1024px) 100vw, 1024px\" \/><\/a><\/figure>","protected":false},"excerpt":{"rendered":"<p>Predseda zahrani\u010dn\u00e9ho v\u00fdboru Marek Kuchci\u0144ski sa 12. apr\u00edla 2022 na ministerstve zahrani\u010dn\u00fdch vec\u00ed stretol so svoj\u00edm kolegom z Bundestagu Michaelom Rothom. Na rokovaniach sa z\u00fa\u010dastnili aj predsedovia V\u00fdboru pre obranu Micha\u0142 Jach a pre z\u00e1le\u017eitosti Eur\u00f3pskej \u00fanie Anita Czerwi\u0144ska. Stretnutie viedol n\u00e1mestn\u00edk ministra SZ Szymon Szynkowski vel S\u0119k. Bola to ve\u013emi \u00faprimn\u00e1 diskusia, ktor\u00e1 sa t\u00fdkala najm\u00e4 [...]<\/p>","protected":false},"author":21,"featured_media":24711,"comment_status":"open","ping_status":"open","sticky":false,"template":"","format":"standard","meta":{"ngg_post_thumbnail":0,"footnotes":""},"categories":[50,3],"tags":[],"class_list":["post-24708","post","type-post","status-publish","format-standard","has-post-thumbnail","hentry","category-wspolpraca-miedzynarodowa","category-wydarzenia"],"yoast_head":"<!-- This site is optimized with the Yoast SEO plugin v24.7 - https:\/\/yoast.com\/wordpress\/plugins\/seo\/ -->\n<title>Polska i Niemcy: Pokoju w Europie b\u0119dzie mo\u017cliwy, gdy Ukraina odeprze atak Rosji i zwyci\u0119\u017cy &#8211; Marek Kuchci\u0144ski<\/title>\n<meta name=\"robots\" content=\"index, follow, max-snippet:-1, max-image-preview:large, max-video-preview:-1\" \/>\n<link rel=\"canonical\" href=\"https:\/\/marekkuchcinski.pl\/sk\/wydarzenia\/polska-i-niemcy-pokoju-w-europie-bedzie-mozliwy-gdy-ukraina-odeprze-atak-rosji-i-zwyciezy\/\" \/>\n<meta property=\"og:locale\" content=\"sk_SK\" \/>\n<meta property=\"og:type\" content=\"article\" \/>\n<meta property=\"og:title\" content=\"Polska i Niemcy: Pokoju w Europie b\u0119dzie mo\u017cliwy, gdy Ukraina odeprze atak Rosji i zwyci\u0119\u017cy &#8211; Marek Kuchci\u0144ski\" \/>\n<meta property=\"og:description\" content=\"12 kwietnia 2022 r. w Ministerstwie Spraw Zagranicznych przewodnicz\u0105cy Komisji Spraw Zagranicznych Marek Kuchci\u0144ski spotka\u0142 si\u0119 ze swoim odpowiednikiem z Bundestagu Michaelem Rothem. W rozmowach uczestniczyli tak\u017ce szefowie Komisji Obrony Narodowej Micha\u0142 Jach &nbsp;oraz ds. Unii Europejskiej Anita Czerwi\u0144ska. Gospodarzem spotkania by\u0142 wiceminister SZ Szymon Szynkowski vel S\u0119k. By\u0142a to bardzo szczera rozmowa, dotycz\u0105ca g\u0142\u00f3wnie [&hellip;]\" \/>\n<meta property=\"og:url\" content=\"https:\/\/marekkuchcinski.pl\/sk\/wydarzenia\/polska-i-niemcy-pokoju-w-europie-bedzie-mozliwy-gdy-ukraina-odeprze-atak-rosji-i-zwyciezy\/\" \/>\n<meta property=\"og:site_name\" content=\"Marek Kuchci\u0144ski\" \/>\n<meta property=\"article:published_time\" content=\"2022-04-12T16:01:14+00:00\" \/>\n<meta property=\"article:modified_time\" content=\"2022-04-12T18:56:42+00:00\" \/>\n<meta property=\"og:image\" content=\"https:\/\/marekkuchcinski.pl\/wp-content\/uploads\/2022\/04\/Michael_edited-1-scaled.jpg\" \/>\n\t<meta property=\"og:image:width\" content=\"2048\" \/>\n\t<meta property=\"og:image:height\" content=\"1536\" \/>\n\t<meta property=\"og:image:type\" content=\"image\/jpeg\" \/>\n<meta name=\"author\" content=\"Marta Olejnik\" \/>\n<meta name=\"twitter:card\" content=\"summary_large_image\" \/>\n<meta name=\"twitter:label1\" content=\"Autor\" \/>\n\t<meta name=\"twitter:data1\" content=\"Marta Olejnik\" \/>\n\t<meta name=\"twitter:label2\" content=\"Predpokladan\u00fd \u010das \u010d\u00edtania\" \/>\n\t<meta name=\"twitter:data2\" content=\"3 min\u00faty\" \/>\n<script type=\"application\/ld+json\" class=\"yoast-schema-graph\">{\"@context\":\"https:\/\/schema.org\",\"@graph\":[{\"@type\":\"Article\",\"@id\":\"https:\/\/marekkuchcinski.pl\/ro\/wydarzenia\/polska-i-niemcy-pokoju-w-europie-bedzie-mozliwy-gdy-ukraina-odeprze-atak-rosji-i-zwyciezy\/#article\",\"isPartOf\":{\"@id\":\"https:\/\/marekkuchcinski.pl\/ro\/wydarzenia\/polska-i-niemcy-pokoju-w-europie-bedzie-mozliwy-gdy-ukraina-odeprze-atak-rosji-i-zwyciezy\/\"},\"author\":{\"name\":\"Marta Olejnik\",\"@id\":\"https:\/\/marekkuchcinski.pl\/#\/schema\/person\/51d5d4ee3b5317b8e4dd2b48af359229\"},\"headline\":\"Polska i Niemcy: Pokoju w Europie b\u0119dzie mo\u017cliwy, gdy Ukraina odeprze atak Rosji i zwyci\u0119\u017cy\",\"datePublished\":\"2022-04-12T16:01:14+00:00\",\"dateModified\":\"2022-04-12T18:56:42+00:00\",\"mainEntityOfPage\":{\"@id\":\"https:\/\/marekkuchcinski.pl\/ro\/wydarzenia\/polska-i-niemcy-pokoju-w-europie-bedzie-mozliwy-gdy-ukraina-odeprze-atak-rosji-i-zwyciezy\/\"},\"wordCount\":577,\"commentCount\":0,\"publisher\":{\"@id\":\"https:\/\/marekkuchcinski.pl\/#organization\"},\"image\":{\"@id\":\"https:\/\/marekkuchcinski.pl\/ro\/wydarzenia\/polska-i-niemcy-pokoju-w-europie-bedzie-mozliwy-gdy-ukraina-odeprze-atak-rosji-i-zwyciezy\/#primaryimage\"},\"thumbnailUrl\":\"https:\/\/marekkuchcinski.pl\/wp-content\/uploads\/2022\/04\/Michael_edited-1-scaled.jpg\",\"articleSection\":[\"Wsp\u00f3\u0142praca mi\u0119dzynarodowa\",\"Wydarzenia\"],\"inLanguage\":\"sk-SK\",\"potentialAction\":[{\"@type\":\"CommentAction\",\"name\":\"Comment\",\"target\":[\"https:\/\/marekkuchcinski.pl\/ro\/wydarzenia\/polska-i-niemcy-pokoju-w-europie-bedzie-mozliwy-gdy-ukraina-odeprze-atak-rosji-i-zwyciezy\/#respond\"]}]},{\"@type\":\"WebPage\",\"@id\":\"https:\/\/marekkuchcinski.pl\/ro\/wydarzenia\/polska-i-niemcy-pokoju-w-europie-bedzie-mozliwy-gdy-ukraina-odeprze-atak-rosji-i-zwyciezy\/\",\"url\":\"https:\/\/marekkuchcinski.pl\/ro\/wydarzenia\/polska-i-niemcy-pokoju-w-europie-bedzie-mozliwy-gdy-ukraina-odeprze-atak-rosji-i-zwyciezy\/\",\"name\":\"Polska i Niemcy: Pokoju w Europie b\u0119dzie mo\u017cliwy, gdy Ukraina odeprze atak Rosji i zwyci\u0119\u017cy &#8211; Marek Kuchci\u0144ski\",\"isPartOf\":{\"@id\":\"https:\/\/marekkuchcinski.pl\/#website\"},\"primaryImageOfPage\":{\"@id\":\"https:\/\/marekkuchcinski.pl\/ro\/wydarzenia\/polska-i-niemcy-pokoju-w-europie-bedzie-mozliwy-gdy-ukraina-odeprze-atak-rosji-i-zwyciezy\/#primaryimage\"},\"image\":{\"@id\":\"https:\/\/marekkuchcinski.pl\/ro\/wydarzenia\/polska-i-niemcy-pokoju-w-europie-bedzie-mozliwy-gdy-ukraina-odeprze-atak-rosji-i-zwyciezy\/#primaryimage\"},\"thumbnailUrl\":\"https:\/\/marekkuchcinski.pl\/wp-content\/uploads\/2022\/04\/Michael_edited-1-scaled.jpg\",\"datePublished\":\"2022-04-12T16:01:14+00:00\",\"dateModified\":\"2022-04-12T18:56:42+00:00\",\"breadcrumb\":{\"@id\":\"https:\/\/marekkuchcinski.pl\/ro\/wydarzenia\/polska-i-niemcy-pokoju-w-europie-bedzie-mozliwy-gdy-ukraina-odeprze-atak-rosji-i-zwyciezy\/#breadcrumb\"},\"inLanguage\":\"sk-SK\",\"potentialAction\":[{\"@type\":\"ReadAction\",\"target\":[\"https:\/\/marekkuchcinski.pl\/ro\/wydarzenia\/polska-i-niemcy-pokoju-w-europie-bedzie-mozliwy-gdy-ukraina-odeprze-atak-rosji-i-zwyciezy\/\"]}]},{\"@type\":\"ImageObject\",\"inLanguage\":\"sk-SK\",\"@id\":\"https:\/\/marekkuchcinski.pl\/ro\/wydarzenia\/polska-i-niemcy-pokoju-w-europie-bedzie-mozliwy-gdy-ukraina-odeprze-atak-rosji-i-zwyciezy\/#primaryimage\",\"url\":\"https:\/\/marekkuchcinski.pl\/wp-content\/uploads\/2022\/04\/Michael_edited-1-scaled.jpg\",\"contentUrl\":\"https:\/\/marekkuchcinski.pl\/wp-content\/uploads\/2022\/04\/Michael_edited-1-scaled.jpg\",\"width\":2048,\"height\":1536},{\"@type\":\"BreadcrumbList\",\"@id\":\"https:\/\/marekkuchcinski.pl\/ro\/wydarzenia\/polska-i-niemcy-pokoju-w-europie-bedzie-mozliwy-gdy-ukraina-odeprze-atak-rosji-i-zwyciezy\/#breadcrumb\",\"itemListElement\":[{\"@type\":\"ListItem\",\"position\":1,\"name\":\"Strona g\u0142\u00f3wna\",\"item\":\"https:\/\/marekkuchcinski.pl\/\"},{\"@type\":\"ListItem\",\"position\":2,\"name\":\"Polska i Niemcy: Pokoju w Europie b\u0119dzie mo\u017cliwy, gdy Ukraina odeprze atak Rosji i zwyci\u0119\u017cy\"}]},{\"@type\":\"WebSite\",\"@id\":\"https:\/\/marekkuchcinski.pl\/#website\",\"url\":\"https:\/\/marekkuchcinski.pl\/\",\"name\":\"Marek Kuchci\u0144ski\",\"description\":\"Pose\u0142 na sejm RP &ndash; okr\u0119g nr 22\",\"publisher\":{\"@id\":\"https:\/\/marekkuchcinski.pl\/#organization\"},\"potentialAction\":[{\"@type\":\"SearchAction\",\"target\":{\"@type\":\"EntryPoint\",\"urlTemplate\":\"https:\/\/marekkuchcinski.pl\/?s={search_term_string}\"},\"query-input\":{\"@type\":\"PropertyValueSpecification\",\"valueRequired\":true,\"valueName\":\"search_term_string\"}}],\"inLanguage\":\"sk-SK\"},{\"@type\":\"Organization\",\"@id\":\"https:\/\/marekkuchcinski.pl\/#organization\",\"name\":\"Marek Kuchci\u0144ski\",\"url\":\"https:\/\/marekkuchcinski.pl\/\",\"logo\":{\"@type\":\"ImageObject\",\"inLanguage\":\"sk-SK\",\"@id\":\"https:\/\/marekkuchcinski.pl\/#\/schema\/logo\/image\/\",\"url\":\"https:\/\/marekkuchcinski.pl\/wp-content\/uploads\/2022\/09\/Marek.jpg\",\"contentUrl\":\"https:\/\/marekkuchcinski.pl\/wp-content\/uploads\/2022\/09\/Marek.jpg\",\"width\":1600,\"height\":971,\"caption\":\"Marek Kuchci\u0144ski\"},\"image\":{\"@id\":\"https:\/\/marekkuchcinski.pl\/#\/schema\/logo\/image\/\"}},{\"@type\":\"Person\",\"@id\":\"https:\/\/marekkuchcinski.pl\/#\/schema\/person\/51d5d4ee3b5317b8e4dd2b48af359229\",\"name\":\"Marta Olejnik\",\"image\":{\"@type\":\"ImageObject\",\"inLanguage\":\"sk-SK\",\"@id\":\"https:\/\/marekkuchcinski.pl\/#\/schema\/person\/image\/\",\"url\":\"https:\/\/secure.gravatar.com\/avatar\/e39914b2aa6a48959e24d475b5dc9793?s=96&d=mm&r=g\",\"contentUrl\":\"https:\/\/secure.gravatar.com\/avatar\/e39914b2aa6a48959e24d475b5dc9793?s=96&d=mm&r=g\",\"caption\":\"Marta Olejnik\"},\"url\":\"https:\/\/marekkuchcinski.pl\/sk\/author\/marta\/\"}]}<\/script>\n<!-- \/ Yoast SEO plugin. -->","yoast_head_json":{"title":"Polska i Niemcy: Pokoju w Europie b\u0119dzie mo\u017cliwy, gdy Ukraina odeprze atak Rosji i zwyci\u0119\u017cy &#8211; Marek Kuchci\u0144ski","robots":{"index":"index","follow":"follow","max-snippet":"max-snippet:-1","max-image-preview":"max-image-preview:large","max-video-preview":"max-video-preview:-1"},"canonical":"https:\/\/marekkuchcinski.pl\/sk\/wydarzenia\/polska-i-niemcy-pokoju-w-europie-bedzie-mozliwy-gdy-ukraina-odeprze-atak-rosji-i-zwyciezy\/","og_locale":"sk_SK","og_type":"article","og_title":"Polska i Niemcy: Pokoju w Europie b\u0119dzie mo\u017cliwy, gdy Ukraina odeprze atak Rosji i zwyci\u0119\u017cy &#8211; Marek Kuchci\u0144ski","og_description":"12 kwietnia 2022 r. w Ministerstwie Spraw Zagranicznych przewodnicz\u0105cy Komisji Spraw Zagranicznych Marek Kuchci\u0144ski spotka\u0142 si\u0119 ze swoim odpowiednikiem z Bundestagu Michaelem Rothem. W rozmowach uczestniczyli tak\u017ce szefowie Komisji Obrony Narodowej Micha\u0142 Jach &nbsp;oraz ds. Unii Europejskiej Anita Czerwi\u0144ska. Gospodarzem spotkania by\u0142 wiceminister SZ Szymon Szynkowski vel S\u0119k. By\u0142a to bardzo szczera rozmowa, dotycz\u0105ca g\u0142\u00f3wnie [&hellip;]","og_url":"https:\/\/marekkuchcinski.pl\/sk\/wydarzenia\/polska-i-niemcy-pokoju-w-europie-bedzie-mozliwy-gdy-ukraina-odeprze-atak-rosji-i-zwyciezy\/","og_site_name":"Marek Kuchci\u0144ski","article_published_time":"2022-04-12T16:01:14+00:00","article_modified_time":"2022-04-12T18:56:42+00:00","og_image":[{"width":2048,"height":1536,"url":"https:\/\/marekkuchcinski.pl\/wp-content\/uploads\/2022\/04\/Michael_edited-1-scaled.jpg","type":"image\/jpeg"}],"author":"Marta Olejnik","twitter_card":"summary_large_image","twitter_misc":{"Autor":"Marta Olejnik","Predpokladan\u00fd \u010das \u010d\u00edtania":"3 min\u00faty"},"schema":{"@context":"https:\/\/schema.org","@graph":[{"@type":"Article","@id":"https:\/\/marekkuchcinski.pl\/ro\/wydarzenia\/polska-i-niemcy-pokoju-w-europie-bedzie-mozliwy-gdy-ukraina-odeprze-atak-rosji-i-zwyciezy\/#article","isPartOf":{"@id":"https:\/\/marekkuchcinski.pl\/ro\/wydarzenia\/polska-i-niemcy-pokoju-w-europie-bedzie-mozliwy-gdy-ukraina-odeprze-atak-rosji-i-zwyciezy\/"},"author":{"name":"Marta Olejnik","@id":"https:\/\/marekkuchcinski.pl\/#\/schema\/person\/51d5d4ee3b5317b8e4dd2b48af359229"},"headline":"Polska i Niemcy: Pokoju w Europie b\u0119dzie mo\u017cliwy, gdy Ukraina odeprze atak Rosji i zwyci\u0119\u017cy","datePublished":"2022-04-12T16:01:14+00:00","dateModified":"2022-04-12T18:56:42+00:00","mainEntityOfPage":{"@id":"https:\/\/marekkuchcinski.pl\/ro\/wydarzenia\/polska-i-niemcy-pokoju-w-europie-bedzie-mozliwy-gdy-ukraina-odeprze-atak-rosji-i-zwyciezy\/"},"wordCount":577,"commentCount":0,"publisher":{"@id":"https:\/\/marekkuchcinski.pl\/#organization"},"image":{"@id":"https:\/\/marekkuchcinski.pl\/ro\/wydarzenia\/polska-i-niemcy-pokoju-w-europie-bedzie-mozliwy-gdy-ukraina-odeprze-atak-rosji-i-zwyciezy\/#primaryimage"},"thumbnailUrl":"https:\/\/marekkuchcinski.pl\/wp-content\/uploads\/2022\/04\/Michael_edited-1-scaled.jpg","articleSection":["Wsp\u00f3\u0142praca mi\u0119dzynarodowa","Wydarzenia"],"inLanguage":"sk-SK","potentialAction":[{"@type":"CommentAction","name":"Comment","target":["https:\/\/marekkuchcinski.pl\/ro\/wydarzenia\/polska-i-niemcy-pokoju-w-europie-bedzie-mozliwy-gdy-ukraina-odeprze-atak-rosji-i-zwyciezy\/#respond"]}]},{"@type":"WebPage","@id":"https:\/\/marekkuchcinski.pl\/ro\/wydarzenia\/polska-i-niemcy-pokoju-w-europie-bedzie-mozliwy-gdy-ukraina-odeprze-atak-rosji-i-zwyciezy\/","url":"https:\/\/marekkuchcinski.pl\/ro\/wydarzenia\/polska-i-niemcy-pokoju-w-europie-bedzie-mozliwy-gdy-ukraina-odeprze-atak-rosji-i-zwyciezy\/","name":"Polska i Niemcy: Pokoju w Europie b\u0119dzie mo\u017cliwy, gdy Ukraina odeprze atak Rosji i zwyci\u0119\u017cy &#8211; Marek Kuchci\u0144ski","isPartOf":{"@id":"https:\/\/marekkuchcinski.pl\/#website"},"primaryImageOfPage":{"@id":"https:\/\/marekkuchcinski.pl\/ro\/wydarzenia\/polska-i-niemcy-pokoju-w-europie-bedzie-mozliwy-gdy-ukraina-odeprze-atak-rosji-i-zwyciezy\/#primaryimage"},"image":{"@id":"https:\/\/marekkuchcinski.pl\/ro\/wydarzenia\/polska-i-niemcy-pokoju-w-europie-bedzie-mozliwy-gdy-ukraina-odeprze-atak-rosji-i-zwyciezy\/#primaryimage"},"thumbnailUrl":"https:\/\/marekkuchcinski.pl\/wp-content\/uploads\/2022\/04\/Michael_edited-1-scaled.jpg","datePublished":"2022-04-12T16:01:14+00:00","dateModified":"2022-04-12T18:56:42+00:00","breadcrumb":{"@id":"https:\/\/marekkuchcinski.pl\/ro\/wydarzenia\/polska-i-niemcy-pokoju-w-europie-bedzie-mozliwy-gdy-ukraina-odeprze-atak-rosji-i-zwyciezy\/#breadcrumb"},"inLanguage":"sk-SK","potentialAction":[{"@type":"ReadAction","target":["https:\/\/marekkuchcinski.pl\/ro\/wydarzenia\/polska-i-niemcy-pokoju-w-europie-bedzie-mozliwy-gdy-ukraina-odeprze-atak-rosji-i-zwyciezy\/"]}]},{"@type":"ImageObject","inLanguage":"sk-SK","@id":"https:\/\/marekkuchcinski.pl\/ro\/wydarzenia\/polska-i-niemcy-pokoju-w-europie-bedzie-mozliwy-gdy-ukraina-odeprze-atak-rosji-i-zwyciezy\/#primaryimage","url":"https:\/\/marekkuchcinski.pl\/wp-content\/uploads\/2022\/04\/Michael_edited-1-scaled.jpg","contentUrl":"https:\/\/marekkuchcinski.pl\/wp-content\/uploads\/2022\/04\/Michael_edited-1-scaled.jpg","width":2048,"height":1536},{"@type":"BreadcrumbList","@id":"https:\/\/marekkuchcinski.pl\/ro\/wydarzenia\/polska-i-niemcy-pokoju-w-europie-bedzie-mozliwy-gdy-ukraina-odeprze-atak-rosji-i-zwyciezy\/#breadcrumb","itemListElement":[{"@type":"ListItem","position":1,"name":"Strona g\u0142\u00f3wna","item":"https:\/\/marekkuchcinski.pl\/"},{"@type":"ListItem","position":2,"name":"Polska i Niemcy: Pokoju w Europie b\u0119dzie mo\u017cliwy, gdy Ukraina odeprze atak Rosji i zwyci\u0119\u017cy"}]},{"@type":"WebSite","@id":"https:\/\/marekkuchcinski.pl\/#website","url":"https:\/\/marekkuchcinski.pl\/","name":"Marek Kuchci\u0144ski","description":"Pose\u0142 na sejm RP &ndash; okr\u0119g nr 22","publisher":{"@id":"https:\/\/marekkuchcinski.pl\/#organization"},"potentialAction":[{"@type":"SearchAction","target":{"@type":"EntryPoint","urlTemplate":"https:\/\/marekkuchcinski.pl\/?s={search_term_string}"},"query-input":{"@type":"PropertyValueSpecification","valueRequired":true,"valueName":"search_term_string"}}],"inLanguage":"sk-SK"},{"@type":"Organization","@id":"https:\/\/marekkuchcinski.pl\/#organization","name":"Marek Kuchci\u0144ski","url":"https:\/\/marekkuchcinski.pl\/","logo":{"@type":"ImageObject","inLanguage":"sk-SK","@id":"https:\/\/marekkuchcinski.pl\/#\/schema\/logo\/image\/","url":"https:\/\/marekkuchcinski.pl\/wp-content\/uploads\/2022\/09\/Marek.jpg","contentUrl":"https:\/\/marekkuchcinski.pl\/wp-content\/uploads\/2022\/09\/Marek.jpg","width":1600,"height":971,"caption":"Marek Kuchci\u0144ski"},"image":{"@id":"https:\/\/marekkuchcinski.pl\/#\/schema\/logo\/image\/"}},{"@type":"Person","@id":"https:\/\/marekkuchcinski.pl\/#\/schema\/person\/51d5d4ee3b5317b8e4dd2b48af359229","name":"Marta Olejnik","image":{"@type":"ImageObject","inLanguage":"sk-SK","@id":"https:\/\/marekkuchcinski.pl\/#\/schema\/person\/image\/","url":"https:\/\/secure.gravatar.com\/avatar\/e39914b2aa6a48959e24d475b5dc9793?s=96&d=mm&r=g","contentUrl":"https:\/\/secure.gravatar.com\/avatar\/e39914b2aa6a48959e24d475b5dc9793?s=96&d=mm&r=g","caption":"Marta Olejnik"},"url":"https:\/\/marekkuchcinski.pl\/sk\/author\/marta\/"}]}},"_links":{"self":[{"href":"https:\/\/marekkuchcinski.pl\/sk\/wp-json\/wp\/v2\/posts\/24708","targetHints":{"allow":["GET"]}}],"collection":[{"href":"https:\/\/marekkuchcinski.pl\/sk\/wp-json\/wp\/v2\/posts"}],"about":[{"href":"https:\/\/marekkuchcinski.pl\/sk\/wp-json\/wp\/v2\/types\/post"}],"author":[{"embeddable":true,"href":"https:\/\/marekkuchcinski.pl\/sk\/wp-json\/wp\/v2\/users\/21"}],"replies":[{"embeddable":true,"href":"https:\/\/marekkuchcinski.pl\/sk\/wp-json\/wp\/v2\/comments?post=24708"}],"version-history":[{"count":3,"href":"https:\/\/marekkuchcinski.pl\/sk\/wp-json\/wp\/v2\/posts\/24708\/revisions"}],"predecessor-version":[{"id":24713,"href":"https:\/\/marekkuchcinski.pl\/sk\/wp-json\/wp\/v2\/posts\/24708\/revisions\/24713"}],"wp:featuredmedia":[{"embeddable":true,"href":"https:\/\/marekkuchcinski.pl\/sk\/wp-json\/wp\/v2\/media\/24711"}],"wp:attachment":[{"href":"https:\/\/marekkuchcinski.pl\/sk\/wp-json\/wp\/v2\/media?parent=24708"}],"wp:term":[{"taxonomy":"category","embeddable":true,"href":"https:\/\/marekkuchcinski.pl\/sk\/wp-json\/wp\/v2\/categories?post=24708"},{"taxonomy":"post_tag","embeddable":true,"href":"https:\/\/marekkuchcinski.pl\/sk\/wp-json\/wp\/v2\/tags?post=24708"}],"curies":[{"name":"wp","href":"https:\/\/api.w.org\/{rel}","templated":true}]}}