{"id":24644,"date":"2022-04-03T13:51:52","date_gmt":"2022-04-03T11:51:52","guid":{"rendered":"https:\/\/marekkuchcinski.pl\/?p=24644"},"modified":"2022-04-08T14:49:50","modified_gmt":"2022-04-08T12:49:50","slug":"polsko-brytyjska-wspolpraca-w-ramach-wsparcia-dla-ukrainy","status":"publish","type":"post","link":"https:\/\/marekkuchcinski.pl\/sk\/wydarzenia\/polsko-brytyjska-wspolpraca-w-ramach-wsparcia-dla-ukrainy\/","title":{"rendered":"Po\u013esko-britsk\u00e1 spolupr\u00e1ca na podporu Ukrajiny"},"content":{"rendered":"<p>Z\u00e1stupcovia V\u00fdboru pre zahrani\u010dn\u00e9 veci Dolnej snemovne Spojen\u00e9ho kr\u00e1\u013eovstva Ve\u013ekej Brit\u00e1nie a Severn\u00e9ho \u00cdrska s predsedom Tomom Tugendhatom a poslanci z Ukrajiny, vr\u00e1tane Oleny Shulak a Mykyty Poturayew, sa 31. marca zaoberali potrebami ute\u010dencov a pr\u00e1cou pohrani\u010dnej str\u00e1\u017ee v Medike. V Przemy\u015bli sa pozreli na pr\u00e1cu prij\u00edmac\u00edch miest a miestnych centier pomoci. <\/p>\n\n\n\n<p>- Neust\u00e1le presvied\u010dame medzin\u00e1rodn\u00e9 spolo\u010denstvo o potrebe zv\u00fd\u0161i\u0165 humanit\u00e1rnu a vojensk\u00fa podporu Ukrajine,\" povedal hostite\u013e stretnutia, predseda V\u00fdboru pre zahrani\u010dn\u00e9 veci Marek Kuchci\u0144ski.<\/p>\n\n\n\n<p>Prezident zd\u00f4raznil solidaritu Po\u013eska s Ukrajinou a jeho podporu v boji za nez\u00e1vislos\u0165. Zd\u00f4raznil, \u017ee Po\u013esko potrebuje finan\u010dn\u00e9 prostriedky na uspokojenie potrieb \u013eud\u00ed, ktor\u00ed utekaj\u00fa pred vojnou.<\/p>\n\n\n\n<p>Na stretnut\u00ed sa z\u00fa\u010dastnili aj poslanci podkarpatsk\u00e9ho parlamentu a z\u00e1stupca mar\u0161ala vojvodstva.<\/p>\n\n\n\n<p>Pod\u013ea \u00fadajov OSN z 28. marca utiekli z Ukrajiny pred vojnou 4 mili\u00f3ny \u013eud\u00ed. Do Po\u013eska ich pri\u0161lo viac ako 2 mili\u00f3ny, v\u00e4\u010d\u0161ina z nich cez Podkarpatsk\u00e9 vojvodstvo - pribli\u017ene 1,2 mili\u00f3na. Vlaky z Ukrajiny prich\u00e1dzali do Przemy\u015bla, odkia\u013e mohli ute\u010denci cestova\u0165 do Po\u013eska alebo do zahrani\u010dia, najm\u00e4 do Berl\u00edna a Prahy. Kri\u017eovatky sa nach\u00e1dzaj\u00fa aj v obciach Medyka, Kro\u015bcienko, pri Ustrzykoch Doln\u00fdch, Korczowa Krakowiec, v okrese Lubacz\u00f3w.<\/p>\n\n\n\n<figure class=\"wp-block-image size-full\"><a href=\"https:\/\/marekkuchcinski.pl\/wp-content\/uploads\/2022\/04\/okl-1.jpg\"><img fetchpriority=\"high\" decoding=\"async\" width=\"960\" height=\"720\" src=\"https:\/\/marekkuchcinski.pl\/wp-content\/uploads\/2022\/04\/okl-1.jpg\" alt=\"\" class=\"wp-image-24648\" srcset=\"https:\/\/marekkuchcinski.pl\/wp-content\/uploads\/2022\/04\/okl-1.jpg 960w, https:\/\/marekkuchcinski.pl\/wp-content\/uploads\/2022\/04\/okl-1-300x225.jpg 300w, https:\/\/marekkuchcinski.pl\/wp-content\/uploads\/2022\/04\/okl-1-768x576.jpg 768w, https:\/\/marekkuchcinski.pl\/wp-content\/uploads\/2022\/04\/okl-1-16x12.jpg 16w\" sizes=\"(max-width: 960px) 100vw, 960px\" \/><\/a><\/figure>\n\n\n\n<figure class=\"wp-block-image size-full\"><a href=\"https:\/\/marekkuchcinski.pl\/wp-content\/uploads\/2022\/04\/277419340_330913815773380_4027487935278565719_n.jpg\"><img decoding=\"async\" width=\"960\" height=\"720\" src=\"https:\/\/marekkuchcinski.pl\/wp-content\/uploads\/2022\/04\/277419340_330913815773380_4027487935278565719_n.jpg\" alt=\"\" class=\"wp-image-24649\" srcset=\"https:\/\/marekkuchcinski.pl\/wp-content\/uploads\/2022\/04\/277419340_330913815773380_4027487935278565719_n.jpg 960w, https:\/\/marekkuchcinski.pl\/wp-content\/uploads\/2022\/04\/277419340_330913815773380_4027487935278565719_n-300x225.jpg 300w, https:\/\/marekkuchcinski.pl\/wp-content\/uploads\/2022\/04\/277419340_330913815773380_4027487935278565719_n-768x576.jpg 768w, https:\/\/marekkuchcinski.pl\/wp-content\/uploads\/2022\/04\/277419340_330913815773380_4027487935278565719_n-16x12.jpg 16w\" sizes=\"(max-width: 960px) 100vw, 960px\" \/><\/a><\/figure>\n\n\n\n<figure class=\"wp-block-image size-full\"><a href=\"https:\/\/marekkuchcinski.pl\/wp-content\/uploads\/2022\/04\/277423840_481598380417427_8076093244906281332_n.jpg\"><img decoding=\"async\" width=\"960\" height=\"720\" src=\"https:\/\/marekkuchcinski.pl\/wp-content\/uploads\/2022\/04\/277423840_481598380417427_8076093244906281332_n.jpg\" alt=\"\" class=\"wp-image-24650\" srcset=\"https:\/\/marekkuchcinski.pl\/wp-content\/uploads\/2022\/04\/277423840_481598380417427_8076093244906281332_n.jpg 960w, https:\/\/marekkuchcinski.pl\/wp-content\/uploads\/2022\/04\/277423840_481598380417427_8076093244906281332_n-300x225.jpg 300w, https:\/\/marekkuchcinski.pl\/wp-content\/uploads\/2022\/04\/277423840_481598380417427_8076093244906281332_n-768x576.jpg 768w, https:\/\/marekkuchcinski.pl\/wp-content\/uploads\/2022\/04\/277423840_481598380417427_8076093244906281332_n-16x12.jpg 16w\" sizes=\"(max-width: 960px) 100vw, 960px\" \/><\/a><\/figure>\n\n\n\n<figure class=\"wp-block-image size-large\"><a href=\"https:\/\/marekkuchcinski.pl\/wp-content\/uploads\/2022\/04\/277310376_390505092899670_7729231629327685724_n.jpg\"><img loading=\"lazy\" decoding=\"async\" width=\"1024\" height=\"683\" src=\"https:\/\/marekkuchcinski.pl\/wp-content\/uploads\/2022\/04\/277310376_390505092899670_7729231629327685724_n-1024x683.jpg\" alt=\"\" class=\"wp-image-24651\" srcset=\"https:\/\/marekkuchcinski.pl\/wp-content\/uploads\/2022\/04\/277310376_390505092899670_7729231629327685724_n-1024x683.jpg 1024w, https:\/\/marekkuchcinski.pl\/wp-content\/uploads\/2022\/04\/277310376_390505092899670_7729231629327685724_n-300x200.jpg 300w, https:\/\/marekkuchcinski.pl\/wp-content\/uploads\/2022\/04\/277310376_390505092899670_7729231629327685724_n-768x512.jpg 768w, https:\/\/marekkuchcinski.pl\/wp-content\/uploads\/2022\/04\/277310376_390505092899670_7729231629327685724_n-1536x1024.jpg 1536w, https:\/\/marekkuchcinski.pl\/wp-content\/uploads\/2022\/04\/277310376_390505092899670_7729231629327685724_n-18x12.jpg 18w, https:\/\/marekkuchcinski.pl\/wp-content\/uploads\/2022\/04\/277310376_390505092899670_7729231629327685724_n.jpg 2048w\" sizes=\"(max-width: 1024px) 100vw, 1024px\" \/><\/a><\/figure>\n\n\n\n<figure class=\"wp-block-image size-full\"><a href=\"https:\/\/marekkuchcinski.pl\/wp-content\/uploads\/2022\/04\/277681918_343133241207775_7439988718819781243_n.jpg\"><img loading=\"lazy\" decoding=\"async\" width=\"960\" height=\"720\" src=\"https:\/\/marekkuchcinski.pl\/wp-content\/uploads\/2022\/04\/277681918_343133241207775_7439988718819781243_n.jpg\" alt=\"\" class=\"wp-image-24652\" srcset=\"https:\/\/marekkuchcinski.pl\/wp-content\/uploads\/2022\/04\/277681918_343133241207775_7439988718819781243_n.jpg 960w, https:\/\/marekkuchcinski.pl\/wp-content\/uploads\/2022\/04\/277681918_343133241207775_7439988718819781243_n-300x225.jpg 300w, https:\/\/marekkuchcinski.pl\/wp-content\/uploads\/2022\/04\/277681918_343133241207775_7439988718819781243_n-768x576.jpg 768w, https:\/\/marekkuchcinski.pl\/wp-content\/uploads\/2022\/04\/277681918_343133241207775_7439988718819781243_n-16x12.jpg 16w\" sizes=\"(max-width: 960px) 100vw, 960px\" \/><\/a><\/figure>\n\n\n\n<figure class=\"wp-block-image size-full\"><a href=\"https:\/\/marekkuchcinski.pl\/wp-content\/uploads\/2022\/04\/277683124_371472151520763_4168056856839560337_n.jpg\"><img loading=\"lazy\" decoding=\"async\" width=\"960\" height=\"720\" src=\"https:\/\/marekkuchcinski.pl\/wp-content\/uploads\/2022\/04\/277683124_371472151520763_4168056856839560337_n.jpg\" alt=\"\" class=\"wp-image-24653\" srcset=\"https:\/\/marekkuchcinski.pl\/wp-content\/uploads\/2022\/04\/277683124_371472151520763_4168056856839560337_n.jpg 960w, https:\/\/marekkuchcinski.pl\/wp-content\/uploads\/2022\/04\/277683124_371472151520763_4168056856839560337_n-300x225.jpg 300w, https:\/\/marekkuchcinski.pl\/wp-content\/uploads\/2022\/04\/277683124_371472151520763_4168056856839560337_n-768x576.jpg 768w, https:\/\/marekkuchcinski.pl\/wp-content\/uploads\/2022\/04\/277683124_371472151520763_4168056856839560337_n-16x12.jpg 16w\" sizes=\"(max-width: 960px) 100vw, 960px\" \/><\/a><\/figure>","protected":false},"excerpt":{"rendered":"<p>Z\u00e1stupcovia V\u00fdboru pre zahrani\u010dn\u00e9 veci Dolnej snemovne Spojen\u00e9ho kr\u00e1\u013eovstva Ve\u013ekej Brit\u00e1nie a Severn\u00e9ho \u00cdrska s predsedom Tomom Tugendhatom a poslanci z Ukrajiny vr\u00e1tane Oleny \u0160ulak a Mykyty Poturajevovej sa 31. marca zaoberali potrebami ute\u010dencov a pr\u00e1cou pohrani\u010dnej str\u00e1\u017ee v Medike. V Przemy\u015bli sa pozreli na pr\u00e1cu prij\u00edmac\u00edch miest a miestnych centier pomoci. - Komunitu v\u017edy presved\u010d\u00edme, \u017ee [...]<\/p>","protected":false},"author":21,"featured_media":24647,"comment_status":"open","ping_status":"open","sticky":false,"template":"","format":"standard","meta":{"ngg_post_thumbnail":0,"footnotes":""},"categories":[50,3],"tags":[],"class_list":["post-24644","post","type-post","status-publish","format-standard","has-post-thumbnail","hentry","category-wspolpraca-miedzynarodowa","category-wydarzenia"],"yoast_head":"<!-- This site is optimized with the Yoast SEO plugin v24.7 - https:\/\/yoast.com\/wordpress\/plugins\/seo\/ -->\n<title>Polsko-brytyjska wsp\u00f3\u0142praca w ramach wsparcia dla Ukrainy &#8211; Marek Kuchci\u0144ski<\/title>\n<meta name=\"robots\" content=\"index, follow, max-snippet:-1, max-image-preview:large, max-video-preview:-1\" \/>\n<link rel=\"canonical\" href=\"https:\/\/marekkuchcinski.pl\/sk\/wydarzenia\/polsko-brytyjska-wspolpraca-w-ramach-wsparcia-dla-ukrainy\/\" \/>\n<meta property=\"og:locale\" content=\"sk_SK\" \/>\n<meta property=\"og:type\" content=\"article\" \/>\n<meta property=\"og:title\" content=\"Polsko-brytyjska wsp\u00f3\u0142praca w ramach wsparcia dla Ukrainy &#8211; Marek Kuchci\u0144ski\" \/>\n<meta property=\"og:description\" content=\"31 marca przedstawiciele Komisji Spraw Zagranicznych Izby Gmin Zjednoczonego Kr\u00f3lestwa Wielkiej Brytanii i Irlandii P\u00f3\u0142nocnej z przewodnicz\u0105cym Tomem Tugendhatem oraz parlamentarzy\u015bci z Ukrainy, m.in. Olen\u0105 Szulak i Mykyt\u0105 Poturayewem, zapoznali si\u0119 z potrzebami uchod\u017ac\u00f3w i dzia\u0142aniami stra\u017cy granicznej w Medyce. W Przemy\u015blu przyjrzeli si\u0119 pracy punkt\u00f3w recepcyjnych oraz lokalnym centrom pomocy. \u2013 Niezmiennie przekonujemy spo\u0142eczno\u015b\u0107 [&hellip;]\" \/>\n<meta property=\"og:url\" content=\"https:\/\/marekkuchcinski.pl\/sk\/wydarzenia\/polsko-brytyjska-wspolpraca-w-ramach-wsparcia-dla-ukrainy\/\" \/>\n<meta property=\"og:site_name\" content=\"Marek Kuchci\u0144ski\" \/>\n<meta property=\"article:published_time\" content=\"2022-04-03T11:51:52+00:00\" \/>\n<meta property=\"article:modified_time\" content=\"2022-04-08T12:49:50+00:00\" \/>\n<meta property=\"og:image\" content=\"https:\/\/marekkuchcinski.pl\/wp-content\/uploads\/2022\/04\/okl.jpg\" \/>\n\t<meta property=\"og:image:width\" content=\"960\" \/>\n\t<meta property=\"og:image:height\" content=\"720\" \/>\n\t<meta property=\"og:image:type\" content=\"image\/jpeg\" \/>\n<meta name=\"author\" content=\"Marta Olejnik\" \/>\n<meta name=\"twitter:card\" content=\"summary_large_image\" \/>\n<meta name=\"twitter:label1\" content=\"Autor\" \/>\n\t<meta name=\"twitter:data1\" content=\"Marta Olejnik\" \/>\n\t<meta name=\"twitter:label2\" content=\"Predpokladan\u00fd \u010das \u010d\u00edtania\" \/>\n\t<meta name=\"twitter:data2\" content=\"2 min\u00faty\" \/>\n<script type=\"application\/ld+json\" class=\"yoast-schema-graph\">{\"@context\":\"https:\/\/schema.org\",\"@graph\":[{\"@type\":\"Article\",\"@id\":\"https:\/\/marekkuchcinski.pl\/wydarzenia\/polsko-brytyjska-wspolpraca-w-ramach-wsparcia-dla-ukrainy\/#article\",\"isPartOf\":{\"@id\":\"https:\/\/marekkuchcinski.pl\/wydarzenia\/polsko-brytyjska-wspolpraca-w-ramach-wsparcia-dla-ukrainy\/\"},\"author\":{\"name\":\"Marta Olejnik\",\"@id\":\"https:\/\/marekkuchcinski.pl\/#\/schema\/person\/51d5d4ee3b5317b8e4dd2b48af359229\"},\"headline\":\"Polsko-brytyjska wsp\u00f3\u0142praca w ramach wsparcia dla Ukrainy\",\"datePublished\":\"2022-04-03T11:51:52+00:00\",\"dateModified\":\"2022-04-08T12:49:50+00:00\",\"mainEntityOfPage\":{\"@id\":\"https:\/\/marekkuchcinski.pl\/wydarzenia\/polsko-brytyjska-wspolpraca-w-ramach-wsparcia-dla-ukrainy\/\"},\"wordCount\":223,\"commentCount\":0,\"publisher\":{\"@id\":\"https:\/\/marekkuchcinski.pl\/#organization\"},\"image\":{\"@id\":\"https:\/\/marekkuchcinski.pl\/wydarzenia\/polsko-brytyjska-wspolpraca-w-ramach-wsparcia-dla-ukrainy\/#primaryimage\"},\"thumbnailUrl\":\"https:\/\/marekkuchcinski.pl\/wp-content\/uploads\/2022\/04\/okl.jpg\",\"articleSection\":[\"Wsp\u00f3\u0142praca mi\u0119dzynarodowa\",\"Wydarzenia\"],\"inLanguage\":\"sk-SK\",\"potentialAction\":[{\"@type\":\"CommentAction\",\"name\":\"Comment\",\"target\":[\"https:\/\/marekkuchcinski.pl\/wydarzenia\/polsko-brytyjska-wspolpraca-w-ramach-wsparcia-dla-ukrainy\/#respond\"]}]},{\"@type\":\"WebPage\",\"@id\":\"https:\/\/marekkuchcinski.pl\/wydarzenia\/polsko-brytyjska-wspolpraca-w-ramach-wsparcia-dla-ukrainy\/\",\"url\":\"https:\/\/marekkuchcinski.pl\/wydarzenia\/polsko-brytyjska-wspolpraca-w-ramach-wsparcia-dla-ukrainy\/\",\"name\":\"Polsko-brytyjska wsp\u00f3\u0142praca w ramach wsparcia dla Ukrainy &#8211; Marek Kuchci\u0144ski\",\"isPartOf\":{\"@id\":\"https:\/\/marekkuchcinski.pl\/#website\"},\"primaryImageOfPage\":{\"@id\":\"https:\/\/marekkuchcinski.pl\/wydarzenia\/polsko-brytyjska-wspolpraca-w-ramach-wsparcia-dla-ukrainy\/#primaryimage\"},\"image\":{\"@id\":\"https:\/\/marekkuchcinski.pl\/wydarzenia\/polsko-brytyjska-wspolpraca-w-ramach-wsparcia-dla-ukrainy\/#primaryimage\"},\"thumbnailUrl\":\"https:\/\/marekkuchcinski.pl\/wp-content\/uploads\/2022\/04\/okl.jpg\",\"datePublished\":\"2022-04-03T11:51:52+00:00\",\"dateModified\":\"2022-04-08T12:49:50+00:00\",\"breadcrumb\":{\"@id\":\"https:\/\/marekkuchcinski.pl\/wydarzenia\/polsko-brytyjska-wspolpraca-w-ramach-wsparcia-dla-ukrainy\/#breadcrumb\"},\"inLanguage\":\"sk-SK\",\"potentialAction\":[{\"@type\":\"ReadAction\",\"target\":[\"https:\/\/marekkuchcinski.pl\/wydarzenia\/polsko-brytyjska-wspolpraca-w-ramach-wsparcia-dla-ukrainy\/\"]}]},{\"@type\":\"ImageObject\",\"inLanguage\":\"sk-SK\",\"@id\":\"https:\/\/marekkuchcinski.pl\/wydarzenia\/polsko-brytyjska-wspolpraca-w-ramach-wsparcia-dla-ukrainy\/#primaryimage\",\"url\":\"https:\/\/marekkuchcinski.pl\/wp-content\/uploads\/2022\/04\/okl.jpg\",\"contentUrl\":\"https:\/\/marekkuchcinski.pl\/wp-content\/uploads\/2022\/04\/okl.jpg\",\"width\":960,\"height\":720},{\"@type\":\"BreadcrumbList\",\"@id\":\"https:\/\/marekkuchcinski.pl\/wydarzenia\/polsko-brytyjska-wspolpraca-w-ramach-wsparcia-dla-ukrainy\/#breadcrumb\",\"itemListElement\":[{\"@type\":\"ListItem\",\"position\":1,\"name\":\"Strona g\u0142\u00f3wna\",\"item\":\"https:\/\/marekkuchcinski.pl\/\"},{\"@type\":\"ListItem\",\"position\":2,\"name\":\"Polsko-brytyjska wsp\u00f3\u0142praca w ramach wsparcia dla Ukrainy\"}]},{\"@type\":\"WebSite\",\"@id\":\"https:\/\/marekkuchcinski.pl\/#website\",\"url\":\"https:\/\/marekkuchcinski.pl\/\",\"name\":\"Marek Kuchci\u0144ski\",\"description\":\"Pose\u0142 na sejm RP &ndash; okr\u0119g nr 22\",\"publisher\":{\"@id\":\"https:\/\/marekkuchcinski.pl\/#organization\"},\"potentialAction\":[{\"@type\":\"SearchAction\",\"target\":{\"@type\":\"EntryPoint\",\"urlTemplate\":\"https:\/\/marekkuchcinski.pl\/?s={search_term_string}\"},\"query-input\":{\"@type\":\"PropertyValueSpecification\",\"valueRequired\":true,\"valueName\":\"search_term_string\"}}],\"inLanguage\":\"sk-SK\"},{\"@type\":\"Organization\",\"@id\":\"https:\/\/marekkuchcinski.pl\/#organization\",\"name\":\"Marek Kuchci\u0144ski\",\"url\":\"https:\/\/marekkuchcinski.pl\/\",\"logo\":{\"@type\":\"ImageObject\",\"inLanguage\":\"sk-SK\",\"@id\":\"https:\/\/marekkuchcinski.pl\/#\/schema\/logo\/image\/\",\"url\":\"https:\/\/marekkuchcinski.pl\/wp-content\/uploads\/2022\/09\/Marek.jpg\",\"contentUrl\":\"https:\/\/marekkuchcinski.pl\/wp-content\/uploads\/2022\/09\/Marek.jpg\",\"width\":1600,\"height\":971,\"caption\":\"Marek Kuchci\u0144ski\"},\"image\":{\"@id\":\"https:\/\/marekkuchcinski.pl\/#\/schema\/logo\/image\/\"}},{\"@type\":\"Person\",\"@id\":\"https:\/\/marekkuchcinski.pl\/#\/schema\/person\/51d5d4ee3b5317b8e4dd2b48af359229\",\"name\":\"Marta Olejnik\",\"image\":{\"@type\":\"ImageObject\",\"inLanguage\":\"sk-SK\",\"@id\":\"https:\/\/marekkuchcinski.pl\/#\/schema\/person\/image\/\",\"url\":\"https:\/\/secure.gravatar.com\/avatar\/e39914b2aa6a48959e24d475b5dc9793?s=96&d=mm&r=g\",\"contentUrl\":\"https:\/\/secure.gravatar.com\/avatar\/e39914b2aa6a48959e24d475b5dc9793?s=96&d=mm&r=g\",\"caption\":\"Marta Olejnik\"},\"url\":\"https:\/\/marekkuchcinski.pl\/sk\/author\/marta\/\"}]}<\/script>\n<!-- \/ Yoast SEO plugin. -->","yoast_head_json":{"title":"Polsko-brytyjska wsp\u00f3\u0142praca w ramach wsparcia dla Ukrainy &#8211; Marek Kuchci\u0144ski","robots":{"index":"index","follow":"follow","max-snippet":"max-snippet:-1","max-image-preview":"max-image-preview:large","max-video-preview":"max-video-preview:-1"},"canonical":"https:\/\/marekkuchcinski.pl\/sk\/wydarzenia\/polsko-brytyjska-wspolpraca-w-ramach-wsparcia-dla-ukrainy\/","og_locale":"sk_SK","og_type":"article","og_title":"Polsko-brytyjska wsp\u00f3\u0142praca w ramach wsparcia dla Ukrainy &#8211; Marek Kuchci\u0144ski","og_description":"31 marca przedstawiciele Komisji Spraw Zagranicznych Izby Gmin Zjednoczonego Kr\u00f3lestwa Wielkiej Brytanii i Irlandii P\u00f3\u0142nocnej z przewodnicz\u0105cym Tomem Tugendhatem oraz parlamentarzy\u015bci z Ukrainy, m.in. Olen\u0105 Szulak i Mykyt\u0105 Poturayewem, zapoznali si\u0119 z potrzebami uchod\u017ac\u00f3w i dzia\u0142aniami stra\u017cy granicznej w Medyce. W Przemy\u015blu przyjrzeli si\u0119 pracy punkt\u00f3w recepcyjnych oraz lokalnym centrom pomocy. \u2013 Niezmiennie przekonujemy spo\u0142eczno\u015b\u0107 [&hellip;]","og_url":"https:\/\/marekkuchcinski.pl\/sk\/wydarzenia\/polsko-brytyjska-wspolpraca-w-ramach-wsparcia-dla-ukrainy\/","og_site_name":"Marek Kuchci\u0144ski","article_published_time":"2022-04-03T11:51:52+00:00","article_modified_time":"2022-04-08T12:49:50+00:00","og_image":[{"width":960,"height":720,"url":"https:\/\/marekkuchcinski.pl\/wp-content\/uploads\/2022\/04\/okl.jpg","type":"image\/jpeg"}],"author":"Marta Olejnik","twitter_card":"summary_large_image","twitter_misc":{"Autor":"Marta Olejnik","Predpokladan\u00fd \u010das \u010d\u00edtania":"2 min\u00faty"},"schema":{"@context":"https:\/\/schema.org","@graph":[{"@type":"Article","@id":"https:\/\/marekkuchcinski.pl\/wydarzenia\/polsko-brytyjska-wspolpraca-w-ramach-wsparcia-dla-ukrainy\/#article","isPartOf":{"@id":"https:\/\/marekkuchcinski.pl\/wydarzenia\/polsko-brytyjska-wspolpraca-w-ramach-wsparcia-dla-ukrainy\/"},"author":{"name":"Marta Olejnik","@id":"https:\/\/marekkuchcinski.pl\/#\/schema\/person\/51d5d4ee3b5317b8e4dd2b48af359229"},"headline":"Polsko-brytyjska wsp\u00f3\u0142praca w ramach wsparcia dla Ukrainy","datePublished":"2022-04-03T11:51:52+00:00","dateModified":"2022-04-08T12:49:50+00:00","mainEntityOfPage":{"@id":"https:\/\/marekkuchcinski.pl\/wydarzenia\/polsko-brytyjska-wspolpraca-w-ramach-wsparcia-dla-ukrainy\/"},"wordCount":223,"commentCount":0,"publisher":{"@id":"https:\/\/marekkuchcinski.pl\/#organization"},"image":{"@id":"https:\/\/marekkuchcinski.pl\/wydarzenia\/polsko-brytyjska-wspolpraca-w-ramach-wsparcia-dla-ukrainy\/#primaryimage"},"thumbnailUrl":"https:\/\/marekkuchcinski.pl\/wp-content\/uploads\/2022\/04\/okl.jpg","articleSection":["Wsp\u00f3\u0142praca mi\u0119dzynarodowa","Wydarzenia"],"inLanguage":"sk-SK","potentialAction":[{"@type":"CommentAction","name":"Comment","target":["https:\/\/marekkuchcinski.pl\/wydarzenia\/polsko-brytyjska-wspolpraca-w-ramach-wsparcia-dla-ukrainy\/#respond"]}]},{"@type":"WebPage","@id":"https:\/\/marekkuchcinski.pl\/wydarzenia\/polsko-brytyjska-wspolpraca-w-ramach-wsparcia-dla-ukrainy\/","url":"https:\/\/marekkuchcinski.pl\/wydarzenia\/polsko-brytyjska-wspolpraca-w-ramach-wsparcia-dla-ukrainy\/","name":"Polsko-brytyjska wsp\u00f3\u0142praca w ramach wsparcia dla Ukrainy &#8211; Marek Kuchci\u0144ski","isPartOf":{"@id":"https:\/\/marekkuchcinski.pl\/#website"},"primaryImageOfPage":{"@id":"https:\/\/marekkuchcinski.pl\/wydarzenia\/polsko-brytyjska-wspolpraca-w-ramach-wsparcia-dla-ukrainy\/#primaryimage"},"image":{"@id":"https:\/\/marekkuchcinski.pl\/wydarzenia\/polsko-brytyjska-wspolpraca-w-ramach-wsparcia-dla-ukrainy\/#primaryimage"},"thumbnailUrl":"https:\/\/marekkuchcinski.pl\/wp-content\/uploads\/2022\/04\/okl.jpg","datePublished":"2022-04-03T11:51:52+00:00","dateModified":"2022-04-08T12:49:50+00:00","breadcrumb":{"@id":"https:\/\/marekkuchcinski.pl\/wydarzenia\/polsko-brytyjska-wspolpraca-w-ramach-wsparcia-dla-ukrainy\/#breadcrumb"},"inLanguage":"sk-SK","potentialAction":[{"@type":"ReadAction","target":["https:\/\/marekkuchcinski.pl\/wydarzenia\/polsko-brytyjska-wspolpraca-w-ramach-wsparcia-dla-ukrainy\/"]}]},{"@type":"ImageObject","inLanguage":"sk-SK","@id":"https:\/\/marekkuchcinski.pl\/wydarzenia\/polsko-brytyjska-wspolpraca-w-ramach-wsparcia-dla-ukrainy\/#primaryimage","url":"https:\/\/marekkuchcinski.pl\/wp-content\/uploads\/2022\/04\/okl.jpg","contentUrl":"https:\/\/marekkuchcinski.pl\/wp-content\/uploads\/2022\/04\/okl.jpg","width":960,"height":720},{"@type":"BreadcrumbList","@id":"https:\/\/marekkuchcinski.pl\/wydarzenia\/polsko-brytyjska-wspolpraca-w-ramach-wsparcia-dla-ukrainy\/#breadcrumb","itemListElement":[{"@type":"ListItem","position":1,"name":"Strona g\u0142\u00f3wna","item":"https:\/\/marekkuchcinski.pl\/"},{"@type":"ListItem","position":2,"name":"Polsko-brytyjska wsp\u00f3\u0142praca w ramach wsparcia dla Ukrainy"}]},{"@type":"WebSite","@id":"https:\/\/marekkuchcinski.pl\/#website","url":"https:\/\/marekkuchcinski.pl\/","name":"Marek Kuchci\u0144ski","description":"Pose\u0142 na sejm RP &ndash; okr\u0119g nr 22","publisher":{"@id":"https:\/\/marekkuchcinski.pl\/#organization"},"potentialAction":[{"@type":"SearchAction","target":{"@type":"EntryPoint","urlTemplate":"https:\/\/marekkuchcinski.pl\/?s={search_term_string}"},"query-input":{"@type":"PropertyValueSpecification","valueRequired":true,"valueName":"search_term_string"}}],"inLanguage":"sk-SK"},{"@type":"Organization","@id":"https:\/\/marekkuchcinski.pl\/#organization","name":"Marek Kuchci\u0144ski","url":"https:\/\/marekkuchcinski.pl\/","logo":{"@type":"ImageObject","inLanguage":"sk-SK","@id":"https:\/\/marekkuchcinski.pl\/#\/schema\/logo\/image\/","url":"https:\/\/marekkuchcinski.pl\/wp-content\/uploads\/2022\/09\/Marek.jpg","contentUrl":"https:\/\/marekkuchcinski.pl\/wp-content\/uploads\/2022\/09\/Marek.jpg","width":1600,"height":971,"caption":"Marek Kuchci\u0144ski"},"image":{"@id":"https:\/\/marekkuchcinski.pl\/#\/schema\/logo\/image\/"}},{"@type":"Person","@id":"https:\/\/marekkuchcinski.pl\/#\/schema\/person\/51d5d4ee3b5317b8e4dd2b48af359229","name":"Marta Olejnik","image":{"@type":"ImageObject","inLanguage":"sk-SK","@id":"https:\/\/marekkuchcinski.pl\/#\/schema\/person\/image\/","url":"https:\/\/secure.gravatar.com\/avatar\/e39914b2aa6a48959e24d475b5dc9793?s=96&d=mm&r=g","contentUrl":"https:\/\/secure.gravatar.com\/avatar\/e39914b2aa6a48959e24d475b5dc9793?s=96&d=mm&r=g","caption":"Marta Olejnik"},"url":"https:\/\/marekkuchcinski.pl\/sk\/author\/marta\/"}]}},"_links":{"self":[{"href":"https:\/\/marekkuchcinski.pl\/sk\/wp-json\/wp\/v2\/posts\/24644","targetHints":{"allow":["GET"]}}],"collection":[{"href":"https:\/\/marekkuchcinski.pl\/sk\/wp-json\/wp\/v2\/posts"}],"about":[{"href":"https:\/\/marekkuchcinski.pl\/sk\/wp-json\/wp\/v2\/types\/post"}],"author":[{"embeddable":true,"href":"https:\/\/marekkuchcinski.pl\/sk\/wp-json\/wp\/v2\/users\/21"}],"replies":[{"embeddable":true,"href":"https:\/\/marekkuchcinski.pl\/sk\/wp-json\/wp\/v2\/comments?post=24644"}],"version-history":[{"count":11,"href":"https:\/\/marekkuchcinski.pl\/sk\/wp-json\/wp\/v2\/posts\/24644\/revisions"}],"predecessor-version":[{"id":24672,"href":"https:\/\/marekkuchcinski.pl\/sk\/wp-json\/wp\/v2\/posts\/24644\/revisions\/24672"}],"wp:featuredmedia":[{"embeddable":true,"href":"https:\/\/marekkuchcinski.pl\/sk\/wp-json\/wp\/v2\/media\/24647"}],"wp:attachment":[{"href":"https:\/\/marekkuchcinski.pl\/sk\/wp-json\/wp\/v2\/media?parent=24644"}],"wp:term":[{"taxonomy":"category","embeddable":true,"href":"https:\/\/marekkuchcinski.pl\/sk\/wp-json\/wp\/v2\/categories?post=24644"},{"taxonomy":"post_tag","embeddable":true,"href":"https:\/\/marekkuchcinski.pl\/sk\/wp-json\/wp\/v2\/tags?post=24644"}],"curies":[{"name":"wp","href":"https:\/\/api.w.org\/{rel}","templated":true}]}}