{"id":24203,"date":"2022-08-23T22:01:00","date_gmt":"2022-08-23T20:01:00","guid":{"rendered":"https:\/\/marekkuchcinski.pl\/?p=24203"},"modified":"2023-01-31T21:06:42","modified_gmt":"2023-01-31T20:06:42","slug":"europa-karpat-sprawozdanie-z-konferencji","status":"publish","type":"post","link":"https:\/\/marekkuchcinski.pl\/sk\/wydarzenia\/europa-karpat-sprawozdanie-z-konferencji\/","title":{"rendered":"Karpatsk\u00e1 Eur\u00f3pa - spr\u00e1va z konferencie"},"content":{"rendered":"<p>D\u00e1my a p\u00e1ni \"Eur\u00f3pa Karp\u00e1t\" funguje u\u017e dve desa\u0165ro\u010dia ako st\u00e1la s\u00e9ria konferenci\u00ed, na ktor\u00fdch sa diskutuje o najd\u00f4le\u017eitej\u0161\u00edch probl\u00e9moch t\u00fdkaj\u00facich sa Po\u013eska, strednej Eur\u00f3py, Eur\u00f3py a sveta. V \u010dom spo\u010d\u00edva fenom\u00e9n \"Karpatskej Eur\u00f3py\" a skuto\u010dnos\u0165, \u017ee sa jej podarilo spoji\u0165 \u013eud\u00ed a osobnosti z to\u013ek\u00fdch r\u00f4znych kraj\u00edn, reprezentuj\u00facich to\u013eko r\u00f4znych oblast\u00ed vzdel\u00e1vania a odbornej \u010dinnosti - ako n\u00e1s o tom neust\u00e1le presvied\u010daj\u00fa men\u00e1 panelistov \u010fal\u0161\u00edch ro\u010dn\u00edkov tejto konferencie?<\/p>\n\n\n\n<p>Z d\u00f4vodov, ktor\u00e9 s\u00fa celkom nez\u00e1visl\u00e9, ale inici\u00e1tori a organiz\u00e1tori konferencie si ich v\u0161imli, si obyvatelia strednej Eur\u00f3py, ktor\u00ed boli tla\u010den\u00ed - \u010dasto ve\u013emi brut\u00e1lne - ve\u013ek\u00fdmi r\u00ed\u0161ami z V\u00fdchodu a Z\u00e1padu, vyvinuli \u0161pecifick\u00e9 vlastnosti ako odpove\u010f na n\u00e1silie a sofistikovan\u00e9 intrigy agresora: ak\u00fasi genialitu. M\u00fadros\u0165, ktor\u00fa mo\u017eno c\u00edti\u0165 tak na takzvanej \u013eudovej \u00farovni, ako aj medzi n\u00e1rodn\u00fdmi intelektu\u00e1lnymi elitami. V politick\u00fdch centr\u00e1ch Eur\u00f3pskej \u00fanie sa s ned\u00f4verou a dokonca s rast\u00facou netrpezlivos\u0165ou stret\u00e1vame s t\u00fdmto postojom - ktor\u00fd je charakteristick\u00fd nielen pre Poliakov -, ktor\u00fd nechceme slepo napodob\u0148ova\u0165 a kop\u00edrova\u0165. Krajiny a n\u00e1rody karpatskej Eur\u00f3py pristupuj\u00fa k \u017eivotu bez ve\u013ek\u00fdch il\u00fazi\u00ed, ba dokonca s istou d\u00e1vkou skepsy. M\u00e1me nadpriemern\u00fa schopnos\u0165 premeni\u0165 ne\u00faspech na vtip. St\u00e1le si silno pam\u00e4t\u00e1me, ak\u00fd je \u017eivot, ke\u010f n\u00e1m autority s\u013eubuj\u00fa, \u017ee vybuduj\u00fa raj na zemi. Ke\u010f sa pr\u00eds\u013eub prosperity pre v\u0161etk\u00fdch stane peklom pre v\u0161etk\u00fdch. Nie je to len spomienka na komunistick\u00fa \u00e9ru. Karpatsk\u00e1 Eur\u00f3pa je toti\u017e priestorom mal\u00fdch \u013eudsk\u00fdch dej\u00edn. \u010cas sa tu nikdy nezastavil. Ot\u00e1zky o vlastn\u00fdch kore\u0148och, zdrojoch a identite boli v\u017edy \u017eiv\u00e9. Rovnako ako \u00facta k vlastnej pr\u00e1ci a z\u00e1rove\u0148 otvorenos\u0165 vo\u010di n\u00e1padom a vyn\u00e1lezom in\u00fdch. Vzor dobr\u00e9ho hospod\u00e1ra, \"zlat\u00e9 ruky\", \u010destn\u00fd mu\u017e, rytierske cnosti, viera, \u017ee ako je viera, tak je aj Boh - nezost\u00e1vaj\u00fa charakteristick\u00fdm znakom tohto regi\u00f3nu sveta, ale sk\u00f4r priestorom kondenzovan\u00fdch \u013eudsk\u00fdch dej\u00edn. A jeho bud\u00facnos\u0165.<\/p>\n\n\n\n<p>\u010ci u\u017e \u010d\u00edtate o Karpatskej Eur\u00f3pe, Trojstrednej Eur\u00f3pe, Novej Eur\u00f3pe alebo Vy\u0161ehradskej skupine, v\u0161etky anal\u00fdzy potvrdzuj\u00fa, \u017ee v posledn\u00fdch dvoch desa\u0165ro\u010diach bola na\u0161a \u010das\u0165 Eur\u00f3py jednou z najr\u00fdchlej\u0161ie sa hospod\u00e1rsky rozv\u00edjaj\u00facich oblast\u00ed na svete. Namiesto toho, aby sa stredoeur\u00f3pske n\u00e1rody prepadali do etnick\u00fdch konfliktov, ako to kedysi predpovedali z\u00e1stancovia t\u00e9zy, \u017ee komunizmus je ak\u00fdmsi \"zmrazova\u010dom konfliktov\", \u010doraz \u00fa\u010dinnej\u0161ie spolupracuj\u00fa. Ktovie, \u010di Karpatsk\u00e1 Eur\u00f3pa, ktor\u00e1 sa, \u017eia\u013e, v Eur\u00f3pskej \u00fanii ponorila do viacer\u00fdch v\u00e1\u017enych kr\u00edz, \u010doskoro neprevezme \u00falohu Piemontu? Centrum duchovn\u00fdch a racion\u00e1lnych s\u00edl a hodn\u00f4t, na ktor\u00fdch mo\u017eno budova\u0165 eur\u00f3psky poriadok, mier a spolupr\u00e1cu pre \u010fal\u0161ie gener\u00e1cie. Karpatsk\u00e1 Eur\u00f3pa\", organizovan\u00fd v r\u00e1mci jubilejn\u00e9ho XXX. hospod\u00e1rskeho f\u00f3ra v Karpaczi, pozost\u00e1val zo 16 panelov\u00fdch diskusi\u00ed a nespo\u010detn\u00fdch stretnut\u00ed a rozhovorov, po\u010das ktor\u00fdch sa stanovovali diagn\u00f3zy a vypracov\u00e1vali recepty na rie\u0161enie zvy\u010dajne zlo\u017eit\u00fdch probl\u00e9mov. Vytvoril sa kapit\u00e1l vedomost\u00ed a medzi\u013eudsk\u00fdch kontaktov. T\u00e1to publik\u00e1cia, ktor\u00fa v\u00e1m odovzd\u00e1vame, je d\u00f4le\u017eit\u00fdm, aj ke\u010f samozrejme len stru\u010dn\u00fdm z\u00e1znamom diskusi\u00ed a vykonanej pr\u00e1ce. Osobn\u00fa \u00fa\u010das\u0165 na konferencii Eur\u00f3pa Karp\u00e1t ni\u010d nenahrad\u00ed, \u010doho d\u00f4kazom bola aj ve\u013emi vysok\u00e1 \u00fa\u010das\u0165 verejnosti na XXX. ro\u010dn\u00edku v Karpa\u010di. Spr\u00e1ve o XXX. konferencii predch\u00e1dzaj\u00fa tri texty, ktor\u00e9 sa zaoberaj\u00fa k\u013e\u00fa\u010dov\u00fdmi ot\u00e1zkami, ktor\u00fdmi sa budeme pravdepodobne zaobera\u0165 e\u0161te mnoho rokov: bud\u00facnos\u0165 civiliz\u00e1cie, v\u00fdznam komunik\u00e1cie a ekol\u00f3gia a bohatstvo, ktor\u00e9 po st\u00e1ro\u010dia z\u00edskavali obyvatelia strednej Eur\u00f3py zo zdrav\u00e9ho pr\u00edrodn\u00e9ho prostredia. Preto v\u00e1s u\u017e dnes poz\u00fdvam k osobnej a akt\u00edvnej \u00fa\u010dasti na \u010fal\u0161\u00edch konferenci\u00e1ch \"Karpatskej Eur\u00f3py\". Uvid\u00edme sa tam!<\/p>\n\n\n\n<p>Marek Kuchci\u0144ski, predseda V\u00fdboru pre zahrani\u010dn\u00e9 veci<\/p>\n\n\n\n<div class=\"wp-block-file\"><a id=\"wp-block-file--media-cffa63e0-7300-4e5d-8fa9-2977600c0aee\" href=\"https:\/\/marekkuchcinski.pl\/wp-content\/uploads\/2022\/01\/Europa-Karpat_2022_o-1.pdf\">Europa-Karpat_2022_o-1<\/a><a href=\"https:\/\/marekkuchcinski.pl\/wp-content\/uploads\/2022\/01\/Europa-Karpat_2022_o-1.pdf\" class=\"wp-block-file__button wp-element-button\" download aria-describedby=\"wp-block-file--media-cffa63e0-7300-4e5d-8fa9-2977600c0aee\">Stiahnite si<\/a><\/div>\n\n\n\n<div class=\"wp-block-file\"><a id=\"wp-block-file--media-40236397-74cf-4a88-8353-e1dc7a832dee\" href=\"https:\/\/marekkuchcinski.pl\/sk\/wydarzenia\/europa-karpat-sprawozdanie-z-konferencji\/attachment\/europa-karpat_2022-en-1\/\">Europa-Karpat_2022-EN-1<\/a><a href=\"https:\/\/marekkuchcinski.pl\/wp-content\/uploads\/2022\/08\/Europa-Karpat_2022-EN-1.pdf\" class=\"wp-block-file__button wp-element-button\" download aria-describedby=\"wp-block-file--media-40236397-74cf-4a88-8353-e1dc7a832dee\">Stiahnite si<\/a><\/div>","protected":false},"excerpt":{"rendered":"<p>D\u00e1my a p\u00e1ni \"Karpatsk\u00e1 Eur\u00f3pa\" funguje u\u017e dve desa\u0165ro\u010dia ako st\u00e1la s\u00e9ria konferenci\u00ed, na ktor\u00fdch sa diskutuje o najd\u00f4le\u017eitej\u0161\u00edch probl\u00e9moch t\u00fdkaj\u00facich sa Po\u013eska, strednej Eur\u00f3py, Eur\u00f3py a sveta v danom okamihu - ale aj z dlhodob\u00e9ho h\u013eadiska. V \u010dom spo\u010d\u00edva fenom\u00e9n \"Karpatskej Eur\u00f3py\", \u017ee dok\u00e1zala spoji\u0165 \u013eud\u00ed a osobnosti z to\u013ek\u00fdch r\u00f4znych kraj\u00edn, reprezentuj\u00facich to\u013eko r\u00f4znych [...]<\/p>","protected":false},"author":21,"featured_media":24207,"comment_status":"open","ping_status":"open","sticky":false,"template":"","format":"standard","meta":{"ngg_post_thumbnail":0,"footnotes":""},"categories":[196,50,3],"tags":[],"class_list":["post-24203","post","type-post","status-publish","format-standard","has-post-thumbnail","hentry","category-publikacje","category-wspolpraca-miedzynarodowa","category-wydarzenia"],"yoast_head":"<!-- This site is optimized with the Yoast SEO plugin v24.7 - https:\/\/yoast.com\/wordpress\/plugins\/seo\/ -->\n<title>Europa Karpat \u2013 sprawozdanie z konferencji &#8211; Marek Kuchci\u0144ski<\/title>\n<meta name=\"robots\" content=\"index, follow, max-snippet:-1, max-image-preview:large, max-video-preview:-1\" \/>\n<link rel=\"canonical\" href=\"https:\/\/marekkuchcinski.pl\/sk\/wydarzenia\/europa-karpat-sprawozdanie-z-konferencji\/\" \/>\n<meta property=\"og:locale\" content=\"sk_SK\" \/>\n<meta property=\"og:type\" content=\"article\" \/>\n<meta property=\"og:title\" content=\"Europa Karpat \u2013 sprawozdanie z konferencji &#8211; Marek Kuchci\u0144ski\" \/>\n<meta property=\"og:description\" content=\"Szanowni Pa\u0144stwo! \u201eEuropa Karpat\u201d od dw\u00f3ch dziesi\u0119cioleci funkcjonuje jako sta\u0142y cykl konferencji, podczas kt\u00f3rych przedyskutowuje si\u0119 najwa\u017cniejsze w&nbsp;danym momencie \u2013 ale te\u017c w&nbsp;perspektywie d\u0142ugofalowej \u2013 problemy dotycz\u0105ce Polski, Europy \u015arodkowej, Europy oraz \u015bwiata. Co stanowi o&nbsp;fenomenie \u201eEuropy Karpat\u201d, o&nbsp;tym, \u017ce potrafi\u0142a ona skupi\u0107 wok\u00f3\u0142 siebie osoby i&nbsp;osobisto\u015bci pochodz\u0105ce z&nbsp;tak wielu r\u00f3\u017cnych pa\u0144stw, reprezentuj\u0105ce tak r\u00f3\u017cne [&hellip;]\" \/>\n<meta property=\"og:url\" content=\"https:\/\/marekkuchcinski.pl\/sk\/wydarzenia\/europa-karpat-sprawozdanie-z-konferencji\/\" \/>\n<meta property=\"og:site_name\" content=\"Marek Kuchci\u0144ski\" \/>\n<meta property=\"article:published_time\" content=\"2022-08-23T20:01:00+00:00\" \/>\n<meta property=\"article:modified_time\" content=\"2023-01-31T20:06:42+00:00\" \/>\n<meta property=\"og:image\" content=\"https:\/\/marekkuchcinski.pl\/wp-content\/uploads\/2022\/01\/euk-1.png\" \/>\n\t<meta property=\"og:image:width\" content=\"884\" \/>\n\t<meta property=\"og:image:height\" content=\"699\" \/>\n\t<meta property=\"og:image:type\" content=\"image\/png\" \/>\n<meta name=\"author\" content=\"Marta Olejnik\" \/>\n<meta name=\"twitter:card\" content=\"summary_large_image\" \/>\n<meta name=\"twitter:label1\" content=\"Autor\" \/>\n\t<meta name=\"twitter:data1\" content=\"Marta Olejnik\" \/>\n\t<meta name=\"twitter:label2\" content=\"Predpokladan\u00fd \u010das \u010d\u00edtania\" \/>\n\t<meta name=\"twitter:data2\" content=\"4 min\u00faty\" \/>\n<script type=\"application\/ld+json\" class=\"yoast-schema-graph\">{\"@context\":\"https:\/\/schema.org\",\"@graph\":[{\"@type\":\"Article\",\"@id\":\"https:\/\/marekkuchcinski.pl\/wydarzenia\/europa-karpat-sprawozdanie-z-konferencji\/#article\",\"isPartOf\":{\"@id\":\"https:\/\/marekkuchcinski.pl\/wydarzenia\/europa-karpat-sprawozdanie-z-konferencji\/\"},\"author\":{\"name\":\"Marta Olejnik\",\"@id\":\"https:\/\/marekkuchcinski.pl\/#\/schema\/person\/51d5d4ee3b5317b8e4dd2b48af359229\"},\"headline\":\"Europa Karpat \u2013 sprawozdanie z konferencji\",\"datePublished\":\"2022-08-23T20:01:00+00:00\",\"dateModified\":\"2023-01-31T20:06:42+00:00\",\"mainEntityOfPage\":{\"@id\":\"https:\/\/marekkuchcinski.pl\/wydarzenia\/europa-karpat-sprawozdanie-z-konferencji\/\"},\"wordCount\":707,\"commentCount\":0,\"publisher\":{\"@id\":\"https:\/\/marekkuchcinski.pl\/#organization\"},\"image\":{\"@id\":\"https:\/\/marekkuchcinski.pl\/wydarzenia\/europa-karpat-sprawozdanie-z-konferencji\/#primaryimage\"},\"thumbnailUrl\":\"https:\/\/marekkuchcinski.pl\/wp-content\/uploads\/2022\/01\/euk-1.png\",\"articleSection\":[\"Publikacje\",\"Wsp\u00f3\u0142praca mi\u0119dzynarodowa\",\"Wydarzenia\"],\"inLanguage\":\"sk-SK\",\"potentialAction\":[{\"@type\":\"CommentAction\",\"name\":\"Comment\",\"target\":[\"https:\/\/marekkuchcinski.pl\/wydarzenia\/europa-karpat-sprawozdanie-z-konferencji\/#respond\"]}]},{\"@type\":\"WebPage\",\"@id\":\"https:\/\/marekkuchcinski.pl\/wydarzenia\/europa-karpat-sprawozdanie-z-konferencji\/\",\"url\":\"https:\/\/marekkuchcinski.pl\/wydarzenia\/europa-karpat-sprawozdanie-z-konferencji\/\",\"name\":\"Europa Karpat \u2013 sprawozdanie z konferencji &#8211; Marek Kuchci\u0144ski\",\"isPartOf\":{\"@id\":\"https:\/\/marekkuchcinski.pl\/#website\"},\"primaryImageOfPage\":{\"@id\":\"https:\/\/marekkuchcinski.pl\/wydarzenia\/europa-karpat-sprawozdanie-z-konferencji\/#primaryimage\"},\"image\":{\"@id\":\"https:\/\/marekkuchcinski.pl\/wydarzenia\/europa-karpat-sprawozdanie-z-konferencji\/#primaryimage\"},\"thumbnailUrl\":\"https:\/\/marekkuchcinski.pl\/wp-content\/uploads\/2022\/01\/euk-1.png\",\"datePublished\":\"2022-08-23T20:01:00+00:00\",\"dateModified\":\"2023-01-31T20:06:42+00:00\",\"breadcrumb\":{\"@id\":\"https:\/\/marekkuchcinski.pl\/wydarzenia\/europa-karpat-sprawozdanie-z-konferencji\/#breadcrumb\"},\"inLanguage\":\"sk-SK\",\"potentialAction\":[{\"@type\":\"ReadAction\",\"target\":[\"https:\/\/marekkuchcinski.pl\/wydarzenia\/europa-karpat-sprawozdanie-z-konferencji\/\"]}]},{\"@type\":\"ImageObject\",\"inLanguage\":\"sk-SK\",\"@id\":\"https:\/\/marekkuchcinski.pl\/wydarzenia\/europa-karpat-sprawozdanie-z-konferencji\/#primaryimage\",\"url\":\"https:\/\/marekkuchcinski.pl\/wp-content\/uploads\/2022\/01\/euk-1.png\",\"contentUrl\":\"https:\/\/marekkuchcinski.pl\/wp-content\/uploads\/2022\/01\/euk-1.png\",\"width\":884,\"height\":699},{\"@type\":\"BreadcrumbList\",\"@id\":\"https:\/\/marekkuchcinski.pl\/wydarzenia\/europa-karpat-sprawozdanie-z-konferencji\/#breadcrumb\",\"itemListElement\":[{\"@type\":\"ListItem\",\"position\":1,\"name\":\"Strona g\u0142\u00f3wna\",\"item\":\"https:\/\/marekkuchcinski.pl\/\"},{\"@type\":\"ListItem\",\"position\":2,\"name\":\"Europa Karpat \u2013 sprawozdanie z konferencji\"}]},{\"@type\":\"WebSite\",\"@id\":\"https:\/\/marekkuchcinski.pl\/#website\",\"url\":\"https:\/\/marekkuchcinski.pl\/\",\"name\":\"Marek Kuchci\u0144ski\",\"description\":\"Pose\u0142 na sejm RP &ndash; okr\u0119g nr 22\",\"publisher\":{\"@id\":\"https:\/\/marekkuchcinski.pl\/#organization\"},\"potentialAction\":[{\"@type\":\"SearchAction\",\"target\":{\"@type\":\"EntryPoint\",\"urlTemplate\":\"https:\/\/marekkuchcinski.pl\/?s={search_term_string}\"},\"query-input\":{\"@type\":\"PropertyValueSpecification\",\"valueRequired\":true,\"valueName\":\"search_term_string\"}}],\"inLanguage\":\"sk-SK\"},{\"@type\":\"Organization\",\"@id\":\"https:\/\/marekkuchcinski.pl\/#organization\",\"name\":\"Marek Kuchci\u0144ski\",\"url\":\"https:\/\/marekkuchcinski.pl\/\",\"logo\":{\"@type\":\"ImageObject\",\"inLanguage\":\"sk-SK\",\"@id\":\"https:\/\/marekkuchcinski.pl\/#\/schema\/logo\/image\/\",\"url\":\"https:\/\/marekkuchcinski.pl\/wp-content\/uploads\/2022\/09\/Marek.jpg\",\"contentUrl\":\"https:\/\/marekkuchcinski.pl\/wp-content\/uploads\/2022\/09\/Marek.jpg\",\"width\":1600,\"height\":971,\"caption\":\"Marek Kuchci\u0144ski\"},\"image\":{\"@id\":\"https:\/\/marekkuchcinski.pl\/#\/schema\/logo\/image\/\"}},{\"@type\":\"Person\",\"@id\":\"https:\/\/marekkuchcinski.pl\/#\/schema\/person\/51d5d4ee3b5317b8e4dd2b48af359229\",\"name\":\"Marta Olejnik\",\"image\":{\"@type\":\"ImageObject\",\"inLanguage\":\"sk-SK\",\"@id\":\"https:\/\/marekkuchcinski.pl\/#\/schema\/person\/image\/\",\"url\":\"https:\/\/secure.gravatar.com\/avatar\/e39914b2aa6a48959e24d475b5dc9793?s=96&d=mm&r=g\",\"contentUrl\":\"https:\/\/secure.gravatar.com\/avatar\/e39914b2aa6a48959e24d475b5dc9793?s=96&d=mm&r=g\",\"caption\":\"Marta Olejnik\"},\"url\":\"https:\/\/marekkuchcinski.pl\/sk\/author\/marta\/\"}]}<\/script>\n<!-- \/ Yoast SEO plugin. -->","yoast_head_json":{"title":"Europa Karpat \u2013 sprawozdanie z konferencji &#8211; Marek Kuchci\u0144ski","robots":{"index":"index","follow":"follow","max-snippet":"max-snippet:-1","max-image-preview":"max-image-preview:large","max-video-preview":"max-video-preview:-1"},"canonical":"https:\/\/marekkuchcinski.pl\/sk\/wydarzenia\/europa-karpat-sprawozdanie-z-konferencji\/","og_locale":"sk_SK","og_type":"article","og_title":"Europa Karpat \u2013 sprawozdanie z konferencji &#8211; Marek Kuchci\u0144ski","og_description":"Szanowni Pa\u0144stwo! \u201eEuropa Karpat\u201d od dw\u00f3ch dziesi\u0119cioleci funkcjonuje jako sta\u0142y cykl konferencji, podczas kt\u00f3rych przedyskutowuje si\u0119 najwa\u017cniejsze w&nbsp;danym momencie \u2013 ale te\u017c w&nbsp;perspektywie d\u0142ugofalowej \u2013 problemy dotycz\u0105ce Polski, Europy \u015arodkowej, Europy oraz \u015bwiata. Co stanowi o&nbsp;fenomenie \u201eEuropy Karpat\u201d, o&nbsp;tym, \u017ce potrafi\u0142a ona skupi\u0107 wok\u00f3\u0142 siebie osoby i&nbsp;osobisto\u015bci pochodz\u0105ce z&nbsp;tak wielu r\u00f3\u017cnych pa\u0144stw, reprezentuj\u0105ce tak r\u00f3\u017cne [&hellip;]","og_url":"https:\/\/marekkuchcinski.pl\/sk\/wydarzenia\/europa-karpat-sprawozdanie-z-konferencji\/","og_site_name":"Marek Kuchci\u0144ski","article_published_time":"2022-08-23T20:01:00+00:00","article_modified_time":"2023-01-31T20:06:42+00:00","og_image":[{"width":884,"height":699,"url":"https:\/\/marekkuchcinski.pl\/wp-content\/uploads\/2022\/01\/euk-1.png","type":"image\/png"}],"author":"Marta Olejnik","twitter_card":"summary_large_image","twitter_misc":{"Autor":"Marta Olejnik","Predpokladan\u00fd \u010das \u010d\u00edtania":"4 min\u00faty"},"schema":{"@context":"https:\/\/schema.org","@graph":[{"@type":"Article","@id":"https:\/\/marekkuchcinski.pl\/wydarzenia\/europa-karpat-sprawozdanie-z-konferencji\/#article","isPartOf":{"@id":"https:\/\/marekkuchcinski.pl\/wydarzenia\/europa-karpat-sprawozdanie-z-konferencji\/"},"author":{"name":"Marta Olejnik","@id":"https:\/\/marekkuchcinski.pl\/#\/schema\/person\/51d5d4ee3b5317b8e4dd2b48af359229"},"headline":"Europa Karpat \u2013 sprawozdanie z konferencji","datePublished":"2022-08-23T20:01:00+00:00","dateModified":"2023-01-31T20:06:42+00:00","mainEntityOfPage":{"@id":"https:\/\/marekkuchcinski.pl\/wydarzenia\/europa-karpat-sprawozdanie-z-konferencji\/"},"wordCount":707,"commentCount":0,"publisher":{"@id":"https:\/\/marekkuchcinski.pl\/#organization"},"image":{"@id":"https:\/\/marekkuchcinski.pl\/wydarzenia\/europa-karpat-sprawozdanie-z-konferencji\/#primaryimage"},"thumbnailUrl":"https:\/\/marekkuchcinski.pl\/wp-content\/uploads\/2022\/01\/euk-1.png","articleSection":["Publikacje","Wsp\u00f3\u0142praca mi\u0119dzynarodowa","Wydarzenia"],"inLanguage":"sk-SK","potentialAction":[{"@type":"CommentAction","name":"Comment","target":["https:\/\/marekkuchcinski.pl\/wydarzenia\/europa-karpat-sprawozdanie-z-konferencji\/#respond"]}]},{"@type":"WebPage","@id":"https:\/\/marekkuchcinski.pl\/wydarzenia\/europa-karpat-sprawozdanie-z-konferencji\/","url":"https:\/\/marekkuchcinski.pl\/wydarzenia\/europa-karpat-sprawozdanie-z-konferencji\/","name":"Europa Karpat \u2013 sprawozdanie z konferencji &#8211; Marek Kuchci\u0144ski","isPartOf":{"@id":"https:\/\/marekkuchcinski.pl\/#website"},"primaryImageOfPage":{"@id":"https:\/\/marekkuchcinski.pl\/wydarzenia\/europa-karpat-sprawozdanie-z-konferencji\/#primaryimage"},"image":{"@id":"https:\/\/marekkuchcinski.pl\/wydarzenia\/europa-karpat-sprawozdanie-z-konferencji\/#primaryimage"},"thumbnailUrl":"https:\/\/marekkuchcinski.pl\/wp-content\/uploads\/2022\/01\/euk-1.png","datePublished":"2022-08-23T20:01:00+00:00","dateModified":"2023-01-31T20:06:42+00:00","breadcrumb":{"@id":"https:\/\/marekkuchcinski.pl\/wydarzenia\/europa-karpat-sprawozdanie-z-konferencji\/#breadcrumb"},"inLanguage":"sk-SK","potentialAction":[{"@type":"ReadAction","target":["https:\/\/marekkuchcinski.pl\/wydarzenia\/europa-karpat-sprawozdanie-z-konferencji\/"]}]},{"@type":"ImageObject","inLanguage":"sk-SK","@id":"https:\/\/marekkuchcinski.pl\/wydarzenia\/europa-karpat-sprawozdanie-z-konferencji\/#primaryimage","url":"https:\/\/marekkuchcinski.pl\/wp-content\/uploads\/2022\/01\/euk-1.png","contentUrl":"https:\/\/marekkuchcinski.pl\/wp-content\/uploads\/2022\/01\/euk-1.png","width":884,"height":699},{"@type":"BreadcrumbList","@id":"https:\/\/marekkuchcinski.pl\/wydarzenia\/europa-karpat-sprawozdanie-z-konferencji\/#breadcrumb","itemListElement":[{"@type":"ListItem","position":1,"name":"Strona g\u0142\u00f3wna","item":"https:\/\/marekkuchcinski.pl\/"},{"@type":"ListItem","position":2,"name":"Europa Karpat \u2013 sprawozdanie z konferencji"}]},{"@type":"WebSite","@id":"https:\/\/marekkuchcinski.pl\/#website","url":"https:\/\/marekkuchcinski.pl\/","name":"Marek Kuchci\u0144ski","description":"Pose\u0142 na sejm RP &ndash; okr\u0119g nr 22","publisher":{"@id":"https:\/\/marekkuchcinski.pl\/#organization"},"potentialAction":[{"@type":"SearchAction","target":{"@type":"EntryPoint","urlTemplate":"https:\/\/marekkuchcinski.pl\/?s={search_term_string}"},"query-input":{"@type":"PropertyValueSpecification","valueRequired":true,"valueName":"search_term_string"}}],"inLanguage":"sk-SK"},{"@type":"Organization","@id":"https:\/\/marekkuchcinski.pl\/#organization","name":"Marek Kuchci\u0144ski","url":"https:\/\/marekkuchcinski.pl\/","logo":{"@type":"ImageObject","inLanguage":"sk-SK","@id":"https:\/\/marekkuchcinski.pl\/#\/schema\/logo\/image\/","url":"https:\/\/marekkuchcinski.pl\/wp-content\/uploads\/2022\/09\/Marek.jpg","contentUrl":"https:\/\/marekkuchcinski.pl\/wp-content\/uploads\/2022\/09\/Marek.jpg","width":1600,"height":971,"caption":"Marek Kuchci\u0144ski"},"image":{"@id":"https:\/\/marekkuchcinski.pl\/#\/schema\/logo\/image\/"}},{"@type":"Person","@id":"https:\/\/marekkuchcinski.pl\/#\/schema\/person\/51d5d4ee3b5317b8e4dd2b48af359229","name":"Marta Olejnik","image":{"@type":"ImageObject","inLanguage":"sk-SK","@id":"https:\/\/marekkuchcinski.pl\/#\/schema\/person\/image\/","url":"https:\/\/secure.gravatar.com\/avatar\/e39914b2aa6a48959e24d475b5dc9793?s=96&d=mm&r=g","contentUrl":"https:\/\/secure.gravatar.com\/avatar\/e39914b2aa6a48959e24d475b5dc9793?s=96&d=mm&r=g","caption":"Marta Olejnik"},"url":"https:\/\/marekkuchcinski.pl\/sk\/author\/marta\/"}]}},"_links":{"self":[{"href":"https:\/\/marekkuchcinski.pl\/sk\/wp-json\/wp\/v2\/posts\/24203","targetHints":{"allow":["GET"]}}],"collection":[{"href":"https:\/\/marekkuchcinski.pl\/sk\/wp-json\/wp\/v2\/posts"}],"about":[{"href":"https:\/\/marekkuchcinski.pl\/sk\/wp-json\/wp\/v2\/types\/post"}],"author":[{"embeddable":true,"href":"https:\/\/marekkuchcinski.pl\/sk\/wp-json\/wp\/v2\/users\/21"}],"replies":[{"embeddable":true,"href":"https:\/\/marekkuchcinski.pl\/sk\/wp-json\/wp\/v2\/comments?post=24203"}],"version-history":[{"count":12,"href":"https:\/\/marekkuchcinski.pl\/sk\/wp-json\/wp\/v2\/posts\/24203\/revisions"}],"predecessor-version":[{"id":27644,"href":"https:\/\/marekkuchcinski.pl\/sk\/wp-json\/wp\/v2\/posts\/24203\/revisions\/27644"}],"wp:featuredmedia":[{"embeddable":true,"href":"https:\/\/marekkuchcinski.pl\/sk\/wp-json\/wp\/v2\/media\/24207"}],"wp:attachment":[{"href":"https:\/\/marekkuchcinski.pl\/sk\/wp-json\/wp\/v2\/media?parent=24203"}],"wp:term":[{"taxonomy":"category","embeddable":true,"href":"https:\/\/marekkuchcinski.pl\/sk\/wp-json\/wp\/v2\/categories?post=24203"},{"taxonomy":"post_tag","embeddable":true,"href":"https:\/\/marekkuchcinski.pl\/sk\/wp-json\/wp\/v2\/tags?post=24203"}],"curies":[{"name":"wp","href":"https:\/\/api.w.org\/{rel}","templated":true}]}}