{"id":24186,"date":"2022-01-25T17:38:51","date_gmt":"2022-01-25T16:38:51","guid":{"rendered":"https:\/\/marekkuchcinski.pl\/?p=24186"},"modified":"2022-01-25T17:38:53","modified_gmt":"2022-01-25T16:38:53","slug":"posiedzenie-komisji-spraw-zagranicznych-ws-wyjazdu-delegacji-nik-na-bialorus","status":"publish","type":"post","link":"https:\/\/marekkuchcinski.pl\/sk\/wydarzenia\/posiedzenie-komisji-spraw-zagranicznych-ws-wyjazdu-delegacji-nik-na-bialorus\/","title":{"rendered":"Posiedzenie Komisji Spraw Zagranicznych ws. wyjazdu delegacji NIK na Bia\u0142oru\u015b"},"content":{"rendered":"<p class=\"wp-block-paragraph\">Podczas po\u0142\u0105czonych Komisji Spraw Zagranicznych i Kontroli Pa\u0144stwowej 24 stycznia pos\u0142owie przypominali delegacji Najwy\u017cszej Izby kontroli, w tym prezesowi Banasiowi, \u017ce dziewi\u0119\u0107 os\u00f3b na Bia\u0142orusi zosta\u0142o zamordowanych z powodu udzia\u0142u w demonstracjach przeciw sfa\u0142szowanym wyborom. Zlikwidowano 275 organizacji obywatelskich, w tym szereg polskich, prawie tysi\u0105c os\u00f3b posiada status wi\u0119\u017ania politycznego na Bia\u0142orusi, wobec 1435 os\u00f3b prowadzone s\u0105 sprawy karne o pod\u0142o\u017cu politycznym. Wi\u0119zieni s\u0105 dzia\u0142acze Zwi\u0105zku Polak\u00f3w na Bia\u0142orusi. Bia\u0142oruska Komisja Kontroli Pa\u0144stwowej, na zaproszenie kt\u00f3rej delegacja NIK uda\u0142a si\u0119 na Bia\u0142oru\u015b, nie jest odpowiednikiem naszej Izby. Podlega bezpo\u015brednio A. \u0141ukaszence. Ma uprawnienia \u015bledcze, operacyjne. Instytucja wykorzystywana do walki z opozycj\u0105, tak\u017ce mniejszo\u015bci\u0105 polsk\u0105.<\/p>\n\n\n\n<p class=\"wp-block-paragraph\">W tym kontek\u015bcie ta wizyta jest bardzo z\u0142a dla naszych relacji z opozycj\u0105 i dla wizerunku pa\u0144stwa polskiego, stoi w sprzeczno\u015bci z ca\u0142\u0105 nasz\u0105 polityk\u0105 zagraniczn\u0105. W chwili, gdy na polsko-bia\u0142oruskiej granicy toczy si\u0119 wojna, takie dzia\u0142ania s\u0105 szczeg\u00f3lnie niezrozumia\u0142e.<\/p>\n\n\n\n<p class=\"wp-block-paragraph\">Przewodnicz\u0105cy delegacji do Mi\u0144ska zapewni\u0142, \u017ce rozmowy dotyczy\u0142y Puszczy Bia\u0142owieskiej i nie przekazano stronie bia\u0142oruskiej \u017cadnych tajemnic pa\u0144stwowych. 17 grudnia po\u0142\u0105czone Komisje Spraw Zagranicznych i Kontroli Pa\u0144stwowej przyj\u0119\u0142y stanowisko m\u00f3wi\u0105ce, \u017ce delegacja NIK powinna natychmiast wr\u00f3ci\u0107 z Mi\u0144ska do kraju. 24 stycznia przedstawiciele NIK odpowiadali na pytania marsza\u0142ek Sejmu dot. wyjazdu.<\/p>\n\n\n\n<figure class=\"wp-block-image size-large\"><a href=\"https:\/\/marekkuchcinski.pl\/wp-content\/uploads\/2022\/01\/b2-1-scaled.jpg\"><img fetchpriority=\"high\" decoding=\"async\" width=\"1024\" height=\"683\" src=\"https:\/\/marekkuchcinski.pl\/wp-content\/uploads\/2022\/01\/b2-1-1024x683.jpg\" alt=\"\" class=\"wp-image-24190\" srcset=\"https:\/\/marekkuchcinski.pl\/wp-content\/uploads\/2022\/01\/b2-1-1024x683.jpg 1024w, https:\/\/marekkuchcinski.pl\/wp-content\/uploads\/2022\/01\/b2-1-300x200.jpg 300w, https:\/\/marekkuchcinski.pl\/wp-content\/uploads\/2022\/01\/b2-1-768x512.jpg 768w, https:\/\/marekkuchcinski.pl\/wp-content\/uploads\/2022\/01\/b2-1-1536x1024.jpg 1536w, https:\/\/marekkuchcinski.pl\/wp-content\/uploads\/2022\/01\/b2-1-scaled.jpg 2048w, https:\/\/marekkuchcinski.pl\/wp-content\/uploads\/2022\/01\/b2-1-18x12.jpg 18w\" sizes=\"(max-width: 1024px) 100vw, 1024px\" \/><\/a><\/figure>\n\n\n\n<figure class=\"wp-block-image size-large\"><a href=\"https:\/\/marekkuchcinski.pl\/wp-content\/uploads\/2022\/01\/B1-scaled.jpg\"><img decoding=\"async\" width=\"1024\" height=\"683\" src=\"https:\/\/marekkuchcinski.pl\/wp-content\/uploads\/2022\/01\/B1-1024x683.jpg\" alt=\"\" class=\"wp-image-24191\" srcset=\"https:\/\/marekkuchcinski.pl\/wp-content\/uploads\/2022\/01\/B1-1024x683.jpg 1024w, https:\/\/marekkuchcinski.pl\/wp-content\/uploads\/2022\/01\/B1-300x200.jpg 300w, https:\/\/marekkuchcinski.pl\/wp-content\/uploads\/2022\/01\/B1-768x512.jpg 768w, https:\/\/marekkuchcinski.pl\/wp-content\/uploads\/2022\/01\/B1-1536x1024.jpg 1536w, https:\/\/marekkuchcinski.pl\/wp-content\/uploads\/2022\/01\/B1-scaled.jpg 2048w, https:\/\/marekkuchcinski.pl\/wp-content\/uploads\/2022\/01\/B1-18x12.jpg 18w\" sizes=\"(max-width: 1024px) 100vw, 1024px\" \/><\/a><\/figure>\n\n\n\n<figure class=\"wp-block-image size-large\"><a href=\"https:\/\/marekkuchcinski.pl\/wp-content\/uploads\/2022\/01\/b3-scaled.jpg\"><img decoding=\"async\" width=\"1024\" height=\"683\" src=\"https:\/\/marekkuchcinski.pl\/wp-content\/uploads\/2022\/01\/b3-1024x683.jpg\" alt=\"\" class=\"wp-image-24192\" srcset=\"https:\/\/marekkuchcinski.pl\/wp-content\/uploads\/2022\/01\/b3-1024x683.jpg 1024w, https:\/\/marekkuchcinski.pl\/wp-content\/uploads\/2022\/01\/b3-300x200.jpg 300w, https:\/\/marekkuchcinski.pl\/wp-content\/uploads\/2022\/01\/b3-768x512.jpg 768w, https:\/\/marekkuchcinski.pl\/wp-content\/uploads\/2022\/01\/b3-1536x1024.jpg 1536w, https:\/\/marekkuchcinski.pl\/wp-content\/uploads\/2022\/01\/b3-scaled.jpg 2048w, https:\/\/marekkuchcinski.pl\/wp-content\/uploads\/2022\/01\/b3-18x12.jpg 18w\" sizes=\"(max-width: 1024px) 100vw, 1024px\" \/><\/a><\/figure>","protected":false},"excerpt":{"rendered":"<p>Podczas po\u0142\u0105czonych Komisji Spraw Zagranicznych i Kontroli Pa\u0144stwowej 24 stycznia pos\u0142owie przypominali delegacji Najwy\u017cszej Izby kontroli, w tym prezesowi Banasiowi, \u017ce dziewi\u0119\u0107 os\u00f3b na Bia\u0142orusi zosta\u0142o zamordowanych z powodu udzia\u0142u w demonstracjach przeciw sfa\u0142szowanym wyborom. Zlikwidowano 275 organizacji obywatelskich, w tym szereg polskich, prawie tysi\u0105c os\u00f3b posiada status wi\u0119\u017ania politycznego na Bia\u0142orusi, wobec 1435 os\u00f3b [&hellip;]<\/p>\n","protected":false},"author":3,"featured_media":24189,"comment_status":"open","ping_status":"open","sticky":false,"template":"","format":"standard","meta":{"ngg_post_thumbnail":0,"footnotes":""},"categories":[50,3],"tags":[],"class_list":["post-24186","post","type-post","status-publish","format-standard","has-post-thumbnail","hentry","category-wspolpraca-miedzynarodowa","category-wydarzenia"],"yoast_head":"<!-- This site is optimized with the Yoast SEO plugin v28.4 - https:\/\/yoast.com\/product\/yoast-seo-wordpress\/ -->\n<title>Posiedzenie Komisji Spraw Zagranicznych ws. wyjazdu delegacji NIK na Bia\u0142oru\u015b &#8211; Marek Kuchci\u0144ski<\/title>\n<meta name=\"robots\" content=\"index, follow, max-snippet:-1, max-image-preview:large, max-video-preview:-1\" \/>\n<link rel=\"canonical\" href=\"https:\/\/marekkuchcinski.pl\/sk\/wydarzenia\/posiedzenie-komisji-spraw-zagranicznych-ws-wyjazdu-delegacji-nik-na-bialorus\/\" \/>\n<meta property=\"og:locale\" content=\"sk_SK\" \/>\n<meta property=\"og:type\" content=\"article\" \/>\n<meta property=\"og:title\" content=\"Posiedzenie Komisji Spraw Zagranicznych ws. wyjazdu delegacji NIK na Bia\u0142oru\u015b &#8211; Marek Kuchci\u0144ski\" \/>\n<meta property=\"og:description\" content=\"Podczas po\u0142\u0105czonych Komisji Spraw Zagranicznych i Kontroli Pa\u0144stwowej 24 stycznia pos\u0142owie przypominali delegacji Najwy\u017cszej Izby kontroli, w tym prezesowi Banasiowi, \u017ce dziewi\u0119\u0107 os\u00f3b na Bia\u0142orusi zosta\u0142o zamordowanych z powodu udzia\u0142u w demonstracjach przeciw sfa\u0142szowanym wyborom. Zlikwidowano 275 organizacji obywatelskich, w tym szereg polskich, prawie tysi\u0105c os\u00f3b posiada status wi\u0119\u017ania politycznego na Bia\u0142orusi, wobec 1435 os\u00f3b [&hellip;]\" \/>\n<meta property=\"og:url\" content=\"https:\/\/marekkuchcinski.pl\/sk\/wydarzenia\/posiedzenie-komisji-spraw-zagranicznych-ws-wyjazdu-delegacji-nik-na-bialorus\/\" \/>\n<meta property=\"og:site_name\" content=\"Marek Kuchci\u0144ski\" \/>\n<meta property=\"article:published_time\" content=\"2022-01-25T16:38:51+00:00\" \/>\n<meta property=\"article:modified_time\" content=\"2022-01-25T16:38:53+00:00\" \/>\n<meta property=\"og:image\" content=\"https:\/\/marekkuchcinski.pl\/wp-content\/uploads\/2022\/01\/b2-scaled.jpg\" \/>\n\t<meta property=\"og:image:width\" content=\"2048\" \/>\n\t<meta property=\"og:image:height\" content=\"1365\" \/>\n\t<meta property=\"og:image:type\" content=\"image\/jpeg\" \/>\n<meta name=\"author\" content=\"Marta Olejnik\" \/>\n<meta name=\"twitter:card\" content=\"summary_large_image\" \/>\n<meta name=\"twitter:label1\" content=\"Written by\" \/>\n\t<meta name=\"twitter:data1\" content=\"Marta Olejnik\" \/>\n\t<meta name=\"twitter:label2\" content=\"Est. reading time\" \/>\n\t<meta name=\"twitter:data2\" content=\"2 minutes\" \/>\n<script type=\"application\/ld+json\" class=\"yoast-schema-graph\">{\"@context\":\"https:\\\/\\\/schema.org\",\"@graph\":[{\"@type\":\"Article\",\"@id\":\"https:\\\/\\\/marekkuchcinski.pl\\\/wydarzenia\\\/posiedzenie-komisji-spraw-zagranicznych-ws-wyjazdu-delegacji-nik-na-bialorus\\\/#article\",\"isPartOf\":{\"@id\":\"https:\\\/\\\/marekkuchcinski.pl\\\/wydarzenia\\\/posiedzenie-komisji-spraw-zagranicznych-ws-wyjazdu-delegacji-nik-na-bialorus\\\/\"},\"author\":{\"name\":\"Marta Olejnik\",\"@id\":\"https:\\\/\\\/marekkuchcinski.pl\\\/#\\\/schema\\\/person\\\/bd3f15dee67fee76e83c8350d0154101\"},\"headline\":\"Posiedzenie Komisji Spraw Zagranicznych ws. wyjazdu delegacji NIK na Bia\u0142oru\u015b\",\"datePublished\":\"2022-01-25T16:38:51+00:00\",\"dateModified\":\"2022-01-25T16:38:53+00:00\",\"mainEntityOfPage\":{\"@id\":\"https:\\\/\\\/marekkuchcinski.pl\\\/wydarzenia\\\/posiedzenie-komisji-spraw-zagranicznych-ws-wyjazdu-delegacji-nik-na-bialorus\\\/\"},\"wordCount\":252,\"commentCount\":0,\"publisher\":{\"@id\":\"https:\\\/\\\/marekkuchcinski.pl\\\/#organization\"},\"image\":{\"@id\":\"https:\\\/\\\/marekkuchcinski.pl\\\/wydarzenia\\\/posiedzenie-komisji-spraw-zagranicznych-ws-wyjazdu-delegacji-nik-na-bialorus\\\/#primaryimage\"},\"thumbnailUrl\":\"https:\\\/\\\/marekkuchcinski.pl\\\/wp-content\\\/uploads\\\/2022\\\/01\\\/b2-scaled.jpg\",\"articleSection\":[\"Wsp\u00f3\u0142praca mi\u0119dzynarodowa\",\"Wydarzenia\"],\"inLanguage\":\"sk-SK\",\"potentialAction\":[{\"@type\":\"CommentAction\",\"name\":\"Comment\",\"target\":[\"https:\\\/\\\/marekkuchcinski.pl\\\/wydarzenia\\\/posiedzenie-komisji-spraw-zagranicznych-ws-wyjazdu-delegacji-nik-na-bialorus\\\/#respond\"]}]},{\"@type\":\"WebPage\",\"@id\":\"https:\\\/\\\/marekkuchcinski.pl\\\/wydarzenia\\\/posiedzenie-komisji-spraw-zagranicznych-ws-wyjazdu-delegacji-nik-na-bialorus\\\/\",\"url\":\"https:\\\/\\\/marekkuchcinski.pl\\\/wydarzenia\\\/posiedzenie-komisji-spraw-zagranicznych-ws-wyjazdu-delegacji-nik-na-bialorus\\\/\",\"name\":\"Posiedzenie Komisji Spraw Zagranicznych ws. wyjazdu delegacji NIK na Bia\u0142oru\u015b &#8211; Marek Kuchci\u0144ski\",\"isPartOf\":{\"@id\":\"https:\\\/\\\/marekkuchcinski.pl\\\/#website\"},\"primaryImageOfPage\":{\"@id\":\"https:\\\/\\\/marekkuchcinski.pl\\\/wydarzenia\\\/posiedzenie-komisji-spraw-zagranicznych-ws-wyjazdu-delegacji-nik-na-bialorus\\\/#primaryimage\"},\"image\":{\"@id\":\"https:\\\/\\\/marekkuchcinski.pl\\\/wydarzenia\\\/posiedzenie-komisji-spraw-zagranicznych-ws-wyjazdu-delegacji-nik-na-bialorus\\\/#primaryimage\"},\"thumbnailUrl\":\"https:\\\/\\\/marekkuchcinski.pl\\\/wp-content\\\/uploads\\\/2022\\\/01\\\/b2-scaled.jpg\",\"datePublished\":\"2022-01-25T16:38:51+00:00\",\"dateModified\":\"2022-01-25T16:38:53+00:00\",\"breadcrumb\":{\"@id\":\"https:\\\/\\\/marekkuchcinski.pl\\\/wydarzenia\\\/posiedzenie-komisji-spraw-zagranicznych-ws-wyjazdu-delegacji-nik-na-bialorus\\\/#breadcrumb\"},\"inLanguage\":\"sk-SK\",\"potentialAction\":[{\"@type\":\"ReadAction\",\"target\":[\"https:\\\/\\\/marekkuchcinski.pl\\\/wydarzenia\\\/posiedzenie-komisji-spraw-zagranicznych-ws-wyjazdu-delegacji-nik-na-bialorus\\\/\"]}]},{\"@type\":\"ImageObject\",\"inLanguage\":\"sk-SK\",\"@id\":\"https:\\\/\\\/marekkuchcinski.pl\\\/wydarzenia\\\/posiedzenie-komisji-spraw-zagranicznych-ws-wyjazdu-delegacji-nik-na-bialorus\\\/#primaryimage\",\"url\":\"https:\\\/\\\/marekkuchcinski.pl\\\/wp-content\\\/uploads\\\/2022\\\/01\\\/b2-scaled.jpg\",\"contentUrl\":\"https:\\\/\\\/marekkuchcinski.pl\\\/wp-content\\\/uploads\\\/2022\\\/01\\\/b2-scaled.jpg\",\"width\":2048,\"height\":1365},{\"@type\":\"BreadcrumbList\",\"@id\":\"https:\\\/\\\/marekkuchcinski.pl\\\/wydarzenia\\\/posiedzenie-komisji-spraw-zagranicznych-ws-wyjazdu-delegacji-nik-na-bialorus\\\/#breadcrumb\",\"itemListElement\":[{\"@type\":\"ListItem\",\"position\":1,\"name\":\"Strona g\u0142\u00f3wna\",\"item\":\"https:\\\/\\\/marekkuchcinski.pl\\\/\"},{\"@type\":\"ListItem\",\"position\":2,\"name\":\"Posiedzenie Komisji Spraw Zagranicznych ws. wyjazdu delegacji NIK na Bia\u0142oru\u015b\"}]},{\"@type\":\"WebSite\",\"@id\":\"https:\\\/\\\/marekkuchcinski.pl\\\/#website\",\"url\":\"https:\\\/\\\/marekkuchcinski.pl\\\/\",\"name\":\"Marek Kuchci\u0144ski\",\"description\":\"Marek Kuchci\u0144ski \",\"publisher\":{\"@id\":\"https:\\\/\\\/marekkuchcinski.pl\\\/#organization\"},\"potentialAction\":[{\"@type\":\"SearchAction\",\"target\":{\"@type\":\"EntryPoint\",\"urlTemplate\":\"https:\\\/\\\/marekkuchcinski.pl\\\/?s={search_term_string}\"},\"query-input\":{\"@type\":\"PropertyValueSpecification\",\"valueRequired\":true,\"valueName\":\"search_term_string\"}}],\"inLanguage\":\"sk-SK\"},{\"@type\":\"Organization\",\"@id\":\"https:\\\/\\\/marekkuchcinski.pl\\\/#organization\",\"name\":\"Marek Kuchci\u0144ski\",\"url\":\"https:\\\/\\\/marekkuchcinski.pl\\\/\",\"logo\":{\"@type\":\"ImageObject\",\"inLanguage\":\"sk-SK\",\"@id\":\"https:\\\/\\\/marekkuchcinski.pl\\\/#\\\/schema\\\/logo\\\/image\\\/\",\"url\":\"https:\\\/\\\/marekkuchcinski.pl\\\/wp-content\\\/uploads\\\/2022\\\/09\\\/Marek.jpg\",\"contentUrl\":\"https:\\\/\\\/marekkuchcinski.pl\\\/wp-content\\\/uploads\\\/2022\\\/09\\\/Marek.jpg\",\"width\":1600,\"height\":971,\"caption\":\"Marek Kuchci\u0144ski\"},\"image\":{\"@id\":\"https:\\\/\\\/marekkuchcinski.pl\\\/#\\\/schema\\\/logo\\\/image\\\/\"}},{\"@type\":\"Person\",\"@id\":\"https:\\\/\\\/marekkuchcinski.pl\\\/#\\\/schema\\\/person\\\/bd3f15dee67fee76e83c8350d0154101\",\"name\":\"Marta Olejnik\",\"image\":{\"@type\":\"ImageObject\",\"inLanguage\":\"sk-SK\",\"@id\":\"https:\\\/\\\/secure.gravatar.com\\\/avatar\\\/24754edd6080383402e292374b406b553027d572e97d60e7aa89a6940e88659a?s=96&d=mm&r=g\",\"url\":\"https:\\\/\\\/secure.gravatar.com\\\/avatar\\\/24754edd6080383402e292374b406b553027d572e97d60e7aa89a6940e88659a?s=96&d=mm&r=g\",\"contentUrl\":\"https:\\\/\\\/secure.gravatar.com\\\/avatar\\\/24754edd6080383402e292374b406b553027d572e97d60e7aa89a6940e88659a?s=96&d=mm&r=g\",\"caption\":\"Marta Olejnik\"},\"url\":\"https:\\\/\\\/marekkuchcinski.pl\\\/sk\\\/author\\\/marta\\\/\"}]}<\/script>\n<!-- \/ Yoast SEO plugin. -->","yoast_head_json":{"title":"Posiedzenie Komisji Spraw Zagranicznych ws. wyjazdu delegacji NIK na Bia\u0142oru\u015b &#8211; Marek Kuchci\u0144ski","robots":{"index":"index","follow":"follow","max-snippet":"max-snippet:-1","max-image-preview":"max-image-preview:large","max-video-preview":"max-video-preview:-1"},"canonical":"https:\/\/marekkuchcinski.pl\/sk\/wydarzenia\/posiedzenie-komisji-spraw-zagranicznych-ws-wyjazdu-delegacji-nik-na-bialorus\/","og_locale":"sk_SK","og_type":"article","og_title":"Posiedzenie Komisji Spraw Zagranicznych ws. wyjazdu delegacji NIK na Bia\u0142oru\u015b &#8211; Marek Kuchci\u0144ski","og_description":"Podczas po\u0142\u0105czonych Komisji Spraw Zagranicznych i Kontroli Pa\u0144stwowej 24 stycznia pos\u0142owie przypominali delegacji Najwy\u017cszej Izby kontroli, w tym prezesowi Banasiowi, \u017ce dziewi\u0119\u0107 os\u00f3b na Bia\u0142orusi zosta\u0142o zamordowanych z powodu udzia\u0142u w demonstracjach przeciw sfa\u0142szowanym wyborom. Zlikwidowano 275 organizacji obywatelskich, w tym szereg polskich, prawie tysi\u0105c os\u00f3b posiada status wi\u0119\u017ania politycznego na Bia\u0142orusi, wobec 1435 os\u00f3b [&hellip;]","og_url":"https:\/\/marekkuchcinski.pl\/sk\/wydarzenia\/posiedzenie-komisji-spraw-zagranicznych-ws-wyjazdu-delegacji-nik-na-bialorus\/","og_site_name":"Marek Kuchci\u0144ski","article_published_time":"2022-01-25T16:38:51+00:00","article_modified_time":"2022-01-25T16:38:53+00:00","og_image":[{"width":2048,"height":1365,"url":"https:\/\/marekkuchcinski.pl\/wp-content\/uploads\/2022\/01\/b2-scaled.jpg","type":"image\/jpeg"}],"author":"Marta Olejnik","twitter_card":"summary_large_image","twitter_misc":{"Written by":"Marta Olejnik","Est. reading time":"2 minutes"},"schema":{"@context":"https:\/\/schema.org","@graph":[{"@type":"Article","@id":"https:\/\/marekkuchcinski.pl\/wydarzenia\/posiedzenie-komisji-spraw-zagranicznych-ws-wyjazdu-delegacji-nik-na-bialorus\/#article","isPartOf":{"@id":"https:\/\/marekkuchcinski.pl\/wydarzenia\/posiedzenie-komisji-spraw-zagranicznych-ws-wyjazdu-delegacji-nik-na-bialorus\/"},"author":{"name":"Marta Olejnik","@id":"https:\/\/marekkuchcinski.pl\/#\/schema\/person\/bd3f15dee67fee76e83c8350d0154101"},"headline":"Posiedzenie Komisji Spraw Zagranicznych ws. wyjazdu delegacji NIK na Bia\u0142oru\u015b","datePublished":"2022-01-25T16:38:51+00:00","dateModified":"2022-01-25T16:38:53+00:00","mainEntityOfPage":{"@id":"https:\/\/marekkuchcinski.pl\/wydarzenia\/posiedzenie-komisji-spraw-zagranicznych-ws-wyjazdu-delegacji-nik-na-bialorus\/"},"wordCount":252,"commentCount":0,"publisher":{"@id":"https:\/\/marekkuchcinski.pl\/#organization"},"image":{"@id":"https:\/\/marekkuchcinski.pl\/wydarzenia\/posiedzenie-komisji-spraw-zagranicznych-ws-wyjazdu-delegacji-nik-na-bialorus\/#primaryimage"},"thumbnailUrl":"https:\/\/marekkuchcinski.pl\/wp-content\/uploads\/2022\/01\/b2-scaled.jpg","articleSection":["Wsp\u00f3\u0142praca mi\u0119dzynarodowa","Wydarzenia"],"inLanguage":"sk-SK","potentialAction":[{"@type":"CommentAction","name":"Comment","target":["https:\/\/marekkuchcinski.pl\/wydarzenia\/posiedzenie-komisji-spraw-zagranicznych-ws-wyjazdu-delegacji-nik-na-bialorus\/#respond"]}]},{"@type":"WebPage","@id":"https:\/\/marekkuchcinski.pl\/wydarzenia\/posiedzenie-komisji-spraw-zagranicznych-ws-wyjazdu-delegacji-nik-na-bialorus\/","url":"https:\/\/marekkuchcinski.pl\/wydarzenia\/posiedzenie-komisji-spraw-zagranicznych-ws-wyjazdu-delegacji-nik-na-bialorus\/","name":"Posiedzenie Komisji Spraw Zagranicznych ws. wyjazdu delegacji NIK na Bia\u0142oru\u015b &#8211; Marek Kuchci\u0144ski","isPartOf":{"@id":"https:\/\/marekkuchcinski.pl\/#website"},"primaryImageOfPage":{"@id":"https:\/\/marekkuchcinski.pl\/wydarzenia\/posiedzenie-komisji-spraw-zagranicznych-ws-wyjazdu-delegacji-nik-na-bialorus\/#primaryimage"},"image":{"@id":"https:\/\/marekkuchcinski.pl\/wydarzenia\/posiedzenie-komisji-spraw-zagranicznych-ws-wyjazdu-delegacji-nik-na-bialorus\/#primaryimage"},"thumbnailUrl":"https:\/\/marekkuchcinski.pl\/wp-content\/uploads\/2022\/01\/b2-scaled.jpg","datePublished":"2022-01-25T16:38:51+00:00","dateModified":"2022-01-25T16:38:53+00:00","breadcrumb":{"@id":"https:\/\/marekkuchcinski.pl\/wydarzenia\/posiedzenie-komisji-spraw-zagranicznych-ws-wyjazdu-delegacji-nik-na-bialorus\/#breadcrumb"},"inLanguage":"sk-SK","potentialAction":[{"@type":"ReadAction","target":["https:\/\/marekkuchcinski.pl\/wydarzenia\/posiedzenie-komisji-spraw-zagranicznych-ws-wyjazdu-delegacji-nik-na-bialorus\/"]}]},{"@type":"ImageObject","inLanguage":"sk-SK","@id":"https:\/\/marekkuchcinski.pl\/wydarzenia\/posiedzenie-komisji-spraw-zagranicznych-ws-wyjazdu-delegacji-nik-na-bialorus\/#primaryimage","url":"https:\/\/marekkuchcinski.pl\/wp-content\/uploads\/2022\/01\/b2-scaled.jpg","contentUrl":"https:\/\/marekkuchcinski.pl\/wp-content\/uploads\/2022\/01\/b2-scaled.jpg","width":2048,"height":1365},{"@type":"BreadcrumbList","@id":"https:\/\/marekkuchcinski.pl\/wydarzenia\/posiedzenie-komisji-spraw-zagranicznych-ws-wyjazdu-delegacji-nik-na-bialorus\/#breadcrumb","itemListElement":[{"@type":"ListItem","position":1,"name":"Strona g\u0142\u00f3wna","item":"https:\/\/marekkuchcinski.pl\/"},{"@type":"ListItem","position":2,"name":"Posiedzenie Komisji Spraw Zagranicznych ws. wyjazdu delegacji NIK na Bia\u0142oru\u015b"}]},{"@type":"WebSite","@id":"https:\/\/marekkuchcinski.pl\/#website","url":"https:\/\/marekkuchcinski.pl\/","name":"Marek Kuchci\u0144ski","description":"Marek Kuchci\u0144ski","publisher":{"@id":"https:\/\/marekkuchcinski.pl\/#organization"},"potentialAction":[{"@type":"SearchAction","target":{"@type":"EntryPoint","urlTemplate":"https:\/\/marekkuchcinski.pl\/?s={search_term_string}"},"query-input":{"@type":"PropertyValueSpecification","valueRequired":true,"valueName":"search_term_string"}}],"inLanguage":"sk-SK"},{"@type":"Organization","@id":"https:\/\/marekkuchcinski.pl\/#organization","name":"Marek Kuchci\u0144ski","url":"https:\/\/marekkuchcinski.pl\/","logo":{"@type":"ImageObject","inLanguage":"sk-SK","@id":"https:\/\/marekkuchcinski.pl\/#\/schema\/logo\/image\/","url":"https:\/\/marekkuchcinski.pl\/wp-content\/uploads\/2022\/09\/Marek.jpg","contentUrl":"https:\/\/marekkuchcinski.pl\/wp-content\/uploads\/2022\/09\/Marek.jpg","width":1600,"height":971,"caption":"Marek Kuchci\u0144ski"},"image":{"@id":"https:\/\/marekkuchcinski.pl\/#\/schema\/logo\/image\/"}},{"@type":"Person","@id":"https:\/\/marekkuchcinski.pl\/#\/schema\/person\/bd3f15dee67fee76e83c8350d0154101","name":"Marta Olejnik","image":{"@type":"ImageObject","inLanguage":"sk-SK","@id":"https:\/\/secure.gravatar.com\/avatar\/24754edd6080383402e292374b406b553027d572e97d60e7aa89a6940e88659a?s=96&d=mm&r=g","url":"https:\/\/secure.gravatar.com\/avatar\/24754edd6080383402e292374b406b553027d572e97d60e7aa89a6940e88659a?s=96&d=mm&r=g","contentUrl":"https:\/\/secure.gravatar.com\/avatar\/24754edd6080383402e292374b406b553027d572e97d60e7aa89a6940e88659a?s=96&d=mm&r=g","caption":"Marta Olejnik"},"url":"https:\/\/marekkuchcinski.pl\/sk\/author\/marta\/"}]}},"_links":{"self":[{"href":"https:\/\/marekkuchcinski.pl\/sk\/wp-json\/wp\/v2\/posts\/24186","targetHints":{"allow":["GET"]}}],"collection":[{"href":"https:\/\/marekkuchcinski.pl\/sk\/wp-json\/wp\/v2\/posts"}],"about":[{"href":"https:\/\/marekkuchcinski.pl\/sk\/wp-json\/wp\/v2\/types\/post"}],"author":[{"embeddable":true,"href":"https:\/\/marekkuchcinski.pl\/sk\/wp-json\/wp\/v2\/users\/3"}],"replies":[{"embeddable":true,"href":"https:\/\/marekkuchcinski.pl\/sk\/wp-json\/wp\/v2\/comments?post=24186"}],"version-history":[{"count":3,"href":"https:\/\/marekkuchcinski.pl\/sk\/wp-json\/wp\/v2\/posts\/24186\/revisions"}],"predecessor-version":[{"id":24193,"href":"https:\/\/marekkuchcinski.pl\/sk\/wp-json\/wp\/v2\/posts\/24186\/revisions\/24193"}],"wp:featuredmedia":[{"embeddable":true,"href":"https:\/\/marekkuchcinski.pl\/sk\/wp-json\/wp\/v2\/media\/24189"}],"wp:attachment":[{"href":"https:\/\/marekkuchcinski.pl\/sk\/wp-json\/wp\/v2\/media?parent=24186"}],"wp:term":[{"taxonomy":"category","embeddable":true,"href":"https:\/\/marekkuchcinski.pl\/sk\/wp-json\/wp\/v2\/categories?post=24186"},{"taxonomy":"post_tag","embeddable":true,"href":"https:\/\/marekkuchcinski.pl\/sk\/wp-json\/wp\/v2\/tags?post=24186"}],"curies":[{"name":"wp","href":"https:\/\/api.w.org\/{rel}","templated":true}]}}