{"id":24129,"date":"2021-12-22T22:26:00","date_gmt":"2021-12-22T21:26:00","guid":{"rendered":"https:\/\/marekkuchcinski.pl\/?p=24129"},"modified":"2021-12-23T19:48:48","modified_gmt":"2021-12-23T18:48:48","slug":"spotkanie-komisji-spraw-zagranicznych-z-prezydentem-poroszenka-polska-wspiera-ukraine-na-drodze-do-ue-i-nato","status":"publish","type":"post","link":"https:\/\/marekkuchcinski.pl\/sk\/wydarzenia\/spotkanie-komisji-spraw-zagranicznych-z-prezydentem-poroszenka-polska-wspiera-ukraine-na-drodze-do-ue-i-nato\/","title":{"rendered":"Stretnutie V\u00fdboru pre zahrani\u010dn\u00e9 veci s prezidentom Poro\u0161enkom: Po\u013esko podporuje Ukrajinu na ceste do E\u00da a NATO"},"content":{"rendered":"<p>D\u0148a 21. decembra 2021 sa v Sejme stretli \u010dlenovia V\u00fdboru pre zahrani\u010dn\u00e9 veci s b\u00fdval\u00fdm prezidentom Ukrajiny a v s\u00fa\u010dasnosti poslancom a predsedom jednej z najv\u00e4\u010d\u0161\u00edch opozi\u010dn\u00fdch str\u00e1n (Eur\u00f3pska solidarita) v Najvy\u0161\u0161ej rade Ukrajiny Petrom Poro\u0161enkom. Diskusia sa zamerala na situ\u00e1ciu v regi\u00f3ne a na Ukrajine v kontexte rast\u00faceho tlaku Ruska na Ukrajinu, koncentr\u00e1cie rusk\u00fdch vojsk na ukrajinsko-rusk\u00fdch hraniciach a s\u00favisiacej hrozby eskal\u00e1cie prebiehaj\u00faceho ozbrojen\u00e9ho konfliktu na Ukrajine.<\/p>\n\n\n\n<p>Predseda parlamentn\u00e9ho v\u00fdboru pre zahrani\u010dn\u00e9 veci, poslanec Marek Kuchci\u0144ski, uviedol, \u017ee vynalo\u017e\u00ed v\u0161etko \u00fasilie na to, aby podpora Po\u013eska Ukrajine bola vidite\u013en\u00e1 nielen na vl\u00e1dnej \u00farovni, ale aj v dimenzii parlamentnej diplomacie. Pr\u00edle\u017eitos\u0165ou na to bud\u00fa stretnutia s ukrajinsk\u00fdmi poslancami, ktor\u00e9 s\u00fa napl\u00e1novan\u00e9 na za\u010diatok roka, ako aj \u010fal\u0161\u00ed ro\u010dn\u00edk konferencie Karpatsk\u00e1 Eur\u00f3pa, ktor\u00e1 sa bude kona\u0165 vo febru\u00e1ri v Krasiczyne a Przemy\u015bli.<\/p>\n\n\n\n<p>Ubezpe\u010dil o po\u013eskej podpore a solidarite s Ukrajinou tv\u00e1rou v tv\u00e1r rusk\u00e9mu tlaku a o tom, \u017ee Po\u013esko bude na\u010falej podporova\u0165 euroatlantick\u00e9 amb\u00edcie Ukrajiny, a to tak politicky, ako aj v praxi. Po\u013esko berie ve\u013emi v\u00e1\u017ene pokra\u010duj\u00face pokusy Ruska a jeho bielorusk\u00e9ho spojenca destabilizova\u0165 bezpe\u010dnostn\u00fa situ\u00e1ciu v Eur\u00f3pe. Uviedol, \u017ee Rusko si mus\u00ed by\u0165 vedom\u00e9 vysok\u00fdch n\u00e1kladov, ktor\u00e9 mu vznikn\u00fa v pr\u00edpade eskal\u00e1cie nepriate\u013esk\u00fdch akci\u00ed. Pod\u013ea prezidenta s\u00fa n\u00e1vrhy Ruska na \"bezpe\u010dnostn\u00e9 z\u00e1ruky\" vr\u00e1tane zablokovania \u010dlenstva Ukrajiny v NATO neprijate\u013en\u00e9.<\/p>\n\n\n\n<p>Petro Poro\u0161enko po\u010fakoval za prijatie v Sejme a za prejavy solidarity. Z\u00e1rove\u0148 vyjadril v\u010faku prezidentovi Andrzejovi Dudovi za jeho siln\u00e9 a pozit\u00edvne slov\u00e1 podpory Ukrajine, ktor\u00e9 predniesol de\u0148 predt\u00fdm na stretnut\u00ed s ukrajinsk\u00fdm prezidentom Volodymyrom Zelensk\u00fdm po\u010das samitu Lublinsk\u00fd trojuholn\u00edk. Prezident Poro\u0161enko vyjadril presved\u010denie, \u017ee s\u00fa\u010dasn\u00e1 situ\u00e1cia na Ukrajine sa v\u00fdrazne l\u00ed\u0161i od situ\u00e1cie v roku 2014, ke\u010f Rusko anektovalo Krym a ozbrojene podporilo konflikt na v\u00fdchode Ukrajiny. Ukrajina m\u00e1 dnes siln\u00fa arm\u00e1du, ktor\u00e1 v pr\u00edpade eskal\u00e1cie vojensk\u00fdch akci\u00ed zo strany Ruska nezostane ne\u010dinn\u00e1. Zd\u00f4raznil, \u017ee dnes nie je mo\u017en\u00e9 hovori\u0165 o pr\u00edpadnej novej ruskej agresii, ale len o pokra\u010dovan\u00ed u\u017e prebiehaj\u00facej. Pod\u013ea Poro\u0161enka by mala by\u0165 ukrajinsk\u00e1 politika vo\u010di ruskej agresii zalo\u017een\u00e1 na troch pilieroch, ktor\u00e9 ozna\u010dil ako \"3D\": diplomacia, deeskal\u00e1cia a deokup\u00e1cia.  Vyzval na uplatnenie sankci\u00ed vo\u010di Rusku u\u017e v tejto f\u00e1ze, aby prezident Putin neprijal katastrof\u00e1lne rozhodnutie o eskal\u00e1cii konfliktu, za ktor\u00e9 by zaplatila nielen Ukrajina a Rusko, ale aj cel\u00e1 Eur\u00f3pa. Poro\u0161enko tie\u017e pouk\u00e1zal na potrebu, aby NATO podniklo kroky na zbl\u00ed\u017eenie s Ukrajinou vr\u00e1tane \u010do najskor\u0161ieho udelenia Ak\u010dn\u00e9ho pl\u00e1nu \u010dlenstva (MAP) Ukrajine. Upozornil tie\u017e, \u017ee Eur\u00f3pa by mala prehodnoti\u0165 svoju energetick\u00fa politiku, aby zabr\u00e1nila z\u00e1vislosti od dod\u00e1vok rusk\u00fdch zdrojov, a to predov\u0161etk\u00fdm pozastaven\u00edm druhej l\u00ednie plynovodu Nord Stream. Popro\u0161enko \u010falej po\u010fakoval za doteraj\u0161iu podporu a vyzval Po\u013esko a Eur\u00f3psku \u00faniu na \u010fal\u0161iu podporu vn\u00fatorn\u00fdch reforiem na Ukrajine.<\/p>\n\n\n\n<p>Z po\u013eskej strany sa na stretnut\u00ed z\u00fa\u010dastnili predseda V\u00fdboru pre zahrani\u010dn\u00e9 veci Marek Kuchci\u0144ski, podpredseda Pawe\u0142 Kowal a \u010dlen v\u00fdboru W\u0142adys\u0142aw Teofil Bartoszewski.<\/p>\n\n\n\n<p>Foto: Marta Olejnik\/ KS<\/p>\n\n\n\n<figure class=\"wp-block-image size-full\"><a href=\"https:\/\/marekkuchcinski.pl\/wp-content\/uploads\/2021\/12\/269748445_329133282365902_2152157359151992009_n.jpg\"><img fetchpriority=\"high\" decoding=\"async\" width=\"960\" height=\"643\" src=\"https:\/\/marekkuchcinski.pl\/wp-content\/uploads\/2021\/12\/269748445_329133282365902_2152157359151992009_n.jpg\" alt=\"\" class=\"wp-image-24130\" srcset=\"https:\/\/marekkuchcinski.pl\/wp-content\/uploads\/2021\/12\/269748445_329133282365902_2152157359151992009_n.jpg 960w, https:\/\/marekkuchcinski.pl\/wp-content\/uploads\/2021\/12\/269748445_329133282365902_2152157359151992009_n-300x201.jpg 300w, https:\/\/marekkuchcinski.pl\/wp-content\/uploads\/2021\/12\/269748445_329133282365902_2152157359151992009_n-768x514.jpg 768w, https:\/\/marekkuchcinski.pl\/wp-content\/uploads\/2021\/12\/269748445_329133282365902_2152157359151992009_n-18x12.jpg 18w\" sizes=\"(max-width: 960px) 100vw, 960px\" \/><\/a><\/figure>\n\n\n\n<figure class=\"wp-block-image size-full\"><a href=\"https:\/\/marekkuchcinski.pl\/wp-content\/uploads\/2021\/12\/269737478_329133375699226_4036034109095861251_n.jpg\"><img decoding=\"async\" width=\"960\" height=\"584\" src=\"https:\/\/marekkuchcinski.pl\/wp-content\/uploads\/2021\/12\/269737478_329133375699226_4036034109095861251_n.jpg\" alt=\"\" class=\"wp-image-24131\" srcset=\"https:\/\/marekkuchcinski.pl\/wp-content\/uploads\/2021\/12\/269737478_329133375699226_4036034109095861251_n.jpg 960w, https:\/\/marekkuchcinski.pl\/wp-content\/uploads\/2021\/12\/269737478_329133375699226_4036034109095861251_n-300x183.jpg 300w, https:\/\/marekkuchcinski.pl\/wp-content\/uploads\/2021\/12\/269737478_329133375699226_4036034109095861251_n-768x467.jpg 768w, https:\/\/marekkuchcinski.pl\/wp-content\/uploads\/2021\/12\/269737478_329133375699226_4036034109095861251_n-18x12.jpg 18w\" sizes=\"(max-width: 960px) 100vw, 960px\" \/><\/a><\/figure>\n\n\n\n<figure class=\"wp-block-image size-full\"><a href=\"https:\/\/marekkuchcinski.pl\/wp-content\/uploads\/2021\/12\/269753564_329133319032565_1049241621883075425_n.jpg\"><img decoding=\"async\" width=\"960\" height=\"565\" src=\"https:\/\/marekkuchcinski.pl\/wp-content\/uploads\/2021\/12\/269753564_329133319032565_1049241621883075425_n.jpg\" alt=\"\" class=\"wp-image-24132\" srcset=\"https:\/\/marekkuchcinski.pl\/wp-content\/uploads\/2021\/12\/269753564_329133319032565_1049241621883075425_n.jpg 960w, https:\/\/marekkuchcinski.pl\/wp-content\/uploads\/2021\/12\/269753564_329133319032565_1049241621883075425_n-300x177.jpg 300w, https:\/\/marekkuchcinski.pl\/wp-content\/uploads\/2021\/12\/269753564_329133319032565_1049241621883075425_n-768x452.jpg 768w, https:\/\/marekkuchcinski.pl\/wp-content\/uploads\/2021\/12\/269753564_329133319032565_1049241621883075425_n-18x12.jpg 18w\" sizes=\"(max-width: 960px) 100vw, 960px\" \/><\/a><\/figure>","protected":false},"excerpt":{"rendered":"<p>D\u0148a 21. decembra 2021 sa v Sejme stretli \u010dlenovia V\u00fdboru pre zahrani\u010dn\u00e9 veci s b\u00fdval\u00fdm prezidentom Ukrajiny a v s\u00fa\u010dasnosti poslancom a predsedom jednej z najv\u00e4\u010d\u0161\u00edch opozi\u010dn\u00fdch str\u00e1n (Eur\u00f3pska solidarita) v Najvy\u0161\u0161ej rade Ukrajiny Petrom Poro\u0161enkom. Diskusia sa zamerala na situ\u00e1ciu v regi\u00f3ne a na Ukrajine v kontexte rast\u00faceho tlaku Ruska na Ukrajinu, koncentr\u00e1cie rusk\u00fdch vojsk a [...]<\/p>","protected":false},"author":21,"featured_media":24130,"comment_status":"open","ping_status":"open","sticky":false,"template":"","format":"standard","meta":{"ngg_post_thumbnail":0,"footnotes":""},"categories":[50,3],"tags":[],"class_list":["post-24129","post","type-post","status-publish","format-standard","has-post-thumbnail","hentry","category-wspolpraca-miedzynarodowa","category-wydarzenia"],"yoast_head":"<!-- This site is optimized with the Yoast SEO plugin v24.7 - https:\/\/yoast.com\/wordpress\/plugins\/seo\/ -->\n<title>Spotkanie Komisji Spraw Zagranicznych z prezydentem Poroszenk\u0105: Polska wspiera Ukrain\u0119 na drodze do UE i NATO &#8211; Marek Kuchci\u0144ski<\/title>\n<meta name=\"robots\" content=\"index, follow, max-snippet:-1, max-image-preview:large, max-video-preview:-1\" \/>\n<link rel=\"canonical\" href=\"https:\/\/marekkuchcinski.pl\/sk\/wydarzenia\/spotkanie-komisji-spraw-zagranicznych-z-prezydentem-poroszenka-polska-wspiera-ukraine-na-drodze-do-ue-i-nato\/\" \/>\n<meta property=\"og:locale\" content=\"sk_SK\" \/>\n<meta property=\"og:type\" content=\"article\" \/>\n<meta property=\"og:title\" content=\"Spotkanie Komisji Spraw Zagranicznych z prezydentem Poroszenk\u0105: Polska wspiera Ukrain\u0119 na drodze do UE i NATO &#8211; Marek Kuchci\u0144ski\" \/>\n<meta property=\"og:description\" content=\"21 grudnia 2021 r. w Sejmie pos\u0142owie Komisji Spraw Zagranicznych spotkali si\u0119 z by\u0142ym prezydentem Ukrainy, a obecnie deputowanym i szefem jednej z najwi\u0119kszych partii opozycyjnych (Europejska Solidarno\u015b\u0107) w Radzie Najwy\u017cszej Ukrainy panem Petro Poroszenk\u0105. Rozmowa dotyczy\u0142a sytuacji w regionie i na Ukrainie w kontek\u015bcie rosn\u0105cej presji na Ukrain\u0119 ze strony Rosji, koncentracji wojsk rosyjskich [&hellip;]\" \/>\n<meta property=\"og:url\" content=\"https:\/\/marekkuchcinski.pl\/sk\/wydarzenia\/spotkanie-komisji-spraw-zagranicznych-z-prezydentem-poroszenka-polska-wspiera-ukraine-na-drodze-do-ue-i-nato\/\" \/>\n<meta property=\"og:site_name\" content=\"Marek Kuchci\u0144ski\" \/>\n<meta property=\"article:published_time\" content=\"2021-12-22T21:26:00+00:00\" \/>\n<meta property=\"article:modified_time\" content=\"2021-12-23T18:48:48+00:00\" \/>\n<meta property=\"og:image\" content=\"https:\/\/marekkuchcinski.pl\/wp-content\/uploads\/2021\/12\/269748445_329133282365902_2152157359151992009_n.jpg\" \/>\n\t<meta property=\"og:image:width\" content=\"960\" \/>\n\t<meta property=\"og:image:height\" content=\"643\" \/>\n\t<meta property=\"og:image:type\" content=\"image\/jpeg\" \/>\n<meta name=\"author\" content=\"Marta Olejnik\" \/>\n<meta name=\"twitter:card\" content=\"summary_large_image\" \/>\n<meta name=\"twitter:label1\" content=\"Autor\" \/>\n\t<meta name=\"twitter:data1\" content=\"Marta Olejnik\" \/>\n\t<meta name=\"twitter:label2\" content=\"Predpokladan\u00fd \u010das \u010d\u00edtania\" \/>\n\t<meta name=\"twitter:data2\" content=\"3 min\u00faty\" \/>\n<script type=\"application\/ld+json\" class=\"yoast-schema-graph\">{\"@context\":\"https:\/\/schema.org\",\"@graph\":[{\"@type\":\"Article\",\"@id\":\"https:\/\/marekkuchcinski.pl\/cs\/wydarzenia\/spotkanie-komisji-spraw-zagranicznych-z-prezydentem-poroszenka-polska-wspiera-ukraine-na-drodze-do-ue-i-nato\/#article\",\"isPartOf\":{\"@id\":\"https:\/\/marekkuchcinski.pl\/cs\/wydarzenia\/spotkanie-komisji-spraw-zagranicznych-z-prezydentem-poroszenka-polska-wspiera-ukraine-na-drodze-do-ue-i-nato\/\"},\"author\":{\"name\":\"Marta Olejnik\",\"@id\":\"https:\/\/marekkuchcinski.pl\/#\/schema\/person\/51d5d4ee3b5317b8e4dd2b48af359229\"},\"headline\":\"Spotkanie Komisji Spraw Zagranicznych z prezydentem Poroszenk\u0105: Polska wspiera Ukrain\u0119 na drodze do UE i NATO\",\"datePublished\":\"2021-12-22T21:26:00+00:00\",\"dateModified\":\"2021-12-23T18:48:48+00:00\",\"mainEntityOfPage\":{\"@id\":\"https:\/\/marekkuchcinski.pl\/cs\/wydarzenia\/spotkanie-komisji-spraw-zagranicznych-z-prezydentem-poroszenka-polska-wspiera-ukraine-na-drodze-do-ue-i-nato\/\"},\"wordCount\":579,\"commentCount\":0,\"publisher\":{\"@id\":\"https:\/\/marekkuchcinski.pl\/#organization\"},\"image\":{\"@id\":\"https:\/\/marekkuchcinski.pl\/cs\/wydarzenia\/spotkanie-komisji-spraw-zagranicznych-z-prezydentem-poroszenka-polska-wspiera-ukraine-na-drodze-do-ue-i-nato\/#primaryimage\"},\"thumbnailUrl\":\"https:\/\/marekkuchcinski.pl\/wp-content\/uploads\/2021\/12\/269748445_329133282365902_2152157359151992009_n.jpg\",\"articleSection\":[\"Wsp\u00f3\u0142praca mi\u0119dzynarodowa\",\"Wydarzenia\"],\"inLanguage\":\"sk-SK\",\"potentialAction\":[{\"@type\":\"CommentAction\",\"name\":\"Comment\",\"target\":[\"https:\/\/marekkuchcinski.pl\/cs\/wydarzenia\/spotkanie-komisji-spraw-zagranicznych-z-prezydentem-poroszenka-polska-wspiera-ukraine-na-drodze-do-ue-i-nato\/#respond\"]}]},{\"@type\":\"WebPage\",\"@id\":\"https:\/\/marekkuchcinski.pl\/cs\/wydarzenia\/spotkanie-komisji-spraw-zagranicznych-z-prezydentem-poroszenka-polska-wspiera-ukraine-na-drodze-do-ue-i-nato\/\",\"url\":\"https:\/\/marekkuchcinski.pl\/cs\/wydarzenia\/spotkanie-komisji-spraw-zagranicznych-z-prezydentem-poroszenka-polska-wspiera-ukraine-na-drodze-do-ue-i-nato\/\",\"name\":\"Spotkanie Komisji Spraw Zagranicznych z prezydentem Poroszenk\u0105: Polska wspiera Ukrain\u0119 na drodze do UE i NATO &#8211; Marek Kuchci\u0144ski\",\"isPartOf\":{\"@id\":\"https:\/\/marekkuchcinski.pl\/#website\"},\"primaryImageOfPage\":{\"@id\":\"https:\/\/marekkuchcinski.pl\/cs\/wydarzenia\/spotkanie-komisji-spraw-zagranicznych-z-prezydentem-poroszenka-polska-wspiera-ukraine-na-drodze-do-ue-i-nato\/#primaryimage\"},\"image\":{\"@id\":\"https:\/\/marekkuchcinski.pl\/cs\/wydarzenia\/spotkanie-komisji-spraw-zagranicznych-z-prezydentem-poroszenka-polska-wspiera-ukraine-na-drodze-do-ue-i-nato\/#primaryimage\"},\"thumbnailUrl\":\"https:\/\/marekkuchcinski.pl\/wp-content\/uploads\/2021\/12\/269748445_329133282365902_2152157359151992009_n.jpg\",\"datePublished\":\"2021-12-22T21:26:00+00:00\",\"dateModified\":\"2021-12-23T18:48:48+00:00\",\"breadcrumb\":{\"@id\":\"https:\/\/marekkuchcinski.pl\/cs\/wydarzenia\/spotkanie-komisji-spraw-zagranicznych-z-prezydentem-poroszenka-polska-wspiera-ukraine-na-drodze-do-ue-i-nato\/#breadcrumb\"},\"inLanguage\":\"sk-SK\",\"potentialAction\":[{\"@type\":\"ReadAction\",\"target\":[\"https:\/\/marekkuchcinski.pl\/cs\/wydarzenia\/spotkanie-komisji-spraw-zagranicznych-z-prezydentem-poroszenka-polska-wspiera-ukraine-na-drodze-do-ue-i-nato\/\"]}]},{\"@type\":\"ImageObject\",\"inLanguage\":\"sk-SK\",\"@id\":\"https:\/\/marekkuchcinski.pl\/cs\/wydarzenia\/spotkanie-komisji-spraw-zagranicznych-z-prezydentem-poroszenka-polska-wspiera-ukraine-na-drodze-do-ue-i-nato\/#primaryimage\",\"url\":\"https:\/\/marekkuchcinski.pl\/wp-content\/uploads\/2021\/12\/269748445_329133282365902_2152157359151992009_n.jpg\",\"contentUrl\":\"https:\/\/marekkuchcinski.pl\/wp-content\/uploads\/2021\/12\/269748445_329133282365902_2152157359151992009_n.jpg\",\"width\":960,\"height\":643},{\"@type\":\"BreadcrumbList\",\"@id\":\"https:\/\/marekkuchcinski.pl\/cs\/wydarzenia\/spotkanie-komisji-spraw-zagranicznych-z-prezydentem-poroszenka-polska-wspiera-ukraine-na-drodze-do-ue-i-nato\/#breadcrumb\",\"itemListElement\":[{\"@type\":\"ListItem\",\"position\":1,\"name\":\"Strona g\u0142\u00f3wna\",\"item\":\"https:\/\/marekkuchcinski.pl\/\"},{\"@type\":\"ListItem\",\"position\":2,\"name\":\"Spotkanie Komisji Spraw Zagranicznych z prezydentem Poroszenk\u0105: Polska wspiera Ukrain\u0119 na drodze do UE i NATO\"}]},{\"@type\":\"WebSite\",\"@id\":\"https:\/\/marekkuchcinski.pl\/#website\",\"url\":\"https:\/\/marekkuchcinski.pl\/\",\"name\":\"Marek Kuchci\u0144ski\",\"description\":\"Pose\u0142 na sejm RP &ndash; okr\u0119g nr 22\",\"publisher\":{\"@id\":\"https:\/\/marekkuchcinski.pl\/#organization\"},\"potentialAction\":[{\"@type\":\"SearchAction\",\"target\":{\"@type\":\"EntryPoint\",\"urlTemplate\":\"https:\/\/marekkuchcinski.pl\/?s={search_term_string}\"},\"query-input\":{\"@type\":\"PropertyValueSpecification\",\"valueRequired\":true,\"valueName\":\"search_term_string\"}}],\"inLanguage\":\"sk-SK\"},{\"@type\":\"Organization\",\"@id\":\"https:\/\/marekkuchcinski.pl\/#organization\",\"name\":\"Marek Kuchci\u0144ski\",\"url\":\"https:\/\/marekkuchcinski.pl\/\",\"logo\":{\"@type\":\"ImageObject\",\"inLanguage\":\"sk-SK\",\"@id\":\"https:\/\/marekkuchcinski.pl\/#\/schema\/logo\/image\/\",\"url\":\"https:\/\/marekkuchcinski.pl\/wp-content\/uploads\/2022\/09\/Marek.jpg\",\"contentUrl\":\"https:\/\/marekkuchcinski.pl\/wp-content\/uploads\/2022\/09\/Marek.jpg\",\"width\":1600,\"height\":971,\"caption\":\"Marek Kuchci\u0144ski\"},\"image\":{\"@id\":\"https:\/\/marekkuchcinski.pl\/#\/schema\/logo\/image\/\"}},{\"@type\":\"Person\",\"@id\":\"https:\/\/marekkuchcinski.pl\/#\/schema\/person\/51d5d4ee3b5317b8e4dd2b48af359229\",\"name\":\"Marta Olejnik\",\"image\":{\"@type\":\"ImageObject\",\"inLanguage\":\"sk-SK\",\"@id\":\"https:\/\/marekkuchcinski.pl\/#\/schema\/person\/image\/\",\"url\":\"https:\/\/secure.gravatar.com\/avatar\/e39914b2aa6a48959e24d475b5dc9793?s=96&d=mm&r=g\",\"contentUrl\":\"https:\/\/secure.gravatar.com\/avatar\/e39914b2aa6a48959e24d475b5dc9793?s=96&d=mm&r=g\",\"caption\":\"Marta Olejnik\"},\"url\":\"https:\/\/marekkuchcinski.pl\/sk\/author\/marta\/\"}]}<\/script>\n<!-- \/ Yoast SEO plugin. -->","yoast_head_json":{"title":"Spotkanie Komisji Spraw Zagranicznych z prezydentem Poroszenk\u0105: Polska wspiera Ukrain\u0119 na drodze do UE i NATO &#8211; Marek Kuchci\u0144ski","robots":{"index":"index","follow":"follow","max-snippet":"max-snippet:-1","max-image-preview":"max-image-preview:large","max-video-preview":"max-video-preview:-1"},"canonical":"https:\/\/marekkuchcinski.pl\/sk\/wydarzenia\/spotkanie-komisji-spraw-zagranicznych-z-prezydentem-poroszenka-polska-wspiera-ukraine-na-drodze-do-ue-i-nato\/","og_locale":"sk_SK","og_type":"article","og_title":"Spotkanie Komisji Spraw Zagranicznych z prezydentem Poroszenk\u0105: Polska wspiera Ukrain\u0119 na drodze do UE i NATO &#8211; Marek Kuchci\u0144ski","og_description":"21 grudnia 2021 r. w Sejmie pos\u0142owie Komisji Spraw Zagranicznych spotkali si\u0119 z by\u0142ym prezydentem Ukrainy, a obecnie deputowanym i szefem jednej z najwi\u0119kszych partii opozycyjnych (Europejska Solidarno\u015b\u0107) w Radzie Najwy\u017cszej Ukrainy panem Petro Poroszenk\u0105. Rozmowa dotyczy\u0142a sytuacji w regionie i na Ukrainie w kontek\u015bcie rosn\u0105cej presji na Ukrain\u0119 ze strony Rosji, koncentracji wojsk rosyjskich [&hellip;]","og_url":"https:\/\/marekkuchcinski.pl\/sk\/wydarzenia\/spotkanie-komisji-spraw-zagranicznych-z-prezydentem-poroszenka-polska-wspiera-ukraine-na-drodze-do-ue-i-nato\/","og_site_name":"Marek Kuchci\u0144ski","article_published_time":"2021-12-22T21:26:00+00:00","article_modified_time":"2021-12-23T18:48:48+00:00","og_image":[{"width":960,"height":643,"url":"https:\/\/marekkuchcinski.pl\/wp-content\/uploads\/2021\/12\/269748445_329133282365902_2152157359151992009_n.jpg","type":"image\/jpeg"}],"author":"Marta Olejnik","twitter_card":"summary_large_image","twitter_misc":{"Autor":"Marta Olejnik","Predpokladan\u00fd \u010das \u010d\u00edtania":"3 min\u00faty"},"schema":{"@context":"https:\/\/schema.org","@graph":[{"@type":"Article","@id":"https:\/\/marekkuchcinski.pl\/cs\/wydarzenia\/spotkanie-komisji-spraw-zagranicznych-z-prezydentem-poroszenka-polska-wspiera-ukraine-na-drodze-do-ue-i-nato\/#article","isPartOf":{"@id":"https:\/\/marekkuchcinski.pl\/cs\/wydarzenia\/spotkanie-komisji-spraw-zagranicznych-z-prezydentem-poroszenka-polska-wspiera-ukraine-na-drodze-do-ue-i-nato\/"},"author":{"name":"Marta Olejnik","@id":"https:\/\/marekkuchcinski.pl\/#\/schema\/person\/51d5d4ee3b5317b8e4dd2b48af359229"},"headline":"Spotkanie Komisji Spraw Zagranicznych z prezydentem Poroszenk\u0105: Polska wspiera Ukrain\u0119 na drodze do UE i NATO","datePublished":"2021-12-22T21:26:00+00:00","dateModified":"2021-12-23T18:48:48+00:00","mainEntityOfPage":{"@id":"https:\/\/marekkuchcinski.pl\/cs\/wydarzenia\/spotkanie-komisji-spraw-zagranicznych-z-prezydentem-poroszenka-polska-wspiera-ukraine-na-drodze-do-ue-i-nato\/"},"wordCount":579,"commentCount":0,"publisher":{"@id":"https:\/\/marekkuchcinski.pl\/#organization"},"image":{"@id":"https:\/\/marekkuchcinski.pl\/cs\/wydarzenia\/spotkanie-komisji-spraw-zagranicznych-z-prezydentem-poroszenka-polska-wspiera-ukraine-na-drodze-do-ue-i-nato\/#primaryimage"},"thumbnailUrl":"https:\/\/marekkuchcinski.pl\/wp-content\/uploads\/2021\/12\/269748445_329133282365902_2152157359151992009_n.jpg","articleSection":["Wsp\u00f3\u0142praca mi\u0119dzynarodowa","Wydarzenia"],"inLanguage":"sk-SK","potentialAction":[{"@type":"CommentAction","name":"Comment","target":["https:\/\/marekkuchcinski.pl\/cs\/wydarzenia\/spotkanie-komisji-spraw-zagranicznych-z-prezydentem-poroszenka-polska-wspiera-ukraine-na-drodze-do-ue-i-nato\/#respond"]}]},{"@type":"WebPage","@id":"https:\/\/marekkuchcinski.pl\/cs\/wydarzenia\/spotkanie-komisji-spraw-zagranicznych-z-prezydentem-poroszenka-polska-wspiera-ukraine-na-drodze-do-ue-i-nato\/","url":"https:\/\/marekkuchcinski.pl\/cs\/wydarzenia\/spotkanie-komisji-spraw-zagranicznych-z-prezydentem-poroszenka-polska-wspiera-ukraine-na-drodze-do-ue-i-nato\/","name":"Spotkanie Komisji Spraw Zagranicznych z prezydentem Poroszenk\u0105: Polska wspiera Ukrain\u0119 na drodze do UE i NATO &#8211; Marek Kuchci\u0144ski","isPartOf":{"@id":"https:\/\/marekkuchcinski.pl\/#website"},"primaryImageOfPage":{"@id":"https:\/\/marekkuchcinski.pl\/cs\/wydarzenia\/spotkanie-komisji-spraw-zagranicznych-z-prezydentem-poroszenka-polska-wspiera-ukraine-na-drodze-do-ue-i-nato\/#primaryimage"},"image":{"@id":"https:\/\/marekkuchcinski.pl\/cs\/wydarzenia\/spotkanie-komisji-spraw-zagranicznych-z-prezydentem-poroszenka-polska-wspiera-ukraine-na-drodze-do-ue-i-nato\/#primaryimage"},"thumbnailUrl":"https:\/\/marekkuchcinski.pl\/wp-content\/uploads\/2021\/12\/269748445_329133282365902_2152157359151992009_n.jpg","datePublished":"2021-12-22T21:26:00+00:00","dateModified":"2021-12-23T18:48:48+00:00","breadcrumb":{"@id":"https:\/\/marekkuchcinski.pl\/cs\/wydarzenia\/spotkanie-komisji-spraw-zagranicznych-z-prezydentem-poroszenka-polska-wspiera-ukraine-na-drodze-do-ue-i-nato\/#breadcrumb"},"inLanguage":"sk-SK","potentialAction":[{"@type":"ReadAction","target":["https:\/\/marekkuchcinski.pl\/cs\/wydarzenia\/spotkanie-komisji-spraw-zagranicznych-z-prezydentem-poroszenka-polska-wspiera-ukraine-na-drodze-do-ue-i-nato\/"]}]},{"@type":"ImageObject","inLanguage":"sk-SK","@id":"https:\/\/marekkuchcinski.pl\/cs\/wydarzenia\/spotkanie-komisji-spraw-zagranicznych-z-prezydentem-poroszenka-polska-wspiera-ukraine-na-drodze-do-ue-i-nato\/#primaryimage","url":"https:\/\/marekkuchcinski.pl\/wp-content\/uploads\/2021\/12\/269748445_329133282365902_2152157359151992009_n.jpg","contentUrl":"https:\/\/marekkuchcinski.pl\/wp-content\/uploads\/2021\/12\/269748445_329133282365902_2152157359151992009_n.jpg","width":960,"height":643},{"@type":"BreadcrumbList","@id":"https:\/\/marekkuchcinski.pl\/cs\/wydarzenia\/spotkanie-komisji-spraw-zagranicznych-z-prezydentem-poroszenka-polska-wspiera-ukraine-na-drodze-do-ue-i-nato\/#breadcrumb","itemListElement":[{"@type":"ListItem","position":1,"name":"Strona g\u0142\u00f3wna","item":"https:\/\/marekkuchcinski.pl\/"},{"@type":"ListItem","position":2,"name":"Spotkanie Komisji Spraw Zagranicznych z prezydentem Poroszenk\u0105: Polska wspiera Ukrain\u0119 na drodze do UE i NATO"}]},{"@type":"WebSite","@id":"https:\/\/marekkuchcinski.pl\/#website","url":"https:\/\/marekkuchcinski.pl\/","name":"Marek Kuchci\u0144ski","description":"Pose\u0142 na sejm RP &ndash; okr\u0119g nr 22","publisher":{"@id":"https:\/\/marekkuchcinski.pl\/#organization"},"potentialAction":[{"@type":"SearchAction","target":{"@type":"EntryPoint","urlTemplate":"https:\/\/marekkuchcinski.pl\/?s={search_term_string}"},"query-input":{"@type":"PropertyValueSpecification","valueRequired":true,"valueName":"search_term_string"}}],"inLanguage":"sk-SK"},{"@type":"Organization","@id":"https:\/\/marekkuchcinski.pl\/#organization","name":"Marek Kuchci\u0144ski","url":"https:\/\/marekkuchcinski.pl\/","logo":{"@type":"ImageObject","inLanguage":"sk-SK","@id":"https:\/\/marekkuchcinski.pl\/#\/schema\/logo\/image\/","url":"https:\/\/marekkuchcinski.pl\/wp-content\/uploads\/2022\/09\/Marek.jpg","contentUrl":"https:\/\/marekkuchcinski.pl\/wp-content\/uploads\/2022\/09\/Marek.jpg","width":1600,"height":971,"caption":"Marek Kuchci\u0144ski"},"image":{"@id":"https:\/\/marekkuchcinski.pl\/#\/schema\/logo\/image\/"}},{"@type":"Person","@id":"https:\/\/marekkuchcinski.pl\/#\/schema\/person\/51d5d4ee3b5317b8e4dd2b48af359229","name":"Marta Olejnik","image":{"@type":"ImageObject","inLanguage":"sk-SK","@id":"https:\/\/marekkuchcinski.pl\/#\/schema\/person\/image\/","url":"https:\/\/secure.gravatar.com\/avatar\/e39914b2aa6a48959e24d475b5dc9793?s=96&d=mm&r=g","contentUrl":"https:\/\/secure.gravatar.com\/avatar\/e39914b2aa6a48959e24d475b5dc9793?s=96&d=mm&r=g","caption":"Marta Olejnik"},"url":"https:\/\/marekkuchcinski.pl\/sk\/author\/marta\/"}]}},"_links":{"self":[{"href":"https:\/\/marekkuchcinski.pl\/sk\/wp-json\/wp\/v2\/posts\/24129","targetHints":{"allow":["GET"]}}],"collection":[{"href":"https:\/\/marekkuchcinski.pl\/sk\/wp-json\/wp\/v2\/posts"}],"about":[{"href":"https:\/\/marekkuchcinski.pl\/sk\/wp-json\/wp\/v2\/types\/post"}],"author":[{"embeddable":true,"href":"https:\/\/marekkuchcinski.pl\/sk\/wp-json\/wp\/v2\/users\/21"}],"replies":[{"embeddable":true,"href":"https:\/\/marekkuchcinski.pl\/sk\/wp-json\/wp\/v2\/comments?post=24129"}],"version-history":[{"count":3,"href":"https:\/\/marekkuchcinski.pl\/sk\/wp-json\/wp\/v2\/posts\/24129\/revisions"}],"predecessor-version":[{"id":24135,"href":"https:\/\/marekkuchcinski.pl\/sk\/wp-json\/wp\/v2\/posts\/24129\/revisions\/24135"}],"wp:featuredmedia":[{"embeddable":true,"href":"https:\/\/marekkuchcinski.pl\/sk\/wp-json\/wp\/v2\/media\/24130"}],"wp:attachment":[{"href":"https:\/\/marekkuchcinski.pl\/sk\/wp-json\/wp\/v2\/media?parent=24129"}],"wp:term":[{"taxonomy":"category","embeddable":true,"href":"https:\/\/marekkuchcinski.pl\/sk\/wp-json\/wp\/v2\/categories?post=24129"},{"taxonomy":"post_tag","embeddable":true,"href":"https:\/\/marekkuchcinski.pl\/sk\/wp-json\/wp\/v2\/tags?post=24129"}],"curies":[{"name":"wp","href":"https:\/\/api.w.org\/{rel}","templated":true}]}}