{"id":24,"date":"2011-06-21T12:19:24","date_gmt":"2011-06-21T10:19:24","guid":{"rendered":"https:\/\/marekkuchcinski.pl\/?p=24"},"modified":"2016-08-25T17:06:41","modified_gmt":"2016-08-25T15:06:41","slug":"biuraporad","status":"publish","type":"post","link":"https:\/\/marekkuchcinski.pl\/sk\/kontakt\/biuraporad\/","title":{"rendered":"Interven\u010dn\u00e9 a poradensk\u00e9 kancel\u00e1rie"},"content":{"rendered":"<p>Przemy\u015bl, 37-700 Przemy\u015bl, Wybrze\u017ce J\u00f3zefa Pi\u0142sudskiego 1, tel.\/fax (16) 678 49 19, <a href=\"mailto:biuro@marekkuchcinski.pl\">biuro@marekkuchcinski.pl<\/a><\/p>\n<p><img decoding=\"async\" class=\"alignleft size-full wp-image-23\" src=\"https:\/\/marekkuchcinski.pl\/wp-content\/uploads\/2011\/06\/blizej_ludzi_kontakt.jpg\" alt=\"\" style=\"float: left;\" width=\"150\" height=\"84\" \/><strong>interven\u010dn\u00e1 a poradensk\u00e1 kancel\u00e1ria strany Pr\u00e1vo a spravodlivos\u0165<\/strong> p\u00f4sobiace v parlamentn\u00fdch kancel\u00e1ri\u00e1ch Mareka Kuchci\u0144sk\u00e9ho boli zriaden\u00e9 v novembri a decembri 2001, kr\u00e1tko po parlamentn\u00fdch vo\u013eb\u00e1ch z iniciat\u00edvy samotn\u00e9ho poslanca. zriadenie t\u00fdchto kancel\u00e1ri\u00ed bolo v\u00fdsledkom realiz\u00e1cie jeho volebn\u00e9ho programu, ktor\u00e9ho ve\u013emi d\u00f4le\u017eit\u00fdmi prvkami s\u00fa: rovnos\u0165 v\u0161etk\u00fdch ob\u010danov pred z\u00e1konom, starostlivos\u0165 o spravodlivos\u0165 a otvorenos\u0165 verejn\u00e9ho \u017eivota, \u00facta k oby\u010dajn\u00fdm \u013eu\u010fom. BIiP preto poskytuje pomoc ka\u017ed\u00e9mu, kto je postihnut\u00fd nespravodlivos\u0165ou, nekompetentnos\u0165ou alebo aroganciou \u00faradov.T\u00e1to pomoc spo\u010d\u00edva v poskytovan\u00ed bezplatn\u00e9ho pr\u00e1vneho poradenstva, prieskume, pr\u00edprave podan\u00ed a spr\u00e1vnych listov a v pr\u00edpadoch, ktor\u00e9 si to vy\u017eaduj\u00fa, v intervencii.<\/p>\n<p>Od febru\u00e1ra 2003 roz\u0161\u00edril interven\u010dn\u00fd a poradensk\u00fd \u00farad v Przemy\u015bli svoju \u010dinnos\u0165 o vytvorenie datab\u00e1zy eur\u00f3pskych fondov. To umo\u017enilo efekt\u00edvne informova\u0165 z\u00e1ujemcov (miestne in\u0161tit\u00facie, samospr\u00e1vne celky, mimovl\u00e1dne organiz\u00e1cie, \u0161koly, neform\u00e1lne skupiny at\u010f.) o nov\u00fdch s\u00fa\u0165a\u017eiach a grantov\u00fdch programoch v oblasti vzdel\u00e1vania, kult\u00fary, ekol\u00f3gie, zdravotn\u00edctva, soci\u00e1lnych iniciat\u00edv a mnoh\u00fdch \u010fal\u0161\u00edch.Od j\u00fana 2006 dostali BIiP nov\u00fd n\u00e1zov: Voters' Service Points. Pokra\u010duj\u00fa v pr\u00e1ci po\u010das cel\u00e9ho obdobia. Volebn\u00e9 informa\u010dn\u00e9 centr\u00e1, ktor\u00e9 p\u00f4sobia v kancel\u00e1ri\u00e1ch poslanca Mareka Kuchci\u0144sk\u00e9ho, poskytli do j\u00fana 2011 pomoc u\u017e vo viac ako 15 000 pr\u00edpadoch.<\/p>","protected":false},"excerpt":{"rendered":"<p>Przemy\u015bl, 37-700 Przemy\u015bl, Wybrze\u017ce J\u00f3zefa Pi\u0142sudskiego 1, tel. \/faks (16) 678 49 19, biuro@marekkuchcinski.pl BIURA INTERWENCJI I PORAD PiS dzia\u0142aj\u0105ce przy biurach poselskich Marka Kuchci\u0144skiego powsta\u0142y w listopadzie i grudniu 2001 roku, tu\u017c po wyborach parlamentarnych z inicjatywy samego pos\u0142a.Powo\u0142anie tych biur by\u0142o wynikiem realizacji programu wyborczego, kt\u00f3rego bardzo wa\u017cnymi elementami s\u0105: r\u00f3wno\u015b\u0107 wszystkich obywateli [&hellip;]<\/p>","protected":false},"author":6,"featured_media":23,"comment_status":"open","ping_status":"open","sticky":false,"template":"","format":"standard","meta":{"ngg_post_thumbnail":0,"footnotes":""},"categories":[33],"tags":[],"class_list":["post-24","post","type-post","status-publish","format-standard","has-post-thumbnail","hentry","category-kontakt"],"yoast_head":"<!-- This site is optimized with the Yoast SEO plugin v24.7 - https:\/\/yoast.com\/wordpress\/plugins\/seo\/ -->\n<title>Biura interwencji i porad &#8211; Marek Kuchci\u0144ski<\/title>\n<meta name=\"robots\" content=\"index, follow, max-snippet:-1, max-image-preview:large, max-video-preview:-1\" \/>\n<link rel=\"canonical\" href=\"https:\/\/marekkuchcinski.pl\/sk\/kontakt\/biuraporad\/\" \/>\n<meta property=\"og:locale\" content=\"sk_SK\" \/>\n<meta property=\"og:type\" content=\"article\" \/>\n<meta property=\"og:title\" content=\"Biura interwencji i porad &#8211; Marek Kuchci\u0144ski\" \/>\n<meta property=\"og:description\" content=\"Przemy\u015bl, 37-700 Przemy\u015bl, Wybrze\u017ce J\u00f3zefa Pi\u0142sudskiego 1, tel. \/faks (16) 678 49 19, biuro@marekkuchcinski.pl BIURA INTERWENCJI I PORAD PiS dzia\u0142aj\u0105ce przy biurach poselskich Marka Kuchci\u0144skiego powsta\u0142y w listopadzie i grudniu 2001 roku, tu\u017c po wyborach parlamentarnych z inicjatywy samego pos\u0142a.Powo\u0142anie tych biur by\u0142o wynikiem realizacji programu wyborczego, kt\u00f3rego bardzo wa\u017cnymi elementami s\u0105: r\u00f3wno\u015b\u0107 wszystkich obywateli [&hellip;]\" \/>\n<meta property=\"og:url\" content=\"https:\/\/marekkuchcinski.pl\/sk\/kontakt\/biuraporad\/\" \/>\n<meta property=\"og:site_name\" content=\"Marek Kuchci\u0144ski\" \/>\n<meta property=\"article:published_time\" content=\"2011-06-21T10:19:24+00:00\" \/>\n<meta property=\"article:modified_time\" content=\"2016-08-25T15:06:41+00:00\" \/>\n<meta property=\"og:image\" content=\"https:\/\/marekkuchcinski.pl\/wp-content\/uploads\/2011\/06\/blizej_ludzi_kontakt.jpg\" \/>\n\t<meta property=\"og:image:width\" content=\"150\" \/>\n\t<meta property=\"og:image:height\" content=\"84\" \/>\n\t<meta property=\"og:image:type\" content=\"image\/jpeg\" \/>\n<meta name=\"author\" content=\"admin\" \/>\n<meta name=\"twitter:card\" content=\"summary_large_image\" \/>\n<meta name=\"twitter:label1\" content=\"Autor\" \/>\n\t<meta name=\"twitter:data1\" content=\"admin\" \/>\n\t<meta name=\"twitter:label2\" content=\"Predpokladan\u00fd \u010das \u010d\u00edtania\" \/>\n\t<meta name=\"twitter:data2\" content=\"1 min\u00fata\" \/>\n<script type=\"application\/ld+json\" class=\"yoast-schema-graph\">{\"@context\":\"https:\/\/schema.org\",\"@graph\":[{\"@type\":\"Article\",\"@id\":\"https:\/\/marekkuchcinski.pl\/kontakt\/biuraporad\/#article\",\"isPartOf\":{\"@id\":\"https:\/\/marekkuchcinski.pl\/kontakt\/biuraporad\/\"},\"author\":{\"name\":\"admin\",\"@id\":\"https:\/\/marekkuchcinski.pl\/#\/schema\/person\/6f62700996b4d950b6ea2d1183b6c6be\"},\"headline\":\"Biura interwencji i porad\",\"datePublished\":\"2011-06-21T10:19:24+00:00\",\"dateModified\":\"2016-08-25T15:06:41+00:00\",\"mainEntityOfPage\":{\"@id\":\"https:\/\/marekkuchcinski.pl\/kontakt\/biuraporad\/\"},\"wordCount\":229,\"commentCount\":0,\"publisher\":{\"@id\":\"https:\/\/marekkuchcinski.pl\/#organization\"},\"image\":{\"@id\":\"https:\/\/marekkuchcinski.pl\/kontakt\/biuraporad\/#primaryimage\"},\"thumbnailUrl\":\"https:\/\/marekkuchcinski.pl\/wp-content\/uploads\/2011\/06\/blizej_ludzi_kontakt.jpg\",\"articleSection\":[\"Kontakt\"],\"inLanguage\":\"sk-SK\",\"potentialAction\":[{\"@type\":\"CommentAction\",\"name\":\"Comment\",\"target\":[\"https:\/\/marekkuchcinski.pl\/kontakt\/biuraporad\/#respond\"]}]},{\"@type\":\"WebPage\",\"@id\":\"https:\/\/marekkuchcinski.pl\/kontakt\/biuraporad\/\",\"url\":\"https:\/\/marekkuchcinski.pl\/kontakt\/biuraporad\/\",\"name\":\"Biura interwencji i porad &#8211; Marek Kuchci\u0144ski\",\"isPartOf\":{\"@id\":\"https:\/\/marekkuchcinski.pl\/#website\"},\"primaryImageOfPage\":{\"@id\":\"https:\/\/marekkuchcinski.pl\/kontakt\/biuraporad\/#primaryimage\"},\"image\":{\"@id\":\"https:\/\/marekkuchcinski.pl\/kontakt\/biuraporad\/#primaryimage\"},\"thumbnailUrl\":\"https:\/\/marekkuchcinski.pl\/wp-content\/uploads\/2011\/06\/blizej_ludzi_kontakt.jpg\",\"datePublished\":\"2011-06-21T10:19:24+00:00\",\"dateModified\":\"2016-08-25T15:06:41+00:00\",\"breadcrumb\":{\"@id\":\"https:\/\/marekkuchcinski.pl\/kontakt\/biuraporad\/#breadcrumb\"},\"inLanguage\":\"sk-SK\",\"potentialAction\":[{\"@type\":\"ReadAction\",\"target\":[\"https:\/\/marekkuchcinski.pl\/kontakt\/biuraporad\/\"]}]},{\"@type\":\"ImageObject\",\"inLanguage\":\"sk-SK\",\"@id\":\"https:\/\/marekkuchcinski.pl\/kontakt\/biuraporad\/#primaryimage\",\"url\":\"https:\/\/marekkuchcinski.pl\/wp-content\/uploads\/2011\/06\/blizej_ludzi_kontakt.jpg\",\"contentUrl\":\"https:\/\/marekkuchcinski.pl\/wp-content\/uploads\/2011\/06\/blizej_ludzi_kontakt.jpg\",\"width\":150,\"height\":84},{\"@type\":\"BreadcrumbList\",\"@id\":\"https:\/\/marekkuchcinski.pl\/kontakt\/biuraporad\/#breadcrumb\",\"itemListElement\":[{\"@type\":\"ListItem\",\"position\":1,\"name\":\"Strona g\u0142\u00f3wna\",\"item\":\"https:\/\/marekkuchcinski.pl\/\"},{\"@type\":\"ListItem\",\"position\":2,\"name\":\"Biura interwencji i porad\"}]},{\"@type\":\"WebSite\",\"@id\":\"https:\/\/marekkuchcinski.pl\/#website\",\"url\":\"https:\/\/marekkuchcinski.pl\/\",\"name\":\"Marek Kuchci\u0144ski\",\"description\":\"Pose\u0142 na sejm RP &ndash; okr\u0119g nr 22\",\"publisher\":{\"@id\":\"https:\/\/marekkuchcinski.pl\/#organization\"},\"potentialAction\":[{\"@type\":\"SearchAction\",\"target\":{\"@type\":\"EntryPoint\",\"urlTemplate\":\"https:\/\/marekkuchcinski.pl\/?s={search_term_string}\"},\"query-input\":{\"@type\":\"PropertyValueSpecification\",\"valueRequired\":true,\"valueName\":\"search_term_string\"}}],\"inLanguage\":\"sk-SK\"},{\"@type\":\"Organization\",\"@id\":\"https:\/\/marekkuchcinski.pl\/#organization\",\"name\":\"Marek Kuchci\u0144ski\",\"url\":\"https:\/\/marekkuchcinski.pl\/\",\"logo\":{\"@type\":\"ImageObject\",\"inLanguage\":\"sk-SK\",\"@id\":\"https:\/\/marekkuchcinski.pl\/#\/schema\/logo\/image\/\",\"url\":\"https:\/\/marekkuchcinski.pl\/wp-content\/uploads\/2022\/09\/Marek.jpg\",\"contentUrl\":\"https:\/\/marekkuchcinski.pl\/wp-content\/uploads\/2022\/09\/Marek.jpg\",\"width\":1600,\"height\":971,\"caption\":\"Marek Kuchci\u0144ski\"},\"image\":{\"@id\":\"https:\/\/marekkuchcinski.pl\/#\/schema\/logo\/image\/\"}},{\"@type\":\"Person\",\"@id\":\"https:\/\/marekkuchcinski.pl\/#\/schema\/person\/6f62700996b4d950b6ea2d1183b6c6be\",\"name\":\"admin\",\"image\":{\"@type\":\"ImageObject\",\"inLanguage\":\"sk-SK\",\"@id\":\"https:\/\/marekkuchcinski.pl\/#\/schema\/person\/image\/\",\"url\":\"https:\/\/secure.gravatar.com\/avatar\/4bab693b9d55c3d6b52c0296a8765085?s=96&d=mm&r=g\",\"contentUrl\":\"https:\/\/secure.gravatar.com\/avatar\/4bab693b9d55c3d6b52c0296a8765085?s=96&d=mm&r=g\",\"caption\":\"admin\"},\"url\":\"https:\/\/marekkuchcinski.pl\/sk\/author\/marta-olejnik\/\"}]}<\/script>\n<!-- \/ Yoast SEO plugin. -->","yoast_head_json":{"title":"Biura interwencji i porad &#8211; Marek Kuchci\u0144ski","robots":{"index":"index","follow":"follow","max-snippet":"max-snippet:-1","max-image-preview":"max-image-preview:large","max-video-preview":"max-video-preview:-1"},"canonical":"https:\/\/marekkuchcinski.pl\/sk\/kontakt\/biuraporad\/","og_locale":"sk_SK","og_type":"article","og_title":"Biura interwencji i porad &#8211; Marek Kuchci\u0144ski","og_description":"Przemy\u015bl, 37-700 Przemy\u015bl, Wybrze\u017ce J\u00f3zefa Pi\u0142sudskiego 1, tel. \/faks (16) 678 49 19, biuro@marekkuchcinski.pl BIURA INTERWENCJI I PORAD PiS dzia\u0142aj\u0105ce przy biurach poselskich Marka Kuchci\u0144skiego powsta\u0142y w listopadzie i grudniu 2001 roku, tu\u017c po wyborach parlamentarnych z inicjatywy samego pos\u0142a.Powo\u0142anie tych biur by\u0142o wynikiem realizacji programu wyborczego, kt\u00f3rego bardzo wa\u017cnymi elementami s\u0105: r\u00f3wno\u015b\u0107 wszystkich obywateli [&hellip;]","og_url":"https:\/\/marekkuchcinski.pl\/sk\/kontakt\/biuraporad\/","og_site_name":"Marek Kuchci\u0144ski","article_published_time":"2011-06-21T10:19:24+00:00","article_modified_time":"2016-08-25T15:06:41+00:00","og_image":[{"width":150,"height":84,"url":"https:\/\/marekkuchcinski.pl\/wp-content\/uploads\/2011\/06\/blizej_ludzi_kontakt.jpg","type":"image\/jpeg"}],"author":"admin","twitter_card":"summary_large_image","twitter_misc":{"Autor":"admin","Predpokladan\u00fd \u010das \u010d\u00edtania":"1 min\u00fata"},"schema":{"@context":"https:\/\/schema.org","@graph":[{"@type":"Article","@id":"https:\/\/marekkuchcinski.pl\/kontakt\/biuraporad\/#article","isPartOf":{"@id":"https:\/\/marekkuchcinski.pl\/kontakt\/biuraporad\/"},"author":{"name":"admin","@id":"https:\/\/marekkuchcinski.pl\/#\/schema\/person\/6f62700996b4d950b6ea2d1183b6c6be"},"headline":"Biura interwencji i porad","datePublished":"2011-06-21T10:19:24+00:00","dateModified":"2016-08-25T15:06:41+00:00","mainEntityOfPage":{"@id":"https:\/\/marekkuchcinski.pl\/kontakt\/biuraporad\/"},"wordCount":229,"commentCount":0,"publisher":{"@id":"https:\/\/marekkuchcinski.pl\/#organization"},"image":{"@id":"https:\/\/marekkuchcinski.pl\/kontakt\/biuraporad\/#primaryimage"},"thumbnailUrl":"https:\/\/marekkuchcinski.pl\/wp-content\/uploads\/2011\/06\/blizej_ludzi_kontakt.jpg","articleSection":["Kontakt"],"inLanguage":"sk-SK","potentialAction":[{"@type":"CommentAction","name":"Comment","target":["https:\/\/marekkuchcinski.pl\/kontakt\/biuraporad\/#respond"]}]},{"@type":"WebPage","@id":"https:\/\/marekkuchcinski.pl\/kontakt\/biuraporad\/","url":"https:\/\/marekkuchcinski.pl\/kontakt\/biuraporad\/","name":"Biura interwencji i porad &#8211; Marek Kuchci\u0144ski","isPartOf":{"@id":"https:\/\/marekkuchcinski.pl\/#website"},"primaryImageOfPage":{"@id":"https:\/\/marekkuchcinski.pl\/kontakt\/biuraporad\/#primaryimage"},"image":{"@id":"https:\/\/marekkuchcinski.pl\/kontakt\/biuraporad\/#primaryimage"},"thumbnailUrl":"https:\/\/marekkuchcinski.pl\/wp-content\/uploads\/2011\/06\/blizej_ludzi_kontakt.jpg","datePublished":"2011-06-21T10:19:24+00:00","dateModified":"2016-08-25T15:06:41+00:00","breadcrumb":{"@id":"https:\/\/marekkuchcinski.pl\/kontakt\/biuraporad\/#breadcrumb"},"inLanguage":"sk-SK","potentialAction":[{"@type":"ReadAction","target":["https:\/\/marekkuchcinski.pl\/kontakt\/biuraporad\/"]}]},{"@type":"ImageObject","inLanguage":"sk-SK","@id":"https:\/\/marekkuchcinski.pl\/kontakt\/biuraporad\/#primaryimage","url":"https:\/\/marekkuchcinski.pl\/wp-content\/uploads\/2011\/06\/blizej_ludzi_kontakt.jpg","contentUrl":"https:\/\/marekkuchcinski.pl\/wp-content\/uploads\/2011\/06\/blizej_ludzi_kontakt.jpg","width":150,"height":84},{"@type":"BreadcrumbList","@id":"https:\/\/marekkuchcinski.pl\/kontakt\/biuraporad\/#breadcrumb","itemListElement":[{"@type":"ListItem","position":1,"name":"Strona g\u0142\u00f3wna","item":"https:\/\/marekkuchcinski.pl\/"},{"@type":"ListItem","position":2,"name":"Biura interwencji i porad"}]},{"@type":"WebSite","@id":"https:\/\/marekkuchcinski.pl\/#website","url":"https:\/\/marekkuchcinski.pl\/","name":"Marek Kuchci\u0144ski","description":"Pose\u0142 na sejm RP &ndash; okr\u0119g nr 22","publisher":{"@id":"https:\/\/marekkuchcinski.pl\/#organization"},"potentialAction":[{"@type":"SearchAction","target":{"@type":"EntryPoint","urlTemplate":"https:\/\/marekkuchcinski.pl\/?s={search_term_string}"},"query-input":{"@type":"PropertyValueSpecification","valueRequired":true,"valueName":"search_term_string"}}],"inLanguage":"sk-SK"},{"@type":"Organization","@id":"https:\/\/marekkuchcinski.pl\/#organization","name":"Marek Kuchci\u0144ski","url":"https:\/\/marekkuchcinski.pl\/","logo":{"@type":"ImageObject","inLanguage":"sk-SK","@id":"https:\/\/marekkuchcinski.pl\/#\/schema\/logo\/image\/","url":"https:\/\/marekkuchcinski.pl\/wp-content\/uploads\/2022\/09\/Marek.jpg","contentUrl":"https:\/\/marekkuchcinski.pl\/wp-content\/uploads\/2022\/09\/Marek.jpg","width":1600,"height":971,"caption":"Marek Kuchci\u0144ski"},"image":{"@id":"https:\/\/marekkuchcinski.pl\/#\/schema\/logo\/image\/"}},{"@type":"Person","@id":"https:\/\/marekkuchcinski.pl\/#\/schema\/person\/6f62700996b4d950b6ea2d1183b6c6be","name":"admin","image":{"@type":"ImageObject","inLanguage":"sk-SK","@id":"https:\/\/marekkuchcinski.pl\/#\/schema\/person\/image\/","url":"https:\/\/secure.gravatar.com\/avatar\/4bab693b9d55c3d6b52c0296a8765085?s=96&d=mm&r=g","contentUrl":"https:\/\/secure.gravatar.com\/avatar\/4bab693b9d55c3d6b52c0296a8765085?s=96&d=mm&r=g","caption":"admin"},"url":"https:\/\/marekkuchcinski.pl\/sk\/author\/marta-olejnik\/"}]}},"_links":{"self":[{"href":"https:\/\/marekkuchcinski.pl\/sk\/wp-json\/wp\/v2\/posts\/24","targetHints":{"allow":["GET"]}}],"collection":[{"href":"https:\/\/marekkuchcinski.pl\/sk\/wp-json\/wp\/v2\/posts"}],"about":[{"href":"https:\/\/marekkuchcinski.pl\/sk\/wp-json\/wp\/v2\/types\/post"}],"author":[{"embeddable":true,"href":"https:\/\/marekkuchcinski.pl\/sk\/wp-json\/wp\/v2\/users\/6"}],"replies":[{"embeddable":true,"href":"https:\/\/marekkuchcinski.pl\/sk\/wp-json\/wp\/v2\/comments?post=24"}],"version-history":[{"count":1,"href":"https:\/\/marekkuchcinski.pl\/sk\/wp-json\/wp\/v2\/posts\/24\/revisions"}],"predecessor-version":[{"id":1167,"href":"https:\/\/marekkuchcinski.pl\/sk\/wp-json\/wp\/v2\/posts\/24\/revisions\/1167"}],"wp:featuredmedia":[{"embeddable":true,"href":"https:\/\/marekkuchcinski.pl\/sk\/wp-json\/wp\/v2\/media\/23"}],"wp:attachment":[{"href":"https:\/\/marekkuchcinski.pl\/sk\/wp-json\/wp\/v2\/media?parent=24"}],"wp:term":[{"taxonomy":"category","embeddable":true,"href":"https:\/\/marekkuchcinski.pl\/sk\/wp-json\/wp\/v2\/categories?post=24"},{"taxonomy":"post_tag","embeddable":true,"href":"https:\/\/marekkuchcinski.pl\/sk\/wp-json\/wp\/v2\/tags?post=24"}],"curies":[{"name":"wp","href":"https:\/\/api.w.org\/{rel}","templated":true}]}}