{"id":23938,"date":"2021-12-06T22:17:57","date_gmt":"2021-12-06T21:17:57","guid":{"rendered":"https:\/\/marekkuchcinski.pl\/?p=23938"},"modified":"2021-12-06T23:14:37","modified_gmt":"2021-12-06T22:14:37","slug":"xi-sesja-zgromadzenia-parlamentarnego-polski-litwy-i-ukrainy-zjednoczeni-dla-bezpieczenstwa","status":"publish","type":"post","link":"https:\/\/marekkuchcinski.pl\/sk\/wydarzenia\/xi-sesja-zgromadzenia-parlamentarnego-polski-litwy-i-ukrainy-zjednoczeni-dla-bezpieczenstwa\/","title":{"rendered":"11. zasadnutie Parlamentn\u00e9ho zhroma\u017edenia Po\u013eska, Litvy a Ukrajiny - Zjednoten\u00ed za bezpe\u010dnos\u0165"},"content":{"rendered":"<p><strong>Marek Kuchci\u0144ski <\/strong>Predseda Eur\u00f3pskeho parlamentu sa z\u00fa\u010dastnil na 11. zasadnut\u00ed Parlamentn\u00e9ho zhroma\u017edenia Po\u013eska, Litvy a Ukrajiny. V nede\u013eu zasadalo predsedn\u00edctvo zhroma\u017edenia a v pondelok sa konali plen\u00e1rne zasadnutia.<\/p>\n\n\n\n<p>Po\u013esk\u00fa deleg\u00e1ciu vedie predseda Sen\u00e1tu <strong>Tomasz Grodzki<\/strong>B\u00fdval\u00fd predseda Sejmu a s\u00fa\u010dasn\u00fd \u0161\u00e9f V\u00fdboru pre zahrani\u010dn\u00e9 veci (FAC) Marek Kuchci\u0144ski zast\u00e1va funkciu podpredsedu.<\/p>\n\n\n\n<p>V r\u00e1mci zhroma\u017edenia sa ved\u00faci Komisie stretol so svojimi partnermi - <strong>\u017dygimantas Pavilionis<\/strong>&nbsp; z Litvy a <strong>Oleksandr Mere\u017eka <\/strong>z Ukrajiny. Spolo\u010dn\u00e9 zistenia predstavil po\u010das plen\u00e1rneho zasadnutia Sen\u00e1tu.<\/p>\n\n\n\n<figure class=\"wp-block-image size-large\"><a href=\"https:\/\/marekkuchcinski.pl\/wp-content\/uploads\/2021\/12\/IMG_0795_edited-scaled.jpg\"><img fetchpriority=\"high\" decoding=\"async\" width=\"1024\" height=\"662\" src=\"https:\/\/marekkuchcinski.pl\/wp-content\/uploads\/2021\/12\/IMG_0795_edited-1024x662.jpg\" alt=\"\" class=\"wp-image-23940\" srcset=\"https:\/\/marekkuchcinski.pl\/wp-content\/uploads\/2021\/12\/IMG_0795_edited-1024x662.jpg 1024w, https:\/\/marekkuchcinski.pl\/wp-content\/uploads\/2021\/12\/IMG_0795_edited-300x194.jpg 300w, https:\/\/marekkuchcinski.pl\/wp-content\/uploads\/2021\/12\/IMG_0795_edited-768x496.jpg 768w, https:\/\/marekkuchcinski.pl\/wp-content\/uploads\/2021\/12\/IMG_0795_edited-1536x993.jpg 1536w, https:\/\/marekkuchcinski.pl\/wp-content\/uploads\/2021\/12\/IMG_0795_edited-scaled.jpg 2048w, https:\/\/marekkuchcinski.pl\/wp-content\/uploads\/2021\/12\/IMG_0795_edited-18x12.jpg 18w\" sizes=\"(max-width: 1024px) 100vw, 1024px\" \/><\/a><\/figure>\n\n\n\n<p>Marek Kuchci\u0144ski argumentoval, \u017ee vzh\u013eadom na nedostato\u010dn\u00fd pokrok v integr\u00e1cii Ukrajiny do E\u00da a NATO by sa mal navrhn\u00fa\u0165 realistick\u00fd program praktick\u00fdch opatren\u00ed zameran\u00fdch na udr\u017eanie proz\u00e1padn\u00e9ho smerovania ukrajinskej politiky napriek pretrv\u00e1vaj\u00facej neochote Z\u00e1padu otvori\u0165 sa Ukrajine. Svoje n\u00e1vrhy uviedol v bodoch:<\/p>\n\n\n\n<p>- V Po\u013esku sme presved\u010den\u00ed, \u017ee bezpe\u010dn\u00e1, prosperuj\u00faca a proz\u00e1padn\u00e1 Ukrajina je v n\u00e1rodnom z\u00e1ujme Po\u013eska.  Preto je jednou z najd\u00f4le\u017eitej\u0161\u00edch ot\u00e1zok:<\/p>\n\n\n\n<p>- podporu Ukrajiny s cie\u013eom zaisti\u0165 jej bezpe\u010dnos\u0165. Na to sl\u00fa\u017ei jej \u010dlenstvo v NATO.<\/p>\n\n\n\n<p>- Cie\u013eom je aj hospod\u00e1rsky rozvoj krajiny a prosperita jej ob\u010danov, ku ktorej vedie \u010dlenstvo v E\u00da.<\/p>\n\n\n\n<p>Bezpe\u010dnos\u0165 (NATO) m\u00e1 prednos\u0165 pred v\u0161etk\u00fdmi ostatn\u00fdmi cie\u013emi, preto\u017ee na to, aby ste mohli realizova\u0165 ak\u00fako\u013evek politiku, mus\u00edte v prvom rade existova\u0165.<\/p>\n\n\n\n<p>Dynamika \u010fal\u0161ieho zbli\u017eovania Ukrajiny s E\u00da sa po troch \u00faspechoch zatia\u013e vytratila: (1) dohoda o pridru\u017een\u00ed s E\u00da a v jej r\u00e1mci (2) rozsiahla a komplexn\u00e1 z\u00f3na vo\u013en\u00e9ho obchodu medzi E\u00da a Ukrajinou (DCFTA); (3) bezv\u00edzov\u00fd styk.<\/p>\n\n\n\n<p>\u010eal\u0161ie strategick\u00e9 ciele tohto poradia nie je mo\u017en\u00e9 v doh\u013eadnej bud\u00facnosti dosiahnu\u0165.<\/p>\n\n\n\n<p>Zastavenie procesu integr\u00e1cie Ukrajiny do E\u00da je d\u00f4sledkom vn\u00fatornej situ\u00e1cie v E\u00da, nie na Ukrajine.<\/p>\n\n\n\n<p>Ukrajina m\u00e1, samozrejme, pred sebou \"dom\u00e1cu \u00falohu\" v podobe vn\u00fatorn\u00fdch reforiem, ktor\u00e9 zlep\u0161ia efekt\u00edvnos\u0165 ukrajinsk\u00e9ho \u0161t\u00e1tu a v\u00fdkonnos\u0165 jej hospod\u00e1rstva, ale o charaktere vz\u0165ahov medzi E\u00da a Ukrajinou nerozhoduje stav ich realiz\u00e1cie.<\/p>\n\n\n\n<p>Z\u00e1kladn\u00fdm d\u00f4vodom spomalenia procesu otv\u00e1rania E\u00da a NATO Ukrajine je neochota verejnej mienky vo ved\u00facich z\u00e1padoeur\u00f3pskych krajin\u00e1ch pokra\u010dova\u0165 v politike otvoren\u00fdch dver\u00ed. Vl\u00e1dy t\u00fdchto kraj\u00edn s\u00fa pod volebn\u00fdm tlakom svojich ob\u010danov a nebud\u00fa riskova\u0165 svoje vlastn\u00e9 politick\u00e9 postavenie, aby pokra\u010dovali v politike roz\u0161irovania E\u00da alebo NATO. Tento jav je trval\u00fd a v najbli\u017e\u0161\u00edch rokoch sa nezmen\u00ed. Toto pretrv\u00e1vanie je okrem in\u00e9ho sp\u00f4soben\u00e9 t\u00fdm, \u017ee z\u00e1padn\u00e9 spolo\u010dnosti nevn\u00edmaj\u00fa hrozbu, ktor\u00fa predstavuje Rusko, a z\u00e1rove\u0148 sa elity E\u00da sna\u017eia transformova\u0165 E\u00da na feder\u00e1lny super\u0161t\u00e1t. Situ\u00e1cia v USA - rozhoduj\u00faca pre za\u010dlenenie Ukrajiny do spolo\u010dn\u00e9ho obrann\u00e9ho syst\u00e9mu Z\u00e1padu - je in\u00e1.<\/p>\n\n\n\n<p>Preto je na\u0161ou \u00falohou vypracova\u0165 program, ktor\u00fd by napriek uveden\u00fdm \u0165a\u017ekostiam presadzoval na\u0161e z\u00e1ujmy.<\/p>\n\n\n\n<p>V r\u00e1mci polit\u00edk E\u00da zost\u00e1va V\u00fdchodn\u00e9 partnerstvo z\u00e1kladn\u00fdm \u0161truktur\u00e1lnym n\u00e1strojom na pribl\u00ed\u017eenie Ukrajiny k E\u00da, a to aj napriek jej kr\u00edze, ktor\u00fa mo\u017eno pozorova\u0165 vo vz\u0165ahoch Arm\u00e9nska s Azerbajd\u017eanom alebo v situ\u00e1cii v Bielorusku. Ukrajina spolu s Moldavskom a Gruz\u00ednskom vytvorili asocia\u010dn\u00e9 trio. Tento rozumn\u00fd krok diplomacie Kyjeva, Ki\u0161i\u0148ova a Tbilisi by mal by\u0165 z\u00e1kladom pre \u010fal\u0161ie kroky.<\/p>\n\n\n\n<p><strong>PROGRAM \u010cINNOST\u00cd:<\/strong><\/p>\n\n\n\n<p>Zastupujeme parlamenty na\u0161ich kraj\u00edn, a preto by n\u00e1\u0161 ak\u010dn\u00fd program mal ma\u0165 rozmer parlamentnej diplomacie. Preto navrhujem:<\/p>\n\n\n\n<p>Nadviaza\u0165 \"\u0161trukt\u00farovan\u00fd dial\u00f3g\" (pravideln\u00e9 stretnutia) parlamentn\u00fdch deleg\u00e1ci\u00ed Po\u013eska, pobaltsk\u00fdch \u0161t\u00e1tov a Ukrajiny, Moldavska a Gruz\u00ednska vo form\u00e1te 4+3 s cie\u013eom neust\u00e1le pripom\u00edna\u0165 pokrok na ceste do E\u00da a NATO.<\/p>\n\n\n\n<p> - Zasadnutia sa bud\u00fa kona\u0165 aspo\u0148 raz za predsedn\u00edctvo E\u00da, aby sa predlo\u017eili:<\/p>\n\n\n\n<p> - Ka\u017ed\u00e9 nasleduj\u00face predsedn\u00edctvo E\u00da presadzuje a podporuje proces prehlbovania vz\u0165ahov kraj\u00edn S3 s E\u00da,<\/p>\n\n\n\n<p>gener\u00e1lneho tajomn\u00edka NATO pri prehlbovan\u00ed spolupr\u00e1ce so Severoatlantickou alianciou.<\/p>\n\n\n\n<p>Tak\u00fdto krok si vy\u017eaduje s\u00fahlas parlamentov Gruz\u00ednska a Moldavska, ktor\u00e9 tu nie s\u00fa zast\u00fapen\u00e9. Na\u0161ou prvou \u00falohou je preto predlo\u017ei\u0165 im v tejto s\u00favislosti n\u00e1vrh.<\/p>\n\n\n\n<p>Nadviaza\u0165 st\u00e1lu spolupr\u00e1cu parlamentn\u00fdch v\u00fdborov pre zahrani\u010dn\u00e9 veci a pre spravodlivos\u0165 a \u013eudsk\u00e9 pr\u00e1va s \u00falohou ka\u017edoro\u010dne pripravova\u0165 spolo\u010dn\u00fa spr\u00e1vu o poru\u0161ovan\u00ed \u013eudsk\u00fdch pr\u00e1v na Ruskom okupovan\u00fdch \u00fazemiach Ukrajiny, Gruz\u00ednska a Moldavska. Tak\u00e1to spr\u00e1va by sa mala v mene skupiny 4+3 predlo\u017ei\u0165 na inform\u00e1ciu v\u00fdborom Eur\u00f3pskeho parlamentu pre zahrani\u010dn\u00e9 veci a pre \u013eudsk\u00e9 pr\u00e1va a pr\u00edslu\u0161n\u00fdm in\u0161tit\u00faci\u00e1m OSN a OBSE. Optim\u00e1lnym rie\u0161en\u00edm by bolo politicky posilni\u0165 tak\u00e9to spr\u00e1vy prizvan\u00edm pr\u00edslu\u0161n\u00fdch parlamentn\u00fdch v\u00fdborov seversk\u00fdch kraj\u00edn a Rumunska, ako aj \u010ceskej republiky, ktor\u00e1 v roku 2014 za\u017eila ozbrojen\u00fd teror rusk\u00fdch \u0161peci\u00e1lnych slu\u017eieb na vlastnom \u00fazem\u00ed, \u010do malo za n\u00e1sledok smr\u0165 \u010desk\u00fdch ob\u010danov. Predsedn\u00edctvo \u010ceskej republiky v E\u00da v druhej polovici roka 2022 predur\u010duje t\u00fato krajinu na to, aby v tomto obdob\u00ed zohr\u00e1vala osobitn\u00fa \u00falohu.<\/p>\n\n\n\n<p>Zapoji\u0165 Ukrajinu do projektov infra\u0161trukt\u00fary v r\u00e1mci Trojmoria, kedyko\u013evek je to mo\u017en\u00e9. Iniciat\u00edva troch \u0161t\u00e1tov (IT) je projekt, ktor\u00e9ho cie\u013eom je premeni\u0165 jednotn\u00fd eur\u00f3psky trh, deklarovan\u00fd v Jednotnom eur\u00f3pskom akte a v strednej Eur\u00f3pe zatia\u013e pr\u00edtomn\u00fd najm\u00e4 z pr\u00e1vneho h\u013eadiska, na nie\u010do, \u010do existuje aj z h\u013eadiska infra\u0161trukt\u00fary. Tieto skuto\u010dnosti ur\u010duj\u00fa tempo a kvalitu hospod\u00e1rskeho rozvoja: v\u00fdmenu obchodu a slu\u017eieb v regi\u00f3ne, premenu na\u0161ich kraj\u00edn na trhy nielen pre ved\u00face ekonomiky E\u00da, ale aj pre seba navz\u00e1jom. Ukrajina by mala by\u0165 zahrnut\u00e1 do syst\u00e9mu infra\u0161trukt\u00farnych prepojen\u00ed vybudovan\u00fdch v Trojmest\u00ed napriek tomu, \u017ee k\u00fdm nie je \u010dlensk\u00fdm \u0161t\u00e1tom E\u00da, nebude sa m\u00f4c\u0165 form\u00e1lne sta\u0165 aj \u0161t\u00e1tom IT. D\u00f4le\u017eit\u00fd je v\u0161ak rozvoj infra\u0161trukt\u00farnych prepojen\u00ed, ktor\u00e9 za\u010dle\u0148uj\u00fa Ukrajinu do jednotn\u00e9ho eur\u00f3pskeho trhu (materi\u00e1lny efekt). -<\/p>\n\n\n\n<p>Povzbudi\u0165 na\u0161e vl\u00e1dy, aby identifikovali projekty, ktor\u00e9 by sa zaoberali konkr\u00e9tnymi oblas\u0165ami mo\u017en\u00e9ho preh\u013abenia spolupr\u00e1ce medzi E\u00da a Ukrajinou, ale ktor\u00e9 by nevyvolali odpor voli\u010dov v z\u00e1padoeur\u00f3pskych krajin\u00e1ch, ktor\u00ed sa zdr\u00e1haj\u00fa roz\u0161\u00edri\u0165 E\u00da. Dohoda o spolo\u010dnom leteckom priestore medzi E\u00da a Ukrajinou, podp\u00edsan\u00e1 12. okt\u00f3bra tohto roku, je pr\u00edkladom u\u017e realizovan\u00e9ho projektu. Pr\u00edkladom tak\u00e9hoto projektu, ktor\u00fd sa u\u017e realizuje, je dohoda o spolo\u010dnom leteckom priestore medzi E\u00da a Ukrajinou podp\u00edsan\u00e1 12. okt\u00f3bra tohto roku, a \u010fal\u0161\u00edm projektom by mohlo by\u0165 roz\u0161\u00edrenie telefonick\u00e9ho roamingu alebo bankov\u00fdch slu\u017eieb Ukrajiny na spolo\u010dn\u00fd priestor s E\u00da.<\/p>\n\n\n\n<p>In\u0161pirova\u0165 na\u0161e vl\u00e1dy, aby na f\u00f3re E\u00da prevzali iniciat\u00edvu na roz\u0161\u00edrenie mand\u00e1tu poradnej misie Eur\u00f3pskej \u00fanie na Ukrajine (EUAM) o prvky odbornej pr\u00edpravy a materi\u00e1lnej podpory (vybavenie a dod\u00e1vky) pre ukrajinsk\u00fa pol\u00edciu, pohrani\u010dn\u00fa str\u00e1\u017e a in\u00e9 ukrajinsk\u00e9 nevojensk\u00e9 uniformovan\u00e9 slu\u017eby pri plnen\u00ed \u00faloh, ako je ochrana hran\u00edc a mobiliz\u00e1cia. Tieto \u00falohy vykon\u00e1vaj\u00fa podobn\u00e9 slu\u017eby v na\u0161ich krajin\u00e1ch v situ\u00e1ci\u00e1ch vojensk\u00e9ho a\/alebo hybridn\u00e9ho ohrozenia n\u00e1rodnej bezpe\u010dnosti. Sk\u00fasenosti Po\u013eska, Litvy a Loty\u0161ska po\u010das s\u00fa\u010dasnej kr\u00edzy na hraniciach s Bieloruskom a pr\u00edkladn\u00fd est\u00f3nsky syst\u00e9m mobiliz\u00e1cie t\u00fdchto slu\u017eieb, ktor\u00fd je do ve\u013ekej miery vytvoren\u00fd pod\u013ea vzoru f\u00ednskeho syst\u00e9mu, n\u00e1s nab\u00e1daj\u00fa k tomu, aby sme t\u00fato iniciat\u00edvu vzniesli.<\/p>\n\n\n\n<p>Predstavil som v\u00e1m met\u00f3du mal\u00fdch krokov, ktor\u00e9 sa m\u00f4\u017eu sta\u0165 politikou stanovenia dosiahnute\u013en\u00fdch konkr\u00e9tnych cie\u013eov a praktick\u00fdch rie\u0161en\u00ed. \u00daspechy dosiahnut\u00e9 t\u00fdmto sp\u00f4sobom by sa mohli prezentova\u0165 ukrajinskej verejnosti, aby sa udr\u017eala jej v\u00f4\u013ea pokra\u010dova\u0165 v \u00fasil\u00ed o preh\u013abenie v\u00e4zieb s E\u00da a NATO a aby sme sa mohli te\u0161i\u0165 na zmenu hospod\u00e1rskej kl\u00edmy, ktor\u00e1 by otvorila cestu k pln\u00e9mu \u010dlenstvu Ukrajiny v oboch t\u00fdchto organiz\u00e1ci\u00e1ch.<\/p>\n\n\n\n<p>Plnopr\u00e1vne \u010dlenstvo v E\u00da a NATO je skuto\u010dne najsilnej\u0161\u00edm n\u00e1strojom na zabezpe\u010denie toho, aby Ukrajina a s \u0148ou aj na\u0161e krajiny dosiahli svoj hlavn\u00fd cie\u013e - bezpe\u010dnos\u0165 a prosperitu na\u0161ich kraj\u00edn a ob\u010danov v strednej Eur\u00f3pe.<\/p>\n\n\n\n<p>Foto: M. Olejnik<\/p>\n\n\n\n<figure class=\"wp-block-image size-large\"><a href=\"https:\/\/marekkuchcinski.pl\/wp-content\/uploads\/2021\/12\/t1-scaled.jpg\"><img decoding=\"async\" width=\"1024\" height=\"676\" src=\"https:\/\/marekkuchcinski.pl\/wp-content\/uploads\/2021\/12\/t1-1024x676.jpg\" alt=\"\" class=\"wp-image-23942\" srcset=\"https:\/\/marekkuchcinski.pl\/wp-content\/uploads\/2021\/12\/t1-1024x676.jpg 1024w, https:\/\/marekkuchcinski.pl\/wp-content\/uploads\/2021\/12\/t1-300x198.jpg 300w, https:\/\/marekkuchcinski.pl\/wp-content\/uploads\/2021\/12\/t1-768x507.jpg 768w, https:\/\/marekkuchcinski.pl\/wp-content\/uploads\/2021\/12\/t1-1536x1014.jpg 1536w, https:\/\/marekkuchcinski.pl\/wp-content\/uploads\/2021\/12\/t1-scaled.jpg 2048w, https:\/\/marekkuchcinski.pl\/wp-content\/uploads\/2021\/12\/t1-18x12.jpg 18w\" sizes=\"(max-width: 1024px) 100vw, 1024px\" \/><\/a><\/figure>\n\n\n\n<figure class=\"wp-block-image size-large\"><a href=\"https:\/\/marekkuchcinski.pl\/wp-content\/uploads\/2021\/12\/IMG_0659_edited-scaled.jpg\"><img decoding=\"async\" width=\"1024\" height=\"682\" src=\"https:\/\/marekkuchcinski.pl\/wp-content\/uploads\/2021\/12\/IMG_0659_edited-1024x682.jpg\" alt=\"\" class=\"wp-image-23963\" srcset=\"https:\/\/marekkuchcinski.pl\/wp-content\/uploads\/2021\/12\/IMG_0659_edited-1024x682.jpg 1024w, https:\/\/marekkuchcinski.pl\/wp-content\/uploads\/2021\/12\/IMG_0659_edited-300x200.jpg 300w, https:\/\/marekkuchcinski.pl\/wp-content\/uploads\/2021\/12\/IMG_0659_edited-768x512.jpg 768w, https:\/\/marekkuchcinski.pl\/wp-content\/uploads\/2021\/12\/IMG_0659_edited-1536x1023.jpg 1536w, https:\/\/marekkuchcinski.pl\/wp-content\/uploads\/2021\/12\/IMG_0659_edited-scaled.jpg 2048w, https:\/\/marekkuchcinski.pl\/wp-content\/uploads\/2021\/12\/IMG_0659_edited-18x12.jpg 18w\" sizes=\"(max-width: 1024px) 100vw, 1024px\" \/><\/a><\/figure>\n\n\n\n<figure class=\"wp-block-image size-large\"><a href=\"https:\/\/marekkuchcinski.pl\/wp-content\/uploads\/2021\/12\/IMG_0667_edited-scaled.jpg\"><img loading=\"lazy\" decoding=\"async\" width=\"1024\" height=\"683\" src=\"https:\/\/marekkuchcinski.pl\/wp-content\/uploads\/2021\/12\/IMG_0667_edited-1024x683.jpg\" alt=\"\" class=\"wp-image-23964\" srcset=\"https:\/\/marekkuchcinski.pl\/wp-content\/uploads\/2021\/12\/IMG_0667_edited-1024x683.jpg 1024w, https:\/\/marekkuchcinski.pl\/wp-content\/uploads\/2021\/12\/IMG_0667_edited-300x200.jpg 300w, https:\/\/marekkuchcinski.pl\/wp-content\/uploads\/2021\/12\/IMG_0667_edited-768x512.jpg 768w, https:\/\/marekkuchcinski.pl\/wp-content\/uploads\/2021\/12\/IMG_0667_edited-1536x1025.jpg 1536w, https:\/\/marekkuchcinski.pl\/wp-content\/uploads\/2021\/12\/IMG_0667_edited-scaled.jpg 2048w, https:\/\/marekkuchcinski.pl\/wp-content\/uploads\/2021\/12\/IMG_0667_edited-18x12.jpg 18w\" sizes=\"(max-width: 1024px) 100vw, 1024px\" \/><\/a><\/figure>\n\n\n\n<figure class=\"wp-block-image size-large\"><a href=\"https:\/\/marekkuchcinski.pl\/wp-content\/uploads\/2021\/12\/s8.jpg\"><img loading=\"lazy\" decoding=\"async\" width=\"1024\" height=\"615\" src=\"https:\/\/marekkuchcinski.pl\/wp-content\/uploads\/2021\/12\/s8-1024x615.jpg\" alt=\"\" class=\"wp-image-23943\" srcset=\"https:\/\/marekkuchcinski.pl\/wp-content\/uploads\/2021\/12\/s8-1024x615.jpg 1024w, https:\/\/marekkuchcinski.pl\/wp-content\/uploads\/2021\/12\/s8-300x180.jpg 300w, https:\/\/marekkuchcinski.pl\/wp-content\/uploads\/2021\/12\/s8-768x461.jpg 768w, https:\/\/marekkuchcinski.pl\/wp-content\/uploads\/2021\/12\/s8-1536x923.jpg 1536w, https:\/\/marekkuchcinski.pl\/wp-content\/uploads\/2021\/12\/s8-18x12.jpg 18w, https:\/\/marekkuchcinski.pl\/wp-content\/uploads\/2021\/12\/s8.jpg 1881w\" sizes=\"(max-width: 1024px) 100vw, 1024px\" \/><\/a><\/figure>\n\n\n\n<figure class=\"wp-block-image size-large\"><a href=\"https:\/\/marekkuchcinski.pl\/wp-content\/uploads\/2021\/12\/FB_IMG_1638827856253.jpg\"><img loading=\"lazy\" decoding=\"async\" width=\"1024\" height=\"683\" src=\"https:\/\/marekkuchcinski.pl\/wp-content\/uploads\/2021\/12\/FB_IMG_1638827856253-1024x683.jpg\" alt=\"\" class=\"wp-image-23966\" srcset=\"https:\/\/marekkuchcinski.pl\/wp-content\/uploads\/2021\/12\/FB_IMG_1638827856253-1024x683.jpg 1024w, https:\/\/marekkuchcinski.pl\/wp-content\/uploads\/2021\/12\/FB_IMG_1638827856253-300x200.jpg 300w, https:\/\/marekkuchcinski.pl\/wp-content\/uploads\/2021\/12\/FB_IMG_1638827856253-768x512.jpg 768w, https:\/\/marekkuchcinski.pl\/wp-content\/uploads\/2021\/12\/FB_IMG_1638827856253-18x12.jpg 18w, https:\/\/marekkuchcinski.pl\/wp-content\/uploads\/2021\/12\/FB_IMG_1638827856253.jpg 1440w\" sizes=\"(max-width: 1024px) 100vw, 1024px\" \/><\/a><\/figure>\n\n\n\n<figure class=\"wp-block-image size-large\"><a href=\"https:\/\/marekkuchcinski.pl\/wp-content\/uploads\/2021\/12\/s2-scaled.jpg\"><img loading=\"lazy\" decoding=\"async\" width=\"1024\" height=\"682\" src=\"https:\/\/marekkuchcinski.pl\/wp-content\/uploads\/2021\/12\/s2-1024x682.jpg\" alt=\"\" class=\"wp-image-23944\" srcset=\"https:\/\/marekkuchcinski.pl\/wp-content\/uploads\/2021\/12\/s2-1024x682.jpg 1024w, https:\/\/marekkuchcinski.pl\/wp-content\/uploads\/2021\/12\/s2-300x200.jpg 300w, https:\/\/marekkuchcinski.pl\/wp-content\/uploads\/2021\/12\/s2-768x512.jpg 768w, https:\/\/marekkuchcinski.pl\/wp-content\/uploads\/2021\/12\/s2-1536x1024.jpg 1536w, https:\/\/marekkuchcinski.pl\/wp-content\/uploads\/2021\/12\/s2-scaled.jpg 2048w, https:\/\/marekkuchcinski.pl\/wp-content\/uploads\/2021\/12\/s2-18x12.jpg 18w\" sizes=\"(max-width: 1024px) 100vw, 1024px\" \/><\/a><\/figure>\n\n\n\n<figure class=\"wp-block-image size-large\"><a href=\"https:\/\/marekkuchcinski.pl\/wp-content\/uploads\/2021\/12\/s4-scaled.jpg\"><img loading=\"lazy\" decoding=\"async\" width=\"1024\" height=\"623\" src=\"https:\/\/marekkuchcinski.pl\/wp-content\/uploads\/2021\/12\/s4-1024x623.jpg\" alt=\"\" class=\"wp-image-23945\" srcset=\"https:\/\/marekkuchcinski.pl\/wp-content\/uploads\/2021\/12\/s4-1024x623.jpg 1024w, https:\/\/marekkuchcinski.pl\/wp-content\/uploads\/2021\/12\/s4-300x182.jpg 300w, https:\/\/marekkuchcinski.pl\/wp-content\/uploads\/2021\/12\/s4-768x467.jpg 768w, https:\/\/marekkuchcinski.pl\/wp-content\/uploads\/2021\/12\/s4-1536x934.jpg 1536w, https:\/\/marekkuchcinski.pl\/wp-content\/uploads\/2021\/12\/s4-scaled.jpg 2048w, https:\/\/marekkuchcinski.pl\/wp-content\/uploads\/2021\/12\/s4-18x12.jpg 18w\" sizes=\"(max-width: 1024px) 100vw, 1024px\" \/><\/a><\/figure>\n\n\n\n<figure class=\"wp-block-image size-large\"><a href=\"https:\/\/marekkuchcinski.pl\/wp-content\/uploads\/2021\/12\/s7-scaled.jpg\"><img loading=\"lazy\" decoding=\"async\" width=\"1024\" height=\"659\" src=\"https:\/\/marekkuchcinski.pl\/wp-content\/uploads\/2021\/12\/s7-1024x659.jpg\" alt=\"\" class=\"wp-image-23946\" srcset=\"https:\/\/marekkuchcinski.pl\/wp-content\/uploads\/2021\/12\/s7-1024x659.jpg 1024w, https:\/\/marekkuchcinski.pl\/wp-content\/uploads\/2021\/12\/s7-300x193.jpg 300w, https:\/\/marekkuchcinski.pl\/wp-content\/uploads\/2021\/12\/s7-768x494.jpg 768w, https:\/\/marekkuchcinski.pl\/wp-content\/uploads\/2021\/12\/s7-1536x988.jpg 1536w, https:\/\/marekkuchcinski.pl\/wp-content\/uploads\/2021\/12\/s7-scaled.jpg 2048w, https:\/\/marekkuchcinski.pl\/wp-content\/uploads\/2021\/12\/s7-18x12.jpg 18w\" sizes=\"(max-width: 1024px) 100vw, 1024px\" \/><\/a><\/figure>\n\n\n\n<figure class=\"wp-block-image size-large\"><a href=\"https:\/\/marekkuchcinski.pl\/wp-content\/uploads\/2021\/12\/IMG_0818_edited-scaled.jpg\"><img loading=\"lazy\" decoding=\"async\" width=\"1024\" height=\"683\" src=\"https:\/\/marekkuchcinski.pl\/wp-content\/uploads\/2021\/12\/IMG_0818_edited-1024x683.jpg\" alt=\"\" class=\"wp-image-23953\" srcset=\"https:\/\/marekkuchcinski.pl\/wp-content\/uploads\/2021\/12\/IMG_0818_edited-1024x683.jpg 1024w, https:\/\/marekkuchcinski.pl\/wp-content\/uploads\/2021\/12\/IMG_0818_edited-300x200.jpg 300w, https:\/\/marekkuchcinski.pl\/wp-content\/uploads\/2021\/12\/IMG_0818_edited-768x513.jpg 768w, https:\/\/marekkuchcinski.pl\/wp-content\/uploads\/2021\/12\/IMG_0818_edited-1536x1025.jpg 1536w, https:\/\/marekkuchcinski.pl\/wp-content\/uploads\/2021\/12\/IMG_0818_edited-scaled.jpg 2048w, https:\/\/marekkuchcinski.pl\/wp-content\/uploads\/2021\/12\/IMG_0818_edited-18x12.jpg 18w\" sizes=\"(max-width: 1024px) 100vw, 1024px\" \/><\/a><\/figure>\n\n\n\n<figure class=\"wp-block-image size-large\"><a href=\"https:\/\/marekkuchcinski.pl\/wp-content\/uploads\/2021\/12\/ss2_edited-scaled.jpg\"><img loading=\"lazy\" decoding=\"async\" width=\"1024\" height=\"682\" src=\"https:\/\/marekkuchcinski.pl\/wp-content\/uploads\/2021\/12\/ss2_edited-1024x682.jpg\" alt=\"\" class=\"wp-image-23948\" srcset=\"https:\/\/marekkuchcinski.pl\/wp-content\/uploads\/2021\/12\/ss2_edited-1024x682.jpg 1024w, https:\/\/marekkuchcinski.pl\/wp-content\/uploads\/2021\/12\/ss2_edited-300x200.jpg 300w, https:\/\/marekkuchcinski.pl\/wp-content\/uploads\/2021\/12\/ss2_edited-768x511.jpg 768w, https:\/\/marekkuchcinski.pl\/wp-content\/uploads\/2021\/12\/ss2_edited-1536x1023.jpg 1536w, https:\/\/marekkuchcinski.pl\/wp-content\/uploads\/2021\/12\/ss2_edited-scaled.jpg 2048w, https:\/\/marekkuchcinski.pl\/wp-content\/uploads\/2021\/12\/ss2_edited-18x12.jpg 18w\" sizes=\"(max-width: 1024px) 100vw, 1024px\" \/><\/a><\/figure>\n\n\n\n<figure class=\"wp-block-image size-large\"><a href=\"https:\/\/marekkuchcinski.pl\/wp-content\/uploads\/2021\/12\/IMG_0863_edited-scaled.jpg\"><img loading=\"lazy\" decoding=\"async\" width=\"1024\" height=\"689\" src=\"https:\/\/marekkuchcinski.pl\/wp-content\/uploads\/2021\/12\/IMG_0863_edited-1024x689.jpg\" alt=\"\" class=\"wp-image-23949\" srcset=\"https:\/\/marekkuchcinski.pl\/wp-content\/uploads\/2021\/12\/IMG_0863_edited-1024x689.jpg 1024w, https:\/\/marekkuchcinski.pl\/wp-content\/uploads\/2021\/12\/IMG_0863_edited-300x202.jpg 300w, https:\/\/marekkuchcinski.pl\/wp-content\/uploads\/2021\/12\/IMG_0863_edited-768x517.jpg 768w, https:\/\/marekkuchcinski.pl\/wp-content\/uploads\/2021\/12\/IMG_0863_edited-1536x1033.jpg 1536w, https:\/\/marekkuchcinski.pl\/wp-content\/uploads\/2021\/12\/IMG_0863_edited-scaled.jpg 2048w, https:\/\/marekkuchcinski.pl\/wp-content\/uploads\/2021\/12\/IMG_0863_edited-18x12.jpg 18w\" sizes=\"(max-width: 1024px) 100vw, 1024px\" \/><\/a><\/figure>\n\n\n\n<figure class=\"wp-block-image size-large\"><a href=\"https:\/\/marekkuchcinski.pl\/wp-content\/uploads\/2021\/12\/ss6_edited-scaled.jpg\"><img loading=\"lazy\" decoding=\"async\" width=\"1024\" height=\"682\" src=\"https:\/\/marekkuchcinski.pl\/wp-content\/uploads\/2021\/12\/ss6_edited-1024x682.jpg\" alt=\"\" class=\"wp-image-23950\" srcset=\"https:\/\/marekkuchcinski.pl\/wp-content\/uploads\/2021\/12\/ss6_edited-1024x682.jpg 1024w, https:\/\/marekkuchcinski.pl\/wp-content\/uploads\/2021\/12\/ss6_edited-300x200.jpg 300w, https:\/\/marekkuchcinski.pl\/wp-content\/uploads\/2021\/12\/ss6_edited-768x512.jpg 768w, https:\/\/marekkuchcinski.pl\/wp-content\/uploads\/2021\/12\/ss6_edited-1536x1023.jpg 1536w, https:\/\/marekkuchcinski.pl\/wp-content\/uploads\/2021\/12\/ss6_edited-scaled.jpg 2048w, https:\/\/marekkuchcinski.pl\/wp-content\/uploads\/2021\/12\/ss6_edited-18x12.jpg 18w\" sizes=\"(max-width: 1024px) 100vw, 1024px\" \/><\/a><\/figure>\n\n\n\n<figure class=\"wp-block-image size-large\"><a href=\"https:\/\/marekkuchcinski.pl\/wp-content\/uploads\/2021\/12\/ss13_edited-scaled.jpg\"><img loading=\"lazy\" decoding=\"async\" width=\"1024\" height=\"682\" src=\"https:\/\/marekkuchcinski.pl\/wp-content\/uploads\/2021\/12\/ss13_edited-1024x682.jpg\" alt=\"\" class=\"wp-image-23960\" srcset=\"https:\/\/marekkuchcinski.pl\/wp-content\/uploads\/2021\/12\/ss13_edited-1024x682.jpg 1024w, https:\/\/marekkuchcinski.pl\/wp-content\/uploads\/2021\/12\/ss13_edited-300x200.jpg 300w, https:\/\/marekkuchcinski.pl\/wp-content\/uploads\/2021\/12\/ss13_edited-768x511.jpg 768w, https:\/\/marekkuchcinski.pl\/wp-content\/uploads\/2021\/12\/ss13_edited-1536x1023.jpg 1536w, https:\/\/marekkuchcinski.pl\/wp-content\/uploads\/2021\/12\/ss13_edited-scaled.jpg 2048w, https:\/\/marekkuchcinski.pl\/wp-content\/uploads\/2021\/12\/ss13_edited-18x12.jpg 18w\" sizes=\"(max-width: 1024px) 100vw, 1024px\" \/><\/a><\/figure>\n\n\n\n<figure class=\"wp-block-image size-large\"><a href=\"https:\/\/marekkuchcinski.pl\/wp-content\/uploads\/2021\/12\/ss7_edited-scaled.jpg\"><img loading=\"lazy\" decoding=\"async\" width=\"1024\" height=\"683\" src=\"https:\/\/marekkuchcinski.pl\/wp-content\/uploads\/2021\/12\/ss7_edited-1024x683.jpg\" alt=\"\" class=\"wp-image-23951\" srcset=\"https:\/\/marekkuchcinski.pl\/wp-content\/uploads\/2021\/12\/ss7_edited-1024x683.jpg 1024w, https:\/\/marekkuchcinski.pl\/wp-content\/uploads\/2021\/12\/ss7_edited-300x200.jpg 300w, https:\/\/marekkuchcinski.pl\/wp-content\/uploads\/2021\/12\/ss7_edited-768x512.jpg 768w, https:\/\/marekkuchcinski.pl\/wp-content\/uploads\/2021\/12\/ss7_edited-1536x1025.jpg 1536w, https:\/\/marekkuchcinski.pl\/wp-content\/uploads\/2021\/12\/ss7_edited-scaled.jpg 2048w, https:\/\/marekkuchcinski.pl\/wp-content\/uploads\/2021\/12\/ss7_edited-18x12.jpg 18w\" sizes=\"(max-width: 1024px) 100vw, 1024px\" \/><\/a><\/figure>\n\n\n\n<figure class=\"wp-block-image size-large\"><a href=\"https:\/\/marekkuchcinski.pl\/wp-content\/uploads\/2021\/12\/DSCF0026_edited-scaled.jpg\"><img loading=\"lazy\" decoding=\"async\" width=\"1024\" height=\"678\" src=\"https:\/\/marekkuchcinski.pl\/wp-content\/uploads\/2021\/12\/DSCF0026_edited-1024x678.jpg\" alt=\"\" class=\"wp-image-23956\" srcset=\"https:\/\/marekkuchcinski.pl\/wp-content\/uploads\/2021\/12\/DSCF0026_edited-1024x678.jpg 1024w, https:\/\/marekkuchcinski.pl\/wp-content\/uploads\/2021\/12\/DSCF0026_edited-300x199.jpg 300w, https:\/\/marekkuchcinski.pl\/wp-content\/uploads\/2021\/12\/DSCF0026_edited-768x508.jpg 768w, https:\/\/marekkuchcinski.pl\/wp-content\/uploads\/2021\/12\/DSCF0026_edited-1536x1017.jpg 1536w, https:\/\/marekkuchcinski.pl\/wp-content\/uploads\/2021\/12\/DSCF0026_edited-scaled.jpg 2048w, https:\/\/marekkuchcinski.pl\/wp-content\/uploads\/2021\/12\/DSCF0026_edited-18x12.jpg 18w\" sizes=\"(max-width: 1024px) 100vw, 1024px\" \/><\/a><\/figure>\n\n\n\n<figure class=\"wp-block-image size-large\"><a href=\"https:\/\/marekkuchcinski.pl\/wp-content\/uploads\/2021\/12\/PSX_20211206_231314.jpg\"><img loading=\"lazy\" decoding=\"async\" width=\"1024\" height=\"644\" src=\"https:\/\/marekkuchcinski.pl\/wp-content\/uploads\/2021\/12\/PSX_20211206_231314-1024x644.jpg\" alt=\"\" class=\"wp-image-23968\" srcset=\"https:\/\/marekkuchcinski.pl\/wp-content\/uploads\/2021\/12\/PSX_20211206_231314-1024x644.jpg 1024w, https:\/\/marekkuchcinski.pl\/wp-content\/uploads\/2021\/12\/PSX_20211206_231314-300x189.jpg 300w, https:\/\/marekkuchcinski.pl\/wp-content\/uploads\/2021\/12\/PSX_20211206_231314-768x483.jpg 768w, https:\/\/marekkuchcinski.pl\/wp-content\/uploads\/2021\/12\/PSX_20211206_231314-1536x966.jpg 1536w, https:\/\/marekkuchcinski.pl\/wp-content\/uploads\/2021\/12\/PSX_20211206_231314-18x12.jpg 18w, https:\/\/marekkuchcinski.pl\/wp-content\/uploads\/2021\/12\/PSX_20211206_231314.jpg 1936w\" sizes=\"(max-width: 1024px) 100vw, 1024px\" \/><\/a><\/figure>","protected":false},"excerpt":{"rendered":"<p>Marek Kuchci\u0144ski sa z\u00fa\u010dastnil na 11. zasadnut\u00ed Parlamentn\u00e9ho zhroma\u017edenia Po\u013eska, Litvy a Ukrajiny. Predsedn\u00edctvo zhroma\u017edenia zasadalo v nede\u013eu a plen\u00e1rne zasadnutia sa konali v pondelok. Po\u013esk\u00fa deleg\u00e1ciu vedie predseda Sen\u00e1tu Tomasz Grodzki, podpredsedom je b\u00fdval\u00fd predseda Sejmu a s\u00fa\u010dasn\u00fd \u0161\u00e9f V\u00fdboru pre zahrani\u010dn\u00e9 veci (FAC) Marek Kuchcinski. V r\u00e1mci zhroma\u017edenia sa ved\u00faci Komisie stretol s [...]<\/p>","protected":false},"author":21,"featured_media":23940,"comment_status":"open","ping_status":"open","sticky":false,"template":"","format":"standard","meta":{"ngg_post_thumbnail":0,"footnotes":""},"categories":[50,3],"tags":[],"class_list":["post-23938","post","type-post","status-publish","format-standard","has-post-thumbnail","hentry","category-wspolpraca-miedzynarodowa","category-wydarzenia"],"yoast_head":"<!-- This site is optimized with the Yoast SEO plugin v24.7 - https:\/\/yoast.com\/wordpress\/plugins\/seo\/ -->\n<title>XI Sesja Zgromadzenia Parlamentarnego Polski, Litwy i Ukrainy \u2013 zjednoczeni dla bezpiecze\u0144stwa &#8211; Marek Kuchci\u0144ski<\/title>\n<meta name=\"robots\" content=\"index, follow, max-snippet:-1, max-image-preview:large, max-video-preview:-1\" \/>\n<link rel=\"canonical\" href=\"https:\/\/marekkuchcinski.pl\/sk\/wydarzenia\/xi-sesja-zgromadzenia-parlamentarnego-polski-litwy-i-ukrainy-zjednoczeni-dla-bezpieczenstwa\/\" \/>\n<meta property=\"og:locale\" content=\"sk_SK\" \/>\n<meta property=\"og:type\" content=\"article\" \/>\n<meta property=\"og:title\" content=\"XI Sesja Zgromadzenia Parlamentarnego Polski, Litwy i Ukrainy \u2013 zjednoczeni dla bezpiecze\u0144stwa &#8211; Marek Kuchci\u0144ski\" \/>\n<meta property=\"og:description\" content=\"Marek Kuchci\u0144ski wzi\u0105\u0142 udzia\u0142 w XI Sesji Zgromadzenia Parlamentarnego Polski, Litwy i Ukrainy. W niedziel\u0119 spotka\u0142o si\u0119 prezydium Zgromadzenia, w poniedzia\u0142ek odbywa\u0142y si\u0119 obrady plenarne. Polskiej delegacji przewodniczy marsza\u0142ek Senatu Tomasz Grodzki, funkcj\u0119 wiceprzewodnicz\u0105cego pe\u0142ni b. marsza\u0142ek Sejmu i obecny szef Komisji Spraw Zagranicznych (SZA) Marek Kuchci\u0144ski. W ramach Zgromadzenia szef Komisji spotka\u0142 si\u0119 ze [&hellip;]\" \/>\n<meta property=\"og:url\" content=\"https:\/\/marekkuchcinski.pl\/sk\/wydarzenia\/xi-sesja-zgromadzenia-parlamentarnego-polski-litwy-i-ukrainy-zjednoczeni-dla-bezpieczenstwa\/\" \/>\n<meta property=\"og:site_name\" content=\"Marek Kuchci\u0144ski\" \/>\n<meta property=\"article:published_time\" content=\"2021-12-06T21:17:57+00:00\" \/>\n<meta property=\"article:modified_time\" content=\"2021-12-06T22:14:37+00:00\" \/>\n<meta property=\"og:image\" content=\"https:\/\/marekkuchcinski.pl\/wp-content\/uploads\/2021\/12\/IMG_0795_edited-scaled.jpg\" \/>\n\t<meta property=\"og:image:width\" content=\"2048\" \/>\n\t<meta property=\"og:image:height\" content=\"1323\" \/>\n\t<meta property=\"og:image:type\" content=\"image\/jpeg\" \/>\n<meta name=\"author\" content=\"Marta Olejnik\" \/>\n<meta name=\"twitter:card\" content=\"summary_large_image\" \/>\n<meta name=\"twitter:label1\" content=\"Autor\" \/>\n\t<meta name=\"twitter:data1\" content=\"Marta Olejnik\" \/>\n\t<meta name=\"twitter:label2\" content=\"Predpokladan\u00fd \u010das \u010d\u00edtania\" \/>\n\t<meta name=\"twitter:data2\" content=\"8 min\u00fat\" \/>\n<script type=\"application\/ld+json\" class=\"yoast-schema-graph\">{\"@context\":\"https:\/\/schema.org\",\"@graph\":[{\"@type\":\"Article\",\"@id\":\"https:\/\/marekkuchcinski.pl\/en\/wydarzenia\/xi-sesja-zgromadzenia-parlamentarnego-polski-litwy-i-ukrainy-zjednoczeni-dla-bezpieczenstwa\/#article\",\"isPartOf\":{\"@id\":\"https:\/\/marekkuchcinski.pl\/en\/wydarzenia\/xi-sesja-zgromadzenia-parlamentarnego-polski-litwy-i-ukrainy-zjednoczeni-dla-bezpieczenstwa\/\"},\"author\":{\"name\":\"Marta Olejnik\",\"@id\":\"https:\/\/marekkuchcinski.pl\/#\/schema\/person\/51d5d4ee3b5317b8e4dd2b48af359229\"},\"headline\":\"XI Sesja Zgromadzenia Parlamentarnego Polski, Litwy i Ukrainy \u2013 zjednoczeni dla bezpiecze\u0144stwa\",\"datePublished\":\"2021-12-06T21:17:57+00:00\",\"dateModified\":\"2021-12-06T22:14:37+00:00\",\"mainEntityOfPage\":{\"@id\":\"https:\/\/marekkuchcinski.pl\/en\/wydarzenia\/xi-sesja-zgromadzenia-parlamentarnego-polski-litwy-i-ukrainy-zjednoczeni-dla-bezpieczenstwa\/\"},\"wordCount\":1331,\"commentCount\":0,\"publisher\":{\"@id\":\"https:\/\/marekkuchcinski.pl\/#organization\"},\"image\":{\"@id\":\"https:\/\/marekkuchcinski.pl\/en\/wydarzenia\/xi-sesja-zgromadzenia-parlamentarnego-polski-litwy-i-ukrainy-zjednoczeni-dla-bezpieczenstwa\/#primaryimage\"},\"thumbnailUrl\":\"https:\/\/marekkuchcinski.pl\/wp-content\/uploads\/2021\/12\/IMG_0795_edited-scaled.jpg\",\"articleSection\":[\"Wsp\u00f3\u0142praca mi\u0119dzynarodowa\",\"Wydarzenia\"],\"inLanguage\":\"sk-SK\",\"potentialAction\":[{\"@type\":\"CommentAction\",\"name\":\"Comment\",\"target\":[\"https:\/\/marekkuchcinski.pl\/en\/wydarzenia\/xi-sesja-zgromadzenia-parlamentarnego-polski-litwy-i-ukrainy-zjednoczeni-dla-bezpieczenstwa\/#respond\"]}]},{\"@type\":\"WebPage\",\"@id\":\"https:\/\/marekkuchcinski.pl\/en\/wydarzenia\/xi-sesja-zgromadzenia-parlamentarnego-polski-litwy-i-ukrainy-zjednoczeni-dla-bezpieczenstwa\/\",\"url\":\"https:\/\/marekkuchcinski.pl\/en\/wydarzenia\/xi-sesja-zgromadzenia-parlamentarnego-polski-litwy-i-ukrainy-zjednoczeni-dla-bezpieczenstwa\/\",\"name\":\"XI Sesja Zgromadzenia Parlamentarnego Polski, Litwy i Ukrainy \u2013 zjednoczeni dla bezpiecze\u0144stwa &#8211; Marek Kuchci\u0144ski\",\"isPartOf\":{\"@id\":\"https:\/\/marekkuchcinski.pl\/#website\"},\"primaryImageOfPage\":{\"@id\":\"https:\/\/marekkuchcinski.pl\/en\/wydarzenia\/xi-sesja-zgromadzenia-parlamentarnego-polski-litwy-i-ukrainy-zjednoczeni-dla-bezpieczenstwa\/#primaryimage\"},\"image\":{\"@id\":\"https:\/\/marekkuchcinski.pl\/en\/wydarzenia\/xi-sesja-zgromadzenia-parlamentarnego-polski-litwy-i-ukrainy-zjednoczeni-dla-bezpieczenstwa\/#primaryimage\"},\"thumbnailUrl\":\"https:\/\/marekkuchcinski.pl\/wp-content\/uploads\/2021\/12\/IMG_0795_edited-scaled.jpg\",\"datePublished\":\"2021-12-06T21:17:57+00:00\",\"dateModified\":\"2021-12-06T22:14:37+00:00\",\"breadcrumb\":{\"@id\":\"https:\/\/marekkuchcinski.pl\/en\/wydarzenia\/xi-sesja-zgromadzenia-parlamentarnego-polski-litwy-i-ukrainy-zjednoczeni-dla-bezpieczenstwa\/#breadcrumb\"},\"inLanguage\":\"sk-SK\",\"potentialAction\":[{\"@type\":\"ReadAction\",\"target\":[\"https:\/\/marekkuchcinski.pl\/en\/wydarzenia\/xi-sesja-zgromadzenia-parlamentarnego-polski-litwy-i-ukrainy-zjednoczeni-dla-bezpieczenstwa\/\"]}]},{\"@type\":\"ImageObject\",\"inLanguage\":\"sk-SK\",\"@id\":\"https:\/\/marekkuchcinski.pl\/en\/wydarzenia\/xi-sesja-zgromadzenia-parlamentarnego-polski-litwy-i-ukrainy-zjednoczeni-dla-bezpieczenstwa\/#primaryimage\",\"url\":\"https:\/\/marekkuchcinski.pl\/wp-content\/uploads\/2021\/12\/IMG_0795_edited-scaled.jpg\",\"contentUrl\":\"https:\/\/marekkuchcinski.pl\/wp-content\/uploads\/2021\/12\/IMG_0795_edited-scaled.jpg\",\"width\":2048,\"height\":1323},{\"@type\":\"BreadcrumbList\",\"@id\":\"https:\/\/marekkuchcinski.pl\/en\/wydarzenia\/xi-sesja-zgromadzenia-parlamentarnego-polski-litwy-i-ukrainy-zjednoczeni-dla-bezpieczenstwa\/#breadcrumb\",\"itemListElement\":[{\"@type\":\"ListItem\",\"position\":1,\"name\":\"Strona g\u0142\u00f3wna\",\"item\":\"https:\/\/marekkuchcinski.pl\/\"},{\"@type\":\"ListItem\",\"position\":2,\"name\":\"XI Sesja Zgromadzenia Parlamentarnego Polski, Litwy i Ukrainy \u2013 zjednoczeni dla bezpiecze\u0144stwa\"}]},{\"@type\":\"WebSite\",\"@id\":\"https:\/\/marekkuchcinski.pl\/#website\",\"url\":\"https:\/\/marekkuchcinski.pl\/\",\"name\":\"Marek Kuchci\u0144ski\",\"description\":\"Pose\u0142 na sejm RP &ndash; okr\u0119g nr 22\",\"publisher\":{\"@id\":\"https:\/\/marekkuchcinski.pl\/#organization\"},\"potentialAction\":[{\"@type\":\"SearchAction\",\"target\":{\"@type\":\"EntryPoint\",\"urlTemplate\":\"https:\/\/marekkuchcinski.pl\/?s={search_term_string}\"},\"query-input\":{\"@type\":\"PropertyValueSpecification\",\"valueRequired\":true,\"valueName\":\"search_term_string\"}}],\"inLanguage\":\"sk-SK\"},{\"@type\":\"Organization\",\"@id\":\"https:\/\/marekkuchcinski.pl\/#organization\",\"name\":\"Marek Kuchci\u0144ski\",\"url\":\"https:\/\/marekkuchcinski.pl\/\",\"logo\":{\"@type\":\"ImageObject\",\"inLanguage\":\"sk-SK\",\"@id\":\"https:\/\/marekkuchcinski.pl\/#\/schema\/logo\/image\/\",\"url\":\"https:\/\/marekkuchcinski.pl\/wp-content\/uploads\/2022\/09\/Marek.jpg\",\"contentUrl\":\"https:\/\/marekkuchcinski.pl\/wp-content\/uploads\/2022\/09\/Marek.jpg\",\"width\":1600,\"height\":971,\"caption\":\"Marek Kuchci\u0144ski\"},\"image\":{\"@id\":\"https:\/\/marekkuchcinski.pl\/#\/schema\/logo\/image\/\"}},{\"@type\":\"Person\",\"@id\":\"https:\/\/marekkuchcinski.pl\/#\/schema\/person\/51d5d4ee3b5317b8e4dd2b48af359229\",\"name\":\"Marta Olejnik\",\"image\":{\"@type\":\"ImageObject\",\"inLanguage\":\"sk-SK\",\"@id\":\"https:\/\/marekkuchcinski.pl\/#\/schema\/person\/image\/\",\"url\":\"https:\/\/secure.gravatar.com\/avatar\/e39914b2aa6a48959e24d475b5dc9793?s=96&d=mm&r=g\",\"contentUrl\":\"https:\/\/secure.gravatar.com\/avatar\/e39914b2aa6a48959e24d475b5dc9793?s=96&d=mm&r=g\",\"caption\":\"Marta Olejnik\"},\"url\":\"https:\/\/marekkuchcinski.pl\/sk\/author\/marta\/\"}]}<\/script>\n<!-- \/ Yoast SEO plugin. -->","yoast_head_json":{"title":"XI Sesja Zgromadzenia Parlamentarnego Polski, Litwy i Ukrainy \u2013 zjednoczeni dla bezpiecze\u0144stwa &#8211; Marek Kuchci\u0144ski","robots":{"index":"index","follow":"follow","max-snippet":"max-snippet:-1","max-image-preview":"max-image-preview:large","max-video-preview":"max-video-preview:-1"},"canonical":"https:\/\/marekkuchcinski.pl\/sk\/wydarzenia\/xi-sesja-zgromadzenia-parlamentarnego-polski-litwy-i-ukrainy-zjednoczeni-dla-bezpieczenstwa\/","og_locale":"sk_SK","og_type":"article","og_title":"XI Sesja Zgromadzenia Parlamentarnego Polski, Litwy i Ukrainy \u2013 zjednoczeni dla bezpiecze\u0144stwa &#8211; Marek Kuchci\u0144ski","og_description":"Marek Kuchci\u0144ski wzi\u0105\u0142 udzia\u0142 w XI Sesji Zgromadzenia Parlamentarnego Polski, Litwy i Ukrainy. W niedziel\u0119 spotka\u0142o si\u0119 prezydium Zgromadzenia, w poniedzia\u0142ek odbywa\u0142y si\u0119 obrady plenarne. Polskiej delegacji przewodniczy marsza\u0142ek Senatu Tomasz Grodzki, funkcj\u0119 wiceprzewodnicz\u0105cego pe\u0142ni b. marsza\u0142ek Sejmu i obecny szef Komisji Spraw Zagranicznych (SZA) Marek Kuchci\u0144ski. W ramach Zgromadzenia szef Komisji spotka\u0142 si\u0119 ze [&hellip;]","og_url":"https:\/\/marekkuchcinski.pl\/sk\/wydarzenia\/xi-sesja-zgromadzenia-parlamentarnego-polski-litwy-i-ukrainy-zjednoczeni-dla-bezpieczenstwa\/","og_site_name":"Marek Kuchci\u0144ski","article_published_time":"2021-12-06T21:17:57+00:00","article_modified_time":"2021-12-06T22:14:37+00:00","og_image":[{"width":2048,"height":1323,"url":"https:\/\/marekkuchcinski.pl\/wp-content\/uploads\/2021\/12\/IMG_0795_edited-scaled.jpg","type":"image\/jpeg"}],"author":"Marta Olejnik","twitter_card":"summary_large_image","twitter_misc":{"Autor":"Marta Olejnik","Predpokladan\u00fd \u010das \u010d\u00edtania":"8 min\u00fat"},"schema":{"@context":"https:\/\/schema.org","@graph":[{"@type":"Article","@id":"https:\/\/marekkuchcinski.pl\/en\/wydarzenia\/xi-sesja-zgromadzenia-parlamentarnego-polski-litwy-i-ukrainy-zjednoczeni-dla-bezpieczenstwa\/#article","isPartOf":{"@id":"https:\/\/marekkuchcinski.pl\/en\/wydarzenia\/xi-sesja-zgromadzenia-parlamentarnego-polski-litwy-i-ukrainy-zjednoczeni-dla-bezpieczenstwa\/"},"author":{"name":"Marta Olejnik","@id":"https:\/\/marekkuchcinski.pl\/#\/schema\/person\/51d5d4ee3b5317b8e4dd2b48af359229"},"headline":"XI Sesja Zgromadzenia Parlamentarnego Polski, Litwy i Ukrainy \u2013 zjednoczeni dla bezpiecze\u0144stwa","datePublished":"2021-12-06T21:17:57+00:00","dateModified":"2021-12-06T22:14:37+00:00","mainEntityOfPage":{"@id":"https:\/\/marekkuchcinski.pl\/en\/wydarzenia\/xi-sesja-zgromadzenia-parlamentarnego-polski-litwy-i-ukrainy-zjednoczeni-dla-bezpieczenstwa\/"},"wordCount":1331,"commentCount":0,"publisher":{"@id":"https:\/\/marekkuchcinski.pl\/#organization"},"image":{"@id":"https:\/\/marekkuchcinski.pl\/en\/wydarzenia\/xi-sesja-zgromadzenia-parlamentarnego-polski-litwy-i-ukrainy-zjednoczeni-dla-bezpieczenstwa\/#primaryimage"},"thumbnailUrl":"https:\/\/marekkuchcinski.pl\/wp-content\/uploads\/2021\/12\/IMG_0795_edited-scaled.jpg","articleSection":["Wsp\u00f3\u0142praca mi\u0119dzynarodowa","Wydarzenia"],"inLanguage":"sk-SK","potentialAction":[{"@type":"CommentAction","name":"Comment","target":["https:\/\/marekkuchcinski.pl\/en\/wydarzenia\/xi-sesja-zgromadzenia-parlamentarnego-polski-litwy-i-ukrainy-zjednoczeni-dla-bezpieczenstwa\/#respond"]}]},{"@type":"WebPage","@id":"https:\/\/marekkuchcinski.pl\/en\/wydarzenia\/xi-sesja-zgromadzenia-parlamentarnego-polski-litwy-i-ukrainy-zjednoczeni-dla-bezpieczenstwa\/","url":"https:\/\/marekkuchcinski.pl\/en\/wydarzenia\/xi-sesja-zgromadzenia-parlamentarnego-polski-litwy-i-ukrainy-zjednoczeni-dla-bezpieczenstwa\/","name":"XI Sesja Zgromadzenia Parlamentarnego Polski, Litwy i Ukrainy \u2013 zjednoczeni dla bezpiecze\u0144stwa &#8211; Marek Kuchci\u0144ski","isPartOf":{"@id":"https:\/\/marekkuchcinski.pl\/#website"},"primaryImageOfPage":{"@id":"https:\/\/marekkuchcinski.pl\/en\/wydarzenia\/xi-sesja-zgromadzenia-parlamentarnego-polski-litwy-i-ukrainy-zjednoczeni-dla-bezpieczenstwa\/#primaryimage"},"image":{"@id":"https:\/\/marekkuchcinski.pl\/en\/wydarzenia\/xi-sesja-zgromadzenia-parlamentarnego-polski-litwy-i-ukrainy-zjednoczeni-dla-bezpieczenstwa\/#primaryimage"},"thumbnailUrl":"https:\/\/marekkuchcinski.pl\/wp-content\/uploads\/2021\/12\/IMG_0795_edited-scaled.jpg","datePublished":"2021-12-06T21:17:57+00:00","dateModified":"2021-12-06T22:14:37+00:00","breadcrumb":{"@id":"https:\/\/marekkuchcinski.pl\/en\/wydarzenia\/xi-sesja-zgromadzenia-parlamentarnego-polski-litwy-i-ukrainy-zjednoczeni-dla-bezpieczenstwa\/#breadcrumb"},"inLanguage":"sk-SK","potentialAction":[{"@type":"ReadAction","target":["https:\/\/marekkuchcinski.pl\/en\/wydarzenia\/xi-sesja-zgromadzenia-parlamentarnego-polski-litwy-i-ukrainy-zjednoczeni-dla-bezpieczenstwa\/"]}]},{"@type":"ImageObject","inLanguage":"sk-SK","@id":"https:\/\/marekkuchcinski.pl\/en\/wydarzenia\/xi-sesja-zgromadzenia-parlamentarnego-polski-litwy-i-ukrainy-zjednoczeni-dla-bezpieczenstwa\/#primaryimage","url":"https:\/\/marekkuchcinski.pl\/wp-content\/uploads\/2021\/12\/IMG_0795_edited-scaled.jpg","contentUrl":"https:\/\/marekkuchcinski.pl\/wp-content\/uploads\/2021\/12\/IMG_0795_edited-scaled.jpg","width":2048,"height":1323},{"@type":"BreadcrumbList","@id":"https:\/\/marekkuchcinski.pl\/en\/wydarzenia\/xi-sesja-zgromadzenia-parlamentarnego-polski-litwy-i-ukrainy-zjednoczeni-dla-bezpieczenstwa\/#breadcrumb","itemListElement":[{"@type":"ListItem","position":1,"name":"Strona g\u0142\u00f3wna","item":"https:\/\/marekkuchcinski.pl\/"},{"@type":"ListItem","position":2,"name":"XI Sesja Zgromadzenia Parlamentarnego Polski, Litwy i Ukrainy \u2013 zjednoczeni dla bezpiecze\u0144stwa"}]},{"@type":"WebSite","@id":"https:\/\/marekkuchcinski.pl\/#website","url":"https:\/\/marekkuchcinski.pl\/","name":"Marek Kuchci\u0144ski","description":"Pose\u0142 na sejm RP &ndash; okr\u0119g nr 22","publisher":{"@id":"https:\/\/marekkuchcinski.pl\/#organization"},"potentialAction":[{"@type":"SearchAction","target":{"@type":"EntryPoint","urlTemplate":"https:\/\/marekkuchcinski.pl\/?s={search_term_string}"},"query-input":{"@type":"PropertyValueSpecification","valueRequired":true,"valueName":"search_term_string"}}],"inLanguage":"sk-SK"},{"@type":"Organization","@id":"https:\/\/marekkuchcinski.pl\/#organization","name":"Marek Kuchci\u0144ski","url":"https:\/\/marekkuchcinski.pl\/","logo":{"@type":"ImageObject","inLanguage":"sk-SK","@id":"https:\/\/marekkuchcinski.pl\/#\/schema\/logo\/image\/","url":"https:\/\/marekkuchcinski.pl\/wp-content\/uploads\/2022\/09\/Marek.jpg","contentUrl":"https:\/\/marekkuchcinski.pl\/wp-content\/uploads\/2022\/09\/Marek.jpg","width":1600,"height":971,"caption":"Marek Kuchci\u0144ski"},"image":{"@id":"https:\/\/marekkuchcinski.pl\/#\/schema\/logo\/image\/"}},{"@type":"Person","@id":"https:\/\/marekkuchcinski.pl\/#\/schema\/person\/51d5d4ee3b5317b8e4dd2b48af359229","name":"Marta Olejnik","image":{"@type":"ImageObject","inLanguage":"sk-SK","@id":"https:\/\/marekkuchcinski.pl\/#\/schema\/person\/image\/","url":"https:\/\/secure.gravatar.com\/avatar\/e39914b2aa6a48959e24d475b5dc9793?s=96&d=mm&r=g","contentUrl":"https:\/\/secure.gravatar.com\/avatar\/e39914b2aa6a48959e24d475b5dc9793?s=96&d=mm&r=g","caption":"Marta Olejnik"},"url":"https:\/\/marekkuchcinski.pl\/sk\/author\/marta\/"}]}},"_links":{"self":[{"href":"https:\/\/marekkuchcinski.pl\/sk\/wp-json\/wp\/v2\/posts\/23938","targetHints":{"allow":["GET"]}}],"collection":[{"href":"https:\/\/marekkuchcinski.pl\/sk\/wp-json\/wp\/v2\/posts"}],"about":[{"href":"https:\/\/marekkuchcinski.pl\/sk\/wp-json\/wp\/v2\/types\/post"}],"author":[{"embeddable":true,"href":"https:\/\/marekkuchcinski.pl\/sk\/wp-json\/wp\/v2\/users\/21"}],"replies":[{"embeddable":true,"href":"https:\/\/marekkuchcinski.pl\/sk\/wp-json\/wp\/v2\/comments?post=23938"}],"version-history":[{"count":9,"href":"https:\/\/marekkuchcinski.pl\/sk\/wp-json\/wp\/v2\/posts\/23938\/revisions"}],"predecessor-version":[{"id":23969,"href":"https:\/\/marekkuchcinski.pl\/sk\/wp-json\/wp\/v2\/posts\/23938\/revisions\/23969"}],"wp:featuredmedia":[{"embeddable":true,"href":"https:\/\/marekkuchcinski.pl\/sk\/wp-json\/wp\/v2\/media\/23940"}],"wp:attachment":[{"href":"https:\/\/marekkuchcinski.pl\/sk\/wp-json\/wp\/v2\/media?parent=23938"}],"wp:term":[{"taxonomy":"category","embeddable":true,"href":"https:\/\/marekkuchcinski.pl\/sk\/wp-json\/wp\/v2\/categories?post=23938"},{"taxonomy":"post_tag","embeddable":true,"href":"https:\/\/marekkuchcinski.pl\/sk\/wp-json\/wp\/v2\/tags?post=23938"}],"curies":[{"name":"wp","href":"https:\/\/api.w.org\/{rel}","templated":true}]}}