{"id":23757,"date":"2021-11-10T16:29:43","date_gmt":"2021-11-10T15:29:43","guid":{"rendered":"https:\/\/marekkuchcinski.pl\/?p=23757"},"modified":"2021-11-11T12:22:33","modified_gmt":"2021-11-11T11:22:33","slug":"uroczysta-zbiorka-z-okazji-promocji-oficerskiej-funkcjonariuszy-strazy-marszalkowskiej","status":"publish","type":"post","link":"https:\/\/marekkuchcinski.pl\/sk\/wydarzenia\/uroczysta-zbiorka-z-okazji-promocji-oficerskiej-funkcjonariuszy-strazy-marszalkowskiej\/","title":{"rendered":"Sl\u00e1vnostn\u00e9 zhroma\u017edenie pri pr\u00edle\u017eitosti pov\u00fd\u0161enia d\u00f4stojn\u00edkov Mar\u0161alskej gardy"},"content":{"rendered":"<p>V stredu (10.11.2021) sa v St\u013apovej sieni konalo sl\u00e1vnostn\u00e9 zhroma\u017edenie pri pr\u00edle\u017eitosti pov\u00fd\u0161enia d\u00f4stojn\u00edkov Mar\u0161alskej gardy. Po\u010das cerem\u00f3nie predseda Sejmu odovzdal d\u00f4stojn\u00edkom akty o pov\u00fd\u0161en\u00ed do prvej d\u00f4stojn\u00edckej hodnosti a ved\u00faci Kancel\u00e1rie Sejmu im odovzdal akty o vymenovan\u00ed do \u010fal\u0161ej hodnosti v zbore slobodn\u00edkov.<\/p>\n\n\n\n<p>Mar\u0161alsk\u00e1 str\u00e1\u017e funguje ako uniformovan\u00e1 slu\u017eba. Je organiza\u010dnou jednotkou Kancel\u00e1rie Sejmu a podlieha mar\u0161alovi Sejmu. Medzi jej \u00falohy patr\u00ed vykon\u00e1vanie pyrotechnick\u00e9ho a r\u00e1diologick\u00e9ho prieskumu os\u00f4b, vozidiel, pozemkov a objektov Sejmu a Sen\u00e1tu.<\/p>\n\n\n\n<p><strong>Z\u00e1kon o<\/strong> <strong>26. janu\u00e1ra 2018 na mar\u0161alskej str\u00e1\u017ei<\/strong> pr\u00edslu\u0161n\u00edci boli opr\u00e1vnen\u00ed vykon\u00e1va\u0165 pyrotechnick\u00fd a r\u00e1diologick\u00fd prieskum os\u00f4b, vozidiel, pozemkov a objektov Sejmu a Sen\u00e1tu, ako aj vykon\u00e1va\u0165 \u010dinnosti zameran\u00e9 na neutraliz\u00e1ciu hrozieb a odha\u013eovanie odpo\u010d\u00favac\u00edch zariaden\u00ed. Okrem toho sa na nich vz\u0165ahovali n\u00e1roky na d\u00f4chodok uniformovan\u00fdch zlo\u017eiek, ktor\u00e9 s\u00fa definovan\u00e9 v ustanoveniach z\u00e1kona z 18. febru\u00e1ra 1994 o d\u00f4chodkovom zabezpe\u010den\u00ed pr\u00edslu\u0161n\u00edkov pol\u00edcie, \u00daradu pre vn\u00fatorn\u00fa bezpe\u010dnos\u0165, \u00daradu pre zahrani\u010dn\u00e9 spravodajstvo, Vojenskej kontrarozviedky, Vojenskej spravodajskej slu\u017eby, \u00dastredn\u00e9ho protikorup\u010dn\u00e9ho \u00faradu, Pohrani\u010dnej str\u00e1\u017ee, \u0160t\u00e1tnej ochrannej slu\u017eby, \u0160t\u00e1tneho hasi\u010dsk\u00e9ho zboru a Zboru v\u00e4zenskej a justi\u010dnej str\u00e1\u017ee a ich rodinn\u00fdch pr\u00edslu\u0161n\u00edkov.<\/p>\n\n\n\n<div class=\"wp-block-image\"><figure class=\"aligncenter size-large\"><a href=\"https:\/\/marekkuchcinski.pl\/wp-content\/uploads\/2021\/11\/ANN_3539-scaled.jpg\"><img fetchpriority=\"high\" decoding=\"async\" width=\"1024\" height=\"683\" src=\"https:\/\/marekkuchcinski.pl\/wp-content\/uploads\/2021\/11\/ANN_3539-1024x683.jpg\" alt=\"\" class=\"wp-image-23758\" srcset=\"https:\/\/marekkuchcinski.pl\/wp-content\/uploads\/2021\/11\/ANN_3539-1024x683.jpg 1024w, https:\/\/marekkuchcinski.pl\/wp-content\/uploads\/2021\/11\/ANN_3539-300x200.jpg 300w, https:\/\/marekkuchcinski.pl\/wp-content\/uploads\/2021\/11\/ANN_3539-768x512.jpg 768w, https:\/\/marekkuchcinski.pl\/wp-content\/uploads\/2021\/11\/ANN_3539-1536x1024.jpg 1536w, https:\/\/marekkuchcinski.pl\/wp-content\/uploads\/2021\/11\/ANN_3539-scaled.jpg 2048w, https:\/\/marekkuchcinski.pl\/wp-content\/uploads\/2021\/11\/ANN_3539-18x12.jpg 18w\" sizes=\"(max-width: 1024px) 100vw, 1024px\" \/><\/a><\/figure><\/div>\n\n\n\n<div class=\"wp-block-image\"><figure class=\"aligncenter size-large\"><a href=\"https:\/\/marekkuchcinski.pl\/wp-content\/uploads\/2021\/11\/ANN_3724-scaled.jpg\"><img decoding=\"async\" width=\"1024\" height=\"683\" src=\"https:\/\/marekkuchcinski.pl\/wp-content\/uploads\/2021\/11\/ANN_3724-1024x683.jpg\" alt=\"\" class=\"wp-image-23759\" srcset=\"https:\/\/marekkuchcinski.pl\/wp-content\/uploads\/2021\/11\/ANN_3724-1024x683.jpg 1024w, https:\/\/marekkuchcinski.pl\/wp-content\/uploads\/2021\/11\/ANN_3724-300x200.jpg 300w, https:\/\/marekkuchcinski.pl\/wp-content\/uploads\/2021\/11\/ANN_3724-768x512.jpg 768w, https:\/\/marekkuchcinski.pl\/wp-content\/uploads\/2021\/11\/ANN_3724-1536x1024.jpg 1536w, https:\/\/marekkuchcinski.pl\/wp-content\/uploads\/2021\/11\/ANN_3724-scaled.jpg 2048w, https:\/\/marekkuchcinski.pl\/wp-content\/uploads\/2021\/11\/ANN_3724-18x12.jpg 18w\" sizes=\"(max-width: 1024px) 100vw, 1024px\" \/><\/a><\/figure><\/div>\n\n\n\n<div class=\"wp-block-image\"><figure class=\"aligncenter size-large\"><a href=\"https:\/\/marekkuchcinski.pl\/wp-content\/uploads\/2021\/11\/ANN_3486-scaled.jpg\"><img decoding=\"async\" width=\"1024\" height=\"683\" src=\"https:\/\/marekkuchcinski.pl\/wp-content\/uploads\/2021\/11\/ANN_3486-1024x683.jpg\" alt=\"\" class=\"wp-image-23760\" srcset=\"https:\/\/marekkuchcinski.pl\/wp-content\/uploads\/2021\/11\/ANN_3486-1024x683.jpg 1024w, https:\/\/marekkuchcinski.pl\/wp-content\/uploads\/2021\/11\/ANN_3486-300x200.jpg 300w, https:\/\/marekkuchcinski.pl\/wp-content\/uploads\/2021\/11\/ANN_3486-768x512.jpg 768w, https:\/\/marekkuchcinski.pl\/wp-content\/uploads\/2021\/11\/ANN_3486-1536x1024.jpg 1536w, https:\/\/marekkuchcinski.pl\/wp-content\/uploads\/2021\/11\/ANN_3486-scaled.jpg 2048w, https:\/\/marekkuchcinski.pl\/wp-content\/uploads\/2021\/11\/ANN_3486-18x12.jpg 18w\" sizes=\"(max-width: 1024px) 100vw, 1024px\" \/><\/a><\/figure><\/div>\n\n\n\n<div class=\"wp-block-image\"><figure class=\"aligncenter size-large\"><a href=\"https:\/\/marekkuchcinski.pl\/wp-content\/uploads\/2021\/11\/DSC_2791-scaled.jpg\"><img loading=\"lazy\" decoding=\"async\" width=\"1024\" height=\"682\" src=\"https:\/\/marekkuchcinski.pl\/wp-content\/uploads\/2021\/11\/DSC_2791-1024x682.jpg\" alt=\"\" class=\"wp-image-23761\" srcset=\"https:\/\/marekkuchcinski.pl\/wp-content\/uploads\/2021\/11\/DSC_2791-1024x682.jpg 1024w, https:\/\/marekkuchcinski.pl\/wp-content\/uploads\/2021\/11\/DSC_2791-300x200.jpg 300w, https:\/\/marekkuchcinski.pl\/wp-content\/uploads\/2021\/11\/DSC_2791-768x511.jpg 768w, https:\/\/marekkuchcinski.pl\/wp-content\/uploads\/2021\/11\/DSC_2791-1536x1023.jpg 1536w, https:\/\/marekkuchcinski.pl\/wp-content\/uploads\/2021\/11\/DSC_2791-scaled.jpg 2048w, https:\/\/marekkuchcinski.pl\/wp-content\/uploads\/2021\/11\/DSC_2791-18x12.jpg 18w\" sizes=\"(max-width: 1024px) 100vw, 1024px\" \/><\/a><\/figure><\/div>\n\n\n\n<div class=\"wp-block-image\"><figure class=\"aligncenter size-large\"><a href=\"https:\/\/marekkuchcinski.pl\/wp-content\/uploads\/2021\/11\/DSC_2919-scaled.jpg\"><img loading=\"lazy\" decoding=\"async\" width=\"1024\" height=\"682\" src=\"https:\/\/marekkuchcinski.pl\/wp-content\/uploads\/2021\/11\/DSC_2919-1024x682.jpg\" alt=\"\" class=\"wp-image-23762\" srcset=\"https:\/\/marekkuchcinski.pl\/wp-content\/uploads\/2021\/11\/DSC_2919-1024x682.jpg 1024w, https:\/\/marekkuchcinski.pl\/wp-content\/uploads\/2021\/11\/DSC_2919-300x200.jpg 300w, https:\/\/marekkuchcinski.pl\/wp-content\/uploads\/2021\/11\/DSC_2919-768x511.jpg 768w, https:\/\/marekkuchcinski.pl\/wp-content\/uploads\/2021\/11\/DSC_2919-1536x1023.jpg 1536w, https:\/\/marekkuchcinski.pl\/wp-content\/uploads\/2021\/11\/DSC_2919-scaled.jpg 2048w, https:\/\/marekkuchcinski.pl\/wp-content\/uploads\/2021\/11\/DSC_2919-18x12.jpg 18w\" sizes=\"(max-width: 1024px) 100vw, 1024px\" \/><\/a><\/figure><\/div>\n\n\n\n<p><\/p>\n\n\n\n<p>Foto: Anna Strzy\u017cak\/ Kancel\u00e1ria Sejmu<\/p>","protected":false},"excerpt":{"rendered":"<p>W \u015brod\u0119 (10.11.2021 r.) w Sali Kolumnowej odby\u0142a si\u0119 uroczysta zbi\u00f3rka z okazji promocji oficerskiej funkcjonariuszy Stra\u017cy Marsza\u0142kowskiej. Podczas uroczysto\u015bci Marsza\u0142ek Sejmu wr\u0119czy\u0142a funkcjonariuszom akty promocji na pierwszy stopie\u0144 oficerski, a Szef Kancelarii Sejmu \u2013 akty mianowania na kolejny stopie\u0144 w korpusie szeregowych. Stra\u017c Marsza\u0142kowska funkcjonuje jako s\u0142u\u017cba mundurowa. Jest kom\u00f3rk\u0105 organizacyjn\u0105 Kancelarii Sejmu i [&hellip;]<\/p>","protected":false},"author":17,"featured_media":23765,"comment_status":"open","ping_status":"open","sticky":false,"template":"","format":"standard","meta":{"ngg_post_thumbnail":0,"footnotes":""},"categories":[3],"tags":[],"class_list":["post-23757","post","type-post","status-publish","format-standard","has-post-thumbnail","hentry","category-wydarzenia"],"yoast_head":"<!-- This site is optimized with the Yoast SEO plugin v24.7 - https:\/\/yoast.com\/wordpress\/plugins\/seo\/ -->\n<title>Uroczysta zbi\u00f3rka z okazji promocji oficerskiej funkcjonariuszy Stra\u017cy Marsza\u0142kowskiej &#8211; Marek Kuchci\u0144ski<\/title>\n<meta name=\"robots\" content=\"index, follow, max-snippet:-1, max-image-preview:large, max-video-preview:-1\" \/>\n<link rel=\"canonical\" href=\"https:\/\/marekkuchcinski.pl\/sk\/wydarzenia\/uroczysta-zbiorka-z-okazji-promocji-oficerskiej-funkcjonariuszy-strazy-marszalkowskiej\/\" \/>\n<meta property=\"og:locale\" content=\"sk_SK\" \/>\n<meta property=\"og:type\" content=\"article\" \/>\n<meta property=\"og:title\" content=\"Uroczysta zbi\u00f3rka z okazji promocji oficerskiej funkcjonariuszy Stra\u017cy Marsza\u0142kowskiej &#8211; Marek Kuchci\u0144ski\" \/>\n<meta property=\"og:description\" content=\"W \u015brod\u0119 (10.11.2021 r.) w Sali Kolumnowej odby\u0142a si\u0119 uroczysta zbi\u00f3rka z okazji promocji oficerskiej funkcjonariuszy Stra\u017cy Marsza\u0142kowskiej. Podczas uroczysto\u015bci Marsza\u0142ek Sejmu wr\u0119czy\u0142a funkcjonariuszom akty promocji na pierwszy stopie\u0144 oficerski, a Szef Kancelarii Sejmu \u2013 akty mianowania na kolejny stopie\u0144 w korpusie szeregowych. Stra\u017c Marsza\u0142kowska funkcjonuje jako s\u0142u\u017cba mundurowa. Jest kom\u00f3rk\u0105 organizacyjn\u0105 Kancelarii Sejmu i [&hellip;]\" \/>\n<meta property=\"og:url\" content=\"https:\/\/marekkuchcinski.pl\/sk\/wydarzenia\/uroczysta-zbiorka-z-okazji-promocji-oficerskiej-funkcjonariuszy-strazy-marszalkowskiej\/\" \/>\n<meta property=\"og:site_name\" content=\"Marek Kuchci\u0144ski\" \/>\n<meta property=\"article:published_time\" content=\"2021-11-10T15:29:43+00:00\" \/>\n<meta property=\"article:modified_time\" content=\"2021-11-11T11:22:33+00:00\" \/>\n<meta property=\"og:image\" content=\"https:\/\/marekkuchcinski.pl\/wp-content\/uploads\/2021\/11\/straz.jpg\" \/>\n\t<meta property=\"og:image:width\" content=\"1618\" \/>\n\t<meta property=\"og:image:height\" content=\"1136\" \/>\n\t<meta property=\"og:image:type\" content=\"image\/jpeg\" \/>\n<meta name=\"author\" content=\"Tomasz \u0141acina\" \/>\n<meta name=\"twitter:card\" content=\"summary_large_image\" \/>\n<meta name=\"twitter:label1\" content=\"Autor\" \/>\n\t<meta name=\"twitter:data1\" content=\"Tomasz \u0141acina\" \/>\n\t<meta name=\"twitter:label2\" content=\"Predpokladan\u00fd \u010das \u010d\u00edtania\" \/>\n\t<meta name=\"twitter:data2\" content=\"2 min\u00faty\" \/>\n<script type=\"application\/ld+json\" class=\"yoast-schema-graph\">{\"@context\":\"https:\/\/schema.org\",\"@graph\":[{\"@type\":\"Article\",\"@id\":\"https:\/\/marekkuchcinski.pl\/hu\/wydarzenia\/uroczysta-zbiorka-z-okazji-promocji-oficerskiej-funkcjonariuszy-strazy-marszalkowskiej\/#article\",\"isPartOf\":{\"@id\":\"https:\/\/marekkuchcinski.pl\/hu\/wydarzenia\/uroczysta-zbiorka-z-okazji-promocji-oficerskiej-funkcjonariuszy-strazy-marszalkowskiej\/\"},\"author\":{\"name\":\"Tomasz \u0141acina\",\"@id\":\"https:\/\/marekkuchcinski.pl\/#\/schema\/person\/b8a29fe7813098f7be78801d029910a7\"},\"headline\":\"Uroczysta zbi\u00f3rka z okazji promocji oficerskiej funkcjonariuszy Stra\u017cy Marsza\u0142kowskiej\",\"datePublished\":\"2021-11-10T15:29:43+00:00\",\"dateModified\":\"2021-11-11T11:22:33+00:00\",\"mainEntityOfPage\":{\"@id\":\"https:\/\/marekkuchcinski.pl\/hu\/wydarzenia\/uroczysta-zbiorka-z-okazji-promocji-oficerskiej-funkcjonariuszy-strazy-marszalkowskiej\/\"},\"wordCount\":236,\"commentCount\":0,\"publisher\":{\"@id\":\"https:\/\/marekkuchcinski.pl\/#organization\"},\"image\":{\"@id\":\"https:\/\/marekkuchcinski.pl\/hu\/wydarzenia\/uroczysta-zbiorka-z-okazji-promocji-oficerskiej-funkcjonariuszy-strazy-marszalkowskiej\/#primaryimage\"},\"thumbnailUrl\":\"https:\/\/marekkuchcinski.pl\/wp-content\/uploads\/2021\/11\/straz.jpg\",\"articleSection\":[\"Wydarzenia\"],\"inLanguage\":\"sk-SK\",\"potentialAction\":[{\"@type\":\"CommentAction\",\"name\":\"Comment\",\"target\":[\"https:\/\/marekkuchcinski.pl\/hu\/wydarzenia\/uroczysta-zbiorka-z-okazji-promocji-oficerskiej-funkcjonariuszy-strazy-marszalkowskiej\/#respond\"]}]},{\"@type\":\"WebPage\",\"@id\":\"https:\/\/marekkuchcinski.pl\/hu\/wydarzenia\/uroczysta-zbiorka-z-okazji-promocji-oficerskiej-funkcjonariuszy-strazy-marszalkowskiej\/\",\"url\":\"https:\/\/marekkuchcinski.pl\/hu\/wydarzenia\/uroczysta-zbiorka-z-okazji-promocji-oficerskiej-funkcjonariuszy-strazy-marszalkowskiej\/\",\"name\":\"Uroczysta zbi\u00f3rka z okazji promocji oficerskiej funkcjonariuszy Stra\u017cy Marsza\u0142kowskiej &#8211; Marek Kuchci\u0144ski\",\"isPartOf\":{\"@id\":\"https:\/\/marekkuchcinski.pl\/#website\"},\"primaryImageOfPage\":{\"@id\":\"https:\/\/marekkuchcinski.pl\/hu\/wydarzenia\/uroczysta-zbiorka-z-okazji-promocji-oficerskiej-funkcjonariuszy-strazy-marszalkowskiej\/#primaryimage\"},\"image\":{\"@id\":\"https:\/\/marekkuchcinski.pl\/hu\/wydarzenia\/uroczysta-zbiorka-z-okazji-promocji-oficerskiej-funkcjonariuszy-strazy-marszalkowskiej\/#primaryimage\"},\"thumbnailUrl\":\"https:\/\/marekkuchcinski.pl\/wp-content\/uploads\/2021\/11\/straz.jpg\",\"datePublished\":\"2021-11-10T15:29:43+00:00\",\"dateModified\":\"2021-11-11T11:22:33+00:00\",\"breadcrumb\":{\"@id\":\"https:\/\/marekkuchcinski.pl\/hu\/wydarzenia\/uroczysta-zbiorka-z-okazji-promocji-oficerskiej-funkcjonariuszy-strazy-marszalkowskiej\/#breadcrumb\"},\"inLanguage\":\"sk-SK\",\"potentialAction\":[{\"@type\":\"ReadAction\",\"target\":[\"https:\/\/marekkuchcinski.pl\/hu\/wydarzenia\/uroczysta-zbiorka-z-okazji-promocji-oficerskiej-funkcjonariuszy-strazy-marszalkowskiej\/\"]}]},{\"@type\":\"ImageObject\",\"inLanguage\":\"sk-SK\",\"@id\":\"https:\/\/marekkuchcinski.pl\/hu\/wydarzenia\/uroczysta-zbiorka-z-okazji-promocji-oficerskiej-funkcjonariuszy-strazy-marszalkowskiej\/#primaryimage\",\"url\":\"https:\/\/marekkuchcinski.pl\/wp-content\/uploads\/2021\/11\/straz.jpg\",\"contentUrl\":\"https:\/\/marekkuchcinski.pl\/wp-content\/uploads\/2021\/11\/straz.jpg\",\"width\":1618,\"height\":1136},{\"@type\":\"BreadcrumbList\",\"@id\":\"https:\/\/marekkuchcinski.pl\/hu\/wydarzenia\/uroczysta-zbiorka-z-okazji-promocji-oficerskiej-funkcjonariuszy-strazy-marszalkowskiej\/#breadcrumb\",\"itemListElement\":[{\"@type\":\"ListItem\",\"position\":1,\"name\":\"Strona g\u0142\u00f3wna\",\"item\":\"https:\/\/marekkuchcinski.pl\/\"},{\"@type\":\"ListItem\",\"position\":2,\"name\":\"Uroczysta zbi\u00f3rka z okazji promocji oficerskiej funkcjonariuszy Stra\u017cy Marsza\u0142kowskiej\"}]},{\"@type\":\"WebSite\",\"@id\":\"https:\/\/marekkuchcinski.pl\/#website\",\"url\":\"https:\/\/marekkuchcinski.pl\/\",\"name\":\"Marek Kuchci\u0144ski\",\"description\":\"Pose\u0142 na sejm RP &ndash; okr\u0119g nr 22\",\"publisher\":{\"@id\":\"https:\/\/marekkuchcinski.pl\/#organization\"},\"potentialAction\":[{\"@type\":\"SearchAction\",\"target\":{\"@type\":\"EntryPoint\",\"urlTemplate\":\"https:\/\/marekkuchcinski.pl\/?s={search_term_string}\"},\"query-input\":{\"@type\":\"PropertyValueSpecification\",\"valueRequired\":true,\"valueName\":\"search_term_string\"}}],\"inLanguage\":\"sk-SK\"},{\"@type\":\"Organization\",\"@id\":\"https:\/\/marekkuchcinski.pl\/#organization\",\"name\":\"Marek Kuchci\u0144ski\",\"url\":\"https:\/\/marekkuchcinski.pl\/\",\"logo\":{\"@type\":\"ImageObject\",\"inLanguage\":\"sk-SK\",\"@id\":\"https:\/\/marekkuchcinski.pl\/#\/schema\/logo\/image\/\",\"url\":\"https:\/\/marekkuchcinski.pl\/wp-content\/uploads\/2022\/09\/Marek.jpg\",\"contentUrl\":\"https:\/\/marekkuchcinski.pl\/wp-content\/uploads\/2022\/09\/Marek.jpg\",\"width\":1600,\"height\":971,\"caption\":\"Marek Kuchci\u0144ski\"},\"image\":{\"@id\":\"https:\/\/marekkuchcinski.pl\/#\/schema\/logo\/image\/\"}},{\"@type\":\"Person\",\"@id\":\"https:\/\/marekkuchcinski.pl\/#\/schema\/person\/b8a29fe7813098f7be78801d029910a7\",\"name\":\"Tomasz \u0141acina\",\"image\":{\"@type\":\"ImageObject\",\"inLanguage\":\"sk-SK\",\"@id\":\"https:\/\/marekkuchcinski.pl\/#\/schema\/person\/image\/\",\"url\":\"https:\/\/secure.gravatar.com\/avatar\/22e75f6c51aff77a676ed77dd222f852?s=96&d=mm&r=g\",\"contentUrl\":\"https:\/\/secure.gravatar.com\/avatar\/22e75f6c51aff77a676ed77dd222f852?s=96&d=mm&r=g\",\"caption\":\"Tomasz \u0141acina\"},\"url\":\"https:\/\/marekkuchcinski.pl\/sk\/author\/tomek-lacina\/\"}]}<\/script>\n<!-- \/ Yoast SEO plugin. -->","yoast_head_json":{"title":"Uroczysta zbi\u00f3rka z okazji promocji oficerskiej funkcjonariuszy Stra\u017cy Marsza\u0142kowskiej &#8211; Marek Kuchci\u0144ski","robots":{"index":"index","follow":"follow","max-snippet":"max-snippet:-1","max-image-preview":"max-image-preview:large","max-video-preview":"max-video-preview:-1"},"canonical":"https:\/\/marekkuchcinski.pl\/sk\/wydarzenia\/uroczysta-zbiorka-z-okazji-promocji-oficerskiej-funkcjonariuszy-strazy-marszalkowskiej\/","og_locale":"sk_SK","og_type":"article","og_title":"Uroczysta zbi\u00f3rka z okazji promocji oficerskiej funkcjonariuszy Stra\u017cy Marsza\u0142kowskiej &#8211; Marek Kuchci\u0144ski","og_description":"W \u015brod\u0119 (10.11.2021 r.) w Sali Kolumnowej odby\u0142a si\u0119 uroczysta zbi\u00f3rka z okazji promocji oficerskiej funkcjonariuszy Stra\u017cy Marsza\u0142kowskiej. Podczas uroczysto\u015bci Marsza\u0142ek Sejmu wr\u0119czy\u0142a funkcjonariuszom akty promocji na pierwszy stopie\u0144 oficerski, a Szef Kancelarii Sejmu \u2013 akty mianowania na kolejny stopie\u0144 w korpusie szeregowych. Stra\u017c Marsza\u0142kowska funkcjonuje jako s\u0142u\u017cba mundurowa. Jest kom\u00f3rk\u0105 organizacyjn\u0105 Kancelarii Sejmu i [&hellip;]","og_url":"https:\/\/marekkuchcinski.pl\/sk\/wydarzenia\/uroczysta-zbiorka-z-okazji-promocji-oficerskiej-funkcjonariuszy-strazy-marszalkowskiej\/","og_site_name":"Marek Kuchci\u0144ski","article_published_time":"2021-11-10T15:29:43+00:00","article_modified_time":"2021-11-11T11:22:33+00:00","og_image":[{"width":1618,"height":1136,"url":"https:\/\/marekkuchcinski.pl\/wp-content\/uploads\/2021\/11\/straz.jpg","type":"image\/jpeg"}],"author":"Tomasz \u0141acina","twitter_card":"summary_large_image","twitter_misc":{"Autor":"Tomasz \u0141acina","Predpokladan\u00fd \u010das \u010d\u00edtania":"2 min\u00faty"},"schema":{"@context":"https:\/\/schema.org","@graph":[{"@type":"Article","@id":"https:\/\/marekkuchcinski.pl\/hu\/wydarzenia\/uroczysta-zbiorka-z-okazji-promocji-oficerskiej-funkcjonariuszy-strazy-marszalkowskiej\/#article","isPartOf":{"@id":"https:\/\/marekkuchcinski.pl\/hu\/wydarzenia\/uroczysta-zbiorka-z-okazji-promocji-oficerskiej-funkcjonariuszy-strazy-marszalkowskiej\/"},"author":{"name":"Tomasz \u0141acina","@id":"https:\/\/marekkuchcinski.pl\/#\/schema\/person\/b8a29fe7813098f7be78801d029910a7"},"headline":"Uroczysta zbi\u00f3rka z okazji promocji oficerskiej funkcjonariuszy Stra\u017cy Marsza\u0142kowskiej","datePublished":"2021-11-10T15:29:43+00:00","dateModified":"2021-11-11T11:22:33+00:00","mainEntityOfPage":{"@id":"https:\/\/marekkuchcinski.pl\/hu\/wydarzenia\/uroczysta-zbiorka-z-okazji-promocji-oficerskiej-funkcjonariuszy-strazy-marszalkowskiej\/"},"wordCount":236,"commentCount":0,"publisher":{"@id":"https:\/\/marekkuchcinski.pl\/#organization"},"image":{"@id":"https:\/\/marekkuchcinski.pl\/hu\/wydarzenia\/uroczysta-zbiorka-z-okazji-promocji-oficerskiej-funkcjonariuszy-strazy-marszalkowskiej\/#primaryimage"},"thumbnailUrl":"https:\/\/marekkuchcinski.pl\/wp-content\/uploads\/2021\/11\/straz.jpg","articleSection":["Wydarzenia"],"inLanguage":"sk-SK","potentialAction":[{"@type":"CommentAction","name":"Comment","target":["https:\/\/marekkuchcinski.pl\/hu\/wydarzenia\/uroczysta-zbiorka-z-okazji-promocji-oficerskiej-funkcjonariuszy-strazy-marszalkowskiej\/#respond"]}]},{"@type":"WebPage","@id":"https:\/\/marekkuchcinski.pl\/hu\/wydarzenia\/uroczysta-zbiorka-z-okazji-promocji-oficerskiej-funkcjonariuszy-strazy-marszalkowskiej\/","url":"https:\/\/marekkuchcinski.pl\/hu\/wydarzenia\/uroczysta-zbiorka-z-okazji-promocji-oficerskiej-funkcjonariuszy-strazy-marszalkowskiej\/","name":"Uroczysta zbi\u00f3rka z okazji promocji oficerskiej funkcjonariuszy Stra\u017cy Marsza\u0142kowskiej &#8211; Marek Kuchci\u0144ski","isPartOf":{"@id":"https:\/\/marekkuchcinski.pl\/#website"},"primaryImageOfPage":{"@id":"https:\/\/marekkuchcinski.pl\/hu\/wydarzenia\/uroczysta-zbiorka-z-okazji-promocji-oficerskiej-funkcjonariuszy-strazy-marszalkowskiej\/#primaryimage"},"image":{"@id":"https:\/\/marekkuchcinski.pl\/hu\/wydarzenia\/uroczysta-zbiorka-z-okazji-promocji-oficerskiej-funkcjonariuszy-strazy-marszalkowskiej\/#primaryimage"},"thumbnailUrl":"https:\/\/marekkuchcinski.pl\/wp-content\/uploads\/2021\/11\/straz.jpg","datePublished":"2021-11-10T15:29:43+00:00","dateModified":"2021-11-11T11:22:33+00:00","breadcrumb":{"@id":"https:\/\/marekkuchcinski.pl\/hu\/wydarzenia\/uroczysta-zbiorka-z-okazji-promocji-oficerskiej-funkcjonariuszy-strazy-marszalkowskiej\/#breadcrumb"},"inLanguage":"sk-SK","potentialAction":[{"@type":"ReadAction","target":["https:\/\/marekkuchcinski.pl\/hu\/wydarzenia\/uroczysta-zbiorka-z-okazji-promocji-oficerskiej-funkcjonariuszy-strazy-marszalkowskiej\/"]}]},{"@type":"ImageObject","inLanguage":"sk-SK","@id":"https:\/\/marekkuchcinski.pl\/hu\/wydarzenia\/uroczysta-zbiorka-z-okazji-promocji-oficerskiej-funkcjonariuszy-strazy-marszalkowskiej\/#primaryimage","url":"https:\/\/marekkuchcinski.pl\/wp-content\/uploads\/2021\/11\/straz.jpg","contentUrl":"https:\/\/marekkuchcinski.pl\/wp-content\/uploads\/2021\/11\/straz.jpg","width":1618,"height":1136},{"@type":"BreadcrumbList","@id":"https:\/\/marekkuchcinski.pl\/hu\/wydarzenia\/uroczysta-zbiorka-z-okazji-promocji-oficerskiej-funkcjonariuszy-strazy-marszalkowskiej\/#breadcrumb","itemListElement":[{"@type":"ListItem","position":1,"name":"Strona g\u0142\u00f3wna","item":"https:\/\/marekkuchcinski.pl\/"},{"@type":"ListItem","position":2,"name":"Uroczysta zbi\u00f3rka z okazji promocji oficerskiej funkcjonariuszy Stra\u017cy Marsza\u0142kowskiej"}]},{"@type":"WebSite","@id":"https:\/\/marekkuchcinski.pl\/#website","url":"https:\/\/marekkuchcinski.pl\/","name":"Marek Kuchci\u0144ski","description":"Pose\u0142 na sejm RP &ndash; okr\u0119g nr 22","publisher":{"@id":"https:\/\/marekkuchcinski.pl\/#organization"},"potentialAction":[{"@type":"SearchAction","target":{"@type":"EntryPoint","urlTemplate":"https:\/\/marekkuchcinski.pl\/?s={search_term_string}"},"query-input":{"@type":"PropertyValueSpecification","valueRequired":true,"valueName":"search_term_string"}}],"inLanguage":"sk-SK"},{"@type":"Organization","@id":"https:\/\/marekkuchcinski.pl\/#organization","name":"Marek Kuchci\u0144ski","url":"https:\/\/marekkuchcinski.pl\/","logo":{"@type":"ImageObject","inLanguage":"sk-SK","@id":"https:\/\/marekkuchcinski.pl\/#\/schema\/logo\/image\/","url":"https:\/\/marekkuchcinski.pl\/wp-content\/uploads\/2022\/09\/Marek.jpg","contentUrl":"https:\/\/marekkuchcinski.pl\/wp-content\/uploads\/2022\/09\/Marek.jpg","width":1600,"height":971,"caption":"Marek Kuchci\u0144ski"},"image":{"@id":"https:\/\/marekkuchcinski.pl\/#\/schema\/logo\/image\/"}},{"@type":"Person","@id":"https:\/\/marekkuchcinski.pl\/#\/schema\/person\/b8a29fe7813098f7be78801d029910a7","name":"Tomasz \u0141acina","image":{"@type":"ImageObject","inLanguage":"sk-SK","@id":"https:\/\/marekkuchcinski.pl\/#\/schema\/person\/image\/","url":"https:\/\/secure.gravatar.com\/avatar\/22e75f6c51aff77a676ed77dd222f852?s=96&d=mm&r=g","contentUrl":"https:\/\/secure.gravatar.com\/avatar\/22e75f6c51aff77a676ed77dd222f852?s=96&d=mm&r=g","caption":"Tomasz \u0141acina"},"url":"https:\/\/marekkuchcinski.pl\/sk\/author\/tomek-lacina\/"}]}},"_links":{"self":[{"href":"https:\/\/marekkuchcinski.pl\/sk\/wp-json\/wp\/v2\/posts\/23757","targetHints":{"allow":["GET"]}}],"collection":[{"href":"https:\/\/marekkuchcinski.pl\/sk\/wp-json\/wp\/v2\/posts"}],"about":[{"href":"https:\/\/marekkuchcinski.pl\/sk\/wp-json\/wp\/v2\/types\/post"}],"author":[{"embeddable":true,"href":"https:\/\/marekkuchcinski.pl\/sk\/wp-json\/wp\/v2\/users\/17"}],"replies":[{"embeddable":true,"href":"https:\/\/marekkuchcinski.pl\/sk\/wp-json\/wp\/v2\/comments?post=23757"}],"version-history":[{"count":3,"href":"https:\/\/marekkuchcinski.pl\/sk\/wp-json\/wp\/v2\/posts\/23757\/revisions"}],"predecessor-version":[{"id":23767,"href":"https:\/\/marekkuchcinski.pl\/sk\/wp-json\/wp\/v2\/posts\/23757\/revisions\/23767"}],"wp:featuredmedia":[{"embeddable":true,"href":"https:\/\/marekkuchcinski.pl\/sk\/wp-json\/wp\/v2\/media\/23765"}],"wp:attachment":[{"href":"https:\/\/marekkuchcinski.pl\/sk\/wp-json\/wp\/v2\/media?parent=23757"}],"wp:term":[{"taxonomy":"category","embeddable":true,"href":"https:\/\/marekkuchcinski.pl\/sk\/wp-json\/wp\/v2\/categories?post=23757"},{"taxonomy":"post_tag","embeddable":true,"href":"https:\/\/marekkuchcinski.pl\/sk\/wp-json\/wp\/v2\/tags?post=23757"}],"curies":[{"name":"wp","href":"https:\/\/api.w.org\/{rel}","templated":true}]}}