{"id":22347,"date":"2021-04-02T16:39:34","date_gmt":"2021-04-02T14:39:34","guid":{"rendered":"https:\/\/marekkuchcinski.pl\/?p=22347"},"modified":"2021-04-02T17:29:46","modified_gmt":"2021-04-02T15:29:46","slug":"przemyscy-szczypiornisci-najlepsi-na-wiosne","status":"publish","type":"post","link":"https:\/\/marekkuchcinski.pl\/sk\/wydarzenia\/przemyscy-szczypiornisci-najlepsi-na-wiosne\/","title":{"rendered":"Najlep\u0161\u00ed h\u00e1dzan\u00e1ri Przemy\u015bla na jar"},"content":{"rendered":"<p>Przemysl sport mohol pr\u00eds\u0165 o svoje h\u00e1dzan\u00e1rske mu\u017estvo. V\u010faka ve\u013ek\u00e9mu odhodlaniu hr\u00e1\u010dov a sponzorovi (Orlen Upstream) sa Czuwaj z Przemy\u015bla, ktor\u00fd je u\u017e desa\u0165ro\u010dia zn\u00e1my svojou dobrou h\u00e1dzanou, vr\u00e1til medzi najlep\u0161\u00edch. Posledn\u00fdch p\u00e4\u0165 v\u00ed\u0165azstiev v rade a prv\u00e9 miesto v lige presved\u010dili, \u017ee sa oplat\u00ed investova\u0165.<\/p>\n\n\n\n<p>Mest\u00e1 potrebuj\u00fa \u0161port, aby sa mohli rozv\u00edja\u0165. \u0160port je v z\u00e1kladnej rovine o spr\u00e1vnom fyzickom a etickom rozvoji \u010dloveka. Ka\u017ed\u00fd prevent\u00edvny zdravotn\u00fd program zah\u0155\u0148a pohyb a \u0161port. Je to v\u0161ak len \u010das\u0165 v\u00e4\u010d\u0161ej sklada\u010dky pri budovan\u00ed modernej komunity. Modern\u00fd \u0161port m\u00e1 viac ne\u017e len \u010disto fyzick\u00fd rozmer. Je to tie\u017e komplexn\u00fd obchodn\u00fd a ekonomick\u00fd mechanizmus, ktor\u00fd, ak je racion\u00e1lne riaden\u00fd, m\u00e1 \u0161ancu by\u0165 impulzom pre rozvoj. \u0160port znamen\u00e1 pracovn\u00e9 miesta: pracovn\u00e9 miesta pre tr\u00e9nerov a \u013eud\u00ed, ktor\u00ed priamo prev\u00e1dzkuj\u00fa tr\u00e9ningov\u00e9 alebo v\u00fdkonnostn\u00e9 zariadenia.<\/p>\n\n\n\n<p>To v\u0161ak nie je v\u0161etko, ve\u010f \u0161port je divadlo, ktor\u00e9 pri\u0165ahuje \u013eud\u00ed, a to tak t\u00fdch z najbli\u017e\u0161ieho regi\u00f3nu, ako aj host\u00ed z in\u00fdch \u010dast\u00ed krajiny, a nech s\u00fa\u010dasn\u00e1 pandemick\u00e1 situ\u00e1cia trv\u00e1 \u010do najkrat\u0161ie, preto\u017ee fan\u00fa\u0161ikovia Przemy\u015bla u\u017e netrpezlivo \u010dakaj\u00fa na n\u00e1vrat na trib\u00fany. Czuwaj Przemy\u015bl je nielen profesion\u00e1lny t\u00edm, ale aj mimoriadne talentovan\u00e9 ml\u00e1de\u017en\u00edcke skupiny.<\/p>\n\n\n\n<p>\"H\u00e1dzan\u00e1\" je u\u017e teraz jedn\u00fdm z najpopul\u00e1rnej\u0161\u00edch \u0161portov v krajine. Po vzore futbalu sa zakladaj\u00fa kluby pre deti a mlad\u00fdch \u013eud\u00ed, ktor\u00ed na vlastn\u00e9 o\u010di videli \u00faspechy miestnych t\u00edmov a n\u00e1rodn\u00e9ho t\u00edmu a sn\u00edvaj\u00fa o kari\u00e9re.<\/p>\n\n\n\n<p>Prajeme v\u00e1m ve\u013ea \u00faspechov!&nbsp;<\/p>\n\n\n\n<p><em>mo<\/em><\/p>\n\n\n\n<figure class=\"wp-block-image size-large\"><a href=\"https:\/\/marekkuchcinski.pl\/wp-content\/uploads\/2021\/04\/mpr-scaled.jpg\"><img fetchpriority=\"high\" decoding=\"async\" width=\"1024\" height=\"759\" src=\"https:\/\/marekkuchcinski.pl\/wp-content\/uploads\/2021\/04\/mpr-1024x759.jpg\" alt=\"\" class=\"wp-image-22349\" srcset=\"https:\/\/marekkuchcinski.pl\/wp-content\/uploads\/2021\/04\/mpr-1024x759.jpg 1024w, https:\/\/marekkuchcinski.pl\/wp-content\/uploads\/2021\/04\/mpr-300x222.jpg 300w, https:\/\/marekkuchcinski.pl\/wp-content\/uploads\/2021\/04\/mpr-768x569.jpg 768w, https:\/\/marekkuchcinski.pl\/wp-content\/uploads\/2021\/04\/mpr-1536x1138.jpg 1536w, https:\/\/marekkuchcinski.pl\/wp-content\/uploads\/2021\/04\/mpr-scaled.jpg 2048w, https:\/\/marekkuchcinski.pl\/wp-content\/uploads\/2021\/04\/mpr-16x12.jpg 16w\" sizes=\"(max-width: 1024px) 100vw, 1024px\" \/><\/a><\/figure>","protected":false},"excerpt":{"rendered":"<p>Przemy\u015bl sport mohol pr\u00eds\u0165 o h\u00e1dzan\u00e1rsky t\u00edm. V\u010faka ve\u013ek\u00e9mu odhodlaniu hr\u00e1\u010dov a sponzorovi (Orlen Upstream) sa Czuwaj z Przemyslu, ktor\u00fd je u\u017e desa\u0165ro\u010dia zn\u00e1my svojou dobrou h\u00e1dzanou, vr\u00e1til medzi najlep\u0161\u00edch. Posledn\u00fdch p\u00e4\u0165 v\u00ed\u0165azstiev v rade a prv\u00e9 miesto v lige ho presved\u010dili, \u017ee sa oplat\u00ed investova\u0165. Mest\u00e1 potrebuj\u00fa \u0161port, aby prosperovali. \u0160port [...]<\/p>","protected":false},"author":21,"featured_media":22349,"comment_status":"open","ping_status":"open","sticky":false,"template":"","format":"standard","meta":{"ngg_post_thumbnail":0,"footnotes":""},"categories":[49,3],"tags":[],"class_list":["post-22347","post","type-post","status-publish","format-standard","has-post-thumbnail","hentry","category-podkarpacie","category-wydarzenia"],"yoast_head":"<!-- This site is optimized with the Yoast SEO plugin v24.7 - https:\/\/yoast.com\/wordpress\/plugins\/seo\/ -->\n<title>Przemyscy szczypiorni\u015bci najlepsi na wiosn\u0119 &#8211; Marek Kuchci\u0144ski<\/title>\n<meta name=\"robots\" content=\"index, follow, max-snippet:-1, max-image-preview:large, max-video-preview:-1\" \/>\n<link rel=\"canonical\" href=\"https:\/\/marekkuchcinski.pl\/sk\/wydarzenia\/przemyscy-szczypiornisci-najlepsi-na-wiosne\/\" \/>\n<meta property=\"og:locale\" content=\"sk_SK\" \/>\n<meta property=\"og:type\" content=\"article\" \/>\n<meta property=\"og:title\" content=\"Przemyscy szczypiorni\u015bci najlepsi na wiosn\u0119 &#8211; Marek Kuchci\u0144ski\" \/>\n<meta property=\"og:description\" content=\"Przemyski sport m\u00f3g\u0142 straci\u0107 dru\u017cyn\u0119 pi\u0142ki r\u0119cznej. Dzi\u0119ki wielkiej determinacji zawodnik\u00f3w i sponsorowi (Orlen Upstream) przemyski Czuwaj, od dziesi\u0119cioleci znany z dobrej dru\u017cyny pi\u0142karzy r\u0119cznych, powr\u00f3ci\u0142 do grona najlepszych. O tym, \u017ce wart jest inwestycji przekona\u0142 cho\u0107by ostatnimi pi\u0119cioma zwyci\u0119stwami z rz\u0119du i pierwszym miejscem w lidze. Miasta potrzebuj\u0105 sportu, by m\u00f3c si\u0119 rozwija\u0107. Sport [&hellip;]\" \/>\n<meta property=\"og:url\" content=\"https:\/\/marekkuchcinski.pl\/sk\/wydarzenia\/przemyscy-szczypiornisci-najlepsi-na-wiosne\/\" \/>\n<meta property=\"og:site_name\" content=\"Marek Kuchci\u0144ski\" \/>\n<meta property=\"article:published_time\" content=\"2021-04-02T14:39:34+00:00\" \/>\n<meta property=\"article:modified_time\" content=\"2021-04-02T15:29:46+00:00\" \/>\n<meta property=\"og:image\" content=\"https:\/\/marekkuchcinski.pl\/wp-content\/uploads\/2021\/04\/mpr-scaled.jpg\" \/>\n\t<meta property=\"og:image:width\" content=\"2048\" \/>\n\t<meta property=\"og:image:height\" content=\"1518\" \/>\n\t<meta property=\"og:image:type\" content=\"image\/jpeg\" \/>\n<meta name=\"author\" content=\"Marta Olejnik\" \/>\n<meta name=\"twitter:card\" content=\"summary_large_image\" \/>\n<meta name=\"twitter:label1\" content=\"Autor\" \/>\n\t<meta name=\"twitter:data1\" content=\"Marta Olejnik\" \/>\n\t<meta name=\"twitter:label2\" content=\"Predpokladan\u00fd \u010das \u010d\u00edtania\" \/>\n\t<meta name=\"twitter:data2\" content=\"2 min\u00faty\" \/>\n<script type=\"application\/ld+json\" class=\"yoast-schema-graph\">{\"@context\":\"https:\/\/schema.org\",\"@graph\":[{\"@type\":\"Article\",\"@id\":\"https:\/\/marekkuchcinski.pl\/wydarzenia\/przemyscy-szczypiornisci-najlepsi-na-wiosne\/#article\",\"isPartOf\":{\"@id\":\"https:\/\/marekkuchcinski.pl\/wydarzenia\/przemyscy-szczypiornisci-najlepsi-na-wiosne\/\"},\"author\":{\"name\":\"Marta Olejnik\",\"@id\":\"https:\/\/marekkuchcinski.pl\/#\/schema\/person\/51d5d4ee3b5317b8e4dd2b48af359229\"},\"headline\":\"Przemyscy szczypiorni\u015bci najlepsi na wiosn\u0119\",\"datePublished\":\"2021-04-02T14:39:34+00:00\",\"dateModified\":\"2021-04-02T15:29:46+00:00\",\"mainEntityOfPage\":{\"@id\":\"https:\/\/marekkuchcinski.pl\/wydarzenia\/przemyscy-szczypiornisci-najlepsi-na-wiosne\/\"},\"wordCount\":275,\"commentCount\":0,\"publisher\":{\"@id\":\"https:\/\/marekkuchcinski.pl\/#organization\"},\"image\":{\"@id\":\"https:\/\/marekkuchcinski.pl\/wydarzenia\/przemyscy-szczypiornisci-najlepsi-na-wiosne\/#primaryimage\"},\"thumbnailUrl\":\"https:\/\/marekkuchcinski.pl\/wp-content\/uploads\/2021\/04\/mpr-scaled.jpg\",\"articleSection\":[\"Podkarpacie\",\"Wydarzenia\"],\"inLanguage\":\"sk-SK\",\"potentialAction\":[{\"@type\":\"CommentAction\",\"name\":\"Comment\",\"target\":[\"https:\/\/marekkuchcinski.pl\/wydarzenia\/przemyscy-szczypiornisci-najlepsi-na-wiosne\/#respond\"]}]},{\"@type\":\"WebPage\",\"@id\":\"https:\/\/marekkuchcinski.pl\/wydarzenia\/przemyscy-szczypiornisci-najlepsi-na-wiosne\/\",\"url\":\"https:\/\/marekkuchcinski.pl\/wydarzenia\/przemyscy-szczypiornisci-najlepsi-na-wiosne\/\",\"name\":\"Przemyscy szczypiorni\u015bci najlepsi na wiosn\u0119 &#8211; Marek Kuchci\u0144ski\",\"isPartOf\":{\"@id\":\"https:\/\/marekkuchcinski.pl\/#website\"},\"primaryImageOfPage\":{\"@id\":\"https:\/\/marekkuchcinski.pl\/wydarzenia\/przemyscy-szczypiornisci-najlepsi-na-wiosne\/#primaryimage\"},\"image\":{\"@id\":\"https:\/\/marekkuchcinski.pl\/wydarzenia\/przemyscy-szczypiornisci-najlepsi-na-wiosne\/#primaryimage\"},\"thumbnailUrl\":\"https:\/\/marekkuchcinski.pl\/wp-content\/uploads\/2021\/04\/mpr-scaled.jpg\",\"datePublished\":\"2021-04-02T14:39:34+00:00\",\"dateModified\":\"2021-04-02T15:29:46+00:00\",\"breadcrumb\":{\"@id\":\"https:\/\/marekkuchcinski.pl\/wydarzenia\/przemyscy-szczypiornisci-najlepsi-na-wiosne\/#breadcrumb\"},\"inLanguage\":\"sk-SK\",\"potentialAction\":[{\"@type\":\"ReadAction\",\"target\":[\"https:\/\/marekkuchcinski.pl\/wydarzenia\/przemyscy-szczypiornisci-najlepsi-na-wiosne\/\"]}]},{\"@type\":\"ImageObject\",\"inLanguage\":\"sk-SK\",\"@id\":\"https:\/\/marekkuchcinski.pl\/wydarzenia\/przemyscy-szczypiornisci-najlepsi-na-wiosne\/#primaryimage\",\"url\":\"https:\/\/marekkuchcinski.pl\/wp-content\/uploads\/2021\/04\/mpr-scaled.jpg\",\"contentUrl\":\"https:\/\/marekkuchcinski.pl\/wp-content\/uploads\/2021\/04\/mpr-scaled.jpg\",\"width\":2048,\"height\":1518},{\"@type\":\"BreadcrumbList\",\"@id\":\"https:\/\/marekkuchcinski.pl\/wydarzenia\/przemyscy-szczypiornisci-najlepsi-na-wiosne\/#breadcrumb\",\"itemListElement\":[{\"@type\":\"ListItem\",\"position\":1,\"name\":\"Strona g\u0142\u00f3wna\",\"item\":\"https:\/\/marekkuchcinski.pl\/\"},{\"@type\":\"ListItem\",\"position\":2,\"name\":\"Przemyscy szczypiorni\u015bci najlepsi na wiosn\u0119\"}]},{\"@type\":\"WebSite\",\"@id\":\"https:\/\/marekkuchcinski.pl\/#website\",\"url\":\"https:\/\/marekkuchcinski.pl\/\",\"name\":\"Marek Kuchci\u0144ski\",\"description\":\"Pose\u0142 na sejm RP &ndash; okr\u0119g nr 22\",\"publisher\":{\"@id\":\"https:\/\/marekkuchcinski.pl\/#organization\"},\"potentialAction\":[{\"@type\":\"SearchAction\",\"target\":{\"@type\":\"EntryPoint\",\"urlTemplate\":\"https:\/\/marekkuchcinski.pl\/?s={search_term_string}\"},\"query-input\":{\"@type\":\"PropertyValueSpecification\",\"valueRequired\":true,\"valueName\":\"search_term_string\"}}],\"inLanguage\":\"sk-SK\"},{\"@type\":\"Organization\",\"@id\":\"https:\/\/marekkuchcinski.pl\/#organization\",\"name\":\"Marek Kuchci\u0144ski\",\"url\":\"https:\/\/marekkuchcinski.pl\/\",\"logo\":{\"@type\":\"ImageObject\",\"inLanguage\":\"sk-SK\",\"@id\":\"https:\/\/marekkuchcinski.pl\/#\/schema\/logo\/image\/\",\"url\":\"https:\/\/marekkuchcinski.pl\/wp-content\/uploads\/2022\/09\/Marek.jpg\",\"contentUrl\":\"https:\/\/marekkuchcinski.pl\/wp-content\/uploads\/2022\/09\/Marek.jpg\",\"width\":1600,\"height\":971,\"caption\":\"Marek Kuchci\u0144ski\"},\"image\":{\"@id\":\"https:\/\/marekkuchcinski.pl\/#\/schema\/logo\/image\/\"}},{\"@type\":\"Person\",\"@id\":\"https:\/\/marekkuchcinski.pl\/#\/schema\/person\/51d5d4ee3b5317b8e4dd2b48af359229\",\"name\":\"Marta Olejnik\",\"image\":{\"@type\":\"ImageObject\",\"inLanguage\":\"sk-SK\",\"@id\":\"https:\/\/marekkuchcinski.pl\/#\/schema\/person\/image\/\",\"url\":\"https:\/\/secure.gravatar.com\/avatar\/e39914b2aa6a48959e24d475b5dc9793?s=96&d=mm&r=g\",\"contentUrl\":\"https:\/\/secure.gravatar.com\/avatar\/e39914b2aa6a48959e24d475b5dc9793?s=96&d=mm&r=g\",\"caption\":\"Marta Olejnik\"},\"url\":\"https:\/\/marekkuchcinski.pl\/sk\/author\/marta\/\"}]}<\/script>\n<!-- \/ Yoast SEO plugin. -->","yoast_head_json":{"title":"Przemyscy szczypiorni\u015bci najlepsi na wiosn\u0119 &#8211; Marek Kuchci\u0144ski","robots":{"index":"index","follow":"follow","max-snippet":"max-snippet:-1","max-image-preview":"max-image-preview:large","max-video-preview":"max-video-preview:-1"},"canonical":"https:\/\/marekkuchcinski.pl\/sk\/wydarzenia\/przemyscy-szczypiornisci-najlepsi-na-wiosne\/","og_locale":"sk_SK","og_type":"article","og_title":"Przemyscy szczypiorni\u015bci najlepsi na wiosn\u0119 &#8211; Marek Kuchci\u0144ski","og_description":"Przemyski sport m\u00f3g\u0142 straci\u0107 dru\u017cyn\u0119 pi\u0142ki r\u0119cznej. Dzi\u0119ki wielkiej determinacji zawodnik\u00f3w i sponsorowi (Orlen Upstream) przemyski Czuwaj, od dziesi\u0119cioleci znany z dobrej dru\u017cyny pi\u0142karzy r\u0119cznych, powr\u00f3ci\u0142 do grona najlepszych. O tym, \u017ce wart jest inwestycji przekona\u0142 cho\u0107by ostatnimi pi\u0119cioma zwyci\u0119stwami z rz\u0119du i pierwszym miejscem w lidze. Miasta potrzebuj\u0105 sportu, by m\u00f3c si\u0119 rozwija\u0107. Sport [&hellip;]","og_url":"https:\/\/marekkuchcinski.pl\/sk\/wydarzenia\/przemyscy-szczypiornisci-najlepsi-na-wiosne\/","og_site_name":"Marek Kuchci\u0144ski","article_published_time":"2021-04-02T14:39:34+00:00","article_modified_time":"2021-04-02T15:29:46+00:00","og_image":[{"width":2048,"height":1518,"url":"https:\/\/marekkuchcinski.pl\/wp-content\/uploads\/2021\/04\/mpr-scaled.jpg","type":"image\/jpeg"}],"author":"Marta Olejnik","twitter_card":"summary_large_image","twitter_misc":{"Autor":"Marta Olejnik","Predpokladan\u00fd \u010das \u010d\u00edtania":"2 min\u00faty"},"schema":{"@context":"https:\/\/schema.org","@graph":[{"@type":"Article","@id":"https:\/\/marekkuchcinski.pl\/wydarzenia\/przemyscy-szczypiornisci-najlepsi-na-wiosne\/#article","isPartOf":{"@id":"https:\/\/marekkuchcinski.pl\/wydarzenia\/przemyscy-szczypiornisci-najlepsi-na-wiosne\/"},"author":{"name":"Marta Olejnik","@id":"https:\/\/marekkuchcinski.pl\/#\/schema\/person\/51d5d4ee3b5317b8e4dd2b48af359229"},"headline":"Przemyscy szczypiorni\u015bci najlepsi na wiosn\u0119","datePublished":"2021-04-02T14:39:34+00:00","dateModified":"2021-04-02T15:29:46+00:00","mainEntityOfPage":{"@id":"https:\/\/marekkuchcinski.pl\/wydarzenia\/przemyscy-szczypiornisci-najlepsi-na-wiosne\/"},"wordCount":275,"commentCount":0,"publisher":{"@id":"https:\/\/marekkuchcinski.pl\/#organization"},"image":{"@id":"https:\/\/marekkuchcinski.pl\/wydarzenia\/przemyscy-szczypiornisci-najlepsi-na-wiosne\/#primaryimage"},"thumbnailUrl":"https:\/\/marekkuchcinski.pl\/wp-content\/uploads\/2021\/04\/mpr-scaled.jpg","articleSection":["Podkarpacie","Wydarzenia"],"inLanguage":"sk-SK","potentialAction":[{"@type":"CommentAction","name":"Comment","target":["https:\/\/marekkuchcinski.pl\/wydarzenia\/przemyscy-szczypiornisci-najlepsi-na-wiosne\/#respond"]}]},{"@type":"WebPage","@id":"https:\/\/marekkuchcinski.pl\/wydarzenia\/przemyscy-szczypiornisci-najlepsi-na-wiosne\/","url":"https:\/\/marekkuchcinski.pl\/wydarzenia\/przemyscy-szczypiornisci-najlepsi-na-wiosne\/","name":"Przemyscy szczypiorni\u015bci najlepsi na wiosn\u0119 &#8211; Marek Kuchci\u0144ski","isPartOf":{"@id":"https:\/\/marekkuchcinski.pl\/#website"},"primaryImageOfPage":{"@id":"https:\/\/marekkuchcinski.pl\/wydarzenia\/przemyscy-szczypiornisci-najlepsi-na-wiosne\/#primaryimage"},"image":{"@id":"https:\/\/marekkuchcinski.pl\/wydarzenia\/przemyscy-szczypiornisci-najlepsi-na-wiosne\/#primaryimage"},"thumbnailUrl":"https:\/\/marekkuchcinski.pl\/wp-content\/uploads\/2021\/04\/mpr-scaled.jpg","datePublished":"2021-04-02T14:39:34+00:00","dateModified":"2021-04-02T15:29:46+00:00","breadcrumb":{"@id":"https:\/\/marekkuchcinski.pl\/wydarzenia\/przemyscy-szczypiornisci-najlepsi-na-wiosne\/#breadcrumb"},"inLanguage":"sk-SK","potentialAction":[{"@type":"ReadAction","target":["https:\/\/marekkuchcinski.pl\/wydarzenia\/przemyscy-szczypiornisci-najlepsi-na-wiosne\/"]}]},{"@type":"ImageObject","inLanguage":"sk-SK","@id":"https:\/\/marekkuchcinski.pl\/wydarzenia\/przemyscy-szczypiornisci-najlepsi-na-wiosne\/#primaryimage","url":"https:\/\/marekkuchcinski.pl\/wp-content\/uploads\/2021\/04\/mpr-scaled.jpg","contentUrl":"https:\/\/marekkuchcinski.pl\/wp-content\/uploads\/2021\/04\/mpr-scaled.jpg","width":2048,"height":1518},{"@type":"BreadcrumbList","@id":"https:\/\/marekkuchcinski.pl\/wydarzenia\/przemyscy-szczypiornisci-najlepsi-na-wiosne\/#breadcrumb","itemListElement":[{"@type":"ListItem","position":1,"name":"Strona g\u0142\u00f3wna","item":"https:\/\/marekkuchcinski.pl\/"},{"@type":"ListItem","position":2,"name":"Przemyscy szczypiorni\u015bci najlepsi na wiosn\u0119"}]},{"@type":"WebSite","@id":"https:\/\/marekkuchcinski.pl\/#website","url":"https:\/\/marekkuchcinski.pl\/","name":"Marek Kuchci\u0144ski","description":"Pose\u0142 na sejm RP &ndash; okr\u0119g nr 22","publisher":{"@id":"https:\/\/marekkuchcinski.pl\/#organization"},"potentialAction":[{"@type":"SearchAction","target":{"@type":"EntryPoint","urlTemplate":"https:\/\/marekkuchcinski.pl\/?s={search_term_string}"},"query-input":{"@type":"PropertyValueSpecification","valueRequired":true,"valueName":"search_term_string"}}],"inLanguage":"sk-SK"},{"@type":"Organization","@id":"https:\/\/marekkuchcinski.pl\/#organization","name":"Marek Kuchci\u0144ski","url":"https:\/\/marekkuchcinski.pl\/","logo":{"@type":"ImageObject","inLanguage":"sk-SK","@id":"https:\/\/marekkuchcinski.pl\/#\/schema\/logo\/image\/","url":"https:\/\/marekkuchcinski.pl\/wp-content\/uploads\/2022\/09\/Marek.jpg","contentUrl":"https:\/\/marekkuchcinski.pl\/wp-content\/uploads\/2022\/09\/Marek.jpg","width":1600,"height":971,"caption":"Marek Kuchci\u0144ski"},"image":{"@id":"https:\/\/marekkuchcinski.pl\/#\/schema\/logo\/image\/"}},{"@type":"Person","@id":"https:\/\/marekkuchcinski.pl\/#\/schema\/person\/51d5d4ee3b5317b8e4dd2b48af359229","name":"Marta Olejnik","image":{"@type":"ImageObject","inLanguage":"sk-SK","@id":"https:\/\/marekkuchcinski.pl\/#\/schema\/person\/image\/","url":"https:\/\/secure.gravatar.com\/avatar\/e39914b2aa6a48959e24d475b5dc9793?s=96&d=mm&r=g","contentUrl":"https:\/\/secure.gravatar.com\/avatar\/e39914b2aa6a48959e24d475b5dc9793?s=96&d=mm&r=g","caption":"Marta Olejnik"},"url":"https:\/\/marekkuchcinski.pl\/sk\/author\/marta\/"}]}},"_links":{"self":[{"href":"https:\/\/marekkuchcinski.pl\/sk\/wp-json\/wp\/v2\/posts\/22347","targetHints":{"allow":["GET"]}}],"collection":[{"href":"https:\/\/marekkuchcinski.pl\/sk\/wp-json\/wp\/v2\/posts"}],"about":[{"href":"https:\/\/marekkuchcinski.pl\/sk\/wp-json\/wp\/v2\/types\/post"}],"author":[{"embeddable":true,"href":"https:\/\/marekkuchcinski.pl\/sk\/wp-json\/wp\/v2\/users\/21"}],"replies":[{"embeddable":true,"href":"https:\/\/marekkuchcinski.pl\/sk\/wp-json\/wp\/v2\/comments?post=22347"}],"version-history":[{"count":5,"href":"https:\/\/marekkuchcinski.pl\/sk\/wp-json\/wp\/v2\/posts\/22347\/revisions"}],"predecessor-version":[{"id":22355,"href":"https:\/\/marekkuchcinski.pl\/sk\/wp-json\/wp\/v2\/posts\/22347\/revisions\/22355"}],"wp:featuredmedia":[{"embeddable":true,"href":"https:\/\/marekkuchcinski.pl\/sk\/wp-json\/wp\/v2\/media\/22349"}],"wp:attachment":[{"href":"https:\/\/marekkuchcinski.pl\/sk\/wp-json\/wp\/v2\/media?parent=22347"}],"wp:term":[{"taxonomy":"category","embeddable":true,"href":"https:\/\/marekkuchcinski.pl\/sk\/wp-json\/wp\/v2\/categories?post=22347"},{"taxonomy":"post_tag","embeddable":true,"href":"https:\/\/marekkuchcinski.pl\/sk\/wp-json\/wp\/v2\/tags?post=22347"}],"curies":[{"name":"wp","href":"https:\/\/api.w.org\/{rel}","templated":true}]}}