{"id":22340,"date":"2021-04-02T15:40:48","date_gmt":"2021-04-02T13:40:48","guid":{"rendered":"https:\/\/marekkuchcinski.pl\/?p=22340"},"modified":"2021-04-02T15:58:28","modified_gmt":"2021-04-02T13:58:28","slug":"zielony-lad-szansa-dla-ekorolnictwa","status":"publish","type":"post","link":"https:\/\/marekkuchcinski.pl\/sk\/wydarzenia\/zielony-lad-szansa-dla-ekorolnictwa\/","title":{"rendered":"Zelen\u00e1 dohoda: pr\u00edle\u017eitos\u0165 pre ekologick\u00e9 po\u013enohospod\u00e1rstvo"},"content":{"rendered":"<p><strong>Kvalita, nie kvantita, pr\u00edroda, nie chemik\u00e1lie, dom\u00e1ca, nie masov\u00e1 v\u00fdroba - t\u00fdmito heslami mo\u017eno stru\u010dne charakterizova\u0165 Zelen\u00fa dohodu E\u00da, ktor\u00e1 zah\u0155\u0148a dve strat\u00e9gie: Od farmy po vidli\u010dku a ochrana biodiverzity.<\/strong><\/p>\n\n\n\n<p>Na po\u013eskom trhu je pr\u00edli\u0161 m\u00e1lo ekologick\u00fdch fariem. Zavedenie Zelenej dohody to pravdepodobne zmen\u00ed: starostlivos\u0165 o \u017eivotn\u00e9 prostredie a dobr\u00e9 \u017eivotn\u00e9 podmienky zvierat by sa mala po\u013enohospod\u00e1rom vyplati\u0165.<\/p>\n\n\n\n<p>Komis\u00e1r pre po\u013enohospod\u00e1rstvo Janusz Wojciechowski zd\u00f4raz\u0148uje, \u017ee sektor ekologick\u00e9ho po\u013enohospod\u00e1rstva sa u\u017e teraz v\u00fdrazne rozv\u00edja. Za posledn\u00e9 dve desa\u0165ro\u010dia sa ekologicky obhospodarovan\u00e1 p\u00f4da v\u00fdrazne zv\u00e4\u010d\u0161ila a dosiahla 8% celkovej po\u013enohospod\u00e1rskej p\u00f4dy. Dopyt po ekologick\u00fdch v\u00fdrobkoch tie\u017e neust\u00e1le rastie. Len za posledn\u00fdch desa\u0165 rokov sa hodnota maloobchodn\u00e9ho predaja ekologick\u00fdch v\u00fdrobkov zdvojn\u00e1sobila. Odvetvie ekologick\u00e9ho po\u013enohospod\u00e1rstva sa u\u017e pova\u017euje za jedno z najdynamickej\u0161\u00edch odvetv\u00ed v Eur\u00f3pe.<\/p>\n\n\n\n<p>Lesy a voda s\u00fa mimoriadne d\u00f4le\u017eit\u00fdmi prvkami strat\u00e9gie. V novej strat\u00e9gii lesn\u00e9ho hospod\u00e1rstva sa stanov\u00ed pr\u00edspevok lesov k prechodu na udr\u017eate\u013en\u00e9 a klimaticky neutr\u00e1lne hospod\u00e1rstvo do roku 2050.<\/p>\n\n\n\n<p>Jedna z k\u013e\u00fa\u010dov\u00fdch ekosyst\u00e9mov\u00fdch slu\u017eieb, ktor\u00e9 lesy poskytuj\u00fa, s\u00favis\u00ed s vodou: lesy \u010distia vodu, reguluj\u00fa jej prietok a m\u00f4\u017eu pom\u00f4c\u0165 chr\u00e1ni\u0165 p\u00f4du pred er\u00f3ziou a dezertifik\u00e1ciou. Okrem toho lesy zohr\u00e1vaj\u00fa k\u013e\u00fa\u010dov\u00fa ochrann\u00fa \u00falohu v oblastiach ohrozen\u00fdch povod\u0148ami alebo lav\u00ednami. Nov\u00e1 strat\u00e9gia pre lesy sa bude sna\u017ei\u0165 lep\u0161ie predch\u00e1dza\u0165 ich po\u0161kodzovaniu a ni\u010deniu, zabezpe\u010dova\u0165 odolnos\u0165 a zdravie lesov, maximalizova\u0165 a podporova\u0165 plnenie t\u00fdchto funkci\u00ed a z\u00e1rove\u0148 zvy\u0161ova\u0165 ich produk\u010dn\u00fa schopnos\u0165.<\/p>\n\n\n\n<p><em>mo<\/em><\/p>\n\n\n\n<figure class=\"wp-block-image size-large\"><a href=\"https:\/\/marekkuchcinski.pl\/wp-content\/uploads\/2021\/04\/IMG_8971_edited-scaled.jpg\"><img fetchpriority=\"high\" decoding=\"async\" width=\"1024\" height=\"884\" src=\"https:\/\/marekkuchcinski.pl\/wp-content\/uploads\/2021\/04\/IMG_8971_edited-1024x884.jpg\" alt=\"\" class=\"wp-image-22341\" srcset=\"https:\/\/marekkuchcinski.pl\/wp-content\/uploads\/2021\/04\/IMG_8971_edited-1024x884.jpg 1024w, https:\/\/marekkuchcinski.pl\/wp-content\/uploads\/2021\/04\/IMG_8971_edited-300x259.jpg 300w, https:\/\/marekkuchcinski.pl\/wp-content\/uploads\/2021\/04\/IMG_8971_edited-768x663.jpg 768w, https:\/\/marekkuchcinski.pl\/wp-content\/uploads\/2021\/04\/IMG_8971_edited-1536x1327.jpg 1536w, https:\/\/marekkuchcinski.pl\/wp-content\/uploads\/2021\/04\/IMG_8971_edited-scaled.jpg 2048w, https:\/\/marekkuchcinski.pl\/wp-content\/uploads\/2021\/04\/IMG_8971_edited-14x12.jpg 14w\" sizes=\"(max-width: 1024px) 100vw, 1024px\" \/><\/a><figcaption>Po\u010fakovanie komis\u00e1rovi Januszovi Wojciechowsk\u00e9mu za podporu rozvoja rodinn\u00fdch fariem v r\u00e1mci politiky Green Deal v po\u013eskom a stredoeur\u00f3pskom po\u013enohospod\u00e1rstve\u00a0<\/figcaption><\/figure>\n\n\n\n<p><\/p>","protected":false},"excerpt":{"rendered":"<p>Jako\u015b\u0107, nie ilo\u015b\u0107, natura, nie chemia, domowe, nie masowe \u2013 tymi has\u0142ami pokr\u00f3tce mo\u017cna scharakteryzowa\u0107 unijny Zielony \u0142ad, kt\u00f3ry obejmuje dwie strategie: Od pola do sto\u0142u i ochrona bior\u00f3\u017cnorodno\u015bci. Na polskim rynku jest zbyt ma\u0142o ekologicznych gospodarstw. Wprowadzenie Zielonego \u0142adu ma szans\u0119 to zmieni\u0107: troska o \u015brodowisko i dobrostan zwierz\u0105t ma si\u0119 rolnikowi op\u0142aca\u0107. Komisarz [&hellip;]<\/p>","protected":false},"author":21,"featured_media":22341,"comment_status":"open","ping_status":"open","sticky":false,"template":"","format":"standard","meta":{"ngg_post_thumbnail":0,"footnotes":""},"categories":[78,3],"tags":[],"class_list":["post-22340","post","type-post","status-publish","format-standard","has-post-thumbnail","hentry","category-europa-karpat","category-wydarzenia"],"yoast_head":"<!-- This site is optimized with the Yoast SEO plugin v24.7 - https:\/\/yoast.com\/wordpress\/plugins\/seo\/ -->\n<title>Zielony \u0141ad: szansa dla ekorolnictwa &#8211; Marek Kuchci\u0144ski<\/title>\n<meta name=\"robots\" content=\"index, follow, max-snippet:-1, max-image-preview:large, max-video-preview:-1\" \/>\n<link rel=\"canonical\" href=\"https:\/\/marekkuchcinski.pl\/sk\/wydarzenia\/zielony-lad-szansa-dla-ekorolnictwa\/\" \/>\n<meta property=\"og:locale\" content=\"sk_SK\" \/>\n<meta property=\"og:type\" content=\"article\" \/>\n<meta property=\"og:title\" content=\"Zielony \u0141ad: szansa dla ekorolnictwa &#8211; Marek Kuchci\u0144ski\" \/>\n<meta property=\"og:description\" content=\"Jako\u015b\u0107, nie ilo\u015b\u0107, natura, nie chemia, domowe, nie masowe \u2013 tymi has\u0142ami pokr\u00f3tce mo\u017cna scharakteryzowa\u0107 unijny Zielony \u0142ad, kt\u00f3ry obejmuje dwie strategie: Od pola do sto\u0142u i ochrona bior\u00f3\u017cnorodno\u015bci. Na polskim rynku jest zbyt ma\u0142o ekologicznych gospodarstw. Wprowadzenie Zielonego \u0142adu ma szans\u0119 to zmieni\u0107: troska o \u015brodowisko i dobrostan zwierz\u0105t ma si\u0119 rolnikowi op\u0142aca\u0107. Komisarz [&hellip;]\" \/>\n<meta property=\"og:url\" content=\"https:\/\/marekkuchcinski.pl\/sk\/wydarzenia\/zielony-lad-szansa-dla-ekorolnictwa\/\" \/>\n<meta property=\"og:site_name\" content=\"Marek Kuchci\u0144ski\" \/>\n<meta property=\"article:published_time\" content=\"2021-04-02T13:40:48+00:00\" \/>\n<meta property=\"article:modified_time\" content=\"2021-04-02T13:58:28+00:00\" \/>\n<meta property=\"og:image\" content=\"https:\/\/marekkuchcinski.pl\/wp-content\/uploads\/2021\/04\/IMG_8971_edited-scaled.jpg\" \/>\n\t<meta property=\"og:image:width\" content=\"2048\" \/>\n\t<meta property=\"og:image:height\" content=\"1769\" \/>\n\t<meta property=\"og:image:type\" content=\"image\/jpeg\" \/>\n<meta name=\"author\" content=\"Marta Olejnik\" \/>\n<meta name=\"twitter:card\" content=\"summary_large_image\" \/>\n<meta name=\"twitter:label1\" content=\"Autor\" \/>\n\t<meta name=\"twitter:data1\" content=\"Marta Olejnik\" \/>\n\t<meta name=\"twitter:label2\" content=\"Predpokladan\u00fd \u010das \u010d\u00edtania\" \/>\n\t<meta name=\"twitter:data2\" content=\"2 min\u00faty\" \/>\n<script type=\"application\/ld+json\" class=\"yoast-schema-graph\">{\"@context\":\"https:\/\/schema.org\",\"@graph\":[{\"@type\":\"Article\",\"@id\":\"https:\/\/marekkuchcinski.pl\/cs\/wydarzenia\/zielony-lad-szansa-dla-ekorolnictwa\/#article\",\"isPartOf\":{\"@id\":\"https:\/\/marekkuchcinski.pl\/cs\/wydarzenia\/zielony-lad-szansa-dla-ekorolnictwa\/\"},\"author\":{\"name\":\"Marta Olejnik\",\"@id\":\"https:\/\/marekkuchcinski.pl\/#\/schema\/person\/51d5d4ee3b5317b8e4dd2b48af359229\"},\"headline\":\"Zielony \u0141ad: szansa dla ekorolnictwa\",\"datePublished\":\"2021-04-02T13:40:48+00:00\",\"dateModified\":\"2021-04-02T13:58:28+00:00\",\"mainEntityOfPage\":{\"@id\":\"https:\/\/marekkuchcinski.pl\/cs\/wydarzenia\/zielony-lad-szansa-dla-ekorolnictwa\/\"},\"wordCount\":308,\"commentCount\":0,\"publisher\":{\"@id\":\"https:\/\/marekkuchcinski.pl\/#organization\"},\"image\":{\"@id\":\"https:\/\/marekkuchcinski.pl\/cs\/wydarzenia\/zielony-lad-szansa-dla-ekorolnictwa\/#primaryimage\"},\"thumbnailUrl\":\"https:\/\/marekkuchcinski.pl\/wp-content\/uploads\/2021\/04\/IMG_8971_edited-scaled.jpg\",\"articleSection\":[\"Europa Karpat\",\"Wydarzenia\"],\"inLanguage\":\"sk-SK\",\"potentialAction\":[{\"@type\":\"CommentAction\",\"name\":\"Comment\",\"target\":[\"https:\/\/marekkuchcinski.pl\/cs\/wydarzenia\/zielony-lad-szansa-dla-ekorolnictwa\/#respond\"]}]},{\"@type\":\"WebPage\",\"@id\":\"https:\/\/marekkuchcinski.pl\/cs\/wydarzenia\/zielony-lad-szansa-dla-ekorolnictwa\/\",\"url\":\"https:\/\/marekkuchcinski.pl\/cs\/wydarzenia\/zielony-lad-szansa-dla-ekorolnictwa\/\",\"name\":\"Zielony \u0141ad: szansa dla ekorolnictwa &#8211; Marek Kuchci\u0144ski\",\"isPartOf\":{\"@id\":\"https:\/\/marekkuchcinski.pl\/#website\"},\"primaryImageOfPage\":{\"@id\":\"https:\/\/marekkuchcinski.pl\/cs\/wydarzenia\/zielony-lad-szansa-dla-ekorolnictwa\/#primaryimage\"},\"image\":{\"@id\":\"https:\/\/marekkuchcinski.pl\/cs\/wydarzenia\/zielony-lad-szansa-dla-ekorolnictwa\/#primaryimage\"},\"thumbnailUrl\":\"https:\/\/marekkuchcinski.pl\/wp-content\/uploads\/2021\/04\/IMG_8971_edited-scaled.jpg\",\"datePublished\":\"2021-04-02T13:40:48+00:00\",\"dateModified\":\"2021-04-02T13:58:28+00:00\",\"breadcrumb\":{\"@id\":\"https:\/\/marekkuchcinski.pl\/cs\/wydarzenia\/zielony-lad-szansa-dla-ekorolnictwa\/#breadcrumb\"},\"inLanguage\":\"sk-SK\",\"potentialAction\":[{\"@type\":\"ReadAction\",\"target\":[\"https:\/\/marekkuchcinski.pl\/cs\/wydarzenia\/zielony-lad-szansa-dla-ekorolnictwa\/\"]}]},{\"@type\":\"ImageObject\",\"inLanguage\":\"sk-SK\",\"@id\":\"https:\/\/marekkuchcinski.pl\/cs\/wydarzenia\/zielony-lad-szansa-dla-ekorolnictwa\/#primaryimage\",\"url\":\"https:\/\/marekkuchcinski.pl\/wp-content\/uploads\/2021\/04\/IMG_8971_edited-scaled.jpg\",\"contentUrl\":\"https:\/\/marekkuchcinski.pl\/wp-content\/uploads\/2021\/04\/IMG_8971_edited-scaled.jpg\",\"width\":2048,\"height\":1769},{\"@type\":\"BreadcrumbList\",\"@id\":\"https:\/\/marekkuchcinski.pl\/cs\/wydarzenia\/zielony-lad-szansa-dla-ekorolnictwa\/#breadcrumb\",\"itemListElement\":[{\"@type\":\"ListItem\",\"position\":1,\"name\":\"Strona g\u0142\u00f3wna\",\"item\":\"https:\/\/marekkuchcinski.pl\/\"},{\"@type\":\"ListItem\",\"position\":2,\"name\":\"Zielony \u0141ad: szansa dla ekorolnictwa\"}]},{\"@type\":\"WebSite\",\"@id\":\"https:\/\/marekkuchcinski.pl\/#website\",\"url\":\"https:\/\/marekkuchcinski.pl\/\",\"name\":\"Marek Kuchci\u0144ski\",\"description\":\"Pose\u0142 na sejm RP &ndash; okr\u0119g nr 22\",\"publisher\":{\"@id\":\"https:\/\/marekkuchcinski.pl\/#organization\"},\"potentialAction\":[{\"@type\":\"SearchAction\",\"target\":{\"@type\":\"EntryPoint\",\"urlTemplate\":\"https:\/\/marekkuchcinski.pl\/?s={search_term_string}\"},\"query-input\":{\"@type\":\"PropertyValueSpecification\",\"valueRequired\":true,\"valueName\":\"search_term_string\"}}],\"inLanguage\":\"sk-SK\"},{\"@type\":\"Organization\",\"@id\":\"https:\/\/marekkuchcinski.pl\/#organization\",\"name\":\"Marek Kuchci\u0144ski\",\"url\":\"https:\/\/marekkuchcinski.pl\/\",\"logo\":{\"@type\":\"ImageObject\",\"inLanguage\":\"sk-SK\",\"@id\":\"https:\/\/marekkuchcinski.pl\/#\/schema\/logo\/image\/\",\"url\":\"https:\/\/marekkuchcinski.pl\/wp-content\/uploads\/2022\/09\/Marek.jpg\",\"contentUrl\":\"https:\/\/marekkuchcinski.pl\/wp-content\/uploads\/2022\/09\/Marek.jpg\",\"width\":1600,\"height\":971,\"caption\":\"Marek Kuchci\u0144ski\"},\"image\":{\"@id\":\"https:\/\/marekkuchcinski.pl\/#\/schema\/logo\/image\/\"}},{\"@type\":\"Person\",\"@id\":\"https:\/\/marekkuchcinski.pl\/#\/schema\/person\/51d5d4ee3b5317b8e4dd2b48af359229\",\"name\":\"Marta Olejnik\",\"image\":{\"@type\":\"ImageObject\",\"inLanguage\":\"sk-SK\",\"@id\":\"https:\/\/marekkuchcinski.pl\/#\/schema\/person\/image\/\",\"url\":\"https:\/\/secure.gravatar.com\/avatar\/e39914b2aa6a48959e24d475b5dc9793?s=96&d=mm&r=g\",\"contentUrl\":\"https:\/\/secure.gravatar.com\/avatar\/e39914b2aa6a48959e24d475b5dc9793?s=96&d=mm&r=g\",\"caption\":\"Marta Olejnik\"},\"url\":\"https:\/\/marekkuchcinski.pl\/sk\/author\/marta\/\"}]}<\/script>\n<!-- \/ Yoast SEO plugin. -->","yoast_head_json":{"title":"Zielony \u0141ad: szansa dla ekorolnictwa &#8211; Marek Kuchci\u0144ski","robots":{"index":"index","follow":"follow","max-snippet":"max-snippet:-1","max-image-preview":"max-image-preview:large","max-video-preview":"max-video-preview:-1"},"canonical":"https:\/\/marekkuchcinski.pl\/sk\/wydarzenia\/zielony-lad-szansa-dla-ekorolnictwa\/","og_locale":"sk_SK","og_type":"article","og_title":"Zielony \u0141ad: szansa dla ekorolnictwa &#8211; Marek Kuchci\u0144ski","og_description":"Jako\u015b\u0107, nie ilo\u015b\u0107, natura, nie chemia, domowe, nie masowe \u2013 tymi has\u0142ami pokr\u00f3tce mo\u017cna scharakteryzowa\u0107 unijny Zielony \u0142ad, kt\u00f3ry obejmuje dwie strategie: Od pola do sto\u0142u i ochrona bior\u00f3\u017cnorodno\u015bci. Na polskim rynku jest zbyt ma\u0142o ekologicznych gospodarstw. Wprowadzenie Zielonego \u0142adu ma szans\u0119 to zmieni\u0107: troska o \u015brodowisko i dobrostan zwierz\u0105t ma si\u0119 rolnikowi op\u0142aca\u0107. Komisarz [&hellip;]","og_url":"https:\/\/marekkuchcinski.pl\/sk\/wydarzenia\/zielony-lad-szansa-dla-ekorolnictwa\/","og_site_name":"Marek Kuchci\u0144ski","article_published_time":"2021-04-02T13:40:48+00:00","article_modified_time":"2021-04-02T13:58:28+00:00","og_image":[{"width":2048,"height":1769,"url":"https:\/\/marekkuchcinski.pl\/wp-content\/uploads\/2021\/04\/IMG_8971_edited-scaled.jpg","type":"image\/jpeg"}],"author":"Marta Olejnik","twitter_card":"summary_large_image","twitter_misc":{"Autor":"Marta Olejnik","Predpokladan\u00fd \u010das \u010d\u00edtania":"2 min\u00faty"},"schema":{"@context":"https:\/\/schema.org","@graph":[{"@type":"Article","@id":"https:\/\/marekkuchcinski.pl\/cs\/wydarzenia\/zielony-lad-szansa-dla-ekorolnictwa\/#article","isPartOf":{"@id":"https:\/\/marekkuchcinski.pl\/cs\/wydarzenia\/zielony-lad-szansa-dla-ekorolnictwa\/"},"author":{"name":"Marta Olejnik","@id":"https:\/\/marekkuchcinski.pl\/#\/schema\/person\/51d5d4ee3b5317b8e4dd2b48af359229"},"headline":"Zielony \u0141ad: szansa dla ekorolnictwa","datePublished":"2021-04-02T13:40:48+00:00","dateModified":"2021-04-02T13:58:28+00:00","mainEntityOfPage":{"@id":"https:\/\/marekkuchcinski.pl\/cs\/wydarzenia\/zielony-lad-szansa-dla-ekorolnictwa\/"},"wordCount":308,"commentCount":0,"publisher":{"@id":"https:\/\/marekkuchcinski.pl\/#organization"},"image":{"@id":"https:\/\/marekkuchcinski.pl\/cs\/wydarzenia\/zielony-lad-szansa-dla-ekorolnictwa\/#primaryimage"},"thumbnailUrl":"https:\/\/marekkuchcinski.pl\/wp-content\/uploads\/2021\/04\/IMG_8971_edited-scaled.jpg","articleSection":["Europa Karpat","Wydarzenia"],"inLanguage":"sk-SK","potentialAction":[{"@type":"CommentAction","name":"Comment","target":["https:\/\/marekkuchcinski.pl\/cs\/wydarzenia\/zielony-lad-szansa-dla-ekorolnictwa\/#respond"]}]},{"@type":"WebPage","@id":"https:\/\/marekkuchcinski.pl\/cs\/wydarzenia\/zielony-lad-szansa-dla-ekorolnictwa\/","url":"https:\/\/marekkuchcinski.pl\/cs\/wydarzenia\/zielony-lad-szansa-dla-ekorolnictwa\/","name":"Zielony \u0141ad: szansa dla ekorolnictwa &#8211; Marek Kuchci\u0144ski","isPartOf":{"@id":"https:\/\/marekkuchcinski.pl\/#website"},"primaryImageOfPage":{"@id":"https:\/\/marekkuchcinski.pl\/cs\/wydarzenia\/zielony-lad-szansa-dla-ekorolnictwa\/#primaryimage"},"image":{"@id":"https:\/\/marekkuchcinski.pl\/cs\/wydarzenia\/zielony-lad-szansa-dla-ekorolnictwa\/#primaryimage"},"thumbnailUrl":"https:\/\/marekkuchcinski.pl\/wp-content\/uploads\/2021\/04\/IMG_8971_edited-scaled.jpg","datePublished":"2021-04-02T13:40:48+00:00","dateModified":"2021-04-02T13:58:28+00:00","breadcrumb":{"@id":"https:\/\/marekkuchcinski.pl\/cs\/wydarzenia\/zielony-lad-szansa-dla-ekorolnictwa\/#breadcrumb"},"inLanguage":"sk-SK","potentialAction":[{"@type":"ReadAction","target":["https:\/\/marekkuchcinski.pl\/cs\/wydarzenia\/zielony-lad-szansa-dla-ekorolnictwa\/"]}]},{"@type":"ImageObject","inLanguage":"sk-SK","@id":"https:\/\/marekkuchcinski.pl\/cs\/wydarzenia\/zielony-lad-szansa-dla-ekorolnictwa\/#primaryimage","url":"https:\/\/marekkuchcinski.pl\/wp-content\/uploads\/2021\/04\/IMG_8971_edited-scaled.jpg","contentUrl":"https:\/\/marekkuchcinski.pl\/wp-content\/uploads\/2021\/04\/IMG_8971_edited-scaled.jpg","width":2048,"height":1769},{"@type":"BreadcrumbList","@id":"https:\/\/marekkuchcinski.pl\/cs\/wydarzenia\/zielony-lad-szansa-dla-ekorolnictwa\/#breadcrumb","itemListElement":[{"@type":"ListItem","position":1,"name":"Strona g\u0142\u00f3wna","item":"https:\/\/marekkuchcinski.pl\/"},{"@type":"ListItem","position":2,"name":"Zielony \u0141ad: szansa dla ekorolnictwa"}]},{"@type":"WebSite","@id":"https:\/\/marekkuchcinski.pl\/#website","url":"https:\/\/marekkuchcinski.pl\/","name":"Marek Kuchci\u0144ski","description":"Pose\u0142 na sejm RP &ndash; okr\u0119g nr 22","publisher":{"@id":"https:\/\/marekkuchcinski.pl\/#organization"},"potentialAction":[{"@type":"SearchAction","target":{"@type":"EntryPoint","urlTemplate":"https:\/\/marekkuchcinski.pl\/?s={search_term_string}"},"query-input":{"@type":"PropertyValueSpecification","valueRequired":true,"valueName":"search_term_string"}}],"inLanguage":"sk-SK"},{"@type":"Organization","@id":"https:\/\/marekkuchcinski.pl\/#organization","name":"Marek Kuchci\u0144ski","url":"https:\/\/marekkuchcinski.pl\/","logo":{"@type":"ImageObject","inLanguage":"sk-SK","@id":"https:\/\/marekkuchcinski.pl\/#\/schema\/logo\/image\/","url":"https:\/\/marekkuchcinski.pl\/wp-content\/uploads\/2022\/09\/Marek.jpg","contentUrl":"https:\/\/marekkuchcinski.pl\/wp-content\/uploads\/2022\/09\/Marek.jpg","width":1600,"height":971,"caption":"Marek Kuchci\u0144ski"},"image":{"@id":"https:\/\/marekkuchcinski.pl\/#\/schema\/logo\/image\/"}},{"@type":"Person","@id":"https:\/\/marekkuchcinski.pl\/#\/schema\/person\/51d5d4ee3b5317b8e4dd2b48af359229","name":"Marta Olejnik","image":{"@type":"ImageObject","inLanguage":"sk-SK","@id":"https:\/\/marekkuchcinski.pl\/#\/schema\/person\/image\/","url":"https:\/\/secure.gravatar.com\/avatar\/e39914b2aa6a48959e24d475b5dc9793?s=96&d=mm&r=g","contentUrl":"https:\/\/secure.gravatar.com\/avatar\/e39914b2aa6a48959e24d475b5dc9793?s=96&d=mm&r=g","caption":"Marta Olejnik"},"url":"https:\/\/marekkuchcinski.pl\/sk\/author\/marta\/"}]}},"_links":{"self":[{"href":"https:\/\/marekkuchcinski.pl\/sk\/wp-json\/wp\/v2\/posts\/22340","targetHints":{"allow":["GET"]}}],"collection":[{"href":"https:\/\/marekkuchcinski.pl\/sk\/wp-json\/wp\/v2\/posts"}],"about":[{"href":"https:\/\/marekkuchcinski.pl\/sk\/wp-json\/wp\/v2\/types\/post"}],"author":[{"embeddable":true,"href":"https:\/\/marekkuchcinski.pl\/sk\/wp-json\/wp\/v2\/users\/21"}],"replies":[{"embeddable":true,"href":"https:\/\/marekkuchcinski.pl\/sk\/wp-json\/wp\/v2\/comments?post=22340"}],"version-history":[{"count":4,"href":"https:\/\/marekkuchcinski.pl\/sk\/wp-json\/wp\/v2\/posts\/22340\/revisions"}],"predecessor-version":[{"id":22346,"href":"https:\/\/marekkuchcinski.pl\/sk\/wp-json\/wp\/v2\/posts\/22340\/revisions\/22346"}],"wp:featuredmedia":[{"embeddable":true,"href":"https:\/\/marekkuchcinski.pl\/sk\/wp-json\/wp\/v2\/media\/22341"}],"wp:attachment":[{"href":"https:\/\/marekkuchcinski.pl\/sk\/wp-json\/wp\/v2\/media?parent=22340"}],"wp:term":[{"taxonomy":"category","embeddable":true,"href":"https:\/\/marekkuchcinski.pl\/sk\/wp-json\/wp\/v2\/categories?post=22340"},{"taxonomy":"post_tag","embeddable":true,"href":"https:\/\/marekkuchcinski.pl\/sk\/wp-json\/wp\/v2\/tags?post=22340"}],"curies":[{"name":"wp","href":"https:\/\/api.w.org\/{rel}","templated":true}]}}