{"id":22233,"date":"2021-03-23T11:08:53","date_gmt":"2021-03-23T10:08:53","guid":{"rendered":"https:\/\/marekkuchcinski.pl\/?p=22233"},"modified":"2021-03-24T18:03:43","modified_gmt":"2021-03-24T17:03:43","slug":"dzien-przyjazni-polsko-wegierskiej","status":"publish","type":"post","link":"https:\/\/marekkuchcinski.pl\/sk\/wydarzenia\/dzien-przyjazni-polsko-wegierskiej\/","title":{"rendered":"De\u0148 po\u013esko-ma\u010farsk\u00e9ho priate\u013estva"},"content":{"rendered":"<p>Ma\u010farsk\u00fd parlament 12. marca 2007 jednomyse\u013ene uznal <strong>23. marca - De\u0148 po\u013esko-ma\u010farsk\u00e9ho priate\u013estva<\/strong>Po\u013esk\u00fd parlament prijal podobn\u00e9 uznesenie aklam\u00e1ciou o \u0161tyri dni nesk\u00f4r. O \u0161tyri dni nesk\u00f4r po\u013esk\u00fd Sejm prijal aklam\u00e1ciou podobn\u00fa rezol\u00faciu. \"Poliaci a Ma\u010fari \u017eij\u00fa v tej istej \u010dasti Eur\u00f3py u\u017e viac ako 1000 rokov, \u010do vytvorilo trval\u00e9 v\u00e4zby medzi oboma n\u00e1rodmi na mnoh\u00fdch \u00farovniach: politickej, soci\u00e1lnej, kult\u00farnej a hospod\u00e1rskej. Mnohokr\u00e1t sme spolo\u010dne odrazili hrozby prich\u00e1dzaj\u00face z V\u00fdchodu aj zo Z\u00e1padu.\" - uv\u00e1dza sa v texte.<\/p>\n\n\n\n<p>T\u00e1to rezol\u00facia, hoci kr\u00e1tka, dokonale ilustruje v\u00fdnimo\u010dn\u00fd, tis\u00edcro\u010dn\u00fd vz\u0165ah medzi dvoma zdanlivo nezlu\u010dite\u013en\u00fdmi n\u00e1rodmi, hoci len jazykovo, slovansk\u00fdmi Poliakmi a Madarovcami. Ma\u010farsk\u00fd prezident Janos Ader s odkazom na po\u00e9ziu Sandora M\u00e1raia povedal: \"Narodili sme sa v strednej Eur\u00f3pe, tak\u017ee sme mnohon\u00e1sobn\u00ed hrdinovia. Tieto dva hrd\u00e9 n\u00e1rody, vr\u017een\u00e9 do zlo\u017eitej \u010dasti Eur\u00f3py, napriek mnoh\u00fdm historick\u00fdm turbulenci\u00e1m nielen\u017ee v skuto\u010dnosti nest\u00e1li proti sebe (okrem konfliktov o Hali\u010dsk\u00fa Rus v stredoveku alebo vp\u00e1du uhorsk\u00e9ho kr\u00e1\u013ea Mateja Korv\u00edna do \u010cervenej Rusi), ale pri mnoh\u00fdch pr\u00edle\u017eitostiach aj \u00fazko spolupracovali. Nejde len o v\u0161eobecne zn\u00e1me vy\u0161ehradsk\u00e9 dohovory v 14. storo\u010d\u00ed, ale aj o person\u00e1lnu \u00faniu medzi Po\u013eskom a Uhorskom, ktorej v\u00fdsledkom bolo vyhl\u00e1senie uhorsk\u00e9ho panovn\u00edka \u013dudov\u00edta I. (v Po\u013esku zn\u00e1meho ako \u013dudov\u00edt Uhorsk\u00fd) za po\u013esk\u00e9ho kr\u00e1\u013ea, a potom o druh\u00fa person\u00e1lnu \u00faniu, ke\u010f sa uhorsk\u00fdm kr\u00e1\u013eom stal Ladislav III. Na zbl\u00ed\u017eenie oboch n\u00e1rodov mal ve\u013ek\u00fd vplyv aj \u0160tefan B\u00e1tory, ktor\u00fd ako sedmohradsk\u00e9 knie\u017ea okrem in\u00e9ho viedol k utu\u017eeniu kontaktov medzi \u0161\u013eachtou Po\u013eskej republiky a Sedmohradska a k rozvoju obchodn\u00fdch a hospod\u00e1rskych vz\u0165ahov. Tieto \u00fazke kontakty boli preto prirodzen\u00e9, preto\u017ee na\u0161e n\u00e1rody sa navz\u00e1jom ovplyv\u0148ovali po st\u00e1ro\u010dia.&nbsp;<\/p>\n\n\n\n<p>Rok 1956 n\u00e1s spojil ve\u013ek\u00fdm mostom solidarity a pomoci. Ma\u010farsk\u00e9 povstanie sa za\u010dalo ako prejav podpory politick\u00e9ho odm\u00e4ku v Po\u013esku: \"V\u0161etci Ma\u010fari p\u00f4jdu s nami, my p\u00f4jdeme za Poliakmi!\" - kri\u010dali demon\u0161tranti zhroma\u017eden\u00ed pri Bemovom pam\u00e4tn\u00edku v Budape\u0161ti. Poliaci podporovali Ma\u010farov bojuj\u00facich proti sovietskemu re\u017eimu, posielali im lieky, potraviny a darovali krv.<\/p>\n\n\n\n<p>Skuto\u010dn\u00e9 priate\u013estvo medzi n\u00e1rodmi je v dne\u0161nom svete nie\u010do nesl\u00fdchan\u00e9. Samozrejme, existuj\u00fa dobr\u00e9, priate\u013esk\u00e9 kontakty, partneri, spojenci. Ale k Ma\u010farom v Po\u013esku a k Poliakom v Ma\u010farsku sa spr\u00e1vaj\u00fa s \u00faprimnou a neskr\u00fdvanou sympatiou, \u010do som osobne za\u017eil. Sved\u010dia o tom aj prieskumy verejnej mienky - Ma\u010fari (popri \u010cechoch a Slov\u00e1koch) s\u00fa u\u017e roky ozna\u010dovan\u00ed za jeden z n\u00e1rodov, ktor\u00e9 maj\u00fa Poliaci najrad\u0161ej. Spolupr\u00e1ca je vynikaj\u00faca aj na \u00farovni kontaktov medzi mestami, \u0161kolami a univerzitami. &nbsp;<\/p>\n\n\n\n<p>V Eur\u00f3pe dnes pravdepodobne neexistuje vl\u00e1da, ktor\u00e1 by spolupracovala a vz\u00e1jomne sa podporovala, ako je vl\u00e1da Po\u013eska a Ma\u010farska. Samozrejme, ve\u013ek\u00fa z\u00e1sluhu na rozvoji tejto spolupr\u00e1ce maj\u00fa aj prezidenti oboch kraj\u00edn, ktor\u00ed sa ka\u017edoro\u010dne z\u00fa\u010dast\u0148uj\u00fa na Dni po\u013esko-ma\u010farsk\u00e9ho priate\u013estva. &nbsp;<\/p>\n\n\n\n<p>Ako dlhoro\u010dn\u00fd poslanec Parlamentu nem\u00f4\u017eem nespomen\u00fa\u0165 medziparlamentn\u00e9 kontakty. Ke\u010f som bol predsedom Sejmu, stret\u00e1vali sme sa s predsedom ma\u010farsk\u00e9ho parlamentu L\u00e1szl\u00f3m K\u00f6v\u00e9rom dos\u0165 \u010dasto, a\u017e sme si robili \u017earty, \u017ee sa stret\u00e1vame \u010dastej\u0161ie ako s vlastn\u00fdmi rodinami. V\u010faka na\u0161ej spolo\u010dnej anga\u017eovanosti sa v\u0161ak t\u00e1to intenz\u00edvna spolupr\u00e1ca roz\u0161\u00edrila \u010faleko za hranice \"tradi\u010dnej\" medziparlamentnej spolupr\u00e1ce, napr\u00edklad do oblasti kult\u00fary. Spolo\u010dne sme odhalili pomn\u00edky Slawikovi-Antallovi vo Var\u0161ave a Budape\u0161ti a uctili sme si v\u00fdznamn\u00e9 historick\u00e9 oslavy (v\u00fdro\u010die ma\u010farsk\u00e9ho povstania v roku 1956 moj\u00edm prejavom na sl\u00e1vnostnom zasadnut\u00ed ma\u010farsk\u00e9ho N\u00e1rodn\u00e9ho zhroma\u017edenia). &nbsp;<\/p>\n\n\n\n<p>V s\u00fa\u010dasnosti je moj\u00edm cie\u013eom <a href=\"https:\/\/marekkuchcinski.pl\/sk\/wydarzenia\/marek-kuchcinski-przewodniczacym-polsko-wegierskiej-grupy-parlamentarnej\/?fbclid=IwAR1zxvSOY4bxJjH8Ovarly5PhPbVgM75TwBJnYK0RjuV673HKmp0jYdtfCc\">Predseda po\u013esko-ma\u010farskej parlamentnej skupiny<\/a> je posilni\u0165 spolupr\u00e1cu medzi na\u0161imi skupinami a \u010dlenmi. S ve\u013ekou \u013e\u00fatos\u0165ou som sa dozvedel o zru\u0161en\u00ed osl\u00e1v po\u013esko-ma\u010farsk\u00e9ho d\u0148a priate\u013estva v Csepeli v roku 2020, na ktor\u00fdch som sa mal z\u00fa\u010dastni\u0165. Ve\u013emi sme d\u00fafali, \u017ee sa n\u00e1m po roku, v marci tohto roku, podar\u00ed spoji\u0165 z\u00e1stupcov na\u0161ich skup\u00edn a osl\u00e1vi\u0165 tohtoro\u010dn\u00fd De\u0148 priate\u013estva. \u017dia\u013e, situ\u00e1cia v Po\u013esku a Ma\u010farsku neumo\u017e\u0148uje osobn\u00e9 kontakty. Zost\u00e1va n\u00e1m videokonferencia a \u010dakanie na zlep\u0161enie hygienickej situ\u00e1cie. V s\u00fa\u010dasnom volebnom obdob\u00ed p\u00f4sob\u00edm aj ako predseda V\u00fdboru pre zahrani\u010dn\u00e9 veci. Spolu s predsedom Zsoltom N\u00e9methom sa zameriavame predov\u0161etk\u00fdm na posilnenie vy\u0161ehradskej spolupr\u00e1ce. &nbsp;<\/p>\n\n\n\n<p>V\u00e1\u017een\u00fd p\u00e1n predsedaj\u00faci, pozorne a so znepokojen\u00edm sledujem spr\u00e1vy z Ma\u010farska o boji vl\u00e1dy a verejnosti proti SARS-Cov-2. Ve\u013emi d\u00fafam, \u017ee na\u0161e krajiny \u010doskoro spolo\u010dne prekonaj\u00fa hrozbu pand\u00e9mie. Som v neust\u00e1lom kontakte so svojimi ma\u010farsk\u00fdmi priate\u013emi a z prvej ruky po\u010d\u00favam o hrdinskom boji ma\u010farsk\u00fdch zdravotn\u00edckych slu\u017eieb, ktor\u00fdch \u00fasilie oce\u0148ujem. &nbsp;<\/p>\n\n\n\n<p>Pred nieko\u013ek\u00fdmi d\u0148ami, 15. marca, na\u0161i ma\u010farsk\u00ed priatelia osl\u00e1vili v\u00fdznamn\u00fd d\u00e1tum - De\u0148 ma\u010farskej revol\u00facie, ktor\u00fd pripom\u00edna n\u00e1rodn\u00e9 povstanie proti Habsburgovcom a vojnu za nez\u00e1vislos\u0165 v rokoch 1848-1849. Tento d\u00e1tum je v\u00fdznamn\u00fd aj pre n\u00e1s Poliakov. Na strane Ma\u010farov bojoval 3-tis\u00edcov\u00fd po\u013esk\u00fd legion pod velen\u00edm gener\u00e1la J\u00f3zefa Wysock\u00e9ho. Vrchn\u00fdm velite\u013eom uhorskej arm\u00e1dy bol ist\u00fd \u010das gener\u00e1l Henryk Dembi\u0144ski a predov\u0161etk\u00fdm gener\u00e1l J\u00f3zef Bem, pova\u017eovan\u00fd za najv\u00fdznamnej\u0161ieho velite\u013ea bojov v rokoch 1848-1849. Najm\u00e4 ten sa dodnes te\u0161\u00ed v\u0161eobecnej \u00facte a zasl\u00fa\u017eenej povesti hrdinu medzi Poliakmi aj Ma\u010farmi. &nbsp;<\/p>\n\n\n\n<p>17. febru\u00e1ra sa zasa odohrala \u010fal\u0161ia udalos\u0165, ktor\u00e1 sa zap\u00ed\u0161e do dej\u00edn po\u013esko-ma\u010farsk\u00fdch vz\u0165ahov - odovzdanie mlad\u00edckej zbroje po\u013esk\u00e9ho kr\u00e1\u013ea \u017digmunda Augusta Ma\u010farskom. Toto ve\u013ekolep\u00e9 gesto premi\u00e9ra Viktora Orb\u00e1na je pre n\u00e1s \u010fal\u0161\u00edm symbolom ve\u013ek\u00e9ho priate\u013estva medzi na\u0161imi n\u00e1rodmi.&nbsp;<\/p>\n\n\n\n<p><\/p>\n\n\n\n<p><em>Marek Kuchci\u0144ski<\/em><\/p>\n\n\n\n<figure class=\"wp-block-image size-large\"><a href=\"https:\/\/marekkuchcinski.pl\/wp-content\/uploads\/2021\/03\/mw-1.jpg\"><img fetchpriority=\"high\" decoding=\"async\" width=\"796\" height=\"1024\" src=\"https:\/\/marekkuchcinski.pl\/wp-content\/uploads\/2021\/03\/mw-1-796x1024.jpg\" alt=\"\" class=\"wp-image-22236\" srcset=\"https:\/\/marekkuchcinski.pl\/wp-content\/uploads\/2021\/03\/mw-1-796x1024.jpg 796w, https:\/\/marekkuchcinski.pl\/wp-content\/uploads\/2021\/03\/mw-1-233x300.jpg 233w, https:\/\/marekkuchcinski.pl\/wp-content\/uploads\/2021\/03\/mw-1-768x988.jpg 768w, https:\/\/marekkuchcinski.pl\/wp-content\/uploads\/2021\/03\/mw-1-1194x1536.jpg 1194w, https:\/\/marekkuchcinski.pl\/wp-content\/uploads\/2021\/03\/mw-1-9x12.jpg 9w, https:\/\/marekkuchcinski.pl\/wp-content\/uploads\/2021\/03\/mw-1.jpg 1307w\" sizes=\"(max-width: 796px) 100vw, 796px\" \/><\/a><\/figure>\n\n\n\n<figure class=\"wp-block-image size-large\"><a href=\"https:\/\/marekkuchcinski.pl\/wp-content\/uploads\/2021\/03\/164167365_148539597150773_7055554565281124940_n.png\"><img decoding=\"async\" width=\"1024\" height=\"683\" src=\"https:\/\/marekkuchcinski.pl\/wp-content\/uploads\/2021\/03\/164167365_148539597150773_7055554565281124940_n-1024x683.png\" alt=\"\" class=\"wp-image-22237\" srcset=\"https:\/\/marekkuchcinski.pl\/wp-content\/uploads\/2021\/03\/164167365_148539597150773_7055554565281124940_n-1024x683.png 1024w, https:\/\/marekkuchcinski.pl\/wp-content\/uploads\/2021\/03\/164167365_148539597150773_7055554565281124940_n-300x200.png 300w, https:\/\/marekkuchcinski.pl\/wp-content\/uploads\/2021\/03\/164167365_148539597150773_7055554565281124940_n-768x512.png 768w, https:\/\/marekkuchcinski.pl\/wp-content\/uploads\/2021\/03\/164167365_148539597150773_7055554565281124940_n-1536x1024.png 1536w, https:\/\/marekkuchcinski.pl\/wp-content\/uploads\/2021\/03\/164167365_148539597150773_7055554565281124940_n-16x12.png 16w, https:\/\/marekkuchcinski.pl\/wp-content\/uploads\/2021\/03\/164167365_148539597150773_7055554565281124940_n.png 1800w\" sizes=\"(max-width: 1024px) 100vw, 1024px\" \/><\/a><\/figure>\n\n\n\n<p><em>Foto: Pawe\u0142 Kula\/ Sejm RP<\/em><\/p>","protected":false},"excerpt":{"rendered":"<p>12 marca 2007 r. parlament W\u0119gier jednog\u0142o\u015bnie uzna\u0142 23 marca Dniem Przyja\u017ani Polsko-W\u0119gierskiej, upami\u0119tniaj\u0105c d\u0142ugie dobros\u0105siedzkie stosunki. Cztery dni p\u00f3\u017aniej analogiczn\u0105 uchwa\u0142\u0119 przyj\u0105\u0142 przez aklamacj\u0119 polski Sejm. \u201eOd ponad 1000 lat Polacy i W\u0119grzy \u017cyj\u0105 w tej samej cz\u0119\u015bci Europy, tworz\u0105c trwa\u0142e wi\u0119zy \u0142\u0105cz\u0105ce oba narody na wielu p\u0142aszczyznach: politycznej, spo\u0142ecznej, kulturalnej i ekonomicznej. Wielokrotnie [&hellip;]<\/p>","protected":false},"author":21,"featured_media":22235,"comment_status":"open","ping_status":"open","sticky":false,"template":"","format":"standard","meta":{"ngg_post_thumbnail":0,"footnotes":""},"categories":[50,3],"tags":[],"class_list":["post-22233","post","type-post","status-publish","format-standard","has-post-thumbnail","hentry","category-wspolpraca-miedzynarodowa","category-wydarzenia"],"yoast_head":"<!-- This site is optimized with the Yoast SEO plugin v24.7 - https:\/\/yoast.com\/wordpress\/plugins\/seo\/ -->\n<title>Dzie\u0144 Przyja\u017ani Polsko-W\u0119gierskiej &#8211; Marek Kuchci\u0144ski<\/title>\n<meta name=\"robots\" content=\"index, follow, max-snippet:-1, max-image-preview:large, max-video-preview:-1\" \/>\n<link rel=\"canonical\" href=\"https:\/\/marekkuchcinski.pl\/sk\/wydarzenia\/dzien-przyjazni-polsko-wegierskiej\/\" \/>\n<meta property=\"og:locale\" content=\"sk_SK\" \/>\n<meta property=\"og:type\" content=\"article\" \/>\n<meta property=\"og:title\" content=\"Dzie\u0144 Przyja\u017ani Polsko-W\u0119gierskiej &#8211; Marek Kuchci\u0144ski\" \/>\n<meta property=\"og:description\" content=\"12 marca 2007 r. parlament W\u0119gier jednog\u0142o\u015bnie uzna\u0142 23 marca Dniem Przyja\u017ani Polsko-W\u0119gierskiej, upami\u0119tniaj\u0105c d\u0142ugie dobros\u0105siedzkie stosunki. Cztery dni p\u00f3\u017aniej analogiczn\u0105 uchwa\u0142\u0119 przyj\u0105\u0142 przez aklamacj\u0119 polski Sejm. \u201eOd ponad 1000 lat Polacy i W\u0119grzy \u017cyj\u0105 w tej samej cz\u0119\u015bci Europy, tworz\u0105c trwa\u0142e wi\u0119zy \u0142\u0105cz\u0105ce oba narody na wielu p\u0142aszczyznach: politycznej, spo\u0142ecznej, kulturalnej i ekonomicznej. Wielokrotnie [&hellip;]\" \/>\n<meta property=\"og:url\" content=\"https:\/\/marekkuchcinski.pl\/sk\/wydarzenia\/dzien-przyjazni-polsko-wegierskiej\/\" \/>\n<meta property=\"og:site_name\" content=\"Marek Kuchci\u0144ski\" \/>\n<meta property=\"article:published_time\" content=\"2021-03-23T10:08:53+00:00\" \/>\n<meta property=\"article:modified_time\" content=\"2021-03-24T17:03:43+00:00\" \/>\n<meta property=\"og:image\" content=\"https:\/\/marekkuchcinski.pl\/wp-content\/uploads\/2021\/03\/mw.jpg\" \/>\n\t<meta property=\"og:image:width\" content=\"1307\" \/>\n\t<meta property=\"og:image:height\" content=\"1681\" \/>\n\t<meta property=\"og:image:type\" content=\"image\/jpeg\" \/>\n<meta name=\"author\" content=\"Marta Olejnik\" \/>\n<meta name=\"twitter:card\" content=\"summary_large_image\" \/>\n<meta name=\"twitter:label1\" content=\"Autor\" \/>\n\t<meta name=\"twitter:data1\" content=\"Marta Olejnik\" \/>\n\t<meta name=\"twitter:label2\" content=\"Predpokladan\u00fd \u010das \u010d\u00edtania\" \/>\n\t<meta name=\"twitter:data2\" content=\"4 min\u00faty\" \/>\n<script type=\"application\/ld+json\" class=\"yoast-schema-graph\">{\"@context\":\"https:\/\/schema.org\",\"@graph\":[{\"@type\":\"Article\",\"@id\":\"https:\/\/marekkuchcinski.pl\/wydarzenia\/dzien-przyjazni-polsko-wegierskiej\/#article\",\"isPartOf\":{\"@id\":\"https:\/\/marekkuchcinski.pl\/wydarzenia\/dzien-przyjazni-polsko-wegierskiej\/\"},\"author\":{\"name\":\"Marta Olejnik\",\"@id\":\"https:\/\/marekkuchcinski.pl\/#\/schema\/person\/51d5d4ee3b5317b8e4dd2b48af359229\"},\"headline\":\"Dzie\u0144 Przyja\u017ani Polsko-W\u0119gierskiej\",\"datePublished\":\"2021-03-23T10:08:53+00:00\",\"dateModified\":\"2021-03-24T17:03:43+00:00\",\"mainEntityOfPage\":{\"@id\":\"https:\/\/marekkuchcinski.pl\/wydarzenia\/dzien-przyjazni-polsko-wegierskiej\/\"},\"wordCount\":1044,\"commentCount\":0,\"publisher\":{\"@id\":\"https:\/\/marekkuchcinski.pl\/#organization\"},\"image\":{\"@id\":\"https:\/\/marekkuchcinski.pl\/wydarzenia\/dzien-przyjazni-polsko-wegierskiej\/#primaryimage\"},\"thumbnailUrl\":\"https:\/\/marekkuchcinski.pl\/wp-content\/uploads\/2021\/03\/mw.jpg\",\"articleSection\":[\"Wsp\u00f3\u0142praca mi\u0119dzynarodowa\",\"Wydarzenia\"],\"inLanguage\":\"sk-SK\",\"potentialAction\":[{\"@type\":\"CommentAction\",\"name\":\"Comment\",\"target\":[\"https:\/\/marekkuchcinski.pl\/wydarzenia\/dzien-przyjazni-polsko-wegierskiej\/#respond\"]}]},{\"@type\":\"WebPage\",\"@id\":\"https:\/\/marekkuchcinski.pl\/wydarzenia\/dzien-przyjazni-polsko-wegierskiej\/\",\"url\":\"https:\/\/marekkuchcinski.pl\/wydarzenia\/dzien-przyjazni-polsko-wegierskiej\/\",\"name\":\"Dzie\u0144 Przyja\u017ani Polsko-W\u0119gierskiej &#8211; Marek Kuchci\u0144ski\",\"isPartOf\":{\"@id\":\"https:\/\/marekkuchcinski.pl\/#website\"},\"primaryImageOfPage\":{\"@id\":\"https:\/\/marekkuchcinski.pl\/wydarzenia\/dzien-przyjazni-polsko-wegierskiej\/#primaryimage\"},\"image\":{\"@id\":\"https:\/\/marekkuchcinski.pl\/wydarzenia\/dzien-przyjazni-polsko-wegierskiej\/#primaryimage\"},\"thumbnailUrl\":\"https:\/\/marekkuchcinski.pl\/wp-content\/uploads\/2021\/03\/mw.jpg\",\"datePublished\":\"2021-03-23T10:08:53+00:00\",\"dateModified\":\"2021-03-24T17:03:43+00:00\",\"breadcrumb\":{\"@id\":\"https:\/\/marekkuchcinski.pl\/wydarzenia\/dzien-przyjazni-polsko-wegierskiej\/#breadcrumb\"},\"inLanguage\":\"sk-SK\",\"potentialAction\":[{\"@type\":\"ReadAction\",\"target\":[\"https:\/\/marekkuchcinski.pl\/wydarzenia\/dzien-przyjazni-polsko-wegierskiej\/\"]}]},{\"@type\":\"ImageObject\",\"inLanguage\":\"sk-SK\",\"@id\":\"https:\/\/marekkuchcinski.pl\/wydarzenia\/dzien-przyjazni-polsko-wegierskiej\/#primaryimage\",\"url\":\"https:\/\/marekkuchcinski.pl\/wp-content\/uploads\/2021\/03\/mw.jpg\",\"contentUrl\":\"https:\/\/marekkuchcinski.pl\/wp-content\/uploads\/2021\/03\/mw.jpg\",\"width\":1307,\"height\":1681},{\"@type\":\"BreadcrumbList\",\"@id\":\"https:\/\/marekkuchcinski.pl\/wydarzenia\/dzien-przyjazni-polsko-wegierskiej\/#breadcrumb\",\"itemListElement\":[{\"@type\":\"ListItem\",\"position\":1,\"name\":\"Strona g\u0142\u00f3wna\",\"item\":\"https:\/\/marekkuchcinski.pl\/\"},{\"@type\":\"ListItem\",\"position\":2,\"name\":\"Dzie\u0144 Przyja\u017ani Polsko-W\u0119gierskiej\"}]},{\"@type\":\"WebSite\",\"@id\":\"https:\/\/marekkuchcinski.pl\/#website\",\"url\":\"https:\/\/marekkuchcinski.pl\/\",\"name\":\"Marek Kuchci\u0144ski\",\"description\":\"Pose\u0142 na sejm RP &ndash; okr\u0119g nr 22\",\"publisher\":{\"@id\":\"https:\/\/marekkuchcinski.pl\/#organization\"},\"potentialAction\":[{\"@type\":\"SearchAction\",\"target\":{\"@type\":\"EntryPoint\",\"urlTemplate\":\"https:\/\/marekkuchcinski.pl\/?s={search_term_string}\"},\"query-input\":{\"@type\":\"PropertyValueSpecification\",\"valueRequired\":true,\"valueName\":\"search_term_string\"}}],\"inLanguage\":\"sk-SK\"},{\"@type\":\"Organization\",\"@id\":\"https:\/\/marekkuchcinski.pl\/#organization\",\"name\":\"Marek Kuchci\u0144ski\",\"url\":\"https:\/\/marekkuchcinski.pl\/\",\"logo\":{\"@type\":\"ImageObject\",\"inLanguage\":\"sk-SK\",\"@id\":\"https:\/\/marekkuchcinski.pl\/#\/schema\/logo\/image\/\",\"url\":\"https:\/\/marekkuchcinski.pl\/wp-content\/uploads\/2022\/09\/Marek.jpg\",\"contentUrl\":\"https:\/\/marekkuchcinski.pl\/wp-content\/uploads\/2022\/09\/Marek.jpg\",\"width\":1600,\"height\":971,\"caption\":\"Marek Kuchci\u0144ski\"},\"image\":{\"@id\":\"https:\/\/marekkuchcinski.pl\/#\/schema\/logo\/image\/\"}},{\"@type\":\"Person\",\"@id\":\"https:\/\/marekkuchcinski.pl\/#\/schema\/person\/51d5d4ee3b5317b8e4dd2b48af359229\",\"name\":\"Marta Olejnik\",\"image\":{\"@type\":\"ImageObject\",\"inLanguage\":\"sk-SK\",\"@id\":\"https:\/\/marekkuchcinski.pl\/#\/schema\/person\/image\/\",\"url\":\"https:\/\/secure.gravatar.com\/avatar\/e39914b2aa6a48959e24d475b5dc9793?s=96&d=mm&r=g\",\"contentUrl\":\"https:\/\/secure.gravatar.com\/avatar\/e39914b2aa6a48959e24d475b5dc9793?s=96&d=mm&r=g\",\"caption\":\"Marta Olejnik\"},\"url\":\"https:\/\/marekkuchcinski.pl\/sk\/author\/marta\/\"}]}<\/script>\n<!-- \/ Yoast SEO plugin. -->","yoast_head_json":{"title":"Dzie\u0144 Przyja\u017ani Polsko-W\u0119gierskiej &#8211; Marek Kuchci\u0144ski","robots":{"index":"index","follow":"follow","max-snippet":"max-snippet:-1","max-image-preview":"max-image-preview:large","max-video-preview":"max-video-preview:-1"},"canonical":"https:\/\/marekkuchcinski.pl\/sk\/wydarzenia\/dzien-przyjazni-polsko-wegierskiej\/","og_locale":"sk_SK","og_type":"article","og_title":"Dzie\u0144 Przyja\u017ani Polsko-W\u0119gierskiej &#8211; Marek Kuchci\u0144ski","og_description":"12 marca 2007 r. parlament W\u0119gier jednog\u0142o\u015bnie uzna\u0142 23 marca Dniem Przyja\u017ani Polsko-W\u0119gierskiej, upami\u0119tniaj\u0105c d\u0142ugie dobros\u0105siedzkie stosunki. Cztery dni p\u00f3\u017aniej analogiczn\u0105 uchwa\u0142\u0119 przyj\u0105\u0142 przez aklamacj\u0119 polski Sejm. \u201eOd ponad 1000 lat Polacy i W\u0119grzy \u017cyj\u0105 w tej samej cz\u0119\u015bci Europy, tworz\u0105c trwa\u0142e wi\u0119zy \u0142\u0105cz\u0105ce oba narody na wielu p\u0142aszczyznach: politycznej, spo\u0142ecznej, kulturalnej i ekonomicznej. Wielokrotnie [&hellip;]","og_url":"https:\/\/marekkuchcinski.pl\/sk\/wydarzenia\/dzien-przyjazni-polsko-wegierskiej\/","og_site_name":"Marek Kuchci\u0144ski","article_published_time":"2021-03-23T10:08:53+00:00","article_modified_time":"2021-03-24T17:03:43+00:00","og_image":[{"width":1307,"height":1681,"url":"https:\/\/marekkuchcinski.pl\/wp-content\/uploads\/2021\/03\/mw.jpg","type":"image\/jpeg"}],"author":"Marta Olejnik","twitter_card":"summary_large_image","twitter_misc":{"Autor":"Marta Olejnik","Predpokladan\u00fd \u010das \u010d\u00edtania":"4 min\u00faty"},"schema":{"@context":"https:\/\/schema.org","@graph":[{"@type":"Article","@id":"https:\/\/marekkuchcinski.pl\/wydarzenia\/dzien-przyjazni-polsko-wegierskiej\/#article","isPartOf":{"@id":"https:\/\/marekkuchcinski.pl\/wydarzenia\/dzien-przyjazni-polsko-wegierskiej\/"},"author":{"name":"Marta Olejnik","@id":"https:\/\/marekkuchcinski.pl\/#\/schema\/person\/51d5d4ee3b5317b8e4dd2b48af359229"},"headline":"Dzie\u0144 Przyja\u017ani Polsko-W\u0119gierskiej","datePublished":"2021-03-23T10:08:53+00:00","dateModified":"2021-03-24T17:03:43+00:00","mainEntityOfPage":{"@id":"https:\/\/marekkuchcinski.pl\/wydarzenia\/dzien-przyjazni-polsko-wegierskiej\/"},"wordCount":1044,"commentCount":0,"publisher":{"@id":"https:\/\/marekkuchcinski.pl\/#organization"},"image":{"@id":"https:\/\/marekkuchcinski.pl\/wydarzenia\/dzien-przyjazni-polsko-wegierskiej\/#primaryimage"},"thumbnailUrl":"https:\/\/marekkuchcinski.pl\/wp-content\/uploads\/2021\/03\/mw.jpg","articleSection":["Wsp\u00f3\u0142praca mi\u0119dzynarodowa","Wydarzenia"],"inLanguage":"sk-SK","potentialAction":[{"@type":"CommentAction","name":"Comment","target":["https:\/\/marekkuchcinski.pl\/wydarzenia\/dzien-przyjazni-polsko-wegierskiej\/#respond"]}]},{"@type":"WebPage","@id":"https:\/\/marekkuchcinski.pl\/wydarzenia\/dzien-przyjazni-polsko-wegierskiej\/","url":"https:\/\/marekkuchcinski.pl\/wydarzenia\/dzien-przyjazni-polsko-wegierskiej\/","name":"Dzie\u0144 Przyja\u017ani Polsko-W\u0119gierskiej &#8211; Marek Kuchci\u0144ski","isPartOf":{"@id":"https:\/\/marekkuchcinski.pl\/#website"},"primaryImageOfPage":{"@id":"https:\/\/marekkuchcinski.pl\/wydarzenia\/dzien-przyjazni-polsko-wegierskiej\/#primaryimage"},"image":{"@id":"https:\/\/marekkuchcinski.pl\/wydarzenia\/dzien-przyjazni-polsko-wegierskiej\/#primaryimage"},"thumbnailUrl":"https:\/\/marekkuchcinski.pl\/wp-content\/uploads\/2021\/03\/mw.jpg","datePublished":"2021-03-23T10:08:53+00:00","dateModified":"2021-03-24T17:03:43+00:00","breadcrumb":{"@id":"https:\/\/marekkuchcinski.pl\/wydarzenia\/dzien-przyjazni-polsko-wegierskiej\/#breadcrumb"},"inLanguage":"sk-SK","potentialAction":[{"@type":"ReadAction","target":["https:\/\/marekkuchcinski.pl\/wydarzenia\/dzien-przyjazni-polsko-wegierskiej\/"]}]},{"@type":"ImageObject","inLanguage":"sk-SK","@id":"https:\/\/marekkuchcinski.pl\/wydarzenia\/dzien-przyjazni-polsko-wegierskiej\/#primaryimage","url":"https:\/\/marekkuchcinski.pl\/wp-content\/uploads\/2021\/03\/mw.jpg","contentUrl":"https:\/\/marekkuchcinski.pl\/wp-content\/uploads\/2021\/03\/mw.jpg","width":1307,"height":1681},{"@type":"BreadcrumbList","@id":"https:\/\/marekkuchcinski.pl\/wydarzenia\/dzien-przyjazni-polsko-wegierskiej\/#breadcrumb","itemListElement":[{"@type":"ListItem","position":1,"name":"Strona g\u0142\u00f3wna","item":"https:\/\/marekkuchcinski.pl\/"},{"@type":"ListItem","position":2,"name":"Dzie\u0144 Przyja\u017ani Polsko-W\u0119gierskiej"}]},{"@type":"WebSite","@id":"https:\/\/marekkuchcinski.pl\/#website","url":"https:\/\/marekkuchcinski.pl\/","name":"Marek Kuchci\u0144ski","description":"Pose\u0142 na sejm RP &ndash; okr\u0119g nr 22","publisher":{"@id":"https:\/\/marekkuchcinski.pl\/#organization"},"potentialAction":[{"@type":"SearchAction","target":{"@type":"EntryPoint","urlTemplate":"https:\/\/marekkuchcinski.pl\/?s={search_term_string}"},"query-input":{"@type":"PropertyValueSpecification","valueRequired":true,"valueName":"search_term_string"}}],"inLanguage":"sk-SK"},{"@type":"Organization","@id":"https:\/\/marekkuchcinski.pl\/#organization","name":"Marek Kuchci\u0144ski","url":"https:\/\/marekkuchcinski.pl\/","logo":{"@type":"ImageObject","inLanguage":"sk-SK","@id":"https:\/\/marekkuchcinski.pl\/#\/schema\/logo\/image\/","url":"https:\/\/marekkuchcinski.pl\/wp-content\/uploads\/2022\/09\/Marek.jpg","contentUrl":"https:\/\/marekkuchcinski.pl\/wp-content\/uploads\/2022\/09\/Marek.jpg","width":1600,"height":971,"caption":"Marek Kuchci\u0144ski"},"image":{"@id":"https:\/\/marekkuchcinski.pl\/#\/schema\/logo\/image\/"}},{"@type":"Person","@id":"https:\/\/marekkuchcinski.pl\/#\/schema\/person\/51d5d4ee3b5317b8e4dd2b48af359229","name":"Marta Olejnik","image":{"@type":"ImageObject","inLanguage":"sk-SK","@id":"https:\/\/marekkuchcinski.pl\/#\/schema\/person\/image\/","url":"https:\/\/secure.gravatar.com\/avatar\/e39914b2aa6a48959e24d475b5dc9793?s=96&d=mm&r=g","contentUrl":"https:\/\/secure.gravatar.com\/avatar\/e39914b2aa6a48959e24d475b5dc9793?s=96&d=mm&r=g","caption":"Marta Olejnik"},"url":"https:\/\/marekkuchcinski.pl\/sk\/author\/marta\/"}]}},"_links":{"self":[{"href":"https:\/\/marekkuchcinski.pl\/sk\/wp-json\/wp\/v2\/posts\/22233","targetHints":{"allow":["GET"]}}],"collection":[{"href":"https:\/\/marekkuchcinski.pl\/sk\/wp-json\/wp\/v2\/posts"}],"about":[{"href":"https:\/\/marekkuchcinski.pl\/sk\/wp-json\/wp\/v2\/types\/post"}],"author":[{"embeddable":true,"href":"https:\/\/marekkuchcinski.pl\/sk\/wp-json\/wp\/v2\/users\/21"}],"replies":[{"embeddable":true,"href":"https:\/\/marekkuchcinski.pl\/sk\/wp-json\/wp\/v2\/comments?post=22233"}],"version-history":[{"count":5,"href":"https:\/\/marekkuchcinski.pl\/sk\/wp-json\/wp\/v2\/posts\/22233\/revisions"}],"predecessor-version":[{"id":22242,"href":"https:\/\/marekkuchcinski.pl\/sk\/wp-json\/wp\/v2\/posts\/22233\/revisions\/22242"}],"wp:featuredmedia":[{"embeddable":true,"href":"https:\/\/marekkuchcinski.pl\/sk\/wp-json\/wp\/v2\/media\/22235"}],"wp:attachment":[{"href":"https:\/\/marekkuchcinski.pl\/sk\/wp-json\/wp\/v2\/media?parent=22233"}],"wp:term":[{"taxonomy":"category","embeddable":true,"href":"https:\/\/marekkuchcinski.pl\/sk\/wp-json\/wp\/v2\/categories?post=22233"},{"taxonomy":"post_tag","embeddable":true,"href":"https:\/\/marekkuchcinski.pl\/sk\/wp-json\/wp\/v2\/tags?post=22233"}],"curies":[{"name":"wp","href":"https:\/\/api.w.org\/{rel}","templated":true}]}}