{"id":21308,"date":"2021-01-11T17:50:41","date_gmt":"2021-01-11T16:50:41","guid":{"rendered":"https:\/\/marekkuchcinski.pl\/?p=21308"},"modified":"2021-01-16T15:43:13","modified_gmt":"2021-01-16T14:43:13","slug":"wiadomosci-z-europy-i-swiata-11-stycznia-2021","status":"publish","type":"post","link":"https:\/\/marekkuchcinski.pl\/sk\/europa\/wiadomosci-z-europy-i-swiata-11-stycznia-2021\/","title":{"rendered":"Spr\u00e1vy z Eur\u00f3py a sveta, 11. janu\u00e1ra 2021"},"content":{"rendered":"<div class=\"wp-block-image\"><figure class=\"aligncenter size-large is-resized\"><a href=\"https:\/\/marekkuchcinski.pl\/wp-content\/uploads\/2021\/01\/cf1f077a911c3f077bef2e6ad1677e47.jpg\"><img fetchpriority=\"high\" decoding=\"async\" src=\"https:\/\/marekkuchcinski.pl\/wp-content\/uploads\/2021\/01\/cf1f077a911c3f077bef2e6ad1677e47.jpg\" alt=\"\" class=\"wp-image-21337\" width=\"787\" height=\"425\" srcset=\"https:\/\/marekkuchcinski.pl\/wp-content\/uploads\/2021\/01\/cf1f077a911c3f077bef2e6ad1677e47.jpg 726w, https:\/\/marekkuchcinski.pl\/wp-content\/uploads\/2021\/01\/cf1f077a911c3f077bef2e6ad1677e47-300x162.jpg 300w, https:\/\/marekkuchcinski.pl\/wp-content\/uploads\/2021\/01\/cf1f077a911c3f077bef2e6ad1677e47-16x9.jpg 16w\" sizes=\"(max-width: 787px) 100vw, 787px\" \/><\/a><\/figure><\/div>\n\n\n\n<p class=\"has-large-font-size\"><strong>Z\u00e1padn\u00e1 Eur\u00f3pa<\/strong><\/p>\n\n\n\n<p><strong>Rak\u00fasko: <\/strong>Rak\u00faska ministerka pr\u00e1ce a rodiny Christine Aschbacherov\u00e1 (\u00d6VP) ozn\u00e1mila svoje rozhodnutie od\u00eds\u0165 z vl\u00e1dy s t\u00fdm, \u017ee \"m\u00e9di\u00e1 a politick\u00ed s\u00fadruhovia\" ju ods\u00fadili pred\u010dasne. B\u00fdval\u00e1 ministerka pr\u00e1ce \u010delila obvineniam z plagi\u00e1torstva v s\u00favislosti so svojou diplomovou pr\u00e1cou.<\/p>\n\n\n\n<p><strong>Belgicko:<\/strong> \"Belgicko po\u017eiada o \u010fal\u0161\u00edch desa\u0165 mili\u00f3nov vakc\u00edn proti koronav\u00edrusu od spolo\u010dnosti Pfizer-BioNTech,\" ozn\u00e1mil cez v\u00edkend minister zdravotn\u00edctva Frank Vandenbroucke. Z\u00e1rove\u0148 st\u00e1le neexistuje ofici\u00e1lna datab\u00e1za o o\u010dkovan\u00ed. \"\u017diadame o spravodliv\u00fd podiel. Ak spolo\u010dnos\u0165 Pfizer dod\u00e1 do Eur\u00f3py celkovo 600 mili\u00f3nov d\u00e1vok, Belgi\u010dania maj\u00fa n\u00e1rok na 15 mili\u00f3nov,\" povedal Vandenbroucke vo fl\u00e1mskom telev\u00edznom programe De Zevende Dag.<\/p>\n\n\n\n<p><strong>Franc\u00fazsko:<\/strong> V s\u00favislosti s novou variantou koronav\u00edrusu, ktor\u00e1 sa ned\u00e1vno objavila v Spojenom kr\u00e1\u013eovstve, minister zdravotn\u00edctva Olivier V\u00e9ran uviedol, \u017ee \"rob\u00edme v\u0161etko, \u010do je v na\u0161ich sil\u00e1ch, aby sme zabr\u00e1nili \u0161\u00edreniu tejto mut\u00e1cie\". \u010eal\u0161\u00edch osem departementov na v\u00fdchode Franc\u00fazska sa v nede\u013eu rozhodlo pred\u013a\u017ei\u0165 z\u00e1kaz vych\u00e1dzania od 18.00 h. Doteraz platil v p\u00e4tn\u00e1stich departementoch.<\/p>\n\n\n\n<p><strong>\u00cdrsko:<\/strong> \"V\u00fdskyt ned\u00e1vno objaven\u00e9ho juhoafrick\u00e9ho variantu COVID-19 sa podarilo zastavi\u0165,\" uviedli \u00edrski zdravotn\u00edcki predstavitelia. Napriek tomu mut\u00e1cia COVID-19, ktor\u00e1 bola prv\u00fdkr\u00e1t identifikovan\u00e1 v Spojenom kr\u00e1\u013eovstve, vyvol\u00e1va obavy \u00faradov.<\/p>\n\n\n\n<p><strong>Nemecko:<\/strong> Predseda Bundestagu Wolfgang Sch\u00e4uble rozhodol o zv\u00fd\u0161en\u00ed bezpe\u010dnosti v budove nemeck\u00e9ho parlamentu. Toto rozhodnutie prich\u00e1dza po tom, ako z\u00e1konodarcovia koncom minul\u00e9ho t\u00fd\u017ed\u0148a vyzvali na zv\u00fd\u0161enie bezpe\u010dnosti v okol\u00ed Bundestagu v reakcii na nepokoje na Kapitole.<\/p>\n\n\n\n<p class=\"has-large-font-size\"><strong>Vy\u0161ehradsk\u00e1 skupina<\/strong><\/p>\n\n\n\n<p><strong>\u010cesk\u00e1 republika: \"<\/strong>\u010cesk\u00e1 republika by mala dosta\u0165 prv\u00fdch 20 000 d\u00e1vok vakc\u00edny Moderna v pondelok,\" povedal premi\u00e9r Andrej Babi\u0161 v \u010ceskej telev\u00edzii. Eur\u00f3pska zdravotn\u00edcka agent\u00fara (EMA) a Eur\u00f3pska komisia schv\u00e1lili vakc\u00ednu Moderna 6. janu\u00e1ra bez toho, aby presne ur\u010dili, kedy sa m\u00e1 za\u010da\u0165 jej distrib\u00facia.<\/p>\n\n\n\n<p><strong>Slovensko: <\/strong>B\u00fdval\u00fd policajn\u00fd \u0161\u00e9f Milan Lu\u010dansk\u00fd, ktor\u00fd bol za\u010diatkom decembra okrem in\u00e9ho obvinen\u00fd z korupcie pri policajnej akcii s kryc\u00edm n\u00e1zvom \"Jud\u00e1\u0161\", sa 29. decembra vo vy\u0161etrovacej v\u00e4zbe pok\u00fasil o samovra\u017edu. O de\u0148 nesk\u00f4r zomrel v nemocnici. Milan Lu\u010dansk\u00fd nast\u00fapil na najvy\u0161\u0161\u00ed post v slovenskej pol\u00edcii po\u010das rekon\u0161trukcie vl\u00e1dy pod veden\u00edm Smeru-SD po vra\u017ede novin\u00e1rov J\u00e1na Kuciaka a Martiny Ku\u0161n\u00edrovej.<\/p>\n\n\n\n<p><\/p>\n\n\n\n<p class=\"has-large-font-size\"><strong>Balk\u00e1n<\/strong><\/p>\n\n\n\n<p><strong>Bosna a Hercegovina: <\/strong>Nemeck\u00fd poslanec Stefan Kaufmann (CDU) zablaho\u017eelal k sporn\u00e9mu D\u0148u Republiky Srbskej (RS), ktor\u00fd bosnianski Srbi oslavuj\u00fa 9. janu\u00e1ra ako de\u0148 vzniku bosnianskosrbskej republiky v roku 1992. - napriek tomu, \u017ee \u00dastavn\u00fd s\u00fad Bosny a Hercegoviny ho vyhl\u00e1sil za proti\u00fastavn\u00fd. Po ostr\u00fdch reakci\u00e1ch v Bosne sa Kaufmann na Twitteri ospravedlnil a vysvetlil, \u017ee si \"nebol vedom\u00fd negat\u00edvnych konot\u00e1ci\u00ed spojen\u00fdch s t\u00fdmto d\u0148om\".<\/p>\n\n\n\n<p class=\"has-large-font-size\"><strong>Severn\u00e1 Eur\u00f3pa<\/strong><\/p>\n\n\n\n<p><strong>\u0160v\u00e9dsko: <\/strong>\u0160v\u00e9dsky parlament schv\u00e1lil z\u00e1kon, ktor\u00fd d\u00e1va vl\u00e1de pr\u00e1vo spr\u00edsni\u0165 opatrenia v boji proti s\u00fa\u010dasnej pand\u00e9mii. Z\u00e1kon, ktor\u00fd vst\u00fapil do platnosti v nede\u013eu, umo\u017e\u0148uje vl\u00e1de obmedzi\u0165 otv\u00e1racie hodiny obchodov, re\u0161taur\u00e1ci\u00ed a barov, verejnej dopravy a \u0161portov\u00fdch a kult\u00farnych zariaden\u00ed.<\/p>\n\n\n\n<p>SM<\/p>","protected":false},"excerpt":{"rendered":"<p>Z\u00e1padn\u00e1 Eur\u00f3pa Rak\u00fasko: Rak\u00faska ministerka pr\u00e1ce a rodiny Christine Aschbacherov\u00e1 (\u00d6VP) ozn\u00e1mila svoje rozhodnutie od\u00eds\u0165 z vl\u00e1dy s t\u00fdm, \u017ee \"m\u00e9di\u00e1 a politick\u00ed s\u00fadruhovia\" ju ods\u00fadili pred\u010dasne. B\u00fdval\u00e1 ministerka pr\u00e1ce \u010delila obvineniam z plagi\u00e1torstva v s\u00favislosti so svojou diplomovou pr\u00e1cou. Belgicko: \"Belgicko po\u017eiada o \u010fal\u0161\u00edch desa\u0165 mili\u00f3nov vakc\u00edn proti koronav\u00edrusu od spolo\u010dnosti Pfizer-BioNTech\", ozn\u00e1milo [...]<\/p>","protected":false},"author":17,"featured_media":21337,"comment_status":"open","ping_status":"open","sticky":false,"template":"","format":"standard","meta":{"ngg_post_thumbnail":0,"footnotes":""},"categories":[185,3],"tags":[],"class_list":["post-21308","post","type-post","status-publish","format-standard","has-post-thumbnail","hentry","category-europa","category-wydarzenia"],"yoast_head":"<!-- This site is optimized with the Yoast SEO plugin v24.7 - https:\/\/yoast.com\/wordpress\/plugins\/seo\/ -->\n<title>Wiadomo\u015bci z Europy i \u015bwiata, 11 stycznia 2021 &#8211; Marek Kuchci\u0144ski<\/title>\n<meta name=\"robots\" content=\"index, follow, max-snippet:-1, max-image-preview:large, max-video-preview:-1\" \/>\n<link rel=\"canonical\" href=\"https:\/\/marekkuchcinski.pl\/sk\/europa\/wiadomosci-z-europy-i-swiata-11-stycznia-2021\/\" \/>\n<meta property=\"og:locale\" content=\"sk_SK\" \/>\n<meta property=\"og:type\" content=\"article\" \/>\n<meta property=\"og:title\" content=\"Wiadomo\u015bci z Europy i \u015bwiata, 11 stycznia 2021 &#8211; Marek Kuchci\u0144ski\" \/>\n<meta property=\"og:description\" content=\"Europa Zachodnia Austria: Austriacka minister pracy i rodziny Christine Aschbacher (\u00d6VP) og\u0142osi\u0142a swoj\u0105 decyzj\u0119 o odej\u015bciu z rz\u0105du m\u00f3wi\u0105c, \u017ce \u201emedia i polityczni towarzysze\u201d os\u0105dzili j\u0105 przedwcze\u015bnie. By\u0142a minister pracy spotka\u0142a si\u0119 z zarzutami plagiatu w zwi\u0105zku ze swoj\u0105 prac\u0105 magistersk\u0105. Belgia: \u201eBelgia wyst\u0105pi o dziesi\u0119\u0107 milion\u00f3w dodatkowych szczepionek przeciwko koronawirusowi Pfizer-BioNTech\u201d &#8211; og\u0142osi\u0142 w [&hellip;]\" \/>\n<meta property=\"og:url\" content=\"https:\/\/marekkuchcinski.pl\/sk\/europa\/wiadomosci-z-europy-i-swiata-11-stycznia-2021\/\" \/>\n<meta property=\"og:site_name\" content=\"Marek Kuchci\u0144ski\" \/>\n<meta property=\"article:published_time\" content=\"2021-01-11T16:50:41+00:00\" \/>\n<meta property=\"article:modified_time\" content=\"2021-01-16T14:43:13+00:00\" \/>\n<meta property=\"og:image\" content=\"https:\/\/marekkuchcinski.pl\/wp-content\/uploads\/2021\/01\/cf1f077a911c3f077bef2e6ad1677e47.jpg\" \/>\n\t<meta property=\"og:image:width\" content=\"726\" \/>\n\t<meta property=\"og:image:height\" content=\"393\" \/>\n\t<meta property=\"og:image:type\" content=\"image\/jpeg\" \/>\n<meta name=\"author\" content=\"Tomasz \u0141acina\" \/>\n<meta name=\"twitter:card\" content=\"summary_large_image\" \/>\n<meta name=\"twitter:label1\" content=\"Autor\" \/>\n\t<meta name=\"twitter:data1\" content=\"Tomasz \u0141acina\" \/>\n\t<meta name=\"twitter:label2\" content=\"Predpokladan\u00fd \u010das \u010d\u00edtania\" \/>\n\t<meta name=\"twitter:data2\" content=\"3 min\u00faty\" \/>\n<script type=\"application\/ld+json\" class=\"yoast-schema-graph\">{\"@context\":\"https:\/\/schema.org\",\"@graph\":[{\"@type\":\"Article\",\"@id\":\"https:\/\/marekkuchcinski.pl\/europa\/wiadomosci-z-europy-i-swiata-11-stycznia-2021\/#article\",\"isPartOf\":{\"@id\":\"https:\/\/marekkuchcinski.pl\/europa\/wiadomosci-z-europy-i-swiata-11-stycznia-2021\/\"},\"author\":{\"name\":\"Tomasz \u0141acina\",\"@id\":\"https:\/\/marekkuchcinski.pl\/#\/schema\/person\/b8a29fe7813098f7be78801d029910a7\"},\"headline\":\"Wiadomo\u015bci z Europy i \u015bwiata, 11 stycznia 2021\",\"datePublished\":\"2021-01-11T16:50:41+00:00\",\"dateModified\":\"2021-01-16T14:43:13+00:00\",\"mainEntityOfPage\":{\"@id\":\"https:\/\/marekkuchcinski.pl\/europa\/wiadomosci-z-europy-i-swiata-11-stycznia-2021\/\"},\"wordCount\":517,\"commentCount\":0,\"publisher\":{\"@id\":\"https:\/\/marekkuchcinski.pl\/#organization\"},\"image\":{\"@id\":\"https:\/\/marekkuchcinski.pl\/europa\/wiadomosci-z-europy-i-swiata-11-stycznia-2021\/#primaryimage\"},\"thumbnailUrl\":\"https:\/\/marekkuchcinski.pl\/wp-content\/uploads\/2021\/01\/cf1f077a911c3f077bef2e6ad1677e47.jpg\",\"articleSection\":[\"Wie\u015bci z Europy i \u015awiata\",\"Wydarzenia\"],\"inLanguage\":\"sk-SK\",\"potentialAction\":[{\"@type\":\"CommentAction\",\"name\":\"Comment\",\"target\":[\"https:\/\/marekkuchcinski.pl\/europa\/wiadomosci-z-europy-i-swiata-11-stycznia-2021\/#respond\"]}]},{\"@type\":\"WebPage\",\"@id\":\"https:\/\/marekkuchcinski.pl\/europa\/wiadomosci-z-europy-i-swiata-11-stycznia-2021\/\",\"url\":\"https:\/\/marekkuchcinski.pl\/europa\/wiadomosci-z-europy-i-swiata-11-stycznia-2021\/\",\"name\":\"Wiadomo\u015bci z Europy i \u015bwiata, 11 stycznia 2021 &#8211; Marek Kuchci\u0144ski\",\"isPartOf\":{\"@id\":\"https:\/\/marekkuchcinski.pl\/#website\"},\"primaryImageOfPage\":{\"@id\":\"https:\/\/marekkuchcinski.pl\/europa\/wiadomosci-z-europy-i-swiata-11-stycznia-2021\/#primaryimage\"},\"image\":{\"@id\":\"https:\/\/marekkuchcinski.pl\/europa\/wiadomosci-z-europy-i-swiata-11-stycznia-2021\/#primaryimage\"},\"thumbnailUrl\":\"https:\/\/marekkuchcinski.pl\/wp-content\/uploads\/2021\/01\/cf1f077a911c3f077bef2e6ad1677e47.jpg\",\"datePublished\":\"2021-01-11T16:50:41+00:00\",\"dateModified\":\"2021-01-16T14:43:13+00:00\",\"breadcrumb\":{\"@id\":\"https:\/\/marekkuchcinski.pl\/europa\/wiadomosci-z-europy-i-swiata-11-stycznia-2021\/#breadcrumb\"},\"inLanguage\":\"sk-SK\",\"potentialAction\":[{\"@type\":\"ReadAction\",\"target\":[\"https:\/\/marekkuchcinski.pl\/europa\/wiadomosci-z-europy-i-swiata-11-stycznia-2021\/\"]}]},{\"@type\":\"ImageObject\",\"inLanguage\":\"sk-SK\",\"@id\":\"https:\/\/marekkuchcinski.pl\/europa\/wiadomosci-z-europy-i-swiata-11-stycznia-2021\/#primaryimage\",\"url\":\"https:\/\/marekkuchcinski.pl\/wp-content\/uploads\/2021\/01\/cf1f077a911c3f077bef2e6ad1677e47.jpg\",\"contentUrl\":\"https:\/\/marekkuchcinski.pl\/wp-content\/uploads\/2021\/01\/cf1f077a911c3f077bef2e6ad1677e47.jpg\",\"width\":726,\"height\":393},{\"@type\":\"BreadcrumbList\",\"@id\":\"https:\/\/marekkuchcinski.pl\/europa\/wiadomosci-z-europy-i-swiata-11-stycznia-2021\/#breadcrumb\",\"itemListElement\":[{\"@type\":\"ListItem\",\"position\":1,\"name\":\"Strona g\u0142\u00f3wna\",\"item\":\"https:\/\/marekkuchcinski.pl\/\"},{\"@type\":\"ListItem\",\"position\":2,\"name\":\"Wiadomo\u015bci z Europy i \u015bwiata, 11 stycznia 2021\"}]},{\"@type\":\"WebSite\",\"@id\":\"https:\/\/marekkuchcinski.pl\/#website\",\"url\":\"https:\/\/marekkuchcinski.pl\/\",\"name\":\"Marek Kuchci\u0144ski\",\"description\":\"Pose\u0142 na sejm RP &ndash; okr\u0119g nr 22\",\"publisher\":{\"@id\":\"https:\/\/marekkuchcinski.pl\/#organization\"},\"potentialAction\":[{\"@type\":\"SearchAction\",\"target\":{\"@type\":\"EntryPoint\",\"urlTemplate\":\"https:\/\/marekkuchcinski.pl\/?s={search_term_string}\"},\"query-input\":{\"@type\":\"PropertyValueSpecification\",\"valueRequired\":true,\"valueName\":\"search_term_string\"}}],\"inLanguage\":\"sk-SK\"},{\"@type\":\"Organization\",\"@id\":\"https:\/\/marekkuchcinski.pl\/#organization\",\"name\":\"Marek Kuchci\u0144ski\",\"url\":\"https:\/\/marekkuchcinski.pl\/\",\"logo\":{\"@type\":\"ImageObject\",\"inLanguage\":\"sk-SK\",\"@id\":\"https:\/\/marekkuchcinski.pl\/#\/schema\/logo\/image\/\",\"url\":\"https:\/\/marekkuchcinski.pl\/wp-content\/uploads\/2022\/09\/Marek.jpg\",\"contentUrl\":\"https:\/\/marekkuchcinski.pl\/wp-content\/uploads\/2022\/09\/Marek.jpg\",\"width\":1600,\"height\":971,\"caption\":\"Marek Kuchci\u0144ski\"},\"image\":{\"@id\":\"https:\/\/marekkuchcinski.pl\/#\/schema\/logo\/image\/\"}},{\"@type\":\"Person\",\"@id\":\"https:\/\/marekkuchcinski.pl\/#\/schema\/person\/b8a29fe7813098f7be78801d029910a7\",\"name\":\"Tomasz \u0141acina\",\"image\":{\"@type\":\"ImageObject\",\"inLanguage\":\"sk-SK\",\"@id\":\"https:\/\/marekkuchcinski.pl\/#\/schema\/person\/image\/\",\"url\":\"https:\/\/secure.gravatar.com\/avatar\/22e75f6c51aff77a676ed77dd222f852?s=96&d=mm&r=g\",\"contentUrl\":\"https:\/\/secure.gravatar.com\/avatar\/22e75f6c51aff77a676ed77dd222f852?s=96&d=mm&r=g\",\"caption\":\"Tomasz \u0141acina\"},\"url\":\"https:\/\/marekkuchcinski.pl\/sk\/author\/tomek-lacina\/\"}]}<\/script>\n<!-- \/ Yoast SEO plugin. -->","yoast_head_json":{"title":"Wiadomo\u015bci z Europy i \u015bwiata, 11 stycznia 2021 &#8211; Marek Kuchci\u0144ski","robots":{"index":"index","follow":"follow","max-snippet":"max-snippet:-1","max-image-preview":"max-image-preview:large","max-video-preview":"max-video-preview:-1"},"canonical":"https:\/\/marekkuchcinski.pl\/sk\/europa\/wiadomosci-z-europy-i-swiata-11-stycznia-2021\/","og_locale":"sk_SK","og_type":"article","og_title":"Wiadomo\u015bci z Europy i \u015bwiata, 11 stycznia 2021 &#8211; Marek Kuchci\u0144ski","og_description":"Europa Zachodnia Austria: Austriacka minister pracy i rodziny Christine Aschbacher (\u00d6VP) og\u0142osi\u0142a swoj\u0105 decyzj\u0119 o odej\u015bciu z rz\u0105du m\u00f3wi\u0105c, \u017ce \u201emedia i polityczni towarzysze\u201d os\u0105dzili j\u0105 przedwcze\u015bnie. By\u0142a minister pracy spotka\u0142a si\u0119 z zarzutami plagiatu w zwi\u0105zku ze swoj\u0105 prac\u0105 magistersk\u0105. Belgia: \u201eBelgia wyst\u0105pi o dziesi\u0119\u0107 milion\u00f3w dodatkowych szczepionek przeciwko koronawirusowi Pfizer-BioNTech\u201d &#8211; og\u0142osi\u0142 w [&hellip;]","og_url":"https:\/\/marekkuchcinski.pl\/sk\/europa\/wiadomosci-z-europy-i-swiata-11-stycznia-2021\/","og_site_name":"Marek Kuchci\u0144ski","article_published_time":"2021-01-11T16:50:41+00:00","article_modified_time":"2021-01-16T14:43:13+00:00","og_image":[{"width":726,"height":393,"url":"https:\/\/marekkuchcinski.pl\/wp-content\/uploads\/2021\/01\/cf1f077a911c3f077bef2e6ad1677e47.jpg","type":"image\/jpeg"}],"author":"Tomasz \u0141acina","twitter_card":"summary_large_image","twitter_misc":{"Autor":"Tomasz \u0141acina","Predpokladan\u00fd \u010das \u010d\u00edtania":"3 min\u00faty"},"schema":{"@context":"https:\/\/schema.org","@graph":[{"@type":"Article","@id":"https:\/\/marekkuchcinski.pl\/europa\/wiadomosci-z-europy-i-swiata-11-stycznia-2021\/#article","isPartOf":{"@id":"https:\/\/marekkuchcinski.pl\/europa\/wiadomosci-z-europy-i-swiata-11-stycznia-2021\/"},"author":{"name":"Tomasz \u0141acina","@id":"https:\/\/marekkuchcinski.pl\/#\/schema\/person\/b8a29fe7813098f7be78801d029910a7"},"headline":"Wiadomo\u015bci z Europy i \u015bwiata, 11 stycznia 2021","datePublished":"2021-01-11T16:50:41+00:00","dateModified":"2021-01-16T14:43:13+00:00","mainEntityOfPage":{"@id":"https:\/\/marekkuchcinski.pl\/europa\/wiadomosci-z-europy-i-swiata-11-stycznia-2021\/"},"wordCount":517,"commentCount":0,"publisher":{"@id":"https:\/\/marekkuchcinski.pl\/#organization"},"image":{"@id":"https:\/\/marekkuchcinski.pl\/europa\/wiadomosci-z-europy-i-swiata-11-stycznia-2021\/#primaryimage"},"thumbnailUrl":"https:\/\/marekkuchcinski.pl\/wp-content\/uploads\/2021\/01\/cf1f077a911c3f077bef2e6ad1677e47.jpg","articleSection":["Wie\u015bci z Europy i \u015awiata","Wydarzenia"],"inLanguage":"sk-SK","potentialAction":[{"@type":"CommentAction","name":"Comment","target":["https:\/\/marekkuchcinski.pl\/europa\/wiadomosci-z-europy-i-swiata-11-stycznia-2021\/#respond"]}]},{"@type":"WebPage","@id":"https:\/\/marekkuchcinski.pl\/europa\/wiadomosci-z-europy-i-swiata-11-stycznia-2021\/","url":"https:\/\/marekkuchcinski.pl\/europa\/wiadomosci-z-europy-i-swiata-11-stycznia-2021\/","name":"Wiadomo\u015bci z Europy i \u015bwiata, 11 stycznia 2021 &#8211; Marek Kuchci\u0144ski","isPartOf":{"@id":"https:\/\/marekkuchcinski.pl\/#website"},"primaryImageOfPage":{"@id":"https:\/\/marekkuchcinski.pl\/europa\/wiadomosci-z-europy-i-swiata-11-stycznia-2021\/#primaryimage"},"image":{"@id":"https:\/\/marekkuchcinski.pl\/europa\/wiadomosci-z-europy-i-swiata-11-stycznia-2021\/#primaryimage"},"thumbnailUrl":"https:\/\/marekkuchcinski.pl\/wp-content\/uploads\/2021\/01\/cf1f077a911c3f077bef2e6ad1677e47.jpg","datePublished":"2021-01-11T16:50:41+00:00","dateModified":"2021-01-16T14:43:13+00:00","breadcrumb":{"@id":"https:\/\/marekkuchcinski.pl\/europa\/wiadomosci-z-europy-i-swiata-11-stycznia-2021\/#breadcrumb"},"inLanguage":"sk-SK","potentialAction":[{"@type":"ReadAction","target":["https:\/\/marekkuchcinski.pl\/europa\/wiadomosci-z-europy-i-swiata-11-stycznia-2021\/"]}]},{"@type":"ImageObject","inLanguage":"sk-SK","@id":"https:\/\/marekkuchcinski.pl\/europa\/wiadomosci-z-europy-i-swiata-11-stycznia-2021\/#primaryimage","url":"https:\/\/marekkuchcinski.pl\/wp-content\/uploads\/2021\/01\/cf1f077a911c3f077bef2e6ad1677e47.jpg","contentUrl":"https:\/\/marekkuchcinski.pl\/wp-content\/uploads\/2021\/01\/cf1f077a911c3f077bef2e6ad1677e47.jpg","width":726,"height":393},{"@type":"BreadcrumbList","@id":"https:\/\/marekkuchcinski.pl\/europa\/wiadomosci-z-europy-i-swiata-11-stycznia-2021\/#breadcrumb","itemListElement":[{"@type":"ListItem","position":1,"name":"Strona g\u0142\u00f3wna","item":"https:\/\/marekkuchcinski.pl\/"},{"@type":"ListItem","position":2,"name":"Wiadomo\u015bci z Europy i \u015bwiata, 11 stycznia 2021"}]},{"@type":"WebSite","@id":"https:\/\/marekkuchcinski.pl\/#website","url":"https:\/\/marekkuchcinski.pl\/","name":"Marek Kuchci\u0144ski","description":"Pose\u0142 na sejm RP &ndash; okr\u0119g nr 22","publisher":{"@id":"https:\/\/marekkuchcinski.pl\/#organization"},"potentialAction":[{"@type":"SearchAction","target":{"@type":"EntryPoint","urlTemplate":"https:\/\/marekkuchcinski.pl\/?s={search_term_string}"},"query-input":{"@type":"PropertyValueSpecification","valueRequired":true,"valueName":"search_term_string"}}],"inLanguage":"sk-SK"},{"@type":"Organization","@id":"https:\/\/marekkuchcinski.pl\/#organization","name":"Marek Kuchci\u0144ski","url":"https:\/\/marekkuchcinski.pl\/","logo":{"@type":"ImageObject","inLanguage":"sk-SK","@id":"https:\/\/marekkuchcinski.pl\/#\/schema\/logo\/image\/","url":"https:\/\/marekkuchcinski.pl\/wp-content\/uploads\/2022\/09\/Marek.jpg","contentUrl":"https:\/\/marekkuchcinski.pl\/wp-content\/uploads\/2022\/09\/Marek.jpg","width":1600,"height":971,"caption":"Marek Kuchci\u0144ski"},"image":{"@id":"https:\/\/marekkuchcinski.pl\/#\/schema\/logo\/image\/"}},{"@type":"Person","@id":"https:\/\/marekkuchcinski.pl\/#\/schema\/person\/b8a29fe7813098f7be78801d029910a7","name":"Tomasz \u0141acina","image":{"@type":"ImageObject","inLanguage":"sk-SK","@id":"https:\/\/marekkuchcinski.pl\/#\/schema\/person\/image\/","url":"https:\/\/secure.gravatar.com\/avatar\/22e75f6c51aff77a676ed77dd222f852?s=96&d=mm&r=g","contentUrl":"https:\/\/secure.gravatar.com\/avatar\/22e75f6c51aff77a676ed77dd222f852?s=96&d=mm&r=g","caption":"Tomasz \u0141acina"},"url":"https:\/\/marekkuchcinski.pl\/sk\/author\/tomek-lacina\/"}]}},"_links":{"self":[{"href":"https:\/\/marekkuchcinski.pl\/sk\/wp-json\/wp\/v2\/posts\/21308","targetHints":{"allow":["GET"]}}],"collection":[{"href":"https:\/\/marekkuchcinski.pl\/sk\/wp-json\/wp\/v2\/posts"}],"about":[{"href":"https:\/\/marekkuchcinski.pl\/sk\/wp-json\/wp\/v2\/types\/post"}],"author":[{"embeddable":true,"href":"https:\/\/marekkuchcinski.pl\/sk\/wp-json\/wp\/v2\/users\/17"}],"replies":[{"embeddable":true,"href":"https:\/\/marekkuchcinski.pl\/sk\/wp-json\/wp\/v2\/comments?post=21308"}],"version-history":[{"count":14,"href":"https:\/\/marekkuchcinski.pl\/sk\/wp-json\/wp\/v2\/posts\/21308\/revisions"}],"predecessor-version":[{"id":21396,"href":"https:\/\/marekkuchcinski.pl\/sk\/wp-json\/wp\/v2\/posts\/21308\/revisions\/21396"}],"wp:featuredmedia":[{"embeddable":true,"href":"https:\/\/marekkuchcinski.pl\/sk\/wp-json\/wp\/v2\/media\/21337"}],"wp:attachment":[{"href":"https:\/\/marekkuchcinski.pl\/sk\/wp-json\/wp\/v2\/media?parent=21308"}],"wp:term":[{"taxonomy":"category","embeddable":true,"href":"https:\/\/marekkuchcinski.pl\/sk\/wp-json\/wp\/v2\/categories?post=21308"},{"taxonomy":"post_tag","embeddable":true,"href":"https:\/\/marekkuchcinski.pl\/sk\/wp-json\/wp\/v2\/tags?post=21308"}],"curies":[{"name":"wp","href":"https:\/\/api.w.org\/{rel}","templated":true}]}}