{"id":212,"date":"2012-06-18T12:11:32","date_gmt":"2012-06-18T10:11:32","guid":{"rendered":"https:\/\/marekkuchcinski.pl\/konferencja-prasowa-panstwo-musi-placic-swoje-rachunki\/"},"modified":"2016-08-25T17:00:19","modified_gmt":"2016-08-25T15:00:19","slug":"konferencja-prasowa-panstwo-musi-placic-swoje-rachunki","status":"publish","type":"post","link":"https:\/\/marekkuchcinski.pl\/sk\/w-mediach\/multimedia\/konferencja-prasowa-panstwo-musi-placic-swoje-rachunki\/","title":{"rendered":"Tla\u010dov\u00e1 konferencia - \u0160t\u00e1t mus\u00ed plati\u0165 svoje \u00fa\u010dty."},"content":{"rendered":"<div>\n<div style=\"text-align: center;\"><iframe src=\"https:\/\/www.youtube.com\/embed\/769tolG-UVU?rel=0\" width=\"520\" height=\"293\" frameborder=\"0\" allowfullscreen=\"allowfullscreen\"><\/iframe><\/div>\n<p style=\"text-align: center;\"><span style=\"font-size: 12px;\">Tla\u010dov\u00e1 konferencia - \u0160t\u00e1t mus\u00ed plati\u0165 svoje \u00fa\u010dty.<br \/>\nSubdod\u00e1vatelia stavaj\u00faci cesty st\u00e1le nemaj\u00fa peniaze - 24. apr\u00edla 2012.<\/span><\/p>\n<\/div>","protected":false},"excerpt":{"rendered":"<p>Tla\u010dov\u00e1 konferencia - \u0160t\u00e1t mus\u00ed plati\u0165 svoje \u00fa\u010dty. Subdod\u00e1vatelia stavaj\u00faci cesty st\u00e1le nemaj\u00fa peniaze - 24. apr\u00edla 2012.<\/p>","protected":false},"author":6,"featured_media":2871,"comment_status":"open","ping_status":"open","sticky":false,"template":"","format":"standard","meta":{"ngg_post_thumbnail":0,"footnotes":""},"categories":[48],"tags":[],"class_list":["post-212","post","type-post","status-publish","format-standard","has-post-thumbnail","hentry","category-multimedia"],"_links":{"self":[{"href":"https:\/\/marekkuchcinski.pl\/sk\/wp-json\/wp\/v2\/posts\/212","targetHints":{"allow":["GET"]}}],"collection":[{"href":"https:\/\/marekkuchcinski.pl\/sk\/wp-json\/wp\/v2\/posts"}],"about":[{"href":"https:\/\/marekkuchcinski.pl\/sk\/wp-json\/wp\/v2\/types\/post"}],"author":[{"embeddable":true,"href":"https:\/\/marekkuchcinski.pl\/sk\/wp-json\/wp\/v2\/users\/6"}],"replies":[{"embeddable":true,"href":"https:\/\/marekkuchcinski.pl\/sk\/wp-json\/wp\/v2\/comments?post=212"}],"version-history":[{"count":1,"href":"https:\/\/marekkuchcinski.pl\/sk\/wp-json\/wp\/v2\/posts\/212\/revisions"}],"predecessor-version":[{"id":2872,"href":"https:\/\/marekkuchcinski.pl\/sk\/wp-json\/wp\/v2\/posts\/212\/revisions\/2872"}],"wp:featuredmedia":[{"embeddable":true,"href":"https:\/\/marekkuchcinski.pl\/sk\/wp-json\/wp\/v2\/media\/2871"}],"wp:attachment":[{"href":"https:\/\/marekkuchcinski.pl\/sk\/wp-json\/wp\/v2\/media?parent=212"}],"wp:term":[{"taxonomy":"category","embeddable":true,"href":"https:\/\/marekkuchcinski.pl\/sk\/wp-json\/wp\/v2\/categories?post=212"},{"taxonomy":"post_tag","embeddable":true,"href":"https:\/\/marekkuchcinski.pl\/sk\/wp-json\/wp\/v2\/tags?post=212"}],"curies":[{"name":"wp","href":"https:\/\/api.w.org\/{rel}","templated":true}]}}