{"id":21156,"date":"2020-12-28T15:42:41","date_gmt":"2020-12-28T14:42:41","guid":{"rendered":"https:\/\/marekkuchcinski.pl\/?p=21156"},"modified":"2021-01-16T15:53:45","modified_gmt":"2021-01-16T14:53:45","slug":"wiadomosci-z-europy-3","status":"publish","type":"post","link":"https:\/\/marekkuchcinski.pl\/sk\/europa\/wiadomosci-z-europy-3\/","title":{"rendered":"Spr\u00e1vy z Eur\u00f3py a sveta, 28. decembra 2020"},"content":{"rendered":"<div class=\"wp-block-image\"><figure class=\"aligncenter size-large is-resized\"><a href=\"https:\/\/marekkuchcinski.pl\/wp-content\/uploads\/2020\/12\/usgs-inNzGtPrkHk-unsplash-scaled.jpg\"><img fetchpriority=\"high\" decoding=\"async\" src=\"https:\/\/marekkuchcinski.pl\/wp-content\/uploads\/2020\/12\/usgs-inNzGtPrkHk-unsplash-1024x1024.jpg\" alt=\"\" class=\"wp-image-20284\" width=\"611\" height=\"611\" srcset=\"https:\/\/marekkuchcinski.pl\/wp-content\/uploads\/2020\/12\/usgs-inNzGtPrkHk-unsplash-1024x1024.jpg 1024w, https:\/\/marekkuchcinski.pl\/wp-content\/uploads\/2020\/12\/usgs-inNzGtPrkHk-unsplash-300x300.jpg 300w, https:\/\/marekkuchcinski.pl\/wp-content\/uploads\/2020\/12\/usgs-inNzGtPrkHk-unsplash-150x150.jpg 150w, https:\/\/marekkuchcinski.pl\/wp-content\/uploads\/2020\/12\/usgs-inNzGtPrkHk-unsplash-768x768.jpg 768w, https:\/\/marekkuchcinski.pl\/wp-content\/uploads\/2020\/12\/usgs-inNzGtPrkHk-unsplash-1536x1536.jpg 1536w, https:\/\/marekkuchcinski.pl\/wp-content\/uploads\/2020\/12\/usgs-inNzGtPrkHk-unsplash-scaled.jpg 2048w\" sizes=\"(max-width: 611px) 100vw, 611px\" \/><\/a><\/figure><\/div>\n\n\n\n<p class=\"has-large-font-size\"><strong><em>EUROPA<\/em><\/strong><\/p>\n\n\n\n<p><strong>Brusel:<\/strong> \"O t\u00fato dohodu sa oplatilo bojova\u0165. Teraz m\u00e1me spravodliv\u00fa a vyv\u00e1\u017een\u00fa dohodu so Spojen\u00fdm kr\u00e1\u013eovstvom. Bude chr\u00e1ni\u0165 z\u00e1ujmy E\u00da, zabezpe\u010d\u00ed spravodliv\u00fa hospod\u00e1rsku s\u00fa\u0165a\u017e a predv\u00eddate\u013enos\u0165 pre na\u0161e ryb\u00e1rske komunity,\" povedala \u0161\u00e9fka Eur\u00f3pskej komisie Ursula von der Leyenov\u00e1. Hlavn\u00fd vyjedn\u00e1va\u010d E\u00da Michel Barnier varoval, \u017ee \"dohoda si bude vy\u017eadova\u0165 \u00fasilie\".<\/p>\n\n\n\n<p><strong>Z\u00e1padn\u00e1 Eur\u00f3pa<\/strong><\/p>\n\n\n\n<p><strong>Spojen\u00e9 kr\u00e1\u013eovstvo:<\/strong> Britsk\u00fd premi\u00e9r Boris Johnson ocenil dohodu, ktor\u00fa nazval \"dobrou dohodou pre cel\u00fa Eur\u00f3pu\", ktor\u00e1 prin\u00e1\u0161a \"nov\u00fa stabilitu a istotu\" do vz\u0165ahov medzi Spojen\u00fdm kr\u00e1\u013eovstvom a E\u00da. B\u00fdval\u00ed premi\u00e9ri David Cameron a Theresa Mayov\u00e1 ozna\u010dili dohodu za \"ve\u013emi v\u00edtan\u00fa\". Mayov\u00e1 uviedla, \u017ee \"poskytuje podnikom d\u00f4veru a pom\u00e1ha udr\u017eiava\u0165 plynul\u00fd obchod\".<\/p>\n\n\n\n<p><strong>Franc\u00fazsko:<\/strong> \"Jednota a pevnos\u0165 Eur\u00f3py sa vyplatili,\" nap\u00edsal prezident Macron na Twitteri a dodal, \u017ee \"dohoda so Spojen\u00fdm kr\u00e1\u013eovstvom je nevyhnutn\u00e1 na ochranu na\u0161ich ob\u010danov, na\u0161ich ryb\u00e1rov a v\u00fdrobcov\", a na z\u00e1ver uviedol, \u017ee \"Eur\u00f3pa sa rozv\u00edja a m\u00f4\u017ee sa te\u0161i\u0165 na jednotn\u00fa a siln\u00fa bud\u00facnos\u0165\".<\/p>\n\n\n\n<p><strong>Nemecko:<\/strong> Kancel\u00e1rka Angela Merkelov\u00e1 uviedla, \u017ee je \"presved\u010den\u00e1\", \u017ee dohoda so Spojen\u00fdm kr\u00e1\u013eovstvom predstavuje \"dobr\u00fd v\u00fdsledok\", ktor\u00fd bude Nemecko schopn\u00e9 podpori\u0165.<\/p>\n\n\n\n<p><strong>\u0160panielsko: <\/strong>Spolo\u010dnos\u0165 Pfizer odlo\u017eila dod\u00e1vku \u010fal\u0161ej \u010dasti vakc\u00edny proti koronav\u00edrusu do \u0160panielska o jeden de\u0148 na utorok z d\u00f4vodu logistick\u00fdch prek\u00e1\u017eok, uviedol v pondelok minister zdravotn\u00edctva Salvador Illa.<\/p>\n\n\n\n<p><strong>Belgicko: <\/strong>Za\u010dalo sa o\u010dkovanie proti COVID-19, pri\u010dom sa uprednost\u0148uj\u00fa osoby star\u0161ie ako 65 rokov a zdravotn\u00edcki pracovn\u00edci.<\/p>\n\n\n\n<p><strong>Vy\u0161ehradsk\u00e1 skupina<\/strong><\/p>\n\n\n\n<p><strong>Ma\u010farsko:<\/strong> Pod\u013ea pondel\u0148aj\u0161\u00edch \u00fadajov bola u 609 ma\u010farsk\u00fdch ob\u010danov diagnostikovan\u00e1 infekcia v\u00edrusom corona a 114 z nich zomrelo. T\u00fdm sa po\u010det identifikovan\u00fdch infikovan\u00fdch os\u00f4b v Ma\u010farsku zv\u00fd\u0161il na 316 669, po\u010det \u00famrt\u00ed na 9 161 a po\u010det vylie\u010den\u00fdch na 134 344. Po\u010det akt\u00edvne infikovan\u00fdch os\u00f4b bol 173 164.<\/p>\n\n\n\n<p class=\"has-large-font-size\"><strong><em>WORLD<\/em><\/strong><\/p>\n\n\n\n<p><strong>USA: <\/strong>Americk\u00e9 Centrum pre kontrolu a prevenciu chor\u00f4b (CDC) v nede\u013eu informovalo o 18 909 910 nov\u00fdch pr\u00edpadoch koronav\u00edrusu, \u010do predstavuje n\u00e1rast o 179 104 pr\u00edpadov oproti predch\u00e1dzaj\u00facemu \u00fadaju, a po\u010det \u00famrt\u00ed sa zv\u00fd\u0161il o 1309 na 330 901.<\/p>\n\n\n\n<p><strong>Rusko: <\/strong>Rusko v nede\u013eu neskoro ve\u010der ozn\u00e1milo, \u017ee vyslalo \u010fal\u0161ie jednotky do oblasti na severe S\u00fdrie, kde sa Tureckom podporovan\u00ed militanti dostali do stretu s kurdsk\u00fdmi silami v bl\u00edzkosti strategickej dia\u013enice, ktor\u00fa hliadkuj\u00fa rusk\u00e9 a tureck\u00e9 jednotky. V utorok 29. decembra sa na juhu Ruska uskuto\u010dnia rozhovory medzi rusk\u00fdm ministrom zahrani\u010dn\u00fdch vec\u00ed Sergejom Lavrovom a jeho tureck\u00fdm kolegom Mevl\u00fctom \u010cavu\u0161oglom.<\/p>\n\n\n\n<p><strong>\u010c\u00edna: <\/strong>\u010c\u00ednsky s\u00fad v pondelok vymeral \u0161tvorro\u010dn\u00fd trest od\u0148atia slobody novin\u00e1rovi, ktor\u00fd v \u010dase vypuknutia minuloro\u010dnej epid\u00e9mie koronav\u00edrusu pod\u00e1val spr\u00e1vy z centra mesta Wuhan, a to z d\u00f4vodu \"vyvol\u00e1vania probl\u00e9mov\", ako uviedol jeho pr\u00e1vnik. 37-ro\u010dn\u00fd Zhang Zhan, prv\u00e1 zn\u00e1ma osoba, ktor\u00e1 bola s\u00fadne st\u00edhan\u00e1, patril k h\u0155stke \u013eud\u00ed, ktor\u00fdch priame svedectv\u00e1 z preplnen\u00fdch nemocn\u00edc a pr\u00e1zdnych ul\u00edc poskytli tragickej\u0161\u00ed obraz epicentra pand\u00e9mie ne\u017e ofici\u00e1lny pr\u00edbeh.<\/p>\n\n\n\n<p><strong>Ju\u017en\u00e1 K\u00f3rea: <\/strong>Juhok\u00f3rejsk\u00ed predstavitelia s\u013eubuj\u00fa, \u017ee ur\u00fdchlia \u00fasilie o spustenie verejn\u00e9ho o\u010dkovacieho programu proti koronav\u00edrusu, ke\u010f\u017ee krajina v pondelok ozn\u00e1mila, \u017ee zistila prv\u00e9 pr\u00edpady variantu v\u00edrusu, ktor\u00fd s\u00favis\u00ed s r\u00fdchlym n\u00e1rastom infekci\u00ed v Spojenom kr\u00e1\u013eovstve.<\/p>","protected":false},"excerpt":{"rendered":"<p>EUR\u00d3PA Brusel: \"Za t\u00fato dohodu sa oplatilo bojova\u0165. Teraz m\u00e1me spravodliv\u00fa a vyv\u00e1\u017een\u00fa dohodu so Spojen\u00fdm kr\u00e1\u013eovstvom. Bude chr\u00e1ni\u0165 z\u00e1ujmy E\u00da, zabezpe\u010d\u00ed spravodliv\u00fa hospod\u00e1rsku s\u00fa\u0165a\u017e a predv\u00eddate\u013enos\u0165 pre na\u0161e ryb\u00e1rske komunity,\" uviedla \u0161\u00e9fka Eur\u00f3pskej komisie Ursula von der Leyenov\u00e1. Hlavn\u00fd vyjedn\u00e1va\u010d E\u00da Michel Barnier varoval, \u017ee \"dohoda si bude vy\u017eadova\u0165 \u00fasilie\". Z\u00e1padn\u00e1 Eur\u00f3pa Spojen\u00e9 kr\u00e1\u013eovstvo: [...]<\/p>","protected":false},"author":17,"featured_media":21158,"comment_status":"open","ping_status":"open","sticky":false,"template":"","format":"standard","meta":{"ngg_post_thumbnail":0,"footnotes":""},"categories":[185,3],"tags":[],"class_list":["post-21156","post","type-post","status-publish","format-standard","has-post-thumbnail","hentry","category-europa","category-wydarzenia"],"yoast_head":"<!-- This site is optimized with the Yoast SEO plugin v24.7 - https:\/\/yoast.com\/wordpress\/plugins\/seo\/ -->\n<title>Wiadomo\u015bci z Europy i \u015bwiata, 28 grudnia 2020 &#8211; Marek Kuchci\u0144ski<\/title>\n<meta name=\"robots\" content=\"index, follow, max-snippet:-1, max-image-preview:large, max-video-preview:-1\" \/>\n<link rel=\"canonical\" href=\"https:\/\/marekkuchcinski.pl\/sk\/europa\/wiadomosci-z-europy-3\/\" \/>\n<meta property=\"og:locale\" content=\"sk_SK\" \/>\n<meta property=\"og:type\" content=\"article\" \/>\n<meta property=\"og:title\" content=\"Wiadomo\u015bci z Europy i \u015bwiata, 28 grudnia 2020 &#8211; Marek Kuchci\u0144ski\" \/>\n<meta property=\"og:description\" content=\"EUROPA Bruksela: \u201eWarto by\u0142o walczy\u0107 o t\u0119 umow\u0119. Mamy teraz uczciw\u0105 i wywa\u017con\u0105 umow\u0119 z Wielk\u0105 Brytani\u0105. B\u0119dzie chroni\u0107 nasze interesy UE, zapewnia\u0107 uczciw\u0105 konkurencj\u0119 i przewidywalno\u015b\u0107 dla naszych spo\u0142eczno\u015bci rybackich \u201d- powiedzia\u0142a szefowa Komisji Europejskiej Ursula von der Leyen. G\u0142\u00f3wny negocjator UE, Michel Barnier, ostrzeg\u0142, \u017ce \u201eporozumienie b\u0119dzie wymaga\u0142o wysi\u0142k\u00f3w\u201d. Europa Zachodnia Wielka Brytania: [&hellip;]\" \/>\n<meta property=\"og:url\" content=\"https:\/\/marekkuchcinski.pl\/sk\/europa\/wiadomosci-z-europy-3\/\" \/>\n<meta property=\"og:site_name\" content=\"Marek Kuchci\u0144ski\" \/>\n<meta property=\"article:published_time\" content=\"2020-12-28T14:42:41+00:00\" \/>\n<meta property=\"article:modified_time\" content=\"2021-01-16T14:53:45+00:00\" \/>\n<meta property=\"og:image\" content=\"https:\/\/marekkuchcinski.pl\/wp-content\/uploads\/2020\/12\/image.png\" \/>\n\t<meta property=\"og:image:width\" content=\"500\" \/>\n\t<meta property=\"og:image:height\" content=\"500\" \/>\n\t<meta property=\"og:image:type\" content=\"image\/png\" \/>\n<meta name=\"author\" content=\"Tomasz \u0141acina\" \/>\n<meta name=\"twitter:card\" content=\"summary_large_image\" \/>\n<meta name=\"twitter:label1\" content=\"Autor\" \/>\n\t<meta name=\"twitter:data1\" content=\"Tomasz \u0141acina\" \/>\n\t<meta name=\"twitter:label2\" content=\"Predpokladan\u00fd \u010das \u010d\u00edtania\" \/>\n\t<meta name=\"twitter:data2\" content=\"3 min\u00faty\" \/>\n<script type=\"application\/ld+json\" class=\"yoast-schema-graph\">{\"@context\":\"https:\/\/schema.org\",\"@graph\":[{\"@type\":\"Article\",\"@id\":\"https:\/\/marekkuchcinski.pl\/cs\/europa\/wiadomosci-z-europy-3\/#article\",\"isPartOf\":{\"@id\":\"https:\/\/marekkuchcinski.pl\/cs\/europa\/wiadomosci-z-europy-3\/\"},\"author\":{\"name\":\"Tomasz \u0141acina\",\"@id\":\"https:\/\/marekkuchcinski.pl\/#\/schema\/person\/b8a29fe7813098f7be78801d029910a7\"},\"headline\":\"Wiadomo\u015bci z Europy i \u015bwiata, 28 grudnia 2020\",\"datePublished\":\"2020-12-28T14:42:41+00:00\",\"dateModified\":\"2021-01-16T14:53:45+00:00\",\"mainEntityOfPage\":{\"@id\":\"https:\/\/marekkuchcinski.pl\/cs\/europa\/wiadomosci-z-europy-3\/\"},\"wordCount\":549,\"commentCount\":0,\"publisher\":{\"@id\":\"https:\/\/marekkuchcinski.pl\/#organization\"},\"image\":{\"@id\":\"https:\/\/marekkuchcinski.pl\/cs\/europa\/wiadomosci-z-europy-3\/#primaryimage\"},\"thumbnailUrl\":\"https:\/\/marekkuchcinski.pl\/wp-content\/uploads\/2020\/12\/image.png\",\"articleSection\":[\"Wie\u015bci z Europy i \u015awiata\",\"Wydarzenia\"],\"inLanguage\":\"sk-SK\",\"potentialAction\":[{\"@type\":\"CommentAction\",\"name\":\"Comment\",\"target\":[\"https:\/\/marekkuchcinski.pl\/cs\/europa\/wiadomosci-z-europy-3\/#respond\"]}]},{\"@type\":\"WebPage\",\"@id\":\"https:\/\/marekkuchcinski.pl\/cs\/europa\/wiadomosci-z-europy-3\/\",\"url\":\"https:\/\/marekkuchcinski.pl\/cs\/europa\/wiadomosci-z-europy-3\/\",\"name\":\"Wiadomo\u015bci z Europy i \u015bwiata, 28 grudnia 2020 &#8211; Marek Kuchci\u0144ski\",\"isPartOf\":{\"@id\":\"https:\/\/marekkuchcinski.pl\/#website\"},\"primaryImageOfPage\":{\"@id\":\"https:\/\/marekkuchcinski.pl\/cs\/europa\/wiadomosci-z-europy-3\/#primaryimage\"},\"image\":{\"@id\":\"https:\/\/marekkuchcinski.pl\/cs\/europa\/wiadomosci-z-europy-3\/#primaryimage\"},\"thumbnailUrl\":\"https:\/\/marekkuchcinski.pl\/wp-content\/uploads\/2020\/12\/image.png\",\"datePublished\":\"2020-12-28T14:42:41+00:00\",\"dateModified\":\"2021-01-16T14:53:45+00:00\",\"breadcrumb\":{\"@id\":\"https:\/\/marekkuchcinski.pl\/cs\/europa\/wiadomosci-z-europy-3\/#breadcrumb\"},\"inLanguage\":\"sk-SK\",\"potentialAction\":[{\"@type\":\"ReadAction\",\"target\":[\"https:\/\/marekkuchcinski.pl\/cs\/europa\/wiadomosci-z-europy-3\/\"]}]},{\"@type\":\"ImageObject\",\"inLanguage\":\"sk-SK\",\"@id\":\"https:\/\/marekkuchcinski.pl\/cs\/europa\/wiadomosci-z-europy-3\/#primaryimage\",\"url\":\"https:\/\/marekkuchcinski.pl\/wp-content\/uploads\/2020\/12\/image.png\",\"contentUrl\":\"https:\/\/marekkuchcinski.pl\/wp-content\/uploads\/2020\/12\/image.png\",\"width\":500,\"height\":500},{\"@type\":\"BreadcrumbList\",\"@id\":\"https:\/\/marekkuchcinski.pl\/cs\/europa\/wiadomosci-z-europy-3\/#breadcrumb\",\"itemListElement\":[{\"@type\":\"ListItem\",\"position\":1,\"name\":\"Strona g\u0142\u00f3wna\",\"item\":\"https:\/\/marekkuchcinski.pl\/\"},{\"@type\":\"ListItem\",\"position\":2,\"name\":\"Wiadomo\u015bci z Europy i \u015bwiata, 28 grudnia 2020\"}]},{\"@type\":\"WebSite\",\"@id\":\"https:\/\/marekkuchcinski.pl\/#website\",\"url\":\"https:\/\/marekkuchcinski.pl\/\",\"name\":\"Marek Kuchci\u0144ski\",\"description\":\"Pose\u0142 na sejm RP &ndash; okr\u0119g nr 22\",\"publisher\":{\"@id\":\"https:\/\/marekkuchcinski.pl\/#organization\"},\"potentialAction\":[{\"@type\":\"SearchAction\",\"target\":{\"@type\":\"EntryPoint\",\"urlTemplate\":\"https:\/\/marekkuchcinski.pl\/?s={search_term_string}\"},\"query-input\":{\"@type\":\"PropertyValueSpecification\",\"valueRequired\":true,\"valueName\":\"search_term_string\"}}],\"inLanguage\":\"sk-SK\"},{\"@type\":\"Organization\",\"@id\":\"https:\/\/marekkuchcinski.pl\/#organization\",\"name\":\"Marek Kuchci\u0144ski\",\"url\":\"https:\/\/marekkuchcinski.pl\/\",\"logo\":{\"@type\":\"ImageObject\",\"inLanguage\":\"sk-SK\",\"@id\":\"https:\/\/marekkuchcinski.pl\/#\/schema\/logo\/image\/\",\"url\":\"https:\/\/marekkuchcinski.pl\/wp-content\/uploads\/2022\/09\/Marek.jpg\",\"contentUrl\":\"https:\/\/marekkuchcinski.pl\/wp-content\/uploads\/2022\/09\/Marek.jpg\",\"width\":1600,\"height\":971,\"caption\":\"Marek Kuchci\u0144ski\"},\"image\":{\"@id\":\"https:\/\/marekkuchcinski.pl\/#\/schema\/logo\/image\/\"}},{\"@type\":\"Person\",\"@id\":\"https:\/\/marekkuchcinski.pl\/#\/schema\/person\/b8a29fe7813098f7be78801d029910a7\",\"name\":\"Tomasz \u0141acina\",\"image\":{\"@type\":\"ImageObject\",\"inLanguage\":\"sk-SK\",\"@id\":\"https:\/\/marekkuchcinski.pl\/#\/schema\/person\/image\/\",\"url\":\"https:\/\/secure.gravatar.com\/avatar\/22e75f6c51aff77a676ed77dd222f852?s=96&d=mm&r=g\",\"contentUrl\":\"https:\/\/secure.gravatar.com\/avatar\/22e75f6c51aff77a676ed77dd222f852?s=96&d=mm&r=g\",\"caption\":\"Tomasz \u0141acina\"},\"url\":\"https:\/\/marekkuchcinski.pl\/sk\/author\/tomek-lacina\/\"}]}<\/script>\n<!-- \/ Yoast SEO plugin. -->","yoast_head_json":{"title":"Wiadomo\u015bci z Europy i \u015bwiata, 28 grudnia 2020 &#8211; Marek Kuchci\u0144ski","robots":{"index":"index","follow":"follow","max-snippet":"max-snippet:-1","max-image-preview":"max-image-preview:large","max-video-preview":"max-video-preview:-1"},"canonical":"https:\/\/marekkuchcinski.pl\/sk\/europa\/wiadomosci-z-europy-3\/","og_locale":"sk_SK","og_type":"article","og_title":"Wiadomo\u015bci z Europy i \u015bwiata, 28 grudnia 2020 &#8211; Marek Kuchci\u0144ski","og_description":"EUROPA Bruksela: \u201eWarto by\u0142o walczy\u0107 o t\u0119 umow\u0119. Mamy teraz uczciw\u0105 i wywa\u017con\u0105 umow\u0119 z Wielk\u0105 Brytani\u0105. B\u0119dzie chroni\u0107 nasze interesy UE, zapewnia\u0107 uczciw\u0105 konkurencj\u0119 i przewidywalno\u015b\u0107 dla naszych spo\u0142eczno\u015bci rybackich \u201d- powiedzia\u0142a szefowa Komisji Europejskiej Ursula von der Leyen. G\u0142\u00f3wny negocjator UE, Michel Barnier, ostrzeg\u0142, \u017ce \u201eporozumienie b\u0119dzie wymaga\u0142o wysi\u0142k\u00f3w\u201d. Europa Zachodnia Wielka Brytania: [&hellip;]","og_url":"https:\/\/marekkuchcinski.pl\/sk\/europa\/wiadomosci-z-europy-3\/","og_site_name":"Marek Kuchci\u0144ski","article_published_time":"2020-12-28T14:42:41+00:00","article_modified_time":"2021-01-16T14:53:45+00:00","og_image":[{"width":500,"height":500,"url":"https:\/\/marekkuchcinski.pl\/wp-content\/uploads\/2020\/12\/image.png","type":"image\/png"}],"author":"Tomasz \u0141acina","twitter_card":"summary_large_image","twitter_misc":{"Autor":"Tomasz \u0141acina","Predpokladan\u00fd \u010das \u010d\u00edtania":"3 min\u00faty"},"schema":{"@context":"https:\/\/schema.org","@graph":[{"@type":"Article","@id":"https:\/\/marekkuchcinski.pl\/cs\/europa\/wiadomosci-z-europy-3\/#article","isPartOf":{"@id":"https:\/\/marekkuchcinski.pl\/cs\/europa\/wiadomosci-z-europy-3\/"},"author":{"name":"Tomasz \u0141acina","@id":"https:\/\/marekkuchcinski.pl\/#\/schema\/person\/b8a29fe7813098f7be78801d029910a7"},"headline":"Wiadomo\u015bci z Europy i \u015bwiata, 28 grudnia 2020","datePublished":"2020-12-28T14:42:41+00:00","dateModified":"2021-01-16T14:53:45+00:00","mainEntityOfPage":{"@id":"https:\/\/marekkuchcinski.pl\/cs\/europa\/wiadomosci-z-europy-3\/"},"wordCount":549,"commentCount":0,"publisher":{"@id":"https:\/\/marekkuchcinski.pl\/#organization"},"image":{"@id":"https:\/\/marekkuchcinski.pl\/cs\/europa\/wiadomosci-z-europy-3\/#primaryimage"},"thumbnailUrl":"https:\/\/marekkuchcinski.pl\/wp-content\/uploads\/2020\/12\/image.png","articleSection":["Wie\u015bci z Europy i \u015awiata","Wydarzenia"],"inLanguage":"sk-SK","potentialAction":[{"@type":"CommentAction","name":"Comment","target":["https:\/\/marekkuchcinski.pl\/cs\/europa\/wiadomosci-z-europy-3\/#respond"]}]},{"@type":"WebPage","@id":"https:\/\/marekkuchcinski.pl\/cs\/europa\/wiadomosci-z-europy-3\/","url":"https:\/\/marekkuchcinski.pl\/cs\/europa\/wiadomosci-z-europy-3\/","name":"Wiadomo\u015bci z Europy i \u015bwiata, 28 grudnia 2020 &#8211; Marek Kuchci\u0144ski","isPartOf":{"@id":"https:\/\/marekkuchcinski.pl\/#website"},"primaryImageOfPage":{"@id":"https:\/\/marekkuchcinski.pl\/cs\/europa\/wiadomosci-z-europy-3\/#primaryimage"},"image":{"@id":"https:\/\/marekkuchcinski.pl\/cs\/europa\/wiadomosci-z-europy-3\/#primaryimage"},"thumbnailUrl":"https:\/\/marekkuchcinski.pl\/wp-content\/uploads\/2020\/12\/image.png","datePublished":"2020-12-28T14:42:41+00:00","dateModified":"2021-01-16T14:53:45+00:00","breadcrumb":{"@id":"https:\/\/marekkuchcinski.pl\/cs\/europa\/wiadomosci-z-europy-3\/#breadcrumb"},"inLanguage":"sk-SK","potentialAction":[{"@type":"ReadAction","target":["https:\/\/marekkuchcinski.pl\/cs\/europa\/wiadomosci-z-europy-3\/"]}]},{"@type":"ImageObject","inLanguage":"sk-SK","@id":"https:\/\/marekkuchcinski.pl\/cs\/europa\/wiadomosci-z-europy-3\/#primaryimage","url":"https:\/\/marekkuchcinski.pl\/wp-content\/uploads\/2020\/12\/image.png","contentUrl":"https:\/\/marekkuchcinski.pl\/wp-content\/uploads\/2020\/12\/image.png","width":500,"height":500},{"@type":"BreadcrumbList","@id":"https:\/\/marekkuchcinski.pl\/cs\/europa\/wiadomosci-z-europy-3\/#breadcrumb","itemListElement":[{"@type":"ListItem","position":1,"name":"Strona g\u0142\u00f3wna","item":"https:\/\/marekkuchcinski.pl\/"},{"@type":"ListItem","position":2,"name":"Wiadomo\u015bci z Europy i \u015bwiata, 28 grudnia 2020"}]},{"@type":"WebSite","@id":"https:\/\/marekkuchcinski.pl\/#website","url":"https:\/\/marekkuchcinski.pl\/","name":"Marek Kuchci\u0144ski","description":"Pose\u0142 na sejm RP &ndash; okr\u0119g nr 22","publisher":{"@id":"https:\/\/marekkuchcinski.pl\/#organization"},"potentialAction":[{"@type":"SearchAction","target":{"@type":"EntryPoint","urlTemplate":"https:\/\/marekkuchcinski.pl\/?s={search_term_string}"},"query-input":{"@type":"PropertyValueSpecification","valueRequired":true,"valueName":"search_term_string"}}],"inLanguage":"sk-SK"},{"@type":"Organization","@id":"https:\/\/marekkuchcinski.pl\/#organization","name":"Marek Kuchci\u0144ski","url":"https:\/\/marekkuchcinski.pl\/","logo":{"@type":"ImageObject","inLanguage":"sk-SK","@id":"https:\/\/marekkuchcinski.pl\/#\/schema\/logo\/image\/","url":"https:\/\/marekkuchcinski.pl\/wp-content\/uploads\/2022\/09\/Marek.jpg","contentUrl":"https:\/\/marekkuchcinski.pl\/wp-content\/uploads\/2022\/09\/Marek.jpg","width":1600,"height":971,"caption":"Marek Kuchci\u0144ski"},"image":{"@id":"https:\/\/marekkuchcinski.pl\/#\/schema\/logo\/image\/"}},{"@type":"Person","@id":"https:\/\/marekkuchcinski.pl\/#\/schema\/person\/b8a29fe7813098f7be78801d029910a7","name":"Tomasz \u0141acina","image":{"@type":"ImageObject","inLanguage":"sk-SK","@id":"https:\/\/marekkuchcinski.pl\/#\/schema\/person\/image\/","url":"https:\/\/secure.gravatar.com\/avatar\/22e75f6c51aff77a676ed77dd222f852?s=96&d=mm&r=g","contentUrl":"https:\/\/secure.gravatar.com\/avatar\/22e75f6c51aff77a676ed77dd222f852?s=96&d=mm&r=g","caption":"Tomasz \u0141acina"},"url":"https:\/\/marekkuchcinski.pl\/sk\/author\/tomek-lacina\/"}]}},"_links":{"self":[{"href":"https:\/\/marekkuchcinski.pl\/sk\/wp-json\/wp\/v2\/posts\/21156","targetHints":{"allow":["GET"]}}],"collection":[{"href":"https:\/\/marekkuchcinski.pl\/sk\/wp-json\/wp\/v2\/posts"}],"about":[{"href":"https:\/\/marekkuchcinski.pl\/sk\/wp-json\/wp\/v2\/types\/post"}],"author":[{"embeddable":true,"href":"https:\/\/marekkuchcinski.pl\/sk\/wp-json\/wp\/v2\/users\/17"}],"replies":[{"embeddable":true,"href":"https:\/\/marekkuchcinski.pl\/sk\/wp-json\/wp\/v2\/comments?post=21156"}],"version-history":[{"count":5,"href":"https:\/\/marekkuchcinski.pl\/sk\/wp-json\/wp\/v2\/posts\/21156\/revisions"}],"predecessor-version":[{"id":21419,"href":"https:\/\/marekkuchcinski.pl\/sk\/wp-json\/wp\/v2\/posts\/21156\/revisions\/21419"}],"wp:featuredmedia":[{"embeddable":true,"href":"https:\/\/marekkuchcinski.pl\/sk\/wp-json\/wp\/v2\/media\/21158"}],"wp:attachment":[{"href":"https:\/\/marekkuchcinski.pl\/sk\/wp-json\/wp\/v2\/media?parent=21156"}],"wp:term":[{"taxonomy":"category","embeddable":true,"href":"https:\/\/marekkuchcinski.pl\/sk\/wp-json\/wp\/v2\/categories?post=21156"},{"taxonomy":"post_tag","embeddable":true,"href":"https:\/\/marekkuchcinski.pl\/sk\/wp-json\/wp\/v2\/tags?post=21156"}],"curies":[{"name":"wp","href":"https:\/\/api.w.org\/{rel}","templated":true}]}}