{"id":21014,"date":"2020-12-14T23:52:58","date_gmt":"2020-12-14T22:52:58","guid":{"rendered":"https:\/\/marekkuchcinski.pl\/?p=21014"},"modified":"2020-12-18T16:18:33","modified_gmt":"2020-12-18T15:18:33","slug":"potrzeba-wiekszego-wsparcia-dla-parkow-narodowych-jako-najwazniejszych-form-ochrony-przyrody","status":"publish","type":"post","link":"https:\/\/marekkuchcinski.pl\/sk\/wydarzenia\/potrzeba-wiekszego-wsparcia-dla-parkow-narodowych-jako-najwazniejszych-form-ochrony-przyrody\/","title":{"rendered":"Potreba v\u00e4\u010d\u0161ej podpory n\u00e1rodn\u00fdch parkov ako najcennej\u0161ej formy ochrany pr\u00edrody."},"content":{"rendered":"<p>Na stretnut\u00ed <strong>V\u00fdbor pre \u017eivotn\u00e9 prostredie, pr\u00edrodn\u00e9 zdroje a lesn\u00edctvo <\/strong>Zoh\u013eadnila sa inform\u00e1cia ministra pre kl\u00edmu a \u017eivotn\u00e9 prostredie o n\u00e1rodn\u00fdch parkoch a pr\u00edrodn\u00fdch rezerv\u00e1ci\u00e1ch ako najcennej\u0161\u00edch n\u00e1rodn\u00fdch form\u00e1ch ochrany pr\u00edrody - na pr\u00edklade Bieszczadsk\u00e9ho n\u00e1rodn\u00e9ho parku.<\/p>\n\n\n\n<p>Marek Kuchci\u0144ski po\u010das zasadnutia vyjadril potrebu v\u00e4\u010d\u0161ej podpory n\u00e1rodn\u00fdch parkov, ktor\u00e9 s\u00fa najd\u00f4le\u017eitej\u0161ou formou ochrany pr\u00edrody, zo \u0161t\u00e1tneho rozpo\u010dtu. Za potrebn\u00e9 ozna\u010dil zv\u00fd\u0161enie \u00fa\u010dinnosti aktiv\u00edt v oblasti ochrany pr\u00edrody, ktor\u00e9 bolo vyjadren\u00e9 pri prij\u00edman\u00ed dlhodobej strat\u00e9gie rozvoja <em>Eur\u00f3pska zelen\u00e1 dohoda<\/em> - \u010do umo\u017e\u0148uje efekt\u00edvnej\u0161ie vyu\u017e\u00edvanie zdrojov prechodom na \u010dist\u00e9 hospod\u00e1rstvo s uzavret\u00fdm cyklom, ako aj bojova\u0165 proti strate biodiverzity a zni\u017eova\u0165 \u00farove\u0148 zne\u010distenia.<\/p>\n\n\n\n<p>Marek Kuchci\u0144ski zd\u00f4raznil d\u00f4le\u017eit\u00fa \u00falohu Bieszczadsk\u00e9ho n\u00e1rodn\u00e9ho parku, ktor\u00fd je jedinou trojstrannou medzin\u00e1rodnou biosf\u00e9rickou rezerv\u00e1ciou v Eur\u00f3pe ( <em>V\u00fdchodn\u00e9 Karpaty<\/em> ) a z\u00e1rove\u0148 v\u00fdchodiskom k medzin\u00e1rodnej ochrane biodiverzity. Park bol zalo\u017een\u00fd v roku 1973 s cie\u013eom chr\u00e1ni\u0165 hlavn\u00e9 formy krajiny charakteristick\u00e9 pre Bieszczady - charakteristick\u00e9 vegeta\u010dn\u00e9 poschodia s typick\u00fdmi ekosyst\u00e9mami, najv\u00fdznamnej\u0161ie oblasti v\u00fdskytu v\u00fdchodokarpatsk\u00fdch a vysokohorsk\u00fdch prvkov fl\u00f3ry a fauny, ako aj prirodzen\u00e9 star\u00e9 lesy s bohatou faunou ve\u013ek\u00fdch cicavcov a vt\u00e1kov.<\/p>\n\n\n\n<div class=\"wp-block-image\"><figure class=\"aligncenter size-large\"><a href=\"https:\/\/marekkuchcinski.pl\/wp-content\/uploads\/2020\/12\/776px-East_Carpathian_Biosphere_Reserve_map_en.png\"><img fetchpriority=\"high\" decoding=\"async\" width=\"776\" height=\"600\" src=\"https:\/\/marekkuchcinski.pl\/wp-content\/uploads\/2020\/12\/776px-East_Carpathian_Biosphere_Reserve_map_en.png\" alt=\"\" class=\"wp-image-21017\" srcset=\"https:\/\/marekkuchcinski.pl\/wp-content\/uploads\/2020\/12\/776px-East_Carpathian_Biosphere_Reserve_map_en.png 776w, https:\/\/marekkuchcinski.pl\/wp-content\/uploads\/2020\/12\/776px-East_Carpathian_Biosphere_Reserve_map_en-300x232.png 300w, https:\/\/marekkuchcinski.pl\/wp-content\/uploads\/2020\/12\/776px-East_Carpathian_Biosphere_Reserve_map_en-768x594.png 768w, https:\/\/marekkuchcinski.pl\/wp-content\/uploads\/2020\/12\/776px-East_Carpathian_Biosphere_Reserve_map_en-16x12.png 16w\" sizes=\"(max-width: 776px) 100vw, 776px\" \/><\/a><\/figure><\/div>\n\n\n\n<p>N\u00e1rodn\u00e9 parky ro\u010dne nav\u0161t\u00edvi viac ako 15 mili\u00f3nov n\u00e1v\u0161tevn\u00edkov, \u010do zvy\u0161uje vplyv ob\u010danov na pr\u00edrodu. Marek Kuchci\u0144ski vyslovil postul\u00e1t, aby sa n\u00e1rodn\u00e9 parky zbavili z\u00e1ujmu turistov t\u00fdm, \u017ee sa bud\u00fa spravova\u0165 \u00fazemia v ich okol\u00ed. Pr\u00edkladom je Stupo\u0161iansky lesn\u00fd in\u0161pektor\u00e1t v obci Lutowiska (Podkarpatsk\u00e9 vojvodstvo), kde boli vybudovan\u00e9 ohrady pre zubry, vyhliadkov\u00e9 ve\u017ee a be\u017ek\u00e1rske trate. Za d\u00f4le\u017eit\u00fd aspekt ozna\u010dil zv\u00fd\u0161enie podielu lesn\u00e9ho fondu na rekon\u0161truk\u010dn\u00fdch a investi\u010dn\u00fdch pr\u00e1cach a potrebu podpory samospr\u00e1v nach\u00e1dzaj\u00facich sa v bl\u00edzkosti n\u00e1rodn\u00fdch parkov a chr\u00e1nen\u00fdch \u00fazem\u00ed.<\/p>\n\n\n\n<p>Marek Kuchci\u0144ski pouk\u00e1zal na rozdiel v platoch zamestnancov \u0161t\u00e1tnych lesov a zamestnancov n\u00e1rodn\u00fdch parkov a upozornil na potrebu zv\u00fd\u0161i\u0165 platy zamestnancov parkov alebo ich aspo\u0148 vyrovna\u0165.<\/p>\n\n\n\n<div class=\"wp-block-image\"><figure class=\"aligncenter size-large\"><a href=\"https:\/\/marekkuchcinski.pl\/wp-content\/uploads\/2020\/12\/EpMIHsrW4AEgyOI-scaled.jpg\"><img decoding=\"async\" width=\"1024\" height=\"682\" src=\"https:\/\/marekkuchcinski.pl\/wp-content\/uploads\/2020\/12\/EpMIHsrW4AEgyOI-1024x682.jpg\" alt=\"\" class=\"wp-image-21021\" srcset=\"https:\/\/marekkuchcinski.pl\/wp-content\/uploads\/2020\/12\/EpMIHsrW4AEgyOI-1024x682.jpg 1024w, https:\/\/marekkuchcinski.pl\/wp-content\/uploads\/2020\/12\/EpMIHsrW4AEgyOI-300x200.jpg 300w, https:\/\/marekkuchcinski.pl\/wp-content\/uploads\/2020\/12\/EpMIHsrW4AEgyOI-768x512.jpg 768w, https:\/\/marekkuchcinski.pl\/wp-content\/uploads\/2020\/12\/EpMIHsrW4AEgyOI-1536x1023.jpg 1536w, https:\/\/marekkuchcinski.pl\/wp-content\/uploads\/2020\/12\/EpMIHsrW4AEgyOI-scaled.jpg 2048w, https:\/\/marekkuchcinski.pl\/wp-content\/uploads\/2020\/12\/EpMIHsrW4AEgyOI-16x12.jpg 16w\" sizes=\"(max-width: 1024px) 100vw, 1024px\" \/><\/a><\/figure><\/div>\n\n\n\n<p>foto: Kancel\u00e1ria Sejmu\/Alexander Zieli\u0144ski.<\/p>","protected":false},"excerpt":{"rendered":"<p>Na zasadnut\u00ed V\u00fdboru pre ochranu \u017eivotn\u00e9ho prostredia, pr\u00edrodn\u00e9 zdroje a lesn\u00edctvo sa posudzovala inform\u00e1cia ministra kl\u00edmy a \u017eivotn\u00e9ho prostredia o n\u00e1rodn\u00fdch parkoch a pr\u00edrodn\u00fdch rezerv\u00e1ci\u00e1ch ako najcennej\u0161\u00edch n\u00e1rodn\u00fdch form\u00e1ch ochrany pr\u00edrody - na pr\u00edklade Bieszczadsk\u00e9ho n\u00e1rodn\u00e9ho parku. Marek Kuchci\u0144ski po\u010das rokovania vyjadril potrebu v\u00e4\u010d\u0161ej podpory n\u00e1rodn\u00fdch parkov zo \u0161t\u00e1tneho rozpo\u010dtu ako najd\u00f4le\u017eitej\u0161ej formy ochrany pr\u00edrody. [...]<\/p>","protected":false},"author":17,"featured_media":21019,"comment_status":"open","ping_status":"open","sticky":false,"template":"","format":"standard","meta":{"ngg_post_thumbnail":0,"footnotes":""},"categories":[164,3],"tags":[],"class_list":["post-21014","post","type-post","status-publish","format-standard","has-post-thumbnail","hentry","category-komisje-sejmowe","category-wydarzenia"],"yoast_head":"<!-- This site is optimized with the Yoast SEO plugin v24.7 - https:\/\/yoast.com\/wordpress\/plugins\/seo\/ -->\n<title>Potrzeba wi\u0119kszego wsparcia dla park\u00f3w narodowych jako najcenniejszych form ochrony przyrody. &#8211; Marek Kuchci\u0144ski<\/title>\n<meta name=\"robots\" content=\"index, follow, max-snippet:-1, max-image-preview:large, max-video-preview:-1\" \/>\n<link rel=\"canonical\" href=\"https:\/\/marekkuchcinski.pl\/sk\/wydarzenia\/potrzeba-wiekszego-wsparcia-dla-parkow-narodowych-jako-najwazniejszych-form-ochrony-przyrody\/\" \/>\n<meta property=\"og:locale\" content=\"sk_SK\" \/>\n<meta property=\"og:type\" content=\"article\" \/>\n<meta property=\"og:title\" content=\"Potrzeba wi\u0119kszego wsparcia dla park\u00f3w narodowych jako najcenniejszych form ochrony przyrody. &#8211; Marek Kuchci\u0144ski\" \/>\n<meta property=\"og:description\" content=\"Na posiedzeniu Komisji Ochrony \u015arodowiska, Zasob\u00f3w Naturalnych i Le\u015bnictwa rozpatrzona zosta\u0142a informacja Ministra Klimatu i \u015arodowiska na temat park\u00f3w narodowych i rezerwat\u00f3w przyrody jako najcenniejszych narodowych form ochrony przyrody \u2013 na przyk\u0142adzie Bieszczadzkiego Parku Narodowego. Podczas obrad Marek Kuchci\u0144ski wyrazi\u0142 potrzeb\u0119 wi\u0119kszego wsparcia ze strony bud\u017cetu pa\u0144stwa dla park\u00f3w narodowych stanowi\u0105cych najwa\u017cniejsz\u0105 form\u0119 ochrony przyrody. [&hellip;]\" \/>\n<meta property=\"og:url\" content=\"https:\/\/marekkuchcinski.pl\/sk\/wydarzenia\/potrzeba-wiekszego-wsparcia-dla-parkow-narodowych-jako-najwazniejszych-form-ochrony-przyrody\/\" \/>\n<meta property=\"og:site_name\" content=\"Marek Kuchci\u0144ski\" \/>\n<meta property=\"article:published_time\" content=\"2020-12-14T22:52:58+00:00\" \/>\n<meta property=\"article:modified_time\" content=\"2020-12-18T15:18:33+00:00\" \/>\n<meta property=\"og:image\" content=\"https:\/\/marekkuchcinski.pl\/wp-content\/uploads\/2020\/12\/EpMH_qsWEAEDsLO-scaled.jpg\" \/>\n\t<meta property=\"og:image:width\" content=\"2048\" \/>\n\t<meta property=\"og:image:height\" content=\"1364\" \/>\n\t<meta property=\"og:image:type\" content=\"image\/jpeg\" \/>\n<meta name=\"author\" content=\"Tomasz \u0141acina\" \/>\n<meta name=\"twitter:card\" content=\"summary_large_image\" \/>\n<meta name=\"twitter:label1\" content=\"Autor\" \/>\n\t<meta name=\"twitter:data1\" content=\"Tomasz \u0141acina\" \/>\n\t<meta name=\"twitter:label2\" content=\"Predpokladan\u00fd \u010das \u010d\u00edtania\" \/>\n\t<meta name=\"twitter:data2\" content=\"2 min\u00faty\" \/>\n<script type=\"application\/ld+json\" class=\"yoast-schema-graph\">{\"@context\":\"https:\/\/schema.org\",\"@graph\":[{\"@type\":\"Article\",\"@id\":\"https:\/\/marekkuchcinski.pl\/wydarzenia\/potrzeba-wiekszego-wsparcia-dla-parkow-narodowych-jako-najwazniejszych-form-ochrony-przyrody\/#article\",\"isPartOf\":{\"@id\":\"https:\/\/marekkuchcinski.pl\/wydarzenia\/potrzeba-wiekszego-wsparcia-dla-parkow-narodowych-jako-najwazniejszych-form-ochrony-przyrody\/\"},\"author\":{\"name\":\"Tomasz \u0141acina\",\"@id\":\"https:\/\/marekkuchcinski.pl\/#\/schema\/person\/b8a29fe7813098f7be78801d029910a7\"},\"headline\":\"Potrzeba wi\u0119kszego wsparcia dla park\u00f3w narodowych jako najcenniejszych form ochrony przyrody.\",\"datePublished\":\"2020-12-14T22:52:58+00:00\",\"dateModified\":\"2020-12-18T15:18:33+00:00\",\"mainEntityOfPage\":{\"@id\":\"https:\/\/marekkuchcinski.pl\/wydarzenia\/potrzeba-wiekszego-wsparcia-dla-parkow-narodowych-jako-najwazniejszych-form-ochrony-przyrody\/\"},\"wordCount\":383,\"commentCount\":0,\"publisher\":{\"@id\":\"https:\/\/marekkuchcinski.pl\/#organization\"},\"image\":{\"@id\":\"https:\/\/marekkuchcinski.pl\/wydarzenia\/potrzeba-wiekszego-wsparcia-dla-parkow-narodowych-jako-najwazniejszych-form-ochrony-przyrody\/#primaryimage\"},\"thumbnailUrl\":\"https:\/\/marekkuchcinski.pl\/wp-content\/uploads\/2020\/12\/EpMH_qsWEAEDsLO-scaled.jpg\",\"articleSection\":[\"Komisje Sejmowe\",\"Wydarzenia\"],\"inLanguage\":\"sk-SK\",\"potentialAction\":[{\"@type\":\"CommentAction\",\"name\":\"Comment\",\"target\":[\"https:\/\/marekkuchcinski.pl\/wydarzenia\/potrzeba-wiekszego-wsparcia-dla-parkow-narodowych-jako-najwazniejszych-form-ochrony-przyrody\/#respond\"]}]},{\"@type\":\"WebPage\",\"@id\":\"https:\/\/marekkuchcinski.pl\/wydarzenia\/potrzeba-wiekszego-wsparcia-dla-parkow-narodowych-jako-najwazniejszych-form-ochrony-przyrody\/\",\"url\":\"https:\/\/marekkuchcinski.pl\/wydarzenia\/potrzeba-wiekszego-wsparcia-dla-parkow-narodowych-jako-najwazniejszych-form-ochrony-przyrody\/\",\"name\":\"Potrzeba wi\u0119kszego wsparcia dla park\u00f3w narodowych jako najcenniejszych form ochrony przyrody. &#8211; Marek Kuchci\u0144ski\",\"isPartOf\":{\"@id\":\"https:\/\/marekkuchcinski.pl\/#website\"},\"primaryImageOfPage\":{\"@id\":\"https:\/\/marekkuchcinski.pl\/wydarzenia\/potrzeba-wiekszego-wsparcia-dla-parkow-narodowych-jako-najwazniejszych-form-ochrony-przyrody\/#primaryimage\"},\"image\":{\"@id\":\"https:\/\/marekkuchcinski.pl\/wydarzenia\/potrzeba-wiekszego-wsparcia-dla-parkow-narodowych-jako-najwazniejszych-form-ochrony-przyrody\/#primaryimage\"},\"thumbnailUrl\":\"https:\/\/marekkuchcinski.pl\/wp-content\/uploads\/2020\/12\/EpMH_qsWEAEDsLO-scaled.jpg\",\"datePublished\":\"2020-12-14T22:52:58+00:00\",\"dateModified\":\"2020-12-18T15:18:33+00:00\",\"breadcrumb\":{\"@id\":\"https:\/\/marekkuchcinski.pl\/wydarzenia\/potrzeba-wiekszego-wsparcia-dla-parkow-narodowych-jako-najwazniejszych-form-ochrony-przyrody\/#breadcrumb\"},\"inLanguage\":\"sk-SK\",\"potentialAction\":[{\"@type\":\"ReadAction\",\"target\":[\"https:\/\/marekkuchcinski.pl\/wydarzenia\/potrzeba-wiekszego-wsparcia-dla-parkow-narodowych-jako-najwazniejszych-form-ochrony-przyrody\/\"]}]},{\"@type\":\"ImageObject\",\"inLanguage\":\"sk-SK\",\"@id\":\"https:\/\/marekkuchcinski.pl\/wydarzenia\/potrzeba-wiekszego-wsparcia-dla-parkow-narodowych-jako-najwazniejszych-form-ochrony-przyrody\/#primaryimage\",\"url\":\"https:\/\/marekkuchcinski.pl\/wp-content\/uploads\/2020\/12\/EpMH_qsWEAEDsLO-scaled.jpg\",\"contentUrl\":\"https:\/\/marekkuchcinski.pl\/wp-content\/uploads\/2020\/12\/EpMH_qsWEAEDsLO-scaled.jpg\",\"width\":2048,\"height\":1364},{\"@type\":\"BreadcrumbList\",\"@id\":\"https:\/\/marekkuchcinski.pl\/wydarzenia\/potrzeba-wiekszego-wsparcia-dla-parkow-narodowych-jako-najwazniejszych-form-ochrony-przyrody\/#breadcrumb\",\"itemListElement\":[{\"@type\":\"ListItem\",\"position\":1,\"name\":\"Strona g\u0142\u00f3wna\",\"item\":\"https:\/\/marekkuchcinski.pl\/\"},{\"@type\":\"ListItem\",\"position\":2,\"name\":\"Potrzeba wi\u0119kszego wsparcia dla park\u00f3w narodowych jako najcenniejszych form ochrony przyrody.\"}]},{\"@type\":\"WebSite\",\"@id\":\"https:\/\/marekkuchcinski.pl\/#website\",\"url\":\"https:\/\/marekkuchcinski.pl\/\",\"name\":\"Marek Kuchci\u0144ski\",\"description\":\"Pose\u0142 na sejm RP &ndash; okr\u0119g nr 22\",\"publisher\":{\"@id\":\"https:\/\/marekkuchcinski.pl\/#organization\"},\"potentialAction\":[{\"@type\":\"SearchAction\",\"target\":{\"@type\":\"EntryPoint\",\"urlTemplate\":\"https:\/\/marekkuchcinski.pl\/?s={search_term_string}\"},\"query-input\":{\"@type\":\"PropertyValueSpecification\",\"valueRequired\":true,\"valueName\":\"search_term_string\"}}],\"inLanguage\":\"sk-SK\"},{\"@type\":\"Organization\",\"@id\":\"https:\/\/marekkuchcinski.pl\/#organization\",\"name\":\"Marek Kuchci\u0144ski\",\"url\":\"https:\/\/marekkuchcinski.pl\/\",\"logo\":{\"@type\":\"ImageObject\",\"inLanguage\":\"sk-SK\",\"@id\":\"https:\/\/marekkuchcinski.pl\/#\/schema\/logo\/image\/\",\"url\":\"https:\/\/marekkuchcinski.pl\/wp-content\/uploads\/2022\/09\/Marek.jpg\",\"contentUrl\":\"https:\/\/marekkuchcinski.pl\/wp-content\/uploads\/2022\/09\/Marek.jpg\",\"width\":1600,\"height\":971,\"caption\":\"Marek Kuchci\u0144ski\"},\"image\":{\"@id\":\"https:\/\/marekkuchcinski.pl\/#\/schema\/logo\/image\/\"}},{\"@type\":\"Person\",\"@id\":\"https:\/\/marekkuchcinski.pl\/#\/schema\/person\/b8a29fe7813098f7be78801d029910a7\",\"name\":\"Tomasz \u0141acina\",\"image\":{\"@type\":\"ImageObject\",\"inLanguage\":\"sk-SK\",\"@id\":\"https:\/\/marekkuchcinski.pl\/#\/schema\/person\/image\/\",\"url\":\"https:\/\/secure.gravatar.com\/avatar\/22e75f6c51aff77a676ed77dd222f852?s=96&d=mm&r=g\",\"contentUrl\":\"https:\/\/secure.gravatar.com\/avatar\/22e75f6c51aff77a676ed77dd222f852?s=96&d=mm&r=g\",\"caption\":\"Tomasz \u0141acina\"},\"url\":\"https:\/\/marekkuchcinski.pl\/sk\/author\/tomek-lacina\/\"}]}<\/script>\n<!-- \/ Yoast SEO plugin. -->","yoast_head_json":{"title":"Potrzeba wi\u0119kszego wsparcia dla park\u00f3w narodowych jako najcenniejszych form ochrony przyrody. &#8211; Marek Kuchci\u0144ski","robots":{"index":"index","follow":"follow","max-snippet":"max-snippet:-1","max-image-preview":"max-image-preview:large","max-video-preview":"max-video-preview:-1"},"canonical":"https:\/\/marekkuchcinski.pl\/sk\/wydarzenia\/potrzeba-wiekszego-wsparcia-dla-parkow-narodowych-jako-najwazniejszych-form-ochrony-przyrody\/","og_locale":"sk_SK","og_type":"article","og_title":"Potrzeba wi\u0119kszego wsparcia dla park\u00f3w narodowych jako najcenniejszych form ochrony przyrody. &#8211; Marek Kuchci\u0144ski","og_description":"Na posiedzeniu Komisji Ochrony \u015arodowiska, Zasob\u00f3w Naturalnych i Le\u015bnictwa rozpatrzona zosta\u0142a informacja Ministra Klimatu i \u015arodowiska na temat park\u00f3w narodowych i rezerwat\u00f3w przyrody jako najcenniejszych narodowych form ochrony przyrody \u2013 na przyk\u0142adzie Bieszczadzkiego Parku Narodowego. Podczas obrad Marek Kuchci\u0144ski wyrazi\u0142 potrzeb\u0119 wi\u0119kszego wsparcia ze strony bud\u017cetu pa\u0144stwa dla park\u00f3w narodowych stanowi\u0105cych najwa\u017cniejsz\u0105 form\u0119 ochrony przyrody. [&hellip;]","og_url":"https:\/\/marekkuchcinski.pl\/sk\/wydarzenia\/potrzeba-wiekszego-wsparcia-dla-parkow-narodowych-jako-najwazniejszych-form-ochrony-przyrody\/","og_site_name":"Marek Kuchci\u0144ski","article_published_time":"2020-12-14T22:52:58+00:00","article_modified_time":"2020-12-18T15:18:33+00:00","og_image":[{"width":2048,"height":1364,"url":"https:\/\/marekkuchcinski.pl\/wp-content\/uploads\/2020\/12\/EpMH_qsWEAEDsLO-scaled.jpg","type":"image\/jpeg"}],"author":"Tomasz \u0141acina","twitter_card":"summary_large_image","twitter_misc":{"Autor":"Tomasz \u0141acina","Predpokladan\u00fd \u010das \u010d\u00edtania":"2 min\u00faty"},"schema":{"@context":"https:\/\/schema.org","@graph":[{"@type":"Article","@id":"https:\/\/marekkuchcinski.pl\/wydarzenia\/potrzeba-wiekszego-wsparcia-dla-parkow-narodowych-jako-najwazniejszych-form-ochrony-przyrody\/#article","isPartOf":{"@id":"https:\/\/marekkuchcinski.pl\/wydarzenia\/potrzeba-wiekszego-wsparcia-dla-parkow-narodowych-jako-najwazniejszych-form-ochrony-przyrody\/"},"author":{"name":"Tomasz \u0141acina","@id":"https:\/\/marekkuchcinski.pl\/#\/schema\/person\/b8a29fe7813098f7be78801d029910a7"},"headline":"Potrzeba wi\u0119kszego wsparcia dla park\u00f3w narodowych jako najcenniejszych form ochrony przyrody.","datePublished":"2020-12-14T22:52:58+00:00","dateModified":"2020-12-18T15:18:33+00:00","mainEntityOfPage":{"@id":"https:\/\/marekkuchcinski.pl\/wydarzenia\/potrzeba-wiekszego-wsparcia-dla-parkow-narodowych-jako-najwazniejszych-form-ochrony-przyrody\/"},"wordCount":383,"commentCount":0,"publisher":{"@id":"https:\/\/marekkuchcinski.pl\/#organization"},"image":{"@id":"https:\/\/marekkuchcinski.pl\/wydarzenia\/potrzeba-wiekszego-wsparcia-dla-parkow-narodowych-jako-najwazniejszych-form-ochrony-przyrody\/#primaryimage"},"thumbnailUrl":"https:\/\/marekkuchcinski.pl\/wp-content\/uploads\/2020\/12\/EpMH_qsWEAEDsLO-scaled.jpg","articleSection":["Komisje Sejmowe","Wydarzenia"],"inLanguage":"sk-SK","potentialAction":[{"@type":"CommentAction","name":"Comment","target":["https:\/\/marekkuchcinski.pl\/wydarzenia\/potrzeba-wiekszego-wsparcia-dla-parkow-narodowych-jako-najwazniejszych-form-ochrony-przyrody\/#respond"]}]},{"@type":"WebPage","@id":"https:\/\/marekkuchcinski.pl\/wydarzenia\/potrzeba-wiekszego-wsparcia-dla-parkow-narodowych-jako-najwazniejszych-form-ochrony-przyrody\/","url":"https:\/\/marekkuchcinski.pl\/wydarzenia\/potrzeba-wiekszego-wsparcia-dla-parkow-narodowych-jako-najwazniejszych-form-ochrony-przyrody\/","name":"Potrzeba wi\u0119kszego wsparcia dla park\u00f3w narodowych jako najcenniejszych form ochrony przyrody. &#8211; Marek Kuchci\u0144ski","isPartOf":{"@id":"https:\/\/marekkuchcinski.pl\/#website"},"primaryImageOfPage":{"@id":"https:\/\/marekkuchcinski.pl\/wydarzenia\/potrzeba-wiekszego-wsparcia-dla-parkow-narodowych-jako-najwazniejszych-form-ochrony-przyrody\/#primaryimage"},"image":{"@id":"https:\/\/marekkuchcinski.pl\/wydarzenia\/potrzeba-wiekszego-wsparcia-dla-parkow-narodowych-jako-najwazniejszych-form-ochrony-przyrody\/#primaryimage"},"thumbnailUrl":"https:\/\/marekkuchcinski.pl\/wp-content\/uploads\/2020\/12\/EpMH_qsWEAEDsLO-scaled.jpg","datePublished":"2020-12-14T22:52:58+00:00","dateModified":"2020-12-18T15:18:33+00:00","breadcrumb":{"@id":"https:\/\/marekkuchcinski.pl\/wydarzenia\/potrzeba-wiekszego-wsparcia-dla-parkow-narodowych-jako-najwazniejszych-form-ochrony-przyrody\/#breadcrumb"},"inLanguage":"sk-SK","potentialAction":[{"@type":"ReadAction","target":["https:\/\/marekkuchcinski.pl\/wydarzenia\/potrzeba-wiekszego-wsparcia-dla-parkow-narodowych-jako-najwazniejszych-form-ochrony-przyrody\/"]}]},{"@type":"ImageObject","inLanguage":"sk-SK","@id":"https:\/\/marekkuchcinski.pl\/wydarzenia\/potrzeba-wiekszego-wsparcia-dla-parkow-narodowych-jako-najwazniejszych-form-ochrony-przyrody\/#primaryimage","url":"https:\/\/marekkuchcinski.pl\/wp-content\/uploads\/2020\/12\/EpMH_qsWEAEDsLO-scaled.jpg","contentUrl":"https:\/\/marekkuchcinski.pl\/wp-content\/uploads\/2020\/12\/EpMH_qsWEAEDsLO-scaled.jpg","width":2048,"height":1364},{"@type":"BreadcrumbList","@id":"https:\/\/marekkuchcinski.pl\/wydarzenia\/potrzeba-wiekszego-wsparcia-dla-parkow-narodowych-jako-najwazniejszych-form-ochrony-przyrody\/#breadcrumb","itemListElement":[{"@type":"ListItem","position":1,"name":"Strona g\u0142\u00f3wna","item":"https:\/\/marekkuchcinski.pl\/"},{"@type":"ListItem","position":2,"name":"Potrzeba wi\u0119kszego wsparcia dla park\u00f3w narodowych jako najcenniejszych form ochrony przyrody."}]},{"@type":"WebSite","@id":"https:\/\/marekkuchcinski.pl\/#website","url":"https:\/\/marekkuchcinski.pl\/","name":"Marek Kuchci\u0144ski","description":"Pose\u0142 na sejm RP &ndash; okr\u0119g nr 22","publisher":{"@id":"https:\/\/marekkuchcinski.pl\/#organization"},"potentialAction":[{"@type":"SearchAction","target":{"@type":"EntryPoint","urlTemplate":"https:\/\/marekkuchcinski.pl\/?s={search_term_string}"},"query-input":{"@type":"PropertyValueSpecification","valueRequired":true,"valueName":"search_term_string"}}],"inLanguage":"sk-SK"},{"@type":"Organization","@id":"https:\/\/marekkuchcinski.pl\/#organization","name":"Marek Kuchci\u0144ski","url":"https:\/\/marekkuchcinski.pl\/","logo":{"@type":"ImageObject","inLanguage":"sk-SK","@id":"https:\/\/marekkuchcinski.pl\/#\/schema\/logo\/image\/","url":"https:\/\/marekkuchcinski.pl\/wp-content\/uploads\/2022\/09\/Marek.jpg","contentUrl":"https:\/\/marekkuchcinski.pl\/wp-content\/uploads\/2022\/09\/Marek.jpg","width":1600,"height":971,"caption":"Marek Kuchci\u0144ski"},"image":{"@id":"https:\/\/marekkuchcinski.pl\/#\/schema\/logo\/image\/"}},{"@type":"Person","@id":"https:\/\/marekkuchcinski.pl\/#\/schema\/person\/b8a29fe7813098f7be78801d029910a7","name":"Tomasz \u0141acina","image":{"@type":"ImageObject","inLanguage":"sk-SK","@id":"https:\/\/marekkuchcinski.pl\/#\/schema\/person\/image\/","url":"https:\/\/secure.gravatar.com\/avatar\/22e75f6c51aff77a676ed77dd222f852?s=96&d=mm&r=g","contentUrl":"https:\/\/secure.gravatar.com\/avatar\/22e75f6c51aff77a676ed77dd222f852?s=96&d=mm&r=g","caption":"Tomasz \u0141acina"},"url":"https:\/\/marekkuchcinski.pl\/sk\/author\/tomek-lacina\/"}]}},"_links":{"self":[{"href":"https:\/\/marekkuchcinski.pl\/sk\/wp-json\/wp\/v2\/posts\/21014","targetHints":{"allow":["GET"]}}],"collection":[{"href":"https:\/\/marekkuchcinski.pl\/sk\/wp-json\/wp\/v2\/posts"}],"about":[{"href":"https:\/\/marekkuchcinski.pl\/sk\/wp-json\/wp\/v2\/types\/post"}],"author":[{"embeddable":true,"href":"https:\/\/marekkuchcinski.pl\/sk\/wp-json\/wp\/v2\/users\/17"}],"replies":[{"embeddable":true,"href":"https:\/\/marekkuchcinski.pl\/sk\/wp-json\/wp\/v2\/comments?post=21014"}],"version-history":[{"count":13,"href":"https:\/\/marekkuchcinski.pl\/sk\/wp-json\/wp\/v2\/posts\/21014\/revisions"}],"predecessor-version":[{"id":21035,"href":"https:\/\/marekkuchcinski.pl\/sk\/wp-json\/wp\/v2\/posts\/21014\/revisions\/21035"}],"wp:featuredmedia":[{"embeddable":true,"href":"https:\/\/marekkuchcinski.pl\/sk\/wp-json\/wp\/v2\/media\/21019"}],"wp:attachment":[{"href":"https:\/\/marekkuchcinski.pl\/sk\/wp-json\/wp\/v2\/media?parent=21014"}],"wp:term":[{"taxonomy":"category","embeddable":true,"href":"https:\/\/marekkuchcinski.pl\/sk\/wp-json\/wp\/v2\/categories?post=21014"},{"taxonomy":"post_tag","embeddable":true,"href":"https:\/\/marekkuchcinski.pl\/sk\/wp-json\/wp\/v2\/tags?post=21014"}],"curies":[{"name":"wp","href":"https:\/\/api.w.org\/{rel}","templated":true}]}}