{"id":20297,"date":"2020-12-04T14:25:22","date_gmt":"2020-12-04T13:25:22","guid":{"rendered":"https:\/\/marekkuchcinski.pl\/?p=20297"},"modified":"2021-01-16T15:55:17","modified_gmt":"2021-01-16T14:55:17","slug":"wiadomosci-z-europy-2","status":"publish","type":"post","link":"https:\/\/marekkuchcinski.pl\/sk\/europa\/wiadomosci-z-europy-2\/","title":{"rendered":"Novinky z Eur\u00f3py a sveta"},"content":{"rendered":"<div class=\"wp-block-image\"><figure class=\"aligncenter size-large is-resized\"><a href=\"https:\/\/marekkuchcinski.pl\/wp-content\/uploads\/2020\/12\/AdobeStock_284128523_Editorial_Use_Only-scaled.jpeg\"><img fetchpriority=\"high\" decoding=\"async\" src=\"https:\/\/marekkuchcinski.pl\/wp-content\/uploads\/2020\/12\/AdobeStock_284128523_Editorial_Use_Only-1024x656.jpeg\" alt=\"\" class=\"wp-image-20787\" width=\"668\" height=\"427\" srcset=\"https:\/\/marekkuchcinski.pl\/wp-content\/uploads\/2020\/12\/AdobeStock_284128523_Editorial_Use_Only-1024x656.jpeg 1024w, https:\/\/marekkuchcinski.pl\/wp-content\/uploads\/2020\/12\/AdobeStock_284128523_Editorial_Use_Only-300x192.jpeg 300w, https:\/\/marekkuchcinski.pl\/wp-content\/uploads\/2020\/12\/AdobeStock_284128523_Editorial_Use_Only-768x492.jpeg 768w, https:\/\/marekkuchcinski.pl\/wp-content\/uploads\/2020\/12\/AdobeStock_284128523_Editorial_Use_Only-1536x984.jpeg 1536w, https:\/\/marekkuchcinski.pl\/wp-content\/uploads\/2020\/12\/AdobeStock_284128523_Editorial_Use_Only-scaled.jpeg 2048w, https:\/\/marekkuchcinski.pl\/wp-content\/uploads\/2020\/12\/AdobeStock_284128523_Editorial_Use_Only-16x10.jpeg 16w\" sizes=\"(max-width: 668px) 100vw, 668px\" \/><\/a><\/figure><\/div>\n\n\n\n<p><strong>E\u00da<\/strong><\/p>\n\n\n\n<p><strong>Brusel:<\/strong> Rak\u00fasky poslanec Othmar Karas (EPP) poslal vedeniu skupiny list, ktor\u00fd podp\u00edsalo 30 zo 187 \u010dlenov jeho strany, v ktorom \u017eiada, aby bol ma\u010farsk\u00fd poslanec Tamas Deutsch vyl\u00fa\u010den\u00fd za svoje v\u00fdroky na adresu predsedu skupiny EPP t\u00fdkaj\u00face sa jeho postoja k viazaniu fondov E\u00da na tzv. pr\u00e1vny \u0161t\u00e1t.&nbsp;<\/p>\n\n\n\n<p><strong>Z\u00e1padn\u00e1 Eur\u00f3pa<\/strong><\/p>\n\n\n\n<p><strong>Franc\u00fazsko:<\/strong> B\u00fdval\u00fd franc\u00fazsky prezident Valery Giscard d'Estaing zomrel v COVID-19 vo veku 94 rokov.<\/p>\n\n\n\n<p>Ako v stredu informoval denn\u00edk Le Monde, Franc\u00fazsko ozn\u00e1milo, \u017ee od septembra stratilo viac ako 35 000 pracovn\u00fdch miest, a to aj napriek vl\u00e1dnym stimula\u010dn\u00fdm bal\u00edkom.<\/p>\n\n\n\n<p><strong>Nemecko:<\/strong>&nbsp; S\u00fa\u010dasn\u00e9 obmedzenia s cie\u013eom zabr\u00e1ni\u0165 \u0161\u00edreniu pand\u00e9mie boli pred\u013a\u017een\u00e9 do 10. janu\u00e1ra.<\/p>\n\n\n\n<p>Portugalsko: \"Portugalsko odmieta obnovi\u0165 rokovania o rozpo\u010dte E\u00da a fonde na obnovu, na ktor\u00fdch sa dohodli l\u00eddri E\u00da v j\u00fali,\" uviedol v stredu premi\u00e9r Antonio Costa.<\/p>\n\n\n\n<p><strong>Vy\u0161ehradsk\u00e1 skupina<\/strong><\/p>\n\n\n\n<p><strong>Ma\u010farsko:<\/strong> Premi\u00e9r Viktor Orb\u00e1n ostro ods\u00fadil spr\u00e1vanie b\u00fdval\u00e9ho poslanca Fideszu Jozsefa Szajera, ktor\u00fd bol prichyten\u00fd pri homosexu\u00e1lnych orgi\u00e1ch v centre Bruselu.<\/p>\n\n\n\n<p><strong>Slovensko:<\/strong>&nbsp; Novou predsedn\u00ed\u010dkou St\u00e1leho zast\u00fapenia E\u00da sa od janu\u00e1ra 2021 stane diplomatka Petra Vargov\u00e1, ktor\u00e1 v s\u00fa\u010dasnosti p\u00f4sob\u00ed na Ministerstve zahrani\u010dn\u00fdch vec\u00ed SR a predt\u00fdm bola z\u00e1stupky\u0148ou ve\u013evyslanca SR pri E\u00da.<\/p>\n\n\n\n<p><strong>Balk\u00e1n<\/strong><\/p>\n\n\n\n<p><strong>Slovinsko:<\/strong> Minister zahrani\u010dn\u00fdch vec\u00ed Anze Logar ozn\u00e1mil n\u00e1v\u0161tevu Spojen\u00fdch \u0161t\u00e1tov, po\u010das ktorej sa pl\u00e1nuje stretn\u00fa\u0165 s ministrom zahrani\u010dn\u00fdch vec\u00ed Mikeom Pompeom. Slovinsk\u00e1 vl\u00e1da st\u00e1le nepoblaho\u017eelala Joeovi Bidenovi k v\u00ed\u0165azstvu v prezidentsk\u00fdch vo\u013eb\u00e1ch.<\/p>\n\n\n\n<p><strong>Srbsko:<\/strong> E\u00da tento rok neotvor\u00ed nov\u00fa kapitolu pr\u00edstupov\u00fdch rokovan\u00ed so Srbskom. Medzin\u00e1rodn\u00ed pozorovatelia sa domnievaj\u00fa, \u017ee Belehrad nevykonal potrebn\u00e9 reformy v oblasti pr\u00e1vneho \u0161t\u00e1tu, pokia\u013e ide o nez\u00e1vislos\u0165 s\u00fadnictva a slobodu prejavu.<\/p>\n\n\n\n<p><strong>Severn\u00e1 Eur\u00f3pa<\/strong><\/p>\n\n\n\n<p><strong>F\u00ednsko:<\/strong> Populistick\u00e1 strana F\u00ednska zv\u00fd\u0161ila od za\u010diatku novembra svoju podporu medzi voli\u010dmi o 1,4%. V s\u00fa\u010dasnosti je najpopul\u00e1rnej\u0161ou stranou vo F\u00ednsku s podporou 20,91 % op\u00fdtan\u00fdch.<\/p>","protected":false},"excerpt":{"rendered":"<p>E\u00da Brusel: Rak\u00fasky europoslanec Othmar Karas (EPP) poslal vedeniu skupiny list, ktor\u00fd podp\u00edsalo 30 zo 187 \u010dlenov jeho strany, v ktorom \u017eiada, aby bol ma\u010farsk\u00fd europoslanec Tamas Deutsch vyl\u00fa\u010den\u00fd za v\u00fdroky na adresu predsedu skupiny EPP o jeho postoji k viazaniu fondov E\u00da na tzv. pr\u00e1vny \u0161t\u00e1t.  Z\u00e1padn\u00e1 Eur\u00f3pa Franc\u00fazsko: B\u00fdval\u00fd franc\u00fazsky prezident Valery Giscard d'Estaing zomrel na [...]<\/p>","protected":false},"author":17,"featured_media":20787,"comment_status":"open","ping_status":"open","sticky":false,"template":"","format":"standard","meta":{"ngg_post_thumbnail":0,"footnotes":""},"categories":[185],"tags":[],"class_list":["post-20297","post","type-post","status-publish","format-standard","has-post-thumbnail","hentry","category-europa"],"yoast_head":"<!-- This site is optimized with the Yoast SEO plugin v24.7 - https:\/\/yoast.com\/wordpress\/plugins\/seo\/ -->\n<title>Wiadomo\u015bci z Europy i \u015bwiata &#8211; Marek Kuchci\u0144ski<\/title>\n<meta name=\"robots\" content=\"index, follow, max-snippet:-1, max-image-preview:large, max-video-preview:-1\" \/>\n<link rel=\"canonical\" href=\"https:\/\/marekkuchcinski.pl\/sk\/europa\/wiadomosci-z-europy-2\/\" \/>\n<meta property=\"og:locale\" content=\"sk_SK\" \/>\n<meta property=\"og:type\" content=\"article\" \/>\n<meta property=\"og:title\" content=\"Wiadomo\u015bci z Europy i \u015bwiata &#8211; Marek Kuchci\u0144ski\" \/>\n<meta property=\"og:description\" content=\"UE Bruksela: Austriacki europose\u0142 Othmar Karas (EPP) wys\u0142a\u0142 list do kierownictwa grupy, podpisany przez 30 z 187 cz\u0142onk\u00f3w jego partii, prosz\u0105c o wykluczenie w\u0119gierskiego pos\u0142a Tamasa Deutscha za komentarze nt. przewodnicz\u0105cego grupy EPP w sprawie jego stanowiska o wi\u0105zania funduszy UE z tzw. praworz\u0105dno\u015bci\u0105.&nbsp; Europa Zachodnia Francja: By\u0142y prezydent Francji Valery Giscard d\u2019Estaing zmar\u0142 na [&hellip;]\" \/>\n<meta property=\"og:url\" content=\"https:\/\/marekkuchcinski.pl\/sk\/europa\/wiadomosci-z-europy-2\/\" \/>\n<meta property=\"og:site_name\" content=\"Marek Kuchci\u0144ski\" \/>\n<meta property=\"article:published_time\" content=\"2020-12-04T13:25:22+00:00\" \/>\n<meta property=\"article:modified_time\" content=\"2021-01-16T14:55:17+00:00\" \/>\n<meta property=\"og:image\" content=\"https:\/\/marekkuchcinski.pl\/wp-content\/uploads\/2020\/12\/AdobeStock_284128523_Editorial_Use_Only-scaled.jpeg\" \/>\n\t<meta property=\"og:image:width\" content=\"2048\" \/>\n\t<meta property=\"og:image:height\" content=\"1312\" \/>\n\t<meta property=\"og:image:type\" content=\"image\/jpeg\" \/>\n<meta name=\"author\" content=\"Tomasz \u0141acina\" \/>\n<meta name=\"twitter:card\" content=\"summary_large_image\" \/>\n<meta name=\"twitter:label1\" content=\"Autor\" \/>\n\t<meta name=\"twitter:data1\" content=\"Tomasz \u0141acina\" \/>\n\t<meta name=\"twitter:label2\" content=\"Predpokladan\u00fd \u010das \u010d\u00edtania\" \/>\n\t<meta name=\"twitter:data2\" content=\"2 min\u00faty\" \/>\n<script type=\"application\/ld+json\" class=\"yoast-schema-graph\">{\"@context\":\"https:\/\/schema.org\",\"@graph\":[{\"@type\":\"Article\",\"@id\":\"https:\/\/marekkuchcinski.pl\/sk\/europa\/wiadomosci-z-europy-2\/#article\",\"isPartOf\":{\"@id\":\"https:\/\/marekkuchcinski.pl\/sk\/europa\/wiadomosci-z-europy-2\/\"},\"author\":{\"name\":\"Tomasz \u0141acina\",\"@id\":\"https:\/\/marekkuchcinski.pl\/#\/schema\/person\/b8a29fe7813098f7be78801d029910a7\"},\"headline\":\"Wiadomo\u015bci z Europy i \u015bwiata\",\"datePublished\":\"2020-12-04T13:25:22+00:00\",\"dateModified\":\"2021-01-16T14:55:17+00:00\",\"mainEntityOfPage\":{\"@id\":\"https:\/\/marekkuchcinski.pl\/sk\/europa\/wiadomosci-z-europy-2\/\"},\"wordCount\":330,\"commentCount\":0,\"publisher\":{\"@id\":\"https:\/\/marekkuchcinski.pl\/#organization\"},\"image\":{\"@id\":\"https:\/\/marekkuchcinski.pl\/sk\/europa\/wiadomosci-z-europy-2\/#primaryimage\"},\"thumbnailUrl\":\"https:\/\/marekkuchcinski.pl\/wp-content\/uploads\/2020\/12\/AdobeStock_284128523_Editorial_Use_Only-scaled.jpeg\",\"articleSection\":[\"Wie\u015bci z Europy i \u015awiata\"],\"inLanguage\":\"sk-SK\",\"potentialAction\":[{\"@type\":\"CommentAction\",\"name\":\"Comment\",\"target\":[\"https:\/\/marekkuchcinski.pl\/sk\/europa\/wiadomosci-z-europy-2\/#respond\"]}]},{\"@type\":\"WebPage\",\"@id\":\"https:\/\/marekkuchcinski.pl\/sk\/europa\/wiadomosci-z-europy-2\/\",\"url\":\"https:\/\/marekkuchcinski.pl\/sk\/europa\/wiadomosci-z-europy-2\/\",\"name\":\"Wiadomo\u015bci z Europy i \u015bwiata &#8211; Marek Kuchci\u0144ski\",\"isPartOf\":{\"@id\":\"https:\/\/marekkuchcinski.pl\/#website\"},\"primaryImageOfPage\":{\"@id\":\"https:\/\/marekkuchcinski.pl\/sk\/europa\/wiadomosci-z-europy-2\/#primaryimage\"},\"image\":{\"@id\":\"https:\/\/marekkuchcinski.pl\/sk\/europa\/wiadomosci-z-europy-2\/#primaryimage\"},\"thumbnailUrl\":\"https:\/\/marekkuchcinski.pl\/wp-content\/uploads\/2020\/12\/AdobeStock_284128523_Editorial_Use_Only-scaled.jpeg\",\"datePublished\":\"2020-12-04T13:25:22+00:00\",\"dateModified\":\"2021-01-16T14:55:17+00:00\",\"breadcrumb\":{\"@id\":\"https:\/\/marekkuchcinski.pl\/sk\/europa\/wiadomosci-z-europy-2\/#breadcrumb\"},\"inLanguage\":\"sk-SK\",\"potentialAction\":[{\"@type\":\"ReadAction\",\"target\":[\"https:\/\/marekkuchcinski.pl\/sk\/europa\/wiadomosci-z-europy-2\/\"]}]},{\"@type\":\"ImageObject\",\"inLanguage\":\"sk-SK\",\"@id\":\"https:\/\/marekkuchcinski.pl\/sk\/europa\/wiadomosci-z-europy-2\/#primaryimage\",\"url\":\"https:\/\/marekkuchcinski.pl\/wp-content\/uploads\/2020\/12\/AdobeStock_284128523_Editorial_Use_Only-scaled.jpeg\",\"contentUrl\":\"https:\/\/marekkuchcinski.pl\/wp-content\/uploads\/2020\/12\/AdobeStock_284128523_Editorial_Use_Only-scaled.jpeg\",\"width\":2048,\"height\":1312},{\"@type\":\"BreadcrumbList\",\"@id\":\"https:\/\/marekkuchcinski.pl\/sk\/europa\/wiadomosci-z-europy-2\/#breadcrumb\",\"itemListElement\":[{\"@type\":\"ListItem\",\"position\":1,\"name\":\"Strona g\u0142\u00f3wna\",\"item\":\"https:\/\/marekkuchcinski.pl\/\"},{\"@type\":\"ListItem\",\"position\":2,\"name\":\"Wiadomo\u015bci z Europy i \u015bwiata\"}]},{\"@type\":\"WebSite\",\"@id\":\"https:\/\/marekkuchcinski.pl\/#website\",\"url\":\"https:\/\/marekkuchcinski.pl\/\",\"name\":\"Marek Kuchci\u0144ski\",\"description\":\"Pose\u0142 na sejm RP &ndash; okr\u0119g nr 22\",\"publisher\":{\"@id\":\"https:\/\/marekkuchcinski.pl\/#organization\"},\"potentialAction\":[{\"@type\":\"SearchAction\",\"target\":{\"@type\":\"EntryPoint\",\"urlTemplate\":\"https:\/\/marekkuchcinski.pl\/?s={search_term_string}\"},\"query-input\":{\"@type\":\"PropertyValueSpecification\",\"valueRequired\":true,\"valueName\":\"search_term_string\"}}],\"inLanguage\":\"sk-SK\"},{\"@type\":\"Organization\",\"@id\":\"https:\/\/marekkuchcinski.pl\/#organization\",\"name\":\"Marek Kuchci\u0144ski\",\"url\":\"https:\/\/marekkuchcinski.pl\/\",\"logo\":{\"@type\":\"ImageObject\",\"inLanguage\":\"sk-SK\",\"@id\":\"https:\/\/marekkuchcinski.pl\/#\/schema\/logo\/image\/\",\"url\":\"https:\/\/marekkuchcinski.pl\/wp-content\/uploads\/2022\/09\/Marek.jpg\",\"contentUrl\":\"https:\/\/marekkuchcinski.pl\/wp-content\/uploads\/2022\/09\/Marek.jpg\",\"width\":1600,\"height\":971,\"caption\":\"Marek Kuchci\u0144ski\"},\"image\":{\"@id\":\"https:\/\/marekkuchcinski.pl\/#\/schema\/logo\/image\/\"}},{\"@type\":\"Person\",\"@id\":\"https:\/\/marekkuchcinski.pl\/#\/schema\/person\/b8a29fe7813098f7be78801d029910a7\",\"name\":\"Tomasz \u0141acina\",\"image\":{\"@type\":\"ImageObject\",\"inLanguage\":\"sk-SK\",\"@id\":\"https:\/\/marekkuchcinski.pl\/#\/schema\/person\/image\/\",\"url\":\"https:\/\/secure.gravatar.com\/avatar\/22e75f6c51aff77a676ed77dd222f852?s=96&d=mm&r=g\",\"contentUrl\":\"https:\/\/secure.gravatar.com\/avatar\/22e75f6c51aff77a676ed77dd222f852?s=96&d=mm&r=g\",\"caption\":\"Tomasz \u0141acina\"},\"url\":\"https:\/\/marekkuchcinski.pl\/sk\/author\/tomek-lacina\/\"}]}<\/script>\n<!-- \/ Yoast SEO plugin. -->","yoast_head_json":{"title":"Wiadomo\u015bci z Europy i \u015bwiata &#8211; Marek Kuchci\u0144ski","robots":{"index":"index","follow":"follow","max-snippet":"max-snippet:-1","max-image-preview":"max-image-preview:large","max-video-preview":"max-video-preview:-1"},"canonical":"https:\/\/marekkuchcinski.pl\/sk\/europa\/wiadomosci-z-europy-2\/","og_locale":"sk_SK","og_type":"article","og_title":"Wiadomo\u015bci z Europy i \u015bwiata &#8211; Marek Kuchci\u0144ski","og_description":"UE Bruksela: Austriacki europose\u0142 Othmar Karas (EPP) wys\u0142a\u0142 list do kierownictwa grupy, podpisany przez 30 z 187 cz\u0142onk\u00f3w jego partii, prosz\u0105c o wykluczenie w\u0119gierskiego pos\u0142a Tamasa Deutscha za komentarze nt. przewodnicz\u0105cego grupy EPP w sprawie jego stanowiska o wi\u0105zania funduszy UE z tzw. praworz\u0105dno\u015bci\u0105.&nbsp; Europa Zachodnia Francja: By\u0142y prezydent Francji Valery Giscard d\u2019Estaing zmar\u0142 na [&hellip;]","og_url":"https:\/\/marekkuchcinski.pl\/sk\/europa\/wiadomosci-z-europy-2\/","og_site_name":"Marek Kuchci\u0144ski","article_published_time":"2020-12-04T13:25:22+00:00","article_modified_time":"2021-01-16T14:55:17+00:00","og_image":[{"width":2048,"height":1312,"url":"https:\/\/marekkuchcinski.pl\/wp-content\/uploads\/2020\/12\/AdobeStock_284128523_Editorial_Use_Only-scaled.jpeg","type":"image\/jpeg"}],"author":"Tomasz \u0141acina","twitter_card":"summary_large_image","twitter_misc":{"Autor":"Tomasz \u0141acina","Predpokladan\u00fd \u010das \u010d\u00edtania":"2 min\u00faty"},"schema":{"@context":"https:\/\/schema.org","@graph":[{"@type":"Article","@id":"https:\/\/marekkuchcinski.pl\/sk\/europa\/wiadomosci-z-europy-2\/#article","isPartOf":{"@id":"https:\/\/marekkuchcinski.pl\/sk\/europa\/wiadomosci-z-europy-2\/"},"author":{"name":"Tomasz \u0141acina","@id":"https:\/\/marekkuchcinski.pl\/#\/schema\/person\/b8a29fe7813098f7be78801d029910a7"},"headline":"Wiadomo\u015bci z Europy i \u015bwiata","datePublished":"2020-12-04T13:25:22+00:00","dateModified":"2021-01-16T14:55:17+00:00","mainEntityOfPage":{"@id":"https:\/\/marekkuchcinski.pl\/sk\/europa\/wiadomosci-z-europy-2\/"},"wordCount":330,"commentCount":0,"publisher":{"@id":"https:\/\/marekkuchcinski.pl\/#organization"},"image":{"@id":"https:\/\/marekkuchcinski.pl\/sk\/europa\/wiadomosci-z-europy-2\/#primaryimage"},"thumbnailUrl":"https:\/\/marekkuchcinski.pl\/wp-content\/uploads\/2020\/12\/AdobeStock_284128523_Editorial_Use_Only-scaled.jpeg","articleSection":["Wie\u015bci z Europy i \u015awiata"],"inLanguage":"sk-SK","potentialAction":[{"@type":"CommentAction","name":"Comment","target":["https:\/\/marekkuchcinski.pl\/sk\/europa\/wiadomosci-z-europy-2\/#respond"]}]},{"@type":"WebPage","@id":"https:\/\/marekkuchcinski.pl\/sk\/europa\/wiadomosci-z-europy-2\/","url":"https:\/\/marekkuchcinski.pl\/sk\/europa\/wiadomosci-z-europy-2\/","name":"Wiadomo\u015bci z Europy i \u015bwiata &#8211; Marek Kuchci\u0144ski","isPartOf":{"@id":"https:\/\/marekkuchcinski.pl\/#website"},"primaryImageOfPage":{"@id":"https:\/\/marekkuchcinski.pl\/sk\/europa\/wiadomosci-z-europy-2\/#primaryimage"},"image":{"@id":"https:\/\/marekkuchcinski.pl\/sk\/europa\/wiadomosci-z-europy-2\/#primaryimage"},"thumbnailUrl":"https:\/\/marekkuchcinski.pl\/wp-content\/uploads\/2020\/12\/AdobeStock_284128523_Editorial_Use_Only-scaled.jpeg","datePublished":"2020-12-04T13:25:22+00:00","dateModified":"2021-01-16T14:55:17+00:00","breadcrumb":{"@id":"https:\/\/marekkuchcinski.pl\/sk\/europa\/wiadomosci-z-europy-2\/#breadcrumb"},"inLanguage":"sk-SK","potentialAction":[{"@type":"ReadAction","target":["https:\/\/marekkuchcinski.pl\/sk\/europa\/wiadomosci-z-europy-2\/"]}]},{"@type":"ImageObject","inLanguage":"sk-SK","@id":"https:\/\/marekkuchcinski.pl\/sk\/europa\/wiadomosci-z-europy-2\/#primaryimage","url":"https:\/\/marekkuchcinski.pl\/wp-content\/uploads\/2020\/12\/AdobeStock_284128523_Editorial_Use_Only-scaled.jpeg","contentUrl":"https:\/\/marekkuchcinski.pl\/wp-content\/uploads\/2020\/12\/AdobeStock_284128523_Editorial_Use_Only-scaled.jpeg","width":2048,"height":1312},{"@type":"BreadcrumbList","@id":"https:\/\/marekkuchcinski.pl\/sk\/europa\/wiadomosci-z-europy-2\/#breadcrumb","itemListElement":[{"@type":"ListItem","position":1,"name":"Strona g\u0142\u00f3wna","item":"https:\/\/marekkuchcinski.pl\/"},{"@type":"ListItem","position":2,"name":"Wiadomo\u015bci z Europy i \u015bwiata"}]},{"@type":"WebSite","@id":"https:\/\/marekkuchcinski.pl\/#website","url":"https:\/\/marekkuchcinski.pl\/","name":"Marek Kuchci\u0144ski","description":"Pose\u0142 na sejm RP &ndash; okr\u0119g nr 22","publisher":{"@id":"https:\/\/marekkuchcinski.pl\/#organization"},"potentialAction":[{"@type":"SearchAction","target":{"@type":"EntryPoint","urlTemplate":"https:\/\/marekkuchcinski.pl\/?s={search_term_string}"},"query-input":{"@type":"PropertyValueSpecification","valueRequired":true,"valueName":"search_term_string"}}],"inLanguage":"sk-SK"},{"@type":"Organization","@id":"https:\/\/marekkuchcinski.pl\/#organization","name":"Marek Kuchci\u0144ski","url":"https:\/\/marekkuchcinski.pl\/","logo":{"@type":"ImageObject","inLanguage":"sk-SK","@id":"https:\/\/marekkuchcinski.pl\/#\/schema\/logo\/image\/","url":"https:\/\/marekkuchcinski.pl\/wp-content\/uploads\/2022\/09\/Marek.jpg","contentUrl":"https:\/\/marekkuchcinski.pl\/wp-content\/uploads\/2022\/09\/Marek.jpg","width":1600,"height":971,"caption":"Marek Kuchci\u0144ski"},"image":{"@id":"https:\/\/marekkuchcinski.pl\/#\/schema\/logo\/image\/"}},{"@type":"Person","@id":"https:\/\/marekkuchcinski.pl\/#\/schema\/person\/b8a29fe7813098f7be78801d029910a7","name":"Tomasz \u0141acina","image":{"@type":"ImageObject","inLanguage":"sk-SK","@id":"https:\/\/marekkuchcinski.pl\/#\/schema\/person\/image\/","url":"https:\/\/secure.gravatar.com\/avatar\/22e75f6c51aff77a676ed77dd222f852?s=96&d=mm&r=g","contentUrl":"https:\/\/secure.gravatar.com\/avatar\/22e75f6c51aff77a676ed77dd222f852?s=96&d=mm&r=g","caption":"Tomasz \u0141acina"},"url":"https:\/\/marekkuchcinski.pl\/sk\/author\/tomek-lacina\/"}]}},"_links":{"self":[{"href":"https:\/\/marekkuchcinski.pl\/sk\/wp-json\/wp\/v2\/posts\/20297","targetHints":{"allow":["GET"]}}],"collection":[{"href":"https:\/\/marekkuchcinski.pl\/sk\/wp-json\/wp\/v2\/posts"}],"about":[{"href":"https:\/\/marekkuchcinski.pl\/sk\/wp-json\/wp\/v2\/types\/post"}],"author":[{"embeddable":true,"href":"https:\/\/marekkuchcinski.pl\/sk\/wp-json\/wp\/v2\/users\/17"}],"replies":[{"embeddable":true,"href":"https:\/\/marekkuchcinski.pl\/sk\/wp-json\/wp\/v2\/comments?post=20297"}],"version-history":[{"count":3,"href":"https:\/\/marekkuchcinski.pl\/sk\/wp-json\/wp\/v2\/posts\/20297\/revisions"}],"predecessor-version":[{"id":21422,"href":"https:\/\/marekkuchcinski.pl\/sk\/wp-json\/wp\/v2\/posts\/20297\/revisions\/21422"}],"wp:featuredmedia":[{"embeddable":true,"href":"https:\/\/marekkuchcinski.pl\/sk\/wp-json\/wp\/v2\/media\/20787"}],"wp:attachment":[{"href":"https:\/\/marekkuchcinski.pl\/sk\/wp-json\/wp\/v2\/media?parent=20297"}],"wp:term":[{"taxonomy":"category","embeddable":true,"href":"https:\/\/marekkuchcinski.pl\/sk\/wp-json\/wp\/v2\/categories?post=20297"},{"taxonomy":"post_tag","embeddable":true,"href":"https:\/\/marekkuchcinski.pl\/sk\/wp-json\/wp\/v2\/tags?post=20297"}],"curies":[{"name":"wp","href":"https:\/\/api.w.org\/{rel}","templated":true}]}}