{"id":20283,"date":"2020-12-01T09:59:03","date_gmt":"2020-12-01T08:59:03","guid":{"rendered":"https:\/\/marekkuchcinski.pl\/?p=20283"},"modified":"2021-01-16T15:56:02","modified_gmt":"2021-01-16T14:56:02","slug":"wiadomosci-z-europy","status":"publish","type":"post","link":"https:\/\/marekkuchcinski.pl\/sk\/europa\/wiadomosci-z-europy\/","title":{"rendered":"Spr\u00e1vy z Eur\u00f3py a sveta, 30. novembra 2020"},"content":{"rendered":"<p><strong>E\u00da<\/strong><\/p>\n\n\n\n<p><strong>Brusel:<\/strong> Pod\u013ea spr\u00e1v denn\u00edka Publico portugalsk\u00fd premi\u00e9r Ant\u00f3nio Costa na novembrovom zasadnut\u00ed Rady E\u00da kritizoval n\u00e1vrh na zavedenie mechanizmu, ktor\u00fd by viazal vypl\u00e1canie finan\u010dn\u00fdch prostriedkov E\u00da na dodr\u017eiavanie princ\u00edpov tzv. pr\u00e1vneho \u0161t\u00e1tu.<\/p>\n\n\n\n<p><strong>Z\u00e1padn\u00e1 Eur\u00f3pa<\/strong><\/p>\n\n\n\n<p><strong>Franc\u00fazsko: <\/strong>Franc\u00fazski ob\u010dania vy\u0161li do ul\u00edc u\u017e druh\u00fa sobotu po sebe a po\u017eadovali stiahnutie takzvan\u00e9ho \"z\u00e1kona o glob\u00e1lnej bezpe\u010dnosti\", ktor\u00fd zakazuje fotografovanie alebo nahr\u00e1vanie policajtov po\u010das slu\u017eby. Franc\u00fazske N\u00e1rodn\u00e9 zhroma\u017edenie schv\u00e1lilo z\u00e1kon v prvom \u010d\u00edtan\u00ed 24. novembra.<\/p>\n\n\n\n<p><strong>Rak\u00fasko: <\/strong>Rak\u00faska ministerka obrany Klaudia Tannerov\u00e1 (\u00d6VP) mala v nede\u013eu pozit\u00edvny test na koronav\u00edrus, ale nem\u00e1 \u017eiadne v\u00e1\u017ene pr\u00edznaky a pracuje na dia\u013eku, uviedol jej hovorca. Tanner je druh\u00fdm rak\u00faskym ministrom s pozit\u00edvnym testom po nestran\u00edckom ministrovi zahrani\u010dn\u00fdch vec\u00ed Alexandrovi Schallenbergovi, ktor\u00fd bol pozit\u00edvne testovan\u00fd v okt\u00f3bri.<\/p>\n\n\n\n<p><strong>Vy\u0161ehradsk\u00e1 skupina<\/strong><\/p>\n\n\n\n<p><strong>Ma\u010farsko: <\/strong>Predseda ma\u010farsk\u00e9ho N\u00e1rodn\u00e9ho zhroma\u017edenia L\u00e1szl\u00f3 K\u00f6v\u00e9r vyzval \u0161\u00e9fa Bundestagu Wolfganga Schaeubleho, aby sa osobne zapojil do aktiv\u00edt zameran\u00fdch na zablokovanie mechanizmu kondicionality v rozpo\u010dte E\u00da na roky 2021 - 2027. K\u00f6v\u00e9r nap\u00edsal predsedovi nemeck\u00e9ho parlamentu list, v ktorom vysvet\u013euje, \u017ee viazanie vypl\u00e1cania finan\u010dn\u00fdch prostriedkov na tzv. pr\u00e1vny \u0161t\u00e1t je nez\u00e1konn\u00e9 a umo\u017en\u00ed \"politick\u00e9 vydieranie\" vo vz\u0165ahu k jednotliv\u00fdm krajin\u00e1m E\u00da.<\/p>\n\n\n\n<p>\u010eal\u0161ia d\u00f4le\u017eit\u00e1 spr\u00e1va z Dunaja sa t\u00fdka J\u00f3zsefa Sz\u00e1jera, ved\u00faceho deleg\u00e1cie Fideszu v ma\u010farskom parlamente, ktor\u00fd v nede\u013eu ne\u010dakane odst\u00fapil z funkcie poslanca Eur\u00f3pskeho parlamentu s od\u00f4vodnen\u00edm \"psychick\u00e9ho vyp\u00e4tia, ktor\u00e9 na neho kladie ka\u017edodenn\u00fd politick\u00fd boj\".<\/p>\n\n\n\n<p><strong>Slovensko: <\/strong>Ministerka spravodlivosti SR M\u00e1ria Kol\u00edkov\u00e1 (Za \u013eud\u00ed) minul\u00fd t\u00fd\u017ede\u0148 predstavila n\u00e1vrh rozsiahlych zmien v s\u00fadnom syst\u00e9me, ako napr\u00edklad drastick\u00e9 zn\u00ed\u017eenie po\u010dtu s\u00fadov. Cie\u013eom reformy Toco, ktor\u00fa niektor\u00ed pozorovatelia ozna\u010duj\u00fa za \"najv\u00e4\u010d\u0161iu reformu s\u00fadnictva za posledn\u00e9 dve desa\u0165ro\u010dia\", je prelomi\u0165 korup\u010dn\u00e9 re\u0165azce, zlep\u0161i\u0165 kvalitu rozsudkov a ur\u00fdchli\u0165 rozhodovanie.<\/p>\n\n\n\n<p><strong>\u010cesk\u00e1 republika: <\/strong>Obchody a re\u0161taur\u00e1cie bud\u00fa od 3. decembra op\u00e4\u0165 otvoren\u00e9 s obmedzen\u00fdmi otv\u00e1rac\u00edmi hodinami. Z\u00e1kaz vych\u00e1dzania sa teraz tie\u017e zru\u0161\u00ed a pitie alkoholu na verejn\u00fdch miestach bude op\u00e4\u0165 povolen\u00e9.<\/p>\n\n\n\n<p><strong>Balk\u00e1n<\/strong><\/p>\n\n\n\n<p><strong>Slovinsko: <\/strong>Slovinsk\u00ed poslanci bud\u00fa tento t\u00fd\u017ede\u0148 diskutova\u0165 o zahrani\u010dnopolitickom postoji premi\u00e9ra Janeza Jan\u0161u, ktor\u00fd sa stretol s mnoh\u00fdmi reakciami doma aj v zahrani\u010d\u00ed. Parlament bude rokova\u0165 aj o iniciat\u00edve na uzavretie dohody medzi Slovinskom a Ma\u010farskom o spolupr\u00e1ci pri v\u00fdstavbe a spr\u00e1ve \u017eelezni\u010dnej trate Diva\u010da-Kopera (2TDK).<\/p>\n\n\n\n<p><strong>Srbsko\/\u010cierna Hora: <\/strong>\u010cierna Hora a Srbsko sa rozhodli stiahnu\u0165 svojich ve\u013evyslancov. \u00daraduj\u00faca vl\u00e1da v piatok vyhl\u00e1sila srbsk\u00e9ho ve\u013evyslanca v \u010ciernej Hore Vladimira Bo\u017eovi\u010da za personu non grata pre \"zasahovanie do jej vn\u00fatorn\u00fdch z\u00e1le\u017eitost\u00ed\" po tom, ako ozna\u010dil za \"oslobodenie\" rozhodnutie N\u00e1rodn\u00e9ho zhroma\u017edenia z roku 1918 o zjednoten\u00ed \u010ciernej Hory so Srbskom, a t\u00fdm o jej pripojen\u00ed ku Kr\u00e1\u013eovstvu Srbov, Chorv\u00e1tov a Slovincov.<\/p>\n\n\n\n<p><strong>Chorv\u00e1tsko: <\/strong>Chorv\u00e1tsky premi\u00e9r Andrej Plenkovi\u0107 je v s\u00fa\u010dasnosti v izol\u00e1cii, preto\u017ee rovnako ako jeho man\u017eelka bol pozit\u00edvne testovan\u00fd na COVID-19. Od pondelka pracuje na dia\u013eku.<\/p>\n\n\n\n<p><strong><u>27\/11\/2020<\/u><\/strong><\/p>\n\n\n\n<p><strong>Vy\u0161ehradsk\u00e1 skupina<\/strong><\/p>\n\n\n\n<p><strong>Po\u013esko\/Ma\u010farsko:<\/strong> Predsedovia vl\u00e1d Po\u013eska a Ma\u010farska vo \u0161tvrtok 26. novembra potvrdili svoj nes\u00fahlas s viazan\u00edm finan\u010dn\u00fdch prostriedkov E\u00da na pr\u00e1vny \u0161t\u00e1t v \u010dlensk\u00fdch \u0161t\u00e1toch a namiesto toho predlo\u017eili vlastn\u00fd n\u00e1vrh na v\u00fdchodisko z patovej situ\u00e1cie, ktor\u00e1 brzd\u00ed \u010derpanie sedemro\u010dn\u00e9ho rozpo\u010dtu E\u00da a fondu na obnovu vo v\u00fd\u0161ke 1,81 bili\u00f3na EUR.<\/p>\n\n\n\n<p><strong>Z\u00e1padn\u00e1 Eur\u00f3pa<\/strong><\/p>\n\n\n\n<p><strong>Portugalsko:&nbsp;<\/strong>Eur\u00f3pska komisia v okt\u00f3bri po\u017eiadala portugalsk\u00fd regula\u010dn\u00fd org\u00e1n pre komunik\u00e1cie Anacom (5G), aby objasnil podmienky aukcie mobiln\u00fdch frekvenci\u00ed piatej gener\u00e1cie z h\u013eadiska pokrytia nov\u00fdmi oper\u00e1tormi a n\u00e1rodn\u00e9ho roamingu, ako sa uv\u00e1dza v liste Gener\u00e1lneho riadite\u013estva Eur\u00f3pskej \u00fanie pre komunika\u010dn\u00e9 siete, obsah a technol\u00f3gie.<\/p>\n\n\n\n<p><strong>Rak\u00fasko:&nbsp;<\/strong>Pod\u013ea \u0161t\u00fadie, ktor\u00fa zadal minister \u0161kolstva Heinz Fa\u00dfmann (OVP), m\u00f4\u017ee by\u0165 po\u010det neregistrovan\u00fdch pr\u00edpadov COVID-19 v Rak\u00fasku dvakr\u00e1t vy\u0161\u0161\u00ed, ako sa doteraz odhadovalo. Z infekci\u00ed zaznamenan\u00fdch po\u010das prieskumu 55% nebolo \u00faradmi zaregistrovan\u00fdch. Fa\u00dfmann to pova\u017euje za \u010fal\u0161\u00ed d\u00f4kaz potreby hromadn\u00e9ho testovania rak\u00faskej popul\u00e1cie v decembri.<\/p>\n\n\n\n<p><strong>Balk\u00e1n<\/strong><\/p>\n\n\n\n<p><strong>Slovinsko:&nbsp;<\/strong>Minister obrany Matej Tonin bol na \u0161tvrtkovom kongrese strany Nov\u00e9 Slovinsko (NSi-EPP) op\u00e4tovne zvolen\u00fd za jej l\u00eddra na \u010fal\u0161ie dva roky, ke\u010f z\u00edskal takmer 961 hlasov deleg\u00e1tov, ktor\u00e9 sa tentoraz odovzd\u00e1vali po\u0161tou. 37-ro\u010dn\u00fd minister obrany bol jedin\u00fdm kandid\u00e1tom na post l\u00eddra strany.<\/p>\n\n\n\n<p><strong>Chorv\u00e1tsko:&nbsp;<\/strong>\"Prenasledovan\u00ed kres\u0165ania a in\u00ed \u013eudia v n\u00fadzi\" dostan\u00fa 1,5 mili\u00f3na k\u00fan (200 000 eur) po tom, ako poslanci prijali pozme\u0148uj\u00faci a dopl\u0148uj\u00faci n\u00e1vrh k rozpo\u010dtu na rok 2021, ktor\u00fd navrhla nez\u00e1visl\u00e1 poslanky\u0148a a b\u00fdval\u00e1 poslanky\u0148a Eur\u00f3pskeho parlamentu Marijana Petir, ktor\u00e1 podporuje vl\u00e1dnuce Chorv\u00e1tske demokratick\u00e9 spolo\u010denstvo (HDZ, PPE) .&nbsp;<\/p>\n\n\n\n<p><strong>Bulharsko\/Severn\u00e9 Maced\u00f3nsko<\/strong>: \"Vl\u00e1da Severn\u00e9ho Maced\u00f3nska by mala vypracova\u0165 pl\u00e1n na uznanie spolo\u010dnej hist\u00f3rie, prepracovanie u\u010debn\u00edc a boj proti nen\u00e1vistn\u00fdm prejavom vo\u010di Bulharsku,\" povedal premi\u00e9r Krassimir Karaka\u010danov (WMRO). Na druhej strane Skopje tvrd\u00ed, \u017ee o identite a jazyku krajiny sa nediskutuje. Medzi oboma krajinami pretrv\u00e1va konflikt, ktor\u00fd je sp\u00f4soben\u00fd nevyrie\u0161en\u00edm historick\u00fdch a jazykov\u00fdch ot\u00e1zok. Bulharsk\u00e1 vl\u00e1da sa 17. novembra postavila proti za\u010datiu pr\u00edstupov\u00fdch rokovan\u00ed so Severn\u00fdm Maced\u00f3nskom.<\/p>\n\n\n\n<p><strong>Severn\u00e1 Eur\u00f3pa<\/strong><\/p>\n\n\n\n<p><strong>F\u00ednsko<\/strong>:  Pod\u013ea spolo\u010dn\u00e9ho v\u00fdskumn\u00e9ho projektu Oxfordskej univerzity, berl\u00ednskej Technickej univerzity a spolo\u010dnosti Siemens Smart Infrastructure je F\u00ednsko krajinou s najv\u00e4\u010d\u0161ou pripravenos\u0165ou na prebiehaj\u00facu energetick\u00fa transform\u00e1ciu.<\/p>\n\n\n\n<figure class=\"wp-block-image size-large\"><img fetchpriority=\"high\" decoding=\"async\" width=\"1024\" height=\"1024\" src=\"https:\/\/marekkuchcinski.pl\/wp-content\/uploads\/2020\/12\/usgs-inNzGtPrkHk-unsplash-1024x1024.jpg\" alt=\"\" class=\"wp-image-20284\" srcset=\"https:\/\/marekkuchcinski.pl\/wp-content\/uploads\/2020\/12\/usgs-inNzGtPrkHk-unsplash-1024x1024.jpg 1024w, https:\/\/marekkuchcinski.pl\/wp-content\/uploads\/2020\/12\/usgs-inNzGtPrkHk-unsplash-300x300.jpg 300w, https:\/\/marekkuchcinski.pl\/wp-content\/uploads\/2020\/12\/usgs-inNzGtPrkHk-unsplash-150x150.jpg 150w, https:\/\/marekkuchcinski.pl\/wp-content\/uploads\/2020\/12\/usgs-inNzGtPrkHk-unsplash-768x768.jpg 768w, https:\/\/marekkuchcinski.pl\/wp-content\/uploads\/2020\/12\/usgs-inNzGtPrkHk-unsplash-1536x1536.jpg 1536w, https:\/\/marekkuchcinski.pl\/wp-content\/uploads\/2020\/12\/usgs-inNzGtPrkHk-unsplash-scaled.jpg 2048w\" sizes=\"(max-width: 1024px) 100vw, 1024px\" \/><\/figure>","protected":false},"excerpt":{"rendered":"<p>E\u00da Brusel: Portugalsk\u00fd premi\u00e9r Ant\u00f3nio Costa kritizoval n\u00e1vrh na zavedenie mechanizmu, ktor\u00fd by na novembrovom zasadnut\u00ed Rady E\u00da viazal vypl\u00e1canie finan\u010dn\u00fdch prostriedkov E\u00da na dodr\u017eiavanie princ\u00edpov tzv. pr\u00e1vneho \u0161t\u00e1tu, uv\u00e1dza Publico. Z\u00e1padn\u00e1 Eur\u00f3pa Franc\u00fazsko: Franc\u00fazi vy\u0161li do ul\u00edc u\u017e druh\u00fa sobotu po sebe a po\u017eadovali stiahnutie takzvan\u00e9ho \"z\u00e1kona o glob\u00e1lnej bezpe\u010dnosti\", ktor\u00fd zakazuje fotografovanie alebo nahr\u00e1vanie policajtov po\u010das v\u00fdkonu slu\u017eby. [...]<\/p>","protected":false},"author":17,"featured_media":20284,"comment_status":"open","ping_status":"open","sticky":false,"template":"","format":"standard","meta":{"ngg_post_thumbnail":0,"footnotes":""},"categories":[185],"tags":[],"class_list":["post-20283","post","type-post","status-publish","format-standard","has-post-thumbnail","hentry","category-europa"],"yoast_head":"<!-- This site is optimized with the Yoast SEO plugin v24.7 - https:\/\/yoast.com\/wordpress\/plugins\/seo\/ -->\n<title>Wiadomo\u015bci z Europy i \u015bwiata, 30 listopada 2020 &#8211; Marek Kuchci\u0144ski<\/title>\n<meta name=\"robots\" content=\"index, follow, max-snippet:-1, max-image-preview:large, max-video-preview:-1\" \/>\n<link rel=\"canonical\" href=\"https:\/\/marekkuchcinski.pl\/sk\/europa\/wiadomosci-z-europy\/\" \/>\n<meta property=\"og:locale\" content=\"sk_SK\" \/>\n<meta property=\"og:type\" content=\"article\" \/>\n<meta property=\"og:title\" content=\"Wiadomo\u015bci z Europy i \u015bwiata, 30 listopada 2020 &#8211; Marek Kuchci\u0144ski\" \/>\n<meta property=\"og:description\" content=\"UE Bruksela: Wed\u0142ug doniesie\u0144 z Publico, portugalski premier Ant\u00f3nio Costa skrytykowa\u0142 propozycj\u0119 wprowadzenia mechanizmu \u0142\u0105cz\u0105cego wyp\u0142at\u0119 funduszy unijnych z poszanowaniem tzw. praworz\u0105dno\u015bci na listopadowym posiedzeniu Rady UE. Europa Zachodnia Francja: Ju\u017c drug\u0105 sobot\u0119 z rz\u0119du Francuzi wyszli na ulic\u0119 \u017c\u0105daj\u0105c wycofania tzw. \u201eGlobalnego prawa bezpiecze\u0144stwa\u201d, kt\u00f3re zakazuje robienie zdj\u0119\u0107 lub nagrywania funkcjonariuszy policji podczas s\u0142u\u017cby. [&hellip;]\" \/>\n<meta property=\"og:url\" content=\"https:\/\/marekkuchcinski.pl\/sk\/europa\/wiadomosci-z-europy\/\" \/>\n<meta property=\"og:site_name\" content=\"Marek Kuchci\u0144ski\" \/>\n<meta property=\"article:published_time\" content=\"2020-12-01T08:59:03+00:00\" \/>\n<meta property=\"article:modified_time\" content=\"2021-01-16T14:56:02+00:00\" \/>\n<meta property=\"og:image\" content=\"https:\/\/marekkuchcinski.pl\/wp-content\/uploads\/2020\/12\/usgs-inNzGtPrkHk-unsplash-scaled.jpg\" \/>\n\t<meta property=\"og:image:width\" content=\"2048\" \/>\n\t<meta property=\"og:image:height\" content=\"2048\" \/>\n\t<meta property=\"og:image:type\" content=\"image\/jpeg\" \/>\n<meta name=\"author\" content=\"Tomasz \u0141acina\" \/>\n<meta name=\"twitter:card\" content=\"summary_large_image\" \/>\n<meta name=\"twitter:label1\" content=\"Autor\" \/>\n\t<meta name=\"twitter:data1\" content=\"Tomasz \u0141acina\" \/>\n\t<meta name=\"twitter:label2\" content=\"Predpokladan\u00fd \u010das \u010d\u00edtania\" \/>\n\t<meta name=\"twitter:data2\" content=\"5 min\u00fat\" \/>\n<script type=\"application\/ld+json\" class=\"yoast-schema-graph\">{\"@context\":\"https:\/\/schema.org\",\"@graph\":[{\"@type\":\"Article\",\"@id\":\"https:\/\/marekkuchcinski.pl\/europa\/wiadomosci-z-europy\/#article\",\"isPartOf\":{\"@id\":\"https:\/\/marekkuchcinski.pl\/europa\/wiadomosci-z-europy\/\"},\"author\":{\"name\":\"Tomasz \u0141acina\",\"@id\":\"https:\/\/marekkuchcinski.pl\/#\/schema\/person\/b8a29fe7813098f7be78801d029910a7\"},\"headline\":\"Wiadomo\u015bci z Europy i \u015bwiata, 30 listopada 2020\",\"datePublished\":\"2020-12-01T08:59:03+00:00\",\"dateModified\":\"2021-01-16T14:56:02+00:00\",\"mainEntityOfPage\":{\"@id\":\"https:\/\/marekkuchcinski.pl\/europa\/wiadomosci-z-europy\/\"},\"wordCount\":976,\"commentCount\":0,\"publisher\":{\"@id\":\"https:\/\/marekkuchcinski.pl\/#organization\"},\"image\":{\"@id\":\"https:\/\/marekkuchcinski.pl\/europa\/wiadomosci-z-europy\/#primaryimage\"},\"thumbnailUrl\":\"https:\/\/marekkuchcinski.pl\/wp-content\/uploads\/2020\/12\/usgs-inNzGtPrkHk-unsplash-scaled.jpg\",\"articleSection\":[\"Wie\u015bci z Europy i \u015awiata\"],\"inLanguage\":\"sk-SK\",\"potentialAction\":[{\"@type\":\"CommentAction\",\"name\":\"Comment\",\"target\":[\"https:\/\/marekkuchcinski.pl\/europa\/wiadomosci-z-europy\/#respond\"]}]},{\"@type\":\"WebPage\",\"@id\":\"https:\/\/marekkuchcinski.pl\/europa\/wiadomosci-z-europy\/\",\"url\":\"https:\/\/marekkuchcinski.pl\/europa\/wiadomosci-z-europy\/\",\"name\":\"Wiadomo\u015bci z Europy i \u015bwiata, 30 listopada 2020 &#8211; Marek Kuchci\u0144ski\",\"isPartOf\":{\"@id\":\"https:\/\/marekkuchcinski.pl\/#website\"},\"primaryImageOfPage\":{\"@id\":\"https:\/\/marekkuchcinski.pl\/europa\/wiadomosci-z-europy\/#primaryimage\"},\"image\":{\"@id\":\"https:\/\/marekkuchcinski.pl\/europa\/wiadomosci-z-europy\/#primaryimage\"},\"thumbnailUrl\":\"https:\/\/marekkuchcinski.pl\/wp-content\/uploads\/2020\/12\/usgs-inNzGtPrkHk-unsplash-scaled.jpg\",\"datePublished\":\"2020-12-01T08:59:03+00:00\",\"dateModified\":\"2021-01-16T14:56:02+00:00\",\"breadcrumb\":{\"@id\":\"https:\/\/marekkuchcinski.pl\/europa\/wiadomosci-z-europy\/#breadcrumb\"},\"inLanguage\":\"sk-SK\",\"potentialAction\":[{\"@type\":\"ReadAction\",\"target\":[\"https:\/\/marekkuchcinski.pl\/europa\/wiadomosci-z-europy\/\"]}]},{\"@type\":\"ImageObject\",\"inLanguage\":\"sk-SK\",\"@id\":\"https:\/\/marekkuchcinski.pl\/europa\/wiadomosci-z-europy\/#primaryimage\",\"url\":\"https:\/\/marekkuchcinski.pl\/wp-content\/uploads\/2020\/12\/usgs-inNzGtPrkHk-unsplash-scaled.jpg\",\"contentUrl\":\"https:\/\/marekkuchcinski.pl\/wp-content\/uploads\/2020\/12\/usgs-inNzGtPrkHk-unsplash-scaled.jpg\",\"width\":2048,\"height\":2048},{\"@type\":\"BreadcrumbList\",\"@id\":\"https:\/\/marekkuchcinski.pl\/europa\/wiadomosci-z-europy\/#breadcrumb\",\"itemListElement\":[{\"@type\":\"ListItem\",\"position\":1,\"name\":\"Strona g\u0142\u00f3wna\",\"item\":\"https:\/\/marekkuchcinski.pl\/\"},{\"@type\":\"ListItem\",\"position\":2,\"name\":\"Wiadomo\u015bci z Europy i \u015bwiata, 30 listopada 2020\"}]},{\"@type\":\"WebSite\",\"@id\":\"https:\/\/marekkuchcinski.pl\/#website\",\"url\":\"https:\/\/marekkuchcinski.pl\/\",\"name\":\"Marek Kuchci\u0144ski\",\"description\":\"Pose\u0142 na sejm RP &ndash; okr\u0119g nr 22\",\"publisher\":{\"@id\":\"https:\/\/marekkuchcinski.pl\/#organization\"},\"potentialAction\":[{\"@type\":\"SearchAction\",\"target\":{\"@type\":\"EntryPoint\",\"urlTemplate\":\"https:\/\/marekkuchcinski.pl\/?s={search_term_string}\"},\"query-input\":{\"@type\":\"PropertyValueSpecification\",\"valueRequired\":true,\"valueName\":\"search_term_string\"}}],\"inLanguage\":\"sk-SK\"},{\"@type\":\"Organization\",\"@id\":\"https:\/\/marekkuchcinski.pl\/#organization\",\"name\":\"Marek Kuchci\u0144ski\",\"url\":\"https:\/\/marekkuchcinski.pl\/\",\"logo\":{\"@type\":\"ImageObject\",\"inLanguage\":\"sk-SK\",\"@id\":\"https:\/\/marekkuchcinski.pl\/#\/schema\/logo\/image\/\",\"url\":\"https:\/\/marekkuchcinski.pl\/wp-content\/uploads\/2022\/09\/Marek.jpg\",\"contentUrl\":\"https:\/\/marekkuchcinski.pl\/wp-content\/uploads\/2022\/09\/Marek.jpg\",\"width\":1600,\"height\":971,\"caption\":\"Marek Kuchci\u0144ski\"},\"image\":{\"@id\":\"https:\/\/marekkuchcinski.pl\/#\/schema\/logo\/image\/\"}},{\"@type\":\"Person\",\"@id\":\"https:\/\/marekkuchcinski.pl\/#\/schema\/person\/b8a29fe7813098f7be78801d029910a7\",\"name\":\"Tomasz \u0141acina\",\"image\":{\"@type\":\"ImageObject\",\"inLanguage\":\"sk-SK\",\"@id\":\"https:\/\/marekkuchcinski.pl\/#\/schema\/person\/image\/\",\"url\":\"https:\/\/secure.gravatar.com\/avatar\/22e75f6c51aff77a676ed77dd222f852?s=96&d=mm&r=g\",\"contentUrl\":\"https:\/\/secure.gravatar.com\/avatar\/22e75f6c51aff77a676ed77dd222f852?s=96&d=mm&r=g\",\"caption\":\"Tomasz \u0141acina\"},\"url\":\"https:\/\/marekkuchcinski.pl\/sk\/author\/tomek-lacina\/\"}]}<\/script>\n<!-- \/ Yoast SEO plugin. -->","yoast_head_json":{"title":"Wiadomo\u015bci z Europy i \u015bwiata, 30 listopada 2020 &#8211; Marek Kuchci\u0144ski","robots":{"index":"index","follow":"follow","max-snippet":"max-snippet:-1","max-image-preview":"max-image-preview:large","max-video-preview":"max-video-preview:-1"},"canonical":"https:\/\/marekkuchcinski.pl\/sk\/europa\/wiadomosci-z-europy\/","og_locale":"sk_SK","og_type":"article","og_title":"Wiadomo\u015bci z Europy i \u015bwiata, 30 listopada 2020 &#8211; Marek Kuchci\u0144ski","og_description":"UE Bruksela: Wed\u0142ug doniesie\u0144 z Publico, portugalski premier Ant\u00f3nio Costa skrytykowa\u0142 propozycj\u0119 wprowadzenia mechanizmu \u0142\u0105cz\u0105cego wyp\u0142at\u0119 funduszy unijnych z poszanowaniem tzw. praworz\u0105dno\u015bci na listopadowym posiedzeniu Rady UE. Europa Zachodnia Francja: Ju\u017c drug\u0105 sobot\u0119 z rz\u0119du Francuzi wyszli na ulic\u0119 \u017c\u0105daj\u0105c wycofania tzw. \u201eGlobalnego prawa bezpiecze\u0144stwa\u201d, kt\u00f3re zakazuje robienie zdj\u0119\u0107 lub nagrywania funkcjonariuszy policji podczas s\u0142u\u017cby. [&hellip;]","og_url":"https:\/\/marekkuchcinski.pl\/sk\/europa\/wiadomosci-z-europy\/","og_site_name":"Marek Kuchci\u0144ski","article_published_time":"2020-12-01T08:59:03+00:00","article_modified_time":"2021-01-16T14:56:02+00:00","og_image":[{"width":2048,"height":2048,"url":"https:\/\/marekkuchcinski.pl\/wp-content\/uploads\/2020\/12\/usgs-inNzGtPrkHk-unsplash-scaled.jpg","type":"image\/jpeg"}],"author":"Tomasz \u0141acina","twitter_card":"summary_large_image","twitter_misc":{"Autor":"Tomasz \u0141acina","Predpokladan\u00fd \u010das \u010d\u00edtania":"5 min\u00fat"},"schema":{"@context":"https:\/\/schema.org","@graph":[{"@type":"Article","@id":"https:\/\/marekkuchcinski.pl\/europa\/wiadomosci-z-europy\/#article","isPartOf":{"@id":"https:\/\/marekkuchcinski.pl\/europa\/wiadomosci-z-europy\/"},"author":{"name":"Tomasz \u0141acina","@id":"https:\/\/marekkuchcinski.pl\/#\/schema\/person\/b8a29fe7813098f7be78801d029910a7"},"headline":"Wiadomo\u015bci z Europy i \u015bwiata, 30 listopada 2020","datePublished":"2020-12-01T08:59:03+00:00","dateModified":"2021-01-16T14:56:02+00:00","mainEntityOfPage":{"@id":"https:\/\/marekkuchcinski.pl\/europa\/wiadomosci-z-europy\/"},"wordCount":976,"commentCount":0,"publisher":{"@id":"https:\/\/marekkuchcinski.pl\/#organization"},"image":{"@id":"https:\/\/marekkuchcinski.pl\/europa\/wiadomosci-z-europy\/#primaryimage"},"thumbnailUrl":"https:\/\/marekkuchcinski.pl\/wp-content\/uploads\/2020\/12\/usgs-inNzGtPrkHk-unsplash-scaled.jpg","articleSection":["Wie\u015bci z Europy i \u015awiata"],"inLanguage":"sk-SK","potentialAction":[{"@type":"CommentAction","name":"Comment","target":["https:\/\/marekkuchcinski.pl\/europa\/wiadomosci-z-europy\/#respond"]}]},{"@type":"WebPage","@id":"https:\/\/marekkuchcinski.pl\/europa\/wiadomosci-z-europy\/","url":"https:\/\/marekkuchcinski.pl\/europa\/wiadomosci-z-europy\/","name":"Wiadomo\u015bci z Europy i \u015bwiata, 30 listopada 2020 &#8211; Marek Kuchci\u0144ski","isPartOf":{"@id":"https:\/\/marekkuchcinski.pl\/#website"},"primaryImageOfPage":{"@id":"https:\/\/marekkuchcinski.pl\/europa\/wiadomosci-z-europy\/#primaryimage"},"image":{"@id":"https:\/\/marekkuchcinski.pl\/europa\/wiadomosci-z-europy\/#primaryimage"},"thumbnailUrl":"https:\/\/marekkuchcinski.pl\/wp-content\/uploads\/2020\/12\/usgs-inNzGtPrkHk-unsplash-scaled.jpg","datePublished":"2020-12-01T08:59:03+00:00","dateModified":"2021-01-16T14:56:02+00:00","breadcrumb":{"@id":"https:\/\/marekkuchcinski.pl\/europa\/wiadomosci-z-europy\/#breadcrumb"},"inLanguage":"sk-SK","potentialAction":[{"@type":"ReadAction","target":["https:\/\/marekkuchcinski.pl\/europa\/wiadomosci-z-europy\/"]}]},{"@type":"ImageObject","inLanguage":"sk-SK","@id":"https:\/\/marekkuchcinski.pl\/europa\/wiadomosci-z-europy\/#primaryimage","url":"https:\/\/marekkuchcinski.pl\/wp-content\/uploads\/2020\/12\/usgs-inNzGtPrkHk-unsplash-scaled.jpg","contentUrl":"https:\/\/marekkuchcinski.pl\/wp-content\/uploads\/2020\/12\/usgs-inNzGtPrkHk-unsplash-scaled.jpg","width":2048,"height":2048},{"@type":"BreadcrumbList","@id":"https:\/\/marekkuchcinski.pl\/europa\/wiadomosci-z-europy\/#breadcrumb","itemListElement":[{"@type":"ListItem","position":1,"name":"Strona g\u0142\u00f3wna","item":"https:\/\/marekkuchcinski.pl\/"},{"@type":"ListItem","position":2,"name":"Wiadomo\u015bci z Europy i \u015bwiata, 30 listopada 2020"}]},{"@type":"WebSite","@id":"https:\/\/marekkuchcinski.pl\/#website","url":"https:\/\/marekkuchcinski.pl\/","name":"Marek Kuchci\u0144ski","description":"Pose\u0142 na sejm RP &ndash; okr\u0119g nr 22","publisher":{"@id":"https:\/\/marekkuchcinski.pl\/#organization"},"potentialAction":[{"@type":"SearchAction","target":{"@type":"EntryPoint","urlTemplate":"https:\/\/marekkuchcinski.pl\/?s={search_term_string}"},"query-input":{"@type":"PropertyValueSpecification","valueRequired":true,"valueName":"search_term_string"}}],"inLanguage":"sk-SK"},{"@type":"Organization","@id":"https:\/\/marekkuchcinski.pl\/#organization","name":"Marek Kuchci\u0144ski","url":"https:\/\/marekkuchcinski.pl\/","logo":{"@type":"ImageObject","inLanguage":"sk-SK","@id":"https:\/\/marekkuchcinski.pl\/#\/schema\/logo\/image\/","url":"https:\/\/marekkuchcinski.pl\/wp-content\/uploads\/2022\/09\/Marek.jpg","contentUrl":"https:\/\/marekkuchcinski.pl\/wp-content\/uploads\/2022\/09\/Marek.jpg","width":1600,"height":971,"caption":"Marek Kuchci\u0144ski"},"image":{"@id":"https:\/\/marekkuchcinski.pl\/#\/schema\/logo\/image\/"}},{"@type":"Person","@id":"https:\/\/marekkuchcinski.pl\/#\/schema\/person\/b8a29fe7813098f7be78801d029910a7","name":"Tomasz \u0141acina","image":{"@type":"ImageObject","inLanguage":"sk-SK","@id":"https:\/\/marekkuchcinski.pl\/#\/schema\/person\/image\/","url":"https:\/\/secure.gravatar.com\/avatar\/22e75f6c51aff77a676ed77dd222f852?s=96&d=mm&r=g","contentUrl":"https:\/\/secure.gravatar.com\/avatar\/22e75f6c51aff77a676ed77dd222f852?s=96&d=mm&r=g","caption":"Tomasz \u0141acina"},"url":"https:\/\/marekkuchcinski.pl\/sk\/author\/tomek-lacina\/"}]}},"_links":{"self":[{"href":"https:\/\/marekkuchcinski.pl\/sk\/wp-json\/wp\/v2\/posts\/20283","targetHints":{"allow":["GET"]}}],"collection":[{"href":"https:\/\/marekkuchcinski.pl\/sk\/wp-json\/wp\/v2\/posts"}],"about":[{"href":"https:\/\/marekkuchcinski.pl\/sk\/wp-json\/wp\/v2\/types\/post"}],"author":[{"embeddable":true,"href":"https:\/\/marekkuchcinski.pl\/sk\/wp-json\/wp\/v2\/users\/17"}],"replies":[{"embeddable":true,"href":"https:\/\/marekkuchcinski.pl\/sk\/wp-json\/wp\/v2\/comments?post=20283"}],"version-history":[{"count":3,"href":"https:\/\/marekkuchcinski.pl\/sk\/wp-json\/wp\/v2\/posts\/20283\/revisions"}],"predecessor-version":[{"id":21432,"href":"https:\/\/marekkuchcinski.pl\/sk\/wp-json\/wp\/v2\/posts\/20283\/revisions\/21432"}],"wp:featuredmedia":[{"embeddable":true,"href":"https:\/\/marekkuchcinski.pl\/sk\/wp-json\/wp\/v2\/media\/20284"}],"wp:attachment":[{"href":"https:\/\/marekkuchcinski.pl\/sk\/wp-json\/wp\/v2\/media?parent=20283"}],"wp:term":[{"taxonomy":"category","embeddable":true,"href":"https:\/\/marekkuchcinski.pl\/sk\/wp-json\/wp\/v2\/categories?post=20283"},{"taxonomy":"post_tag","embeddable":true,"href":"https:\/\/marekkuchcinski.pl\/sk\/wp-json\/wp\/v2\/tags?post=20283"}],"curies":[{"name":"wp","href":"https:\/\/api.w.org\/{rel}","templated":true}]}}