{"id":20234,"date":"2020-11-19T10:15:41","date_gmt":"2020-11-19T09:15:41","guid":{"rendered":"https:\/\/marekkuchcinski.pl\/?p=20234"},"modified":"2020-11-19T10:15:42","modified_gmt":"2020-11-19T09:15:42","slug":"marek-kuchcinski-unia-europejska-nigdy-nie-byla-tak-podzielona-jak-teraz-wywiad-dla-wegierskiego-portalu-mandiner","status":"publish","type":"post","link":"https:\/\/marekkuchcinski.pl\/sk\/wydarzenia\/marek-kuchcinski-unia-europejska-nigdy-nie-byla-tak-podzielona-jak-teraz-wywiad-dla-wegierskiego-portalu-mandiner\/","title":{"rendered":"Marek Kuchci\u0144ski: Eur\u00f3pska \u00fania e\u0161te nikdy nebola tak\u00e1 rozdelen\u00e1 ako teraz. Rozhovor s ma\u010farsk\u00fdm port\u00e1lom Mandiner"},"content":{"rendered":"<p>So \u0161\u00e9fom po\u013esk\u00e9ho parlamentn\u00e9ho v\u00fdboru pre zahrani\u010dn\u00e9 veci sme sa rozpr\u00e1vali o z\u00e1le\u017eitostiach E\u00da, protipo\u013eskej a protima\u010farskej r\u00e9torike Joea Bidena a o marazme Eur\u00f3pskej \u00fanie. Odpor\u00fa\u010dame v\u00e1m pre\u010d\u00edta\u0165 si rozhovor!<\/p>\n\n\n\n<p><strong>Okrem Ma\u010farska sa tzv. mechanizmus pr\u00e1vneho \u0161t\u00e1tu roz\u0161\u00edril aj na Po\u013esko. Ve\u013evyslanci \u010dlensk\u00fdch \u0161t\u00e1tov Eur\u00f3pskej \u00fanie v pondelok kvalifikovanou v\u00e4\u010d\u0161inou schv\u00e1lili n\u00e1vrh nariadenia o zaveden\u00ed syst\u00e9mu kondicionality na ochranu rozpo\u010dtu E\u00da, ktor\u00fd tak m\u00f4\u017ee schv\u00e1li\u0165 Eur\u00f3psky parlament. Will <\/strong><strong>pod\u013ea<\/strong><strong> Predstavuje pre v\u00e1s tento mechanizmus v\u00e1\u017enu hrozbu?<\/strong><\/p>\n\n\n\n<p>Dovo\u013ete n\u00e1m objasni\u0165 nieko\u013eko bodov. Po prv\u00e9, Eur\u00f3pska \u00fania e\u0161te nikdy nebola tak\u00e1 rozdelen\u00e1 ako teraz. Po druh\u00e9, pokia\u013e ide o tieto rozpory, je d\u00f4le\u017eit\u00e9 zd\u00f4razni\u0165, \u017ee nejde len o v\u00e1\u017eny rozdiel v n\u00e1zoroch na dot\u00e1cie E\u00da alebo rozpo\u010det. \u010clensk\u00e9 \u0161t\u00e1ty E\u00da sa nedok\u00e1\u017eu dohodn\u00fa\u0165 ani na politick\u00fdch ot\u00e1zkach, ve\u010f ods\u00fadenie bielorusk\u00fdch org\u00e1nov takmer zmarila cypersk\u00e1 opoz\u00edcia a v pr\u00edpade Nava\u013en\u00e9ho sme sa sotva dohodli. Spome\u0148me napr\u00edklad aj rozdielnos\u0165 n\u00e1zorov na plynovod Nord Stream 2. Hoci sa v\u010faka Vy\u0161ehradskej skupine podarilo dosiahnu\u0165 ur\u010dit\u00fd kompromis v ot\u00e1zke migr\u00e1cie, na tieto rozpory to nemalo v\u00fdraznej\u0161\u00ed vplyv a dnes je ich najd\u00f4le\u017eitej\u0161ou t\u00e9mou rozpo\u010det E\u00da. Skupina z\u00e1padn\u00fdch kraj\u00edn na \u010dele s Holandskom by chcela spoji\u0165 vypl\u00e1canie finan\u010dn\u00fdch prostriedkov E\u00da s vlastnou koncepciou pr\u00e1vneho \u0161t\u00e1tu, zatia\u013e \u010do my zast\u00e1vame n\u00e1zor, \u017ee tieto ot\u00e1zky Zmluva o fungovan\u00ed Eur\u00f3pskej \u00fanie v\u00f4bec neupravuje.<\/p>\n\n\n\n<p>Odvol\u00e1vaj\u00fac sa na princ\u00edpy pr\u00e1vneho \u0161t\u00e1tu nemo\u017eno zasahova\u0165 do vn\u00fatorn\u00fdch z\u00e1le\u017eitost\u00ed \u0161t\u00e1tov,<\/p>\n\n\n\n<p>Poh\u013ead na spravodlivos\u0165 a s\u00fadnictvo na \u00farovni E\u00da by sa nemal mie\u0161a\u0165 s poh\u013eadom \u010dlensk\u00fdch \u0161t\u00e1tov. V spore o pr\u00e1vny \u0161t\u00e1t maj\u00fa Mateusz Morawiecki a Viktor Orb\u00e1n rovnak\u00fd postoj a v\u010faka pevnosti sa mo\u017eno podar\u00ed dosiahnu\u0165 ur\u010dit\u00fd kompromis na \u00farovni E\u00da.<\/p>\n\n\n\n<p><strong>V poslednom \u010dase sa medzin\u00e1rodn\u00e9 ani ma\u010farsk\u00e9 m\u00e9di\u00e1 nezmie\u0148uj\u00fa o mo\u017enosti kompromisu, napriek tomu Jaroslaw Kaczynski a Viktor Orb<\/strong><strong>\u00e1n <\/strong><strong>ozn\u00e1mili svoje veto rozpo\u010dtu E\u00da. Nakoniec sa t\u00e1to hrozba stala skuto\u010dnos\u0165ou. Do akej miery by sme mohli t\u00fdmto vetom preh\u013abi\u0165 konflikt? Ju\u017en\u00e9 krajiny ve\u013emi trvaj\u00fa na tom, aby sa za\u010dalo vypl\u00e1ca\u0165, tak\u017ee ako n\u00e1js\u0165 kompromis medzi juhom, v\u00fdchodom a z\u00e1padom E\u00da?<\/strong><\/p>\n\n\n\n<p>Napriek tomu som dobrej n\u00e1lady. Po\u013esk\u00ed z\u00e1stupcovia v E\u00da n\u00e1m u\u017e povedali, \u017ee<\/p>\n\n\n\n<p>existuje mo\u017enos\u0165 kompromisn\u00e9ho rie\u0161enia v oblasti pr\u00e1vneho \u0161t\u00e1tu.<\/p>\n\n\n\n<p>Ako ste spomenuli, situ\u00e1cia je v\u00e1\u017ena, preto\u017ee v d\u00f4sledku pand\u00e9mie koronav\u00edrusu boli \u0165a\u017eko zasiahnut\u00e9 hospod\u00e1rstva ju\u017en\u00fdch \u010dlensk\u00fdch \u0161t\u00e1tov. Z toho vypl\u00fdva siln\u00e1 poz\u00edcia, ktor\u00e1 vyv\u00edja tlak aj na n\u00e1s a vedie k dohode. Rozpo\u010dtov\u00e9 veto je silnou zbra\u0148ou v ruk\u00e1ch Po\u013eska a Ma\u010farska, ale napriek tomu d\u00fafame, \u017ee sa podar\u00ed dosiahnu\u0165 dohodu.<\/p>\n\n\n\n<p><strong>Po\u013esko a Spojen\u00e9 \u0161t\u00e1ty ned\u00e1vno podp\u00edsali nov\u00fa vojensk\u00fa dohodu a teraz bude v Ov\u00e1lnej pracovni nasleduj\u00face \u0161tyri roky nepochybne sedie\u0165 Joe Biden. Ak\u00fd vplyv bude ma\u0165 jeho prezidentstvo na ve\u013emi \u00fazke a mnohostrann\u00e9 po\u013esko-americk\u00e9 vz\u0165ahy?<\/strong><\/p>\n\n\n\n<p>Ak odhliadneme od em\u00f3ci\u00ed, ktor\u00e9 sa po\u010das prezidentsk\u00fdch volieb rozpr\u00fadili, v po\u013esko-americk\u00fdch vz\u0165ahoch s\u00fa v skuto\u010dnosti ve\u013emi d\u00f4le\u017eit\u00e9 dva faktory. Prvou je ot\u00e1zka bezpe\u010dnostnej politiky, v ktorej sme u\u017e viazan\u00ed dohodami a dohovormi podp\u00edsan\u00fdmi predch\u00e1dzaj\u00facimi prezidentmi. NATO zvy\u0161uje svoju pr\u00edtomnos\u0165 v Po\u013esku, z \u010doho profitujeme nielen my, ale aj Severoatlantick\u00e1 aliancia, ktor\u00e1 tak posil\u0148uje svoje postavenie v regi\u00f3ne. Druh\u00fdm faktorom s\u00fa hospod\u00e1rske vz\u0165ahy medzi oboma krajinami, preto\u017ee politick\u00e1 stabilita podporuje hospod\u00e1rsky rozvoj, ktor\u00fd m\u00f4\u017ee by\u0165 zase sp\u00f4sobom, ako pril\u00e1ka\u0165 \u010do najviac ve\u013ek\u00fdch americk\u00fdch investorov do Po\u013eska alebo in\u00fdch stredoeur\u00f3pskych kraj\u00edn. Po\u013esko-americk\u00e9 vz\u0165ahy \u00faplne z\u00e1visia od sily a vz\u0165ahu t\u00fdchto dvoch faktorov. Pokia\u013e ide o Bidena, pre n\u00e1s je d\u00f4le\u017eit\u00e9, \u017ee Nord Stream 2 hodnotil negat\u00edvne.<\/p>\n\n\n\n<p><em>Stanis\u0142aw Karczewski a Marek Kuchci\u0144ski (Artur Widak \/ NurPhoto via AFP)<\/em><\/p>\n\n\n\n<p><strong>V rozpore s politick\u00fdmi stereotypmi sa po\u010das volebnej kampane nerie\u0161ili hospod\u00e1rske a bezpe\u010dnostn\u00e9 ot\u00e1zky. Biden vykreslil Ma\u010farsko a Po\u013esko v negat\u00edvnom svetle a v posledn\u00fdch d\u0148och kampane s\u013e\u00fabil, \u017ee v prvom roku svojej vl\u00e1dy zorganizuje ve\u013ek\u00fa medzin\u00e1rodn\u00fa konferenciu, na ktorej bud\u00fa vl\u00e1dy presadzuj\u00face liber\u00e1lnu demokraciu diskutova\u0165 o tom, ako ochr\u00e1ni\u0165 svet pred re\u017eimami, ktor\u00e9 sa riadia autokratick\u00fdmi, skorumpovan\u00fdmi a neliber\u00e1lnymi princ\u00edpmi - tu by bolo potrebn\u00e9 objasni\u0165, \u010do t\u00fdm myslel. Existuje<a> P\u00e1n<\/a> presved\u010den\u00ed, \u017ee ekonomick\u00e9 ot\u00e1zky a bezpe\u010dnostn\u00e1 politika bud\u00fa dominova\u0165 politickej agende a vz\u0165ahom medzi \u0161t\u00e1tmi?<\/strong><\/p>\n\n\n\n<p>Nikto nem\u00f4\u017ee da\u0165 stopercentn\u00fa z\u00e1ruku, \u017ee po prezidentsk\u00fdch vo\u013eb\u00e1ch t\u00e1to kritika neovplyvn\u00ed na\u0161e vz\u0165ahy a presadzovanie na\u0161ich z\u00e1ujmov, ale treba poznamena\u0165, \u017ee<\/p>\n\n\n\n<p>Nie je to po prv\u00fdkr\u00e1t, \u010do americk\u00ed rozhoduj\u00faci \u010dinitelia vyslovili tak\u00e9to tvrdenia o strednej Eur\u00f3pe bez toho, aby mali dostato\u010dn\u00e9 vedomosti.<\/p>\n\n\n\n<p>Keby Joe Biden precestoval polovicu Po\u013eska a videl, \u017ee pol\u00edcia neblokuje a nenaru\u0161uje protesty, \u010di u\u017e pravicov\u00e9 alebo \u013eavicov\u00e9, ale zabezpe\u010duje a chr\u00e1ni ich \u00fa\u010dastn\u00edkov, mo\u017eno by mal in\u00fd n\u00e1zor. Mysl\u00edm si, \u017ee po bli\u017e\u0161om poh\u013eade na situ\u00e1ciu by ju hodnotil inak, ve\u010f v Po\u013esku nie je ohrozen\u00e1 ani sloboda prejavu, ani sloboda zhroma\u017e\u010fovania.<\/p>\n\n\n\n<p><strong>Pokia\u013e ide o bezpe\u010dnostn\u00fa politiku, Moskva ned\u00e1vno ukon\u010dila vojnu medzi Azerbajd\u017eanom a Arm\u00e9nskom. Jerevan je od Budape\u0161ti vzdialen\u00fd tri hodiny cesty lietadlom, \u010do je rovnak\u00e1 vzdialenos\u0165 ako Lond\u00fdn a N\u00e1horn\u00fd Karabach na hranici kontinentu, a Eur\u00f3pska \u00fania tento konflikt v podstate nerie\u0161i. Ak\u00fa hrozbu pre bezpe\u010dnostn\u00fa politiku predstavuje tak\u00fdto \u00fatlm?<\/strong><\/p>\n\n\n\n<p>Odpove\u010f je vlastne obsiahnut\u00e1 v tejto ot\u00e1zke, preto\u017ee tak\u00e9to udalosti zasiahli Eur\u00f3pu. Eur\u00f3psku \u00faniu je nepochybne potrebn\u00e9 posilni\u0165, aby mohla by\u0165 v\u00fdznamn\u00fdm akt\u00e9rom na svetovej sc\u00e9ne a z\u00e1rove\u0148 partnerom na rokovania. Pokia\u013e ide o konkr\u00e9tnu ot\u00e1zku Arm\u00e9nska a Azerbajd\u017eanu, E\u00da by sa teraz mala zapoji\u0165 do mierov\u00e9ho procesu, aby nebol v\u00fdlu\u010dne pod kontrolou Ruska a Turecka. Rovnako by sa mali posilni\u0165 hospod\u00e1rske vz\u0165ahy s kaukazsk\u00fdm regi\u00f3nom, aby sme mohli zohr\u00e1va\u0165 rozhoduj\u00facu \u00falohu v politickom svete. Je v \u017eivotnom z\u00e1ujme \u00danie, oslabenej po brexite, venova\u0165 pozornos\u0165 regi\u00f3nom na v\u00fdchod od schengensk\u00e9ho priestoru a mus\u00edme uk\u00e1za\u0165 silu a odhodlanie, preto\u017ee ak\u00e1ko\u013evek slabos\u0165 a nerozhodnos\u0165 - aj v pr\u00edpade Arm\u00e9nska - vedie k poklesu v\u00fdznamu E\u00da.<\/p>\n\n\n\n<p>Marek Kuchci\u0144ski je po\u013esk\u00fd politik, poslanec Sejmu za stranu Pr\u00e1vo a spravodlivos\u0165. V rokoch 2015 a\u017e 2019 bol predsedom Sejmu a v s\u00fa\u010dasnosti je predsedom v\u00fdboru Sejmu pre zahrani\u010dn\u00e9 veci.<\/p>\n\n\n\n<p><em>Autorka spolupracuje s port\u00e1lom Mandiner a v r\u00e1mci \u0161tipendijn\u00e9ho programu MCC je na \u0161tipendijnom pobyte na In\u0161tit\u00fate po\u013esko-ma\u010farskej spolupr\u00e1ce Wac\u0142awa Felczaka vo Var\u0161ave.<\/em><\/p>\n\n\n\n<figure class=\"wp-block-image size-large\"><img fetchpriority=\"high\" decoding=\"async\" width=\"1024\" height=\"683\" src=\"https:\/\/marekkuchcinski.pl\/wp-content\/uploads\/2020\/11\/kuchcinsky-1-1024x683.jpg\" alt=\"\" class=\"wp-image-20237\" srcset=\"https:\/\/marekkuchcinski.pl\/wp-content\/uploads\/2020\/11\/kuchcinsky-1-1024x683.jpg 1024w, https:\/\/marekkuchcinski.pl\/wp-content\/uploads\/2020\/11\/kuchcinsky-1-300x200.jpg 300w, https:\/\/marekkuchcinski.pl\/wp-content\/uploads\/2020\/11\/kuchcinsky-1-768x512.jpg 768w, https:\/\/marekkuchcinski.pl\/wp-content\/uploads\/2020\/11\/kuchcinsky-1-1536x1024.jpg 1536w, https:\/\/marekkuchcinski.pl\/wp-content\/uploads\/2020\/11\/kuchcinsky-1-scaled.jpg 2048w\" sizes=\"(max-width: 1024px) 100vw, 1024px\" \/><figcaption>(V\u013eavo - vpravo) Stanislaw Karczewski, mar\u0161al Sen\u00e1tu, a Marek Kuchcinski, mar\u0161al Sejmu, po\u010das ofici\u00e1lnych osl\u00e1v 11. novembra - D\u0148a nez\u00e1vislosti Po\u013eska a 99. v\u00fdro\u010dia obnovenia suverenity Po\u013eska ako Druhej po\u013eskej republiky v roku 1918.\r\nV sobotu 11. novembra 2017 v Krakove, Po\u013esko. (Foto: Artur Widak\/NurPhoto)<\/figcaption><\/figure>","protected":false},"excerpt":{"rendered":"<p>Z szefem polskiej sejmowej Komisji Spraw Zagranicznych rozmawiali\u015bmy o&nbsp;sprawach unijnych, o antypolskiej i antyw\u0119gierskiej retoryce Joego Bidena, a tak\u017ce o marazmie Unii Europejskiej. Zach\u0119camy do przeczytania wywiadu! Poza W\u0119grami tak zwany mechanizm praworz\u0105dno\u015bci obj\u0105\u0142 te\u017c Polsk\u0119. W&nbsp;poniedzia\u0142ek ambasadorowie pa\u0144stw cz\u0142onkowskich Unii Europejskiej kwalifikowan\u0105 wi\u0119kszo\u015bci\u0105 g\u0142os\u00f3w zaakceptowali projekt rozporz\u0105dzenia dotycz\u0105cego wprowadzenia systemu warunkowo\u015bci w celu ochrony [&hellip;]<\/p>","protected":false},"author":21,"featured_media":20237,"comment_status":"open","ping_status":"open","sticky":false,"template":"","format":"standard","meta":{"ngg_post_thumbnail":0,"footnotes":""},"categories":[50,3],"tags":[],"class_list":["post-20234","post","type-post","status-publish","format-standard","has-post-thumbnail","hentry","category-wspolpraca-miedzynarodowa","category-wydarzenia"],"yoast_head":"<!-- This site is optimized with the Yoast SEO plugin v24.7 - https:\/\/yoast.com\/wordpress\/plugins\/seo\/ -->\n<title>Marek Kuchci\u0144ski: Unia Europejska nigdy nie by\u0142a tak podzielona jak teraz. Wywiad dla w\u0119gierskiego portalu Mandiner &#8211; Marek Kuchci\u0144ski<\/title>\n<meta name=\"robots\" content=\"index, follow, max-snippet:-1, max-image-preview:large, max-video-preview:-1\" \/>\n<link rel=\"canonical\" href=\"https:\/\/marekkuchcinski.pl\/sk\/wydarzenia\/marek-kuchcinski-unia-europejska-nigdy-nie-byla-tak-podzielona-jak-teraz-wywiad-dla-wegierskiego-portalu-mandiner\/\" \/>\n<meta property=\"og:locale\" content=\"sk_SK\" \/>\n<meta property=\"og:type\" content=\"article\" \/>\n<meta property=\"og:title\" content=\"Marek Kuchci\u0144ski: Unia Europejska nigdy nie by\u0142a tak podzielona jak teraz. Wywiad dla w\u0119gierskiego portalu Mandiner &#8211; Marek Kuchci\u0144ski\" \/>\n<meta property=\"og:description\" content=\"Z szefem polskiej sejmowej Komisji Spraw Zagranicznych rozmawiali\u015bmy o&nbsp;sprawach unijnych, o antypolskiej i antyw\u0119gierskiej retoryce Joego Bidena, a tak\u017ce o marazmie Unii Europejskiej. Zach\u0119camy do przeczytania wywiadu! Poza W\u0119grami tak zwany mechanizm praworz\u0105dno\u015bci obj\u0105\u0142 te\u017c Polsk\u0119. W&nbsp;poniedzia\u0142ek ambasadorowie pa\u0144stw cz\u0142onkowskich Unii Europejskiej kwalifikowan\u0105 wi\u0119kszo\u015bci\u0105 g\u0142os\u00f3w zaakceptowali projekt rozporz\u0105dzenia dotycz\u0105cego wprowadzenia systemu warunkowo\u015bci w celu ochrony [&hellip;]\" \/>\n<meta property=\"og:url\" content=\"https:\/\/marekkuchcinski.pl\/sk\/wydarzenia\/marek-kuchcinski-unia-europejska-nigdy-nie-byla-tak-podzielona-jak-teraz-wywiad-dla-wegierskiego-portalu-mandiner\/\" \/>\n<meta property=\"og:site_name\" content=\"Marek Kuchci\u0144ski\" \/>\n<meta property=\"article:published_time\" content=\"2020-11-19T09:15:41+00:00\" \/>\n<meta property=\"article:modified_time\" content=\"2020-11-19T09:15:42+00:00\" \/>\n<meta property=\"og:image\" content=\"https:\/\/marekkuchcinski.pl\/wp-content\/uploads\/2020\/11\/kuchcinsky-1-scaled.jpg\" \/>\n\t<meta property=\"og:image:width\" content=\"2048\" \/>\n\t<meta property=\"og:image:height\" content=\"1365\" \/>\n\t<meta property=\"og:image:type\" content=\"image\/jpeg\" \/>\n<meta name=\"author\" content=\"Marta Olejnik\" \/>\n<meta name=\"twitter:card\" content=\"summary_large_image\" \/>\n<meta name=\"twitter:label1\" content=\"Autor\" \/>\n\t<meta name=\"twitter:data1\" content=\"Marta Olejnik\" \/>\n\t<meta name=\"twitter:label2\" content=\"Predpokladan\u00fd \u010das \u010d\u00edtania\" \/>\n\t<meta name=\"twitter:data2\" content=\"7 min\u00fat\" \/>\n<script type=\"application\/ld+json\" class=\"yoast-schema-graph\">{\"@context\":\"https:\/\/schema.org\",\"@graph\":[{\"@type\":\"Article\",\"@id\":\"https:\/\/marekkuchcinski.pl\/uk\/wydarzenia\/marek-kuchcinski-unia-europejska-nigdy-nie-byla-tak-podzielona-jak-teraz-wywiad-dla-wegierskiego-portalu-mandiner\/#article\",\"isPartOf\":{\"@id\":\"https:\/\/marekkuchcinski.pl\/uk\/wydarzenia\/marek-kuchcinski-unia-europejska-nigdy-nie-byla-tak-podzielona-jak-teraz-wywiad-dla-wegierskiego-portalu-mandiner\/\"},\"author\":{\"name\":\"Marta Olejnik\",\"@id\":\"https:\/\/marekkuchcinski.pl\/#\/schema\/person\/51d5d4ee3b5317b8e4dd2b48af359229\"},\"headline\":\"Marek Kuchci\u0144ski: Unia Europejska nigdy nie by\u0142a tak podzielona jak teraz. Wywiad dla w\u0119gierskiego portalu Mandiner\",\"datePublished\":\"2020-11-19T09:15:41+00:00\",\"dateModified\":\"2020-11-19T09:15:42+00:00\",\"mainEntityOfPage\":{\"@id\":\"https:\/\/marekkuchcinski.pl\/uk\/wydarzenia\/marek-kuchcinski-unia-europejska-nigdy-nie-byla-tak-podzielona-jak-teraz-wywiad-dla-wegierskiego-portalu-mandiner\/\"},\"wordCount\":1329,\"commentCount\":0,\"publisher\":{\"@id\":\"https:\/\/marekkuchcinski.pl\/#organization\"},\"image\":{\"@id\":\"https:\/\/marekkuchcinski.pl\/uk\/wydarzenia\/marek-kuchcinski-unia-europejska-nigdy-nie-byla-tak-podzielona-jak-teraz-wywiad-dla-wegierskiego-portalu-mandiner\/#primaryimage\"},\"thumbnailUrl\":\"https:\/\/marekkuchcinski.pl\/wp-content\/uploads\/2020\/11\/kuchcinsky-1-scaled.jpg\",\"articleSection\":[\"Wsp\u00f3\u0142praca mi\u0119dzynarodowa\",\"Wydarzenia\"],\"inLanguage\":\"sk-SK\",\"potentialAction\":[{\"@type\":\"CommentAction\",\"name\":\"Comment\",\"target\":[\"https:\/\/marekkuchcinski.pl\/uk\/wydarzenia\/marek-kuchcinski-unia-europejska-nigdy-nie-byla-tak-podzielona-jak-teraz-wywiad-dla-wegierskiego-portalu-mandiner\/#respond\"]}]},{\"@type\":\"WebPage\",\"@id\":\"https:\/\/marekkuchcinski.pl\/uk\/wydarzenia\/marek-kuchcinski-unia-europejska-nigdy-nie-byla-tak-podzielona-jak-teraz-wywiad-dla-wegierskiego-portalu-mandiner\/\",\"url\":\"https:\/\/marekkuchcinski.pl\/uk\/wydarzenia\/marek-kuchcinski-unia-europejska-nigdy-nie-byla-tak-podzielona-jak-teraz-wywiad-dla-wegierskiego-portalu-mandiner\/\",\"name\":\"Marek Kuchci\u0144ski: Unia Europejska nigdy nie by\u0142a tak podzielona jak teraz. Wywiad dla w\u0119gierskiego portalu Mandiner &#8211; Marek Kuchci\u0144ski\",\"isPartOf\":{\"@id\":\"https:\/\/marekkuchcinski.pl\/#website\"},\"primaryImageOfPage\":{\"@id\":\"https:\/\/marekkuchcinski.pl\/uk\/wydarzenia\/marek-kuchcinski-unia-europejska-nigdy-nie-byla-tak-podzielona-jak-teraz-wywiad-dla-wegierskiego-portalu-mandiner\/#primaryimage\"},\"image\":{\"@id\":\"https:\/\/marekkuchcinski.pl\/uk\/wydarzenia\/marek-kuchcinski-unia-europejska-nigdy-nie-byla-tak-podzielona-jak-teraz-wywiad-dla-wegierskiego-portalu-mandiner\/#primaryimage\"},\"thumbnailUrl\":\"https:\/\/marekkuchcinski.pl\/wp-content\/uploads\/2020\/11\/kuchcinsky-1-scaled.jpg\",\"datePublished\":\"2020-11-19T09:15:41+00:00\",\"dateModified\":\"2020-11-19T09:15:42+00:00\",\"breadcrumb\":{\"@id\":\"https:\/\/marekkuchcinski.pl\/uk\/wydarzenia\/marek-kuchcinski-unia-europejska-nigdy-nie-byla-tak-podzielona-jak-teraz-wywiad-dla-wegierskiego-portalu-mandiner\/#breadcrumb\"},\"inLanguage\":\"sk-SK\",\"potentialAction\":[{\"@type\":\"ReadAction\",\"target\":[\"https:\/\/marekkuchcinski.pl\/uk\/wydarzenia\/marek-kuchcinski-unia-europejska-nigdy-nie-byla-tak-podzielona-jak-teraz-wywiad-dla-wegierskiego-portalu-mandiner\/\"]}]},{\"@type\":\"ImageObject\",\"inLanguage\":\"sk-SK\",\"@id\":\"https:\/\/marekkuchcinski.pl\/uk\/wydarzenia\/marek-kuchcinski-unia-europejska-nigdy-nie-byla-tak-podzielona-jak-teraz-wywiad-dla-wegierskiego-portalu-mandiner\/#primaryimage\",\"url\":\"https:\/\/marekkuchcinski.pl\/wp-content\/uploads\/2020\/11\/kuchcinsky-1-scaled.jpg\",\"contentUrl\":\"https:\/\/marekkuchcinski.pl\/wp-content\/uploads\/2020\/11\/kuchcinsky-1-scaled.jpg\",\"width\":2048,\"height\":1365,\"caption\":\"(Left-Right) Stanislaw Karczewski, Marshal of the Senate, and Marek Kuchcinski, Marshal of the Sejm, during Krakow's official celebrations of the 11th November - Polish Independence Day, and the 99th anniversary of the restoration of Poland's sovereignty as the Second Polish Republic in 1918. On Saturday, 11 November 2017, in Krakow, Poland. (Photo by Artur Widak\/NurPhoto)\"},{\"@type\":\"BreadcrumbList\",\"@id\":\"https:\/\/marekkuchcinski.pl\/uk\/wydarzenia\/marek-kuchcinski-unia-europejska-nigdy-nie-byla-tak-podzielona-jak-teraz-wywiad-dla-wegierskiego-portalu-mandiner\/#breadcrumb\",\"itemListElement\":[{\"@type\":\"ListItem\",\"position\":1,\"name\":\"Strona g\u0142\u00f3wna\",\"item\":\"https:\/\/marekkuchcinski.pl\/\"},{\"@type\":\"ListItem\",\"position\":2,\"name\":\"Marek Kuchci\u0144ski: Unia Europejska nigdy nie by\u0142a tak podzielona jak teraz. Wywiad dla w\u0119gierskiego portalu Mandiner\"}]},{\"@type\":\"WebSite\",\"@id\":\"https:\/\/marekkuchcinski.pl\/#website\",\"url\":\"https:\/\/marekkuchcinski.pl\/\",\"name\":\"Marek Kuchci\u0144ski\",\"description\":\"Pose\u0142 na sejm RP &ndash; okr\u0119g nr 22\",\"publisher\":{\"@id\":\"https:\/\/marekkuchcinski.pl\/#organization\"},\"potentialAction\":[{\"@type\":\"SearchAction\",\"target\":{\"@type\":\"EntryPoint\",\"urlTemplate\":\"https:\/\/marekkuchcinski.pl\/?s={search_term_string}\"},\"query-input\":{\"@type\":\"PropertyValueSpecification\",\"valueRequired\":true,\"valueName\":\"search_term_string\"}}],\"inLanguage\":\"sk-SK\"},{\"@type\":\"Organization\",\"@id\":\"https:\/\/marekkuchcinski.pl\/#organization\",\"name\":\"Marek Kuchci\u0144ski\",\"url\":\"https:\/\/marekkuchcinski.pl\/\",\"logo\":{\"@type\":\"ImageObject\",\"inLanguage\":\"sk-SK\",\"@id\":\"https:\/\/marekkuchcinski.pl\/#\/schema\/logo\/image\/\",\"url\":\"https:\/\/marekkuchcinski.pl\/wp-content\/uploads\/2022\/09\/Marek.jpg\",\"contentUrl\":\"https:\/\/marekkuchcinski.pl\/wp-content\/uploads\/2022\/09\/Marek.jpg\",\"width\":1600,\"height\":971,\"caption\":\"Marek Kuchci\u0144ski\"},\"image\":{\"@id\":\"https:\/\/marekkuchcinski.pl\/#\/schema\/logo\/image\/\"}},{\"@type\":\"Person\",\"@id\":\"https:\/\/marekkuchcinski.pl\/#\/schema\/person\/51d5d4ee3b5317b8e4dd2b48af359229\",\"name\":\"Marta Olejnik\",\"image\":{\"@type\":\"ImageObject\",\"inLanguage\":\"sk-SK\",\"@id\":\"https:\/\/marekkuchcinski.pl\/#\/schema\/person\/image\/\",\"url\":\"https:\/\/secure.gravatar.com\/avatar\/e39914b2aa6a48959e24d475b5dc9793?s=96&d=mm&r=g\",\"contentUrl\":\"https:\/\/secure.gravatar.com\/avatar\/e39914b2aa6a48959e24d475b5dc9793?s=96&d=mm&r=g\",\"caption\":\"Marta Olejnik\"},\"url\":\"https:\/\/marekkuchcinski.pl\/sk\/author\/marta\/\"}]}<\/script>\n<!-- \/ Yoast SEO plugin. -->","yoast_head_json":{"title":"Marek Kuchci\u0144ski: Unia Europejska nigdy nie by\u0142a tak podzielona jak teraz. Wywiad dla w\u0119gierskiego portalu Mandiner &#8211; Marek Kuchci\u0144ski","robots":{"index":"index","follow":"follow","max-snippet":"max-snippet:-1","max-image-preview":"max-image-preview:large","max-video-preview":"max-video-preview:-1"},"canonical":"https:\/\/marekkuchcinski.pl\/sk\/wydarzenia\/marek-kuchcinski-unia-europejska-nigdy-nie-byla-tak-podzielona-jak-teraz-wywiad-dla-wegierskiego-portalu-mandiner\/","og_locale":"sk_SK","og_type":"article","og_title":"Marek Kuchci\u0144ski: Unia Europejska nigdy nie by\u0142a tak podzielona jak teraz. Wywiad dla w\u0119gierskiego portalu Mandiner &#8211; Marek Kuchci\u0144ski","og_description":"Z szefem polskiej sejmowej Komisji Spraw Zagranicznych rozmawiali\u015bmy o&nbsp;sprawach unijnych, o antypolskiej i antyw\u0119gierskiej retoryce Joego Bidena, a tak\u017ce o marazmie Unii Europejskiej. Zach\u0119camy do przeczytania wywiadu! Poza W\u0119grami tak zwany mechanizm praworz\u0105dno\u015bci obj\u0105\u0142 te\u017c Polsk\u0119. W&nbsp;poniedzia\u0142ek ambasadorowie pa\u0144stw cz\u0142onkowskich Unii Europejskiej kwalifikowan\u0105 wi\u0119kszo\u015bci\u0105 g\u0142os\u00f3w zaakceptowali projekt rozporz\u0105dzenia dotycz\u0105cego wprowadzenia systemu warunkowo\u015bci w celu ochrony [&hellip;]","og_url":"https:\/\/marekkuchcinski.pl\/sk\/wydarzenia\/marek-kuchcinski-unia-europejska-nigdy-nie-byla-tak-podzielona-jak-teraz-wywiad-dla-wegierskiego-portalu-mandiner\/","og_site_name":"Marek Kuchci\u0144ski","article_published_time":"2020-11-19T09:15:41+00:00","article_modified_time":"2020-11-19T09:15:42+00:00","og_image":[{"width":2048,"height":1365,"url":"https:\/\/marekkuchcinski.pl\/wp-content\/uploads\/2020\/11\/kuchcinsky-1-scaled.jpg","type":"image\/jpeg"}],"author":"Marta Olejnik","twitter_card":"summary_large_image","twitter_misc":{"Autor":"Marta Olejnik","Predpokladan\u00fd \u010das \u010d\u00edtania":"7 min\u00fat"},"schema":{"@context":"https:\/\/schema.org","@graph":[{"@type":"Article","@id":"https:\/\/marekkuchcinski.pl\/uk\/wydarzenia\/marek-kuchcinski-unia-europejska-nigdy-nie-byla-tak-podzielona-jak-teraz-wywiad-dla-wegierskiego-portalu-mandiner\/#article","isPartOf":{"@id":"https:\/\/marekkuchcinski.pl\/uk\/wydarzenia\/marek-kuchcinski-unia-europejska-nigdy-nie-byla-tak-podzielona-jak-teraz-wywiad-dla-wegierskiego-portalu-mandiner\/"},"author":{"name":"Marta Olejnik","@id":"https:\/\/marekkuchcinski.pl\/#\/schema\/person\/51d5d4ee3b5317b8e4dd2b48af359229"},"headline":"Marek Kuchci\u0144ski: Unia Europejska nigdy nie by\u0142a tak podzielona jak teraz. Wywiad dla w\u0119gierskiego portalu Mandiner","datePublished":"2020-11-19T09:15:41+00:00","dateModified":"2020-11-19T09:15:42+00:00","mainEntityOfPage":{"@id":"https:\/\/marekkuchcinski.pl\/uk\/wydarzenia\/marek-kuchcinski-unia-europejska-nigdy-nie-byla-tak-podzielona-jak-teraz-wywiad-dla-wegierskiego-portalu-mandiner\/"},"wordCount":1329,"commentCount":0,"publisher":{"@id":"https:\/\/marekkuchcinski.pl\/#organization"},"image":{"@id":"https:\/\/marekkuchcinski.pl\/uk\/wydarzenia\/marek-kuchcinski-unia-europejska-nigdy-nie-byla-tak-podzielona-jak-teraz-wywiad-dla-wegierskiego-portalu-mandiner\/#primaryimage"},"thumbnailUrl":"https:\/\/marekkuchcinski.pl\/wp-content\/uploads\/2020\/11\/kuchcinsky-1-scaled.jpg","articleSection":["Wsp\u00f3\u0142praca mi\u0119dzynarodowa","Wydarzenia"],"inLanguage":"sk-SK","potentialAction":[{"@type":"CommentAction","name":"Comment","target":["https:\/\/marekkuchcinski.pl\/uk\/wydarzenia\/marek-kuchcinski-unia-europejska-nigdy-nie-byla-tak-podzielona-jak-teraz-wywiad-dla-wegierskiego-portalu-mandiner\/#respond"]}]},{"@type":"WebPage","@id":"https:\/\/marekkuchcinski.pl\/uk\/wydarzenia\/marek-kuchcinski-unia-europejska-nigdy-nie-byla-tak-podzielona-jak-teraz-wywiad-dla-wegierskiego-portalu-mandiner\/","url":"https:\/\/marekkuchcinski.pl\/uk\/wydarzenia\/marek-kuchcinski-unia-europejska-nigdy-nie-byla-tak-podzielona-jak-teraz-wywiad-dla-wegierskiego-portalu-mandiner\/","name":"Marek Kuchci\u0144ski: Unia Europejska nigdy nie by\u0142a tak podzielona jak teraz. Wywiad dla w\u0119gierskiego portalu Mandiner &#8211; Marek Kuchci\u0144ski","isPartOf":{"@id":"https:\/\/marekkuchcinski.pl\/#website"},"primaryImageOfPage":{"@id":"https:\/\/marekkuchcinski.pl\/uk\/wydarzenia\/marek-kuchcinski-unia-europejska-nigdy-nie-byla-tak-podzielona-jak-teraz-wywiad-dla-wegierskiego-portalu-mandiner\/#primaryimage"},"image":{"@id":"https:\/\/marekkuchcinski.pl\/uk\/wydarzenia\/marek-kuchcinski-unia-europejska-nigdy-nie-byla-tak-podzielona-jak-teraz-wywiad-dla-wegierskiego-portalu-mandiner\/#primaryimage"},"thumbnailUrl":"https:\/\/marekkuchcinski.pl\/wp-content\/uploads\/2020\/11\/kuchcinsky-1-scaled.jpg","datePublished":"2020-11-19T09:15:41+00:00","dateModified":"2020-11-19T09:15:42+00:00","breadcrumb":{"@id":"https:\/\/marekkuchcinski.pl\/uk\/wydarzenia\/marek-kuchcinski-unia-europejska-nigdy-nie-byla-tak-podzielona-jak-teraz-wywiad-dla-wegierskiego-portalu-mandiner\/#breadcrumb"},"inLanguage":"sk-SK","potentialAction":[{"@type":"ReadAction","target":["https:\/\/marekkuchcinski.pl\/uk\/wydarzenia\/marek-kuchcinski-unia-europejska-nigdy-nie-byla-tak-podzielona-jak-teraz-wywiad-dla-wegierskiego-portalu-mandiner\/"]}]},{"@type":"ImageObject","inLanguage":"sk-SK","@id":"https:\/\/marekkuchcinski.pl\/uk\/wydarzenia\/marek-kuchcinski-unia-europejska-nigdy-nie-byla-tak-podzielona-jak-teraz-wywiad-dla-wegierskiego-portalu-mandiner\/#primaryimage","url":"https:\/\/marekkuchcinski.pl\/wp-content\/uploads\/2020\/11\/kuchcinsky-1-scaled.jpg","contentUrl":"https:\/\/marekkuchcinski.pl\/wp-content\/uploads\/2020\/11\/kuchcinsky-1-scaled.jpg","width":2048,"height":1365,"caption":"(Left-Right) Stanislaw Karczewski, Marshal of the Senate, and Marek Kuchcinski, Marshal of the Sejm, during Krakow's official celebrations of the 11th November - Polish Independence Day, and the 99th anniversary of the restoration of Poland's sovereignty as the Second Polish Republic in 1918. On Saturday, 11 November 2017, in Krakow, Poland. (Photo by Artur Widak\/NurPhoto)"},{"@type":"BreadcrumbList","@id":"https:\/\/marekkuchcinski.pl\/uk\/wydarzenia\/marek-kuchcinski-unia-europejska-nigdy-nie-byla-tak-podzielona-jak-teraz-wywiad-dla-wegierskiego-portalu-mandiner\/#breadcrumb","itemListElement":[{"@type":"ListItem","position":1,"name":"Strona g\u0142\u00f3wna","item":"https:\/\/marekkuchcinski.pl\/"},{"@type":"ListItem","position":2,"name":"Marek Kuchci\u0144ski: Unia Europejska nigdy nie by\u0142a tak podzielona jak teraz. Wywiad dla w\u0119gierskiego portalu Mandiner"}]},{"@type":"WebSite","@id":"https:\/\/marekkuchcinski.pl\/#website","url":"https:\/\/marekkuchcinski.pl\/","name":"Marek Kuchci\u0144ski","description":"Pose\u0142 na sejm RP &ndash; okr\u0119g nr 22","publisher":{"@id":"https:\/\/marekkuchcinski.pl\/#organization"},"potentialAction":[{"@type":"SearchAction","target":{"@type":"EntryPoint","urlTemplate":"https:\/\/marekkuchcinski.pl\/?s={search_term_string}"},"query-input":{"@type":"PropertyValueSpecification","valueRequired":true,"valueName":"search_term_string"}}],"inLanguage":"sk-SK"},{"@type":"Organization","@id":"https:\/\/marekkuchcinski.pl\/#organization","name":"Marek Kuchci\u0144ski","url":"https:\/\/marekkuchcinski.pl\/","logo":{"@type":"ImageObject","inLanguage":"sk-SK","@id":"https:\/\/marekkuchcinski.pl\/#\/schema\/logo\/image\/","url":"https:\/\/marekkuchcinski.pl\/wp-content\/uploads\/2022\/09\/Marek.jpg","contentUrl":"https:\/\/marekkuchcinski.pl\/wp-content\/uploads\/2022\/09\/Marek.jpg","width":1600,"height":971,"caption":"Marek Kuchci\u0144ski"},"image":{"@id":"https:\/\/marekkuchcinski.pl\/#\/schema\/logo\/image\/"}},{"@type":"Person","@id":"https:\/\/marekkuchcinski.pl\/#\/schema\/person\/51d5d4ee3b5317b8e4dd2b48af359229","name":"Marta Olejnik","image":{"@type":"ImageObject","inLanguage":"sk-SK","@id":"https:\/\/marekkuchcinski.pl\/#\/schema\/person\/image\/","url":"https:\/\/secure.gravatar.com\/avatar\/e39914b2aa6a48959e24d475b5dc9793?s=96&d=mm&r=g","contentUrl":"https:\/\/secure.gravatar.com\/avatar\/e39914b2aa6a48959e24d475b5dc9793?s=96&d=mm&r=g","caption":"Marta Olejnik"},"url":"https:\/\/marekkuchcinski.pl\/sk\/author\/marta\/"}]}},"_links":{"self":[{"href":"https:\/\/marekkuchcinski.pl\/sk\/wp-json\/wp\/v2\/posts\/20234","targetHints":{"allow":["GET"]}}],"collection":[{"href":"https:\/\/marekkuchcinski.pl\/sk\/wp-json\/wp\/v2\/posts"}],"about":[{"href":"https:\/\/marekkuchcinski.pl\/sk\/wp-json\/wp\/v2\/types\/post"}],"author":[{"embeddable":true,"href":"https:\/\/marekkuchcinski.pl\/sk\/wp-json\/wp\/v2\/users\/21"}],"replies":[{"embeddable":true,"href":"https:\/\/marekkuchcinski.pl\/sk\/wp-json\/wp\/v2\/comments?post=20234"}],"version-history":[{"count":2,"href":"https:\/\/marekkuchcinski.pl\/sk\/wp-json\/wp\/v2\/posts\/20234\/revisions"}],"predecessor-version":[{"id":20238,"href":"https:\/\/marekkuchcinski.pl\/sk\/wp-json\/wp\/v2\/posts\/20234\/revisions\/20238"}],"wp:featuredmedia":[{"embeddable":true,"href":"https:\/\/marekkuchcinski.pl\/sk\/wp-json\/wp\/v2\/media\/20237"}],"wp:attachment":[{"href":"https:\/\/marekkuchcinski.pl\/sk\/wp-json\/wp\/v2\/media?parent=20234"}],"wp:term":[{"taxonomy":"category","embeddable":true,"href":"https:\/\/marekkuchcinski.pl\/sk\/wp-json\/wp\/v2\/categories?post=20234"},{"taxonomy":"post_tag","embeddable":true,"href":"https:\/\/marekkuchcinski.pl\/sk\/wp-json\/wp\/v2\/tags?post=20234"}],"curies":[{"name":"wp","href":"https:\/\/api.w.org\/{rel}","templated":true}]}}