{"id":20114,"date":"2020-10-22T16:50:08","date_gmt":"2020-10-22T14:50:08","guid":{"rendered":"https:\/\/marekkuchcinski.pl\/?p=20114"},"modified":"2020-11-09T15:03:33","modified_gmt":"2020-11-09T14:03:33","slug":"marek-kuchcinski-nalezy-zwiekszyc-finansowanie-parkow-narodowych","status":"publish","type":"post","link":"https:\/\/marekkuchcinski.pl\/sk\/wydarzenia\/marek-kuchcinski-nalezy-zwiekszyc-finansowanie-parkow-narodowych\/","title":{"rendered":"Marek Kuchci\u0144ski: Financovanie n\u00e1rodn\u00fdch parkov by sa malo zv\u00fd\u0161i\u0165"},"content":{"rendered":"<p>Po\u010das zasadnutia v\u00fdboru <strong><strong>\u017divotn\u00e9 prostredie, pr\u00edrodn\u00e9 zdroje a lesn\u00edctvo<\/strong>ch<\/strong> Marek Kuchci\u0144ski predlo\u017eil n\u00e1vrhy t\u00fdkaj\u00face sa rozpo\u010dtu n\u00e1rodn\u00fdch parkov na rok 2022 - predov\u0161etk\u00fdm zv\u00fd\u0161enie platov zamestnancov a zn\u00ed\u017eenie finan\u010dn\u00fdch rozdielov samotn\u00fdch parkov.<\/p>\n\n\n\n<p>Zd\u00f4raznil, \u017ee v kontexte toho, \u010do sa dnes deje v Po\u013esku a vo svete - na jednej strane tu m\u00e1me d\u00f4sledky pand\u00e9mie a na druhej strane cite\u013en\u00fa zmenu v smerovan\u00ed ciest Poliakov zo zahrani\u010dia do Po\u013eska - rastie v\u00fdznam a hodnota oblast\u00ed krajin\u00e1rskeho z\u00e1ujmu. \u010cist\u00fd vzduch a pr\u00edrodn\u00e9 prostredie pon\u00fakaj\u00fa du\u0161evne unavenej spolo\u010dnosti n\u00e1hradu norm\u00e1lnosti. V tomto obdob\u00ed je to mimoriadne d\u00f4le\u017eit\u00e9.<\/p>\n\n\n\n<p>Pod\u013ea mar\u0161ala by bolo najlep\u0161\u00edm rie\u0161en\u00edm, keby financovanie zamestnanosti (pracovn\u00fdch miest s deriv\u00e1tmi) v n\u00e1rodn\u00fdch parkoch z\u00e1viselo od rozpo\u010dtov\u00fdch dot\u00e1ci\u00ed, ktor\u00e9 by sa mali zv\u00fd\u0161i\u0165. Platy zamestnancov n\u00e1rodn\u00fdch parkov by sa tie\u017e mali kone\u010dne vyrovna\u0165 s platmi \u0160t\u00e1tnych lesov (mal\u00e1 skupina 1,5 tis\u00edc \u013eud\u00ed zar\u00e1ba v priemere len asi 50% toho, \u010do \u0160t\u00e1tne lesy - 25 tis\u00edc \u013eud\u00ed).<\/p>\n\n\n\n<p>Parky ro\u010dne nav\u0161t\u00edvi viac ako 15 mili\u00f3nov n\u00e1v\u0161tevn\u00edkov a vplyv na t\u00fato mal\u00fa, ale z h\u013eadiska pr\u00edrody ve\u013emi jedine\u010dn\u00fa oblas\u0165 je \u010doraz v\u00e4\u010d\u0161\u00ed. Po\u013esk\u00e9 parky maj\u00fa ove\u013ea men\u0161iu rozlohu (1%) v porovnan\u00ed napr\u00edklad so Slovenskom (6,5%), Ma\u010farskom (5%) alebo \u010ceskou republikou (2%).<\/p>\n\n\n\n<p>Z h\u013eadiska hospod\u00e1rskej a rozvojovej politiky by sme mohli tvrdi\u0165, \u017ee n\u00e1rodn\u00e9 parky posil\u0148uj\u00fa region\u00e1lny rozvoj a pri\u0165ahuj\u00fa kapit\u00e1l do svojho okolia. Je dok\u00e1zan\u00e9, \u017ee ka\u017ed\u00fd dol\u00e1r, ktor\u00fd krajina vynalo\u017e\u00ed na t\u00fato formu ochrany pr\u00edrody, sa jej ston\u00e1sobne vr\u00e1ti v podobe obohatenia miestnych komun\u00edt. Po\u010det \u00faloh, ktor\u00e9 parky vykon\u00e1vaj\u00fa, sa v\u0161ak v\u00fdrazne zvy\u0161uje, \u010do znamen\u00e1 aj prudk\u00fd n\u00e1rast n\u00e1kladov. Niektor\u00e9 parky maj\u00fa pr\u00edjmy. Niektor\u00e9 nie. V tom spo\u010d\u00edva hlavn\u00fd probl\u00e9m, konkr\u00e9tne v disproporci\u00e1ch.<\/p>\n\n\n\n<figure class=\"wp-block-image size-large\"><img fetchpriority=\"high\" decoding=\"async\" width=\"1024\" height=\"671\" src=\"https:\/\/marekkuchcinski.pl\/wp-content\/uploads\/2020\/10\/kom-sr-1024x671.jpg\" alt=\"\" class=\"wp-image-20116\" srcset=\"https:\/\/marekkuchcinski.pl\/wp-content\/uploads\/2020\/10\/kom-sr-1024x671.jpg 1024w, https:\/\/marekkuchcinski.pl\/wp-content\/uploads\/2020\/10\/kom-sr-300x197.jpg 300w, https:\/\/marekkuchcinski.pl\/wp-content\/uploads\/2020\/10\/kom-sr-768x503.jpg 768w, https:\/\/marekkuchcinski.pl\/wp-content\/uploads\/2020\/10\/kom-sr-1536x1006.jpg 1536w, https:\/\/marekkuchcinski.pl\/wp-content\/uploads\/2020\/10\/kom-sr-scaled.jpg 2048w\" sizes=\"(max-width: 1024px) 100vw, 1024px\" \/><\/figure>","protected":false},"excerpt":{"rendered":"<p>Po\u010das zasadnutia V\u00fdboru pre ochranu \u017eivotn\u00e9ho prostredia, pr\u00edrodn\u00fdch zdrojov a lesn\u00edctva Marek Kuchci\u0144ski predlo\u017eil n\u00e1vrhy t\u00fdkaj\u00face sa rozpo\u010dtu n\u00e1rodn\u00fdch parkov na rok 2022 - predov\u0161etk\u00fdm zv\u00fd\u0161enie platov zamestnancov a zn\u00ed\u017eenie finan\u010dn\u00fdch disproporci\u00ed samotn\u00fdch parkov. Zd\u00f4raznil, \u017ee v kontexte toho, \u010do sa dnes deje v Po\u013esku a vo svete - \u017ee na jednej strane m\u00e1me d\u00f4sledky pand\u00e9mie, na druhej strane [...]<\/p>","protected":false},"author":21,"featured_media":20116,"comment_status":"open","ping_status":"open","sticky":false,"template":"","format":"standard","meta":{"ngg_post_thumbnail":0,"footnotes":""},"categories":[166,164,181,49,81,3],"tags":[],"class_list":["post-20114","post","type-post","status-publish","format-standard","has-post-thumbnail","hentry","category-komisja-ochrony-srodowiska-zasobow-naturalnych-i-lesnictwa-osz","category-komisje-sejmowe","category-komisje-sejmowe-komisje-sejmowe","category-podkarpacie","category-wiesci-z-sejmu","category-wydarzenia"],"yoast_head":"<!-- This site is optimized with the Yoast SEO plugin v24.7 - https:\/\/yoast.com\/wordpress\/plugins\/seo\/ -->\n<title>Marek Kuchci\u0144ski: Nale\u017cy zwi\u0119kszy\u0107 finansowanie park\u00f3w narodowych &#8211; Marek Kuchci\u0144ski<\/title>\n<meta name=\"robots\" content=\"index, follow, max-snippet:-1, max-image-preview:large, max-video-preview:-1\" \/>\n<link rel=\"canonical\" href=\"https:\/\/marekkuchcinski.pl\/sk\/wydarzenia\/marek-kuchcinski-nalezy-zwiekszyc-finansowanie-parkow-narodowych\/\" \/>\n<meta property=\"og:locale\" content=\"sk_SK\" \/>\n<meta property=\"og:type\" content=\"article\" \/>\n<meta property=\"og:title\" content=\"Marek Kuchci\u0144ski: Nale\u017cy zwi\u0119kszy\u0107 finansowanie park\u00f3w narodowych &#8211; Marek Kuchci\u0144ski\" \/>\n<meta property=\"og:description\" content=\"Podczas posiedzenia komisji Ochrony \u015arodowiska, Zasob\u00f3w Naturalnych i Le\u015bnictwach Marek Kuchci\u0144ski zg\u0142osi\u0142 sugestie dotycz\u0105ce bud\u017cetu dla park\u00f3w narodowych na 2022 rok \u2013 przede wszystkim zwi\u0119kszenia zarobk\u00f3w pracownik\u00f3w i zmniejszenia dysproporcji finansowych samych park\u00f3w. Podkre\u015bli\u0142, \u017ce w kontek\u015bcie tego, co dzieje si\u0119 dzisiaj w Polsce i na \u015bwiecie \u2013 \u017ce z jednej strony mamy skutki pandemii, [&hellip;]\" \/>\n<meta property=\"og:url\" content=\"https:\/\/marekkuchcinski.pl\/sk\/wydarzenia\/marek-kuchcinski-nalezy-zwiekszyc-finansowanie-parkow-narodowych\/\" \/>\n<meta property=\"og:site_name\" content=\"Marek Kuchci\u0144ski\" \/>\n<meta property=\"article:published_time\" content=\"2020-10-22T14:50:08+00:00\" \/>\n<meta property=\"article:modified_time\" content=\"2020-11-09T14:03:33+00:00\" \/>\n<meta property=\"og:image\" content=\"https:\/\/marekkuchcinski.pl\/wp-content\/uploads\/2020\/10\/kom-sr-scaled.jpg\" \/>\n\t<meta property=\"og:image:width\" content=\"2048\" \/>\n\t<meta property=\"og:image:height\" content=\"1342\" \/>\n\t<meta property=\"og:image:type\" content=\"image\/jpeg\" \/>\n<meta name=\"author\" content=\"Marta Olejnik\" \/>\n<meta name=\"twitter:card\" content=\"summary_large_image\" \/>\n<meta name=\"twitter:label1\" content=\"Autor\" \/>\n\t<meta name=\"twitter:data1\" content=\"Marta Olejnik\" \/>\n\t<meta name=\"twitter:label2\" content=\"Predpokladan\u00fd \u010das \u010d\u00edtania\" \/>\n\t<meta name=\"twitter:data2\" content=\"2 min\u00faty\" \/>\n<script type=\"application\/ld+json\" class=\"yoast-schema-graph\">{\"@context\":\"https:\/\/schema.org\",\"@graph\":[{\"@type\":\"Article\",\"@id\":\"https:\/\/marekkuchcinski.pl\/wydarzenia\/marek-kuchcinski-nalezy-zwiekszyc-finansowanie-parkow-narodowych\/#article\",\"isPartOf\":{\"@id\":\"https:\/\/marekkuchcinski.pl\/wydarzenia\/marek-kuchcinski-nalezy-zwiekszyc-finansowanie-parkow-narodowych\/\"},\"author\":{\"name\":\"Marta Olejnik\",\"@id\":\"https:\/\/marekkuchcinski.pl\/#\/schema\/person\/51d5d4ee3b5317b8e4dd2b48af359229\"},\"headline\":\"Marek Kuchci\u0144ski: Nale\u017cy zwi\u0119kszy\u0107 finansowanie park\u00f3w narodowych\",\"datePublished\":\"2020-10-22T14:50:08+00:00\",\"dateModified\":\"2020-11-09T14:03:33+00:00\",\"mainEntityOfPage\":{\"@id\":\"https:\/\/marekkuchcinski.pl\/wydarzenia\/marek-kuchcinski-nalezy-zwiekszyc-finansowanie-parkow-narodowych\/\"},\"wordCount\":318,\"commentCount\":0,\"publisher\":{\"@id\":\"https:\/\/marekkuchcinski.pl\/#organization\"},\"image\":{\"@id\":\"https:\/\/marekkuchcinski.pl\/wydarzenia\/marek-kuchcinski-nalezy-zwiekszyc-finansowanie-parkow-narodowych\/#primaryimage\"},\"thumbnailUrl\":\"https:\/\/marekkuchcinski.pl\/wp-content\/uploads\/2020\/10\/kom-sr-scaled.jpg\",\"articleSection\":[\"Komisja Ochrony \u015arodowiska\",\"Komisje Sejmowe\",\"Komisje sejmowe\",\"Podkarpacie\",\"Wie\u015bci z Sejmu\",\"Wydarzenia\"],\"inLanguage\":\"sk-SK\",\"potentialAction\":[{\"@type\":\"CommentAction\",\"name\":\"Comment\",\"target\":[\"https:\/\/marekkuchcinski.pl\/wydarzenia\/marek-kuchcinski-nalezy-zwiekszyc-finansowanie-parkow-narodowych\/#respond\"]}]},{\"@type\":\"WebPage\",\"@id\":\"https:\/\/marekkuchcinski.pl\/wydarzenia\/marek-kuchcinski-nalezy-zwiekszyc-finansowanie-parkow-narodowych\/\",\"url\":\"https:\/\/marekkuchcinski.pl\/wydarzenia\/marek-kuchcinski-nalezy-zwiekszyc-finansowanie-parkow-narodowych\/\",\"name\":\"Marek Kuchci\u0144ski: Nale\u017cy zwi\u0119kszy\u0107 finansowanie park\u00f3w narodowych &#8211; Marek Kuchci\u0144ski\",\"isPartOf\":{\"@id\":\"https:\/\/marekkuchcinski.pl\/#website\"},\"primaryImageOfPage\":{\"@id\":\"https:\/\/marekkuchcinski.pl\/wydarzenia\/marek-kuchcinski-nalezy-zwiekszyc-finansowanie-parkow-narodowych\/#primaryimage\"},\"image\":{\"@id\":\"https:\/\/marekkuchcinski.pl\/wydarzenia\/marek-kuchcinski-nalezy-zwiekszyc-finansowanie-parkow-narodowych\/#primaryimage\"},\"thumbnailUrl\":\"https:\/\/marekkuchcinski.pl\/wp-content\/uploads\/2020\/10\/kom-sr-scaled.jpg\",\"datePublished\":\"2020-10-22T14:50:08+00:00\",\"dateModified\":\"2020-11-09T14:03:33+00:00\",\"breadcrumb\":{\"@id\":\"https:\/\/marekkuchcinski.pl\/wydarzenia\/marek-kuchcinski-nalezy-zwiekszyc-finansowanie-parkow-narodowych\/#breadcrumb\"},\"inLanguage\":\"sk-SK\",\"potentialAction\":[{\"@type\":\"ReadAction\",\"target\":[\"https:\/\/marekkuchcinski.pl\/wydarzenia\/marek-kuchcinski-nalezy-zwiekszyc-finansowanie-parkow-narodowych\/\"]}]},{\"@type\":\"ImageObject\",\"inLanguage\":\"sk-SK\",\"@id\":\"https:\/\/marekkuchcinski.pl\/wydarzenia\/marek-kuchcinski-nalezy-zwiekszyc-finansowanie-parkow-narodowych\/#primaryimage\",\"url\":\"https:\/\/marekkuchcinski.pl\/wp-content\/uploads\/2020\/10\/kom-sr-scaled.jpg\",\"contentUrl\":\"https:\/\/marekkuchcinski.pl\/wp-content\/uploads\/2020\/10\/kom-sr-scaled.jpg\",\"width\":2048,\"height\":1342},{\"@type\":\"BreadcrumbList\",\"@id\":\"https:\/\/marekkuchcinski.pl\/wydarzenia\/marek-kuchcinski-nalezy-zwiekszyc-finansowanie-parkow-narodowych\/#breadcrumb\",\"itemListElement\":[{\"@type\":\"ListItem\",\"position\":1,\"name\":\"Strona g\u0142\u00f3wna\",\"item\":\"https:\/\/marekkuchcinski.pl\/\"},{\"@type\":\"ListItem\",\"position\":2,\"name\":\"Marek Kuchci\u0144ski: Nale\u017cy zwi\u0119kszy\u0107 finansowanie park\u00f3w narodowych\"}]},{\"@type\":\"WebSite\",\"@id\":\"https:\/\/marekkuchcinski.pl\/#website\",\"url\":\"https:\/\/marekkuchcinski.pl\/\",\"name\":\"Marek Kuchci\u0144ski\",\"description\":\"Pose\u0142 na sejm RP &ndash; okr\u0119g nr 22\",\"publisher\":{\"@id\":\"https:\/\/marekkuchcinski.pl\/#organization\"},\"potentialAction\":[{\"@type\":\"SearchAction\",\"target\":{\"@type\":\"EntryPoint\",\"urlTemplate\":\"https:\/\/marekkuchcinski.pl\/?s={search_term_string}\"},\"query-input\":{\"@type\":\"PropertyValueSpecification\",\"valueRequired\":true,\"valueName\":\"search_term_string\"}}],\"inLanguage\":\"sk-SK\"},{\"@type\":\"Organization\",\"@id\":\"https:\/\/marekkuchcinski.pl\/#organization\",\"name\":\"Marek Kuchci\u0144ski\",\"url\":\"https:\/\/marekkuchcinski.pl\/\",\"logo\":{\"@type\":\"ImageObject\",\"inLanguage\":\"sk-SK\",\"@id\":\"https:\/\/marekkuchcinski.pl\/#\/schema\/logo\/image\/\",\"url\":\"https:\/\/marekkuchcinski.pl\/wp-content\/uploads\/2022\/09\/Marek.jpg\",\"contentUrl\":\"https:\/\/marekkuchcinski.pl\/wp-content\/uploads\/2022\/09\/Marek.jpg\",\"width\":1600,\"height\":971,\"caption\":\"Marek Kuchci\u0144ski\"},\"image\":{\"@id\":\"https:\/\/marekkuchcinski.pl\/#\/schema\/logo\/image\/\"}},{\"@type\":\"Person\",\"@id\":\"https:\/\/marekkuchcinski.pl\/#\/schema\/person\/51d5d4ee3b5317b8e4dd2b48af359229\",\"name\":\"Marta Olejnik\",\"image\":{\"@type\":\"ImageObject\",\"inLanguage\":\"sk-SK\",\"@id\":\"https:\/\/marekkuchcinski.pl\/#\/schema\/person\/image\/\",\"url\":\"https:\/\/secure.gravatar.com\/avatar\/e39914b2aa6a48959e24d475b5dc9793?s=96&d=mm&r=g\",\"contentUrl\":\"https:\/\/secure.gravatar.com\/avatar\/e39914b2aa6a48959e24d475b5dc9793?s=96&d=mm&r=g\",\"caption\":\"Marta Olejnik\"},\"url\":\"https:\/\/marekkuchcinski.pl\/sk\/author\/marta\/\"}]}<\/script>\n<!-- \/ Yoast SEO plugin. -->","yoast_head_json":{"title":"Marek Kuchci\u0144ski: Nale\u017cy zwi\u0119kszy\u0107 finansowanie park\u00f3w narodowych &#8211; Marek Kuchci\u0144ski","robots":{"index":"index","follow":"follow","max-snippet":"max-snippet:-1","max-image-preview":"max-image-preview:large","max-video-preview":"max-video-preview:-1"},"canonical":"https:\/\/marekkuchcinski.pl\/sk\/wydarzenia\/marek-kuchcinski-nalezy-zwiekszyc-finansowanie-parkow-narodowych\/","og_locale":"sk_SK","og_type":"article","og_title":"Marek Kuchci\u0144ski: Nale\u017cy zwi\u0119kszy\u0107 finansowanie park\u00f3w narodowych &#8211; Marek Kuchci\u0144ski","og_description":"Podczas posiedzenia komisji Ochrony \u015arodowiska, Zasob\u00f3w Naturalnych i Le\u015bnictwach Marek Kuchci\u0144ski zg\u0142osi\u0142 sugestie dotycz\u0105ce bud\u017cetu dla park\u00f3w narodowych na 2022 rok \u2013 przede wszystkim zwi\u0119kszenia zarobk\u00f3w pracownik\u00f3w i zmniejszenia dysproporcji finansowych samych park\u00f3w. Podkre\u015bli\u0142, \u017ce w kontek\u015bcie tego, co dzieje si\u0119 dzisiaj w Polsce i na \u015bwiecie \u2013 \u017ce z jednej strony mamy skutki pandemii, [&hellip;]","og_url":"https:\/\/marekkuchcinski.pl\/sk\/wydarzenia\/marek-kuchcinski-nalezy-zwiekszyc-finansowanie-parkow-narodowych\/","og_site_name":"Marek Kuchci\u0144ski","article_published_time":"2020-10-22T14:50:08+00:00","article_modified_time":"2020-11-09T14:03:33+00:00","og_image":[{"width":2048,"height":1342,"url":"https:\/\/marekkuchcinski.pl\/wp-content\/uploads\/2020\/10\/kom-sr-scaled.jpg","type":"image\/jpeg"}],"author":"Marta Olejnik","twitter_card":"summary_large_image","twitter_misc":{"Autor":"Marta Olejnik","Predpokladan\u00fd \u010das \u010d\u00edtania":"2 min\u00faty"},"schema":{"@context":"https:\/\/schema.org","@graph":[{"@type":"Article","@id":"https:\/\/marekkuchcinski.pl\/wydarzenia\/marek-kuchcinski-nalezy-zwiekszyc-finansowanie-parkow-narodowych\/#article","isPartOf":{"@id":"https:\/\/marekkuchcinski.pl\/wydarzenia\/marek-kuchcinski-nalezy-zwiekszyc-finansowanie-parkow-narodowych\/"},"author":{"name":"Marta Olejnik","@id":"https:\/\/marekkuchcinski.pl\/#\/schema\/person\/51d5d4ee3b5317b8e4dd2b48af359229"},"headline":"Marek Kuchci\u0144ski: Nale\u017cy zwi\u0119kszy\u0107 finansowanie park\u00f3w narodowych","datePublished":"2020-10-22T14:50:08+00:00","dateModified":"2020-11-09T14:03:33+00:00","mainEntityOfPage":{"@id":"https:\/\/marekkuchcinski.pl\/wydarzenia\/marek-kuchcinski-nalezy-zwiekszyc-finansowanie-parkow-narodowych\/"},"wordCount":318,"commentCount":0,"publisher":{"@id":"https:\/\/marekkuchcinski.pl\/#organization"},"image":{"@id":"https:\/\/marekkuchcinski.pl\/wydarzenia\/marek-kuchcinski-nalezy-zwiekszyc-finansowanie-parkow-narodowych\/#primaryimage"},"thumbnailUrl":"https:\/\/marekkuchcinski.pl\/wp-content\/uploads\/2020\/10\/kom-sr-scaled.jpg","articleSection":["Komisja Ochrony \u015arodowiska","Komisje Sejmowe","Komisje sejmowe","Podkarpacie","Wie\u015bci z Sejmu","Wydarzenia"],"inLanguage":"sk-SK","potentialAction":[{"@type":"CommentAction","name":"Comment","target":["https:\/\/marekkuchcinski.pl\/wydarzenia\/marek-kuchcinski-nalezy-zwiekszyc-finansowanie-parkow-narodowych\/#respond"]}]},{"@type":"WebPage","@id":"https:\/\/marekkuchcinski.pl\/wydarzenia\/marek-kuchcinski-nalezy-zwiekszyc-finansowanie-parkow-narodowych\/","url":"https:\/\/marekkuchcinski.pl\/wydarzenia\/marek-kuchcinski-nalezy-zwiekszyc-finansowanie-parkow-narodowych\/","name":"Marek Kuchci\u0144ski: Nale\u017cy zwi\u0119kszy\u0107 finansowanie park\u00f3w narodowych &#8211; Marek Kuchci\u0144ski","isPartOf":{"@id":"https:\/\/marekkuchcinski.pl\/#website"},"primaryImageOfPage":{"@id":"https:\/\/marekkuchcinski.pl\/wydarzenia\/marek-kuchcinski-nalezy-zwiekszyc-finansowanie-parkow-narodowych\/#primaryimage"},"image":{"@id":"https:\/\/marekkuchcinski.pl\/wydarzenia\/marek-kuchcinski-nalezy-zwiekszyc-finansowanie-parkow-narodowych\/#primaryimage"},"thumbnailUrl":"https:\/\/marekkuchcinski.pl\/wp-content\/uploads\/2020\/10\/kom-sr-scaled.jpg","datePublished":"2020-10-22T14:50:08+00:00","dateModified":"2020-11-09T14:03:33+00:00","breadcrumb":{"@id":"https:\/\/marekkuchcinski.pl\/wydarzenia\/marek-kuchcinski-nalezy-zwiekszyc-finansowanie-parkow-narodowych\/#breadcrumb"},"inLanguage":"sk-SK","potentialAction":[{"@type":"ReadAction","target":["https:\/\/marekkuchcinski.pl\/wydarzenia\/marek-kuchcinski-nalezy-zwiekszyc-finansowanie-parkow-narodowych\/"]}]},{"@type":"ImageObject","inLanguage":"sk-SK","@id":"https:\/\/marekkuchcinski.pl\/wydarzenia\/marek-kuchcinski-nalezy-zwiekszyc-finansowanie-parkow-narodowych\/#primaryimage","url":"https:\/\/marekkuchcinski.pl\/wp-content\/uploads\/2020\/10\/kom-sr-scaled.jpg","contentUrl":"https:\/\/marekkuchcinski.pl\/wp-content\/uploads\/2020\/10\/kom-sr-scaled.jpg","width":2048,"height":1342},{"@type":"BreadcrumbList","@id":"https:\/\/marekkuchcinski.pl\/wydarzenia\/marek-kuchcinski-nalezy-zwiekszyc-finansowanie-parkow-narodowych\/#breadcrumb","itemListElement":[{"@type":"ListItem","position":1,"name":"Strona g\u0142\u00f3wna","item":"https:\/\/marekkuchcinski.pl\/"},{"@type":"ListItem","position":2,"name":"Marek Kuchci\u0144ski: Nale\u017cy zwi\u0119kszy\u0107 finansowanie park\u00f3w narodowych"}]},{"@type":"WebSite","@id":"https:\/\/marekkuchcinski.pl\/#website","url":"https:\/\/marekkuchcinski.pl\/","name":"Marek Kuchci\u0144ski","description":"Pose\u0142 na sejm RP &ndash; okr\u0119g nr 22","publisher":{"@id":"https:\/\/marekkuchcinski.pl\/#organization"},"potentialAction":[{"@type":"SearchAction","target":{"@type":"EntryPoint","urlTemplate":"https:\/\/marekkuchcinski.pl\/?s={search_term_string}"},"query-input":{"@type":"PropertyValueSpecification","valueRequired":true,"valueName":"search_term_string"}}],"inLanguage":"sk-SK"},{"@type":"Organization","@id":"https:\/\/marekkuchcinski.pl\/#organization","name":"Marek Kuchci\u0144ski","url":"https:\/\/marekkuchcinski.pl\/","logo":{"@type":"ImageObject","inLanguage":"sk-SK","@id":"https:\/\/marekkuchcinski.pl\/#\/schema\/logo\/image\/","url":"https:\/\/marekkuchcinski.pl\/wp-content\/uploads\/2022\/09\/Marek.jpg","contentUrl":"https:\/\/marekkuchcinski.pl\/wp-content\/uploads\/2022\/09\/Marek.jpg","width":1600,"height":971,"caption":"Marek Kuchci\u0144ski"},"image":{"@id":"https:\/\/marekkuchcinski.pl\/#\/schema\/logo\/image\/"}},{"@type":"Person","@id":"https:\/\/marekkuchcinski.pl\/#\/schema\/person\/51d5d4ee3b5317b8e4dd2b48af359229","name":"Marta Olejnik","image":{"@type":"ImageObject","inLanguage":"sk-SK","@id":"https:\/\/marekkuchcinski.pl\/#\/schema\/person\/image\/","url":"https:\/\/secure.gravatar.com\/avatar\/e39914b2aa6a48959e24d475b5dc9793?s=96&d=mm&r=g","contentUrl":"https:\/\/secure.gravatar.com\/avatar\/e39914b2aa6a48959e24d475b5dc9793?s=96&d=mm&r=g","caption":"Marta Olejnik"},"url":"https:\/\/marekkuchcinski.pl\/sk\/author\/marta\/"}]}},"_links":{"self":[{"href":"https:\/\/marekkuchcinski.pl\/sk\/wp-json\/wp\/v2\/posts\/20114","targetHints":{"allow":["GET"]}}],"collection":[{"href":"https:\/\/marekkuchcinski.pl\/sk\/wp-json\/wp\/v2\/posts"}],"about":[{"href":"https:\/\/marekkuchcinski.pl\/sk\/wp-json\/wp\/v2\/types\/post"}],"author":[{"embeddable":true,"href":"https:\/\/marekkuchcinski.pl\/sk\/wp-json\/wp\/v2\/users\/21"}],"replies":[{"embeddable":true,"href":"https:\/\/marekkuchcinski.pl\/sk\/wp-json\/wp\/v2\/comments?post=20114"}],"version-history":[{"count":2,"href":"https:\/\/marekkuchcinski.pl\/sk\/wp-json\/wp\/v2\/posts\/20114\/revisions"}],"predecessor-version":[{"id":20118,"href":"https:\/\/marekkuchcinski.pl\/sk\/wp-json\/wp\/v2\/posts\/20114\/revisions\/20118"}],"wp:featuredmedia":[{"embeddable":true,"href":"https:\/\/marekkuchcinski.pl\/sk\/wp-json\/wp\/v2\/media\/20116"}],"wp:attachment":[{"href":"https:\/\/marekkuchcinski.pl\/sk\/wp-json\/wp\/v2\/media?parent=20114"}],"wp:term":[{"taxonomy":"category","embeddable":true,"href":"https:\/\/marekkuchcinski.pl\/sk\/wp-json\/wp\/v2\/categories?post=20114"},{"taxonomy":"post_tag","embeddable":true,"href":"https:\/\/marekkuchcinski.pl\/sk\/wp-json\/wp\/v2\/tags?post=20114"}],"curies":[{"name":"wp","href":"https:\/\/api.w.org\/{rel}","templated":true}]}}