{"id":19996,"date":"2020-10-17T14:12:31","date_gmt":"2020-10-17T12:12:31","guid":{"rendered":"https:\/\/marekkuchcinski.pl\/?p=19996"},"modified":"2020-10-18T13:16:51","modified_gmt":"2020-10-18T11:16:51","slug":"400-lat-karmelitow-bosych-w-przemyslu","status":"publish","type":"post","link":"https:\/\/marekkuchcinski.pl\/sk\/wydarzenia\/400-lat-karmelitow-bosych-w-przemyslu\/","title":{"rendered":"400 rokov bos\u00fdch karmelit\u00e1nok v Przemy\u015bli"},"content":{"rendered":"<p>15. okt\u00f3bra sa v kostole bos\u00fdch karmelit\u00e1nok v Przemy\u015bli konala jubilejn\u00e1 om\u0161a pri pr\u00edle\u017eitosti 400. v\u00fdro\u010dia chr\u00e1mu.<\/p>\n\n\n\n<p>Pre komunitu v Przemy\u015bli je kostol a kl\u00e1\u0161tor sv\u00e4tej Ter\u00e9zie u\u017e po st\u00e1ro\u010dia miestom, ktor\u00e9 posil\u0148uje vieru a formuje hodnoty. Miesto, ktor\u00e9 nev\u00e1halo br\u00e1ni\u0165.<\/p>\n\n\n\n<p><em>\u010clovek \u017eije s kontinuitou dej\u00edn. Je to d\u00f4le\u017eit\u00fd vzdel\u00e1vac\u00ed prvok a z\u00e1rove\u0148 tvoriv\u00fd podnet. Tento proces sa vz\u0165ahuje aj na komunitu, ktorou je r\u00e1d v Cirkvi, a na kl\u00e1\u0161tor v danej spolo\u010dnosti.<\/em> (\"Spojrzenia Przemyskie\" febru\u00e1r-marec 1991).<\/p>\n\n\n\n<figure class=\"wp-block-gallery columns-2 is-cropped wp-block-gallery-1 is-layout-flex wp-block-gallery-is-layout-flex\"><ul class=\"blocks-gallery-grid\"><li class=\"blocks-gallery-item\"><figure><img fetchpriority=\"high\" decoding=\"async\" width=\"768\" height=\"1024\" src=\"https:\/\/marekkuchcinski.pl\/wp-content\/uploads\/2020\/10\/Karmel-1_edited_edited-768x1024.jpg\" alt=\"\" data-id=\"20026\" data-full-url=\"https:\/\/marekkuchcinski.pl\/wp-content\/uploads\/2020\/10\/Karmel-1_edited_edited-scaled.jpg\" data-link=\"https:\/\/marekkuchcinski.pl\/wydarzenia\/400-lat-karmelitow-bosych-w-przemyslu\/attachment\/karmel-1_edited_edited\/\" class=\"wp-image-20026\" srcset=\"https:\/\/marekkuchcinski.pl\/wp-content\/uploads\/2020\/10\/Karmel-1_edited_edited-768x1025.jpg 768w, https:\/\/marekkuchcinski.pl\/wp-content\/uploads\/2020\/10\/Karmel-1_edited_edited-225x300.jpg 225w, https:\/\/marekkuchcinski.pl\/wp-content\/uploads\/2020\/10\/Karmel-1_edited_edited-1151x1536.jpg 1151w, https:\/\/marekkuchcinski.pl\/wp-content\/uploads\/2020\/10\/Karmel-1_edited_edited-scaled.jpg 1535w\" sizes=\"(max-width: 768px) 100vw, 768px\" \/><\/figure><\/li><li class=\"blocks-gallery-item\"><figure><img decoding=\"async\" width=\"739\" height=\"1024\" src=\"https:\/\/marekkuchcinski.pl\/wp-content\/uploads\/2020\/10\/Karmel2_edited-739x1024.jpg\" alt=\"\" data-id=\"20027\" data-full-url=\"https:\/\/marekkuchcinski.pl\/wp-content\/uploads\/2020\/10\/Karmel2_edited-scaled.jpg\" data-link=\"https:\/\/marekkuchcinski.pl\/wydarzenia\/400-lat-karmelitow-bosych-w-przemyslu\/attachment\/karmel2_edited\/\" class=\"wp-image-20027\" srcset=\"https:\/\/marekkuchcinski.pl\/wp-content\/uploads\/2020\/10\/Karmel2_edited-739x1024.jpg 739w, https:\/\/marekkuchcinski.pl\/wp-content\/uploads\/2020\/10\/Karmel2_edited-217x300.jpg 217w, https:\/\/marekkuchcinski.pl\/wp-content\/uploads\/2020\/10\/Karmel2_edited-768x1064.jpg 768w, https:\/\/marekkuchcinski.pl\/wp-content\/uploads\/2020\/10\/Karmel2_edited-1109x1536.jpg 1109w, https:\/\/marekkuchcinski.pl\/wp-content\/uploads\/2020\/10\/Karmel2_edited-scaled.jpg 1478w\" sizes=\"(max-width: 739px) 100vw, 739px\" \/><\/figure><\/li><\/ul><\/figure>\n\n\n\n<p>Na pamiatku zalo\u017eenia kostola a kl\u00e1\u0161tora podolsk\u00fdm vojvodom a przemysk\u00fdm \u017eupanom gr\u00f3fom Marcinom Krasick\u00fdm venovali obyvatelia Przemy\u015bla pam\u00e4tn\u00fa tabu\u013eu.<\/p>\n\n\n\n<figure class=\"wp-block-image size-large\"><img decoding=\"async\" width=\"703\" height=\"650\" src=\"https:\/\/marekkuchcinski.pl\/wp-content\/uploads\/2020\/10\/EkdaMDYXUAEj17P.jpg\" alt=\"\" class=\"wp-image-19997\" srcset=\"https:\/\/marekkuchcinski.pl\/wp-content\/uploads\/2020\/10\/EkdaMDYXUAEj17P.jpg 703w, https:\/\/marekkuchcinski.pl\/wp-content\/uploads\/2020\/10\/EkdaMDYXUAEj17P-300x277.jpg 300w\" sizes=\"(max-width: 703px) 100vw, 703px\" \/><\/figure>\n\n\n\n<figure class=\"wp-block-image size-large\"><img loading=\"lazy\" decoding=\"async\" width=\"1024\" height=\"681\" src=\"https:\/\/marekkuchcinski.pl\/wp-content\/uploads\/2020\/10\/EkdaMkoXgAA_pmA-1024x681.jpg\" alt=\"\" class=\"wp-image-19998\" srcset=\"https:\/\/marekkuchcinski.pl\/wp-content\/uploads\/2020\/10\/EkdaMkoXgAA_pmA-1024x681.jpg 1024w, https:\/\/marekkuchcinski.pl\/wp-content\/uploads\/2020\/10\/EkdaMkoXgAA_pmA-300x199.jpg 300w, https:\/\/marekkuchcinski.pl\/wp-content\/uploads\/2020\/10\/EkdaMkoXgAA_pmA-768x510.jpg 768w, https:\/\/marekkuchcinski.pl\/wp-content\/uploads\/2020\/10\/EkdaMkoXgAA_pmA-1536x1021.jpg 1536w, https:\/\/marekkuchcinski.pl\/wp-content\/uploads\/2020\/10\/EkdaMkoXgAA_pmA.jpg 2048w\" sizes=\"(max-width: 1024px) 100vw, 1024px\" \/><\/figure>\n\n\n\n<figure class=\"wp-block-image size-large\"><img loading=\"lazy\" decoding=\"async\" width=\"1024\" height=\"720\" src=\"https:\/\/marekkuchcinski.pl\/wp-content\/uploads\/2020\/10\/EkdaOtgX0AIe_we-1024x720.jpg\" alt=\"\" class=\"wp-image-19999\" srcset=\"https:\/\/marekkuchcinski.pl\/wp-content\/uploads\/2020\/10\/EkdaOtgX0AIe_we-1024x720.jpg 1024w, https:\/\/marekkuchcinski.pl\/wp-content\/uploads\/2020\/10\/EkdaOtgX0AIe_we-300x211.jpg 300w, https:\/\/marekkuchcinski.pl\/wp-content\/uploads\/2020\/10\/EkdaOtgX0AIe_we-768x540.jpg 768w, https:\/\/marekkuchcinski.pl\/wp-content\/uploads\/2020\/10\/EkdaOtgX0AIe_we-1536x1080.jpg 1536w, https:\/\/marekkuchcinski.pl\/wp-content\/uploads\/2020\/10\/EkdaOtgX0AIe_we.jpg 2048w\" sizes=\"(max-width: 1024px) 100vw, 1024px\" \/><\/figure>\n\n\n\n<figure class=\"wp-block-image size-large\"><img loading=\"lazy\" decoding=\"async\" width=\"1024\" height=\"768\" src=\"https:\/\/marekkuchcinski.pl\/wp-content\/uploads\/2020\/10\/EkdaNwMWAAcfrL9-1024x768.jpg\" alt=\"\" class=\"wp-image-20000\" srcset=\"https:\/\/marekkuchcinski.pl\/wp-content\/uploads\/2020\/10\/EkdaNwMWAAcfrL9-1024x768.jpg 1024w, https:\/\/marekkuchcinski.pl\/wp-content\/uploads\/2020\/10\/EkdaNwMWAAcfrL9-300x225.jpg 300w, https:\/\/marekkuchcinski.pl\/wp-content\/uploads\/2020\/10\/EkdaNwMWAAcfrL9-768x576.jpg 768w, https:\/\/marekkuchcinski.pl\/wp-content\/uploads\/2020\/10\/EkdaNwMWAAcfrL9-1536x1152.jpg 1536w, https:\/\/marekkuchcinski.pl\/wp-content\/uploads\/2020\/10\/EkdaNwMWAAcfrL9.jpg 2048w\" sizes=\"(max-width: 1024px) 100vw, 1024px\" \/><\/figure>\n\n\n\n<figure class=\"wp-block-image size-large\"><img loading=\"lazy\" decoding=\"async\" width=\"800\" height=\"533\" src=\"https:\/\/marekkuchcinski.pl\/wp-content\/uploads\/2020\/10\/LB1_9194_edited.jpg\" alt=\"\" class=\"wp-image-20004\" srcset=\"https:\/\/marekkuchcinski.pl\/wp-content\/uploads\/2020\/10\/LB1_9194_edited.jpg 800w, https:\/\/marekkuchcinski.pl\/wp-content\/uploads\/2020\/10\/LB1_9194_edited-300x200.jpg 300w, https:\/\/marekkuchcinski.pl\/wp-content\/uploads\/2020\/10\/LB1_9194_edited-768x512.jpg 768w\" sizes=\"(max-width: 800px) 100vw, 800px\" \/><figcaption>Prof. J. T. Frazik: \"Kostol a kl\u00e1\u0161tor situovan\u00fd na vyv\u00fd\u0161enom mieste boli plastick\u00fdm n\u00e1protivkom druhej dominanty Przemy\u015bla, ktorou bol kr\u00e1\u013eovsk\u00fd z\u00e1mok, modernizovan\u00fd v tom \u010dase \u00fasil\u00edm Starostu Krasick\u00e9ho. Na \u00fap\u00e4t\u00ed oboch kopcov, ktor\u00e9 symbolizuj\u00fa dve autority - bo\u017esk\u00fa a kr\u00e1\u013eovsk\u00fa - sa rozprestieralo mesto\".<\/figcaption><\/figure>","protected":false},"excerpt":{"rendered":"<p>15 pa\u017adziernika w ko\u015bciele karmelit\u00f3w bosych w Przemy\u015blu odprawiono msz\u0119 jubileuszow\u0105 z okazji 400-lecia \u015bwi\u0105tyni. Dla przemyskiej spo\u0142eczno\u015bci Ko\u015bci\u00f3\u0142&nbsp;pw. \u015bw.&nbsp;Teresy i klasztor od wiek\u00f3w by\u0142y miejscem umacniaj\u0105cym wiar\u0119 i kszta\u0142tuj\u0105cym warto\u015bci. Miejscem, kt\u00f3rego nie waha\u0142a si\u0119 broni\u0107. Cz\u0142owiek \u017cyje ci\u0105g\u0142o\u015bci\u0105 dziej\u00f3w. Jest to istotny element wychowawczy, a zarazem bodziec tw\u00f3rczy. Proces ten odnosi si\u0119 r\u00f3wnie\u017c [&hellip;]<\/p>","protected":false},"author":21,"featured_media":19999,"comment_status":"open","ping_status":"open","sticky":false,"template":"","format":"standard","meta":{"ngg_post_thumbnail":0,"footnotes":""},"categories":[49,77,3],"tags":[],"class_list":["post-19996","post","type-post","status-publish","format-standard","has-post-thumbnail","hentry","category-podkarpacie","category-wazne-daty","category-wydarzenia"],"yoast_head":"<!-- This site is optimized with the Yoast SEO plugin v24.7 - https:\/\/yoast.com\/wordpress\/plugins\/seo\/ -->\n<title>400 lat karmelit\u00f3w bosych w Przemy\u015blu &#8211; Marek Kuchci\u0144ski<\/title>\n<meta name=\"robots\" content=\"index, follow, max-snippet:-1, max-image-preview:large, max-video-preview:-1\" \/>\n<link rel=\"canonical\" href=\"https:\/\/marekkuchcinski.pl\/sk\/wydarzenia\/400-lat-karmelitow-bosych-w-przemyslu\/\" \/>\n<meta property=\"og:locale\" content=\"sk_SK\" \/>\n<meta property=\"og:type\" content=\"article\" \/>\n<meta property=\"og:title\" content=\"400 lat karmelit\u00f3w bosych w Przemy\u015blu &#8211; Marek Kuchci\u0144ski\" \/>\n<meta property=\"og:description\" content=\"15 pa\u017adziernika w ko\u015bciele karmelit\u00f3w bosych w Przemy\u015blu odprawiono msz\u0119 jubileuszow\u0105 z okazji 400-lecia \u015bwi\u0105tyni. Dla przemyskiej spo\u0142eczno\u015bci Ko\u015bci\u00f3\u0142&nbsp;pw. \u015bw.&nbsp;Teresy i klasztor od wiek\u00f3w by\u0142y miejscem umacniaj\u0105cym wiar\u0119 i kszta\u0142tuj\u0105cym warto\u015bci. Miejscem, kt\u00f3rego nie waha\u0142a si\u0119 broni\u0107. Cz\u0142owiek \u017cyje ci\u0105g\u0142o\u015bci\u0105 dziej\u00f3w. Jest to istotny element wychowawczy, a zarazem bodziec tw\u00f3rczy. Proces ten odnosi si\u0119 r\u00f3wnie\u017c [&hellip;]\" \/>\n<meta property=\"og:url\" content=\"https:\/\/marekkuchcinski.pl\/sk\/wydarzenia\/400-lat-karmelitow-bosych-w-przemyslu\/\" \/>\n<meta property=\"og:site_name\" content=\"Marek Kuchci\u0144ski\" \/>\n<meta property=\"article:published_time\" content=\"2020-10-17T12:12:31+00:00\" \/>\n<meta property=\"article:modified_time\" content=\"2020-10-18T11:16:51+00:00\" \/>\n<meta property=\"og:image\" content=\"https:\/\/marekkuchcinski.pl\/wp-content\/uploads\/2020\/10\/EkdaOtgX0AIe_we.jpg\" \/>\n\t<meta property=\"og:image:width\" content=\"2048\" \/>\n\t<meta property=\"og:image:height\" content=\"1440\" \/>\n\t<meta property=\"og:image:type\" content=\"image\/jpeg\" \/>\n<meta name=\"author\" content=\"Marta Olejnik\" \/>\n<meta name=\"twitter:card\" content=\"summary_large_image\" \/>\n<meta name=\"twitter:label1\" content=\"Autor\" \/>\n\t<meta name=\"twitter:data1\" content=\"Marta Olejnik\" \/>\n\t<meta name=\"twitter:label2\" content=\"Predpokladan\u00fd \u010das \u010d\u00edtania\" \/>\n\t<meta name=\"twitter:data2\" content=\"1 min\u00fata\" \/>\n<script type=\"application\/ld+json\" class=\"yoast-schema-graph\">{\"@context\":\"https:\/\/schema.org\",\"@graph\":[{\"@type\":\"Article\",\"@id\":\"https:\/\/marekkuchcinski.pl\/sk\/wydarzenia\/400-lat-karmelitow-bosych-w-przemyslu\/#article\",\"isPartOf\":{\"@id\":\"https:\/\/marekkuchcinski.pl\/sk\/wydarzenia\/400-lat-karmelitow-bosych-w-przemyslu\/\"},\"author\":{\"name\":\"Marta Olejnik\",\"@id\":\"https:\/\/marekkuchcinski.pl\/#\/schema\/person\/51d5d4ee3b5317b8e4dd2b48af359229\"},\"headline\":\"400 lat karmelit\u00f3w bosych w Przemy\u015blu\",\"datePublished\":\"2020-10-17T12:12:31+00:00\",\"dateModified\":\"2020-10-18T11:16:51+00:00\",\"mainEntityOfPage\":{\"@id\":\"https:\/\/marekkuchcinski.pl\/sk\/wydarzenia\/400-lat-karmelitow-bosych-w-przemyslu\/\"},\"wordCount\":181,\"commentCount\":0,\"publisher\":{\"@id\":\"https:\/\/marekkuchcinski.pl\/#organization\"},\"image\":{\"@id\":\"https:\/\/marekkuchcinski.pl\/sk\/wydarzenia\/400-lat-karmelitow-bosych-w-przemyslu\/#primaryimage\"},\"thumbnailUrl\":\"https:\/\/marekkuchcinski.pl\/wp-content\/uploads\/2020\/10\/EkdaOtgX0AIe_we.jpg\",\"articleSection\":[\"Podkarpacie\",\"Wa\u017cne daty\",\"Wydarzenia\"],\"inLanguage\":\"sk-SK\",\"potentialAction\":[{\"@type\":\"CommentAction\",\"name\":\"Comment\",\"target\":[\"https:\/\/marekkuchcinski.pl\/sk\/wydarzenia\/400-lat-karmelitow-bosych-w-przemyslu\/#respond\"]}]},{\"@type\":\"WebPage\",\"@id\":\"https:\/\/marekkuchcinski.pl\/sk\/wydarzenia\/400-lat-karmelitow-bosych-w-przemyslu\/\",\"url\":\"https:\/\/marekkuchcinski.pl\/sk\/wydarzenia\/400-lat-karmelitow-bosych-w-przemyslu\/\",\"name\":\"400 lat karmelit\u00f3w bosych w Przemy\u015blu &#8211; Marek Kuchci\u0144ski\",\"isPartOf\":{\"@id\":\"https:\/\/marekkuchcinski.pl\/#website\"},\"primaryImageOfPage\":{\"@id\":\"https:\/\/marekkuchcinski.pl\/sk\/wydarzenia\/400-lat-karmelitow-bosych-w-przemyslu\/#primaryimage\"},\"image\":{\"@id\":\"https:\/\/marekkuchcinski.pl\/sk\/wydarzenia\/400-lat-karmelitow-bosych-w-przemyslu\/#primaryimage\"},\"thumbnailUrl\":\"https:\/\/marekkuchcinski.pl\/wp-content\/uploads\/2020\/10\/EkdaOtgX0AIe_we.jpg\",\"datePublished\":\"2020-10-17T12:12:31+00:00\",\"dateModified\":\"2020-10-18T11:16:51+00:00\",\"breadcrumb\":{\"@id\":\"https:\/\/marekkuchcinski.pl\/sk\/wydarzenia\/400-lat-karmelitow-bosych-w-przemyslu\/#breadcrumb\"},\"inLanguage\":\"sk-SK\",\"potentialAction\":[{\"@type\":\"ReadAction\",\"target\":[\"https:\/\/marekkuchcinski.pl\/sk\/wydarzenia\/400-lat-karmelitow-bosych-w-przemyslu\/\"]}]},{\"@type\":\"ImageObject\",\"inLanguage\":\"sk-SK\",\"@id\":\"https:\/\/marekkuchcinski.pl\/sk\/wydarzenia\/400-lat-karmelitow-bosych-w-przemyslu\/#primaryimage\",\"url\":\"https:\/\/marekkuchcinski.pl\/wp-content\/uploads\/2020\/10\/EkdaOtgX0AIe_we.jpg\",\"contentUrl\":\"https:\/\/marekkuchcinski.pl\/wp-content\/uploads\/2020\/10\/EkdaOtgX0AIe_we.jpg\",\"width\":2048,\"height\":1440},{\"@type\":\"BreadcrumbList\",\"@id\":\"https:\/\/marekkuchcinski.pl\/sk\/wydarzenia\/400-lat-karmelitow-bosych-w-przemyslu\/#breadcrumb\",\"itemListElement\":[{\"@type\":\"ListItem\",\"position\":1,\"name\":\"Strona g\u0142\u00f3wna\",\"item\":\"https:\/\/marekkuchcinski.pl\/\"},{\"@type\":\"ListItem\",\"position\":2,\"name\":\"400 lat karmelit\u00f3w bosych w Przemy\u015blu\"}]},{\"@type\":\"WebSite\",\"@id\":\"https:\/\/marekkuchcinski.pl\/#website\",\"url\":\"https:\/\/marekkuchcinski.pl\/\",\"name\":\"Marek Kuchci\u0144ski\",\"description\":\"Pose\u0142 na sejm RP &ndash; okr\u0119g nr 22\",\"publisher\":{\"@id\":\"https:\/\/marekkuchcinski.pl\/#organization\"},\"potentialAction\":[{\"@type\":\"SearchAction\",\"target\":{\"@type\":\"EntryPoint\",\"urlTemplate\":\"https:\/\/marekkuchcinski.pl\/?s={search_term_string}\"},\"query-input\":{\"@type\":\"PropertyValueSpecification\",\"valueRequired\":true,\"valueName\":\"search_term_string\"}}],\"inLanguage\":\"sk-SK\"},{\"@type\":\"Organization\",\"@id\":\"https:\/\/marekkuchcinski.pl\/#organization\",\"name\":\"Marek Kuchci\u0144ski\",\"url\":\"https:\/\/marekkuchcinski.pl\/\",\"logo\":{\"@type\":\"ImageObject\",\"inLanguage\":\"sk-SK\",\"@id\":\"https:\/\/marekkuchcinski.pl\/#\/schema\/logo\/image\/\",\"url\":\"https:\/\/marekkuchcinski.pl\/wp-content\/uploads\/2022\/09\/Marek.jpg\",\"contentUrl\":\"https:\/\/marekkuchcinski.pl\/wp-content\/uploads\/2022\/09\/Marek.jpg\",\"width\":1600,\"height\":971,\"caption\":\"Marek Kuchci\u0144ski\"},\"image\":{\"@id\":\"https:\/\/marekkuchcinski.pl\/#\/schema\/logo\/image\/\"}},{\"@type\":\"Person\",\"@id\":\"https:\/\/marekkuchcinski.pl\/#\/schema\/person\/51d5d4ee3b5317b8e4dd2b48af359229\",\"name\":\"Marta Olejnik\",\"image\":{\"@type\":\"ImageObject\",\"inLanguage\":\"sk-SK\",\"@id\":\"https:\/\/marekkuchcinski.pl\/#\/schema\/person\/image\/\",\"url\":\"https:\/\/secure.gravatar.com\/avatar\/e39914b2aa6a48959e24d475b5dc9793?s=96&d=mm&r=g\",\"contentUrl\":\"https:\/\/secure.gravatar.com\/avatar\/e39914b2aa6a48959e24d475b5dc9793?s=96&d=mm&r=g\",\"caption\":\"Marta Olejnik\"},\"url\":\"https:\/\/marekkuchcinski.pl\/sk\/author\/marta\/\"}]}<\/script>\n<!-- \/ Yoast SEO plugin. -->","yoast_head_json":{"title":"400 lat karmelit\u00f3w bosych w Przemy\u015blu &#8211; Marek Kuchci\u0144ski","robots":{"index":"index","follow":"follow","max-snippet":"max-snippet:-1","max-image-preview":"max-image-preview:large","max-video-preview":"max-video-preview:-1"},"canonical":"https:\/\/marekkuchcinski.pl\/sk\/wydarzenia\/400-lat-karmelitow-bosych-w-przemyslu\/","og_locale":"sk_SK","og_type":"article","og_title":"400 lat karmelit\u00f3w bosych w Przemy\u015blu &#8211; Marek Kuchci\u0144ski","og_description":"15 pa\u017adziernika w ko\u015bciele karmelit\u00f3w bosych w Przemy\u015blu odprawiono msz\u0119 jubileuszow\u0105 z okazji 400-lecia \u015bwi\u0105tyni. Dla przemyskiej spo\u0142eczno\u015bci Ko\u015bci\u00f3\u0142&nbsp;pw. \u015bw.&nbsp;Teresy i klasztor od wiek\u00f3w by\u0142y miejscem umacniaj\u0105cym wiar\u0119 i kszta\u0142tuj\u0105cym warto\u015bci. Miejscem, kt\u00f3rego nie waha\u0142a si\u0119 broni\u0107. Cz\u0142owiek \u017cyje ci\u0105g\u0142o\u015bci\u0105 dziej\u00f3w. Jest to istotny element wychowawczy, a zarazem bodziec tw\u00f3rczy. Proces ten odnosi si\u0119 r\u00f3wnie\u017c [&hellip;]","og_url":"https:\/\/marekkuchcinski.pl\/sk\/wydarzenia\/400-lat-karmelitow-bosych-w-przemyslu\/","og_site_name":"Marek Kuchci\u0144ski","article_published_time":"2020-10-17T12:12:31+00:00","article_modified_time":"2020-10-18T11:16:51+00:00","og_image":[{"width":2048,"height":1440,"url":"https:\/\/marekkuchcinski.pl\/wp-content\/uploads\/2020\/10\/EkdaOtgX0AIe_we.jpg","type":"image\/jpeg"}],"author":"Marta Olejnik","twitter_card":"summary_large_image","twitter_misc":{"Autor":"Marta Olejnik","Predpokladan\u00fd \u010das \u010d\u00edtania":"1 min\u00fata"},"schema":{"@context":"https:\/\/schema.org","@graph":[{"@type":"Article","@id":"https:\/\/marekkuchcinski.pl\/sk\/wydarzenia\/400-lat-karmelitow-bosych-w-przemyslu\/#article","isPartOf":{"@id":"https:\/\/marekkuchcinski.pl\/sk\/wydarzenia\/400-lat-karmelitow-bosych-w-przemyslu\/"},"author":{"name":"Marta Olejnik","@id":"https:\/\/marekkuchcinski.pl\/#\/schema\/person\/51d5d4ee3b5317b8e4dd2b48af359229"},"headline":"400 lat karmelit\u00f3w bosych w Przemy\u015blu","datePublished":"2020-10-17T12:12:31+00:00","dateModified":"2020-10-18T11:16:51+00:00","mainEntityOfPage":{"@id":"https:\/\/marekkuchcinski.pl\/sk\/wydarzenia\/400-lat-karmelitow-bosych-w-przemyslu\/"},"wordCount":181,"commentCount":0,"publisher":{"@id":"https:\/\/marekkuchcinski.pl\/#organization"},"image":{"@id":"https:\/\/marekkuchcinski.pl\/sk\/wydarzenia\/400-lat-karmelitow-bosych-w-przemyslu\/#primaryimage"},"thumbnailUrl":"https:\/\/marekkuchcinski.pl\/wp-content\/uploads\/2020\/10\/EkdaOtgX0AIe_we.jpg","articleSection":["Podkarpacie","Wa\u017cne daty","Wydarzenia"],"inLanguage":"sk-SK","potentialAction":[{"@type":"CommentAction","name":"Comment","target":["https:\/\/marekkuchcinski.pl\/sk\/wydarzenia\/400-lat-karmelitow-bosych-w-przemyslu\/#respond"]}]},{"@type":"WebPage","@id":"https:\/\/marekkuchcinski.pl\/sk\/wydarzenia\/400-lat-karmelitow-bosych-w-przemyslu\/","url":"https:\/\/marekkuchcinski.pl\/sk\/wydarzenia\/400-lat-karmelitow-bosych-w-przemyslu\/","name":"400 lat karmelit\u00f3w bosych w Przemy\u015blu &#8211; Marek Kuchci\u0144ski","isPartOf":{"@id":"https:\/\/marekkuchcinski.pl\/#website"},"primaryImageOfPage":{"@id":"https:\/\/marekkuchcinski.pl\/sk\/wydarzenia\/400-lat-karmelitow-bosych-w-przemyslu\/#primaryimage"},"image":{"@id":"https:\/\/marekkuchcinski.pl\/sk\/wydarzenia\/400-lat-karmelitow-bosych-w-przemyslu\/#primaryimage"},"thumbnailUrl":"https:\/\/marekkuchcinski.pl\/wp-content\/uploads\/2020\/10\/EkdaOtgX0AIe_we.jpg","datePublished":"2020-10-17T12:12:31+00:00","dateModified":"2020-10-18T11:16:51+00:00","breadcrumb":{"@id":"https:\/\/marekkuchcinski.pl\/sk\/wydarzenia\/400-lat-karmelitow-bosych-w-przemyslu\/#breadcrumb"},"inLanguage":"sk-SK","potentialAction":[{"@type":"ReadAction","target":["https:\/\/marekkuchcinski.pl\/sk\/wydarzenia\/400-lat-karmelitow-bosych-w-przemyslu\/"]}]},{"@type":"ImageObject","inLanguage":"sk-SK","@id":"https:\/\/marekkuchcinski.pl\/sk\/wydarzenia\/400-lat-karmelitow-bosych-w-przemyslu\/#primaryimage","url":"https:\/\/marekkuchcinski.pl\/wp-content\/uploads\/2020\/10\/EkdaOtgX0AIe_we.jpg","contentUrl":"https:\/\/marekkuchcinski.pl\/wp-content\/uploads\/2020\/10\/EkdaOtgX0AIe_we.jpg","width":2048,"height":1440},{"@type":"BreadcrumbList","@id":"https:\/\/marekkuchcinski.pl\/sk\/wydarzenia\/400-lat-karmelitow-bosych-w-przemyslu\/#breadcrumb","itemListElement":[{"@type":"ListItem","position":1,"name":"Strona g\u0142\u00f3wna","item":"https:\/\/marekkuchcinski.pl\/"},{"@type":"ListItem","position":2,"name":"400 lat karmelit\u00f3w bosych w Przemy\u015blu"}]},{"@type":"WebSite","@id":"https:\/\/marekkuchcinski.pl\/#website","url":"https:\/\/marekkuchcinski.pl\/","name":"Marek Kuchci\u0144ski","description":"Pose\u0142 na sejm RP &ndash; okr\u0119g nr 22","publisher":{"@id":"https:\/\/marekkuchcinski.pl\/#organization"},"potentialAction":[{"@type":"SearchAction","target":{"@type":"EntryPoint","urlTemplate":"https:\/\/marekkuchcinski.pl\/?s={search_term_string}"},"query-input":{"@type":"PropertyValueSpecification","valueRequired":true,"valueName":"search_term_string"}}],"inLanguage":"sk-SK"},{"@type":"Organization","@id":"https:\/\/marekkuchcinski.pl\/#organization","name":"Marek Kuchci\u0144ski","url":"https:\/\/marekkuchcinski.pl\/","logo":{"@type":"ImageObject","inLanguage":"sk-SK","@id":"https:\/\/marekkuchcinski.pl\/#\/schema\/logo\/image\/","url":"https:\/\/marekkuchcinski.pl\/wp-content\/uploads\/2022\/09\/Marek.jpg","contentUrl":"https:\/\/marekkuchcinski.pl\/wp-content\/uploads\/2022\/09\/Marek.jpg","width":1600,"height":971,"caption":"Marek Kuchci\u0144ski"},"image":{"@id":"https:\/\/marekkuchcinski.pl\/#\/schema\/logo\/image\/"}},{"@type":"Person","@id":"https:\/\/marekkuchcinski.pl\/#\/schema\/person\/51d5d4ee3b5317b8e4dd2b48af359229","name":"Marta Olejnik","image":{"@type":"ImageObject","inLanguage":"sk-SK","@id":"https:\/\/marekkuchcinski.pl\/#\/schema\/person\/image\/","url":"https:\/\/secure.gravatar.com\/avatar\/e39914b2aa6a48959e24d475b5dc9793?s=96&d=mm&r=g","contentUrl":"https:\/\/secure.gravatar.com\/avatar\/e39914b2aa6a48959e24d475b5dc9793?s=96&d=mm&r=g","caption":"Marta Olejnik"},"url":"https:\/\/marekkuchcinski.pl\/sk\/author\/marta\/"}]}},"_links":{"self":[{"href":"https:\/\/marekkuchcinski.pl\/sk\/wp-json\/wp\/v2\/posts\/19996","targetHints":{"allow":["GET"]}}],"collection":[{"href":"https:\/\/marekkuchcinski.pl\/sk\/wp-json\/wp\/v2\/posts"}],"about":[{"href":"https:\/\/marekkuchcinski.pl\/sk\/wp-json\/wp\/v2\/types\/post"}],"author":[{"embeddable":true,"href":"https:\/\/marekkuchcinski.pl\/sk\/wp-json\/wp\/v2\/users\/21"}],"replies":[{"embeddable":true,"href":"https:\/\/marekkuchcinski.pl\/sk\/wp-json\/wp\/v2\/comments?post=19996"}],"version-history":[{"count":9,"href":"https:\/\/marekkuchcinski.pl\/sk\/wp-json\/wp\/v2\/posts\/19996\/revisions"}],"predecessor-version":[{"id":20028,"href":"https:\/\/marekkuchcinski.pl\/sk\/wp-json\/wp\/v2\/posts\/19996\/revisions\/20028"}],"wp:featuredmedia":[{"embeddable":true,"href":"https:\/\/marekkuchcinski.pl\/sk\/wp-json\/wp\/v2\/media\/19999"}],"wp:attachment":[{"href":"https:\/\/marekkuchcinski.pl\/sk\/wp-json\/wp\/v2\/media?parent=19996"}],"wp:term":[{"taxonomy":"category","embeddable":true,"href":"https:\/\/marekkuchcinski.pl\/sk\/wp-json\/wp\/v2\/categories?post=19996"},{"taxonomy":"post_tag","embeddable":true,"href":"https:\/\/marekkuchcinski.pl\/sk\/wp-json\/wp\/v2\/tags?post=19996"}],"curies":[{"name":"wp","href":"https:\/\/api.w.org\/{rel}","templated":true}]}}