{"id":19968,"date":"2020-10-07T21:32:06","date_gmt":"2020-10-07T19:32:06","guid":{"rendered":"https:\/\/marekkuchcinski.pl\/?p=19968"},"modified":"2020-10-07T21:36:04","modified_gmt":"2020-10-07T19:36:04","slug":"telekonferencja-przewodniczacych-komisji-spraw-zagranicznych-grupy-wyszehradzkiej-oraz-panstw-baltyckich","status":"publish","type":"post","link":"https:\/\/marekkuchcinski.pl\/sk\/wydarzenia\/telekonferencja-przewodniczacych-komisji-spraw-zagranicznych-grupy-wyszehradzkiej-oraz-panstw-baltyckich\/","title":{"rendered":"Telekonferencia predsedov v\u00fdborov pre zahrani\u010dn\u00e9 veci Vy\u0161ehradskej skupiny a pobaltsk\u00fdch \u0161t\u00e1tov"},"content":{"rendered":"<p>Hlavnou t\u00e9mou stretnutia, ktor\u00e9 sa uskuto\u010dnilo 6. okt\u00f3bra v online form\u00e1te, bolo vytvorenie nov\u00e9ho form\u00e1tu spolupr\u00e1ce medzi predsedami v\u00fdborov pre zahrani\u010dn\u00e9 veci pobaltskej trojky (B3) a Vy\u0161ehradskej skupiny (V4). Jej \u00fa\u010dastn\u00edci zd\u00f4raznili spolo\u010dn\u00e9 kult\u00farne, historick\u00e9, hospod\u00e1rske a politick\u00e9 v\u00e4zby, ktor\u00e9 s\u00fa prirodzen\u00fdm z\u00e1kladom spolupr\u00e1ce v tejto \u010dasti Eur\u00f3py.<\/p>\n\n\n\n<p>Zasadnutie otvorili: Rihard Kols, predseda zahrani\u010dn\u00e9ho v\u00fdboru Saeimy Loty\u0161skej republiky, a Marek Kuchci\u0144ski, predseda zahrani\u010dn\u00e9ho v\u00fdboru po\u013esk\u00e9ho Sejmu. \u00da\u010dastn\u00edkov priv\u00edtali aj In\u00e2ra M\u0171rniece, predsedn\u00ed\u010dka Saeimy Loty\u0161skej republiky, a Henn P\u0151lluaas, predseda Riigikogu (est\u00f3nskeho parlamentu).<\/p>\n\n\n\n<p>Prv\u00e1 \u010das\u0165 stretnutia bola venovan\u00e1 definovaniu nov\u00e9ho form\u00e1tu spolupr\u00e1ce, stanoveniu najd\u00f4le\u017eitej\u0161\u00edch spolo\u010dn\u00fdch tematick\u00fdch oblast\u00ed a diskusii o s\u00fa\u010dasnej situ\u00e1cii v regi\u00f3ne. \u00da\u010dastn\u00edci sa zhodli, \u017ee osou spolupr\u00e1ce by mali by\u0165 ot\u00e1zky region\u00e1lnej bezpe\u010dnosti, transatlantickej spolupr\u00e1ce, rozvoja infra\u0161trukt\u00fary a \u00fasilia o zv\u00fd\u0161enie invest\u00edci\u00ed v tejto \u010dasti kontinentu. Medzi najv\u00e4\u010d\u0161ie v\u00fdzvy, ktor\u00e9 si vy\u017eaduj\u00fa spolo\u010dn\u00fa reakciu, patrili tieto&nbsp;<a href=\"http:\/\/m.in\/\">okrem in\u00e9ho<\/a>Zoznam aktu\u00e1lnych t\u00e9m zah\u0155\u0148a agres\u00edvnu politiku Ruskej feder\u00e1cie a sprievodn\u00e9 konflikty, situ\u00e1ciu v Bielorusku a opatrenia prijat\u00e9 na podporu ob\u010dianskych slob\u00f4d a slob\u00f4d v tejto krajine, eur\u00f3psku migra\u010dn\u00fa politiku alebo anga\u017eovanos\u0165 \u010c\u00edny v regi\u00f3ne v s\u00favislosti s kritickou infra\u0161trukt\u00farou. Do zoznamu aktu\u00e1lnych t\u00e9m je zaraden\u00e1 aj pand\u00e9mia COVID 19 a jej vplyv na hospod\u00e1rstvo.<\/p>\n\n\n\n<p>Druh\u00e1 \u010das\u0165 diskusie sa t\u00fdkala bud\u00facnosti Eur\u00f3py. \u00da\u010dastn\u00edci diskusie pouk\u00e1zali na v\u00e4zby, ktor\u00e9 ich sp\u00e1jaj\u00fa, a na hodnoty, ktor\u00e9 vyzn\u00e1vaj\u00fa a zdie\u013eaj\u00fa, ako na z\u00e1klad spolupr\u00e1ce a d\u00f4very. Medzi najd\u00f4le\u017eitej\u0161ie ot\u00e1zky patrili&nbsp;<a href=\"http:\/\/m.in\/\">okrem in\u00e9ho<\/a>Medzi priority patria: spolo\u010dn\u00fd postoj k ruskej agresii a projektom, ako je Nord Stream II, stanovenie poz\u00edcie k politike v oblasti kl\u00edmy, snaha o udr\u017eanie siln\u00fdch transatlantick\u00fdch v\u00e4zieb a rozvoj prepojen\u00ed v oblasti infra\u0161trukt\u00fary, energetiky a digit\u00e1lnych technol\u00f3gi\u00ed. Za jednu z prior\u00edt bola ozna\u010den\u00e1 aj stabilita a hospod\u00e1rsky rozvoj regi\u00f3nu, \u010do znamen\u00e1 invest\u00edcie do inovat\u00edvnych podnikate\u013esk\u00fdch projektov.<\/p>\n\n\n\n<p>Samostatn\u00e9 miesto v diskusii si na\u0161la ot\u00e1zka parlamentnej diplomacie a jej mo\u017enost\u00ed a v\u00fdznamu pre budovanie medzin\u00e1rodn\u00fdch vz\u0165ahov. Bolo kon\u0161tatovan\u00e9, \u017ee jej \u00faloha v regi\u00f3ne v posledn\u00fdch rokoch neust\u00e1le rastie a dosahuje \u00farove\u0148 akceptovan\u00fa v celom demokratickom svete. Zaznela aj t\u00e9za, \u017ee parlamentn\u00e1 diplomacia zohr\u00e1va osobitn\u00fa \u00falohu pri vytv\u00e1ran\u00ed a ovplyv\u0148ovan\u00ed verejnej mienky. Pouk\u00e1zalo sa aj na mo\u017enos\u0165 prijatia spolo\u010dn\u00fdch iniciat\u00edv na parlamentnej \u00farovni.<\/p>\n\n\n\n<p>V z\u00e1vere diskusie \u00fa\u010dastn\u00edci zd\u00f4raznili ve\u013emi podobn\u00e9 hodnotenie medzin\u00e1rodnej situ\u00e1cie, identifik\u00e1ciu podobn\u00fdch v\u00fdziev a hrozieb a mno\u017estvo t\u00e9m pre bud\u00face stretnutia. Prijali tie\u017e my\u0161lienku zavies\u0165 cyklick\u00e9 zasadnutia v navrhovanom form\u00e1te, ktor\u00e9 by sa konali dvakr\u00e1t ro\u010dne. Dohodlo sa, \u017ee \u010fal\u0161ie stretnutie zorganizuje po\u013esk\u00e1 strana vo febru\u00e1ri 2021 v s\u00favislosti s 30. v\u00fdro\u010d\u00edm Vy\u0161ehradskej skupiny.<\/p>\n\n\n\n<p>\u00da\u010dastn\u00edkmi prv\u00e9ho stretnutia predsedov v\u00fdborov pre zahrani\u010dn\u00e9 veci vo form\u00e1te B3 + V4 boli: Ond\u0159ej Vesel\u00fd a Pavel Fischer - \u010cesk\u00e1 republika, Enn Eesmaa - Est\u00f3nsko, Zsolt N\u00e9meth - Ma\u010farsko, Rihards Kols - Loty\u0161sko, Marek Kuchci\u0144ski a Bogdan Klich - Po\u013esko, Juraj Blan\u00e1r - Slovensko, ako aj Zbigniew Rau - minister zahrani\u010dn\u00fdch vec\u00ed Po\u013eska a Edgars Rink\u0113vi\u010ds - minister zahrani\u010dn\u00fdch vec\u00ed Loty\u0161ska.<\/p>\n\n\n\n<p><em>Text CIS<\/em><\/p>\n\n\n\n<p><em>Foto: Aleksander Zielinski<\/em><\/p>\n\n\n\n<figure class=\"wp-block-image size-large\"><img fetchpriority=\"high\" decoding=\"async\" width=\"800\" height=\"533\" src=\"https:\/\/marekkuchcinski.pl\/wp-content\/uploads\/2020\/10\/AZZ_0686.view_-1.jpg\" alt=\"\" class=\"wp-image-19971\" srcset=\"https:\/\/marekkuchcinski.pl\/wp-content\/uploads\/2020\/10\/AZZ_0686.view_-1.jpg 800w, https:\/\/marekkuchcinski.pl\/wp-content\/uploads\/2020\/10\/AZZ_0686.view_-1-300x200.jpg 300w, https:\/\/marekkuchcinski.pl\/wp-content\/uploads\/2020\/10\/AZZ_0686.view_-1-768x512.jpg 768w\" sizes=\"(max-width: 800px) 100vw, 800px\" \/><\/figure>\n\n\n\n<figure class=\"wp-block-image size-large\"><img decoding=\"async\" width=\"1024\" height=\"683\" src=\"https:\/\/marekkuchcinski.pl\/wp-content\/uploads\/2020\/10\/AZZ_0695-1024x683.jpg\" alt=\"\" class=\"wp-image-19972\" srcset=\"https:\/\/marekkuchcinski.pl\/wp-content\/uploads\/2020\/10\/AZZ_0695-1024x683.jpg 1024w, https:\/\/marekkuchcinski.pl\/wp-content\/uploads\/2020\/10\/AZZ_0695-300x200.jpg 300w, https:\/\/marekkuchcinski.pl\/wp-content\/uploads\/2020\/10\/AZZ_0695-768x512.jpg 768w, https:\/\/marekkuchcinski.pl\/wp-content\/uploads\/2020\/10\/AZZ_0695-1536x1024.jpg 1536w, https:\/\/marekkuchcinski.pl\/wp-content\/uploads\/2020\/10\/AZZ_0695-scaled.jpg 2048w\" sizes=\"(max-width: 1024px) 100vw, 1024px\" \/><\/figure>","protected":false},"excerpt":{"rendered":"<p>Ustanowienie nowego formatu wsp\u00f3\u0142pracy Przewodnicz\u0105cych Komisji Spraw Zagranicznych kraj\u00f3w Tr\u00f3jki Ba\u0142tyckiej (B3) oraz Grupy Wyszehradzkiej (V4) stanowi\u0142o g\u0142\u00f3wne zagadnienie spotkania, kt\u00f3re odby\u0142o si\u0119 6 pa\u017adziernika w formule on-line. Jego uczestnicy podkre\u015blali wsp\u00f3lne wi\u0119zi kulturowe, historyczne, gospodarcze i polityczne, stanowi\u0105ce naturalny fundament wsp\u00f3\u0142pracy w tej cz\u0119\u015bci Europy. Sesj\u0119 otworzyli: Rihard Kols, przewodnicz\u0105cy Komisji Spraw Zagranicznych Saeima [&hellip;]<\/p>","protected":false},"author":21,"featured_media":19970,"comment_status":"closed","ping_status":"open","sticky":false,"template":"","format":"standard","meta":{"ngg_post_thumbnail":0,"footnotes":""},"categories":[81,50,3],"tags":[],"class_list":["post-19968","post","type-post","status-publish","format-standard","has-post-thumbnail","hentry","category-wiesci-z-sejmu","category-wspolpraca-miedzynarodowa","category-wydarzenia"],"yoast_head":"<!-- This site is optimized with the Yoast SEO plugin v24.7 - https:\/\/yoast.com\/wordpress\/plugins\/seo\/ -->\n<title>Telekonferencja Przewodnicz\u0105cych Komisji Spraw Zagranicznych Grupy Wyszehradzkiej oraz pa\u0144stw ba\u0142tyckich &#8211; Marek Kuchci\u0144ski<\/title>\n<meta name=\"robots\" content=\"index, follow, max-snippet:-1, max-image-preview:large, max-video-preview:-1\" \/>\n<link rel=\"canonical\" href=\"https:\/\/marekkuchcinski.pl\/sk\/wydarzenia\/telekonferencja-przewodniczacych-komisji-spraw-zagranicznych-grupy-wyszehradzkiej-oraz-panstw-baltyckich\/\" \/>\n<meta property=\"og:locale\" content=\"sk_SK\" \/>\n<meta property=\"og:type\" content=\"article\" \/>\n<meta property=\"og:title\" content=\"Telekonferencja Przewodnicz\u0105cych Komisji Spraw Zagranicznych Grupy Wyszehradzkiej oraz pa\u0144stw ba\u0142tyckich &#8211; Marek Kuchci\u0144ski\" \/>\n<meta property=\"og:description\" content=\"Ustanowienie nowego formatu wsp\u00f3\u0142pracy Przewodnicz\u0105cych Komisji Spraw Zagranicznych kraj\u00f3w Tr\u00f3jki Ba\u0142tyckiej (B3) oraz Grupy Wyszehradzkiej (V4) stanowi\u0142o g\u0142\u00f3wne zagadnienie spotkania, kt\u00f3re odby\u0142o si\u0119 6 pa\u017adziernika w formule on-line. Jego uczestnicy podkre\u015blali wsp\u00f3lne wi\u0119zi kulturowe, historyczne, gospodarcze i polityczne, stanowi\u0105ce naturalny fundament wsp\u00f3\u0142pracy w tej cz\u0119\u015bci Europy. Sesj\u0119 otworzyli: Rihard Kols, przewodnicz\u0105cy Komisji Spraw Zagranicznych Saeima [&hellip;]\" \/>\n<meta property=\"og:url\" content=\"https:\/\/marekkuchcinski.pl\/sk\/wydarzenia\/telekonferencja-przewodniczacych-komisji-spraw-zagranicznych-grupy-wyszehradzkiej-oraz-panstw-baltyckich\/\" \/>\n<meta property=\"og:site_name\" content=\"Marek Kuchci\u0144ski\" \/>\n<meta property=\"article:published_time\" content=\"2020-10-07T19:32:06+00:00\" \/>\n<meta property=\"article:modified_time\" content=\"2020-10-07T19:36:04+00:00\" \/>\n<meta property=\"og:image\" content=\"https:\/\/marekkuchcinski.pl\/wp-content\/uploads\/2020\/10\/AZZ_0686.view_.jpg\" \/>\n\t<meta property=\"og:image:width\" content=\"800\" \/>\n\t<meta property=\"og:image:height\" content=\"533\" \/>\n\t<meta property=\"og:image:type\" content=\"image\/jpeg\" \/>\n<meta name=\"author\" content=\"Marta Olejnik\" \/>\n<meta name=\"twitter:card\" content=\"summary_large_image\" \/>\n<meta name=\"twitter:label1\" content=\"Autor\" \/>\n\t<meta name=\"twitter:data1\" content=\"Marta Olejnik\" \/>\n\t<meta name=\"twitter:label2\" content=\"Predpokladan\u00fd \u010das \u010d\u00edtania\" \/>\n\t<meta name=\"twitter:data2\" content=\"3 min\u00faty\" \/>\n<script type=\"application\/ld+json\" class=\"yoast-schema-graph\">{\"@context\":\"https:\/\/schema.org\",\"@graph\":[{\"@type\":\"Article\",\"@id\":\"https:\/\/marekkuchcinski.pl\/en\/wydarzenia\/telekonferencja-przewodniczacych-komisji-spraw-zagranicznych-grupy-wyszehradzkiej-oraz-panstw-baltyckich\/#article\",\"isPartOf\":{\"@id\":\"https:\/\/marekkuchcinski.pl\/en\/wydarzenia\/telekonferencja-przewodniczacych-komisji-spraw-zagranicznych-grupy-wyszehradzkiej-oraz-panstw-baltyckich\/\"},\"author\":{\"name\":\"Marta Olejnik\",\"@id\":\"https:\/\/marekkuchcinski.pl\/#\/schema\/person\/51d5d4ee3b5317b8e4dd2b48af359229\"},\"headline\":\"Telekonferencja Przewodnicz\u0105cych Komisji Spraw Zagranicznych Grupy Wyszehradzkiej oraz pa\u0144stw ba\u0142tyckich\",\"datePublished\":\"2020-10-07T19:32:06+00:00\",\"dateModified\":\"2020-10-07T19:36:04+00:00\",\"mainEntityOfPage\":{\"@id\":\"https:\/\/marekkuchcinski.pl\/en\/wydarzenia\/telekonferencja-przewodniczacych-komisji-spraw-zagranicznych-grupy-wyszehradzkiej-oraz-panstw-baltyckich\/\"},\"wordCount\":569,\"publisher\":{\"@id\":\"https:\/\/marekkuchcinski.pl\/#organization\"},\"image\":{\"@id\":\"https:\/\/marekkuchcinski.pl\/en\/wydarzenia\/telekonferencja-przewodniczacych-komisji-spraw-zagranicznych-grupy-wyszehradzkiej-oraz-panstw-baltyckich\/#primaryimage\"},\"thumbnailUrl\":\"https:\/\/marekkuchcinski.pl\/wp-content\/uploads\/2020\/10\/AZZ_0686.view_.jpg\",\"articleSection\":[\"Wie\u015bci z Sejmu\",\"Wsp\u00f3\u0142praca mi\u0119dzynarodowa\",\"Wydarzenia\"],\"inLanguage\":\"sk-SK\"},{\"@type\":\"WebPage\",\"@id\":\"https:\/\/marekkuchcinski.pl\/en\/wydarzenia\/telekonferencja-przewodniczacych-komisji-spraw-zagranicznych-grupy-wyszehradzkiej-oraz-panstw-baltyckich\/\",\"url\":\"https:\/\/marekkuchcinski.pl\/en\/wydarzenia\/telekonferencja-przewodniczacych-komisji-spraw-zagranicznych-grupy-wyszehradzkiej-oraz-panstw-baltyckich\/\",\"name\":\"Telekonferencja Przewodnicz\u0105cych Komisji Spraw Zagranicznych Grupy Wyszehradzkiej oraz pa\u0144stw ba\u0142tyckich &#8211; Marek Kuchci\u0144ski\",\"isPartOf\":{\"@id\":\"https:\/\/marekkuchcinski.pl\/#website\"},\"primaryImageOfPage\":{\"@id\":\"https:\/\/marekkuchcinski.pl\/en\/wydarzenia\/telekonferencja-przewodniczacych-komisji-spraw-zagranicznych-grupy-wyszehradzkiej-oraz-panstw-baltyckich\/#primaryimage\"},\"image\":{\"@id\":\"https:\/\/marekkuchcinski.pl\/en\/wydarzenia\/telekonferencja-przewodniczacych-komisji-spraw-zagranicznych-grupy-wyszehradzkiej-oraz-panstw-baltyckich\/#primaryimage\"},\"thumbnailUrl\":\"https:\/\/marekkuchcinski.pl\/wp-content\/uploads\/2020\/10\/AZZ_0686.view_.jpg\",\"datePublished\":\"2020-10-07T19:32:06+00:00\",\"dateModified\":\"2020-10-07T19:36:04+00:00\",\"breadcrumb\":{\"@id\":\"https:\/\/marekkuchcinski.pl\/en\/wydarzenia\/telekonferencja-przewodniczacych-komisji-spraw-zagranicznych-grupy-wyszehradzkiej-oraz-panstw-baltyckich\/#breadcrumb\"},\"inLanguage\":\"sk-SK\",\"potentialAction\":[{\"@type\":\"ReadAction\",\"target\":[\"https:\/\/marekkuchcinski.pl\/en\/wydarzenia\/telekonferencja-przewodniczacych-komisji-spraw-zagranicznych-grupy-wyszehradzkiej-oraz-panstw-baltyckich\/\"]}]},{\"@type\":\"ImageObject\",\"inLanguage\":\"sk-SK\",\"@id\":\"https:\/\/marekkuchcinski.pl\/en\/wydarzenia\/telekonferencja-przewodniczacych-komisji-spraw-zagranicznych-grupy-wyszehradzkiej-oraz-panstw-baltyckich\/#primaryimage\",\"url\":\"https:\/\/marekkuchcinski.pl\/wp-content\/uploads\/2020\/10\/AZZ_0686.view_.jpg\",\"contentUrl\":\"https:\/\/marekkuchcinski.pl\/wp-content\/uploads\/2020\/10\/AZZ_0686.view_.jpg\",\"width\":800,\"height\":533},{\"@type\":\"BreadcrumbList\",\"@id\":\"https:\/\/marekkuchcinski.pl\/en\/wydarzenia\/telekonferencja-przewodniczacych-komisji-spraw-zagranicznych-grupy-wyszehradzkiej-oraz-panstw-baltyckich\/#breadcrumb\",\"itemListElement\":[{\"@type\":\"ListItem\",\"position\":1,\"name\":\"Strona g\u0142\u00f3wna\",\"item\":\"https:\/\/marekkuchcinski.pl\/\"},{\"@type\":\"ListItem\",\"position\":2,\"name\":\"Telekonferencja Przewodnicz\u0105cych Komisji Spraw Zagranicznych Grupy Wyszehradzkiej oraz pa\u0144stw ba\u0142tyckich\"}]},{\"@type\":\"WebSite\",\"@id\":\"https:\/\/marekkuchcinski.pl\/#website\",\"url\":\"https:\/\/marekkuchcinski.pl\/\",\"name\":\"Marek Kuchci\u0144ski\",\"description\":\"Pose\u0142 na sejm RP &ndash; okr\u0119g nr 22\",\"publisher\":{\"@id\":\"https:\/\/marekkuchcinski.pl\/#organization\"},\"potentialAction\":[{\"@type\":\"SearchAction\",\"target\":{\"@type\":\"EntryPoint\",\"urlTemplate\":\"https:\/\/marekkuchcinski.pl\/?s={search_term_string}\"},\"query-input\":{\"@type\":\"PropertyValueSpecification\",\"valueRequired\":true,\"valueName\":\"search_term_string\"}}],\"inLanguage\":\"sk-SK\"},{\"@type\":\"Organization\",\"@id\":\"https:\/\/marekkuchcinski.pl\/#organization\",\"name\":\"Marek Kuchci\u0144ski\",\"url\":\"https:\/\/marekkuchcinski.pl\/\",\"logo\":{\"@type\":\"ImageObject\",\"inLanguage\":\"sk-SK\",\"@id\":\"https:\/\/marekkuchcinski.pl\/#\/schema\/logo\/image\/\",\"url\":\"https:\/\/marekkuchcinski.pl\/wp-content\/uploads\/2022\/09\/Marek.jpg\",\"contentUrl\":\"https:\/\/marekkuchcinski.pl\/wp-content\/uploads\/2022\/09\/Marek.jpg\",\"width\":1600,\"height\":971,\"caption\":\"Marek Kuchci\u0144ski\"},\"image\":{\"@id\":\"https:\/\/marekkuchcinski.pl\/#\/schema\/logo\/image\/\"}},{\"@type\":\"Person\",\"@id\":\"https:\/\/marekkuchcinski.pl\/#\/schema\/person\/51d5d4ee3b5317b8e4dd2b48af359229\",\"name\":\"Marta Olejnik\",\"image\":{\"@type\":\"ImageObject\",\"inLanguage\":\"sk-SK\",\"@id\":\"https:\/\/marekkuchcinski.pl\/#\/schema\/person\/image\/\",\"url\":\"https:\/\/secure.gravatar.com\/avatar\/e39914b2aa6a48959e24d475b5dc9793?s=96&d=mm&r=g\",\"contentUrl\":\"https:\/\/secure.gravatar.com\/avatar\/e39914b2aa6a48959e24d475b5dc9793?s=96&d=mm&r=g\",\"caption\":\"Marta Olejnik\"},\"url\":\"https:\/\/marekkuchcinski.pl\/sk\/author\/marta\/\"}]}<\/script>\n<!-- \/ Yoast SEO plugin. -->","yoast_head_json":{"title":"Telekonferencja Przewodnicz\u0105cych Komisji Spraw Zagranicznych Grupy Wyszehradzkiej oraz pa\u0144stw ba\u0142tyckich &#8211; Marek Kuchci\u0144ski","robots":{"index":"index","follow":"follow","max-snippet":"max-snippet:-1","max-image-preview":"max-image-preview:large","max-video-preview":"max-video-preview:-1"},"canonical":"https:\/\/marekkuchcinski.pl\/sk\/wydarzenia\/telekonferencja-przewodniczacych-komisji-spraw-zagranicznych-grupy-wyszehradzkiej-oraz-panstw-baltyckich\/","og_locale":"sk_SK","og_type":"article","og_title":"Telekonferencja Przewodnicz\u0105cych Komisji Spraw Zagranicznych Grupy Wyszehradzkiej oraz pa\u0144stw ba\u0142tyckich &#8211; Marek Kuchci\u0144ski","og_description":"Ustanowienie nowego formatu wsp\u00f3\u0142pracy Przewodnicz\u0105cych Komisji Spraw Zagranicznych kraj\u00f3w Tr\u00f3jki Ba\u0142tyckiej (B3) oraz Grupy Wyszehradzkiej (V4) stanowi\u0142o g\u0142\u00f3wne zagadnienie spotkania, kt\u00f3re odby\u0142o si\u0119 6 pa\u017adziernika w formule on-line. Jego uczestnicy podkre\u015blali wsp\u00f3lne wi\u0119zi kulturowe, historyczne, gospodarcze i polityczne, stanowi\u0105ce naturalny fundament wsp\u00f3\u0142pracy w tej cz\u0119\u015bci Europy. Sesj\u0119 otworzyli: Rihard Kols, przewodnicz\u0105cy Komisji Spraw Zagranicznych Saeima [&hellip;]","og_url":"https:\/\/marekkuchcinski.pl\/sk\/wydarzenia\/telekonferencja-przewodniczacych-komisji-spraw-zagranicznych-grupy-wyszehradzkiej-oraz-panstw-baltyckich\/","og_site_name":"Marek Kuchci\u0144ski","article_published_time":"2020-10-07T19:32:06+00:00","article_modified_time":"2020-10-07T19:36:04+00:00","og_image":[{"width":800,"height":533,"url":"https:\/\/marekkuchcinski.pl\/wp-content\/uploads\/2020\/10\/AZZ_0686.view_.jpg","type":"image\/jpeg"}],"author":"Marta Olejnik","twitter_card":"summary_large_image","twitter_misc":{"Autor":"Marta Olejnik","Predpokladan\u00fd \u010das \u010d\u00edtania":"3 min\u00faty"},"schema":{"@context":"https:\/\/schema.org","@graph":[{"@type":"Article","@id":"https:\/\/marekkuchcinski.pl\/en\/wydarzenia\/telekonferencja-przewodniczacych-komisji-spraw-zagranicznych-grupy-wyszehradzkiej-oraz-panstw-baltyckich\/#article","isPartOf":{"@id":"https:\/\/marekkuchcinski.pl\/en\/wydarzenia\/telekonferencja-przewodniczacych-komisji-spraw-zagranicznych-grupy-wyszehradzkiej-oraz-panstw-baltyckich\/"},"author":{"name":"Marta Olejnik","@id":"https:\/\/marekkuchcinski.pl\/#\/schema\/person\/51d5d4ee3b5317b8e4dd2b48af359229"},"headline":"Telekonferencja Przewodnicz\u0105cych Komisji Spraw Zagranicznych Grupy Wyszehradzkiej oraz pa\u0144stw ba\u0142tyckich","datePublished":"2020-10-07T19:32:06+00:00","dateModified":"2020-10-07T19:36:04+00:00","mainEntityOfPage":{"@id":"https:\/\/marekkuchcinski.pl\/en\/wydarzenia\/telekonferencja-przewodniczacych-komisji-spraw-zagranicznych-grupy-wyszehradzkiej-oraz-panstw-baltyckich\/"},"wordCount":569,"publisher":{"@id":"https:\/\/marekkuchcinski.pl\/#organization"},"image":{"@id":"https:\/\/marekkuchcinski.pl\/en\/wydarzenia\/telekonferencja-przewodniczacych-komisji-spraw-zagranicznych-grupy-wyszehradzkiej-oraz-panstw-baltyckich\/#primaryimage"},"thumbnailUrl":"https:\/\/marekkuchcinski.pl\/wp-content\/uploads\/2020\/10\/AZZ_0686.view_.jpg","articleSection":["Wie\u015bci z Sejmu","Wsp\u00f3\u0142praca mi\u0119dzynarodowa","Wydarzenia"],"inLanguage":"sk-SK"},{"@type":"WebPage","@id":"https:\/\/marekkuchcinski.pl\/en\/wydarzenia\/telekonferencja-przewodniczacych-komisji-spraw-zagranicznych-grupy-wyszehradzkiej-oraz-panstw-baltyckich\/","url":"https:\/\/marekkuchcinski.pl\/en\/wydarzenia\/telekonferencja-przewodniczacych-komisji-spraw-zagranicznych-grupy-wyszehradzkiej-oraz-panstw-baltyckich\/","name":"Telekonferencja Przewodnicz\u0105cych Komisji Spraw Zagranicznych Grupy Wyszehradzkiej oraz pa\u0144stw ba\u0142tyckich &#8211; Marek Kuchci\u0144ski","isPartOf":{"@id":"https:\/\/marekkuchcinski.pl\/#website"},"primaryImageOfPage":{"@id":"https:\/\/marekkuchcinski.pl\/en\/wydarzenia\/telekonferencja-przewodniczacych-komisji-spraw-zagranicznych-grupy-wyszehradzkiej-oraz-panstw-baltyckich\/#primaryimage"},"image":{"@id":"https:\/\/marekkuchcinski.pl\/en\/wydarzenia\/telekonferencja-przewodniczacych-komisji-spraw-zagranicznych-grupy-wyszehradzkiej-oraz-panstw-baltyckich\/#primaryimage"},"thumbnailUrl":"https:\/\/marekkuchcinski.pl\/wp-content\/uploads\/2020\/10\/AZZ_0686.view_.jpg","datePublished":"2020-10-07T19:32:06+00:00","dateModified":"2020-10-07T19:36:04+00:00","breadcrumb":{"@id":"https:\/\/marekkuchcinski.pl\/en\/wydarzenia\/telekonferencja-przewodniczacych-komisji-spraw-zagranicznych-grupy-wyszehradzkiej-oraz-panstw-baltyckich\/#breadcrumb"},"inLanguage":"sk-SK","potentialAction":[{"@type":"ReadAction","target":["https:\/\/marekkuchcinski.pl\/en\/wydarzenia\/telekonferencja-przewodniczacych-komisji-spraw-zagranicznych-grupy-wyszehradzkiej-oraz-panstw-baltyckich\/"]}]},{"@type":"ImageObject","inLanguage":"sk-SK","@id":"https:\/\/marekkuchcinski.pl\/en\/wydarzenia\/telekonferencja-przewodniczacych-komisji-spraw-zagranicznych-grupy-wyszehradzkiej-oraz-panstw-baltyckich\/#primaryimage","url":"https:\/\/marekkuchcinski.pl\/wp-content\/uploads\/2020\/10\/AZZ_0686.view_.jpg","contentUrl":"https:\/\/marekkuchcinski.pl\/wp-content\/uploads\/2020\/10\/AZZ_0686.view_.jpg","width":800,"height":533},{"@type":"BreadcrumbList","@id":"https:\/\/marekkuchcinski.pl\/en\/wydarzenia\/telekonferencja-przewodniczacych-komisji-spraw-zagranicznych-grupy-wyszehradzkiej-oraz-panstw-baltyckich\/#breadcrumb","itemListElement":[{"@type":"ListItem","position":1,"name":"Strona g\u0142\u00f3wna","item":"https:\/\/marekkuchcinski.pl\/"},{"@type":"ListItem","position":2,"name":"Telekonferencja Przewodnicz\u0105cych Komisji Spraw Zagranicznych Grupy Wyszehradzkiej oraz pa\u0144stw ba\u0142tyckich"}]},{"@type":"WebSite","@id":"https:\/\/marekkuchcinski.pl\/#website","url":"https:\/\/marekkuchcinski.pl\/","name":"Marek Kuchci\u0144ski","description":"Pose\u0142 na sejm RP &ndash; okr\u0119g nr 22","publisher":{"@id":"https:\/\/marekkuchcinski.pl\/#organization"},"potentialAction":[{"@type":"SearchAction","target":{"@type":"EntryPoint","urlTemplate":"https:\/\/marekkuchcinski.pl\/?s={search_term_string}"},"query-input":{"@type":"PropertyValueSpecification","valueRequired":true,"valueName":"search_term_string"}}],"inLanguage":"sk-SK"},{"@type":"Organization","@id":"https:\/\/marekkuchcinski.pl\/#organization","name":"Marek Kuchci\u0144ski","url":"https:\/\/marekkuchcinski.pl\/","logo":{"@type":"ImageObject","inLanguage":"sk-SK","@id":"https:\/\/marekkuchcinski.pl\/#\/schema\/logo\/image\/","url":"https:\/\/marekkuchcinski.pl\/wp-content\/uploads\/2022\/09\/Marek.jpg","contentUrl":"https:\/\/marekkuchcinski.pl\/wp-content\/uploads\/2022\/09\/Marek.jpg","width":1600,"height":971,"caption":"Marek Kuchci\u0144ski"},"image":{"@id":"https:\/\/marekkuchcinski.pl\/#\/schema\/logo\/image\/"}},{"@type":"Person","@id":"https:\/\/marekkuchcinski.pl\/#\/schema\/person\/51d5d4ee3b5317b8e4dd2b48af359229","name":"Marta Olejnik","image":{"@type":"ImageObject","inLanguage":"sk-SK","@id":"https:\/\/marekkuchcinski.pl\/#\/schema\/person\/image\/","url":"https:\/\/secure.gravatar.com\/avatar\/e39914b2aa6a48959e24d475b5dc9793?s=96&d=mm&r=g","contentUrl":"https:\/\/secure.gravatar.com\/avatar\/e39914b2aa6a48959e24d475b5dc9793?s=96&d=mm&r=g","caption":"Marta Olejnik"},"url":"https:\/\/marekkuchcinski.pl\/sk\/author\/marta\/"}]}},"_links":{"self":[{"href":"https:\/\/marekkuchcinski.pl\/sk\/wp-json\/wp\/v2\/posts\/19968","targetHints":{"allow":["GET"]}}],"collection":[{"href":"https:\/\/marekkuchcinski.pl\/sk\/wp-json\/wp\/v2\/posts"}],"about":[{"href":"https:\/\/marekkuchcinski.pl\/sk\/wp-json\/wp\/v2\/types\/post"}],"author":[{"embeddable":true,"href":"https:\/\/marekkuchcinski.pl\/sk\/wp-json\/wp\/v2\/users\/21"}],"replies":[{"embeddable":true,"href":"https:\/\/marekkuchcinski.pl\/sk\/wp-json\/wp\/v2\/comments?post=19968"}],"version-history":[{"count":3,"href":"https:\/\/marekkuchcinski.pl\/sk\/wp-json\/wp\/v2\/posts\/19968\/revisions"}],"predecessor-version":[{"id":19974,"href":"https:\/\/marekkuchcinski.pl\/sk\/wp-json\/wp\/v2\/posts\/19968\/revisions\/19974"}],"wp:featuredmedia":[{"embeddable":true,"href":"https:\/\/marekkuchcinski.pl\/sk\/wp-json\/wp\/v2\/media\/19970"}],"wp:attachment":[{"href":"https:\/\/marekkuchcinski.pl\/sk\/wp-json\/wp\/v2\/media?parent=19968"}],"wp:term":[{"taxonomy":"category","embeddable":true,"href":"https:\/\/marekkuchcinski.pl\/sk\/wp-json\/wp\/v2\/categories?post=19968"},{"taxonomy":"post_tag","embeddable":true,"href":"https:\/\/marekkuchcinski.pl\/sk\/wp-json\/wp\/v2\/tags?post=19968"}],"curies":[{"name":"wp","href":"https:\/\/api.w.org\/{rel}","templated":true}]}}