{"id":19805,"date":"2020-09-15T20:44:01","date_gmt":"2020-09-15T18:44:01","guid":{"rendered":"https:\/\/marekkuchcinski.pl\/?p=19805"},"modified":"2020-09-15T20:59:19","modified_gmt":"2020-09-15T18:59:19","slug":"komisja-spraw-zagranicznych-sza-2","status":"publish","type":"post","link":"https:\/\/marekkuchcinski.pl\/sk\/bez-kategorii\/komisja-spraw-zagranicznych-sza-2\/","title":{"rendered":"Pl\u00e1n zasadnut\u00ed parlamentn\u00fdch v\u00fdborov a podv\u00fdborov - V\u00fdbor pre zahrani\u010dn\u00e9 veci (FAC)"},"content":{"rendered":"<p>Pl\u00e1novan\u00e9 zasadnutia parlamentn\u00fdch v\u00fdborov a podv\u00fdborov<\/p>\n\n\n\n<p><strong>15. septembra 2020 (utorok), 14:00<\/strong>Spolo\u010dn\u00e9 zasadnutie v\u00fdborov:&nbsp;<a href=\"https:\/\/www.sejm.gov.pl\/Sejm9.nsf\/agent.xsp?symbol=KOMISJA&amp;NrKadencji=9&amp;KodKom=OBN\">NSA<\/a> i <a href=\"https:\/\/www.sejm.gov.pl\/Sejm9.nsf\/agent.xsp?symbol=KOMISJA&amp;NrKadencji=9&amp;KodKom=SZA\">SZA<\/a><\/p>\n\n\n\n<p>miestnos\u0165 211, budova. U<\/p>\n\n\n\n<p>Zasadnutie sa uskuto\u010dn\u00ed prostredn\u00edctvom elektronick\u00fdch prostriedkov komunik\u00e1cie na dia\u013eku<\/p>\n\n\n\n<ul class=\"wp-block-list\"><li>Prv\u00e9 \u010d\u00edtanie vl\u00e1dneho n\u00e1vrhu z\u00e1kona o ratifik\u00e1cii Dohody medzi vl\u00e1dou Po\u013eskej republiky a vl\u00e1dou Spojen\u00fdch \u0161t\u00e1tov americk\u00fdch o posilnenej obrannej spolupr\u00e1ci, podp\u00edsanej vo Var\u0161ave 15. augusta 2020. (Tla\u010d \u010d. 573).<\/li><li>Od\u00f4vod\u0148uj\u00fa to:<\/li><li>- Minister obrany,<\/li><li>- Minister zahrani\u010dn\u00fdch vec\u00ed.<\/li><\/ul>\n\n\n\n<p><strong>15. septembra 2020 (utorok), 15:30<\/strong><\/p>\n\n\n\n<p>miestnos\u0165 211, budova. U<\/p>\n\n\n\n<p>Program rokovania bol zmenen\u00fd a doplnen\u00fd takto<\/p>\n\n\n\n<p>Zasadnutie sa uskuto\u010dn\u00ed prostredn\u00edctvom elektronick\u00fdch prostriedkov komunik\u00e1cie na dia\u013eku<\/p>\n\n\n\n<ul class=\"wp-block-list\"><li>Vo\u013eba predsedu Komisie.<\/li><li>Prv\u00e9 \u010d\u00edtanie vl\u00e1dneho n\u00e1vrhu z\u00e1kona o ratifik\u00e1cii Dohody o strategickom partnerstve medzi Eur\u00f3pskou \u00faniou a jej \u010dlensk\u00fdmi \u0161t\u00e1tmi na jednej strane a Kanadou na strane druhej, ktor\u00e9 sa uskuto\u010dnilo 30. okt\u00f3bra 2016 v Bruseli. (Tla\u010d 460)<\/li><li>- od\u00f4vod\u0148uje minister zahrani\u010dn\u00fdch vec\u00ed.<\/li><li>Pos\u00fadenie a stanovisko pre V\u00fdbor pre \u0161t\u00e1tnu kontrolu k spr\u00e1ve o \u010dinnosti Najvy\u0161\u0161ieho kontroln\u00e9ho \u00faradu v roku 2019. (tla\u010d \u010d. 522) v r\u00e1mci \u010dinnost\u00ed Komisie<\/li><\/ul>\n\n\n\n<p><strong>15. septembra 2020 (utorok), 16:30<\/strong>Spolo\u010dn\u00e9 zasadnutie v\u00fdborov:&nbsp;<a href=\"https:\/\/www.sejm.gov.pl\/Sejm9.nsf\/agent.xsp?symbol=KOMISJA&amp;NrKadencji=9&amp;KodKom=ASW\">ASW<\/a> i <a href=\"https:\/\/www.sejm.gov.pl\/Sejm9.nsf\/agent.xsp?symbol=KOMISJA&amp;NrKadencji=9&amp;KodKom=SZA\">SZA<\/a><\/p>\n\n\n\n<p>miestnos\u0165 211, budova. U<\/p>\n\n\n\n<p>Zasadnutie sa uskuto\u010dn\u00ed prostredn\u00edctvom elektronick\u00fdch prostriedkov komunik\u00e1cie na dia\u013eku<\/p>\n\n\n\n<ul class=\"wp-block-list\"><li>Prv\u00e9 \u010d\u00edtanie vl\u00e1dneho n\u00e1vrhu z\u00e1kona o ratifik\u00e1cii Dohody medzi Po\u013eskou republikou a Spojen\u00fdm kr\u00e1\u013eovstvom Ve\u013ekej Brit\u00e1nie a Severn\u00e9ho \u00cdrska o \u00fa\u010dasti ob\u010danov jedn\u00e9ho \u0161t\u00e1tu s bydliskom na \u00fazem\u00ed druh\u00e9ho \u0161t\u00e1tu na niektor\u00fdch vo\u013eb\u00e1ch, podp\u00edsanej vo Var\u0161ave 29. m\u00e1ja 2020. (487)<\/li><li>- ospravedlni\u0165: Minister zahrani\u010dn\u00fdch vec\u00ed a minister vn\u00fatra a verejnej spr\u00e1vy.<\/li><\/ul>\n\n\n\n<p><strong>15. septembra 2020 (utorok), 17:30<\/strong>Spolo\u010dn\u00e9 zasadnutie v\u00fdborov:&nbsp;<a href=\"https:\/\/www.sejm.gov.pl\/Sejm9.nsf\/agent.xsp?symbol=KOMISJA&amp;NrKadencji=9&amp;KodKom=KSP\">KSP<\/a> i <a href=\"https:\/\/www.sejm.gov.pl\/Sejm9.nsf\/agent.xsp?symbol=KOMISJA&amp;NrKadencji=9&amp;KodKom=SZA\">SZA<\/a><\/p>\n\n\n\n<p>miestnos\u0165 211, budova. U<\/p>\n\n\n\n<p>Zmena \u010dasu zasadnutia<\/p>\n\n\n\n<p>Zasadnutie sa uskuto\u010dn\u00ed prostredn\u00edctvom elektronick\u00fdch prostriedkov komunik\u00e1cie na dia\u013eku<\/p>\n\n\n\n<ul class=\"wp-block-list\"><li>Prv\u00e9 \u010d\u00edtanie vl\u00e1dneho n\u00e1vrhu z\u00e1kona o ratifik\u00e1cii Dohovoru o ochrane podmorsk\u00e9ho kult\u00farneho dedi\u010dstva, prijat\u00e9ho 2. novembra 2001 v Par\u00ed\u017ei. (tla\u010d \u010d. 520)<\/li><li>- ospravedlni\u0165: Minister zahrani\u010dn\u00fdch vec\u00ed a minister kult\u00fary a n\u00e1rodn\u00e9ho dedi\u010dstva.<\/li><\/ul>\n\n\n\n<p><strong>16. septembra 2020 (streda), 08:15<\/strong>Spolo\u010dn\u00e9 zasadnutie v\u00fdborov:&nbsp;<a href=\"https:\/\/www.sejm.gov.pl\/Sejm9.nsf\/agent.xsp?symbol=KOMISJA&amp;NrKadencji=9&amp;KodKom=GMZ\">GMZ<\/a>, <a href=\"https:\/\/www.sejm.gov.pl\/Sejm9.nsf\/agent.xsp?symbol=KOMISJA&amp;NrKadencji=9&amp;KodKom=PSR\">PSR<\/a> i <a href=\"https:\/\/www.sejm.gov.pl\/Sejm9.nsf\/agent.xsp?symbol=KOMISJA&amp;NrKadencji=9&amp;KodKom=SZA\">SZA<\/a><\/p>\n\n\n\n<p>miestnos\u0165 \u010d. 111, budova U<\/p>\n\n\n\n<p>Zasadnutie sa uskuto\u010dn\u00ed prostredn\u00edctvom elektronick\u00fdch prostriedkov komunik\u00e1cie na dia\u013eku<\/p>\n\n\n\n<ul class=\"wp-block-list\"><li>Prv\u00e9 \u010d\u00edtanie vl\u00e1dneho n\u00e1vrhu z\u00e1kona o ratifik\u00e1cii zmien a doplnen\u00ed Dohovoru o pracovn\u00fdch norm\u00e1ch v n\u00e1mornej doprave prijat\u00fdch 23. febru\u00e1ra 2006 v \u017deneve, schv\u00e1len\u00e9ho na zasadnut\u00ed Medzin\u00e1rodnej konferencie pr\u00e1ce v \u017deneve 5. j\u00fana 2018. (Tla\u010d \u010d. 459).<\/li><li>Od\u00f4vod\u0148uj\u00fa to:<\/li><li>- Minister zahrani\u010dn\u00fdch vec\u00ed,<\/li><li>- Ministerka rodiny, pr\u00e1ce a soci\u00e1lnej politiky,<\/li><li>- Minister pre n\u00e1morn\u00e9 z\u00e1le\u017eitosti a vn\u00fatrozemsk\u00fa plavbu.<\/li><\/ul>","protected":false},"excerpt":{"rendered":"<p>Pl\u00e1novan\u00e9 sch\u00f4dze parlamentn\u00fdch v\u00fdborov a podv\u00fdborov 15. septembra 2020 (utorok), 14:00Sch\u00f4dza v\u00fdboru: NSA a SZA Miestnos\u0165 211, Bud. U Zasadnutie sa uskuto\u010dn\u00ed prostredn\u00edctvom elektronick\u00fdch prostriedkov dia\u013ekovej komunik\u00e1cie Prv\u00e9 \u010d\u00edtanie vl\u00e1dneho n\u00e1vrhu z\u00e1kona o ratifik\u00e1cii Dohody medzi vl\u00e1dou Po\u013eskej republiky a vl\u00e1dou Spojen\u00fdch \u0161t\u00e1tov americk\u00fdch o posilnenej obrannej spolupr\u00e1ci, podp\u00edsanej [...].<\/p>","protected":false},"author":17,"featured_media":17277,"comment_status":"open","ping_status":"open","sticky":false,"template":"","format":"standard","meta":{"ngg_post_thumbnail":0,"footnotes":""},"categories":[1,180],"tags":[],"class_list":["post-19805","post","type-post","status-publish","format-standard","has-post-thumbnail","hentry","category-bez-kategorii","category-komisja-spraw-zagranicznych"],"yoast_head":"<!-- This site is optimized with the Yoast SEO plugin v24.7 - https:\/\/yoast.com\/wordpress\/plugins\/seo\/ -->\n<title>Planowane posiedzenia komisji i podkomisji sejmowych - Komisja Spraw Zagranicznych (SZA) &#8211; Marek Kuchci\u0144ski<\/title>\n<meta name=\"robots\" content=\"index, follow, max-snippet:-1, max-image-preview:large, max-video-preview:-1\" \/>\n<link rel=\"canonical\" href=\"https:\/\/marekkuchcinski.pl\/sk\/bez-kategorii\/komisja-spraw-zagranicznych-sza-2\/\" \/>\n<meta property=\"og:locale\" content=\"sk_SK\" \/>\n<meta property=\"og:type\" content=\"article\" \/>\n<meta property=\"og:title\" content=\"Planowane posiedzenia komisji i podkomisji sejmowych - Komisja Spraw Zagranicznych (SZA) &#8211; Marek Kuchci\u0144ski\" \/>\n<meta property=\"og:description\" content=\"Planowane posiedzenia komisji i podkomisji sejmowych 15 wrze\u015bnia 2020 (wtorek), godz.&nbsp;14:00Wsp\u00f3lne posiedzenie komisji:&nbsp;OBN i SZA sala nr 211, bud. U Posiedzenie b\u0119dzie prowadzone z wykorzystaniem \u015brodk\u00f3w komunikacji elektronicznej umo\u017cliwiaj\u0105cych porozumiewanie si\u0119 na odleg\u0142o\u015b\u0107 Pierwsze czytanie rz\u0105dowego projektu ustawy o ratyfikacji Umowy mi\u0119dzy Rz\u0105dem Rzeczypospolitej Polskiej a Rz\u0105dem Stan\u00f3w Zjednoczonych Ameryki o wzmocnionej wsp\u00f3\u0142pracy obronnej, podpisanej [&hellip;]\" \/>\n<meta property=\"og:url\" content=\"https:\/\/marekkuchcinski.pl\/sk\/bez-kategorii\/komisja-spraw-zagranicznych-sza-2\/\" \/>\n<meta property=\"og:site_name\" content=\"Marek Kuchci\u0144ski\" \/>\n<meta property=\"article:published_time\" content=\"2020-09-15T18:44:01+00:00\" \/>\n<meta property=\"article:modified_time\" content=\"2020-09-15T18:59:19+00:00\" \/>\n<meta property=\"og:image\" content=\"https:\/\/marekkuchcinski.pl\/wp-content\/uploads\/2019\/07\/sejm-kwiecien-4.jpg\" \/>\n\t<meta property=\"og:image:width\" content=\"2048\" \/>\n\t<meta property=\"og:image:height\" content=\"1454\" \/>\n\t<meta property=\"og:image:type\" content=\"image\/jpeg\" \/>\n<meta name=\"author\" content=\"Tomasz \u0141acina\" \/>\n<meta name=\"twitter:card\" content=\"summary_large_image\" \/>\n<meta name=\"twitter:label1\" content=\"Autor\" \/>\n\t<meta name=\"twitter:data1\" content=\"Tomasz \u0141acina\" \/>\n\t<meta name=\"twitter:label2\" content=\"Predpokladan\u00fd \u010das \u010d\u00edtania\" \/>\n\t<meta name=\"twitter:data2\" content=\"2 min\u00faty\" \/>\n<script type=\"application\/ld+json\" class=\"yoast-schema-graph\">{\"@context\":\"https:\/\/schema.org\",\"@graph\":[{\"@type\":\"Article\",\"@id\":\"https:\/\/marekkuchcinski.pl\/bez-kategorii\/komisja-spraw-zagranicznych-sza-2\/#article\",\"isPartOf\":{\"@id\":\"https:\/\/marekkuchcinski.pl\/bez-kategorii\/komisja-spraw-zagranicznych-sza-2\/\"},\"author\":{\"name\":\"Tomasz \u0141acina\",\"@id\":\"https:\/\/marekkuchcinski.pl\/#\/schema\/person\/b8a29fe7813098f7be78801d029910a7\"},\"headline\":\"Planowane posiedzenia komisji i podkomisji sejmowych &#8211; Komisja Spraw Zagranicznych (SZA)\",\"datePublished\":\"2020-09-15T18:44:01+00:00\",\"dateModified\":\"2020-09-15T18:59:19+00:00\",\"mainEntityOfPage\":{\"@id\":\"https:\/\/marekkuchcinski.pl\/bez-kategorii\/komisja-spraw-zagranicznych-sza-2\/\"},\"wordCount\":469,\"commentCount\":0,\"publisher\":{\"@id\":\"https:\/\/marekkuchcinski.pl\/#organization\"},\"image\":{\"@id\":\"https:\/\/marekkuchcinski.pl\/bez-kategorii\/komisja-spraw-zagranicznych-sza-2\/#primaryimage\"},\"thumbnailUrl\":\"https:\/\/marekkuchcinski.pl\/wp-content\/uploads\/2019\/07\/sejm-kwiecien-4.jpg\",\"articleSection\":[\"Bez kategorii\",\"Komisja Spraw Zagranicznych\"],\"inLanguage\":\"sk-SK\",\"potentialAction\":[{\"@type\":\"CommentAction\",\"name\":\"Comment\",\"target\":[\"https:\/\/marekkuchcinski.pl\/bez-kategorii\/komisja-spraw-zagranicznych-sza-2\/#respond\"]}]},{\"@type\":\"WebPage\",\"@id\":\"https:\/\/marekkuchcinski.pl\/bez-kategorii\/komisja-spraw-zagranicznych-sza-2\/\",\"url\":\"https:\/\/marekkuchcinski.pl\/bez-kategorii\/komisja-spraw-zagranicznych-sza-2\/\",\"name\":\"Planowane posiedzenia komisji i podkomisji sejmowych - Komisja Spraw Zagranicznych (SZA) &#8211; Marek Kuchci\u0144ski\",\"isPartOf\":{\"@id\":\"https:\/\/marekkuchcinski.pl\/#website\"},\"primaryImageOfPage\":{\"@id\":\"https:\/\/marekkuchcinski.pl\/bez-kategorii\/komisja-spraw-zagranicznych-sza-2\/#primaryimage\"},\"image\":{\"@id\":\"https:\/\/marekkuchcinski.pl\/bez-kategorii\/komisja-spraw-zagranicznych-sza-2\/#primaryimage\"},\"thumbnailUrl\":\"https:\/\/marekkuchcinski.pl\/wp-content\/uploads\/2019\/07\/sejm-kwiecien-4.jpg\",\"datePublished\":\"2020-09-15T18:44:01+00:00\",\"dateModified\":\"2020-09-15T18:59:19+00:00\",\"breadcrumb\":{\"@id\":\"https:\/\/marekkuchcinski.pl\/bez-kategorii\/komisja-spraw-zagranicznych-sza-2\/#breadcrumb\"},\"inLanguage\":\"sk-SK\",\"potentialAction\":[{\"@type\":\"ReadAction\",\"target\":[\"https:\/\/marekkuchcinski.pl\/bez-kategorii\/komisja-spraw-zagranicznych-sza-2\/\"]}]},{\"@type\":\"ImageObject\",\"inLanguage\":\"sk-SK\",\"@id\":\"https:\/\/marekkuchcinski.pl\/bez-kategorii\/komisja-spraw-zagranicznych-sza-2\/#primaryimage\",\"url\":\"https:\/\/marekkuchcinski.pl\/wp-content\/uploads\/2019\/07\/sejm-kwiecien-4.jpg\",\"contentUrl\":\"https:\/\/marekkuchcinski.pl\/wp-content\/uploads\/2019\/07\/sejm-kwiecien-4.jpg\",\"width\":2048,\"height\":1454},{\"@type\":\"BreadcrumbList\",\"@id\":\"https:\/\/marekkuchcinski.pl\/bez-kategorii\/komisja-spraw-zagranicznych-sza-2\/#breadcrumb\",\"itemListElement\":[{\"@type\":\"ListItem\",\"position\":1,\"name\":\"Strona g\u0142\u00f3wna\",\"item\":\"https:\/\/marekkuchcinski.pl\/\"},{\"@type\":\"ListItem\",\"position\":2,\"name\":\"Planowane posiedzenia komisji i podkomisji sejmowych &#8211; Komisja Spraw Zagranicznych (SZA)\"}]},{\"@type\":\"WebSite\",\"@id\":\"https:\/\/marekkuchcinski.pl\/#website\",\"url\":\"https:\/\/marekkuchcinski.pl\/\",\"name\":\"Marek Kuchci\u0144ski\",\"description\":\"Pose\u0142 na sejm RP &ndash; okr\u0119g nr 22\",\"publisher\":{\"@id\":\"https:\/\/marekkuchcinski.pl\/#organization\"},\"potentialAction\":[{\"@type\":\"SearchAction\",\"target\":{\"@type\":\"EntryPoint\",\"urlTemplate\":\"https:\/\/marekkuchcinski.pl\/?s={search_term_string}\"},\"query-input\":{\"@type\":\"PropertyValueSpecification\",\"valueRequired\":true,\"valueName\":\"search_term_string\"}}],\"inLanguage\":\"sk-SK\"},{\"@type\":\"Organization\",\"@id\":\"https:\/\/marekkuchcinski.pl\/#organization\",\"name\":\"Marek Kuchci\u0144ski\",\"url\":\"https:\/\/marekkuchcinski.pl\/\",\"logo\":{\"@type\":\"ImageObject\",\"inLanguage\":\"sk-SK\",\"@id\":\"https:\/\/marekkuchcinski.pl\/#\/schema\/logo\/image\/\",\"url\":\"https:\/\/marekkuchcinski.pl\/wp-content\/uploads\/2022\/09\/Marek.jpg\",\"contentUrl\":\"https:\/\/marekkuchcinski.pl\/wp-content\/uploads\/2022\/09\/Marek.jpg\",\"width\":1600,\"height\":971,\"caption\":\"Marek Kuchci\u0144ski\"},\"image\":{\"@id\":\"https:\/\/marekkuchcinski.pl\/#\/schema\/logo\/image\/\"}},{\"@type\":\"Person\",\"@id\":\"https:\/\/marekkuchcinski.pl\/#\/schema\/person\/b8a29fe7813098f7be78801d029910a7\",\"name\":\"Tomasz \u0141acina\",\"image\":{\"@type\":\"ImageObject\",\"inLanguage\":\"sk-SK\",\"@id\":\"https:\/\/marekkuchcinski.pl\/#\/schema\/person\/image\/\",\"url\":\"https:\/\/secure.gravatar.com\/avatar\/22e75f6c51aff77a676ed77dd222f852?s=96&d=mm&r=g\",\"contentUrl\":\"https:\/\/secure.gravatar.com\/avatar\/22e75f6c51aff77a676ed77dd222f852?s=96&d=mm&r=g\",\"caption\":\"Tomasz \u0141acina\"},\"url\":\"https:\/\/marekkuchcinski.pl\/sk\/author\/tomek-lacina\/\"}]}<\/script>\n<!-- \/ Yoast SEO plugin. -->","yoast_head_json":{"title":"Planowane posiedzenia komisji i podkomisji sejmowych - Komisja Spraw Zagranicznych (SZA) &#8211; Marek Kuchci\u0144ski","robots":{"index":"index","follow":"follow","max-snippet":"max-snippet:-1","max-image-preview":"max-image-preview:large","max-video-preview":"max-video-preview:-1"},"canonical":"https:\/\/marekkuchcinski.pl\/sk\/bez-kategorii\/komisja-spraw-zagranicznych-sza-2\/","og_locale":"sk_SK","og_type":"article","og_title":"Planowane posiedzenia komisji i podkomisji sejmowych - Komisja Spraw Zagranicznych (SZA) &#8211; Marek Kuchci\u0144ski","og_description":"Planowane posiedzenia komisji i podkomisji sejmowych 15 wrze\u015bnia 2020 (wtorek), godz.&nbsp;14:00Wsp\u00f3lne posiedzenie komisji:&nbsp;OBN i SZA sala nr 211, bud. U Posiedzenie b\u0119dzie prowadzone z wykorzystaniem \u015brodk\u00f3w komunikacji elektronicznej umo\u017cliwiaj\u0105cych porozumiewanie si\u0119 na odleg\u0142o\u015b\u0107 Pierwsze czytanie rz\u0105dowego projektu ustawy o ratyfikacji Umowy mi\u0119dzy Rz\u0105dem Rzeczypospolitej Polskiej a Rz\u0105dem Stan\u00f3w Zjednoczonych Ameryki o wzmocnionej wsp\u00f3\u0142pracy obronnej, podpisanej [&hellip;]","og_url":"https:\/\/marekkuchcinski.pl\/sk\/bez-kategorii\/komisja-spraw-zagranicznych-sza-2\/","og_site_name":"Marek Kuchci\u0144ski","article_published_time":"2020-09-15T18:44:01+00:00","article_modified_time":"2020-09-15T18:59:19+00:00","og_image":[{"width":2048,"height":1454,"url":"https:\/\/marekkuchcinski.pl\/wp-content\/uploads\/2019\/07\/sejm-kwiecien-4.jpg","type":"image\/jpeg"}],"author":"Tomasz \u0141acina","twitter_card":"summary_large_image","twitter_misc":{"Autor":"Tomasz \u0141acina","Predpokladan\u00fd \u010das \u010d\u00edtania":"2 min\u00faty"},"schema":{"@context":"https:\/\/schema.org","@graph":[{"@type":"Article","@id":"https:\/\/marekkuchcinski.pl\/bez-kategorii\/komisja-spraw-zagranicznych-sza-2\/#article","isPartOf":{"@id":"https:\/\/marekkuchcinski.pl\/bez-kategorii\/komisja-spraw-zagranicznych-sza-2\/"},"author":{"name":"Tomasz \u0141acina","@id":"https:\/\/marekkuchcinski.pl\/#\/schema\/person\/b8a29fe7813098f7be78801d029910a7"},"headline":"Planowane posiedzenia komisji i podkomisji sejmowych &#8211; Komisja Spraw Zagranicznych (SZA)","datePublished":"2020-09-15T18:44:01+00:00","dateModified":"2020-09-15T18:59:19+00:00","mainEntityOfPage":{"@id":"https:\/\/marekkuchcinski.pl\/bez-kategorii\/komisja-spraw-zagranicznych-sza-2\/"},"wordCount":469,"commentCount":0,"publisher":{"@id":"https:\/\/marekkuchcinski.pl\/#organization"},"image":{"@id":"https:\/\/marekkuchcinski.pl\/bez-kategorii\/komisja-spraw-zagranicznych-sza-2\/#primaryimage"},"thumbnailUrl":"https:\/\/marekkuchcinski.pl\/wp-content\/uploads\/2019\/07\/sejm-kwiecien-4.jpg","articleSection":["Bez kategorii","Komisja Spraw Zagranicznych"],"inLanguage":"sk-SK","potentialAction":[{"@type":"CommentAction","name":"Comment","target":["https:\/\/marekkuchcinski.pl\/bez-kategorii\/komisja-spraw-zagranicznych-sza-2\/#respond"]}]},{"@type":"WebPage","@id":"https:\/\/marekkuchcinski.pl\/bez-kategorii\/komisja-spraw-zagranicznych-sza-2\/","url":"https:\/\/marekkuchcinski.pl\/bez-kategorii\/komisja-spraw-zagranicznych-sza-2\/","name":"Planowane posiedzenia komisji i podkomisji sejmowych - Komisja Spraw Zagranicznych (SZA) &#8211; Marek Kuchci\u0144ski","isPartOf":{"@id":"https:\/\/marekkuchcinski.pl\/#website"},"primaryImageOfPage":{"@id":"https:\/\/marekkuchcinski.pl\/bez-kategorii\/komisja-spraw-zagranicznych-sza-2\/#primaryimage"},"image":{"@id":"https:\/\/marekkuchcinski.pl\/bez-kategorii\/komisja-spraw-zagranicznych-sza-2\/#primaryimage"},"thumbnailUrl":"https:\/\/marekkuchcinski.pl\/wp-content\/uploads\/2019\/07\/sejm-kwiecien-4.jpg","datePublished":"2020-09-15T18:44:01+00:00","dateModified":"2020-09-15T18:59:19+00:00","breadcrumb":{"@id":"https:\/\/marekkuchcinski.pl\/bez-kategorii\/komisja-spraw-zagranicznych-sza-2\/#breadcrumb"},"inLanguage":"sk-SK","potentialAction":[{"@type":"ReadAction","target":["https:\/\/marekkuchcinski.pl\/bez-kategorii\/komisja-spraw-zagranicznych-sza-2\/"]}]},{"@type":"ImageObject","inLanguage":"sk-SK","@id":"https:\/\/marekkuchcinski.pl\/bez-kategorii\/komisja-spraw-zagranicznych-sza-2\/#primaryimage","url":"https:\/\/marekkuchcinski.pl\/wp-content\/uploads\/2019\/07\/sejm-kwiecien-4.jpg","contentUrl":"https:\/\/marekkuchcinski.pl\/wp-content\/uploads\/2019\/07\/sejm-kwiecien-4.jpg","width":2048,"height":1454},{"@type":"BreadcrumbList","@id":"https:\/\/marekkuchcinski.pl\/bez-kategorii\/komisja-spraw-zagranicznych-sza-2\/#breadcrumb","itemListElement":[{"@type":"ListItem","position":1,"name":"Strona g\u0142\u00f3wna","item":"https:\/\/marekkuchcinski.pl\/"},{"@type":"ListItem","position":2,"name":"Planowane posiedzenia komisji i podkomisji sejmowych &#8211; Komisja Spraw Zagranicznych (SZA)"}]},{"@type":"WebSite","@id":"https:\/\/marekkuchcinski.pl\/#website","url":"https:\/\/marekkuchcinski.pl\/","name":"Marek Kuchci\u0144ski","description":"Pose\u0142 na sejm RP &ndash; okr\u0119g nr 22","publisher":{"@id":"https:\/\/marekkuchcinski.pl\/#organization"},"potentialAction":[{"@type":"SearchAction","target":{"@type":"EntryPoint","urlTemplate":"https:\/\/marekkuchcinski.pl\/?s={search_term_string}"},"query-input":{"@type":"PropertyValueSpecification","valueRequired":true,"valueName":"search_term_string"}}],"inLanguage":"sk-SK"},{"@type":"Organization","@id":"https:\/\/marekkuchcinski.pl\/#organization","name":"Marek Kuchci\u0144ski","url":"https:\/\/marekkuchcinski.pl\/","logo":{"@type":"ImageObject","inLanguage":"sk-SK","@id":"https:\/\/marekkuchcinski.pl\/#\/schema\/logo\/image\/","url":"https:\/\/marekkuchcinski.pl\/wp-content\/uploads\/2022\/09\/Marek.jpg","contentUrl":"https:\/\/marekkuchcinski.pl\/wp-content\/uploads\/2022\/09\/Marek.jpg","width":1600,"height":971,"caption":"Marek Kuchci\u0144ski"},"image":{"@id":"https:\/\/marekkuchcinski.pl\/#\/schema\/logo\/image\/"}},{"@type":"Person","@id":"https:\/\/marekkuchcinski.pl\/#\/schema\/person\/b8a29fe7813098f7be78801d029910a7","name":"Tomasz \u0141acina","image":{"@type":"ImageObject","inLanguage":"sk-SK","@id":"https:\/\/marekkuchcinski.pl\/#\/schema\/person\/image\/","url":"https:\/\/secure.gravatar.com\/avatar\/22e75f6c51aff77a676ed77dd222f852?s=96&d=mm&r=g","contentUrl":"https:\/\/secure.gravatar.com\/avatar\/22e75f6c51aff77a676ed77dd222f852?s=96&d=mm&r=g","caption":"Tomasz \u0141acina"},"url":"https:\/\/marekkuchcinski.pl\/sk\/author\/tomek-lacina\/"}]}},"_links":{"self":[{"href":"https:\/\/marekkuchcinski.pl\/sk\/wp-json\/wp\/v2\/posts\/19805","targetHints":{"allow":["GET"]}}],"collection":[{"href":"https:\/\/marekkuchcinski.pl\/sk\/wp-json\/wp\/v2\/posts"}],"about":[{"href":"https:\/\/marekkuchcinski.pl\/sk\/wp-json\/wp\/v2\/types\/post"}],"author":[{"embeddable":true,"href":"https:\/\/marekkuchcinski.pl\/sk\/wp-json\/wp\/v2\/users\/17"}],"replies":[{"embeddable":true,"href":"https:\/\/marekkuchcinski.pl\/sk\/wp-json\/wp\/v2\/comments?post=19805"}],"version-history":[{"count":2,"href":"https:\/\/marekkuchcinski.pl\/sk\/wp-json\/wp\/v2\/posts\/19805\/revisions"}],"predecessor-version":[{"id":19814,"href":"https:\/\/marekkuchcinski.pl\/sk\/wp-json\/wp\/v2\/posts\/19805\/revisions\/19814"}],"wp:featuredmedia":[{"embeddable":true,"href":"https:\/\/marekkuchcinski.pl\/sk\/wp-json\/wp\/v2\/media\/17277"}],"wp:attachment":[{"href":"https:\/\/marekkuchcinski.pl\/sk\/wp-json\/wp\/v2\/media?parent=19805"}],"wp:term":[{"taxonomy":"category","embeddable":true,"href":"https:\/\/marekkuchcinski.pl\/sk\/wp-json\/wp\/v2\/categories?post=19805"},{"taxonomy":"post_tag","embeddable":true,"href":"https:\/\/marekkuchcinski.pl\/sk\/wp-json\/wp\/v2\/tags?post=19805"}],"curies":[{"name":"wp","href":"https:\/\/api.w.org\/{rel}","templated":true}]}}