{"id":19371,"date":"2020-07-08T17:34:00","date_gmt":"2020-07-08T15:34:00","guid":{"rendered":"https:\/\/marek2.rkartist.pl\/?p=19371"},"modified":"2020-07-17T17:37:23","modified_gmt":"2020-07-17T15:37:23","slug":"kuchcinski-na-podkarpaciu-w-rownym-stopniu-co-o-ducha-dbamy-o-tezyzne-fizyczna","status":"publish","type":"post","link":"https:\/\/marekkuchcinski.pl\/sk\/wydarzenia\/kuchcinski-na-podkarpaciu-w-rownym-stopniu-co-o-ducha-dbamy-o-tezyzne-fizyczna\/","title":{"rendered":"Kuchci\u0144ski: Na Podkarpatsku sa star\u00e1me o fyzick\u00fa kond\u00edciu rovnako ako o ducha"},"content":{"rendered":"<p>O rozvoji \u0161portu na Podkarpatsku dnes v Przemy\u015bli rokovali mar\u0161al 8. volebn\u00e9ho obdobia Marek Kuchci\u0144ski, z\u00e1stupca mar\u0161ala Sejmu Ryszard Terlecki a n\u00e1mestn\u00edk ministra \u0161portu Jacek Osuch. Marek Kuchci\u0144ski zd\u00f4raznil, \u017ee Przemy\u015bl a Podkarpatsko maj\u00fa ve\u013ek\u00e9 \u0161portov\u00e9 trad\u00edcie a v niektor\u00fdch discipl\u00ednach, napr\u00edklad v ly\u017eovan\u00ed, prevy\u0161uj\u00fa zvy\u0161ok Po\u013eska.<\/p>\n\n\n\n<p>- Podpora ka\u017ed\u00e9ho klubu, aj toho najmen\u0161ieho, n\u00e1s n\u00fati budova\u0165 fyzick\u00fa kond\u00edciu spolu so silou ducha - povedal mar\u0161al Kuchci\u0144ski.<\/p>\n\n\n\n<p><strong>V\u00fddavky ministerstva \u0161portu v Podkarpatskom vojvodstve v roku 2018 v porovnan\u00ed s rokom 2015 vzr\u00e1stli o 120 percent.<\/strong> <strong>V rokoch 2016 a\u017e 2018 bolo do \u0161portovej infra\u0161trukt\u00fary v Podkarpatskom vojvodstve investovan\u00fdch takmer 252 mili\u00f3nov PLN.<\/strong><\/p>\n\n\n\n<p>Program \"Klub\" realizuje ministerstvo \u0161portu od roku 2016. Jeho cie\u013eom je dotova\u0165 aktivity \u0161portov\u00fdch klubov, ktor\u00e9 s\u00fa miestnymi centrami spolo\u010denskej aktivity a miestami na zlep\u0161enie fyzickej kond\u00edcie spolo\u010dnosti.<\/p>\n\n\n\n<p>O spolufinancovanie m\u00f4\u017ee po\u017eiada\u0165 subjekt, ktor\u00fd p\u00f4sob\u00ed minim\u00e1lne 3 roky vo forme zdru\u017eenia a poskytuje \u0161portov\u00fa pr\u00edpravu pre deti a ml\u00e1de\u017e do 18 rokov. V\u00fd\u0161ka spolufinancovania je:<br>- 10 000 PLN pre jednooddielov\u00e9 kluby<br>- 15 tis\u00edc PLN pre viacodborov\u00e9 kluby<\/p>\n\n\n\n<p>Program je financovan\u00fd zo zdrojov Fondu rozvoja telesnej kult\u00fary (FRKF), ktor\u00fd spravuje minister \u0161portu. Na realiz\u00e1ciu programu v roku 2020 bola vy\u010dlenen\u00e1 suma 40 000 000 PLN.<\/p>\n\n\n\n<p>Okrem toho je pripraven\u00e1 modern\u00e1 \u0161portov\u00e1 hala, ktor\u00e1 je Centrom rozvoja bedmintonu v Przemy\u015bli. Budova je vybaven\u00e1 \u0161portovou ar\u00e9nou, miestnos\u0165ami pre tr\u00e9nerov, skladom \u0161portov\u00e9ho n\u00e1radia, verejn\u00fdmi toaletami vr\u00e1tane t\u00fdch pre zdravotne postihnut\u00fdch a dvoma \u0161at\u0148ami so soci\u00e1lnymi zariadeniami, komunik\u00e1ciou s v\u00fd\u0165ahom a vyhliadkovou gal\u00e9riou. Hodnota \u00falohy je 7 mili\u00f3nov 564 tis\u00edc PLN.<\/p>\n\n\n\n<p>Invest\u00edcia je spolufinancovan\u00e1 Ministerstvom \u0161portu a cestovn\u00e9ho ruchu vo v\u00fd\u0161ke 3 200 000 PLN v r\u00e1mci Programu invest\u00edci\u00ed osobitn\u00e9ho v\u00fdznamu pre \u0161port, t. j. pribli\u017ene 42,3 %.<\/p>\n\n\n\n<p>\u010eal\u0161ia telocvi\u010d\u0148a s finan\u010dnou podporou 1,3 mili\u00f3na PLN bude postaven\u00e1 v obci Zarzecze.<\/p>\n\n\n\n<p>Po nieko\u013ek\u00fdch desa\u0165ro\u010diach bol zmodernizovan\u00fd aj \u0161tadi\u00f3n v meste \u017burawica. Rozsah financovania \u00falohy zah\u0155\u0148a:<br>- rekon\u0161trukcia a moderniz\u00e1cia existuj\u00faceho tr\u00e1vnat\u00e9ho ihriska<br>- renov\u00e1cia be\u017eeckej dr\u00e1hy v zmysle vyhotovenia polyuret\u00e1nov\u00e9ho povrchu typu TARTAN<br>- Vyb\u00faranie \u010dasti existuj\u00faceho chodn\u00edka a vybudovanie nov\u00e9ho vydl\u00e1\u017edenia ihriska dla\u017eobn\u00fdmi kockami.<\/p>\n\n\n\n<p>N\u00e1klady na cel\u00fa invest\u00edciu bud\u00fa predstavova\u0165 1 318 501,46 PLN brutto, z \u010doho 643 079,00 PLN poch\u00e1dza z vl\u00e1dneho programu \u0160port Po\u013esko - Program miestneho rozvoja.<\/p>\n\n\n\n<p>Roz\u0161\u00edrenie atletick\u00e9ho \u0161tadi\u00f3na Juwenia v Przemy\u015bli zah\u0155\u0148alo v\u00fdstavbu multifunk\u010dnej budovy, gar\u00e1\u017ee a skladu, krytej trib\u00fany, tr\u00e9ningovej dr\u00e1hy, lavi\u010dky na vrh gu\u013eou a oplotenia parkoviska. Hodnota invest\u00edcie predstavuje takmer 3,4 mili\u00f3na PLN.<\/p>\n\n\n\n<p>Na stretnut\u00ed sa z\u00fa\u010dastnili aj z\u00e1stupcovia \u0161portov\u00fdch klubov a zdru\u017een\u00ed, aktivisti a \u0161portovci.<\/p>\n\n\n\n<figure class=\"wp-block-image size-large\"><img fetchpriority=\"high\" decoding=\"async\" width=\"1024\" height=\"663\" src=\"https:\/\/marekkuchcinski.pl\/wp-content\/uploads\/2020\/07\/s7-1024x663.jpg\" alt=\"\" class=\"wp-image-19372\" srcset=\"https:\/\/marekkuchcinski.pl\/wp-content\/uploads\/2020\/07\/s7-1024x663.jpg 1024w, https:\/\/marekkuchcinski.pl\/wp-content\/uploads\/2020\/07\/s7-300x194.jpg 300w, https:\/\/marekkuchcinski.pl\/wp-content\/uploads\/2020\/07\/s7-768x498.jpg 768w, https:\/\/marekkuchcinski.pl\/wp-content\/uploads\/2020\/07\/s7-1536x995.jpg 1536w, https:\/\/marekkuchcinski.pl\/wp-content\/uploads\/2020\/07\/s7.jpg 1923w\" sizes=\"(max-width: 1024px) 100vw, 1024px\" \/><\/figure>\n\n\n\n<figure class=\"wp-block-image size-large\"><img decoding=\"async\" width=\"1024\" height=\"768\" src=\"https:\/\/marekkuchcinski.pl\/wp-content\/uploads\/2020\/07\/ms_edited-1024x768.jpg\" alt=\"\" class=\"wp-image-19373\" srcset=\"https:\/\/marekkuchcinski.pl\/wp-content\/uploads\/2020\/07\/ms_edited-1024x768.jpg 1024w, https:\/\/marekkuchcinski.pl\/wp-content\/uploads\/2020\/07\/ms_edited-300x225.jpg 300w, https:\/\/marekkuchcinski.pl\/wp-content\/uploads\/2020\/07\/ms_edited-768x576.jpg 768w, https:\/\/marekkuchcinski.pl\/wp-content\/uploads\/2020\/07\/ms_edited-1536x1152.jpg 1536w, https:\/\/marekkuchcinski.pl\/wp-content\/uploads\/2020\/07\/ms_edited.jpg 2048w\" sizes=\"(max-width: 1024px) 100vw, 1024px\" \/><figcaption>H\u00e1dzan\u00e1rsky klub Orlen Upstream Przemy\u015bl bojuje o Superligu<\/figcaption><\/figure>\n\n\n\n<figure class=\"wp-block-image size-large\"><img decoding=\"async\" width=\"1024\" height=\"718\" src=\"https:\/\/marekkuchcinski.pl\/wp-content\/uploads\/2020\/07\/s5_edited-scaled-1-1024x718.jpg\" alt=\"\" class=\"wp-image-19374\" srcset=\"https:\/\/marekkuchcinski.pl\/wp-content\/uploads\/2020\/07\/s5_edited-scaled-1-1024x718.jpg 1024w, https:\/\/marekkuchcinski.pl\/wp-content\/uploads\/2020\/07\/s5_edited-scaled-1-300x210.jpg 300w, https:\/\/marekkuchcinski.pl\/wp-content\/uploads\/2020\/07\/s5_edited-scaled-1-768x539.jpg 768w, https:\/\/marekkuchcinski.pl\/wp-content\/uploads\/2020\/07\/s5_edited-scaled-1-1536x1077.jpg 1536w, https:\/\/marekkuchcinski.pl\/wp-content\/uploads\/2020\/07\/s5_edited-scaled-1-scaled.jpg 2048w\" sizes=\"(max-width: 1024px) 100vw, 1024px\" \/><\/figure>\n\n\n\n<figure class=\"wp-block-image size-large\"><img loading=\"lazy\" decoding=\"async\" width=\"1024\" height=\"756\" src=\"https:\/\/marekkuchcinski.pl\/wp-content\/uploads\/2020\/07\/s3_edited-1024x756.jpg\" alt=\"\" class=\"wp-image-19375\" srcset=\"https:\/\/marekkuchcinski.pl\/wp-content\/uploads\/2020\/07\/s3_edited-1024x756.jpg 1024w, https:\/\/marekkuchcinski.pl\/wp-content\/uploads\/2020\/07\/s3_edited-300x221.jpg 300w, https:\/\/marekkuchcinski.pl\/wp-content\/uploads\/2020\/07\/s3_edited-768x567.jpg 768w, https:\/\/marekkuchcinski.pl\/wp-content\/uploads\/2020\/07\/s3_edited-1536x1133.jpg 1536w, https:\/\/marekkuchcinski.pl\/wp-content\/uploads\/2020\/07\/s3_edited.jpg 2048w\" sizes=\"(max-width: 1024px) 100vw, 1024px\" \/><\/figure>","protected":false},"excerpt":{"rendered":"<p>Marsza\u0142ek Sejmu VIII kadencji Marek Kuchci\u0144ski, wicemarsza\u0142ek Sejmu Ryszard Terlecki i wiceminister sportu Jacek Osuch rozmawiali dzi\u015b w Przemy\u015blu o sportowym rozwoju Podkarpacia. Marek Kuchci\u0144ski podkre\u015bli\u0142, \u017ce ziemia przemyska, Podkarpacie maj\u0105 ogromne sportowe tradycje, a w niekt\u00f3rych dyscyplinach, jak narciarstwo, deklasuj\u0105 reszt\u0119 Polski. \u2013 Wsparcie dla ka\u017cdego, nawet najmniejszego klubu, sprawia, \u017ce obok si\u0142y ducha [&hellip;]<\/p>","protected":false},"author":17,"featured_media":19374,"comment_status":"open","ping_status":"open","sticky":false,"template":"","format":"standard","meta":{"ngg_post_thumbnail":0,"footnotes":""},"categories":[49,3],"tags":[],"class_list":["post-19371","post","type-post","status-publish","format-standard","has-post-thumbnail","hentry","category-podkarpacie","category-wydarzenia"],"yoast_head":"<!-- This site is optimized with the Yoast SEO plugin v24.7 - https:\/\/yoast.com\/wordpress\/plugins\/seo\/ -->\n<title>Kuchci\u0144ski: Na Podkarpaciu w r\u00f3wnym stopniu, co o ducha, dbamy o t\u0119\u017cyzn\u0119 fizyczn\u0105 &#8211; Marek Kuchci\u0144ski<\/title>\n<meta name=\"robots\" content=\"index, follow, max-snippet:-1, max-image-preview:large, max-video-preview:-1\" \/>\n<link rel=\"canonical\" href=\"https:\/\/marekkuchcinski.pl\/sk\/wydarzenia\/kuchcinski-na-podkarpaciu-w-rownym-stopniu-co-o-ducha-dbamy-o-tezyzne-fizyczna\/\" \/>\n<meta property=\"og:locale\" content=\"sk_SK\" \/>\n<meta property=\"og:type\" content=\"article\" \/>\n<meta property=\"og:title\" content=\"Kuchci\u0144ski: Na Podkarpaciu w r\u00f3wnym stopniu, co o ducha, dbamy o t\u0119\u017cyzn\u0119 fizyczn\u0105 &#8211; Marek Kuchci\u0144ski\" \/>\n<meta property=\"og:description\" content=\"Marsza\u0142ek Sejmu VIII kadencji Marek Kuchci\u0144ski, wicemarsza\u0142ek Sejmu Ryszard Terlecki i wiceminister sportu Jacek Osuch rozmawiali dzi\u015b w Przemy\u015blu o sportowym rozwoju Podkarpacia. Marek Kuchci\u0144ski podkre\u015bli\u0142, \u017ce ziemia przemyska, Podkarpacie maj\u0105 ogromne sportowe tradycje, a w niekt\u00f3rych dyscyplinach, jak narciarstwo, deklasuj\u0105 reszt\u0119 Polski. \u2013 Wsparcie dla ka\u017cdego, nawet najmniejszego klubu, sprawia, \u017ce obok si\u0142y ducha [&hellip;]\" \/>\n<meta property=\"og:url\" content=\"https:\/\/marekkuchcinski.pl\/sk\/wydarzenia\/kuchcinski-na-podkarpaciu-w-rownym-stopniu-co-o-ducha-dbamy-o-tezyzne-fizyczna\/\" \/>\n<meta property=\"og:site_name\" content=\"Marek Kuchci\u0144ski\" \/>\n<meta property=\"article:published_time\" content=\"2020-07-08T15:34:00+00:00\" \/>\n<meta property=\"article:modified_time\" content=\"2020-07-17T15:37:23+00:00\" \/>\n<meta property=\"og:image\" content=\"https:\/\/marekkuchcinski.pl\/wp-content\/uploads\/2020\/07\/s5_edited-scaled-1-scaled.jpg\" \/>\n\t<meta property=\"og:image:width\" content=\"2048\" \/>\n\t<meta property=\"og:image:height\" content=\"1436\" \/>\n\t<meta property=\"og:image:type\" content=\"image\/jpeg\" \/>\n<meta name=\"author\" content=\"Tomasz \u0141acina\" \/>\n<meta name=\"twitter:card\" content=\"summary_large_image\" \/>\n<meta name=\"twitter:label1\" content=\"Autor\" \/>\n\t<meta name=\"twitter:data1\" content=\"Tomasz \u0141acina\" \/>\n\t<meta name=\"twitter:label2\" content=\"Predpokladan\u00fd \u010das \u010d\u00edtania\" \/>\n\t<meta name=\"twitter:data2\" content=\"2 min\u00faty\" \/>\n<script type=\"application\/ld+json\" class=\"yoast-schema-graph\">{\"@context\":\"https:\/\/schema.org\",\"@graph\":[{\"@type\":\"Article\",\"@id\":\"https:\/\/marekkuchcinski.pl\/sk\/wydarzenia\/kuchcinski-na-podkarpaciu-w-rownym-stopniu-co-o-ducha-dbamy-o-tezyzne-fizyczna\/#article\",\"isPartOf\":{\"@id\":\"https:\/\/marekkuchcinski.pl\/sk\/wydarzenia\/kuchcinski-na-podkarpaciu-w-rownym-stopniu-co-o-ducha-dbamy-o-tezyzne-fizyczna\/\"},\"author\":{\"name\":\"Tomasz \u0141acina\",\"@id\":\"https:\/\/marekkuchcinski.pl\/#\/schema\/person\/b8a29fe7813098f7be78801d029910a7\"},\"headline\":\"Kuchci\u0144ski: Na Podkarpaciu w r\u00f3wnym stopniu, co o ducha, dbamy o t\u0119\u017cyzn\u0119 fizyczn\u0105\",\"datePublished\":\"2020-07-08T15:34:00+00:00\",\"dateModified\":\"2020-07-17T15:37:23+00:00\",\"mainEntityOfPage\":{\"@id\":\"https:\/\/marekkuchcinski.pl\/sk\/wydarzenia\/kuchcinski-na-podkarpaciu-w-rownym-stopniu-co-o-ducha-dbamy-o-tezyzne-fizyczna\/\"},\"wordCount\":475,\"commentCount\":0,\"publisher\":{\"@id\":\"https:\/\/marekkuchcinski.pl\/#organization\"},\"image\":{\"@id\":\"https:\/\/marekkuchcinski.pl\/sk\/wydarzenia\/kuchcinski-na-podkarpaciu-w-rownym-stopniu-co-o-ducha-dbamy-o-tezyzne-fizyczna\/#primaryimage\"},\"thumbnailUrl\":\"https:\/\/marekkuchcinski.pl\/wp-content\/uploads\/2020\/07\/s5_edited-scaled-1-scaled.jpg\",\"articleSection\":[\"Podkarpacie\",\"Wydarzenia\"],\"inLanguage\":\"sk-SK\",\"potentialAction\":[{\"@type\":\"CommentAction\",\"name\":\"Comment\",\"target\":[\"https:\/\/marekkuchcinski.pl\/sk\/wydarzenia\/kuchcinski-na-podkarpaciu-w-rownym-stopniu-co-o-ducha-dbamy-o-tezyzne-fizyczna\/#respond\"]}]},{\"@type\":\"WebPage\",\"@id\":\"https:\/\/marekkuchcinski.pl\/sk\/wydarzenia\/kuchcinski-na-podkarpaciu-w-rownym-stopniu-co-o-ducha-dbamy-o-tezyzne-fizyczna\/\",\"url\":\"https:\/\/marekkuchcinski.pl\/sk\/wydarzenia\/kuchcinski-na-podkarpaciu-w-rownym-stopniu-co-o-ducha-dbamy-o-tezyzne-fizyczna\/\",\"name\":\"Kuchci\u0144ski: Na Podkarpaciu w r\u00f3wnym stopniu, co o ducha, dbamy o t\u0119\u017cyzn\u0119 fizyczn\u0105 &#8211; Marek Kuchci\u0144ski\",\"isPartOf\":{\"@id\":\"https:\/\/marekkuchcinski.pl\/#website\"},\"primaryImageOfPage\":{\"@id\":\"https:\/\/marekkuchcinski.pl\/sk\/wydarzenia\/kuchcinski-na-podkarpaciu-w-rownym-stopniu-co-o-ducha-dbamy-o-tezyzne-fizyczna\/#primaryimage\"},\"image\":{\"@id\":\"https:\/\/marekkuchcinski.pl\/sk\/wydarzenia\/kuchcinski-na-podkarpaciu-w-rownym-stopniu-co-o-ducha-dbamy-o-tezyzne-fizyczna\/#primaryimage\"},\"thumbnailUrl\":\"https:\/\/marekkuchcinski.pl\/wp-content\/uploads\/2020\/07\/s5_edited-scaled-1-scaled.jpg\",\"datePublished\":\"2020-07-08T15:34:00+00:00\",\"dateModified\":\"2020-07-17T15:37:23+00:00\",\"breadcrumb\":{\"@id\":\"https:\/\/marekkuchcinski.pl\/sk\/wydarzenia\/kuchcinski-na-podkarpaciu-w-rownym-stopniu-co-o-ducha-dbamy-o-tezyzne-fizyczna\/#breadcrumb\"},\"inLanguage\":\"sk-SK\",\"potentialAction\":[{\"@type\":\"ReadAction\",\"target\":[\"https:\/\/marekkuchcinski.pl\/sk\/wydarzenia\/kuchcinski-na-podkarpaciu-w-rownym-stopniu-co-o-ducha-dbamy-o-tezyzne-fizyczna\/\"]}]},{\"@type\":\"ImageObject\",\"inLanguage\":\"sk-SK\",\"@id\":\"https:\/\/marekkuchcinski.pl\/sk\/wydarzenia\/kuchcinski-na-podkarpaciu-w-rownym-stopniu-co-o-ducha-dbamy-o-tezyzne-fizyczna\/#primaryimage\",\"url\":\"https:\/\/marekkuchcinski.pl\/wp-content\/uploads\/2020\/07\/s5_edited-scaled-1-scaled.jpg\",\"contentUrl\":\"https:\/\/marekkuchcinski.pl\/wp-content\/uploads\/2020\/07\/s5_edited-scaled-1-scaled.jpg\",\"width\":2048,\"height\":1436},{\"@type\":\"BreadcrumbList\",\"@id\":\"https:\/\/marekkuchcinski.pl\/sk\/wydarzenia\/kuchcinski-na-podkarpaciu-w-rownym-stopniu-co-o-ducha-dbamy-o-tezyzne-fizyczna\/#breadcrumb\",\"itemListElement\":[{\"@type\":\"ListItem\",\"position\":1,\"name\":\"Strona g\u0142\u00f3wna\",\"item\":\"https:\/\/marekkuchcinski.pl\/\"},{\"@type\":\"ListItem\",\"position\":2,\"name\":\"Kuchci\u0144ski: Na Podkarpaciu w r\u00f3wnym stopniu, co o ducha, dbamy o t\u0119\u017cyzn\u0119 fizyczn\u0105\"}]},{\"@type\":\"WebSite\",\"@id\":\"https:\/\/marekkuchcinski.pl\/#website\",\"url\":\"https:\/\/marekkuchcinski.pl\/\",\"name\":\"Marek Kuchci\u0144ski\",\"description\":\"Pose\u0142 na sejm RP &ndash; okr\u0119g nr 22\",\"publisher\":{\"@id\":\"https:\/\/marekkuchcinski.pl\/#organization\"},\"potentialAction\":[{\"@type\":\"SearchAction\",\"target\":{\"@type\":\"EntryPoint\",\"urlTemplate\":\"https:\/\/marekkuchcinski.pl\/?s={search_term_string}\"},\"query-input\":{\"@type\":\"PropertyValueSpecification\",\"valueRequired\":true,\"valueName\":\"search_term_string\"}}],\"inLanguage\":\"sk-SK\"},{\"@type\":\"Organization\",\"@id\":\"https:\/\/marekkuchcinski.pl\/#organization\",\"name\":\"Marek Kuchci\u0144ski\",\"url\":\"https:\/\/marekkuchcinski.pl\/\",\"logo\":{\"@type\":\"ImageObject\",\"inLanguage\":\"sk-SK\",\"@id\":\"https:\/\/marekkuchcinski.pl\/#\/schema\/logo\/image\/\",\"url\":\"https:\/\/marekkuchcinski.pl\/wp-content\/uploads\/2022\/09\/Marek.jpg\",\"contentUrl\":\"https:\/\/marekkuchcinski.pl\/wp-content\/uploads\/2022\/09\/Marek.jpg\",\"width\":1600,\"height\":971,\"caption\":\"Marek Kuchci\u0144ski\"},\"image\":{\"@id\":\"https:\/\/marekkuchcinski.pl\/#\/schema\/logo\/image\/\"}},{\"@type\":\"Person\",\"@id\":\"https:\/\/marekkuchcinski.pl\/#\/schema\/person\/b8a29fe7813098f7be78801d029910a7\",\"name\":\"Tomasz \u0141acina\",\"image\":{\"@type\":\"ImageObject\",\"inLanguage\":\"sk-SK\",\"@id\":\"https:\/\/marekkuchcinski.pl\/#\/schema\/person\/image\/\",\"url\":\"https:\/\/secure.gravatar.com\/avatar\/22e75f6c51aff77a676ed77dd222f852?s=96&d=mm&r=g\",\"contentUrl\":\"https:\/\/secure.gravatar.com\/avatar\/22e75f6c51aff77a676ed77dd222f852?s=96&d=mm&r=g\",\"caption\":\"Tomasz \u0141acina\"},\"url\":\"https:\/\/marekkuchcinski.pl\/sk\/author\/tomek-lacina\/\"}]}<\/script>\n<!-- \/ Yoast SEO plugin. -->","yoast_head_json":{"title":"Kuchci\u0144ski: Na Podkarpaciu w r\u00f3wnym stopniu, co o ducha, dbamy o t\u0119\u017cyzn\u0119 fizyczn\u0105 &#8211; Marek Kuchci\u0144ski","robots":{"index":"index","follow":"follow","max-snippet":"max-snippet:-1","max-image-preview":"max-image-preview:large","max-video-preview":"max-video-preview:-1"},"canonical":"https:\/\/marekkuchcinski.pl\/sk\/wydarzenia\/kuchcinski-na-podkarpaciu-w-rownym-stopniu-co-o-ducha-dbamy-o-tezyzne-fizyczna\/","og_locale":"sk_SK","og_type":"article","og_title":"Kuchci\u0144ski: Na Podkarpaciu w r\u00f3wnym stopniu, co o ducha, dbamy o t\u0119\u017cyzn\u0119 fizyczn\u0105 &#8211; Marek Kuchci\u0144ski","og_description":"Marsza\u0142ek Sejmu VIII kadencji Marek Kuchci\u0144ski, wicemarsza\u0142ek Sejmu Ryszard Terlecki i wiceminister sportu Jacek Osuch rozmawiali dzi\u015b w Przemy\u015blu o sportowym rozwoju Podkarpacia. Marek Kuchci\u0144ski podkre\u015bli\u0142, \u017ce ziemia przemyska, Podkarpacie maj\u0105 ogromne sportowe tradycje, a w niekt\u00f3rych dyscyplinach, jak narciarstwo, deklasuj\u0105 reszt\u0119 Polski. \u2013 Wsparcie dla ka\u017cdego, nawet najmniejszego klubu, sprawia, \u017ce obok si\u0142y ducha [&hellip;]","og_url":"https:\/\/marekkuchcinski.pl\/sk\/wydarzenia\/kuchcinski-na-podkarpaciu-w-rownym-stopniu-co-o-ducha-dbamy-o-tezyzne-fizyczna\/","og_site_name":"Marek Kuchci\u0144ski","article_published_time":"2020-07-08T15:34:00+00:00","article_modified_time":"2020-07-17T15:37:23+00:00","og_image":[{"width":2048,"height":1436,"url":"https:\/\/marekkuchcinski.pl\/wp-content\/uploads\/2020\/07\/s5_edited-scaled-1-scaled.jpg","type":"image\/jpeg"}],"author":"Tomasz \u0141acina","twitter_card":"summary_large_image","twitter_misc":{"Autor":"Tomasz \u0141acina","Predpokladan\u00fd \u010das \u010d\u00edtania":"2 min\u00faty"},"schema":{"@context":"https:\/\/schema.org","@graph":[{"@type":"Article","@id":"https:\/\/marekkuchcinski.pl\/sk\/wydarzenia\/kuchcinski-na-podkarpaciu-w-rownym-stopniu-co-o-ducha-dbamy-o-tezyzne-fizyczna\/#article","isPartOf":{"@id":"https:\/\/marekkuchcinski.pl\/sk\/wydarzenia\/kuchcinski-na-podkarpaciu-w-rownym-stopniu-co-o-ducha-dbamy-o-tezyzne-fizyczna\/"},"author":{"name":"Tomasz \u0141acina","@id":"https:\/\/marekkuchcinski.pl\/#\/schema\/person\/b8a29fe7813098f7be78801d029910a7"},"headline":"Kuchci\u0144ski: Na Podkarpaciu w r\u00f3wnym stopniu, co o ducha, dbamy o t\u0119\u017cyzn\u0119 fizyczn\u0105","datePublished":"2020-07-08T15:34:00+00:00","dateModified":"2020-07-17T15:37:23+00:00","mainEntityOfPage":{"@id":"https:\/\/marekkuchcinski.pl\/sk\/wydarzenia\/kuchcinski-na-podkarpaciu-w-rownym-stopniu-co-o-ducha-dbamy-o-tezyzne-fizyczna\/"},"wordCount":475,"commentCount":0,"publisher":{"@id":"https:\/\/marekkuchcinski.pl\/#organization"},"image":{"@id":"https:\/\/marekkuchcinski.pl\/sk\/wydarzenia\/kuchcinski-na-podkarpaciu-w-rownym-stopniu-co-o-ducha-dbamy-o-tezyzne-fizyczna\/#primaryimage"},"thumbnailUrl":"https:\/\/marekkuchcinski.pl\/wp-content\/uploads\/2020\/07\/s5_edited-scaled-1-scaled.jpg","articleSection":["Podkarpacie","Wydarzenia"],"inLanguage":"sk-SK","potentialAction":[{"@type":"CommentAction","name":"Comment","target":["https:\/\/marekkuchcinski.pl\/sk\/wydarzenia\/kuchcinski-na-podkarpaciu-w-rownym-stopniu-co-o-ducha-dbamy-o-tezyzne-fizyczna\/#respond"]}]},{"@type":"WebPage","@id":"https:\/\/marekkuchcinski.pl\/sk\/wydarzenia\/kuchcinski-na-podkarpaciu-w-rownym-stopniu-co-o-ducha-dbamy-o-tezyzne-fizyczna\/","url":"https:\/\/marekkuchcinski.pl\/sk\/wydarzenia\/kuchcinski-na-podkarpaciu-w-rownym-stopniu-co-o-ducha-dbamy-o-tezyzne-fizyczna\/","name":"Kuchci\u0144ski: Na Podkarpaciu w r\u00f3wnym stopniu, co o ducha, dbamy o t\u0119\u017cyzn\u0119 fizyczn\u0105 &#8211; Marek Kuchci\u0144ski","isPartOf":{"@id":"https:\/\/marekkuchcinski.pl\/#website"},"primaryImageOfPage":{"@id":"https:\/\/marekkuchcinski.pl\/sk\/wydarzenia\/kuchcinski-na-podkarpaciu-w-rownym-stopniu-co-o-ducha-dbamy-o-tezyzne-fizyczna\/#primaryimage"},"image":{"@id":"https:\/\/marekkuchcinski.pl\/sk\/wydarzenia\/kuchcinski-na-podkarpaciu-w-rownym-stopniu-co-o-ducha-dbamy-o-tezyzne-fizyczna\/#primaryimage"},"thumbnailUrl":"https:\/\/marekkuchcinski.pl\/wp-content\/uploads\/2020\/07\/s5_edited-scaled-1-scaled.jpg","datePublished":"2020-07-08T15:34:00+00:00","dateModified":"2020-07-17T15:37:23+00:00","breadcrumb":{"@id":"https:\/\/marekkuchcinski.pl\/sk\/wydarzenia\/kuchcinski-na-podkarpaciu-w-rownym-stopniu-co-o-ducha-dbamy-o-tezyzne-fizyczna\/#breadcrumb"},"inLanguage":"sk-SK","potentialAction":[{"@type":"ReadAction","target":["https:\/\/marekkuchcinski.pl\/sk\/wydarzenia\/kuchcinski-na-podkarpaciu-w-rownym-stopniu-co-o-ducha-dbamy-o-tezyzne-fizyczna\/"]}]},{"@type":"ImageObject","inLanguage":"sk-SK","@id":"https:\/\/marekkuchcinski.pl\/sk\/wydarzenia\/kuchcinski-na-podkarpaciu-w-rownym-stopniu-co-o-ducha-dbamy-o-tezyzne-fizyczna\/#primaryimage","url":"https:\/\/marekkuchcinski.pl\/wp-content\/uploads\/2020\/07\/s5_edited-scaled-1-scaled.jpg","contentUrl":"https:\/\/marekkuchcinski.pl\/wp-content\/uploads\/2020\/07\/s5_edited-scaled-1-scaled.jpg","width":2048,"height":1436},{"@type":"BreadcrumbList","@id":"https:\/\/marekkuchcinski.pl\/sk\/wydarzenia\/kuchcinski-na-podkarpaciu-w-rownym-stopniu-co-o-ducha-dbamy-o-tezyzne-fizyczna\/#breadcrumb","itemListElement":[{"@type":"ListItem","position":1,"name":"Strona g\u0142\u00f3wna","item":"https:\/\/marekkuchcinski.pl\/"},{"@type":"ListItem","position":2,"name":"Kuchci\u0144ski: Na Podkarpaciu w r\u00f3wnym stopniu, co o ducha, dbamy o t\u0119\u017cyzn\u0119 fizyczn\u0105"}]},{"@type":"WebSite","@id":"https:\/\/marekkuchcinski.pl\/#website","url":"https:\/\/marekkuchcinski.pl\/","name":"Marek Kuchci\u0144ski","description":"Pose\u0142 na sejm RP &ndash; okr\u0119g nr 22","publisher":{"@id":"https:\/\/marekkuchcinski.pl\/#organization"},"potentialAction":[{"@type":"SearchAction","target":{"@type":"EntryPoint","urlTemplate":"https:\/\/marekkuchcinski.pl\/?s={search_term_string}"},"query-input":{"@type":"PropertyValueSpecification","valueRequired":true,"valueName":"search_term_string"}}],"inLanguage":"sk-SK"},{"@type":"Organization","@id":"https:\/\/marekkuchcinski.pl\/#organization","name":"Marek Kuchci\u0144ski","url":"https:\/\/marekkuchcinski.pl\/","logo":{"@type":"ImageObject","inLanguage":"sk-SK","@id":"https:\/\/marekkuchcinski.pl\/#\/schema\/logo\/image\/","url":"https:\/\/marekkuchcinski.pl\/wp-content\/uploads\/2022\/09\/Marek.jpg","contentUrl":"https:\/\/marekkuchcinski.pl\/wp-content\/uploads\/2022\/09\/Marek.jpg","width":1600,"height":971,"caption":"Marek Kuchci\u0144ski"},"image":{"@id":"https:\/\/marekkuchcinski.pl\/#\/schema\/logo\/image\/"}},{"@type":"Person","@id":"https:\/\/marekkuchcinski.pl\/#\/schema\/person\/b8a29fe7813098f7be78801d029910a7","name":"Tomasz \u0141acina","image":{"@type":"ImageObject","inLanguage":"sk-SK","@id":"https:\/\/marekkuchcinski.pl\/#\/schema\/person\/image\/","url":"https:\/\/secure.gravatar.com\/avatar\/22e75f6c51aff77a676ed77dd222f852?s=96&d=mm&r=g","contentUrl":"https:\/\/secure.gravatar.com\/avatar\/22e75f6c51aff77a676ed77dd222f852?s=96&d=mm&r=g","caption":"Tomasz \u0141acina"},"url":"https:\/\/marekkuchcinski.pl\/sk\/author\/tomek-lacina\/"}]}},"_links":{"self":[{"href":"https:\/\/marekkuchcinski.pl\/sk\/wp-json\/wp\/v2\/posts\/19371","targetHints":{"allow":["GET"]}}],"collection":[{"href":"https:\/\/marekkuchcinski.pl\/sk\/wp-json\/wp\/v2\/posts"}],"about":[{"href":"https:\/\/marekkuchcinski.pl\/sk\/wp-json\/wp\/v2\/types\/post"}],"author":[{"embeddable":true,"href":"https:\/\/marekkuchcinski.pl\/sk\/wp-json\/wp\/v2\/users\/17"}],"replies":[{"embeddable":true,"href":"https:\/\/marekkuchcinski.pl\/sk\/wp-json\/wp\/v2\/comments?post=19371"}],"version-history":[{"count":2,"href":"https:\/\/marekkuchcinski.pl\/sk\/wp-json\/wp\/v2\/posts\/19371\/revisions"}],"predecessor-version":[{"id":19377,"href":"https:\/\/marekkuchcinski.pl\/sk\/wp-json\/wp\/v2\/posts\/19371\/revisions\/19377"}],"wp:featuredmedia":[{"embeddable":true,"href":"https:\/\/marekkuchcinski.pl\/sk\/wp-json\/wp\/v2\/media\/19374"}],"wp:attachment":[{"href":"https:\/\/marekkuchcinski.pl\/sk\/wp-json\/wp\/v2\/media?parent=19371"}],"wp:term":[{"taxonomy":"category","embeddable":true,"href":"https:\/\/marekkuchcinski.pl\/sk\/wp-json\/wp\/v2\/categories?post=19371"},{"taxonomy":"post_tag","embeddable":true,"href":"https:\/\/marekkuchcinski.pl\/sk\/wp-json\/wp\/v2\/tags?post=19371"}],"curies":[{"name":"wp","href":"https:\/\/api.w.org\/{rel}","templated":true}]}}