{"id":19325,"date":"2020-06-26T15:40:00","date_gmt":"2020-06-26T13:40:00","guid":{"rendered":"https:\/\/marek2.rkartist.pl\/?p=19325"},"modified":"2020-07-17T16:00:25","modified_gmt":"2020-07-17T14:00:25","slug":"morawiecki-na-podkarpaciu-andrzej-duda-stoi-po-stronie-zwyklych-ludzi","status":"publish","type":"post","link":"https:\/\/marekkuchcinski.pl\/sk\/wydarzenia\/morawiecki-na-podkarpaciu-andrzej-duda-stoi-po-stronie-zwyklych-ludzi\/","title":{"rendered":"Morawiecki na Podkarpatsku: Andrzej Duda je na strane oby\u010dajn\u00fdch \u013eud\u00ed"},"content":{"rendered":"<p>- Spolu s vami, p\u00e1n predseda, na\u010falej stoj\u00edme na strane oby\u010dajn\u00fdch \u013eud\u00ed. Bojujeme proti r\u00f4znym z\u00e1ujmov\u00fdm skupin\u00e1m, proti t\u00fdm, ktor\u00ed sa spol\u010dili, aby Po\u013esko be\u017ealo do kopca s kame\u0148om na nohe. Bojuje proti nim aj prezident,\" povedal Mateusz Morawiecki v Rzeszowe. Premi\u00e9r pripomenul, \u017ee Podkarpatsko dostalo od vl\u00e1dy PiS sedemkr\u00e1t v\u00e4\u010d\u0161iu finan\u010dn\u00fa podporu na infra\u0161trukt\u00faru ako od vl\u00e1dy Donalda Tuska - na Podkarpatsku bolo dokon\u010den\u00fdch 500 cestn\u00fdch invest\u00edci\u00ed. \u00a0<\/p>\n\n\n\n<p><strong>R\u00fdchla reakcia slu\u017eieb na povodne<\/strong><\/p>\n\n\n\n<p>Premi\u00e9r Mateusz Morawiecki zd\u00f4raznil, \u017ee \u0161t\u00e1t r\u00fdchlo reagoval na povod\u0148ov\u00fa situ\u00e1ciu v Podkarpatskom vojvodstve a poskytol pomoc postihnut\u00fdm. \"Z \u00fa\u010delovej rezervy vl\u00e1dy boli pridelen\u00e9 d\u00e1vky pre 79 rod\u00edn. V s\u00fa\u010dasnosti sa odhaduj\u00fa straty, aby sme mohli \u013eu\u010fom \u010do najsk\u00f4r pom\u00f4c\u0165,\" uviedol premi\u00e9r. \"Heslom na\u0161ej vl\u00e1dy je nenecha\u0165 nikoho bez pomoci,\" dodal.<\/p>\n\n\n\n<p><strong>Invest\u00edcie do prevencie pred povod\u0148ami<\/strong><\/p>\n\n\n\n<p>Vl\u00e1da pl\u00e1nuje vybudova\u0165 invest\u00edciu, ktor\u00e1 m\u00e1 pom\u00f4c\u0165 ochr\u00e1ni\u0165 obyvate\u013eov Rzeszowa a obce Krasne pred povod\u0148ami. Na tento \u00fa\u010del sa navrhne syst\u00e9m hospod\u00e1renia s vodou.<\/p>\n\n\n\n<p>Invest\u00edcia zah\u0155\u0148a v\u00fdstavbu 2 protipovod\u0148ov\u00fdch n\u00e1dr\u017e\u00ed s celkovou rozlohou 13,3 ha a kapacitou 130 000 m3. N\u00e1bre\u017eia bud\u00fa ma\u0165 tie\u017e zodpovedaj\u00faci tvar s \u010diasto\u010dn\u00fdm zv\u00fd\u0161en\u00edm brehov.<\/p>\n\n\n\n<p>Invest\u00edcia poskytne protipovod\u0148ov\u00fa ochranu pre pribli\u017ene 872 obyvate\u013eov a 273 obytn\u00fdch budov na celkovej ploche 75 ha.<\/p>\n\n\n\n<p><strong>Podpora Podkarpatsk\u00e9ho vojvodstva v r\u00e1mci vl\u00e1dnych protikr\u00edzov\u00fdch opatren\u00ed<\/strong><\/p>\n\n\n\n<p>V s\u00favislosti so situ\u00e1ciou sp\u00f4sobenou COVID-19 vl\u00e1da vy\u010dlenila viac ako 4,2 miliardy PLN na pomoc pracovn\u00edkom a podnikate\u013eom na Podkarpatsku.<\/p>\n\n\n\n<p>Protikr\u00edzov\u00fd \u0161t\u00edt: viac ako 1,3 miliardy PLN, vr\u00e1tane dot\u00e1ci\u00ed na mzdy pribli\u017ene 120 tis\u00edc zamestnancov - viac ako 0,5 miliardy PLN<br>Po\u013esk\u00fd rozvojov\u00fd fond Finan\u010dn\u00fd \u0161t\u00edt: pribli\u017ene 2,5 miliardy PLN<br>Bank Gospodarstwa Krajowego \u0160t\u00edt pomoci: pribli\u017ene 0,5 miliardy PLN<\/p>\n\n\n\n<p><strong>Invest\u00edcie do ciest v Podkarpatskom vojvodstve\u00a0\u00a0\u00a0\u00a0\u00a0\u00a0\u00a0\u00a0\u00a0\u00a0\u00a0\u00a0\u00a0\u00a0\u00a0\u00a0\u00a0\u00a0\u00a0\u00a0\u00a0\u00a0\u00a0\u00a0\u00a0\u00a0\u00a0\u00a0\u00a0\u00a0\u00a0\u00a0\u00a0\u00a0\u00a0\u00a0\u00a0\u00a0\u00a0\u00a0\u00a0\u00a0\u00a0\u00a0\u00a0\u00a0\u00a0\u00a0\u00a0\u00a0\u00a0\u00a0\u00a0\u00a0\u00a0\u00a0\u00a0\u00a0\u00a0\u00a0\u00a0\u00a0\u00a0\u00a0\u00a0\u00a0\u00a0\u00a0\u00a0\u00a0\u00a0\u00a0\u00a0\u00a0\u00a0\u00a0\u00a0\u00a0\u00a0\u00a0\u00a0\u00a0\u00a0\u00a0\u00a0\u00a0\u00a0\u00a0\u00a0\u00a0\u00a0<\/strong><\/p>\n\n\n\n<p>Na Podkarpatsku prebieha dynamick\u00fd rozvoj novej cestnej siete vr\u00e1tane v\u00fdstavby trasy Via Carpatia - r\u00fdchlostnej cesty S19.<\/p>\n\n\n\n<p>Viac ako 54 km r\u00fdchlostnej cesty S19 je vo v\u00fdstavbe a \u010fal\u0161\u00edch 85 km sa pripravuje. Pre dopravu u\u017e bolo otvoren\u00fdch viac ako 30 km (od kri\u017eovatky Soko\u0142\u00f3w Ma\u0142opolski po kri\u017eovatku Rzesz\u00f3w Po\u0142udnie). D\u013a\u017eka S19 v Podkarpatskom vojvodstve dosiahne nakoniec pribli\u017ene 169 km.<\/p>\n\n\n\n<p><strong>S19 Lublin-Rzesz\u00f3w<\/strong><\/p>\n\n\n\n<p>Celkov\u00e1 d\u013a\u017eka \u00fasekov s pl\u00e1novac\u00edm povolen\u00edm: 46 km.<br>Celkov\u00e1 hodnota invest\u00edcie: viac ako 1,3 miliardy PLN.<\/p>\n\n\n\n<p>V roku 2022. Rzesz\u00f3w bude spojen\u00fd nielen s Lublinom r\u00fdchlostnou cestou S19, ale aj s Var\u0161avou r\u00fdchlostnou cestou S17. Bude to nov\u00e9, pohodln\u00e9 a bezpe\u010dn\u00e9 cestn\u00e9 spojenie s hlavn\u00fdm mestom. Trasu dlh\u00fa pribli\u017ene 300 km, ktor\u00e1 sp\u00e1ja predmestia Rzesz\u00f3wa a Var\u0161avy, prejdete autom za menej ako 3 hodiny.<\/p>\n\n\n\n<p><strong>S19 Rzesz\u00f3w-Barwinek<\/strong><\/p>\n\n\n\n<p>Pripravuje sa viac ako 85 km bud\u00facej cesty S19 od kri\u017eovatky Rzesz\u00f3w Po\u0142udnie po \u0161t\u00e1tnu hranicu v Barwinku.<\/p>\n\n\n\n<p><strong>100 program obchvatu<\/strong><\/p>\n\n\n\n<p>V Podkarpatskom vojvodstve sa program okrem in\u00e9ho vz\u0165ahuje na obchvaty:<\/p>\n\n\n\n<p>Sanok (DK28) - 7 km: otvoren\u00e1 v janu\u00e1ri 2020; \u0165a\u017ek\u00e1 tranzitn\u00e1 doprava bola presunut\u00e1 z centra mesta.<br>Stalowa Wola a Nisko (DK77) - 15 km: hodnota invest\u00edcie je viac ako 199 mili\u00f3nov PLN; dokon\u010denie je pl\u00e1novan\u00e9 na prv\u00fd \u0161tvr\u0165rok 2021.<br>Obchvat mesta \u0141a\u0144cut (DK94) - 5,8 km: investi\u010dn\u00e1 hodnota viac ako 115 mili\u00f3nov PLN; dokon\u010denie je pl\u00e1novan\u00e9 na september 2021.<\/p>\n\n\n\n<p>V Podkarpatskom vojvodstve sa st\u00e1le pripravuje 8 obchvatov.\u00a0<\/p>\n\n\n\n<p><strong>Vl\u00e1dna podpora pre miestne cesty<\/strong><\/p>\n\n\n\n<p>V rokoch 2016 - 2020 do\u0161lo k n\u00e1rastu vl\u00e1dnej podpory na zlep\u0161enie miestnej cestnej infra\u0161trukt\u00fary.<br>V\u010faka Fondu miestnych komunik\u00e1ci\u00ed sa v roku 2019 prostriedky pre Podkarpatsk\u00e9 vojvodstvo zv\u00fd\u0161ili oproti predch\u00e1dzaj\u00facim rokom z 50 mili\u00f3nov zlot\u00fdch na viac ako 300 mili\u00f3nov zlot\u00fdch, teda o 600 percent.<br>V rokoch 2016 a\u017e 2020 sa na Podkarpatsku realizovalo 665 obecn\u00fdch a okresn\u00fdch \u00faloh s celkov\u00fdm spolufinancovan\u00edm viac ako 656 mili\u00f3nov PLN, z toho viac ako 317 mili\u00f3nov PLN z FDS v roku 2019.\u00a0<br>Celkovo bolo vybudovan\u00fdch, rekon\u0161truovan\u00fdch a opraven\u00fdch 919 km miestnych komunik\u00e1ci\u00ed.<\/p>\n\n\n\n<p><strong>Program Mosty pre regi\u00f3ny<\/strong><\/p>\n\n\n\n<p>Program poskytuje finan\u010dn\u00e9 prostriedky na pr\u00edpravu projektovej dokument\u00e1cie na v\u00fdstavbu nov\u00fdch mostov strategick\u00e9ho v\u00fdznamu pre regi\u00f3n.<br>Poskytli sme finan\u010dn\u00e9 prostriedky vo v\u00fd\u0161ke 5,8 mili\u00f3na PLN na vypracovanie projektovej dokument\u00e1cie na v\u00fdstavbu 3 nov\u00fdch mostov v Podkarpatskom vojvodstve: cez rieku San v okresoch Stalowa Wola, Jaros\u0142aw a Brzoz\u00f3w.<\/p>\n\n\n\n<p><em>zdroj: prime minister.gov<\/em><\/p>\n\n\n\n<figure class=\"wp-block-image size-large\"><img fetchpriority=\"high\" decoding=\"async\" width=\"960\" height=\"640\" src=\"https:\/\/marekkuchcinski.pl\/wp-content\/uploads\/2020\/07\/PMM-Rzesz\u00f3w.jpg\" alt=\"\" class=\"wp-image-19326\" srcset=\"https:\/\/marekkuchcinski.pl\/wp-content\/uploads\/2020\/07\/PMM-Rzesz\u00f3w.jpg 960w, https:\/\/marekkuchcinski.pl\/wp-content\/uploads\/2020\/07\/PMM-Rzesz\u00f3w-300x200.jpg 300w, https:\/\/marekkuchcinski.pl\/wp-content\/uploads\/2020\/07\/PMM-Rzesz\u00f3w-768x512.jpg 768w\" sizes=\"(max-width: 960px) 100vw, 960px\" \/><\/figure>\n\n\n\n<figure class=\"wp-block-image size-large\"><img decoding=\"async\" width=\"960\" height=\"720\" src=\"https:\/\/marekkuchcinski.pl\/wp-content\/uploads\/2020\/07\/M-rzesz\u00f3w.jpg\" alt=\"\" class=\"wp-image-19327\" srcset=\"https:\/\/marekkuchcinski.pl\/wp-content\/uploads\/2020\/07\/M-rzesz\u00f3w.jpg 960w, https:\/\/marekkuchcinski.pl\/wp-content\/uploads\/2020\/07\/M-rzesz\u00f3w-300x225.jpg 300w, https:\/\/marekkuchcinski.pl\/wp-content\/uploads\/2020\/07\/M-rzesz\u00f3w-768x576.jpg 768w\" sizes=\"(max-width: 960px) 100vw, 960px\" \/><\/figure>","protected":false},"excerpt":{"rendered":"<p>\u2013 Ca\u0142y czas stoimy razem z panem prezydentem po stronie zwyk\u0142ych ludzi. Walczymy z r\u00f3\u017cnymi grupami interes\u00f3w, z tymi, kt\u00f3rzy si\u0119 sprzysi\u0119gli, \u017ceby Polska bieg\u0142a pod g\u00f3rk\u0119 z kamieniem u nogi. Walczy z nimi te\u017c prezydent \u2013 m\u00f3wi\u0142 w Rzeszowie Mateusz Morawiecki.\u00a0Premier przypomnia\u0142, \u017ce od rz\u0105du Prawa i Sprawiedliwo\u015bci Podkarpacie otrzyma\u0142o siedmiokrotnie wi\u0119ksze wsparcie finansowe [&hellip;]<\/p>","protected":false},"author":17,"featured_media":19326,"comment_status":"open","ping_status":"open","sticky":false,"template":"","format":"standard","meta":{"ngg_post_thumbnail":0,"footnotes":""},"categories":[49,3],"tags":[],"class_list":["post-19325","post","type-post","status-publish","format-standard","has-post-thumbnail","hentry","category-podkarpacie","category-wydarzenia"],"yoast_head":"<!-- This site is optimized with the Yoast SEO plugin v24.7 - https:\/\/yoast.com\/wordpress\/plugins\/seo\/ -->\n<title>Morawiecki na Podkarpaciu: Andrzej Duda stoi po stronie zwyk\u0142ych ludzi &#8211; Marek Kuchci\u0144ski<\/title>\n<meta name=\"robots\" content=\"index, follow, max-snippet:-1, max-image-preview:large, max-video-preview:-1\" \/>\n<link rel=\"canonical\" href=\"https:\/\/marekkuchcinski.pl\/sk\/wydarzenia\/morawiecki-na-podkarpaciu-andrzej-duda-stoi-po-stronie-zwyklych-ludzi\/\" \/>\n<meta property=\"og:locale\" content=\"sk_SK\" \/>\n<meta property=\"og:type\" content=\"article\" \/>\n<meta property=\"og:title\" content=\"Morawiecki na Podkarpaciu: Andrzej Duda stoi po stronie zwyk\u0142ych ludzi &#8211; Marek Kuchci\u0144ski\" \/>\n<meta property=\"og:description\" content=\"\u2013 Ca\u0142y czas stoimy razem z panem prezydentem po stronie zwyk\u0142ych ludzi. Walczymy z r\u00f3\u017cnymi grupami interes\u00f3w, z tymi, kt\u00f3rzy si\u0119 sprzysi\u0119gli, \u017ceby Polska bieg\u0142a pod g\u00f3rk\u0119 z kamieniem u nogi. Walczy z nimi te\u017c prezydent \u2013 m\u00f3wi\u0142 w Rzeszowie Mateusz Morawiecki.\u00a0Premier przypomnia\u0142, \u017ce od rz\u0105du Prawa i Sprawiedliwo\u015bci Podkarpacie otrzyma\u0142o siedmiokrotnie wi\u0119ksze wsparcie finansowe [&hellip;]\" \/>\n<meta property=\"og:url\" content=\"https:\/\/marekkuchcinski.pl\/sk\/wydarzenia\/morawiecki-na-podkarpaciu-andrzej-duda-stoi-po-stronie-zwyklych-ludzi\/\" \/>\n<meta property=\"og:site_name\" content=\"Marek Kuchci\u0144ski\" \/>\n<meta property=\"article:published_time\" content=\"2020-06-26T13:40:00+00:00\" \/>\n<meta property=\"article:modified_time\" content=\"2020-07-17T14:00:25+00:00\" \/>\n<meta property=\"og:image\" content=\"https:\/\/marekkuchcinski.pl\/wp-content\/uploads\/2020\/07\/PMM-Rzesz\u00f3w.jpg\" \/>\n\t<meta property=\"og:image:width\" content=\"960\" \/>\n\t<meta property=\"og:image:height\" content=\"640\" \/>\n\t<meta property=\"og:image:type\" content=\"image\/jpeg\" \/>\n<meta name=\"author\" content=\"Tomasz \u0141acina\" \/>\n<meta name=\"twitter:card\" content=\"summary_large_image\" \/>\n<meta name=\"twitter:label1\" content=\"Autor\" \/>\n\t<meta name=\"twitter:data1\" content=\"Tomasz \u0141acina\" \/>\n\t<meta name=\"twitter:label2\" content=\"Predpokladan\u00fd \u010das \u010d\u00edtania\" \/>\n\t<meta name=\"twitter:data2\" content=\"3 min\u00faty\" \/>\n<script type=\"application\/ld+json\" class=\"yoast-schema-graph\">{\"@context\":\"https:\/\/schema.org\",\"@graph\":[{\"@type\":\"Article\",\"@id\":\"https:\/\/marekkuchcinski.pl\/wydarzenia\/morawiecki-na-podkarpaciu-andrzej-duda-stoi-po-stronie-zwyklych-ludzi\/#article\",\"isPartOf\":{\"@id\":\"https:\/\/marekkuchcinski.pl\/wydarzenia\/morawiecki-na-podkarpaciu-andrzej-duda-stoi-po-stronie-zwyklych-ludzi\/\"},\"author\":{\"name\":\"Tomasz \u0141acina\",\"@id\":\"https:\/\/marekkuchcinski.pl\/#\/schema\/person\/b8a29fe7813098f7be78801d029910a7\"},\"headline\":\"Morawiecki na Podkarpaciu: Andrzej Duda stoi po stronie zwyk\u0142ych ludzi\",\"datePublished\":\"2020-06-26T13:40:00+00:00\",\"dateModified\":\"2020-07-17T14:00:25+00:00\",\"mainEntityOfPage\":{\"@id\":\"https:\/\/marekkuchcinski.pl\/wydarzenia\/morawiecki-na-podkarpaciu-andrzej-duda-stoi-po-stronie-zwyklych-ludzi\/\"},\"wordCount\":699,\"commentCount\":0,\"publisher\":{\"@id\":\"https:\/\/marekkuchcinski.pl\/#organization\"},\"image\":{\"@id\":\"https:\/\/marekkuchcinski.pl\/wydarzenia\/morawiecki-na-podkarpaciu-andrzej-duda-stoi-po-stronie-zwyklych-ludzi\/#primaryimage\"},\"thumbnailUrl\":\"https:\/\/marekkuchcinski.pl\/wp-content\/uploads\/2020\/07\/PMM-Rzesz\u00f3w.jpg\",\"articleSection\":[\"Podkarpacie\",\"Wydarzenia\"],\"inLanguage\":\"sk-SK\",\"potentialAction\":[{\"@type\":\"CommentAction\",\"name\":\"Comment\",\"target\":[\"https:\/\/marekkuchcinski.pl\/wydarzenia\/morawiecki-na-podkarpaciu-andrzej-duda-stoi-po-stronie-zwyklych-ludzi\/#respond\"]}]},{\"@type\":\"WebPage\",\"@id\":\"https:\/\/marekkuchcinski.pl\/wydarzenia\/morawiecki-na-podkarpaciu-andrzej-duda-stoi-po-stronie-zwyklych-ludzi\/\",\"url\":\"https:\/\/marekkuchcinski.pl\/wydarzenia\/morawiecki-na-podkarpaciu-andrzej-duda-stoi-po-stronie-zwyklych-ludzi\/\",\"name\":\"Morawiecki na Podkarpaciu: Andrzej Duda stoi po stronie zwyk\u0142ych ludzi &#8211; Marek Kuchci\u0144ski\",\"isPartOf\":{\"@id\":\"https:\/\/marekkuchcinski.pl\/#website\"},\"primaryImageOfPage\":{\"@id\":\"https:\/\/marekkuchcinski.pl\/wydarzenia\/morawiecki-na-podkarpaciu-andrzej-duda-stoi-po-stronie-zwyklych-ludzi\/#primaryimage\"},\"image\":{\"@id\":\"https:\/\/marekkuchcinski.pl\/wydarzenia\/morawiecki-na-podkarpaciu-andrzej-duda-stoi-po-stronie-zwyklych-ludzi\/#primaryimage\"},\"thumbnailUrl\":\"https:\/\/marekkuchcinski.pl\/wp-content\/uploads\/2020\/07\/PMM-Rzesz\u00f3w.jpg\",\"datePublished\":\"2020-06-26T13:40:00+00:00\",\"dateModified\":\"2020-07-17T14:00:25+00:00\",\"breadcrumb\":{\"@id\":\"https:\/\/marekkuchcinski.pl\/wydarzenia\/morawiecki-na-podkarpaciu-andrzej-duda-stoi-po-stronie-zwyklych-ludzi\/#breadcrumb\"},\"inLanguage\":\"sk-SK\",\"potentialAction\":[{\"@type\":\"ReadAction\",\"target\":[\"https:\/\/marekkuchcinski.pl\/wydarzenia\/morawiecki-na-podkarpaciu-andrzej-duda-stoi-po-stronie-zwyklych-ludzi\/\"]}]},{\"@type\":\"ImageObject\",\"inLanguage\":\"sk-SK\",\"@id\":\"https:\/\/marekkuchcinski.pl\/wydarzenia\/morawiecki-na-podkarpaciu-andrzej-duda-stoi-po-stronie-zwyklych-ludzi\/#primaryimage\",\"url\":\"https:\/\/marekkuchcinski.pl\/wp-content\/uploads\/2020\/07\/PMM-Rzesz\u00f3w.jpg\",\"contentUrl\":\"https:\/\/marekkuchcinski.pl\/wp-content\/uploads\/2020\/07\/PMM-Rzesz\u00f3w.jpg\",\"width\":960,\"height\":640},{\"@type\":\"BreadcrumbList\",\"@id\":\"https:\/\/marekkuchcinski.pl\/wydarzenia\/morawiecki-na-podkarpaciu-andrzej-duda-stoi-po-stronie-zwyklych-ludzi\/#breadcrumb\",\"itemListElement\":[{\"@type\":\"ListItem\",\"position\":1,\"name\":\"Strona g\u0142\u00f3wna\",\"item\":\"https:\/\/marekkuchcinski.pl\/\"},{\"@type\":\"ListItem\",\"position\":2,\"name\":\"Morawiecki na Podkarpaciu: Andrzej Duda stoi po stronie zwyk\u0142ych ludzi\"}]},{\"@type\":\"WebSite\",\"@id\":\"https:\/\/marekkuchcinski.pl\/#website\",\"url\":\"https:\/\/marekkuchcinski.pl\/\",\"name\":\"Marek Kuchci\u0144ski\",\"description\":\"Pose\u0142 na sejm RP &ndash; okr\u0119g nr 22\",\"publisher\":{\"@id\":\"https:\/\/marekkuchcinski.pl\/#organization\"},\"potentialAction\":[{\"@type\":\"SearchAction\",\"target\":{\"@type\":\"EntryPoint\",\"urlTemplate\":\"https:\/\/marekkuchcinski.pl\/?s={search_term_string}\"},\"query-input\":{\"@type\":\"PropertyValueSpecification\",\"valueRequired\":true,\"valueName\":\"search_term_string\"}}],\"inLanguage\":\"sk-SK\"},{\"@type\":\"Organization\",\"@id\":\"https:\/\/marekkuchcinski.pl\/#organization\",\"name\":\"Marek Kuchci\u0144ski\",\"url\":\"https:\/\/marekkuchcinski.pl\/\",\"logo\":{\"@type\":\"ImageObject\",\"inLanguage\":\"sk-SK\",\"@id\":\"https:\/\/marekkuchcinski.pl\/#\/schema\/logo\/image\/\",\"url\":\"https:\/\/marekkuchcinski.pl\/wp-content\/uploads\/2022\/09\/Marek.jpg\",\"contentUrl\":\"https:\/\/marekkuchcinski.pl\/wp-content\/uploads\/2022\/09\/Marek.jpg\",\"width\":1600,\"height\":971,\"caption\":\"Marek Kuchci\u0144ski\"},\"image\":{\"@id\":\"https:\/\/marekkuchcinski.pl\/#\/schema\/logo\/image\/\"}},{\"@type\":\"Person\",\"@id\":\"https:\/\/marekkuchcinski.pl\/#\/schema\/person\/b8a29fe7813098f7be78801d029910a7\",\"name\":\"Tomasz \u0141acina\",\"image\":{\"@type\":\"ImageObject\",\"inLanguage\":\"sk-SK\",\"@id\":\"https:\/\/marekkuchcinski.pl\/#\/schema\/person\/image\/\",\"url\":\"https:\/\/secure.gravatar.com\/avatar\/22e75f6c51aff77a676ed77dd222f852?s=96&d=mm&r=g\",\"contentUrl\":\"https:\/\/secure.gravatar.com\/avatar\/22e75f6c51aff77a676ed77dd222f852?s=96&d=mm&r=g\",\"caption\":\"Tomasz \u0141acina\"},\"url\":\"https:\/\/marekkuchcinski.pl\/sk\/author\/tomek-lacina\/\"}]}<\/script>\n<!-- \/ Yoast SEO plugin. -->","yoast_head_json":{"title":"Morawiecki na Podkarpaciu: Andrzej Duda stoi po stronie zwyk\u0142ych ludzi &#8211; Marek Kuchci\u0144ski","robots":{"index":"index","follow":"follow","max-snippet":"max-snippet:-1","max-image-preview":"max-image-preview:large","max-video-preview":"max-video-preview:-1"},"canonical":"https:\/\/marekkuchcinski.pl\/sk\/wydarzenia\/morawiecki-na-podkarpaciu-andrzej-duda-stoi-po-stronie-zwyklych-ludzi\/","og_locale":"sk_SK","og_type":"article","og_title":"Morawiecki na Podkarpaciu: Andrzej Duda stoi po stronie zwyk\u0142ych ludzi &#8211; Marek Kuchci\u0144ski","og_description":"\u2013 Ca\u0142y czas stoimy razem z panem prezydentem po stronie zwyk\u0142ych ludzi. Walczymy z r\u00f3\u017cnymi grupami interes\u00f3w, z tymi, kt\u00f3rzy si\u0119 sprzysi\u0119gli, \u017ceby Polska bieg\u0142a pod g\u00f3rk\u0119 z kamieniem u nogi. Walczy z nimi te\u017c prezydent \u2013 m\u00f3wi\u0142 w Rzeszowie Mateusz Morawiecki.\u00a0Premier przypomnia\u0142, \u017ce od rz\u0105du Prawa i Sprawiedliwo\u015bci Podkarpacie otrzyma\u0142o siedmiokrotnie wi\u0119ksze wsparcie finansowe [&hellip;]","og_url":"https:\/\/marekkuchcinski.pl\/sk\/wydarzenia\/morawiecki-na-podkarpaciu-andrzej-duda-stoi-po-stronie-zwyklych-ludzi\/","og_site_name":"Marek Kuchci\u0144ski","article_published_time":"2020-06-26T13:40:00+00:00","article_modified_time":"2020-07-17T14:00:25+00:00","og_image":[{"width":960,"height":640,"url":"https:\/\/marekkuchcinski.pl\/wp-content\/uploads\/2020\/07\/PMM-Rzesz\u00f3w.jpg","type":"image\/jpeg"}],"author":"Tomasz \u0141acina","twitter_card":"summary_large_image","twitter_misc":{"Autor":"Tomasz \u0141acina","Predpokladan\u00fd \u010das \u010d\u00edtania":"3 min\u00faty"},"schema":{"@context":"https:\/\/schema.org","@graph":[{"@type":"Article","@id":"https:\/\/marekkuchcinski.pl\/wydarzenia\/morawiecki-na-podkarpaciu-andrzej-duda-stoi-po-stronie-zwyklych-ludzi\/#article","isPartOf":{"@id":"https:\/\/marekkuchcinski.pl\/wydarzenia\/morawiecki-na-podkarpaciu-andrzej-duda-stoi-po-stronie-zwyklych-ludzi\/"},"author":{"name":"Tomasz \u0141acina","@id":"https:\/\/marekkuchcinski.pl\/#\/schema\/person\/b8a29fe7813098f7be78801d029910a7"},"headline":"Morawiecki na Podkarpaciu: Andrzej Duda stoi po stronie zwyk\u0142ych ludzi","datePublished":"2020-06-26T13:40:00+00:00","dateModified":"2020-07-17T14:00:25+00:00","mainEntityOfPage":{"@id":"https:\/\/marekkuchcinski.pl\/wydarzenia\/morawiecki-na-podkarpaciu-andrzej-duda-stoi-po-stronie-zwyklych-ludzi\/"},"wordCount":699,"commentCount":0,"publisher":{"@id":"https:\/\/marekkuchcinski.pl\/#organization"},"image":{"@id":"https:\/\/marekkuchcinski.pl\/wydarzenia\/morawiecki-na-podkarpaciu-andrzej-duda-stoi-po-stronie-zwyklych-ludzi\/#primaryimage"},"thumbnailUrl":"https:\/\/marekkuchcinski.pl\/wp-content\/uploads\/2020\/07\/PMM-Rzesz\u00f3w.jpg","articleSection":["Podkarpacie","Wydarzenia"],"inLanguage":"sk-SK","potentialAction":[{"@type":"CommentAction","name":"Comment","target":["https:\/\/marekkuchcinski.pl\/wydarzenia\/morawiecki-na-podkarpaciu-andrzej-duda-stoi-po-stronie-zwyklych-ludzi\/#respond"]}]},{"@type":"WebPage","@id":"https:\/\/marekkuchcinski.pl\/wydarzenia\/morawiecki-na-podkarpaciu-andrzej-duda-stoi-po-stronie-zwyklych-ludzi\/","url":"https:\/\/marekkuchcinski.pl\/wydarzenia\/morawiecki-na-podkarpaciu-andrzej-duda-stoi-po-stronie-zwyklych-ludzi\/","name":"Morawiecki na Podkarpaciu: Andrzej Duda stoi po stronie zwyk\u0142ych ludzi &#8211; Marek Kuchci\u0144ski","isPartOf":{"@id":"https:\/\/marekkuchcinski.pl\/#website"},"primaryImageOfPage":{"@id":"https:\/\/marekkuchcinski.pl\/wydarzenia\/morawiecki-na-podkarpaciu-andrzej-duda-stoi-po-stronie-zwyklych-ludzi\/#primaryimage"},"image":{"@id":"https:\/\/marekkuchcinski.pl\/wydarzenia\/morawiecki-na-podkarpaciu-andrzej-duda-stoi-po-stronie-zwyklych-ludzi\/#primaryimage"},"thumbnailUrl":"https:\/\/marekkuchcinski.pl\/wp-content\/uploads\/2020\/07\/PMM-Rzesz\u00f3w.jpg","datePublished":"2020-06-26T13:40:00+00:00","dateModified":"2020-07-17T14:00:25+00:00","breadcrumb":{"@id":"https:\/\/marekkuchcinski.pl\/wydarzenia\/morawiecki-na-podkarpaciu-andrzej-duda-stoi-po-stronie-zwyklych-ludzi\/#breadcrumb"},"inLanguage":"sk-SK","potentialAction":[{"@type":"ReadAction","target":["https:\/\/marekkuchcinski.pl\/wydarzenia\/morawiecki-na-podkarpaciu-andrzej-duda-stoi-po-stronie-zwyklych-ludzi\/"]}]},{"@type":"ImageObject","inLanguage":"sk-SK","@id":"https:\/\/marekkuchcinski.pl\/wydarzenia\/morawiecki-na-podkarpaciu-andrzej-duda-stoi-po-stronie-zwyklych-ludzi\/#primaryimage","url":"https:\/\/marekkuchcinski.pl\/wp-content\/uploads\/2020\/07\/PMM-Rzesz\u00f3w.jpg","contentUrl":"https:\/\/marekkuchcinski.pl\/wp-content\/uploads\/2020\/07\/PMM-Rzesz\u00f3w.jpg","width":960,"height":640},{"@type":"BreadcrumbList","@id":"https:\/\/marekkuchcinski.pl\/wydarzenia\/morawiecki-na-podkarpaciu-andrzej-duda-stoi-po-stronie-zwyklych-ludzi\/#breadcrumb","itemListElement":[{"@type":"ListItem","position":1,"name":"Strona g\u0142\u00f3wna","item":"https:\/\/marekkuchcinski.pl\/"},{"@type":"ListItem","position":2,"name":"Morawiecki na Podkarpaciu: Andrzej Duda stoi po stronie zwyk\u0142ych ludzi"}]},{"@type":"WebSite","@id":"https:\/\/marekkuchcinski.pl\/#website","url":"https:\/\/marekkuchcinski.pl\/","name":"Marek Kuchci\u0144ski","description":"Pose\u0142 na sejm RP &ndash; okr\u0119g nr 22","publisher":{"@id":"https:\/\/marekkuchcinski.pl\/#organization"},"potentialAction":[{"@type":"SearchAction","target":{"@type":"EntryPoint","urlTemplate":"https:\/\/marekkuchcinski.pl\/?s={search_term_string}"},"query-input":{"@type":"PropertyValueSpecification","valueRequired":true,"valueName":"search_term_string"}}],"inLanguage":"sk-SK"},{"@type":"Organization","@id":"https:\/\/marekkuchcinski.pl\/#organization","name":"Marek Kuchci\u0144ski","url":"https:\/\/marekkuchcinski.pl\/","logo":{"@type":"ImageObject","inLanguage":"sk-SK","@id":"https:\/\/marekkuchcinski.pl\/#\/schema\/logo\/image\/","url":"https:\/\/marekkuchcinski.pl\/wp-content\/uploads\/2022\/09\/Marek.jpg","contentUrl":"https:\/\/marekkuchcinski.pl\/wp-content\/uploads\/2022\/09\/Marek.jpg","width":1600,"height":971,"caption":"Marek Kuchci\u0144ski"},"image":{"@id":"https:\/\/marekkuchcinski.pl\/#\/schema\/logo\/image\/"}},{"@type":"Person","@id":"https:\/\/marekkuchcinski.pl\/#\/schema\/person\/b8a29fe7813098f7be78801d029910a7","name":"Tomasz \u0141acina","image":{"@type":"ImageObject","inLanguage":"sk-SK","@id":"https:\/\/marekkuchcinski.pl\/#\/schema\/person\/image\/","url":"https:\/\/secure.gravatar.com\/avatar\/22e75f6c51aff77a676ed77dd222f852?s=96&d=mm&r=g","contentUrl":"https:\/\/secure.gravatar.com\/avatar\/22e75f6c51aff77a676ed77dd222f852?s=96&d=mm&r=g","caption":"Tomasz \u0141acina"},"url":"https:\/\/marekkuchcinski.pl\/sk\/author\/tomek-lacina\/"}]}},"_links":{"self":[{"href":"https:\/\/marekkuchcinski.pl\/sk\/wp-json\/wp\/v2\/posts\/19325","targetHints":{"allow":["GET"]}}],"collection":[{"href":"https:\/\/marekkuchcinski.pl\/sk\/wp-json\/wp\/v2\/posts"}],"about":[{"href":"https:\/\/marekkuchcinski.pl\/sk\/wp-json\/wp\/v2\/types\/post"}],"author":[{"embeddable":true,"href":"https:\/\/marekkuchcinski.pl\/sk\/wp-json\/wp\/v2\/users\/17"}],"replies":[{"embeddable":true,"href":"https:\/\/marekkuchcinski.pl\/sk\/wp-json\/wp\/v2\/comments?post=19325"}],"version-history":[{"count":1,"href":"https:\/\/marekkuchcinski.pl\/sk\/wp-json\/wp\/v2\/posts\/19325\/revisions"}],"predecessor-version":[{"id":19328,"href":"https:\/\/marekkuchcinski.pl\/sk\/wp-json\/wp\/v2\/posts\/19325\/revisions\/19328"}],"wp:featuredmedia":[{"embeddable":true,"href":"https:\/\/marekkuchcinski.pl\/sk\/wp-json\/wp\/v2\/media\/19326"}],"wp:attachment":[{"href":"https:\/\/marekkuchcinski.pl\/sk\/wp-json\/wp\/v2\/media?parent=19325"}],"wp:term":[{"taxonomy":"category","embeddable":true,"href":"https:\/\/marekkuchcinski.pl\/sk\/wp-json\/wp\/v2\/categories?post=19325"},{"taxonomy":"post_tag","embeddable":true,"href":"https:\/\/marekkuchcinski.pl\/sk\/wp-json\/wp\/v2\/tags?post=19325"}],"curies":[{"name":"wp","href":"https:\/\/api.w.org\/{rel}","templated":true}]}}