{"id":19195,"date":"2020-05-03T17:58:00","date_gmt":"2020-05-03T15:58:00","guid":{"rendered":"https:\/\/marek2.rkartist.pl\/?p=19195"},"modified":"2020-07-06T18:01:09","modified_gmt":"2020-07-06T16:01:09","slug":"wyraz-madrosci-zbiorowej-polakow","status":"publish","type":"post","link":"https:\/\/marekkuchcinski.pl\/sk\/wydarzenia\/wyraz-madrosci-zbiorowej-polakow\/","title":{"rendered":"\u00dastava 3. m\u00e1ja: v\u00fdraz kolekt\u00edvnej m\u00fadrosti Poliakov"},"content":{"rendered":"<p>Marek Kuchci\u0144ski polo\u017eil kvety ku kame\u0148u venovan\u00e9mu \u00dastave 3. m\u00e1ja v Przemy\u015bli. - Tento de\u0148 sa oslavuje u\u017e rok od jej prijatia, \u00fastava n\u00e1m dala ve\u013ek\u00fa silu, niektor\u00ed historici hovoria, \u017ee to bolo prv\u00e9 znovuz\u00edskanie nez\u00e1vislosti - povedal predseda Sejmu 8. volebn\u00e9ho obdobia. Marek Kuchci\u0144ski tie\u017e pripomenul, \u017ee pred rokom v Sejme <a href=\"https:\/\/marekkuchcinski.pl\/sk\/wydarzenia\/marek-kuchcinski-odslonil-popiersia-wspoltworcow-konstytucji-3-maja\/\">odhalenie b\u00fast dvoch mar\u0161alov Ve\u013ek\u00e9ho sejmu<\/a> (Poliak a Litovec) Stanis\u0142aw Ma\u0142achowski, ktor\u00e9ho meno je vyryt\u00e9 na kameni v Przemy\u015bli, a Kazimierz Nestor Sapieha (mar\u0161al Konfeder\u00e1cie Ve\u013ek\u00e9ho knie\u017eatstva litovsk\u00e9ho), v\u00fdznamn\u00ed politici a spoluzakladatelia \u00dastavy 3. m\u00e1ja.<\/p>\n\n\n\n<p>\u00dastava z 3. m\u00e1ja bola dielom \u0161tvorro\u010dn\u00e9ho Sejmu Po\u013esko-litovsk\u00e9ho spolo\u010denstva, ktor\u00fd dnes oslavuje Po\u013esko aj Litva. Bol tie\u017e vyvrcholen\u00edm dlhoro\u010dn\u00e9ho \u00fasilia o n\u00e1pravu po\u013esk\u00e9ho \u0161t\u00e1tu, prejavom kolekt\u00edvnej m\u00fadrosti Poliakov, ktor\u00ed sa sna\u017eili napravi\u0165 svoj vlastn\u00fd \u0161t\u00e1t upadaj\u00faci do kr\u00edzy, a d\u00f4kazom mo\u017enosti kompromisu medzi majest\u00e1tom republiky v osobe kr\u00e1\u013ea a n\u00e1rodom reprezentovan\u00fdm poslancami a sen\u00e1tormi.<\/p>\n\n\n\n<p>\u00dastava prijat\u00e1 pred 229 rokmi bola prvou v Eur\u00f3pe, a preto mala ve\u013ek\u00fd vplyv na rozvoj kon\u0161titucionalizmu, ako aj demokracie v celosvetovom meradle.  Jeho autori mali v\u00edziu obnovenej republiky a n\u00e1roda ako politick\u00e9ho spolo\u010denstva zah\u0155\u0148aj\u00faceho v\u0161etky \u0161t\u00e1ty a etnick\u00e9, jazykov\u00e9, region\u00e1lne a n\u00e1bo\u017eensk\u00e9 skupiny. Mali ich sp\u00e1ja\u0165 pr\u00e1va a slobody republiky. V z\u00e1kone o vl\u00e1de sa uv\u00e1dza: \"V\u0161etka moc \u013eudsk\u00e9ho spolo\u010denstva poch\u00e1dza z v\u00f4le n\u00e1roda\". N\u00e1rod tak bol uznan\u00fd za suver\u00e9na.<\/p>\n\n\n\n<figure class=\"wp-block-image size-large\"><img fetchpriority=\"high\" decoding=\"async\" width=\"1024\" height=\"749\" src=\"https:\/\/marekkuchcinski.pl\/wp-content\/uploads\/2020\/07\/mk-scaled-1-1024x749.jpg\" alt=\"\" class=\"wp-image-19196\" srcset=\"https:\/\/marekkuchcinski.pl\/wp-content\/uploads\/2020\/07\/mk-scaled-1-1024x749.jpg 1024w, https:\/\/marekkuchcinski.pl\/wp-content\/uploads\/2020\/07\/mk-scaled-1-300x219.jpg 300w, https:\/\/marekkuchcinski.pl\/wp-content\/uploads\/2020\/07\/mk-scaled-1-768x562.jpg 768w, https:\/\/marekkuchcinski.pl\/wp-content\/uploads\/2020\/07\/mk-scaled-1-1536x1123.jpg 1536w, https:\/\/marekkuchcinski.pl\/wp-content\/uploads\/2020\/07\/mk-scaled-1-scaled.jpg 2048w\" sizes=\"(max-width: 1024px) 100vw, 1024px\" \/><\/figure>\n\n\n\n<figure class=\"wp-block-image size-large\"><img decoding=\"async\" width=\"1024\" height=\"681\" src=\"https:\/\/marekkuchcinski.pl\/wp-content\/uploads\/2020\/07\/95700265_230126981753828_236361318838304768_n_edited-scaled-1-1024x681.jpg\" alt=\"\" class=\"wp-image-19197\" srcset=\"https:\/\/marekkuchcinski.pl\/wp-content\/uploads\/2020\/07\/95700265_230126981753828_236361318838304768_n_edited-scaled-1-1024x681.jpg 1024w, https:\/\/marekkuchcinski.pl\/wp-content\/uploads\/2020\/07\/95700265_230126981753828_236361318838304768_n_edited-scaled-1-300x199.jpg 300w, https:\/\/marekkuchcinski.pl\/wp-content\/uploads\/2020\/07\/95700265_230126981753828_236361318838304768_n_edited-scaled-1-768x511.jpg 768w, https:\/\/marekkuchcinski.pl\/wp-content\/uploads\/2020\/07\/95700265_230126981753828_236361318838304768_n_edited-scaled-1-1536x1021.jpg 1536w, https:\/\/marekkuchcinski.pl\/wp-content\/uploads\/2020\/07\/95700265_230126981753828_236361318838304768_n_edited-scaled-1-scaled.jpg 2048w\" sizes=\"(max-width: 1024px) 100vw, 1024px\" \/><\/figure>\n\n\n\n<figure class=\"wp-block-image size-large\"><img decoding=\"async\" width=\"1024\" height=\"814\" src=\"https:\/\/marekkuchcinski.pl\/wp-content\/uploads\/2020\/07\/95929280_332113851100451_8500372957531471872_n-scaled-1-1024x814.jpg\" alt=\"\" class=\"wp-image-19198\" srcset=\"https:\/\/marekkuchcinski.pl\/wp-content\/uploads\/2020\/07\/95929280_332113851100451_8500372957531471872_n-scaled-1-1024x814.jpg 1024w, https:\/\/marekkuchcinski.pl\/wp-content\/uploads\/2020\/07\/95929280_332113851100451_8500372957531471872_n-scaled-1-300x239.jpg 300w, https:\/\/marekkuchcinski.pl\/wp-content\/uploads\/2020\/07\/95929280_332113851100451_8500372957531471872_n-scaled-1-768x611.jpg 768w, https:\/\/marekkuchcinski.pl\/wp-content\/uploads\/2020\/07\/95929280_332113851100451_8500372957531471872_n-scaled-1-1536x1222.jpg 1536w, https:\/\/marekkuchcinski.pl\/wp-content\/uploads\/2020\/07\/95929280_332113851100451_8500372957531471872_n-scaled-1-scaled.jpg 2048w\" sizes=\"(max-width: 1024px) 100vw, 1024px\" \/><\/figure>\n\n\n\n<figure class=\"wp-block-image size-large\"><img loading=\"lazy\" decoding=\"async\" width=\"1024\" height=\"768\" src=\"https:\/\/marekkuchcinski.pl\/wp-content\/uploads\/2020\/07\/95708056_234054781253840_5069462350302543872_n-scaled-1-1024x768.jpg\" alt=\"\" class=\"wp-image-19199\" srcset=\"https:\/\/marekkuchcinski.pl\/wp-content\/uploads\/2020\/07\/95708056_234054781253840_5069462350302543872_n-scaled-1-1024x768.jpg 1024w, https:\/\/marekkuchcinski.pl\/wp-content\/uploads\/2020\/07\/95708056_234054781253840_5069462350302543872_n-scaled-1-300x225.jpg 300w, https:\/\/marekkuchcinski.pl\/wp-content\/uploads\/2020\/07\/95708056_234054781253840_5069462350302543872_n-scaled-1-768x576.jpg 768w, https:\/\/marekkuchcinski.pl\/wp-content\/uploads\/2020\/07\/95708056_234054781253840_5069462350302543872_n-scaled-1-1536x1152.jpg 1536w, https:\/\/marekkuchcinski.pl\/wp-content\/uploads\/2020\/07\/95708056_234054781253840_5069462350302543872_n-scaled-1-scaled.jpg 2048w\" sizes=\"(max-width: 1024px) 100vw, 1024px\" \/><figcaption>Obelisk pripom\u00ednaj\u00faci zakladate\u013eov \u00dastavy 3. m\u00e1ja. Bol odhalen\u00fd v roku 1891, pri pr\u00edle\u017eitosti 100. v\u00fdro\u010dia prijatia \u00fastavy. Na \u0161tyroch stran\u00e1ch podstavca s\u00fa nap\u00edsan\u00e9 men\u00e1 t\u00fdch, ktor\u00ed sa podie\u013eali na vypracovan\u00ed \u00fastavy:<br>Hugo Ko\u0142\u0142\u0105taj - k\u0148az, rektor a reform\u00e1tor krakovskej akad\u00e9mie a aktivista Komisie n\u00e1rodn\u00e9ho vzdel\u00e1vania,<br>Ignacy Potocki - Ve\u013ek\u00fd mar\u0161al Litvy,<br>Stanis\u0142aw Ma\u0142achowski - mar\u0161al \u0161tvorro\u010dn\u00e9ho Sejmu.<br>Jan Dekert - var\u0161avsk\u00fd starosta bojuj\u00faci za pr\u00e1va bur\u017eo\u00e1zie, ktor\u00fd 2. decembra 1789 viedol tzv. \u010dierny pochod - politick\u00fa demon\u0161tr\u00e1ciu deleg\u00e1tov zo 190 miest republiky.<\/figcaption><\/figure>\n\n\n\n<figure class=\"wp-block-image size-large\"><img loading=\"lazy\" decoding=\"async\" width=\"1024\" height=\"768\" src=\"https:\/\/marekkuchcinski.pl\/wp-content\/uploads\/2020\/07\/95634699_236174740812744_5166033989873434624_n-scaled-1-1024x768.jpg\" alt=\"\" class=\"wp-image-19200\" srcset=\"https:\/\/marekkuchcinski.pl\/wp-content\/uploads\/2020\/07\/95634699_236174740812744_5166033989873434624_n-scaled-1-1024x768.jpg 1024w, https:\/\/marekkuchcinski.pl\/wp-content\/uploads\/2020\/07\/95634699_236174740812744_5166033989873434624_n-scaled-1-300x225.jpg 300w, https:\/\/marekkuchcinski.pl\/wp-content\/uploads\/2020\/07\/95634699_236174740812744_5166033989873434624_n-scaled-1-768x576.jpg 768w, https:\/\/marekkuchcinski.pl\/wp-content\/uploads\/2020\/07\/95634699_236174740812744_5166033989873434624_n-scaled-1-1536x1152.jpg 1536w, https:\/\/marekkuchcinski.pl\/wp-content\/uploads\/2020\/07\/95634699_236174740812744_5166033989873434624_n-scaled-1-scaled.jpg 2048w\" sizes=\"(max-width: 1024px) 100vw, 1024px\" \/><\/figure>\n\n\n\n<figure class=\"wp-block-image size-large\"><img loading=\"lazy\" decoding=\"async\" width=\"1024\" height=\"768\" src=\"https:\/\/marekkuchcinski.pl\/wp-content\/uploads\/2020\/07\/95606558_2991454810912273_6056264368260120576_n-scaled-1-1024x768.jpg\" alt=\"\" class=\"wp-image-19201\" srcset=\"https:\/\/marekkuchcinski.pl\/wp-content\/uploads\/2020\/07\/95606558_2991454810912273_6056264368260120576_n-scaled-1-1024x768.jpg 1024w, https:\/\/marekkuchcinski.pl\/wp-content\/uploads\/2020\/07\/95606558_2991454810912273_6056264368260120576_n-scaled-1-300x225.jpg 300w, https:\/\/marekkuchcinski.pl\/wp-content\/uploads\/2020\/07\/95606558_2991454810912273_6056264368260120576_n-scaled-1-768x576.jpg 768w, https:\/\/marekkuchcinski.pl\/wp-content\/uploads\/2020\/07\/95606558_2991454810912273_6056264368260120576_n-scaled-1-1536x1152.jpg 1536w, https:\/\/marekkuchcinski.pl\/wp-content\/uploads\/2020\/07\/95606558_2991454810912273_6056264368260120576_n-scaled-1-scaled.jpg 2048w\" sizes=\"(max-width: 1024px) 100vw, 1024px\" \/><\/figure>\n\n\n\n<figure class=\"wp-block-image size-large\"><img loading=\"lazy\" decoding=\"async\" width=\"1024\" height=\"768\" src=\"https:\/\/marekkuchcinski.pl\/wp-content\/uploads\/2020\/07\/95788355_2627335094212230_4342019358512381952_n-scaled-1-1024x768.jpg\" alt=\"\" class=\"wp-image-19202\" srcset=\"https:\/\/marekkuchcinski.pl\/wp-content\/uploads\/2020\/07\/95788355_2627335094212230_4342019358512381952_n-scaled-1-1024x768.jpg 1024w, https:\/\/marekkuchcinski.pl\/wp-content\/uploads\/2020\/07\/95788355_2627335094212230_4342019358512381952_n-scaled-1-300x225.jpg 300w, https:\/\/marekkuchcinski.pl\/wp-content\/uploads\/2020\/07\/95788355_2627335094212230_4342019358512381952_n-scaled-1-768x576.jpg 768w, https:\/\/marekkuchcinski.pl\/wp-content\/uploads\/2020\/07\/95788355_2627335094212230_4342019358512381952_n-scaled-1-1536x1152.jpg 1536w, https:\/\/marekkuchcinski.pl\/wp-content\/uploads\/2020\/07\/95788355_2627335094212230_4342019358512381952_n-scaled-1-scaled.jpg 2048w\" sizes=\"(max-width: 1024px) 100vw, 1024px\" \/><\/figure>","protected":false},"excerpt":{"rendered":"<p>Marek Kuchci\u0144ski z\u0142o\u017cy\u0142 kwiaty przy kamieniu po\u015bwi\u0119conym Konstytucji 3 maja w Przemy\u015blu. \u2013 Ten dzie\u0144 jest \u015bwi\u0119tem ju\u017c rok od uchwalenia, Konstytucja da\u0142a nam wielk\u0105 si\u0142\u0119, niekt\u00f3rzy historycy twierdz\u0105, \u017ce by\u0142o to pierwsze odzyskanie niepodleg\u0142o\u015bci \u2013 powiedzia\u0142 marsza\u0142ek Sejmu VIII kadencji. Marek Kuchci\u0144ski przypomnia\u0142 tak\u017ce, \u017ce rok temu w Sejmie ods\u0142oni\u0119to popiersia dw\u00f3ch marsza\u0142k\u00f3w Sejmu [&hellip;]<\/p>","protected":false},"author":17,"featured_media":19196,"comment_status":"open","ping_status":"open","sticky":false,"template":"","format":"standard","meta":{"ngg_post_thumbnail":0,"footnotes":""},"categories":[49,77,81,3],"tags":[],"class_list":["post-19195","post","type-post","status-publish","format-standard","has-post-thumbnail","hentry","category-podkarpacie","category-wazne-daty","category-wiesci-z-sejmu","category-wydarzenia"],"yoast_head":"<!-- This site is optimized with the Yoast SEO plugin v24.7 - https:\/\/yoast.com\/wordpress\/plugins\/seo\/ -->\n<title>Konstytucja 3 maja: wyraz m\u0105dro\u015bci zbiorowej Polak\u00f3w &#8211; Marek Kuchci\u0144ski<\/title>\n<meta name=\"robots\" content=\"index, follow, max-snippet:-1, max-image-preview:large, max-video-preview:-1\" \/>\n<link rel=\"canonical\" href=\"https:\/\/marekkuchcinski.pl\/sk\/wydarzenia\/wyraz-madrosci-zbiorowej-polakow\/\" \/>\n<meta property=\"og:locale\" content=\"sk_SK\" \/>\n<meta property=\"og:type\" content=\"article\" \/>\n<meta property=\"og:title\" content=\"Konstytucja 3 maja: wyraz m\u0105dro\u015bci zbiorowej Polak\u00f3w &#8211; Marek Kuchci\u0144ski\" \/>\n<meta property=\"og:description\" content=\"Marek Kuchci\u0144ski z\u0142o\u017cy\u0142 kwiaty przy kamieniu po\u015bwi\u0119conym Konstytucji 3 maja w Przemy\u015blu. \u2013 Ten dzie\u0144 jest \u015bwi\u0119tem ju\u017c rok od uchwalenia, Konstytucja da\u0142a nam wielk\u0105 si\u0142\u0119, niekt\u00f3rzy historycy twierdz\u0105, \u017ce by\u0142o to pierwsze odzyskanie niepodleg\u0142o\u015bci \u2013 powiedzia\u0142 marsza\u0142ek Sejmu VIII kadencji. Marek Kuchci\u0144ski przypomnia\u0142 tak\u017ce, \u017ce rok temu w Sejmie ods\u0142oni\u0119to popiersia dw\u00f3ch marsza\u0142k\u00f3w Sejmu [&hellip;]\" \/>\n<meta property=\"og:url\" content=\"https:\/\/marekkuchcinski.pl\/sk\/wydarzenia\/wyraz-madrosci-zbiorowej-polakow\/\" \/>\n<meta property=\"og:site_name\" content=\"Marek Kuchci\u0144ski\" \/>\n<meta property=\"article:published_time\" content=\"2020-05-03T15:58:00+00:00\" \/>\n<meta property=\"article:modified_time\" content=\"2020-07-06T16:01:09+00:00\" \/>\n<meta property=\"og:image\" content=\"https:\/\/marekkuchcinski.pl\/wp-content\/uploads\/2020\/07\/mk-scaled-1-scaled.jpg\" \/>\n\t<meta property=\"og:image:width\" content=\"2048\" \/>\n\t<meta property=\"og:image:height\" content=\"1498\" \/>\n\t<meta property=\"og:image:type\" content=\"image\/jpeg\" \/>\n<meta name=\"author\" content=\"Tomasz \u0141acina\" \/>\n<meta name=\"twitter:card\" content=\"summary_large_image\" \/>\n<meta name=\"twitter:label1\" content=\"Autor\" \/>\n\t<meta name=\"twitter:data1\" content=\"Tomasz \u0141acina\" \/>\n\t<meta name=\"twitter:label2\" content=\"Predpokladan\u00fd \u010das \u010d\u00edtania\" \/>\n\t<meta name=\"twitter:data2\" content=\"2 min\u00faty\" \/>\n<script type=\"application\/ld+json\" class=\"yoast-schema-graph\">{\"@context\":\"https:\/\/schema.org\",\"@graph\":[{\"@type\":\"Article\",\"@id\":\"https:\/\/marekkuchcinski.pl\/cs\/wydarzenia\/wyraz-madrosci-zbiorowej-polakow\/#article\",\"isPartOf\":{\"@id\":\"https:\/\/marekkuchcinski.pl\/cs\/wydarzenia\/wyraz-madrosci-zbiorowej-polakow\/\"},\"author\":{\"name\":\"Tomasz \u0141acina\",\"@id\":\"https:\/\/marekkuchcinski.pl\/#\/schema\/person\/b8a29fe7813098f7be78801d029910a7\"},\"headline\":\"Konstytucja 3 maja: wyraz m\u0105dro\u015bci zbiorowej Polak\u00f3w\",\"datePublished\":\"2020-05-03T15:58:00+00:00\",\"dateModified\":\"2020-07-06T16:01:09+00:00\",\"mainEntityOfPage\":{\"@id\":\"https:\/\/marekkuchcinski.pl\/cs\/wydarzenia\/wyraz-madrosci-zbiorowej-polakow\/\"},\"wordCount\":372,\"commentCount\":0,\"publisher\":{\"@id\":\"https:\/\/marekkuchcinski.pl\/#organization\"},\"image\":{\"@id\":\"https:\/\/marekkuchcinski.pl\/cs\/wydarzenia\/wyraz-madrosci-zbiorowej-polakow\/#primaryimage\"},\"thumbnailUrl\":\"https:\/\/marekkuchcinski.pl\/wp-content\/uploads\/2020\/07\/mk-scaled-1-scaled.jpg\",\"articleSection\":[\"Podkarpacie\",\"Wa\u017cne daty\",\"Wie\u015bci z Sejmu\",\"Wydarzenia\"],\"inLanguage\":\"sk-SK\",\"potentialAction\":[{\"@type\":\"CommentAction\",\"name\":\"Comment\",\"target\":[\"https:\/\/marekkuchcinski.pl\/cs\/wydarzenia\/wyraz-madrosci-zbiorowej-polakow\/#respond\"]}]},{\"@type\":\"WebPage\",\"@id\":\"https:\/\/marekkuchcinski.pl\/cs\/wydarzenia\/wyraz-madrosci-zbiorowej-polakow\/\",\"url\":\"https:\/\/marekkuchcinski.pl\/cs\/wydarzenia\/wyraz-madrosci-zbiorowej-polakow\/\",\"name\":\"Konstytucja 3 maja: wyraz m\u0105dro\u015bci zbiorowej Polak\u00f3w &#8211; Marek Kuchci\u0144ski\",\"isPartOf\":{\"@id\":\"https:\/\/marekkuchcinski.pl\/#website\"},\"primaryImageOfPage\":{\"@id\":\"https:\/\/marekkuchcinski.pl\/cs\/wydarzenia\/wyraz-madrosci-zbiorowej-polakow\/#primaryimage\"},\"image\":{\"@id\":\"https:\/\/marekkuchcinski.pl\/cs\/wydarzenia\/wyraz-madrosci-zbiorowej-polakow\/#primaryimage\"},\"thumbnailUrl\":\"https:\/\/marekkuchcinski.pl\/wp-content\/uploads\/2020\/07\/mk-scaled-1-scaled.jpg\",\"datePublished\":\"2020-05-03T15:58:00+00:00\",\"dateModified\":\"2020-07-06T16:01:09+00:00\",\"breadcrumb\":{\"@id\":\"https:\/\/marekkuchcinski.pl\/cs\/wydarzenia\/wyraz-madrosci-zbiorowej-polakow\/#breadcrumb\"},\"inLanguage\":\"sk-SK\",\"potentialAction\":[{\"@type\":\"ReadAction\",\"target\":[\"https:\/\/marekkuchcinski.pl\/cs\/wydarzenia\/wyraz-madrosci-zbiorowej-polakow\/\"]}]},{\"@type\":\"ImageObject\",\"inLanguage\":\"sk-SK\",\"@id\":\"https:\/\/marekkuchcinski.pl\/cs\/wydarzenia\/wyraz-madrosci-zbiorowej-polakow\/#primaryimage\",\"url\":\"https:\/\/marekkuchcinski.pl\/wp-content\/uploads\/2020\/07\/mk-scaled-1-scaled.jpg\",\"contentUrl\":\"https:\/\/marekkuchcinski.pl\/wp-content\/uploads\/2020\/07\/mk-scaled-1-scaled.jpg\",\"width\":2048,\"height\":1498},{\"@type\":\"BreadcrumbList\",\"@id\":\"https:\/\/marekkuchcinski.pl\/cs\/wydarzenia\/wyraz-madrosci-zbiorowej-polakow\/#breadcrumb\",\"itemListElement\":[{\"@type\":\"ListItem\",\"position\":1,\"name\":\"Strona g\u0142\u00f3wna\",\"item\":\"https:\/\/marekkuchcinski.pl\/\"},{\"@type\":\"ListItem\",\"position\":2,\"name\":\"Konstytucja 3 maja: wyraz m\u0105dro\u015bci zbiorowej Polak\u00f3w\"}]},{\"@type\":\"WebSite\",\"@id\":\"https:\/\/marekkuchcinski.pl\/#website\",\"url\":\"https:\/\/marekkuchcinski.pl\/\",\"name\":\"Marek Kuchci\u0144ski\",\"description\":\"Pose\u0142 na sejm RP &ndash; okr\u0119g nr 22\",\"publisher\":{\"@id\":\"https:\/\/marekkuchcinski.pl\/#organization\"},\"potentialAction\":[{\"@type\":\"SearchAction\",\"target\":{\"@type\":\"EntryPoint\",\"urlTemplate\":\"https:\/\/marekkuchcinski.pl\/?s={search_term_string}\"},\"query-input\":{\"@type\":\"PropertyValueSpecification\",\"valueRequired\":true,\"valueName\":\"search_term_string\"}}],\"inLanguage\":\"sk-SK\"},{\"@type\":\"Organization\",\"@id\":\"https:\/\/marekkuchcinski.pl\/#organization\",\"name\":\"Marek Kuchci\u0144ski\",\"url\":\"https:\/\/marekkuchcinski.pl\/\",\"logo\":{\"@type\":\"ImageObject\",\"inLanguage\":\"sk-SK\",\"@id\":\"https:\/\/marekkuchcinski.pl\/#\/schema\/logo\/image\/\",\"url\":\"https:\/\/marekkuchcinski.pl\/wp-content\/uploads\/2022\/09\/Marek.jpg\",\"contentUrl\":\"https:\/\/marekkuchcinski.pl\/wp-content\/uploads\/2022\/09\/Marek.jpg\",\"width\":1600,\"height\":971,\"caption\":\"Marek Kuchci\u0144ski\"},\"image\":{\"@id\":\"https:\/\/marekkuchcinski.pl\/#\/schema\/logo\/image\/\"}},{\"@type\":\"Person\",\"@id\":\"https:\/\/marekkuchcinski.pl\/#\/schema\/person\/b8a29fe7813098f7be78801d029910a7\",\"name\":\"Tomasz \u0141acina\",\"image\":{\"@type\":\"ImageObject\",\"inLanguage\":\"sk-SK\",\"@id\":\"https:\/\/marekkuchcinski.pl\/#\/schema\/person\/image\/\",\"url\":\"https:\/\/secure.gravatar.com\/avatar\/22e75f6c51aff77a676ed77dd222f852?s=96&d=mm&r=g\",\"contentUrl\":\"https:\/\/secure.gravatar.com\/avatar\/22e75f6c51aff77a676ed77dd222f852?s=96&d=mm&r=g\",\"caption\":\"Tomasz \u0141acina\"},\"url\":\"https:\/\/marekkuchcinski.pl\/sk\/author\/tomek-lacina\/\"}]}<\/script>\n<!-- \/ Yoast SEO plugin. -->","yoast_head_json":{"title":"Konstytucja 3 maja: wyraz m\u0105dro\u015bci zbiorowej Polak\u00f3w &#8211; Marek Kuchci\u0144ski","robots":{"index":"index","follow":"follow","max-snippet":"max-snippet:-1","max-image-preview":"max-image-preview:large","max-video-preview":"max-video-preview:-1"},"canonical":"https:\/\/marekkuchcinski.pl\/sk\/wydarzenia\/wyraz-madrosci-zbiorowej-polakow\/","og_locale":"sk_SK","og_type":"article","og_title":"Konstytucja 3 maja: wyraz m\u0105dro\u015bci zbiorowej Polak\u00f3w &#8211; Marek Kuchci\u0144ski","og_description":"Marek Kuchci\u0144ski z\u0142o\u017cy\u0142 kwiaty przy kamieniu po\u015bwi\u0119conym Konstytucji 3 maja w Przemy\u015blu. \u2013 Ten dzie\u0144 jest \u015bwi\u0119tem ju\u017c rok od uchwalenia, Konstytucja da\u0142a nam wielk\u0105 si\u0142\u0119, niekt\u00f3rzy historycy twierdz\u0105, \u017ce by\u0142o to pierwsze odzyskanie niepodleg\u0142o\u015bci \u2013 powiedzia\u0142 marsza\u0142ek Sejmu VIII kadencji. Marek Kuchci\u0144ski przypomnia\u0142 tak\u017ce, \u017ce rok temu w Sejmie ods\u0142oni\u0119to popiersia dw\u00f3ch marsza\u0142k\u00f3w Sejmu [&hellip;]","og_url":"https:\/\/marekkuchcinski.pl\/sk\/wydarzenia\/wyraz-madrosci-zbiorowej-polakow\/","og_site_name":"Marek Kuchci\u0144ski","article_published_time":"2020-05-03T15:58:00+00:00","article_modified_time":"2020-07-06T16:01:09+00:00","og_image":[{"width":2048,"height":1498,"url":"https:\/\/marekkuchcinski.pl\/wp-content\/uploads\/2020\/07\/mk-scaled-1-scaled.jpg","type":"image\/jpeg"}],"author":"Tomasz \u0141acina","twitter_card":"summary_large_image","twitter_misc":{"Autor":"Tomasz \u0141acina","Predpokladan\u00fd \u010das \u010d\u00edtania":"2 min\u00faty"},"schema":{"@context":"https:\/\/schema.org","@graph":[{"@type":"Article","@id":"https:\/\/marekkuchcinski.pl\/cs\/wydarzenia\/wyraz-madrosci-zbiorowej-polakow\/#article","isPartOf":{"@id":"https:\/\/marekkuchcinski.pl\/cs\/wydarzenia\/wyraz-madrosci-zbiorowej-polakow\/"},"author":{"name":"Tomasz \u0141acina","@id":"https:\/\/marekkuchcinski.pl\/#\/schema\/person\/b8a29fe7813098f7be78801d029910a7"},"headline":"Konstytucja 3 maja: wyraz m\u0105dro\u015bci zbiorowej Polak\u00f3w","datePublished":"2020-05-03T15:58:00+00:00","dateModified":"2020-07-06T16:01:09+00:00","mainEntityOfPage":{"@id":"https:\/\/marekkuchcinski.pl\/cs\/wydarzenia\/wyraz-madrosci-zbiorowej-polakow\/"},"wordCount":372,"commentCount":0,"publisher":{"@id":"https:\/\/marekkuchcinski.pl\/#organization"},"image":{"@id":"https:\/\/marekkuchcinski.pl\/cs\/wydarzenia\/wyraz-madrosci-zbiorowej-polakow\/#primaryimage"},"thumbnailUrl":"https:\/\/marekkuchcinski.pl\/wp-content\/uploads\/2020\/07\/mk-scaled-1-scaled.jpg","articleSection":["Podkarpacie","Wa\u017cne daty","Wie\u015bci z Sejmu","Wydarzenia"],"inLanguage":"sk-SK","potentialAction":[{"@type":"CommentAction","name":"Comment","target":["https:\/\/marekkuchcinski.pl\/cs\/wydarzenia\/wyraz-madrosci-zbiorowej-polakow\/#respond"]}]},{"@type":"WebPage","@id":"https:\/\/marekkuchcinski.pl\/cs\/wydarzenia\/wyraz-madrosci-zbiorowej-polakow\/","url":"https:\/\/marekkuchcinski.pl\/cs\/wydarzenia\/wyraz-madrosci-zbiorowej-polakow\/","name":"Konstytucja 3 maja: wyraz m\u0105dro\u015bci zbiorowej Polak\u00f3w &#8211; Marek Kuchci\u0144ski","isPartOf":{"@id":"https:\/\/marekkuchcinski.pl\/#website"},"primaryImageOfPage":{"@id":"https:\/\/marekkuchcinski.pl\/cs\/wydarzenia\/wyraz-madrosci-zbiorowej-polakow\/#primaryimage"},"image":{"@id":"https:\/\/marekkuchcinski.pl\/cs\/wydarzenia\/wyraz-madrosci-zbiorowej-polakow\/#primaryimage"},"thumbnailUrl":"https:\/\/marekkuchcinski.pl\/wp-content\/uploads\/2020\/07\/mk-scaled-1-scaled.jpg","datePublished":"2020-05-03T15:58:00+00:00","dateModified":"2020-07-06T16:01:09+00:00","breadcrumb":{"@id":"https:\/\/marekkuchcinski.pl\/cs\/wydarzenia\/wyraz-madrosci-zbiorowej-polakow\/#breadcrumb"},"inLanguage":"sk-SK","potentialAction":[{"@type":"ReadAction","target":["https:\/\/marekkuchcinski.pl\/cs\/wydarzenia\/wyraz-madrosci-zbiorowej-polakow\/"]}]},{"@type":"ImageObject","inLanguage":"sk-SK","@id":"https:\/\/marekkuchcinski.pl\/cs\/wydarzenia\/wyraz-madrosci-zbiorowej-polakow\/#primaryimage","url":"https:\/\/marekkuchcinski.pl\/wp-content\/uploads\/2020\/07\/mk-scaled-1-scaled.jpg","contentUrl":"https:\/\/marekkuchcinski.pl\/wp-content\/uploads\/2020\/07\/mk-scaled-1-scaled.jpg","width":2048,"height":1498},{"@type":"BreadcrumbList","@id":"https:\/\/marekkuchcinski.pl\/cs\/wydarzenia\/wyraz-madrosci-zbiorowej-polakow\/#breadcrumb","itemListElement":[{"@type":"ListItem","position":1,"name":"Strona g\u0142\u00f3wna","item":"https:\/\/marekkuchcinski.pl\/"},{"@type":"ListItem","position":2,"name":"Konstytucja 3 maja: wyraz m\u0105dro\u015bci zbiorowej Polak\u00f3w"}]},{"@type":"WebSite","@id":"https:\/\/marekkuchcinski.pl\/#website","url":"https:\/\/marekkuchcinski.pl\/","name":"Marek Kuchci\u0144ski","description":"Pose\u0142 na sejm RP &ndash; okr\u0119g nr 22","publisher":{"@id":"https:\/\/marekkuchcinski.pl\/#organization"},"potentialAction":[{"@type":"SearchAction","target":{"@type":"EntryPoint","urlTemplate":"https:\/\/marekkuchcinski.pl\/?s={search_term_string}"},"query-input":{"@type":"PropertyValueSpecification","valueRequired":true,"valueName":"search_term_string"}}],"inLanguage":"sk-SK"},{"@type":"Organization","@id":"https:\/\/marekkuchcinski.pl\/#organization","name":"Marek Kuchci\u0144ski","url":"https:\/\/marekkuchcinski.pl\/","logo":{"@type":"ImageObject","inLanguage":"sk-SK","@id":"https:\/\/marekkuchcinski.pl\/#\/schema\/logo\/image\/","url":"https:\/\/marekkuchcinski.pl\/wp-content\/uploads\/2022\/09\/Marek.jpg","contentUrl":"https:\/\/marekkuchcinski.pl\/wp-content\/uploads\/2022\/09\/Marek.jpg","width":1600,"height":971,"caption":"Marek Kuchci\u0144ski"},"image":{"@id":"https:\/\/marekkuchcinski.pl\/#\/schema\/logo\/image\/"}},{"@type":"Person","@id":"https:\/\/marekkuchcinski.pl\/#\/schema\/person\/b8a29fe7813098f7be78801d029910a7","name":"Tomasz \u0141acina","image":{"@type":"ImageObject","inLanguage":"sk-SK","@id":"https:\/\/marekkuchcinski.pl\/#\/schema\/person\/image\/","url":"https:\/\/secure.gravatar.com\/avatar\/22e75f6c51aff77a676ed77dd222f852?s=96&d=mm&r=g","contentUrl":"https:\/\/secure.gravatar.com\/avatar\/22e75f6c51aff77a676ed77dd222f852?s=96&d=mm&r=g","caption":"Tomasz \u0141acina"},"url":"https:\/\/marekkuchcinski.pl\/sk\/author\/tomek-lacina\/"}]}},"_links":{"self":[{"href":"https:\/\/marekkuchcinski.pl\/sk\/wp-json\/wp\/v2\/posts\/19195","targetHints":{"allow":["GET"]}}],"collection":[{"href":"https:\/\/marekkuchcinski.pl\/sk\/wp-json\/wp\/v2\/posts"}],"about":[{"href":"https:\/\/marekkuchcinski.pl\/sk\/wp-json\/wp\/v2\/types\/post"}],"author":[{"embeddable":true,"href":"https:\/\/marekkuchcinski.pl\/sk\/wp-json\/wp\/v2\/users\/17"}],"replies":[{"embeddable":true,"href":"https:\/\/marekkuchcinski.pl\/sk\/wp-json\/wp\/v2\/comments?post=19195"}],"version-history":[{"count":1,"href":"https:\/\/marekkuchcinski.pl\/sk\/wp-json\/wp\/v2\/posts\/19195\/revisions"}],"predecessor-version":[{"id":19203,"href":"https:\/\/marekkuchcinski.pl\/sk\/wp-json\/wp\/v2\/posts\/19195\/revisions\/19203"}],"wp:featuredmedia":[{"embeddable":true,"href":"https:\/\/marekkuchcinski.pl\/sk\/wp-json\/wp\/v2\/media\/19196"}],"wp:attachment":[{"href":"https:\/\/marekkuchcinski.pl\/sk\/wp-json\/wp\/v2\/media?parent=19195"}],"wp:term":[{"taxonomy":"category","embeddable":true,"href":"https:\/\/marekkuchcinski.pl\/sk\/wp-json\/wp\/v2\/categories?post=19195"},{"taxonomy":"post_tag","embeddable":true,"href":"https:\/\/marekkuchcinski.pl\/sk\/wp-json\/wp\/v2\/tags?post=19195"}],"curies":[{"name":"wp","href":"https:\/\/api.w.org\/{rel}","templated":true}]}}