{"id":19168,"date":"2020-04-22T17:17:26","date_gmt":"2020-04-22T15:17:26","guid":{"rendered":"https:\/\/marek2.rkartist.pl\/?p=19168"},"modified":"2021-03-12T21:05:06","modified_gmt":"2021-03-12T20:05:06","slug":"jak-polak-z-wegrem-epidemie-powstrzymywali","status":"publish","type":"post","link":"https:\/\/marekkuchcinski.pl\/sk\/wydarzenia\/jak-polak-z-wegrem-epidemie-powstrzymywali\/","title":{"rendered":"Ako Poliak a Ma\u010far zastavili epid\u00e9miu"},"content":{"rendered":"<p>Poliak, Ma\u010far, dvaja synovci. A na boj s chorobami a poh\u00e1r pln\u00fd vitam\u00ednov. Zvl\u00e1\u0161tne pr\u00edbehy <strong>Kazimierz Funk a Albert Szent-Gy\u00f6rgyi <\/strong>s\u00fa aktu\u00e1lne aj dnes, ke\u010f mus\u00edme \u010deli\u0165 epid\u00e9mii nov\u00e9ho koronav\u00edrusu...<\/p>\n\n\n\n<figure class=\"wp-block-image size-large\"><img fetchpriority=\"high\" decoding=\"async\" width=\"1024\" height=\"768\" src=\"https:\/\/marekkuchcinski.pl\/wp-content\/uploads\/2020\/07\/PSX_20200423_083228-scaled-1-1024x768.jpg\" alt=\"\" class=\"wp-image-19169\" srcset=\"https:\/\/marekkuchcinski.pl\/wp-content\/uploads\/2020\/07\/PSX_20200423_083228-scaled-1-1024x768.jpg 1024w, https:\/\/marekkuchcinski.pl\/wp-content\/uploads\/2020\/07\/PSX_20200423_083228-scaled-1-300x225.jpg 300w, https:\/\/marekkuchcinski.pl\/wp-content\/uploads\/2020\/07\/PSX_20200423_083228-scaled-1-768x576.jpg 768w, https:\/\/marekkuchcinski.pl\/wp-content\/uploads\/2020\/07\/PSX_20200423_083228-scaled-1-1536x1152.jpg 1536w, https:\/\/marekkuchcinski.pl\/wp-content\/uploads\/2020\/07\/PSX_20200423_083228-scaled-1-scaled.jpg 2048w\" sizes=\"(max-width: 1024px) 100vw, 1024px\" \/><figcaption>Trnka v kvete, Podkarpatsk\u00e1 oblas\u0165<\/figcaption><\/figure>\n\n\n\n<p>\u00daloha vitam\u00ednov sa v modernom svete \u010dasto bagatelizuje. Ke\u010f\u017ee m\u00e1me modern\u00e9 lieky, vakc\u00edny a lek\u00e1rske pr\u00edstroje, s\u00fa e\u0161te d\u00f4le\u017eit\u00e9 nejak\u00e9 vitam\u00edny, o ktor\u00fdch sa nesmie poveda\u0165, \u017ee lie\u010dia? Zab\u00fadame, \u017ee s\u00fa nielen d\u00f4le\u017eit\u00e9, ale aj nevyhnutn\u00e9! Bez nich na\u0161e telo nedok\u00e1\u017ee spr\u00e1vne fungova\u0165. Predstavte si na\u0161e telo ako ve\u013ek\u00fd stroj, ktor\u00fd potrebuje palivo. Nesta\u010d\u00ed v\u0161ak len nalia\u0165 energiu (sacharidy) a prida\u0165 nejak\u00e9 stavebn\u00e9 prvky, aby sa steny nezr\u00fatili (bielkoviny). Aby tento stroj fungoval, potrebuje ve\u013ea \u010fal\u0161\u00edch zdrojov energie. Vitam\u00edny, okrem in\u00e9ho. Ide o chemick\u00e9 l\u00e1tky, ktor\u00e9 na\u0161e telo vyu\u017e\u00edva na regul\u00e1ciu mnoh\u00fdch r\u00f4znych procesov. Ich \u00faloha je \u010dasto ve\u013emi zlo\u017eit\u00e1, preto\u017ee vitam\u00edn sa po vstupe do tela r\u00fdchlo men\u00ed na in\u00fa zl\u00fa\u010deninu, t\u00e1to zl\u00fa\u010denina sp\u00fa\u0161\u0165a \u0161pecifick\u00fa reakciu, ktor\u00e1 zah\u0155\u0148a produkciu \u010fal\u0161ej l\u00e1tky, a tak \u010falej. Odborn\u00edci preto hovoria o metabolick\u00fdch dr\u00e1hach, t. j. dr\u00e1hach, po ktor\u00fdch putuje (napr\u00edklad) vitam\u00edn, len v zmenenej forme. Mo\u017eno by sme o tom st\u00e1le vedeli len ve\u013emi m\u00e1lo, keby nebolo po\u013esk\u00e9ho b\u00e1date\u013ea Kazimierza Funka. V\u010faka Funkovi svet v\u00f4bec po\u010dul slovo \"vitam\u00edn\". Vytvoril ho, ke\u010f objavil dovtedy nezn\u00e1mu l\u00e1tku. Treba poznamena\u0165, \u017ee Funk nebol oby\u010dajn\u00fd vedec. Jeho t\u00fa\u017eba po vedomostiach bola tak\u00e1 ve\u013ek\u00e1 a jeho schopnosti tak\u00e9 p\u00f4sobiv\u00e9, \u017ee r\u00fdchlo st\u00fapal po rebr\u00ed\u010dku vedeckej kari\u00e9ry v popredn\u00fdch vedeck\u00fdch in\u0161tit\u00faci\u00e1ch. U\u017e ako 16-ro\u010dn\u00fd opustil Var\u0161avu a za\u010dal \u0161tudova\u0165 biol\u00f3giu v \u017deneve. V roku 1900 \u0161tudoval ch\u00e9miu na univerzite v Berne. Vo veku 20 rokov u\u017e mal doktor\u00e1t a vydal sa do Par\u00ed\u017ea. Z Pasteurovho \u00fastavu sa presunul do laborat\u00f3ria v Berl\u00edne, a ke\u010f mu aj tam ch\u00fdbali nov\u00e9 poznatky, odi\u0161iel do Lond\u00fdna. V Listerovom in\u0161tit\u00fate prevent\u00edvnej medic\u00edny pracuje s \u010fal\u0161\u00edm Poliakom<strong> Ludwik Rajchman<\/strong>. Na za\u010diatku 20. storo\u010dia epid\u00e9mia beri-beri v\u00e1\u017ene ohrozovala mnoh\u00e9 krajiny, najm\u00e4 v tr\u00f3poch, a n\u00e1morn\u00edkov. Niektor\u00ed vedci tvrdili, \u017ee je to sp\u00f4soben\u00e9 stravou s pr\u00edli\u0161 n\u00edzkym obsahom bielkov\u00edn. Tento probl\u00e9m sa \u010dasto t\u00fdkal \u013eud\u00ed, ktor\u00fdch jedlo pozost\u00e1valo najm\u00e4 z l\u00fapanej ry\u017ee. Funk sa na tejto vlne neviezol. Sk\u00famal aj zrn\u00e1, ale nie tie, ktor\u00e9 jedli \u013eudia (\u00faprimne povedan\u00e9, boli to aj vt\u00e1ky, preto\u017ee pokusy sa robili na \u013eu\u010foch a kur\u010dat\u00e1ch), ale to, \u010do zostalo po vy\u010disten\u00ed ry\u017ee: otruby. Izoloval v nich zvl\u00e1\u0161tnu l\u00e1tku. Obsahoval aminoskupinu. Uvedomoval si, \u017ee t\u00e1to skupina je \u017eivotodarn\u00e1 a \u017ee jej vyl\u00fa\u010denie zo stravy by viedlo k poruch\u00e1m. Spojil teda slov\u00e1 \"am\u00edn\" (dus\u00edk z am\u00ednovej skupiny) a \"vite\" \u017eivot. Spolu s Rajchmanom publikovali pr\u00e1cu, v ktorej sa po prv\u00fdkr\u00e1t objavilo slovo \"vitamine\", \u010do znamen\u00e1 vitam\u00edn. L\u00e1tku z otr\u00fab lep\u0161ie presk\u00famal Funk a nakoniec ju pomenoval vitam\u00edn B, kde \"b\" poch\u00e1dza z beri-beri. Ak\u00fd z\u00e1ver z toho m\u00f4\u017eeme vyvodi\u0165 v s\u00fa\u010dasnosti? Okrem in\u00e9ho aj to, \u017ee nadmern\u00e9 spracovanie potrav\u00edn n\u00e1m nerob\u00ed dobre. Vy\u010disten\u00e9 zrn\u00e1 s\u00fa zbaven\u00e9 d\u00f4le\u017eit\u00fdch l\u00e1tok. Ry\u017ea bez obalu (otr\u00fab) m\u00e1 nedostatok vitam\u00ednu B1. Svet vedy v\u010faka Funkovi pochopil, \u017ee pri anal\u00fdze potrav\u00edn je potrebn\u00e9 sa na ne pozera\u0165 pozornej\u0161ie. Dnes m\u00f4\u017eeme o B1 poveda\u0165, \u017ee pom\u00e1ha pri spr\u00e1vnom fungovan\u00ed srdca;<\/p>\n\n\n\n<p>- prispieva k spr\u00e1vnemu fungovaniu nervov\u00e9ho syst\u00e9mu; - prispieva k udr\u017eaniu norm\u00e1lneho metabolizmu; - pom\u00e1ha udr\u017eiava\u0165 norm\u00e1lne psychick\u00e9 funkcie.<\/p>\n\n\n\n<figure class=\"wp-block-image size-large\"><img decoding=\"async\" width=\"1024\" height=\"682\" src=\"https:\/\/marekkuchcinski.pl\/wp-content\/uploads\/2020\/07\/received_262035414840010-scaled-1-1024x682.jpeg\" alt=\"\" class=\"wp-image-19170\" srcset=\"https:\/\/marekkuchcinski.pl\/wp-content\/uploads\/2020\/07\/received_262035414840010-scaled-1-1024x682.jpeg 1024w, https:\/\/marekkuchcinski.pl\/wp-content\/uploads\/2020\/07\/received_262035414840010-scaled-1-300x200.jpeg 300w, https:\/\/marekkuchcinski.pl\/wp-content\/uploads\/2020\/07\/received_262035414840010-scaled-1-768x512.jpeg 768w, https:\/\/marekkuchcinski.pl\/wp-content\/uploads\/2020\/07\/received_262035414840010-scaled-1-1536x1024.jpeg 1536w, https:\/\/marekkuchcinski.pl\/wp-content\/uploads\/2020\/07\/received_262035414840010-scaled-1-scaled.jpeg 2048w\" sizes=\"(max-width: 1024px) 100vw, 1024px\" \/><\/figure>\n\n\n\n<p>A to je koniec koncov pr\u00edklad len jedn\u00e9ho vitam\u00ednu patriaceho do celej skupiny B. Funk spustil lav\u00ednu. Za\u010dalo sa objavova\u0165 \u010doraz viac pr\u00e1c na t\u00e9mu vitam\u00ednov. Uk\u00e1zalo sa, \u017ee niektor\u00e9 z nich si n\u00e1\u0161 stroj dok\u00e1\u017ee vyrobi\u0165 s\u00e1m, ale niektor\u00e9 mus\u00ed z\u00edska\u0165 zvonka. To je napr\u00edklad pr\u00edpad vitam\u00ednu C. \u010clovek je jedn\u00fdm z m\u00e1la druhov na Zemi, ktor\u00fd si ho nedok\u00e1\u017ee vyrobi\u0165 s\u00e1m. A oni to potrebuj\u00fa. Pod\u013ea jednomyse\u013en\u00e9ho n\u00e1zoru vedcov prinajmen\u0161om pre tieto funkcie:<\/p>\n\n\n\n<p>Pom\u00e1ha v: - ochrana buniek pred oxida\u010dn\u00fdm stresom; - spr\u00e1vna tvorba kolag\u00e9nu na zabezpe\u010denie spr\u00e1vneho fungovania ciev, kost\u00ed, chrupaviek, \u010fasien, ko\u017ee, zubov; - spr\u00e1vne fungovanie nervov\u00e9ho syst\u00e9mu; - spr\u00e1vne fungovanie imunitn\u00e9ho syst\u00e9mu; - udr\u017eanie norm\u00e1lnych psychick\u00fdch funkci\u00ed;<\/p>\n\n\n\n<p>- regener\u00e1cia redukovanej formy vitam\u00ednu E; - spr\u00e1vna \u010dinnos\u0165 srdca; - spr\u00e1vna \u010dinnos\u0165 nervov\u00e9ho syst\u00e9mu; - udr\u017eiavanie spr\u00e1vnych psychick\u00fdch funkci\u00ed; - zvy\u0161uje vstreb\u00e1vanie \u017eeleza; - prispieva k udr\u017eaniu spr\u00e1vneho energetick\u00e9ho metabolizmu;<\/p>\n\n\n\n<p>- prispieva k zn\u00ed\u017eeniu pocitu \u00fanavy a vy\u010derpania; - prispieva k udr\u017eaniu norm\u00e1lneho energetick\u00e9ho metabolizmu.<\/p>\n\n\n\n<p>Zoznam je p\u00f4sobiv\u00fd a je zauj\u00edmav\u00e9, \u017ee je to len \u0161pi\u010dka \u013eadovca, ktor\u00fa tvor\u00ed p\u00f4sobenie vitam\u00ednu C, ktor\u00fd chemici naz\u00fdvaj\u00fa kyselina l-askorbov\u00e1. Mo\u017eno by sme o tejto kyseline nevedeli ni\u010d, keby nebolo \u010fal\u0161\u00edch dobrodru\u017estiev n\u00e1morn\u00edkov a ma\u010farsk\u00e9ho vedca: Albert Szent-Gy\u00f6rgyi. Op\u00e4\u0165 je na obzore vojna. nielen s chorobami, ale aj t\u00e1 skuto\u010dn\u00e1. B1 by pravdepodobne trvalo dlh\u0161ie, k\u00fdm by sa podarilo zdecimova\u0165 civilistov, keby nebolo probl\u00e9mu s vojensk\u00fdmi lo\u010fami, ktor\u00fdch pos\u00e1dky umierali e\u0161te predt\u00fdm, ako sa dostali na bojisko. Beri-beri nebola jedinou v\u00fdzvou. N\u00e1morn\u00edci bojovali aj so skorbutom. Pr\u00edznaky boli nepr\u00edjemn\u00e9: krv\u00e1cali im \u010fasn\u00e1, vypad\u00e1vali vlasy a nechty, oby\u010dajn\u00e9 prechladnutie mohlo oslaben\u00e9 telo zabi\u0165. Ha! Teraz je pre n\u00e1s jednoduch\u0161ie n\u00e1js\u0165 odpove\u010f na ot\u00e1zku, \u010do to mohlo sp\u00f4sobi\u0165. Ak sa pozrieme o nieko\u013eko odsekov vy\u0161\u0161ie, zist\u00edme, \u017ee fungovanie imunitn\u00e9ho syst\u00e9mu ko\u017ee, \u010fasien a zubov s\u00favis\u00ed s vitam\u00ednom C. Len\u017ee na za\u010diatku 20. storo\u010dia tak\u00fdto zoznam nikto nemal. \u013dudia v\u00f4bec nevedeli, \u010do je to vitam\u00edn C. A\u017e v\u010faka ma\u010farsk\u00e9mu vedcovi sa podarilo zisti\u0165 mechanizmus jeho p\u00f4sobenia. V roku 1928 Szent-Gy\u00f6rgyi po\u010das n\u00e1ro\u010dn\u00e9ho v\u00fdskumu z\u00edskal z extraktov nadobli\u010diek, kapusty a pomaran\u010dov zl\u00fa\u010deninu, ktor\u00fa nazval kyselina hexauronov\u00e1 (nesk\u00f4r pomenovan\u00e1 vitam\u00edn C). Jeho n\u00e1zov je tie\u017e odvoden\u00fd od choroby. Kyselina hexauronov\u00e1 bola nahraden\u00e1 n\u00e1zvom kyselina l-askorbov\u00e1 pr\u00e1ve preto, aby sa zd\u00f4raznila s\u00favislos\u0165 s antiskorbov\u00fdmi vlastnos\u0165ami. Za svoj objav dostal Ma\u010far v roku 1937 Nobelovu cenu. V tomto pr\u00edbehu je aj \u010fal\u0161ia zauj\u00edmav\u00e1 postava: <strong>Tadeusz Reichstein<\/strong>. Bol to \u0160vaj\u010diar po\u013esk\u00e9ho p\u00f4vodu, ktor\u00fd ako prv\u00fd syntetizoval vitam\u00edn C. V\u010faka nemu sa teraz vitam\u00edn C m\u00f4\u017ee vyr\u00e1ba\u0165 vo ve\u013ekom. Je presne tak\u00fd ist\u00fd ako v rastlin\u00e1ch.<\/p>\n\n\n\n<figure class=\"wp-block-image size-large\"><img decoding=\"async\" width=\"1024\" height=\"682\" src=\"https:\/\/marekkuchcinski.pl\/wp-content\/uploads\/2020\/07\/received_2748130705295654-scaled-1-1024x682.jpeg\" alt=\"\" class=\"wp-image-19171\" srcset=\"https:\/\/marekkuchcinski.pl\/wp-content\/uploads\/2020\/07\/received_2748130705295654-scaled-1-1024x682.jpeg 1024w, https:\/\/marekkuchcinski.pl\/wp-content\/uploads\/2020\/07\/received_2748130705295654-scaled-1-300x200.jpeg 300w, https:\/\/marekkuchcinski.pl\/wp-content\/uploads\/2020\/07\/received_2748130705295654-scaled-1-768x512.jpeg 768w, https:\/\/marekkuchcinski.pl\/wp-content\/uploads\/2020\/07\/received_2748130705295654-scaled-1-1536x1024.jpeg 1536w, https:\/\/marekkuchcinski.pl\/wp-content\/uploads\/2020\/07\/received_2748130705295654-scaled-1-scaled.jpeg 2048w\" sizes=\"(max-width: 1024px) 100vw, 1024px\" \/><\/figure>\n\n\n\n<p>V tomto pr\u00edbehu sa predt\u00fdm objavilo e\u0161te jedno meno. Rajchman. Jeho \u00faspechy dodnes ovplyv\u0148uj\u00fa boj proti epid\u00e9mi\u00e1m na celom svete. Rajchmanovi v\u010fa\u010d\u00edme napr\u00edklad za \u0160t\u00e1tny \u00fastav hygieny (zalo\u017eil ho v roku 1919 ako \u0160t\u00e1tny \u00fastredn\u00fd epidemiologick\u00fd \u00fastav vo Var\u0161ave). Po\u013esk\u00fd vedec sa chcel o svoje poznatky podeli\u0165 s cel\u00fdm svetom. V rokoch 1920-1921 sa podie\u013eal na organiz\u00e1cii Epidemiologickej komisie Ligy n\u00e1rodov. Stal sa tie\u017e spoluzakladate\u013eom Detsk\u00e9ho fondu OSN (UNICEF). V\u010faka jeho vytrvalosti a obrovsk\u00e9mu \u00fasiliu sa v rokoch 1948 a\u017e 1951 vykonalo pribli\u017ene 30 mili\u00f3nov lek\u00e1rskych vy\u0161etren\u00ed a v 22 krajin\u00e1ch sa dodalo 17 mili\u00f3nov vakc\u00edn proti tuberkul\u00f3ze! Mnoho rokov str\u00e1vil aj v \u010c\u00edne, kde sa podie\u013eal na zakladan\u00ed lek\u00e1rskych a epidemiologick\u00fdch slu\u017eieb.<\/p>\n\n\n\n<p>D\u00e1 sa poveda\u0165, \u017ee pr\u00edbeh Rajchmana, Funka a Szent-Gy\u00f6rgyiho sa uzavrel. Poliaci a Ma\u010fari umo\u017enili svetu pochopi\u0165 v\u00fdznam vitam\u00ednov. Rajchman osobne spoluzakladal \u010d\u00ednsku zdravotn\u00fa slu\u017ebu. V s\u00fa\u010dasnosti sa ich \u00faspechy v Kr\u00e1\u013eovstve stredu vyu\u017e\u00edvaj\u00fa v boji proti koronav\u00edrusom. Prevent\u00edvne sa pod\u00e1vaj\u00fa desiatky ton vitam\u00ednu C a v nemocniciach sa vykon\u00e1vaj\u00fa klinick\u00e9 sk\u00fa\u0161ky na lie\u010dbu infikovan\u00fdch siln\u00fdmi d\u00e1vkami kyseliny l-askorbovej.<\/p>\n\n\n\n<p><em>text: Marta Olejnik<\/em><\/p>\n\n\n\n<figure class=\"wp-block-image size-large\"><img loading=\"lazy\" decoding=\"async\" width=\"1024\" height=\"680\" src=\"https:\/\/marekkuchcinski.pl\/wp-content\/uploads\/2020\/07\/received_649034895940416-1024x680.jpeg\" alt=\"\" class=\"wp-image-19172\" srcset=\"https:\/\/marekkuchcinski.pl\/wp-content\/uploads\/2020\/07\/received_649034895940416-1024x680.jpeg 1024w, https:\/\/marekkuchcinski.pl\/wp-content\/uploads\/2020\/07\/received_649034895940416-300x199.jpeg 300w, https:\/\/marekkuchcinski.pl\/wp-content\/uploads\/2020\/07\/received_649034895940416-768x510.jpeg 768w, https:\/\/marekkuchcinski.pl\/wp-content\/uploads\/2020\/07\/received_649034895940416-1536x1020.jpeg 1536w, https:\/\/marekkuchcinski.pl\/wp-content\/uploads\/2020\/07\/received_649034895940416-scaled.jpeg 2048w\" sizes=\"(max-width: 1024px) 100vw, 1024px\" \/><\/figure>\n\n\n\n<figure class=\"wp-block-image size-large\"><img loading=\"lazy\" decoding=\"async\" width=\"1024\" height=\"683\" src=\"https:\/\/marekkuchcinski.pl\/wp-content\/uploads\/2020\/07\/received_529775364375224-1024x683.jpeg\" alt=\"\" class=\"wp-image-19173\" srcset=\"https:\/\/marekkuchcinski.pl\/wp-content\/uploads\/2020\/07\/received_529775364375224-1024x683.jpeg 1024w, https:\/\/marekkuchcinski.pl\/wp-content\/uploads\/2020\/07\/received_529775364375224-300x200.jpeg 300w, https:\/\/marekkuchcinski.pl\/wp-content\/uploads\/2020\/07\/received_529775364375224-768x512.jpeg 768w, https:\/\/marekkuchcinski.pl\/wp-content\/uploads\/2020\/07\/received_529775364375224-1536x1024.jpeg 1536w, https:\/\/marekkuchcinski.pl\/wp-content\/uploads\/2020\/07\/received_529775364375224-scaled.jpeg 2048w\" sizes=\"(max-width: 1024px) 100vw, 1024px\" \/><\/figure>\n\n\n\n<figure class=\"wp-block-image size-large\"><img loading=\"lazy\" decoding=\"async\" width=\"1024\" height=\"683\" src=\"https:\/\/marekkuchcinski.pl\/wp-content\/uploads\/2020\/07\/received_231036538002896-1024x683.jpeg\" alt=\"\" class=\"wp-image-19174\" srcset=\"https:\/\/marekkuchcinski.pl\/wp-content\/uploads\/2020\/07\/received_231036538002896-1024x683.jpeg 1024w, https:\/\/marekkuchcinski.pl\/wp-content\/uploads\/2020\/07\/received_231036538002896-300x200.jpeg 300w, https:\/\/marekkuchcinski.pl\/wp-content\/uploads\/2020\/07\/received_231036538002896-768x512.jpeg 768w, https:\/\/marekkuchcinski.pl\/wp-content\/uploads\/2020\/07\/received_231036538002896-1536x1025.jpeg 1536w, https:\/\/marekkuchcinski.pl\/wp-content\/uploads\/2020\/07\/received_231036538002896-scaled.jpeg 2048w\" sizes=\"(max-width: 1024px) 100vw, 1024px\" \/><\/figure>\n\n\n\n<figure class=\"wp-block-image size-large\"><img loading=\"lazy\" decoding=\"async\" width=\"1024\" height=\"683\" src=\"https:\/\/marekkuchcinski.pl\/wp-content\/uploads\/2020\/07\/received_591460391720303-1024x683.jpeg\" alt=\"\" class=\"wp-image-19175\" srcset=\"https:\/\/marekkuchcinski.pl\/wp-content\/uploads\/2020\/07\/received_591460391720303-1024x683.jpeg 1024w, https:\/\/marekkuchcinski.pl\/wp-content\/uploads\/2020\/07\/received_591460391720303-300x200.jpeg 300w, https:\/\/marekkuchcinski.pl\/wp-content\/uploads\/2020\/07\/received_591460391720303-768x512.jpeg 768w, https:\/\/marekkuchcinski.pl\/wp-content\/uploads\/2020\/07\/received_591460391720303-1536x1025.jpeg 1536w, https:\/\/marekkuchcinski.pl\/wp-content\/uploads\/2020\/07\/received_591460391720303-scaled.jpeg 2048w\" sizes=\"(max-width: 1024px) 100vw, 1024px\" \/><\/figure>\n\n\n\n<figure class=\"wp-block-image size-large\"><img loading=\"lazy\" decoding=\"async\" width=\"960\" height=\"720\" src=\"https:\/\/marekkuchcinski.pl\/wp-content\/uploads\/2020\/07\/94490938_1646115772232737_1499645547168923648_o.jpg\" alt=\"\" class=\"wp-image-19176\" srcset=\"https:\/\/marekkuchcinski.pl\/wp-content\/uploads\/2020\/07\/94490938_1646115772232737_1499645547168923648_o.jpg 960w, https:\/\/marekkuchcinski.pl\/wp-content\/uploads\/2020\/07\/94490938_1646115772232737_1499645547168923648_o-300x225.jpg 300w, https:\/\/marekkuchcinski.pl\/wp-content\/uploads\/2020\/07\/94490938_1646115772232737_1499645547168923648_o-768x576.jpg 768w\" sizes=\"(max-width: 960px) 100vw, 960px\" \/><\/figure>\n\n\n\n<figure class=\"wp-block-image size-large\"><img loading=\"lazy\" decoding=\"async\" width=\"959\" height=\"720\" src=\"https:\/\/marekkuchcinski.pl\/wp-content\/uploads\/2020\/07\/94329129_1646115675566080_5924723216634347520_o.jpg\" alt=\"\" class=\"wp-image-19177\" srcset=\"https:\/\/marekkuchcinski.pl\/wp-content\/uploads\/2020\/07\/94329129_1646115675566080_5924723216634347520_o.jpg 959w, https:\/\/marekkuchcinski.pl\/wp-content\/uploads\/2020\/07\/94329129_1646115675566080_5924723216634347520_o-300x225.jpg 300w, https:\/\/marekkuchcinski.pl\/wp-content\/uploads\/2020\/07\/94329129_1646115675566080_5924723216634347520_o-768x577.jpg 768w\" sizes=\"(max-width: 959px) 100vw, 959px\" \/><\/figure>","protected":false},"excerpt":{"rendered":"<p>Poliak, Ma\u010far, dvaja synovci. A na boj proti chorob\u00e1m a poh\u00e1r pln\u00fd vitam\u00ednov. Bizarn\u00e9 pr\u00edbehy Kazimierza Funka a Alberta Szent-Gy\u00f6rgyiho s\u00fa aktu\u00e1lne aj dnes, ke\u010f mus\u00edme \u010deli\u0165 epid\u00e9mii nov\u00e9ho koronav\u00edrusu... \u00daloha vitam\u00ednov sa v modernom svete \u010dasto bagatelizuje. Ke\u010f\u017ee m\u00e1me modern\u00e9 lieky, vakc\u00edny, lek\u00e1rske pr\u00edstroje, existuj\u00fa nejak\u00e9 vitam\u00edny, ktor\u00e9 nem\u00e1me [...]<\/p>","protected":false},"author":21,"featured_media":19171,"comment_status":"open","ping_status":"open","sticky":false,"template":"","format":"standard","meta":{"ngg_post_thumbnail":0,"footnotes":""},"categories":[78,177,50,3],"tags":[],"class_list":["post-19168","post","type-post","status-publish","format-standard","has-post-thumbnail","hentry","category-europa-karpat","category-europa-karpat-dyskusja","category-wspolpraca-miedzynarodowa","category-wydarzenia"],"yoast_head":"<!-- This site is optimized with the Yoast SEO plugin v24.7 - https:\/\/yoast.com\/wordpress\/plugins\/seo\/ -->\n<title>Jak Polak z W\u0119grem epidemi\u0119 powstrzymywali &#8211; Marek Kuchci\u0144ski<\/title>\n<meta name=\"robots\" content=\"index, follow, max-snippet:-1, max-image-preview:large, max-video-preview:-1\" \/>\n<link rel=\"canonical\" href=\"https:\/\/marekkuchcinski.pl\/sk\/wydarzenia\/jak-polak-z-wegrem-epidemie-powstrzymywali\/\" \/>\n<meta property=\"og:locale\" content=\"sk_SK\" \/>\n<meta property=\"og:type\" content=\"article\" \/>\n<meta property=\"og:title\" content=\"Jak Polak z W\u0119grem epidemi\u0119 powstrzymywali &#8211; Marek Kuchci\u0144ski\" \/>\n<meta property=\"og:description\" content=\"Polak W\u0119gier dwa bratanki. I do bitki z chorobami i do szklanki pe\u0142nej witamin. Przedziwne historie Kazimierza Funka i Alberta Szent-Gy\u00f6rgyi&#8217;ego s\u0105 aktualne do dzi\u015b, gdy musimy mierzy\u0107 si\u0119 z epidemi\u0105 nowego koronawirusa&#8230; Rola witamin jest cz\u0119sto umniejszana we wsp\u00f3\u0142czesnym \u015bwiecie. Skoro mamy nowoczesne leki, szczepionki, aparatur\u0119 medyczn\u0105, to czy jakie\u015b witaminy, o kt\u00f3rych nie [&hellip;]\" \/>\n<meta property=\"og:url\" content=\"https:\/\/marekkuchcinski.pl\/sk\/wydarzenia\/jak-polak-z-wegrem-epidemie-powstrzymywali\/\" \/>\n<meta property=\"og:site_name\" content=\"Marek Kuchci\u0144ski\" \/>\n<meta property=\"article:published_time\" content=\"2020-04-22T15:17:26+00:00\" \/>\n<meta property=\"article:modified_time\" content=\"2021-03-12T20:05:06+00:00\" \/>\n<meta property=\"og:image\" content=\"https:\/\/marekkuchcinski.pl\/wp-content\/uploads\/2020\/07\/received_2748130705295654-scaled-1-scaled.jpeg\" \/>\n\t<meta property=\"og:image:width\" content=\"2048\" \/>\n\t<meta property=\"og:image:height\" content=\"1365\" \/>\n\t<meta property=\"og:image:type\" content=\"image\/jpeg\" \/>\n<meta name=\"author\" content=\"Marta Olejnik\" \/>\n<meta name=\"twitter:card\" content=\"summary_large_image\" \/>\n<meta name=\"twitter:label1\" content=\"Autor\" \/>\n\t<meta name=\"twitter:data1\" content=\"Marta Olejnik\" \/>\n\t<meta name=\"twitter:label2\" content=\"Predpokladan\u00fd \u010das \u010d\u00edtania\" \/>\n\t<meta name=\"twitter:data2\" content=\"7 min\u00fat\" \/>\n<script type=\"application\/ld+json\" class=\"yoast-schema-graph\">{\"@context\":\"https:\/\/schema.org\",\"@graph\":[{\"@type\":\"Article\",\"@id\":\"https:\/\/marekkuchcinski.pl\/cs\/wydarzenia\/jak-polak-z-wegrem-epidemie-powstrzymywali\/#article\",\"isPartOf\":{\"@id\":\"https:\/\/marekkuchcinski.pl\/cs\/wydarzenia\/jak-polak-z-wegrem-epidemie-powstrzymywali\/\"},\"author\":{\"name\":\"Marta Olejnik\",\"@id\":\"https:\/\/marekkuchcinski.pl\/#\/schema\/person\/51d5d4ee3b5317b8e4dd2b48af359229\"},\"headline\":\"Jak Polak z W\u0119grem epidemi\u0119 powstrzymywali\",\"datePublished\":\"2020-04-22T15:17:26+00:00\",\"dateModified\":\"2021-03-12T20:05:06+00:00\",\"mainEntityOfPage\":{\"@id\":\"https:\/\/marekkuchcinski.pl\/cs\/wydarzenia\/jak-polak-z-wegrem-epidemie-powstrzymywali\/\"},\"wordCount\":1414,\"commentCount\":0,\"publisher\":{\"@id\":\"https:\/\/marekkuchcinski.pl\/#organization\"},\"image\":{\"@id\":\"https:\/\/marekkuchcinski.pl\/cs\/wydarzenia\/jak-polak-z-wegrem-epidemie-powstrzymywali\/#primaryimage\"},\"thumbnailUrl\":\"https:\/\/marekkuchcinski.pl\/wp-content\/uploads\/2020\/07\/received_2748130705295654-scaled-1-scaled.jpeg\",\"articleSection\":[\"Europa Karpat\",\"Europa Karpat \u2013 dyskusja\",\"Wsp\u00f3\u0142praca mi\u0119dzynarodowa\",\"Wydarzenia\"],\"inLanguage\":\"sk-SK\",\"potentialAction\":[{\"@type\":\"CommentAction\",\"name\":\"Comment\",\"target\":[\"https:\/\/marekkuchcinski.pl\/cs\/wydarzenia\/jak-polak-z-wegrem-epidemie-powstrzymywali\/#respond\"]}]},{\"@type\":\"WebPage\",\"@id\":\"https:\/\/marekkuchcinski.pl\/cs\/wydarzenia\/jak-polak-z-wegrem-epidemie-powstrzymywali\/\",\"url\":\"https:\/\/marekkuchcinski.pl\/cs\/wydarzenia\/jak-polak-z-wegrem-epidemie-powstrzymywali\/\",\"name\":\"Jak Polak z W\u0119grem epidemi\u0119 powstrzymywali &#8211; Marek Kuchci\u0144ski\",\"isPartOf\":{\"@id\":\"https:\/\/marekkuchcinski.pl\/#website\"},\"primaryImageOfPage\":{\"@id\":\"https:\/\/marekkuchcinski.pl\/cs\/wydarzenia\/jak-polak-z-wegrem-epidemie-powstrzymywali\/#primaryimage\"},\"image\":{\"@id\":\"https:\/\/marekkuchcinski.pl\/cs\/wydarzenia\/jak-polak-z-wegrem-epidemie-powstrzymywali\/#primaryimage\"},\"thumbnailUrl\":\"https:\/\/marekkuchcinski.pl\/wp-content\/uploads\/2020\/07\/received_2748130705295654-scaled-1-scaled.jpeg\",\"datePublished\":\"2020-04-22T15:17:26+00:00\",\"dateModified\":\"2021-03-12T20:05:06+00:00\",\"breadcrumb\":{\"@id\":\"https:\/\/marekkuchcinski.pl\/cs\/wydarzenia\/jak-polak-z-wegrem-epidemie-powstrzymywali\/#breadcrumb\"},\"inLanguage\":\"sk-SK\",\"potentialAction\":[{\"@type\":\"ReadAction\",\"target\":[\"https:\/\/marekkuchcinski.pl\/cs\/wydarzenia\/jak-polak-z-wegrem-epidemie-powstrzymywali\/\"]}]},{\"@type\":\"ImageObject\",\"inLanguage\":\"sk-SK\",\"@id\":\"https:\/\/marekkuchcinski.pl\/cs\/wydarzenia\/jak-polak-z-wegrem-epidemie-powstrzymywali\/#primaryimage\",\"url\":\"https:\/\/marekkuchcinski.pl\/wp-content\/uploads\/2020\/07\/received_2748130705295654-scaled-1-scaled.jpeg\",\"contentUrl\":\"https:\/\/marekkuchcinski.pl\/wp-content\/uploads\/2020\/07\/received_2748130705295654-scaled-1-scaled.jpeg\",\"width\":2048,\"height\":1365},{\"@type\":\"BreadcrumbList\",\"@id\":\"https:\/\/marekkuchcinski.pl\/cs\/wydarzenia\/jak-polak-z-wegrem-epidemie-powstrzymywali\/#breadcrumb\",\"itemListElement\":[{\"@type\":\"ListItem\",\"position\":1,\"name\":\"Strona g\u0142\u00f3wna\",\"item\":\"https:\/\/marekkuchcinski.pl\/\"},{\"@type\":\"ListItem\",\"position\":2,\"name\":\"Jak Polak z W\u0119grem epidemi\u0119 powstrzymywali\"}]},{\"@type\":\"WebSite\",\"@id\":\"https:\/\/marekkuchcinski.pl\/#website\",\"url\":\"https:\/\/marekkuchcinski.pl\/\",\"name\":\"Marek Kuchci\u0144ski\",\"description\":\"Pose\u0142 na sejm RP &ndash; okr\u0119g nr 22\",\"publisher\":{\"@id\":\"https:\/\/marekkuchcinski.pl\/#organization\"},\"potentialAction\":[{\"@type\":\"SearchAction\",\"target\":{\"@type\":\"EntryPoint\",\"urlTemplate\":\"https:\/\/marekkuchcinski.pl\/?s={search_term_string}\"},\"query-input\":{\"@type\":\"PropertyValueSpecification\",\"valueRequired\":true,\"valueName\":\"search_term_string\"}}],\"inLanguage\":\"sk-SK\"},{\"@type\":\"Organization\",\"@id\":\"https:\/\/marekkuchcinski.pl\/#organization\",\"name\":\"Marek Kuchci\u0144ski\",\"url\":\"https:\/\/marekkuchcinski.pl\/\",\"logo\":{\"@type\":\"ImageObject\",\"inLanguage\":\"sk-SK\",\"@id\":\"https:\/\/marekkuchcinski.pl\/#\/schema\/logo\/image\/\",\"url\":\"https:\/\/marekkuchcinski.pl\/wp-content\/uploads\/2022\/09\/Marek.jpg\",\"contentUrl\":\"https:\/\/marekkuchcinski.pl\/wp-content\/uploads\/2022\/09\/Marek.jpg\",\"width\":1600,\"height\":971,\"caption\":\"Marek Kuchci\u0144ski\"},\"image\":{\"@id\":\"https:\/\/marekkuchcinski.pl\/#\/schema\/logo\/image\/\"}},{\"@type\":\"Person\",\"@id\":\"https:\/\/marekkuchcinski.pl\/#\/schema\/person\/51d5d4ee3b5317b8e4dd2b48af359229\",\"name\":\"Marta Olejnik\",\"image\":{\"@type\":\"ImageObject\",\"inLanguage\":\"sk-SK\",\"@id\":\"https:\/\/marekkuchcinski.pl\/#\/schema\/person\/image\/\",\"url\":\"https:\/\/secure.gravatar.com\/avatar\/e39914b2aa6a48959e24d475b5dc9793?s=96&d=mm&r=g\",\"contentUrl\":\"https:\/\/secure.gravatar.com\/avatar\/e39914b2aa6a48959e24d475b5dc9793?s=96&d=mm&r=g\",\"caption\":\"Marta Olejnik\"},\"url\":\"https:\/\/marekkuchcinski.pl\/sk\/author\/marta\/\"}]}<\/script>\n<!-- \/ Yoast SEO plugin. -->","yoast_head_json":{"title":"Jak Polak z W\u0119grem epidemi\u0119 powstrzymywali &#8211; Marek Kuchci\u0144ski","robots":{"index":"index","follow":"follow","max-snippet":"max-snippet:-1","max-image-preview":"max-image-preview:large","max-video-preview":"max-video-preview:-1"},"canonical":"https:\/\/marekkuchcinski.pl\/sk\/wydarzenia\/jak-polak-z-wegrem-epidemie-powstrzymywali\/","og_locale":"sk_SK","og_type":"article","og_title":"Jak Polak z W\u0119grem epidemi\u0119 powstrzymywali &#8211; Marek Kuchci\u0144ski","og_description":"Polak W\u0119gier dwa bratanki. I do bitki z chorobami i do szklanki pe\u0142nej witamin. Przedziwne historie Kazimierza Funka i Alberta Szent-Gy\u00f6rgyi&#8217;ego s\u0105 aktualne do dzi\u015b, gdy musimy mierzy\u0107 si\u0119 z epidemi\u0105 nowego koronawirusa&#8230; Rola witamin jest cz\u0119sto umniejszana we wsp\u00f3\u0142czesnym \u015bwiecie. Skoro mamy nowoczesne leki, szczepionki, aparatur\u0119 medyczn\u0105, to czy jakie\u015b witaminy, o kt\u00f3rych nie [&hellip;]","og_url":"https:\/\/marekkuchcinski.pl\/sk\/wydarzenia\/jak-polak-z-wegrem-epidemie-powstrzymywali\/","og_site_name":"Marek Kuchci\u0144ski","article_published_time":"2020-04-22T15:17:26+00:00","article_modified_time":"2021-03-12T20:05:06+00:00","og_image":[{"width":2048,"height":1365,"url":"https:\/\/marekkuchcinski.pl\/wp-content\/uploads\/2020\/07\/received_2748130705295654-scaled-1-scaled.jpeg","type":"image\/jpeg"}],"author":"Marta Olejnik","twitter_card":"summary_large_image","twitter_misc":{"Autor":"Marta Olejnik","Predpokladan\u00fd \u010das \u010d\u00edtania":"7 min\u00fat"},"schema":{"@context":"https:\/\/schema.org","@graph":[{"@type":"Article","@id":"https:\/\/marekkuchcinski.pl\/cs\/wydarzenia\/jak-polak-z-wegrem-epidemie-powstrzymywali\/#article","isPartOf":{"@id":"https:\/\/marekkuchcinski.pl\/cs\/wydarzenia\/jak-polak-z-wegrem-epidemie-powstrzymywali\/"},"author":{"name":"Marta Olejnik","@id":"https:\/\/marekkuchcinski.pl\/#\/schema\/person\/51d5d4ee3b5317b8e4dd2b48af359229"},"headline":"Jak Polak z W\u0119grem epidemi\u0119 powstrzymywali","datePublished":"2020-04-22T15:17:26+00:00","dateModified":"2021-03-12T20:05:06+00:00","mainEntityOfPage":{"@id":"https:\/\/marekkuchcinski.pl\/cs\/wydarzenia\/jak-polak-z-wegrem-epidemie-powstrzymywali\/"},"wordCount":1414,"commentCount":0,"publisher":{"@id":"https:\/\/marekkuchcinski.pl\/#organization"},"image":{"@id":"https:\/\/marekkuchcinski.pl\/cs\/wydarzenia\/jak-polak-z-wegrem-epidemie-powstrzymywali\/#primaryimage"},"thumbnailUrl":"https:\/\/marekkuchcinski.pl\/wp-content\/uploads\/2020\/07\/received_2748130705295654-scaled-1-scaled.jpeg","articleSection":["Europa Karpat","Europa Karpat \u2013 dyskusja","Wsp\u00f3\u0142praca mi\u0119dzynarodowa","Wydarzenia"],"inLanguage":"sk-SK","potentialAction":[{"@type":"CommentAction","name":"Comment","target":["https:\/\/marekkuchcinski.pl\/cs\/wydarzenia\/jak-polak-z-wegrem-epidemie-powstrzymywali\/#respond"]}]},{"@type":"WebPage","@id":"https:\/\/marekkuchcinski.pl\/cs\/wydarzenia\/jak-polak-z-wegrem-epidemie-powstrzymywali\/","url":"https:\/\/marekkuchcinski.pl\/cs\/wydarzenia\/jak-polak-z-wegrem-epidemie-powstrzymywali\/","name":"Jak Polak z W\u0119grem epidemi\u0119 powstrzymywali &#8211; Marek Kuchci\u0144ski","isPartOf":{"@id":"https:\/\/marekkuchcinski.pl\/#website"},"primaryImageOfPage":{"@id":"https:\/\/marekkuchcinski.pl\/cs\/wydarzenia\/jak-polak-z-wegrem-epidemie-powstrzymywali\/#primaryimage"},"image":{"@id":"https:\/\/marekkuchcinski.pl\/cs\/wydarzenia\/jak-polak-z-wegrem-epidemie-powstrzymywali\/#primaryimage"},"thumbnailUrl":"https:\/\/marekkuchcinski.pl\/wp-content\/uploads\/2020\/07\/received_2748130705295654-scaled-1-scaled.jpeg","datePublished":"2020-04-22T15:17:26+00:00","dateModified":"2021-03-12T20:05:06+00:00","breadcrumb":{"@id":"https:\/\/marekkuchcinski.pl\/cs\/wydarzenia\/jak-polak-z-wegrem-epidemie-powstrzymywali\/#breadcrumb"},"inLanguage":"sk-SK","potentialAction":[{"@type":"ReadAction","target":["https:\/\/marekkuchcinski.pl\/cs\/wydarzenia\/jak-polak-z-wegrem-epidemie-powstrzymywali\/"]}]},{"@type":"ImageObject","inLanguage":"sk-SK","@id":"https:\/\/marekkuchcinski.pl\/cs\/wydarzenia\/jak-polak-z-wegrem-epidemie-powstrzymywali\/#primaryimage","url":"https:\/\/marekkuchcinski.pl\/wp-content\/uploads\/2020\/07\/received_2748130705295654-scaled-1-scaled.jpeg","contentUrl":"https:\/\/marekkuchcinski.pl\/wp-content\/uploads\/2020\/07\/received_2748130705295654-scaled-1-scaled.jpeg","width":2048,"height":1365},{"@type":"BreadcrumbList","@id":"https:\/\/marekkuchcinski.pl\/cs\/wydarzenia\/jak-polak-z-wegrem-epidemie-powstrzymywali\/#breadcrumb","itemListElement":[{"@type":"ListItem","position":1,"name":"Strona g\u0142\u00f3wna","item":"https:\/\/marekkuchcinski.pl\/"},{"@type":"ListItem","position":2,"name":"Jak Polak z W\u0119grem epidemi\u0119 powstrzymywali"}]},{"@type":"WebSite","@id":"https:\/\/marekkuchcinski.pl\/#website","url":"https:\/\/marekkuchcinski.pl\/","name":"Marek Kuchci\u0144ski","description":"Pose\u0142 na sejm RP &ndash; okr\u0119g nr 22","publisher":{"@id":"https:\/\/marekkuchcinski.pl\/#organization"},"potentialAction":[{"@type":"SearchAction","target":{"@type":"EntryPoint","urlTemplate":"https:\/\/marekkuchcinski.pl\/?s={search_term_string}"},"query-input":{"@type":"PropertyValueSpecification","valueRequired":true,"valueName":"search_term_string"}}],"inLanguage":"sk-SK"},{"@type":"Organization","@id":"https:\/\/marekkuchcinski.pl\/#organization","name":"Marek Kuchci\u0144ski","url":"https:\/\/marekkuchcinski.pl\/","logo":{"@type":"ImageObject","inLanguage":"sk-SK","@id":"https:\/\/marekkuchcinski.pl\/#\/schema\/logo\/image\/","url":"https:\/\/marekkuchcinski.pl\/wp-content\/uploads\/2022\/09\/Marek.jpg","contentUrl":"https:\/\/marekkuchcinski.pl\/wp-content\/uploads\/2022\/09\/Marek.jpg","width":1600,"height":971,"caption":"Marek Kuchci\u0144ski"},"image":{"@id":"https:\/\/marekkuchcinski.pl\/#\/schema\/logo\/image\/"}},{"@type":"Person","@id":"https:\/\/marekkuchcinski.pl\/#\/schema\/person\/51d5d4ee3b5317b8e4dd2b48af359229","name":"Marta Olejnik","image":{"@type":"ImageObject","inLanguage":"sk-SK","@id":"https:\/\/marekkuchcinski.pl\/#\/schema\/person\/image\/","url":"https:\/\/secure.gravatar.com\/avatar\/e39914b2aa6a48959e24d475b5dc9793?s=96&d=mm&r=g","contentUrl":"https:\/\/secure.gravatar.com\/avatar\/e39914b2aa6a48959e24d475b5dc9793?s=96&d=mm&r=g","caption":"Marta Olejnik"},"url":"https:\/\/marekkuchcinski.pl\/sk\/author\/marta\/"}]}},"_links":{"self":[{"href":"https:\/\/marekkuchcinski.pl\/sk\/wp-json\/wp\/v2\/posts\/19168","targetHints":{"allow":["GET"]}}],"collection":[{"href":"https:\/\/marekkuchcinski.pl\/sk\/wp-json\/wp\/v2\/posts"}],"about":[{"href":"https:\/\/marekkuchcinski.pl\/sk\/wp-json\/wp\/v2\/types\/post"}],"author":[{"embeddable":true,"href":"https:\/\/marekkuchcinski.pl\/sk\/wp-json\/wp\/v2\/users\/21"}],"replies":[{"embeddable":true,"href":"https:\/\/marekkuchcinski.pl\/sk\/wp-json\/wp\/v2\/comments?post=19168"}],"version-history":[{"count":3,"href":"https:\/\/marekkuchcinski.pl\/sk\/wp-json\/wp\/v2\/posts\/19168\/revisions"}],"predecessor-version":[{"id":22192,"href":"https:\/\/marekkuchcinski.pl\/sk\/wp-json\/wp\/v2\/posts\/19168\/revisions\/22192"}],"wp:featuredmedia":[{"embeddable":true,"href":"https:\/\/marekkuchcinski.pl\/sk\/wp-json\/wp\/v2\/media\/19171"}],"wp:attachment":[{"href":"https:\/\/marekkuchcinski.pl\/sk\/wp-json\/wp\/v2\/media?parent=19168"}],"wp:term":[{"taxonomy":"category","embeddable":true,"href":"https:\/\/marekkuchcinski.pl\/sk\/wp-json\/wp\/v2\/categories?post=19168"},{"taxonomy":"post_tag","embeddable":true,"href":"https:\/\/marekkuchcinski.pl\/sk\/wp-json\/wp\/v2\/tags?post=19168"}],"curies":[{"name":"wp","href":"https:\/\/api.w.org\/{rel}","templated":true}]}}