{"id":19158,"date":"2020-04-21T16:33:05","date_gmt":"2020-04-21T14:33:05","guid":{"rendered":"https:\/\/marek2.rkartist.pl\/?p=19158"},"modified":"2020-07-06T17:00:37","modified_gmt":"2020-07-06T15:00:37","slug":"panstwa-karpackie-w-walce-z-koronawirusem","status":"publish","type":"post","link":"https:\/\/marekkuchcinski.pl\/sk\/bez-kategorii\/panstwa-karpackie-w-walce-z-koronawirusem\/","title":{"rendered":"Karpatsk\u00e9 krajiny v boji proti koronav\u00edrusu"},"content":{"rendered":"<p>Reakcia karpatsk\u00fdch vl\u00e1d na epid\u00e9miu koronav\u00edrusu bola r\u00fdchla a rozhodn\u00e1. Nebola to reakcia ako v niektor\u00fdch z\u00e1padn\u00fdch krajin\u00e1ch, ktor\u00e9 boli ochotn\u00e9 uprednostni\u0165 ekonomick\u00e9 v\u00fdhody pred soci\u00e1lnymi n\u00e1kladmi a rozhodli sa neobmedzova\u0165 fungovanie \u0161t\u00e1tu. V s\u00fa\u010dasnosti je situ\u00e1cia v t\u00fdchto krajin\u00e1ch \u010doraz zlo\u017eitej\u0161ia. Existuj\u00fa desa\u0165tis\u00edce pr\u00edpadov a desa\u0165tis\u00edce \u00famrt\u00ed.<\/p>\n\n\n\n<p>Reakcia v karpatsk\u00fdch krajin\u00e1ch bola pr\u00edkladn\u00e1. Najprv sa zaviedli ve\u013ek\u00e9 obmedzenia, ktor\u00e9 im poskytli \u010das na doplnenie vybavenia a liekov a na zavedenie pr\u00edslu\u0161n\u00fdch postupov, a teraz sa za\u010dal proces rozmrazovania ich hospod\u00e1rstiev. Krajiny, ktor\u00e9 tak neurobili pod tlakom vlastnej verejnej mienky, s\u00fa n\u00faten\u00e9 prija\u0165 podobn\u00e9 opatrenia, ale u\u017e teraz sa nach\u00e1dzaj\u00fa v dramatickej epidemiologickej situ\u00e1cii.<\/p>\n\n\n\n<p>V \u010dase kr\u00edzy padlo \u0165a\u017ek\u00e9 bremeno boja s epid\u00e9miou na n\u00e1rodn\u00e9 \u0161t\u00e1ty, ktor\u00e9 za\u010dali bojova\u0165 na vlastn\u00fa p\u00e4s\u0165. V porovnan\u00ed s krajinami z\u00e1padnej a ju\u017enej Eur\u00f3py boli karpatsk\u00e9 krajiny v tomto smere \u00faspe\u0161n\u00e9. Nestalo by sa tak bez zodpovedn\u00e9ho pr\u00edstupu na\u0161ich spolo\u010dnost\u00ed, ktor\u00fdch ve\u013ek\u00e1 v\u00e4\u010d\u0161ina sa tv\u00e1rou v tv\u00e1r hrozbe zmobilizovala, aby dodr\u017eiavala nariadenia o karant\u00e9ne a vytvorila soci\u00e1lne skupiny, ktor\u00e9 r\u00f4znymi sp\u00f4sobmi podporovali boj proti epid\u00e9mii (niektor\u00ed \u0161ili masky, in\u00ed nakupovali pre star\u0161\u00edch \u013eud\u00ed, \u010fal\u0161\u00ed organizovali zbierky na n\u00e1kup potrebn\u00e9ho vybavenia pre zdravotn\u00edcke slu\u017eby at\u010f.). T\u00e1to reakcia nie je prekvapuj\u00faca. Na n\u00e1rodnej i makroregion\u00e1lnej \u00farovni tvor\u00edme \u0161pecifick\u00e9 kult\u00farne a historick\u00e9 spolo\u010denstvo, pln\u00e9 spolo\u010dn\u00fdch, \u010dasto dramatick\u00fdch sk\u00fasenost\u00ed z minulosti, v\u010faka ktor\u00fdm sa dok\u00e1\u017eeme \u00fa\u010dinne mobilizova\u0165 vo chv\u00ed\u013each ohrozenia.<\/p>\n\n\n\n<p>\u00a0\u00a0\u00a0\u00a0\u00a0\u00a0\u00a0\u00a0\u00a0\u00a0\u00a0\u00a0\u00a0\u00a0\u00a0\u00a0\u00a0\u00a0\u00a0\u00a0\u00a0\u00a0\u00a0\u00a0\u00a0\u00a0\u00a0\u00a0\u00a0\u00a0\u00a0\u00a0\u00a0\u00a0\u00a0\u00a0\u00a0\u00a0\u00a0\u00a0\u00a0\u00a0\u00a0\u00a0\u00a0\u00a0<\/p>\n\n\n\n<p><strong>Ako sa bojovalo s epid\u00e9miou v karpatsk\u00fdch krajin\u00e1ch?<\/strong><\/p>\n\n\n\n<figure class=\"wp-block-image size-large\"><img fetchpriority=\"high\" decoding=\"async\" width=\"865\" height=\"755\" src=\"https:\/\/marekkuchcinski.pl\/wp-content\/uploads\/2020\/07\/94600284_865828203884708_7589968263056982016_n.png\" alt=\"\" class=\"wp-image-19159\" srcset=\"https:\/\/marekkuchcinski.pl\/wp-content\/uploads\/2020\/07\/94600284_865828203884708_7589968263056982016_n.png 865w, https:\/\/marekkuchcinski.pl\/wp-content\/uploads\/2020\/07\/94600284_865828203884708_7589968263056982016_n-300x262.png 300w, https:\/\/marekkuchcinski.pl\/wp-content\/uploads\/2020\/07\/94600284_865828203884708_7589968263056982016_n-768x670.png 768w\" sizes=\"(max-width: 865px) 100vw, 865px\" \/><figcaption>Foto: EUROPA KARPAT Spolupr\u00e1ca<\/figcaption><\/figure>\n\n\n\n<p><strong>Po\u013esko <\/strong>bola jednou z prv\u00fdch, ktor\u00e1 reagovala na hrozbu<strong>,<\/strong> 13. marca bol v celej krajine vyhl\u00e1sen\u00fd stav epidemickej n\u00fadze. D\u0148a 15. marca boli do\u010dasne obnoven\u00e9 hrani\u010dn\u00e9 kontroly a hranice boli pre cudzincov uzavret\u00e9, pri\u010dom Poliaci, ktor\u00ed sa vracali do krajiny, museli podst\u00fapi\u0165 14-d\u0148ov\u00fa dom\u00e1cu karant\u00e9nu. Obmedzila sa prev\u00e1dzka n\u00e1kupn\u00fdch centier (otvoren\u00e9 zostali len obchody s potravinami, drog\u00e9rie, lek\u00e1rne a pr\u00e1\u010dovne). Verejn\u00e9 zhroma\u017edenia nad 50 os\u00f4b boli zak\u00e1zan\u00e9 a \u010dinnos\u0165 re\u0161taur\u00e1ci\u00ed, barov a kaviarn\u00ed bola obmedzen\u00e1 len na predaj so sebou a rozvoz. Pre Poliakov v zahrani\u010d\u00ed bola zorganizovan\u00e1 kampa\u0148 \"let domov\". Od 12. marca bolo pozastaven\u00e9 aj vyu\u010dovanie v matersk\u00fdch \u0161kol\u00e1ch, \u0161kol\u00e1ch, vzdel\u00e1vac\u00edch in\u0161tit\u00faci\u00e1ch a na univerzit\u00e1ch a bolo zaveden\u00e9 dia\u013ekov\u00e9 \u0161t\u00fadium. 20. marca bol vyhl\u00e1sen\u00fd stav epid\u00e9mie a spr\u00edsnili sa bezpe\u010dnostn\u00e9 opatrenia. Pokuty za poru\u0161enie karant\u00e9ny a mechanizmov na sledovanie, \u010di sa osoba nach\u00e1dza na danom mieste, sa zv\u00fd\u0161ili z 5 na 30 000.<\/p>\n\n\n\n<p>Bola vytvoren\u00e1 sie\u0165 infek\u010dn\u00fdch nemocn\u00edc - aspo\u0148 jedna v ka\u017edej provincii. V\u0161etky masov\u00e9 podujatia boli zru\u0161en\u00e9. Zamestn\u00e1vatelia boli tie\u017e vyzvan\u00ed, aby \u010do najviac vyu\u017e\u00edvali pr\u00e1cu na dia\u013eku. Pohyb v\u0161etk\u00fdch bol obmedzen\u00fd.  \u010clovek nemohol opusti\u0165 domov, okrem doch\u00e1dzania do pr\u00e1ce, dobrovo\u013en\u00edckej pr\u00e1ce pre COVID-19 a vybavovania z\u00e1le\u017eitost\u00ed potrebn\u00fdch pre ka\u017edodenn\u00fd \u017eivot. Od 1. apr\u00edla boli zaveden\u00e9 \u010fal\u0161ie obmedzenia. Do ka\u017ed\u00e9ho obchodu (mal\u00e9ho aj ve\u013ek\u00e9ho), ako aj do ka\u017edej prev\u00e1dzky slu\u017eieb mohol vst\u00fapi\u0165 maxim\u00e1lne tak\u00fd po\u010det os\u00f4b, ktor\u00fd sa rovnal s\u00fa\u010dinu v\u0161etk\u00fdch pokladn\u00ed a \u010d\u00edsla 3. Podobn\u00e9 nariadenia boli zaveden\u00e9 aj pre trhovisk\u00e1. Po\u0161ty boli otvoren\u00e9 pre to\u013eko \u013eud\u00ed, ko\u013eko je po\u010det po\u0161tov\u00fdch okien vyn\u00e1soben\u00fd 2. Ve\u013ek\u00e9 stavebn\u00e9 obchody boli cez v\u00edkendy zatvoren\u00e9. V\u0161etky obchody museli dodr\u017eiava\u0165 pr\u00edsnej\u0161ie bezpe\u010dnostn\u00e9 predpisy.<\/p>\n\n\n\n<p>Od 2. apr\u00edla museli z\u00e1kazn\u00edci pri nakupovan\u00ed nosi\u0165 jednorazov\u00e9 rukavice. Od 10:00 do 12:00 za\u010dali obchody a slu\u017eby sl\u00fa\u017ei\u0165 len \u013eu\u010fom nad 65 rokov. Hotely a in\u00e9 ubytovacie zariadenia (prev\u00e1dzkovan\u00e9 na z\u00e1klade kr\u00e1tkodob\u00e9ho pren\u00e1jmu) boli zatvoren\u00e9. M\u00f4\u017eu pracova\u0165 len vtedy, ak s\u00fa \u013eudia v karant\u00e9ne alebo izol\u00e1cii a ak je pr\u00edtomn\u00fd zdravotn\u00edcky person\u00e1l. Zoznam os\u00f4b, na ktor\u00e9 sa vz\u0165ahuje povinn\u00e1 dom\u00e1ca karant\u00e9na, bol roz\u0161\u00edren\u00fd. Ka\u017ed\u00fd, kto \u017eije s osobou, ktor\u00e1 m\u00e1 by\u0165 umiestnen\u00e1 do karant\u00e9ny, je kryt\u00fd. Boli zatvoren\u00e9 kadern\u00edctva, kozmetick\u00e9 sal\u00f3ny, tetovacie sal\u00f3ny a piercingov\u00e9 \u0161t\u00fadi\u00e1. Rehabilit\u00e1cia a mas\u00e1\u017ee - vo verejn\u00fdch aj s\u00fakromn\u00fdch zariadeniach - boli pozastaven\u00e9 s v\u00fdnimkou pr\u00edpadov, ke\u010f je rehabilit\u00e1cia absol\u00fatne nevyhnutn\u00e1 pre zdravie pacienta. De\u0165om bez sprievodu mlad\u0161\u00edm ako 18 rokov bolo zak\u00e1zan\u00e9 opusti\u0165 domov. Je zak\u00e1zan\u00e9 zdr\u017eiava\u0165 sa na pl\u00e1\u017each a zelen\u00fdch ploch\u00e1ch s verejnou funkciou. Z\u00e1kaz sa vz\u0165ahuje na parky, zele\u0148, promen\u00e1dy, bulv\u00e1re, botanick\u00e9 a zoologick\u00e9 z\u00e1hrady a Jord\u00e1nske z\u00e1hrady. Obmedzilo sa aj pou\u017e\u00edvanie mestsk\u00fdch bicyklov. Bola zaveden\u00e1 povinnos\u0165 dodr\u017eiava\u0165 minim\u00e1lnu vzdialenos\u0165 2 metre medzi chodcami. Rodi\u010dia s nezaopatren\u00fdmi de\u0165mi (do 13 rokov), osoby so zdravotn\u00fdm postihnut\u00edm alebo osoby, ktor\u00e9 nem\u00f4\u017eu samy chodi\u0165, a ich opatrovatelia boli z tejto povinnosti vyl\u00fa\u010den\u00ed. Verejn\u00fdm org\u00e1nom bolo nariaden\u00e9 vykon\u00e1va\u0165 svoje povinnosti na dia\u013eku.<\/p>\n\n\n\n<p>V hromadnej verejnej doprave sa zaviedla z\u00e1sada \"to\u013eko cestuj\u00facich, ko\u013eko je polovica miest vo vozidle\". T\u00e1to po\u017eiadavka bola roz\u0161\u00edren\u00e1 aj na vozidl\u00e1 s viac ako 9 miestami na sedenie vr\u00e1tane neverejnej dopravy. Zamestn\u00e1vatelia boli povinn\u00ed zabezpe\u010di\u0165 bezpe\u010dnostn\u00e9 opatrenia pre zamestnancov. Pracovn\u00e9 miesta os\u00f4b musia by\u0165 od seba vzdialen\u00e9 najmenej 1,5 metra, pracovn\u00edci musia pou\u017e\u00edva\u0165 rukavice a ma\u0165 pr\u00edstup k dezinfek\u010dn\u00fdm tekutin\u00e1m. Bol zaveden\u00fd aj z\u00e1kaz vstupu do lesov. S\u00fa\u010dasne so zaveden\u00edm t\u00fdchto obmedzen\u00ed vl\u00e1da spustila kampa\u0148 na n\u00e1kup ochrann\u00fdch opatren\u00ed a prechod na dom\u00e1cu v\u00fdrobu v boji proti epid\u00e9mii.<\/p>\n\n\n\n<p>Od 20. apr\u00edla sa postupne ru\u0161ia obmedzenia t\u00fdkaj\u00face sa povinn\u00e9ho zakr\u00fdvania \u00fast a nosa. Za\u010dal sa proces rozmrazovania hospod\u00e1rstva.<\/p>\n\n\n\n<figure class=\"wp-block-image size-large\"><img decoding=\"async\" width=\"755\" height=\"784\" src=\"https:\/\/marekkuchcinski.pl\/wp-content\/uploads\/2020\/07\/94262519_234458030949328_4911233620519157760_n.png\" alt=\"\" class=\"wp-image-19160\" srcset=\"https:\/\/marekkuchcinski.pl\/wp-content\/uploads\/2020\/07\/94262519_234458030949328_4911233620519157760_n.png 755w, https:\/\/marekkuchcinski.pl\/wp-content\/uploads\/2020\/07\/94262519_234458030949328_4911233620519157760_n-289x300.png 289w\" sizes=\"(max-width: 755px) 100vw, 755px\" \/><figcaption>Sejm, Var\u0161ava<br>Foto: EUROPA KARPAT Spolupr\u00e1ca<\/figcaption><\/figure>\n\n\n\n<p>\u00a0\u00a0\u00a0\u00a0\u00a0\u00a0\u00a0\u00a0\u00a0\u00a0\u00a0\u00a0\u00a0\u00a0\u00a0\u00a0\u00a0\u00a0\u00a0\u00a0\u00a0\u00a0\u00a0\u00a0\u00a0\u00a0\u00a0\u00a0\u00a0\u00a0\u00a0\u00a0\u00a0\u00a0\u00a0\u00a0\u00a0\u00a0\u00a0\u00a0\u00a0\u00a0\u00a0\u00a0\u00a0\u00a0<\/p>\n\n\n\n<p><strong>V Rumunsku <\/strong>D\u0148a 16. marca prezident vyhl\u00e1sil v celej krajine v\u00fdnimo\u010dn\u00fd stav. Bol vyhl\u00e1sen\u00fd vojensk\u00fd dekr\u00e9t o opatreniach na zabr\u00e1nenie \u0161\u00edrenia COVID-19. Cudzincom a osob\u00e1m bez \u0161t\u00e1tnej pr\u00edslu\u0161nosti bol zak\u00e1zan\u00fd vstup do Rumunska (okrem ur\u010dit\u00fdch v\u00fdnimiek, ako je tranzit, rodinn\u00ed pr\u00edslu\u0161n\u00edci). Verejn\u00e9 stretnutia a medzin\u00e1rodn\u00e9 cesty boli zak\u00e1zan\u00e9. V\u0161etky komer\u010dn\u00e9 lety boli pozastaven\u00e9. \u0160koly, re\u0161taur\u00e1cie, hotely, kaviarne a kluby boli zatvoren\u00e9. Bola zaveden\u00e1 povinn\u00e1 izol\u00e1cia a karant\u00e9na pre v\u0161etky osoby vstupuj\u00face do Rumunska (Suceava spolu s \u00f4smimi susedn\u00fdmi obcami Tandarei, \u017eupa Ialomita - v \u00faplnej karant\u00e9ne) - za poru\u0161enie z\u00e1kazov boli zaveden\u00e9 pr\u00edsne tresty. Bolo zaveden\u00e9 povinn\u00e9 nosenie ochrann\u00fdch masiek, dokonca aj podom\u00e1cky vyroben\u00fdch. V\u0161etky osoby mali zak\u00e1zan\u00e9 cestova\u0165 mimo miesta svojho bydliska (dom\u00e1cnosti) s v\u00fdnimkou: povolania, n\u00e1kupu tovaru na z\u00e1kladn\u00e9 potreby, lek\u00e1rskej pomoci, darcovstva krvi, humanit\u00e1rnej pomoci alebo dobrovo\u013en\u00edckej \u010dinnosti, kr\u00e1tkych ciest v bl\u00edzkosti vlastn\u00e9ho bydliska, ven\u010denia dom\u00e1cich zvierat, obchodovania s po\u013enohospod\u00e1rskymi produktmi, sprev\u00e1dzania det\u00ed, pomoci star\u0161\u00edm, chor\u00fdm alebo zdravotne postihnut\u00fdm osob\u00e1m, \u00famrtia \u010dlena rodiny (vo v\u0161etk\u00fdch pr\u00edpadoch sa vy\u017eaduje osobitn\u00e9 vyhl\u00e1senie vyplnen\u00e9 jednotlivcom alebo zamestn\u00e1vate\u013eom).<\/p>\n\n\n\n<p>Cestovanie os\u00f4b vo veku 65 rokov a viac mimo miesta bydliska (dom\u00e1cnosti) je povolen\u00e9 len v \u010dase od 11.00 do 13.00 hod.00 na \u00fa\u010dely: n\u00e1kup tovaru pre z\u00e1kladn\u00e9 potreby os\u00f4b a dom\u00e1cich zvierat, lek\u00e1rsku pomoc, ktor\u00fa nemo\u017eno odlo\u017ei\u0165 a poskytn\u00fa\u0165 na dia\u013eku (napr\u00edklad pl\u00e1novan\u00e1 lie\u010dba rakoviny, dial\u00fdza a podobne), pou\u017eitie osobnej, rodinnej, opatrovate\u013eskej alebo \u0161peci\u00e1lnej sanit\u00e1rnej dopravy (osobne podp\u00edsan\u00e9 vyhl\u00e1senie), kr\u00e1tke cesty v bl\u00edzkosti vlastn\u00e9ho bydliska v s\u00favislosti s osobnou fyzickou aktivitou alebo potrebami dom\u00e1cich zvierat, sprev\u00e1dzanie det\u00ed, pomoc star\u0161\u00edm, chor\u00fdm alebo zdravotne postihnut\u00fdm osob\u00e1m, \u00famrtie \u010dlena rodiny (cesty mimo tohto \u010dasov\u00e9ho r\u00e1mca s\u00fa povolen\u00e9 len v pr\u00edpade, \u017ee s\u00fa v z\u00e1ujme povolania alebo po\u013enohospod\u00e1rskych \u010dinnost\u00ed). Osoby vo veku 65 rokov a viac m\u00f4\u017eu opusti\u0165 svoje domovy medzi 20:00 a 21:00, aby sa postarali o svoje dom\u00e1ce zvierat\u00e1, ale len v bl\u00edzkosti svojho bydliska (dom\u00e1cnosti).<\/p>\n\n\n\n<p>Osobitn\u00e9 ustanovenia boli prijat\u00e9 pre r\u00f4zne kateg\u00f3rie povolan\u00ed, ako je rybolov, po\u013enohospod\u00e1rstvo, autoservis a predaj, trh s potravinami, farmaceutick\u00fd priemysel, pracovn\u00edci v pohrani\u010d\u00ed, soci\u00e1lne slu\u017eby, zdravotn\u00edcky person\u00e1l, vodi\u010di a piloti at\u010f. Boli zaveden\u00e9 komunika\u010dn\u00e9 syst\u00e9my a po\u010d\u00edta\u010dov\u00e9 aplik\u00e1cie potrebn\u00e9 na trval\u00fa komunik\u00e1ciu v re\u00e1lnom \u010dase s osobami v karant\u00e9ne alebo izolovan\u00fdmi doma. Vodi\u010di n\u00e1kladn\u00fdch vozidiel s maxim\u00e1lnym povolen\u00fdm n\u00e1kladom nad 2,4 t musia medzi jazdami absolvova\u0165 karant\u00e9nu alebo izol\u00e1ciu, ktor\u00e1 v\u0161ak nesmie presiahnu\u0165 14 dn\u00ed (miesta, ktor\u00e9 poskytne zamestn\u00e1vate\u013e, dom\u00e1ca izol\u00e1cia alebo miesta, ktor\u00e9 poskytn\u00fa verejn\u00e9 org\u00e1ny - rozhodn\u00fa vodi\u010di).<\/p>\n\n\n\n<p>Miestne org\u00e1ny verejnej spr\u00e1vy s\u00fa povinn\u00e9 identifikova\u0165 a vies\u0165 evidenciu \u013eud\u00ed bez domova a poskytn\u00fa\u0165 im pr\u00edstre\u0161ie a starostlivos\u0165. Verejn\u00e9 in\u0161tit\u00facie a podnikate\u013esk\u00e9 subjekty s\u00fa povinn\u00e9 ozna\u010di\u0165 predajn\u00fd priestor vidite\u013en\u00fdmi zna\u010dkami, ktor\u00e9 usmer\u0148uj\u00fa \u013eud\u00ed v bezpe\u010dnej vzdialenosti najmenej 1,5 metra. Na v\u0161etk\u00fdch vstupoch do budov v oblasti miestnych org\u00e1nov verejnej spr\u00e1vy boli nain\u0161talovan\u00e9 zariadenia s dezinfek\u010dn\u00fdmi roztokmi a bola zaveden\u00e1 pravideln\u00e1 dezinfekcia v\u00fd\u0165ahov, schod\u00edsk a in\u00fdch spolo\u010dn\u00fdch priestorov.<\/p>\n\n\n\n<p>Po\u010das v\u00fdnimo\u010dn\u00e9ho stavu sa ceny elektriny a tepla, zemn\u00e9ho plynu, vodn\u00e9ho, sto\u010dn\u00e9ho a pohonn\u00fdch hm\u00f4t nesm\u00fa zv\u00fd\u0161i\u0165 nad \u00farove\u0148 platn\u00fa v de\u0148 vydania vojensk\u00e9ho dekr\u00e9tu; m\u00f4\u017eu sa zn\u00ed\u017ei\u0165 len pod\u013ea dopytu a ponuky. Okrem toho sa bezplatne vysielaj\u00fa vl\u00e1dne alebo s\u00fakromn\u00e9 lek\u00e1rske upozornenia, tla\u010dov\u00e9 spr\u00e1vy, texty, fotografie, zvukov\u00e9 a obrazov\u00e9 materi\u00e1ly vo verejnom z\u00e1ujme na podporu prevencie \u0161\u00edrenia COVID-19 a prid\u00e1vaj\u00fa sa na reklamn\u00e9 plochy.<\/p>\n\n\n\n<figure class=\"wp-block-gallery columns-1 is-cropped wp-block-gallery-1 is-layout-flex wp-block-gallery-is-layout-flex\"><ul class=\"blocks-gallery-grid\"><li class=\"blocks-gallery-item\"><figure><img decoding=\"async\" width=\"865\" height=\"623\" src=\"https:\/\/marekkuchcinski.pl\/wp-content\/uploads\/2020\/07\/93968591_243642273500305_8731363050398941184_n.png\" alt=\"\" data-id=\"19161\" class=\"wp-image-19161\" srcset=\"https:\/\/marekkuchcinski.pl\/wp-content\/uploads\/2020\/07\/93968591_243642273500305_8731363050398941184_n.png 865w, https:\/\/marekkuchcinski.pl\/wp-content\/uploads\/2020\/07\/93968591_243642273500305_8731363050398941184_n-300x216.png 300w, https:\/\/marekkuchcinski.pl\/wp-content\/uploads\/2020\/07\/93968591_243642273500305_8731363050398941184_n-768x553.png 768w\" sizes=\"(max-width: 865px) 100vw, 865px\" \/><figcaption class=\"blocks-gallery-item__caption\">Pal\u00e1c rumunsk\u00e9ho parlamentu, Bukure\u0161\u0165<br>Foto: EUROPA KARPAT Spolupr\u00e1ca<\/figcaption><\/figure><\/li><\/ul><\/figure>\n\n\n\n<p>\u00a0\u00a0\u00a0\u00a0\u00a0\u00a0\u00a0\u00a0\u00a0\u00a0\u00a0\u00a0\u00a0\u00a0\u00a0\u00a0\u00a0\u00a0\u00a0\u00a0\u00a0\u00a0\u00a0\u00a0\u00a0\u00a0\u00a0\u00a0\u00a0\u00a0\u00a0\u00a0\u00a0\u00a0\u00a0\u00a0\u00a0\u00a0\u00a0\u00a0\u00a0\u00a0\u00a0\u00a0\u00a0\u00a0<\/p>\n\n\n\n<p><strong>V Slovenskej republike<\/strong> V\u0161etky letisk\u00e1 boli zatvoren\u00e9 a medzin\u00e1rodn\u00e1 vlakov\u00e1, lodn\u00e1 a tranzitn\u00e1 autobusov\u00e1 doprava cez Slovensko bola pozastaven\u00e1. Hranice boli uzavret\u00e9 pre cudzincov (okrem pr\u00edbuzn\u00fdch ob\u010danov SR, os\u00f4b s platn\u00fdm pobytom na Slovensku, s prechodn\u00fdm alebo trval\u00fdm pobytom v pohrani\u010dnej oblasti susedn\u00e9ho \u0161t\u00e1tu do 30 km od hran\u00edc SR, pracovn\u00edkov diplomatick\u00fdch misi\u00ed, cudzincov, ktor\u00ed s\u00fa osloboden\u00ed od poplatkov \u00daradom verejn\u00e9ho zdravotn\u00edctva SR, cudzincov - vodi\u010dov n\u00e1kladnej cestnej dopravy a n\u00e1kladn\u00fdch vozidiel, vodi\u010dov a pos\u00e1dky autobusovej dopravy, zdravotn\u00edkov, zamestnan\u00fdch v pohrebn\u00fdch slu\u017eb\u00e1ch).<\/p>\n\n\n\n<p>\u00a0\u00a0\u00a0\u00a0\u00a0\u00a0\u00a0\u00a0\u00a0\u00a0\u00a0 Ob\u010dania SR a osoby s trval\u00fdm pobytom na \u00fazem\u00ed SR s\u00fa povinn\u00ed nosi\u0165 na v\u0161etk\u00fdch verejn\u00fdch miestach (obchody s potravinami, verejn\u00e1 doprava a pod., vr\u00e1tane vonkaj\u0161\u00edch priestorov) ochrann\u00fd \u0161t\u00edt (maska, \u0161atka a pod.). Izol\u00e1cia v \u0161t\u00e1tnej karant\u00e9nnej stanici je povinn\u00e1 pre individu\u00e1lne a organizovan\u00e9 formy cestovania. Trv\u00e1 po dobu potrebn\u00fa na diagnostiku ochorenia COVID-19 a po negat\u00edvnom v\u00fdsledku je osoba povinn\u00e1 zosta\u0165 14 dn\u00ed v dom\u00e1cej izol\u00e1cii. Povinn\u00e1 je aj izol\u00e1cia os\u00f4b \u017eij\u00facich v spolo\u010dnej dom\u00e1cnosti (izol\u00e1cia v \u0161t\u00e1tnych karant\u00e9nnych centr\u00e1ch sa nevz\u0165ahuje na tehotn\u00e9 \u017eeny, osoby so zn\u00ed\u017eenou pohyblivos\u0165ou, s ur\u010dit\u00fdmi chorobami, star\u0161ie ako 75 rokov, po\u017e\u00edvaj\u00face diplomatick\u00e9 v\u00fdsady a imunity na \u00fazem\u00ed SR.  Slovensk\u00e9 nemocnice prij\u00edmaj\u00fa urgentn\u00e9 pr\u00edpady a pr\u00edpady po predch\u00e1dzaj\u00facej dohode. \u0160t\u00e1tne \u00farady funguj\u00fa len po predch\u00e1dzaj\u00facej dohode. Cestovanie vn\u00fatro\u0161t\u00e1tnymi autobusmi a vlakmi m\u00e1 obmedzen\u00fd cestovn\u00fd poriadok. Obchody s potravinami a lek\u00e1rne zost\u00e1vaj\u00fa otvoren\u00e9. V \u010dase od 9:00 do 12:00 m\u00f4\u017eu nakupova\u0165 len osoby star\u0161ie ako 65 rokov. V\u0161etky obchody s\u00fa v nede\u013eu zatvoren\u00e9. N\u00e1kupn\u00e9 centr\u00e1 s\u00fa zatvoren\u00e9, okrem obchodov s potravinami a lek\u00e1rn\u00ed. Slovensk\u00e1 vl\u00e1da d\u00f4razne vyzvala \u013eud\u00ed nad 65 rokov, aby neop\u00fa\u0161\u0165ali svoje domovy, ak to nie je absol\u00fatne nevyhnutn\u00e9. Hotely a re\u0161taur\u00e1cie s\u00fa zatvoren\u00e9 (re\u0161taur\u00e1cie pon\u00fakaj\u00fa don\u00e1\u0161ku a don\u00e1\u0161kov\u00e9 slu\u017eby). V\u0161etky univerzity, \u0161koly a \u0161k\u00f4lky s\u00fa zatvoren\u00e9. A\u017e do odvolania s\u00fa zatvoren\u00e9 v\u0161etky rekrea\u010dn\u00e9 zariadenia, aquaparky a ly\u017eiarske stredisk\u00e1, k\u00fapele, wellness centr\u00e1 a bary. Stav n\u00fadze bol vyhl\u00e1sen\u00fd aj v zdravotn\u00edctve.  V Bratislave bola nariaden\u00e1 dezinfekcia vozidiel MHD a mnoh\u00e9 kostoly a\u017e do odvolania pozastavili bohoslu\u017eby.<\/p>\n\n\n\n<figure class=\"wp-block-image size-large\"><img loading=\"lazy\" decoding=\"async\" width=\"865\" height=\"587\" src=\"https:\/\/marekkuchcinski.pl\/wp-content\/uploads\/2020\/07\/94143896_2883098788433530_4541799173875302400_n.png\" alt=\"\" class=\"wp-image-19162\" srcset=\"https:\/\/marekkuchcinski.pl\/wp-content\/uploads\/2020\/07\/94143896_2883098788433530_4541799173875302400_n.png 865w, https:\/\/marekkuchcinski.pl\/wp-content\/uploads\/2020\/07\/94143896_2883098788433530_4541799173875302400_n-300x204.png 300w, https:\/\/marekkuchcinski.pl\/wp-content\/uploads\/2020\/07\/94143896_2883098788433530_4541799173875302400_n-768x521.png 768w\" sizes=\"(max-width: 865px) 100vw, 865px\" \/><figcaption>Budova N\u00e1rodnej rady Slovenskej republiky, Bratislava<br>Foto: EUROPA KARPAT Spolupr\u00e1ca<\/figcaption><\/figure>\n\n\n\n<figure class=\"wp-block-gallery columns-0 is-cropped wp-block-gallery-2 is-layout-flex wp-block-gallery-is-layout-flex\"><ul class=\"blocks-gallery-grid\"><\/ul><\/figure>\n\n\n\n<p>\u00a0\u00a0\u00a0\u00a0\u00a0\u00a0\u00a0\u00a0\u00a0\u00a0\u00a0\u00a0\u00a0\u00a0\u00a0\u00a0\u00a0\u00a0\u00a0\u00a0\u00a0\u00a0\u00a0\u00a0\u00a0\u00a0\u00a0\u00a0\u00a0\u00a0\u00a0\u00a0\u00a0\u00a0\u00a0\u00a0\u00a0\u00a0\u00a0\u00a0\u00a0\u00a0\u00a0\u00a0\u00a0\u00a0\u00a0\u00a0\u00a0\u00a0\u00a0\u00a0\u00a0\u00a0\u00a0\u00a0\u00a0<\/p>\n\n\n\n<p><strong>Na Ukrajine<\/strong> V\u0161etky komer\u010dn\u00e9 medzin\u00e1rodn\u00e9 slu\u017eby pre cestuj\u00facich vr\u00e1tane letov, vlakov a osobn\u00fdch autobusov na Ukrajinu a z nej boli pozastaven\u00e9. Leteck\u00e9 spolo\u010dnosti vr\u00e1tane Ukraine International Airlines priebe\u017ene vykon\u00e1vali repatria\u010dn\u00e9 lety. Cudzinci bez povolenia na pobyt nem\u00f4\u017eu vst\u00fapi\u0165 na Ukrajinu. V\u0161etci cestuj\u00faci (ukrajinsk\u00ed ob\u010dania a cudzinci), ktor\u00ed prich\u00e1dzaj\u00fa na Ukrajinu, musia prejs\u0165 14-d\u0148ovou karant\u00e9nou. \u0160koly, vzdel\u00e1vacie zariadenia a univerzity boli zatvoren\u00e9. Nosenie masiek na verejn\u00fdch miestach je povinn\u00e9.<\/p>\n\n\n\n<p>Bolo zak\u00e1zan\u00e9 zdr\u017eiava\u0165 sa vonku v skupin\u00e1ch viac ako dvoch os\u00f4b (v\u00fdnimku tvorili malolet\u00e9 deti a rodi\u010dia alebo opatrovn\u00edci) a deti mlad\u0161ie ako 14 rokov mali zak\u00e1zan\u00e9 zdr\u017eiava\u0165 sa na verejn\u00fdch miestach bez sprievodu. N\u00e1v\u0161tevy parkov, verejn\u00fdch z\u00e1hrad, rekrea\u010dn\u00fdch oblast\u00ed a pobre\u017en\u00fdch oblast\u00ed boli zak\u00e1zan\u00e9 s v\u00fdnimkou prech\u00e1dzok so zvieratami pre jednu osobu. Zaviedla sa povinnos\u0165 nosi\u0165 na verejn\u00fdch miestach doklad toto\u017enosti. Bola zaveden\u00e1 izol\u00e1cia v\u0161etk\u00fdch os\u00f4b star\u0161\u00edch ako 60 rokov (okrem os\u00f4b, ktor\u00e9 sa podie\u013eaj\u00fa na prevencii \u0161\u00edrenia COVID-19 a plnia \u00falohy v kritickej infra\u0161trukt\u00fare), ako aj os\u00f4b chor\u00fdch na COVID-19 alebo os\u00f4b podozriv\u00fdch z n\u00e1kazy COVID-19. Obchody a slu\u017eby boli zatvoren\u00e9 s v\u00fdnimkou obchodov s potravinami, lek\u00e1rn\u00ed, b\u00e1nk a \u010derpac\u00edch stan\u00edc (v Kyjeve je v obchodoch s potravinami a lek\u00e1r\u0148ach obmedzen\u00fd po\u010det z\u00e1kazn\u00edkov na 10 m2 a vy\u017eaduje sa nosenie masiek). Metr\u00e1 v Kyjeve, Dnipre a Charkove s\u00fa zatvoren\u00e9. V ostatn\u00fdch prostriedkoch mestskej dopravy vr\u00e1tane autobusov a elektri\u010diek sa m\u00f4\u017ee prepravova\u0165 maxim\u00e1lne 10 cestuj\u00facich naraz. Mestsk\u00e1 doprava v Kyjeve je obmedzen\u00e1 len pre nevyhnutn\u00fd person\u00e1l s preukazmi. Ukrajinsk\u00e9 \u017eeleznice pozastavili v\u0161etky vn\u00fatro\u0161t\u00e1tne slu\u017eby osobnej dopravy. Okrem toho je zak\u00e1zan\u00e1 medzimestsk\u00e1 autobusov\u00e1 doprava (okrem s\u00fakromn\u00fdch vozidiel). V\u0161etk\u00fdm vodi\u010dom a cestuj\u00facim vo vozidl\u00e1ch, ktor\u00ed vch\u00e1dzaj\u00fa do Kyjeva, sa mus\u00ed zmera\u0165 teplota, a ak m\u00e1 niekto teplotu vy\u0161\u0161iu ako 37,5 stup\u0148a Celzia a s\u00fa u neho pr\u00edznaky ak\u00fatneho respira\u010dn\u00e9ho ochorenia, vy\u0161etr\u00ed sa a po\u0161le do izol\u00e1cie.<\/p>\n\n\n\n<figure class=\"wp-block-gallery columns-1 is-cropped wp-block-gallery-3 is-layout-flex wp-block-gallery-is-layout-flex\"><ul class=\"blocks-gallery-grid\"><li class=\"blocks-gallery-item\"><figure><img loading=\"lazy\" decoding=\"async\" width=\"868\" height=\"594\" src=\"https:\/\/marekkuchcinski.pl\/wp-content\/uploads\/2020\/07\/94196714_2649007852032477_2771589378756050944_n.png\" alt=\"\" data-id=\"19163\" data-full-url=\"https:\/\/marekkuchcinski.pl\/wp-content\/uploads\/2020\/07\/94196714_2649007852032477_2771589378756050944_n.png\" data-link=\"https:\/\/marekkuchcinski.pl\/?attachment_id=19163\" class=\"wp-image-19163\" srcset=\"https:\/\/marekkuchcinski.pl\/wp-content\/uploads\/2020\/07\/94196714_2649007852032477_2771589378756050944_n.png 868w, https:\/\/marekkuchcinski.pl\/wp-content\/uploads\/2020\/07\/94196714_2649007852032477_2771589378756050944_n-300x205.png 300w, https:\/\/marekkuchcinski.pl\/wp-content\/uploads\/2020\/07\/94196714_2649007852032477_2771589378756050944_n-768x526.png 768w\" sizes=\"(max-width: 868px) 100vw, 868px\" \/><figcaption class=\"blocks-gallery-item__caption\">S\u00eddlo Najvy\u0161\u0161ej rady Ukrajiny, Kyjev<br>Foto: EUROPA KARPAT Spolupr\u00e1ca<\/figcaption><\/figure><\/li><\/ul><\/figure>\n\n\n\n<p>\u00a0\u00a0\u00a0\u00a0\u00a0\u00a0\u00a0\u00a0\u00a0\u00a0\u00a0\u00a0\u00a0\u00a0\u00a0\u00a0\u00a0\u00a0\u00a0\u00a0\u00a0\u00a0\u00a0\u00a0\u00a0\u00a0\u00a0\u00a0\u00a0\u00a0\u00a0\u00a0\u00a0\u00a0\u00a0\u00a0\u00a0\u00a0\u00a0\u00a0\u00a0\u00a0\u00a0\u00a0\u00a0\u00a0<\/p>\n\n\n\n<p><strong>V Ma\u010farsku <\/strong>boli zaveden\u00e9 aj re\u0161trikt\u00edvne opatrenia proti koronav\u00edrusu. Ma\u010farsk\u00e1 vl\u00e1da 11. marca vyhl\u00e1sila v\u00fdnimo\u010dn\u00fd stav a 30. marca N\u00e1rodn\u00e9 zhroma\u017edenie prijalo z\u00e1kon, pod\u013ea ktor\u00e9ho bol v\u00fdnimo\u010dn\u00fd stav \u010dasovo neobmedzen\u00fd a premi\u00e9r mohol po\u010das neho vl\u00e1dnu\u0165 prostredn\u00edctvom dekr\u00e9tov. Po vycestovan\u00ed do zahrani\u010dia bola nariaden\u00e1 14-d\u0148ov\u00e1 izol\u00e1cia. Hranice boli uzavret\u00e9 a do krajiny mohli vst\u00fapi\u0165 len ma\u010farsk\u00ed ob\u010dania. Odchod z domu bol obmedzen\u00fd len na pr\u00e1cu, n\u00e1kupy a z\u00e1kladn\u00e9 potreby. Obchody boli zatvoren\u00e9 s v\u00fdnimkou potrav\u00edn, drog\u00e9ri\u00ed, lek\u00e1rn\u00ed a trhov. Pri pohybe musia \u013eudia od seba dodr\u017eiava\u0165 vzdialenos\u0165 1,5 metra.<\/p>\n\n\n\n<p>Osoby vo veku 65 rokov a viac m\u00f4\u017eu nakupova\u0165 v obchodoch od 9.00 do 12.00 h. Zhroma\u017e\u010fovanie bolo zak\u00e1zan\u00e9. \u013dudia maj\u00fa povolen\u00e9 chodi\u0165 na prech\u00e1dzky len v mal\u00fdch skupin\u00e1ch. V\u0161etky verejn\u00e9 podujatia boli zru\u0161en\u00e9. \u0160koly a univerzity boli zatvoren\u00e9. Na obmedzenie \u0161\u00edrenia paniky bol zaveden\u00fd z\u00e1kon, pod\u013ea ktor\u00e9ho sa \u00famyseln\u00e9 \u0161\u00edrenie zav\u00e1dzaj\u00facich inform\u00e1ci\u00ed, ktor\u00e9 br\u00e1nia reakcii na pand\u00e9miu, trest\u00e1 a\u017e piatimi rokmi v\u00e4zenia (E\u00da to kritizovala) a poru\u0161enie karant\u00e9ny sa trest\u00e1 a\u017e tromi rokmi).\u00a0<\/p>\n\n\n\n<figure class=\"wp-block-gallery columns-1 is-cropped wp-block-gallery-4 is-layout-flex wp-block-gallery-is-layout-flex\"><ul class=\"blocks-gallery-grid\"><li class=\"blocks-gallery-item\"><figure><img loading=\"lazy\" decoding=\"async\" width=\"1024\" height=\"683\" src=\"https:\/\/marekkuchcinski.pl\/wp-content\/uploads\/2020\/07\/93702261_932708873909757_2258577684395196416_n-1024x683.jpg\" alt=\"\" data-id=\"19164\" data-full-url=\"https:\/\/marekkuchcinski.pl\/wp-content\/uploads\/2020\/07\/93702261_932708873909757_2258577684395196416_n-scaled.jpg\" data-link=\"https:\/\/marekkuchcinski.pl\/?attachment_id=19164\" class=\"wp-image-19164\" srcset=\"https:\/\/marekkuchcinski.pl\/wp-content\/uploads\/2020\/07\/93702261_932708873909757_2258577684395196416_n-1024x683.jpg 1024w, https:\/\/marekkuchcinski.pl\/wp-content\/uploads\/2020\/07\/93702261_932708873909757_2258577684395196416_n-300x200.jpg 300w, https:\/\/marekkuchcinski.pl\/wp-content\/uploads\/2020\/07\/93702261_932708873909757_2258577684395196416_n-768x512.jpg 768w, https:\/\/marekkuchcinski.pl\/wp-content\/uploads\/2020\/07\/93702261_932708873909757_2258577684395196416_n-1536x1024.jpg 1536w, https:\/\/marekkuchcinski.pl\/wp-content\/uploads\/2020\/07\/93702261_932708873909757_2258577684395196416_n-scaled.jpg 2048w\" sizes=\"(max-width: 1024px) 100vw, 1024px\" \/><\/figure><\/li><\/ul><figcaption class=\"blocks-gallery-caption\">Rozhovor predsedu Sejmu Mareka Kuchci\u0144sk\u00e9ho s podpredsedom ma\u010farsk\u00e9ho parlamentu Janosom Latorcaiom. Budova parlamentu v Budape\u0161ti v pozad\u00ed, 2017.<\/figcaption><\/figure>\n\n\n\n<figure class=\"wp-block-image size-large\"><img loading=\"lazy\" decoding=\"async\" width=\"1024\" height=\"576\" src=\"https:\/\/marekkuchcinski.pl\/wp-content\/uploads\/2020\/07\/Karpaty-covid-1024x576.jpg\" alt=\"\" class=\"wp-image-19165\" srcset=\"https:\/\/marekkuchcinski.pl\/wp-content\/uploads\/2020\/07\/Karpaty-covid-1024x576.jpg 1024w, https:\/\/marekkuchcinski.pl\/wp-content\/uploads\/2020\/07\/Karpaty-covid-300x169.jpg 300w, https:\/\/marekkuchcinski.pl\/wp-content\/uploads\/2020\/07\/Karpaty-covid-768x432.jpg 768w, https:\/\/marekkuchcinski.pl\/wp-content\/uploads\/2020\/07\/Karpaty-covid-1536x864.jpg 1536w, https:\/\/marekkuchcinski.pl\/wp-content\/uploads\/2020\/07\/Karpaty-covid.jpg 1920w\" sizes=\"(max-width: 1024px) 100vw, 1024px\" \/><\/figure>\n\n\n\n<p>Text: Andrew Paniw<\/p>\n\n\n\n<p>Zdroj: Ve\u013evyslanectv\u00e1 USA<\/p>\n\n\n\n<p><\/p>","protected":false},"excerpt":{"rendered":"<p>Reakcia karpatsk\u00fdch vl\u00e1d na epid\u00e9miu koronav\u00edrusu bola r\u00fdchla a rozhodn\u00e1. Nepodobala sa reakcii niektor\u00fdch z\u00e1padn\u00fdch kraj\u00edn, ktor\u00e9 boli ochotn\u00e9 uprednostni\u0165 ekonomick\u00e9 v\u00fdhody pred soci\u00e1lnymi n\u00e1kladmi a rozhodli sa neobmedzova\u0165 fungovanie \u0161t\u00e1tu. V s\u00fa\u010dasnosti je situ\u00e1cia v t\u00fdchto krajin\u00e1ch \u010doraz zlo\u017eitej\u0161ia. Po\u010det pr\u00edpadov sa pohybuje v desiatkach tis\u00edc a po\u010det \u00famrt\u00ed v desiatkach tis\u00edc. [...]<\/p>","protected":false},"author":17,"featured_media":19165,"comment_status":"open","ping_status":"open","sticky":false,"template":"","format":"standard","meta":{"ngg_post_thumbnail":0,"footnotes":""},"categories":[1,78,49,50,3],"tags":[],"class_list":["post-19158","post","type-post","status-publish","format-standard","has-post-thumbnail","hentry","category-bez-kategorii","category-europa-karpat","category-podkarpacie","category-wspolpraca-miedzynarodowa","category-wydarzenia"],"yoast_head":"<!-- This site is optimized with the Yoast SEO plugin v24.7 - https:\/\/yoast.com\/wordpress\/plugins\/seo\/ -->\n<title>Pa\u0144stwa karpackie w walce z koronawirusem &#8211; Marek Kuchci\u0144ski<\/title>\n<meta name=\"robots\" content=\"index, follow, max-snippet:-1, max-image-preview:large, max-video-preview:-1\" \/>\n<link rel=\"canonical\" href=\"https:\/\/marekkuchcinski.pl\/sk\/bez-kategorii\/panstwa-karpackie-w-walce-z-koronawirusem\/\" \/>\n<meta property=\"og:locale\" content=\"sk_SK\" \/>\n<meta property=\"og:type\" content=\"article\" \/>\n<meta property=\"og:title\" content=\"Pa\u0144stwa karpackie w walce z koronawirusem &#8211; Marek Kuchci\u0144ski\" \/>\n<meta property=\"og:description\" content=\"Reakcja rz\u0105d\u00f3w pa\u0144stw karpackich na epidemi\u0119 koronawirusaby\u0142a szybka i zdecydowana. Nie przypomina\u0142a reakcji niekt\u00f3rych pa\u0144stw zachodnich, kt\u00f3re chcia\u0142y postawi\u0107 wy\u017cej korzy\u015bci gospodarcze nad kosztami spo\u0142ecznymi i nie zdecydowa\u0142y si\u0119 na ograniczenia w funkcjonowaniu pa\u0144stwa. Obecnie sytuacja w tych pa\u0144stwach staje si\u0119 coraz trudniejsza. Liczba zachorowa\u0144 jest na poziomie kilkudziesi\u0119ciu tysi\u0119cy, a liczba zgon\u00f3w kilkunastu tysi\u0119cy. [&hellip;]\" \/>\n<meta property=\"og:url\" content=\"https:\/\/marekkuchcinski.pl\/sk\/bez-kategorii\/panstwa-karpackie-w-walce-z-koronawirusem\/\" \/>\n<meta property=\"og:site_name\" content=\"Marek Kuchci\u0144ski\" \/>\n<meta property=\"article:published_time\" content=\"2020-04-21T14:33:05+00:00\" \/>\n<meta property=\"article:modified_time\" content=\"2020-07-06T15:00:37+00:00\" \/>\n<meta property=\"og:image\" content=\"https:\/\/marekkuchcinski.pl\/wp-content\/uploads\/2020\/07\/Karpaty-covid.jpg\" \/>\n\t<meta property=\"og:image:width\" content=\"1920\" \/>\n\t<meta property=\"og:image:height\" content=\"1080\" \/>\n\t<meta property=\"og:image:type\" content=\"image\/jpeg\" \/>\n<meta name=\"author\" content=\"Tomasz \u0141acina\" \/>\n<meta name=\"twitter:card\" content=\"summary_large_image\" \/>\n<meta name=\"twitter:label1\" content=\"Autor\" \/>\n\t<meta name=\"twitter:data1\" content=\"Tomasz \u0141acina\" \/>\n\t<meta name=\"twitter:label2\" content=\"Predpokladan\u00fd \u010das \u010d\u00edtania\" \/>\n\t<meta name=\"twitter:data2\" content=\"13 min\u00fat\" \/>\n<script type=\"application\/ld+json\" class=\"yoast-schema-graph\">{\"@context\":\"https:\/\/schema.org\",\"@graph\":[{\"@type\":\"Article\",\"@id\":\"https:\/\/marekkuchcinski.pl\/sk\/bez-kategorii\/panstwa-karpackie-w-walce-z-koronawirusem\/#article\",\"isPartOf\":{\"@id\":\"https:\/\/marekkuchcinski.pl\/sk\/bez-kategorii\/panstwa-karpackie-w-walce-z-koronawirusem\/\"},\"author\":{\"name\":\"Tomasz \u0141acina\",\"@id\":\"https:\/\/marekkuchcinski.pl\/#\/schema\/person\/b8a29fe7813098f7be78801d029910a7\"},\"headline\":\"Pa\u0144stwa karpackie w walce z koronawirusem\",\"datePublished\":\"2020-04-21T14:33:05+00:00\",\"dateModified\":\"2020-07-06T15:00:37+00:00\",\"mainEntityOfPage\":{\"@id\":\"https:\/\/marekkuchcinski.pl\/sk\/bez-kategorii\/panstwa-karpackie-w-walce-z-koronawirusem\/\"},\"wordCount\":2691,\"commentCount\":0,\"publisher\":{\"@id\":\"https:\/\/marekkuchcinski.pl\/#organization\"},\"image\":{\"@id\":\"https:\/\/marekkuchcinski.pl\/sk\/bez-kategorii\/panstwa-karpackie-w-walce-z-koronawirusem\/#primaryimage\"},\"thumbnailUrl\":\"https:\/\/marekkuchcinski.pl\/wp-content\/uploads\/2020\/07\/Karpaty-covid.jpg\",\"articleSection\":[\"Bez kategorii\",\"Europa Karpat\",\"Podkarpacie\",\"Wsp\u00f3\u0142praca mi\u0119dzynarodowa\",\"Wydarzenia\"],\"inLanguage\":\"sk-SK\",\"potentialAction\":[{\"@type\":\"CommentAction\",\"name\":\"Comment\",\"target\":[\"https:\/\/marekkuchcinski.pl\/sk\/bez-kategorii\/panstwa-karpackie-w-walce-z-koronawirusem\/#respond\"]}]},{\"@type\":\"WebPage\",\"@id\":\"https:\/\/marekkuchcinski.pl\/sk\/bez-kategorii\/panstwa-karpackie-w-walce-z-koronawirusem\/\",\"url\":\"https:\/\/marekkuchcinski.pl\/sk\/bez-kategorii\/panstwa-karpackie-w-walce-z-koronawirusem\/\",\"name\":\"Pa\u0144stwa karpackie w walce z koronawirusem &#8211; Marek Kuchci\u0144ski\",\"isPartOf\":{\"@id\":\"https:\/\/marekkuchcinski.pl\/#website\"},\"primaryImageOfPage\":{\"@id\":\"https:\/\/marekkuchcinski.pl\/sk\/bez-kategorii\/panstwa-karpackie-w-walce-z-koronawirusem\/#primaryimage\"},\"image\":{\"@id\":\"https:\/\/marekkuchcinski.pl\/sk\/bez-kategorii\/panstwa-karpackie-w-walce-z-koronawirusem\/#primaryimage\"},\"thumbnailUrl\":\"https:\/\/marekkuchcinski.pl\/wp-content\/uploads\/2020\/07\/Karpaty-covid.jpg\",\"datePublished\":\"2020-04-21T14:33:05+00:00\",\"dateModified\":\"2020-07-06T15:00:37+00:00\",\"breadcrumb\":{\"@id\":\"https:\/\/marekkuchcinski.pl\/sk\/bez-kategorii\/panstwa-karpackie-w-walce-z-koronawirusem\/#breadcrumb\"},\"inLanguage\":\"sk-SK\",\"potentialAction\":[{\"@type\":\"ReadAction\",\"target\":[\"https:\/\/marekkuchcinski.pl\/sk\/bez-kategorii\/panstwa-karpackie-w-walce-z-koronawirusem\/\"]}]},{\"@type\":\"ImageObject\",\"inLanguage\":\"sk-SK\",\"@id\":\"https:\/\/marekkuchcinski.pl\/sk\/bez-kategorii\/panstwa-karpackie-w-walce-z-koronawirusem\/#primaryimage\",\"url\":\"https:\/\/marekkuchcinski.pl\/wp-content\/uploads\/2020\/07\/Karpaty-covid.jpg\",\"contentUrl\":\"https:\/\/marekkuchcinski.pl\/wp-content\/uploads\/2020\/07\/Karpaty-covid.jpg\",\"width\":1920,\"height\":1080},{\"@type\":\"BreadcrumbList\",\"@id\":\"https:\/\/marekkuchcinski.pl\/sk\/bez-kategorii\/panstwa-karpackie-w-walce-z-koronawirusem\/#breadcrumb\",\"itemListElement\":[{\"@type\":\"ListItem\",\"position\":1,\"name\":\"Strona g\u0142\u00f3wna\",\"item\":\"https:\/\/marekkuchcinski.pl\/\"},{\"@type\":\"ListItem\",\"position\":2,\"name\":\"Pa\u0144stwa karpackie w walce z koronawirusem\"}]},{\"@type\":\"WebSite\",\"@id\":\"https:\/\/marekkuchcinski.pl\/#website\",\"url\":\"https:\/\/marekkuchcinski.pl\/\",\"name\":\"Marek Kuchci\u0144ski\",\"description\":\"Pose\u0142 na sejm RP &ndash; okr\u0119g nr 22\",\"publisher\":{\"@id\":\"https:\/\/marekkuchcinski.pl\/#organization\"},\"potentialAction\":[{\"@type\":\"SearchAction\",\"target\":{\"@type\":\"EntryPoint\",\"urlTemplate\":\"https:\/\/marekkuchcinski.pl\/?s={search_term_string}\"},\"query-input\":{\"@type\":\"PropertyValueSpecification\",\"valueRequired\":true,\"valueName\":\"search_term_string\"}}],\"inLanguage\":\"sk-SK\"},{\"@type\":\"Organization\",\"@id\":\"https:\/\/marekkuchcinski.pl\/#organization\",\"name\":\"Marek Kuchci\u0144ski\",\"url\":\"https:\/\/marekkuchcinski.pl\/\",\"logo\":{\"@type\":\"ImageObject\",\"inLanguage\":\"sk-SK\",\"@id\":\"https:\/\/marekkuchcinski.pl\/#\/schema\/logo\/image\/\",\"url\":\"https:\/\/marekkuchcinski.pl\/wp-content\/uploads\/2022\/09\/Marek.jpg\",\"contentUrl\":\"https:\/\/marekkuchcinski.pl\/wp-content\/uploads\/2022\/09\/Marek.jpg\",\"width\":1600,\"height\":971,\"caption\":\"Marek Kuchci\u0144ski\"},\"image\":{\"@id\":\"https:\/\/marekkuchcinski.pl\/#\/schema\/logo\/image\/\"}},{\"@type\":\"Person\",\"@id\":\"https:\/\/marekkuchcinski.pl\/#\/schema\/person\/b8a29fe7813098f7be78801d029910a7\",\"name\":\"Tomasz \u0141acina\",\"image\":{\"@type\":\"ImageObject\",\"inLanguage\":\"sk-SK\",\"@id\":\"https:\/\/marekkuchcinski.pl\/#\/schema\/person\/image\/\",\"url\":\"https:\/\/secure.gravatar.com\/avatar\/22e75f6c51aff77a676ed77dd222f852?s=96&d=mm&r=g\",\"contentUrl\":\"https:\/\/secure.gravatar.com\/avatar\/22e75f6c51aff77a676ed77dd222f852?s=96&d=mm&r=g\",\"caption\":\"Tomasz \u0141acina\"},\"url\":\"https:\/\/marekkuchcinski.pl\/sk\/author\/tomek-lacina\/\"}]}<\/script>\n<!-- \/ Yoast SEO plugin. -->","yoast_head_json":{"title":"Pa\u0144stwa karpackie w walce z koronawirusem &#8211; Marek Kuchci\u0144ski","robots":{"index":"index","follow":"follow","max-snippet":"max-snippet:-1","max-image-preview":"max-image-preview:large","max-video-preview":"max-video-preview:-1"},"canonical":"https:\/\/marekkuchcinski.pl\/sk\/bez-kategorii\/panstwa-karpackie-w-walce-z-koronawirusem\/","og_locale":"sk_SK","og_type":"article","og_title":"Pa\u0144stwa karpackie w walce z koronawirusem &#8211; Marek Kuchci\u0144ski","og_description":"Reakcja rz\u0105d\u00f3w pa\u0144stw karpackich na epidemi\u0119 koronawirusaby\u0142a szybka i zdecydowana. Nie przypomina\u0142a reakcji niekt\u00f3rych pa\u0144stw zachodnich, kt\u00f3re chcia\u0142y postawi\u0107 wy\u017cej korzy\u015bci gospodarcze nad kosztami spo\u0142ecznymi i nie zdecydowa\u0142y si\u0119 na ograniczenia w funkcjonowaniu pa\u0144stwa. Obecnie sytuacja w tych pa\u0144stwach staje si\u0119 coraz trudniejsza. Liczba zachorowa\u0144 jest na poziomie kilkudziesi\u0119ciu tysi\u0119cy, a liczba zgon\u00f3w kilkunastu tysi\u0119cy. [&hellip;]","og_url":"https:\/\/marekkuchcinski.pl\/sk\/bez-kategorii\/panstwa-karpackie-w-walce-z-koronawirusem\/","og_site_name":"Marek Kuchci\u0144ski","article_published_time":"2020-04-21T14:33:05+00:00","article_modified_time":"2020-07-06T15:00:37+00:00","og_image":[{"width":1920,"height":1080,"url":"https:\/\/marekkuchcinski.pl\/wp-content\/uploads\/2020\/07\/Karpaty-covid.jpg","type":"image\/jpeg"}],"author":"Tomasz \u0141acina","twitter_card":"summary_large_image","twitter_misc":{"Autor":"Tomasz \u0141acina","Predpokladan\u00fd \u010das \u010d\u00edtania":"13 min\u00fat"},"schema":{"@context":"https:\/\/schema.org","@graph":[{"@type":"Article","@id":"https:\/\/marekkuchcinski.pl\/sk\/bez-kategorii\/panstwa-karpackie-w-walce-z-koronawirusem\/#article","isPartOf":{"@id":"https:\/\/marekkuchcinski.pl\/sk\/bez-kategorii\/panstwa-karpackie-w-walce-z-koronawirusem\/"},"author":{"name":"Tomasz \u0141acina","@id":"https:\/\/marekkuchcinski.pl\/#\/schema\/person\/b8a29fe7813098f7be78801d029910a7"},"headline":"Pa\u0144stwa karpackie w walce z koronawirusem","datePublished":"2020-04-21T14:33:05+00:00","dateModified":"2020-07-06T15:00:37+00:00","mainEntityOfPage":{"@id":"https:\/\/marekkuchcinski.pl\/sk\/bez-kategorii\/panstwa-karpackie-w-walce-z-koronawirusem\/"},"wordCount":2691,"commentCount":0,"publisher":{"@id":"https:\/\/marekkuchcinski.pl\/#organization"},"image":{"@id":"https:\/\/marekkuchcinski.pl\/sk\/bez-kategorii\/panstwa-karpackie-w-walce-z-koronawirusem\/#primaryimage"},"thumbnailUrl":"https:\/\/marekkuchcinski.pl\/wp-content\/uploads\/2020\/07\/Karpaty-covid.jpg","articleSection":["Bez kategorii","Europa Karpat","Podkarpacie","Wsp\u00f3\u0142praca mi\u0119dzynarodowa","Wydarzenia"],"inLanguage":"sk-SK","potentialAction":[{"@type":"CommentAction","name":"Comment","target":["https:\/\/marekkuchcinski.pl\/sk\/bez-kategorii\/panstwa-karpackie-w-walce-z-koronawirusem\/#respond"]}]},{"@type":"WebPage","@id":"https:\/\/marekkuchcinski.pl\/sk\/bez-kategorii\/panstwa-karpackie-w-walce-z-koronawirusem\/","url":"https:\/\/marekkuchcinski.pl\/sk\/bez-kategorii\/panstwa-karpackie-w-walce-z-koronawirusem\/","name":"Pa\u0144stwa karpackie w walce z koronawirusem &#8211; Marek Kuchci\u0144ski","isPartOf":{"@id":"https:\/\/marekkuchcinski.pl\/#website"},"primaryImageOfPage":{"@id":"https:\/\/marekkuchcinski.pl\/sk\/bez-kategorii\/panstwa-karpackie-w-walce-z-koronawirusem\/#primaryimage"},"image":{"@id":"https:\/\/marekkuchcinski.pl\/sk\/bez-kategorii\/panstwa-karpackie-w-walce-z-koronawirusem\/#primaryimage"},"thumbnailUrl":"https:\/\/marekkuchcinski.pl\/wp-content\/uploads\/2020\/07\/Karpaty-covid.jpg","datePublished":"2020-04-21T14:33:05+00:00","dateModified":"2020-07-06T15:00:37+00:00","breadcrumb":{"@id":"https:\/\/marekkuchcinski.pl\/sk\/bez-kategorii\/panstwa-karpackie-w-walce-z-koronawirusem\/#breadcrumb"},"inLanguage":"sk-SK","potentialAction":[{"@type":"ReadAction","target":["https:\/\/marekkuchcinski.pl\/sk\/bez-kategorii\/panstwa-karpackie-w-walce-z-koronawirusem\/"]}]},{"@type":"ImageObject","inLanguage":"sk-SK","@id":"https:\/\/marekkuchcinski.pl\/sk\/bez-kategorii\/panstwa-karpackie-w-walce-z-koronawirusem\/#primaryimage","url":"https:\/\/marekkuchcinski.pl\/wp-content\/uploads\/2020\/07\/Karpaty-covid.jpg","contentUrl":"https:\/\/marekkuchcinski.pl\/wp-content\/uploads\/2020\/07\/Karpaty-covid.jpg","width":1920,"height":1080},{"@type":"BreadcrumbList","@id":"https:\/\/marekkuchcinski.pl\/sk\/bez-kategorii\/panstwa-karpackie-w-walce-z-koronawirusem\/#breadcrumb","itemListElement":[{"@type":"ListItem","position":1,"name":"Strona g\u0142\u00f3wna","item":"https:\/\/marekkuchcinski.pl\/"},{"@type":"ListItem","position":2,"name":"Pa\u0144stwa karpackie w walce z koronawirusem"}]},{"@type":"WebSite","@id":"https:\/\/marekkuchcinski.pl\/#website","url":"https:\/\/marekkuchcinski.pl\/","name":"Marek Kuchci\u0144ski","description":"Pose\u0142 na sejm RP &ndash; okr\u0119g nr 22","publisher":{"@id":"https:\/\/marekkuchcinski.pl\/#organization"},"potentialAction":[{"@type":"SearchAction","target":{"@type":"EntryPoint","urlTemplate":"https:\/\/marekkuchcinski.pl\/?s={search_term_string}"},"query-input":{"@type":"PropertyValueSpecification","valueRequired":true,"valueName":"search_term_string"}}],"inLanguage":"sk-SK"},{"@type":"Organization","@id":"https:\/\/marekkuchcinski.pl\/#organization","name":"Marek Kuchci\u0144ski","url":"https:\/\/marekkuchcinski.pl\/","logo":{"@type":"ImageObject","inLanguage":"sk-SK","@id":"https:\/\/marekkuchcinski.pl\/#\/schema\/logo\/image\/","url":"https:\/\/marekkuchcinski.pl\/wp-content\/uploads\/2022\/09\/Marek.jpg","contentUrl":"https:\/\/marekkuchcinski.pl\/wp-content\/uploads\/2022\/09\/Marek.jpg","width":1600,"height":971,"caption":"Marek Kuchci\u0144ski"},"image":{"@id":"https:\/\/marekkuchcinski.pl\/#\/schema\/logo\/image\/"}},{"@type":"Person","@id":"https:\/\/marekkuchcinski.pl\/#\/schema\/person\/b8a29fe7813098f7be78801d029910a7","name":"Tomasz \u0141acina","image":{"@type":"ImageObject","inLanguage":"sk-SK","@id":"https:\/\/marekkuchcinski.pl\/#\/schema\/person\/image\/","url":"https:\/\/secure.gravatar.com\/avatar\/22e75f6c51aff77a676ed77dd222f852?s=96&d=mm&r=g","contentUrl":"https:\/\/secure.gravatar.com\/avatar\/22e75f6c51aff77a676ed77dd222f852?s=96&d=mm&r=g","caption":"Tomasz \u0141acina"},"url":"https:\/\/marekkuchcinski.pl\/sk\/author\/tomek-lacina\/"}]}},"_links":{"self":[{"href":"https:\/\/marekkuchcinski.pl\/sk\/wp-json\/wp\/v2\/posts\/19158","targetHints":{"allow":["GET"]}}],"collection":[{"href":"https:\/\/marekkuchcinski.pl\/sk\/wp-json\/wp\/v2\/posts"}],"about":[{"href":"https:\/\/marekkuchcinski.pl\/sk\/wp-json\/wp\/v2\/types\/post"}],"author":[{"embeddable":true,"href":"https:\/\/marekkuchcinski.pl\/sk\/wp-json\/wp\/v2\/users\/17"}],"replies":[{"embeddable":true,"href":"https:\/\/marekkuchcinski.pl\/sk\/wp-json\/wp\/v2\/comments?post=19158"}],"version-history":[{"count":2,"href":"https:\/\/marekkuchcinski.pl\/sk\/wp-json\/wp\/v2\/posts\/19158\/revisions"}],"predecessor-version":[{"id":19167,"href":"https:\/\/marekkuchcinski.pl\/sk\/wp-json\/wp\/v2\/posts\/19158\/revisions\/19167"}],"wp:featuredmedia":[{"embeddable":true,"href":"https:\/\/marekkuchcinski.pl\/sk\/wp-json\/wp\/v2\/media\/19165"}],"wp:attachment":[{"href":"https:\/\/marekkuchcinski.pl\/sk\/wp-json\/wp\/v2\/media?parent=19158"}],"wp:term":[{"taxonomy":"category","embeddable":true,"href":"https:\/\/marekkuchcinski.pl\/sk\/wp-json\/wp\/v2\/categories?post=19158"},{"taxonomy":"post_tag","embeddable":true,"href":"https:\/\/marekkuchcinski.pl\/sk\/wp-json\/wp\/v2\/tags?post=19158"}],"curies":[{"name":"wp","href":"https:\/\/api.w.org\/{rel}","templated":true}]}}