{"id":19078,"date":"2020-05-30T18:46:36","date_gmt":"2020-05-30T16:46:36","guid":{"rendered":"https:\/\/marek2.rkartist.pl\/?p=19078"},"modified":"2020-07-08T21:16:39","modified_gmt":"2020-07-08T19:16:39","slug":"europa-karpat-zaproszenie-do-dyskusji","status":"publish","type":"post","link":"https:\/\/marekkuchcinski.pl\/sk\/europa-karpat\/europa-karpat-zaproszenie-do-dyskusji\/","title":{"rendered":"Karpatsk\u00e1 Eur\u00f3pa V\u00fdzva na diskusiu"},"content":{"rendered":"<p class=\"has-medium-font-size\"><strong>D\u00e1my a p\u00e1ni,<\/strong><\/p>\n\n\n\n<p class=\"has-medium-font-size\"><\/p>\n\n\n\n<p class=\"has-medium-font-size\"> &nbsp;&nbsp;&nbsp;&nbsp;&nbsp;&nbsp;&nbsp;&nbsp;&nbsp;&nbsp;&nbsp; V d\u0148och 21. - 23. febru\u00e1ra 2020 sa v Krasiczyne a Przemy\u015bli uskuto\u010dnila XXVI. konferencia Eur\u00f3pa Karp\u00e1t, ktor\u00fa zorganizoval Sejm Po\u013eskej republiky v spolupr\u00e1ci, okrem in\u00e9ho, s In\u0161tit\u00fatom W. Felczaka, Karpatsk\u00fdm euroregi\u00f3nom a N\u00e1rodn\u00fdm m\u00fazeom v Przemy\u015bli.<\/p>\n\n\n\n<p class=\"has-medium-font-size\"> &nbsp;&nbsp;&nbsp;&nbsp;&nbsp;&nbsp;&nbsp;&nbsp;&nbsp;&nbsp;&nbsp; Pozvan\u00ed hostia z viacer\u00fdch kraj\u00edn strednej a v\u00fdchodnej Eur\u00f3py diskutovali o aktu\u00e1lnych ot\u00e1zkach a perspekt\u00edvach spolupr\u00e1ce. Diskusie sa t\u00fdkali z\u00e1kladn\u00fdch probl\u00e9mov spolo\u010dnost\u00ed karpatsk\u00e9ho regi\u00f3nu a ot\u00e1zok, ktor\u00e9 maj\u00fa aj celoeur\u00f3psky rozmer. Diskusie sa za\u010dali z\u00e1kladn\u00fdmi ot\u00e1zkami podoby Eur\u00f3pskej \u00fanie, jej s\u00fa\u010dasn\u00e9ho stavu a projektov jej transform\u00e1cie. <\/p>\n\n\n\n<p class=\"has-medium-font-size\">&nbsp;&nbsp;&nbsp;&nbsp;&nbsp;&nbsp;&nbsp;&nbsp;&nbsp;&nbsp;&nbsp; Ministri komunik\u00e1cie viacer\u00fdch kraj\u00edn\nMinistri dopravy a experti zo strednej a v\u00fdchodnej Eur\u00f3py rokovali o dopravnej infra\u0161trukt\u00fare\ndopravnej infra\u0161trukt\u00fary a fungovania komunik\u00e1ci\u00ed v celej oblasti Trojmoria,\nnajm\u00e4 o realiz\u00e1cii projektov ako Via Carpatia, Via Baltica, Rail Baltica,\nCentr\u00e1lny komunika\u010dn\u00fd pr\u00edstav... Ministri rozvoja rokovali o aktivit\u00e1ch pre\nKarpatsk\u00e1 strat\u00e9gia. O Vy\u0161ehradskej skupine sa diskutovalo aj v predve\u010der\n30. v\u00fdro\u010die jej zalo\u017eenia. Na\u0161e \u0161tyri krajiny st\u00e1le sp\u00e1jaj\u00fa spolo\u010dn\u00e9 z\u00e1ujmy\nNa\u0161e \u0161tyri krajiny st\u00e1le sp\u00e1jaj\u00fa spolo\u010dn\u00e9 z\u00e1ujmy v oblasti bezpe\u010dnosti, ochrany \u017eivotn\u00e9ho prostredia a cestovn\u00e9ho ruchu.\nsk\u00fasenosti uk\u00e1zali, \u017ee spolo\u010dn\u00e9 akcie s\u00fa \u00fa\u010dinnej\u0161ie. Str\u00e1nka\n\u00daspechy intenz\u00edvnej parlamentnej spolupr\u00e1ce v strednej a v\u00fdchodnej Eur\u00f3pe\nV\u00fdchodn\u00e1 Eur\u00f3pa bola tie\u017e prezentovan\u00e1.<\/p>\n\n\n\n<p class=\"has-medium-font-size\">&nbsp;&nbsp;&nbsp;&nbsp;&nbsp;&nbsp;&nbsp;&nbsp;&nbsp;&nbsp;&nbsp; Tohtoro\u010dn\u00e1 konferencia Eur\u00f3pa Karp\u00e1t\nTohtoro\u010dn\u00e1 konferencia Eur\u00f3pa Karp\u00e1t bola obohaten\u00e1 o nov\u00e9 t\u00e9my - vstup do oblasti kult\u00fary, ktor\u00e1 je\nz\u00e1klad existencie n\u00e1rodov v karpatskom regi\u00f3ne a faktor\nzbli\u017eovanie a \u00fa\u010dinn\u00e1 spolupr\u00e1ca v situ\u00e1cii eur\u00f3pskej a glob\u00e1lnej rivality<strong>.<\/strong><\/p>\n\n\n\n<p class=\"has-medium-font-size\">&nbsp;&nbsp;&nbsp;&nbsp;&nbsp;&nbsp;&nbsp;&nbsp;&nbsp;&nbsp;&nbsp; Diskusia sa preto zamerala na hodnotov\u00e9 syst\u00e9my funguj\u00face v strednej a v\u00fdchodnej Eur\u00f3pe, axiologick\u00e9 hrozby a faktory stimuluj\u00face hodnoty. Predstaven\u00e9 boli v\u00fdznamn\u00e9 osobnosti, ktor\u00e9 \u00faspe\u0161ne realizovali hodnoty, ovplyv\u0148uj\u00face procesy znovuz\u00edskania kolekt\u00edvnej a osobnej slobody a budovania hodnotnej reality po zvrhnut\u00ed komunistickej totality. So sveton\u00e1zorov\u00fdmi a kult\u00farnymi ot\u00e1zkami \u00fazko s\u00favisel panel venovan\u00fd v\u00fdznamn\u00e9mu anglick\u00e9mu filozofovi Rogerovi Scrutonovi, priate\u013eovi stredoeur\u00f3pskych n\u00e1rodov - myslite\u013eovi, ktor\u00fd \u010dasto nav\u0161tevoval Krasiczyn a ktor\u00e9mu v\u010fa\u010d\u00edme za ve\u013ea.<\/p>\n\n\n\n<p class=\"has-medium-font-size\">&nbsp;&nbsp;&nbsp;&nbsp;&nbsp;&nbsp;&nbsp;&nbsp;&nbsp;&nbsp;&nbsp; Bohat\u00fa trad\u00edciu konferencie Karpatsk\u00e1 Eur\u00f3pa doplnili nov\u00e9 my\u0161lienky\ndiskusn\u00e9 stretnutia a sprievodn\u00e9 podujatia 1. medzin\u00e1rodn\u00e9ho f\u00f3ra pre\nKarpatsk\u00e9ho regi\u00f3nu a Trojkarpatskej iniciat\u00edvy, ktor\u00e1 sa konala v Przemy\u015bli,\nv prv\u00fd de\u0148 XXVI. konferencie Eur\u00f3pa Karp\u00e1t.<\/p>\n\n\n\n<p class=\"has-medium-font-size\"><strong>D\u00e1my a p\u00e1ni,<\/strong><\/p>\n\n\n\n<p class=\"has-medium-font-size\"> &nbsp;&nbsp;&nbsp;&nbsp;&nbsp;&nbsp;&nbsp;&nbsp;&nbsp;&nbsp;&nbsp;  ke\u010f\u017ee sme dostali nieko\u013eko konkr\u00e9tnych n\u00e1vrhov do bud\u00facnosti, navrhujeme za\u010da\u0165 diskusiu o spolupr\u00e1ci v strednej Eur\u00f3pe a v Eur\u00f3pe Karp\u00e1t. Vyz\u00fdvame v\u00e1s, aby ste sa zamysleli nad t\u00fdm, \u010do pre ka\u017ed\u00e9ho z n\u00e1s znamen\u00e1 Eur\u00f3pa Karp\u00e1t, \u010do sme dosiahli a ak\u00e9 v\u00fdzvy pred nami stoja: \u010co \u010falej? Ako postupova\u0165? Pre\u010do \u010falej? A kto stoj\u00ed za zapam\u00e4tanie?<\/p>\n\n\n\n<p class=\"has-medium-font-size\"> &nbsp;&nbsp;&nbsp;&nbsp;&nbsp;&nbsp;&nbsp;&nbsp;&nbsp;&nbsp;&nbsp;  M\u00e1me konkr\u00e9tne v\u00edzie pre rok 2020, pre rok po \u0148om a - z poh\u013eadu bud\u00facej gener\u00e1cie - \u010do by sa malo sta\u0165, aby sa stredn\u00e1 Eur\u00f3pa v \u0161ir\u0161om zmysle slova stala sama sebou, aby sa stala plnohodnotnou s\u00fa\u010das\u0165ou E\u00da a aby sa stala rovnako z\u00e1kladn\u00fdm kame\u0148om pre Eur\u00f3pu a \u00c1ziu ako kotva pre svet, kde s\u00fa prvorad\u00e9 rodina, n\u00e1rod\/spolo\u010denstvo, n\u00e1bo\u017eenstvo, pr\u00e1va ob\u010danov at\u010f.? <\/p>\n\n\n\n<p class=\"has-medium-font-size\"> &nbsp;&nbsp;&nbsp;&nbsp;&nbsp;&nbsp;&nbsp;&nbsp;&nbsp;&nbsp;&nbsp;  Materi\u00e1l pl\u00e1nujeme zverejni\u0165 na webovej str\u00e1nke <a href=\"https:\/\/marekkuchcinski.pl\/sk\/\">www.marekkuchcinski.pl<\/a>. v z\u00e1lo\u017eke Eur\u00f3pa Karp\u00e1t, ako aj roz\u0161\u00edri\u0165 diskusiu prostredn\u00edctvom zainteresovan\u00fdch m\u00e9di\u00ed a webov\u00fdch port\u00e1lov. Kore\u0161ponden\u010dn\u00e1 adresa: <a href=\"mailto:marek.kuchcinski@sejm.pl\">marek.kuchcinski@sejm.pl<\/a>. Bud\u00fa tie\u017e u\u017eito\u010dn\u00e9 pri pr\u00edprave \u010fal\u0161\u00edch konferenci\u00ed a stretnut\u00ed. <\/p>\n\n\n\n<p class=\"has-medium-font-size\">Srde\u010dne v\u00e1s poz\u00fdvame na spolupr\u00e1cu<\/p>\n\n\n\n<p class=\"has-medium-font-size\">&nbsp;&nbsp;&nbsp;&nbsp;&nbsp;&nbsp;&nbsp;&nbsp;&nbsp; <strong>Marek Kuchci\u0144ski <\/strong><\/p>\n\n\n\n<p class=\"has-medium-font-size\">  <strong>Prezident Karpatskej republiky <\/strong><\/p>\n\n\n\n<p class=\"has-medium-font-size\">&nbsp;&nbsp;&nbsp; <strong>Parlamentn\u00e1 skupina,<\/strong> <\/p>\n\n\n\n<p>Marec\n2020<\/p>","protected":false},"excerpt":{"rendered":"<p>D\u00e1my a p\u00e1ni, v d\u0148och 21. - 23. febru\u00e1ra 2020 sa v Krasiczyne a Przemy\u015bli konala XXVI. konferencia Eur\u00f3pa Karp\u00e1t, ktor\u00fa organizoval Sejm Po\u013eskej republiky v spolupr\u00e1ci, okrem in\u00e9ho, s In\u0161tit\u00fatom W. Felczaka, Karpatsk\u00fdm euroregi\u00f3nom a N\u00e1rodn\u00fdm m\u00fazeom Przemy\u0161\u013ea.             Pozvan\u00ed hostia z viac ako desiatky kraj\u00edn strednej a v\u00fdchodnej Eur\u00f3py diskutovali o aktu\u00e1lnych ot\u00e1zkach a perspekt\u00edvach spolupr\u00e1ce. [...]<\/p>","protected":false},"author":17,"featured_media":19079,"comment_status":"open","ping_status":"open","sticky":true,"template":"","format":"standard","meta":{"ngg_post_thumbnail":0,"footnotes":""},"categories":[78,177],"tags":[],"class_list":["post-19078","post","type-post","status-publish","format-standard","has-post-thumbnail","hentry","category-europa-karpat","category-europa-karpat-dyskusja"],"yoast_head":"<!-- This site is optimized with the Yoast SEO plugin v24.7 - https:\/\/yoast.com\/wordpress\/plugins\/seo\/ -->\n<title>Europa Karpat zaproszenie do dyskusji &#8211; Marek Kuchci\u0144ski<\/title>\n<meta name=\"robots\" content=\"index, follow, max-snippet:-1, max-image-preview:large, max-video-preview:-1\" \/>\n<link rel=\"canonical\" href=\"https:\/\/marekkuchcinski.pl\/sk\/europa-karpat\/europa-karpat-zaproszenie-do-dyskusji\/\" \/>\n<meta property=\"og:locale\" content=\"sk_SK\" \/>\n<meta property=\"og:type\" content=\"article\" \/>\n<meta property=\"og:title\" content=\"Europa Karpat zaproszenie do dyskusji &#8211; Marek Kuchci\u0144ski\" \/>\n<meta property=\"og:description\" content=\"Szanowni Pa\u0144stwo, &nbsp;&nbsp;&nbsp;&nbsp;&nbsp;&nbsp;&nbsp;&nbsp;&nbsp;&nbsp;&nbsp; w dniach 21-23 lutego 2020 r., w Krasiczynie i w Przemy\u015blu odby\u0142a si\u0119 XXVI Konferencja Europa Karpat organizowana przez Sejm RP, przy wsp\u00f3\u0142pracy m.in. z Instytutem im. W. Felczaka, Euroregionem Karpackim i Muzeum Narodowym Ziemi Przemyskiej. &nbsp;&nbsp;&nbsp;&nbsp;&nbsp;&nbsp;&nbsp;&nbsp;&nbsp;&nbsp;&nbsp; Zaproszeni go\u015bcie z kilkunastu pa\u0144stw Europy \u015arodkowej i Wschodniej omawiali aktualn\u0105 problematyk\u0119 i perspektywy wsp\u00f3\u0142pracy. [&hellip;]\" \/>\n<meta property=\"og:url\" content=\"https:\/\/marekkuchcinski.pl\/sk\/europa-karpat\/europa-karpat-zaproszenie-do-dyskusji\/\" \/>\n<meta property=\"og:site_name\" content=\"Marek Kuchci\u0144ski\" \/>\n<meta property=\"article:published_time\" content=\"2020-05-30T16:46:36+00:00\" \/>\n<meta property=\"article:modified_time\" content=\"2020-07-08T19:16:39+00:00\" \/>\n<meta property=\"og:image\" content=\"https:\/\/marekkuchcinski.pl\/wp-content\/uploads\/2020\/06\/Mapka-2.png\" \/>\n\t<meta property=\"og:image:width\" content=\"696\" \/>\n\t<meta property=\"og:image:height\" content=\"642\" \/>\n\t<meta property=\"og:image:type\" content=\"image\/png\" \/>\n<meta name=\"author\" content=\"Tomasz \u0141acina\" \/>\n<meta name=\"twitter:card\" content=\"summary_large_image\" \/>\n<meta name=\"twitter:label1\" content=\"Autor\" \/>\n\t<meta name=\"twitter:data1\" content=\"Tomasz \u0141acina\" \/>\n\t<meta name=\"twitter:label2\" content=\"Predpokladan\u00fd \u010das \u010d\u00edtania\" \/>\n\t<meta name=\"twitter:data2\" content=\"3 min\u00faty\" \/>\n<script type=\"application\/ld+json\" class=\"yoast-schema-graph\">{\"@context\":\"https:\/\/schema.org\",\"@graph\":[{\"@type\":\"Article\",\"@id\":\"https:\/\/marekkuchcinski.pl\/cs\/europa-karpat\/europa-karpat-zaproszenie-do-dyskusji\/#article\",\"isPartOf\":{\"@id\":\"https:\/\/marekkuchcinski.pl\/cs\/europa-karpat\/europa-karpat-zaproszenie-do-dyskusji\/\"},\"author\":{\"name\":\"Tomasz \u0141acina\",\"@id\":\"https:\/\/marekkuchcinski.pl\/#\/schema\/person\/b8a29fe7813098f7be78801d029910a7\"},\"headline\":\"Europa Karpat zaproszenie do dyskusji\",\"datePublished\":\"2020-05-30T16:46:36+00:00\",\"dateModified\":\"2020-07-08T19:16:39+00:00\",\"mainEntityOfPage\":{\"@id\":\"https:\/\/marekkuchcinski.pl\/cs\/europa-karpat\/europa-karpat-zaproszenie-do-dyskusji\/\"},\"wordCount\":699,\"commentCount\":0,\"publisher\":{\"@id\":\"https:\/\/marekkuchcinski.pl\/#organization\"},\"image\":{\"@id\":\"https:\/\/marekkuchcinski.pl\/cs\/europa-karpat\/europa-karpat-zaproszenie-do-dyskusji\/#primaryimage\"},\"thumbnailUrl\":\"https:\/\/marekkuchcinski.pl\/wp-content\/uploads\/2020\/06\/Mapka-2.png\",\"articleSection\":[\"Europa Karpat\",\"Europa Karpat \u2013 dyskusja\"],\"inLanguage\":\"sk-SK\",\"potentialAction\":[{\"@type\":\"CommentAction\",\"name\":\"Comment\",\"target\":[\"https:\/\/marekkuchcinski.pl\/cs\/europa-karpat\/europa-karpat-zaproszenie-do-dyskusji\/#respond\"]}]},{\"@type\":\"WebPage\",\"@id\":\"https:\/\/marekkuchcinski.pl\/cs\/europa-karpat\/europa-karpat-zaproszenie-do-dyskusji\/\",\"url\":\"https:\/\/marekkuchcinski.pl\/cs\/europa-karpat\/europa-karpat-zaproszenie-do-dyskusji\/\",\"name\":\"Europa Karpat zaproszenie do dyskusji &#8211; Marek Kuchci\u0144ski\",\"isPartOf\":{\"@id\":\"https:\/\/marekkuchcinski.pl\/#website\"},\"primaryImageOfPage\":{\"@id\":\"https:\/\/marekkuchcinski.pl\/cs\/europa-karpat\/europa-karpat-zaproszenie-do-dyskusji\/#primaryimage\"},\"image\":{\"@id\":\"https:\/\/marekkuchcinski.pl\/cs\/europa-karpat\/europa-karpat-zaproszenie-do-dyskusji\/#primaryimage\"},\"thumbnailUrl\":\"https:\/\/marekkuchcinski.pl\/wp-content\/uploads\/2020\/06\/Mapka-2.png\",\"datePublished\":\"2020-05-30T16:46:36+00:00\",\"dateModified\":\"2020-07-08T19:16:39+00:00\",\"breadcrumb\":{\"@id\":\"https:\/\/marekkuchcinski.pl\/cs\/europa-karpat\/europa-karpat-zaproszenie-do-dyskusji\/#breadcrumb\"},\"inLanguage\":\"sk-SK\",\"potentialAction\":[{\"@type\":\"ReadAction\",\"target\":[\"https:\/\/marekkuchcinski.pl\/cs\/europa-karpat\/europa-karpat-zaproszenie-do-dyskusji\/\"]}]},{\"@type\":\"ImageObject\",\"inLanguage\":\"sk-SK\",\"@id\":\"https:\/\/marekkuchcinski.pl\/cs\/europa-karpat\/europa-karpat-zaproszenie-do-dyskusji\/#primaryimage\",\"url\":\"https:\/\/marekkuchcinski.pl\/wp-content\/uploads\/2020\/06\/Mapka-2.png\",\"contentUrl\":\"https:\/\/marekkuchcinski.pl\/wp-content\/uploads\/2020\/06\/Mapka-2.png\",\"width\":696,\"height\":642},{\"@type\":\"BreadcrumbList\",\"@id\":\"https:\/\/marekkuchcinski.pl\/cs\/europa-karpat\/europa-karpat-zaproszenie-do-dyskusji\/#breadcrumb\",\"itemListElement\":[{\"@type\":\"ListItem\",\"position\":1,\"name\":\"Strona g\u0142\u00f3wna\",\"item\":\"https:\/\/marekkuchcinski.pl\/\"},{\"@type\":\"ListItem\",\"position\":2,\"name\":\"Europa Karpat zaproszenie do dyskusji\"}]},{\"@type\":\"WebSite\",\"@id\":\"https:\/\/marekkuchcinski.pl\/#website\",\"url\":\"https:\/\/marekkuchcinski.pl\/\",\"name\":\"Marek Kuchci\u0144ski\",\"description\":\"Pose\u0142 na sejm RP &ndash; okr\u0119g nr 22\",\"publisher\":{\"@id\":\"https:\/\/marekkuchcinski.pl\/#organization\"},\"potentialAction\":[{\"@type\":\"SearchAction\",\"target\":{\"@type\":\"EntryPoint\",\"urlTemplate\":\"https:\/\/marekkuchcinski.pl\/?s={search_term_string}\"},\"query-input\":{\"@type\":\"PropertyValueSpecification\",\"valueRequired\":true,\"valueName\":\"search_term_string\"}}],\"inLanguage\":\"sk-SK\"},{\"@type\":\"Organization\",\"@id\":\"https:\/\/marekkuchcinski.pl\/#organization\",\"name\":\"Marek Kuchci\u0144ski\",\"url\":\"https:\/\/marekkuchcinski.pl\/\",\"logo\":{\"@type\":\"ImageObject\",\"inLanguage\":\"sk-SK\",\"@id\":\"https:\/\/marekkuchcinski.pl\/#\/schema\/logo\/image\/\",\"url\":\"https:\/\/marekkuchcinski.pl\/wp-content\/uploads\/2022\/09\/Marek.jpg\",\"contentUrl\":\"https:\/\/marekkuchcinski.pl\/wp-content\/uploads\/2022\/09\/Marek.jpg\",\"width\":1600,\"height\":971,\"caption\":\"Marek Kuchci\u0144ski\"},\"image\":{\"@id\":\"https:\/\/marekkuchcinski.pl\/#\/schema\/logo\/image\/\"}},{\"@type\":\"Person\",\"@id\":\"https:\/\/marekkuchcinski.pl\/#\/schema\/person\/b8a29fe7813098f7be78801d029910a7\",\"name\":\"Tomasz \u0141acina\",\"image\":{\"@type\":\"ImageObject\",\"inLanguage\":\"sk-SK\",\"@id\":\"https:\/\/marekkuchcinski.pl\/#\/schema\/person\/image\/\",\"url\":\"https:\/\/secure.gravatar.com\/avatar\/22e75f6c51aff77a676ed77dd222f852?s=96&d=mm&r=g\",\"contentUrl\":\"https:\/\/secure.gravatar.com\/avatar\/22e75f6c51aff77a676ed77dd222f852?s=96&d=mm&r=g\",\"caption\":\"Tomasz \u0141acina\"},\"url\":\"https:\/\/marekkuchcinski.pl\/sk\/author\/tomek-lacina\/\"}]}<\/script>\n<!-- \/ Yoast SEO plugin. -->","yoast_head_json":{"title":"Europa Karpat zaproszenie do dyskusji &#8211; Marek Kuchci\u0144ski","robots":{"index":"index","follow":"follow","max-snippet":"max-snippet:-1","max-image-preview":"max-image-preview:large","max-video-preview":"max-video-preview:-1"},"canonical":"https:\/\/marekkuchcinski.pl\/sk\/europa-karpat\/europa-karpat-zaproszenie-do-dyskusji\/","og_locale":"sk_SK","og_type":"article","og_title":"Europa Karpat zaproszenie do dyskusji &#8211; Marek Kuchci\u0144ski","og_description":"Szanowni Pa\u0144stwo, &nbsp;&nbsp;&nbsp;&nbsp;&nbsp;&nbsp;&nbsp;&nbsp;&nbsp;&nbsp;&nbsp; w dniach 21-23 lutego 2020 r., w Krasiczynie i w Przemy\u015blu odby\u0142a si\u0119 XXVI Konferencja Europa Karpat organizowana przez Sejm RP, przy wsp\u00f3\u0142pracy m.in. z Instytutem im. W. Felczaka, Euroregionem Karpackim i Muzeum Narodowym Ziemi Przemyskiej. &nbsp;&nbsp;&nbsp;&nbsp;&nbsp;&nbsp;&nbsp;&nbsp;&nbsp;&nbsp;&nbsp; Zaproszeni go\u015bcie z kilkunastu pa\u0144stw Europy \u015arodkowej i Wschodniej omawiali aktualn\u0105 problematyk\u0119 i perspektywy wsp\u00f3\u0142pracy. [&hellip;]","og_url":"https:\/\/marekkuchcinski.pl\/sk\/europa-karpat\/europa-karpat-zaproszenie-do-dyskusji\/","og_site_name":"Marek Kuchci\u0144ski","article_published_time":"2020-05-30T16:46:36+00:00","article_modified_time":"2020-07-08T19:16:39+00:00","og_image":[{"width":696,"height":642,"url":"https:\/\/marekkuchcinski.pl\/wp-content\/uploads\/2020\/06\/Mapka-2.png","type":"image\/png"}],"author":"Tomasz \u0141acina","twitter_card":"summary_large_image","twitter_misc":{"Autor":"Tomasz \u0141acina","Predpokladan\u00fd \u010das \u010d\u00edtania":"3 min\u00faty"},"schema":{"@context":"https:\/\/schema.org","@graph":[{"@type":"Article","@id":"https:\/\/marekkuchcinski.pl\/cs\/europa-karpat\/europa-karpat-zaproszenie-do-dyskusji\/#article","isPartOf":{"@id":"https:\/\/marekkuchcinski.pl\/cs\/europa-karpat\/europa-karpat-zaproszenie-do-dyskusji\/"},"author":{"name":"Tomasz \u0141acina","@id":"https:\/\/marekkuchcinski.pl\/#\/schema\/person\/b8a29fe7813098f7be78801d029910a7"},"headline":"Europa Karpat zaproszenie do dyskusji","datePublished":"2020-05-30T16:46:36+00:00","dateModified":"2020-07-08T19:16:39+00:00","mainEntityOfPage":{"@id":"https:\/\/marekkuchcinski.pl\/cs\/europa-karpat\/europa-karpat-zaproszenie-do-dyskusji\/"},"wordCount":699,"commentCount":0,"publisher":{"@id":"https:\/\/marekkuchcinski.pl\/#organization"},"image":{"@id":"https:\/\/marekkuchcinski.pl\/cs\/europa-karpat\/europa-karpat-zaproszenie-do-dyskusji\/#primaryimage"},"thumbnailUrl":"https:\/\/marekkuchcinski.pl\/wp-content\/uploads\/2020\/06\/Mapka-2.png","articleSection":["Europa Karpat","Europa Karpat \u2013 dyskusja"],"inLanguage":"sk-SK","potentialAction":[{"@type":"CommentAction","name":"Comment","target":["https:\/\/marekkuchcinski.pl\/cs\/europa-karpat\/europa-karpat-zaproszenie-do-dyskusji\/#respond"]}]},{"@type":"WebPage","@id":"https:\/\/marekkuchcinski.pl\/cs\/europa-karpat\/europa-karpat-zaproszenie-do-dyskusji\/","url":"https:\/\/marekkuchcinski.pl\/cs\/europa-karpat\/europa-karpat-zaproszenie-do-dyskusji\/","name":"Europa Karpat zaproszenie do dyskusji &#8211; Marek Kuchci\u0144ski","isPartOf":{"@id":"https:\/\/marekkuchcinski.pl\/#website"},"primaryImageOfPage":{"@id":"https:\/\/marekkuchcinski.pl\/cs\/europa-karpat\/europa-karpat-zaproszenie-do-dyskusji\/#primaryimage"},"image":{"@id":"https:\/\/marekkuchcinski.pl\/cs\/europa-karpat\/europa-karpat-zaproszenie-do-dyskusji\/#primaryimage"},"thumbnailUrl":"https:\/\/marekkuchcinski.pl\/wp-content\/uploads\/2020\/06\/Mapka-2.png","datePublished":"2020-05-30T16:46:36+00:00","dateModified":"2020-07-08T19:16:39+00:00","breadcrumb":{"@id":"https:\/\/marekkuchcinski.pl\/cs\/europa-karpat\/europa-karpat-zaproszenie-do-dyskusji\/#breadcrumb"},"inLanguage":"sk-SK","potentialAction":[{"@type":"ReadAction","target":["https:\/\/marekkuchcinski.pl\/cs\/europa-karpat\/europa-karpat-zaproszenie-do-dyskusji\/"]}]},{"@type":"ImageObject","inLanguage":"sk-SK","@id":"https:\/\/marekkuchcinski.pl\/cs\/europa-karpat\/europa-karpat-zaproszenie-do-dyskusji\/#primaryimage","url":"https:\/\/marekkuchcinski.pl\/wp-content\/uploads\/2020\/06\/Mapka-2.png","contentUrl":"https:\/\/marekkuchcinski.pl\/wp-content\/uploads\/2020\/06\/Mapka-2.png","width":696,"height":642},{"@type":"BreadcrumbList","@id":"https:\/\/marekkuchcinski.pl\/cs\/europa-karpat\/europa-karpat-zaproszenie-do-dyskusji\/#breadcrumb","itemListElement":[{"@type":"ListItem","position":1,"name":"Strona g\u0142\u00f3wna","item":"https:\/\/marekkuchcinski.pl\/"},{"@type":"ListItem","position":2,"name":"Europa Karpat zaproszenie do dyskusji"}]},{"@type":"WebSite","@id":"https:\/\/marekkuchcinski.pl\/#website","url":"https:\/\/marekkuchcinski.pl\/","name":"Marek Kuchci\u0144ski","description":"Pose\u0142 na sejm RP &ndash; okr\u0119g nr 22","publisher":{"@id":"https:\/\/marekkuchcinski.pl\/#organization"},"potentialAction":[{"@type":"SearchAction","target":{"@type":"EntryPoint","urlTemplate":"https:\/\/marekkuchcinski.pl\/?s={search_term_string}"},"query-input":{"@type":"PropertyValueSpecification","valueRequired":true,"valueName":"search_term_string"}}],"inLanguage":"sk-SK"},{"@type":"Organization","@id":"https:\/\/marekkuchcinski.pl\/#organization","name":"Marek Kuchci\u0144ski","url":"https:\/\/marekkuchcinski.pl\/","logo":{"@type":"ImageObject","inLanguage":"sk-SK","@id":"https:\/\/marekkuchcinski.pl\/#\/schema\/logo\/image\/","url":"https:\/\/marekkuchcinski.pl\/wp-content\/uploads\/2022\/09\/Marek.jpg","contentUrl":"https:\/\/marekkuchcinski.pl\/wp-content\/uploads\/2022\/09\/Marek.jpg","width":1600,"height":971,"caption":"Marek Kuchci\u0144ski"},"image":{"@id":"https:\/\/marekkuchcinski.pl\/#\/schema\/logo\/image\/"}},{"@type":"Person","@id":"https:\/\/marekkuchcinski.pl\/#\/schema\/person\/b8a29fe7813098f7be78801d029910a7","name":"Tomasz \u0141acina","image":{"@type":"ImageObject","inLanguage":"sk-SK","@id":"https:\/\/marekkuchcinski.pl\/#\/schema\/person\/image\/","url":"https:\/\/secure.gravatar.com\/avatar\/22e75f6c51aff77a676ed77dd222f852?s=96&d=mm&r=g","contentUrl":"https:\/\/secure.gravatar.com\/avatar\/22e75f6c51aff77a676ed77dd222f852?s=96&d=mm&r=g","caption":"Tomasz \u0141acina"},"url":"https:\/\/marekkuchcinski.pl\/sk\/author\/tomek-lacina\/"}]}},"_links":{"self":[{"href":"https:\/\/marekkuchcinski.pl\/sk\/wp-json\/wp\/v2\/posts\/19078","targetHints":{"allow":["GET"]}}],"collection":[{"href":"https:\/\/marekkuchcinski.pl\/sk\/wp-json\/wp\/v2\/posts"}],"about":[{"href":"https:\/\/marekkuchcinski.pl\/sk\/wp-json\/wp\/v2\/types\/post"}],"author":[{"embeddable":true,"href":"https:\/\/marekkuchcinski.pl\/sk\/wp-json\/wp\/v2\/users\/17"}],"replies":[{"embeddable":true,"href":"https:\/\/marekkuchcinski.pl\/sk\/wp-json\/wp\/v2\/comments?post=19078"}],"version-history":[{"count":1,"href":"https:\/\/marekkuchcinski.pl\/sk\/wp-json\/wp\/v2\/posts\/19078\/revisions"}],"predecessor-version":[{"id":19080,"href":"https:\/\/marekkuchcinski.pl\/sk\/wp-json\/wp\/v2\/posts\/19078\/revisions\/19080"}],"wp:featuredmedia":[{"embeddable":true,"href":"https:\/\/marekkuchcinski.pl\/sk\/wp-json\/wp\/v2\/media\/19079"}],"wp:attachment":[{"href":"https:\/\/marekkuchcinski.pl\/sk\/wp-json\/wp\/v2\/media?parent=19078"}],"wp:term":[{"taxonomy":"category","embeddable":true,"href":"https:\/\/marekkuchcinski.pl\/sk\/wp-json\/wp\/v2\/categories?post=19078"},{"taxonomy":"post_tag","embeddable":true,"href":"https:\/\/marekkuchcinski.pl\/sk\/wp-json\/wp\/v2\/tags?post=19078"}],"curies":[{"name":"wp","href":"https:\/\/api.w.org\/{rel}","templated":true}]}}