{"id":18985,"date":"2020-03-26T12:55:53","date_gmt":"2020-03-26T11:55:53","guid":{"rendered":"https:\/\/marekkuchcinski.pl\/?p=18985"},"modified":"2020-03-26T13:16:30","modified_gmt":"2020-03-26T12:16:30","slug":"komisja-ochrony-srodowiska-zasobow-naturalnych-i-lesnictwa-osz","status":"publish","type":"post","link":"https:\/\/marekkuchcinski.pl\/sk\/wiesci-z-sejmu\/komisje-sejmowe\/komisja-ochrony-srodowiska-zasobow-naturalnych-i-lesnictwa-osz\/komisja-ochrony-srodowiska-zasobow-naturalnych-i-lesnictwa-osz\/","title":{"rendered":"V\u00fdbor pre \u017eivotn\u00e9 prostredie, pr\u00edrodn\u00e9 zdroje a lesn\u00edctvo (OSZ)"},"content":{"rendered":"<p class=\"has-medium-font-size\">Do p\u00f4sobnosti Komisie patr\u00ed ochrana a tvorba \u017eivotn\u00e9ho prostredia a zachovanie neobnovite\u013en\u00fdch zdrojov, geol\u00f3gia, lesn\u00edctvo a lesn\u00e9 hospod\u00e1rstvo. <\/p>\n\n\n\n<p><strong>S\u00fa\u010dasn\u00e9 zlo\u017eenie Komisie - 39 \u010dlenov <\/strong><\/p>\n\n\n\n<ul class=\"wp-block-list\"><li><a href=\"http:\/\/www.sejm.gov.pl\/Sejm9.nsf\/posel.xsp?id=007\">Ani\u015bko Tomasz<\/a>\n&nbsp;(KO)\n - z\u00e1stupca predsedu\n<\/li><li><a href=\"http:\/\/www.sejm.gov.pl\/Sejm9.nsf\/posel.xsp?id=019\">Dariusz Bak<\/a>\n&nbsp;(Pr\u00e1vo a spravodlivos\u0165)\n - z\u00e1stupca predsedu\n<\/li><li><a href=\"http:\/\/www.sejm.gov.pl\/Sejm9.nsf\/posel.xsp?id=037\">Bukowiec Stanis\u0142aw<\/a>\n&nbsp;(Pr\u00e1vo a spravodlivos\u0165)&nbsp;\n<\/li><li><a href=\"http:\/\/www.sejm.gov.pl\/Sejm9.nsf\/posel.xsp?id=041\">Chmielowiec Zbigniew<\/a>\n&nbsp;(Pr\u00e1vo a spravodlivos\u0165)&nbsp;\n<\/li><li><a href=\"http:\/\/www.sejm.gov.pl\/Sejm9.nsf\/posel.xsp?id=069\">Duda Jan<\/a>\n&nbsp;(Pr\u00e1vo a spravodlivos\u0165)&nbsp;\n<\/li><li><a href=\"http:\/\/www.sejm.gov.pl\/Sejm9.nsf\/posel.xsp?id=072\">Dyduch Marek<\/a>\n&nbsp;(V\u013eavo)\n - z\u00e1stupca predsedu\n<\/li><li><a href=\"http:\/\/www.sejm.gov.pl\/Sejm9.nsf\/posel.xsp?id=077\">Dziuk Barbara<\/a>\n&nbsp;(Pr\u00e1vo a spravodlivos\u0165)&nbsp;\n<\/li><li><a href=\"http:\/\/www.sejm.gov.pl\/Sejm9.nsf\/posel.xsp?id=088\">Gajewska Aleksandra<\/a>\n&nbsp;(KO)&nbsp;\n<\/li><li><a href=\"http:\/\/www.sejm.gov.pl\/Sejm9.nsf\/posel.xsp?id=090\">Galemba Leszek<\/a>\n&nbsp;(Pr\u00e1vo a spravodlivos\u0165)&nbsp;\n<\/li><li><a href=\"http:\/\/www.sejm.gov.pl\/Sejm9.nsf\/posel.xsp?id=097\">Grzegorz Ga\u017ca<\/a>\n&nbsp;(Pr\u00e1vo a spravodlivos\u0165)&nbsp;\n<\/li><li><a href=\"http:\/\/www.sejm.gov.pl\/Sejm9.nsf\/posel.xsp?id=112\">Gosek-Popio\u0142ek Daria<\/a>\n&nbsp;(V\u013eavo)&nbsp;\n<\/li><li><a href=\"http:\/\/www.sejm.gov.pl\/Sejm9.nsf\/posel.xsp?id=115\">Agnieszka G\u00f3rska<\/a>\n&nbsp;(Pr\u00e1vo a spravodlivos\u0165)&nbsp;\n<\/li><li><a href=\"http:\/\/www.sejm.gov.pl\/Sejm9.nsf\/posel.xsp?id=116\">Hory Maciej<\/a>\n&nbsp;(Pr\u00e1vo a spravodlivos\u0165)&nbsp;\n<\/li><li><a href=\"http:\/\/www.sejm.gov.pl\/Sejm9.nsf\/posel.xsp?id=123\">Andrzej Grzyb<\/a>\n&nbsp;(PSL-Kukiz15)&nbsp;\n<\/li><li><a href=\"http:\/\/www.sejm.gov.pl\/Sejm9.nsf\/posel.xsp?id=125\">Kazimierz Gwiazdowski<\/a>\n&nbsp;(Pr\u00e1vo a spravodlivos\u0165)&nbsp;\n<\/li><li><a href=\"http:\/\/www.sejm.gov.pl\/Sejm9.nsf\/posel.xsp?id=128\">Teresa Ha\u0142as<\/a>\n&nbsp;(Pr\u00e1vo a spravodlivos\u0165)&nbsp;\n<\/li><li><a href=\"http:\/\/www.sejm.gov.pl\/Sejm9.nsf\/posel.xsp?id=129\">Hanajczyk Agnieszka<\/a>\n&nbsp;(KO)&nbsp;\n<\/li><li><a href=\"http:\/\/www.sejm.gov.pl\/Sejm9.nsf\/posel.xsp?id=137\">Hreniak Pawe\u0142<\/a>\n&nbsp;(Pr\u00e1vo a spravodlivos\u0165)&nbsp;\n<\/li><li><a href=\"http:\/\/www.sejm.gov.pl\/Sejm9.nsf\/posel.xsp?id=140\">Jachira Klaudia<\/a>\n&nbsp;(KO)&nbsp;\n<\/li><li><a href=\"http:\/\/www.sejm.gov.pl\/Sejm9.nsf\/posel.xsp?id=166\">Koperski Przemys\u0142aw<\/a>\n&nbsp;(V\u013eavo)&nbsp;\n<\/li><\/ul>\n\n\n\n<ul class=\"wp-block-list\"><li><a href=\"http:\/\/www.sejm.gov.pl\/Sejm9.nsf\/posel.xsp?id=195\">Kubiak Marta<\/a>\n&nbsp;(Pr\u00e1vo a spravodlivos\u0165)&nbsp;\n<\/li><li><a href=\"http:\/\/www.sejm.gov.pl\/Sejm9.nsf\/posel.xsp?id=198\">Kuchci\u0144ski Marek<\/a>\n&nbsp;(Pr\u00e1vo a spravodlivos\u0165)&nbsp;\n<\/li><li><a href=\"http:\/\/www.sejm.gov.pl\/Sejm9.nsf\/posel.xsp?id=202\">Kurowska Maria<\/a>\n&nbsp;(Pr\u00e1vo a spravodlivos\u0165)&nbsp;\n<\/li><li><a href=\"http:\/\/www.sejm.gov.pl\/Sejm9.nsf\/posel.xsp?id=210\">Lenartowicz Gabriela<\/a>\n&nbsp;(KO)&nbsp;\n<\/li><li><a href=\"http:\/\/www.sejm.gov.pl\/Sejm9.nsf\/posel.xsp?id=224\">\u0141o\u015bko Magdalena<\/a>\n&nbsp;(KO)&nbsp;\n<\/li><li><a href=\"http:\/\/www.sejm.gov.pl\/Sejm9.nsf\/posel.xsp?id=241\">Matuszny Kazimierz<\/a>\n&nbsp;(Pr\u00e1vo a spravodlivos\u0165)&nbsp;\n<\/li><li><a href=\"http:\/\/www.sejm.gov.pl\/Sejm9.nsf\/posel.xsp?id=248\">Miszalski Aleksander<\/a>\n&nbsp;(KO)&nbsp;\n<\/li><li><a href=\"http:\/\/www.sejm.gov.pl\/Sejm9.nsf\/posel.xsp?id=255\">Mucha Joanna<\/a>\n&nbsp;(KO)&nbsp;\n<\/li><li><a href=\"http:\/\/www.sejm.gov.pl\/Sejm9.nsf\/posel.xsp?id=263\">Nede\u013ea Dorota<\/a>\n&nbsp;(KO)&nbsp;\n<\/li><li><a href=\"http:\/\/www.sejm.gov.pl\/Sejm9.nsf\/posel.xsp?id=268\">Nowicka Danuta<\/a>\n&nbsp;(Pr\u00e1vo a spravodlivos\u0165)&nbsp;\n<\/li><li><a href=\"http:\/\/www.sejm.gov.pl\/Sejm9.nsf\/posel.xsp?id=276\">Olszewski Dariusz<\/a>\n&nbsp;(Pr\u00e1vo a spravodlivos\u0165)&nbsp;\n<\/li><li><a href=\"http:\/\/www.sejm.gov.pl\/Sejm9.nsf\/posel.xsp?id=282\">Paluch Anna<\/a>\n&nbsp;(Pr\u00e1vo a spravodlivos\u0165)\n - z\u00e1stupca predsedu\n<\/li><li><a href=\"http:\/\/www.sejm.gov.pl\/Sejm9.nsf\/posel.xsp?id=285\">Pas\u0142awska Urszula<\/a>\n&nbsp;(PSL-Kukiz15)\n - prezident\n<\/li><li><a href=\"http:\/\/www.sejm.gov.pl\/Sejm9.nsf\/posel.xsp?id=304\">Pomaska Agnieszka<\/a>\n&nbsp;(KO)&nbsp;\n<\/li><li><a href=\"http:\/\/www.sejm.gov.pl\/Sejm9.nsf\/posel.xsp?id=329\">Sawicki Marek<\/a>\n&nbsp;(PSL-Kukiz15)&nbsp;\n<\/li><li><a href=\"http:\/\/www.sejm.gov.pl\/Sejm9.nsf\/posel.xsp?id=351\">Sonik Bogus\u0142aw<\/a>\n&nbsp;(KO)&nbsp;\n<\/li><li><a href=\"http:\/\/www.sejm.gov.pl\/Sejm9.nsf\/posel.xsp?id=353\">Dobromir So\u015bnierz<\/a>\n&nbsp;(Konfeder\u00e1cia)&nbsp;\n<\/li><li><a href=\"http:\/\/www.sejm.gov.pl\/Sejm9.nsf\/posel.xsp?id=355\">Sowi\u0144ska Anita<\/a>\n&nbsp;(V\u013eavo)&nbsp;\n<\/li><li><a href=\"http:\/\/www.sejm.gov.pl\/Sejm9.nsf\/posel.xsp?id=356\">Katarzyna S\u00f3jka<\/a>\n&nbsp;(Pr\u00e1vo a spravodlivos\u0165)&nbsp;\n<\/li><\/ul>","protected":false},"excerpt":{"rendered":"<p>Do p\u00f4sobnosti Komisie patr\u00ed ochrana a tvorba \u017eivotn\u00e9ho prostredia a ochrana jeho neobnovite\u013en\u00fdch zdrojov, geol\u00f3gia a lesn\u00edctvo a lesn\u00e9 hospod\u00e1rstvo. S\u00fa\u010dasn\u00e9 zlo\u017eenie komisie - 39 \u010dlenov Ani\u015bko Tomasz (KO) - podpredseda B\u0105k Dariusz (PiS) - podpredseda Bukowiec Stanis\u0142aw (PiS) Chmielowiec Zbigniew (PiS) Duda Jan (PiS) Dyduch Marek (Lewica) - podpredseda [...].<\/p>","protected":false},"author":17,"featured_media":17353,"comment_status":"open","ping_status":"open","sticky":false,"template":"","format":"standard","meta":{"ngg_post_thumbnail":0,"footnotes":""},"categories":[166],"tags":[],"class_list":["post-18985","post","type-post","status-publish","format-standard","has-post-thumbnail","hentry","category-komisja-ochrony-srodowiska-zasobow-naturalnych-i-lesnictwa-osz"],"yoast_head":"<!-- This site is optimized with the Yoast SEO plugin v24.7 - https:\/\/yoast.com\/wordpress\/plugins\/seo\/ -->\n<title>Komisja Ochrony \u015arodowiska, Zasob\u00f3w Naturalnych i Le\u015bnictwa (OSZ) &#8211; Marek Kuchci\u0144ski<\/title>\n<meta name=\"robots\" content=\"index, follow, max-snippet:-1, max-image-preview:large, max-video-preview:-1\" \/>\n<link rel=\"canonical\" href=\"https:\/\/marekkuchcinski.pl\/sk\/wiesci-z-sejmu\/komisje-sejmowe\/komisja-ochrony-srodowiska-zasobow-naturalnych-i-lesnictwa-osz\/komisja-ochrony-srodowiska-zasobow-naturalnych-i-lesnictwa-osz\/\" \/>\n<meta property=\"og:locale\" content=\"sk_SK\" \/>\n<meta property=\"og:type\" content=\"article\" \/>\n<meta property=\"og:title\" content=\"Komisja Ochrony \u015arodowiska, Zasob\u00f3w Naturalnych i Le\u015bnictwa (OSZ) &#8211; Marek Kuchci\u0144ski\" \/>\n<meta property=\"og:description\" content=\"Do zakresu dzia\u0142ania Komisji nale\u017c\u0105 sprawy ochrony i kszta\u0142towania \u015brodowiska oraz ochrony nieodnawialnych jego zasob\u00f3w, geologii oraz le\u015bnictwa i gospodarki le\u015bnej. Aktualny sk\u0142ad Komisji \u00a0 &#8211; 39 pos\u0142\u00f3w Ani\u015bko Tomasz &nbsp;(KO)&nbsp; &#8211; &nbsp;zast\u0119pca przewodnicz\u0105cego B\u0105k Dariusz &nbsp;(PiS)&nbsp; &#8211; &nbsp;zast\u0119pca przewodnicz\u0105cego Bukowiec Stanis\u0142aw &nbsp;(PiS)&nbsp; Chmielowiec Zbigniew &nbsp;(PiS)&nbsp; Duda Jan &nbsp;(PiS)&nbsp; Dyduch Marek &nbsp;(Lewica)&nbsp; &#8211; &nbsp;zast\u0119pca przewodnicz\u0105cego [&hellip;]\" \/>\n<meta property=\"og:url\" content=\"https:\/\/marekkuchcinski.pl\/sk\/wiesci-z-sejmu\/komisje-sejmowe\/komisja-ochrony-srodowiska-zasobow-naturalnych-i-lesnictwa-osz\/komisja-ochrony-srodowiska-zasobow-naturalnych-i-lesnictwa-osz\/\" \/>\n<meta property=\"og:site_name\" content=\"Marek Kuchci\u0144ski\" \/>\n<meta property=\"article:published_time\" content=\"2020-03-26T11:55:53+00:00\" \/>\n<meta property=\"article:modified_time\" content=\"2020-03-26T12:16:30+00:00\" \/>\n<meta property=\"og:image\" content=\"https:\/\/marekkuchcinski.pl\/wp-content\/uploads\/2019\/07\/sejm-.jpg\" \/>\n\t<meta property=\"og:image:width\" content=\"2048\" \/>\n\t<meta property=\"og:image:height\" content=\"1454\" \/>\n\t<meta property=\"og:image:type\" content=\"image\/jpeg\" \/>\n<meta name=\"author\" content=\"Tomasz \u0141acina\" \/>\n<meta name=\"twitter:card\" content=\"summary_large_image\" \/>\n<meta name=\"twitter:label1\" content=\"Autor\" \/>\n\t<meta name=\"twitter:data1\" content=\"Tomasz \u0141acina\" \/>\n\t<meta name=\"twitter:label2\" content=\"Predpokladan\u00fd \u010das \u010d\u00edtania\" \/>\n\t<meta name=\"twitter:data2\" content=\"1 min\u00fata\" \/>\n<script type=\"application\/ld+json\" class=\"yoast-schema-graph\">{\"@context\":\"https:\/\/schema.org\",\"@graph\":[{\"@type\":\"Article\",\"@id\":\"https:\/\/marekkuchcinski.pl\/ro\/wiesci-z-sejmu\/komisje-sejmowe\/komisja-ochrony-srodowiska-zasobow-naturalnych-i-lesnictwa-osz\/komisja-ochrony-srodowiska-zasobow-naturalnych-i-lesnictwa-osz\/#article\",\"isPartOf\":{\"@id\":\"https:\/\/marekkuchcinski.pl\/ro\/wiesci-z-sejmu\/komisje-sejmowe\/komisja-ochrony-srodowiska-zasobow-naturalnych-i-lesnictwa-osz\/komisja-ochrony-srodowiska-zasobow-naturalnych-i-lesnictwa-osz\/\"},\"author\":{\"name\":\"Tomasz \u0141acina\",\"@id\":\"https:\/\/marekkuchcinski.pl\/#\/schema\/person\/b8a29fe7813098f7be78801d029910a7\"},\"headline\":\"Komisja Ochrony \u015arodowiska, Zasob\u00f3w Naturalnych i Le\u015bnictwa (OSZ)\",\"datePublished\":\"2020-03-26T11:55:53+00:00\",\"dateModified\":\"2020-03-26T12:16:30+00:00\",\"mainEntityOfPage\":{\"@id\":\"https:\/\/marekkuchcinski.pl\/ro\/wiesci-z-sejmu\/komisje-sejmowe\/komisja-ochrony-srodowiska-zasobow-naturalnych-i-lesnictwa-osz\/komisja-ochrony-srodowiska-zasobow-naturalnych-i-lesnictwa-osz\/\"},\"wordCount\":282,\"commentCount\":0,\"publisher\":{\"@id\":\"https:\/\/marekkuchcinski.pl\/#organization\"},\"image\":{\"@id\":\"https:\/\/marekkuchcinski.pl\/ro\/wiesci-z-sejmu\/komisje-sejmowe\/komisja-ochrony-srodowiska-zasobow-naturalnych-i-lesnictwa-osz\/komisja-ochrony-srodowiska-zasobow-naturalnych-i-lesnictwa-osz\/#primaryimage\"},\"thumbnailUrl\":\"https:\/\/marekkuchcinski.pl\/wp-content\/uploads\/2019\/07\/sejm-.jpg\",\"articleSection\":[\"Komisja Ochrony \u015arodowiska\"],\"inLanguage\":\"sk-SK\",\"potentialAction\":[{\"@type\":\"CommentAction\",\"name\":\"Comment\",\"target\":[\"https:\/\/marekkuchcinski.pl\/ro\/wiesci-z-sejmu\/komisje-sejmowe\/komisja-ochrony-srodowiska-zasobow-naturalnych-i-lesnictwa-osz\/komisja-ochrony-srodowiska-zasobow-naturalnych-i-lesnictwa-osz\/#respond\"]}]},{\"@type\":\"WebPage\",\"@id\":\"https:\/\/marekkuchcinski.pl\/ro\/wiesci-z-sejmu\/komisje-sejmowe\/komisja-ochrony-srodowiska-zasobow-naturalnych-i-lesnictwa-osz\/komisja-ochrony-srodowiska-zasobow-naturalnych-i-lesnictwa-osz\/\",\"url\":\"https:\/\/marekkuchcinski.pl\/ro\/wiesci-z-sejmu\/komisje-sejmowe\/komisja-ochrony-srodowiska-zasobow-naturalnych-i-lesnictwa-osz\/komisja-ochrony-srodowiska-zasobow-naturalnych-i-lesnictwa-osz\/\",\"name\":\"Komisja Ochrony \u015arodowiska, Zasob\u00f3w Naturalnych i Le\u015bnictwa (OSZ) &#8211; Marek Kuchci\u0144ski\",\"isPartOf\":{\"@id\":\"https:\/\/marekkuchcinski.pl\/#website\"},\"primaryImageOfPage\":{\"@id\":\"https:\/\/marekkuchcinski.pl\/ro\/wiesci-z-sejmu\/komisje-sejmowe\/komisja-ochrony-srodowiska-zasobow-naturalnych-i-lesnictwa-osz\/komisja-ochrony-srodowiska-zasobow-naturalnych-i-lesnictwa-osz\/#primaryimage\"},\"image\":{\"@id\":\"https:\/\/marekkuchcinski.pl\/ro\/wiesci-z-sejmu\/komisje-sejmowe\/komisja-ochrony-srodowiska-zasobow-naturalnych-i-lesnictwa-osz\/komisja-ochrony-srodowiska-zasobow-naturalnych-i-lesnictwa-osz\/#primaryimage\"},\"thumbnailUrl\":\"https:\/\/marekkuchcinski.pl\/wp-content\/uploads\/2019\/07\/sejm-.jpg\",\"datePublished\":\"2020-03-26T11:55:53+00:00\",\"dateModified\":\"2020-03-26T12:16:30+00:00\",\"breadcrumb\":{\"@id\":\"https:\/\/marekkuchcinski.pl\/ro\/wiesci-z-sejmu\/komisje-sejmowe\/komisja-ochrony-srodowiska-zasobow-naturalnych-i-lesnictwa-osz\/komisja-ochrony-srodowiska-zasobow-naturalnych-i-lesnictwa-osz\/#breadcrumb\"},\"inLanguage\":\"sk-SK\",\"potentialAction\":[{\"@type\":\"ReadAction\",\"target\":[\"https:\/\/marekkuchcinski.pl\/ro\/wiesci-z-sejmu\/komisje-sejmowe\/komisja-ochrony-srodowiska-zasobow-naturalnych-i-lesnictwa-osz\/komisja-ochrony-srodowiska-zasobow-naturalnych-i-lesnictwa-osz\/\"]}]},{\"@type\":\"ImageObject\",\"inLanguage\":\"sk-SK\",\"@id\":\"https:\/\/marekkuchcinski.pl\/ro\/wiesci-z-sejmu\/komisje-sejmowe\/komisja-ochrony-srodowiska-zasobow-naturalnych-i-lesnictwa-osz\/komisja-ochrony-srodowiska-zasobow-naturalnych-i-lesnictwa-osz\/#primaryimage\",\"url\":\"https:\/\/marekkuchcinski.pl\/wp-content\/uploads\/2019\/07\/sejm-.jpg\",\"contentUrl\":\"https:\/\/marekkuchcinski.pl\/wp-content\/uploads\/2019\/07\/sejm-.jpg\",\"width\":2048,\"height\":1454},{\"@type\":\"BreadcrumbList\",\"@id\":\"https:\/\/marekkuchcinski.pl\/ro\/wiesci-z-sejmu\/komisje-sejmowe\/komisja-ochrony-srodowiska-zasobow-naturalnych-i-lesnictwa-osz\/komisja-ochrony-srodowiska-zasobow-naturalnych-i-lesnictwa-osz\/#breadcrumb\",\"itemListElement\":[{\"@type\":\"ListItem\",\"position\":1,\"name\":\"Strona g\u0142\u00f3wna\",\"item\":\"https:\/\/marekkuchcinski.pl\/\"},{\"@type\":\"ListItem\",\"position\":2,\"name\":\"Komisja Ochrony \u015arodowiska, Zasob\u00f3w Naturalnych i Le\u015bnictwa (OSZ)\"}]},{\"@type\":\"WebSite\",\"@id\":\"https:\/\/marekkuchcinski.pl\/#website\",\"url\":\"https:\/\/marekkuchcinski.pl\/\",\"name\":\"Marek Kuchci\u0144ski\",\"description\":\"Pose\u0142 na sejm RP &ndash; okr\u0119g nr 22\",\"publisher\":{\"@id\":\"https:\/\/marekkuchcinski.pl\/#organization\"},\"potentialAction\":[{\"@type\":\"SearchAction\",\"target\":{\"@type\":\"EntryPoint\",\"urlTemplate\":\"https:\/\/marekkuchcinski.pl\/?s={search_term_string}\"},\"query-input\":{\"@type\":\"PropertyValueSpecification\",\"valueRequired\":true,\"valueName\":\"search_term_string\"}}],\"inLanguage\":\"sk-SK\"},{\"@type\":\"Organization\",\"@id\":\"https:\/\/marekkuchcinski.pl\/#organization\",\"name\":\"Marek Kuchci\u0144ski\",\"url\":\"https:\/\/marekkuchcinski.pl\/\",\"logo\":{\"@type\":\"ImageObject\",\"inLanguage\":\"sk-SK\",\"@id\":\"https:\/\/marekkuchcinski.pl\/#\/schema\/logo\/image\/\",\"url\":\"https:\/\/marekkuchcinski.pl\/wp-content\/uploads\/2022\/09\/Marek.jpg\",\"contentUrl\":\"https:\/\/marekkuchcinski.pl\/wp-content\/uploads\/2022\/09\/Marek.jpg\",\"width\":1600,\"height\":971,\"caption\":\"Marek Kuchci\u0144ski\"},\"image\":{\"@id\":\"https:\/\/marekkuchcinski.pl\/#\/schema\/logo\/image\/\"}},{\"@type\":\"Person\",\"@id\":\"https:\/\/marekkuchcinski.pl\/#\/schema\/person\/b8a29fe7813098f7be78801d029910a7\",\"name\":\"Tomasz \u0141acina\",\"image\":{\"@type\":\"ImageObject\",\"inLanguage\":\"sk-SK\",\"@id\":\"https:\/\/marekkuchcinski.pl\/#\/schema\/person\/image\/\",\"url\":\"https:\/\/secure.gravatar.com\/avatar\/22e75f6c51aff77a676ed77dd222f852?s=96&d=mm&r=g\",\"contentUrl\":\"https:\/\/secure.gravatar.com\/avatar\/22e75f6c51aff77a676ed77dd222f852?s=96&d=mm&r=g\",\"caption\":\"Tomasz \u0141acina\"},\"url\":\"https:\/\/marekkuchcinski.pl\/sk\/author\/tomek-lacina\/\"}]}<\/script>\n<!-- \/ Yoast SEO plugin. -->","yoast_head_json":{"title":"Komisja Ochrony \u015arodowiska, Zasob\u00f3w Naturalnych i Le\u015bnictwa (OSZ) &#8211; Marek Kuchci\u0144ski","robots":{"index":"index","follow":"follow","max-snippet":"max-snippet:-1","max-image-preview":"max-image-preview:large","max-video-preview":"max-video-preview:-1"},"canonical":"https:\/\/marekkuchcinski.pl\/sk\/wiesci-z-sejmu\/komisje-sejmowe\/komisja-ochrony-srodowiska-zasobow-naturalnych-i-lesnictwa-osz\/komisja-ochrony-srodowiska-zasobow-naturalnych-i-lesnictwa-osz\/","og_locale":"sk_SK","og_type":"article","og_title":"Komisja Ochrony \u015arodowiska, Zasob\u00f3w Naturalnych i Le\u015bnictwa (OSZ) &#8211; Marek Kuchci\u0144ski","og_description":"Do zakresu dzia\u0142ania Komisji nale\u017c\u0105 sprawy ochrony i kszta\u0142towania \u015brodowiska oraz ochrony nieodnawialnych jego zasob\u00f3w, geologii oraz le\u015bnictwa i gospodarki le\u015bnej. Aktualny sk\u0142ad Komisji \u00a0 &#8211; 39 pos\u0142\u00f3w Ani\u015bko Tomasz &nbsp;(KO)&nbsp; &#8211; &nbsp;zast\u0119pca przewodnicz\u0105cego B\u0105k Dariusz &nbsp;(PiS)&nbsp; &#8211; &nbsp;zast\u0119pca przewodnicz\u0105cego Bukowiec Stanis\u0142aw &nbsp;(PiS)&nbsp; Chmielowiec Zbigniew &nbsp;(PiS)&nbsp; Duda Jan &nbsp;(PiS)&nbsp; Dyduch Marek &nbsp;(Lewica)&nbsp; &#8211; &nbsp;zast\u0119pca przewodnicz\u0105cego [&hellip;]","og_url":"https:\/\/marekkuchcinski.pl\/sk\/wiesci-z-sejmu\/komisje-sejmowe\/komisja-ochrony-srodowiska-zasobow-naturalnych-i-lesnictwa-osz\/komisja-ochrony-srodowiska-zasobow-naturalnych-i-lesnictwa-osz\/","og_site_name":"Marek Kuchci\u0144ski","article_published_time":"2020-03-26T11:55:53+00:00","article_modified_time":"2020-03-26T12:16:30+00:00","og_image":[{"width":2048,"height":1454,"url":"https:\/\/marekkuchcinski.pl\/wp-content\/uploads\/2019\/07\/sejm-.jpg","type":"image\/jpeg"}],"author":"Tomasz \u0141acina","twitter_card":"summary_large_image","twitter_misc":{"Autor":"Tomasz \u0141acina","Predpokladan\u00fd \u010das \u010d\u00edtania":"1 min\u00fata"},"schema":{"@context":"https:\/\/schema.org","@graph":[{"@type":"Article","@id":"https:\/\/marekkuchcinski.pl\/ro\/wiesci-z-sejmu\/komisje-sejmowe\/komisja-ochrony-srodowiska-zasobow-naturalnych-i-lesnictwa-osz\/komisja-ochrony-srodowiska-zasobow-naturalnych-i-lesnictwa-osz\/#article","isPartOf":{"@id":"https:\/\/marekkuchcinski.pl\/ro\/wiesci-z-sejmu\/komisje-sejmowe\/komisja-ochrony-srodowiska-zasobow-naturalnych-i-lesnictwa-osz\/komisja-ochrony-srodowiska-zasobow-naturalnych-i-lesnictwa-osz\/"},"author":{"name":"Tomasz \u0141acina","@id":"https:\/\/marekkuchcinski.pl\/#\/schema\/person\/b8a29fe7813098f7be78801d029910a7"},"headline":"Komisja Ochrony \u015arodowiska, Zasob\u00f3w Naturalnych i Le\u015bnictwa (OSZ)","datePublished":"2020-03-26T11:55:53+00:00","dateModified":"2020-03-26T12:16:30+00:00","mainEntityOfPage":{"@id":"https:\/\/marekkuchcinski.pl\/ro\/wiesci-z-sejmu\/komisje-sejmowe\/komisja-ochrony-srodowiska-zasobow-naturalnych-i-lesnictwa-osz\/komisja-ochrony-srodowiska-zasobow-naturalnych-i-lesnictwa-osz\/"},"wordCount":282,"commentCount":0,"publisher":{"@id":"https:\/\/marekkuchcinski.pl\/#organization"},"image":{"@id":"https:\/\/marekkuchcinski.pl\/ro\/wiesci-z-sejmu\/komisje-sejmowe\/komisja-ochrony-srodowiska-zasobow-naturalnych-i-lesnictwa-osz\/komisja-ochrony-srodowiska-zasobow-naturalnych-i-lesnictwa-osz\/#primaryimage"},"thumbnailUrl":"https:\/\/marekkuchcinski.pl\/wp-content\/uploads\/2019\/07\/sejm-.jpg","articleSection":["Komisja Ochrony \u015arodowiska"],"inLanguage":"sk-SK","potentialAction":[{"@type":"CommentAction","name":"Comment","target":["https:\/\/marekkuchcinski.pl\/ro\/wiesci-z-sejmu\/komisje-sejmowe\/komisja-ochrony-srodowiska-zasobow-naturalnych-i-lesnictwa-osz\/komisja-ochrony-srodowiska-zasobow-naturalnych-i-lesnictwa-osz\/#respond"]}]},{"@type":"WebPage","@id":"https:\/\/marekkuchcinski.pl\/ro\/wiesci-z-sejmu\/komisje-sejmowe\/komisja-ochrony-srodowiska-zasobow-naturalnych-i-lesnictwa-osz\/komisja-ochrony-srodowiska-zasobow-naturalnych-i-lesnictwa-osz\/","url":"https:\/\/marekkuchcinski.pl\/ro\/wiesci-z-sejmu\/komisje-sejmowe\/komisja-ochrony-srodowiska-zasobow-naturalnych-i-lesnictwa-osz\/komisja-ochrony-srodowiska-zasobow-naturalnych-i-lesnictwa-osz\/","name":"Komisja Ochrony \u015arodowiska, Zasob\u00f3w Naturalnych i Le\u015bnictwa (OSZ) &#8211; Marek Kuchci\u0144ski","isPartOf":{"@id":"https:\/\/marekkuchcinski.pl\/#website"},"primaryImageOfPage":{"@id":"https:\/\/marekkuchcinski.pl\/ro\/wiesci-z-sejmu\/komisje-sejmowe\/komisja-ochrony-srodowiska-zasobow-naturalnych-i-lesnictwa-osz\/komisja-ochrony-srodowiska-zasobow-naturalnych-i-lesnictwa-osz\/#primaryimage"},"image":{"@id":"https:\/\/marekkuchcinski.pl\/ro\/wiesci-z-sejmu\/komisje-sejmowe\/komisja-ochrony-srodowiska-zasobow-naturalnych-i-lesnictwa-osz\/komisja-ochrony-srodowiska-zasobow-naturalnych-i-lesnictwa-osz\/#primaryimage"},"thumbnailUrl":"https:\/\/marekkuchcinski.pl\/wp-content\/uploads\/2019\/07\/sejm-.jpg","datePublished":"2020-03-26T11:55:53+00:00","dateModified":"2020-03-26T12:16:30+00:00","breadcrumb":{"@id":"https:\/\/marekkuchcinski.pl\/ro\/wiesci-z-sejmu\/komisje-sejmowe\/komisja-ochrony-srodowiska-zasobow-naturalnych-i-lesnictwa-osz\/komisja-ochrony-srodowiska-zasobow-naturalnych-i-lesnictwa-osz\/#breadcrumb"},"inLanguage":"sk-SK","potentialAction":[{"@type":"ReadAction","target":["https:\/\/marekkuchcinski.pl\/ro\/wiesci-z-sejmu\/komisje-sejmowe\/komisja-ochrony-srodowiska-zasobow-naturalnych-i-lesnictwa-osz\/komisja-ochrony-srodowiska-zasobow-naturalnych-i-lesnictwa-osz\/"]}]},{"@type":"ImageObject","inLanguage":"sk-SK","@id":"https:\/\/marekkuchcinski.pl\/ro\/wiesci-z-sejmu\/komisje-sejmowe\/komisja-ochrony-srodowiska-zasobow-naturalnych-i-lesnictwa-osz\/komisja-ochrony-srodowiska-zasobow-naturalnych-i-lesnictwa-osz\/#primaryimage","url":"https:\/\/marekkuchcinski.pl\/wp-content\/uploads\/2019\/07\/sejm-.jpg","contentUrl":"https:\/\/marekkuchcinski.pl\/wp-content\/uploads\/2019\/07\/sejm-.jpg","width":2048,"height":1454},{"@type":"BreadcrumbList","@id":"https:\/\/marekkuchcinski.pl\/ro\/wiesci-z-sejmu\/komisje-sejmowe\/komisja-ochrony-srodowiska-zasobow-naturalnych-i-lesnictwa-osz\/komisja-ochrony-srodowiska-zasobow-naturalnych-i-lesnictwa-osz\/#breadcrumb","itemListElement":[{"@type":"ListItem","position":1,"name":"Strona g\u0142\u00f3wna","item":"https:\/\/marekkuchcinski.pl\/"},{"@type":"ListItem","position":2,"name":"Komisja Ochrony \u015arodowiska, Zasob\u00f3w Naturalnych i Le\u015bnictwa (OSZ)"}]},{"@type":"WebSite","@id":"https:\/\/marekkuchcinski.pl\/#website","url":"https:\/\/marekkuchcinski.pl\/","name":"Marek Kuchci\u0144ski","description":"Pose\u0142 na sejm RP &ndash; okr\u0119g nr 22","publisher":{"@id":"https:\/\/marekkuchcinski.pl\/#organization"},"potentialAction":[{"@type":"SearchAction","target":{"@type":"EntryPoint","urlTemplate":"https:\/\/marekkuchcinski.pl\/?s={search_term_string}"},"query-input":{"@type":"PropertyValueSpecification","valueRequired":true,"valueName":"search_term_string"}}],"inLanguage":"sk-SK"},{"@type":"Organization","@id":"https:\/\/marekkuchcinski.pl\/#organization","name":"Marek Kuchci\u0144ski","url":"https:\/\/marekkuchcinski.pl\/","logo":{"@type":"ImageObject","inLanguage":"sk-SK","@id":"https:\/\/marekkuchcinski.pl\/#\/schema\/logo\/image\/","url":"https:\/\/marekkuchcinski.pl\/wp-content\/uploads\/2022\/09\/Marek.jpg","contentUrl":"https:\/\/marekkuchcinski.pl\/wp-content\/uploads\/2022\/09\/Marek.jpg","width":1600,"height":971,"caption":"Marek Kuchci\u0144ski"},"image":{"@id":"https:\/\/marekkuchcinski.pl\/#\/schema\/logo\/image\/"}},{"@type":"Person","@id":"https:\/\/marekkuchcinski.pl\/#\/schema\/person\/b8a29fe7813098f7be78801d029910a7","name":"Tomasz \u0141acina","image":{"@type":"ImageObject","inLanguage":"sk-SK","@id":"https:\/\/marekkuchcinski.pl\/#\/schema\/person\/image\/","url":"https:\/\/secure.gravatar.com\/avatar\/22e75f6c51aff77a676ed77dd222f852?s=96&d=mm&r=g","contentUrl":"https:\/\/secure.gravatar.com\/avatar\/22e75f6c51aff77a676ed77dd222f852?s=96&d=mm&r=g","caption":"Tomasz \u0141acina"},"url":"https:\/\/marekkuchcinski.pl\/sk\/author\/tomek-lacina\/"}]}},"_links":{"self":[{"href":"https:\/\/marekkuchcinski.pl\/sk\/wp-json\/wp\/v2\/posts\/18985","targetHints":{"allow":["GET"]}}],"collection":[{"href":"https:\/\/marekkuchcinski.pl\/sk\/wp-json\/wp\/v2\/posts"}],"about":[{"href":"https:\/\/marekkuchcinski.pl\/sk\/wp-json\/wp\/v2\/types\/post"}],"author":[{"embeddable":true,"href":"https:\/\/marekkuchcinski.pl\/sk\/wp-json\/wp\/v2\/users\/17"}],"replies":[{"embeddable":true,"href":"https:\/\/marekkuchcinski.pl\/sk\/wp-json\/wp\/v2\/comments?post=18985"}],"version-history":[{"count":8,"href":"https:\/\/marekkuchcinski.pl\/sk\/wp-json\/wp\/v2\/posts\/18985\/revisions"}],"predecessor-version":[{"id":18998,"href":"https:\/\/marekkuchcinski.pl\/sk\/wp-json\/wp\/v2\/posts\/18985\/revisions\/18998"}],"wp:featuredmedia":[{"embeddable":true,"href":"https:\/\/marekkuchcinski.pl\/sk\/wp-json\/wp\/v2\/media\/17353"}],"wp:attachment":[{"href":"https:\/\/marekkuchcinski.pl\/sk\/wp-json\/wp\/v2\/media?parent=18985"}],"wp:term":[{"taxonomy":"category","embeddable":true,"href":"https:\/\/marekkuchcinski.pl\/sk\/wp-json\/wp\/v2\/categories?post=18985"},{"taxonomy":"post_tag","embeddable":true,"href":"https:\/\/marekkuchcinski.pl\/sk\/wp-json\/wp\/v2\/tags?post=18985"}],"curies":[{"name":"wp","href":"https:\/\/api.w.org\/{rel}","templated":true}]}}