{"id":18856,"date":"2020-03-21T10:46:39","date_gmt":"2020-03-21T09:46:39","guid":{"rendered":"https:\/\/marekkuchcinski.pl\/?p=18856"},"modified":"2020-03-22T12:07:49","modified_gmt":"2020-03-22T11:07:49","slug":"biography","status":"publish","type":"post","link":"https:\/\/marekkuchcinski.pl\/sk\/english\/biography\/","title":{"rendered":"\u017divotopis"},"content":{"rendered":"<p>Marek Kuchci\u0144ski sa narodil 9. augusta v meste Przemy\u015bl. V rokoch 1974-1978 \u0161tudoval dejiny umenia na Katol\u00edckej univerzite v Lubline. V roku 1978 absolvoval postgradu\u00e1lne \u0161t\u00fadium na Vysokej \u0161kole z\u00e1hradn\u00edctva. V 80. rokoch 20. storo\u010dia organizoval nez\u00e1visl\u00e9 kult\u00farne spolo\u010denstvo v Przemy\u015bli, vyd\u00e1val a spoluredigoval \u0161tvr\u0165ro\u010dn\u00edk \"Strych Kulturalny\" mimo cenz\u00fary. Bol \u010dlenom nez\u00e1visl\u00e9ho ro\u013en\u00edckeho hnutia a okrem in\u00e9ho aj \u010dlenom N\u00e1rodn\u00e9ho v\u00fdboru ro\u013en\u00edckeho odporu, autorom \u010dl\u00e1nkov pre podzemn\u00fd \u010dasopis OKOR \"Solidarno\u015b\u0107 Rolnik\u00f3w\" (Solidarita po\u013enohospod\u00e1rov). Od roku 1982 aktivista Ministerstva po\u013enohospod\u00e1rov v Krasiczyne (prv\u00e9ho v Po\u013esku), organiz\u00e1tor (spolu so Stanis\u0142awom Bartmi\u0144sk\u00fdm) potravinovej pomoci pre robotn\u00edkov v Sliezsku. V rokoch 1983-1989, aj mimo cenz\u00fary, spoluorganizoval Dni kres\u0165anskej kult\u00fary v Przemy\u015bli a medzin\u00e1rodn\u00e9 umeleck\u00e9 v\u00fdstavy \"\u010clovek - Boh - Svet\". (\u010clovek - Boh - Svet). V roku 1985 bol zatknut\u00fd za opozi\u010dn\u00fa \u010dinnos\u0165. V\u00e4znen\u00fd v Jaroslawi a Przemy\u015bli. V roku 1989 bol spoluzakladate\u013eom a hovorcom Ob\u010dianskeho v\u00fdboru Solidarita v Przemy\u0161lskom vojvodstve. V rokoch 1990-1992 bol spolu s Lechom Wa\u0142\u0119som \u010dlenom N\u00e1rodn\u00e9ho ob\u010dianskeho v\u00fdboru Solidarita. Bol zakladate\u013eom a predsedom Centra dohody (1990-1999) v Przemy\u0161lskom vojvodstve. V rokoch 1990-2000 bol predsedom Przemyskej kult\u00farnej spolo\u010dnosti, vydavate\u013eom okrem in\u00e9ho \u0161tvr\u0165ro\u010dn\u00edka \"Spojrzenia Przemyskie\". (Przemy\u015bl Views). Podpredseda Zdru\u017eenia po\u013esk\u00fdch novin\u00e1rov v Rzeszowe. Predsedal programovej rade Po\u013esk\u00e9ho rozhlasu Rzesz\u00f3w a bol spravodajcom Po\u013esk\u00e9ho rozhlasu \u013dvov. V rokoch 1994-1999 bol poslancom mestsk\u00e9ho zastupite\u013estva v Przemy\u015bli. V rokoch 1999 a\u017e 2001 bol z\u00e1stupcom vojvodu Podkarpatsk\u00e9ho vojvodstva. Od roku 2001 nepretr\u017eite zast\u00e1va mand\u00e1t poslanca Sejmu na \u010fal\u0161ie volebn\u00e9 obdobie za stranu Pr\u00e1vo a spravodlivos\u0165. D\u0148a 4. augusta 2010 sa stal podpredsedom Sejmu v 6. funk\u010dnom obdob\u00ed a 8. novembra 2011 bol zvolen\u00fd za podpredsedu Sejmu v 7. funk\u010dnom obdob\u00ed. Predsedal parlamentn\u00fdm v\u00fdborom pre spr\u00e1vu a vn\u00fatorn\u00e9 z\u00e1le\u017eitosti a v\u00fdboru pre ochranu \u017eivotn\u00e9ho prostredia, pr\u00edrodn\u00fdch zdrojov a lesn\u00e9ho hospod\u00e1rstva. Bol podpredsedom parlamentnej deleg\u00e1cie v Parlamentnom zhroma\u017eden\u00ed Po\u013eskej republiky a Ukrajiny a \u010dlenom po\u013esko-ma\u010farskej parlamentnej skupiny. Od roku 2010 je inici\u00e1torom s\u00e9rie stretnut\u00ed karpatsk\u00fdch kraj\u00edn pod heslom \"Eur\u00f3pa Karp\u00e1t\", ktor\u00fdch cie\u013eom je okrem in\u00e9ho posilnenie spolupr\u00e1ce vo v\u0161etk\u00fdch oblastiach verejnej \u010dinnosti a vybudovanie medzin\u00e1rodnej siete poslancov pracuj\u00facich pre udr\u017eate\u013en\u00fd rozvoj karpatsk\u00e9ho regi\u00f3nu. Od 12. novembra 2015 do 9. augusta 2019 bol predsedom Sejmu 8. volebn\u00e9ho obdobia. Poslanec Sejmu 9. volebn\u00e9ho obdobia. V s\u00fa\u010dasnosti je podpredsedom V\u00fdboru pre komunik\u00e1ciu s Poliakmi v zahrani\u010d\u00ed a \u010dlenom V\u00fdboru pre ochranu \u017eivotn\u00e9ho prostredia, predsedom Karpatsk\u00e9ho parlamentn\u00e9ho t\u00edmu a t\u00edmu horskej z\u00e1chrany. Z\u00e1stupca deleg\u00e1cie Sejmu a Sen\u00e1tu na parlamentnej dimenzii Stredoeur\u00f3pskej iniciat\u00edvy. Od 12. febru\u00e1ra 2020 predseda po\u013esko-ma\u010farskej parlamentnej skupiny, akt\u00edvny \u00fa\u010dastn\u00edk po\u013esko-slovenskej, po\u013esko-rumunskej a po\u013esko-\u010deskej skupiny. Okrem in\u00e9ho mu bola udelen\u00e1 cena Po\u013esk\u00e9ho rozhlasu a telev\u00edzie v Rzeszowe a cena vojvodu Przemy\u015bla za z\u00e1sluhy v oblasti kult\u00fary. V kateg\u00f3rii Politik roka 2003 z\u00edskal vavr\u00edn \"Nowiny\". Je \u017eenat\u00fd a m\u00e1 tri deti.<\/p>\n\n\n\n<p><strong>Najd\u00f4le\u017eitej\u0161ie dekor\u00e1cie<\/strong><br> Rad za z\u00e1sluhy o Ukrajinu (2010) - za v\u00fdznamn\u00fd osobn\u00fd pr\u00ednos k rozvoju<br> Po\u013esko-ukrajinsk\u00e9 vz\u0165ahy a posilnenie autority Ukrajiny vo svete.<br> Kr\u00ed\u017e slobody a solidarity (2016) - za \u00fa\u010das\u0165 na opozi\u010dn\u00fdch aktivit\u00e1ch proti<br> komunistickej diktat\u00fary PRL (Po\u013eskej \u013eudovej republiky).<br> Ve\u013ek\u00fd kr\u00ed\u017e Ma\u010farsk\u00e9ho r\u00e1du za z\u00e1sluhy (2018) - za mimoriadne z\u00e1sluhy v oblasti<br> budovanie ma\u010farsko-po\u013esk\u00fdch politick\u00fdch a spolo\u010densk\u00fdch vz\u0165ahov.<br> Rad za z\u00e1sluhy Litve (2019) - za pr\u00ednos k rozvoju vz\u0165ahov<br> medzi Litvou a Po\u013eskom, zlep\u0161enie politickej, kult\u00farnej, hospod\u00e1rskej a soci\u00e1lnej<br> spolupr\u00e1cu medzi oboma krajinami.<\/p>\n\n\n\n<h5 class=\"wp-block-heading\"><strong>Bibliografia<\/strong><\/h5>\n\n\n\n<p><strong>Soci\u00e1lno-historick\u00e9\nkontext \u017eivotopisu<\/strong><\/p>\n\n\n\n<ul class=\"wp-block-list\"><li> David Selbourne, <em>Solidarita na volebn\u00fdch zhroma\u017edeniach, <\/em>\u010casopis The Independent 03.06.1989 <\/li><li>Wojciechowski Aleksander, <em>\u010cas sm\u00fatku, \u010das n\u00e1deje. \u010casy sm\u00fatku, \u010dasy n\u00e1deje. Nez\u00e1visl\u00e9 umenie v 80. rokoch)<\/em>, Wydawnictwa Artystyczne i Filmowe, Var\u0161ava 1992 <\/li><li>Najder Zdzis\u0142aw, <em>\u010co Po\u013esko. \u010co Po\u013esko. Komu som radil a \u010do)<\/em>, Editions Spotkania, Krakov 1992<\/li><li><em>Potl\u00e1\u010danie ded\u00edn a ro\u013en\u00edckeho hnutia (1956-1989)<\/em>, zv. 2, editor: Janusz Gmitruk, Zbigniew Nawrocki, M\u00fazeum dej\u00edn po\u013esk\u00e9ho \u013eudov\u00e9ho hnutia, Var\u0161ava 2004<\/li><li>Iwaneczko Dariusz, <em>Soci\u00e1lny odpor a moc v juhov\u00fdchodnom Po\u013esku v rokoch 1980-1989<\/em>In\u0161tit\u00fat n\u00e1rodnej pam\u00e4ti, Var\u0161ava 2005<\/li><li>Karnowski Micha\u0142, Zaremba Piotr, <em>O dvoch z nich. Abeceda bratov Kaczynsk\u00fdch<\/em> <em>(The Two Who. Abeceda bratov Kaczynsk\u00fdch),<\/em> Vydavate\u013estvo M, Krakov 2006<\/li><li><em>F\u00f3rum regi\u00f3nov<\/em>Muszyna 11.-12. septembra 2008, red. Bogumi\u0142 Luft, Ministerstvo region\u00e1lneho rozvoja, Var\u0161ava 2008<\/li><li>pr. Stanis\u0142aw Bartmi\u0144ski, <em>INTROIBO AD ALTARE DEI, hist\u00f3ria duchovnej slu\u017eby v katedr\u00e1le v Przemy\u015bli v rokoch 1946-2008<\/em>, Przemysl, 2008<\/li><li>Koz\u0142owski Piotr, <em>100 rokov Z\u00e1kladnej \u0161koly Henryka Sienkiewicza \u010d. 1 v Przemy\u015bli 1908-2008<\/em>, Z\u00e1kladn\u00e1 \u0161kola Henryka Sienkiewicza 1, Przemysl 2008<\/li><li>Borowiec Janusz,<em> Vo\u013eby '89 v juhov\u00fdchodnom Po\u013esku v dokumentoch SB<\/em>In\u0161tit\u00fat n\u00e1rodnej pam\u00e4ti, Var\u0161ava-R\u017eeszow 2009<\/li><li>Sopel Tadeusz, <em>Nez\u00e1visl\u00e9 ro\u013en\u00edcke hnutie \"Solidarita\" v juhov\u00fdchodnom Po\u013esku v rokoch 1980-1989: dokumenty, spomienky, \u00favahy<\/em>, Juhov\u00fdchodn\u00fd vedeck\u00fd in\u0161tit\u00fat, Przemysl 2000<\/li><li><em>Encyklop\u00e9dia solidarity. Opozycja w PRL 1976-1989 (Encyklop\u00e9dia Solidarity. Opoz\u00edcia v PRL 1976-1989)<\/em>, zv. 1, ed. Miros\u0142awa \u0141\u0105tkowska, In\u0161tit\u00fat n\u00e1rodnej pam\u00e4ti, Var\u0161ava 2010<\/li><li><em>NSZZ Solidarno\u015b\u0107 1980-1989<\/em>, v. 5: <em>Stredov\u00fdchodn\u00e9 Po\u013esko<\/em>, ed.: \u0141ukasz Kami\u0144ski, Grzegorz Walig\u00f3ra, In\u0161tit\u00fat n\u00e1rodnej pam\u00e4ti, Var\u0161ava 2010<\/li><li><em>Solidarita jednotliv\u00fdch po\u013enohospod\u00e1rov 1980-1989<\/em>, ed. Andrzej W. Kaczorowski, Nad\u00e1cia Kasa Nadziei, Var\u0161ava 2010<\/li><li><em>Vojnov\u00fd stav. O dvadsa\u0165 rokov nesk\u00f4r (Vojnov\u00fd stav. O dvadsa\u0165 rokov nesk\u00f4r)<\/em>, ed. Agnieszka Adamiak, \u00darad pre vzdel\u00e1vanie verejnosti, In\u0161tit\u00fat n\u00e1rodnej pam\u00e4ti, pobo\u010dka Rzesz\u00f3w, Rzeszow 2000<\/li><li>Zaremba Piotr, <em>O jednym taki... Biografia Jaros\u0142awa Kaczy\u0144skiego (Ten, ktor\u00fd... \u017divotopis Jaros\u0142awa Kaczy\u0144skiego)<\/em>, Vydavate\u013estvo Czerwone i Czarne, Var\u0161ava 2010<\/li><li><em>Parlamentn\u00e9 vo\u013eby v roku 1989 v juhov\u00fdchodnom Po\u013esku<\/em>, ed. Ma\u0142gorzata Gliwa Mariusz Krzysztofi\u0144ski, In\u0161tit\u00fat n\u00e1rodnej pam\u00e4ti, Rzesz\u00f3w 2011<\/li><li>Kaczy\u0144ski Jaros\u0142aw, <em>Polska naszych marze\u0144 (Po\u013esko na\u0161ich snov)<\/em>, Drukarnia Akapit, Lublin 2011<\/li><li>Kaczy\u0144ski Lech, <em>Pam\u00e4\u0165 a odhodlanie<\/em>, Pr\u00e1vo a spravodlivos\u0165, Var\u0161ava 2011<\/li><li>Krzymowski Micha\u0142, Dzier\u017canowski Marcin, <em>Smolensk, z\u00e1znam o \u00famrt\u00ed<\/em>, The Facto, Var\u0161ava 2011<\/li><li><em>V\u00fdchodoeur\u00f3pska \u0161t\u00e1tna univerzita v Przemy\u015bli 2001-2011<\/em>, ed. Zdzis\u0142aw Budzy\u0144ski, Jan Draus, V\u00fdchodoeur\u00f3pska \u0161t\u00e1tna univerzita v Przemy\u015bli, Przemysl 2011<\/li><li><em>Gener\u00e1cia '80. Nez\u00e1visl\u00e1 pr\u00e1ca s ml\u00e1de\u017eou 1980-89<\/em>. <em>(Gener\u00e1cia '80. Nez\u00e1visl\u00e1 pr\u00e1ca mlad\u00fdch \u013eud\u00ed v rokoch 1980-89)<\/em> V\u00fdstava a katal\u00f3g, N\u00e1rodn\u00e9 m\u00fazeum v Krakove, ed. Tadeusz Boruta, In\u0161tit\u00fat n\u00e1rodnej pam\u00e4ti Krakov 2010-2011<\/li><li><em>Encyklop\u00e9dia solidarity. Opozycja w PRL 1976-1989 (Encyklop\u00e9dia Solidarity. Opoz\u00edcia v PRL 1976-1989)<\/em>, zv. 2, ed. Grzegorz Walig\u00f3ra, In\u0161tit\u00fat n\u00e1rodnej pam\u00e4ti, Var\u0161ava 2012<\/li><li><em>Gener\u00e1cia '80: Politick\u00fd protest? Umeleck\u00e1 s\u00fa\u0165a\u017e? Nez\u00e1visl\u00e9 umenie mlad\u00fdch v rokoch 1980-1989 (Gener\u00e1cia '80. Politick\u00fd protest? Umeleck\u00e1 s\u00fa\u0165a\u017e? Samostatn\u00e1 pr\u00e1ca mlad\u00fdch \u013eud\u00ed v rokoch 1980-1989)<\/em>, ed. Tadeusz Boruta, In\u0161tit\u00fat n\u00e1rodnej pam\u00e4ti, Rzeszow 2012<\/li><li><em>Po\u013esk\u00fd konzul\u00e1t vo \u013dvove 1987-2012<\/em>, ed. Marcin Zieniewicz, Gener\u00e1lny konzul\u00e1t Po\u013eskej republiky vo \u013dvove, Test Publishing House, Drukarnia \"Oprawa\" Sp. z o.o. v Lod\u017ei, \u013dvov-Lodz 2012<\/li><li>Dudek Antoni, <em>Politick\u00e9 dejiny Po\u013eska 1989-2012<\/em>, Spo\u0142eczny Instytut Wydawniczy Znak, Krakov 2013<\/li><li>Kaczy\u0144ski Jaros\u0142aw, <em>Dohoda proti monopolu na pr\u00e1vomoci. Z dziej\u00f3w PC (Dohoda proti monopolu moci. Z hist\u00f3rie PC)<\/em>, Vydavate\u013estvo Zysk i S-ka 2016<\/li><li><em>Non omnis moriar. Abp Ignacy Tokarczuk v spomienkach (Non omnis moriar. Spomienky arcibiskupa Ignacyho Tokarczuka)<\/em>, ed. Mariusz Krzysztofi\u0144ski, In\u0161tit\u00fat n\u00e1rodnej pam\u00e4ti, Rzeszow 2016<\/li><li>Szczerski Krzysztof, <em>Eur\u00f3pska ut\u00f3pia. Kryzys zintegrs i polska inicjatywa naprawy (Eur\u00f3pska ut\u00f3pia. Integra\u010dn\u00e1 kr\u00edza a po\u013esk\u00e1 iniciat\u00edva na opravu)<\/em>, Biely havran, Krakov 2017<\/li><li><em>Pam\u00e4tn\u00e1 kniha k 100. v\u00fdro\u010diu narodenia arcibiskupa Ign\u00e1ca Tokarczuka<\/em>, ed. Jerzy F. Adamski, Adriana Paszkowska, Zygmunt \u015aliwa, \"LIBRA\", Rzeszow 2018<\/li><li>Justyna Stasiek-Harabin, Portr\u00e9ty mar\u0161alov Sejmu druhej Po\u013eskej republiky, <em>Umelec a umenie<\/em>, nie. 29, 2019<\/li><li>Justyna Stasiek-Harabin, Gal\u00e9ria s\u00f4ch mar\u0161\u00e1lov Prvej Po\u013eskej republiky<em>, <\/em>Umelec a umenie (Artist and art), \u010d. 30, p. 42, 2019<\/li><li><em>Parlamentn\u00e1 diplomacia v strednej a v\u00fdchodnej Eur\u00f3pe v rokoch 2015-2019<\/em>, ed. Beata Surmacz, Aleksandra Kuczy\u0144ska-Zonik, In\u0161tit\u00fat strednej Eur\u00f3py, Lublin 2019<\/li><li>Konferencia <em>Eur\u00f3pa Karp\u00e1t<\/em>, Przemysl\/Krasiczyn 21.-23. febru\u00e1ra 2020, N\u00e1rodn\u00e9 m\u00fazeum zeme Przemysl, Przemysl 2020<\/li><\/ul>\n\n\n\n<p><strong>Periodik\u00e1<\/strong><\/p>\n\n\n\n<ul class=\"wp-block-list\"><li>\"Bulletin\nWyborczy. Pismo Komitetu Obywatelskiego Solidarno\u015b\u0107 w Przemy\u015bl\" (Volebn\u00fd bulletin. (Vo\u013eby\nBulletin. List Ob\u010dianskeho v\u00fdboru Solidarita v Przemy\u015bli\", 1989<\/li><li>\"Busola -\nnez\u00e1visl\u00fd spolo\u010densk\u00fd \u010dasopis\". (Busola - nez\u00e1visl\u00fd soci\u00e1lny \u010dasopis),\n1985-1989<\/li><li>\"\u00daloha\nKatol\u00edcka \u00faloha (katol\u00edcka \u00faloha), 1987-1989<\/li><li>\"Samospr\u00e1va\nPrzemy\u015bl. Biuletyn Przemyskiego Komitetu Obywatelskiego\" (Samospr\u00e1vny Przemy\u015bl.\nPrzemy\u015bl. Bulletin V\u00fdboru ob\u010danov Przemy\u015bla\", 1989-1990<\/li><li>\"San\" (San\nrieky), 1990-1991<\/li><li>\"N\u00e1zory\nPrzemyskie\". (Przemy\u015bl Views), 1989-1993<\/li><li>\"Podkrovie\nKult\u00farne podkrovie (Kult\u00farne podkrovie), 1988-1996<\/li><li>\"Politick\u00e9 z\u00e1pisn\u00edky\nPolitick\u00e9 zo\u0161ity pr\u00e1va a spravodlivosti (Politick\u00e9 zo\u0161ity pr\u00e1va a spravodlivosti),\n2012-2014<\/li><\/ul>\n\n\n\n<p><strong>Publik\u00e1cie<\/strong><\/p>\n\n\n\n<ul class=\"wp-block-list\"><li>Kuchci\u0144ski Marek, <em>Po prv\u00e9: vyhrajte vo\u013eby<\/em>, \"Volebn\u00fd bulletin, list Ob\u010dianskeho v\u00fdboru Solidarita v Przemy\u015bli\". (Najprv: vyhra\u0165 vo\u013eby, Volebn\u00fd bulletin, List Ob\u010dianskeho v\u00fdboru Solidarita v Przemy\u015bli), 1989<\/li><li>Kuchci\u0144ski Marek, <em>Kolekt\u00edvne ob\u010dianske hnutie<\/em>Spojrzenia Przemyskie\" (\"Poh\u013eady na Przemy\u015bl\"). (Masov\u00e1 ob\u010dianska mobiliz\u00e1cia, Przemy\u015blsk\u00e9 poh\u013eady), 1990<\/li><li>Kuchci\u0144ski Marek, <em>E\u0161te sme neskon\u010dili<\/em>Spojrzenia Przemyskie\" (\"Przemysk\u00e9 poh\u013eady\"). (E\u0161te sme nedokon\u010dili pr\u00e1cu, Przemy\u015bl Views), 1991<\/li><li>Kuchci\u0144ski Marek, <em>Vl\u00e1dnu\u0165 alebo sl\u00fa\u017ei\u0165?<\/em>, \"Przemy\u015bl Views\". (Vl\u00e1dnu\u0165 alebo sl\u00fa\u017ei\u0165?, Przemy\u015blsk\u00e9 poh\u013eady), 1993<\/li><li>Kuchci\u0144ski Marek, <em>Nepozerajme sa na Moskvu<\/em>, \"Kult\u00farne podkrovie\" (Ne\u017emurkajme na Moskvu, Kult\u00farne podkrovie), 1996<\/li><li>Kurylak J\u00f3zef, Karasek Krzysztof, Musia\u0142 Jan, Kuchci\u0144ski Marek, Zazula. Umenie a politika, Kult\u00farna podkrovie. (Umenie a politika, Kult\u00farne podkrovie), 1996<\/li><li>Kuchci\u0144ski Marek, <em>Politika \u0161t\u00e1tnej pr\u00edslu\u0161nosti. Z poh\u013eadu 7 rokov - spr\u00e1va prednesen\u00e1 po\u010das po\u013esko-nemeckej konferencie samospr\u00e1vy Przemy\u015bl-Paderborn (N\u00e1rodnostn\u00e1 politika. Z poh\u013eadu 7 rokov - spr\u00e1va prednesen\u00e1 na po\u013esko-nemeckej konferencii samospr\u00e1vy Przemy\u015bl-Paderborn)<\/em>, Przemysl 1996<\/li><li>Kuchci\u0144ski Marek, <em>Rusk\u00e9 provok\u00e1cie?<\/em>, \"Nov\u00fd \u010dasopis. New York\" (Rusk\u00e9 provok\u00e1cie?, New Journal. New York), 7. j\u00fana 1997<\/li><li>Kuchci\u0144ski Marek, <em>Spr\u00e1va o cezhrani\u010dnej spolupr\u00e1ci v rokoch 1990-1998. Koncepcia rozvoja<\/em>, Przemysl 1997<\/li><li>Kuchci\u0144ski Marek, <em>Miestna demokracia. Program budovania ob\u010dianskej spolo\u010dnosti v r\u00e1mci po\u013esko-ukrajinskej cezhrani\u010dnej spolupr\u00e1ce (Miestna demokracia. Program budovania ob\u010dianskej spolo\u010dnosti v r\u00e1mci po\u013esko-ukrajinskej cezhrani\u010dnej spolupr\u00e1ce)<\/em>, DEM LOK, Przemysl 1997<\/li><li>Kuchci\u0144ski Marek, <em>Kult\u00farne a pr\u00edrodn\u00e9 dedi\u010dstvo. Program na ochranu a spr\u00e1vu kult\u00farnych hodn\u00f4t mimoriadnej historickej a pr\u00edrodnej hodnoty. Program ochrany a spr\u00e1vy kult\u00farnych hodn\u00f4t mimoriadnej historickej a pr\u00edrodnej hodnoty)<\/em>, Przemysl 1998<\/li><li>Kuchci\u0144ski Marek, <em>Ochrana pr\u00edrody v Podkarpatskom regi\u00f3ne<\/em>, \"Almanach Podkarpackie\". (Ochrana pr\u00edrody na Podkarpatsku, Podkarpatsk\u00fd almanach), 2000<\/li><li>Marek Kuchci\u0144ski, <em>Politika region\u00e1lneho rozvoja a jej vplyv na rozvoj Po\u013eska v E\u00da [in:] Economic Convention. Po\u013enohospod\u00e1rstvo, vidiecke oblasti, ochrana \u017eivotn\u00e9ho prostredia, region\u00e1lna politika. Tezy programowe (Politika region\u00e1lneho rozvoja a jej vplyv na rozvoj Po\u013eska v E\u00da).<\/em> Hospod\u00e1rsky dohovor. Po\u013enohospod\u00e1rstvo, vidiecke oblasti, ochrana \u017eivotn\u00e9ho prostredia, region\u00e1lna politika. Programov\u00e9 pr\u00e1ce), Pr\u00e1vo a spravodlivos\u0165 Var\u0161ava, 12. decembra 2004  <em> <\/em><\/li><\/ul>\n\n\n\n<ul class=\"wp-block-list\"><li>Kuchcinski\nMarek, <em>Proti patol\u00f3gi\u00e1m byrokracie,\n\u0161t\u00e1tna slu\u017eba a \u0161t\u00e1tne \u013eudsk\u00e9 zdroje v projektoch v oblasti pr\u00e1va a spravodlivosti (Proti patol\u00f3gi\u00e1m\nbyrokracie, \u0161t\u00e1tnej slu\u017eby a \u0161t\u00e1tnych \u013eudsk\u00fdch zdrojov v oblasti pr\u00e1va a spravodlivosti\nprojekty)<\/em>, \"Rzeczpospolita\", 2006, \u010d. 143<\/li><li>Kuchci\u0144ski\nMarek, Szczerski Krzysztof, <em>Eur\u00f3pa Karp\u00e1t\n(Eur\u00f3pa Karp\u00e1t)<\/em>, \"Rzeczpospolita\", 2011, \u010d. 207<\/li><li>Kuchcinski\nMarek, <em>Pr\u00edle\u017eitostn\u00fd list predsedu parlamentu\nSejmu Po\u013eskej republiky pri pr\u00edle\u017eitosti \u010fakovn\u00fdch sl\u00e1vnost\u00ed v Licheni (pr\u00edle\u017eitostn\u00fd list\npredseda Sejmu pri pr\u00edle\u017eitosti \u010fakovn\u00fdch sl\u00e1vnost\u00ed v Licheni)\n10. septembra 2016<\/em>, \"Ephemerides Marianorum. Historick\u00e9 a teologick\u00e9 \u0161t\u00fadie\"\n(Ephemerides Marianorum. Historick\u00e9 a teologick\u00e9 \u0161t\u00fadie) 2017, ro\u010d. 6<\/li><li>Kuchcinski\nMarek,<em> Ugyanazok\u00e9rt az \u00e9rt\u00e9kek\u00e9rt, a\n\u0161abadsag\u00e9rt harcoltunk<\/em>A szabad K\u00f6z\u00e9p-Europa multja \u00e9s j\u00f6voje (My\nbojovali za rovnak\u00e9 hodnoty, slobodu, [v:] Minulos\u0165 a bud\u00facnos\u0165 slobodnej strednej Eur\u00f3py\nEurope), METEM (Magyar Egyhazt\u00f6rt\u00e9neti Enciklop\u00e9dia Munkak\u00f6z\u00f6ss\u00e9g), Budape\u0161\u0165\n2017<\/li><li>Kuchcinski\nMarek, <em>Po\u013eskos\u0165 je demokracia a sloboda\n(Po\u013eskos\u0165 je demokracia a sloboda)<\/em>, \"Siete\", 2. j\u00fala 2018<\/li><li>Kuchcinski\nMarek, <em>550. v\u00fdro\u010die zalo\u017eenia Parlamentu\n(550. v\u00fdro\u010die vzniku Po\u013eskej parlamentnej republiky)<\/em>,\n\"They Speak of the Ages\", 2018, \u010d. 1<\/li><li>Kuchcinski\nMarek, <em>Odli\u0161ova\u0165 sa, re\u0161pektova\u0165<\/em>, \"Go\u015b\u0107\nNede\u013ea\" <em>(By\u0165 in\u00fd a re\u0161pektova\u0165\nnavz\u00e1jom, nede\u013en\u00fd hos\u0165)<\/em>, 2018<\/li><li>Kuchci\u0144ski\nMarek, prejav z 10. febru\u00e1ra 2019, \"Kronika Sejmowa\" (Sejm\nChronicle), febru\u00e1r 2019, \u010d. 77<\/li><li>Kuchcinski\nMarek, <em>Bez Lublinskej \u00fanie by nebolo\nEur\u00f3pska \u00fania<\/em>, Kronika Sejmu (<em>Bez\nLublinskej \u00fanie, neexistovala by Eur\u00f3pska \u00fania.<\/em>, kronika Sejmu),\nmarec 2019, \u010d. 78<\/li><li>Kuchcinski\nMarek, <em>Hovoria, \u017ee som pr\u00edli\u0161 liber\u00e1lny\n(Hovoria, \u017ee som pr\u00edli\u0161 liber\u00e1lny), <\/em>rozhovor v: \"Siete\", 15.-22. apr\u00edla 2019, \u010d. 15<\/li><li>Kuchcinski\nMarek, <em>zavedenie v:<\/em> <em>Kult\u00farne podkrovie - reprint\n- reprint), <\/em>N\u00e1rodn\u00e9 m\u00fazeum zeme Przemysl, Przemysl 2019<\/li><\/ul>\n\n\n\n<p><strong>Vybran\u00e9\npublik\u00e1cie vydavate\u013estva Sejm v rokoch 2016-2019, vr\u00e1tane\n\u00favody alebo \u010dl\u00e1nky predsedu Sejmu Mareka Kuchci\u0144sk\u00e9ho<\/strong><\/p>\n\n\n\n<ul class=\"wp-block-list\"><li><em>Kres\u0165anstvo v dejin\u00e1ch Po\u013eska a Poliakov\n966-2016<\/em>, Var\u0161ava 2016 (2. vydanie 2018)<\/li><li><em>Kres\u0165anstvo v dejin\u00e1ch Po\u013eska a\nP\u00f3ly 966-2016<\/em>, Var\u0161ava 2016 (2. vydanie 2018)<\/li><li>Waldemar\nParuch, <em>Eur\u00f3pa Karp\u00e1t (Europe of the Carpathians)\nKarpaty)<\/em>, Var\u0161ava 2016<\/li><li>Kondracka\nMariola,<em> Poslankyne a sen\u00e1torky druh\u00e9ho\nPoslanci a sen\u00e1tori druhej Po\u013eskej republiky<\/em>, Var\u0161ava\n2017<\/li><li>Luksa\nCatherine, <em>Gabriela Balick\u00e1 (1867-1962).\nPolitick\u00e1, spolo\u010densk\u00e1, vedeck\u00e1 a vzdel\u00e1vacia \u010dinnos\u0165 (Gabriela Balick\u00e1\n(1867-1962). Politick\u00e9, soci\u00e1lne, vedeck\u00e9 a vzdel\u00e1vacie aktivity)<\/em>,\nVar\u0161ava 2017<\/li><li><em>Karpatsk\u00e1 Eur\u00f3pa. T\u00e9ma spolupr\u00e1ce<\/em>, Var\u0161ava 2017<\/li><li><em>Eur\u00f3pa Karp\u00e1t. Spolupr\u00e1ca<\/em>, Var\u0161ava 2017<\/li><li><em>Po\u013esk\u00e9 predsedn\u00edctvo Vy\u0161ehradskej skupiny (1\nJ\u00fal 2016. - 30. j\u00fana 2017),<\/em> Var\u0161ava 2017<\/li><li><em>Po\u013esk\u00e9 predsedn\u00edctvo Vy\u0161ehradskej skupiny (j\u00fal\n2016 - j\u00fan 2017)<\/em>, Var\u0161ava 2017<\/li><li><em>A visegr\u00e1di egy\u00fcttm\u0171k\u00f6d\u00e9s lengyel eln\u00f6ks\u00e9ge\n(2016 j\u00falius - 2017 j\u00fanius)<\/em>, Var\u0161ava 2017<\/li><li><em>Po\u013esk\u00e9 predsedn\u00edctvo visegr\u00e1dskej skupiny\n(\u010dervenec 2016 - \u010derven 2017)<\/em>, Var\u0161ava 2017<\/li><li><em>Po\u013esk\u00e9 predsedn\u00edctvo vo vy\u0161ehradskej skupine\n(j\u00fal 2016 - j\u00fan 2017)<\/em>, Var\u0161ava 2017<\/li><li><em>N\u00e1v\u0161teva predsedu Seimasu v Litve\nMarek Kuchci\u0144ski z Po\u013eskej republiky pri pr\u00edle\u017eitosti 630. v\u00fdro\u010dia krstu\nLitva: 26. septembra 2017 (n\u00e1v\u0161teva predsedu Sejmu Litvy v Litve)\nPo\u013eskej republiky Marek Kuchci\u0144ski pri pr\u00edle\u017eitosti 630. v\u00fdro\u010dia\nchristianiz\u00e1cia Litvy: 26. septembra 2017)<\/em>, Var\u0161ava 2017<\/li><li><em>\u00dastava solidarity\n\u00dastava)<\/em>, Var\u0161ava 2018<\/li><li><em>Kronika Sejmu<\/em>, Var\u0161ava\n2015-2019<\/li><li><em>Mesto stato\u010dnosti. Przemy\u015bl v roku 100. v\u00fdro\u010dia\nZnovuz\u00edskanie nez\u00e1vislosti (Brave City. Przemy\u015bl pri pr\u00edle\u017eitosti 100. v\u00fdro\u010dia znovuz\u00edskania nez\u00e1vislosti)\nop\u00e4tovn\u00e9 z\u00edskanie nez\u00e1vislosti)<\/em>, Var\u0161ava - Przemysl 2018<\/li><li><em>Karpatsk\u00e1 Eur\u00f3pa. Dedi\u010dstvo a bud\u00facnos\u0165<\/em>, Var\u0161ava 2018<\/li><li><em>Eur\u00f3pa Karp\u00e1t. Dedi\u010dstvo a bud\u00facnos\u0165<\/em>, Var\u0161ava 2018<\/li><li>Draus Jan,\nSzymanowski Maciej, <em>\u017div\u00e9 pochodne<\/em>,\nVar\u0161ava 2018<\/li><li>Draus Jan,\nSzymanowski Maciej, <em>\u017div\u00e9 pochodne<\/em>,\nVar\u0161ava 2018<\/li><li>Kupisz Dariusz,\n<em>Z Piotrkowa do Var\u0161avy. 550-lecie\npo\u013esk\u00e9ho dvojkomorov\u00e9ho parlamentu (Od Piotrkowa po Var\u0161avu. 550 rokov po\u013esk\u00e9ho\ndvojkomorov\u00fd parlament)<\/em>, Var\u0161ava 2018<\/li><li>Wierzbicka\nBo\u017cena, <em>Budovy a interi\u00e9ry Sejmu v Po\u013esku\n(Budovy a interi\u00e9ry Sejmu v Po\u013esku)<\/em>, Var\u0161ava 2018<\/li><li><em>Eur\u00f3pa Karp\u00e1t.\nKarpaty. Spolupr\u00e1ca), <\/em>2. ro\u010dn\u00edk, Var\u0161ava 2019<\/li><li>Godek S\u0142awomir,\n<em>O znovuzroden\u00ed republiky. Str\u00e1nka\nZnovuzrodenie Spolo\u010denstva n\u00e1rodov<\/em>, Var\u0161ava 2018<\/li><li>Kornat Marek,\nUruszczak W., <em>550 rokov parlamentarizmu\nPo\u013esk\u00e1 republika<\/em>, Var\u0161ava 2019<\/li><li>Kornat Marek,\nUruszczak W., <em>550 rokov po\u013esk\u00e9ho jazyka\nParlamentarizmus<\/em>, Var\u0161ava 2019<\/li><li><em>Mar\u0161alovia Sejmu Druhej po\u013eskej republiky\n(Mar\u0161alovia Sejmu Druhej po\u013eskej republiky)<\/em>, Var\u0161ava 2019<\/li><li>Tusi\u0144ski Piotr\nA., <em>Z\u00e1konodarn\u00fd snem Slovenskej republiky\n1919-1922 (Z\u00e1konodarn\u00fd snem Po\u013eskej republiky 1919-1922)<\/em>,\nVar\u0161ava 2019<\/li><li><em>Konferencia Eur\u00f3pa Karp\u00e1t, Krasiczyn\nHrad 16.-17. febru\u00e1ra 2019<\/em>, Var\u0161ava 2019<\/li><li><em>IV. samit predsedov parlamentov\n\u0160t\u00e1ty strednej a v\u00fdchodnej Eur\u00f3py. #EUROWAW 2019<\/em>, Var\u0161ava 2019<\/li><li><em>Nezlomn\u00fd. Na pamiatku arcibiskupa Ign\u00e1ca\nTokarczuk pri pr\u00edle\u017eitosti st\u00e9ho v\u00fdro\u010dia jeho narodenia (Indomitable. Na pamiatku arcibiskupa\nIgnacy Tokarczuk pri pr\u00edle\u017eitosti 100. v\u00fdro\u010dia jeho narodenia)<\/em>, ed. Jan\nMusia\u0142, Var\u0161ava 2019<\/li><li><em>Pred p\u00e1dom Berl\u00ednskeho m\u00faru. Ma\u010farsko,\n\u010ceskoslovensko a Po\u013esko vo\u010di ute\u010dencom z NDR v roku 1989<\/em>, ed. Jan\nDraus, Maciej Szymanowski, Var\u0161ava 2019<\/li><\/ul>\n\n\n\n<p><strong>O spolo\u010dnosti Marek\nRodina Kuchcinsk\u00fdch<\/strong><\/p>\n\n\n\n<ul class=\"wp-block-list\"><li>Janicki Jerzy, <em>Spolo\u010dnos\u0165 veter\u00e1nov. \u013dvovsk\u00e1 abeceda 2 (Spolok veter\u00e1nov. \u013dvovsk\u00e1 abeceda 2)<\/em>, BGW, Var\u0161ava 1994<\/li><li>Judycka Agata, Judycki Zbigniew, <em>Poliaci vo Franc\u00fazsku. Hist\u00f3ria a s\u00fa\u010dasnos\u0165. Materia\u0142y z VIII Mi\u0119dzynarodnego Sympozjum Biografistyki Polonijnej (Poliaci vo Franc\u00fazsku. Hist\u00f3ria a s\u00fa\u010dasnos\u0165. Materi\u00e1ly z VIII. medzin\u00e1rodn\u00e9ho symp\u00f3zia o biografii po\u013eskej diasp\u00f3ry)<\/em>, Stella-Plage, Vaudricourt, CAN, Vaudricourt-War\u0161ava-Kielce 2004<\/li><li>Judycki Zbigniew Andrzej, <em>Polscy duchowni w \u015bwiecie. S\u0142ownik biograficzny (Po\u013esk\u00ed duchovn\u00ed vo svete. Biografick\u00fd slovn\u00edk),<\/em> v. I, Jozef Siwek Redak\u010dn\u00fd \u017eivotopisn\u00fd sprievodca, Kielce 2008<\/li><li><em>Zlat\u00e9 jubileum k\u0148azstva o. Mieczys\u0142awa Kuchci\u0144sk\u00e9ho OMI<\/em>, Stella-Plage, Vaudricourt 2006<\/li><li>Judycka Agata, Judycki Zbigniew, <em>Po\u013esk\u00ed obl\u00e1ti vo Franc\u00fazsku, Belgicku a Luxembursku. 60 rokov po\u013eskej viceprovincie Misijn\u00fdch obl\u00e1tok Nepo\u0161kvrnenej Panny M\u00e1rie vo Franc\u00fazsku, Belgicku a Luxembursku. 60 rokov viceprovincie po\u013eskej Kongreg\u00e1cie mision\u00e1rok Obl\u00e1tok Nepo\u0161kvrnenej Panny M\u00e1rie vo Franc\u00fazsku, Belgicku a Luxembursku)<\/em>, Vydavate\u013estvo \"S-CAN\", Vaudricourt-Var\u0161ava-Tarnov 2006<\/li><li>Milewski Marian Micha\u0142, Black. <em>Spomienky na Var\u0161avsk\u00e9 povstanie<\/em>, [strojopis].<\/li><li> Pielorz J\u00f3zef OMI, <em>Po\u013esk\u00ed obl\u00e1ti v z\u00e1padnej Eur\u00f3pe 1905-2010. Hist\u00f3ria pastora\u010dnej \u010dinnosti obl\u00e1tov Nepo\u0161kvrnenej Panny M\u00e1rie v Nemecku, Franc\u00fazsku, Belgicku, Holandsku, Luxembursku a Spojenom kr\u00e1\u013eovstve<\/em>, Univerzita Adama Mickiewicza, Teologick\u00e1 fakulta, Pozna\u0148 2012  <\/li><\/ul>\n\n\n\n<p> <\/p>","protected":false},"excerpt":{"rendered":"<p>Marek Kuchci\u0144ski sa narodil 9. augusta v meste Przemy\u015bl. V rokoch 1974-1978 \u0161tudoval dejiny umenia na Katol\u00edckej univerzite v Lubline. V roku 1978 absolvoval postgradu\u00e1lne \u0161t\u00fadium na Vysokej \u0161kole z\u00e1hradn\u00edctva. V 80. rokoch 20. storo\u010dia organizoval nez\u00e1visl\u00e9 kult\u00farne spolo\u010denstvo v Przemy\u015bli, mimo cenz\u00fary vyd\u00e1val a spoluredigoval \u0161tvr\u0165ro\u010dn\u00edk \"Strych Kulturalny\". [...]<\/p>","protected":false},"author":6,"featured_media":0,"comment_status":"open","ping_status":"open","sticky":false,"template":"","format":"standard","meta":{"ngg_post_thumbnail":0,"footnotes":""},"categories":[162],"tags":[],"class_list":["post-18856","post","type-post","status-publish","format-standard","hentry","category-english"],"yoast_head":"<!-- This site is optimized with the Yoast SEO plugin v24.7 - https:\/\/yoast.com\/wordpress\/plugins\/seo\/ -->\n<title>Biography &#8211; Marek Kuchci\u0144ski<\/title>\n<meta name=\"robots\" content=\"index, follow, max-snippet:-1, max-image-preview:large, max-video-preview:-1\" \/>\n<link rel=\"canonical\" href=\"https:\/\/marekkuchcinski.pl\/sk\/english\/biography\/\" \/>\n<meta property=\"og:locale\" content=\"sk_SK\" \/>\n<meta property=\"og:type\" content=\"article\" \/>\n<meta property=\"og:title\" content=\"Biography &#8211; Marek Kuchci\u0144ski\" \/>\n<meta property=\"og:description\" content=\"Marek Kuchci\u0144ski was born on the 9th of August in Przemy\u015bl. In 1974-1978 he studied art history at the Catholic University of Lublin. In 1978 he graduated from the Postgraduate College of Horticulture. In the 1980s, he organized an independent culture community in Przemy\u015bl, published and co-edited the quarterly &#8222;Strych Kulturalny&#8221; outside of the censorship. [&hellip;]\" \/>\n<meta property=\"og:url\" content=\"https:\/\/marekkuchcinski.pl\/sk\/english\/biography\/\" \/>\n<meta property=\"og:site_name\" content=\"Marek Kuchci\u0144ski\" \/>\n<meta property=\"article:published_time\" content=\"2020-03-21T09:46:39+00:00\" \/>\n<meta property=\"article:modified_time\" content=\"2020-03-22T11:07:49+00:00\" \/>\n<meta property=\"og:image\" content=\"https:\/\/marekkuchcinski.pl\/wp-content\/uploads\/2022\/09\/Marek.jpg\" \/>\n\t<meta property=\"og:image:width\" content=\"1600\" \/>\n\t<meta property=\"og:image:height\" content=\"971\" \/>\n\t<meta property=\"og:image:type\" content=\"image\/jpeg\" \/>\n<meta name=\"author\" content=\"admin\" \/>\n<meta name=\"twitter:card\" content=\"summary_large_image\" \/>\n<meta name=\"twitter:label1\" content=\"Autor\" \/>\n\t<meta name=\"twitter:data1\" content=\"admin\" \/>\n\t<meta name=\"twitter:label2\" content=\"Predpokladan\u00fd \u010das \u010d\u00edtania\" \/>\n\t<meta name=\"twitter:data2\" content=\"15 min\u00fat\" \/>\n<script type=\"application\/ld+json\" class=\"yoast-schema-graph\">{\"@context\":\"https:\/\/schema.org\",\"@graph\":[{\"@type\":\"Article\",\"@id\":\"https:\/\/marekkuchcinski.pl\/english\/biography\/#article\",\"isPartOf\":{\"@id\":\"https:\/\/marekkuchcinski.pl\/english\/biography\/\"},\"author\":{\"name\":\"admin\",\"@id\":\"https:\/\/marekkuchcinski.pl\/#\/schema\/person\/6f62700996b4d950b6ea2d1183b6c6be\"},\"headline\":\"Biography\",\"datePublished\":\"2020-03-21T09:46:39+00:00\",\"dateModified\":\"2020-03-22T11:07:49+00:00\",\"mainEntityOfPage\":{\"@id\":\"https:\/\/marekkuchcinski.pl\/english\/biography\/\"},\"wordCount\":2944,\"commentCount\":0,\"publisher\":{\"@id\":\"https:\/\/marekkuchcinski.pl\/#organization\"},\"articleSection\":[\"English\"],\"inLanguage\":\"sk-SK\",\"potentialAction\":[{\"@type\":\"CommentAction\",\"name\":\"Comment\",\"target\":[\"https:\/\/marekkuchcinski.pl\/english\/biography\/#respond\"]}]},{\"@type\":\"WebPage\",\"@id\":\"https:\/\/marekkuchcinski.pl\/english\/biography\/\",\"url\":\"https:\/\/marekkuchcinski.pl\/english\/biography\/\",\"name\":\"Biography &#8211; Marek Kuchci\u0144ski\",\"isPartOf\":{\"@id\":\"https:\/\/marekkuchcinski.pl\/#website\"},\"datePublished\":\"2020-03-21T09:46:39+00:00\",\"dateModified\":\"2020-03-22T11:07:49+00:00\",\"breadcrumb\":{\"@id\":\"https:\/\/marekkuchcinski.pl\/english\/biography\/#breadcrumb\"},\"inLanguage\":\"sk-SK\",\"potentialAction\":[{\"@type\":\"ReadAction\",\"target\":[\"https:\/\/marekkuchcinski.pl\/english\/biography\/\"]}]},{\"@type\":\"BreadcrumbList\",\"@id\":\"https:\/\/marekkuchcinski.pl\/english\/biography\/#breadcrumb\",\"itemListElement\":[{\"@type\":\"ListItem\",\"position\":1,\"name\":\"Strona g\u0142\u00f3wna\",\"item\":\"https:\/\/marekkuchcinski.pl\/\"},{\"@type\":\"ListItem\",\"position\":2,\"name\":\"Biography\"}]},{\"@type\":\"WebSite\",\"@id\":\"https:\/\/marekkuchcinski.pl\/#website\",\"url\":\"https:\/\/marekkuchcinski.pl\/\",\"name\":\"Marek Kuchci\u0144ski\",\"description\":\"Pose\u0142 na sejm RP &ndash; okr\u0119g nr 22\",\"publisher\":{\"@id\":\"https:\/\/marekkuchcinski.pl\/#organization\"},\"potentialAction\":[{\"@type\":\"SearchAction\",\"target\":{\"@type\":\"EntryPoint\",\"urlTemplate\":\"https:\/\/marekkuchcinski.pl\/?s={search_term_string}\"},\"query-input\":{\"@type\":\"PropertyValueSpecification\",\"valueRequired\":true,\"valueName\":\"search_term_string\"}}],\"inLanguage\":\"sk-SK\"},{\"@type\":\"Organization\",\"@id\":\"https:\/\/marekkuchcinski.pl\/#organization\",\"name\":\"Marek Kuchci\u0144ski\",\"url\":\"https:\/\/marekkuchcinski.pl\/\",\"logo\":{\"@type\":\"ImageObject\",\"inLanguage\":\"sk-SK\",\"@id\":\"https:\/\/marekkuchcinski.pl\/#\/schema\/logo\/image\/\",\"url\":\"https:\/\/marekkuchcinski.pl\/wp-content\/uploads\/2022\/09\/Marek.jpg\",\"contentUrl\":\"https:\/\/marekkuchcinski.pl\/wp-content\/uploads\/2022\/09\/Marek.jpg\",\"width\":1600,\"height\":971,\"caption\":\"Marek Kuchci\u0144ski\"},\"image\":{\"@id\":\"https:\/\/marekkuchcinski.pl\/#\/schema\/logo\/image\/\"}},{\"@type\":\"Person\",\"@id\":\"https:\/\/marekkuchcinski.pl\/#\/schema\/person\/6f62700996b4d950b6ea2d1183b6c6be\",\"name\":\"admin\",\"image\":{\"@type\":\"ImageObject\",\"inLanguage\":\"sk-SK\",\"@id\":\"https:\/\/marekkuchcinski.pl\/#\/schema\/person\/image\/\",\"url\":\"https:\/\/secure.gravatar.com\/avatar\/4bab693b9d55c3d6b52c0296a8765085?s=96&d=mm&r=g\",\"contentUrl\":\"https:\/\/secure.gravatar.com\/avatar\/4bab693b9d55c3d6b52c0296a8765085?s=96&d=mm&r=g\",\"caption\":\"admin\"},\"url\":\"https:\/\/marekkuchcinski.pl\/sk\/author\/marta-olejnik\/\"}]}<\/script>\n<!-- \/ Yoast SEO plugin. -->","yoast_head_json":{"title":"Biography &#8211; Marek Kuchci\u0144ski","robots":{"index":"index","follow":"follow","max-snippet":"max-snippet:-1","max-image-preview":"max-image-preview:large","max-video-preview":"max-video-preview:-1"},"canonical":"https:\/\/marekkuchcinski.pl\/sk\/english\/biography\/","og_locale":"sk_SK","og_type":"article","og_title":"Biography &#8211; Marek Kuchci\u0144ski","og_description":"Marek Kuchci\u0144ski was born on the 9th of August in Przemy\u015bl. In 1974-1978 he studied art history at the Catholic University of Lublin. In 1978 he graduated from the Postgraduate College of Horticulture. In the 1980s, he organized an independent culture community in Przemy\u015bl, published and co-edited the quarterly &#8222;Strych Kulturalny&#8221; outside of the censorship. [&hellip;]","og_url":"https:\/\/marekkuchcinski.pl\/sk\/english\/biography\/","og_site_name":"Marek Kuchci\u0144ski","article_published_time":"2020-03-21T09:46:39+00:00","article_modified_time":"2020-03-22T11:07:49+00:00","og_image":[{"width":1600,"height":971,"url":"https:\/\/marekkuchcinski.pl\/wp-content\/uploads\/2022\/09\/Marek.jpg","type":"image\/jpeg"}],"author":"admin","twitter_card":"summary_large_image","twitter_misc":{"Autor":"admin","Predpokladan\u00fd \u010das \u010d\u00edtania":"15 min\u00fat"},"schema":{"@context":"https:\/\/schema.org","@graph":[{"@type":"Article","@id":"https:\/\/marekkuchcinski.pl\/english\/biography\/#article","isPartOf":{"@id":"https:\/\/marekkuchcinski.pl\/english\/biography\/"},"author":{"name":"admin","@id":"https:\/\/marekkuchcinski.pl\/#\/schema\/person\/6f62700996b4d950b6ea2d1183b6c6be"},"headline":"Biography","datePublished":"2020-03-21T09:46:39+00:00","dateModified":"2020-03-22T11:07:49+00:00","mainEntityOfPage":{"@id":"https:\/\/marekkuchcinski.pl\/english\/biography\/"},"wordCount":2944,"commentCount":0,"publisher":{"@id":"https:\/\/marekkuchcinski.pl\/#organization"},"articleSection":["English"],"inLanguage":"sk-SK","potentialAction":[{"@type":"CommentAction","name":"Comment","target":["https:\/\/marekkuchcinski.pl\/english\/biography\/#respond"]}]},{"@type":"WebPage","@id":"https:\/\/marekkuchcinski.pl\/english\/biography\/","url":"https:\/\/marekkuchcinski.pl\/english\/biography\/","name":"Biography &#8211; Marek Kuchci\u0144ski","isPartOf":{"@id":"https:\/\/marekkuchcinski.pl\/#website"},"datePublished":"2020-03-21T09:46:39+00:00","dateModified":"2020-03-22T11:07:49+00:00","breadcrumb":{"@id":"https:\/\/marekkuchcinski.pl\/english\/biography\/#breadcrumb"},"inLanguage":"sk-SK","potentialAction":[{"@type":"ReadAction","target":["https:\/\/marekkuchcinski.pl\/english\/biography\/"]}]},{"@type":"BreadcrumbList","@id":"https:\/\/marekkuchcinski.pl\/english\/biography\/#breadcrumb","itemListElement":[{"@type":"ListItem","position":1,"name":"Strona g\u0142\u00f3wna","item":"https:\/\/marekkuchcinski.pl\/"},{"@type":"ListItem","position":2,"name":"Biography"}]},{"@type":"WebSite","@id":"https:\/\/marekkuchcinski.pl\/#website","url":"https:\/\/marekkuchcinski.pl\/","name":"Marek Kuchci\u0144ski","description":"Pose\u0142 na sejm RP &ndash; okr\u0119g nr 22","publisher":{"@id":"https:\/\/marekkuchcinski.pl\/#organization"},"potentialAction":[{"@type":"SearchAction","target":{"@type":"EntryPoint","urlTemplate":"https:\/\/marekkuchcinski.pl\/?s={search_term_string}"},"query-input":{"@type":"PropertyValueSpecification","valueRequired":true,"valueName":"search_term_string"}}],"inLanguage":"sk-SK"},{"@type":"Organization","@id":"https:\/\/marekkuchcinski.pl\/#organization","name":"Marek Kuchci\u0144ski","url":"https:\/\/marekkuchcinski.pl\/","logo":{"@type":"ImageObject","inLanguage":"sk-SK","@id":"https:\/\/marekkuchcinski.pl\/#\/schema\/logo\/image\/","url":"https:\/\/marekkuchcinski.pl\/wp-content\/uploads\/2022\/09\/Marek.jpg","contentUrl":"https:\/\/marekkuchcinski.pl\/wp-content\/uploads\/2022\/09\/Marek.jpg","width":1600,"height":971,"caption":"Marek Kuchci\u0144ski"},"image":{"@id":"https:\/\/marekkuchcinski.pl\/#\/schema\/logo\/image\/"}},{"@type":"Person","@id":"https:\/\/marekkuchcinski.pl\/#\/schema\/person\/6f62700996b4d950b6ea2d1183b6c6be","name":"admin","image":{"@type":"ImageObject","inLanguage":"sk-SK","@id":"https:\/\/marekkuchcinski.pl\/#\/schema\/person\/image\/","url":"https:\/\/secure.gravatar.com\/avatar\/4bab693b9d55c3d6b52c0296a8765085?s=96&d=mm&r=g","contentUrl":"https:\/\/secure.gravatar.com\/avatar\/4bab693b9d55c3d6b52c0296a8765085?s=96&d=mm&r=g","caption":"admin"},"url":"https:\/\/marekkuchcinski.pl\/sk\/author\/marta-olejnik\/"}]}},"_links":{"self":[{"href":"https:\/\/marekkuchcinski.pl\/sk\/wp-json\/wp\/v2\/posts\/18856","targetHints":{"allow":["GET"]}}],"collection":[{"href":"https:\/\/marekkuchcinski.pl\/sk\/wp-json\/wp\/v2\/posts"}],"about":[{"href":"https:\/\/marekkuchcinski.pl\/sk\/wp-json\/wp\/v2\/types\/post"}],"author":[{"embeddable":true,"href":"https:\/\/marekkuchcinski.pl\/sk\/wp-json\/wp\/v2\/users\/6"}],"replies":[{"embeddable":true,"href":"https:\/\/marekkuchcinski.pl\/sk\/wp-json\/wp\/v2\/comments?post=18856"}],"version-history":[{"count":6,"href":"https:\/\/marekkuchcinski.pl\/sk\/wp-json\/wp\/v2\/posts\/18856\/revisions"}],"predecessor-version":[{"id":18895,"href":"https:\/\/marekkuchcinski.pl\/sk\/wp-json\/wp\/v2\/posts\/18856\/revisions\/18895"}],"wp:attachment":[{"href":"https:\/\/marekkuchcinski.pl\/sk\/wp-json\/wp\/v2\/media?parent=18856"}],"wp:term":[{"taxonomy":"category","embeddable":true,"href":"https:\/\/marekkuchcinski.pl\/sk\/wp-json\/wp\/v2\/categories?post=18856"},{"taxonomy":"post_tag","embeddable":true,"href":"https:\/\/marekkuchcinski.pl\/sk\/wp-json\/wp\/v2\/tags?post=18856"}],"curies":[{"name":"wp","href":"https:\/\/api.w.org\/{rel}","templated":true}]}}