{"id":18607,"date":"2020-02-29T12:02:44","date_gmt":"2020-02-29T11:02:44","guid":{"rendered":"https:\/\/marekkuchcinski.pl\/?p=18607"},"modified":"2020-02-29T12:08:15","modified_gmt":"2020-02-29T11:08:15","slug":"europa-karpat-wspolpraca-parlamentarna-w-europie-srodkowej-i-wschodniej","status":"publish","type":"post","link":"https:\/\/marekkuchcinski.pl\/sk\/wydarzenia\/europa-karpat-wspolpraca-parlamentarna-w-europie-srodkowej-i-wschodniej\/","title":{"rendered":"Karpatsk\u00e1 Eur\u00f3pa: parlamentn\u00e1 spolupr\u00e1ca v strednej a v\u00fdchodnej Eur\u00f3pe"},"content":{"rendered":"<p>Tret\u00ed panel medzin\u00e1rodnej konferencie Europa Karpat v Krasiczyne bol venovan\u00fd <strong>Parlamentn\u00e1 spolupr\u00e1ca v strednej a v\u00fdchodnej Eur\u00f3pe<\/strong>. Okrem in\u00e9ho diskutovali o tom, ako sa men\u00ed smerovanie zahrani\u010dnej politiky, napr\u00edklad v s\u00favislosti s brexitom, a o spolupr\u00e1ci parlamentov zast\u00fapen\u00fdch r\u00f4znymi, \u010dasto protichodn\u00fdmi politick\u00fdmi silami.<\/p>\n\n\n\n<p>Pod\u013ea \u00fa\u010dastn\u00edkov diskusie by parlamentn\u00e9 in\u0161tit\u00facie zameran\u00e9 na zjednotenie regi\u00f3nu, ako napr\u00edklad Parlamentn\u00e9 zhroma\u017edenie, nemali by\u0165 vytvoren\u00e9 ako alternat\u00edva k Rade Eur\u00f3py, ale ako n\u00e1stroj na roz\u0161\u00edrenie na\u0161ej spolupr\u00e1ce, najm\u00e4 preto, \u017ee krajiny, ktor\u00e9 s\u00fa \u010dlenmi NATO, ako napr\u00edklad Alb\u00e1nsko alebo \u010cierna Hora, maj\u00fa st\u00e1le uzavret\u00fa cestu do E\u00da.<\/p>\n\n\n\n<p>Podpredseda Sejmu moderuje panel <strong>Ryszard Terlecki <\/strong>Zd\u00f4raznil, \u017ee krajiny regi\u00f3nu - \u010di u\u017e ide o \u010dlenov \u00danie, a\u0161pirantov na \u010dlenstvo alebo t\u00fdch, ktor\u00ed s\u00fa vo\u010di nej kritick\u00ed - maj\u00fa spolo\u010dn\u00fa sk\u00fasenos\u0165 so sovietskou nadvl\u00e1dou, \u010do n\u00e1m u\u013eah\u010duje vz\u00e1jomn\u00e9 porozumenie a spolupr\u00e1cu.<\/p>\n\n\n\n<p><strong>Emanuelis Zingeris<\/strong>Zingeris, autor litovskej rezol\u00facie k v\u00fdro\u010diu \u00dastavy 3. m\u00e1ja, zd\u00f4raznil, \u017ee vz\u0165ahy medzi Po\u013eskom a Litvou s\u00fa v\u010faka parlamentnej diplomacii dobr\u00e9 ako nikdy predt\u00fdm. - Na\u0161e vz\u0165ahy s\u00fa na bratskej \u00farovni, spolo\u010dn\u00e9 oslavy 450. v\u00fdro\u010dia Lublinskej \u00fanie boli ve\u013ekou udalos\u0165ou a odkaz republiky je ve\u013ek\u00fdm pozit\u00edvom pre s\u00fa\u010dasnos\u0165,\" povedal Zingeris. Poslanec Sejmu venoval pozornos\u0165 aj pr\u00e1ci, ktor\u00fa pre zlep\u0161enie po\u013esko-litovsk\u00fdch vz\u0165ahov vykonal mar\u0161al <strong>Marek Kuchci\u0144ski<\/strong>ktor\u00fd sa anga\u017eoval nielen ako politik a diplomat, ale aj duchovne.<\/p>\n\n\n\n<p><strong>Olena Kondratiuk<\/strong>, podpredseda Najvy\u0161\u0161ej rady Ukrajiny, nastolil ot\u00e1zku poru\u0161ovania medzin\u00e1rodn\u00fdch doh\u00f4d a vojny v Donbase, ktor\u00e1 trv\u00e1 u\u017e \u0161es\u0165 rokov. Pod\u013ea nej je v tejto s\u00favislosti potrebn\u00e9 hovori\u0165 o kolekt\u00edvnej bezpe\u010dnosti a siln\u00fdch susedsk\u00fdch projektoch, ako je napr\u00edklad Trojmestie.<\/p>\n\n\n\n<p><strong>Rich\u00e1rd H\u00f6rcsik<\/strong>Predseda V\u00fdboru pre z\u00e1le\u017eitosti E\u00da ma\u010farsk\u00e9ho N\u00e1rodn\u00e9ho zhroma\u017edenia poznamenal, \u017ee n\u00e1s rozde\u013euj\u00fa viacer\u00e9 ot\u00e1zky, ako napr\u00edklad n\u00e1\u0161 postoj k Rusku, ale mus\u00edme budova\u0165 siln\u00e9 vz\u0165ahy v regi\u00f3ne, u\u017e len kv\u00f4li na\u0161im spolo\u010dn\u00fdm kore\u0148om a sk\u00fasenostiam. Je potrebn\u00e9 definova\u0165, kto sme a \u010do m\u00f4\u017eeme urobi\u0165 pre na\u0161e krajiny nielen jednotlivo, ale aj spolo\u010dne, vr\u00e1tane parlamentnej spolupr\u00e1ce. Pod\u013ea H\u00f6rcsika to okrem in\u00e9ho prinesie bezpe\u010dnos\u0165, posilnenie hran\u00edc, v\u00e4\u010d\u0161\u00ed rozpo\u010det a rozvoj karpatsk\u00e9ho regi\u00f3nu.&nbsp;&nbsp;<\/p>\n\n\n\n<p><strong>Zbigniew Rau<\/strong>Predseda zahrani\u010dn\u00e9ho v\u00fdboru po\u013esk\u00e9ho Sejmu pouk\u00e1zal na to, \u017ee politick\u00e9 rozpory v pluralitnej \u010dasti Eur\u00f3py bud\u00fa v\u017edy existova\u0165, ale je potrebn\u00e9 pracova\u0165 na tom, aby neboli tak\u00e9 ostr\u00e9. V\u00fdborn\u00fdm referen\u010dn\u00fdm bodom je Vy\u0161ehradsk\u00e1 skupina, kde s\u00fa \u0161tyri vl\u00e1dy a \u0161tyri parlamentn\u00e9 v\u00e4\u010d\u0161iny patriace \u0161tyrom politick\u00fdm rodin\u00e1m, a ka\u017ed\u00fd rok si uvedomujeme, \u017ee spolo\u010dn\u00fdch z\u00e1ujmov je viac. Pod\u013ea predsedu je in\u0161titucionaliz\u00e1cia parlamentnej diplomacie, ako napr\u00edklad Karpatsk\u00e1 Eur\u00f3pa alebo roz\u0161\u00edren\u00e1 Trojdohoda, lep\u0161ou ochranou pred vojenskou hrozbou z v\u00fdchodu, pris\u0165ahovalectvom z juhu a s\u00e9riou v\u00fdziev na z\u00e1pade E\u00da, ktor\u00e9 sa ozna\u010duj\u00fa za hru o moc - od schva\u013eovania rozpo\u010dtu a\u017e po bal\u00edk mobility.<br><\/p>\n\n\n\n<figure class=\"wp-block-image\"><img fetchpriority=\"high\" decoding=\"async\" width=\"1024\" height=\"651\" src=\"https:\/\/marekkuchcinski.pl\/wp-content\/uploads\/2020\/02\/RT-1-1024x651.jpg\" alt=\"\" class=\"wp-image-18608\" srcset=\"https:\/\/marekkuchcinski.pl\/wp-content\/uploads\/2020\/02\/RT-1-1024x651.jpg 1024w, https:\/\/marekkuchcinski.pl\/wp-content\/uploads\/2020\/02\/RT-1-300x191.jpg 300w, https:\/\/marekkuchcinski.pl\/wp-content\/uploads\/2020\/02\/RT-1-768x488.jpg 768w, https:\/\/marekkuchcinski.pl\/wp-content\/uploads\/2020\/02\/RT-1.jpg 2048w\" sizes=\"(max-width: 1024px) 100vw, 1024px\" \/><\/figure>\n\n\n\n<figure class=\"wp-block-image\"><img decoding=\"async\" width=\"1024\" height=\"701\" src=\"https:\/\/marekkuchcinski.pl\/wp-content\/uploads\/2020\/02\/259A3567_edited-1-1024x701.jpg\" alt=\"\" class=\"wp-image-18610\" srcset=\"https:\/\/marekkuchcinski.pl\/wp-content\/uploads\/2020\/02\/259A3567_edited-1-1024x701.jpg 1024w, https:\/\/marekkuchcinski.pl\/wp-content\/uploads\/2020\/02\/259A3567_edited-1-300x205.jpg 300w, https:\/\/marekkuchcinski.pl\/wp-content\/uploads\/2020\/02\/259A3567_edited-1-768x526.jpg 768w, https:\/\/marekkuchcinski.pl\/wp-content\/uploads\/2020\/02\/259A3567_edited-1.jpg 2048w\" sizes=\"(max-width: 1024px) 100vw, 1024px\" \/><\/figure>\n\n\n\n<figure class=\"wp-block-image\"><img decoding=\"async\" width=\"1024\" height=\"667\" src=\"https:\/\/marekkuchcinski.pl\/wp-content\/uploads\/2020\/02\/p3-1-1024x667.jpg\" alt=\"\" class=\"wp-image-18611\" srcset=\"https:\/\/marekkuchcinski.pl\/wp-content\/uploads\/2020\/02\/p3-1-1024x667.jpg 1024w, https:\/\/marekkuchcinski.pl\/wp-content\/uploads\/2020\/02\/p3-1-300x195.jpg 300w, https:\/\/marekkuchcinski.pl\/wp-content\/uploads\/2020\/02\/p3-1-768x500.jpg 768w, https:\/\/marekkuchcinski.pl\/wp-content\/uploads\/2020\/02\/p3-1.jpg 2048w\" sizes=\"(max-width: 1024px) 100vw, 1024px\" \/><\/figure>\n\n\n\n<figure class=\"wp-block-image\"><img loading=\"lazy\" decoding=\"async\" width=\"1024\" height=\"682\" src=\"https:\/\/marekkuchcinski.pl\/wp-content\/uploads\/2020\/02\/Rch-i-Ch-1-1024x682.jpg\" alt=\"\" class=\"wp-image-18612\" srcset=\"https:\/\/marekkuchcinski.pl\/wp-content\/uploads\/2020\/02\/Rch-i-Ch-1-1024x682.jpg 1024w, https:\/\/marekkuchcinski.pl\/wp-content\/uploads\/2020\/02\/Rch-i-Ch-1-300x200.jpg 300w, https:\/\/marekkuchcinski.pl\/wp-content\/uploads\/2020\/02\/Rch-i-Ch-1-768x512.jpg 768w, https:\/\/marekkuchcinski.pl\/wp-content\/uploads\/2020\/02\/Rch-i-Ch-1.jpg 2048w\" sizes=\"(max-width: 1024px) 100vw, 1024px\" \/><\/figure>\n\n\n\n<figure class=\"wp-block-image\"><img loading=\"lazy\" decoding=\"async\" width=\"1024\" height=\"677\" src=\"https:\/\/marekkuchcinski.pl\/wp-content\/uploads\/2020\/02\/Horcsik-1-1024x677.jpg\" alt=\"\" class=\"wp-image-18613\" srcset=\"https:\/\/marekkuchcinski.pl\/wp-content\/uploads\/2020\/02\/Horcsik-1-1024x677.jpg 1024w, https:\/\/marekkuchcinski.pl\/wp-content\/uploads\/2020\/02\/Horcsik-1-300x198.jpg 300w, https:\/\/marekkuchcinski.pl\/wp-content\/uploads\/2020\/02\/Horcsik-1-768x508.jpg 768w, https:\/\/marekkuchcinski.pl\/wp-content\/uploads\/2020\/02\/Horcsik-1.jpg 2048w\" sizes=\"(max-width: 1024px) 100vw, 1024px\" \/><\/figure>\n\n\n\n<figure class=\"wp-block-image\"><img loading=\"lazy\" decoding=\"async\" width=\"1024\" height=\"684\" src=\"https:\/\/marekkuchcinski.pl\/wp-content\/uploads\/2020\/02\/259A3600_edited-1024x684.jpg\" alt=\"\" class=\"wp-image-18614\" srcset=\"https:\/\/marekkuchcinski.pl\/wp-content\/uploads\/2020\/02\/259A3600_edited-1024x684.jpg 1024w, https:\/\/marekkuchcinski.pl\/wp-content\/uploads\/2020\/02\/259A3600_edited-300x200.jpg 300w, https:\/\/marekkuchcinski.pl\/wp-content\/uploads\/2020\/02\/259A3600_edited-768x513.jpg 768w, https:\/\/marekkuchcinski.pl\/wp-content\/uploads\/2020\/02\/259A3600_edited.jpg 2048w\" sizes=\"(max-width: 1024px) 100vw, 1024px\" \/><\/figure>","protected":false},"excerpt":{"rendered":"<p>Trzeci panel mi\u0119dzynarodowej konferencji Europa Karpat w Krasiczynie po\u015bwi\u0119cono wsp\u00f3\u0142pracy parlamentarnej w Europie \u015arodkowej i Wschodniej. Dyskutowano m.in. o tym, jak zmieniaj\u0105 si\u0119 kierunki polityki zagranicznej, cho\u0107by w kontek\u015bcie brexitu, oraz o wsp\u00f3\u0142pracy parlament\u00f3w reprezentowanych przez r\u00f3\u017cne, cz\u0119sto zwalczaj\u0105ce si\u0119 si\u0142y polityczne. Wed\u0142ug panelist\u00f3w instytucje parlamentarne zmierzaj\u0105ce do zjednoczenia regionu, np. Zgromadzenie Parlamentarne powinny zosta\u0107 [&hellip;]<\/p>","protected":false},"author":6,"featured_media":18608,"comment_status":"open","ping_status":"open","sticky":false,"template":"","format":"standard","meta":{"ngg_post_thumbnail":0,"footnotes":""},"categories":[78,49,50,3],"tags":[],"class_list":["post-18607","post","type-post","status-publish","format-standard","has-post-thumbnail","hentry","category-europa-karpat","category-podkarpacie","category-wspolpraca-miedzynarodowa","category-wydarzenia"],"yoast_head":"<!-- This site is optimized with the Yoast SEO plugin v24.7 - https:\/\/yoast.com\/wordpress\/plugins\/seo\/ -->\n<title>Europa Karpat: Wsp\u00f3\u0142praca parlamentarna w Europie \u015arodkowej i Wschodniej &#8211; Marek Kuchci\u0144ski<\/title>\n<meta name=\"robots\" content=\"index, follow, max-snippet:-1, max-image-preview:large, max-video-preview:-1\" \/>\n<link rel=\"canonical\" href=\"https:\/\/marekkuchcinski.pl\/sk\/wydarzenia\/europa-karpat-wspolpraca-parlamentarna-w-europie-srodkowej-i-wschodniej\/\" \/>\n<meta property=\"og:locale\" content=\"sk_SK\" \/>\n<meta property=\"og:type\" content=\"article\" \/>\n<meta property=\"og:title\" content=\"Europa Karpat: Wsp\u00f3\u0142praca parlamentarna w Europie \u015arodkowej i Wschodniej &#8211; Marek Kuchci\u0144ski\" \/>\n<meta property=\"og:description\" content=\"Trzeci panel mi\u0119dzynarodowej konferencji Europa Karpat w Krasiczynie po\u015bwi\u0119cono wsp\u00f3\u0142pracy parlamentarnej w Europie \u015arodkowej i Wschodniej. Dyskutowano m.in. o tym, jak zmieniaj\u0105 si\u0119 kierunki polityki zagranicznej, cho\u0107by w kontek\u015bcie brexitu, oraz o wsp\u00f3\u0142pracy parlament\u00f3w reprezentowanych przez r\u00f3\u017cne, cz\u0119sto zwalczaj\u0105ce si\u0119 si\u0142y polityczne. Wed\u0142ug panelist\u00f3w instytucje parlamentarne zmierzaj\u0105ce do zjednoczenia regionu, np. Zgromadzenie Parlamentarne powinny zosta\u0107 [&hellip;]\" \/>\n<meta property=\"og:url\" content=\"https:\/\/marekkuchcinski.pl\/sk\/wydarzenia\/europa-karpat-wspolpraca-parlamentarna-w-europie-srodkowej-i-wschodniej\/\" \/>\n<meta property=\"og:site_name\" content=\"Marek Kuchci\u0144ski\" \/>\n<meta property=\"article:published_time\" content=\"2020-02-29T11:02:44+00:00\" \/>\n<meta property=\"article:modified_time\" content=\"2020-02-29T11:08:15+00:00\" \/>\n<meta property=\"og:image\" content=\"https:\/\/marekkuchcinski.pl\/wp-content\/uploads\/2020\/02\/RT-1.jpg\" \/>\n\t<meta property=\"og:image:width\" content=\"2048\" \/>\n\t<meta property=\"og:image:height\" content=\"1302\" \/>\n\t<meta property=\"og:image:type\" content=\"image\/jpeg\" \/>\n<meta name=\"author\" content=\"admin\" \/>\n<meta name=\"twitter:card\" content=\"summary_large_image\" \/>\n<meta name=\"twitter:label1\" content=\"Autor\" \/>\n\t<meta name=\"twitter:data1\" content=\"admin\" \/>\n\t<meta name=\"twitter:label2\" content=\"Predpokladan\u00fd \u010das \u010d\u00edtania\" \/>\n\t<meta name=\"twitter:data2\" content=\"3 min\u00faty\" \/>\n<script type=\"application\/ld+json\" class=\"yoast-schema-graph\">{\"@context\":\"https:\/\/schema.org\",\"@graph\":[{\"@type\":\"Article\",\"@id\":\"https:\/\/marekkuchcinski.pl\/wydarzenia\/europa-karpat-wspolpraca-parlamentarna-w-europie-srodkowej-i-wschodniej\/#article\",\"isPartOf\":{\"@id\":\"https:\/\/marekkuchcinski.pl\/wydarzenia\/europa-karpat-wspolpraca-parlamentarna-w-europie-srodkowej-i-wschodniej\/\"},\"author\":{\"name\":\"admin\",\"@id\":\"https:\/\/marekkuchcinski.pl\/#\/schema\/person\/6f62700996b4d950b6ea2d1183b6c6be\"},\"headline\":\"Europa Karpat: Wsp\u00f3\u0142praca parlamentarna w Europie \u015arodkowej i Wschodniej\",\"datePublished\":\"2020-02-29T11:02:44+00:00\",\"dateModified\":\"2020-02-29T11:08:15+00:00\",\"mainEntityOfPage\":{\"@id\":\"https:\/\/marekkuchcinski.pl\/wydarzenia\/europa-karpat-wspolpraca-parlamentarna-w-europie-srodkowej-i-wschodniej\/\"},\"wordCount\":527,\"commentCount\":0,\"publisher\":{\"@id\":\"https:\/\/marekkuchcinski.pl\/#organization\"},\"image\":{\"@id\":\"https:\/\/marekkuchcinski.pl\/wydarzenia\/europa-karpat-wspolpraca-parlamentarna-w-europie-srodkowej-i-wschodniej\/#primaryimage\"},\"thumbnailUrl\":\"https:\/\/marekkuchcinski.pl\/wp-content\/uploads\/2020\/02\/RT-1.jpg\",\"articleSection\":[\"Europa Karpat\",\"Podkarpacie\",\"Wsp\u00f3\u0142praca mi\u0119dzynarodowa\",\"Wydarzenia\"],\"inLanguage\":\"sk-SK\",\"potentialAction\":[{\"@type\":\"CommentAction\",\"name\":\"Comment\",\"target\":[\"https:\/\/marekkuchcinski.pl\/wydarzenia\/europa-karpat-wspolpraca-parlamentarna-w-europie-srodkowej-i-wschodniej\/#respond\"]}]},{\"@type\":\"WebPage\",\"@id\":\"https:\/\/marekkuchcinski.pl\/wydarzenia\/europa-karpat-wspolpraca-parlamentarna-w-europie-srodkowej-i-wschodniej\/\",\"url\":\"https:\/\/marekkuchcinski.pl\/wydarzenia\/europa-karpat-wspolpraca-parlamentarna-w-europie-srodkowej-i-wschodniej\/\",\"name\":\"Europa Karpat: Wsp\u00f3\u0142praca parlamentarna w Europie \u015arodkowej i Wschodniej &#8211; Marek Kuchci\u0144ski\",\"isPartOf\":{\"@id\":\"https:\/\/marekkuchcinski.pl\/#website\"},\"primaryImageOfPage\":{\"@id\":\"https:\/\/marekkuchcinski.pl\/wydarzenia\/europa-karpat-wspolpraca-parlamentarna-w-europie-srodkowej-i-wschodniej\/#primaryimage\"},\"image\":{\"@id\":\"https:\/\/marekkuchcinski.pl\/wydarzenia\/europa-karpat-wspolpraca-parlamentarna-w-europie-srodkowej-i-wschodniej\/#primaryimage\"},\"thumbnailUrl\":\"https:\/\/marekkuchcinski.pl\/wp-content\/uploads\/2020\/02\/RT-1.jpg\",\"datePublished\":\"2020-02-29T11:02:44+00:00\",\"dateModified\":\"2020-02-29T11:08:15+00:00\",\"breadcrumb\":{\"@id\":\"https:\/\/marekkuchcinski.pl\/wydarzenia\/europa-karpat-wspolpraca-parlamentarna-w-europie-srodkowej-i-wschodniej\/#breadcrumb\"},\"inLanguage\":\"sk-SK\",\"potentialAction\":[{\"@type\":\"ReadAction\",\"target\":[\"https:\/\/marekkuchcinski.pl\/wydarzenia\/europa-karpat-wspolpraca-parlamentarna-w-europie-srodkowej-i-wschodniej\/\"]}]},{\"@type\":\"ImageObject\",\"inLanguage\":\"sk-SK\",\"@id\":\"https:\/\/marekkuchcinski.pl\/wydarzenia\/europa-karpat-wspolpraca-parlamentarna-w-europie-srodkowej-i-wschodniej\/#primaryimage\",\"url\":\"https:\/\/marekkuchcinski.pl\/wp-content\/uploads\/2020\/02\/RT-1.jpg\",\"contentUrl\":\"https:\/\/marekkuchcinski.pl\/wp-content\/uploads\/2020\/02\/RT-1.jpg\",\"width\":2048,\"height\":1302},{\"@type\":\"BreadcrumbList\",\"@id\":\"https:\/\/marekkuchcinski.pl\/wydarzenia\/europa-karpat-wspolpraca-parlamentarna-w-europie-srodkowej-i-wschodniej\/#breadcrumb\",\"itemListElement\":[{\"@type\":\"ListItem\",\"position\":1,\"name\":\"Strona g\u0142\u00f3wna\",\"item\":\"https:\/\/marekkuchcinski.pl\/\"},{\"@type\":\"ListItem\",\"position\":2,\"name\":\"Europa Karpat: Wsp\u00f3\u0142praca parlamentarna w Europie \u015arodkowej i Wschodniej\"}]},{\"@type\":\"WebSite\",\"@id\":\"https:\/\/marekkuchcinski.pl\/#website\",\"url\":\"https:\/\/marekkuchcinski.pl\/\",\"name\":\"Marek Kuchci\u0144ski\",\"description\":\"Pose\u0142 na sejm RP &ndash; okr\u0119g nr 22\",\"publisher\":{\"@id\":\"https:\/\/marekkuchcinski.pl\/#organization\"},\"potentialAction\":[{\"@type\":\"SearchAction\",\"target\":{\"@type\":\"EntryPoint\",\"urlTemplate\":\"https:\/\/marekkuchcinski.pl\/?s={search_term_string}\"},\"query-input\":{\"@type\":\"PropertyValueSpecification\",\"valueRequired\":true,\"valueName\":\"search_term_string\"}}],\"inLanguage\":\"sk-SK\"},{\"@type\":\"Organization\",\"@id\":\"https:\/\/marekkuchcinski.pl\/#organization\",\"name\":\"Marek Kuchci\u0144ski\",\"url\":\"https:\/\/marekkuchcinski.pl\/\",\"logo\":{\"@type\":\"ImageObject\",\"inLanguage\":\"sk-SK\",\"@id\":\"https:\/\/marekkuchcinski.pl\/#\/schema\/logo\/image\/\",\"url\":\"https:\/\/marekkuchcinski.pl\/wp-content\/uploads\/2022\/09\/Marek.jpg\",\"contentUrl\":\"https:\/\/marekkuchcinski.pl\/wp-content\/uploads\/2022\/09\/Marek.jpg\",\"width\":1600,\"height\":971,\"caption\":\"Marek Kuchci\u0144ski\"},\"image\":{\"@id\":\"https:\/\/marekkuchcinski.pl\/#\/schema\/logo\/image\/\"}},{\"@type\":\"Person\",\"@id\":\"https:\/\/marekkuchcinski.pl\/#\/schema\/person\/6f62700996b4d950b6ea2d1183b6c6be\",\"name\":\"admin\",\"image\":{\"@type\":\"ImageObject\",\"inLanguage\":\"sk-SK\",\"@id\":\"https:\/\/marekkuchcinski.pl\/#\/schema\/person\/image\/\",\"url\":\"https:\/\/secure.gravatar.com\/avatar\/4bab693b9d55c3d6b52c0296a8765085?s=96&d=mm&r=g\",\"contentUrl\":\"https:\/\/secure.gravatar.com\/avatar\/4bab693b9d55c3d6b52c0296a8765085?s=96&d=mm&r=g\",\"caption\":\"admin\"},\"url\":\"https:\/\/marekkuchcinski.pl\/sk\/author\/marta-olejnik\/\"}]}<\/script>\n<!-- \/ Yoast SEO plugin. -->","yoast_head_json":{"title":"Europa Karpat: Wsp\u00f3\u0142praca parlamentarna w Europie \u015arodkowej i Wschodniej &#8211; Marek Kuchci\u0144ski","robots":{"index":"index","follow":"follow","max-snippet":"max-snippet:-1","max-image-preview":"max-image-preview:large","max-video-preview":"max-video-preview:-1"},"canonical":"https:\/\/marekkuchcinski.pl\/sk\/wydarzenia\/europa-karpat-wspolpraca-parlamentarna-w-europie-srodkowej-i-wschodniej\/","og_locale":"sk_SK","og_type":"article","og_title":"Europa Karpat: Wsp\u00f3\u0142praca parlamentarna w Europie \u015arodkowej i Wschodniej &#8211; Marek Kuchci\u0144ski","og_description":"Trzeci panel mi\u0119dzynarodowej konferencji Europa Karpat w Krasiczynie po\u015bwi\u0119cono wsp\u00f3\u0142pracy parlamentarnej w Europie \u015arodkowej i Wschodniej. Dyskutowano m.in. o tym, jak zmieniaj\u0105 si\u0119 kierunki polityki zagranicznej, cho\u0107by w kontek\u015bcie brexitu, oraz o wsp\u00f3\u0142pracy parlament\u00f3w reprezentowanych przez r\u00f3\u017cne, cz\u0119sto zwalczaj\u0105ce si\u0119 si\u0142y polityczne. Wed\u0142ug panelist\u00f3w instytucje parlamentarne zmierzaj\u0105ce do zjednoczenia regionu, np. Zgromadzenie Parlamentarne powinny zosta\u0107 [&hellip;]","og_url":"https:\/\/marekkuchcinski.pl\/sk\/wydarzenia\/europa-karpat-wspolpraca-parlamentarna-w-europie-srodkowej-i-wschodniej\/","og_site_name":"Marek Kuchci\u0144ski","article_published_time":"2020-02-29T11:02:44+00:00","article_modified_time":"2020-02-29T11:08:15+00:00","og_image":[{"width":2048,"height":1302,"url":"https:\/\/marekkuchcinski.pl\/wp-content\/uploads\/2020\/02\/RT-1.jpg","type":"image\/jpeg"}],"author":"admin","twitter_card":"summary_large_image","twitter_misc":{"Autor":"admin","Predpokladan\u00fd \u010das \u010d\u00edtania":"3 min\u00faty"},"schema":{"@context":"https:\/\/schema.org","@graph":[{"@type":"Article","@id":"https:\/\/marekkuchcinski.pl\/wydarzenia\/europa-karpat-wspolpraca-parlamentarna-w-europie-srodkowej-i-wschodniej\/#article","isPartOf":{"@id":"https:\/\/marekkuchcinski.pl\/wydarzenia\/europa-karpat-wspolpraca-parlamentarna-w-europie-srodkowej-i-wschodniej\/"},"author":{"name":"admin","@id":"https:\/\/marekkuchcinski.pl\/#\/schema\/person\/6f62700996b4d950b6ea2d1183b6c6be"},"headline":"Europa Karpat: Wsp\u00f3\u0142praca parlamentarna w Europie \u015arodkowej i Wschodniej","datePublished":"2020-02-29T11:02:44+00:00","dateModified":"2020-02-29T11:08:15+00:00","mainEntityOfPage":{"@id":"https:\/\/marekkuchcinski.pl\/wydarzenia\/europa-karpat-wspolpraca-parlamentarna-w-europie-srodkowej-i-wschodniej\/"},"wordCount":527,"commentCount":0,"publisher":{"@id":"https:\/\/marekkuchcinski.pl\/#organization"},"image":{"@id":"https:\/\/marekkuchcinski.pl\/wydarzenia\/europa-karpat-wspolpraca-parlamentarna-w-europie-srodkowej-i-wschodniej\/#primaryimage"},"thumbnailUrl":"https:\/\/marekkuchcinski.pl\/wp-content\/uploads\/2020\/02\/RT-1.jpg","articleSection":["Europa Karpat","Podkarpacie","Wsp\u00f3\u0142praca mi\u0119dzynarodowa","Wydarzenia"],"inLanguage":"sk-SK","potentialAction":[{"@type":"CommentAction","name":"Comment","target":["https:\/\/marekkuchcinski.pl\/wydarzenia\/europa-karpat-wspolpraca-parlamentarna-w-europie-srodkowej-i-wschodniej\/#respond"]}]},{"@type":"WebPage","@id":"https:\/\/marekkuchcinski.pl\/wydarzenia\/europa-karpat-wspolpraca-parlamentarna-w-europie-srodkowej-i-wschodniej\/","url":"https:\/\/marekkuchcinski.pl\/wydarzenia\/europa-karpat-wspolpraca-parlamentarna-w-europie-srodkowej-i-wschodniej\/","name":"Europa Karpat: Wsp\u00f3\u0142praca parlamentarna w Europie \u015arodkowej i Wschodniej &#8211; Marek Kuchci\u0144ski","isPartOf":{"@id":"https:\/\/marekkuchcinski.pl\/#website"},"primaryImageOfPage":{"@id":"https:\/\/marekkuchcinski.pl\/wydarzenia\/europa-karpat-wspolpraca-parlamentarna-w-europie-srodkowej-i-wschodniej\/#primaryimage"},"image":{"@id":"https:\/\/marekkuchcinski.pl\/wydarzenia\/europa-karpat-wspolpraca-parlamentarna-w-europie-srodkowej-i-wschodniej\/#primaryimage"},"thumbnailUrl":"https:\/\/marekkuchcinski.pl\/wp-content\/uploads\/2020\/02\/RT-1.jpg","datePublished":"2020-02-29T11:02:44+00:00","dateModified":"2020-02-29T11:08:15+00:00","breadcrumb":{"@id":"https:\/\/marekkuchcinski.pl\/wydarzenia\/europa-karpat-wspolpraca-parlamentarna-w-europie-srodkowej-i-wschodniej\/#breadcrumb"},"inLanguage":"sk-SK","potentialAction":[{"@type":"ReadAction","target":["https:\/\/marekkuchcinski.pl\/wydarzenia\/europa-karpat-wspolpraca-parlamentarna-w-europie-srodkowej-i-wschodniej\/"]}]},{"@type":"ImageObject","inLanguage":"sk-SK","@id":"https:\/\/marekkuchcinski.pl\/wydarzenia\/europa-karpat-wspolpraca-parlamentarna-w-europie-srodkowej-i-wschodniej\/#primaryimage","url":"https:\/\/marekkuchcinski.pl\/wp-content\/uploads\/2020\/02\/RT-1.jpg","contentUrl":"https:\/\/marekkuchcinski.pl\/wp-content\/uploads\/2020\/02\/RT-1.jpg","width":2048,"height":1302},{"@type":"BreadcrumbList","@id":"https:\/\/marekkuchcinski.pl\/wydarzenia\/europa-karpat-wspolpraca-parlamentarna-w-europie-srodkowej-i-wschodniej\/#breadcrumb","itemListElement":[{"@type":"ListItem","position":1,"name":"Strona g\u0142\u00f3wna","item":"https:\/\/marekkuchcinski.pl\/"},{"@type":"ListItem","position":2,"name":"Europa Karpat: Wsp\u00f3\u0142praca parlamentarna w Europie \u015arodkowej i Wschodniej"}]},{"@type":"WebSite","@id":"https:\/\/marekkuchcinski.pl\/#website","url":"https:\/\/marekkuchcinski.pl\/","name":"Marek Kuchci\u0144ski","description":"Pose\u0142 na sejm RP &ndash; okr\u0119g nr 22","publisher":{"@id":"https:\/\/marekkuchcinski.pl\/#organization"},"potentialAction":[{"@type":"SearchAction","target":{"@type":"EntryPoint","urlTemplate":"https:\/\/marekkuchcinski.pl\/?s={search_term_string}"},"query-input":{"@type":"PropertyValueSpecification","valueRequired":true,"valueName":"search_term_string"}}],"inLanguage":"sk-SK"},{"@type":"Organization","@id":"https:\/\/marekkuchcinski.pl\/#organization","name":"Marek Kuchci\u0144ski","url":"https:\/\/marekkuchcinski.pl\/","logo":{"@type":"ImageObject","inLanguage":"sk-SK","@id":"https:\/\/marekkuchcinski.pl\/#\/schema\/logo\/image\/","url":"https:\/\/marekkuchcinski.pl\/wp-content\/uploads\/2022\/09\/Marek.jpg","contentUrl":"https:\/\/marekkuchcinski.pl\/wp-content\/uploads\/2022\/09\/Marek.jpg","width":1600,"height":971,"caption":"Marek Kuchci\u0144ski"},"image":{"@id":"https:\/\/marekkuchcinski.pl\/#\/schema\/logo\/image\/"}},{"@type":"Person","@id":"https:\/\/marekkuchcinski.pl\/#\/schema\/person\/6f62700996b4d950b6ea2d1183b6c6be","name":"admin","image":{"@type":"ImageObject","inLanguage":"sk-SK","@id":"https:\/\/marekkuchcinski.pl\/#\/schema\/person\/image\/","url":"https:\/\/secure.gravatar.com\/avatar\/4bab693b9d55c3d6b52c0296a8765085?s=96&d=mm&r=g","contentUrl":"https:\/\/secure.gravatar.com\/avatar\/4bab693b9d55c3d6b52c0296a8765085?s=96&d=mm&r=g","caption":"admin"},"url":"https:\/\/marekkuchcinski.pl\/sk\/author\/marta-olejnik\/"}]}},"_links":{"self":[{"href":"https:\/\/marekkuchcinski.pl\/sk\/wp-json\/wp\/v2\/posts\/18607","targetHints":{"allow":["GET"]}}],"collection":[{"href":"https:\/\/marekkuchcinski.pl\/sk\/wp-json\/wp\/v2\/posts"}],"about":[{"href":"https:\/\/marekkuchcinski.pl\/sk\/wp-json\/wp\/v2\/types\/post"}],"author":[{"embeddable":true,"href":"https:\/\/marekkuchcinski.pl\/sk\/wp-json\/wp\/v2\/users\/6"}],"replies":[{"embeddable":true,"href":"https:\/\/marekkuchcinski.pl\/sk\/wp-json\/wp\/v2\/comments?post=18607"}],"version-history":[{"count":10,"href":"https:\/\/marekkuchcinski.pl\/sk\/wp-json\/wp\/v2\/posts\/18607\/revisions"}],"predecessor-version":[{"id":18647,"href":"https:\/\/marekkuchcinski.pl\/sk\/wp-json\/wp\/v2\/posts\/18607\/revisions\/18647"}],"wp:featuredmedia":[{"embeddable":true,"href":"https:\/\/marekkuchcinski.pl\/sk\/wp-json\/wp\/v2\/media\/18608"}],"wp:attachment":[{"href":"https:\/\/marekkuchcinski.pl\/sk\/wp-json\/wp\/v2\/media?parent=18607"}],"wp:term":[{"taxonomy":"category","embeddable":true,"href":"https:\/\/marekkuchcinski.pl\/sk\/wp-json\/wp\/v2\/categories?post=18607"},{"taxonomy":"post_tag","embeddable":true,"href":"https:\/\/marekkuchcinski.pl\/sk\/wp-json\/wp\/v2\/tags?post=18607"}],"curies":[{"name":"wp","href":"https:\/\/api.w.org\/{rel}","templated":true}]}}