{"id":18202,"date":"2020-01-07T12:52:17","date_gmt":"2020-01-07T11:52:17","guid":{"rendered":"https:\/\/marekkuchcinski.pl\/?p=18202"},"modified":"2020-01-07T17:51:40","modified_gmt":"2020-01-07T16:51:40","slug":"marek-kuchcinski-dyplomacja-to-delikatny-proces","status":"publish","type":"post","link":"https:\/\/marekkuchcinski.pl\/sk\/wydarzenia\/marek-kuchcinski-dyplomacja-to-delikatny-proces\/","title":{"rendered":"Marek Kuchci\u0144ski: Diplomacia je krehk\u00fd proces"},"content":{"rendered":"<p>Sila diplomacie spo\u010d\u00edva v jej mnohovrstevnosti. Koniec koncov, medzin\u00e1rodn\u00fd makrorozsah m\u00e1 aj ve\u013emi lok\u00e1lny rozmer, ako napr\u00edklad kontakty medzi dvoma obcami, a Eur\u00f3pa Karp\u00e1t je projektom mnoh\u00fdch vl\u00e1d, ktor\u00fd mo\u017eno vidie\u0165 cez okno v bieszczadskej dedine.<br><\/p>\n\n\n\n<p>Niekedy si mysl\u00edme, \u017ee diplomacia je ak\u00fdsi vzdialen\u00fd svet elitn\u00fdch rozhovorov na vrcholn\u00fdch stretnutiach moci. Pritom nesmieme zab\u00fada\u0165, \u017ee v na\u0161ej dedine, meste \u010di obci by t\u00e1to diplomacia mala by\u0165 hmatate\u013en\u00e1. Len vtedy to m\u00e1 zmysel, ak sa to t\u00fdka skuto\u010dn\u00fdch \u013eud\u00ed, a len vtedy by sa to malo robi\u0165 t\u00fdmto sp\u00f4sobom. Predmetom tejto diplomacie je \u010dlovek a v\u00fdsledkom v\u0161etk\u00fdch t\u00fdchto stretnut\u00ed by mali by\u0165 rozhodnutia, ktor\u00e9 prines\u00fa merate\u013en\u00fd a hmatate\u013en\u00fd efekt pre ka\u017ed\u00e9ho z n\u00e1s. Ke\u010f sumarizujeme rok 2019, zd\u00e1 sa, \u017ee pr\u00e1ve diplomacia je t\u00e9mou, ktor\u00e1 na jednej strane vzbudzuje ve\u013ek\u00e9 em\u00f3cie, na druhej strane sa diskusia o nej odp\u00fatava od toho, kam by mala vies\u0165 a kto by mal by\u0165 v kone\u010dnom d\u00f4sledku jej pr\u00edjemcom.<br><\/p>\n\n\n\n<p>Marek Kuchci\u0144ski je u\u017e roky horliv\u00fdm z\u00e1stancom rozvoja parlamentnej diplomacie. V\u00fdsledkom boli desiatky stretnut\u00ed s predstavite\u013emi z\u00e1konodarn\u00fdch org\u00e1nov in\u00fdch kraj\u00edn ako predseda Sejmu alebo poslanec po\u013esk\u00e9ho parlamentu, alebo celkom s\u00fakromne ako akt\u00edvny ob\u010dan Przemy\u015bla, Podkarpatska, Po\u013eska a Eur\u00f3py. Je toti\u017e \u0165a\u017ek\u00e9 vn\u00edma\u0165 diplomaciu tak, \u017ee by sme dali \u00fapln\u00fa iniciat\u00edvu vl\u00e1dam a byrokracii. Je to mimoriadne d\u00f4le\u017eit\u00e9, ale je to len jedna \u010das\u0165 \u010dinnosti.&nbsp;<br><\/p>\n\n\n\n<p>- Pre \u00fapln\u00fd \u00faspech je nevyhnutn\u00e9, aby sa do konkr\u00e9tnych projektov zapojili aj demokraticky zvolen\u00ed z\u00e1stupcovia v parlamente alebo miestnych org\u00e1noch. Okrem toho spolupr\u00e1ca a stretnutia parlamentov strednej a v\u00fdchodnej Eur\u00f3py dop\u013a\u0148aj\u00fa alebo dr\u017eia krok s t\u00fdm, \u010do sa u\u017e mnoho rokov deje v \"starej\" E\u00da alebo v stredomorskej Eur\u00f3pe. Parlamentn\u00e1 spolupr\u00e1ca podporuje politiku vl\u00e1d a prezidentov t\u00fdchto kraj\u00edn, ktor\u00ed h\u013eadaj\u00fa recept na d\u00f4le\u017eit\u00e9 v\u00fdzvy: probl\u00e9my migr\u00e1cie, bezpe\u010dnostn\u00e9 ot\u00e1zky - vysvet\u013euje Marek Kuchci\u0144ski. - Diplomatick\u00e1 \u010dinnos\u0165 sa rozv\u00edja aj mimo oblasti \u010disto parlamentnej spolupr\u00e1ce. Prejavuje sa aj v spolupr\u00e1ci karpatsk\u00fdch \u0161t\u00e1tov. Jeho rozvojov\u00fdm prvkom je konferencia Eur\u00f3pa Karp\u00e1t, ktor\u00e1 sa kon\u00e1 cyklicky na mnoh\u00fdch miestach v Po\u013esku,\" dod\u00e1va Kuchci\u0144ski.<br><\/p>\n\n\n\n<p>\u010co to v praxi znamen\u00e1 pre be\u017en\u00e9ho ob\u010dana \u017eij\u00faceho v takmer \u00faplne vy\u013eudnenom Brzegi G\u00f3rnom alebo Lesku, ktor\u00fd chce budova\u0165 svoju ekonomick\u00fa identitu okrem in\u00e9ho na z\u00e1klade modern\u00e9ho cestovn\u00e9ho ruchu ako \"br\u00e1ny do Bieszczad\" alebo ove\u013ea v\u00e4\u010d\u0161ieho Przemy\u015bla? Dobr\u00fdm pr\u00edkladom je pr\u00e1ve my\u0161lienka Karpatskej Eur\u00f3py. Ide o medzin\u00e1rodn\u00fd projekt s ve\u013emi siln\u00fdmi miestnymi kore\u0148mi.<br><\/p>\n\n\n\n<p>Uk\u00e1\u017ekov\u00fd pr\u00edklad: od roku 2016 prem\u00e1va v\u010faka iniciat\u00edve Mareka Kuchci\u0144sk\u00e9ho pravideln\u00fd vlak na trase Przemy\u015bl-Lvov-Kyjev. Pod\u013ea \u00fadajov spolo\u010dnosti PKP Intercity medzin\u00e1rodn\u00fdmi vlakov\u00fdmi trasami sp\u00e1jaj\u00facimi Po\u013esko a Ukrajinu, o ktor\u00fdch sa hovorilo na konferenci\u00e1ch Europa Karpatia, pre\u0161lo u\u017e viac ako mili\u00f3n cestuj\u00facich. Podobn\u00e1 situ\u00e1cia je aj na trase Via Carpatia. Pl\u00e1nuje sa, \u017ee r\u00fdchlostn\u00e1 cesta povedie cez Karpaty. V s\u00fa\u010dasnosti je Via Carpatia dlh\u00e1 viac ako 7700 km a vedie cez regi\u00f3ny, ktor\u00e9 ob\u00fdva viac ako 110 mili\u00f3nov \u013eud\u00ed. Na po\u013eskom \u00fazem\u00ed m\u00e1 Via Carpatia takmer 700 km a k\u013e\u00fa\u010dovou tepnou, ktor\u00e1 tvor\u00ed os koridoru, je r\u00fdchlostn\u00e1 cesta S-19 ved\u00faca pozd\u013a\u017e v\u00fdchodnej hranice na\u0161ej krajiny. Cesta na severe sa prostredn\u00edctvom r\u00fdchlostnej cesty S-16 prip\u00e1ja k \u010fal\u0161iemu k\u013e\u00fa\u010dov\u00e9mu projektu sp\u00e1jaj\u00facemu Litvu s Po\u013eskom, ceste S-61, zn\u00e1mej ako Via Baltica. V medzin\u00e1rodnom meradle to znamen\u00e1, \u017ee sa prostredn\u00edctvom Karp\u00e1t za\u010dn\u00fa rozv\u00edja\u0165 vz\u0165ahy medzi severom a juhom v Eur\u00f3pe. Na vn\u00fatro\u0161t\u00e1tnej \u00farovni m\u00e1me program, ktor\u00e9ho realiz\u00e1cia je zahrnut\u00e1 v N\u00e1rodnom programe v\u00fdstavby ciest na roky 2014 - 2023 (s v\u00fdh\u013eadom do roku 2025). V miestnom meradle ide o pracovn\u00e9 miesta pre spolo\u010dnosti, ktor\u00e9 buduj\u00fa trasu S19, a o vytvorenie infra\u0161trukt\u00fary, aby sa dostali z hlavnej cesty a podporili cestovn\u00fd ruch alebo miestne podnikanie. Ide o skuto\u010dn\u00e9 pracovn\u00e9 miesta. Ide o pr\u00edklad medzin\u00e1rodnej diplomacie na eur\u00f3pskej \u00farovni, ktor\u00e1 by sa mala uskuto\u010d\u0148ova\u0165 napr\u00edklad v r\u00e1mci Vy\u0161ehradskej skupiny alebo Trojdohody. Vl\u00e1dna diplomacia, parlamentn\u00e1 diplomacia. \u010eal\u0161\u00edm impulzom v\u0161ak m\u00f4\u017ee by\u0165 miestna diplomacia, ktor\u00e1 na z\u00e1klade tejto infra\u0161trukt\u00fary prepoj\u00ed mest\u00e1 a obce v r\u00f4znych karpatsk\u00fdch krajin\u00e1ch. Umo\u017en\u00ed hospod\u00e1rske, turistick\u00e9, vedeck\u00e9, vzdel\u00e1vacie a kult\u00farne v\u00fdmeny. Ve\u013ek\u00fd projekt m\u00f4\u017ee vznikn\u00fa\u0165 a\u017e vtedy, ke\u010f sa be\u017en\u00fd \u010dlovek bude m\u00f4c\u0165 dosta\u0165 do u\u017e spom\u00ednan\u00e9ho Brzegi G\u00f3rne, obchodova\u0165 v Lesku, stretn\u00fa\u0165 sa s hos\u0165om z Padebornu alebo Egeru (partnersk\u00e9 mest\u00e1) v Przemy\u015bli.<\/p>\n\n\n\n<p>Samozrejme, \u017ee pocit bezpe\u010dnosti bude zalo\u017een\u00fd na spolupr\u00e1ci prostredn\u00edctvom \u00fa\u010dasti po\u013esk\u00fdch deleg\u00e1ci\u00ed na zasadnutiach NATO, Rady Eur\u00f3py, OBSE, Vy\u0161ehradskej skupiny a Karpatskej Eur\u00f3py. V\u010faka vl\u00e1dnym programom, ako napr\u00edklad 500+, bude m\u00f4c\u0165 Podkarpatsko nav\u0161t\u00edvi\u0165 viac turistov, ale t\u00e1to diplomacia veden\u00e1 na mnoh\u00fdch \u00farovniach n\u00e1m umo\u017en\u00ed pribl\u00ed\u017ei\u0165 obyvate\u013ea Krosna obyvate\u013eom Viedne, napr\u00edklad prostredn\u00edctvom rozv\u00edjaj\u00faceho sa projektu Digital Tri-More, ktor\u00e9ho cie\u013eom je vyu\u017ei\u0165 rozvoj cestnej a \u017eelezni\u010dnej infra\u0161trukt\u00fary v r\u00e1mci kraj\u00edn Trojmoria na rozvoj spolo\u010dnej telekomunika\u010dnej infra\u0161trukt\u00fary.<\/p>\n\n\n\n<p>V\u0161etky tieto iniciat\u00edvy v\u0161ak nevznikaj\u00fa sam\u00e9 od seba, zo zotrva\u010dnosti, nejak\u00fdm automatick\u00fdm mechanizmom. S\u00fa za nimi konkr\u00e9tni \u013eudia. Ako predseda Sejmu absolvoval Marek Kuchci\u0144ski nieko\u013eko stoviek stretnut\u00ed s hlavami \u0161t\u00e1tov, predsedami parlamentov, ministrami a ve\u013evyslancami. Len v Sejme sa uskuto\u010dnilo 114 tak\u00fdchto stretnut\u00ed. Aby v\u0161ak rozhovory na najvy\u0161\u0161ej \u00farovni zostali koherentn\u00e9 a prospe\u0161n\u00e9 pre Po\u013esko a jeho regi\u00f3ny, mus\u00ed sa t\u00e1to diplomacia uskuto\u010d\u0148ova\u0165 na mikro\u00farovni, v obciach a mest\u00e1ch. Rozhovor s hlavou \u0161t\u00e1tu m\u00f4\u017ee otvori\u0165 dvere k umo\u017eneniu cezhrani\u010dn\u00fdch stretnut\u00ed starostov obc\u00ed, prim\u00e1torov, starostov miest a vojvodov. Realita diplomacie je tak\u00e1, \u017ee list nesta\u010d\u00ed. \u010casto je to pr\u00e1ve mar\u0161al alebo poslanec, kto mus\u00ed t\u00fdchto \u013eud\u00ed spoji\u0165, poskytn\u00fa\u0165 im svoju podporu v podobe kontaktov, ale aj v podobe prozaickej kancel\u00e1rie, kde si m\u00f4\u017eu sadn\u00fa\u0165 a vypracova\u0165 rie\u0161enia, ktor\u00e9 s\u00fa dobr\u00e9 pre \u013eud\u00ed, ktor\u00fdch zastupuj\u00fa. To potom vytv\u00e1ra makro\u0161k\u00e1lu.<\/p>\n\n\n\n<p>- Svoju \u00falohu v politike som v\u017edy vn\u00edmal ako pr\u00e1cu s \u013eu\u010fmi v ter\u00e9ne, v ich prirodzenom prostred\u00ed, s ro\u013en\u00edkom na dedine, s lesn\u00edkom na horskom chodn\u00edku alebo s hlavou \u0161t\u00e1tu v jeho pal\u00e1ci. Nem\u00f4\u017eete vies\u0165 diplomaciu len z poh\u013eadu Var\u0161avy, preto\u017ee t\u00e1 nie je na spolo\u010dnej ceste v Karpatoch, kde sa pret\u00ednaj\u00fa skuto\u010dn\u00e9 z\u00e1ujmy ob\u010danov. Var\u0161ava pon\u00faka mo\u017enos\u0165 otvori\u0165 dvere do Budape\u0161ti, ale \u013eudia z Tarnovca a Egerszal\u00f3ku musia cez tieto dvere prejs\u0165 a niekedy im ich mus\u00edme otvori\u0165 osobne,\" vysvet\u013euje Marek Kuchci\u0144ski.<\/p>\n\n\n\n<p><em>mo<\/em><\/p>\n\n\n\n<figure class=\"wp-block-image\"><img fetchpriority=\"high\" decoding=\"async\" width=\"1024\" height=\"655\" src=\"https:\/\/marekkuchcinski.pl\/wp-content\/uploads\/2020\/01\/mkk-1-1024x655.jpg\" alt=\"\" class=\"wp-image-18207\" srcset=\"https:\/\/marekkuchcinski.pl\/wp-content\/uploads\/2020\/01\/mkk-1-1024x655.jpg 1024w, https:\/\/marekkuchcinski.pl\/wp-content\/uploads\/2020\/01\/mkk-1-300x192.jpg 300w, https:\/\/marekkuchcinski.pl\/wp-content\/uploads\/2020\/01\/mkk-1-768x491.jpg 768w, https:\/\/marekkuchcinski.pl\/wp-content\/uploads\/2020\/01\/mkk-1.jpg 1715w\" sizes=\"(max-width: 1024px) 100vw, 1024px\" \/><figcaption>S ministrom Jerzym Kwieci\u0144sk\u00fdm na v\u00fdstave o Karpatskej Eur\u00f3pe<\/figcaption><\/figure>","protected":false},"excerpt":{"rendered":"<p>Si\u0142\u0105 dyplomacji jest jej wielowarstwowo\u015b\u0107. Mi\u0119dzynarodowa skala makro ma przecie\u017c tak\u017ce wymiar bardzo lokalny, jak kontakty dw\u00f3ch gmin, a Europa Karpat to projekt wielu rz\u0105d\u00f3w, kt\u00f3ry mo\u017cna ogl\u0105da\u0107 przez okno w bieszczadzkiej wsi. Czasem wydaje si\u0119 nam, \u017ce dyplomacja to jaki\u015b odleg\u0142y \u015bwiat elitarnych rozm\u00f3w na szczytach w\u0142adzy. Tymczasem nie mo\u017cemy zapomina\u0107, \u017ce w naszej [&hellip;]<\/p>","protected":false},"author":6,"featured_media":18206,"comment_status":"open","ping_status":"open","sticky":false,"template":"","format":"standard","meta":{"ngg_post_thumbnail":0,"footnotes":""},"categories":[78,49,3],"tags":[],"class_list":["post-18202","post","type-post","status-publish","format-standard","has-post-thumbnail","hentry","category-europa-karpat","category-podkarpacie","category-wydarzenia"],"yoast_head":"<!-- This site is optimized with the Yoast SEO plugin v24.7 - https:\/\/yoast.com\/wordpress\/plugins\/seo\/ -->\n<title>Marek Kuchci\u0144ski: Dyplomacja to delikatny proces &#8211; Marek Kuchci\u0144ski<\/title>\n<meta name=\"robots\" content=\"index, follow, max-snippet:-1, max-image-preview:large, max-video-preview:-1\" \/>\n<link rel=\"canonical\" href=\"https:\/\/marekkuchcinski.pl\/sk\/wydarzenia\/marek-kuchcinski-dyplomacja-to-delikatny-proces\/\" \/>\n<meta property=\"og:locale\" content=\"sk_SK\" \/>\n<meta property=\"og:type\" content=\"article\" \/>\n<meta property=\"og:title\" content=\"Marek Kuchci\u0144ski: Dyplomacja to delikatny proces &#8211; Marek Kuchci\u0144ski\" \/>\n<meta property=\"og:description\" content=\"Si\u0142\u0105 dyplomacji jest jej wielowarstwowo\u015b\u0107. Mi\u0119dzynarodowa skala makro ma przecie\u017c tak\u017ce wymiar bardzo lokalny, jak kontakty dw\u00f3ch gmin, a Europa Karpat to projekt wielu rz\u0105d\u00f3w, kt\u00f3ry mo\u017cna ogl\u0105da\u0107 przez okno w bieszczadzkiej wsi. Czasem wydaje si\u0119 nam, \u017ce dyplomacja to jaki\u015b odleg\u0142y \u015bwiat elitarnych rozm\u00f3w na szczytach w\u0142adzy. Tymczasem nie mo\u017cemy zapomina\u0107, \u017ce w naszej [&hellip;]\" \/>\n<meta property=\"og:url\" content=\"https:\/\/marekkuchcinski.pl\/sk\/wydarzenia\/marek-kuchcinski-dyplomacja-to-delikatny-proces\/\" \/>\n<meta property=\"og:site_name\" content=\"Marek Kuchci\u0144ski\" \/>\n<meta property=\"article:published_time\" content=\"2020-01-07T11:52:17+00:00\" \/>\n<meta property=\"article:modified_time\" content=\"2020-01-07T16:51:40+00:00\" \/>\n<meta property=\"og:image\" content=\"https:\/\/marekkuchcinski.pl\/wp-content\/uploads\/2020\/01\/mkk.jpg\" \/>\n\t<meta property=\"og:image:width\" content=\"1715\" \/>\n\t<meta property=\"og:image:height\" content=\"1097\" \/>\n\t<meta property=\"og:image:type\" content=\"image\/jpeg\" \/>\n<meta name=\"author\" content=\"admin\" \/>\n<meta name=\"twitter:card\" content=\"summary_large_image\" \/>\n<meta name=\"twitter:label1\" content=\"Autor\" \/>\n\t<meta name=\"twitter:data1\" content=\"admin\" \/>\n\t<meta name=\"twitter:label2\" content=\"Predpokladan\u00fd \u010das \u010d\u00edtania\" \/>\n\t<meta name=\"twitter:data2\" content=\"6 min\u00fat\" \/>\n<script type=\"application\/ld+json\" class=\"yoast-schema-graph\">{\"@context\":\"https:\/\/schema.org\",\"@graph\":[{\"@type\":\"Article\",\"@id\":\"https:\/\/marekkuchcinski.pl\/cs\/wydarzenia\/marek-kuchcinski-dyplomacja-to-delikatny-proces\/#article\",\"isPartOf\":{\"@id\":\"https:\/\/marekkuchcinski.pl\/cs\/wydarzenia\/marek-kuchcinski-dyplomacja-to-delikatny-proces\/\"},\"author\":{\"name\":\"admin\",\"@id\":\"https:\/\/marekkuchcinski.pl\/#\/schema\/person\/6f62700996b4d950b6ea2d1183b6c6be\"},\"headline\":\"Marek Kuchci\u0144ski: Dyplomacja to delikatny proces\",\"datePublished\":\"2020-01-07T11:52:17+00:00\",\"dateModified\":\"2020-01-07T16:51:40+00:00\",\"mainEntityOfPage\":{\"@id\":\"https:\/\/marekkuchcinski.pl\/cs\/wydarzenia\/marek-kuchcinski-dyplomacja-to-delikatny-proces\/\"},\"wordCount\":1121,\"commentCount\":0,\"publisher\":{\"@id\":\"https:\/\/marekkuchcinski.pl\/#organization\"},\"image\":{\"@id\":\"https:\/\/marekkuchcinski.pl\/cs\/wydarzenia\/marek-kuchcinski-dyplomacja-to-delikatny-proces\/#primaryimage\"},\"thumbnailUrl\":\"https:\/\/marekkuchcinski.pl\/wp-content\/uploads\/2020\/01\/mkk.jpg\",\"articleSection\":[\"Europa Karpat\",\"Podkarpacie\",\"Wydarzenia\"],\"inLanguage\":\"sk-SK\",\"potentialAction\":[{\"@type\":\"CommentAction\",\"name\":\"Comment\",\"target\":[\"https:\/\/marekkuchcinski.pl\/cs\/wydarzenia\/marek-kuchcinski-dyplomacja-to-delikatny-proces\/#respond\"]}]},{\"@type\":\"WebPage\",\"@id\":\"https:\/\/marekkuchcinski.pl\/cs\/wydarzenia\/marek-kuchcinski-dyplomacja-to-delikatny-proces\/\",\"url\":\"https:\/\/marekkuchcinski.pl\/cs\/wydarzenia\/marek-kuchcinski-dyplomacja-to-delikatny-proces\/\",\"name\":\"Marek Kuchci\u0144ski: Dyplomacja to delikatny proces &#8211; Marek Kuchci\u0144ski\",\"isPartOf\":{\"@id\":\"https:\/\/marekkuchcinski.pl\/#website\"},\"primaryImageOfPage\":{\"@id\":\"https:\/\/marekkuchcinski.pl\/cs\/wydarzenia\/marek-kuchcinski-dyplomacja-to-delikatny-proces\/#primaryimage\"},\"image\":{\"@id\":\"https:\/\/marekkuchcinski.pl\/cs\/wydarzenia\/marek-kuchcinski-dyplomacja-to-delikatny-proces\/#primaryimage\"},\"thumbnailUrl\":\"https:\/\/marekkuchcinski.pl\/wp-content\/uploads\/2020\/01\/mkk.jpg\",\"datePublished\":\"2020-01-07T11:52:17+00:00\",\"dateModified\":\"2020-01-07T16:51:40+00:00\",\"breadcrumb\":{\"@id\":\"https:\/\/marekkuchcinski.pl\/cs\/wydarzenia\/marek-kuchcinski-dyplomacja-to-delikatny-proces\/#breadcrumb\"},\"inLanguage\":\"sk-SK\",\"potentialAction\":[{\"@type\":\"ReadAction\",\"target\":[\"https:\/\/marekkuchcinski.pl\/cs\/wydarzenia\/marek-kuchcinski-dyplomacja-to-delikatny-proces\/\"]}]},{\"@type\":\"ImageObject\",\"inLanguage\":\"sk-SK\",\"@id\":\"https:\/\/marekkuchcinski.pl\/cs\/wydarzenia\/marek-kuchcinski-dyplomacja-to-delikatny-proces\/#primaryimage\",\"url\":\"https:\/\/marekkuchcinski.pl\/wp-content\/uploads\/2020\/01\/mkk.jpg\",\"contentUrl\":\"https:\/\/marekkuchcinski.pl\/wp-content\/uploads\/2020\/01\/mkk.jpg\",\"width\":1715,\"height\":1097},{\"@type\":\"BreadcrumbList\",\"@id\":\"https:\/\/marekkuchcinski.pl\/cs\/wydarzenia\/marek-kuchcinski-dyplomacja-to-delikatny-proces\/#breadcrumb\",\"itemListElement\":[{\"@type\":\"ListItem\",\"position\":1,\"name\":\"Strona g\u0142\u00f3wna\",\"item\":\"https:\/\/marekkuchcinski.pl\/\"},{\"@type\":\"ListItem\",\"position\":2,\"name\":\"Marek Kuchci\u0144ski: Dyplomacja to delikatny proces\"}]},{\"@type\":\"WebSite\",\"@id\":\"https:\/\/marekkuchcinski.pl\/#website\",\"url\":\"https:\/\/marekkuchcinski.pl\/\",\"name\":\"Marek Kuchci\u0144ski\",\"description\":\"Pose\u0142 na sejm RP &ndash; okr\u0119g nr 22\",\"publisher\":{\"@id\":\"https:\/\/marekkuchcinski.pl\/#organization\"},\"potentialAction\":[{\"@type\":\"SearchAction\",\"target\":{\"@type\":\"EntryPoint\",\"urlTemplate\":\"https:\/\/marekkuchcinski.pl\/?s={search_term_string}\"},\"query-input\":{\"@type\":\"PropertyValueSpecification\",\"valueRequired\":true,\"valueName\":\"search_term_string\"}}],\"inLanguage\":\"sk-SK\"},{\"@type\":\"Organization\",\"@id\":\"https:\/\/marekkuchcinski.pl\/#organization\",\"name\":\"Marek Kuchci\u0144ski\",\"url\":\"https:\/\/marekkuchcinski.pl\/\",\"logo\":{\"@type\":\"ImageObject\",\"inLanguage\":\"sk-SK\",\"@id\":\"https:\/\/marekkuchcinski.pl\/#\/schema\/logo\/image\/\",\"url\":\"https:\/\/marekkuchcinski.pl\/wp-content\/uploads\/2022\/09\/Marek.jpg\",\"contentUrl\":\"https:\/\/marekkuchcinski.pl\/wp-content\/uploads\/2022\/09\/Marek.jpg\",\"width\":1600,\"height\":971,\"caption\":\"Marek Kuchci\u0144ski\"},\"image\":{\"@id\":\"https:\/\/marekkuchcinski.pl\/#\/schema\/logo\/image\/\"}},{\"@type\":\"Person\",\"@id\":\"https:\/\/marekkuchcinski.pl\/#\/schema\/person\/6f62700996b4d950b6ea2d1183b6c6be\",\"name\":\"admin\",\"image\":{\"@type\":\"ImageObject\",\"inLanguage\":\"sk-SK\",\"@id\":\"https:\/\/marekkuchcinski.pl\/#\/schema\/person\/image\/\",\"url\":\"https:\/\/secure.gravatar.com\/avatar\/4bab693b9d55c3d6b52c0296a8765085?s=96&d=mm&r=g\",\"contentUrl\":\"https:\/\/secure.gravatar.com\/avatar\/4bab693b9d55c3d6b52c0296a8765085?s=96&d=mm&r=g\",\"caption\":\"admin\"},\"url\":\"https:\/\/marekkuchcinski.pl\/sk\/author\/marta-olejnik\/\"}]}<\/script>\n<!-- \/ Yoast SEO plugin. -->","yoast_head_json":{"title":"Marek Kuchci\u0144ski: Dyplomacja to delikatny proces &#8211; Marek Kuchci\u0144ski","robots":{"index":"index","follow":"follow","max-snippet":"max-snippet:-1","max-image-preview":"max-image-preview:large","max-video-preview":"max-video-preview:-1"},"canonical":"https:\/\/marekkuchcinski.pl\/sk\/wydarzenia\/marek-kuchcinski-dyplomacja-to-delikatny-proces\/","og_locale":"sk_SK","og_type":"article","og_title":"Marek Kuchci\u0144ski: Dyplomacja to delikatny proces &#8211; Marek Kuchci\u0144ski","og_description":"Si\u0142\u0105 dyplomacji jest jej wielowarstwowo\u015b\u0107. Mi\u0119dzynarodowa skala makro ma przecie\u017c tak\u017ce wymiar bardzo lokalny, jak kontakty dw\u00f3ch gmin, a Europa Karpat to projekt wielu rz\u0105d\u00f3w, kt\u00f3ry mo\u017cna ogl\u0105da\u0107 przez okno w bieszczadzkiej wsi. Czasem wydaje si\u0119 nam, \u017ce dyplomacja to jaki\u015b odleg\u0142y \u015bwiat elitarnych rozm\u00f3w na szczytach w\u0142adzy. Tymczasem nie mo\u017cemy zapomina\u0107, \u017ce w naszej [&hellip;]","og_url":"https:\/\/marekkuchcinski.pl\/sk\/wydarzenia\/marek-kuchcinski-dyplomacja-to-delikatny-proces\/","og_site_name":"Marek Kuchci\u0144ski","article_published_time":"2020-01-07T11:52:17+00:00","article_modified_time":"2020-01-07T16:51:40+00:00","og_image":[{"width":1715,"height":1097,"url":"https:\/\/marekkuchcinski.pl\/wp-content\/uploads\/2020\/01\/mkk.jpg","type":"image\/jpeg"}],"author":"admin","twitter_card":"summary_large_image","twitter_misc":{"Autor":"admin","Predpokladan\u00fd \u010das \u010d\u00edtania":"6 min\u00fat"},"schema":{"@context":"https:\/\/schema.org","@graph":[{"@type":"Article","@id":"https:\/\/marekkuchcinski.pl\/cs\/wydarzenia\/marek-kuchcinski-dyplomacja-to-delikatny-proces\/#article","isPartOf":{"@id":"https:\/\/marekkuchcinski.pl\/cs\/wydarzenia\/marek-kuchcinski-dyplomacja-to-delikatny-proces\/"},"author":{"name":"admin","@id":"https:\/\/marekkuchcinski.pl\/#\/schema\/person\/6f62700996b4d950b6ea2d1183b6c6be"},"headline":"Marek Kuchci\u0144ski: Dyplomacja to delikatny proces","datePublished":"2020-01-07T11:52:17+00:00","dateModified":"2020-01-07T16:51:40+00:00","mainEntityOfPage":{"@id":"https:\/\/marekkuchcinski.pl\/cs\/wydarzenia\/marek-kuchcinski-dyplomacja-to-delikatny-proces\/"},"wordCount":1121,"commentCount":0,"publisher":{"@id":"https:\/\/marekkuchcinski.pl\/#organization"},"image":{"@id":"https:\/\/marekkuchcinski.pl\/cs\/wydarzenia\/marek-kuchcinski-dyplomacja-to-delikatny-proces\/#primaryimage"},"thumbnailUrl":"https:\/\/marekkuchcinski.pl\/wp-content\/uploads\/2020\/01\/mkk.jpg","articleSection":["Europa Karpat","Podkarpacie","Wydarzenia"],"inLanguage":"sk-SK","potentialAction":[{"@type":"CommentAction","name":"Comment","target":["https:\/\/marekkuchcinski.pl\/cs\/wydarzenia\/marek-kuchcinski-dyplomacja-to-delikatny-proces\/#respond"]}]},{"@type":"WebPage","@id":"https:\/\/marekkuchcinski.pl\/cs\/wydarzenia\/marek-kuchcinski-dyplomacja-to-delikatny-proces\/","url":"https:\/\/marekkuchcinski.pl\/cs\/wydarzenia\/marek-kuchcinski-dyplomacja-to-delikatny-proces\/","name":"Marek Kuchci\u0144ski: Dyplomacja to delikatny proces &#8211; Marek Kuchci\u0144ski","isPartOf":{"@id":"https:\/\/marekkuchcinski.pl\/#website"},"primaryImageOfPage":{"@id":"https:\/\/marekkuchcinski.pl\/cs\/wydarzenia\/marek-kuchcinski-dyplomacja-to-delikatny-proces\/#primaryimage"},"image":{"@id":"https:\/\/marekkuchcinski.pl\/cs\/wydarzenia\/marek-kuchcinski-dyplomacja-to-delikatny-proces\/#primaryimage"},"thumbnailUrl":"https:\/\/marekkuchcinski.pl\/wp-content\/uploads\/2020\/01\/mkk.jpg","datePublished":"2020-01-07T11:52:17+00:00","dateModified":"2020-01-07T16:51:40+00:00","breadcrumb":{"@id":"https:\/\/marekkuchcinski.pl\/cs\/wydarzenia\/marek-kuchcinski-dyplomacja-to-delikatny-proces\/#breadcrumb"},"inLanguage":"sk-SK","potentialAction":[{"@type":"ReadAction","target":["https:\/\/marekkuchcinski.pl\/cs\/wydarzenia\/marek-kuchcinski-dyplomacja-to-delikatny-proces\/"]}]},{"@type":"ImageObject","inLanguage":"sk-SK","@id":"https:\/\/marekkuchcinski.pl\/cs\/wydarzenia\/marek-kuchcinski-dyplomacja-to-delikatny-proces\/#primaryimage","url":"https:\/\/marekkuchcinski.pl\/wp-content\/uploads\/2020\/01\/mkk.jpg","contentUrl":"https:\/\/marekkuchcinski.pl\/wp-content\/uploads\/2020\/01\/mkk.jpg","width":1715,"height":1097},{"@type":"BreadcrumbList","@id":"https:\/\/marekkuchcinski.pl\/cs\/wydarzenia\/marek-kuchcinski-dyplomacja-to-delikatny-proces\/#breadcrumb","itemListElement":[{"@type":"ListItem","position":1,"name":"Strona g\u0142\u00f3wna","item":"https:\/\/marekkuchcinski.pl\/"},{"@type":"ListItem","position":2,"name":"Marek Kuchci\u0144ski: Dyplomacja to delikatny proces"}]},{"@type":"WebSite","@id":"https:\/\/marekkuchcinski.pl\/#website","url":"https:\/\/marekkuchcinski.pl\/","name":"Marek Kuchci\u0144ski","description":"Pose\u0142 na sejm RP &ndash; okr\u0119g nr 22","publisher":{"@id":"https:\/\/marekkuchcinski.pl\/#organization"},"potentialAction":[{"@type":"SearchAction","target":{"@type":"EntryPoint","urlTemplate":"https:\/\/marekkuchcinski.pl\/?s={search_term_string}"},"query-input":{"@type":"PropertyValueSpecification","valueRequired":true,"valueName":"search_term_string"}}],"inLanguage":"sk-SK"},{"@type":"Organization","@id":"https:\/\/marekkuchcinski.pl\/#organization","name":"Marek Kuchci\u0144ski","url":"https:\/\/marekkuchcinski.pl\/","logo":{"@type":"ImageObject","inLanguage":"sk-SK","@id":"https:\/\/marekkuchcinski.pl\/#\/schema\/logo\/image\/","url":"https:\/\/marekkuchcinski.pl\/wp-content\/uploads\/2022\/09\/Marek.jpg","contentUrl":"https:\/\/marekkuchcinski.pl\/wp-content\/uploads\/2022\/09\/Marek.jpg","width":1600,"height":971,"caption":"Marek Kuchci\u0144ski"},"image":{"@id":"https:\/\/marekkuchcinski.pl\/#\/schema\/logo\/image\/"}},{"@type":"Person","@id":"https:\/\/marekkuchcinski.pl\/#\/schema\/person\/6f62700996b4d950b6ea2d1183b6c6be","name":"admin","image":{"@type":"ImageObject","inLanguage":"sk-SK","@id":"https:\/\/marekkuchcinski.pl\/#\/schema\/person\/image\/","url":"https:\/\/secure.gravatar.com\/avatar\/4bab693b9d55c3d6b52c0296a8765085?s=96&d=mm&r=g","contentUrl":"https:\/\/secure.gravatar.com\/avatar\/4bab693b9d55c3d6b52c0296a8765085?s=96&d=mm&r=g","caption":"admin"},"url":"https:\/\/marekkuchcinski.pl\/sk\/author\/marta-olejnik\/"}]}},"_links":{"self":[{"href":"https:\/\/marekkuchcinski.pl\/sk\/wp-json\/wp\/v2\/posts\/18202","targetHints":{"allow":["GET"]}}],"collection":[{"href":"https:\/\/marekkuchcinski.pl\/sk\/wp-json\/wp\/v2\/posts"}],"about":[{"href":"https:\/\/marekkuchcinski.pl\/sk\/wp-json\/wp\/v2\/types\/post"}],"author":[{"embeddable":true,"href":"https:\/\/marekkuchcinski.pl\/sk\/wp-json\/wp\/v2\/users\/6"}],"replies":[{"embeddable":true,"href":"https:\/\/marekkuchcinski.pl\/sk\/wp-json\/wp\/v2\/comments?post=18202"}],"version-history":[{"count":4,"href":"https:\/\/marekkuchcinski.pl\/sk\/wp-json\/wp\/v2\/posts\/18202\/revisions"}],"predecessor-version":[{"id":18209,"href":"https:\/\/marekkuchcinski.pl\/sk\/wp-json\/wp\/v2\/posts\/18202\/revisions\/18209"}],"wp:featuredmedia":[{"embeddable":true,"href":"https:\/\/marekkuchcinski.pl\/sk\/wp-json\/wp\/v2\/media\/18206"}],"wp:attachment":[{"href":"https:\/\/marekkuchcinski.pl\/sk\/wp-json\/wp\/v2\/media?parent=18202"}],"wp:term":[{"taxonomy":"category","embeddable":true,"href":"https:\/\/marekkuchcinski.pl\/sk\/wp-json\/wp\/v2\/categories?post=18202"},{"taxonomy":"post_tag","embeddable":true,"href":"https:\/\/marekkuchcinski.pl\/sk\/wp-json\/wp\/v2\/tags?post=18202"}],"curies":[{"name":"wp","href":"https:\/\/api.w.org\/{rel}","templated":true}]}}