{"id":17839,"date":"2019-10-16T14:29:14","date_gmt":"2019-10-16T12:29:14","guid":{"rendered":"https:\/\/marekkuchcinski.pl\/?p=17839"},"modified":"2019-10-16T15:54:12","modified_gmt":"2019-10-16T13:54:12","slug":"spelniona-obietnica-wyborcza-odzyskany-z-prywatnych-rak-autosan-rosnie-w-sile-spolka-produkuje-autobusy-z-napedem-elektrycznym-i-wodorowym-o-swiatowym-standardzie","status":"publish","type":"post","link":"https:\/\/marekkuchcinski.pl\/sk\/wydarzenia\/spelniona-obietnica-wyborcza-odzyskany-z-prywatnych-rak-autosan-rosnie-w-sile-spolka-produkuje-autobusy-z-napedem-elektrycznym-i-wodorowym-o-swiatowym-standardzie\/","title":{"rendered":"Splnen\u00fd predvolebn\u00fd s\u013eub: spolo\u010dnos\u0165 Autosan, ktor\u00e1 sa dostala sp\u00e4\u0165 do s\u00fakromn\u00fdch r\u00fak, sa rozv\u00edja. Spolo\u010dnos\u0165 vyr\u00e1ba autobusy s elektrick\u00fdm a vod\u00edkov\u00fdm pohonom svetov\u00e9ho \u0161tandardu"},"content":{"rendered":"<p><strong>Autosan znamen\u00e1 \u00factu k trad\u00edci\u00e1m, modern\u00e9 autobusy, je to po\u013esk\u00e1 zna\u010dka, ktor\u00e1 je \u013eu\u010fom bl\u00edzka u\u017e 185 rokov a z\u00edskala si ich d\u00f4veru - takto sa opisuje spolo\u010dnos\u0165 so s\u00eddlom v Sanoku, ktor\u00e1 v s\u00fa\u010dasnosti zamestn\u00e1va 370 \u013eud\u00ed.<\/strong><\/p>\n\n\n\n<p>V roku 2016 skrachovan\u00fa spolo\u010dnos\u0165 Autosan k\u00fapila po\u013esk\u00e1 zbroj\u00e1rska skupina. Po prevzat\u00ed spolo\u010dnos\u0165ou PGZ nielen\u017ee obnovila v\u00fdrobu, ale roz\u0161\u00edrila svoju ponuku okrem in\u00e9ho aj o vozidl\u00e1 na elektrick\u00fd pohon, stla\u010den\u00fd plyn, skvapalnen\u00fd plyn, vod\u00edkov\u00fd pohon a vozidl\u00e1 pre arm\u00e1du. V okt\u00f3bri podp\u00edsali spolo\u010dnosti Polska Grupa Zbrojeniowa a Autosan dohodu s tromi najv\u00e4\u010d\u0161\u00edmi energetick\u00fdmi skupinami: PGE Polska Grupa Energetyczna, Enea, Tauron Polska Energia s cie\u013eom nahradi\u0165 star\u00fd vozov\u00fd park modern\u00fdm a ekologick\u00fdm. V horizonte nasleduj\u00facich \u0161tyroch rokov m\u00e1 spolo\u010dnos\u0165 \u0161ancu vyrobi\u0165 1500 elektrick\u00fdch vozidiel. Za\u010diatkom okt\u00f3bra bol na kongrese 590 v Jasionke predstaven\u00fd elektrobus SANCITY 12LFE pod\u013ea vlastn\u00e9ho n\u00e1vrhu, v ktorom s\u00fa bat\u00e9rie a v\u0161etky riadiace zariadenia po\u013esk\u00e9. <\/p>\n\n\n\n<p>- Tak\u00fdto \u00faspe\u0161n\u00fd n\u00e1vrat spolo\u010dnosti Autosan na trh je ve\u013emi dobrou spr\u00e1vou. Splnili sme svoj s\u013eub z roku 2015 a z\u00edskali sme ho sp\u00e4\u0165 zo s\u00fakromn\u00fdch r\u00fak. Podkarpatsko, zabudnut\u00e9 a doteraz zanedb\u00e1van\u00e9, dokazuje, \u017ee je miestom hodn\u00fdm t\u00fdch najlep\u0161\u00edch a najv\u00e4\u010d\u0161\u00edch invest\u00edci\u00ed. V\u00fdmena star\u00e9ho, sch\u00e1tran\u00e9ho vozov\u00e9ho parku znamen\u00e1 nielen nov\u00e9 pracovn\u00e9 miesta, podporu dom\u00e1ceho priemyslu, ale aj starostlivos\u0165 o \u017eivotn\u00e9 prostredie a estetiku n\u00e1\u0161ho kr\u00e1sneho regi\u00f3nu. Koniec koncov, mesto Beksi\u0144ski, ktor\u00e9 navrhlo autobusy a logo Autosan, n\u00e1s k tomu zav\u00e4zuje - povedal Marek Kuchci\u0144ski. <\/p>\n\n\n\n<p><em>mo<\/em><\/p>\n\n\n\n<figure class=\"wp-block-image\"><img fetchpriority=\"high\" decoding=\"async\" width=\"1024\" height=\"684\" src=\"https:\/\/marekkuchcinski.pl\/wp-content\/uploads\/2019\/10\/autosan-1-1024x684.jpg\" alt=\"\" class=\"wp-image-17841\" srcset=\"https:\/\/marekkuchcinski.pl\/wp-content\/uploads\/2019\/10\/autosan-1-1024x684.jpg 1024w, https:\/\/marekkuchcinski.pl\/wp-content\/uploads\/2019\/10\/autosan-1-300x200.jpg 300w, https:\/\/marekkuchcinski.pl\/wp-content\/uploads\/2019\/10\/autosan-1-768x513.jpg 768w, https:\/\/marekkuchcinski.pl\/wp-content\/uploads\/2019\/10\/autosan-1.jpg 2048w\" sizes=\"(max-width: 1024px) 100vw, 1024px\" \/><\/figure>\n\n\n\n<p><em>Foto: Twitter @AUTOSANsp <\/em><\/p>","protected":false},"excerpt":{"rendered":"<p>Autosan to szacunek do tradycji, to nowoczesne autobusy, to polska marka, kt\u00f3ra od 185 lat jest blisko ludzi i zas\u0142u\u017cy\u0142a na ich zaufanie \u2013 tak m\u00f3wi o sobie sanocka firma, kt\u00f3ra obecnie zatrudnia 370 os\u00f3b. W 2016 roku upadaj\u0105cy Autosan kupi\u0142a Polska Grupa Zbrojeniowa. Po przej\u0119ciu przez PGZ nie tylko wznowi\u0142 produkcj\u0119, ale i poszerzy\u0142 [&hellip;]<\/p>","protected":false},"author":6,"featured_media":17842,"comment_status":"open","ping_status":"open","sticky":false,"template":"","format":"standard","meta":{"ngg_post_thumbnail":0,"footnotes":""},"categories":[49,82,3],"tags":[],"class_list":["post-17839","post","type-post","status-publish","format-standard","has-post-thumbnail","hentry","category-podkarpacie","category-prawo-i-sprawiedliwosc","category-wydarzenia"],"yoast_head":"<!-- This site is optimized with the Yoast SEO plugin v24.7 - https:\/\/yoast.com\/wordpress\/plugins\/seo\/ -->\n<title>Spe\u0142niona obietnica wyborcza: odzyskany z prywatnych r\u0105k Autosan ro\u015bnie w si\u0142\u0119. Sp\u00f3\u0142ka produkuje autobusy z nap\u0119dem elektrycznym i wodorowym o \u015bwiatowym standardzie &#8211; Marek Kuchci\u0144ski<\/title>\n<meta name=\"robots\" content=\"index, follow, max-snippet:-1, max-image-preview:large, max-video-preview:-1\" \/>\n<link rel=\"canonical\" href=\"https:\/\/marekkuchcinski.pl\/sk\/wydarzenia\/spelniona-obietnica-wyborcza-odzyskany-z-prywatnych-rak-autosan-rosnie-w-sile-spolka-produkuje-autobusy-z-napedem-elektrycznym-i-wodorowym-o-swiatowym-standardzie\/\" \/>\n<meta property=\"og:locale\" content=\"sk_SK\" \/>\n<meta property=\"og:type\" content=\"article\" \/>\n<meta property=\"og:title\" content=\"Spe\u0142niona obietnica wyborcza: odzyskany z prywatnych r\u0105k Autosan ro\u015bnie w si\u0142\u0119. Sp\u00f3\u0142ka produkuje autobusy z nap\u0119dem elektrycznym i wodorowym o \u015bwiatowym standardzie &#8211; Marek Kuchci\u0144ski\" \/>\n<meta property=\"og:description\" content=\"Autosan to szacunek do tradycji, to nowoczesne autobusy, to polska marka, kt\u00f3ra od 185 lat jest blisko ludzi i zas\u0142u\u017cy\u0142a na ich zaufanie \u2013 tak m\u00f3wi o sobie sanocka firma, kt\u00f3ra obecnie zatrudnia 370 os\u00f3b. W 2016 roku upadaj\u0105cy Autosan kupi\u0142a Polska Grupa Zbrojeniowa. Po przej\u0119ciu przez PGZ nie tylko wznowi\u0142 produkcj\u0119, ale i poszerzy\u0142 [&hellip;]\" \/>\n<meta property=\"og:url\" content=\"https:\/\/marekkuchcinski.pl\/sk\/wydarzenia\/spelniona-obietnica-wyborcza-odzyskany-z-prywatnych-rak-autosan-rosnie-w-sile-spolka-produkuje-autobusy-z-napedem-elektrycznym-i-wodorowym-o-swiatowym-standardzie\/\" \/>\n<meta property=\"og:site_name\" content=\"Marek Kuchci\u0144ski\" \/>\n<meta property=\"article:published_time\" content=\"2019-10-16T12:29:14+00:00\" \/>\n<meta property=\"article:modified_time\" content=\"2019-10-16T13:54:12+00:00\" \/>\n<meta property=\"og:image\" content=\"https:\/\/marekkuchcinski.pl\/wp-content\/uploads\/2019\/10\/1-autosan.jpg\" \/>\n\t<meta property=\"og:image:width\" content=\"2048\" \/>\n\t<meta property=\"og:image:height\" content=\"1421\" \/>\n\t<meta property=\"og:image:type\" content=\"image\/jpeg\" \/>\n<meta name=\"author\" content=\"admin\" \/>\n<meta name=\"twitter:card\" content=\"summary_large_image\" \/>\n<meta name=\"twitter:label1\" content=\"Autor\" \/>\n\t<meta name=\"twitter:data1\" content=\"admin\" \/>\n\t<meta name=\"twitter:label2\" content=\"Predpokladan\u00fd \u010das \u010d\u00edtania\" \/>\n\t<meta name=\"twitter:data2\" content=\"1 min\u00fata\" \/>\n<script type=\"application\/ld+json\" class=\"yoast-schema-graph\">{\"@context\":\"https:\/\/schema.org\",\"@graph\":[{\"@type\":\"Article\",\"@id\":\"https:\/\/marekkuchcinski.pl\/en\/wydarzenia\/spelniona-obietnica-wyborcza-odzyskany-z-prywatnych-rak-autosan-rosnie-w-sile-spolka-produkuje-autobusy-z-napedem-elektrycznym-i-wodorowym-o-swiatowym-standardzie\/#article\",\"isPartOf\":{\"@id\":\"https:\/\/marekkuchcinski.pl\/en\/wydarzenia\/spelniona-obietnica-wyborcza-odzyskany-z-prywatnych-rak-autosan-rosnie-w-sile-spolka-produkuje-autobusy-z-napedem-elektrycznym-i-wodorowym-o-swiatowym-standardzie\/\"},\"author\":{\"name\":\"admin\",\"@id\":\"https:\/\/marekkuchcinski.pl\/#\/schema\/person\/6f62700996b4d950b6ea2d1183b6c6be\"},\"headline\":\"Spe\u0142niona obietnica wyborcza: odzyskany z prywatnych r\u0105k Autosan ro\u015bnie w si\u0142\u0119. Sp\u00f3\u0142ka produkuje autobusy z nap\u0119dem elektrycznym i wodorowym o \u015bwiatowym standardzie\",\"datePublished\":\"2019-10-16T12:29:14+00:00\",\"dateModified\":\"2019-10-16T13:54:12+00:00\",\"mainEntityOfPage\":{\"@id\":\"https:\/\/marekkuchcinski.pl\/en\/wydarzenia\/spelniona-obietnica-wyborcza-odzyskany-z-prywatnych-rak-autosan-rosnie-w-sile-spolka-produkuje-autobusy-z-napedem-elektrycznym-i-wodorowym-o-swiatowym-standardzie\/\"},\"wordCount\":285,\"commentCount\":0,\"publisher\":{\"@id\":\"https:\/\/marekkuchcinski.pl\/#organization\"},\"image\":{\"@id\":\"https:\/\/marekkuchcinski.pl\/en\/wydarzenia\/spelniona-obietnica-wyborcza-odzyskany-z-prywatnych-rak-autosan-rosnie-w-sile-spolka-produkuje-autobusy-z-napedem-elektrycznym-i-wodorowym-o-swiatowym-standardzie\/#primaryimage\"},\"thumbnailUrl\":\"https:\/\/marekkuchcinski.pl\/wp-content\/uploads\/2019\/10\/1-autosan.jpg\",\"articleSection\":[\"Podkarpacie\",\"Prawo i Sprawiedliwo\u015b\u0107\",\"Wydarzenia\"],\"inLanguage\":\"sk-SK\",\"potentialAction\":[{\"@type\":\"CommentAction\",\"name\":\"Comment\",\"target\":[\"https:\/\/marekkuchcinski.pl\/en\/wydarzenia\/spelniona-obietnica-wyborcza-odzyskany-z-prywatnych-rak-autosan-rosnie-w-sile-spolka-produkuje-autobusy-z-napedem-elektrycznym-i-wodorowym-o-swiatowym-standardzie\/#respond\"]}]},{\"@type\":\"WebPage\",\"@id\":\"https:\/\/marekkuchcinski.pl\/en\/wydarzenia\/spelniona-obietnica-wyborcza-odzyskany-z-prywatnych-rak-autosan-rosnie-w-sile-spolka-produkuje-autobusy-z-napedem-elektrycznym-i-wodorowym-o-swiatowym-standardzie\/\",\"url\":\"https:\/\/marekkuchcinski.pl\/en\/wydarzenia\/spelniona-obietnica-wyborcza-odzyskany-z-prywatnych-rak-autosan-rosnie-w-sile-spolka-produkuje-autobusy-z-napedem-elektrycznym-i-wodorowym-o-swiatowym-standardzie\/\",\"name\":\"Spe\u0142niona obietnica wyborcza: odzyskany z prywatnych r\u0105k Autosan ro\u015bnie w si\u0142\u0119. Sp\u00f3\u0142ka produkuje autobusy z nap\u0119dem elektrycznym i wodorowym o \u015bwiatowym standardzie &#8211; Marek Kuchci\u0144ski\",\"isPartOf\":{\"@id\":\"https:\/\/marekkuchcinski.pl\/#website\"},\"primaryImageOfPage\":{\"@id\":\"https:\/\/marekkuchcinski.pl\/en\/wydarzenia\/spelniona-obietnica-wyborcza-odzyskany-z-prywatnych-rak-autosan-rosnie-w-sile-spolka-produkuje-autobusy-z-napedem-elektrycznym-i-wodorowym-o-swiatowym-standardzie\/#primaryimage\"},\"image\":{\"@id\":\"https:\/\/marekkuchcinski.pl\/en\/wydarzenia\/spelniona-obietnica-wyborcza-odzyskany-z-prywatnych-rak-autosan-rosnie-w-sile-spolka-produkuje-autobusy-z-napedem-elektrycznym-i-wodorowym-o-swiatowym-standardzie\/#primaryimage\"},\"thumbnailUrl\":\"https:\/\/marekkuchcinski.pl\/wp-content\/uploads\/2019\/10\/1-autosan.jpg\",\"datePublished\":\"2019-10-16T12:29:14+00:00\",\"dateModified\":\"2019-10-16T13:54:12+00:00\",\"breadcrumb\":{\"@id\":\"https:\/\/marekkuchcinski.pl\/en\/wydarzenia\/spelniona-obietnica-wyborcza-odzyskany-z-prywatnych-rak-autosan-rosnie-w-sile-spolka-produkuje-autobusy-z-napedem-elektrycznym-i-wodorowym-o-swiatowym-standardzie\/#breadcrumb\"},\"inLanguage\":\"sk-SK\",\"potentialAction\":[{\"@type\":\"ReadAction\",\"target\":[\"https:\/\/marekkuchcinski.pl\/en\/wydarzenia\/spelniona-obietnica-wyborcza-odzyskany-z-prywatnych-rak-autosan-rosnie-w-sile-spolka-produkuje-autobusy-z-napedem-elektrycznym-i-wodorowym-o-swiatowym-standardzie\/\"]}]},{\"@type\":\"ImageObject\",\"inLanguage\":\"sk-SK\",\"@id\":\"https:\/\/marekkuchcinski.pl\/en\/wydarzenia\/spelniona-obietnica-wyborcza-odzyskany-z-prywatnych-rak-autosan-rosnie-w-sile-spolka-produkuje-autobusy-z-napedem-elektrycznym-i-wodorowym-o-swiatowym-standardzie\/#primaryimage\",\"url\":\"https:\/\/marekkuchcinski.pl\/wp-content\/uploads\/2019\/10\/1-autosan.jpg\",\"contentUrl\":\"https:\/\/marekkuchcinski.pl\/wp-content\/uploads\/2019\/10\/1-autosan.jpg\",\"width\":2048,\"height\":1421},{\"@type\":\"BreadcrumbList\",\"@id\":\"https:\/\/marekkuchcinski.pl\/en\/wydarzenia\/spelniona-obietnica-wyborcza-odzyskany-z-prywatnych-rak-autosan-rosnie-w-sile-spolka-produkuje-autobusy-z-napedem-elektrycznym-i-wodorowym-o-swiatowym-standardzie\/#breadcrumb\",\"itemListElement\":[{\"@type\":\"ListItem\",\"position\":1,\"name\":\"Strona g\u0142\u00f3wna\",\"item\":\"https:\/\/marekkuchcinski.pl\/\"},{\"@type\":\"ListItem\",\"position\":2,\"name\":\"Spe\u0142niona obietnica wyborcza: odzyskany z prywatnych r\u0105k Autosan ro\u015bnie w si\u0142\u0119. Sp\u00f3\u0142ka produkuje autobusy z nap\u0119dem elektrycznym i wodorowym o \u015bwiatowym standardzie\"}]},{\"@type\":\"WebSite\",\"@id\":\"https:\/\/marekkuchcinski.pl\/#website\",\"url\":\"https:\/\/marekkuchcinski.pl\/\",\"name\":\"Marek Kuchci\u0144ski\",\"description\":\"Pose\u0142 na sejm RP &ndash; okr\u0119g nr 22\",\"publisher\":{\"@id\":\"https:\/\/marekkuchcinski.pl\/#organization\"},\"potentialAction\":[{\"@type\":\"SearchAction\",\"target\":{\"@type\":\"EntryPoint\",\"urlTemplate\":\"https:\/\/marekkuchcinski.pl\/?s={search_term_string}\"},\"query-input\":{\"@type\":\"PropertyValueSpecification\",\"valueRequired\":true,\"valueName\":\"search_term_string\"}}],\"inLanguage\":\"sk-SK\"},{\"@type\":\"Organization\",\"@id\":\"https:\/\/marekkuchcinski.pl\/#organization\",\"name\":\"Marek Kuchci\u0144ski\",\"url\":\"https:\/\/marekkuchcinski.pl\/\",\"logo\":{\"@type\":\"ImageObject\",\"inLanguage\":\"sk-SK\",\"@id\":\"https:\/\/marekkuchcinski.pl\/#\/schema\/logo\/image\/\",\"url\":\"https:\/\/marekkuchcinski.pl\/wp-content\/uploads\/2022\/09\/Marek.jpg\",\"contentUrl\":\"https:\/\/marekkuchcinski.pl\/wp-content\/uploads\/2022\/09\/Marek.jpg\",\"width\":1600,\"height\":971,\"caption\":\"Marek Kuchci\u0144ski\"},\"image\":{\"@id\":\"https:\/\/marekkuchcinski.pl\/#\/schema\/logo\/image\/\"}},{\"@type\":\"Person\",\"@id\":\"https:\/\/marekkuchcinski.pl\/#\/schema\/person\/6f62700996b4d950b6ea2d1183b6c6be\",\"name\":\"admin\",\"image\":{\"@type\":\"ImageObject\",\"inLanguage\":\"sk-SK\",\"@id\":\"https:\/\/marekkuchcinski.pl\/#\/schema\/person\/image\/\",\"url\":\"https:\/\/secure.gravatar.com\/avatar\/4bab693b9d55c3d6b52c0296a8765085?s=96&d=mm&r=g\",\"contentUrl\":\"https:\/\/secure.gravatar.com\/avatar\/4bab693b9d55c3d6b52c0296a8765085?s=96&d=mm&r=g\",\"caption\":\"admin\"},\"url\":\"https:\/\/marekkuchcinski.pl\/sk\/author\/marta-olejnik\/\"}]}<\/script>\n<!-- \/ Yoast SEO plugin. -->","yoast_head_json":{"title":"Spe\u0142niona obietnica wyborcza: odzyskany z prywatnych r\u0105k Autosan ro\u015bnie w si\u0142\u0119. Sp\u00f3\u0142ka produkuje autobusy z nap\u0119dem elektrycznym i wodorowym o \u015bwiatowym standardzie &#8211; Marek Kuchci\u0144ski","robots":{"index":"index","follow":"follow","max-snippet":"max-snippet:-1","max-image-preview":"max-image-preview:large","max-video-preview":"max-video-preview:-1"},"canonical":"https:\/\/marekkuchcinski.pl\/sk\/wydarzenia\/spelniona-obietnica-wyborcza-odzyskany-z-prywatnych-rak-autosan-rosnie-w-sile-spolka-produkuje-autobusy-z-napedem-elektrycznym-i-wodorowym-o-swiatowym-standardzie\/","og_locale":"sk_SK","og_type":"article","og_title":"Spe\u0142niona obietnica wyborcza: odzyskany z prywatnych r\u0105k Autosan ro\u015bnie w si\u0142\u0119. Sp\u00f3\u0142ka produkuje autobusy z nap\u0119dem elektrycznym i wodorowym o \u015bwiatowym standardzie &#8211; Marek Kuchci\u0144ski","og_description":"Autosan to szacunek do tradycji, to nowoczesne autobusy, to polska marka, kt\u00f3ra od 185 lat jest blisko ludzi i zas\u0142u\u017cy\u0142a na ich zaufanie \u2013 tak m\u00f3wi o sobie sanocka firma, kt\u00f3ra obecnie zatrudnia 370 os\u00f3b. W 2016 roku upadaj\u0105cy Autosan kupi\u0142a Polska Grupa Zbrojeniowa. Po przej\u0119ciu przez PGZ nie tylko wznowi\u0142 produkcj\u0119, ale i poszerzy\u0142 [&hellip;]","og_url":"https:\/\/marekkuchcinski.pl\/sk\/wydarzenia\/spelniona-obietnica-wyborcza-odzyskany-z-prywatnych-rak-autosan-rosnie-w-sile-spolka-produkuje-autobusy-z-napedem-elektrycznym-i-wodorowym-o-swiatowym-standardzie\/","og_site_name":"Marek Kuchci\u0144ski","article_published_time":"2019-10-16T12:29:14+00:00","article_modified_time":"2019-10-16T13:54:12+00:00","og_image":[{"width":2048,"height":1421,"url":"https:\/\/marekkuchcinski.pl\/wp-content\/uploads\/2019\/10\/1-autosan.jpg","type":"image\/jpeg"}],"author":"admin","twitter_card":"summary_large_image","twitter_misc":{"Autor":"admin","Predpokladan\u00fd \u010das \u010d\u00edtania":"1 min\u00fata"},"schema":{"@context":"https:\/\/schema.org","@graph":[{"@type":"Article","@id":"https:\/\/marekkuchcinski.pl\/en\/wydarzenia\/spelniona-obietnica-wyborcza-odzyskany-z-prywatnych-rak-autosan-rosnie-w-sile-spolka-produkuje-autobusy-z-napedem-elektrycznym-i-wodorowym-o-swiatowym-standardzie\/#article","isPartOf":{"@id":"https:\/\/marekkuchcinski.pl\/en\/wydarzenia\/spelniona-obietnica-wyborcza-odzyskany-z-prywatnych-rak-autosan-rosnie-w-sile-spolka-produkuje-autobusy-z-napedem-elektrycznym-i-wodorowym-o-swiatowym-standardzie\/"},"author":{"name":"admin","@id":"https:\/\/marekkuchcinski.pl\/#\/schema\/person\/6f62700996b4d950b6ea2d1183b6c6be"},"headline":"Spe\u0142niona obietnica wyborcza: odzyskany z prywatnych r\u0105k Autosan ro\u015bnie w si\u0142\u0119. Sp\u00f3\u0142ka produkuje autobusy z nap\u0119dem elektrycznym i wodorowym o \u015bwiatowym standardzie","datePublished":"2019-10-16T12:29:14+00:00","dateModified":"2019-10-16T13:54:12+00:00","mainEntityOfPage":{"@id":"https:\/\/marekkuchcinski.pl\/en\/wydarzenia\/spelniona-obietnica-wyborcza-odzyskany-z-prywatnych-rak-autosan-rosnie-w-sile-spolka-produkuje-autobusy-z-napedem-elektrycznym-i-wodorowym-o-swiatowym-standardzie\/"},"wordCount":285,"commentCount":0,"publisher":{"@id":"https:\/\/marekkuchcinski.pl\/#organization"},"image":{"@id":"https:\/\/marekkuchcinski.pl\/en\/wydarzenia\/spelniona-obietnica-wyborcza-odzyskany-z-prywatnych-rak-autosan-rosnie-w-sile-spolka-produkuje-autobusy-z-napedem-elektrycznym-i-wodorowym-o-swiatowym-standardzie\/#primaryimage"},"thumbnailUrl":"https:\/\/marekkuchcinski.pl\/wp-content\/uploads\/2019\/10\/1-autosan.jpg","articleSection":["Podkarpacie","Prawo i Sprawiedliwo\u015b\u0107","Wydarzenia"],"inLanguage":"sk-SK","potentialAction":[{"@type":"CommentAction","name":"Comment","target":["https:\/\/marekkuchcinski.pl\/en\/wydarzenia\/spelniona-obietnica-wyborcza-odzyskany-z-prywatnych-rak-autosan-rosnie-w-sile-spolka-produkuje-autobusy-z-napedem-elektrycznym-i-wodorowym-o-swiatowym-standardzie\/#respond"]}]},{"@type":"WebPage","@id":"https:\/\/marekkuchcinski.pl\/en\/wydarzenia\/spelniona-obietnica-wyborcza-odzyskany-z-prywatnych-rak-autosan-rosnie-w-sile-spolka-produkuje-autobusy-z-napedem-elektrycznym-i-wodorowym-o-swiatowym-standardzie\/","url":"https:\/\/marekkuchcinski.pl\/en\/wydarzenia\/spelniona-obietnica-wyborcza-odzyskany-z-prywatnych-rak-autosan-rosnie-w-sile-spolka-produkuje-autobusy-z-napedem-elektrycznym-i-wodorowym-o-swiatowym-standardzie\/","name":"Spe\u0142niona obietnica wyborcza: odzyskany z prywatnych r\u0105k Autosan ro\u015bnie w si\u0142\u0119. Sp\u00f3\u0142ka produkuje autobusy z nap\u0119dem elektrycznym i wodorowym o \u015bwiatowym standardzie &#8211; Marek Kuchci\u0144ski","isPartOf":{"@id":"https:\/\/marekkuchcinski.pl\/#website"},"primaryImageOfPage":{"@id":"https:\/\/marekkuchcinski.pl\/en\/wydarzenia\/spelniona-obietnica-wyborcza-odzyskany-z-prywatnych-rak-autosan-rosnie-w-sile-spolka-produkuje-autobusy-z-napedem-elektrycznym-i-wodorowym-o-swiatowym-standardzie\/#primaryimage"},"image":{"@id":"https:\/\/marekkuchcinski.pl\/en\/wydarzenia\/spelniona-obietnica-wyborcza-odzyskany-z-prywatnych-rak-autosan-rosnie-w-sile-spolka-produkuje-autobusy-z-napedem-elektrycznym-i-wodorowym-o-swiatowym-standardzie\/#primaryimage"},"thumbnailUrl":"https:\/\/marekkuchcinski.pl\/wp-content\/uploads\/2019\/10\/1-autosan.jpg","datePublished":"2019-10-16T12:29:14+00:00","dateModified":"2019-10-16T13:54:12+00:00","breadcrumb":{"@id":"https:\/\/marekkuchcinski.pl\/en\/wydarzenia\/spelniona-obietnica-wyborcza-odzyskany-z-prywatnych-rak-autosan-rosnie-w-sile-spolka-produkuje-autobusy-z-napedem-elektrycznym-i-wodorowym-o-swiatowym-standardzie\/#breadcrumb"},"inLanguage":"sk-SK","potentialAction":[{"@type":"ReadAction","target":["https:\/\/marekkuchcinski.pl\/en\/wydarzenia\/spelniona-obietnica-wyborcza-odzyskany-z-prywatnych-rak-autosan-rosnie-w-sile-spolka-produkuje-autobusy-z-napedem-elektrycznym-i-wodorowym-o-swiatowym-standardzie\/"]}]},{"@type":"ImageObject","inLanguage":"sk-SK","@id":"https:\/\/marekkuchcinski.pl\/en\/wydarzenia\/spelniona-obietnica-wyborcza-odzyskany-z-prywatnych-rak-autosan-rosnie-w-sile-spolka-produkuje-autobusy-z-napedem-elektrycznym-i-wodorowym-o-swiatowym-standardzie\/#primaryimage","url":"https:\/\/marekkuchcinski.pl\/wp-content\/uploads\/2019\/10\/1-autosan.jpg","contentUrl":"https:\/\/marekkuchcinski.pl\/wp-content\/uploads\/2019\/10\/1-autosan.jpg","width":2048,"height":1421},{"@type":"BreadcrumbList","@id":"https:\/\/marekkuchcinski.pl\/en\/wydarzenia\/spelniona-obietnica-wyborcza-odzyskany-z-prywatnych-rak-autosan-rosnie-w-sile-spolka-produkuje-autobusy-z-napedem-elektrycznym-i-wodorowym-o-swiatowym-standardzie\/#breadcrumb","itemListElement":[{"@type":"ListItem","position":1,"name":"Strona g\u0142\u00f3wna","item":"https:\/\/marekkuchcinski.pl\/"},{"@type":"ListItem","position":2,"name":"Spe\u0142niona obietnica wyborcza: odzyskany z prywatnych r\u0105k Autosan ro\u015bnie w si\u0142\u0119. Sp\u00f3\u0142ka produkuje autobusy z nap\u0119dem elektrycznym i wodorowym o \u015bwiatowym standardzie"}]},{"@type":"WebSite","@id":"https:\/\/marekkuchcinski.pl\/#website","url":"https:\/\/marekkuchcinski.pl\/","name":"Marek Kuchci\u0144ski","description":"Pose\u0142 na sejm RP &ndash; okr\u0119g nr 22","publisher":{"@id":"https:\/\/marekkuchcinski.pl\/#organization"},"potentialAction":[{"@type":"SearchAction","target":{"@type":"EntryPoint","urlTemplate":"https:\/\/marekkuchcinski.pl\/?s={search_term_string}"},"query-input":{"@type":"PropertyValueSpecification","valueRequired":true,"valueName":"search_term_string"}}],"inLanguage":"sk-SK"},{"@type":"Organization","@id":"https:\/\/marekkuchcinski.pl\/#organization","name":"Marek Kuchci\u0144ski","url":"https:\/\/marekkuchcinski.pl\/","logo":{"@type":"ImageObject","inLanguage":"sk-SK","@id":"https:\/\/marekkuchcinski.pl\/#\/schema\/logo\/image\/","url":"https:\/\/marekkuchcinski.pl\/wp-content\/uploads\/2022\/09\/Marek.jpg","contentUrl":"https:\/\/marekkuchcinski.pl\/wp-content\/uploads\/2022\/09\/Marek.jpg","width":1600,"height":971,"caption":"Marek Kuchci\u0144ski"},"image":{"@id":"https:\/\/marekkuchcinski.pl\/#\/schema\/logo\/image\/"}},{"@type":"Person","@id":"https:\/\/marekkuchcinski.pl\/#\/schema\/person\/6f62700996b4d950b6ea2d1183b6c6be","name":"admin","image":{"@type":"ImageObject","inLanguage":"sk-SK","@id":"https:\/\/marekkuchcinski.pl\/#\/schema\/person\/image\/","url":"https:\/\/secure.gravatar.com\/avatar\/4bab693b9d55c3d6b52c0296a8765085?s=96&d=mm&r=g","contentUrl":"https:\/\/secure.gravatar.com\/avatar\/4bab693b9d55c3d6b52c0296a8765085?s=96&d=mm&r=g","caption":"admin"},"url":"https:\/\/marekkuchcinski.pl\/sk\/author\/marta-olejnik\/"}]}},"_links":{"self":[{"href":"https:\/\/marekkuchcinski.pl\/sk\/wp-json\/wp\/v2\/posts\/17839","targetHints":{"allow":["GET"]}}],"collection":[{"href":"https:\/\/marekkuchcinski.pl\/sk\/wp-json\/wp\/v2\/posts"}],"about":[{"href":"https:\/\/marekkuchcinski.pl\/sk\/wp-json\/wp\/v2\/types\/post"}],"author":[{"embeddable":true,"href":"https:\/\/marekkuchcinski.pl\/sk\/wp-json\/wp\/v2\/users\/6"}],"replies":[{"embeddable":true,"href":"https:\/\/marekkuchcinski.pl\/sk\/wp-json\/wp\/v2\/comments?post=17839"}],"version-history":[{"count":7,"href":"https:\/\/marekkuchcinski.pl\/sk\/wp-json\/wp\/v2\/posts\/17839\/revisions"}],"predecessor-version":[{"id":17850,"href":"https:\/\/marekkuchcinski.pl\/sk\/wp-json\/wp\/v2\/posts\/17839\/revisions\/17850"}],"wp:featuredmedia":[{"embeddable":true,"href":"https:\/\/marekkuchcinski.pl\/sk\/wp-json\/wp\/v2\/media\/17842"}],"wp:attachment":[{"href":"https:\/\/marekkuchcinski.pl\/sk\/wp-json\/wp\/v2\/media?parent=17839"}],"wp:term":[{"taxonomy":"category","embeddable":true,"href":"https:\/\/marekkuchcinski.pl\/sk\/wp-json\/wp\/v2\/categories?post=17839"},{"taxonomy":"post_tag","embeddable":true,"href":"https:\/\/marekkuchcinski.pl\/sk\/wp-json\/wp\/v2\/tags?post=17839"}],"curies":[{"name":"wp","href":"https:\/\/api.w.org\/{rel}","templated":true}]}}