{"id":17563,"date":"2019-09-12T15:48:18","date_gmt":"2019-09-12T13:48:18","guid":{"rendered":"https:\/\/marekkuchcinski.pl\/?p=17563"},"modified":"2022-09-02T15:24:44","modified_gmt":"2022-09-02T13:24:44","slug":"marek-kuchcinski-idea-europy-karpat-czerpie-z-potencjalu-unikalnej-przestrzeni-ciagnacej-sie-liczacym-ponad-tysiac-kilometrow-lukiem-dotykajacym-podnoza-alp-ktory-od-stuleci-umozliwial-wspolprace-n","status":"publish","type":"post","link":"https:\/\/marekkuchcinski.pl\/sk\/wydarzenia\/marek-kuchcinski-idea-europy-karpat-czerpie-z-potencjalu-unikalnej-przestrzeni-ciagnacej-sie-liczacym-ponad-tysiac-kilometrow-lukiem-dotykajacym-podnoza-alp-ktory-od-stuleci-umozliwial-wspolprace-n\/","title":{"rendered":"Marek Kuchci\u0144ski: My\u0161lienka Karpatskej Eur\u00f3py \u010derp\u00e1 z potenci\u00e1lu jedine\u010dn\u00e9ho priestoru, ktor\u00fd sa rozprestiera v obl\u00faku dlhom viac ako tis\u00edc kilometrov a dot\u00fdka sa \u00fap\u00e4tia \u00c1lp, a ktor\u00fd po st\u00e1ro\u010dia umo\u017e\u0148oval spolupr\u00e1cu n\u00e1rodov a \u0161t\u00e1tov, \u010dasto tvoriacich ve\u013emoci"},"content":{"rendered":"<p><strong>Pri pr\u00edle\u017eitosti 25. ro\u010dn\u00edka konferencie Karpatsk\u00e1 Eur\u00f3pa, organizovanej v r\u00e1mci Ekonomick\u00e9ho f\u00f3ra v Krynici, pripravilo vydavate\u013estvo Sejm knihu, ktor\u00e1 je s\u00faborom my\u0161lienok politikov a vedcov s predslovom zakladate\u013ea iniciat\u00edvy Mareka Kuchci\u0144sk\u00e9ho<\/strong>.<\/p>\n\n\n\n<p><strong>Predslov<\/strong><\/p>\n\n\n\n<p>V hor\u00e1ch nec\u00edtime \u017eiadne hranice. W\nHory h\u013eadaj\u00fa slobodu. V hor\u00e1ch, samozrejme, existuje konkurencia, ale\nide o cie\u013e, nie o s\u00fapera. Tento cie\u013e pre \u013eud\u00ed je\npredov\u0161etk\u00fdm h\u013eadanie harm\u00f3nie, rovnov\u00e1hy a d\u00f4stojn\u00e9ho \u017eivota v na\u0161ej pomerne komplikovanej geopolitickej\nkomplikovan\u00fd geopolitick\u00fd priestor strednej Eur\u00f3py. Ak teda\n\u010dlovek sa prirodzene usiluje o trvalo udr\u017eate\u013en\u00fd rozvoj, h\u013ead\u00e1\nrovnov\u00e1hu medzi ekonomikou a ekol\u00f3giou, ktor\u00e1 by in\u0161pirovala tvoriv\u00e9\n\u010dinnos\u0165 - posil\u0148uje svoju schopnos\u0165 myslie\u0165 v kontexte viacer\u00fdch gener\u00e1ci\u00ed. A cel\u00fd\nkomunity \"zachov\u00e1van\u00edm\" dedi\u010dstva svojich predkov buduj\u00fa pocit n\u00e1rodn\u00e9ho povedomia\nn\u00e1rodn\u00e9 povedomie zalo\u017een\u00e9 viac na etickom rozmere ne\u017e na hospod\u00e1rskom raste alebo\nuspokojenie z\u00e1kladn\u00fdch potrieb. S t\u00fdmto postojom \u00fazko s\u00favis\u00ed obava o\nzachovanie multikult\u00farnej a biodiverzity Karp\u00e1t, \u010dist\u00e9ho ovzdu\u0161ia alebo najstrategickej\u0161ej suroviny Karp\u00e1t.\npre najstrategickej\u0161\u00ed zdroj, ktor\u00fdm bude v bud\u00facnosti pitn\u00e1 voda.\nB\u00faranie je jednoduch\u00e9 a r\u00fdchle, budovanie je pomal\u00e9 a vy\u017eaduje si spolupr\u00e1cu.\nKa\u017ed\u00fd z n\u00e1s by sa mal orientova\u0165 pr\u00e1ve na bud\u00face gener\u00e1cie.\nspolupracova\u0165 s in\u00fdmi \u013eu\u010fmi. Potrebujeme \u010das a priestor na vybudovanie\nvz\u00e1jomn\u00e1 d\u00f4vera. Ako rovn\u00fd s rovn\u00fdm a slobodn\u00fd so slobodn\u00fdm.<\/p>\n\n\n\n<p>My\u0161lienka \"karpatskej Eur\u00f3py\" vych\u00e1dza z\npr\u00e1ve z tak\u00e9hoto myslenia. Vyu\u017e\u00edva potenci\u00e1l tohto jedine\u010dn\u00e9ho priestoru\nMy\u0161lienka \"karpatskej Eur\u00f3py\" vych\u00e1dza z tohto druhu myslenia.\nMy\u0161lienka \"Karpatskej Eur\u00f3py\" \u010derp\u00e1 z potenci\u00e1lu tohto jedine\u010dn\u00e9ho priestoru, ktor\u00fd sa rozprestiera na tis\u00edc kilometroch a dot\u00fdka sa \u00fap\u00e4tia \u00c1lp vo v\u00fdchodnom Rak\u00fasku a Balk\u00e1nu v ju\u017enej Eur\u00f3pe.\nObl\u00fak, ktor\u00fd po st\u00e1ro\u010dia umo\u017e\u0148oval n\u00e1rodom a \u0161t\u00e1tom spolupracova\u0165 a niekedy vytv\u00e1ra\u0165 ve\u013emoci.\nniekedy ve\u013ek\u00e9 sily. Je tie\u017e domovom mnoh\u00fdch v\u00fdnimo\u010dn\u00fdch \u013eud\u00ed,\nktor\u00ed mali obrovsk\u00fd vplyv na podobu na\u0161ej civiliz\u00e1cie, ako napr\u00edklad Henri Coand\u0103 z\nBukure\u0161\u0165 alebo Sergej Korolov zo \u017ditom\u00edra, ktor\u00e9ho pr\u00fadov\u00e9 lode prekonali\nhranice zvuku a zemskej gravit\u00e1cie; ako Ignacy \u0141ukasiewicz z Podkarpatska\nalebo Jan Szczepanik z Mo\u015bcic, zn\u00e1my ako po\u013esk\u00fd Edison - priekopn\u00edci ropn\u00e9ho priemyslu a farebnej fotografie.\nropn\u00fd priemysel a farebn\u00e1 fotografia, tkanie a telev\u00edzia; ako Nikola Tesla,\ngeni\u00e1lny chorv\u00e1tsky Srb - mu\u017e, ktor\u00fd skrotil elektrinu,\nskon\u0161truovan\u00edm elektromotora a sol\u00e1rneho \u010dl\u00e1nku; ako Otto Wichterle, \u010desk\u00fd\n\u010desk\u00fd chemik z Prost\u011bjova, bez ktor\u00e9ho plastov by bolo \u0165a\u017ek\u00e9 predstavi\u0165 si dne\u0161n\u00e9 oble\u010denie, alebo\nbez plastov by bolo \u0165a\u017ek\u00e9 predstavi\u0165 si dne\u0161n\u00e9 oble\u010denie; alebo Albert Szent-Gy\u00f6rgyi z Budape\u0161ti, objavite\u013e\nvitam\u00ednov C a P.<\/p>\n\n\n\n<p>Nemali by sme sl\u00e1vnu Rubikovu kocku\nRubikova kocka, keby ju nevyna\u0161iel ma\u010farsk\u00fd architekt Rubik Ern\u0151, ani Pulitzerova cena, keby ju v USA nezalo\u017eil Ma\u010far Joseph Pulitzer.\nPulitzerovu cenu, keby ju v USA nezalo\u017eil Ma\u010far Joseph Pulitzer. Nie\nnemali by sme p\u00edsac\u00ed stroj pre nevidiacich, keby ho nevytvoril Kempelen\nFarka\u0161 z Bratislavy. A st\u00e1le m\u00e1me skvel\u00fdch umelcov, ktor\u00fdch diela obohacuj\u00fa\nduchovn\u00fd \u017eivot \u013eud\u00ed na celom svete. S\u00fa medzi nimi vynikaj\u00faci skladatelia:\nFr\u00e9d\u00e9ric Chopin, B\u00e9la Bart\u00f3k, Ferenc Liszt, Anton\u00edn Dvo\u0159\u00e1k, Gustav Mahler, rod\u00e1k z Moravy\nGustav Mahler, Zolt\u00e1n Kod\u00e1ly a s\u00fa\u010dasn\u00ed skladatelia Henryk\nMiko\u0142aj G\u00f3recki a Krzysztof Penderecki. Svetov\u00fd v\u00fdznam dosiahli aj\nv\u00fdtvarn\u00ed umelci: Kazimir Malevi\u010d, Andy Warhol, Constantin\nBr\u00e2ncu\u0219i. Svetov\u00fa literat\u00faru trvalo obohacovali spisovatelia a myslitelia z karpatsk\u00e9ho regi\u00f3nu\nspisovatelia a myslitelia z karpatsk\u00e9ho regi\u00f3nu: Martin Buber, Paul Celan, Mircea Eliade, Zbigniew\nHerbert, Eug\u00e8ne Ionesco, Stanislaw Lem, S\u00e1ndor M\u00e1rai, Bruno Schulz a mnoh\u00ed \u010fal\u0161\u00ed.\nin\u00ed, ako napr\u00edklad \u010cesi Franz Kafka, Jaroslav Ha\u0161ek, Bohumil\nHrabal a Milan Kundera. M\u00e1me hrdinov ned\u00e1vnej hist\u00f3rie ako J\u00f3zsef\nAntall a Henryk S\u0142awik, alebo mu\u010den\u00edci ako Ryszard Siwiec, Jan Palach, S\u00e1ndor\nBauer alebo posledn\u00fd politick\u00fd v\u00e4ze\u0148 z Gulagu Vasilij Stus, pre ktor\u00e9ho bola \u013eudsk\u00e1 sloboda\nnajv\u00e4\u010d\u0161ou hodnotou bola \u013eudsk\u00e1 sloboda. Predov\u0161etk\u00fdm si zapam\u00e4tajme, \u017ee z Wadow\u00edc,\nz Wadov\u00edc, mesta na \u00fap\u00e4t\u00ed Karp\u00e1t, poch\u00e1dzal sv\u00e4t\u00fd J\u00e1n Pavol II. - tvorca koncepcie a propag\u00e1tor civiliz\u00e1cie l\u00e1sky.\nkoncept a propag\u00e1tor civiliz\u00e1cie l\u00e1sky, neocenite\u013en\u00fd projekt schopn\u00fd\nprekonanie po\u010detn\u00fdch konfliktov, ktor\u00e9 otriasaj\u00fa \u013eudstvom v 21. storo\u010d\u00ed, projekt\nprojekt vych\u00e1dzaj\u00faci z hodn\u00f4t, ktor\u00fdmi sa riadi \u017eivot obyvate\u013eov karpatsk\u00e9ho regi\u00f3nu.<\/p>\n\n\n\n<p>Ve\u013ek\u00fd je intelektu\u00e1lny\npotenci\u00e1lu n\u00e1\u0161ho regi\u00f3nu, dovo\u013ete n\u00e1m pripomen\u00fa\u0165 nasleduj\u00facu skuto\u010dnos\u0165 - existuj\u00face n\u00e1rody\nod Baltsk\u00e9ho po Jadransk\u00e9 more dali svetu 56 nosite\u013eov Nobelovej ceny\nNobelova cena.<\/p>\n\n\n\n<p>Konferencia Karpatsk\u00e1 Eur\u00f3pa m\u00e1 pre\nu\u017e roky miestom stretnut\u00ed a diskusi\u00ed pre \u013eud\u00ed, ktor\u00ed chc\u00fa slobodne hovori\u0165 o\nzachovanie jedine\u010dn\u00e9ho bohatstva kult\u00fary, pr\u00edrody a sp\u00f4sobov hospod\u00e1renia, ako aj\na o pr\u00e1ci na \u010fal\u0161\u00edch iniciat\u00edvach zameran\u00fdch na rozvoj kraj\u00edn n\u00e1\u0161ho regi\u00f3nu v r\u00e1mci glob\u00e1lnej konkurencieschopnosti.\nvo svete glob\u00e1lnej konkurencie, o iniciat\u00edve Tri-Mountain, o NATO a\nbezpe\u010dnosti; o Eur\u00f3pskej \u00fanii v kontexte probl\u00e9mov, v\u00fdziev a pr\u00edle\u017eitost\u00ed\nktor\u00fdm v s\u00fa\u010dasnosti \u010del\u00ed v mnoh\u00fdch oblastiach svojej \u010dinnosti; o\naxiologick\u00e9 aspekty na\u0161ej civiliz\u00e1cie; hospod\u00e1rske strat\u00e9gie a rozvoj; nov\u00e9 perspekt\u00edvy vedeckej spolupr\u00e1ce\nhospod\u00e1rsky rozvoj; nov\u00e9 perspekt\u00edvy vedeckej spolupr\u00e1ce medzi karpatsk\u00fdmi krajinami - to s\u00fa\nlen niektor\u00e9 z t\u00e9m, o ktor\u00fdch sa diskutuje na na\u0161ich konferenci\u00e1ch.<\/p>\n\n\n\n<p>Konferencia Eur\u00f3pa Karp\u00e1t dosiahla svoj 25. ro\u010dn\u00edk. Mnoh\u00ed z jeho \u00fa\u010dastn\u00edkov, vr\u00e1tane z\u00e1stupcov eur\u00f3pskych parlamentov, spoznali krajiny n\u00e1\u0161ho regi\u00f3nu cez jeho prizmu - otvoren\u00fa agoru, miesto stretnut\u00ed a diskusi\u00ed, stanovovania cie\u013eov a h\u013eadania doh\u00f4d. Karpatsk\u00e1 Eur\u00f3pa vzbudzuje zvedavos\u0165 o svojich susedov a t\u00e1to zvedavos\u0165 je uspokojen\u00e1 po\u010das \u010fal\u0161\u00edch stretnut\u00ed v Krasiczyne, Regiet\u00f3we a Krynici.<\/p>\n\n\n\n<div class=\"wp-block-file\"><a href=\"https:\/\/marekkuchcinski.pl\/wp-content\/uploads\/2019\/11\/EK_PL_2019_.pdf\">\"Karpatsk\u00e1 Eur\u00f3pa\" K_PL_2019_<\/a><a href=\"https:\/\/marekkuchcinski.pl\/wp-content\/uploads\/2019\/11\/EK_PL_2019_.pdf\" class=\"wp-block-file__button\" download>Stiahnite si<\/a><\/div>\n\n\n\n<figure class=\"wp-block-image\"><img fetchpriority=\"high\" decoding=\"async\" width=\"1024\" height=\"741\" src=\"https:\/\/marekkuchcinski.pl\/wp-content\/uploads\/2019\/09\/mg\u00f3ry-1-1024x741.jpg\" alt=\"\" class=\"wp-image-17572\" srcset=\"https:\/\/marekkuchcinski.pl\/wp-content\/uploads\/2019\/09\/mg\u00f3ry-1-1024x741.jpg 1024w, https:\/\/marekkuchcinski.pl\/wp-content\/uploads\/2019\/09\/mg\u00f3ry-1-300x217.jpg 300w, https:\/\/marekkuchcinski.pl\/wp-content\/uploads\/2019\/09\/mg\u00f3ry-1-768x555.jpg 768w, https:\/\/marekkuchcinski.pl\/wp-content\/uploads\/2019\/09\/mg\u00f3ry-1.jpg 1807w\" sizes=\"(max-width: 1024px) 100vw, 1024px\" \/><\/figure>\n\n\n\n<figure class=\"wp-block-image\"><img decoding=\"async\" width=\"1024\" height=\"978\" src=\"https:\/\/marekkuchcinski.pl\/wp-content\/uploads\/2019\/09\/Jas\u0142o-1024x978.png\" alt=\"\" class=\"wp-image-17574\" srcset=\"https:\/\/marekkuchcinski.pl\/wp-content\/uploads\/2019\/09\/Jas\u0142o-1024x978.png 1024w, https:\/\/marekkuchcinski.pl\/wp-content\/uploads\/2019\/09\/Jas\u0142o-300x287.png 300w, https:\/\/marekkuchcinski.pl\/wp-content\/uploads\/2019\/09\/Jas\u0142o-768x734.png 768w, https:\/\/marekkuchcinski.pl\/wp-content\/uploads\/2019\/09\/Jas\u0142o.png 1426w\" sizes=\"(max-width: 1024px) 100vw, 1024px\" \/><figcaption>Bieszczady, Ve\u013ek\u00e9 Jaslo<\/figcaption><\/figure>","protected":false},"excerpt":{"rendered":"<p>Z okazji 25. edycji Konferencji Europa Karpat, organizowanej w ramach Forum Ekonomicznego w Krynicy, wydawnictwo sejmowe przygotowa\u0142o ksi\u0105\u017ck\u0119 b\u0119d\u0105c\u0105 zbiorem my\u015bli polityk\u00f3w i uczonych ze s\u0142owem wst\u0119pnym tw\u00f3rcy inicjatywy Marka Kuchci\u0144skiego. S\u0142owo wst\u0119pne W g\u00f3rach nie czujemy granic. W g\u00f3rach szuka si\u0119 wolno\u015bci. W g\u00f3rach istnieje oczywi\u015bcie rywalizacja, ale dotyczy ona wyznaczonego celu, nie przeciwnika. [&hellip;]<\/p>","protected":false},"author":6,"featured_media":17571,"comment_status":"open","ping_status":"open","sticky":false,"template":"","format":"standard","meta":{"ngg_post_thumbnail":0,"footnotes":""},"categories":[78,196,50,3],"tags":[],"class_list":["post-17563","post","type-post","status-publish","format-standard","has-post-thumbnail","hentry","category-europa-karpat","category-publikacje","category-wspolpraca-miedzynarodowa","category-wydarzenia"],"yoast_head":"<!-- This site is optimized with the Yoast SEO plugin v24.7 - https:\/\/yoast.com\/wordpress\/plugins\/seo\/ -->\n<title>Marek Kuchci\u0144ski: Idea Europy Karpat czerpie z potencja\u0142u unikalnej przestrzeni, ci\u0105gn\u0105cej si\u0119 licz\u0105cym ponad tysi\u0105c kilometr\u00f3w \u0142ukiem dotykaj\u0105cym podn\u00f3\u017ca Alp, kt\u00f3ry od stuleci umo\u017cliwia\u0142 wsp\u00f3\u0142prac\u0119 narod\u00f3w i pa\u0144stw niejednokrotnie tworz\u0105cych wielkie pot\u0119gi &#8211; Marek Kuchci\u0144ski<\/title>\n<meta name=\"robots\" content=\"index, follow, max-snippet:-1, max-image-preview:large, max-video-preview:-1\" \/>\n<link rel=\"canonical\" href=\"https:\/\/marekkuchcinski.pl\/sk\/wydarzenia\/marek-kuchcinski-idea-europy-karpat-czerpie-z-potencjalu-unikalnej-przestrzeni-ciagnacej-sie-liczacym-ponad-tysiac-kilometrow-lukiem-dotykajacym-podnoza-alp-ktory-od-stuleci-umozliwial-wspolprace-n\/\" \/>\n<meta property=\"og:locale\" content=\"sk_SK\" \/>\n<meta property=\"og:type\" content=\"article\" \/>\n<meta property=\"og:title\" content=\"Marek Kuchci\u0144ski: Idea Europy Karpat czerpie z potencja\u0142u unikalnej przestrzeni, ci\u0105gn\u0105cej si\u0119 licz\u0105cym ponad tysi\u0105c kilometr\u00f3w \u0142ukiem dotykaj\u0105cym podn\u00f3\u017ca Alp, kt\u00f3ry od stuleci umo\u017cliwia\u0142 wsp\u00f3\u0142prac\u0119 narod\u00f3w i pa\u0144stw niejednokrotnie tworz\u0105cych wielkie pot\u0119gi &#8211; Marek Kuchci\u0144ski\" \/>\n<meta property=\"og:description\" content=\"Z okazji 25. edycji Konferencji Europa Karpat, organizowanej w ramach Forum Ekonomicznego w Krynicy, wydawnictwo sejmowe przygotowa\u0142o ksi\u0105\u017ck\u0119 b\u0119d\u0105c\u0105 zbiorem my\u015bli polityk\u00f3w i uczonych ze s\u0142owem wst\u0119pnym tw\u00f3rcy inicjatywy Marka Kuchci\u0144skiego. S\u0142owo wst\u0119pne W g\u00f3rach nie czujemy granic. W g\u00f3rach szuka si\u0119 wolno\u015bci. W g\u00f3rach istnieje oczywi\u015bcie rywalizacja, ale dotyczy ona wyznaczonego celu, nie przeciwnika. [&hellip;]\" \/>\n<meta property=\"og:url\" content=\"https:\/\/marekkuchcinski.pl\/sk\/wydarzenia\/marek-kuchcinski-idea-europy-karpat-czerpie-z-potencjalu-unikalnej-przestrzeni-ciagnacej-sie-liczacym-ponad-tysiac-kilometrow-lukiem-dotykajacym-podnoza-alp-ktory-od-stuleci-umozliwial-wspolprace-n\/\" \/>\n<meta property=\"og:site_name\" content=\"Marek Kuchci\u0144ski\" \/>\n<meta property=\"article:published_time\" content=\"2019-09-12T13:48:18+00:00\" \/>\n<meta property=\"article:modified_time\" content=\"2022-09-02T13:24:44+00:00\" \/>\n<meta property=\"og:image\" content=\"https:\/\/marekkuchcinski.pl\/wp-content\/uploads\/2019\/09\/mg\u00f3ry.jpg\" \/>\n\t<meta property=\"og:image:width\" content=\"1807\" \/>\n\t<meta property=\"og:image:height\" content=\"1307\" \/>\n\t<meta property=\"og:image:type\" content=\"image\/jpeg\" \/>\n<meta name=\"author\" content=\"admin\" \/>\n<meta name=\"twitter:card\" content=\"summary_large_image\" \/>\n<meta name=\"twitter:label1\" content=\"Autor\" \/>\n\t<meta name=\"twitter:data1\" content=\"admin\" \/>\n\t<meta name=\"twitter:label2\" content=\"Predpokladan\u00fd \u010das \u010d\u00edtania\" \/>\n\t<meta name=\"twitter:data2\" content=\"4 min\u00faty\" \/>\n<script type=\"application\/ld+json\" class=\"yoast-schema-graph\">{\"@context\":\"https:\/\/schema.org\",\"@graph\":[{\"@type\":\"Article\",\"@id\":\"https:\/\/marekkuchcinski.pl\/uk\/wydarzenia\/marek-kuchcinski-idea-europy-karpat-czerpie-z-potencjalu-unikalnej-przestrzeni-ciagnacej-sie-liczacym-ponad-tysiac-kilometrow-lukiem-dotykajacym-podnoza-alp-ktory-od-stuleci-umozliwial-wspolprace-n\/#article\",\"isPartOf\":{\"@id\":\"https:\/\/marekkuchcinski.pl\/uk\/wydarzenia\/marek-kuchcinski-idea-europy-karpat-czerpie-z-potencjalu-unikalnej-przestrzeni-ciagnacej-sie-liczacym-ponad-tysiac-kilometrow-lukiem-dotykajacym-podnoza-alp-ktory-od-stuleci-umozliwial-wspolprace-n\/\"},\"author\":{\"name\":\"admin\",\"@id\":\"https:\/\/marekkuchcinski.pl\/#\/schema\/person\/6f62700996b4d950b6ea2d1183b6c6be\"},\"headline\":\"Marek Kuchci\u0144ski: Idea Europy Karpat czerpie z potencja\u0142u unikalnej przestrzeni, ci\u0105gn\u0105cej si\u0119 licz\u0105cym ponad tysi\u0105c kilometr\u00f3w \u0142ukiem dotykaj\u0105cym podn\u00f3\u017ca Alp, kt\u00f3ry od stuleci umo\u017cliwia\u0142 wsp\u00f3\u0142prac\u0119 narod\u00f3w i pa\u0144stw niejednokrotnie tworz\u0105cych wielkie pot\u0119gi\",\"datePublished\":\"2019-09-12T13:48:18+00:00\",\"dateModified\":\"2022-09-02T13:24:44+00:00\",\"mainEntityOfPage\":{\"@id\":\"https:\/\/marekkuchcinski.pl\/uk\/wydarzenia\/marek-kuchcinski-idea-europy-karpat-czerpie-z-potencjalu-unikalnej-przestrzeni-ciagnacej-sie-liczacym-ponad-tysiac-kilometrow-lukiem-dotykajacym-podnoza-alp-ktory-od-stuleci-umozliwial-wspolprace-n\/\"},\"wordCount\":994,\"commentCount\":0,\"publisher\":{\"@id\":\"https:\/\/marekkuchcinski.pl\/#organization\"},\"image\":{\"@id\":\"https:\/\/marekkuchcinski.pl\/uk\/wydarzenia\/marek-kuchcinski-idea-europy-karpat-czerpie-z-potencjalu-unikalnej-przestrzeni-ciagnacej-sie-liczacym-ponad-tysiac-kilometrow-lukiem-dotykajacym-podnoza-alp-ktory-od-stuleci-umozliwial-wspolprace-n\/#primaryimage\"},\"thumbnailUrl\":\"https:\/\/marekkuchcinski.pl\/wp-content\/uploads\/2019\/09\/mg\u00f3ry.jpg\",\"articleSection\":[\"Europa Karpat\",\"Publikacje\",\"Wsp\u00f3\u0142praca mi\u0119dzynarodowa\",\"Wydarzenia\"],\"inLanguage\":\"sk-SK\",\"potentialAction\":[{\"@type\":\"CommentAction\",\"name\":\"Comment\",\"target\":[\"https:\/\/marekkuchcinski.pl\/uk\/wydarzenia\/marek-kuchcinski-idea-europy-karpat-czerpie-z-potencjalu-unikalnej-przestrzeni-ciagnacej-sie-liczacym-ponad-tysiac-kilometrow-lukiem-dotykajacym-podnoza-alp-ktory-od-stuleci-umozliwial-wspolprace-n\/#respond\"]}]},{\"@type\":\"WebPage\",\"@id\":\"https:\/\/marekkuchcinski.pl\/uk\/wydarzenia\/marek-kuchcinski-idea-europy-karpat-czerpie-z-potencjalu-unikalnej-przestrzeni-ciagnacej-sie-liczacym-ponad-tysiac-kilometrow-lukiem-dotykajacym-podnoza-alp-ktory-od-stuleci-umozliwial-wspolprace-n\/\",\"url\":\"https:\/\/marekkuchcinski.pl\/uk\/wydarzenia\/marek-kuchcinski-idea-europy-karpat-czerpie-z-potencjalu-unikalnej-przestrzeni-ciagnacej-sie-liczacym-ponad-tysiac-kilometrow-lukiem-dotykajacym-podnoza-alp-ktory-od-stuleci-umozliwial-wspolprace-n\/\",\"name\":\"Marek Kuchci\u0144ski: Idea Europy Karpat czerpie z potencja\u0142u unikalnej przestrzeni, ci\u0105gn\u0105cej si\u0119 licz\u0105cym ponad tysi\u0105c kilometr\u00f3w \u0142ukiem dotykaj\u0105cym podn\u00f3\u017ca Alp, kt\u00f3ry od stuleci umo\u017cliwia\u0142 wsp\u00f3\u0142prac\u0119 narod\u00f3w i pa\u0144stw niejednokrotnie tworz\u0105cych wielkie pot\u0119gi &#8211; Marek Kuchci\u0144ski\",\"isPartOf\":{\"@id\":\"https:\/\/marekkuchcinski.pl\/#website\"},\"primaryImageOfPage\":{\"@id\":\"https:\/\/marekkuchcinski.pl\/uk\/wydarzenia\/marek-kuchcinski-idea-europy-karpat-czerpie-z-potencjalu-unikalnej-przestrzeni-ciagnacej-sie-liczacym-ponad-tysiac-kilometrow-lukiem-dotykajacym-podnoza-alp-ktory-od-stuleci-umozliwial-wspolprace-n\/#primaryimage\"},\"image\":{\"@id\":\"https:\/\/marekkuchcinski.pl\/uk\/wydarzenia\/marek-kuchcinski-idea-europy-karpat-czerpie-z-potencjalu-unikalnej-przestrzeni-ciagnacej-sie-liczacym-ponad-tysiac-kilometrow-lukiem-dotykajacym-podnoza-alp-ktory-od-stuleci-umozliwial-wspolprace-n\/#primaryimage\"},\"thumbnailUrl\":\"https:\/\/marekkuchcinski.pl\/wp-content\/uploads\/2019\/09\/mg\u00f3ry.jpg\",\"datePublished\":\"2019-09-12T13:48:18+00:00\",\"dateModified\":\"2022-09-02T13:24:44+00:00\",\"breadcrumb\":{\"@id\":\"https:\/\/marekkuchcinski.pl\/uk\/wydarzenia\/marek-kuchcinski-idea-europy-karpat-czerpie-z-potencjalu-unikalnej-przestrzeni-ciagnacej-sie-liczacym-ponad-tysiac-kilometrow-lukiem-dotykajacym-podnoza-alp-ktory-od-stuleci-umozliwial-wspolprace-n\/#breadcrumb\"},\"inLanguage\":\"sk-SK\",\"potentialAction\":[{\"@type\":\"ReadAction\",\"target\":[\"https:\/\/marekkuchcinski.pl\/uk\/wydarzenia\/marek-kuchcinski-idea-europy-karpat-czerpie-z-potencjalu-unikalnej-przestrzeni-ciagnacej-sie-liczacym-ponad-tysiac-kilometrow-lukiem-dotykajacym-podnoza-alp-ktory-od-stuleci-umozliwial-wspolprace-n\/\"]}]},{\"@type\":\"ImageObject\",\"inLanguage\":\"sk-SK\",\"@id\":\"https:\/\/marekkuchcinski.pl\/uk\/wydarzenia\/marek-kuchcinski-idea-europy-karpat-czerpie-z-potencjalu-unikalnej-przestrzeni-ciagnacej-sie-liczacym-ponad-tysiac-kilometrow-lukiem-dotykajacym-podnoza-alp-ktory-od-stuleci-umozliwial-wspolprace-n\/#primaryimage\",\"url\":\"https:\/\/marekkuchcinski.pl\/wp-content\/uploads\/2019\/09\/mg\u00f3ry.jpg\",\"contentUrl\":\"https:\/\/marekkuchcinski.pl\/wp-content\/uploads\/2019\/09\/mg\u00f3ry.jpg\",\"width\":1807,\"height\":1307},{\"@type\":\"BreadcrumbList\",\"@id\":\"https:\/\/marekkuchcinski.pl\/uk\/wydarzenia\/marek-kuchcinski-idea-europy-karpat-czerpie-z-potencjalu-unikalnej-przestrzeni-ciagnacej-sie-liczacym-ponad-tysiac-kilometrow-lukiem-dotykajacym-podnoza-alp-ktory-od-stuleci-umozliwial-wspolprace-n\/#breadcrumb\",\"itemListElement\":[{\"@type\":\"ListItem\",\"position\":1,\"name\":\"Strona g\u0142\u00f3wna\",\"item\":\"https:\/\/marekkuchcinski.pl\/\"},{\"@type\":\"ListItem\",\"position\":2,\"name\":\"Marek Kuchci\u0144ski: Idea Europy Karpat czerpie z potencja\u0142u unikalnej przestrzeni, ci\u0105gn\u0105cej si\u0119 licz\u0105cym ponad tysi\u0105c kilometr\u00f3w \u0142ukiem dotykaj\u0105cym podn\u00f3\u017ca Alp, kt\u00f3ry od stuleci umo\u017cliwia\u0142 wsp\u00f3\u0142prac\u0119 narod\u00f3w i pa\u0144stw niejednokrotnie tworz\u0105cych wielkie pot\u0119gi\"}]},{\"@type\":\"WebSite\",\"@id\":\"https:\/\/marekkuchcinski.pl\/#website\",\"url\":\"https:\/\/marekkuchcinski.pl\/\",\"name\":\"Marek Kuchci\u0144ski\",\"description\":\"Pose\u0142 na sejm RP &ndash; okr\u0119g nr 22\",\"publisher\":{\"@id\":\"https:\/\/marekkuchcinski.pl\/#organization\"},\"potentialAction\":[{\"@type\":\"SearchAction\",\"target\":{\"@type\":\"EntryPoint\",\"urlTemplate\":\"https:\/\/marekkuchcinski.pl\/?s={search_term_string}\"},\"query-input\":{\"@type\":\"PropertyValueSpecification\",\"valueRequired\":true,\"valueName\":\"search_term_string\"}}],\"inLanguage\":\"sk-SK\"},{\"@type\":\"Organization\",\"@id\":\"https:\/\/marekkuchcinski.pl\/#organization\",\"name\":\"Marek Kuchci\u0144ski\",\"url\":\"https:\/\/marekkuchcinski.pl\/\",\"logo\":{\"@type\":\"ImageObject\",\"inLanguage\":\"sk-SK\",\"@id\":\"https:\/\/marekkuchcinski.pl\/#\/schema\/logo\/image\/\",\"url\":\"https:\/\/marekkuchcinski.pl\/wp-content\/uploads\/2022\/09\/Marek.jpg\",\"contentUrl\":\"https:\/\/marekkuchcinski.pl\/wp-content\/uploads\/2022\/09\/Marek.jpg\",\"width\":1600,\"height\":971,\"caption\":\"Marek Kuchci\u0144ski\"},\"image\":{\"@id\":\"https:\/\/marekkuchcinski.pl\/#\/schema\/logo\/image\/\"}},{\"@type\":\"Person\",\"@id\":\"https:\/\/marekkuchcinski.pl\/#\/schema\/person\/6f62700996b4d950b6ea2d1183b6c6be\",\"name\":\"admin\",\"image\":{\"@type\":\"ImageObject\",\"inLanguage\":\"sk-SK\",\"@id\":\"https:\/\/marekkuchcinski.pl\/#\/schema\/person\/image\/\",\"url\":\"https:\/\/secure.gravatar.com\/avatar\/4bab693b9d55c3d6b52c0296a8765085?s=96&d=mm&r=g\",\"contentUrl\":\"https:\/\/secure.gravatar.com\/avatar\/4bab693b9d55c3d6b52c0296a8765085?s=96&d=mm&r=g\",\"caption\":\"admin\"},\"url\":\"https:\/\/marekkuchcinski.pl\/sk\/author\/marta-olejnik\/\"}]}<\/script>\n<!-- \/ Yoast SEO plugin. -->","yoast_head_json":{"title":"Marek Kuchci\u0144ski: Idea Europy Karpat czerpie z potencja\u0142u unikalnej przestrzeni, ci\u0105gn\u0105cej si\u0119 licz\u0105cym ponad tysi\u0105c kilometr\u00f3w \u0142ukiem dotykaj\u0105cym podn\u00f3\u017ca Alp, kt\u00f3ry od stuleci umo\u017cliwia\u0142 wsp\u00f3\u0142prac\u0119 narod\u00f3w i pa\u0144stw niejednokrotnie tworz\u0105cych wielkie pot\u0119gi &#8211; Marek Kuchci\u0144ski","robots":{"index":"index","follow":"follow","max-snippet":"max-snippet:-1","max-image-preview":"max-image-preview:large","max-video-preview":"max-video-preview:-1"},"canonical":"https:\/\/marekkuchcinski.pl\/sk\/wydarzenia\/marek-kuchcinski-idea-europy-karpat-czerpie-z-potencjalu-unikalnej-przestrzeni-ciagnacej-sie-liczacym-ponad-tysiac-kilometrow-lukiem-dotykajacym-podnoza-alp-ktory-od-stuleci-umozliwial-wspolprace-n\/","og_locale":"sk_SK","og_type":"article","og_title":"Marek Kuchci\u0144ski: Idea Europy Karpat czerpie z potencja\u0142u unikalnej przestrzeni, ci\u0105gn\u0105cej si\u0119 licz\u0105cym ponad tysi\u0105c kilometr\u00f3w \u0142ukiem dotykaj\u0105cym podn\u00f3\u017ca Alp, kt\u00f3ry od stuleci umo\u017cliwia\u0142 wsp\u00f3\u0142prac\u0119 narod\u00f3w i pa\u0144stw niejednokrotnie tworz\u0105cych wielkie pot\u0119gi &#8211; Marek Kuchci\u0144ski","og_description":"Z okazji 25. edycji Konferencji Europa Karpat, organizowanej w ramach Forum Ekonomicznego w Krynicy, wydawnictwo sejmowe przygotowa\u0142o ksi\u0105\u017ck\u0119 b\u0119d\u0105c\u0105 zbiorem my\u015bli polityk\u00f3w i uczonych ze s\u0142owem wst\u0119pnym tw\u00f3rcy inicjatywy Marka Kuchci\u0144skiego. S\u0142owo wst\u0119pne W g\u00f3rach nie czujemy granic. W g\u00f3rach szuka si\u0119 wolno\u015bci. W g\u00f3rach istnieje oczywi\u015bcie rywalizacja, ale dotyczy ona wyznaczonego celu, nie przeciwnika. [&hellip;]","og_url":"https:\/\/marekkuchcinski.pl\/sk\/wydarzenia\/marek-kuchcinski-idea-europy-karpat-czerpie-z-potencjalu-unikalnej-przestrzeni-ciagnacej-sie-liczacym-ponad-tysiac-kilometrow-lukiem-dotykajacym-podnoza-alp-ktory-od-stuleci-umozliwial-wspolprace-n\/","og_site_name":"Marek Kuchci\u0144ski","article_published_time":"2019-09-12T13:48:18+00:00","article_modified_time":"2022-09-02T13:24:44+00:00","og_image":[{"width":1807,"height":1307,"url":"https:\/\/marekkuchcinski.pl\/wp-content\/uploads\/2019\/09\/mg\u00f3ry.jpg","type":"image\/jpeg"}],"author":"admin","twitter_card":"summary_large_image","twitter_misc":{"Autor":"admin","Predpokladan\u00fd \u010das \u010d\u00edtania":"4 min\u00faty"},"schema":{"@context":"https:\/\/schema.org","@graph":[{"@type":"Article","@id":"https:\/\/marekkuchcinski.pl\/uk\/wydarzenia\/marek-kuchcinski-idea-europy-karpat-czerpie-z-potencjalu-unikalnej-przestrzeni-ciagnacej-sie-liczacym-ponad-tysiac-kilometrow-lukiem-dotykajacym-podnoza-alp-ktory-od-stuleci-umozliwial-wspolprace-n\/#article","isPartOf":{"@id":"https:\/\/marekkuchcinski.pl\/uk\/wydarzenia\/marek-kuchcinski-idea-europy-karpat-czerpie-z-potencjalu-unikalnej-przestrzeni-ciagnacej-sie-liczacym-ponad-tysiac-kilometrow-lukiem-dotykajacym-podnoza-alp-ktory-od-stuleci-umozliwial-wspolprace-n\/"},"author":{"name":"admin","@id":"https:\/\/marekkuchcinski.pl\/#\/schema\/person\/6f62700996b4d950b6ea2d1183b6c6be"},"headline":"Marek Kuchci\u0144ski: Idea Europy Karpat czerpie z potencja\u0142u unikalnej przestrzeni, ci\u0105gn\u0105cej si\u0119 licz\u0105cym ponad tysi\u0105c kilometr\u00f3w \u0142ukiem dotykaj\u0105cym podn\u00f3\u017ca Alp, kt\u00f3ry od stuleci umo\u017cliwia\u0142 wsp\u00f3\u0142prac\u0119 narod\u00f3w i pa\u0144stw niejednokrotnie tworz\u0105cych wielkie pot\u0119gi","datePublished":"2019-09-12T13:48:18+00:00","dateModified":"2022-09-02T13:24:44+00:00","mainEntityOfPage":{"@id":"https:\/\/marekkuchcinski.pl\/uk\/wydarzenia\/marek-kuchcinski-idea-europy-karpat-czerpie-z-potencjalu-unikalnej-przestrzeni-ciagnacej-sie-liczacym-ponad-tysiac-kilometrow-lukiem-dotykajacym-podnoza-alp-ktory-od-stuleci-umozliwial-wspolprace-n\/"},"wordCount":994,"commentCount":0,"publisher":{"@id":"https:\/\/marekkuchcinski.pl\/#organization"},"image":{"@id":"https:\/\/marekkuchcinski.pl\/uk\/wydarzenia\/marek-kuchcinski-idea-europy-karpat-czerpie-z-potencjalu-unikalnej-przestrzeni-ciagnacej-sie-liczacym-ponad-tysiac-kilometrow-lukiem-dotykajacym-podnoza-alp-ktory-od-stuleci-umozliwial-wspolprace-n\/#primaryimage"},"thumbnailUrl":"https:\/\/marekkuchcinski.pl\/wp-content\/uploads\/2019\/09\/mg\u00f3ry.jpg","articleSection":["Europa Karpat","Publikacje","Wsp\u00f3\u0142praca mi\u0119dzynarodowa","Wydarzenia"],"inLanguage":"sk-SK","potentialAction":[{"@type":"CommentAction","name":"Comment","target":["https:\/\/marekkuchcinski.pl\/uk\/wydarzenia\/marek-kuchcinski-idea-europy-karpat-czerpie-z-potencjalu-unikalnej-przestrzeni-ciagnacej-sie-liczacym-ponad-tysiac-kilometrow-lukiem-dotykajacym-podnoza-alp-ktory-od-stuleci-umozliwial-wspolprace-n\/#respond"]}]},{"@type":"WebPage","@id":"https:\/\/marekkuchcinski.pl\/uk\/wydarzenia\/marek-kuchcinski-idea-europy-karpat-czerpie-z-potencjalu-unikalnej-przestrzeni-ciagnacej-sie-liczacym-ponad-tysiac-kilometrow-lukiem-dotykajacym-podnoza-alp-ktory-od-stuleci-umozliwial-wspolprace-n\/","url":"https:\/\/marekkuchcinski.pl\/uk\/wydarzenia\/marek-kuchcinski-idea-europy-karpat-czerpie-z-potencjalu-unikalnej-przestrzeni-ciagnacej-sie-liczacym-ponad-tysiac-kilometrow-lukiem-dotykajacym-podnoza-alp-ktory-od-stuleci-umozliwial-wspolprace-n\/","name":"Marek Kuchci\u0144ski: Idea Europy Karpat czerpie z potencja\u0142u unikalnej przestrzeni, ci\u0105gn\u0105cej si\u0119 licz\u0105cym ponad tysi\u0105c kilometr\u00f3w \u0142ukiem dotykaj\u0105cym podn\u00f3\u017ca Alp, kt\u00f3ry od stuleci umo\u017cliwia\u0142 wsp\u00f3\u0142prac\u0119 narod\u00f3w i pa\u0144stw niejednokrotnie tworz\u0105cych wielkie pot\u0119gi &#8211; Marek Kuchci\u0144ski","isPartOf":{"@id":"https:\/\/marekkuchcinski.pl\/#website"},"primaryImageOfPage":{"@id":"https:\/\/marekkuchcinski.pl\/uk\/wydarzenia\/marek-kuchcinski-idea-europy-karpat-czerpie-z-potencjalu-unikalnej-przestrzeni-ciagnacej-sie-liczacym-ponad-tysiac-kilometrow-lukiem-dotykajacym-podnoza-alp-ktory-od-stuleci-umozliwial-wspolprace-n\/#primaryimage"},"image":{"@id":"https:\/\/marekkuchcinski.pl\/uk\/wydarzenia\/marek-kuchcinski-idea-europy-karpat-czerpie-z-potencjalu-unikalnej-przestrzeni-ciagnacej-sie-liczacym-ponad-tysiac-kilometrow-lukiem-dotykajacym-podnoza-alp-ktory-od-stuleci-umozliwial-wspolprace-n\/#primaryimage"},"thumbnailUrl":"https:\/\/marekkuchcinski.pl\/wp-content\/uploads\/2019\/09\/mg\u00f3ry.jpg","datePublished":"2019-09-12T13:48:18+00:00","dateModified":"2022-09-02T13:24:44+00:00","breadcrumb":{"@id":"https:\/\/marekkuchcinski.pl\/uk\/wydarzenia\/marek-kuchcinski-idea-europy-karpat-czerpie-z-potencjalu-unikalnej-przestrzeni-ciagnacej-sie-liczacym-ponad-tysiac-kilometrow-lukiem-dotykajacym-podnoza-alp-ktory-od-stuleci-umozliwial-wspolprace-n\/#breadcrumb"},"inLanguage":"sk-SK","potentialAction":[{"@type":"ReadAction","target":["https:\/\/marekkuchcinski.pl\/uk\/wydarzenia\/marek-kuchcinski-idea-europy-karpat-czerpie-z-potencjalu-unikalnej-przestrzeni-ciagnacej-sie-liczacym-ponad-tysiac-kilometrow-lukiem-dotykajacym-podnoza-alp-ktory-od-stuleci-umozliwial-wspolprace-n\/"]}]},{"@type":"ImageObject","inLanguage":"sk-SK","@id":"https:\/\/marekkuchcinski.pl\/uk\/wydarzenia\/marek-kuchcinski-idea-europy-karpat-czerpie-z-potencjalu-unikalnej-przestrzeni-ciagnacej-sie-liczacym-ponad-tysiac-kilometrow-lukiem-dotykajacym-podnoza-alp-ktory-od-stuleci-umozliwial-wspolprace-n\/#primaryimage","url":"https:\/\/marekkuchcinski.pl\/wp-content\/uploads\/2019\/09\/mg\u00f3ry.jpg","contentUrl":"https:\/\/marekkuchcinski.pl\/wp-content\/uploads\/2019\/09\/mg\u00f3ry.jpg","width":1807,"height":1307},{"@type":"BreadcrumbList","@id":"https:\/\/marekkuchcinski.pl\/uk\/wydarzenia\/marek-kuchcinski-idea-europy-karpat-czerpie-z-potencjalu-unikalnej-przestrzeni-ciagnacej-sie-liczacym-ponad-tysiac-kilometrow-lukiem-dotykajacym-podnoza-alp-ktory-od-stuleci-umozliwial-wspolprace-n\/#breadcrumb","itemListElement":[{"@type":"ListItem","position":1,"name":"Strona g\u0142\u00f3wna","item":"https:\/\/marekkuchcinski.pl\/"},{"@type":"ListItem","position":2,"name":"Marek Kuchci\u0144ski: Idea Europy Karpat czerpie z potencja\u0142u unikalnej przestrzeni, ci\u0105gn\u0105cej si\u0119 licz\u0105cym ponad tysi\u0105c kilometr\u00f3w \u0142ukiem dotykaj\u0105cym podn\u00f3\u017ca Alp, kt\u00f3ry od stuleci umo\u017cliwia\u0142 wsp\u00f3\u0142prac\u0119 narod\u00f3w i pa\u0144stw niejednokrotnie tworz\u0105cych wielkie pot\u0119gi"}]},{"@type":"WebSite","@id":"https:\/\/marekkuchcinski.pl\/#website","url":"https:\/\/marekkuchcinski.pl\/","name":"Marek Kuchci\u0144ski","description":"Pose\u0142 na sejm RP &ndash; okr\u0119g nr 22","publisher":{"@id":"https:\/\/marekkuchcinski.pl\/#organization"},"potentialAction":[{"@type":"SearchAction","target":{"@type":"EntryPoint","urlTemplate":"https:\/\/marekkuchcinski.pl\/?s={search_term_string}"},"query-input":{"@type":"PropertyValueSpecification","valueRequired":true,"valueName":"search_term_string"}}],"inLanguage":"sk-SK"},{"@type":"Organization","@id":"https:\/\/marekkuchcinski.pl\/#organization","name":"Marek Kuchci\u0144ski","url":"https:\/\/marekkuchcinski.pl\/","logo":{"@type":"ImageObject","inLanguage":"sk-SK","@id":"https:\/\/marekkuchcinski.pl\/#\/schema\/logo\/image\/","url":"https:\/\/marekkuchcinski.pl\/wp-content\/uploads\/2022\/09\/Marek.jpg","contentUrl":"https:\/\/marekkuchcinski.pl\/wp-content\/uploads\/2022\/09\/Marek.jpg","width":1600,"height":971,"caption":"Marek Kuchci\u0144ski"},"image":{"@id":"https:\/\/marekkuchcinski.pl\/#\/schema\/logo\/image\/"}},{"@type":"Person","@id":"https:\/\/marekkuchcinski.pl\/#\/schema\/person\/6f62700996b4d950b6ea2d1183b6c6be","name":"admin","image":{"@type":"ImageObject","inLanguage":"sk-SK","@id":"https:\/\/marekkuchcinski.pl\/#\/schema\/person\/image\/","url":"https:\/\/secure.gravatar.com\/avatar\/4bab693b9d55c3d6b52c0296a8765085?s=96&d=mm&r=g","contentUrl":"https:\/\/secure.gravatar.com\/avatar\/4bab693b9d55c3d6b52c0296a8765085?s=96&d=mm&r=g","caption":"admin"},"url":"https:\/\/marekkuchcinski.pl\/sk\/author\/marta-olejnik\/"}]}},"_links":{"self":[{"href":"https:\/\/marekkuchcinski.pl\/sk\/wp-json\/wp\/v2\/posts\/17563","targetHints":{"allow":["GET"]}}],"collection":[{"href":"https:\/\/marekkuchcinski.pl\/sk\/wp-json\/wp\/v2\/posts"}],"about":[{"href":"https:\/\/marekkuchcinski.pl\/sk\/wp-json\/wp\/v2\/types\/post"}],"author":[{"embeddable":true,"href":"https:\/\/marekkuchcinski.pl\/sk\/wp-json\/wp\/v2\/users\/6"}],"replies":[{"embeddable":true,"href":"https:\/\/marekkuchcinski.pl\/sk\/wp-json\/wp\/v2\/comments?post=17563"}],"version-history":[{"count":9,"href":"https:\/\/marekkuchcinski.pl\/sk\/wp-json\/wp\/v2\/posts\/17563\/revisions"}],"predecessor-version":[{"id":17991,"href":"https:\/\/marekkuchcinski.pl\/sk\/wp-json\/wp\/v2\/posts\/17563\/revisions\/17991"}],"wp:featuredmedia":[{"embeddable":true,"href":"https:\/\/marekkuchcinski.pl\/sk\/wp-json\/wp\/v2\/media\/17571"}],"wp:attachment":[{"href":"https:\/\/marekkuchcinski.pl\/sk\/wp-json\/wp\/v2\/media?parent=17563"}],"wp:term":[{"taxonomy":"category","embeddable":true,"href":"https:\/\/marekkuchcinski.pl\/sk\/wp-json\/wp\/v2\/categories?post=17563"},{"taxonomy":"post_tag","embeddable":true,"href":"https:\/\/marekkuchcinski.pl\/sk\/wp-json\/wp\/v2\/tags?post=17563"}],"curies":[{"name":"wp","href":"https:\/\/api.w.org\/{rel}","templated":true}]}}